{"id":399603,"date":"2019-07-17T08:57:05","date_gmt":"2019-07-17T11:57:05","guid":{"rendered":"https:\/\/www.estrategiaconcursos.com.br\/blog\/?p=399603"},"modified":"2019-07-17T09:59:51","modified_gmt":"2019-07-17T12:59:51","slug":"concurso-ufjf-retificacao-altera-vagas","status":"publish","type":"post","link":"https:\/\/www.estrategiaconcursos.com.br\/blog\/concurso-ufjf-retificacao-altera-vagas\/","title":{"rendered":"Concurso UFJF: retifica\u00e7\u00e3o altera quantidade de vagas do certame"},"content":{"rendered":"\n<p>O concurso da Universidade Federal de Juiz de Fora sofreu uma <strong><em>nova retifica\u00e7\u00e3o<\/em><\/strong>. O documento publicado nesta quarta-feira, 17 de julho,<em> aumentou o n\u00famero de vagas do certame<\/em> fazendo com que o cargo de <strong><em>T<\/em><\/strong><em><strong>\u00e9cnico-Administrativo em Educa\u00e7\u00e3o<\/strong><\/em> do quadro de pessoal permanente da Universidade passe a ter <strong>29 vagas<\/strong>.\u00a0<\/p>\n\n\n\n<p>Al\u00e9m disso, tamb\u00e9m foi inserido mais um cargo no edital, o de&nbsp;<strong>M\u00e9dico: Medicina de Fam\u00edlia e Comunidade<\/strong>, com oferta de duas vagas para ampla concorr\u00eancia. <\/p>\n\n\n\n<p>Vale lembrar que as inscri\u00e7\u00f5es para o concurso da Universidade Federal de Juiz de Fora ficam abertas&nbsp;<strong>at\u00e9 o dia 02 de agosto<\/strong>. Aqueles que desejam garantir sua inscri\u00e7\u00e3o devem acessar o site da banca organizadora, a Funda\u00e7\u00e3o <strong><em>CEFETMINAS<\/em><\/strong>, al\u00e9m de pagar uma taxa no valor de R$ 80,00 para os cargos de N\u00edvel D e R$ 120,00 para cargos de N\u00edvel E. <\/p>\n\n\n\n<p><em>Confira no link abaixo a retifica\u00e7\u00e3o do concurso:<\/em><\/p>\n\n\n\n<p style=\"font-size:25px;text-align:center\"><span style=\"text-decoration: underline;\"><a href=\"http:\/\/www.in.gov.br\/web\/dou\/-\/edital-n-98-de-16-de-julho-de-2019-196390968\" target=\"_blank\" rel=\"noreferrer noopener\" aria-label=\"Concurso UFJF - Retifica\u00e7\u00e3o  (abre numa nova aba)\">Concurso UFJF &#8211; Retifica\u00e7\u00e3o <\/a><\/span><\/p>\n\n\n\n<p>Quer saber mais sobre o concurso? Clique no link abaixo e fique por dentro de tudo!<\/p>\n\n\n\n<p style=\"font-size:25px;text-align:center\" class=\"has-background has-pale-cyan-blue-background-color\"><strong><em>Mais informa\u00e7\u00f5es: <\/em><\/strong><span style=\"text-decoration: underline;\"><a rel=\"noreferrer noopener\" aria-label=\"Concurso UFJF (abre numa nova aba)\" href=\"https:\/\/www.estrategiaconcursos.com.br\/blog\/concurso-ufjf\/\" target=\"_blank\"><strong><em>Concurso UFJF<\/em><\/strong><\/a><\/span><\/p>\n\n\n\n<p style=\"font-size:19px;text-align:center\"><strong><em>Quer estudar para Concurso UFJF?<\/em><\/strong><\/p>\n\n\n\n<p style=\"font-size:17px;text-align:center\"><em><strong>Gostou desta oportunidade e deseja come\u00e7ar se preparar agora mesmo? Ent\u00e3o, confira os nossos cursos e comece a estudar para UFJF:<\/strong><\/em><\/p>\n\n\n\n<p style=\"font-size:23px;text-align:center\" class=\"has-background has-luminous-vivid-amber-background-color\"><a rel=\"noreferrer noopener\" href=\"https:\/\/www.estrategiaconcursos.com.br\/cursosPorConcurso\/universidade-federal-de-juiz-de-fora-ufjf\/\" target=\"_blank\"><em><strong>CURSO UFJF<\/strong><\/em><\/a><\/p>\n\n\n\n<p style=\"text-align:center\"><em><strong>Assinatura Anual Ilimitada*<\/strong><\/em><\/p>\n\n\n\n<p style=\"text-align:center\"><em>Prepare-se com o melhor material e com quem mais aprova em Concursos P\u00fablicos em todo o pa\u00eds. Assine agora a nossa Assinatura Anual e tenha acesso ilimitado* a todos os nossos cursos.<\/em><\/p>\n\n\n\n<p style=\"font-size:25px;text-align:center\" class=\"has-background has-light-green-cyan-background-color\"><strong>ASSINE AGORA<\/strong>&nbsp;\u2013&nbsp;<a rel=\"noreferrer noopener\" href=\"https:\/\/www.estrategiaconcursos.com.br\/assinaturas\" target=\"_blank\"><strong>Assinatura Ilimitada<\/strong><\/a><\/p>\n\n\n\n<p><em>Ascom Estrat\u00e9gia<\/em><br \/>ascomestrategia@gmail.com<\/p>\n\n\n\n<p style=\"text-align:center\"><em><strong>Receba not\u00edcias de Concursos no seu WhatsApp e\/ou Telegram!<\/strong><\/em><\/p>\n\n\n\n<p style=\"text-align:center\"><em><strong>Cadastre-se clicando no link abaixo<\/strong><\/em>:<\/p>\n\n\n\n<p style=\"text-align:center\" class=\"has-background has-very-light-gray-background-color\"><a rel=\"noreferrer noopener\" href=\"https:\/\/www.estrategiaconcursos.com.br\/blog\/noticias-de-concursos-whatsapp-estrategia-concursos\/\" target=\"_blank\"><strong>Not\u00edcias de concursos no seu WhatsApp e\/ou Telegram<\/strong><\/a><\/p>\n","protected":false},"excerpt":{"rendered":"<p>O concurso da Universidade Federal de Juiz de Fora sofreu uma nova retifica\u00e7\u00e3o. O documento publicado nesta quarta-feira, 17 de julho, aumentou o n\u00famero de vagas do certame fazendo com que o cargo de T\u00e9cnico-Administrativo em Educa\u00e7\u00e3o do quadro de pessoal permanente da Universidade passe a ter 29 vagas.\u00a0 Al\u00e9m disso, tamb\u00e9m foi inserido mais [&hellip;]<\/p>\n","protected":false},"author":221,"featured_media":379740,"comment_status":"open","ping_status":"closed","sticky":false,"template":"","format":"standard","meta":{"post_tipo":"article","footnotes":""},"categories":[1],"tags":[],"tax_estado":[],"class_list":["post-399603","post","type-post","status-publish","format-standard","has-post-thumbnail","hentry","category-cursos-e-concursos"],"acf":[],"yoast_head":"<!-- This site is optimized with the Yoast SEO Premium plugin v27.2 (Yoast SEO v27.2) - https:\/\/yoast.com\/product\/yoast-seo-premium-wordpress\/ -->\n<title>Concurso UFJF: retifica\u00e7\u00e3o altera quantidade de vagas do certame<\/title>\n<meta name=\"robots\" content=\"index, follow, max-snippet:-1, max-image-preview:large, max-video-preview:-1\" \/>\n<link rel=\"canonical\" href=\"https:\/\/www.estrategiaconcursos.com.br\/blog\/concurso-ufjf-retificacao-altera-vagas\/\" \/>\n<meta property=\"og:locale\" content=\"pt_BR\" \/>\n<meta property=\"og:type\" content=\"article\" \/>\n<meta property=\"og:title\" content=\"Concurso UFJF: retifica\u00e7\u00e3o altera quantidade de vagas do certame\" \/>\n<meta property=\"og:description\" content=\"O concurso da Universidade Federal de Juiz de Fora sofreu uma nova retifica\u00e7\u00e3o. O documento publicado nesta quarta-feira, 17 de julho, aumentou o n\u00famero de vagas do certame fazendo com que o cargo de T\u00e9cnico-Administrativo em Educa\u00e7\u00e3o do quadro de pessoal permanente da Universidade passe a ter 29 vagas.\u00a0 Al\u00e9m disso, tamb\u00e9m foi inserido mais [&hellip;]\" \/>\n<meta property=\"og:url\" content=\"https:\/\/www.estrategiaconcursos.com.br\/blog\/concurso-ufjf-retificacao-altera-vagas\/\" \/>\n<meta property=\"og:site_name\" content=\"Estrat\u00e9gia Concursos\" \/>\n<meta property=\"article:published_time\" content=\"2019-07-17T11:57:05+00:00\" \/>\n<meta property=\"article:modified_time\" content=\"2019-07-17T12:59:51+00:00\" \/>\n<meta property=\"og:image\" content=\"https:\/\/dhg1h5j42swfq.cloudfront.net\/2019\/05\/29082222\/JORNALISMO_15-05_UFJF_I-e1559128953545.jpg\" \/>\n\t<meta property=\"og:image:width\" content=\"400\" \/>\n\t<meta property=\"og:image:height\" content=\"209\" \/>\n\t<meta property=\"og:image:type\" content=\"image\/jpeg\" \/>\n<meta name=\"author\" content=\"Tulio Lages\" \/>\n<meta name=\"twitter:card\" content=\"summary_large_image\" \/>\n<meta name=\"twitter:creator\" content=\"@EstratConcursos\" \/>\n<meta name=\"twitter:site\" content=\"@EstratConcursos\" \/>\n<meta name=\"twitter:label1\" content=\"Escrito por\" \/>\n\t<meta name=\"twitter:data1\" content=\"Tulio Lages\" \/>\n\t<meta name=\"twitter:label2\" content=\"Est. tempo de leitura\" \/>\n\t<meta name=\"twitter:data2\" content=\"1 minuto\" \/>\n<script type=\"application\/ld+json\" class=\"yoast-schema-graph\">{\"@context\":\"https:\/\/schema.org\",\"@graph\":[{\"@type\":\"NewsArticle\",\"@id\":\"https:\/\/www.estrategiaconcursos.com.br\/blog\/concurso-ufjf-retificacao-altera-vagas\/#article\",\"isPartOf\":{\"@id\":\"https:\/\/www.estrategiaconcursos.com.br\/blog\/concurso-ufjf-retificacao-altera-vagas\/\"},\"author\":{\"name\":\"Tulio Lages\",\"@id\":\"https:\/\/www.estrategiaconcursos.com.br\/blog\/#\/schema\/person\/80581c41357e3666d4b56f2db6910639\"},\"headline\":\"Concurso UFJF: retifica\u00e7\u00e3o altera quantidade de vagas do certame\",\"datePublished\":\"2019-07-17T11:57:05+00:00\",\"dateModified\":\"2019-07-17T12:59:51+00:00\",\"mainEntityOfPage\":{\"@id\":\"https:\/\/www.estrategiaconcursos.com.br\/blog\/concurso-ufjf-retificacao-altera-vagas\/\"},\"wordCount\":300,\"commentCount\":1,\"publisher\":{\"@id\":\"https:\/\/www.estrategiaconcursos.com.br\/blog\/#organization\"},\"image\":{\"@id\":\"https:\/\/www.estrategiaconcursos.com.br\/blog\/concurso-ufjf-retificacao-altera-vagas\/#primaryimage\"},\"thumbnailUrl\":\"https:\/\/dhg1h5j42swfq.cloudfront.net\/2019\/05\/29082222\/JORNALISMO_15-05_UFJF_I-e1559128953545.jpg\",\"articleSection\":[\"Concursos P\u00fablicos\"],\"inLanguage\":\"pt-BR\",\"potentialAction\":[{\"@type\":\"CommentAction\",\"name\":\"Comment\",\"target\":[\"https:\/\/www.estrategiaconcursos.com.br\/blog\/concurso-ufjf-retificacao-altera-vagas\/#respond\"]}],\"copyrightYear\":\"2019\",\"copyrightHolder\":{\"@id\":\"https:\/\/www.estrategiaconcursos.com.br\/blog\/#organization\"}},{\"@type\":\"WebPage\",\"@id\":\"https:\/\/www.estrategiaconcursos.com.br\/blog\/concurso-ufjf-retificacao-altera-vagas\/\",\"url\":\"https:\/\/www.estrategiaconcursos.com.br\/blog\/concurso-ufjf-retificacao-altera-vagas\/\",\"name\":\"Concurso UFJF: retifica\u00e7\u00e3o altera quantidade de vagas do certame\",\"isPartOf\":{\"@id\":\"https:\/\/www.estrategiaconcursos.com.br\/blog\/#website\"},\"primaryImageOfPage\":{\"@id\":\"https:\/\/www.estrategiaconcursos.com.br\/blog\/concurso-ufjf-retificacao-altera-vagas\/#primaryimage\"},\"image\":{\"@id\":\"https:\/\/www.estrategiaconcursos.com.br\/blog\/concurso-ufjf-retificacao-altera-vagas\/#primaryimage\"},\"thumbnailUrl\":\"https:\/\/dhg1h5j42swfq.cloudfront.net\/2019\/05\/29082222\/JORNALISMO_15-05_UFJF_I-e1559128953545.jpg\",\"datePublished\":\"2019-07-17T11:57:05+00:00\",\"dateModified\":\"2019-07-17T12:59:51+00:00\",\"breadcrumb\":{\"@id\":\"https:\/\/www.estrategiaconcursos.com.br\/blog\/concurso-ufjf-retificacao-altera-vagas\/#breadcrumb\"},\"inLanguage\":\"pt-BR\",\"potentialAction\":[{\"@type\":\"ReadAction\",\"target\":[\"https:\/\/www.estrategiaconcursos.com.br\/blog\/concurso-ufjf-retificacao-altera-vagas\/\"]}]},{\"@type\":\"ImageObject\",\"inLanguage\":\"pt-BR\",\"@id\":\"https:\/\/www.estrategiaconcursos.com.br\/blog\/concurso-ufjf-retificacao-altera-vagas\/#primaryimage\",\"url\":\"https:\/\/dhg1h5j42swfq.cloudfront.net\/2019\/05\/29082222\/JORNALISMO_15-05_UFJF_I-e1559128953545.jpg\",\"contentUrl\":\"https:\/\/dhg1h5j42swfq.cloudfront.net\/2019\/05\/29082222\/JORNALISMO_15-05_UFJF_I-e1559128953545.jpg\",\"width\":400,\"height\":209,\"caption\":\"CONCURSO UFJF\"},{\"@type\":\"BreadcrumbList\",\"@id\":\"https:\/\/www.estrategiaconcursos.com.br\/blog\/concurso-ufjf-retificacao-altera-vagas\/#breadcrumb\",\"itemListElement\":[{\"@type\":\"ListItem\",\"position\":1,\"name\":\"In\u00edcio\",\"item\":\"https:\/\/www.estrategiaconcursos.com.br\/blog\/\"},{\"@type\":\"ListItem\",\"position\":2,\"name\":\"Concurso UFJF: retifica\u00e7\u00e3o altera quantidade de vagas do certame\"}]},{\"@type\":\"WebSite\",\"@id\":\"https:\/\/www.estrategiaconcursos.com.br\/blog\/#website\",\"url\":\"https:\/\/www.estrategiaconcursos.com.br\/blog\/\",\"name\":\"Estrat\u00e9gia Concursos\",\"description\":\"O blog da Estrat\u00e9gia Concursos traz not\u00edcias sobre concursos e artigos de professores oferecendo cursos para concursos (pdf + videaulas) no site.\",\"publisher\":{\"@id\":\"https:\/\/www.estrategiaconcursos.com.br\/blog\/#organization\"},\"potentialAction\":[{\"@type\":\"SearchAction\",\"target\":{\"@type\":\"EntryPoint\",\"urlTemplate\":\"https:\/\/www.estrategiaconcursos.com.br\/blog\/?s={search_term_string}\"},\"query-input\":{\"@type\":\"PropertyValueSpecification\",\"valueRequired\":true,\"valueName\":\"search_term_string\"}}],\"inLanguage\":\"pt-BR\"},{\"@type\":\"Organization\",\"@id\":\"https:\/\/www.estrategiaconcursos.com.br\/blog\/#organization\",\"name\":\"Estrat\u00e9gia Concursos\",\"url\":\"https:\/\/www.estrategiaconcursos.com.br\/blog\/\",\"logo\":{\"@type\":\"ImageObject\",\"inLanguage\":\"pt-BR\",\"@id\":\"https:\/\/www.estrategiaconcursos.com.br\/blog\/#\/schema\/logo\/image\/\",\"url\":\"https:\/\/dhg1h5j42swfq.cloudfront.net\/2025\/06\/03203428\/logo_concursos-1.jpg\",\"contentUrl\":\"https:\/\/dhg1h5j42swfq.cloudfront.net\/2025\/06\/03203428\/logo_concursos-1.jpg\",\"width\":230,\"height\":60,\"caption\":\"Estrat\u00e9gia Concursos\"},\"image\":{\"@id\":\"https:\/\/www.estrategiaconcursos.com.br\/blog\/#\/schema\/logo\/image\/\"},\"sameAs\":[\"https:\/\/x.com\/EstratConcursos\"]},{\"@type\":\"Person\",\"@id\":\"https:\/\/www.estrategiaconcursos.com.br\/blog\/#\/schema\/person\/80581c41357e3666d4b56f2db6910639\",\"name\":\"Tulio Lages\",\"image\":{\"@type\":\"ImageObject\",\"inLanguage\":\"pt-BR\",\"@id\":\"https:\/\/secure.gravatar.com\/avatar\/d24e31d7062c4ca48f968843d2bcad20a2ba1a5cf087b6f34171db005b925941?s=96&d=mm&r=g\",\"url\":\"https:\/\/secure.gravatar.com\/avatar\/d24e31d7062c4ca48f968843d2bcad20a2ba1a5cf087b6f34171db005b925941?s=96&d=mm&r=g\",\"contentUrl\":\"https:\/\/secure.gravatar.com\/avatar\/d24e31d7062c4ca48f968843d2bcad20a2ba1a5cf087b6f34171db005b925941?s=96&d=mm&r=g\",\"caption\":\"Tulio Lages\"},\"url\":\"https:\/\/www.estrategiaconcursos.com.br\/blog\/author\/tuliolagesestrategiaconcursos-com-br\/\"}]}<\/script>\n<!-- \/ Yoast SEO Premium plugin. -->","yoast_head_json":{"title":"Concurso UFJF: retifica\u00e7\u00e3o altera quantidade de vagas do certame","robots":{"index":"index","follow":"follow","max-snippet":"max-snippet:-1","max-image-preview":"max-image-preview:large","max-video-preview":"max-video-preview:-1"},"canonical":"https:\/\/www.estrategiaconcursos.com.br\/blog\/concurso-ufjf-retificacao-altera-vagas\/","og_locale":"pt_BR","og_type":"article","og_title":"Concurso UFJF: retifica\u00e7\u00e3o altera quantidade de vagas do certame","og_description":"O concurso da Universidade Federal de Juiz de Fora sofreu uma nova retifica\u00e7\u00e3o. O documento publicado nesta quarta-feira, 17 de julho, aumentou o n\u00famero de vagas do certame fazendo com que o cargo de T\u00e9cnico-Administrativo em Educa\u00e7\u00e3o do quadro de pessoal permanente da Universidade passe a ter 29 vagas.\u00a0 Al\u00e9m disso, tamb\u00e9m foi inserido mais [&hellip;]","og_url":"https:\/\/www.estrategiaconcursos.com.br\/blog\/concurso-ufjf-retificacao-altera-vagas\/","og_site_name":"Estrat\u00e9gia Concursos","article_published_time":"2019-07-17T11:57:05+00:00","article_modified_time":"2019-07-17T12:59:51+00:00","og_image":[{"width":400,"height":209,"url":"https:\/\/dhg1h5j42swfq.cloudfront.net\/2019\/05\/29082222\/JORNALISMO_15-05_UFJF_I-e1559128953545.jpg","type":"image\/jpeg"}],"author":"Tulio Lages","twitter_card":"summary_large_image","twitter_creator":"@EstratConcursos","twitter_site":"@EstratConcursos","twitter_misc":{"Escrito por":"Tulio Lages","Est. tempo de leitura":"1 minuto"},"schema":{"@context":"https:\/\/schema.org","@graph":[{"@type":"NewsArticle","@id":"https:\/\/www.estrategiaconcursos.com.br\/blog\/concurso-ufjf-retificacao-altera-vagas\/#article","isPartOf":{"@id":"https:\/\/www.estrategiaconcursos.com.br\/blog\/concurso-ufjf-retificacao-altera-vagas\/"},"author":{"name":"Tulio Lages","@id":"https:\/\/www.estrategiaconcursos.com.br\/blog\/#\/schema\/person\/80581c41357e3666d4b56f2db6910639"},"headline":"Concurso UFJF: retifica\u00e7\u00e3o altera quantidade de vagas do certame","datePublished":"2019-07-17T11:57:05+00:00","dateModified":"2019-07-17T12:59:51+00:00","mainEntityOfPage":{"@id":"https:\/\/www.estrategiaconcursos.com.br\/blog\/concurso-ufjf-retificacao-altera-vagas\/"},"wordCount":300,"commentCount":1,"publisher":{"@id":"https:\/\/www.estrategiaconcursos.com.br\/blog\/#organization"},"image":{"@id":"https:\/\/www.estrategiaconcursos.com.br\/blog\/concurso-ufjf-retificacao-altera-vagas\/#primaryimage"},"thumbnailUrl":"https:\/\/dhg1h5j42swfq.cloudfront.net\/2019\/05\/29082222\/JORNALISMO_15-05_UFJF_I-e1559128953545.jpg","articleSection":["Concursos P\u00fablicos"],"inLanguage":"pt-BR","potentialAction":[{"@type":"CommentAction","name":"Comment","target":["https:\/\/www.estrategiaconcursos.com.br\/blog\/concurso-ufjf-retificacao-altera-vagas\/#respond"]}],"copyrightYear":"2019","copyrightHolder":{"@id":"https:\/\/www.estrategiaconcursos.com.br\/blog\/#organization"}},{"@type":"WebPage","@id":"https:\/\/www.estrategiaconcursos.com.br\/blog\/concurso-ufjf-retificacao-altera-vagas\/","url":"https:\/\/www.estrategiaconcursos.com.br\/blog\/concurso-ufjf-retificacao-altera-vagas\/","name":"Concurso UFJF: retifica\u00e7\u00e3o altera quantidade de vagas do certame","isPartOf":{"@id":"https:\/\/www.estrategiaconcursos.com.br\/blog\/#website"},"primaryImageOfPage":{"@id":"https:\/\/www.estrategiaconcursos.com.br\/blog\/concurso-ufjf-retificacao-altera-vagas\/#primaryimage"},"image":{"@id":"https:\/\/www.estrategiaconcursos.com.br\/blog\/concurso-ufjf-retificacao-altera-vagas\/#primaryimage"},"thumbnailUrl":"https:\/\/dhg1h5j42swfq.cloudfront.net\/2019\/05\/29082222\/JORNALISMO_15-05_UFJF_I-e1559128953545.jpg","datePublished":"2019-07-17T11:57:05+00:00","dateModified":"2019-07-17T12:59:51+00:00","breadcrumb":{"@id":"https:\/\/www.estrategiaconcursos.com.br\/blog\/concurso-ufjf-retificacao-altera-vagas\/#breadcrumb"},"inLanguage":"pt-BR","potentialAction":[{"@type":"ReadAction","target":["https:\/\/www.estrategiaconcursos.com.br\/blog\/concurso-ufjf-retificacao-altera-vagas\/"]}]},{"@type":"ImageObject","inLanguage":"pt-BR","@id":"https:\/\/www.estrategiaconcursos.com.br\/blog\/concurso-ufjf-retificacao-altera-vagas\/#primaryimage","url":"https:\/\/dhg1h5j42swfq.cloudfront.net\/2019\/05\/29082222\/JORNALISMO_15-05_UFJF_I-e1559128953545.jpg","contentUrl":"https:\/\/dhg1h5j42swfq.cloudfront.net\/2019\/05\/29082222\/JORNALISMO_15-05_UFJF_I-e1559128953545.jpg","width":400,"height":209,"caption":"CONCURSO UFJF"},{"@type":"BreadcrumbList","@id":"https:\/\/www.estrategiaconcursos.com.br\/blog\/concurso-ufjf-retificacao-altera-vagas\/#breadcrumb","itemListElement":[{"@type":"ListItem","position":1,"name":"In\u00edcio","item":"https:\/\/www.estrategiaconcursos.com.br\/blog\/"},{"@type":"ListItem","position":2,"name":"Concurso UFJF: retifica\u00e7\u00e3o altera quantidade de vagas do certame"}]},{"@type":"WebSite","@id":"https:\/\/www.estrategiaconcursos.com.br\/blog\/#website","url":"https:\/\/www.estrategiaconcursos.com.br\/blog\/","name":"Estrat\u00e9gia Concursos","description":"O blog da Estrat\u00e9gia Concursos traz not\u00edcias sobre concursos e artigos de professores oferecendo cursos para concursos (pdf + videaulas) no site.","publisher":{"@id":"https:\/\/www.estrategiaconcursos.com.br\/blog\/#organization"},"potentialAction":[{"@type":"SearchAction","target":{"@type":"EntryPoint","urlTemplate":"https:\/\/www.estrategiaconcursos.com.br\/blog\/?s={search_term_string}"},"query-input":{"@type":"PropertyValueSpecification","valueRequired":true,"valueName":"search_term_string"}}],"inLanguage":"pt-BR"},{"@type":"Organization","@id":"https:\/\/www.estrategiaconcursos.com.br\/blog\/#organization","name":"Estrat\u00e9gia Concursos","url":"https:\/\/www.estrategiaconcursos.com.br\/blog\/","logo":{"@type":"ImageObject","inLanguage":"pt-BR","@id":"https:\/\/www.estrategiaconcursos.com.br\/blog\/#\/schema\/logo\/image\/","url":"https:\/\/dhg1h5j42swfq.cloudfront.net\/2025\/06\/03203428\/logo_concursos-1.jpg","contentUrl":"https:\/\/dhg1h5j42swfq.cloudfront.net\/2025\/06\/03203428\/logo_concursos-1.jpg","width":230,"height":60,"caption":"Estrat\u00e9gia Concursos"},"image":{"@id":"https:\/\/www.estrategiaconcursos.com.br\/blog\/#\/schema\/logo\/image\/"},"sameAs":["https:\/\/x.com\/EstratConcursos"]},{"@type":"Person","@id":"https:\/\/www.estrategiaconcursos.com.br\/blog\/#\/schema\/person\/80581c41357e3666d4b56f2db6910639","name":"Tulio Lages","image":{"@type":"ImageObject","inLanguage":"pt-BR","@id":"https:\/\/secure.gravatar.com\/avatar\/d24e31d7062c4ca48f968843d2bcad20a2ba1a5cf087b6f34171db005b925941?s=96&d=mm&r=g","url":"https:\/\/secure.gravatar.com\/avatar\/d24e31d7062c4ca48f968843d2bcad20a2ba1a5cf087b6f34171db005b925941?s=96&d=mm&r=g","contentUrl":"https:\/\/secure.gravatar.com\/avatar\/d24e31d7062c4ca48f968843d2bcad20a2ba1a5cf087b6f34171db005b925941?s=96&d=mm&r=g","caption":"Tulio Lages"},"url":"https:\/\/www.estrategiaconcursos.com.br\/blog\/author\/tuliolagesestrategiaconcursos-com-br\/"}]}},"_links":{"self":[{"href":"https:\/\/www.estrategiaconcursos.com.br\/blog\/wp-json\/wp\/v2\/posts\/399603","targetHints":{"allow":["GET"]}}],"collection":[{"href":"https:\/\/www.estrategiaconcursos.com.br\/blog\/wp-json\/wp\/v2\/posts"}],"about":[{"href":"https:\/\/www.estrategiaconcursos.com.br\/blog\/wp-json\/wp\/v2\/types\/post"}],"author":[{"embeddable":true,"href":"https:\/\/www.estrategiaconcursos.com.br\/blog\/wp-json\/wp\/v2\/users\/221"}],"replies":[{"embeddable":true,"href":"https:\/\/www.estrategiaconcursos.com.br\/blog\/wp-json\/wp\/v2\/comments?post=399603"}],"version-history":[{"count":6,"href":"https:\/\/www.estrategiaconcursos.com.br\/blog\/wp-json\/wp\/v2\/posts\/399603\/revisions"}],"predecessor-version":[{"id":399659,"href":"https:\/\/www.estrategiaconcursos.com.br\/blog\/wp-json\/wp\/v2\/posts\/399603\/revisions\/399659"}],"wp:featuredmedia":[{"embeddable":true,"href":"https:\/\/www.estrategiaconcursos.com.br\/blog\/wp-json\/wp\/v2\/media\/379740"}],"wp:attachment":[{"href":"https:\/\/www.estrategiaconcursos.com.br\/blog\/wp-json\/wp\/v2\/media?parent=399603"}],"wp:term":[{"taxonomy":"category","embeddable":true,"href":"https:\/\/www.estrategiaconcursos.com.br\/blog\/wp-json\/wp\/v2\/categories?post=399603"},{"taxonomy":"post_tag","embeddable":true,"href":"https:\/\/www.estrategiaconcursos.com.br\/blog\/wp-json\/wp\/v2\/tags?post=399603"},{"taxonomy":"tax_estado","embeddable":true,"href":"https:\/\/www.estrategiaconcursos.com.br\/blog\/wp-json\/wp\/v2\/tax_estado?post=399603"}],"curies":[{"name":"wp","href":"https:\/\/api.w.org\/{rel}","templated":true}]}}