{"id":399553,"date":"2019-07-17T00:35:40","date_gmt":"2019-07-17T03:35:40","guid":{"rendered":"https:\/\/www.estrategiaconcursos.com.br\/blog\/?p=399553"},"modified":"2019-07-17T00:35:43","modified_gmt":"2019-07-17T03:35:43","slug":"sefaz-pr-em-2-minutos","status":"publish","type":"post","link":"https:\/\/www.estrategiaconcursos.com.br\/blog\/sefaz-pr-em-2-minutos\/","title":{"rendered":"SEFAZ-PR em 2 minutos"},"content":{"rendered":"\n<p>Voc\u00ea conhece o cargo de Auditor Fiscal da SEFAZ-PR? <\/p>\n\n\n\n<p>Recomendo que assista a esse v\u00eddeo de cerca de 2 minutos produzido e divulgado pelo SINDAFEP (Sindicato dos Auditores Fiscais do Estado do Paran\u00e1).<\/p>\n\n\n\n<p> No que tange \u00e0s atribui\u00e7\u00f5es do AUDITOR FISCAL, esse v\u00eddeo certamente poderia ser replicado em qualquer estado do Brasil.<\/p>\n\n\n\n<p>Portanto, arrepie-se e encontre aquela for\u00e7a que tanto necessita para estudar para esse certame cuja comiss\u00e3o j\u00e1 est\u00e1 formada.<\/p>\n\n\n\n<p>Para maiores informa\u00e7\u00f5es leia o artigo neste <a href=\"https:\/\/www.estrategiaconcursos.com.br\/blog\/concurso-sefaz-pr\/\">link<\/a> .  <\/p>\n\n\n<figure class=\"wp-block-embed-youtube wp-block-embed is-type-video is-provider-youtube wp-embed-aspect-16-9 wp-has-aspect-ratio\"><div class=\"lyte-wrapper\" style=\"width:853px;max-width:100%;margin:5px;\"><div class=\"lyMe\" id=\"WYL_u6s2ZCwV_jo\"><div id=\"lyte_u6s2ZCwV_jo\" data-src=\"\/\/i.ytimg.com\/vi\/u6s2ZCwV_jo\/hqdefault.jpg\" class=\"pL\"><div class=\"tC\"><div class=\"tT\"><\/div><\/div><div class=\"play\"><\/div><div class=\"ctrl\"><div class=\"Lctrl\"><\/div><div class=\"Rctrl\"><\/div><\/div><\/div><noscript><a href=\"https:\/\/youtu.be\/u6s2ZCwV_jo\" rel=\"nofollow\"><img loading=\"lazy\" decoding=\"async\" src=\"https:\/\/i.ytimg.com\/vi\/u6s2ZCwV_jo\/0.jpg\" alt=\"YouTube video thumbnail\" width=\"853\" height=\"460\" \/><br \/>Assista a este v\u00eddeo no YouTube<\/a><\/noscript><\/div><\/div><div class=\"lL\" style=\"max-width:100%;width:853px;margin:5px;\"><\/div><figcaption><\/figcaption><\/figure>\n\n\n<p>Estuda para \u00c1rea Fiscal e\/ou de Controle?<\/p>\n\n\n\n<p>Acompanhe nossos artigos aqui no blog ou no meu <a href=\"https:\/\/www.instagram.com\/coachrafaelmoreno\/\">Instagram<\/a><\/p>\n\n\n\n<p>Bons estudos<\/p>\n\n\n\n<pre class=\"wp-block-verse\"> <br \/><strong>Coach<\/strong> <strong>Rafael Moreno<\/strong><\/pre>\n\n\n\n<figure class=\"wp-block-image is-resized\"><img loading=\"lazy\" decoding=\"async\" src=\"https:\/\/dhg1h5j42swfq.cloudfront.net\/2019\/07\/17002107\/logo-estrategia-concursos2.jpg\" alt=\"\" class=\"wp-image-399560\" width=\"269\" height=\"186\" srcset=\"https:\/\/dhg1h5j42swfq.cloudfront.net\/2019\/07\/17002107\/logo-estrategia-concursos2.jpg 1024w, https:\/\/dhg1h5j42swfq.cloudfront.net\/2019\/07\/17002107\/logo-estrategia-concursos2.jpg 300w, https:\/\/dhg1h5j42swfq.cloudfront.net\/2019\/07\/17002107\/logo-estrategia-concursos2.jpg 768w, https:\/\/dhg1h5j42swfq.cloudfront.net\/2019\/07\/17002107\/logo-estrategia-concursos2.jpg 610w\" sizes=\"auto, (max-width: 269px) 100vw, 269px\" \/><\/figure>\n","protected":false},"excerpt":{"rendered":"<p>Voc\u00ea conhece o cargo de Auditor Fiscal da SEFAZ-PR? Recomendo que assista a esse v\u00eddeo de cerca de 2 minutos produzido e divulgado pelo SINDAFEP (Sindicato dos Auditores Fiscais do Estado do Paran\u00e1). No que tange \u00e0s atribui\u00e7\u00f5es do AUDITOR FISCAL, esse v\u00eddeo certamente poderia ser replicado em qualquer estado do Brasil. Portanto, arrepie-se e [&hellip;]<\/p>\n","protected":false},"author":534,"featured_media":399566,"comment_status":"open","ping_status":"closed","sticky":false,"template":"","format":"standard","meta":{"post_tipo":"article","footnotes":""},"categories":[1],"tags":[98674],"tax_estado":[],"class_list":["post-399553","post","type-post","status-publish","format-standard","has-post-thumbnail","hentry","category-cursos-e-concursos","tag-sefaz-pr-auditor-fiscal"],"acf":[],"yoast_head":"<!-- This site is optimized with the Yoast SEO Premium plugin v27.2 (Yoast SEO v27.2) - https:\/\/yoast.com\/product\/yoast-seo-premium-wordpress\/ -->\n<title>SEFAZ-PR em 2 minutos<\/title>\n<meta name=\"description\" content=\"Neste v\u00eddeo voc\u00ea conhecer\u00e1 a import\u00e2ncia da Carreira de Auditor Fiscal (SEFAZ-PR) para o Estado do Paran\u00e1.\" \/>\n<meta name=\"robots\" content=\"index, follow, max-snippet:-1, max-image-preview:large, max-video-preview:-1\" \/>\n<link rel=\"canonical\" href=\"https:\/\/www.estrategiaconcursos.com.br\/blog\/sefaz-pr-em-2-minutos\/\" \/>\n<meta property=\"og:locale\" content=\"pt_BR\" \/>\n<meta property=\"og:type\" content=\"article\" \/>\n<meta property=\"og:title\" content=\"SEFAZ-PR em 2 minutos\" \/>\n<meta property=\"og:description\" content=\"Neste v\u00eddeo voc\u00ea conhecer\u00e1 a import\u00e2ncia da Carreira de Auditor Fiscal (SEFAZ-PR) para o Estado do Paran\u00e1.\" \/>\n<meta property=\"og:url\" content=\"https:\/\/www.estrategiaconcursos.com.br\/blog\/sefaz-pr-em-2-minutos\/\" \/>\n<meta property=\"og:site_name\" content=\"Estrat\u00e9gia Concursos\" \/>\n<meta property=\"article:published_time\" content=\"2019-07-17T03:35:40+00:00\" \/>\n<meta property=\"article:modified_time\" content=\"2019-07-17T03:35:43+00:00\" \/>\n<meta property=\"og:image\" content=\"https:\/\/dhg1h5j42swfq.cloudfront.net\/2019\/07\/17003225\/MINIATURA-sefaz-pr.jpg.jpg\" \/>\n\t<meta property=\"og:image:width\" content=\"1356\" \/>\n\t<meta property=\"og:image:height\" content=\"703\" \/>\n\t<meta property=\"og:image:type\" content=\"image\/jpeg\" \/>\n<meta name=\"author\" content=\"Rafael Moreno\" \/>\n<meta name=\"twitter:card\" content=\"summary_large_image\" \/>\n<meta name=\"twitter:creator\" content=\"@EstratConcursos\" \/>\n<meta name=\"twitter:site\" content=\"@EstratConcursos\" \/>\n<meta name=\"twitter:label1\" content=\"Escrito por\" \/>\n\t<meta name=\"twitter:data1\" content=\"Rafael Moreno\" \/>\n\t<meta name=\"twitter:label2\" content=\"Est. tempo de leitura\" \/>\n\t<meta name=\"twitter:data2\" content=\"1 minuto\" \/>\n<script type=\"application\/ld+json\" class=\"yoast-schema-graph\">{\"@context\":\"https:\/\/schema.org\",\"@graph\":[{\"@type\":\"NewsArticle\",\"@id\":\"https:\/\/www.estrategiaconcursos.com.br\/blog\/sefaz-pr-em-2-minutos\/#article\",\"isPartOf\":{\"@id\":\"https:\/\/www.estrategiaconcursos.com.br\/blog\/sefaz-pr-em-2-minutos\/\"},\"author\":{\"name\":\"Rafael Moreno\",\"@id\":\"https:\/\/www.estrategiaconcursos.com.br\/blog\/#\/schema\/person\/e7388a69da1f5508c2c816299f7e669e\"},\"headline\":\"SEFAZ-PR em 2 minutos\",\"datePublished\":\"2019-07-17T03:35:40+00:00\",\"dateModified\":\"2019-07-17T03:35:43+00:00\",\"mainEntityOfPage\":{\"@id\":\"https:\/\/www.estrategiaconcursos.com.br\/blog\/sefaz-pr-em-2-minutos\/\"},\"wordCount\":114,\"commentCount\":0,\"publisher\":{\"@id\":\"https:\/\/www.estrategiaconcursos.com.br\/blog\/#organization\"},\"image\":{\"@id\":\"https:\/\/www.estrategiaconcursos.com.br\/blog\/sefaz-pr-em-2-minutos\/#primaryimage\"},\"thumbnailUrl\":\"https:\/\/dhg1h5j42swfq.cloudfront.net\/2019\/07\/17003225\/MINIATURA-sefaz-pr.jpg.jpg\",\"keywords\":[\"sefaz-pr; auditor fiscal\"],\"articleSection\":[\"Concursos P\u00fablicos\"],\"inLanguage\":\"pt-BR\",\"potentialAction\":[{\"@type\":\"CommentAction\",\"name\":\"Comment\",\"target\":[\"https:\/\/www.estrategiaconcursos.com.br\/blog\/sefaz-pr-em-2-minutos\/#respond\"]}],\"copyrightYear\":\"2019\",\"copyrightHolder\":{\"@id\":\"https:\/\/www.estrategiaconcursos.com.br\/blog\/#organization\"}},{\"@type\":\"WebPage\",\"@id\":\"https:\/\/www.estrategiaconcursos.com.br\/blog\/sefaz-pr-em-2-minutos\/\",\"url\":\"https:\/\/www.estrategiaconcursos.com.br\/blog\/sefaz-pr-em-2-minutos\/\",\"name\":\"SEFAZ-PR em 2 minutos\",\"isPartOf\":{\"@id\":\"https:\/\/www.estrategiaconcursos.com.br\/blog\/#website\"},\"primaryImageOfPage\":{\"@id\":\"https:\/\/www.estrategiaconcursos.com.br\/blog\/sefaz-pr-em-2-minutos\/#primaryimage\"},\"image\":{\"@id\":\"https:\/\/www.estrategiaconcursos.com.br\/blog\/sefaz-pr-em-2-minutos\/#primaryimage\"},\"thumbnailUrl\":\"https:\/\/dhg1h5j42swfq.cloudfront.net\/2019\/07\/17003225\/MINIATURA-sefaz-pr.jpg.jpg\",\"datePublished\":\"2019-07-17T03:35:40+00:00\",\"dateModified\":\"2019-07-17T03:35:43+00:00\",\"description\":\"Neste v\u00eddeo voc\u00ea conhecer\u00e1 a import\u00e2ncia da Carreira de Auditor Fiscal (SEFAZ-PR) para o Estado do Paran\u00e1.\",\"breadcrumb\":{\"@id\":\"https:\/\/www.estrategiaconcursos.com.br\/blog\/sefaz-pr-em-2-minutos\/#breadcrumb\"},\"inLanguage\":\"pt-BR\",\"potentialAction\":[{\"@type\":\"ReadAction\",\"target\":[\"https:\/\/www.estrategiaconcursos.com.br\/blog\/sefaz-pr-em-2-minutos\/\"]}]},{\"@type\":\"ImageObject\",\"inLanguage\":\"pt-BR\",\"@id\":\"https:\/\/www.estrategiaconcursos.com.br\/blog\/sefaz-pr-em-2-minutos\/#primaryimage\",\"url\":\"https:\/\/dhg1h5j42swfq.cloudfront.net\/2019\/07\/17003225\/MINIATURA-sefaz-pr.jpg.jpg\",\"contentUrl\":\"https:\/\/dhg1h5j42swfq.cloudfront.net\/2019\/07\/17003225\/MINIATURA-sefaz-pr.jpg.jpg\",\"width\":1356,\"height\":703},{\"@type\":\"BreadcrumbList\",\"@id\":\"https:\/\/www.estrategiaconcursos.com.br\/blog\/sefaz-pr-em-2-minutos\/#breadcrumb\",\"itemListElement\":[{\"@type\":\"ListItem\",\"position\":1,\"name\":\"In\u00edcio\",\"item\":\"https:\/\/www.estrategiaconcursos.com.br\/blog\/\"},{\"@type\":\"ListItem\",\"position\":2,\"name\":\"SEFAZ-PR em 2 minutos\"}]},{\"@type\":\"WebSite\",\"@id\":\"https:\/\/www.estrategiaconcursos.com.br\/blog\/#website\",\"url\":\"https:\/\/www.estrategiaconcursos.com.br\/blog\/\",\"name\":\"Estrat\u00e9gia Concursos\",\"description\":\"O blog da Estrat\u00e9gia Concursos traz not\u00edcias sobre concursos e artigos de professores oferecendo cursos para concursos (pdf + videaulas) no site.\",\"publisher\":{\"@id\":\"https:\/\/www.estrategiaconcursos.com.br\/blog\/#organization\"},\"potentialAction\":[{\"@type\":\"SearchAction\",\"target\":{\"@type\":\"EntryPoint\",\"urlTemplate\":\"https:\/\/www.estrategiaconcursos.com.br\/blog\/?s={search_term_string}\"},\"query-input\":{\"@type\":\"PropertyValueSpecification\",\"valueRequired\":true,\"valueName\":\"search_term_string\"}}],\"inLanguage\":\"pt-BR\"},{\"@type\":\"Organization\",\"@id\":\"https:\/\/www.estrategiaconcursos.com.br\/blog\/#organization\",\"name\":\"Estrat\u00e9gia Concursos\",\"url\":\"https:\/\/www.estrategiaconcursos.com.br\/blog\/\",\"logo\":{\"@type\":\"ImageObject\",\"inLanguage\":\"pt-BR\",\"@id\":\"https:\/\/www.estrategiaconcursos.com.br\/blog\/#\/schema\/logo\/image\/\",\"url\":\"https:\/\/dhg1h5j42swfq.cloudfront.net\/2025\/06\/03203428\/logo_concursos-1.jpg\",\"contentUrl\":\"https:\/\/dhg1h5j42swfq.cloudfront.net\/2025\/06\/03203428\/logo_concursos-1.jpg\",\"width\":230,\"height\":60,\"caption\":\"Estrat\u00e9gia Concursos\"},\"image\":{\"@id\":\"https:\/\/www.estrategiaconcursos.com.br\/blog\/#\/schema\/logo\/image\/\"},\"sameAs\":[\"https:\/\/x.com\/EstratConcursos\"]},{\"@type\":\"Person\",\"@id\":\"https:\/\/www.estrategiaconcursos.com.br\/blog\/#\/schema\/person\/e7388a69da1f5508c2c816299f7e669e\",\"name\":\"Rafael Moreno\",\"image\":{\"@type\":\"ImageObject\",\"inLanguage\":\"pt-BR\",\"@id\":\"https:\/\/secure.gravatar.com\/avatar\/305b63f80e249de5405d98b04961e3ace740f8a49f13213c670766f0f2e7460f?s=96&d=mm&r=g\",\"url\":\"https:\/\/secure.gravatar.com\/avatar\/305b63f80e249de5405d98b04961e3ace740f8a49f13213c670766f0f2e7460f?s=96&d=mm&r=g\",\"contentUrl\":\"https:\/\/secure.gravatar.com\/avatar\/305b63f80e249de5405d98b04961e3ace740f8a49f13213c670766f0f2e7460f?s=96&d=mm&r=g\",\"caption\":\"Rafael Moreno\"},\"url\":\"https:\/\/www.estrategiaconcursos.com.br\/blog\/author\/rafaelmorenoestrategiaconcursos-com-br\/\"}]}<\/script>\n<!-- \/ Yoast SEO Premium plugin. -->","yoast_head_json":{"title":"SEFAZ-PR em 2 minutos","description":"Neste v\u00eddeo voc\u00ea conhecer\u00e1 a import\u00e2ncia da Carreira de Auditor Fiscal (SEFAZ-PR) para o Estado do Paran\u00e1.","robots":{"index":"index","follow":"follow","max-snippet":"max-snippet:-1","max-image-preview":"max-image-preview:large","max-video-preview":"max-video-preview:-1"},"canonical":"https:\/\/www.estrategiaconcursos.com.br\/blog\/sefaz-pr-em-2-minutos\/","og_locale":"pt_BR","og_type":"article","og_title":"SEFAZ-PR em 2 minutos","og_description":"Neste v\u00eddeo voc\u00ea conhecer\u00e1 a import\u00e2ncia da Carreira de Auditor Fiscal (SEFAZ-PR) para o Estado do Paran\u00e1.","og_url":"https:\/\/www.estrategiaconcursos.com.br\/blog\/sefaz-pr-em-2-minutos\/","og_site_name":"Estrat\u00e9gia Concursos","article_published_time":"2019-07-17T03:35:40+00:00","article_modified_time":"2019-07-17T03:35:43+00:00","og_image":[{"width":1356,"height":703,"url":"https:\/\/dhg1h5j42swfq.cloudfront.net\/2019\/07\/17003225\/MINIATURA-sefaz-pr.jpg.jpg","type":"image\/jpeg"}],"author":"Rafael Moreno","twitter_card":"summary_large_image","twitter_creator":"@EstratConcursos","twitter_site":"@EstratConcursos","twitter_misc":{"Escrito por":"Rafael Moreno","Est. tempo de leitura":"1 minuto"},"schema":{"@context":"https:\/\/schema.org","@graph":[{"@type":"NewsArticle","@id":"https:\/\/www.estrategiaconcursos.com.br\/blog\/sefaz-pr-em-2-minutos\/#article","isPartOf":{"@id":"https:\/\/www.estrategiaconcursos.com.br\/blog\/sefaz-pr-em-2-minutos\/"},"author":{"name":"Rafael Moreno","@id":"https:\/\/www.estrategiaconcursos.com.br\/blog\/#\/schema\/person\/e7388a69da1f5508c2c816299f7e669e"},"headline":"SEFAZ-PR em 2 minutos","datePublished":"2019-07-17T03:35:40+00:00","dateModified":"2019-07-17T03:35:43+00:00","mainEntityOfPage":{"@id":"https:\/\/www.estrategiaconcursos.com.br\/blog\/sefaz-pr-em-2-minutos\/"},"wordCount":114,"commentCount":0,"publisher":{"@id":"https:\/\/www.estrategiaconcursos.com.br\/blog\/#organization"},"image":{"@id":"https:\/\/www.estrategiaconcursos.com.br\/blog\/sefaz-pr-em-2-minutos\/#primaryimage"},"thumbnailUrl":"https:\/\/dhg1h5j42swfq.cloudfront.net\/2019\/07\/17003225\/MINIATURA-sefaz-pr.jpg.jpg","keywords":["sefaz-pr; auditor fiscal"],"articleSection":["Concursos P\u00fablicos"],"inLanguage":"pt-BR","potentialAction":[{"@type":"CommentAction","name":"Comment","target":["https:\/\/www.estrategiaconcursos.com.br\/blog\/sefaz-pr-em-2-minutos\/#respond"]}],"copyrightYear":"2019","copyrightHolder":{"@id":"https:\/\/www.estrategiaconcursos.com.br\/blog\/#organization"}},{"@type":"WebPage","@id":"https:\/\/www.estrategiaconcursos.com.br\/blog\/sefaz-pr-em-2-minutos\/","url":"https:\/\/www.estrategiaconcursos.com.br\/blog\/sefaz-pr-em-2-minutos\/","name":"SEFAZ-PR em 2 minutos","isPartOf":{"@id":"https:\/\/www.estrategiaconcursos.com.br\/blog\/#website"},"primaryImageOfPage":{"@id":"https:\/\/www.estrategiaconcursos.com.br\/blog\/sefaz-pr-em-2-minutos\/#primaryimage"},"image":{"@id":"https:\/\/www.estrategiaconcursos.com.br\/blog\/sefaz-pr-em-2-minutos\/#primaryimage"},"thumbnailUrl":"https:\/\/dhg1h5j42swfq.cloudfront.net\/2019\/07\/17003225\/MINIATURA-sefaz-pr.jpg.jpg","datePublished":"2019-07-17T03:35:40+00:00","dateModified":"2019-07-17T03:35:43+00:00","description":"Neste v\u00eddeo voc\u00ea conhecer\u00e1 a import\u00e2ncia da Carreira de Auditor Fiscal (SEFAZ-PR) para o Estado do Paran\u00e1.","breadcrumb":{"@id":"https:\/\/www.estrategiaconcursos.com.br\/blog\/sefaz-pr-em-2-minutos\/#breadcrumb"},"inLanguage":"pt-BR","potentialAction":[{"@type":"ReadAction","target":["https:\/\/www.estrategiaconcursos.com.br\/blog\/sefaz-pr-em-2-minutos\/"]}]},{"@type":"ImageObject","inLanguage":"pt-BR","@id":"https:\/\/www.estrategiaconcursos.com.br\/blog\/sefaz-pr-em-2-minutos\/#primaryimage","url":"https:\/\/dhg1h5j42swfq.cloudfront.net\/2019\/07\/17003225\/MINIATURA-sefaz-pr.jpg.jpg","contentUrl":"https:\/\/dhg1h5j42swfq.cloudfront.net\/2019\/07\/17003225\/MINIATURA-sefaz-pr.jpg.jpg","width":1356,"height":703},{"@type":"BreadcrumbList","@id":"https:\/\/www.estrategiaconcursos.com.br\/blog\/sefaz-pr-em-2-minutos\/#breadcrumb","itemListElement":[{"@type":"ListItem","position":1,"name":"In\u00edcio","item":"https:\/\/www.estrategiaconcursos.com.br\/blog\/"},{"@type":"ListItem","position":2,"name":"SEFAZ-PR em 2 minutos"}]},{"@type":"WebSite","@id":"https:\/\/www.estrategiaconcursos.com.br\/blog\/#website","url":"https:\/\/www.estrategiaconcursos.com.br\/blog\/","name":"Estrat\u00e9gia Concursos","description":"O blog da Estrat\u00e9gia Concursos traz not\u00edcias sobre concursos e artigos de professores oferecendo cursos para concursos (pdf + videaulas) no site.","publisher":{"@id":"https:\/\/www.estrategiaconcursos.com.br\/blog\/#organization"},"potentialAction":[{"@type":"SearchAction","target":{"@type":"EntryPoint","urlTemplate":"https:\/\/www.estrategiaconcursos.com.br\/blog\/?s={search_term_string}"},"query-input":{"@type":"PropertyValueSpecification","valueRequired":true,"valueName":"search_term_string"}}],"inLanguage":"pt-BR"},{"@type":"Organization","@id":"https:\/\/www.estrategiaconcursos.com.br\/blog\/#organization","name":"Estrat\u00e9gia Concursos","url":"https:\/\/www.estrategiaconcursos.com.br\/blog\/","logo":{"@type":"ImageObject","inLanguage":"pt-BR","@id":"https:\/\/www.estrategiaconcursos.com.br\/blog\/#\/schema\/logo\/image\/","url":"https:\/\/dhg1h5j42swfq.cloudfront.net\/2025\/06\/03203428\/logo_concursos-1.jpg","contentUrl":"https:\/\/dhg1h5j42swfq.cloudfront.net\/2025\/06\/03203428\/logo_concursos-1.jpg","width":230,"height":60,"caption":"Estrat\u00e9gia Concursos"},"image":{"@id":"https:\/\/www.estrategiaconcursos.com.br\/blog\/#\/schema\/logo\/image\/"},"sameAs":["https:\/\/x.com\/EstratConcursos"]},{"@type":"Person","@id":"https:\/\/www.estrategiaconcursos.com.br\/blog\/#\/schema\/person\/e7388a69da1f5508c2c816299f7e669e","name":"Rafael Moreno","image":{"@type":"ImageObject","inLanguage":"pt-BR","@id":"https:\/\/secure.gravatar.com\/avatar\/305b63f80e249de5405d98b04961e3ace740f8a49f13213c670766f0f2e7460f?s=96&d=mm&r=g","url":"https:\/\/secure.gravatar.com\/avatar\/305b63f80e249de5405d98b04961e3ace740f8a49f13213c670766f0f2e7460f?s=96&d=mm&r=g","contentUrl":"https:\/\/secure.gravatar.com\/avatar\/305b63f80e249de5405d98b04961e3ace740f8a49f13213c670766f0f2e7460f?s=96&d=mm&r=g","caption":"Rafael Moreno"},"url":"https:\/\/www.estrategiaconcursos.com.br\/blog\/author\/rafaelmorenoestrategiaconcursos-com-br\/"}]}},"_links":{"self":[{"href":"https:\/\/www.estrategiaconcursos.com.br\/blog\/wp-json\/wp\/v2\/posts\/399553","targetHints":{"allow":["GET"]}}],"collection":[{"href":"https:\/\/www.estrategiaconcursos.com.br\/blog\/wp-json\/wp\/v2\/posts"}],"about":[{"href":"https:\/\/www.estrategiaconcursos.com.br\/blog\/wp-json\/wp\/v2\/types\/post"}],"author":[{"embeddable":true,"href":"https:\/\/www.estrategiaconcursos.com.br\/blog\/wp-json\/wp\/v2\/users\/534"}],"replies":[{"embeddable":true,"href":"https:\/\/www.estrategiaconcursos.com.br\/blog\/wp-json\/wp\/v2\/comments?post=399553"}],"version-history":[{"count":1,"href":"https:\/\/www.estrategiaconcursos.com.br\/blog\/wp-json\/wp\/v2\/posts\/399553\/revisions"}],"predecessor-version":[{"id":399565,"href":"https:\/\/www.estrategiaconcursos.com.br\/blog\/wp-json\/wp\/v2\/posts\/399553\/revisions\/399565"}],"wp:featuredmedia":[{"embeddable":true,"href":"https:\/\/www.estrategiaconcursos.com.br\/blog\/wp-json\/wp\/v2\/media\/399566"}],"wp:attachment":[{"href":"https:\/\/www.estrategiaconcursos.com.br\/blog\/wp-json\/wp\/v2\/media?parent=399553"}],"wp:term":[{"taxonomy":"category","embeddable":true,"href":"https:\/\/www.estrategiaconcursos.com.br\/blog\/wp-json\/wp\/v2\/categories?post=399553"},{"taxonomy":"post_tag","embeddable":true,"href":"https:\/\/www.estrategiaconcursos.com.br\/blog\/wp-json\/wp\/v2\/tags?post=399553"},{"taxonomy":"tax_estado","embeddable":true,"href":"https:\/\/www.estrategiaconcursos.com.br\/blog\/wp-json\/wp\/v2\/tax_estado?post=399553"}],"curies":[{"name":"wp","href":"https:\/\/api.w.org\/{rel}","templated":true}]}}