{"id":399211,"date":"2019-12-05T00:20:50","date_gmt":"2019-12-05T03:20:50","guid":{"rendered":"https:\/\/www.estrategiaconcursos.com.br\/blog\/?p=399211"},"modified":"2020-01-06T08:35:54","modified_gmt":"2020-01-06T11:35:54","slug":"concurso-prefeitura-de-santa-cruz-do-sul","status":"publish","type":"post","link":"https:\/\/www.estrategiaconcursos.com.br\/blog\/concurso-prefeitura-de-santa-cruz-do-sul\/","title":{"rendered":"Concurso Prefeitura de Santa  Cruz do Sul: inscri\u00e7\u00f5es encerradas para 284 vagas"},"content":{"rendered":"\n<p>Est\u00e3o oficialmente encerradas as inscri\u00e7\u00f5es do concurso <strong>Prefeitura de Santa Cruz do Sul<\/strong>, munic\u00edpio do estado do Rio Grande do Sul. Os interessados puderam se candidatar <strong>at\u00e9 o dia 05 de janeiro de 2020<\/strong>, no site da banca organizadora.<\/p>\n\n\n\n<p>Sob organiza\u00e7\u00e3o da Consulpam, os quatro editais ofertam <strong>284 vagas<\/strong> para diversos cargos de n\u00edvel fundamental, m\u00e9dio, t\u00e9cnico e superior. As remunera\u00e7\u00f5es variam entre R$ 1.278, 25 e R$ 11.299,17, mais vale-alimenta\u00e7\u00e3o no valor de R$ 587,00. <\/p>\n\n\n\n<ul class=\"wp-block-list\"><li>Edital 01\/2019 (Guarda Municipal)<\/li><li>Edital 02\/2019 (Geral: Prova objetiva, pr\u00e1tica ou f\u00edsica e avalia\u00e7\u00e3o psicossocial \u2013 maioria)<\/li><li>Edital 03\/2019 (Geral: Prova objetiva, sem prova pr\u00e1tica e prova de t\u00edtulos \u2013 maioria)<\/li><li> Edital 04\/2019 (Procurador) <\/li><\/ul>\n\n\n\n<p>Reunimos neste artigo, as principais informa\u00e7\u00f5es dos tr\u00eas primeiros editais. Caso queira acompanhar mais detalhes sobre o cargo de Procurador, voc\u00ea pode acessar o edital n\u00ba 4 ou o artigo PGM Santa Cruz do Sul, ambos dispon\u00edveis ao final da p\u00e1gina. Acompanhe pelos t\u00f3picos abaixo:<\/p>\n\n\n\n<ul class=\"wp-block-list\"><li><a href=\"#principais-datas\"><strong><em>Principais datas do concurso<\/em><\/strong><\/a><\/li><li><a href=\"#vagas\"><strong><em>Distribui\u00e7\u00e3o das vagas<\/em><\/strong><\/a><\/li><li><a href=\"#etapas\"><strong><em>Etapas do concurso<\/em><\/strong><\/a><\/li><li><a href=\"#provas\"><strong><em>Provas Objetivas<\/em><\/strong><\/a><\/li><li><a href=\"#edital-estrategico\"><strong><em>Edital estrat\u00e9gico<\/em><\/strong><\/a><\/li><li><a href=\"#cursos-e-assinatura\"><strong><em>Cursos e Assinatura Ilimitada<\/em><\/strong><\/a><\/li><li><a href=\"#ficha-tecnica\"><strong><em>Ficha t\u00e9cnica<\/em><\/strong><\/a><\/li><\/ul>\n\n\n\n<h2 class=\"wp-block-heading\" id=\"principais-datas\">Principais datas do concurso Prefeitura de Santa Cruz do Sul<\/h2>\n\n\n\n<p>As inscri\u00e7\u00f5es ficaram abertas at\u00e9 o dia 05 de janeiro. Todo o processo p\u00f4de  ser feito no site da banca organizadora, a <strong>Consulpam<\/strong>.<\/p>\n\n\n\n<ul class=\"wp-block-list\"><li><strong>Inscri\u00e7\u00f5es:<\/strong> <s>05\/12\/19 a 05\/01\/20<\/s> [ENCERRADO]<\/li><li><strong>Isen\u00e7\u00e3o da taxa:<\/strong> <s>05 e 06\/12\/19<\/s> [ENCERRADO] <\/li><li><strong>Data prevista da prova objetiva:<\/strong> 15 e 16\/02\/2020<\/li><\/ul>\n\n\n\n<h2 class=\"wp-block-heading\" id=\"vagas\">Vagas no concurso Prefeitura de Santa Cruz do Sul<\/h2>\n\n\n\n<p>O certame visa ofertar aos candidatos <strong>284 vagas<\/strong> para diversos cargos com forma\u00e7\u00e3o em n\u00edveis fundamental, m\u00e9dio e superior. <em>Confira abaixo a distribui\u00e7\u00e3o das vagas conforme o edital e seus respectivos sal\u00e1rios<\/em>:<\/p>\n\n\n\n<h4 class=\"wp-block-heading\">N\u00edvel Superior<\/h4>\n\n\n\n<p><\/p>\n\n\n\n<figure class=\"wp-block-table is-style-stripes\"><table class=\"has-subtle-pale-blue-background-color has-fixed-layout has-background\"><tbody><tr><td><strong>Cargos<\/strong><\/td><td><strong>Vagas<\/strong><\/td><td><strong>Sal\u00e1rio<\/strong><\/td><\/tr><tr><td>Advogado <\/td><td>1<\/td><td>R$ 4.887,24 <\/td><\/tr><tr><td>Analista e Desenvolvedor de Sistema <\/td><td>CR<\/td><td>R$ 4.887,24 <\/td><\/tr><tr><td>Arquiteto <\/td><td>1<\/td><td>R$ 6.646,57 <\/td><\/tr><tr><td>Arquivista <\/td><td>1<\/td><td>R$ 3.869,97 <\/td><\/tr><tr><td>Assessor Administrativo <\/td><td>1<\/td><td>R$ 4.887,24 <\/td><\/tr><tr><td>Assessor de Comunica\u00e7\u00e3o <\/td><td>1<\/td><td>R$ 4.887,24 <\/td><\/tr><tr><td>Assistente Social  <\/td><td>5<\/td><td>R$ 5.981,90 <\/td><\/tr><tr><td>Auditor Fiscal da Receita Municipal <\/td><td>1<\/td><td>R$9.041,39** <\/td><\/tr><tr><td>Bi\u00f3logo <\/td><td>1<\/td><td>R$ 4.887,24 <\/td><\/tr><tr><td>Cirurgi\u00e3o Dentista* <\/td><td>5 + CR<\/td><td>R$ 3.323,28  &#8211; R$ 6.646,57 <\/td><\/tr><tr><td>Contador <\/td><td>1<\/td><td>R$ 4.887,24 <\/td><\/tr><tr><td>Educador F\u00edsico  <\/td><td>2<\/td><td>R$ 3.329,08 <\/td><\/tr><tr><td>Enfermeiro 40hs  <\/td><td>3<\/td><td>R$ 6.646,57 <\/td><\/tr><tr><td>Enfermeiro Auditor <\/td><td>CR<\/td><td>R$ 8.972,86**<\/td><\/tr><tr><td>Engenheiro Civil <\/td><td>1<\/td><td>R$ 6.646,57 <\/td><\/tr><tr><td>Engenheiro de Meio Ambiente  <\/td><td>1<\/td><td>R$ 6.646,57 <\/td><\/tr><tr><td>Engenheiro Mec\u00e2nico  <\/td><td>1<\/td><td>R$ 6.646,57 <\/td><\/tr><tr><td>Farmac\u00eautico 20hs e 40hs<\/td><td>CR<\/td><td>R$ 3.323,28 &#8211; R$ 6.646,57 <\/td><\/tr><tr><td>Fisioterapeuta <\/td><td>2<\/td><td>R$ 3.323,28 <\/td><\/tr><tr><td>Fonoaudi\u00f3logo <\/td><td>1<\/td><td>R$ 3.323,28 <\/td><\/tr><tr><td>Ge\u00f3logo <\/td><td>1<\/td><td>R$ 6.646,57 <\/td><\/tr><tr><td>Jornalista <\/td><td>1<\/td><td>R$ 4.887,24 <\/td><\/tr><tr><td>M\u00e9dico (v\u00e1rios)<\/td><td>28 + CR<\/td><td>R$ 4.887,20 &#8211; R$ 8.145,33 <\/td><\/tr><tr><td>M\u00e9dico Veterin\u00e1rio<\/td><td>3<\/td><td>R$ 6.646,57 <\/td><\/tr><tr><td>Nutricionista <\/td><td>1<\/td><td>R$ 6.646,57 <\/td><\/tr><tr><td>Orientador Educacional  <\/td><td>CR<\/td><td>R$ 4.092,53 <\/td><\/tr><tr><td>Pedagogo <\/td><td>CR<\/td><td>R$ 3.329,08 <\/td><\/tr><tr><td>Procurador <\/td><td>1<\/td><td>R$11.299,17** <\/td><\/tr><tr><td>Professor (v\u00e1rios)<\/td><td>15 + CR<\/td><td>R$ 1.918,36 <\/td><\/tr><tr><td>Psic\u00f3logo <\/td><td>3<\/td><td>R$ 3.323,28 <\/td><\/tr><tr><td>Psicopedagogo <\/td><td>CR<\/td><td>R$ 4.092,53 <\/td><\/tr><tr><td>Qu\u00edmico <\/td><td>1<\/td><td>R$ 4.887,24 <\/td><\/tr><tr><td>Supervisor Escolar  <\/td><td>CR<\/td><td>R$ 4.092,53 <\/td><\/tr><tr><td>Terapeuta Ocupacional <\/td><td>1<\/td><td>R$ 5.981,90 <\/td><\/tr><\/tbody><\/table><\/figure>\n\n\n\n<p>*Cirurgi\u00e3o Dentista: 20 horas, 40 horas, Pr\u00f3tese Dent\u00e1ria e Endodontia \n\n**Valor do vencimento base mais Gratifica\u00e7\u00e3o ou Adicional\n\n<\/p>\n\n\n\n<h4 class=\"wp-block-heading\">N\u00edvel M\u00e9dio<\/h4>\n\n\n\n<p><\/p>\n\n\n\n<figure class=\"wp-block-table is-style-stripes\"><table class=\"has-subtle-pale-blue-background-color has-fixed-layout has-background\"><tbody><tr><td><strong>Cargos<\/strong><\/td><td><strong>Vagas<\/strong><\/td><td><strong>Sal\u00e1rio<\/strong> <\/td><\/tr><tr><td>Agente Administrativo  <\/td><td>10<\/td><td>R$ 2.989,97 <\/td><\/tr><tr><td>Agente Municipal de Inspe\u00e7\u00e3o Sanit\u00e1ria e Industrial de Produtos de Origem Animal <\/td><td>1<\/td><td>R$ 2.240,96 <\/td><\/tr><tr><td>Almoxarife <\/td><td>1<\/td><td>R$ 2.240,96  <\/td><\/tr><tr><td>Atendente de EMEI  <\/td><td>25<\/td><td>R$ 1.370,13 <\/td><\/tr><tr><td>Atendente de Farm\u00e1cia <\/td><td>10<\/td><td>R$ 1.826,83 <\/td><\/tr><tr><td>Auxiliar de Disciplina <\/td><td>5<\/td><td>R$ 1.826,83 <\/td><\/tr><tr><td>Auxiliar de Escola <\/td><td>20<\/td><td>R$ 1.473,17 <\/td><\/tr><tr><td>Auxiliar de Sa\u00fade Bucal <\/td><td>CR<\/td><td>R$ 1.826,83 <\/td><\/tr><tr><td>Auxiliar em Veterin\u00e1rio <\/td><td>1<\/td><td>R$ 1.826,83 <\/td><\/tr><tr><td>Caixa <\/td><td>1<\/td><td>R$ 2.989,97 <\/td><\/tr><tr><td>Desenhista\/Pintor Letrista <\/td><td>CR<\/td><td>R$ 2.240,96 <\/td><\/tr><tr><td>Educador Ambiental  <\/td><td>1<\/td><td>R$ 1.826,83 <\/td><\/tr><tr><td>Fiscal <\/td><td>3<\/td><td>R$ 4.036,46** <\/td><\/tr><tr><td>Fiscal de Tr\u00e2nsito  <\/td><td>3<\/td><td>R$ 3.025,30** <\/td><\/tr><tr><td>Guarda Municipal <\/td><td>15<\/td><td>R$ 3.500,37** <\/td><\/tr><tr><td>Laboratorista de Solos e Asfalto <\/td><td>1<\/td><td>R$ 3.329,08 <\/td><\/tr><tr><td>Educador\/Cuidador <\/td><td>5<\/td><td>R$ 2.651,27 <\/td><\/tr><tr><td>Motorista <\/td><td>5<\/td><td>R$ 2.240,96 <\/td><\/tr><tr><td>Operador de Esta\u00e7\u00e3o de \u00c1gua e Esgoto <\/td><td>1<\/td><td>R$ 3.329,08 <\/td><\/tr><tr><td>Operador de M\u00e1quinas <\/td><td>5<\/td><td>R$ 2.240,96 <\/td><\/tr><tr><td>Soldador <\/td><td>2<\/td><td>R$ 2.240,96 <\/td><\/tr><tr><td>T\u00e9cnico Agr\u00edcola <\/td><td>1<\/td><td>R$ 3.329,08 <\/td><\/tr><tr><td>T\u00e9cnico em Constru\u00e7\u00e3o Civil \u2013 Edifica\u00e7\u00f5es  <\/td><td>2<\/td><td>R$ 3.329,08 <\/td><\/tr><tr><td>T\u00e9cnico em Enfermagem 40hs <\/td><td>2<\/td><td>R$ 2.240,96 <\/td><\/tr><tr><td>T\u00e9cnico em Geoprocessamento <\/td><td>1<\/td><td>R$ 3.329,08 <\/td><\/tr><tr><td>T\u00e9cnico em Sa\u00fade Bucal  <\/td><td>CR<\/td><td>R$ 3.329,08 <\/td><\/tr><tr><td>T\u00e9cnico em Suporte de Inform\u00e1tica <\/td><td>CR<\/td><td>R$ 3.869,97 <\/td><\/tr><tr><td>T\u00e9cnico de Estradas e Topografia <\/td><td>2<\/td><td>R$ 3.329,08 <\/td><\/tr><tr><td>Telefonista\/Recepcionista  <\/td><td>2<\/td><td>R$ 2.016,86 <\/td><\/tr><\/tbody><\/table><\/figure>\n\n\n\n<p>**Valor do vencimento base mais Gratifica\u00e7\u00e3o ou Adicional<\/p>\n\n\n\n<h4 class=\"wp-block-heading\">N\u00edvel Fundamental<\/h4>\n\n\n\n<p><\/p>\n\n\n\n<figure class=\"wp-block-table is-style-stripes\"><table class=\"has-subtle-pale-blue-background-color has-fixed-layout has-background\"><tbody><tr><td><strong>Cargos<\/strong><\/td><td><strong>Vagas<\/strong><\/td><td><strong>Sal\u00e1rio<\/strong> <\/td><\/tr><tr><td>Borracheiro <\/td><td>2<\/td><td>R$ 1.534,60 <\/td><\/tr><tr><td>Calceteiro <\/td><td>10<\/td><td>R$ 1.229,85 <\/td><\/tr><tr><td>Carpinteiro <\/td><td>CR<\/td><td>R$ 1.534,60 <\/td><\/tr><tr><td>Coveiro <\/td><td>1<\/td><td>R$ 1.229,85 <\/td><\/tr><tr><td>Eletricista <\/td><td>3<\/td><td>R$ 1.826,83 <\/td><\/tr><tr><td>Eletricista Automotivo  <\/td><td>1<\/td><td>R$ 1.826,83 <\/td><\/tr><tr><td>Instalador Hidr\u00e1ulico  <\/td><td>3<\/td><td>R$ 1.534,60 <\/td><\/tr><tr><td>Marceneiro <\/td><td>CR<\/td><td>R$ 1.534,60 <\/td><\/tr><tr><td>Oper\u00e1rio <\/td><td>32<\/td><td>R$ 1.229,85 <\/td><\/tr><tr><td>Pedreiro <\/td><td>5<\/td><td>R$ 1.534,60 <\/td><\/tr><tr><td>Pintor <\/td><td>3<\/td><td>R$ 1.229,85 <\/td><\/tr><tr><td>Pintor\/Operador <\/td><td>1<\/td><td>R$ 2.240,96 <\/td><\/tr><tr><td>Servente <\/td><td>15<\/td><td>R$ 1.229,85 <\/td><\/tr><\/tbody><\/table><\/figure>\n\n\n\n<h2 class=\"wp-block-heading\" id=\"etapas\">Etapas do concurso Prefeitura de Santa Cruz do Sul<\/h2>\n\n\n\n<p><strong>Prova Objetiva<\/strong> para todos os cargos (eliminat\u00f3rio e classificat\u00f3rio);<\/p>\n\n\n\n<p><strong>Prova Pr\u00e1tica<\/strong> para os cargos de Borracheiro, Calceteiro, Carpinteiro, Eletricista, Eletricista Automotivo, Instalador Hidr\u00e1ulico, Marceneiro, Motorista, Operador de M\u00e1quinas, Pedreiro, Pintor, Pintor\/Operador e Soldador (eliminat\u00f3rio e classificat\u00f3rio).<\/p>\n\n\n\n<p><strong>Teste de Aptid\u00e3o F\u00edsica<\/strong> para os cargos de Fiscal de Tr\u00e2nsito, Oper\u00e1rio, Servente e Guarda Municipal (eliminat\u00f3rio). <\/p>\n\n\n\n<p><strong>Avalia\u00e7\u00e3o Psicol\u00f3gica <\/strong>para os cargos de Atendente de EMEI, Auxiliar de Disciplina, Auxiliar de Escola, Auxiliar de Sa\u00fade Bucal, Educador\/Cuidador, Educador Ambiental, Fiscal, Fiscal de Tr\u00e2nsito, Pedagogo e T\u00e9cnico em Enfermagem, Guarda Municipal (eliminat\u00f3rio).<\/p>\n\n\n\n<p><strong>Avalia\u00e7\u00e3o Psicossocial<\/strong> para os cargos de Carpinteiro, Eletricista, Instalador Hidr\u00e1ulico, Marceneiro, Motorista, Operador de M\u00e1quinas, Oper\u00e1rio, Pedreiro, Pintor, Pintor\/Operador, Soldador, T\u00e9cnico em Constru\u00e7\u00e3o Civil \u2013 Edifica\u00e7\u00f5es (eliminat\u00f3rio). <\/p>\n\n\n\n<p><strong>Prova de T\u00edtulos<\/strong> para o cargo de Orientador Educacional, Professor, Psicopedagogo e Supervisor Escolar (classificat\u00f3rio).   <\/p>\n\n\n\n<p><strong>Investiga\u00e7\u00e3o de Conduta Social<\/strong> para o cargo de Guarda Municipal (eliminat\u00f3rio). <\/p>\n\n\n\n<h2 class=\"wp-block-heading\" id=\"provas\">Provas Objetivas do concurso Prefeitura de Santa Cruz do Sul<\/h2>\n\n\n\n<p>A prova objetiva, dependendo do cargo, ter\u00e1 40, 50, 70 ou 100 quest\u00f5es. E versar\u00e1 sobre as disciplinas abaixo:<\/p>\n\n\n\n<ul class=\"wp-block-list\"><li>Portugu\u00eas <\/li><li>Inform\u00e1tica <\/li><li>Legisla\u00e7\u00e3o Municipal <\/li><li>Conhecimentos Espec\u00edficos  <\/li><\/ul>\n\n\n\n<p>A quantidade de quest\u00f5es para cada disciplina se diferencia conforme o cargo escolhido pelo candidato. Para maiores detalhes, acesse o respectivo edital, dispon\u00edvel para download na Ficha T\u00e9cnica.<\/p>\n\n\n\n<h3 class=\"wp-block-heading\">Prova de T\u00edtulos<\/h3>\n\n\n\n<p>Ser\u00e3o aceitos como documentos os t\u00edtulos que forem representados por diplomas e certificados definitivos de conclus\u00e3o de curso expedidos por institui\u00e7\u00e3o reconhecida pelo MEC ou \u00f3rg\u00e3o estadual competente, em papel timbrado, e dever\u00e3o conter carimbo e identifica\u00e7\u00e3o da institui\u00e7\u00e3o e do respons\u00e1vel pela expedi\u00e7\u00e3o do documento. <\/p>\n\n\n\n<div class=\"wp-block-image\"><figure class=\"aligncenter\"><img loading=\"lazy\" decoding=\"async\" width=\"578\" height=\"463\" src=\"https:\/\/dhg1h5j42swfq.cloudfront.net\/2019\/12\/03161139\/Capturar.png.png\" alt=\"\" class=\"wp-image-454994\" srcset=\"https:\/\/dhg1h5j42swfq.cloudfront.net\/2019\/12\/03161139\/Capturar.png.png 578w, https:\/\/dhg1h5j42swfq.cloudfront.net\/2019\/12\/03161139\/Capturar.png.png 300w\" sizes=\"auto, (max-width: 578px) 100vw, 578px\" \/><\/figure><\/div>\n\n\n\n<h2 class=\"wp-block-heading\" id=\"edital-estrategico\">Edital Estrat\u00e9gico<\/h2>\n\n\n\n<p>Dando um espa\u00e7o para o Edital Estrat\u00e9gico entrar em sua rotina de estudos, ser\u00e1 poss\u00edvel acompanhar seu desempenho atrav\u00e9s de gr\u00e1ficos, garantindo uma vis\u00e3o completa das mat\u00e9rias que necessitam de mais revis\u00f5es.<\/p>\n\n\n\n<p><strong><em>Baixe aqui:<\/em><\/strong><\/p>\n\n\n\n<p class=\"has-background has-text-align-center has-medium-font-size has-very-light-gray-background-color\"><strong><a rel=\"noreferrer noopener\" aria-label=\"Agente Administrativo: (abre numa nova aba)\" href=\"https:\/\/dhg1h5j42swfq.cloudfront.net\/2019\/12\/04141003\/Edital-Estrat%C3%A9gico_PREFEITURA-DE-SANTA-CRUZ-DO-SUL_AGENTE-ADMINISTRATIVO.xlsx\" target=\"_blank\">Agente Administrativo<\/a><\/strong><\/p>\n\n\n\n<p class=\"has-background has-text-align-center has-medium-font-size has-very-light-gray-background-color\"><strong><a rel=\"noreferrer noopener\" aria-label=\"Analista e Desenvolvedor de Sistema: (abre numa nova aba)\" href=\"https:\/\/dhg1h5j42swfq.cloudfront.net\/2019\/12\/04141031\/Edital-Estrat%C3%A9gico_PREFEITURA-DE-SANTA-CRUZ-DO-SUL_ANALISTA-E-DESENVOLVEDOR-DE-SISTEMA.xlsx\" target=\"_blank\">Analista e Desenvolvedor de Sistema<\/a><\/strong><\/p>\n\n\n\n<p class=\"has-background has-text-align-center has-medium-font-size has-very-light-gray-background-color\"><strong><a rel=\"noreferrer noopener\" aria-label=\"Assessor Administrativo: (abre numa nova aba)\" href=\"https:\/\/dhg1h5j42swfq.cloudfront.net\/2019\/12\/04141111\/Edital-Estrat%C3%A9gico_PREFEITURA-DE-SANTA-CRUZ-DO-SUL_ASSESSOR-ADMINISTRATIVO.xlsx\" target=\"_blank\">Assessor Administrativo<\/a><\/strong><\/p>\n\n\n\n<p class=\"has-background has-text-align-center has-medium-font-size has-very-light-gray-background-color\"><strong><a rel=\"noreferrer noopener\" aria-label=\"Auditor Fiscal: (abre numa nova aba)\" href=\"https:\/\/dhg1h5j42swfq.cloudfront.net\/2019\/12\/04141207\/Edital-Estrat%C3%A9gico_PREFEITURA-DE-SANTA-CRUZ-DO-SUL_AUDITOR-FISCAL-DA-RECEITA-MUNICIPAL.xlsx\" target=\"_blank\">Auditor Fiscal<\/a><\/strong><\/p>\n\n\n\n<p class=\"has-background has-text-align-center has-medium-font-size has-very-light-gray-background-color\"><strong><a rel=\"noreferrer noopener\" aria-label=\"Fiscal de Tr\u00e2nsito: (abre numa nova aba)\" href=\"https:\/\/dhg1h5j42swfq.cloudfront.net\/2019\/12\/04141254\/Edital-Estrat%C3%A9gico_PREFEITURA-DE-SANTA-CRUZ-DO-SUL_FISCAL-DE-TR%C3%82NSITO.xlsx\" target=\"_blank\">Fiscal de Tr\u00e2nsito<\/a><\/strong><\/p>\n\n\n\n<p class=\"has-background has-text-align-center has-medium-font-size has-very-light-gray-background-color\"><strong><a rel=\"noreferrer noopener\" aria-label=\"Fiscal: (abre numa nova aba)\" href=\"https:\/\/dhg1h5j42swfq.cloudfront.net\/2019\/12\/04141429\/Edital-Estrat%C3%A9gico_PREFEITURA-DE-SANTA-CRUZ-DO-SUL_FISCAL.xlsx\" target=\"_blank\">Fiscal<\/a><\/strong><\/p>\n\n\n\n<p class=\"has-background has-text-align-center has-medium-font-size has-very-light-gray-background-color\"><strong><a rel=\"noreferrer noopener\" aria-label=\"Guarda Municipal: (abre numa nova aba)\" href=\"https:\/\/dhg1h5j42swfq.cloudfront.net\/2019\/12\/04141541\/Edital-Estrat%C3%A9gico_PREFEITURA-DE-SANTA-CRUZ-DO-SUL_GUARDA-MUNICIPAL.xlsx\" target=\"_blank\">Guarda Municipal<\/a><\/strong><\/p>\n\n\n\n<h2 class=\"wp-block-heading\" id=\"cursos-e-assinatura\">Quer estudar para o concurso Prefeitura de Santa Cruz do Sul?<\/h2>\n\n\n\n<p class=\"has-text-align-center\"><em>Gostou desta oportunidade e deseja come\u00e7ar se preparar agora mesmo? Ent\u00e3o, confira os nossos cursos e comece a estudar:<\/em><\/p>\n\n\n\n<p style=\"font-size:23px\" class=\"has-background has-text-align-center has-luminous-vivid-amber-background-color\"><span style=\"text-decoration: underline;\"><em><strong><a rel=\"noreferrer noopener\" aria-label=\"Curso para concurso (abre numa nova aba)\" href=\"https:\/\/www.estrategiaconcursos.com.br\/cursosPorConcurso\/prefeitura-municipal-de-santa-cruz-do-sul-rs\/\" target=\"_blank\">CURSO PREFEITURA DE SANTA CRUZ DO SUL<\/a><\/strong><\/em><\/span><\/p>\n\n\n\n<p class=\"has-text-align-center\"><em><strong>Assinatura Anual Ilimitada*<\/strong><\/em><\/p>\n\n\n\n<p class=\"has-text-align-center\"><em>Prepare-se com o melhor material e com quem mais aprova em Concursos P\u00fablicos em todo o pa\u00eds. Assine agora a nossa Assinatura Anual e tenha acesso ilimitado* a todos os nossos cursos.<\/em><\/p>\n\n\n\n<p style=\"font-size:25px\" class=\"has-background has-text-align-center has-light-green-cyan-background-color\"><strong>ASSINE AGORA<\/strong>&nbsp;\u2013&nbsp;<a rel=\"noreferrer noopener\" href=\"https:\/\/www.estrategiaconcursos.com.br\/assinaturas\" target=\"_blank\"><strong>Assinatura Ilimitada<\/strong><\/a><\/p>\n\n\n\n<p class=\"has-background has-text-align-center has-medium-font-size has-very-light-gray-background-color\"><strong>Mais informa\u00e7\u00f5es: <a rel=\"noreferrer noopener\" aria-label=\"PGM Santa Cruz do Sul (abre numa nova aba)\" href=\"https:\/\/www.estrategiaconcursos.com.br\/blog\/concurso-pgm-santa-cruz-do-sul\/\" target=\"_blank\">PGM Santa Cruz do Sul<\/a><\/strong><\/p>\n\n\n\n<figure class=\"wp-block-image\"><img loading=\"lazy\" decoding=\"async\" width=\"300\" height=\"102\" src=\"https:\/\/dhg1h5j42swfq.cloudfront.net\/2017\/03\/28152500\/coruja-ficha-tecnica-300x102.png\" alt=\"ficha t\u00e9cnica concurso prefeitura de santa cruz\" class=\"wp-image-68542\"\/><\/figure>\n\n\n\n<h3 class=\"wp-block-heading\" id=\"ficha-tecnica\"><strong>Informa\u00e7\u00f5es do concurso Prefeitura de Santa Cruz-RS<\/strong><\/h3>\n\n\n\n<p>\u25ba<strong>Data prevista da prova:<\/strong>\u00a015 e 16 de fevereiro de 2020 <br \/>\u25ba<strong>Vagas:<\/strong>\u00a0284 <br \/>\u25ba<strong>Cargos:\u00a0<\/strong>V\u00e1rios<br \/>\u25ba<strong>Banca:<\/strong>\u00a0Consulpam\u00a0 <br \/>\u25ba<strong>Escolaridade:<\/strong>\u00a0N\u00edvel fundamental, m\u00e9dio, t\u00e9cnico e superior<br \/><span style=\"text-decoration: underline;\"><\/span><\/p>\n\n\n\n<p>\u25ba<strong>Editais:<\/strong> <a rel=\"noreferrer noopener\" aria-label=\"Edital Geral 2 (abre numa nova aba)\" href=\"https:\/\/dhg1h5j42swfq.cloudfront.net\/2019\/12\/03154808\/Edital-2-Gerais-com-Prova-F%C3%ADsica-Pr%C3%A1tica-e-outros.pdf\" target=\"_blank\">Edital Geral 2<\/a> <strong>\/<\/strong> <a rel=\"noreferrer noopener\" aria-label=\"Edital Geral 3 (abre numa nova aba)\" href=\"https:\/\/dhg1h5j42swfq.cloudfront.net\/2019\/12\/03154802\/Edital-3-Cargos-Gerais-sem-prova-Pr%C3%A1tica.pdf\" target=\"_blank\">Edital Geral 3<\/a> <strong>\/<\/strong> <a rel=\"noreferrer noopener\" aria-label=\"Edital Procurador (abre numa nova aba)\" href=\"https:\/\/dhg1h5j42swfq.cloudfront.net\/2019\/12\/03154757\/Edital-4-Procurador.pdf\" target=\"_blank\">Edital Procurador<\/a><strong> \/<\/strong> <a rel=\"noreferrer noopener\" aria-label=\"Edital Guarda (abre numa nova aba)\" href=\"https:\/\/dhg1h5j42swfq.cloudfront.net\/2019\/12\/03154814\/Edital-1-Guarda.pdf\" target=\"_blank\">Edital Guarda<\/a><\/p>\n\n\n\n<p><br \/><em>Ascom Estrat\u00e9gia<\/em><br \/>ascomestrategia@gmail.com<\/p>\n","protected":false},"excerpt":{"rendered":"<p>Est\u00e3o oficialmente encerradas as inscri\u00e7\u00f5es do concurso Prefeitura de Santa Cruz do Sul, munic\u00edpio do estado do Rio Grande do Sul. Os interessados puderam se candidatar at\u00e9 o dia 05 de janeiro de 2020, no site da banca organizadora. Sob organiza\u00e7\u00e3o da Consulpam, os quatro editais ofertam 284 vagas para diversos cargos de n\u00edvel fundamental, [&hellip;]<\/p>\n","protected":false},"author":1,"featured_media":399574,"comment_status":"open","ping_status":"closed","sticky":false,"template":"","format":"standard","meta":{"post_tipo":"news","footnotes":""},"categories":[1],"tags":[],"tax_estado":[],"class_list":["post-399211","post","type-post","status-publish","format-standard","has-post-thumbnail","hentry","category-cursos-e-concursos"],"acf":[],"yoast_head":"<!-- This site is optimized with the Yoast SEO Premium plugin v27.2 (Yoast SEO v27.2) - https:\/\/yoast.com\/product\/yoast-seo-premium-wordpress\/ -->\n<title>Concurso Prefeitura de Santa Cruz do Sul: inscri\u00e7\u00f5es encerradas para 284 vagas<\/title>\n<meta name=\"description\" content=\"Concurso Prefeitura de Santa Cruz do Sul - RS: editais para o quadro de sevidores da prefeitura ofertam 284 vagas para todas as escolaridades.\" \/>\n<meta name=\"robots\" content=\"index, follow, max-snippet:-1, max-image-preview:large, max-video-preview:-1\" \/>\n<link rel=\"canonical\" href=\"https:\/\/www.estrategiaconcursos.com.br\/blog\/concurso-prefeitura-de-santa-cruz-do-sul\/\" \/>\n<meta property=\"og:locale\" content=\"pt_BR\" \/>\n<meta property=\"og:type\" content=\"article\" \/>\n<meta property=\"og:title\" content=\"Concurso Prefeitura de Santa Cruz do Sul: inscri\u00e7\u00f5es encerradas para 284 vagas\" \/>\n<meta property=\"og:description\" content=\"Concurso Prefeitura de Santa Cruz do Sul - RS: editais para o quadro de sevidores da prefeitura ofertam 284 vagas para todas as escolaridades.\" \/>\n<meta property=\"og:url\" content=\"https:\/\/www.estrategiaconcursos.com.br\/blog\/concurso-prefeitura-de-santa-cruz-do-sul\/\" \/>\n<meta property=\"og:site_name\" content=\"Estrat\u00e9gia Concursos\" \/>\n<meta property=\"article:author\" content=\"https:\/\/www.facebook.com\/EstrategiaConcursos\" \/>\n<meta property=\"article:published_time\" content=\"2019-12-05T03:20:50+00:00\" \/>\n<meta property=\"article:modified_time\" content=\"2020-01-06T11:35:54+00:00\" \/>\n<meta property=\"og:image\" content=\"https:\/\/dhg1h5j42swfq.cloudfront.net\/2019\/07\/17073121\/concurso-santa-cruz-do-sul-rs.png\" \/>\n\t<meta property=\"og:image:width\" content=\"400\" \/>\n\t<meta property=\"og:image:height\" content=\"209\" \/>\n\t<meta property=\"og:image:type\" content=\"image\/png\" \/>\n<meta name=\"author\" content=\"Coordena\u00e7\u00e3o\" \/>\n<meta name=\"twitter:card\" content=\"summary_large_image\" \/>\n<meta name=\"twitter:creator\" content=\"@EstratConcursos\" \/>\n<meta name=\"twitter:site\" content=\"@EstratConcursos\" \/>\n<meta name=\"twitter:label1\" content=\"Escrito por\" \/>\n\t<meta name=\"twitter:data1\" content=\"Coordena\u00e7\u00e3o\" \/>\n\t<meta name=\"twitter:label2\" content=\"Est. tempo de leitura\" \/>\n\t<meta name=\"twitter:data2\" content=\"6 minutos\" \/>\n<script type=\"application\/ld+json\" class=\"yoast-schema-graph\">{\"@context\":\"https:\/\/schema.org\",\"@graph\":[{\"@type\":\"NewsArticle\",\"@id\":\"https:\/\/www.estrategiaconcursos.com.br\/blog\/concurso-prefeitura-de-santa-cruz-do-sul\/#article\",\"isPartOf\":{\"@id\":\"https:\/\/www.estrategiaconcursos.com.br\/blog\/concurso-prefeitura-de-santa-cruz-do-sul\/\"},\"author\":{\"name\":\"Coordena\u00e7\u00e3o\",\"@id\":\"https:\/\/www.estrategiaconcursos.com.br\/blog\/#\/schema\/person\/b4a388c97673c5f483d72185668afa1f\"},\"headline\":\"Concurso Prefeitura de Santa Cruz do Sul: inscri\u00e7\u00f5es encerradas para 284 vagas\",\"datePublished\":\"2019-12-05T03:20:50+00:00\",\"dateModified\":\"2020-01-06T11:35:54+00:00\",\"mainEntityOfPage\":{\"@id\":\"https:\/\/www.estrategiaconcursos.com.br\/blog\/concurso-prefeitura-de-santa-cruz-do-sul\/\"},\"wordCount\":1159,\"commentCount\":3,\"publisher\":{\"@id\":\"https:\/\/www.estrategiaconcursos.com.br\/blog\/#organization\"},\"image\":{\"@id\":\"https:\/\/www.estrategiaconcursos.com.br\/blog\/concurso-prefeitura-de-santa-cruz-do-sul\/#primaryimage\"},\"thumbnailUrl\":\"https:\/\/dhg1h5j42swfq.cloudfront.net\/2019\/07\/17073121\/concurso-santa-cruz-do-sul-rs.png\",\"articleSection\":[\"Concursos P\u00fablicos\"],\"inLanguage\":\"pt-BR\",\"potentialAction\":[{\"@type\":\"CommentAction\",\"name\":\"Comment\",\"target\":[\"https:\/\/www.estrategiaconcursos.com.br\/blog\/concurso-prefeitura-de-santa-cruz-do-sul\/#respond\"]}],\"copyrightYear\":\"2019\",\"copyrightHolder\":{\"@id\":\"https:\/\/www.estrategiaconcursos.com.br\/blog\/#organization\"}},{\"@type\":\"WebPage\",\"@id\":\"https:\/\/www.estrategiaconcursos.com.br\/blog\/concurso-prefeitura-de-santa-cruz-do-sul\/\",\"url\":\"https:\/\/www.estrategiaconcursos.com.br\/blog\/concurso-prefeitura-de-santa-cruz-do-sul\/\",\"name\":\"Concurso Prefeitura de Santa Cruz do Sul: inscri\u00e7\u00f5es encerradas para 284 vagas\",\"isPartOf\":{\"@id\":\"https:\/\/www.estrategiaconcursos.com.br\/blog\/#website\"},\"primaryImageOfPage\":{\"@id\":\"https:\/\/www.estrategiaconcursos.com.br\/blog\/concurso-prefeitura-de-santa-cruz-do-sul\/#primaryimage\"},\"image\":{\"@id\":\"https:\/\/www.estrategiaconcursos.com.br\/blog\/concurso-prefeitura-de-santa-cruz-do-sul\/#primaryimage\"},\"thumbnailUrl\":\"https:\/\/dhg1h5j42swfq.cloudfront.net\/2019\/07\/17073121\/concurso-santa-cruz-do-sul-rs.png\",\"datePublished\":\"2019-12-05T03:20:50+00:00\",\"dateModified\":\"2020-01-06T11:35:54+00:00\",\"description\":\"Concurso Prefeitura de Santa Cruz do Sul - RS: editais para o quadro de sevidores da prefeitura ofertam 284 vagas para todas as escolaridades.\",\"breadcrumb\":{\"@id\":\"https:\/\/www.estrategiaconcursos.com.br\/blog\/concurso-prefeitura-de-santa-cruz-do-sul\/#breadcrumb\"},\"inLanguage\":\"pt-BR\",\"potentialAction\":[{\"@type\":\"ReadAction\",\"target\":[\"https:\/\/www.estrategiaconcursos.com.br\/blog\/concurso-prefeitura-de-santa-cruz-do-sul\/\"]}]},{\"@type\":\"ImageObject\",\"inLanguage\":\"pt-BR\",\"@id\":\"https:\/\/www.estrategiaconcursos.com.br\/blog\/concurso-prefeitura-de-santa-cruz-do-sul\/#primaryimage\",\"url\":\"https:\/\/dhg1h5j42swfq.cloudfront.net\/2019\/07\/17073121\/concurso-santa-cruz-do-sul-rs.png\",\"contentUrl\":\"https:\/\/dhg1h5j42swfq.cloudfront.net\/2019\/07\/17073121\/concurso-santa-cruz-do-sul-rs.png\",\"width\":400,\"height\":209,\"caption\":\"concurso prefeitura de santa cruz do sul\"},{\"@type\":\"BreadcrumbList\",\"@id\":\"https:\/\/www.estrategiaconcursos.com.br\/blog\/concurso-prefeitura-de-santa-cruz-do-sul\/#breadcrumb\",\"itemListElement\":[{\"@type\":\"ListItem\",\"position\":1,\"name\":\"In\u00edcio\",\"item\":\"https:\/\/www.estrategiaconcursos.com.br\/blog\/\"},{\"@type\":\"ListItem\",\"position\":2,\"name\":\"Concurso Prefeitura de Santa Cruz do Sul: inscri\u00e7\u00f5es encerradas para 284 vagas\"}]},{\"@type\":\"WebSite\",\"@id\":\"https:\/\/www.estrategiaconcursos.com.br\/blog\/#website\",\"url\":\"https:\/\/www.estrategiaconcursos.com.br\/blog\/\",\"name\":\"Estrat\u00e9gia Concursos\",\"description\":\"O blog da Estrat\u00e9gia Concursos traz not\u00edcias sobre concursos e artigos de professores oferecendo cursos para concursos (pdf + videaulas) no site.\",\"publisher\":{\"@id\":\"https:\/\/www.estrategiaconcursos.com.br\/blog\/#organization\"},\"potentialAction\":[{\"@type\":\"SearchAction\",\"target\":{\"@type\":\"EntryPoint\",\"urlTemplate\":\"https:\/\/www.estrategiaconcursos.com.br\/blog\/?s={search_term_string}\"},\"query-input\":{\"@type\":\"PropertyValueSpecification\",\"valueRequired\":true,\"valueName\":\"search_term_string\"}}],\"inLanguage\":\"pt-BR\"},{\"@type\":\"Organization\",\"@id\":\"https:\/\/www.estrategiaconcursos.com.br\/blog\/#organization\",\"name\":\"Estrat\u00e9gia Concursos\",\"url\":\"https:\/\/www.estrategiaconcursos.com.br\/blog\/\",\"logo\":{\"@type\":\"ImageObject\",\"inLanguage\":\"pt-BR\",\"@id\":\"https:\/\/www.estrategiaconcursos.com.br\/blog\/#\/schema\/logo\/image\/\",\"url\":\"https:\/\/dhg1h5j42swfq.cloudfront.net\/2025\/06\/03203428\/logo_concursos-1.jpg\",\"contentUrl\":\"https:\/\/dhg1h5j42swfq.cloudfront.net\/2025\/06\/03203428\/logo_concursos-1.jpg\",\"width\":230,\"height\":60,\"caption\":\"Estrat\u00e9gia Concursos\"},\"image\":{\"@id\":\"https:\/\/www.estrategiaconcursos.com.br\/blog\/#\/schema\/logo\/image\/\"},\"sameAs\":[\"https:\/\/x.com\/EstratConcursos\"]},{\"@type\":\"Person\",\"@id\":\"https:\/\/www.estrategiaconcursos.com.br\/blog\/#\/schema\/person\/b4a388c97673c5f483d72185668afa1f\",\"name\":\"Coordena\u00e7\u00e3o\",\"image\":{\"@type\":\"ImageObject\",\"inLanguage\":\"pt-BR\",\"@id\":\"https:\/\/secure.gravatar.com\/avatar\/b720319e4c9a967eb58678d110f4fe35452fc5d5f97b202bac7b8acceb18c6ad?s=96&d=mm&r=g\",\"url\":\"https:\/\/secure.gravatar.com\/avatar\/b720319e4c9a967eb58678d110f4fe35452fc5d5f97b202bac7b8acceb18c6ad?s=96&d=mm&r=g\",\"contentUrl\":\"https:\/\/secure.gravatar.com\/avatar\/b720319e4c9a967eb58678d110f4fe35452fc5d5f97b202bac7b8acceb18c6ad?s=96&d=mm&r=g\",\"caption\":\"Coordena\u00e7\u00e3o\"},\"sameAs\":[\"https:\/\/www.facebook.com\/EstrategiaConcursos\",\"https:\/\/x.com\/EstratConcursos\"],\"url\":\"https:\/\/www.estrategiaconcursos.com.br\/blog\/author\/estrategia2013\/\"}]}<\/script>\n<!-- \/ Yoast SEO Premium plugin. -->","yoast_head_json":{"title":"Concurso Prefeitura de Santa Cruz do Sul: inscri\u00e7\u00f5es encerradas para 284 vagas","description":"Concurso Prefeitura de Santa Cruz do Sul - RS: editais para o quadro de sevidores da prefeitura ofertam 284 vagas para todas as escolaridades.","robots":{"index":"index","follow":"follow","max-snippet":"max-snippet:-1","max-image-preview":"max-image-preview:large","max-video-preview":"max-video-preview:-1"},"canonical":"https:\/\/www.estrategiaconcursos.com.br\/blog\/concurso-prefeitura-de-santa-cruz-do-sul\/","og_locale":"pt_BR","og_type":"article","og_title":"Concurso Prefeitura de Santa Cruz do Sul: inscri\u00e7\u00f5es encerradas para 284 vagas","og_description":"Concurso Prefeitura de Santa Cruz do Sul - RS: editais para o quadro de sevidores da prefeitura ofertam 284 vagas para todas as escolaridades.","og_url":"https:\/\/www.estrategiaconcursos.com.br\/blog\/concurso-prefeitura-de-santa-cruz-do-sul\/","og_site_name":"Estrat\u00e9gia Concursos","article_author":"https:\/\/www.facebook.com\/EstrategiaConcursos","article_published_time":"2019-12-05T03:20:50+00:00","article_modified_time":"2020-01-06T11:35:54+00:00","og_image":[{"width":400,"height":209,"url":"https:\/\/dhg1h5j42swfq.cloudfront.net\/2019\/07\/17073121\/concurso-santa-cruz-do-sul-rs.png","type":"image\/png"}],"author":"Coordena\u00e7\u00e3o","twitter_card":"summary_large_image","twitter_creator":"@EstratConcursos","twitter_site":"@EstratConcursos","twitter_misc":{"Escrito por":"Coordena\u00e7\u00e3o","Est. tempo de leitura":"6 minutos"},"schema":{"@context":"https:\/\/schema.org","@graph":[{"@type":"NewsArticle","@id":"https:\/\/www.estrategiaconcursos.com.br\/blog\/concurso-prefeitura-de-santa-cruz-do-sul\/#article","isPartOf":{"@id":"https:\/\/www.estrategiaconcursos.com.br\/blog\/concurso-prefeitura-de-santa-cruz-do-sul\/"},"author":{"name":"Coordena\u00e7\u00e3o","@id":"https:\/\/www.estrategiaconcursos.com.br\/blog\/#\/schema\/person\/b4a388c97673c5f483d72185668afa1f"},"headline":"Concurso Prefeitura de Santa Cruz do Sul: inscri\u00e7\u00f5es encerradas para 284 vagas","datePublished":"2019-12-05T03:20:50+00:00","dateModified":"2020-01-06T11:35:54+00:00","mainEntityOfPage":{"@id":"https:\/\/www.estrategiaconcursos.com.br\/blog\/concurso-prefeitura-de-santa-cruz-do-sul\/"},"wordCount":1159,"commentCount":3,"publisher":{"@id":"https:\/\/www.estrategiaconcursos.com.br\/blog\/#organization"},"image":{"@id":"https:\/\/www.estrategiaconcursos.com.br\/blog\/concurso-prefeitura-de-santa-cruz-do-sul\/#primaryimage"},"thumbnailUrl":"https:\/\/dhg1h5j42swfq.cloudfront.net\/2019\/07\/17073121\/concurso-santa-cruz-do-sul-rs.png","articleSection":["Concursos P\u00fablicos"],"inLanguage":"pt-BR","potentialAction":[{"@type":"CommentAction","name":"Comment","target":["https:\/\/www.estrategiaconcursos.com.br\/blog\/concurso-prefeitura-de-santa-cruz-do-sul\/#respond"]}],"copyrightYear":"2019","copyrightHolder":{"@id":"https:\/\/www.estrategiaconcursos.com.br\/blog\/#organization"}},{"@type":"WebPage","@id":"https:\/\/www.estrategiaconcursos.com.br\/blog\/concurso-prefeitura-de-santa-cruz-do-sul\/","url":"https:\/\/www.estrategiaconcursos.com.br\/blog\/concurso-prefeitura-de-santa-cruz-do-sul\/","name":"Concurso Prefeitura de Santa Cruz do Sul: inscri\u00e7\u00f5es encerradas para 284 vagas","isPartOf":{"@id":"https:\/\/www.estrategiaconcursos.com.br\/blog\/#website"},"primaryImageOfPage":{"@id":"https:\/\/www.estrategiaconcursos.com.br\/blog\/concurso-prefeitura-de-santa-cruz-do-sul\/#primaryimage"},"image":{"@id":"https:\/\/www.estrategiaconcursos.com.br\/blog\/concurso-prefeitura-de-santa-cruz-do-sul\/#primaryimage"},"thumbnailUrl":"https:\/\/dhg1h5j42swfq.cloudfront.net\/2019\/07\/17073121\/concurso-santa-cruz-do-sul-rs.png","datePublished":"2019-12-05T03:20:50+00:00","dateModified":"2020-01-06T11:35:54+00:00","description":"Concurso Prefeitura de Santa Cruz do Sul - RS: editais para o quadro de sevidores da prefeitura ofertam 284 vagas para todas as escolaridades.","breadcrumb":{"@id":"https:\/\/www.estrategiaconcursos.com.br\/blog\/concurso-prefeitura-de-santa-cruz-do-sul\/#breadcrumb"},"inLanguage":"pt-BR","potentialAction":[{"@type":"ReadAction","target":["https:\/\/www.estrategiaconcursos.com.br\/blog\/concurso-prefeitura-de-santa-cruz-do-sul\/"]}]},{"@type":"ImageObject","inLanguage":"pt-BR","@id":"https:\/\/www.estrategiaconcursos.com.br\/blog\/concurso-prefeitura-de-santa-cruz-do-sul\/#primaryimage","url":"https:\/\/dhg1h5j42swfq.cloudfront.net\/2019\/07\/17073121\/concurso-santa-cruz-do-sul-rs.png","contentUrl":"https:\/\/dhg1h5j42swfq.cloudfront.net\/2019\/07\/17073121\/concurso-santa-cruz-do-sul-rs.png","width":400,"height":209,"caption":"concurso prefeitura de santa cruz do sul"},{"@type":"BreadcrumbList","@id":"https:\/\/www.estrategiaconcursos.com.br\/blog\/concurso-prefeitura-de-santa-cruz-do-sul\/#breadcrumb","itemListElement":[{"@type":"ListItem","position":1,"name":"In\u00edcio","item":"https:\/\/www.estrategiaconcursos.com.br\/blog\/"},{"@type":"ListItem","position":2,"name":"Concurso Prefeitura de Santa Cruz do Sul: inscri\u00e7\u00f5es encerradas para 284 vagas"}]},{"@type":"WebSite","@id":"https:\/\/www.estrategiaconcursos.com.br\/blog\/#website","url":"https:\/\/www.estrategiaconcursos.com.br\/blog\/","name":"Estrat\u00e9gia Concursos","description":"O blog da Estrat\u00e9gia Concursos traz not\u00edcias sobre concursos e artigos de professores oferecendo cursos para concursos (pdf + videaulas) no site.","publisher":{"@id":"https:\/\/www.estrategiaconcursos.com.br\/blog\/#organization"},"potentialAction":[{"@type":"SearchAction","target":{"@type":"EntryPoint","urlTemplate":"https:\/\/www.estrategiaconcursos.com.br\/blog\/?s={search_term_string}"},"query-input":{"@type":"PropertyValueSpecification","valueRequired":true,"valueName":"search_term_string"}}],"inLanguage":"pt-BR"},{"@type":"Organization","@id":"https:\/\/www.estrategiaconcursos.com.br\/blog\/#organization","name":"Estrat\u00e9gia Concursos","url":"https:\/\/www.estrategiaconcursos.com.br\/blog\/","logo":{"@type":"ImageObject","inLanguage":"pt-BR","@id":"https:\/\/www.estrategiaconcursos.com.br\/blog\/#\/schema\/logo\/image\/","url":"https:\/\/dhg1h5j42swfq.cloudfront.net\/2025\/06\/03203428\/logo_concursos-1.jpg","contentUrl":"https:\/\/dhg1h5j42swfq.cloudfront.net\/2025\/06\/03203428\/logo_concursos-1.jpg","width":230,"height":60,"caption":"Estrat\u00e9gia Concursos"},"image":{"@id":"https:\/\/www.estrategiaconcursos.com.br\/blog\/#\/schema\/logo\/image\/"},"sameAs":["https:\/\/x.com\/EstratConcursos"]},{"@type":"Person","@id":"https:\/\/www.estrategiaconcursos.com.br\/blog\/#\/schema\/person\/b4a388c97673c5f483d72185668afa1f","name":"Coordena\u00e7\u00e3o","image":{"@type":"ImageObject","inLanguage":"pt-BR","@id":"https:\/\/secure.gravatar.com\/avatar\/b720319e4c9a967eb58678d110f4fe35452fc5d5f97b202bac7b8acceb18c6ad?s=96&d=mm&r=g","url":"https:\/\/secure.gravatar.com\/avatar\/b720319e4c9a967eb58678d110f4fe35452fc5d5f97b202bac7b8acceb18c6ad?s=96&d=mm&r=g","contentUrl":"https:\/\/secure.gravatar.com\/avatar\/b720319e4c9a967eb58678d110f4fe35452fc5d5f97b202bac7b8acceb18c6ad?s=96&d=mm&r=g","caption":"Coordena\u00e7\u00e3o"},"sameAs":["https:\/\/www.facebook.com\/EstrategiaConcursos","https:\/\/x.com\/EstratConcursos"],"url":"https:\/\/www.estrategiaconcursos.com.br\/blog\/author\/estrategia2013\/"}]}},"_links":{"self":[{"href":"https:\/\/www.estrategiaconcursos.com.br\/blog\/wp-json\/wp\/v2\/posts\/399211","targetHints":{"allow":["GET"]}}],"collection":[{"href":"https:\/\/www.estrategiaconcursos.com.br\/blog\/wp-json\/wp\/v2\/posts"}],"about":[{"href":"https:\/\/www.estrategiaconcursos.com.br\/blog\/wp-json\/wp\/v2\/types\/post"}],"author":[{"embeddable":true,"href":"https:\/\/www.estrategiaconcursos.com.br\/blog\/wp-json\/wp\/v2\/users\/1"}],"replies":[{"embeddable":true,"href":"https:\/\/www.estrategiaconcursos.com.br\/blog\/wp-json\/wp\/v2\/comments?post=399211"}],"version-history":[{"count":16,"href":"https:\/\/www.estrategiaconcursos.com.br\/blog\/wp-json\/wp\/v2\/posts\/399211\/revisions"}],"predecessor-version":[{"id":466065,"href":"https:\/\/www.estrategiaconcursos.com.br\/blog\/wp-json\/wp\/v2\/posts\/399211\/revisions\/466065"}],"wp:featuredmedia":[{"embeddable":true,"href":"https:\/\/www.estrategiaconcursos.com.br\/blog\/wp-json\/wp\/v2\/media\/399574"}],"wp:attachment":[{"href":"https:\/\/www.estrategiaconcursos.com.br\/blog\/wp-json\/wp\/v2\/media?parent=399211"}],"wp:term":[{"taxonomy":"category","embeddable":true,"href":"https:\/\/www.estrategiaconcursos.com.br\/blog\/wp-json\/wp\/v2\/categories?post=399211"},{"taxonomy":"post_tag","embeddable":true,"href":"https:\/\/www.estrategiaconcursos.com.br\/blog\/wp-json\/wp\/v2\/tags?post=399211"},{"taxonomy":"tax_estado","embeddable":true,"href":"https:\/\/www.estrategiaconcursos.com.br\/blog\/wp-json\/wp\/v2\/tax_estado?post=399211"}],"curies":[{"name":"wp","href":"https:\/\/api.w.org\/{rel}","templated":true}]}}