{"id":398650,"date":"2019-07-15T09:36:39","date_gmt":"2019-07-15T12:36:39","guid":{"rendered":"https:\/\/www.estrategiaconcursos.com.br\/blog\/?p=398650"},"modified":"2019-07-15T10:16:37","modified_gmt":"2019-07-15T13:16:37","slug":"concurso-mpu-divulgada-a-69a-convocacao-de-aprovados","status":"publish","type":"post","link":"https:\/\/www.estrategiaconcursos.com.br\/blog\/concurso-mpu-divulgada-a-69a-convocacao-de-aprovados\/","title":{"rendered":"Concurso MPU: divulgada a 69\u00aa convoca\u00e7\u00e3o de aprovados"},"content":{"rendered":"\n<h2 class=\"wp-block-heading\">Publica\u00e7\u00e3o saiu no Di\u00e1rio Oficial da Uni\u00e3o desta segunda-feira (15)<\/h2>\n\n\n\n<p>O Minist\u00e9rio P\u00fablico da Uni\u00e3o divulgou nesta segunda-feira, 15 de julho, o <strong>69\u00ba edital<\/strong> <strong>de convoca\u00e7\u00e3o de aprovados<\/strong> no \u00faltimo concurso do \u00f3rg\u00e3o, realizado em 2018. A medida confirma a tradi\u00e7\u00e3o do MPU em convocar muitos candidatos para al\u00e9m das vagas ofertadas no certame.<\/p>\n\n\n\n<p>De acordo com o documento, ser\u00e3o convocados os aprovados no cargo de Analista do MPU\/Direito para <strong>12 vagas remanescentes<\/strong> lotadas nas regi\u00f5es <strong>Norte<\/strong>, <strong>Sul<\/strong> e <strong>Centro Oeste <\/strong>do pa\u00eds.<\/p>\n\n\n\n<p> e <strong>Centro Oeste <\/strong>do pa\u00eds.<\/p>\n\n\n\n<p>Abaixo voc\u00ea confere a distribui\u00e7\u00e3o completa, divulgada em edital publicado em <strong>10 de julho<\/strong> no Di\u00e1rio Oficial da Uni\u00e3o. Os novos analistas ser\u00e3o lotados em Procuradorias do Trabalho e da Uni\u00e3o:<\/p>\n\n\n\n<p><\/p>\n\n\n\n<table class=\"wp-block-table has-subtle-pale-blue-background-color has-fixed-layout has-background is-style-stripes\"><tbody><tr><td>UF<\/td><td>UNIDADE<\/td><td>VAGAS<\/td><\/tr><tr><td>AC<\/td><td>PROCURADORIA DO TRABALHO NO MUNIC\u00cdPIO DE RIO BRANCO\/AC<\/td><td>1<\/td><\/tr><tr><td>AM<\/td><td>PROCURADORIA DA REP\u00daBLICA &#8211; AMAZONAS<\/td><td>1<\/td><\/tr><tr><td>AP<\/td><td>PROCURADORIA DA REP\u00daBLICA NO MUNIC\u00cdPIO DE LARANJAL DO JARI<\/td><td>1<\/td><\/tr><tr><td>MT<\/td><td>PROCURADORIA DO TRABALHO NO MUNIC\u00cdPIO DE CACERES\/MT<\/td><td>1<\/td><\/tr><tr><td>PA<\/td><td>PROCURADORIA DA REP\u00daBLICA NO MUNIC\u00cdPIO DE ALTAMIRA-PA<\/td><td>1<\/td><\/tr><tr><td>PR<\/td><td>PROCURADORIA DO TRABALHO NO MUNICIPIO DE PATO BRANCO\/PR<\/td><td>1<\/td><\/tr><tr><td>RO<\/td><td>PROCURADORIA DO TRABALHO NO MUNIC\u00cdPIO DE JI-PARAN\u00c1\/RO<\/td><td>1<\/td><\/tr><tr><td>RO<\/td><td>PROCURADORIA REGIONAL DO TRABALHO EM PORTO VELHO\/RO<\/td><td>1<\/td><\/tr><tr><td>RR<\/td><td>PROCURADORIA DA REP\u00daBLICA &#8211; RORAIMA<\/td><td>2<\/td><\/tr><tr><td>RS<\/td><td>PROCURADORIA DA REP\u00daBLICA NO MUNIC\u00cdPIO DE BAGE-RS<\/td><td>1<\/td><\/tr><tr><td>TO<\/td><td>PROCURADORIA DA REP\u00daBLICA NO MUNIC\u00cdPIO DE GURUPI-TO<\/td><td>1<\/td><\/tr><\/tbody><\/table>\n\n\n\n<p><\/p>\n\n\n\n<h2 class=\"wp-block-heading\">Baixe o edital de convoca\u00e7\u00e3o<\/h2>\n\n\n\n<div class=\"wp-block-file\"><a href=\"https:\/\/dhg1h5j42swfq.cloudfront.net\/2019\/07\/15092923\/convoca%C3%A7%C3%A3o-69-MPU-3.pdf\" target=\"_blank\" rel=\"noreferrer noopener\">69\u00aa convoca\u00e7\u00e3o MPU<\/a><a href=\"https:\/\/dhg1h5j42swfq.cloudfront.net\/2019\/07\/15092923\/convoca%C3%A7%C3%A3o-69-MPU-3.pdf\" class=\"wp-block-file__button\" download>Baixar<\/a><\/div>\n\n\n\n<p style=\"font-size:25px;text-align:center\" class=\"has-background has-very-light-gray-background-color\"><a rel=\"noreferrer noopener\" aria-label=\"CLIQUE AQUI PARA MAIS INFORMA\u00c7\u00d5ES SOBRE O MPU (abre numa nova aba)\" href=\"https:\/\/www.estrategiaconcursos.com.br\/blog\/concurso-mpu\/\" target=\"_blank\">CLIQUE AQUI PARA MAIS INFORMA\u00c7\u00d5ES SOBRE O MPU<\/a><\/p>\n\n\n\n<p style=\"font-size:25px;text-align:center\" class=\"has-background has-luminous-vivid-amber-background-color\"><a rel=\"noreferrer noopener\" aria-label=\"CURSO MPU (abre numa nova aba)\" href=\"https:\/\/www.estrategiaconcursos.com.br\/cursosPorConcurso\/mpu-ministerio-publico-da-uniao\/\" target=\"_blank\"><strong>CURSO MPU<\/strong><\/a><\/p>\n\n\n\n<p style=\"font-size:22px;text-align:center\"><em><strong>Assinatura Anual Ilimitada*<\/strong><\/em><\/p>\n\n\n\n<p style=\"text-align:center\"><em>Prepare-se com o melhor material e com quem mais aprova em Concursos P\u00fablicos em todo o pa\u00eds. Assine agora a nossa Assinatura Anual e tenha acesso ilimitado a todos os nossos cursos.<\/em><\/p>\n\n\n\n<p style=\"font-size:22px;text-align:center\" class=\"has-background has-light-green-cyan-background-color\"><strong>ASSINE AGORA<\/strong>&nbsp;\u2013&nbsp;<a href=\"https:\/\/www.estrategiaconcursos.com.br\/assinaturas\" target=\"_blank\" rel=\"noreferrer noopener\">Assinatura Ilimitada<\/a><\/p>\n","protected":false},"excerpt":{"rendered":"<p>Publica\u00e7\u00e3o saiu no Di\u00e1rio Oficial da Uni\u00e3o desta segunda-feira (15) O Minist\u00e9rio P\u00fablico da Uni\u00e3o divulgou nesta segunda-feira, 15 de julho, o 69\u00ba edital de convoca\u00e7\u00e3o de aprovados no \u00faltimo concurso do \u00f3rg\u00e3o, realizado em 2018. A medida confirma a tradi\u00e7\u00e3o do MPU em convocar muitos candidatos para al\u00e9m das vagas ofertadas no certame. De [&hellip;]<\/p>\n","protected":false},"author":26,"featured_media":128583,"comment_status":"open","ping_status":"closed","sticky":false,"template":"","format":"standard","meta":{"post_tipo":"article","footnotes":""},"categories":[1,1984],"tags":[],"tax_estado":[],"class_list":["post-398650","post","type-post","status-publish","format-standard","has-post-thumbnail","hentry","category-cursos-e-concursos","category-tribunais"],"acf":[],"yoast_head":"<!-- This site is optimized with the Yoast SEO Premium plugin v27.2 (Yoast SEO v27.2) - https:\/\/yoast.com\/product\/yoast-seo-premium-wordpress\/ -->\n<title>Concurso MPU: divulgada a 69\u00aa convoca\u00e7\u00e3o de aprovados<\/title>\n<meta name=\"robots\" content=\"index, follow, max-snippet:-1, max-image-preview:large, max-video-preview:-1\" \/>\n<link rel=\"canonical\" href=\"https:\/\/www.estrategiaconcursos.com.br\/blog\/concurso-mpu-divulgada-a-69a-convocacao-de-aprovados\/\" \/>\n<meta property=\"og:locale\" content=\"pt_BR\" \/>\n<meta property=\"og:type\" content=\"article\" \/>\n<meta property=\"og:title\" content=\"Concurso MPU: divulgada a 69\u00aa convoca\u00e7\u00e3o de aprovados\" \/>\n<meta property=\"og:description\" content=\"Publica\u00e7\u00e3o saiu no Di\u00e1rio Oficial da Uni\u00e3o desta segunda-feira (15) O Minist\u00e9rio P\u00fablico da Uni\u00e3o divulgou nesta segunda-feira, 15 de julho, o 69\u00ba edital de convoca\u00e7\u00e3o de aprovados no \u00faltimo concurso do \u00f3rg\u00e3o, realizado em 2018. A medida confirma a tradi\u00e7\u00e3o do MPU em convocar muitos candidatos para al\u00e9m das vagas ofertadas no certame. De [&hellip;]\" \/>\n<meta property=\"og:url\" content=\"https:\/\/www.estrategiaconcursos.com.br\/blog\/concurso-mpu-divulgada-a-69a-convocacao-de-aprovados\/\" \/>\n<meta property=\"og:site_name\" content=\"Estrat\u00e9gia Concursos\" \/>\n<meta property=\"article:author\" content=\"https:\/\/www.facebook.com\/rvale01\" \/>\n<meta property=\"article:published_time\" content=\"2019-07-15T12:36:39+00:00\" \/>\n<meta property=\"article:modified_time\" content=\"2019-07-15T13:16:37+00:00\" \/>\n<meta property=\"og:image\" content=\"https:\/\/dhg1h5j42swfq.cloudfront.net\/2018\/06\/26163235\/MPU-e1530041571293.jpg\" \/>\n\t<meta property=\"og:image:width\" content=\"400\" \/>\n\t<meta property=\"og:image:height\" content=\"209\" \/>\n\t<meta property=\"og:image:type\" content=\"image\/jpeg\" \/>\n<meta name=\"author\" content=\"Ricardo Vale\" \/>\n<meta name=\"twitter:card\" content=\"summary_large_image\" \/>\n<meta name=\"twitter:creator\" content=\"@https:\/\/twitter.com\/EstratConcursos\" \/>\n<meta name=\"twitter:site\" content=\"@EstratConcursos\" \/>\n<meta name=\"twitter:label1\" content=\"Escrito por\" \/>\n\t<meta name=\"twitter:data1\" content=\"Ricardo Vale\" \/>\n\t<meta name=\"twitter:label2\" content=\"Est. tempo de leitura\" \/>\n\t<meta name=\"twitter:data2\" content=\"1 minuto\" \/>\n<script type=\"application\/ld+json\" class=\"yoast-schema-graph\">{\"@context\":\"https:\/\/schema.org\",\"@graph\":[{\"@type\":\"NewsArticle\",\"@id\":\"https:\/\/www.estrategiaconcursos.com.br\/blog\/concurso-mpu-divulgada-a-69a-convocacao-de-aprovados\/#article\",\"isPartOf\":{\"@id\":\"https:\/\/www.estrategiaconcursos.com.br\/blog\/concurso-mpu-divulgada-a-69a-convocacao-de-aprovados\/\"},\"author\":{\"name\":\"Ricardo Vale\",\"@id\":\"https:\/\/www.estrategiaconcursos.com.br\/blog\/#\/schema\/person\/c32e47dba2159cafe7796a9569a6ff7e\"},\"headline\":\"Concurso MPU: divulgada a 69\u00aa convoca\u00e7\u00e3o de aprovados\",\"datePublished\":\"2019-07-15T12:36:39+00:00\",\"dateModified\":\"2019-07-15T13:16:37+00:00\",\"mainEntityOfPage\":{\"@id\":\"https:\/\/www.estrategiaconcursos.com.br\/blog\/concurso-mpu-divulgada-a-69a-convocacao-de-aprovados\/\"},\"wordCount\":314,\"commentCount\":0,\"publisher\":{\"@id\":\"https:\/\/www.estrategiaconcursos.com.br\/blog\/#organization\"},\"image\":{\"@id\":\"https:\/\/www.estrategiaconcursos.com.br\/blog\/concurso-mpu-divulgada-a-69a-convocacao-de-aprovados\/#primaryimage\"},\"thumbnailUrl\":\"https:\/\/dhg1h5j42swfq.cloudfront.net\/2018\/06\/26163235\/MPU-e1530041571293.jpg\",\"articleSection\":[\"Concursos P\u00fablicos\",\"Tribunais\"],\"inLanguage\":\"pt-BR\",\"potentialAction\":[{\"@type\":\"CommentAction\",\"name\":\"Comment\",\"target\":[\"https:\/\/www.estrategiaconcursos.com.br\/blog\/concurso-mpu-divulgada-a-69a-convocacao-de-aprovados\/#respond\"]}],\"copyrightYear\":\"2019\",\"copyrightHolder\":{\"@id\":\"https:\/\/www.estrategiaconcursos.com.br\/blog\/#organization\"}},{\"@type\":\"WebPage\",\"@id\":\"https:\/\/www.estrategiaconcursos.com.br\/blog\/concurso-mpu-divulgada-a-69a-convocacao-de-aprovados\/\",\"url\":\"https:\/\/www.estrategiaconcursos.com.br\/blog\/concurso-mpu-divulgada-a-69a-convocacao-de-aprovados\/\",\"name\":\"Concurso MPU: divulgada a 69\u00aa convoca\u00e7\u00e3o de aprovados\",\"isPartOf\":{\"@id\":\"https:\/\/www.estrategiaconcursos.com.br\/blog\/#website\"},\"primaryImageOfPage\":{\"@id\":\"https:\/\/www.estrategiaconcursos.com.br\/blog\/concurso-mpu-divulgada-a-69a-convocacao-de-aprovados\/#primaryimage\"},\"image\":{\"@id\":\"https:\/\/www.estrategiaconcursos.com.br\/blog\/concurso-mpu-divulgada-a-69a-convocacao-de-aprovados\/#primaryimage\"},\"thumbnailUrl\":\"https:\/\/dhg1h5j42swfq.cloudfront.net\/2018\/06\/26163235\/MPU-e1530041571293.jpg\",\"datePublished\":\"2019-07-15T12:36:39+00:00\",\"dateModified\":\"2019-07-15T13:16:37+00:00\",\"breadcrumb\":{\"@id\":\"https:\/\/www.estrategiaconcursos.com.br\/blog\/concurso-mpu-divulgada-a-69a-convocacao-de-aprovados\/#breadcrumb\"},\"inLanguage\":\"pt-BR\",\"potentialAction\":[{\"@type\":\"ReadAction\",\"target\":[\"https:\/\/www.estrategiaconcursos.com.br\/blog\/concurso-mpu-divulgada-a-69a-convocacao-de-aprovados\/\"]}]},{\"@type\":\"ImageObject\",\"inLanguage\":\"pt-BR\",\"@id\":\"https:\/\/www.estrategiaconcursos.com.br\/blog\/concurso-mpu-divulgada-a-69a-convocacao-de-aprovados\/#primaryimage\",\"url\":\"https:\/\/dhg1h5j42swfq.cloudfront.net\/2018\/06\/26163235\/MPU-e1530041571293.jpg\",\"contentUrl\":\"https:\/\/dhg1h5j42swfq.cloudfront.net\/2018\/06\/26163235\/MPU-e1530041571293.jpg\",\"width\":400,\"height\":209,\"caption\":\"concurso mpu\"},{\"@type\":\"BreadcrumbList\",\"@id\":\"https:\/\/www.estrategiaconcursos.com.br\/blog\/concurso-mpu-divulgada-a-69a-convocacao-de-aprovados\/#breadcrumb\",\"itemListElement\":[{\"@type\":\"ListItem\",\"position\":1,\"name\":\"In\u00edcio\",\"item\":\"https:\/\/www.estrategiaconcursos.com.br\/blog\/\"},{\"@type\":\"ListItem\",\"position\":2,\"name\":\"Concurso MPU: divulgada a 69\u00aa convoca\u00e7\u00e3o de aprovados\"}]},{\"@type\":\"WebSite\",\"@id\":\"https:\/\/www.estrategiaconcursos.com.br\/blog\/#website\",\"url\":\"https:\/\/www.estrategiaconcursos.com.br\/blog\/\",\"name\":\"Estrat\u00e9gia Concursos\",\"description\":\"O blog da Estrat\u00e9gia Concursos traz not\u00edcias sobre concursos e artigos de professores oferecendo cursos para concursos (pdf + videaulas) no site.\",\"publisher\":{\"@id\":\"https:\/\/www.estrategiaconcursos.com.br\/blog\/#organization\"},\"potentialAction\":[{\"@type\":\"SearchAction\",\"target\":{\"@type\":\"EntryPoint\",\"urlTemplate\":\"https:\/\/www.estrategiaconcursos.com.br\/blog\/?s={search_term_string}\"},\"query-input\":{\"@type\":\"PropertyValueSpecification\",\"valueRequired\":true,\"valueName\":\"search_term_string\"}}],\"inLanguage\":\"pt-BR\"},{\"@type\":\"Organization\",\"@id\":\"https:\/\/www.estrategiaconcursos.com.br\/blog\/#organization\",\"name\":\"Estrat\u00e9gia Concursos\",\"url\":\"https:\/\/www.estrategiaconcursos.com.br\/blog\/\",\"logo\":{\"@type\":\"ImageObject\",\"inLanguage\":\"pt-BR\",\"@id\":\"https:\/\/www.estrategiaconcursos.com.br\/blog\/#\/schema\/logo\/image\/\",\"url\":\"https:\/\/dhg1h5j42swfq.cloudfront.net\/2025\/06\/03203428\/logo_concursos-1.jpg\",\"contentUrl\":\"https:\/\/dhg1h5j42swfq.cloudfront.net\/2025\/06\/03203428\/logo_concursos-1.jpg\",\"width\":230,\"height\":60,\"caption\":\"Estrat\u00e9gia Concursos\"},\"image\":{\"@id\":\"https:\/\/www.estrategiaconcursos.com.br\/blog\/#\/schema\/logo\/image\/\"},\"sameAs\":[\"https:\/\/x.com\/EstratConcursos\"]},{\"@type\":\"Person\",\"@id\":\"https:\/\/www.estrategiaconcursos.com.br\/blog\/#\/schema\/person\/c32e47dba2159cafe7796a9569a6ff7e\",\"name\":\"Ricardo Vale\",\"image\":{\"@type\":\"ImageObject\",\"inLanguage\":\"pt-BR\",\"@id\":\"https:\/\/secure.gravatar.com\/avatar\/e5a5658c798bb49dd53314263f59f38c192d73370fb65839a372c2ae9027be74?s=96&d=mm&r=g\",\"url\":\"https:\/\/secure.gravatar.com\/avatar\/e5a5658c798bb49dd53314263f59f38c192d73370fb65839a372c2ae9027be74?s=96&d=mm&r=g\",\"contentUrl\":\"https:\/\/secure.gravatar.com\/avatar\/e5a5658c798bb49dd53314263f59f38c192d73370fb65839a372c2ae9027be74?s=96&d=mm&r=g\",\"caption\":\"Ricardo Vale\"},\"sameAs\":[\"https:\/\/www.facebook.com\/rvale01\",\"https:\/\/x.com\/https:\/\/twitter.com\/EstratConcursos\"],\"url\":\"https:\/\/www.estrategiaconcursos.com.br\/blog\/author\/ricardovaleestrategiaconcursos-com-br\/\"}]}<\/script>\n<!-- \/ Yoast SEO Premium plugin. -->","yoast_head_json":{"title":"Concurso MPU: divulgada a 69\u00aa convoca\u00e7\u00e3o de aprovados","robots":{"index":"index","follow":"follow","max-snippet":"max-snippet:-1","max-image-preview":"max-image-preview:large","max-video-preview":"max-video-preview:-1"},"canonical":"https:\/\/www.estrategiaconcursos.com.br\/blog\/concurso-mpu-divulgada-a-69a-convocacao-de-aprovados\/","og_locale":"pt_BR","og_type":"article","og_title":"Concurso MPU: divulgada a 69\u00aa convoca\u00e7\u00e3o de aprovados","og_description":"Publica\u00e7\u00e3o saiu no Di\u00e1rio Oficial da Uni\u00e3o desta segunda-feira (15) O Minist\u00e9rio P\u00fablico da Uni\u00e3o divulgou nesta segunda-feira, 15 de julho, o 69\u00ba edital de convoca\u00e7\u00e3o de aprovados no \u00faltimo concurso do \u00f3rg\u00e3o, realizado em 2018. A medida confirma a tradi\u00e7\u00e3o do MPU em convocar muitos candidatos para al\u00e9m das vagas ofertadas no certame. De [&hellip;]","og_url":"https:\/\/www.estrategiaconcursos.com.br\/blog\/concurso-mpu-divulgada-a-69a-convocacao-de-aprovados\/","og_site_name":"Estrat\u00e9gia Concursos","article_author":"https:\/\/www.facebook.com\/rvale01","article_published_time":"2019-07-15T12:36:39+00:00","article_modified_time":"2019-07-15T13:16:37+00:00","og_image":[{"width":400,"height":209,"url":"https:\/\/dhg1h5j42swfq.cloudfront.net\/2018\/06\/26163235\/MPU-e1530041571293.jpg","type":"image\/jpeg"}],"author":"Ricardo Vale","twitter_card":"summary_large_image","twitter_creator":"@https:\/\/twitter.com\/EstratConcursos","twitter_site":"@EstratConcursos","twitter_misc":{"Escrito por":"Ricardo Vale","Est. tempo de leitura":"1 minuto"},"schema":{"@context":"https:\/\/schema.org","@graph":[{"@type":"NewsArticle","@id":"https:\/\/www.estrategiaconcursos.com.br\/blog\/concurso-mpu-divulgada-a-69a-convocacao-de-aprovados\/#article","isPartOf":{"@id":"https:\/\/www.estrategiaconcursos.com.br\/blog\/concurso-mpu-divulgada-a-69a-convocacao-de-aprovados\/"},"author":{"name":"Ricardo Vale","@id":"https:\/\/www.estrategiaconcursos.com.br\/blog\/#\/schema\/person\/c32e47dba2159cafe7796a9569a6ff7e"},"headline":"Concurso MPU: divulgada a 69\u00aa convoca\u00e7\u00e3o de aprovados","datePublished":"2019-07-15T12:36:39+00:00","dateModified":"2019-07-15T13:16:37+00:00","mainEntityOfPage":{"@id":"https:\/\/www.estrategiaconcursos.com.br\/blog\/concurso-mpu-divulgada-a-69a-convocacao-de-aprovados\/"},"wordCount":314,"commentCount":0,"publisher":{"@id":"https:\/\/www.estrategiaconcursos.com.br\/blog\/#organization"},"image":{"@id":"https:\/\/www.estrategiaconcursos.com.br\/blog\/concurso-mpu-divulgada-a-69a-convocacao-de-aprovados\/#primaryimage"},"thumbnailUrl":"https:\/\/dhg1h5j42swfq.cloudfront.net\/2018\/06\/26163235\/MPU-e1530041571293.jpg","articleSection":["Concursos P\u00fablicos","Tribunais"],"inLanguage":"pt-BR","potentialAction":[{"@type":"CommentAction","name":"Comment","target":["https:\/\/www.estrategiaconcursos.com.br\/blog\/concurso-mpu-divulgada-a-69a-convocacao-de-aprovados\/#respond"]}],"copyrightYear":"2019","copyrightHolder":{"@id":"https:\/\/www.estrategiaconcursos.com.br\/blog\/#organization"}},{"@type":"WebPage","@id":"https:\/\/www.estrategiaconcursos.com.br\/blog\/concurso-mpu-divulgada-a-69a-convocacao-de-aprovados\/","url":"https:\/\/www.estrategiaconcursos.com.br\/blog\/concurso-mpu-divulgada-a-69a-convocacao-de-aprovados\/","name":"Concurso MPU: divulgada a 69\u00aa convoca\u00e7\u00e3o de aprovados","isPartOf":{"@id":"https:\/\/www.estrategiaconcursos.com.br\/blog\/#website"},"primaryImageOfPage":{"@id":"https:\/\/www.estrategiaconcursos.com.br\/blog\/concurso-mpu-divulgada-a-69a-convocacao-de-aprovados\/#primaryimage"},"image":{"@id":"https:\/\/www.estrategiaconcursos.com.br\/blog\/concurso-mpu-divulgada-a-69a-convocacao-de-aprovados\/#primaryimage"},"thumbnailUrl":"https:\/\/dhg1h5j42swfq.cloudfront.net\/2018\/06\/26163235\/MPU-e1530041571293.jpg","datePublished":"2019-07-15T12:36:39+00:00","dateModified":"2019-07-15T13:16:37+00:00","breadcrumb":{"@id":"https:\/\/www.estrategiaconcursos.com.br\/blog\/concurso-mpu-divulgada-a-69a-convocacao-de-aprovados\/#breadcrumb"},"inLanguage":"pt-BR","potentialAction":[{"@type":"ReadAction","target":["https:\/\/www.estrategiaconcursos.com.br\/blog\/concurso-mpu-divulgada-a-69a-convocacao-de-aprovados\/"]}]},{"@type":"ImageObject","inLanguage":"pt-BR","@id":"https:\/\/www.estrategiaconcursos.com.br\/blog\/concurso-mpu-divulgada-a-69a-convocacao-de-aprovados\/#primaryimage","url":"https:\/\/dhg1h5j42swfq.cloudfront.net\/2018\/06\/26163235\/MPU-e1530041571293.jpg","contentUrl":"https:\/\/dhg1h5j42swfq.cloudfront.net\/2018\/06\/26163235\/MPU-e1530041571293.jpg","width":400,"height":209,"caption":"concurso mpu"},{"@type":"BreadcrumbList","@id":"https:\/\/www.estrategiaconcursos.com.br\/blog\/concurso-mpu-divulgada-a-69a-convocacao-de-aprovados\/#breadcrumb","itemListElement":[{"@type":"ListItem","position":1,"name":"In\u00edcio","item":"https:\/\/www.estrategiaconcursos.com.br\/blog\/"},{"@type":"ListItem","position":2,"name":"Concurso MPU: divulgada a 69\u00aa convoca\u00e7\u00e3o de aprovados"}]},{"@type":"WebSite","@id":"https:\/\/www.estrategiaconcursos.com.br\/blog\/#website","url":"https:\/\/www.estrategiaconcursos.com.br\/blog\/","name":"Estrat\u00e9gia Concursos","description":"O blog da Estrat\u00e9gia Concursos traz not\u00edcias sobre concursos e artigos de professores oferecendo cursos para concursos (pdf + videaulas) no site.","publisher":{"@id":"https:\/\/www.estrategiaconcursos.com.br\/blog\/#organization"},"potentialAction":[{"@type":"SearchAction","target":{"@type":"EntryPoint","urlTemplate":"https:\/\/www.estrategiaconcursos.com.br\/blog\/?s={search_term_string}"},"query-input":{"@type":"PropertyValueSpecification","valueRequired":true,"valueName":"search_term_string"}}],"inLanguage":"pt-BR"},{"@type":"Organization","@id":"https:\/\/www.estrategiaconcursos.com.br\/blog\/#organization","name":"Estrat\u00e9gia Concursos","url":"https:\/\/www.estrategiaconcursos.com.br\/blog\/","logo":{"@type":"ImageObject","inLanguage":"pt-BR","@id":"https:\/\/www.estrategiaconcursos.com.br\/blog\/#\/schema\/logo\/image\/","url":"https:\/\/dhg1h5j42swfq.cloudfront.net\/2025\/06\/03203428\/logo_concursos-1.jpg","contentUrl":"https:\/\/dhg1h5j42swfq.cloudfront.net\/2025\/06\/03203428\/logo_concursos-1.jpg","width":230,"height":60,"caption":"Estrat\u00e9gia Concursos"},"image":{"@id":"https:\/\/www.estrategiaconcursos.com.br\/blog\/#\/schema\/logo\/image\/"},"sameAs":["https:\/\/x.com\/EstratConcursos"]},{"@type":"Person","@id":"https:\/\/www.estrategiaconcursos.com.br\/blog\/#\/schema\/person\/c32e47dba2159cafe7796a9569a6ff7e","name":"Ricardo Vale","image":{"@type":"ImageObject","inLanguage":"pt-BR","@id":"https:\/\/secure.gravatar.com\/avatar\/e5a5658c798bb49dd53314263f59f38c192d73370fb65839a372c2ae9027be74?s=96&d=mm&r=g","url":"https:\/\/secure.gravatar.com\/avatar\/e5a5658c798bb49dd53314263f59f38c192d73370fb65839a372c2ae9027be74?s=96&d=mm&r=g","contentUrl":"https:\/\/secure.gravatar.com\/avatar\/e5a5658c798bb49dd53314263f59f38c192d73370fb65839a372c2ae9027be74?s=96&d=mm&r=g","caption":"Ricardo Vale"},"sameAs":["https:\/\/www.facebook.com\/rvale01","https:\/\/x.com\/https:\/\/twitter.com\/EstratConcursos"],"url":"https:\/\/www.estrategiaconcursos.com.br\/blog\/author\/ricardovaleestrategiaconcursos-com-br\/"}]}},"_links":{"self":[{"href":"https:\/\/www.estrategiaconcursos.com.br\/blog\/wp-json\/wp\/v2\/posts\/398650","targetHints":{"allow":["GET"]}}],"collection":[{"href":"https:\/\/www.estrategiaconcursos.com.br\/blog\/wp-json\/wp\/v2\/posts"}],"about":[{"href":"https:\/\/www.estrategiaconcursos.com.br\/blog\/wp-json\/wp\/v2\/types\/post"}],"author":[{"embeddable":true,"href":"https:\/\/www.estrategiaconcursos.com.br\/blog\/wp-json\/wp\/v2\/users\/26"}],"replies":[{"embeddable":true,"href":"https:\/\/www.estrategiaconcursos.com.br\/blog\/wp-json\/wp\/v2\/comments?post=398650"}],"version-history":[{"count":2,"href":"https:\/\/www.estrategiaconcursos.com.br\/blog\/wp-json\/wp\/v2\/posts\/398650\/revisions"}],"predecessor-version":[{"id":398745,"href":"https:\/\/www.estrategiaconcursos.com.br\/blog\/wp-json\/wp\/v2\/posts\/398650\/revisions\/398745"}],"wp:featuredmedia":[{"embeddable":true,"href":"https:\/\/www.estrategiaconcursos.com.br\/blog\/wp-json\/wp\/v2\/media\/128583"}],"wp:attachment":[{"href":"https:\/\/www.estrategiaconcursos.com.br\/blog\/wp-json\/wp\/v2\/media?parent=398650"}],"wp:term":[{"taxonomy":"category","embeddable":true,"href":"https:\/\/www.estrategiaconcursos.com.br\/blog\/wp-json\/wp\/v2\/categories?post=398650"},{"taxonomy":"post_tag","embeddable":true,"href":"https:\/\/www.estrategiaconcursos.com.br\/blog\/wp-json\/wp\/v2\/tags?post=398650"},{"taxonomy":"tax_estado","embeddable":true,"href":"https:\/\/www.estrategiaconcursos.com.br\/blog\/wp-json\/wp\/v2\/tax_estado?post=398650"}],"curies":[{"name":"wp","href":"https:\/\/api.w.org\/{rel}","templated":true}]}}