{"id":398111,"date":"2019-07-15T08:15:56","date_gmt":"2019-07-15T11:15:56","guid":{"rendered":"https:\/\/www.estrategiaconcursos.com.br\/blog\/?p=398111"},"modified":"2019-09-10T18:39:35","modified_gmt":"2019-09-10T21:39:35","slug":"semana-oab-aulas-gratuitas","status":"publish","type":"post","link":"https:\/\/www.estrategiaconcursos.com.br\/blog\/semana-oab-aulas-gratuitas\/","title":{"rendered":"Semana OAB: aulas gratuitas com dicas para a segunda fase"},"content":{"rendered":"\n<p>A 2\u00aa fase do XXIX Exame de Ordem est\u00e1 pr\u00f3xima, ocorrer\u00e1 18 de agosto. Realizado tr\u00eas vezes ao ano, o Exame de Ordem \u00e9 requisito essencial para a solicita\u00e7\u00e3o de registro nos quadros da advocacia brasileira, como disp\u00f5e o artigo 8\u00ba, IV do Estatuto da Advocacia.<\/p>\n\n\n\n<p>Enquanto que a 1\u00aa fase do Exame de Ordem busca avaliar os conhecimentos te\u00f3ricos adquiridos durante o curso de Direito, em todas as disciplinas do curr\u00edculo nacional m\u00ednimo, a 2\u00aa fase exige maior profundidade e especializa\u00e7\u00e3o.<\/p>\n\n\n\n<p>A chamada\u00a0<strong>prova\u00a0pr\u00e1tico-profissional<\/strong>\u00a0avalia a express\u00e3o escrita e as compet\u00eancias pr\u00e1ticas dos futuros operadores do Direito nas \u00e1reas profissionais de sua escolha. Esta prova \u00e9 composta por duas partes: uma\u00a0<strong>pe\u00e7a\u00a0processual<\/strong>, no valor de 5 pontos.<\/p>\n\n\n\n<p>Al\u00e9m de\u00a0<strong>quatro\u00a0quest\u00f5es\u00a0discursivas<\/strong>(valendo 1,25 pontos cada). Para ser aprovado \u00e9 necess\u00e1rio alcan\u00e7ar 60% de aproveitamento (6 pontos). <\/p>\n\n\n\n<p>A 2\u00aa fase tamb\u00e9m tem dura\u00e7\u00e3o de&nbsp;<strong>5&nbsp;horas<\/strong>&nbsp;e, diferentemente da prova objetiva,&nbsp;<strong>permite&nbsp;consulta<\/strong>&nbsp;a legisla\u00e7\u00e3o n\u00e3o comentada ou anotada.<\/p>\n\n\n\n<p style=\"font-size:25px;text-align:center\" class=\"has-background has-luminous-vivid-amber-background-color\"><strong>Saiba mais: <\/strong><a rel=\"noreferrer noopener\" aria-label=\" (abre numa nova aba)\" href=\"https:\/\/www.estrategiaconcursos.com.br\/blog\/exame-de-ordem-2\/\" target=\"_blank\"><strong>Exame da Ordem XXIX <\/strong><\/a><\/p>\n\n\n\n<p>Programamos uma semana intensa de aulas para cobrir todos os conte\u00fados mais relevantes para as disciplinas do programa da 2\u00aa fase. Todas as aulas ser\u00e3o transmitidas\u00a0<strong>ao vivo<\/strong>\u00a0e\u00a0<strong>gratuitamente<\/strong> em nosso canal do YouTube. <\/p>\n\n\n\n<p>A\u00a0<strong>Semana OAB<\/strong>\u00a0se estende dos dias\u00a0<strong>15 a 19 de julho<\/strong>. A nossa programa\u00e7\u00e3o di\u00e1ria come\u00e7a a ser transmitida \u00e0s 14h (hor\u00e1rio de Bras\u00edlia). Confira a programa\u00e7\u00e3o completa: <\/p>\n\n\n\n<p><strong>15\/7<\/strong><br \/> <em>Direito Penal \u2013 \u00e0s 14 horas<\/em><\/p>\n\n\n\n<p><strong>16\/7<\/strong><br \/> <em>Direito Tribut\u00e1rio \u2013 14 horas<\/em><\/p>\n\n\n\n<p><strong>17\/7 <\/strong><br \/> <em>Direito Administrativo \u2013 14 horas<br \/> Direito Constitucional \u2013 \u00e0s 19 horas<\/em><\/p>\n\n\n\n<p><strong>18\/7<\/strong> <br \/><em>Direito Civil \u2013 \u00e0s 19 horas<\/em><\/p>\n\n\n\n<p><strong>19\/7 <\/strong><br \/><em>Direito Empresarial &#8211; 14 horas<\/em><\/p>\n\n\n\n<p><em>*** Direito do Trabalho \u2013 a confirmar<\/em><\/p>\n\n\n\n<p style=\"font-size:25px;text-align:center\" class=\"has-background has-light-green-cyan-background-color\"><a rel=\"noreferrer noopener\" aria-label=\"Assista aqui: Exame da ordem (abre numa nova aba)\" href=\"https:\/\/www.youtube.com\/watch?v=YKuZ54klz0Y\" target=\"_blank\"><strong>Assista aqui: Exame da ordem<\/strong><\/a><\/p>\n\n\n\n<figure class=\"wp-block-image\"><img loading=\"lazy\" decoding=\"async\" width=\"1920\" height=\"480\" src=\"https:\/\/dhg1h5j42swfq.cloudfront.net\/2019\/07\/12170506\/OAB.jpg\" alt=\"\" class=\"wp-image-398278\" srcset=\"https:\/\/dhg1h5j42swfq.cloudfront.net\/2019\/07\/12170506\/OAB.jpg 1920w, https:\/\/dhg1h5j42swfq.cloudfront.net\/2019\/07\/12170506\/OAB.jpg 300w, https:\/\/dhg1h5j42swfq.cloudfront.net\/2019\/07\/12170506\/OAB.jpg 768w, https:\/\/dhg1h5j42swfq.cloudfront.net\/2019\/07\/12170506\/OAB.jpg 1024w, https:\/\/dhg1h5j42swfq.cloudfront.net\/2019\/07\/12170506\/OAB.jpg 610w\" sizes=\"auto, (max-width: 1920px) 100vw, 1920px\" \/><\/figure>\n\n\n\n<h2 class=\"wp-block-heading\">Pacotes completos para a 2\u00aa fase<\/h2>\n\n\n\n<p><a href=\"https:\/\/www.estrategiaconcursos.com.br\/curso\/1-curso-de-direito-administrativo-p-oab-2-fase-xxviii-exame-de-ordem-com-monitoria\/\" target=\"_blank\" rel=\"noreferrer noopener\">Direito Administrativo (com Monitoria)<\/a><\/p>\n\n\n\n<p><a href=\"https:\/\/www.estrategiaconcursos.com.br\/curso\/curso-de-direito-administrativo-p-oab-2-fase-xxviii-exame-de-ordem\/\">Direito Administrativo<\/a><\/p>\n\n\n\n<p><a href=\"https:\/\/www.estrategiaconcursos.com.br\/curso\/3-curso-de-direito-constitucional-p-oab-2-fase-xxviii-exame-de-ordem-com-monitoria\/\" target=\"_blank\" rel=\"noreferrer noopener\">Direito Constitucional (com Monitoria)<\/a><\/p>\n\n\n\n<p><a href=\"https:\/\/www.estrategiaconcursos.com.br\/curso\/curso-de-direito-constitucional-p-oab-2-fase-xxviii-exame-de-ordem\/\">Direito Constitucional<\/a><\/p>\n\n\n\n<p><a href=\"https:\/\/www.estrategiaconcursos.com.br\/curso\/2-curso-de-direito-civil-p-oab-2-fase-xxviii-exame-de-ordem-com-monitoria\/\" target=\"_blank\" rel=\"noreferrer noopener\">Direito Civil (com Monitoria)<\/a><\/p>\n\n\n\n<p><a href=\"https:\/\/www.estrategiaconcursos.com.br\/curso\/curso-de-direito-civil-p-oab-2-fase-xxviii-exame-de-ordem\/\" target=\"_blank\" rel=\"noreferrer noopener\">Direito Civil<\/a><\/p>\n\n\n\n<p><a href=\"https:\/\/www.estrategiaconcursos.com.br\/curso\/5-curso-de-direito-do-trabalho-p-oab-2-fase-xxviii-exame-de-ordem-com-monitoria\/\" target=\"_blank\" rel=\"noreferrer noopener\">Direito do Trabalho (com Monitoria)<\/a><\/p>\n\n\n\n<p><a href=\"https:\/\/www.estrategiaconcursos.com.br\/curso\/curso-de-direito-do-trabalho-p-oab-2-fase-xxviii-exame-de-ordem\/\" target=\"_blank\" rel=\"noreferrer noopener\">Direito do Trabalho<\/a><\/p>\n\n\n\n<p><a href=\"https:\/\/www.estrategiaconcursos.com.br\/curso\/7-curso-de-direito-empresarial-p-oab-2-fase-xxviii-exame-de-ordem-com-monitoria\/\" target=\"_blank\" rel=\"noreferrer noopener\">Direito Empresarial (com Monitoria)<\/a><\/p>\n\n\n\n<p><a href=\"https:\/\/www.estrategiaconcursos.com.br\/curso\/curso-de-direito-empresarial-p-oab-2-fase-xxviii-exame-de-ordem\/\" target=\"_blank\" rel=\"noreferrer noopener\">Direito Empresarial<\/a><\/p>\n\n\n\n<p><a href=\"https:\/\/www.estrategiaconcursos.com.br\/curso\/4-curso-de-direito-penal-p-oab-2-fase-xxviii-exame-de-ordem-com-monitoria\/\">Direito Penal (com Monitoria)<\/a><\/p>\n\n\n\n<p><a href=\"https:\/\/www.estrategiaconcursos.com.br\/curso\/curso-de-direito-penal-p-oab-2-fase-xxviii-exame-de-ordem\/\" target=\"_blank\" rel=\"noreferrer noopener\">Direito Penal<\/a><\/p>\n\n\n\n<p><a href=\"https:\/\/www.estrategiaconcursos.com.br\/curso\/6-curso-de-direito-tributario-p-oab-2-fase-xxviii-exame-de-ordem-com-monitoria\/\" target=\"_blank\" rel=\"noreferrer noopener\">Direito Tribut\u00e1rio (com Monitoria)<\/a><\/p>\n\n\n\n<p><a rel=\"noreferrer noopener\" href=\"https:\/\/www.estrategiaconcursos.com.br\/curso\/curso-de-direito-tributario-p-oab-2-fase-xxviii-exame-de-ordem\/\" target=\"_blank\">Direito Tribut\u00e1rio<\/a><\/p>\n\n\n\n<p><em>Ascom&nbsp;Estrat\u00e9gia<\/em><br \/>ascomestrategia@gmail.com<\/p>\n","protected":false},"excerpt":{"rendered":"<p>A 2\u00aa fase do XXIX Exame de Ordem est\u00e1 pr\u00f3xima, ocorrer\u00e1 18 de agosto. Realizado tr\u00eas vezes ao ano, o Exame de Ordem \u00e9 requisito essencial para a solicita\u00e7\u00e3o de registro nos quadros da advocacia brasileira, como disp\u00f5e o artigo 8\u00ba, IV do Estatuto da Advocacia. Enquanto que a 1\u00aa fase do Exame de Ordem [&hellip;]<\/p>\n","protected":false},"author":180,"featured_media":0,"comment_status":"open","ping_status":"closed","sticky":false,"template":"","format":"standard","meta":{"post_tipo":"article","footnotes":""},"categories":[1],"tags":[],"tax_estado":[],"class_list":["post-398111","post","type-post","status-publish","format-standard","hentry","category-cursos-e-concursos"],"acf":[],"yoast_head":"<!-- This site is optimized with the Yoast SEO Premium plugin v27.2 (Yoast SEO v27.2) - https:\/\/yoast.com\/product\/yoast-seo-premium-wordpress\/ -->\n<title>Semana OAB: aulas gratuitas com dicas para a segunda fase<\/title>\n<meta name=\"robots\" content=\"index, follow, max-snippet:-1, max-image-preview:large, max-video-preview:-1\" \/>\n<link rel=\"canonical\" href=\"https:\/\/www.estrategiaconcursos.com.br\/blog\/semana-oab-aulas-gratuitas\/\" \/>\n<meta property=\"og:locale\" content=\"pt_BR\" \/>\n<meta property=\"og:type\" content=\"article\" \/>\n<meta property=\"og:title\" content=\"Semana OAB: aulas gratuitas com dicas para a segunda fase\" \/>\n<meta property=\"og:description\" content=\"A 2\u00aa fase do XXIX Exame de Ordem est\u00e1 pr\u00f3xima, ocorrer\u00e1 18 de agosto. Realizado tr\u00eas vezes ao ano, o Exame de Ordem \u00e9 requisito essencial para a solicita\u00e7\u00e3o de registro nos quadros da advocacia brasileira, como disp\u00f5e o artigo 8\u00ba, IV do Estatuto da Advocacia. Enquanto que a 1\u00aa fase do Exame de Ordem [&hellip;]\" \/>\n<meta property=\"og:url\" content=\"https:\/\/www.estrategiaconcursos.com.br\/blog\/semana-oab-aulas-gratuitas\/\" \/>\n<meta property=\"og:site_name\" content=\"Estrat\u00e9gia Concursos\" \/>\n<meta property=\"article:author\" content=\"https:\/\/www.facebook.com\/ricardo.s.torques\" \/>\n<meta property=\"article:published_time\" content=\"2019-07-15T11:15:56+00:00\" \/>\n<meta property=\"article:modified_time\" content=\"2019-09-10T21:39:35+00:00\" \/>\n<meta property=\"og:image\" content=\"https:\/\/www.estrategiaconcursos.com.br\/blog\/wp-content\/uploads\/2019\/07\/OAB-1024x256.jpg\" \/>\n<meta name=\"author\" content=\"Ricardo Torques\" \/>\n<meta name=\"twitter:card\" content=\"summary_large_image\" \/>\n<meta name=\"twitter:creator\" content=\"@EstratConcursos\" \/>\n<meta name=\"twitter:site\" content=\"@EstratConcursos\" \/>\n<meta name=\"twitter:label1\" content=\"Escrito por\" \/>\n\t<meta name=\"twitter:data1\" content=\"Ricardo Torques\" \/>\n\t<meta name=\"twitter:label2\" content=\"Est. tempo de leitura\" \/>\n\t<meta name=\"twitter:data2\" content=\"2 minutos\" \/>\n<script type=\"application\/ld+json\" class=\"yoast-schema-graph\">{\"@context\":\"https:\/\/schema.org\",\"@graph\":[{\"@type\":\"NewsArticle\",\"@id\":\"https:\/\/www.estrategiaconcursos.com.br\/blog\/semana-oab-aulas-gratuitas\/#article\",\"isPartOf\":{\"@id\":\"https:\/\/www.estrategiaconcursos.com.br\/blog\/semana-oab-aulas-gratuitas\/\"},\"author\":{\"name\":\"Ricardo Torques\",\"@id\":\"https:\/\/www.estrategiaconcursos.com.br\/blog\/#\/schema\/person\/aa39cf5ddb518e5bdce27c35788405e2\"},\"headline\":\"Semana OAB: aulas gratuitas com dicas para a segunda fase\",\"datePublished\":\"2019-07-15T11:15:56+00:00\",\"dateModified\":\"2019-09-10T21:39:35+00:00\",\"mainEntityOfPage\":{\"@id\":\"https:\/\/www.estrategiaconcursos.com.br\/blog\/semana-oab-aulas-gratuitas\/\"},\"wordCount\":351,\"commentCount\":0,\"publisher\":{\"@id\":\"https:\/\/www.estrategiaconcursos.com.br\/blog\/#organization\"},\"image\":{\"@id\":\"https:\/\/www.estrategiaconcursos.com.br\/blog\/semana-oab-aulas-gratuitas\/#primaryimage\"},\"thumbnailUrl\":\"https:\/\/www.estrategiaconcursos.com.br\/blog\/wp-content\/uploads\/2019\/07\/OAB-1024x256.jpg\",\"articleSection\":[\"Concursos P\u00fablicos\"],\"inLanguage\":\"pt-BR\",\"potentialAction\":[{\"@type\":\"CommentAction\",\"name\":\"Comment\",\"target\":[\"https:\/\/www.estrategiaconcursos.com.br\/blog\/semana-oab-aulas-gratuitas\/#respond\"]}],\"copyrightYear\":\"2019\",\"copyrightHolder\":{\"@id\":\"https:\/\/www.estrategiaconcursos.com.br\/blog\/#organization\"}},{\"@type\":\"WebPage\",\"@id\":\"https:\/\/www.estrategiaconcursos.com.br\/blog\/semana-oab-aulas-gratuitas\/\",\"url\":\"https:\/\/www.estrategiaconcursos.com.br\/blog\/semana-oab-aulas-gratuitas\/\",\"name\":\"Semana OAB: aulas gratuitas com dicas para a segunda fase\",\"isPartOf\":{\"@id\":\"https:\/\/www.estrategiaconcursos.com.br\/blog\/#website\"},\"primaryImageOfPage\":{\"@id\":\"https:\/\/www.estrategiaconcursos.com.br\/blog\/semana-oab-aulas-gratuitas\/#primaryimage\"},\"image\":{\"@id\":\"https:\/\/www.estrategiaconcursos.com.br\/blog\/semana-oab-aulas-gratuitas\/#primaryimage\"},\"thumbnailUrl\":\"https:\/\/www.estrategiaconcursos.com.br\/blog\/wp-content\/uploads\/2019\/07\/OAB-1024x256.jpg\",\"datePublished\":\"2019-07-15T11:15:56+00:00\",\"dateModified\":\"2019-09-10T21:39:35+00:00\",\"breadcrumb\":{\"@id\":\"https:\/\/www.estrategiaconcursos.com.br\/blog\/semana-oab-aulas-gratuitas\/#breadcrumb\"},\"inLanguage\":\"pt-BR\",\"potentialAction\":[{\"@type\":\"ReadAction\",\"target\":[\"https:\/\/www.estrategiaconcursos.com.br\/blog\/semana-oab-aulas-gratuitas\/\"]}]},{\"@type\":\"ImageObject\",\"inLanguage\":\"pt-BR\",\"@id\":\"https:\/\/www.estrategiaconcursos.com.br\/blog\/semana-oab-aulas-gratuitas\/#primaryimage\",\"url\":\"https:\/\/dhg1h5j42swfq.cloudfront.net\/2019\/07\/12170506\/OAB.jpg\",\"contentUrl\":\"https:\/\/dhg1h5j42swfq.cloudfront.net\/2019\/07\/12170506\/OAB.jpg\",\"width\":1920,\"height\":480},{\"@type\":\"BreadcrumbList\",\"@id\":\"https:\/\/www.estrategiaconcursos.com.br\/blog\/semana-oab-aulas-gratuitas\/#breadcrumb\",\"itemListElement\":[{\"@type\":\"ListItem\",\"position\":1,\"name\":\"In\u00edcio\",\"item\":\"https:\/\/www.estrategiaconcursos.com.br\/blog\/\"},{\"@type\":\"ListItem\",\"position\":2,\"name\":\"Semana OAB: aulas gratuitas com dicas para a segunda fase\"}]},{\"@type\":\"WebSite\",\"@id\":\"https:\/\/www.estrategiaconcursos.com.br\/blog\/#website\",\"url\":\"https:\/\/www.estrategiaconcursos.com.br\/blog\/\",\"name\":\"Estrat\u00e9gia Concursos\",\"description\":\"O blog da Estrat\u00e9gia Concursos traz not\u00edcias sobre concursos e artigos de professores oferecendo cursos para concursos (pdf + videaulas) no site.\",\"publisher\":{\"@id\":\"https:\/\/www.estrategiaconcursos.com.br\/blog\/#organization\"},\"potentialAction\":[{\"@type\":\"SearchAction\",\"target\":{\"@type\":\"EntryPoint\",\"urlTemplate\":\"https:\/\/www.estrategiaconcursos.com.br\/blog\/?s={search_term_string}\"},\"query-input\":{\"@type\":\"PropertyValueSpecification\",\"valueRequired\":true,\"valueName\":\"search_term_string\"}}],\"inLanguage\":\"pt-BR\"},{\"@type\":\"Organization\",\"@id\":\"https:\/\/www.estrategiaconcursos.com.br\/blog\/#organization\",\"name\":\"Estrat\u00e9gia Concursos\",\"url\":\"https:\/\/www.estrategiaconcursos.com.br\/blog\/\",\"logo\":{\"@type\":\"ImageObject\",\"inLanguage\":\"pt-BR\",\"@id\":\"https:\/\/www.estrategiaconcursos.com.br\/blog\/#\/schema\/logo\/image\/\",\"url\":\"https:\/\/dhg1h5j42swfq.cloudfront.net\/2025\/06\/03203428\/logo_concursos-1.jpg\",\"contentUrl\":\"https:\/\/dhg1h5j42swfq.cloudfront.net\/2025\/06\/03203428\/logo_concursos-1.jpg\",\"width\":230,\"height\":60,\"caption\":\"Estrat\u00e9gia Concursos\"},\"image\":{\"@id\":\"https:\/\/www.estrategiaconcursos.com.br\/blog\/#\/schema\/logo\/image\/\"},\"sameAs\":[\"https:\/\/x.com\/EstratConcursos\"]},{\"@type\":\"Person\",\"@id\":\"https:\/\/www.estrategiaconcursos.com.br\/blog\/#\/schema\/person\/aa39cf5ddb518e5bdce27c35788405e2\",\"name\":\"Ricardo Torques\",\"image\":{\"@type\":\"ImageObject\",\"inLanguage\":\"pt-BR\",\"@id\":\"https:\/\/secure.gravatar.com\/avatar\/ce9ac6c3cff25fe86d15ed568ebc64d1724baf5c0693133bcb1f6073f712f92a?s=96&d=mm&r=g\",\"url\":\"https:\/\/secure.gravatar.com\/avatar\/ce9ac6c3cff25fe86d15ed568ebc64d1724baf5c0693133bcb1f6073f712f92a?s=96&d=mm&r=g\",\"contentUrl\":\"https:\/\/secure.gravatar.com\/avatar\/ce9ac6c3cff25fe86d15ed568ebc64d1724baf5c0693133bcb1f6073f712f92a?s=96&d=mm&r=g\",\"caption\":\"Ricardo Torques\"},\"sameAs\":[\"https:\/\/www.facebook.com\/ricardo.s.torques\"],\"url\":\"https:\/\/www.estrategiaconcursos.com.br\/blog\/author\/ricardotorquesestrategiaconcursos-com-br\/\"}]}<\/script>\n<!-- \/ Yoast SEO Premium plugin. -->","yoast_head_json":{"title":"Semana OAB: aulas gratuitas com dicas para a segunda fase","robots":{"index":"index","follow":"follow","max-snippet":"max-snippet:-1","max-image-preview":"max-image-preview:large","max-video-preview":"max-video-preview:-1"},"canonical":"https:\/\/www.estrategiaconcursos.com.br\/blog\/semana-oab-aulas-gratuitas\/","og_locale":"pt_BR","og_type":"article","og_title":"Semana OAB: aulas gratuitas com dicas para a segunda fase","og_description":"A 2\u00aa fase do XXIX Exame de Ordem est\u00e1 pr\u00f3xima, ocorrer\u00e1 18 de agosto. Realizado tr\u00eas vezes ao ano, o Exame de Ordem \u00e9 requisito essencial para a solicita\u00e7\u00e3o de registro nos quadros da advocacia brasileira, como disp\u00f5e o artigo 8\u00ba, IV do Estatuto da Advocacia. Enquanto que a 1\u00aa fase do Exame de Ordem [&hellip;]","og_url":"https:\/\/www.estrategiaconcursos.com.br\/blog\/semana-oab-aulas-gratuitas\/","og_site_name":"Estrat\u00e9gia Concursos","article_author":"https:\/\/www.facebook.com\/ricardo.s.torques","article_published_time":"2019-07-15T11:15:56+00:00","article_modified_time":"2019-09-10T21:39:35+00:00","og_image":[{"url":"https:\/\/www.estrategiaconcursos.com.br\/blog\/wp-content\/uploads\/2019\/07\/OAB-1024x256.jpg","type":"","width":"","height":""}],"author":"Ricardo Torques","twitter_card":"summary_large_image","twitter_creator":"@EstratConcursos","twitter_site":"@EstratConcursos","twitter_misc":{"Escrito por":"Ricardo Torques","Est. tempo de leitura":"2 minutos"},"schema":{"@context":"https:\/\/schema.org","@graph":[{"@type":"NewsArticle","@id":"https:\/\/www.estrategiaconcursos.com.br\/blog\/semana-oab-aulas-gratuitas\/#article","isPartOf":{"@id":"https:\/\/www.estrategiaconcursos.com.br\/blog\/semana-oab-aulas-gratuitas\/"},"author":{"name":"Ricardo Torques","@id":"https:\/\/www.estrategiaconcursos.com.br\/blog\/#\/schema\/person\/aa39cf5ddb518e5bdce27c35788405e2"},"headline":"Semana OAB: aulas gratuitas com dicas para a segunda fase","datePublished":"2019-07-15T11:15:56+00:00","dateModified":"2019-09-10T21:39:35+00:00","mainEntityOfPage":{"@id":"https:\/\/www.estrategiaconcursos.com.br\/blog\/semana-oab-aulas-gratuitas\/"},"wordCount":351,"commentCount":0,"publisher":{"@id":"https:\/\/www.estrategiaconcursos.com.br\/blog\/#organization"},"image":{"@id":"https:\/\/www.estrategiaconcursos.com.br\/blog\/semana-oab-aulas-gratuitas\/#primaryimage"},"thumbnailUrl":"https:\/\/www.estrategiaconcursos.com.br\/blog\/wp-content\/uploads\/2019\/07\/OAB-1024x256.jpg","articleSection":["Concursos P\u00fablicos"],"inLanguage":"pt-BR","potentialAction":[{"@type":"CommentAction","name":"Comment","target":["https:\/\/www.estrategiaconcursos.com.br\/blog\/semana-oab-aulas-gratuitas\/#respond"]}],"copyrightYear":"2019","copyrightHolder":{"@id":"https:\/\/www.estrategiaconcursos.com.br\/blog\/#organization"}},{"@type":"WebPage","@id":"https:\/\/www.estrategiaconcursos.com.br\/blog\/semana-oab-aulas-gratuitas\/","url":"https:\/\/www.estrategiaconcursos.com.br\/blog\/semana-oab-aulas-gratuitas\/","name":"Semana OAB: aulas gratuitas com dicas para a segunda fase","isPartOf":{"@id":"https:\/\/www.estrategiaconcursos.com.br\/blog\/#website"},"primaryImageOfPage":{"@id":"https:\/\/www.estrategiaconcursos.com.br\/blog\/semana-oab-aulas-gratuitas\/#primaryimage"},"image":{"@id":"https:\/\/www.estrategiaconcursos.com.br\/blog\/semana-oab-aulas-gratuitas\/#primaryimage"},"thumbnailUrl":"https:\/\/www.estrategiaconcursos.com.br\/blog\/wp-content\/uploads\/2019\/07\/OAB-1024x256.jpg","datePublished":"2019-07-15T11:15:56+00:00","dateModified":"2019-09-10T21:39:35+00:00","breadcrumb":{"@id":"https:\/\/www.estrategiaconcursos.com.br\/blog\/semana-oab-aulas-gratuitas\/#breadcrumb"},"inLanguage":"pt-BR","potentialAction":[{"@type":"ReadAction","target":["https:\/\/www.estrategiaconcursos.com.br\/blog\/semana-oab-aulas-gratuitas\/"]}]},{"@type":"ImageObject","inLanguage":"pt-BR","@id":"https:\/\/www.estrategiaconcursos.com.br\/blog\/semana-oab-aulas-gratuitas\/#primaryimage","url":"https:\/\/dhg1h5j42swfq.cloudfront.net\/2019\/07\/12170506\/OAB.jpg","contentUrl":"https:\/\/dhg1h5j42swfq.cloudfront.net\/2019\/07\/12170506\/OAB.jpg","width":1920,"height":480},{"@type":"BreadcrumbList","@id":"https:\/\/www.estrategiaconcursos.com.br\/blog\/semana-oab-aulas-gratuitas\/#breadcrumb","itemListElement":[{"@type":"ListItem","position":1,"name":"In\u00edcio","item":"https:\/\/www.estrategiaconcursos.com.br\/blog\/"},{"@type":"ListItem","position":2,"name":"Semana OAB: aulas gratuitas com dicas para a segunda fase"}]},{"@type":"WebSite","@id":"https:\/\/www.estrategiaconcursos.com.br\/blog\/#website","url":"https:\/\/www.estrategiaconcursos.com.br\/blog\/","name":"Estrat\u00e9gia Concursos","description":"O blog da Estrat\u00e9gia Concursos traz not\u00edcias sobre concursos e artigos de professores oferecendo cursos para concursos (pdf + videaulas) no site.","publisher":{"@id":"https:\/\/www.estrategiaconcursos.com.br\/blog\/#organization"},"potentialAction":[{"@type":"SearchAction","target":{"@type":"EntryPoint","urlTemplate":"https:\/\/www.estrategiaconcursos.com.br\/blog\/?s={search_term_string}"},"query-input":{"@type":"PropertyValueSpecification","valueRequired":true,"valueName":"search_term_string"}}],"inLanguage":"pt-BR"},{"@type":"Organization","@id":"https:\/\/www.estrategiaconcursos.com.br\/blog\/#organization","name":"Estrat\u00e9gia Concursos","url":"https:\/\/www.estrategiaconcursos.com.br\/blog\/","logo":{"@type":"ImageObject","inLanguage":"pt-BR","@id":"https:\/\/www.estrategiaconcursos.com.br\/blog\/#\/schema\/logo\/image\/","url":"https:\/\/dhg1h5j42swfq.cloudfront.net\/2025\/06\/03203428\/logo_concursos-1.jpg","contentUrl":"https:\/\/dhg1h5j42swfq.cloudfront.net\/2025\/06\/03203428\/logo_concursos-1.jpg","width":230,"height":60,"caption":"Estrat\u00e9gia Concursos"},"image":{"@id":"https:\/\/www.estrategiaconcursos.com.br\/blog\/#\/schema\/logo\/image\/"},"sameAs":["https:\/\/x.com\/EstratConcursos"]},{"@type":"Person","@id":"https:\/\/www.estrategiaconcursos.com.br\/blog\/#\/schema\/person\/aa39cf5ddb518e5bdce27c35788405e2","name":"Ricardo Torques","image":{"@type":"ImageObject","inLanguage":"pt-BR","@id":"https:\/\/secure.gravatar.com\/avatar\/ce9ac6c3cff25fe86d15ed568ebc64d1724baf5c0693133bcb1f6073f712f92a?s=96&d=mm&r=g","url":"https:\/\/secure.gravatar.com\/avatar\/ce9ac6c3cff25fe86d15ed568ebc64d1724baf5c0693133bcb1f6073f712f92a?s=96&d=mm&r=g","contentUrl":"https:\/\/secure.gravatar.com\/avatar\/ce9ac6c3cff25fe86d15ed568ebc64d1724baf5c0693133bcb1f6073f712f92a?s=96&d=mm&r=g","caption":"Ricardo Torques"},"sameAs":["https:\/\/www.facebook.com\/ricardo.s.torques"],"url":"https:\/\/www.estrategiaconcursos.com.br\/blog\/author\/ricardotorquesestrategiaconcursos-com-br\/"}]}},"_links":{"self":[{"href":"https:\/\/www.estrategiaconcursos.com.br\/blog\/wp-json\/wp\/v2\/posts\/398111","targetHints":{"allow":["GET"]}}],"collection":[{"href":"https:\/\/www.estrategiaconcursos.com.br\/blog\/wp-json\/wp\/v2\/posts"}],"about":[{"href":"https:\/\/www.estrategiaconcursos.com.br\/blog\/wp-json\/wp\/v2\/types\/post"}],"author":[{"embeddable":true,"href":"https:\/\/www.estrategiaconcursos.com.br\/blog\/wp-json\/wp\/v2\/users\/180"}],"replies":[{"embeddable":true,"href":"https:\/\/www.estrategiaconcursos.com.br\/blog\/wp-json\/wp\/v2\/comments?post=398111"}],"version-history":[{"count":3,"href":"https:\/\/www.estrategiaconcursos.com.br\/blog\/wp-json\/wp\/v2\/posts\/398111\/revisions"}],"predecessor-version":[{"id":398673,"href":"https:\/\/www.estrategiaconcursos.com.br\/blog\/wp-json\/wp\/v2\/posts\/398111\/revisions\/398673"}],"wp:attachment":[{"href":"https:\/\/www.estrategiaconcursos.com.br\/blog\/wp-json\/wp\/v2\/media?parent=398111"}],"wp:term":[{"taxonomy":"category","embeddable":true,"href":"https:\/\/www.estrategiaconcursos.com.br\/blog\/wp-json\/wp\/v2\/categories?post=398111"},{"taxonomy":"post_tag","embeddable":true,"href":"https:\/\/www.estrategiaconcursos.com.br\/blog\/wp-json\/wp\/v2\/tags?post=398111"},{"taxonomy":"tax_estado","embeddable":true,"href":"https:\/\/www.estrategiaconcursos.com.br\/blog\/wp-json\/wp\/v2\/tax_estado?post=398111"}],"curies":[{"name":"wp","href":"https:\/\/api.w.org\/{rel}","templated":true}]}}