{"id":398106,"date":"2019-07-15T09:39:47","date_gmt":"2019-07-15T12:39:47","guid":{"rendered":"https:\/\/www.estrategiaconcursos.com.br\/blog\/?p=398106"},"modified":"2023-02-28T14:30:56","modified_gmt":"2023-02-28T17:30:56","slug":"semana-das-discursivas-reforce-seus-estudos","status":"publish","type":"post","link":"https:\/\/www.estrategiaconcursos.com.br\/blog\/semana-das-discursivas-reforce-seus-estudos\/","title":{"rendered":"Reforce seus estudos com a Semana das Discursivas"},"content":{"rendered":"\n<p>Todo concurseiro sabe que para se sair bem nas provas dos concursos p\u00fablicos precisa conhecer as estruturas dos exames. Cada \u00f3rg\u00e3o possui suas exig\u00eancias e cada banca organizadora seus modos de formatar as provas.<\/p>\n\n\n\n<p>Pensando nisso a equipe de professores do Estrat\u00e9gia Concursos desenvolveu a <strong><em>&#8220;Semana Especial das Discursivas&#8221;<\/em><\/strong> para voc\u00ea ficar por dentro de tudo que pode ser cobrado no exame. <\/p>\n\n\n\n<p>As aulas abordam os principais erros cometidos pelos candidatos, estilos de provas discursivas das principais bancas, an\u00e1lise dos exames discursivos da \u00e1rea jur\u00eddica e al\u00e9m disso, voc\u00ea pode sanar d\u00favidas e de quebra ganhar dicas valiosas. <\/p>\n\n\n\n<p>Nesta segunda- feira, <strong>15 de julho, \u00e0s 19 horas<\/strong>, os professores <em>Carlos Roberto e M\u00e1rcio Damasceno<\/em>, dar\u00e3o o pontap\u00e9 inicial na &#8220;Semana Especial das Discursivas&#8221;, ajudando voc\u00ea entender &#8220;Como estruturar par\u00e1grafos argumentativos e expositivos&#8221;. <\/p>\n\n\n\n<p>Voc\u00ea acompanha ao vivo e gratuitamente atrav\u00e9s do canal do Estrat\u00e9gia Concursos no Youtube. Para participar basta clicar no v\u00eddeo abaixo!<\/p>\n\n\n\n<h2 class=\"wp-block-heading\" id=\"h-cronograma-semana-especial-das-discursivas\">Cronograma &#8220;Semana Especial das Discursivas&#8221;<\/h2>\n\n\n\n<figure class=\"wp-block-image aligncenter\"><img loading=\"lazy\" decoding=\"async\" width=\"765\" height=\"480\" src=\"https:\/\/dhg1h5j42swfq.cloudfront.net\/2019\/07\/12124020\/image57.png\" alt=\"Cronograma &quot;Semana Especial das Discursivas&quot;\" class=\"wp-image-398158\" srcset=\"https:\/\/dhg1h5j42swfq.cloudfront.net\/2019\/07\/12124020\/image57.png 765w, https:\/\/dhg1h5j42swfq.cloudfront.net\/2019\/07\/12124020\/image57.png 300w, https:\/\/dhg1h5j42swfq.cloudfront.net\/2019\/07\/12124020\/image57.png 610w\" sizes=\"auto, (max-width: 765px) 100vw, 765px\" \/><\/figure>\n\n\n\n<p class=\"has-text-align-center has-luminous-vivid-amber-background-color has-background\" style=\"font-size:clamp(16.293px, 1.018rem + ((1vw - 3.2px) * 0.854), 25px);px\"><span style=\"text-decoration: underline;\"><a rel=\"noreferrer noopener\" aria-label=\"Curso para concurso (abre numa nova aba)\" href=\"https:\/\/www.estrategiaconcursos.com.br\/cursos\/concurso\/\" target=\"_blank\"><strong><em>Curso para concurso<\/em><\/strong><\/a><\/span><\/p>\n\n\n\n<p class=\"has-text-align-center\"><em><strong>Assinatura Anual Ilimitada*<\/strong><\/em><\/p>\n\n\n\n<p class=\"has-text-align-center\"><em>Prepare-se com o melhor material e com quem mais aprova em Concursos P\u00fablicos em todo o pa\u00eds. Assine agora a nossa Assinatura Anual e tenha acesso ilimitado* a todos os nossos cursos.<\/em><\/p>\n\n\n\n<p class=\"has-text-align-center has-light-green-cyan-background-color has-background\" style=\"font-size:clamp(16.293px, 1.018rem + ((1vw - 3.2px) * 0.854), 25px);px\"><strong>ASSINE AGORA<\/strong>&nbsp;\u2013&nbsp;<a rel=\"noreferrer noopener\" href=\"https:\/\/www.estrategiaconcursos.com.br\/assinaturas\" target=\"_blank\">Assinatura Ilimitada<\/a><\/p>\n","protected":false},"excerpt":{"rendered":"<p>Todo concurseiro sabe que para se sair bem nas provas dos concursos p\u00fablicos precisa conhecer as estruturas dos exames. Cada \u00f3rg\u00e3o possui suas exig\u00eancias e cada banca organizadora seus modos de formatar as provas. Pensando nisso a equipe de professores do Estrat\u00e9gia Concursos desenvolveu a &#8220;Semana Especial das Discursivas&#8221; para voc\u00ea ficar por dentro de [&hellip;]<\/p>\n","protected":false},"author":254,"featured_media":0,"comment_status":"open","ping_status":"closed","sticky":false,"template":"","format":"standard","meta":{"post_tipo":"article","footnotes":""},"categories":[1],"tags":[],"tax_estado":[],"class_list":["post-398106","post","type-post","status-publish","format-standard","hentry","category-cursos-e-concursos"],"acf":[],"yoast_head":"<!-- This site is optimized with the Yoast SEO Premium plugin v27.2 (Yoast SEO v27.2) - https:\/\/yoast.com\/product\/yoast-seo-premium-wordpress\/ -->\n<title>Reforce seus estudos com a Semana das Discursivas<\/title>\n<meta name=\"robots\" content=\"index, follow, max-snippet:-1, max-image-preview:large, max-video-preview:-1\" \/>\n<link rel=\"canonical\" href=\"https:\/\/www.estrategiaconcursos.com.br\/blog\/semana-das-discursivas-reforce-seus-estudos\/\" \/>\n<meta property=\"og:locale\" content=\"pt_BR\" \/>\n<meta property=\"og:type\" content=\"article\" \/>\n<meta property=\"og:title\" content=\"Reforce seus estudos com a Semana das Discursivas\" \/>\n<meta property=\"og:description\" content=\"Todo concurseiro sabe que para se sair bem nas provas dos concursos p\u00fablicos precisa conhecer as estruturas dos exames. Cada \u00f3rg\u00e3o possui suas exig\u00eancias e cada banca organizadora seus modos de formatar as provas. Pensando nisso a equipe de professores do Estrat\u00e9gia Concursos desenvolveu a &#8220;Semana Especial das Discursivas&#8221; para voc\u00ea ficar por dentro de [&hellip;]\" \/>\n<meta property=\"og:url\" content=\"https:\/\/www.estrategiaconcursos.com.br\/blog\/semana-das-discursivas-reforce-seus-estudos\/\" \/>\n<meta property=\"og:site_name\" content=\"Estrat\u00e9gia Concursos\" \/>\n<meta property=\"article:published_time\" content=\"2019-07-15T12:39:47+00:00\" \/>\n<meta property=\"article:modified_time\" content=\"2023-02-28T17:30:56+00:00\" \/>\n<meta property=\"og:image\" content=\"https:\/\/www.estrategiaconcursos.com.br\/blog\/wp-content\/uploads\/2019\/07\/image57.png\" \/>\n<meta name=\"author\" content=\"Carlos Roberto Correa\" \/>\n<meta name=\"twitter:card\" content=\"summary_large_image\" \/>\n<meta name=\"twitter:creator\" content=\"@EstratConcursos\" \/>\n<meta name=\"twitter:site\" content=\"@EstratConcursos\" \/>\n<meta name=\"twitter:label1\" content=\"Escrito por\" \/>\n\t<meta name=\"twitter:data1\" content=\"Carlos Roberto Correa\" \/>\n\t<meta name=\"twitter:label2\" content=\"Est. tempo de leitura\" \/>\n\t<meta name=\"twitter:data2\" content=\"1 minuto\" \/>\n<script type=\"application\/ld+json\" class=\"yoast-schema-graph\">{\"@context\":\"https:\/\/schema.org\",\"@graph\":[{\"@type\":\"NewsArticle\",\"@id\":\"https:\/\/www.estrategiaconcursos.com.br\/blog\/semana-das-discursivas-reforce-seus-estudos\/#article\",\"isPartOf\":{\"@id\":\"https:\/\/www.estrategiaconcursos.com.br\/blog\/semana-das-discursivas-reforce-seus-estudos\/\"},\"author\":{\"name\":\"Carlos Roberto Correa\",\"@id\":\"https:\/\/www.estrategiaconcursos.com.br\/blog\/#\/schema\/person\/b04f52b4e46b9c2763b237dc0302b7a7\"},\"headline\":\"Reforce seus estudos com a Semana das Discursivas\",\"datePublished\":\"2019-07-15T12:39:47+00:00\",\"dateModified\":\"2023-02-28T17:30:56+00:00\",\"mainEntityOfPage\":{\"@id\":\"https:\/\/www.estrategiaconcursos.com.br\/blog\/semana-das-discursivas-reforce-seus-estudos\/\"},\"wordCount\":224,\"commentCount\":0,\"publisher\":{\"@id\":\"https:\/\/www.estrategiaconcursos.com.br\/blog\/#organization\"},\"image\":{\"@id\":\"https:\/\/www.estrategiaconcursos.com.br\/blog\/semana-das-discursivas-reforce-seus-estudos\/#primaryimage\"},\"thumbnailUrl\":\"https:\/\/www.estrategiaconcursos.com.br\/blog\/wp-content\/uploads\/2019\/07\/image57.png\",\"articleSection\":[\"Concursos P\u00fablicos\"],\"inLanguage\":\"pt-BR\",\"potentialAction\":[{\"@type\":\"CommentAction\",\"name\":\"Comment\",\"target\":[\"https:\/\/www.estrategiaconcursos.com.br\/blog\/semana-das-discursivas-reforce-seus-estudos\/#respond\"]}],\"copyrightYear\":\"2019\",\"copyrightHolder\":{\"@id\":\"https:\/\/www.estrategiaconcursos.com.br\/blog\/#organization\"}},{\"@type\":\"WebPage\",\"@id\":\"https:\/\/www.estrategiaconcursos.com.br\/blog\/semana-das-discursivas-reforce-seus-estudos\/\",\"url\":\"https:\/\/www.estrategiaconcursos.com.br\/blog\/semana-das-discursivas-reforce-seus-estudos\/\",\"name\":\"Reforce seus estudos com a Semana das Discursivas\",\"isPartOf\":{\"@id\":\"https:\/\/www.estrategiaconcursos.com.br\/blog\/#website\"},\"primaryImageOfPage\":{\"@id\":\"https:\/\/www.estrategiaconcursos.com.br\/blog\/semana-das-discursivas-reforce-seus-estudos\/#primaryimage\"},\"image\":{\"@id\":\"https:\/\/www.estrategiaconcursos.com.br\/blog\/semana-das-discursivas-reforce-seus-estudos\/#primaryimage\"},\"thumbnailUrl\":\"https:\/\/www.estrategiaconcursos.com.br\/blog\/wp-content\/uploads\/2019\/07\/image57.png\",\"datePublished\":\"2019-07-15T12:39:47+00:00\",\"dateModified\":\"2023-02-28T17:30:56+00:00\",\"breadcrumb\":{\"@id\":\"https:\/\/www.estrategiaconcursos.com.br\/blog\/semana-das-discursivas-reforce-seus-estudos\/#breadcrumb\"},\"inLanguage\":\"pt-BR\",\"potentialAction\":[{\"@type\":\"ReadAction\",\"target\":[\"https:\/\/www.estrategiaconcursos.com.br\/blog\/semana-das-discursivas-reforce-seus-estudos\/\"]}]},{\"@type\":\"ImageObject\",\"inLanguage\":\"pt-BR\",\"@id\":\"https:\/\/www.estrategiaconcursos.com.br\/blog\/semana-das-discursivas-reforce-seus-estudos\/#primaryimage\",\"url\":\"https:\/\/dhg1h5j42swfq.cloudfront.net\/2019\/07\/12124020\/image57.png\",\"contentUrl\":\"https:\/\/dhg1h5j42swfq.cloudfront.net\/2019\/07\/12124020\/image57.png\",\"width\":765,\"height\":480},{\"@type\":\"BreadcrumbList\",\"@id\":\"https:\/\/www.estrategiaconcursos.com.br\/blog\/semana-das-discursivas-reforce-seus-estudos\/#breadcrumb\",\"itemListElement\":[{\"@type\":\"ListItem\",\"position\":1,\"name\":\"In\u00edcio\",\"item\":\"https:\/\/www.estrategiaconcursos.com.br\/blog\/\"},{\"@type\":\"ListItem\",\"position\":2,\"name\":\"Reforce seus estudos com a Semana das Discursivas\"}]},{\"@type\":\"WebSite\",\"@id\":\"https:\/\/www.estrategiaconcursos.com.br\/blog\/#website\",\"url\":\"https:\/\/www.estrategiaconcursos.com.br\/blog\/\",\"name\":\"Estrat\u00e9gia Concursos\",\"description\":\"O blog da Estrat\u00e9gia Concursos traz not\u00edcias sobre concursos e artigos de professores oferecendo cursos para concursos (pdf + videaulas) no site.\",\"publisher\":{\"@id\":\"https:\/\/www.estrategiaconcursos.com.br\/blog\/#organization\"},\"potentialAction\":[{\"@type\":\"SearchAction\",\"target\":{\"@type\":\"EntryPoint\",\"urlTemplate\":\"https:\/\/www.estrategiaconcursos.com.br\/blog\/?s={search_term_string}\"},\"query-input\":{\"@type\":\"PropertyValueSpecification\",\"valueRequired\":true,\"valueName\":\"search_term_string\"}}],\"inLanguage\":\"pt-BR\"},{\"@type\":\"Organization\",\"@id\":\"https:\/\/www.estrategiaconcursos.com.br\/blog\/#organization\",\"name\":\"Estrat\u00e9gia Concursos\",\"url\":\"https:\/\/www.estrategiaconcursos.com.br\/blog\/\",\"logo\":{\"@type\":\"ImageObject\",\"inLanguage\":\"pt-BR\",\"@id\":\"https:\/\/www.estrategiaconcursos.com.br\/blog\/#\/schema\/logo\/image\/\",\"url\":\"https:\/\/dhg1h5j42swfq.cloudfront.net\/2025\/06\/03203428\/logo_concursos-1.jpg\",\"contentUrl\":\"https:\/\/dhg1h5j42swfq.cloudfront.net\/2025\/06\/03203428\/logo_concursos-1.jpg\",\"width\":230,\"height\":60,\"caption\":\"Estrat\u00e9gia Concursos\"},\"image\":{\"@id\":\"https:\/\/www.estrategiaconcursos.com.br\/blog\/#\/schema\/logo\/image\/\"},\"sameAs\":[\"https:\/\/x.com\/EstratConcursos\"]},{\"@type\":\"Person\",\"@id\":\"https:\/\/www.estrategiaconcursos.com.br\/blog\/#\/schema\/person\/b04f52b4e46b9c2763b237dc0302b7a7\",\"name\":\"Carlos Roberto Correa\",\"image\":{\"@type\":\"ImageObject\",\"inLanguage\":\"pt-BR\",\"@id\":\"https:\/\/secure.gravatar.com\/avatar\/f4b738aef9d1cc2c2cfd779e48e5b0dee98cb28b76e015eb2f1d475ca568f24a?s=96&d=mm&r=g\",\"url\":\"https:\/\/secure.gravatar.com\/avatar\/f4b738aef9d1cc2c2cfd779e48e5b0dee98cb28b76e015eb2f1d475ca568f24a?s=96&d=mm&r=g\",\"contentUrl\":\"https:\/\/secure.gravatar.com\/avatar\/f4b738aef9d1cc2c2cfd779e48e5b0dee98cb28b76e015eb2f1d475ca568f24a?s=96&d=mm&r=g\",\"caption\":\"Carlos Roberto Correa\"},\"url\":\"https:\/\/www.estrategiaconcursos.com.br\/blog\/author\/carlosrobertoestrategiaconcursos-com-br\/\"}]}<\/script>\n<!-- \/ Yoast SEO Premium plugin. -->","yoast_head_json":{"title":"Reforce seus estudos com a Semana das Discursivas","robots":{"index":"index","follow":"follow","max-snippet":"max-snippet:-1","max-image-preview":"max-image-preview:large","max-video-preview":"max-video-preview:-1"},"canonical":"https:\/\/www.estrategiaconcursos.com.br\/blog\/semana-das-discursivas-reforce-seus-estudos\/","og_locale":"pt_BR","og_type":"article","og_title":"Reforce seus estudos com a Semana das Discursivas","og_description":"Todo concurseiro sabe que para se sair bem nas provas dos concursos p\u00fablicos precisa conhecer as estruturas dos exames. Cada \u00f3rg\u00e3o possui suas exig\u00eancias e cada banca organizadora seus modos de formatar as provas. Pensando nisso a equipe de professores do Estrat\u00e9gia Concursos desenvolveu a &#8220;Semana Especial das Discursivas&#8221; para voc\u00ea ficar por dentro de [&hellip;]","og_url":"https:\/\/www.estrategiaconcursos.com.br\/blog\/semana-das-discursivas-reforce-seus-estudos\/","og_site_name":"Estrat\u00e9gia Concursos","article_published_time":"2019-07-15T12:39:47+00:00","article_modified_time":"2023-02-28T17:30:56+00:00","og_image":[{"url":"https:\/\/www.estrategiaconcursos.com.br\/blog\/wp-content\/uploads\/2019\/07\/image57.png","type":"","width":"","height":""}],"author":"Carlos Roberto Correa","twitter_card":"summary_large_image","twitter_creator":"@EstratConcursos","twitter_site":"@EstratConcursos","twitter_misc":{"Escrito por":"Carlos Roberto Correa","Est. tempo de leitura":"1 minuto"},"schema":{"@context":"https:\/\/schema.org","@graph":[{"@type":"NewsArticle","@id":"https:\/\/www.estrategiaconcursos.com.br\/blog\/semana-das-discursivas-reforce-seus-estudos\/#article","isPartOf":{"@id":"https:\/\/www.estrategiaconcursos.com.br\/blog\/semana-das-discursivas-reforce-seus-estudos\/"},"author":{"name":"Carlos Roberto Correa","@id":"https:\/\/www.estrategiaconcursos.com.br\/blog\/#\/schema\/person\/b04f52b4e46b9c2763b237dc0302b7a7"},"headline":"Reforce seus estudos com a Semana das Discursivas","datePublished":"2019-07-15T12:39:47+00:00","dateModified":"2023-02-28T17:30:56+00:00","mainEntityOfPage":{"@id":"https:\/\/www.estrategiaconcursos.com.br\/blog\/semana-das-discursivas-reforce-seus-estudos\/"},"wordCount":224,"commentCount":0,"publisher":{"@id":"https:\/\/www.estrategiaconcursos.com.br\/blog\/#organization"},"image":{"@id":"https:\/\/www.estrategiaconcursos.com.br\/blog\/semana-das-discursivas-reforce-seus-estudos\/#primaryimage"},"thumbnailUrl":"https:\/\/www.estrategiaconcursos.com.br\/blog\/wp-content\/uploads\/2019\/07\/image57.png","articleSection":["Concursos P\u00fablicos"],"inLanguage":"pt-BR","potentialAction":[{"@type":"CommentAction","name":"Comment","target":["https:\/\/www.estrategiaconcursos.com.br\/blog\/semana-das-discursivas-reforce-seus-estudos\/#respond"]}],"copyrightYear":"2019","copyrightHolder":{"@id":"https:\/\/www.estrategiaconcursos.com.br\/blog\/#organization"}},{"@type":"WebPage","@id":"https:\/\/www.estrategiaconcursos.com.br\/blog\/semana-das-discursivas-reforce-seus-estudos\/","url":"https:\/\/www.estrategiaconcursos.com.br\/blog\/semana-das-discursivas-reforce-seus-estudos\/","name":"Reforce seus estudos com a Semana das Discursivas","isPartOf":{"@id":"https:\/\/www.estrategiaconcursos.com.br\/blog\/#website"},"primaryImageOfPage":{"@id":"https:\/\/www.estrategiaconcursos.com.br\/blog\/semana-das-discursivas-reforce-seus-estudos\/#primaryimage"},"image":{"@id":"https:\/\/www.estrategiaconcursos.com.br\/blog\/semana-das-discursivas-reforce-seus-estudos\/#primaryimage"},"thumbnailUrl":"https:\/\/www.estrategiaconcursos.com.br\/blog\/wp-content\/uploads\/2019\/07\/image57.png","datePublished":"2019-07-15T12:39:47+00:00","dateModified":"2023-02-28T17:30:56+00:00","breadcrumb":{"@id":"https:\/\/www.estrategiaconcursos.com.br\/blog\/semana-das-discursivas-reforce-seus-estudos\/#breadcrumb"},"inLanguage":"pt-BR","potentialAction":[{"@type":"ReadAction","target":["https:\/\/www.estrategiaconcursos.com.br\/blog\/semana-das-discursivas-reforce-seus-estudos\/"]}]},{"@type":"ImageObject","inLanguage":"pt-BR","@id":"https:\/\/www.estrategiaconcursos.com.br\/blog\/semana-das-discursivas-reforce-seus-estudos\/#primaryimage","url":"https:\/\/dhg1h5j42swfq.cloudfront.net\/2019\/07\/12124020\/image57.png","contentUrl":"https:\/\/dhg1h5j42swfq.cloudfront.net\/2019\/07\/12124020\/image57.png","width":765,"height":480},{"@type":"BreadcrumbList","@id":"https:\/\/www.estrategiaconcursos.com.br\/blog\/semana-das-discursivas-reforce-seus-estudos\/#breadcrumb","itemListElement":[{"@type":"ListItem","position":1,"name":"In\u00edcio","item":"https:\/\/www.estrategiaconcursos.com.br\/blog\/"},{"@type":"ListItem","position":2,"name":"Reforce seus estudos com a Semana das Discursivas"}]},{"@type":"WebSite","@id":"https:\/\/www.estrategiaconcursos.com.br\/blog\/#website","url":"https:\/\/www.estrategiaconcursos.com.br\/blog\/","name":"Estrat\u00e9gia Concursos","description":"O blog da Estrat\u00e9gia Concursos traz not\u00edcias sobre concursos e artigos de professores oferecendo cursos para concursos (pdf + videaulas) no site.","publisher":{"@id":"https:\/\/www.estrategiaconcursos.com.br\/blog\/#organization"},"potentialAction":[{"@type":"SearchAction","target":{"@type":"EntryPoint","urlTemplate":"https:\/\/www.estrategiaconcursos.com.br\/blog\/?s={search_term_string}"},"query-input":{"@type":"PropertyValueSpecification","valueRequired":true,"valueName":"search_term_string"}}],"inLanguage":"pt-BR"},{"@type":"Organization","@id":"https:\/\/www.estrategiaconcursos.com.br\/blog\/#organization","name":"Estrat\u00e9gia Concursos","url":"https:\/\/www.estrategiaconcursos.com.br\/blog\/","logo":{"@type":"ImageObject","inLanguage":"pt-BR","@id":"https:\/\/www.estrategiaconcursos.com.br\/blog\/#\/schema\/logo\/image\/","url":"https:\/\/dhg1h5j42swfq.cloudfront.net\/2025\/06\/03203428\/logo_concursos-1.jpg","contentUrl":"https:\/\/dhg1h5j42swfq.cloudfront.net\/2025\/06\/03203428\/logo_concursos-1.jpg","width":230,"height":60,"caption":"Estrat\u00e9gia Concursos"},"image":{"@id":"https:\/\/www.estrategiaconcursos.com.br\/blog\/#\/schema\/logo\/image\/"},"sameAs":["https:\/\/x.com\/EstratConcursos"]},{"@type":"Person","@id":"https:\/\/www.estrategiaconcursos.com.br\/blog\/#\/schema\/person\/b04f52b4e46b9c2763b237dc0302b7a7","name":"Carlos Roberto Correa","image":{"@type":"ImageObject","inLanguage":"pt-BR","@id":"https:\/\/secure.gravatar.com\/avatar\/f4b738aef9d1cc2c2cfd779e48e5b0dee98cb28b76e015eb2f1d475ca568f24a?s=96&d=mm&r=g","url":"https:\/\/secure.gravatar.com\/avatar\/f4b738aef9d1cc2c2cfd779e48e5b0dee98cb28b76e015eb2f1d475ca568f24a?s=96&d=mm&r=g","contentUrl":"https:\/\/secure.gravatar.com\/avatar\/f4b738aef9d1cc2c2cfd779e48e5b0dee98cb28b76e015eb2f1d475ca568f24a?s=96&d=mm&r=g","caption":"Carlos Roberto Correa"},"url":"https:\/\/www.estrategiaconcursos.com.br\/blog\/author\/carlosrobertoestrategiaconcursos-com-br\/"}]}},"_links":{"self":[{"href":"https:\/\/www.estrategiaconcursos.com.br\/blog\/wp-json\/wp\/v2\/posts\/398106","targetHints":{"allow":["GET"]}}],"collection":[{"href":"https:\/\/www.estrategiaconcursos.com.br\/blog\/wp-json\/wp\/v2\/posts"}],"about":[{"href":"https:\/\/www.estrategiaconcursos.com.br\/blog\/wp-json\/wp\/v2\/types\/post"}],"author":[{"embeddable":true,"href":"https:\/\/www.estrategiaconcursos.com.br\/blog\/wp-json\/wp\/v2\/users\/254"}],"replies":[{"embeddable":true,"href":"https:\/\/www.estrategiaconcursos.com.br\/blog\/wp-json\/wp\/v2\/comments?post=398106"}],"version-history":[{"count":6,"href":"https:\/\/www.estrategiaconcursos.com.br\/blog\/wp-json\/wp\/v2\/posts\/398106\/revisions"}],"predecessor-version":[{"id":1178813,"href":"https:\/\/www.estrategiaconcursos.com.br\/blog\/wp-json\/wp\/v2\/posts\/398106\/revisions\/1178813"}],"wp:attachment":[{"href":"https:\/\/www.estrategiaconcursos.com.br\/blog\/wp-json\/wp\/v2\/media?parent=398106"}],"wp:term":[{"taxonomy":"category","embeddable":true,"href":"https:\/\/www.estrategiaconcursos.com.br\/blog\/wp-json\/wp\/v2\/categories?post=398106"},{"taxonomy":"post_tag","embeddable":true,"href":"https:\/\/www.estrategiaconcursos.com.br\/blog\/wp-json\/wp\/v2\/tags?post=398106"},{"taxonomy":"tax_estado","embeddable":true,"href":"https:\/\/www.estrategiaconcursos.com.br\/blog\/wp-json\/wp\/v2\/tax_estado?post=398106"}],"curies":[{"name":"wp","href":"https:\/\/api.w.org\/{rel}","templated":true}]}}