{"id":397873,"date":"2026-03-17T05:37:00","date_gmt":"2026-03-17T08:37:00","guid":{"rendered":"https:\/\/www.estrategiaconcursos.com.br\/blog\/?p=397873"},"modified":"2026-03-30T11:27:21","modified_gmt":"2026-03-30T14:27:21","slug":"concurso-trt-mt","status":"publish","type":"post","link":"https:\/\/www.estrategiaconcursos.com.br\/blog\/concurso-trt-mt\/","title":{"rendered":"Concurso TRT MT: NOVO EDITAL em 2026!"},"content":{"rendered":"\n<p class=\"has-large-font-size\"><strong><em>Nova sele\u00e7\u00e3o do Concurso TRT MT pode acontecer em 2026! \u00daltimo edital teve a validade prorrogada; foram ofertadas 4 vagas + CR!<\/em><\/strong><\/p>\n\n\n<p><center><a id=\"cta-icon\" href=\"https:\/\/sndflw.com\/i\/trt-mt-grupo\" target=\"_blank\" style=\"background:#29a61a; display:inline-flex; align-items:center; padding:10px 15px; border-radius:6px; color:#fff; text-decoration:none; font-weight:500; font-size:15px;\"><img decoding=\"async\" src=\"https:\/\/dhg1h5j42swfq.cloudfront.net\/2023\/12\/07154107\/whatsapp_13851.png\" alt=\"\" style=\"width:20px; height:20px; margin-right:8px;\"><span>Acesse agora o Grupo de Estudos para o Concurso TRT MT<\/span><\/a><\/center><\/p>\n\n\n\n<p>O <a href=\"https:\/\/www.estrategiaconcursos.com.br\/cursosPorConcurso\/trt-23-regiao-mato-grosso\/\" target=\"_blank\" rel=\"noreferrer noopener\">Tribunal Regional do Trabalho da 23\u00aa regi\u00e3o<\/a> deve realizar um novo <strong>concurso TRT MT<\/strong>!<\/p>\n\n\n\n<p>A informa\u00e7\u00e3o foi passada pela assessoria de comunica\u00e7\u00e3o do \u00f3rg\u00e3o, informando que as tratativas do novo edital ser\u00e3o iniciadas ainda em 2026, visto a validade do \u00faltimo concurso, prevista at\u00e9 dezembro deste ano.<\/p>\n\n\n\n<p>Atualmente o \u00f3rg\u00e3o conta com <strong>30 cargos vagos<\/strong> e, segundo a assessoria de comunica\u00e7\u00e3o, o novo certame <a href=\"https:\/\/www.estrategiaconcursos.com.br\/blog\/concurso-trt-mt-2026-cadastro-de-reserva\/\" target=\"_blank\" rel=\"noreferrer noopener\">poder\u00e1 ofertar vagas em cadastro de reserva<\/a> para os servidores.<\/p>\n\n\n\n<p>Importante lembrar que j\u00e1 est\u00e3o em vigor as novas remunera\u00e7\u00f5es da justi\u00e7a federal. No dia 22 de dezembro de 2025, o presidente Lula sancionou parcialmente o&nbsp;<strong><a href=\"https:\/\/www25.senado.leg.br\/web\/atividade\/materias\/-\/materia\/171600?utm_source=google&amp;utm_medium=cpc&amp;utm_campaign=ec-adm-vd-gdy-telebras-web-101215\" target=\"_blank\" rel=\"noreferrer noopener\">Projeto de Lei n\u00ba 4.750\/25<\/a><\/strong>, referente ao reajuste salarial dos servidores do Judici\u00e1rio federal.<\/p>\n\n\n\n<p>Confira mais informa\u00e7\u00f5es no decorrer do artigo!<\/p>\n\n\n\n<ul class=\"wp-block-list has-very-light-gray-to-cyan-bluish-gray-gradient-background has-background\">\n<li><strong>Concurso TRT MT &#8211; 2026\/2027<\/strong><\/li>\n\n\n\n<li><strong>Status:<\/strong> previsto<\/li>\n\n\n\n<li><strong>Banca:<\/strong> a definir<\/li>\n\n\n\n<li><strong>Vagas:<\/strong> a definir<\/li>\n\n\n\n<li><strong>Sal\u00e1rios a partir de Jul. de 2026:&nbsp;<\/strong>R$ 9.776,74 (T\u00e9cnico)\/R$ 16.041,21 (Analista)<\/li>\n\n\n\n<li><strong>\u00daltimo edital:<\/strong> <a href=\"https:\/\/dhg1h5j42swfq.cloudfront.net\/2022\/07\/01194053\/edital-rt-mt_watermark-2.pdf\" target=\"_blank\" rel=\"noreferrer noopener nofollow\">TRT MT 2022<\/a><\/li>\n<\/ul>\n\n\n\n<div class=\"container\" id=\"boxes\">\n  <div class=\"row\">\n\n    <div class=\"col-sm\">\n      <div class=\"banner-tribunal\" id=\"box-assinatura\">\n        <h2 class=\"titulo-assinatura\"><span style=\"color: #ffffff;\">Curso TRT MT<\/span><\/h2>\n        <p class=\"subtitulo-assinatura\">Conhe\u00e7a os cursos<\/p>\n        <div class=\"box-botao\">\n          <a class=\"btn-assinatura\" target=\"_blank\" href=\"https:\/\/www.estrategiaconcursos.com.br\/cursosPorConcurso\/trt-23-regiao-mato-grosso\/\" role=\"button\" rel=\"noopener noreferrer\">Conhe\u00e7a mais<\/a>\n        <\/div>\n      <\/div>\n      <p class=\"texto-auxiliar\">Prepare-se com o melhor material e com quem mais aprova em Concursos P\u00fablicos em todo o pa\u00eds.<\/p>\n    <\/div>\n\n  <\/div>\n<\/div>\n\n\n\n<p class=\"has-text-align-center\">A fim de te deixar sempre bem informado, elaboramos este artigo com as principais informa\u00e7\u00f5es e novidades sobre o concurso<strong> <\/strong>TRT MT. Acompanhe os t\u00f3picos abaixo e n\u00e3o perca nenhum detalhe:<\/p>\n\n\n\n<ul id=\"indice\" class=\"wp-block-list\">\n<li><a href=\"#situacao-atual-trt-mt\"><strong>Situa\u00e7\u00e3o atual<\/strong><\/a><\/li>\n\n\n\n<li><strong><a href=\"#ultimo-concurso\">\u00daltimo concurso<\/a> <\/strong>\n<ul class=\"wp-block-list\">\n<li><strong><a href=\"#resultados-definitivos\">Resultados<\/a><\/strong><\/li>\n\n\n\n<li><a href=\"#cargos-e-vagas\"><strong>Cargos e vagas<\/strong><\/a><\/li>\n\n\n\n<li><strong> <a href=\"#inscritos-trt-mt\" target=\"_blank\" rel=\"noreferrer noopener\">Inscritos<\/a><\/strong><\/li>\n<\/ul>\n<\/li>\n\n\n\n<li><strong><a href=\"#salarios-e-beneficios-concurso-trt-mt\">Sal\u00e1rios e Benef\u00edcios<\/a><\/strong><\/li>\n\n\n\n<li><strong><a href=\"#requisitos-dos-cargos-concurso-trt-mt\">Requisitos dos cargos<\/a><\/strong><\/li>\n\n\n\n<li><strong><a href=\"#atribuicoes\">Atribui\u00e7\u00f5es dos cargos<\/a><\/strong><\/li>\n\n\n\n<li><strong><a href=\"#cargos-vagos\">Cargos vagos<\/a><\/strong><\/li>\n\n\n\n<li><strong><a href=\"#assinatura-e-cursos\">Cursos e Assinaturas<\/a><\/strong><\/li>\n\n\n\n<li><strong><a href=\"#ficha-tecnica-concurso-trt-mt\">Ficha t\u00e9cnica<\/a><\/strong><\/li>\n<\/ul>\n\n\n\n<h2 class=\"wp-block-heading\" id=\"situacao-atual-trt-mt\">Concurso TRT MT: situa\u00e7\u00e3o atual<\/h2>\n\n\n\n<h3 class=\"wp-block-heading\" id=\"h-edital-em-2026\">Edital em 2026<\/h3>\n\n\n\n<p>Um novo concurso p\u00fablico para servidores do TRT MT ser\u00e1 organizado ao longo de 2026. <\/p>\n\n\n\n<p>De acordo com a assessoria de comunica\u00e7\u00e3o do \u00f3rg\u00e3o, o <a href=\"https:\/\/www.estrategiaconcursos.com.br\/blog\/concurso-trt-mt-2026-confirmado\/\" target=\"_blank\" rel=\"noreferrer noopener\">concurso ter\u00e1 seu planejamento iniciado ainda este ano<\/a>, tendo em vista que o \u00faltimo edital est\u00e1 v\u00e1lido at\u00e9 dezembro de 2026.<\/p>\n\n\n\n<h3 class=\"wp-block-heading\" id=\"h-salarios-e-adicional-de-qualificacao-reajustados-nbsp\">Sal\u00e1rios e adicional de qualifica\u00e7\u00e3o reajustados&nbsp;<\/h3>\n\n\n\n<p>A Justi\u00e7a Federal teve o&nbsp;<a href=\"https:\/\/www.estrategiaconcursos.com.br\/blog\/lula-sancionou-reajuste-salarial-aos-servidores-para-2026\/\">reajuste salarial de 8%<\/a>&nbsp;para todas as carreiras sancionado pelo governo federal. Com isso, os sal\u00e1rios iniciais podem&nbsp;<strong>chegar a R$&nbsp;16.041,21<\/strong>, al\u00e9m de benef\u00edcios.<\/p>\n\n\n\n<p>O adicional de qualifica\u00e7\u00e3o tamb\u00e9m foi reajustado. Atualmente, um analista em final de carreira pode somar R$ 1.161,52 se tiver doutorado, por exemplo.&nbsp;<\/p>\n\n\n\n<p>Com a mudan\u00e7a, o valor vai para&nbsp;<strong>R$ 3.857,75<\/strong>&nbsp;a partir de 2026, considerando-se o reajuste de 8% a partir do pr\u00f3ximo ano, previsto na&nbsp;Lei 15.293, de 19 de dezembro de 2025.<\/p>\n\n\n\n<p>Tamb\u00e9m a partir de 2026, o mestrado valer\u00e1&nbsp;<strong>R$ 2.700,43 (contra os atuais R$ 929,21)<\/strong>. Essas duas qualifica\u00e7\u00f5es n\u00e3o podem ser acumuladas entre si e absorvem outras de valores menores.<\/p>\n\n\n\n<p>Com o reajuste, os vencimentos b\u00e1sicos iniciais para os cargos ficam com os seguintes valores a partir de julho de 2026:<\/p>\n\n\n\n<ul class=\"wp-block-list\">\n<li><strong>R$ 9.776,74 (T\u00e9cnico)&nbsp;<\/strong><\/li>\n\n\n\n<li><strong>R$ 16.041,21 (Analista)<\/strong><\/li>\n<\/ul>\n\n\n\n<p>Al\u00e9m do vencimento b\u00e1sico atualizado, os aprovados ter\u00e3o direito a benef\u00edcios como&nbsp;<strong>aux\u00edlio pr\u00e9-escolar<\/strong>&nbsp;no valor de&nbsp;<strong><\/strong><strong>R$ 1.288,47<\/strong>, e&nbsp;<strong>aux\u00edlio alimenta\u00e7\u00e3o<\/strong>&nbsp;no valor de&nbsp;<strong><\/strong><strong>R$ 1.860,51<\/strong>,&nbsp;<strong>Aux\u00edlio-Natalidade<\/strong>&nbsp;no valor de&nbsp;<strong>R$718,58<\/strong>&nbsp;e&nbsp;<strong>Aux\u00edlio-Sa\u00fade&nbsp;<\/strong>no valor de&nbsp;<strong>R$579,39.<\/strong><\/p>\n\n\n\n<h3 class=\"wp-block-heading\" id=\"alteracao-de-escolaridade\">Altera\u00e7\u00e3o de escolaridade<\/h3>\n\n\n\n<p>O \u00faltimo edital do concurso do TRT MT trouxe vagas de n\u00edveis m\u00e9dio e superior. No entanto, ap\u00f3s a divulga\u00e7\u00e3o do edital, foi promulgado o Projeto de Lei&nbsp;<strong>3662\/21<\/strong>, que altera a escolaridade do cargo de T\u00e9cnico Judici\u00e1rio e estabelece o n\u00edvel superior como requisito aos&nbsp;<strong>concursos Tribunais<\/strong>.<\/p>\n\n\n\n<p>Sendo assim, para assumir o cargo de T\u00e9cnico Judici\u00e1rio, os candidatos agora devem possuir como requisito n\u00edvel superior de escolaridade.<\/p>\n\n\n\n<h2 class=\"wp-block-heading\" id=\"ultimo-concurso\">\u00daltimo concurso TRT MT<\/h2>\n\n\n\n<ul class=\"wp-block-list\">\n<li><a href=\"https:\/\/dhg1h5j42swfq.cloudfront.net\/2022\/12\/07212050\/homologacao-trt-mt.pdf\" target=\"_blank\" rel=\"noreferrer noopener nofollow\">Homologa\u00e7\u00e3o<\/a>;<\/li>\n\n\n\n<li><a href=\"https:\/\/dhg1h5j42swfq.cloudfront.net\/2022\/11\/11183135\/habilitados_obj_disc_class-1.pdf\">Resultados definitivos das etapas de provas objetivas e discursivas<\/a>.<\/li>\n<\/ul>\n\n\n\n<h2 class=\"wp-block-heading\" id=\"cargos-e-vagas\">Concurso TRT MT: cargos e vagas<\/h2>\n\n\n\n<p>O concurso do TRT MT contemplou vagas para provimento imediato. A sele\u00e7\u00e3o ofertou <strong>4 vagas<\/strong> imediatas para os cargos de <strong>analista judici\u00e1rio da \u00e1rea judici\u00e1ria<\/strong>, e <strong>t\u00e9cnico judici\u00e1rio da \u00e1rea administrativa<\/strong>.<\/p>\n\n\n\n<p>Confira abaixo os cargos e vagas atualizados do concurso TRT MT:<\/p>\n\n\n\n<p><strong><span style=\"text-decoration: underline;\">Analista Judici\u00e1rio &#8211; N\u00edvel Superior:<\/span><\/strong><\/p>\n\n\n\n<ul class=\"wp-block-list\">\n<li>Analista Judici\u00e1rio &#8211; \u00c1rea Judici\u00e1ria: 01 vaga;<\/li>\n\n\n\n<li>Analista Judici\u00e1rio &#8211; \u00c1rea Oficial de Justi\u00e7a Avaliador Federal: CR;<\/li>\n\n\n\n<li>Analista Judici\u00e1rio &#8211; \u00c1rea Administrativa: CR;<\/li>\n\n\n\n<li>Analista Judici\u00e1rio &#8211; \u00c1rea Contabilidade: CR;<\/li>\n\n\n\n<li>Analista Judici\u00e1rio &#8211; \u00c1rea Biblioteconomia: CR;<\/li>\n\n\n\n<li>Analista Judici\u00e1rio &#8211; \u00c1rea Enfermagem do Trabalho: CR;<\/li>\n\n\n\n<li>Analista Judici\u00e1rio &#8211; \u00c1rea Engenharia Mec\u00e2nica: CR;<\/li>\n\n\n\n<li>Analista Judici\u00e1rio &#8211; \u00c1rea Estat\u00edstica: CR<\/li>\n\n\n\n<li>Analista Judici\u00e1rio &#8211; \u00c1rea Fisioterapia: CR;<\/li>\n\n\n\n<li>Analista Judici\u00e1rio &#8211; \u00c1rea Medicina do Trabalho: CR;<\/li>\n\n\n\n<li>Analista Judici\u00e1rio &#8211; \u00c1rea Psicologia: CR;<\/li>\n\n\n\n<li>Analista Judici\u00e1rio &#8211; \u00c1rea Servi\u00e7o Social: CR;<\/li>\n\n\n\n<li>Analista Judici\u00e1rio &#8211; \u00c1rea Tecnologia da Informa\u00e7\u00e3o: 01 vaga;<\/li>\n\n\n\n<li>Analista Judici\u00e1rio &#8211; \u00c1rea Psiquiatra: CR;<\/li>\n\n\n\n<li>Analista Judici\u00e1rio &#8211; \u00c1rea Odontologia: CR.<\/li>\n<\/ul>\n\n\n\n<p><strong><span style=\"text-decoration: underline;\">T\u00e9cnico Judici\u00e1rio &#8211; N\u00edvel M\u00e9dio:<\/span><\/strong><\/p>\n\n\n\n<ul class=\"wp-block-list\">\n<li>T\u00e9cnico Judici\u00e1rio &#8211; \u00c1rea Administrativa: 01 vaga;<\/li>\n\n\n\n<li>T\u00e9cnico Judici\u00e1rio &#8211; \u00c1rea Tecnologia da Informa\u00e7\u00e3o: 01 vaga;<\/li>\n\n\n\n<li>T\u00e9cnico Judici\u00e1rio &#8211; \u00c1rea Enfermagem do Trabalho: CR.<\/li>\n<\/ul>\n\n\n\n<h3 class=\"wp-block-heading\" id=\"inscritos-trt-mt\">Inscritos<\/h3>\n\n\n\n<p>O Tribunal Regional do Trabalho da 23\u00aa Regi\u00e3o recebeu 22.272 inscri\u00e7\u00f5es, sendo que 45,2% (10.072) s\u00e3o para o cargo de t\u00e9cnico judici\u00e1rio da \u00e1rea administrativa &#8211; n\u00edvel m\u00e9dio de forma\u00e7\u00e3o. <\/p>\n\n\n\n<p>Entre os cargos de n\u00edvel superior, o que mais recebeu inscri\u00e7\u00f5es foi o de Analista Judici\u00e1rio- \u00c1rea Judici\u00e1ria, com 4.211 (18,9%) dos candidatos, seguido por Analista Judici\u00e1rio \u2013 \u00c1rea Administrativa, que recebeu 3.201 (14,3%) inscri\u00e7\u00f5es. J\u00e1 o cargo de Oficial de Justi\u00e7a Avaliador Federal registrou 1.261(5,3%) dos candidatos.<\/p>\n\n\n\n<h2 class=\"wp-block-heading\" id=\"requisitos-dos-cargos-concurso-trt-mt\">Concurso TRT MT: requisitos<\/h2>\n\n\n\n<figure class=\"wp-block-table is-style-stripes\"><table class=\"has-very-light-gray-to-cyan-bluish-gray-gradient-background has-background has-fixed-layout\"><thead><tr><th class=\"has-text-align-center\" data-align=\"center\">CARGO<\/th><th class=\"has-text-align-center\" data-align=\"center\">REQUISITO<\/th><\/tr><\/thead><tbody><tr><td class=\"has-text-align-center\" data-align=\"center\">Analista Judici\u00e1rio &#8211; \u00c1rea Judici\u00e1ria<\/td><td class=\"has-text-align-center\" data-align=\"center\">Diploma de Gradua\u00e7\u00e3o em Direito, devidamente registrado, fornecido por Institui\u00e7\u00e3o de Ensino Superior reconhecida pelo Minist\u00e9rio da Educa\u00e7\u00e3o.<\/td><\/tr><tr><td class=\"has-text-align-center\" data-align=\"center\">Analista Judici\u00e1rio &#8211; \u00c1rea Oficial de Justi\u00e7a Avaliador Federal<\/td><td class=\"has-text-align-center\" data-align=\"center\">Diploma de Gradua\u00e7\u00e3o em Direito, devidamente registrado, fornecido por Institui\u00e7\u00e3o de Ensino Superior reconhecida pelo Minist\u00e9rio da Educa\u00e7\u00e3o.<\/td><\/tr><tr><td class=\"has-text-align-center\" data-align=\"center\">Analista Judici\u00e1rio &#8211; \u00c1rea Administrativa<\/td><td class=\"has-text-align-center\" data-align=\"center\">Diploma de curso superior, em qualquer \u00e1rea de forma\u00e7\u00e3o, inclusive Licenciatura Plena, devidamente registrado, fornecido por Institui\u00e7\u00e3o de Ensino Superior reconhecida pelo Minist\u00e9rio da Educa\u00e7\u00e3o.<\/td><\/tr><tr><td class=\"has-text-align-center\" data-align=\"center\">Analista Judici\u00e1rio \u2013&nbsp;\u00c1rea Administrativa \u2013 Especialidade Contabilidade<\/td><td class=\"has-text-align-center\" data-align=\"center\">Diploma de Gradua\u00e7\u00e3o em<br \/>Contabilidade,<br \/>registrado,<br \/>Minist\u00e9rio da Educa\u00e7\u00e3o, e registro no respectivo \u00d3rg\u00e3o de Classe.<\/td><\/tr><tr><td class=\"has-text-align-center\" data-align=\"center\">Analista Judici\u00e1rio \u2013&nbsp;\u00c1rea Apoio Especializado \u2013 Especialidade Biblioteconomia<\/td><td class=\"has-text-align-center\" data-align=\"center\">Diploma de Gradua\u00e7\u00e3o em Biblioteconomia, devidamente registrado, reconhecido pelo Minist\u00e9rio da Educa\u00e7\u00e3o, e registro no respectivo \u00d3rg\u00e3o de Classe.<\/td><\/tr><tr><td class=\"has-text-align-center\" data-align=\"center\">Analista Judici\u00e1rio \u2013&nbsp;\u00c1rea Apoio Especializado \u2013 Especialidade Enfermagem do Trabalho<\/td><td class=\"has-text-align-center\" data-align=\"center\">Diploma de Gradua\u00e7\u00e3o em Enfermagem acrescido de p\u00f3s- gradua\u00e7\u00e3o em Enfermagem do Trabalho, devidamente registrados, reconhecidos pelo Minist\u00e9rio da Educa\u00e7\u00e3o, e registro no respectivo \u00d3rg\u00e3o de Classe.<\/td><\/tr><tr><td class=\"has-text-align-center\" data-align=\"center\">Analista Judici\u00e1rio \u2013&nbsp;\u00c1rea Apoio Especializado \u2013 Especialidade Engenharia (Mec\u00e2nica)<\/td><td class=\"has-text-align-center\" data-align=\"center\">Diploma de Gradua\u00e7\u00e3o em Engenharia Mec\u00e2nica, devidamente registrado, reconhecido pelo Minist\u00e9rio da Educa\u00e7\u00e3o, e registro no respectivo \u00d3rg\u00e3o de Classe.<\/td><\/tr><tr><td class=\"has-text-align-center\" data-align=\"center\">Analista Judici\u00e1rio \u2013&nbsp;\u00c1rea Apoio Especializado \u2013 Especialidade Engenharia (El\u00e9trica)<\/td><td class=\"has-text-align-center\" data-align=\"center\">Diploma de Gradua\u00e7\u00e3o em Engenharia El\u00e9trica, devidamente registrado, reconhecido pelo Minist\u00e9rio da Educa\u00e7\u00e3o, e registro no respectivo \u00d3rg\u00e3o de Classe.<\/td><\/tr><tr><td class=\"has-text-align-center\" data-align=\"center\">Analista Judici\u00e1rio \u2013&nbsp;\u00c1rea Apoio Especializado \u2013 Especialidade Estat\u00edstica<\/td><td class=\"has-text-align-center\" data-align=\"center\">Diploma de Gradua\u00e7\u00e3o em Estat\u00edstica, devidamente registrado, reconhecido pelo Minist\u00e9rio da Educa\u00e7\u00e3o, e registro no respectivo \u00d3rg\u00e3o de Classe.<\/td><\/tr><tr><td class=\"has-text-align-center\" data-align=\"center\">Analista Judici\u00e1rio \u2013&nbsp;\u00c1rea Apoio Especializado \u2013 Especialidade Fisioterapia<\/td><td class=\"has-text-align-center\" data-align=\"center\">Diploma de Gradua\u00e7\u00e3o em<br \/>Fisioterapia,<br \/>registrado,<br \/>Minist\u00e9rio da Educa\u00e7\u00e3o, e registro no respectivo \u00d3rg\u00e3o de Classe.<\/td><\/tr><tr><td class=\"has-text-align-center\" data-align=\"center\">Analista Judici\u00e1rio \u2013&nbsp;\u00c1rea Apoio Especializado \u2013 Especialidade Medicina do Trabalho<\/td><td class=\"has-text-align-center\" data-align=\"center\">Diploma de Gradua\u00e7\u00e3o em Medicina e p\u00f3s-gradua\u00e7\u00e3o em Medicina do Trabalho, devidamente registrados, reconhecidos pelo Minist\u00e9rio da Educa\u00e7\u00e3o, e registro no respectivo \u00d3rg\u00e3o de Classe.<\/td><\/tr><tr><td class=\"has-text-align-center\" data-align=\"center\">Analista Judici\u00e1rio \u2013&nbsp;\u00c1rea Apoio Especializado \u2013 Especialidade Psicologia<\/td><td class=\"has-text-align-center\" data-align=\"center\">Diploma de Gradua\u00e7\u00e3o em Psicologia, devidamente registrado, reconhecido pelo Minist\u00e9rio da Educa\u00e7\u00e3o, e registro no respectivo \u00d3rg\u00e3o de Classe.<\/td><\/tr><tr><td class=\"has-text-align-center\" data-align=\"center\">Analista Judici\u00e1rio \u2013&nbsp;\u00c1rea Apoio Especializado \u2013 Especialidade Servi\u00e7o Social<\/td><td class=\"has-text-align-center\" data-align=\"center\">Diploma de Gradua\u00e7\u00e3o em Servi\u00e7o Social, devidamente registrado, reconhecido pelo Minist\u00e9rio da Educa\u00e7\u00e3o, e registro no respectivo \u00d3rg\u00e3o de Classe.<\/td><\/tr><tr><td class=\"has-text-align-center\" data-align=\"center\">Analista Judici\u00e1rio&nbsp;\u2013 \u00c1rea Apoio Especializado \u2013 Tecnologia da Informa\u00e7\u00e3o<\/td><td class=\"has-text-align-center\" data-align=\"center\">Diploma de curso superior em Inform\u00e1tica, ou de qualquer outro curso superior acrescido de curso de p\u00f3s-gradua\u00e7\u00e3o na \u00e1rea de Inform\u00e1tica, devidamente registrados e fornecidos por Institui\u00e7\u00e3o de Ensino Superior reconhecida pelo Minist\u00e9rio da Educa\u00e7\u00e3o.<\/td><\/tr><tr><td class=\"has-text-align-center\" data-align=\"center\">Analista Judici\u00e1rio \u2013&nbsp;\u00c1rea Apoio Especializado \u2013 Especialidade Medicina (Psiquiatria)<\/td><td class=\"has-text-align-center\" data-align=\"center\">Diploma de Gradua\u00e7\u00e3o em Medicina e p\u00f3s-gradua\u00e7\u00e3o em Psiquiatria, devidamente registrados, reconhecidos pelo Minist\u00e9rio da Educa\u00e7\u00e3o, e registro no respectivo \u00d3rg\u00e3o de Classe.<\/td><\/tr><tr><td class=\"has-text-align-center\" data-align=\"center\">Analista Judici\u00e1rio \u2013&nbsp;\u00c1rea Apoio Especializado \u2013 Especialidade Odontologia<\/td><td class=\"has-text-align-center\" data-align=\"center\">Diploma de Gradua\u00e7\u00e3o em<br \/>Odontologia,<br \/>registrado,<br \/>Minist\u00e9rio da Educa\u00e7\u00e3o, e registro no respectivo \u00d3rg\u00e3o de Classe.<\/td><\/tr><tr><td class=\"has-text-align-center\" data-align=\"center\">T\u00e9cnico Judici\u00e1rio \u2013&nbsp;\u00c1rea Administrativa<\/td><td class=\"has-text-align-center\" data-align=\"center\">Certificado de conclus\u00e3o de curso de Ensino M\u00e9dio, devidamente registrado, expedido por Institui\u00e7\u00e3o de Ensino reconhecida pelo Minist\u00e9rio da Educa\u00e7\u00e3o.<\/td><\/tr><tr><td class=\"has-text-align-center\" data-align=\"center\">T\u00e9cnico Judici\u00e1rio&nbsp;\u2013 \u00c1rea Apoio Especializado \u2013 Especialidade Tecnologia da Informa\u00e7\u00e3o<\/td><td class=\"has-text-align-center\" data-align=\"center\">Certificado de conclus\u00e3o de curso de Ensino M\u00e9dio, acrescido de curso de Programa\u00e7\u00e3o com, no m\u00ednimo, 120 (cento e vinte) horas\/aula, ou certificado de conclus\u00e3o de Curso T\u00e9cnico na \u00e1rea de Inform\u00e1tica, devidamente registrados e expedidos por Institui\u00e7\u00e3o de Ensino reconhecida pelo Minist\u00e9rio da Educa\u00e7\u00e3o.<\/td><\/tr><tr><td class=\"has-text-align-center\" data-align=\"center\">T\u00e9cnico Judici\u00e1rio \u2013&nbsp;\u00c1rea Apoio Especializado \u2013 Especialidade Enfermagem do Trabalho<\/td><td class=\"has-text-align-center\" data-align=\"center\">Certificado de conclus\u00e3o de curso de Ensino M\u00e9dio e Curso T\u00e9cnico de Enfermagem do Trabalho, devidamente registrados, expedidos por Institui\u00e7\u00e3o de Ensino reconhecida pelo Minist\u00e9rio da Educa\u00e7\u00e3o e registro no respectivo \u00d3rg\u00e3o de Classe.<\/td><\/tr><\/tbody><\/table><figcaption class=\"wp-element-caption\"><strong>Requisitos por cargo<\/strong><\/figcaption><\/figure>\n\n\n\n<h2 class=\"wp-block-heading\" id=\"provas-e-etapas\">Concurso TRT MT: provas e etapas<\/h2>\n\n\n\n<p>Os candidatos ao concurso do Tribunal Regional do Trabalho de Mato Grosso foram submetidos a duas fases de avalia\u00e7\u00e3o, que inclu\u00edram uma prova objetiva e outra discursiva.<\/p>\n\n\n\n<p>As provas objetivas foram compostas pelas seguintes disciplinas:<\/p>\n\n\n\n<figure class=\"wp-block-table is-style-stripes\"><table class=\"has-very-light-gray-to-cyan-bluish-gray-gradient-background has-background has-fixed-layout\"><thead><tr><th class=\"has-text-align-center\" data-align=\"center\">CARGO<\/th><th class=\"has-text-align-center\" data-align=\"center\">DISCIPLINAS DA PROVA OBJETIVA<\/th><\/tr><\/thead><tbody><tr><td class=\"has-text-align-center\" data-align=\"center\">Analista Judici\u00e1rio &#8211; \u00c1rea Judici\u00e1ria<\/td><td class=\"has-text-align-center\" data-align=\"center\"><strong>Conhecimentos B\u00e1sicos<br \/><\/strong>&#8211; &nbsp;L\u00edngua Portuguesa<br \/>&#8211; &nbsp;Matem\u00e1tica e Racioc\u00ednio-L\u00f3gico<br \/>&#8211;&nbsp;Legisla\u00e7\u00e3o<br \/><strong>Conhecimentos Espec\u00edficos<br \/><\/strong>&#8211; &nbsp;Direito Constitucional<br \/>&#8211; &nbsp;Direito Tribut\u00e1rio<br \/>&#8211; &nbsp;Direito Administrativo<br \/>&#8211; &nbsp;Direito do Trabalho<br \/>&#8211; &nbsp;Direito Processual do Trabalho<br \/>&#8211; &nbsp;Direito Civil<br \/>&#8211; &nbsp;Direito Processual Civil<\/td><\/tr><tr><td class=\"has-text-align-center\" data-align=\"center\">Analista Judici\u00e1rio &#8211; \u00c1rea Oficial de Justi\u00e7a Avaliador Federal<\/td><td class=\"has-text-align-center\" data-align=\"center\"><strong>Conhecimentos B\u00e1sicos<br \/><\/strong>&#8211; &nbsp;L\u00edngua Portuguesa<br \/>&#8211; &nbsp;Matem\u00e1tica e Racioc\u00ednio-L\u00f3gico<br \/>&#8211;&nbsp;Legisla\u00e7\u00e3o<br \/><strong>Conhecimentos Espec\u00edficos<br \/><\/strong>&#8211; &nbsp;Direito Constitucional<br \/>&#8211; &nbsp;Atos normativos do TRT-23<br \/>&#8211; &nbsp;Direito Administrativo<br \/>&#8211; &nbsp;Direito do Trabalho<br \/>&#8211; &nbsp;Direito Processual do Trabalho<br \/>&#8211; &nbsp;Direito Civil<br \/>&#8211; &nbsp;Direito Processual Civil<\/td><\/tr><tr><td class=\"has-text-align-center\" data-align=\"center\">Analista Judici\u00e1rio &#8211; \u00c1rea Administrativa<\/td><td class=\"has-text-align-center\" data-align=\"center\"><strong>Conhecimentos B\u00e1sicos<br \/>&#8211; &nbsp;<\/strong>L\u00edngua Portuguesa<br \/>&#8211; &nbsp;Matem\u00e1tica e Racioc\u00ednio-L\u00f3gico<br \/>&#8211;&nbsp;Legisla\u00e7\u00e3o<strong><br \/>Conhecimentos Espec\u00edficos<br \/><\/strong>&#8211; <strong>&nbsp;<\/strong>No\u00e7\u00f5es de Direito Constitucional<br \/>&#8211; &nbsp;No\u00e7\u00f5es de Direito Administrativo<br \/>&#8211; &nbsp;No\u00e7\u00f5es de Administra\u00e7\u00e3o P\u00fablica<br \/>&#8211; &nbsp;No\u00e7\u00f5es de Or\u00e7amento P\u00fablico<br \/>&#8211; &nbsp;No\u00e7\u00f5es de Gest\u00e3o de Pessoas<\/td><\/tr><tr><td class=\"has-text-align-center\" data-align=\"center\">Analista Judici\u00e1rio \u2013&nbsp;\u00c1rea Administrativa \u2013 Especialidade Contabilidade<\/td><td class=\"has-text-align-center\" data-align=\"center\"><strong>Conhecimentos B\u00e1sicos<br \/><\/strong>&#8211; &nbsp;L\u00edngua Portuguesa<br \/>&#8211; &nbsp;Matem\u00e1tica e Racioc\u00ednio-L\u00f3gico<br \/>&#8211;&nbsp;Legisla\u00e7\u00e3o<br \/><strong>Conhecimentos Espec\u00edficos<br \/><\/strong>&#8211;&nbsp;Direito Administrativo e de Administra\u00e7\u00e3o P\u00fablica<br \/>&#8211;&nbsp;Or\u00e7amento P\u00fablico<br \/>&#8211;&nbsp;Contabilidade Aplicada ao Setor P\u00fablico<br \/>&#8211;&nbsp;Administra\u00e7\u00e3o Financeira e Or\u00e7ament\u00e1ria<br \/>&#8211; &nbsp;Contabilidade Geral<br \/>&#8211; &nbsp;No\u00e7\u00f5es de auditoria governamental<\/td><\/tr><tr><td class=\"has-text-align-center\" data-align=\"center\">Analista Judici\u00e1rio \u2013&nbsp;\u00c1rea Apoio Especializado \u2013 Especialidade Biblioteconomia<\/td><td class=\"has-text-align-center\" data-align=\"center\"><strong>Conhecimentos B\u00e1sicos<br \/><\/strong>&#8211; &nbsp;L\u00edngua Portuguesa<br \/>&#8211; &nbsp;Matem\u00e1tica e Racioc\u00ednio-L\u00f3gico<br \/>&#8211;&nbsp;Legisla\u00e7\u00e3o<br \/><strong>Conhecimentos Espec\u00edficos<\/strong><\/td><\/tr><tr><td class=\"has-text-align-center\" data-align=\"center\">Analista Judici\u00e1rio \u2013&nbsp;\u00c1rea Apoio Especializado \u2013 Especialidade Enfermagem do Trabalho<\/td><td class=\"has-text-align-center\" data-align=\"center\"><strong>Conhecimentos B\u00e1sicos<br \/><\/strong>&#8211; &nbsp;L\u00edngua Portuguesa<br \/>&#8211; &nbsp;Matem\u00e1tica e Racioc\u00ednio-L\u00f3gico<br \/>&#8211;&nbsp;Legisla\u00e7\u00e3o<br \/><strong>Conhecimentos Espec\u00edficos<\/strong><\/td><\/tr><tr><td class=\"has-text-align-center\" data-align=\"center\">Analista Judici\u00e1rio \u2013&nbsp;\u00c1rea Apoio Especializado \u2013 Especialidade Engenharia (Mec\u00e2nica)<\/td><td class=\"has-text-align-center\" data-align=\"center\"><strong>Conhecimentos B\u00e1sicos<br \/><\/strong>&#8211; &nbsp;L\u00edngua Portuguesa<br \/>&#8211; &nbsp;Matem\u00e1tica e Racioc\u00ednio-L\u00f3gico<br \/>&#8211;&nbsp;Legisla\u00e7\u00e3o<br \/><strong>Conhecimentos Espec\u00edficos<\/strong><\/td><\/tr><tr><td class=\"has-text-align-center\" data-align=\"center\">Analista Judici\u00e1rio \u2013&nbsp;\u00c1rea Apoio Especializado \u2013 Especialidade Engenharia (El\u00e9trica)<\/td><td class=\"has-text-align-center\" data-align=\"center\"><strong>Conhecimentos B\u00e1sicos<br \/><\/strong>&#8211; &nbsp;L\u00edngua Portuguesa<br \/>&#8211; &nbsp;Matem\u00e1tica e Racioc\u00ednio-L\u00f3gico<br \/>&#8211;&nbsp;Legisla\u00e7\u00e3o<br \/><strong>Conhecimentos Espec\u00edficos<\/strong><\/td><\/tr><tr><td class=\"has-text-align-center\" data-align=\"center\">Analista Judici\u00e1rio \u2013&nbsp;\u00c1rea Apoio Especializado \u2013 Especialidade Estat\u00edstica<\/td><td class=\"has-text-align-center\" data-align=\"center\"><strong>Conhecimentos B\u00e1sicos<br \/><\/strong>&#8211; &nbsp;L\u00edngua Portuguesa<br \/>&#8211; &nbsp;Matem\u00e1tica e Racioc\u00ednio-L\u00f3gico<br \/>&#8211;&nbsp;Legisla\u00e7\u00e3o<br \/><strong>Conhecimentos Espec\u00edficos<\/strong><\/td><\/tr><tr><td class=\"has-text-align-center\" data-align=\"center\">Analista Judici\u00e1rio \u2013&nbsp;\u00c1rea Apoio Especializado \u2013 Especialidade Fisioterapia<\/td><td class=\"has-text-align-center\" data-align=\"center\"><strong>Conhecimentos B\u00e1sicos<br \/><\/strong>&#8211; &nbsp;L\u00edngua Portuguesa<br \/>&#8211; &nbsp;Matem\u00e1tica e Racioc\u00ednio-L\u00f3gico<br \/>&#8211;&nbsp;Legisla\u00e7\u00e3o<br \/><strong>Conhecimentos Espec\u00edficos<\/strong><\/td><\/tr><tr><td class=\"has-text-align-center\" data-align=\"center\">Analista Judici\u00e1rio \u2013&nbsp;\u00c1rea Apoio Especializado \u2013 Especialidade Medicina do Trabalho<\/td><td class=\"has-text-align-center\" data-align=\"center\"><strong>Conhecimentos B\u00e1sicos<br \/><\/strong>&#8211; &nbsp;L\u00edngua Portuguesa<br \/>&#8211; &nbsp;Matem\u00e1tica e Racioc\u00ednio-L\u00f3gico<br \/>&#8211;&nbsp;Legisla\u00e7\u00e3o<br \/><strong>Conhecimentos Espec\u00edficos<\/strong><\/td><\/tr><tr><td class=\"has-text-align-center\" data-align=\"center\">Analista Judici\u00e1rio \u2013&nbsp;\u00c1rea Apoio Especializado \u2013 Especialidade Psicologia<\/td><td class=\"has-text-align-center\" data-align=\"center\"><strong>Conhecimentos B\u00e1sicos<br \/><\/strong>&#8211; &nbsp;L\u00edngua Portuguesa<br \/>&#8211; &nbsp;Matem\u00e1tica e Racioc\u00ednio-L\u00f3gico<br \/>&#8211;&nbsp;Legisla\u00e7\u00e3o<br \/><strong>Conhecimentos Espec\u00edficos<\/strong><\/td><\/tr><tr><td class=\"has-text-align-center\" data-align=\"center\">Analista Judici\u00e1rio \u2013&nbsp;\u00c1rea Apoio Especializado \u2013 Especialidade Servi\u00e7o Social<\/td><td class=\"has-text-align-center\" data-align=\"center\"><strong>Conhecimentos B\u00e1sicos<br \/><\/strong>&#8211; &nbsp;L\u00edngua Portuguesa<br \/>&#8211; &nbsp;Matem\u00e1tica e Racioc\u00ednio-L\u00f3gico<br \/>&#8211;&nbsp;Legisla\u00e7\u00e3o<br \/><strong>Conhecimentos Espec\u00edficos<\/strong><\/td><\/tr><tr><td class=\"has-text-align-center\" data-align=\"center\">Analista Judici\u00e1rio&nbsp;\u2013 \u00c1rea Apoio Especializado \u2013 Tecnologia da Informa\u00e7\u00e3o<\/td><td class=\"has-text-align-center\" data-align=\"center\"><strong>Conhecimentos B\u00e1sicos<br \/><\/strong>&#8211; &nbsp;L\u00edngua Portuguesa<br \/>&#8211; &nbsp;Matem\u00e1tica e Racioc\u00ednio-L\u00f3gico<br \/>&#8211;&nbsp;Legisla\u00e7\u00e3o<br \/><strong>Conhecimentos Espec\u00edficos<\/strong><\/td><\/tr><tr><td class=\"has-text-align-center\" data-align=\"center\">Analista Judici\u00e1rio \u2013&nbsp;\u00c1rea Apoio Especializado \u2013 Especialidade Medicina (Psiquiatria)<\/td><td class=\"has-text-align-center\" data-align=\"center\"><strong>Conhecimentos B\u00e1sicos<br \/><\/strong>&#8211; &nbsp;L\u00edngua Portuguesa<br \/>&#8211; &nbsp;Matem\u00e1tica e Racioc\u00ednio-L\u00f3gico<br \/>&#8211;&nbsp;Legisla\u00e7\u00e3o<br \/><strong>Conhecimentos Espec\u00edficos<\/strong><\/td><\/tr><tr><td class=\"has-text-align-center\" data-align=\"center\">Analista Judici\u00e1rio \u2013&nbsp;\u00c1rea Apoio Especializado \u2013 Especialidade Odontologia<\/td><td class=\"has-text-align-center\" data-align=\"center\"><strong>Conhecimentos B\u00e1sicos<br \/><\/strong>&#8211; &nbsp;L\u00edngua Portuguesa<br \/>&#8211; &nbsp;Matem\u00e1tica e Racioc\u00ednio-L\u00f3gico<br \/>&#8211;&nbsp;Legisla\u00e7\u00e3o<br \/><strong>Conhecimentos Espec\u00edficos<\/strong><\/td><\/tr><tr><td class=\"has-text-align-center\" data-align=\"center\">T\u00e9cnico Judici\u00e1rio \u2013&nbsp;\u00c1rea Administrativa<\/td><td class=\"has-text-align-center\" data-align=\"center\"><strong>Conhecimentos B\u00e1sicos<br \/><\/strong>&#8211; &nbsp;L\u00edngua Portuguesa<br \/>&#8211; &nbsp;Matem\u00e1tica e Racioc\u00ednio-L\u00f3gico<br \/>&#8211; &nbsp;Legisla\u00e7\u00e3o<br \/><strong>Conhecimentos Espec\u00edficos<br \/><\/strong>&#8211; &nbsp;No\u00e7\u00f5es de Direito Constitucional<br \/>&#8211; &nbsp;No\u00e7\u00f5es de Direito Administrativo<br \/>&#8211; &nbsp;No\u00e7\u00f5es de Administra\u00e7\u00e3o P\u00fablica<br \/>&#8211; &nbsp;No\u00e7\u00f5es de Direito do Trabalho<br \/>&#8211; &nbsp;No\u00e7\u00f5es de Direito Processual do<br \/>Trabalho<\/td><\/tr><tr><td class=\"has-text-align-center\" data-align=\"center\">T\u00e9cnico Judici\u00e1rio&nbsp;\u2013 \u00c1rea Apoio Especializado \u2013 Especialidade Tecnologia da Informa\u00e7\u00e3o<\/td><td class=\"has-text-align-center\" data-align=\"center\"><strong>Conhecimentos B\u00e1sicos<br \/><\/strong>&#8211; &nbsp;L\u00edngua Portuguesa<br \/>&#8211; &nbsp;Matem\u00e1tica e Racioc\u00ednio-L\u00f3gico<br \/>&#8211;&nbsp;Legisla\u00e7\u00e3o<br \/><strong>Conhecimentos Espec\u00edficos<\/strong><\/td><\/tr><tr><td class=\"has-text-align-center\" data-align=\"center\">T\u00e9cnico Judici\u00e1rio \u2013&nbsp;\u00c1rea Apoio Especializado \u2013 Especialidade Enfermagem do Trabalho<\/td><td class=\"has-text-align-center\" data-align=\"center\"><strong>Conhecimentos B\u00e1sicos<br \/><\/strong>&#8211; &nbsp;L\u00edngua Portuguesa<br \/>&#8211; &nbsp;Matem\u00e1tica e Racioc\u00ednio-L\u00f3gico<br \/>&#8211;&nbsp;Legisla\u00e7\u00e3o<br \/><strong>Conhecimentos Espec\u00edficos<\/strong><\/td><\/tr><\/tbody><\/table><figcaption class=\"wp-element-caption\"><strong>Informa\u00e7\u00f5es de provas e etapas por cargos<\/strong><\/figcaption><\/figure>\n\n\n\n<h2 class=\"wp-block-heading\" id=\"atribuicoes\">Concurso TRT MT: atribui\u00e7\u00f5es dos cargos <\/h2>\n\n\n\n<p><strong>ANALISTA JUDICI\u00c1RIO \u2013 \u00c1REA JUDICI\u00c1RIA<\/strong><\/p>\n\n\n\n<p>Analisar peti\u00e7\u00f5es e processos, confeccionar minutas de votos, emitir informa\u00e7\u00f5es e pareceres; proceder a estudos e pesquisas na legisla\u00e7\u00e3o, na jurisprud\u00eancia e na doutrina pertinente para fundamentar a an\u00e1lise de processo e emiss\u00e3o de parecer; fornecer suporte t\u00e9cnico e administrativo aos magistrados, \u00f3rg\u00e3os julgadores e unidades do Tribunal; inserir, atualizar e consultar informa\u00e7\u00f5es em base de dados; verificar prazos processuais; atender ao p\u00fablico interno e externo; redigir, digitar e conferir expedientes diversos e executar outras atividades de mesma natureza e grau de complexidade.<\/p>\n\n\n\n<p><strong>ANALISTA JUDICI\u00c1RIO \u2013 \u00c1REA JUDICI\u00c1RIA \u2013 ESPECIALIDADE OFICIAL DE JUSTI\u00c7A AVALIADOR FEDERAL<\/strong><\/p>\n\n\n\n<p>Executar cita\u00e7\u00f5es, notifica\u00e7\u00f5es, intima\u00e7\u00f5es e demais ordens judiciais, certificando no mandado o ocorrido; executar penhoras, avalia\u00e7\u00f5es, arremata\u00e7\u00f5es, pra\u00e7as e hastas p\u00fablicas, remiss\u00f5es, adjudica\u00e7\u00f5es, arrestos, sequestros, buscas e apreens\u00f5es, lavrando no local o respectivo auto circunstanciado; redigir, digitar e conferir expedientes diversos e executar outras atividades de mesma natureza e grau de complexidade.<\/p>\n\n\n\n<p><strong>ANALISTA JUDICI\u00c1RIO \u2013 \u00c1REA ADMINISTRATIVA<\/strong><\/p>\n\n\n\n<p>Realizar tarefas relacionadas \u00e0 administra\u00e7\u00e3o de recursos humanos, materiais, patrimoniais, or\u00e7ament\u00e1rios e financeiros, de desenvolvimento organizacional, licita\u00e7\u00f5es e contratos, contadoria e auditoria; emitir informa\u00e7\u00f5es e pareceres; elaborar, analisar e interpretar dados e demonstrativos; elaborar, implementar, acompanhar e avaliar projetos pertinentes \u00e0 \u00e1rea de atua\u00e7\u00e3o; elaborar e aplicar instrumentos de acompanhamento, avalia\u00e7\u00e3o, pesquisa, controle e divulga\u00e7\u00e3o referentes aos projetos desenvolvidos; atender ao p\u00fablico interno e externo; redigir, digitar e conferir expedientes diversos e executar outras atividades de mesma natureza e grau de complexidade.<\/p>\n\n\n\n<p><strong>ANALISTA JUDICI\u00c1RIO &#8211; \u00c1REA ADMINISTRATIVA \u2013 ESPECIALIDADE CONTABILIDADE<\/strong><\/p>\n\n\n\n<p>Executar atividades relativas \u00e0 elabora\u00e7\u00e3o do or\u00e7amento, planifica\u00e7\u00e3o de contas, detalhamento de despesas, servi\u00e7os cont\u00e1beis, balan\u00e7os, balancetes, demonstrativos de movimento de contas, c\u00e1lculo de faturas, tabelas de vencimentos, folhas de pagamento e organiza\u00e7\u00e3o de processos de presta\u00e7\u00e3o de contas; elaborar planos, projetos e relat\u00f3rios relativos \u00e0 \u00e1rea de atua\u00e7\u00e3o; realizar per\u00edcias cont\u00e1beis e c\u00e1lculos judiciais; emitir informa\u00e7\u00f5es e pareceres em quest\u00f5es que envolvam mat\u00e9ria de natureza t\u00e9cnica pertinente \u00e0 \u00e1rea de atua\u00e7\u00e3o; prestar assessoria relacionada ao sistema de controle interno e auditoria; atuar no monitoramento e acompanhamento da execu\u00e7\u00e3o or\u00e7ament\u00e1ria, financeira, cont\u00e1bil e patrimonial; examinar e emitir parecer em processos de tomadas de contas; redigir, digitar e conferir expedientes diversos e executar outras atividades de mesma natureza e grau de complexidade.<\/p>\n\n\n\n<p><strong>ANALISTA JUDICI\u00c1RIO \u2013 \u00c1REA APOIO ESPECIALIZADO \u2013 ESPECIALIDADE BIBLIOTECONOMIA<\/strong><\/p>\n\n\n\n<p>Manter atualizado o invent\u00e1rio do acervo bibliogr\u00e1fico; proceder ao cadastramento das publica\u00e7\u00f5es editadas pelo Tribunal junto aos \u00f3rg\u00e3os respons\u00e1veis pela padroniza\u00e7\u00e3o internacional de numera\u00e7\u00e3o de t\u00edtulos de livros e peri\u00f3dicos; selecionar, indexar e catalogar material documental de interesse do Tribunal para consulta e\/ou composi\u00e7\u00e3o do acervo; desenvolver linguagem de indexa\u00e7\u00e3o na \u00e1rea trabalhista para o Tribunal; alimentar os bancos de dados da \u00e1rea; organizar cat\u00e1logos e mant\u00ea-los atualizados; efetuar a organiza\u00e7\u00e3o, o controle e o armazenamento do acervo; selecionar, coletar e organizar material documental referente \u00e0 doutrina, \u00e0 legisla\u00e7\u00e3o e \u00e0 jurisprud\u00eancia de interesse do Tribunal; atender ao usu\u00e1rio, realizando pesquisas bibliogr\u00e1ficas e de informa\u00e7\u00f5es solicitadas; realizar interc\u00e2mbio com bibliotecas de \u00f3rg\u00e3os p\u00fablicos e institui\u00e7\u00f5es jur\u00eddicas nacionais e estrangeiras; registrar e controlar empr\u00e9stimos, devolu\u00e7\u00e3o e reserva do material bibliogr\u00e1fico; atender ao p\u00fablico interno e externo; redigir, digitar e conferir expedientes diversos e executar outras atividades de mesma natureza e grau de complexidade.<\/p>\n\n\n\n<p><strong>ANALISTA JUDICI\u00c1RIO \u2013 \u00c1REA APOIO ESPECIALIZADO \u2013 ESPECIALIDADE ENFERMAGEM DO TRABALHO<\/strong><\/p>\n\n\n\n<p>Estudar as condi\u00e7\u00f5es de seguran\u00e7a e periculosidade do \u00f3rg\u00e3o, efetuando observa\u00e7\u00f5es nos locais de trabalho e discutindo- as em equipe, para identificar as necessidades no campo de seguran\u00e7a, higiene e melhoria do trabalho; elaborar e executar planos e programas de promo\u00e7\u00e3o e prote\u00e7\u00e3o \u00e0 sa\u00fade dos magistrados e servidores, participando de grupos que realizam inqu\u00e9ritos sanit\u00e1rios, estudam as causas de absente\u00edsmo, fazem levantamento de doen\u00e7as profissionais e les\u00f5es traum\u00e1ticas, proceder a estudos epidemiol\u00f3gicos, coletar dados estat\u00edsticos de morbidade e mortalidade de magistrados e servidores, investigando poss\u00edveis rela\u00e7\u00f5es com as atividades funcionais; executar e avaliar programas de preven\u00e7\u00e3o de acidentes e doen\u00e7as profissionais e n\u00e3o profissionais, fazendo an\u00e1lise de fadiga, dos fatores de insalubridade, dos riscos e das condi\u00e7\u00f5es de trabalho, para propiciar a preserva\u00e7\u00e3o f\u00edsica e mental de magistrados e servidores; prestar primeiros socorros no local de trabalho, em caso de acidente ou doen\u00e7a, fazendo curativos ou imobiliza\u00e7\u00f5es especiais, administrando medicamentos e tratamentos e providenciando o posterior atendimento m\u00e9dico adequado, para atenuar consequ\u00eancias e proporcionar apoio e conforto ao paciente; elaborar, executar e avaliar as atividades de assist\u00eancia de enfermagem aos magistrados e servidores, proporcionando-lhes atendimento ambulatorial, no local de trabalho, controlando sinais vitais, administrando medicamentos e tratamentos; organizar e administrar o setor de enfermagem do \u00f3rg\u00e3o, prevendo pessoal e material necess\u00e1rios, treinando e supervisionando t\u00e9cnicos administrativos, \u00e1rea de apoio especializado, especialidade enfermagem do trabalho, \u00e0s necessidades de sa\u00fade do magistrado e servidor; treinar servidores\/terceirizados, instruindo-os sobre o uso de roupas e material adequado ao tipo de trabalho, para reduzir a incid\u00eancia de acidentes; planejar e executar programas de educa\u00e7\u00e3o sanit\u00e1ria, divulgando conhecimentos e estimulando a aquisi\u00e7\u00e3o de h\u00e1bitos sadios, para prevenir doen\u00e7as profissionais e melhorar as condi\u00e7\u00f5es de sa\u00fade de magistrados e servidores; registrar dados estat\u00edsticos de acidentes e doen\u00e7as profissionais, mantendo cadastros atualizados, a fim de prestar informa\u00e7\u00f5es e orientar em problemas de preven\u00e7\u00e3o de doen\u00e7as profissionais; desempenhar outras atividades de mesma natureza e grau de complexidade.<\/p>\n\n\n\n<p><strong>ANALISTA JUDICI\u00c1RIO \u2013 \u00c1REA APOIO ESPECIALIZADO \u2013 ESPECIALIDADE ENGENHARIA (MEC\u00c2NICA)<\/strong><\/p>\n\n\n\n<p>Elaborar projetos relativos \u00e0 constru\u00e7\u00e3o, conserva\u00e7\u00e3o e reforma de estruturas e equipamentos componentes ou complementares das edifica\u00e7\u00f5es do Tribunal; acompanhar e fiscalizar obras e servi\u00e7os relativos a esses sistemas; realizar exames t\u00e9cnicos de expedientes relativos \u00e0 execu\u00e7\u00e3o de obras ou montagem de sistemas mec\u00e2nicos; prestar assist\u00eancia em assuntos t\u00e9cnicos relacionados a obras que contenham ou interfiram em equipamentos e estruturas mec\u00e2nicas; executar desenho t\u00e9cnico de sistemas e equipamentos mec\u00e2nicos; emitir pareceres t\u00e9cnicos e elaborar especifica\u00e7\u00f5es t\u00e9cnicas e relat\u00f3rios sobre assuntos relativos \u00e0 sua \u00e1rea de atua\u00e7\u00e3o; acompanhar a manuten\u00e7\u00e3o preventiva e corretiva de estruturas e equipamentos hidr\u00e1ulicos e mec\u00e2nicos dos pr\u00e9dios do Tribunal; redigir, digitar e conferir expedientes diversos e executar outras atividades de mesma natureza e grau de complexidade.<\/p>\n\n\n\n<p><strong>ANALISTA JUDICI\u00c1RIO \u2013 \u00c1REA APOIO ESPECIALIZADO \u2013 ESPECIALIDADE ENGENHARIA (EL\u00c9TRICA)<\/strong><\/p>\n\n\n\n<p>Elaborar projetos relativos a constru\u00e7\u00e3o, conserva\u00e7\u00e3o e reforma dos pr\u00e9dios do Tribunal; acompanhar e fiscalizar obras e servi\u00e7os; realizar exames t\u00e9cnicos de expedientes relativos a execu\u00e7\u00e3o de obras; prestar assist\u00eancia em assuntos t\u00e9cnicos relacionados a projetos de obras de instala\u00e7\u00f5es prediais e de estruturas; executar desenho t\u00e9cnico; emitir pareceres t\u00e9cnicos e elaborar especifica\u00e7\u00f5es t\u00e9cnicas e relat\u00f3rios sobre assuntos relativos \u00e0 sua \u00e1rea de atua\u00e7\u00e3o; acompanhar a manuten\u00e7\u00e3o das centrais e aparelhos de ar condicionado e das instala\u00e7\u00f5es el\u00e9tricas dos pr\u00e9dios do Tribunal; redigir, digitar e conferir expedientes diversos e executar outras atividades de mesma natureza e grau de complexidade.<\/p>\n\n\n\n<p><strong>ANALISTA JUDICI\u00c1RIO \u2013 \u00c1REA APOIO ESPECIALIZADO \u2013 ESPECIALIDADE ESTAT\u00cdSTICA<\/strong><\/p>\n\n\n\n<p>Planejar e desenvolver investiga\u00e7\u00f5es estat\u00edsticas; coordenar os trabalhos de coleta, an\u00e1lise e interpreta\u00e7\u00e3o de dados; elaborar pareceres e instrumentais t\u00e9cnicos, laudos e relat\u00f3rios; fornecer informa\u00e7\u00f5es que favore\u00e7am a tomada de decis\u00f5es e o acompanhamento da execu\u00e7\u00e3o de atividades; redigir, digitar e conferir expedientes diversos e executar outras atividades de mesma natureza e grau de complexidade.<\/p>\n\n\n\n<p><strong>ANALISTA JUDICI\u00c1RIO \u2013 \u00c1REA APOIO ESPECIALIZADO \u2013 ESPECIALIDADE FISIOTERAPIA<\/strong><\/p>\n\n\n\n<p>Elaborar diagn\u00f3stico fisioterap\u00eautico; realizar atividades destinadas \u00e0 promo\u00e7\u00e3o, ao tratamento e \u00e0 recupera\u00e7\u00e3o da sa\u00fade de pacientes mediante a aplica\u00e7\u00e3o de t\u00e9cnicas fisioterap\u00eauticas; redigir, digitar e conferir expedientes diversos e executar outras atividades de mesma natureza e grau de complexidade.<\/p>\n\n\n\n<p><strong>ANALISTA JUDICI\u00c1RIO \u2013 \u00c1REA APOIO ESPECIALIZADO \u2013 ESPECIALIDADE MEDICINA DO TRABALHO<\/strong><\/p>\n\n\n\n<p>Realizar consultas, exames, diagn\u00f3sticos e inspe\u00e7\u00f5es de sa\u00fade, principalmente relacionadas \u00e0 sa\u00fade ocupacional; solicitar exames; prescrever tratamentos; realizar visitas domiciliares ou em depend\u00eancias hospitalares; providenciar a remo\u00e7\u00e3o de pacientes para institui\u00e7\u00f5es hospitalares em casos de emerg\u00eancia; emitir laudos m\u00e9dicos e pareceres; conceder licen\u00e7as para tratamento de sa\u00fade; homologar atestados m\u00e9dicos emitidos por profissionais externos ao quadro do Tribunal; atuar em per\u00edcias m\u00e9dicas; atuar em programas de educa\u00e7\u00e3o e preven\u00e7\u00e3o de doen\u00e7as; prescrever e administrar medicamentos; efetuar o controle de estoque e das condi\u00e7\u00f5es de uso de equipamentos, materiais, instrumentos e medicamentos utilizados para atendimento m\u00e9dico; colaborar na fiscaliza\u00e7\u00e3o das condi\u00e7\u00f5es de higiene e seguran\u00e7a dos locais de trabalho; redigir, digitar e conferir expedientes diversos e executar outras atividades de mesma natureza e grau de complexidade.<\/p>\n\n\n\n<p><strong>ANALISTA JUDICI\u00c1RIO \u2013 \u00c1REA APOIO ESPECIALIZADO \u2013 ESPECIALIDADE PSICOLOGIA<\/strong><\/p>\n\n\n\n<p>Realizar atividades relacionadas \u00e0s \u00e1reas de psicologia organizacional e cl\u00ednica; realizar atendimentos, diagn\u00f3sticos e inspe\u00e7\u00f5es de sa\u00fade; prescrever tratamentos; realizar visitas domiciliares ou em depend\u00eancias hospitalares; emitir laudos e pareceres; atuar em programas de educa\u00e7\u00e3o e preven\u00e7\u00e3o de doen\u00e7as; atuar em processos de sele\u00e7\u00e3o, acompanhamento, treinamento, an\u00e1lise ocupacional, avalia\u00e7\u00e3o de desempenho e desligamento de pessoal; redigir, digitar e conferir expedientes diversos e executar outras atividades de mesma natureza e grau de complexidade.<\/p>\n\n\n\n<p><strong>ANALISTA JUDICI\u00c1RIO \u2013 \u00c1REA APOIO ESPECIALIZADO \u2013 ESPECIALIDADE SERVI\u00c7O SOCIAL<\/strong><\/p>\n\n\n\n<p>Elaborar estudos, projetos e pesquisas de \u00e2mbito social e de cunho s\u00f3cio- educativo; atuar em a\u00e7\u00f5es que envolvam a recupera\u00e7\u00e3o, a readapta\u00e7\u00e3o ou a orienta\u00e7\u00e3o a servidores; promover a\u00e7\u00f5es com vistas \u00e0 redu\u00e7\u00e3o de fatores que interfiram no tratamento da sa\u00fade; efetuar contatos com a rede hospitalar para fins de atendimento especializado; prestar assessoramento t\u00e9cnico pertinente \u00e0 sua \u00e1rea de atua\u00e7\u00e3o; efetuar visitas domiciliares ou em depend\u00eancias hospitalares; elaborar, implementar, acompanhar e avaliar projetos pertinentes \u00e0 \u00e1rea de atua\u00e7\u00e3o; redigir, digitar e conferir expedientes diversos e executar outras atividades de mesma natureza e grau de complexidade.<\/p>\n\n\n\n<p><strong>ANALISTA JUDICI\u00c1RIO \u2013 \u00c1REA APOIO ESPECIALIZADO \u2013 ESPECIALIDADE TECNOLOGIA DA INFORMA\u00c7\u00c3O<\/strong><\/p>\n\n\n\n<p>Desenvolver projetos e sistemas de inform\u00e1tica; documentar os sistemas; analisar e avaliar diagramas, estruturas e descri\u00e7\u00f5es de entradas e sa\u00eddas de sistemas; sugerir as caracter\u00edsticas e quantitativos de equipamentos necess\u00e1rios \u00e0 utiliza\u00e7\u00e3o dos sistemas; analisar e avaliar as defini\u00e7\u00f5es e documenta\u00e7\u00e3o de arquivos, programas, rotinas de produ\u00e7\u00e3o e testes de sistemas; identificar as necessidades de produ\u00e7\u00e3o, altera\u00e7\u00e3o e otimiza\u00e7\u00e3o de sistemas; prestar suporte t\u00e9cnico e treinamento aos usu\u00e1rios de sistemas; analisar e avaliar procedimentos para instala\u00e7\u00e3o de base de dados, assim como definir dados a serem coletados para teste paralelo de sistemas; planejar e coordenar as atividades de manuten\u00e7\u00e3o dos sistemas em opera\u00e7\u00e3o; elaborar projetos de p\u00e1ginas para internet e intranet; elaborar especifica\u00e7\u00e3o t\u00e9cnica para subsidiar a aquisi\u00e7\u00e3o de software e equipamentos de inform\u00e1tica; propor padr\u00f5es e solu\u00e7\u00f5es para ambientes informatizados; elaborar pareceres t\u00e9cnicos; redigir, digitar e conferir expedientes diversos e executar outras atividades de mesma natureza e grau de complexidade.<\/p>\n\n\n\n<p><strong>ANALISTA JUDICI\u00c1RIO \u2013 \u00c1REA APOIO ESPECIALIZADO \u2013 ESPECIALIDADE MEDICINA (PSIQUIATRIA)<\/strong><\/p>\n\n\n\n<p>Realizar consultas, exames, diagn\u00f3sticos e inspe\u00e7\u00f5es de sa\u00fade, principalmente na \u00e1rea de psiquiatria; solicitar exames; prescrever tratamentos; realizar visitas domiciliares ou em depend\u00eancias hospitalares; providenciar a remo\u00e7\u00e3o de pacientes para institui\u00e7\u00f5es hospitalares em casos de emerg\u00eancia; emitir laudos m\u00e9dicos e pareceres; conceder licen\u00e7as para tratamento de sa\u00fade; homologar atestados m\u00e9dicos emitidos por profissionais externos ao quadro do Tribunal; atuar em per\u00edcias m\u00e9dicas; atuar em programas de educa\u00e7\u00e3o e preven\u00e7\u00e3o de doen\u00e7as; prescrever e administrar medicamentos; efetuar o controle de estoque e das condi\u00e7\u00f5es de uso de equipamentos, materiais, instrumentos e medicamentos utilizados para atendimento m\u00e9dico; colaborar na fiscaliza\u00e7\u00e3o das condi\u00e7\u00f5es de higiene e seguran\u00e7a dos locais de trabalho; redigir, digitar e conferir expedientes diversos e executar outras atividades de mesma natureza e grau de complexidade.<\/p>\n\n\n\n<p><strong>ANALISTA JUDICI\u00c1RIO \u2013 \u00c1REA APOIO ESPECIALIZADO \u2013 ESPECIALIDADE ODONTOLOGIA<\/strong><\/p>\n\n\n\n<p>Realizar consultas, diagn\u00f3sticos, tratamentos e preven\u00e7\u00e3o das afec\u00e7\u00f5es bucais; atuar em campanhas e programas de sa\u00fade bucal; conceder licen\u00e7as para tratamento de sa\u00fade relacionado \u00e0 odontologia; homologar atestados odontol\u00f3gicos emitidos por profissionais externos ao quadro do Tribunal; realizar per\u00edcias odontol\u00f3gicas; prescrever e administrar medicamentos; radiografar elementos dent\u00e1rios; analisar processos e emitir pareceres t\u00e9cnicos e laudos referentes \u00e0 sua \u00e1rea de atua\u00e7\u00e3o; efetuar o controle do estoque e das condi\u00e7\u00f5es de uso de equipamentos, materiais, instrumentos e medicamentos utilizados para atendimento odontol\u00f3gico; colaborar na fiscaliza\u00e7\u00e3o das condi\u00e7\u00f5es de higiene e seguran\u00e7a dos locais de trabalho; redigir, digitar e conferir expedientes diversos e executar outras atividades de mesma natureza e grau de complexidade.<\/p>\n\n\n\n<p><strong>T\u00c9CNICO JUDICI\u00c1RIO \u2013 \u00c1REA ADMINISTRATIVA<\/strong><\/p>\n\n\n\n<p>Prestar apoio t\u00e9cnico e administrativo pertinente \u00e0s atribui\u00e7\u00f5es das unidades organizacionais; executar tarefas de apoio \u00e0 atividade judici\u00e1ria; arquivar documentos; efetuar tarefas relacionadas \u00e0 movimenta\u00e7\u00e3o e \u00e0 guarda de processos e documentos; atender ao p\u00fablico interno e externo; classificar e autuar processos; realizar estudos, pesquisas e rotinas administrativas; redigir, digitar e conferir expedientes diversos e executar outras atividades de mesma natureza e grau de complexidade.<\/p>\n\n\n\n<p><strong>T\u00c9CNICO JUDICI\u00c1RIO \u2013 \u00c1REA APOIO ESPECIALIZADO \u2013 ESPECIALIDADE TECNOLOGIA DA INFORMA\u00c7\u00c3O<\/strong><\/p>\n\n\n\n<p>Executar atividades relacionadas ao desenvolvimento, teste, codifica\u00e7\u00e3o, manuten\u00e7\u00e3o e documenta\u00e7\u00e3o de programas e sistemas de inform\u00e1tica; prestar suporte t\u00e9cnico e treinamento a usu\u00e1rios; elaborar p\u00e1ginas para internet e intranet; identificar as necessidades de produ\u00e7\u00e3o, altera\u00e7\u00e3o e otimiza\u00e7\u00e3o de sistemas; efetuar os procedimentos de c\u00f3pia, transfer\u00eancia, armazenamento e recupera\u00e7\u00e3o de arquivos de dados; elaborar pareceres t\u00e9cnicos; redigir, digitar e conferir expedientes diversos e executar outras atividades de mesma natureza e grau de complexidade.<\/p>\n\n\n\n<p><br \/><strong>T\u00e9cnico Judici\u00e1rio &#8211; \u00c1rea Enfermagem do Trabalho<\/strong>:<\/p>\n\n\n\n<p>Auxiliar na observa\u00e7\u00e3o sistem\u00e1tica do estado de sa\u00fade dos magistrados e servidores, nos levantamentos de doen\u00e7as profissionais, les\u00f5es traum\u00e1ticas, doen\u00e7as epidemiol\u00f3gicas; fazer visitas domiciliares e hospitalares nos casos de acidentes ou doen\u00e7as profissionais; participar dos programas de Preven\u00e7\u00e3o de Riscos Ambientais e de Controle M\u00e9dico e Sa\u00fade Ocupacional \u2013 PCMSO; desempenhar tarefas relativas a campanhas de educa\u00e7\u00e3o sanit\u00e1ria; preencher os relat\u00f3rios de atividades do ambulat\u00f3rio dos servi\u00e7os m\u00e9dico e de enfermagem do trabalho; auxiliar na realiza\u00e7\u00e3o de inqu\u00e9ritos sanit\u00e1rios nos locais de trabalho; auxiliar na realiza\u00e7\u00e3o de exames pr\u00e9-admissionais, peri\u00f3dicos, demissionais, e outros determinados pelas normas da institui\u00e7\u00e3o; atender as necessidades dos magistrados e servidores portadores de doen\u00e7as ou les\u00f5es de pouca gravidade, sob supervis\u00e3o; executar tarefas pertinentes \u00e0 \u00e1rea de atua\u00e7\u00e3o, utilizando-se de equipamentos e programas de inform\u00e1tica; desempenhar outras tarefas para o desenvolvimento das atividades do setor, inerentes \u00e0 sua fun\u00e7\u00e3o.<\/p>\n\n\n\n<h3 class=\"wp-block-heading\" id=\"cargos-vagos\">Cargos vagos<\/h3>\n\n\n\n<p>Segundo o levantamento mais recente, <a href=\"https:\/\/portal.trt23.jus.br\/portal\/cargos-efetivos-resolu%C3%A7%C3%A3o-102-cnj-anexo-iv\">de julho de 2025<\/a>, o \u00f3rg\u00e3o possui atualmente <strong>25 cargos vagos<\/strong> em seu quadro de servidores efetivos, sendo:<\/p>\n\n\n\n<figure class=\"wp-block-table is-style-stripes\"><table class=\"has-very-light-gray-to-cyan-bluish-gray-gradient-background has-background has-fixed-layout\"><tbody><tr><td class=\"has-text-align-center\" data-align=\"center\"><strong>Cargos<\/strong><\/td><td class=\"has-text-align-center\" data-align=\"center\"><span style=\"font-weight: 600;\">Vac\u00e2n<\/span><strong>cias <\/strong><\/td><\/tr><tr><td class=\"has-text-align-center\" data-align=\"center\">Analista<\/td><td class=\"has-text-align-center\" data-align=\"center\">13<\/td><\/tr><tr><td class=\"has-text-align-center\" data-align=\"center\">T\u00e9cnico<\/td><td class=\"has-text-align-center\" data-align=\"center\">12<\/td><\/tr><\/tbody><\/table><figcaption class=\"wp-element-caption\">Cargos vagos no TRT MT<\/figcaption><\/figure>\n\n\n\n<h2 class=\"wp-block-heading has-text-align-center\" id=\"h-quer-saber-tudo-sobre-concursos-previstos-confira-nossos-artigos\">Quer saber tudo sobre concursos previstos? <br \/>Confira nossos artigos!<\/h2>\n\n\n\n<ul class=\"wp-block-list\">\n<li><a href=\"https:\/\/www.estrategiaconcursos.com.br\/blog\/concursos-abertos\/\" target=\"_blank\" rel=\"noreferrer noopener\">Concursos abertos<\/a><\/li>\n\n\n\n<li><a href=\"https:\/\/www.estrategiaconcursos.com.br\/blog\/concursos-tribunais\/\">Concursos tribunais<\/a><\/li>\n\n\n\n<li><a href=\"https:\/\/www.estrategiaconcursos.com.br\/blog\/concursos-trt\/\">Concursos TRT<\/a><\/li>\n\n\n\n<li><a href=\"https:\/\/www.estrategiaconcursos.com.br\/blog\/concursos-2026\/\">Concursos 2026<\/a><\/li>\n<\/ul>\n\n\n\n<h2 class=\"wp-block-heading has-text-align-center\" id=\"assinatura-e-cursos\">Cursos para o concurso TRT MT<\/h2>\n\n\n\n<p class=\"has-text-align-center\">Gostou desta oportunidade e deseja come\u00e7ar se preparar agora mesmo? Ent\u00e3o, confira os nossos cursos e comece a estudar para TRT MT:<\/p>\n\n\n\n<div class=\"container\" id=\"boxes\">\n  <div class=\"row\">\n\n    <div class=\"col-sm\">\n      <div class=\"banner-tribunal\" id=\"box-assinatura\">\n        <h2 class=\"titulo-assinatura\"><span style=\"color: #ffffff;\">Curso TRT MT<\/span><\/h2>\n        <p class=\"subtitulo-assinatura\">Conhe\u00e7a os cursos<\/p>\n        <div class=\"box-botao\">\n          <a class=\"btn-assinatura\" target=\"_blank\" href=\"https:\/\/www.estrategiaconcursos.com.br\/cursosPorConcurso\/trt-23-regiao-mato-grosso\/\" role=\"button\" rel=\"noopener noreferrer\">Conhe\u00e7a mais<\/a>\n        <\/div>\n      <\/div>\n      <p class=\"texto-auxiliar\">Prepare-se com o melhor material e com quem mais aprova em Concursos P\u00fablicos em todo o pa\u00eds.<\/p>\n    <\/div>\n\n  <\/div>\n<\/div>\n\n\n\n<div class=\"container\" id=\"boxes\">\n  <div class=\"row\">\n\n    <div class=\"col-sm\">\n      <div class=\"estrategia\" id=\"box-assinatura\">\n        <h3 class=\"titulo-assinatura\">Assinatura Concursos<\/h3>\n        <p class=\"subtitulo-assinatura\">Assinatura de 1 ano ou 2 anos<\/p>\n        <div class=\"box-botao\">\n          <a class=\"btn-assinatura\" target=\"_blank\" href=\"https:\/\/www.estrategiaconcursos.com.br\/assinaturas\/\" role=\"button\" rel=\"noopener noreferrer\">ASSINE AGORA<\/a>\n        <\/div>\n      <\/div>\n     \n    <\/div><\/div><\/div>\n\n\n\n<figure class=\"wp-block-image size-large is-resized\"><img loading=\"lazy\" decoding=\"async\" width=\"1024\" height=\"632\" src=\"https:\/\/dhg1h5j42swfq.cloudfront.net\/2021\/10\/08115111\/ficha-tecnica-1024x632.png\" alt=\"Ficha t\u00e9cnica concurso TRT MT\" class=\"wp-image-880890\" style=\"width:287px;height:auto\" srcset=\"https:\/\/dhg1h5j42swfq.cloudfront.net\/2021\/10\/08115111\/ficha-tecnica-1024x632.png 1024w, https:\/\/dhg1h5j42swfq.cloudfront.net\/2021\/10\/08115111\/ficha-tecnica-300x185.png 300w, https:\/\/dhg1h5j42swfq.cloudfront.net\/2021\/10\/08115111\/ficha-tecnica-768x474.png 768w, https:\/\/dhg1h5j42swfq.cloudfront.net\/2021\/10\/08115111\/ficha-tecnica-1536x948.png 1536w, https:\/\/dhg1h5j42swfq.cloudfront.net\/2021\/10\/08115111\/ficha-tecnica-610x377.png 610w, https:\/\/dhg1h5j42swfq.cloudfront.net\/2021\/10\/08115111\/ficha-tecnica.png 1571w\" sizes=\"auto, (max-width: 1024px) 100vw, 1024px\" \/><\/figure>\n\n\n\n<h3 class=\"wp-block-heading\" id=\"ficha-tecnica-concurso-trt-mt\">Informa\u00e7\u00f5es do \u00faltimo concurso TRT MT (23\u00aa Regi\u00e3o)<\/h3>\n\n\n\n<ul class=\"wp-block-list\">\n<li><strong>Data da prova: <\/strong><s>11 de setembro<\/s><\/li>\n\n\n\n<li><strong>Vagas: <\/strong>04 + CR<\/li>\n\n\n\n<li><strong>Cargos: <\/strong>Analista e T\u00e9cnico Judici\u00e1rio<\/li>\n\n\n\n<li><strong>Banca:<\/strong><b><strong>&nbsp;<\/strong><\/b>FCC<\/li>\n\n\n\n<li><strong>Escolaridade:<\/strong> m\u00e9dio e superior<\/li>\n\n\n\n<li><strong>Edital:<\/strong> <a href=\"https:\/\/dhg1h5j42swfq.cloudfront.net\/2022\/07\/01085847\/edital-rt-mt-1.pdf\" target=\"_blank\" rel=\"noreferrer noopener nofollow\">TRT MT 2022<\/a><\/li>\n<\/ul>\n","protected":false},"excerpt":{"rendered":"<p>Nova sele\u00e7\u00e3o do Concurso TRT MT pode acontecer em 2026! \u00daltimo edital teve a validade prorrogada; foram ofertadas 4 vagas + CR! O Tribunal Regional do Trabalho da 23\u00aa regi\u00e3o deve realizar um novo concurso TRT MT! A informa\u00e7\u00e3o foi passada pela assessoria de comunica\u00e7\u00e3o do \u00f3rg\u00e3o, informando que as tratativas do novo edital ser\u00e3o [&hellip;]<\/p>\n","protected":false},"author":1,"featured_media":1017540,"comment_status":"open","ping_status":"closed","sticky":false,"template":"","format":"standard","meta":{"post_tipo":"news_page","footnotes":""},"categories":[1984],"tags":[220797,220798,220799],"tax_estado":[219976],"class_list":["post-397873","post","type-post","status-publish","format-standard","has-post-thumbnail","hentry","category-tribunais","tag-concurso-trt-mt","tag-edital-trt-mt","tag-vagas-trt-mt","tax_estado-mt"],"acf":[],"yoast_head":"<!-- This site is optimized with the Yoast SEO Premium plugin v27.2 (Yoast SEO v27.2) - https:\/\/yoast.com\/product\/yoast-seo-premium-wordpress\/ -->\n<title>Concurso TRT MT: NOVO EDITAL em 2026!<\/title>\n<meta name=\"description\" content=\"Concurso TRT MT: uma nova sele\u00e7\u00e3o pode acontecer em 2026! \u00daltimo edital teve a validade prorrogada. Foram ofertadas 4 vagas + CR!\" \/>\n<meta name=\"robots\" content=\"index, follow, max-snippet:-1, max-image-preview:large, max-video-preview:-1\" \/>\n<link rel=\"canonical\" href=\"https:\/\/www.estrategiaconcursos.com.br\/blog\/concurso-trt-mt\/\" \/>\n<meta property=\"og:locale\" content=\"pt_BR\" \/>\n<meta property=\"og:type\" content=\"article\" \/>\n<meta property=\"og:title\" content=\"Concurso TRT MT: NOVO EDITAL em 2026!\" \/>\n<meta property=\"og:description\" content=\"Concurso TRT MT: uma nova sele\u00e7\u00e3o pode acontecer em 2026! \u00daltimo edital teve a validade prorrogada. Foram ofertadas 4 vagas + CR!\" \/>\n<meta property=\"og:url\" content=\"https:\/\/www.estrategiaconcursos.com.br\/blog\/concurso-trt-mt\/\" \/>\n<meta property=\"og:site_name\" content=\"Estrat\u00e9gia Concursos\" \/>\n<meta property=\"article:author\" content=\"https:\/\/www.facebook.com\/EstrategiaConcursos\" \/>\n<meta property=\"article:published_time\" content=\"2026-03-17T08:37:00+00:00\" \/>\n<meta property=\"article:modified_time\" content=\"2026-03-30T14:27:21+00:00\" \/>\n<meta property=\"og:image\" content=\"https:\/\/dhg1h5j42swfq.cloudfront.net\/2022\/04\/28164212\/concurso-_trt_mt.jpeg\" \/>\n\t<meta property=\"og:image:width\" content=\"768\" \/>\n\t<meta property=\"og:image:height\" content=\"432\" \/>\n\t<meta property=\"og:image:type\" content=\"image\/jpeg\" \/>\n<meta name=\"author\" content=\"Coordena\u00e7\u00e3o\" \/>\n<meta name=\"twitter:card\" content=\"summary_large_image\" \/>\n<meta name=\"twitter:creator\" content=\"@EstratConcursos\" \/>\n<meta name=\"twitter:site\" content=\"@EstratConcursos\" \/>\n<meta name=\"twitter:label1\" content=\"Escrito por\" \/>\n\t<meta name=\"twitter:data1\" content=\"Coordena\u00e7\u00e3o\" \/>\n\t<meta name=\"twitter:label2\" content=\"Est. tempo de leitura\" \/>\n\t<meta name=\"twitter:data2\" content=\"25 minutos\" \/>\n<script type=\"application\/ld+json\" class=\"yoast-schema-graph\">{\"@context\":\"https:\/\/schema.org\",\"@graph\":[{\"@type\":\"NewsArticle\",\"@id\":\"https:\/\/www.estrategiaconcursos.com.br\/blog\/concurso-trt-mt\/#article\",\"isPartOf\":{\"@id\":\"https:\/\/www.estrategiaconcursos.com.br\/blog\/concurso-trt-mt\/\"},\"author\":{\"name\":\"Coordena\u00e7\u00e3o\",\"@id\":\"https:\/\/www.estrategiaconcursos.com.br\/blog\/#\/schema\/person\/b4a388c97673c5f483d72185668afa1f\"},\"headline\":\"Concurso TRT MT: NOVO EDITAL em 2026!\",\"datePublished\":\"2026-03-17T08:37:00+00:00\",\"dateModified\":\"2026-03-30T14:27:21+00:00\",\"mainEntityOfPage\":{\"@id\":\"https:\/\/www.estrategiaconcursos.com.br\/blog\/concurso-trt-mt\/\"},\"wordCount\":5252,\"commentCount\":0,\"publisher\":{\"@id\":\"https:\/\/www.estrategiaconcursos.com.br\/blog\/#organization\"},\"image\":{\"@id\":\"https:\/\/www.estrategiaconcursos.com.br\/blog\/concurso-trt-mt\/#primaryimage\"},\"thumbnailUrl\":\"https:\/\/dhg1h5j42swfq.cloudfront.net\/2022\/04\/28164212\/concurso-_trt_mt.jpeg\",\"keywords\":[\"concurso TRT MT\",\"edital TRT MT\",\"vagas TRT MT\"],\"articleSection\":[\"Tribunais\"],\"inLanguage\":\"pt-BR\",\"potentialAction\":[{\"@type\":\"CommentAction\",\"name\":\"Comment\",\"target\":[\"https:\/\/www.estrategiaconcursos.com.br\/blog\/concurso-trt-mt\/#respond\"]}],\"copyrightYear\":\"2026\",\"copyrightHolder\":{\"@id\":\"https:\/\/www.estrategiaconcursos.com.br\/blog\/#organization\"}},{\"@type\":\"WebPage\",\"@id\":\"https:\/\/www.estrategiaconcursos.com.br\/blog\/concurso-trt-mt\/\",\"url\":\"https:\/\/www.estrategiaconcursos.com.br\/blog\/concurso-trt-mt\/\",\"name\":\"Concurso TRT MT: NOVO EDITAL em 2026!\",\"isPartOf\":{\"@id\":\"https:\/\/www.estrategiaconcursos.com.br\/blog\/#website\"},\"primaryImageOfPage\":{\"@id\":\"https:\/\/www.estrategiaconcursos.com.br\/blog\/concurso-trt-mt\/#primaryimage\"},\"image\":{\"@id\":\"https:\/\/www.estrategiaconcursos.com.br\/blog\/concurso-trt-mt\/#primaryimage\"},\"thumbnailUrl\":\"https:\/\/dhg1h5j42swfq.cloudfront.net\/2022\/04\/28164212\/concurso-_trt_mt.jpeg\",\"datePublished\":\"2026-03-17T08:37:00+00:00\",\"dateModified\":\"2026-03-30T14:27:21+00:00\",\"description\":\"Concurso TRT MT: uma nova sele\u00e7\u00e3o pode acontecer em 2026! \u00daltimo edital teve a validade prorrogada. Foram ofertadas 4 vagas + CR!\",\"breadcrumb\":{\"@id\":\"https:\/\/www.estrategiaconcursos.com.br\/blog\/concurso-trt-mt\/#breadcrumb\"},\"inLanguage\":\"pt-BR\",\"potentialAction\":[{\"@type\":\"ReadAction\",\"target\":[\"https:\/\/www.estrategiaconcursos.com.br\/blog\/concurso-trt-mt\/\"]}]},{\"@type\":\"ImageObject\",\"inLanguage\":\"pt-BR\",\"@id\":\"https:\/\/www.estrategiaconcursos.com.br\/blog\/concurso-trt-mt\/#primaryimage\",\"url\":\"https:\/\/dhg1h5j42swfq.cloudfront.net\/2022\/04\/28164212\/concurso-_trt_mt.jpeg\",\"contentUrl\":\"https:\/\/dhg1h5j42swfq.cloudfront.net\/2022\/04\/28164212\/concurso-_trt_mt.jpeg\",\"width\":768,\"height\":432,\"caption\":\"concurso _TRT_MT\"},{\"@type\":\"BreadcrumbList\",\"@id\":\"https:\/\/www.estrategiaconcursos.com.br\/blog\/concurso-trt-mt\/#breadcrumb\",\"itemListElement\":[{\"@type\":\"ListItem\",\"position\":1,\"name\":\"In\u00edcio\",\"item\":\"https:\/\/www.estrategiaconcursos.com.br\/blog\/\"},{\"@type\":\"ListItem\",\"position\":2,\"name\":\"Concurso TRT MT: NOVO EDITAL em 2026!\"}]},{\"@type\":\"WebSite\",\"@id\":\"https:\/\/www.estrategiaconcursos.com.br\/blog\/#website\",\"url\":\"https:\/\/www.estrategiaconcursos.com.br\/blog\/\",\"name\":\"Estrat\u00e9gia Concursos\",\"description\":\"O blog da Estrat\u00e9gia Concursos traz not\u00edcias sobre concursos e artigos de professores oferecendo cursos para concursos (pdf + videaulas) no site.\",\"publisher\":{\"@id\":\"https:\/\/www.estrategiaconcursos.com.br\/blog\/#organization\"},\"potentialAction\":[{\"@type\":\"SearchAction\",\"target\":{\"@type\":\"EntryPoint\",\"urlTemplate\":\"https:\/\/www.estrategiaconcursos.com.br\/blog\/?s={search_term_string}\"},\"query-input\":{\"@type\":\"PropertyValueSpecification\",\"valueRequired\":true,\"valueName\":\"search_term_string\"}}],\"inLanguage\":\"pt-BR\"},{\"@type\":\"Organization\",\"@id\":\"https:\/\/www.estrategiaconcursos.com.br\/blog\/#organization\",\"name\":\"Estrat\u00e9gia Concursos\",\"url\":\"https:\/\/www.estrategiaconcursos.com.br\/blog\/\",\"logo\":{\"@type\":\"ImageObject\",\"inLanguage\":\"pt-BR\",\"@id\":\"https:\/\/www.estrategiaconcursos.com.br\/blog\/#\/schema\/logo\/image\/\",\"url\":\"https:\/\/dhg1h5j42swfq.cloudfront.net\/2025\/06\/03203428\/logo_concursos-1.jpg\",\"contentUrl\":\"https:\/\/dhg1h5j42swfq.cloudfront.net\/2025\/06\/03203428\/logo_concursos-1.jpg\",\"width\":230,\"height\":60,\"caption\":\"Estrat\u00e9gia Concursos\"},\"image\":{\"@id\":\"https:\/\/www.estrategiaconcursos.com.br\/blog\/#\/schema\/logo\/image\/\"},\"sameAs\":[\"https:\/\/x.com\/EstratConcursos\"]},{\"@type\":\"Person\",\"@id\":\"https:\/\/www.estrategiaconcursos.com.br\/blog\/#\/schema\/person\/b4a388c97673c5f483d72185668afa1f\",\"name\":\"Coordena\u00e7\u00e3o\",\"image\":{\"@type\":\"ImageObject\",\"inLanguage\":\"pt-BR\",\"@id\":\"https:\/\/secure.gravatar.com\/avatar\/b720319e4c9a967eb58678d110f4fe35452fc5d5f97b202bac7b8acceb18c6ad?s=96&d=mm&r=g\",\"url\":\"https:\/\/secure.gravatar.com\/avatar\/b720319e4c9a967eb58678d110f4fe35452fc5d5f97b202bac7b8acceb18c6ad?s=96&d=mm&r=g\",\"contentUrl\":\"https:\/\/secure.gravatar.com\/avatar\/b720319e4c9a967eb58678d110f4fe35452fc5d5f97b202bac7b8acceb18c6ad?s=96&d=mm&r=g\",\"caption\":\"Coordena\u00e7\u00e3o\"},\"sameAs\":[\"https:\/\/www.facebook.com\/EstrategiaConcursos\",\"https:\/\/x.com\/EstratConcursos\"],\"url\":\"https:\/\/www.estrategiaconcursos.com.br\/blog\/author\/estrategia2013\/\"}]}<\/script>\n<!-- \/ Yoast SEO Premium plugin. -->","yoast_head_json":{"title":"Concurso TRT MT: NOVO EDITAL em 2026!","description":"Concurso TRT MT: uma nova sele\u00e7\u00e3o pode acontecer em 2026! \u00daltimo edital teve a validade prorrogada. Foram ofertadas 4 vagas + CR!","robots":{"index":"index","follow":"follow","max-snippet":"max-snippet:-1","max-image-preview":"max-image-preview:large","max-video-preview":"max-video-preview:-1"},"canonical":"https:\/\/www.estrategiaconcursos.com.br\/blog\/concurso-trt-mt\/","og_locale":"pt_BR","og_type":"article","og_title":"Concurso TRT MT: NOVO EDITAL em 2026!","og_description":"Concurso TRT MT: uma nova sele\u00e7\u00e3o pode acontecer em 2026! \u00daltimo edital teve a validade prorrogada. Foram ofertadas 4 vagas + CR!","og_url":"https:\/\/www.estrategiaconcursos.com.br\/blog\/concurso-trt-mt\/","og_site_name":"Estrat\u00e9gia Concursos","article_author":"https:\/\/www.facebook.com\/EstrategiaConcursos","article_published_time":"2026-03-17T08:37:00+00:00","article_modified_time":"2026-03-30T14:27:21+00:00","og_image":[{"width":768,"height":432,"url":"https:\/\/dhg1h5j42swfq.cloudfront.net\/2022\/04\/28164212\/concurso-_trt_mt.jpeg","type":"image\/jpeg"}],"author":"Coordena\u00e7\u00e3o","twitter_card":"summary_large_image","twitter_creator":"@EstratConcursos","twitter_site":"@EstratConcursos","twitter_misc":{"Escrito por":"Coordena\u00e7\u00e3o","Est. tempo de leitura":"25 minutos"},"schema":{"@context":"https:\/\/schema.org","@graph":[{"@type":"NewsArticle","@id":"https:\/\/www.estrategiaconcursos.com.br\/blog\/concurso-trt-mt\/#article","isPartOf":{"@id":"https:\/\/www.estrategiaconcursos.com.br\/blog\/concurso-trt-mt\/"},"author":{"name":"Coordena\u00e7\u00e3o","@id":"https:\/\/www.estrategiaconcursos.com.br\/blog\/#\/schema\/person\/b4a388c97673c5f483d72185668afa1f"},"headline":"Concurso TRT MT: NOVO EDITAL em 2026!","datePublished":"2026-03-17T08:37:00+00:00","dateModified":"2026-03-30T14:27:21+00:00","mainEntityOfPage":{"@id":"https:\/\/www.estrategiaconcursos.com.br\/blog\/concurso-trt-mt\/"},"wordCount":5252,"commentCount":0,"publisher":{"@id":"https:\/\/www.estrategiaconcursos.com.br\/blog\/#organization"},"image":{"@id":"https:\/\/www.estrategiaconcursos.com.br\/blog\/concurso-trt-mt\/#primaryimage"},"thumbnailUrl":"https:\/\/dhg1h5j42swfq.cloudfront.net\/2022\/04\/28164212\/concurso-_trt_mt.jpeg","keywords":["concurso TRT MT","edital TRT MT","vagas TRT MT"],"articleSection":["Tribunais"],"inLanguage":"pt-BR","potentialAction":[{"@type":"CommentAction","name":"Comment","target":["https:\/\/www.estrategiaconcursos.com.br\/blog\/concurso-trt-mt\/#respond"]}],"copyrightYear":"2026","copyrightHolder":{"@id":"https:\/\/www.estrategiaconcursos.com.br\/blog\/#organization"}},{"@type":"WebPage","@id":"https:\/\/www.estrategiaconcursos.com.br\/blog\/concurso-trt-mt\/","url":"https:\/\/www.estrategiaconcursos.com.br\/blog\/concurso-trt-mt\/","name":"Concurso TRT MT: NOVO EDITAL em 2026!","isPartOf":{"@id":"https:\/\/www.estrategiaconcursos.com.br\/blog\/#website"},"primaryImageOfPage":{"@id":"https:\/\/www.estrategiaconcursos.com.br\/blog\/concurso-trt-mt\/#primaryimage"},"image":{"@id":"https:\/\/www.estrategiaconcursos.com.br\/blog\/concurso-trt-mt\/#primaryimage"},"thumbnailUrl":"https:\/\/dhg1h5j42swfq.cloudfront.net\/2022\/04\/28164212\/concurso-_trt_mt.jpeg","datePublished":"2026-03-17T08:37:00+00:00","dateModified":"2026-03-30T14:27:21+00:00","description":"Concurso TRT MT: uma nova sele\u00e7\u00e3o pode acontecer em 2026! \u00daltimo edital teve a validade prorrogada. Foram ofertadas 4 vagas + CR!","breadcrumb":{"@id":"https:\/\/www.estrategiaconcursos.com.br\/blog\/concurso-trt-mt\/#breadcrumb"},"inLanguage":"pt-BR","potentialAction":[{"@type":"ReadAction","target":["https:\/\/www.estrategiaconcursos.com.br\/blog\/concurso-trt-mt\/"]}]},{"@type":"ImageObject","inLanguage":"pt-BR","@id":"https:\/\/www.estrategiaconcursos.com.br\/blog\/concurso-trt-mt\/#primaryimage","url":"https:\/\/dhg1h5j42swfq.cloudfront.net\/2022\/04\/28164212\/concurso-_trt_mt.jpeg","contentUrl":"https:\/\/dhg1h5j42swfq.cloudfront.net\/2022\/04\/28164212\/concurso-_trt_mt.jpeg","width":768,"height":432,"caption":"concurso _TRT_MT"},{"@type":"BreadcrumbList","@id":"https:\/\/www.estrategiaconcursos.com.br\/blog\/concurso-trt-mt\/#breadcrumb","itemListElement":[{"@type":"ListItem","position":1,"name":"In\u00edcio","item":"https:\/\/www.estrategiaconcursos.com.br\/blog\/"},{"@type":"ListItem","position":2,"name":"Concurso TRT MT: NOVO EDITAL em 2026!"}]},{"@type":"WebSite","@id":"https:\/\/www.estrategiaconcursos.com.br\/blog\/#website","url":"https:\/\/www.estrategiaconcursos.com.br\/blog\/","name":"Estrat\u00e9gia Concursos","description":"O blog da Estrat\u00e9gia Concursos traz not\u00edcias sobre concursos e artigos de professores oferecendo cursos para concursos (pdf + videaulas) no site.","publisher":{"@id":"https:\/\/www.estrategiaconcursos.com.br\/blog\/#organization"},"potentialAction":[{"@type":"SearchAction","target":{"@type":"EntryPoint","urlTemplate":"https:\/\/www.estrategiaconcursos.com.br\/blog\/?s={search_term_string}"},"query-input":{"@type":"PropertyValueSpecification","valueRequired":true,"valueName":"search_term_string"}}],"inLanguage":"pt-BR"},{"@type":"Organization","@id":"https:\/\/www.estrategiaconcursos.com.br\/blog\/#organization","name":"Estrat\u00e9gia Concursos","url":"https:\/\/www.estrategiaconcursos.com.br\/blog\/","logo":{"@type":"ImageObject","inLanguage":"pt-BR","@id":"https:\/\/www.estrategiaconcursos.com.br\/blog\/#\/schema\/logo\/image\/","url":"https:\/\/dhg1h5j42swfq.cloudfront.net\/2025\/06\/03203428\/logo_concursos-1.jpg","contentUrl":"https:\/\/dhg1h5j42swfq.cloudfront.net\/2025\/06\/03203428\/logo_concursos-1.jpg","width":230,"height":60,"caption":"Estrat\u00e9gia Concursos"},"image":{"@id":"https:\/\/www.estrategiaconcursos.com.br\/blog\/#\/schema\/logo\/image\/"},"sameAs":["https:\/\/x.com\/EstratConcursos"]},{"@type":"Person","@id":"https:\/\/www.estrategiaconcursos.com.br\/blog\/#\/schema\/person\/b4a388c97673c5f483d72185668afa1f","name":"Coordena\u00e7\u00e3o","image":{"@type":"ImageObject","inLanguage":"pt-BR","@id":"https:\/\/secure.gravatar.com\/avatar\/b720319e4c9a967eb58678d110f4fe35452fc5d5f97b202bac7b8acceb18c6ad?s=96&d=mm&r=g","url":"https:\/\/secure.gravatar.com\/avatar\/b720319e4c9a967eb58678d110f4fe35452fc5d5f97b202bac7b8acceb18c6ad?s=96&d=mm&r=g","contentUrl":"https:\/\/secure.gravatar.com\/avatar\/b720319e4c9a967eb58678d110f4fe35452fc5d5f97b202bac7b8acceb18c6ad?s=96&d=mm&r=g","caption":"Coordena\u00e7\u00e3o"},"sameAs":["https:\/\/www.facebook.com\/EstrategiaConcursos","https:\/\/x.com\/EstratConcursos"],"url":"https:\/\/www.estrategiaconcursos.com.br\/blog\/author\/estrategia2013\/"}]}},"_links":{"self":[{"href":"https:\/\/www.estrategiaconcursos.com.br\/blog\/wp-json\/wp\/v2\/posts\/397873","targetHints":{"allow":["GET"]}}],"collection":[{"href":"https:\/\/www.estrategiaconcursos.com.br\/blog\/wp-json\/wp\/v2\/posts"}],"about":[{"href":"https:\/\/www.estrategiaconcursos.com.br\/blog\/wp-json\/wp\/v2\/types\/post"}],"author":[{"embeddable":true,"href":"https:\/\/www.estrategiaconcursos.com.br\/blog\/wp-json\/wp\/v2\/users\/1"}],"replies":[{"embeddable":true,"href":"https:\/\/www.estrategiaconcursos.com.br\/blog\/wp-json\/wp\/v2\/comments?post=397873"}],"version-history":[{"count":169,"href":"https:\/\/www.estrategiaconcursos.com.br\/blog\/wp-json\/wp\/v2\/posts\/397873\/revisions"}],"predecessor-version":[{"id":1745249,"href":"https:\/\/www.estrategiaconcursos.com.br\/blog\/wp-json\/wp\/v2\/posts\/397873\/revisions\/1745249"}],"wp:featuredmedia":[{"embeddable":true,"href":"https:\/\/www.estrategiaconcursos.com.br\/blog\/wp-json\/wp\/v2\/media\/1017540"}],"wp:attachment":[{"href":"https:\/\/www.estrategiaconcursos.com.br\/blog\/wp-json\/wp\/v2\/media?parent=397873"}],"wp:term":[{"taxonomy":"category","embeddable":true,"href":"https:\/\/www.estrategiaconcursos.com.br\/blog\/wp-json\/wp\/v2\/categories?post=397873"},{"taxonomy":"post_tag","embeddable":true,"href":"https:\/\/www.estrategiaconcursos.com.br\/blog\/wp-json\/wp\/v2\/tags?post=397873"},{"taxonomy":"tax_estado","embeddable":true,"href":"https:\/\/www.estrategiaconcursos.com.br\/blog\/wp-json\/wp\/v2\/tax_estado?post=397873"}],"curies":[{"name":"wp","href":"https:\/\/api.w.org\/{rel}","templated":true}]}}