{"id":397700,"date":"2019-07-11T13:47:23","date_gmt":"2019-07-11T16:47:23","guid":{"rendered":"https:\/\/www.estrategiaconcursos.com.br\/blog\/?p=397700"},"modified":"2023-08-11T14:26:34","modified_gmt":"2023-08-11T17:26:34","slug":"sera-o-fim-da-estabilidade-entenda-o-pls-116","status":"publish","type":"post","link":"https:\/\/www.estrategiaconcursos.com.br\/blog\/sera-o-fim-da-estabilidade-entenda-o-pls-116\/","title":{"rendered":"Ser\u00e1 o fim da estabilidade? Entenda o PLS 116"},"content":{"rendered":"\n<p>Ol\u00e1, pessoal! Aqui \u00e9 o Prof. Herbert Almeida. Estou passando para conversar um pouquinho com voc\u00eas sobre o Projeto de Lei do Senado 116\/2017 &#8211; Complementar (PLS 116), que tem o objetivo de regulamentar o art. 41, \u00a7 1\u00ba, III, da Constitui\u00e7\u00e3o Federal. Algumas pessoas dizem que este ser\u00e1 o fim da estabilidade. Ser\u00e1 mesmo? Vamos conversar sobre o tema.<\/p>\n\n\n\n<p>O projeto acabou de ser aprovado na <strong>Comiss\u00e3o de Assuntos Sociais<\/strong> &#8211; CAS, do Senado e, em virtude de aprova\u00e7\u00e3o de requerimento de <strong>urg\u00eancia<\/strong>, ser\u00e1 submetido diretamente ao Plen\u00e1rio daquela Casa. Portanto, o projeto dever\u00e1 andar r\u00e1pido nos pr\u00f3ximos dias.<\/p>\n\n\n\n<p>Antes de qualquer coisa, gostaria de fazer um pedido. O prop\u00f3sito deste artigo n\u00e3o \u00e9 defender nem criticar o projeto. Todos os argumentos ser\u00e3o baseados em fatos. Se voc\u00ea gostou ou n\u00e3o do projeto, \u00e9 um direito seu! Justamente por isso, qualquer cr\u00edtica ser\u00e1 sempre muito bem-vinda, mas com uma ressalva: comente com base em argumentos e n\u00e3o em paix\u00f5es ou ideologias. <\/p>\n\n\n\n<p>Para que voc\u00ea possa formar a sua opini\u00e3o sobre o tema, vou colocar, no final deste artigo, o link com <strong>o parecer que foi aprovado na Comiss\u00e3o de Assuntos Sociais &#8211; CAS, no Senado<\/strong>. A leitura do parecer \u00e9 muito importante para que voc\u00ea forme a sua opini\u00e3o sobre o tema. N\u00e3o comente apenas com base em informa\u00e7\u00f5es gen\u00e9ricas e rasas. Este n\u00e3o \u00e9 o nosso prop\u00f3sito por aqui.<\/p>\n\n\n\n<p>Vamos l\u00e1!<\/p>\n\n\n\n<h2 class=\"wp-block-heading\" id=\"h-o-que-e-o-pls-116-2017\">O que \u00e9 o PLS 116\/2017?<\/h2>\n\n\n\n<p>O PLS 116 \u00e9 um projeto de lei de iniciativa de uma senadora, com o objetivo de regulamentar o art. 41, \u00a71\u00ba, III, da Constitui\u00e7\u00e3o Federal.<\/p>\n\n\n\n<p>Primeiramente, vamos entender o que \u00e9 estabilidade. Trata-se de um direito relativo de perman\u00eancia no cargo aplic\u00e1vel aos servidores p\u00fablicos efetivos. A estabilidade ser\u00e1 alcan\u00e7ada <strong>ap\u00f3s tr\u00eas anos de efetivo exerc\u00edcio, em cargo p\u00fablico de provimento efetivo <\/strong>(aprovado mediante concurso p\u00fablico) (CF, art. 41, <em>caput<\/em>).<\/p>\n\n\n\n<p>Al\u00e9m dos tr\u00eas anos de exerc\u00edcio, \u00e9 requisito para aquisi\u00e7\u00e3o da estabilidade a <strong>aprova\u00e7\u00e3o em avalia\u00e7\u00e3o especial de desempenho por comiss\u00e3o institu\u00edda para essa finalidade<\/strong> (CF, art. 41, \u00a7 4\u00ba).<\/p>\n\n\n\n<p>O prop\u00f3sito da estabilidade \u00e9 assegurar ao servidor p\u00fablico autonomia no desempenho de suas atribui\u00e7\u00f5es, permitindo que ele possa praticar seus atos sem preocupa\u00e7\u00f5es com press\u00f5es pol\u00edticas.<\/p>\n\n\n\n<p>Por\u00e9m, n\u00e3o se trata de um direito absoluto, justamente porque a estabilidade n\u00e3o serve para proteger o desempenho irregular ou ineficiente da fun\u00e7\u00e3o p\u00fablica. Por isso, existem quatro hip\u00f3teses que permitem a perda do cargo do servidor est\u00e1vel (CF, art. 41, \u00a7 1\u00ba):<\/p>\n\n\n\n<ol class=\"wp-block-list\">\n<li>em virtude de senten\u00e7a judicial transitada em julgado;<\/li>\n\n\n\n<li>mediante processo administrativo em que lhe seja assegurada ampla defesa;<\/li>\n\n\n\n<li><strong>mediante procedimento de avalia\u00e7\u00e3o peri\u00f3dica de desempenho, na forma de lei complementar, assegurada ampla defesa.&nbsp;<\/strong><\/li>\n\n\n\n<li>excesso de despesa com pessoal (na forma do art. 169 da CF).<\/li>\n<\/ol>\n\n\n\n<p>O PLS 116\/2017 tem o objetivo de regulamentar a <strong>avalia\u00e7\u00e3o peri\u00f3dica de desempenho<\/strong>, que poder\u00e1 culminar com a perda do cargo.<\/p>\n\n\n\n<p>Portanto, n\u00e3o \u00e9 nenhuma novidade, mas sim a <strong>regulamenta\u00e7\u00e3o de um dispositivo constitucional previsto desde a Emenda Constitucional 19\/1998<\/strong>. Por isso, podemos afirmar que n\u00e3o se trata do fim da estabilidade. Esta continuar\u00e1 a existir, mas uma das hip\u00f3teses de perda do cargo, que dependia de regulamenta\u00e7\u00e3o, provavelmente ganhar\u00e1 a norma que lhe dar\u00e1 aplicabilidade.<\/p>\n\n\n\n<h2 class=\"wp-block-heading\" id=\"h-como-e-o-texto-do-pls-116\">Como \u00e9 o texto do PLS 116?<\/h2>\n\n\n\n<p>Agora que voc\u00ea j\u00e1 sabe o que \u00e9, vamos entender o que consta no <strong>PLS 116<\/strong>. Ele \u00e9 organizado em <strong>27 artigos, distribu\u00eddos em sete cap\u00edtulos<\/strong>. O \u00faltimo cap\u00edtulo trata das disposi\u00e7\u00f5es transit\u00f3rias, por isso vamos desconsider\u00e1-lo na an\u00e1lise. Vejamos, ent\u00e3o, os demais:<\/p>\n\n\n\n<h3 class=\"wp-block-heading\" id=\"h-capitulo-i-abrangencia\">Cap\u00edtulo I &#8211; Abrang\u00eancia<\/h3>\n\n\n\n<p>Trata do alcance das normas do PLS, prevendo a sua aplica\u00e7\u00e3o a todos os entes da Federa\u00e7\u00e3o. Portanto, <strong>ser\u00e1 uma lei de alcance nacional, aplic\u00e1vel \u00e0 Uni\u00e3o, aos estados, ao Distrito Federal e aos munic\u00edpios<\/strong>.<\/p>\n\n\n\n<h3 class=\"wp-block-heading\" id=\"h-capitulo-ii-avaliacao\">Cap\u00edtulo II &#8211; Avalia\u00e7\u00e3o<\/h3>\n\n\n\n<p>Trata do procedimento de avalia\u00e7\u00e3o em si. A avalia\u00e7\u00e3o ser\u00e1 realizada por uma comiss\u00e3o de <strong>tr\u00eas membros<\/strong>, formada pela <strong>chefia do servidor, um servidor est\u00e1vel designado pelo setor de recursos humanos e um servidor est\u00e1vel escolhido por sorteio<\/strong>, entre os integrantes da mesma lota\u00e7\u00e3o do servidor avaliado.<\/p>\n\n\n\n<p>Segundo o Projeto, a avalia\u00e7\u00e3o ser\u00e1 <strong>anual<\/strong>, considerando diversos fatores. Estes ser\u00e3o divididos em dois grupos:<\/p>\n\n\n\n<ul class=\"wp-block-list\">\n<li>(i) <strong>fatores fixos<\/strong>, que s\u00e3o a qualidade e a produtividade &#8211; cada um valendo <strong>25%<\/strong> da pontua\u00e7\u00e3o final;<\/li>\n\n\n\n<li>(ii) <strong>fatores vari\u00e1veis<\/strong>, em n\u00famero de cinco, cada um valendo <strong>10%<\/strong> da avalia\u00e7\u00e3o final. Os fatores vari\u00e1veis ser\u00e3o escolhidos na fase de planejamento, mediante a sele\u00e7\u00e3o entre doze fatores dispon\u00edveis.<\/li>\n<\/ul>\n\n\n\n<p>Ao final, ser\u00e3o atribu\u00eddas notas, obtidas pela m\u00e9dia da avalia\u00e7\u00e3o de cada um dos membros da comiss\u00e3o. A pontua\u00e7\u00e3o ficar\u00e1 <strong>entre 0 e 10 pontos<\/strong>. <\/p>\n\n\n\n<p>O conceito final, que leva em conta o desempenho em todos os fatores avaliativos, ser\u00e1 um dos seguintes, conforme a pontua\u00e7\u00e3o do servidor:<\/p>\n\n\n\n<ul class=\"wp-block-list\">\n<li><strong>supera\u00e7\u00e3o<\/strong> (de 8 a 10 pontos);<\/li>\n\n\n\n<li><strong>atendimento<\/strong> (igual ou superior a 5 pontos e inferior a 8 pontos);<\/li>\n\n\n\n<li><strong>atendimento parcial<\/strong> (igual ou superior a 3 pontos e inferior a 5 pontos);<\/li>\n\n\n\n<li> <strong>n\u00e3o-atendimento<\/strong> (<strong>inferior a 3 pontos<\/strong>).<\/li>\n<\/ul>\n\n\n\n<h3 class=\"wp-block-heading\" id=\"h-capitulo-iii-sistema-recursal\">Cap\u00edtulo III &#8211; Sistema recursal<\/h3>\n\n\n\n<p>O cap\u00edtulo III trata dos <strong>sistema recursal<\/strong>. O primeiro momento de recurso ocorrer\u00e1 j\u00e1 na fase de planejamento da avalia\u00e7\u00e3o. Os subordinados poder\u00e3o contestar, em formul\u00e1rio sigiloso, os crit\u00e9rios definidos pela chefia para fins de avalia\u00e7\u00e3o.<\/p>\n\n\n\n<p>J\u00e1 na avalia\u00e7\u00e3o em si, o servidor poder\u00e1 interpor <strong>pedido de reconsidera\u00e7\u00e3o <\/strong>\u00e0 comiss\u00e3o avaliadora e, no caso de indeferimento, total ou parcial, desse pedido, interpor <strong>recurso de revis\u00e3o ao \u00f3rg\u00e3o de recursos humanos<\/strong>. O sistema recursal, entretanto, aplica-se somente quando o servidor obtiver notas de n\u00e3o-atendimento e de atendimento parcial, pois estar que podem culminar com a perda do cargo.<\/p>\n\n\n\n<h3 class=\"wp-block-heading\" id=\"h-capitulo-iv-acompanhamento\">Cap\u00edtulo IV &#8211; Acompanhamento<\/h3>\n\n\n\n<p>Esse \u00e9 um cap\u00edtulo cujo prop\u00f3sito \u00e9 aumentar a qualidade no servi\u00e7o, exigindo que o setor de recursos humanos realize acompanhamento permanente do desempenho do servidor, exigindo medidas para suprir as defici\u00eancias dos servidores com avalia\u00e7\u00e3o de n\u00e3o -atendimento ou de atendimento parcial.<\/p>\n\n\n\n<h3 class=\"wp-block-heading\" id=\"h-capitulo-v-processo-de-desligamento\">Cap\u00edtulo V &#8211; Processo de desligamento<\/h3>\n\n\n\n<p>Este \u00e9, certamente, o cap\u00edtulo mais pol\u00eamico. Ele trata do <strong>desligamento<\/strong> do servidor cuja avalia\u00e7\u00e3o tenha sido insatisfat\u00f3ria.<\/p>\n\n\n\n<p>O desligamento ocorrer\u00e1 mediante exonera\u00e7\u00e3o, que ocorrer\u00e1 nas seguintes hip\u00f3teses:<\/p>\n\n\n\n<ul class=\"wp-block-list\">\n<li>(i) atribui\u00e7\u00e3o do conceito de <strong>n\u00e3o- atendimento em<\/strong> <strong>duas avalia\u00e7\u00f5es sucessivas<\/strong>;<\/li>\n\n\n\n<li>(ii) <strong>m\u00e9dia do somat\u00f3rio de pontos das \u00faltimas cinco avalia\u00e7\u00f5es equivalente ao conceito de n\u00e3o- atendimento<\/strong>.<\/li>\n<\/ul>\n\n\n\n<p>Assim, se nas duas \u00faltimas avalia\u00e7\u00f5es, o resultado final do servidor for inferior a tr\u00eas pontos, ele dever\u00e1 ser exonerado. Tamb\u00e9m poder\u00e1 ser exonerado o servidor que obtiver uma m\u00e9dia inferior a tr\u00eas, considerando a pontua\u00e7\u00e3o dos \u00faltimos cinco per\u00edodos avaliativos.<\/p>\n\n\n\n<p>Ocorrendo alguma dessas hip\u00f3teses, o desligamento n\u00e3o ser\u00e1 autom\u00e1tico. Primeiro, ser\u00e1 instaurado o processo de desligamento, no qual o servidor poder\u00e1 ainda ofertar <strong>alega\u00e7\u00f5es em sua defesa<\/strong>, que ser\u00e3o encaminhadas juntamente com seu dossi\u00ea para a <strong>autoridade m\u00e1xima do \u00f3rg\u00e3o<\/strong>.<\/p>\n\n\n\n<p>No final, a autoridade m\u00e1xima, se constatar v\u00edcio insan\u00e1vel, anular\u00e1 as avalia\u00e7\u00f5es. Se, por outro lado, a autoridade entender que o processo foi regular, <strong>o servidor ser\u00e1 exonerado por insufici\u00eancia de desempenho<\/strong>.<\/p>\n\n\n\n<h3 class=\"wp-block-heading\" id=\"h-capitulo-vi-desligamento-de-servidores-que-desempenhem-atividades-exclusivas-de-estado\">Cap\u00edtulo VI &#8211; Desligamento de servidores que desempenhem atividades exclusivas de Estado<\/h3>\n\n\n\n<p>Para os servidores que desempenham <strong>atividade exclusiva de Estado<\/strong>, o processo de desligamento ser\u00e1 mais complexo. Nesse caso, dever\u00e1 ser instaurado um <strong>processo administrativo disciplinar convencional<\/strong>, nos mesmos moldes previstos para a demiss\u00e3o de servidores. Portanto, haver\u00e1 uma garantia maior para os servidores que desempenham fun\u00e7\u00f5es t\u00edpicas de Estado.<\/p>\n\n\n\n<p>O Projeto original estabelecia o conceito de carreiras t\u00edpicas, mas o texto aprovado na CAS extinguiu esse conceito, uma vez que ficou entendido que tal defini\u00e7\u00e3o deveria ser realizada no \u00e2mbito de cada ente da Federa\u00e7\u00e3o, n\u00e3o podendo a Uni\u00e3o legislar genericamente sobre o assunto.<\/p>\n\n\n\n<p>Sobre o conte\u00fado do PLS, \u00e9 isso! Mas vamos discutir ainda outros dois temas!<\/p>\n\n\n\n<h2 class=\"wp-block-heading\" id=\"h-qual-o-caminho-ate-a-aprovacao\">Qual o caminho at\u00e9 a aprova\u00e7\u00e3o?<\/h2>\n\n\n\n<p>Pessoal, ainda estamos falando de um projeto de lei. Portanto, isso ainda <strong>n\u00e3o \u00e9 lei<\/strong>. Atualmente, a avalia\u00e7\u00e3o peri\u00f3dica de desempenho carece de regulamenta\u00e7\u00e3o para que tenha a sua aplicabilidade.<\/p>\n\n\n\n<p>Na discuss\u00e3o na Comiss\u00e3o de Assuntos Sociais, foi aprovado o requerimento de <strong>urg\u00eancia<\/strong>. Assim, o Projeto n\u00e3o ter\u00e1 que passar pelas demais comiss\u00f5es, motivo pelo qual <strong>ser\u00e1 discutido diretamente no Plen\u00e1rio do Senado<\/strong>.<\/p>\n\n\n\n<p>Se aprovado, o Projeto ser\u00e1 enviado para a C\u00e2mara. Se aprovado sem altera\u00e7\u00f5es na C\u00e2mara, seguir\u00e1 para o Presidente para san\u00e7\u00e3o e promulga\u00e7\u00e3o ou veto. Se sofrer mudan\u00e7as na C\u00e2mara, o projeto voltar\u00e1 para o Senado.<\/p>\n\n\n\n<p>Portanto, teremos ainda alguns meses at\u00e9 a aprova\u00e7\u00e3o. Mesmo assim, eu acredito que este projeto n\u00e3o vai demorar para sair do papel, pois \u00e9 um dos temas que est\u00e1 &#8220;na agenda&#8221; pol\u00edtica do momento.<\/p>\n\n\n\n<h2 class=\"wp-block-heading\" id=\"h-o-projeto-e-constitucional\">O projeto \u00e9 constitucional?<\/h2>\n\n\n\n<p>Agora, eu vou dar apenas a minha opini\u00e3o. Quanto ao conte\u00fado, em si, n\u00e3o vejo inconstitucionalidade. Pelo contr\u00e1rio, o Projeto est\u00e1 apenas regulamentando um comando constitucional, previsto desde a Emenda Constitucional 19\/1998. Al\u00e9m disso, a meu ver, \u00e9 um projeto esperado pela sociedade, pois, ao mesmo tempo que desejamos a valoriza\u00e7\u00e3o dos servidores p\u00fablicos, tamb\u00e9m queremos nos desfazer daqueles que n\u00e3o est\u00e3o comprometidos com a qualidade dos servi\u00e7os prestados \u00e0 popula\u00e7\u00e3o.<\/p>\n\n\n\n<p>Por\u00e9m, eu entendo que h\u00e1 um v\u00edcio quanto \u00e0 iniciativa. O projeto foi apresentado por uma senadora, sendo que a Constitui\u00e7\u00e3o Federal disp\u00f5e que s\u00e3o de iniciativa do Presidente da Rep\u00fablica os projetos de lei que tratem sobre &#8220;servidores p\u00fablicos da Uni\u00e3o e Territ\u00f3rios, seu <strong>regime jur\u00eddico<\/strong>, provimento de cargos, <strong>estabilidade<\/strong> e aposentadoria&#8221;.<\/p>\n\n\n\n<p>Portanto, como \u00e9 mat\u00e9ria que trata do regime jur\u00eddico e da estabilidade dos servidores, deveria ter sido apresentado pelo Presidente da Rep\u00fablica.<\/p>\n\n\n\n<p>Logo, \u00e9 prov\u00e1vel que este projeto seja questionado no futuro, em virtude da iniciativa do projeto. Por\u00e9m, somente o STF \u00e9 que poder\u00e1 dizer isso. Logo, vamos ter que aguardar as cenas dos pr\u00f3ximos cap\u00edtulos.<\/p>\n\n\n\n<h2 class=\"wp-block-heading\" id=\"h-fechamento\">Fechamento<\/h2>\n\n\n\n<p>\u00c9 isso a\u00ed, pessoal! Conforme eu falei, a minha an\u00e1lise seria t\u00e9cnica. Podemos afirmar, com toda a certeza, que isso n\u00e3o \u00e9 o fim da estabilidade. Os crit\u00e9rios, aparentemente, ser\u00e3o rigorosos. Parece mais f\u00e1cil, pelo projeto, perder o cargo em um PAD do que por meio de avalia\u00e7\u00e3o de desempenho.<\/p>\n\n\n\n<p>Algumas pessoas alegam que o projeto servir\u00e1 para a realiza\u00e7\u00e3o de persegui\u00e7\u00f5es pol\u00edticas, mas eu acredito que isso ser\u00e1 a exce\u00e7\u00e3o. Infelizmente, persegui\u00e7\u00e3o pol\u00edtica, em pequenos munic\u00edpios, poder\u00e1 ocorrer de qualquer forma. Ent\u00e3o, n\u00e3o \u00e9 este projeto que vai aumentar ou diminuir isso. <\/p>\n\n\n\n<p>Vamos debater o assunto, mas n\u00e3o se esque\u00e7a de ser educado e cordial! Abra\u00e7os.<\/p>\n\n\n\n<p>N\u00e3o se esque\u00e7am de nos acompanhar nas redes sociais.  Para isso, basta escanear a tag a seguir: <\/p>\n\n\n\n<figure class=\"wp-block-image aligncenter is-resized\"><a href=\"https:\/\/www.instagram.com\/profherbertalmeida\/\" target=\"_blank\" rel=\"noreferrer noopener\"><img loading=\"lazy\" decoding=\"async\" src=\"https:\/\/dhg1h5j42swfq.cloudfront.net\/2018\/01\/29210516\/tag-instagram-profherbertalmeida.jpeg\" alt=\"nova lei de licita\u00e7\u00f5es\" class=\"wp-image-149376\" width=\"301\" height=\"312\" srcset=\"https:\/\/dhg1h5j42swfq.cloudfront.net\/2018\/01\/29210516\/tag-instagram-profherbertalmeida.jpeg 743w, https:\/\/dhg1h5j42swfq.cloudfront.net\/2018\/01\/29210516\/tag-instagram-profherbertalmeida.jpeg 289w, https:\/\/dhg1h5j42swfq.cloudfront.net\/2018\/01\/29210516\/tag-instagram-profherbertalmeida.jpeg 610w\" sizes=\"auto, (max-width: 301px) 100vw, 301px\" \/><\/a><\/figure>\n\n\n\n<p>Para se inscrever no nosso canal no Youtube, basta escanear o QRCODE abaixo:<\/p>\n\n\n\n<figure class=\"wp-block-image aligncenter is-resized\"><a href=\"https:\/\/www.youtube.com\/profherbertalmeida\" target=\"_blank\" rel=\"noreferrer noopener\"><img loading=\"lazy\" decoding=\"async\" src=\"https:\/\/dhg1h5j42swfq.cloudfront.net\/2018\/10\/30182004\/qr-code.png\" alt=\"nova lei de licita\u00e7\u00f5es\" class=\"wp-image-149561\" width=\"296\" height=\"296\" srcset=\"https:\/\/dhg1h5j42swfq.cloudfront.net\/2018\/10\/30182004\/qr-code.png 1148w, https:\/\/dhg1h5j42swfq.cloudfront.net\/2018\/10\/30182004\/qr-code.png 150w, https:\/\/dhg1h5j42swfq.cloudfront.net\/2018\/10\/30182004\/qr-code.png 300w, https:\/\/dhg1h5j42swfq.cloudfront.net\/2018\/10\/30182004\/qr-code.png 768w, https:\/\/dhg1h5j42swfq.cloudfront.net\/2018\/10\/30182004\/qr-code.png 1024w, https:\/\/dhg1h5j42swfq.cloudfront.net\/2018\/10\/30182004\/qr-code.png 610w\" sizes=\"auto, (max-width: 296px) 100vw, 296px\" \/><\/a><\/figure>\n\n\n\n<p>Ou se preferir, pode fazer pelo modo tradicional:<\/p>\n\n\n\n<p><a href=\"http:\/\/www.youtube.com\/profherbertalmeida\" target=\"_blank\" rel=\"noreferrer noopener\" aria-label=\"www.youtube.com\/profherbertalmeida (opens in a new tab)\">www.youtube.com\/profherbertalmeida<\/a><\/p>\n\n\n\n<p><a rel=\"noreferrer noopener\" aria-label=\"www.instagram\/profherbertalmeida (opens in a new tab)\" href=\"http:\/\/www.instagram\/profherbertalmeida\" target=\"_blank\">www.instagram\/profherbertalmeida<\/a><\/p>\n\n\n\n<p><a rel=\"noreferrer noopener\" aria-label=\"www.facebook.com\/profherbertalmeida (opens in a new tab)\" href=\"http:\/\/www.facebook.com\/profherbertalmeida\" target=\"_blank\">www.facebook.com\/profherbertalmeida<\/a><\/p>\n\n\n\n<p>Um grande abra\u00e7o e at\u00e9 a pr\u00f3xima!<\/p>\n\n\n\n<p>Herbert Almeida<\/p>\n\n\n\n<p><\/p>\n","protected":false},"excerpt":{"rendered":"<p>Ol\u00e1, pessoal! Aqui \u00e9 o Prof. Herbert Almeida. Estou passando para conversar um pouquinho com voc\u00eas sobre o Projeto de Lei do Senado 116\/2017 &#8211; Complementar (PLS 116), que tem o objetivo de regulamentar o art. 41, \u00a7 1\u00ba, III, da Constitui\u00e7\u00e3o Federal. Algumas pessoas dizem que este ser\u00e1 o fim da estabilidade. Ser\u00e1 mesmo? [&hellip;]<\/p>\n","protected":false},"author":129,"featured_media":0,"comment_status":"open","ping_status":"closed","sticky":false,"template":"","format":"standard","meta":{"post_tipo":"article","footnotes":""},"categories":[1],"tags":[],"tax_estado":[],"class_list":["post-397700","post","type-post","status-publish","format-standard","hentry","category-cursos-e-concursos"],"acf":[],"yoast_head":"<!-- This site is optimized with the Yoast SEO Premium plugin v27.2 (Yoast SEO v27.2) - https:\/\/yoast.com\/product\/yoast-seo-premium-wordpress\/ -->\n<title>Ser\u00e1 o fim da estabilidade? Entenda o PLS 116<\/title>\n<meta name=\"robots\" content=\"index, follow, max-snippet:-1, max-image-preview:large, max-video-preview:-1\" \/>\n<link rel=\"canonical\" href=\"https:\/\/www.estrategiaconcursos.com.br\/blog\/sera-o-fim-da-estabilidade-entenda-o-pls-116\/\" \/>\n<meta property=\"og:locale\" content=\"pt_BR\" \/>\n<meta property=\"og:type\" content=\"article\" \/>\n<meta property=\"og:title\" content=\"Ser\u00e1 o fim da estabilidade? Entenda o PLS 116\" \/>\n<meta property=\"og:description\" content=\"Ol\u00e1, pessoal! Aqui \u00e9 o Prof. Herbert Almeida. Estou passando para conversar um pouquinho com voc\u00eas sobre o Projeto de Lei do Senado 116\/2017 &#8211; Complementar (PLS 116), que tem o objetivo de regulamentar o art. 41, \u00a7 1\u00ba, III, da Constitui\u00e7\u00e3o Federal. Algumas pessoas dizem que este ser\u00e1 o fim da estabilidade. Ser\u00e1 mesmo? [&hellip;]\" \/>\n<meta property=\"og:url\" content=\"https:\/\/www.estrategiaconcursos.com.br\/blog\/sera-o-fim-da-estabilidade-entenda-o-pls-116\/\" \/>\n<meta property=\"og:site_name\" content=\"Estrat\u00e9gia Concursos\" \/>\n<meta property=\"article:published_time\" content=\"2019-07-11T16:47:23+00:00\" \/>\n<meta property=\"article:modified_time\" content=\"2023-08-11T17:26:34+00:00\" \/>\n<meta property=\"og:image\" content=\"https:\/\/www.estrategiaconcursos.com.br\/blog\/wp-content\/uploads\/2018\/01\/tag-instagram-profherbertalmeida.jpeg\" \/>\n<meta name=\"author\" content=\"Herbert Almeida\" \/>\n<meta name=\"twitter:card\" content=\"summary_large_image\" \/>\n<meta name=\"twitter:creator\" content=\"@EstratConcursos\" \/>\n<meta name=\"twitter:site\" content=\"@EstratConcursos\" \/>\n<meta name=\"twitter:label1\" content=\"Escrito por\" \/>\n\t<meta name=\"twitter:data1\" content=\"Herbert Almeida\" \/>\n\t<meta name=\"twitter:label2\" content=\"Est. tempo de leitura\" \/>\n\t<meta name=\"twitter:data2\" content=\"10 minutos\" \/>\n<script type=\"application\/ld+json\" class=\"yoast-schema-graph\">{\"@context\":\"https:\/\/schema.org\",\"@graph\":[{\"@type\":\"NewsArticle\",\"@id\":\"https:\/\/www.estrategiaconcursos.com.br\/blog\/sera-o-fim-da-estabilidade-entenda-o-pls-116\/#article\",\"isPartOf\":{\"@id\":\"https:\/\/www.estrategiaconcursos.com.br\/blog\/sera-o-fim-da-estabilidade-entenda-o-pls-116\/\"},\"author\":{\"name\":\"Herbert Almeida\",\"@id\":\"https:\/\/www.estrategiaconcursos.com.br\/blog\/#\/schema\/person\/59717c75350fa01aa0fd68a52a8d02e0\"},\"headline\":\"Ser\u00e1 o fim da estabilidade? Entenda o PLS 116\",\"datePublished\":\"2019-07-11T16:47:23+00:00\",\"dateModified\":\"2023-08-11T17:26:34+00:00\",\"mainEntityOfPage\":{\"@id\":\"https:\/\/www.estrategiaconcursos.com.br\/blog\/sera-o-fim-da-estabilidade-entenda-o-pls-116\/\"},\"wordCount\":1939,\"commentCount\":23,\"publisher\":{\"@id\":\"https:\/\/www.estrategiaconcursos.com.br\/blog\/#organization\"},\"image\":{\"@id\":\"https:\/\/www.estrategiaconcursos.com.br\/blog\/sera-o-fim-da-estabilidade-entenda-o-pls-116\/#primaryimage\"},\"thumbnailUrl\":\"https:\/\/www.estrategiaconcursos.com.br\/blog\/wp-content\/uploads\/2018\/01\/tag-instagram-profherbertalmeida.jpeg\",\"articleSection\":[\"Concursos P\u00fablicos\"],\"inLanguage\":\"pt-BR\",\"potentialAction\":[{\"@type\":\"CommentAction\",\"name\":\"Comment\",\"target\":[\"https:\/\/www.estrategiaconcursos.com.br\/blog\/sera-o-fim-da-estabilidade-entenda-o-pls-116\/#respond\"]}],\"copyrightYear\":\"2019\",\"copyrightHolder\":{\"@id\":\"https:\/\/www.estrategiaconcursos.com.br\/blog\/#organization\"}},{\"@type\":\"WebPage\",\"@id\":\"https:\/\/www.estrategiaconcursos.com.br\/blog\/sera-o-fim-da-estabilidade-entenda-o-pls-116\/\",\"url\":\"https:\/\/www.estrategiaconcursos.com.br\/blog\/sera-o-fim-da-estabilidade-entenda-o-pls-116\/\",\"name\":\"Ser\u00e1 o fim da estabilidade? Entenda o PLS 116\",\"isPartOf\":{\"@id\":\"https:\/\/www.estrategiaconcursos.com.br\/blog\/#website\"},\"primaryImageOfPage\":{\"@id\":\"https:\/\/www.estrategiaconcursos.com.br\/blog\/sera-o-fim-da-estabilidade-entenda-o-pls-116\/#primaryimage\"},\"image\":{\"@id\":\"https:\/\/www.estrategiaconcursos.com.br\/blog\/sera-o-fim-da-estabilidade-entenda-o-pls-116\/#primaryimage\"},\"thumbnailUrl\":\"https:\/\/www.estrategiaconcursos.com.br\/blog\/wp-content\/uploads\/2018\/01\/tag-instagram-profherbertalmeida.jpeg\",\"datePublished\":\"2019-07-11T16:47:23+00:00\",\"dateModified\":\"2023-08-11T17:26:34+00:00\",\"breadcrumb\":{\"@id\":\"https:\/\/www.estrategiaconcursos.com.br\/blog\/sera-o-fim-da-estabilidade-entenda-o-pls-116\/#breadcrumb\"},\"inLanguage\":\"pt-BR\",\"potentialAction\":[{\"@type\":\"ReadAction\",\"target\":[\"https:\/\/www.estrategiaconcursos.com.br\/blog\/sera-o-fim-da-estabilidade-entenda-o-pls-116\/\"]}]},{\"@type\":\"ImageObject\",\"inLanguage\":\"pt-BR\",\"@id\":\"https:\/\/www.estrategiaconcursos.com.br\/blog\/sera-o-fim-da-estabilidade-entenda-o-pls-116\/#primaryimage\",\"url\":\"https:\/\/dhg1h5j42swfq.cloudfront.net\/2018\/01\/29210516\/tag-instagram-profherbertalmeida.jpeg\",\"contentUrl\":\"https:\/\/dhg1h5j42swfq.cloudfront.net\/2018\/01\/29210516\/tag-instagram-profherbertalmeida.jpeg\",\"width\":743,\"height\":772},{\"@type\":\"BreadcrumbList\",\"@id\":\"https:\/\/www.estrategiaconcursos.com.br\/blog\/sera-o-fim-da-estabilidade-entenda-o-pls-116\/#breadcrumb\",\"itemListElement\":[{\"@type\":\"ListItem\",\"position\":1,\"name\":\"In\u00edcio\",\"item\":\"https:\/\/www.estrategiaconcursos.com.br\/blog\/\"},{\"@type\":\"ListItem\",\"position\":2,\"name\":\"Ser\u00e1 o fim da estabilidade? Entenda o PLS 116\"}]},{\"@type\":\"WebSite\",\"@id\":\"https:\/\/www.estrategiaconcursos.com.br\/blog\/#website\",\"url\":\"https:\/\/www.estrategiaconcursos.com.br\/blog\/\",\"name\":\"Estrat\u00e9gia Concursos\",\"description\":\"O blog da Estrat\u00e9gia Concursos traz not\u00edcias sobre concursos e artigos de professores oferecendo cursos para concursos (pdf + videaulas) no site.\",\"publisher\":{\"@id\":\"https:\/\/www.estrategiaconcursos.com.br\/blog\/#organization\"},\"potentialAction\":[{\"@type\":\"SearchAction\",\"target\":{\"@type\":\"EntryPoint\",\"urlTemplate\":\"https:\/\/www.estrategiaconcursos.com.br\/blog\/?s={search_term_string}\"},\"query-input\":{\"@type\":\"PropertyValueSpecification\",\"valueRequired\":true,\"valueName\":\"search_term_string\"}}],\"inLanguage\":\"pt-BR\"},{\"@type\":\"Organization\",\"@id\":\"https:\/\/www.estrategiaconcursos.com.br\/blog\/#organization\",\"name\":\"Estrat\u00e9gia Concursos\",\"url\":\"https:\/\/www.estrategiaconcursos.com.br\/blog\/\",\"logo\":{\"@type\":\"ImageObject\",\"inLanguage\":\"pt-BR\",\"@id\":\"https:\/\/www.estrategiaconcursos.com.br\/blog\/#\/schema\/logo\/image\/\",\"url\":\"https:\/\/dhg1h5j42swfq.cloudfront.net\/2025\/06\/03203428\/logo_concursos-1.jpg\",\"contentUrl\":\"https:\/\/dhg1h5j42swfq.cloudfront.net\/2025\/06\/03203428\/logo_concursos-1.jpg\",\"width\":230,\"height\":60,\"caption\":\"Estrat\u00e9gia Concursos\"},\"image\":{\"@id\":\"https:\/\/www.estrategiaconcursos.com.br\/blog\/#\/schema\/logo\/image\/\"},\"sameAs\":[\"https:\/\/x.com\/EstratConcursos\"]},{\"@type\":\"Person\",\"@id\":\"https:\/\/www.estrategiaconcursos.com.br\/blog\/#\/schema\/person\/59717c75350fa01aa0fd68a52a8d02e0\",\"name\":\"Herbert Almeida\",\"image\":{\"@type\":\"ImageObject\",\"inLanguage\":\"pt-BR\",\"@id\":\"https:\/\/secure.gravatar.com\/avatar\/b6461a43893c24d5fc91efc433971ffec025c84c0341129f4578034d77f9a536?s=96&d=mm&r=g\",\"url\":\"https:\/\/secure.gravatar.com\/avatar\/b6461a43893c24d5fc91efc433971ffec025c84c0341129f4578034d77f9a536?s=96&d=mm&r=g\",\"contentUrl\":\"https:\/\/secure.gravatar.com\/avatar\/b6461a43893c24d5fc91efc433971ffec025c84c0341129f4578034d77f9a536?s=96&d=mm&r=g\",\"caption\":\"Herbert Almeida\"},\"url\":\"https:\/\/www.estrategiaconcursos.com.br\/blog\/author\/herbertestrategiaconcursos-com-br\/\"}]}<\/script>\n<!-- \/ Yoast SEO Premium plugin. -->","yoast_head_json":{"title":"Ser\u00e1 o fim da estabilidade? Entenda o PLS 116","robots":{"index":"index","follow":"follow","max-snippet":"max-snippet:-1","max-image-preview":"max-image-preview:large","max-video-preview":"max-video-preview:-1"},"canonical":"https:\/\/www.estrategiaconcursos.com.br\/blog\/sera-o-fim-da-estabilidade-entenda-o-pls-116\/","og_locale":"pt_BR","og_type":"article","og_title":"Ser\u00e1 o fim da estabilidade? Entenda o PLS 116","og_description":"Ol\u00e1, pessoal! Aqui \u00e9 o Prof. Herbert Almeida. Estou passando para conversar um pouquinho com voc\u00eas sobre o Projeto de Lei do Senado 116\/2017 &#8211; Complementar (PLS 116), que tem o objetivo de regulamentar o art. 41, \u00a7 1\u00ba, III, da Constitui\u00e7\u00e3o Federal. Algumas pessoas dizem que este ser\u00e1 o fim da estabilidade. Ser\u00e1 mesmo? [&hellip;]","og_url":"https:\/\/www.estrategiaconcursos.com.br\/blog\/sera-o-fim-da-estabilidade-entenda-o-pls-116\/","og_site_name":"Estrat\u00e9gia Concursos","article_published_time":"2019-07-11T16:47:23+00:00","article_modified_time":"2023-08-11T17:26:34+00:00","og_image":[{"url":"https:\/\/www.estrategiaconcursos.com.br\/blog\/wp-content\/uploads\/2018\/01\/tag-instagram-profherbertalmeida.jpeg","type":"","width":"","height":""}],"author":"Herbert Almeida","twitter_card":"summary_large_image","twitter_creator":"@EstratConcursos","twitter_site":"@EstratConcursos","twitter_misc":{"Escrito por":"Herbert Almeida","Est. tempo de leitura":"10 minutos"},"schema":{"@context":"https:\/\/schema.org","@graph":[{"@type":"NewsArticle","@id":"https:\/\/www.estrategiaconcursos.com.br\/blog\/sera-o-fim-da-estabilidade-entenda-o-pls-116\/#article","isPartOf":{"@id":"https:\/\/www.estrategiaconcursos.com.br\/blog\/sera-o-fim-da-estabilidade-entenda-o-pls-116\/"},"author":{"name":"Herbert Almeida","@id":"https:\/\/www.estrategiaconcursos.com.br\/blog\/#\/schema\/person\/59717c75350fa01aa0fd68a52a8d02e0"},"headline":"Ser\u00e1 o fim da estabilidade? Entenda o PLS 116","datePublished":"2019-07-11T16:47:23+00:00","dateModified":"2023-08-11T17:26:34+00:00","mainEntityOfPage":{"@id":"https:\/\/www.estrategiaconcursos.com.br\/blog\/sera-o-fim-da-estabilidade-entenda-o-pls-116\/"},"wordCount":1939,"commentCount":23,"publisher":{"@id":"https:\/\/www.estrategiaconcursos.com.br\/blog\/#organization"},"image":{"@id":"https:\/\/www.estrategiaconcursos.com.br\/blog\/sera-o-fim-da-estabilidade-entenda-o-pls-116\/#primaryimage"},"thumbnailUrl":"https:\/\/www.estrategiaconcursos.com.br\/blog\/wp-content\/uploads\/2018\/01\/tag-instagram-profherbertalmeida.jpeg","articleSection":["Concursos P\u00fablicos"],"inLanguage":"pt-BR","potentialAction":[{"@type":"CommentAction","name":"Comment","target":["https:\/\/www.estrategiaconcursos.com.br\/blog\/sera-o-fim-da-estabilidade-entenda-o-pls-116\/#respond"]}],"copyrightYear":"2019","copyrightHolder":{"@id":"https:\/\/www.estrategiaconcursos.com.br\/blog\/#organization"}},{"@type":"WebPage","@id":"https:\/\/www.estrategiaconcursos.com.br\/blog\/sera-o-fim-da-estabilidade-entenda-o-pls-116\/","url":"https:\/\/www.estrategiaconcursos.com.br\/blog\/sera-o-fim-da-estabilidade-entenda-o-pls-116\/","name":"Ser\u00e1 o fim da estabilidade? Entenda o PLS 116","isPartOf":{"@id":"https:\/\/www.estrategiaconcursos.com.br\/blog\/#website"},"primaryImageOfPage":{"@id":"https:\/\/www.estrategiaconcursos.com.br\/blog\/sera-o-fim-da-estabilidade-entenda-o-pls-116\/#primaryimage"},"image":{"@id":"https:\/\/www.estrategiaconcursos.com.br\/blog\/sera-o-fim-da-estabilidade-entenda-o-pls-116\/#primaryimage"},"thumbnailUrl":"https:\/\/www.estrategiaconcursos.com.br\/blog\/wp-content\/uploads\/2018\/01\/tag-instagram-profherbertalmeida.jpeg","datePublished":"2019-07-11T16:47:23+00:00","dateModified":"2023-08-11T17:26:34+00:00","breadcrumb":{"@id":"https:\/\/www.estrategiaconcursos.com.br\/blog\/sera-o-fim-da-estabilidade-entenda-o-pls-116\/#breadcrumb"},"inLanguage":"pt-BR","potentialAction":[{"@type":"ReadAction","target":["https:\/\/www.estrategiaconcursos.com.br\/blog\/sera-o-fim-da-estabilidade-entenda-o-pls-116\/"]}]},{"@type":"ImageObject","inLanguage":"pt-BR","@id":"https:\/\/www.estrategiaconcursos.com.br\/blog\/sera-o-fim-da-estabilidade-entenda-o-pls-116\/#primaryimage","url":"https:\/\/dhg1h5j42swfq.cloudfront.net\/2018\/01\/29210516\/tag-instagram-profherbertalmeida.jpeg","contentUrl":"https:\/\/dhg1h5j42swfq.cloudfront.net\/2018\/01\/29210516\/tag-instagram-profherbertalmeida.jpeg","width":743,"height":772},{"@type":"BreadcrumbList","@id":"https:\/\/www.estrategiaconcursos.com.br\/blog\/sera-o-fim-da-estabilidade-entenda-o-pls-116\/#breadcrumb","itemListElement":[{"@type":"ListItem","position":1,"name":"In\u00edcio","item":"https:\/\/www.estrategiaconcursos.com.br\/blog\/"},{"@type":"ListItem","position":2,"name":"Ser\u00e1 o fim da estabilidade? Entenda o PLS 116"}]},{"@type":"WebSite","@id":"https:\/\/www.estrategiaconcursos.com.br\/blog\/#website","url":"https:\/\/www.estrategiaconcursos.com.br\/blog\/","name":"Estrat\u00e9gia Concursos","description":"O blog da Estrat\u00e9gia Concursos traz not\u00edcias sobre concursos e artigos de professores oferecendo cursos para concursos (pdf + videaulas) no site.","publisher":{"@id":"https:\/\/www.estrategiaconcursos.com.br\/blog\/#organization"},"potentialAction":[{"@type":"SearchAction","target":{"@type":"EntryPoint","urlTemplate":"https:\/\/www.estrategiaconcursos.com.br\/blog\/?s={search_term_string}"},"query-input":{"@type":"PropertyValueSpecification","valueRequired":true,"valueName":"search_term_string"}}],"inLanguage":"pt-BR"},{"@type":"Organization","@id":"https:\/\/www.estrategiaconcursos.com.br\/blog\/#organization","name":"Estrat\u00e9gia Concursos","url":"https:\/\/www.estrategiaconcursos.com.br\/blog\/","logo":{"@type":"ImageObject","inLanguage":"pt-BR","@id":"https:\/\/www.estrategiaconcursos.com.br\/blog\/#\/schema\/logo\/image\/","url":"https:\/\/dhg1h5j42swfq.cloudfront.net\/2025\/06\/03203428\/logo_concursos-1.jpg","contentUrl":"https:\/\/dhg1h5j42swfq.cloudfront.net\/2025\/06\/03203428\/logo_concursos-1.jpg","width":230,"height":60,"caption":"Estrat\u00e9gia Concursos"},"image":{"@id":"https:\/\/www.estrategiaconcursos.com.br\/blog\/#\/schema\/logo\/image\/"},"sameAs":["https:\/\/x.com\/EstratConcursos"]},{"@type":"Person","@id":"https:\/\/www.estrategiaconcursos.com.br\/blog\/#\/schema\/person\/59717c75350fa01aa0fd68a52a8d02e0","name":"Herbert Almeida","image":{"@type":"ImageObject","inLanguage":"pt-BR","@id":"https:\/\/secure.gravatar.com\/avatar\/b6461a43893c24d5fc91efc433971ffec025c84c0341129f4578034d77f9a536?s=96&d=mm&r=g","url":"https:\/\/secure.gravatar.com\/avatar\/b6461a43893c24d5fc91efc433971ffec025c84c0341129f4578034d77f9a536?s=96&d=mm&r=g","contentUrl":"https:\/\/secure.gravatar.com\/avatar\/b6461a43893c24d5fc91efc433971ffec025c84c0341129f4578034d77f9a536?s=96&d=mm&r=g","caption":"Herbert Almeida"},"url":"https:\/\/www.estrategiaconcursos.com.br\/blog\/author\/herbertestrategiaconcursos-com-br\/"}]}},"_links":{"self":[{"href":"https:\/\/www.estrategiaconcursos.com.br\/blog\/wp-json\/wp\/v2\/posts\/397700","targetHints":{"allow":["GET"]}}],"collection":[{"href":"https:\/\/www.estrategiaconcursos.com.br\/blog\/wp-json\/wp\/v2\/posts"}],"about":[{"href":"https:\/\/www.estrategiaconcursos.com.br\/blog\/wp-json\/wp\/v2\/types\/post"}],"author":[{"embeddable":true,"href":"https:\/\/www.estrategiaconcursos.com.br\/blog\/wp-json\/wp\/v2\/users\/129"}],"replies":[{"embeddable":true,"href":"https:\/\/www.estrategiaconcursos.com.br\/blog\/wp-json\/wp\/v2\/comments?post=397700"}],"version-history":[{"count":3,"href":"https:\/\/www.estrategiaconcursos.com.br\/blog\/wp-json\/wp\/v2\/posts\/397700\/revisions"}],"predecessor-version":[{"id":1263648,"href":"https:\/\/www.estrategiaconcursos.com.br\/blog\/wp-json\/wp\/v2\/posts\/397700\/revisions\/1263648"}],"wp:attachment":[{"href":"https:\/\/www.estrategiaconcursos.com.br\/blog\/wp-json\/wp\/v2\/media?parent=397700"}],"wp:term":[{"taxonomy":"category","embeddable":true,"href":"https:\/\/www.estrategiaconcursos.com.br\/blog\/wp-json\/wp\/v2\/categories?post=397700"},{"taxonomy":"post_tag","embeddable":true,"href":"https:\/\/www.estrategiaconcursos.com.br\/blog\/wp-json\/wp\/v2\/tags?post=397700"},{"taxonomy":"tax_estado","embeddable":true,"href":"https:\/\/www.estrategiaconcursos.com.br\/blog\/wp-json\/wp\/v2\/tax_estado?post=397700"}],"curies":[{"name":"wp","href":"https:\/\/api.w.org\/{rel}","templated":true}]}}