{"id":397175,"date":"2019-07-13T12:00:43","date_gmt":"2019-07-13T15:00:43","guid":{"rendered":"https:\/\/www.estrategiaconcursos.com.br\/blog\/?p=397175"},"modified":"2019-07-13T12:30:35","modified_gmt":"2019-07-13T15:30:35","slug":"plural-metafonico","status":"publish","type":"post","link":"https:\/\/www.estrategiaconcursos.com.br\/blog\/plural-metafonico\/","title":{"rendered":"Plural metaf\u00f4nico"},"content":{"rendered":"\n<p>Plural metaf\u00f4nico, o que \u00e9 isso?<\/p>\n\n\n\n<p>Hoje eu estava comentando quest\u00f5es e me deparei com uma quest\u00e3o sobre plural metaf\u00f4nico, algo pouco cobrado em provas, mas que nunca \u00e9 demais aprender, n\u00e3o \u00e9 mesmo? Afinal, conhecimento nunca \u00e9 demais.\u270c<\/p>\n\n\n\n<p>Mas que \u00e9 plural <em><strong>metaf\u00f4nico<\/strong><\/em>? <\/p>\n\n\n\n<p>O prefixo grego <em>meta<\/em> significa \u201cmudan\u00e7a\u201d e o radical <em>f\u00f4nico<\/em> significa \u201csom\u201d. Assim, o plural metaf\u00f4nico ocorre quando uma palavra, ao ser pluralizada, muda o som da vogal \u201co\u201d presente na s\u00edlaba t\u00f4nica. <\/p>\n\n\n\n<p>Explicando melhor, o som da vogal \u201co\u201d, no singular, apresenta timbre fechado, mas, quando a palavra vai para o plural, apresenta timbre aberto. Veja alguns exemplos:<\/p>\n\n\n\n<p><strong>Observa\u00e7\u00e3o<\/strong>: coloquei entre barras o som da palavra, por isso voc\u00ea ver\u00e1 a indica\u00e7\u00e3o de timbre aberto com \/\u00f3\/ e a indica\u00e7\u00e3o de timbre fechado com \/\u00f4\/, mesmo que a palavra n\u00e3o apresente acento, ok?!<\/p>\n\n\n\n<ul class=\"wp-block-list\"><li>\/\u00f4\/lho &gt; \/\u00f3\/lhos<\/li><li>p\/\u00f4\/sto &gt; p\/\u00f3\/stos<\/li><li>car\/\u00f4\/\u00e7o &gt; car\/\u00f3\/\u00e7os<\/li><li>\/\u00f4\/sso &gt; \/\u00f3\/ssos<\/li><li>p\/\u00f4\/vo &gt; p\/\u00f3\/vos<\/li><li>tij\/\u00f4\/lo &gt; tij\/\u00f3\/los<\/li><li>p\/\u00f4\/co &gt; p\/\u00f3\/rcos<\/li><\/ul>\n\n\n\n<p>Em todas as palavras terminadas em \u201c-oso\u201d e \u201c-posto\u201d ocorre o plural metaf\u00f4nico. Veja os exemplos:<\/p>\n\n\n\n<ul class=\"wp-block-list\"><li>Amist\/\u00f4\/so &gt; amist\/\u00f3\/sos<\/li><li>Coraj\/\u00f4\/so &gt; coraj\/\u00f3\/sos<\/li><li>Teim\/\u00f4\/so &gt; teim\/\u00f3\/sos<\/li><\/ul>\n\n\n\n<div class=\"wp-block-image\"><figure class=\"aligncenter is-resized\"><img loading=\"lazy\" decoding=\"async\" src=\"http:\/\/davifelipe.com.br\/foto_conteudo\/conteudo_21_img_5.jpg\" alt=\"Imagem relacionada\" width=\"264\" height=\"264\"\/><\/figure><\/div>\n\n\n\n<p>E a\u00ed, gostou da nossa dica?<\/p>\n\n\n\n<p>Deixe mais sugest\u00f5es nos coment\u00e1rios.<\/p>\n\n\n\n<p>At\u00e9 a pr\u00f3xima, pessoal.<\/p>\n\n\n\n<p><a href=\"https:\/\/www.instagram.com\/decioterror\/?hl=pt-br\" target=\"_blank\" rel=\"noreferrer noopener\" aria-label=\"D\u00e9cio Terror. (abre numa nova aba)\">D\u00e9cio Terror.<\/a><\/p>\n","protected":false},"excerpt":{"rendered":"<p>Plural metaf\u00f4nico, o que \u00e9 isso? Hoje eu estava comentando quest\u00f5es e me deparei com uma quest\u00e3o sobre plural metaf\u00f4nico, algo pouco cobrado em provas, mas que nunca \u00e9 demais aprender, n\u00e3o \u00e9 mesmo? Afinal, conhecimento nunca \u00e9 demais.\u270c Mas que \u00e9 plural metaf\u00f4nico? O prefixo grego meta significa \u201cmudan\u00e7a\u201d e o radical f\u00f4nico significa [&hellip;]<\/p>\n","protected":false},"author":214,"featured_media":0,"comment_status":"open","ping_status":"closed","sticky":false,"template":"","format":"standard","meta":{"post_tipo":"article","footnotes":""},"categories":[1],"tags":[],"tax_estado":[],"class_list":["post-397175","post","type-post","status-publish","format-standard","hentry","category-cursos-e-concursos"],"acf":[],"yoast_head":"<!-- This site is optimized with the Yoast SEO Premium plugin v27.2 (Yoast SEO v27.2) - https:\/\/yoast.com\/product\/yoast-seo-premium-wordpress\/ -->\n<title>Plural metaf\u00f4nico<\/title>\n<meta name=\"robots\" content=\"index, follow, max-snippet:-1, max-image-preview:large, max-video-preview:-1\" \/>\n<link rel=\"canonical\" href=\"https:\/\/www.estrategiaconcursos.com.br\/blog\/plural-metafonico\/\" \/>\n<meta property=\"og:locale\" content=\"pt_BR\" \/>\n<meta property=\"og:type\" content=\"article\" \/>\n<meta property=\"og:title\" content=\"Plural metaf\u00f4nico\" \/>\n<meta property=\"og:description\" content=\"Plural metaf\u00f4nico, o que \u00e9 isso? Hoje eu estava comentando quest\u00f5es e me deparei com uma quest\u00e3o sobre plural metaf\u00f4nico, algo pouco cobrado em provas, mas que nunca \u00e9 demais aprender, n\u00e3o \u00e9 mesmo? Afinal, conhecimento nunca \u00e9 demais.\u270c Mas que \u00e9 plural metaf\u00f4nico? O prefixo grego meta significa \u201cmudan\u00e7a\u201d e o radical f\u00f4nico significa [&hellip;]\" \/>\n<meta property=\"og:url\" content=\"https:\/\/www.estrategiaconcursos.com.br\/blog\/plural-metafonico\/\" \/>\n<meta property=\"og:site_name\" content=\"Estrat\u00e9gia Concursos\" \/>\n<meta property=\"article:published_time\" content=\"2019-07-13T15:00:43+00:00\" \/>\n<meta property=\"article:modified_time\" content=\"2019-07-13T15:30:35+00:00\" \/>\n<meta property=\"og:image\" content=\"http:\/\/davifelipe.com.br\/foto_conteudo\/conteudo_21_img_5.jpg\" \/>\n<meta name=\"author\" content=\"D\u00e9cio Terror Filho\" \/>\n<meta name=\"twitter:card\" content=\"summary_large_image\" \/>\n<meta name=\"twitter:creator\" content=\"@EstratConcursos\" \/>\n<meta name=\"twitter:site\" content=\"@EstratConcursos\" \/>\n<meta name=\"twitter:label1\" content=\"Escrito por\" \/>\n\t<meta name=\"twitter:data1\" content=\"D\u00e9cio Terror Filho\" \/>\n\t<meta name=\"twitter:label2\" content=\"Est. tempo de leitura\" \/>\n\t<meta name=\"twitter:data2\" content=\"1 minuto\" \/>\n<script type=\"application\/ld+json\" class=\"yoast-schema-graph\">{\"@context\":\"https:\/\/schema.org\",\"@graph\":[{\"@type\":\"NewsArticle\",\"@id\":\"https:\/\/www.estrategiaconcursos.com.br\/blog\/plural-metafonico\/#article\",\"isPartOf\":{\"@id\":\"https:\/\/www.estrategiaconcursos.com.br\/blog\/plural-metafonico\/\"},\"author\":{\"name\":\"D\u00e9cio Terror Filho\",\"@id\":\"https:\/\/www.estrategiaconcursos.com.br\/blog\/#\/schema\/person\/e8165364027a31208914fc77c3314727\"},\"headline\":\"Plural metaf\u00f4nico\",\"datePublished\":\"2019-07-13T15:00:43+00:00\",\"dateModified\":\"2019-07-13T15:30:35+00:00\",\"mainEntityOfPage\":{\"@id\":\"https:\/\/www.estrategiaconcursos.com.br\/blog\/plural-metafonico\/\"},\"wordCount\":233,\"commentCount\":7,\"publisher\":{\"@id\":\"https:\/\/www.estrategiaconcursos.com.br\/blog\/#organization\"},\"image\":{\"@id\":\"https:\/\/www.estrategiaconcursos.com.br\/blog\/plural-metafonico\/#primaryimage\"},\"thumbnailUrl\":\"http:\/\/davifelipe.com.br\/foto_conteudo\/conteudo_21_img_5.jpg\",\"articleSection\":[\"Concursos P\u00fablicos\"],\"inLanguage\":\"pt-BR\",\"potentialAction\":[{\"@type\":\"CommentAction\",\"name\":\"Comment\",\"target\":[\"https:\/\/www.estrategiaconcursos.com.br\/blog\/plural-metafonico\/#respond\"]}],\"copyrightYear\":\"2019\",\"copyrightHolder\":{\"@id\":\"https:\/\/www.estrategiaconcursos.com.br\/blog\/#organization\"}},{\"@type\":\"WebPage\",\"@id\":\"https:\/\/www.estrategiaconcursos.com.br\/blog\/plural-metafonico\/\",\"url\":\"https:\/\/www.estrategiaconcursos.com.br\/blog\/plural-metafonico\/\",\"name\":\"Plural metaf\u00f4nico\",\"isPartOf\":{\"@id\":\"https:\/\/www.estrategiaconcursos.com.br\/blog\/#website\"},\"primaryImageOfPage\":{\"@id\":\"https:\/\/www.estrategiaconcursos.com.br\/blog\/plural-metafonico\/#primaryimage\"},\"image\":{\"@id\":\"https:\/\/www.estrategiaconcursos.com.br\/blog\/plural-metafonico\/#primaryimage\"},\"thumbnailUrl\":\"http:\/\/davifelipe.com.br\/foto_conteudo\/conteudo_21_img_5.jpg\",\"datePublished\":\"2019-07-13T15:00:43+00:00\",\"dateModified\":\"2019-07-13T15:30:35+00:00\",\"breadcrumb\":{\"@id\":\"https:\/\/www.estrategiaconcursos.com.br\/blog\/plural-metafonico\/#breadcrumb\"},\"inLanguage\":\"pt-BR\",\"potentialAction\":[{\"@type\":\"ReadAction\",\"target\":[\"https:\/\/www.estrategiaconcursos.com.br\/blog\/plural-metafonico\/\"]}]},{\"@type\":\"ImageObject\",\"inLanguage\":\"pt-BR\",\"@id\":\"https:\/\/www.estrategiaconcursos.com.br\/blog\/plural-metafonico\/#primaryimage\",\"url\":\"http:\/\/davifelipe.com.br\/foto_conteudo\/conteudo_21_img_5.jpg\",\"contentUrl\":\"http:\/\/davifelipe.com.br\/foto_conteudo\/conteudo_21_img_5.jpg\"},{\"@type\":\"BreadcrumbList\",\"@id\":\"https:\/\/www.estrategiaconcursos.com.br\/blog\/plural-metafonico\/#breadcrumb\",\"itemListElement\":[{\"@type\":\"ListItem\",\"position\":1,\"name\":\"In\u00edcio\",\"item\":\"https:\/\/www.estrategiaconcursos.com.br\/blog\/\"},{\"@type\":\"ListItem\",\"position\":2,\"name\":\"Plural metaf\u00f4nico\"}]},{\"@type\":\"WebSite\",\"@id\":\"https:\/\/www.estrategiaconcursos.com.br\/blog\/#website\",\"url\":\"https:\/\/www.estrategiaconcursos.com.br\/blog\/\",\"name\":\"Estrat\u00e9gia Concursos\",\"description\":\"O blog da Estrat\u00e9gia Concursos traz not\u00edcias sobre concursos e artigos de professores oferecendo cursos para concursos (pdf + videaulas) no site.\",\"publisher\":{\"@id\":\"https:\/\/www.estrategiaconcursos.com.br\/blog\/#organization\"},\"potentialAction\":[{\"@type\":\"SearchAction\",\"target\":{\"@type\":\"EntryPoint\",\"urlTemplate\":\"https:\/\/www.estrategiaconcursos.com.br\/blog\/?s={search_term_string}\"},\"query-input\":{\"@type\":\"PropertyValueSpecification\",\"valueRequired\":true,\"valueName\":\"search_term_string\"}}],\"inLanguage\":\"pt-BR\"},{\"@type\":\"Organization\",\"@id\":\"https:\/\/www.estrategiaconcursos.com.br\/blog\/#organization\",\"name\":\"Estrat\u00e9gia Concursos\",\"url\":\"https:\/\/www.estrategiaconcursos.com.br\/blog\/\",\"logo\":{\"@type\":\"ImageObject\",\"inLanguage\":\"pt-BR\",\"@id\":\"https:\/\/www.estrategiaconcursos.com.br\/blog\/#\/schema\/logo\/image\/\",\"url\":\"https:\/\/dhg1h5j42swfq.cloudfront.net\/2025\/06\/03203428\/logo_concursos-1.jpg\",\"contentUrl\":\"https:\/\/dhg1h5j42swfq.cloudfront.net\/2025\/06\/03203428\/logo_concursos-1.jpg\",\"width\":230,\"height\":60,\"caption\":\"Estrat\u00e9gia Concursos\"},\"image\":{\"@id\":\"https:\/\/www.estrategiaconcursos.com.br\/blog\/#\/schema\/logo\/image\/\"},\"sameAs\":[\"https:\/\/x.com\/EstratConcursos\"]},{\"@type\":\"Person\",\"@id\":\"https:\/\/www.estrategiaconcursos.com.br\/blog\/#\/schema\/person\/e8165364027a31208914fc77c3314727\",\"name\":\"D\u00e9cio Terror Filho\",\"image\":{\"@type\":\"ImageObject\",\"inLanguage\":\"pt-BR\",\"@id\":\"https:\/\/secure.gravatar.com\/avatar\/a5b78e734de7c6482e965926e78344deb81abbc34282a3c9536cbb1a59728a37?s=96&d=mm&r=g\",\"url\":\"https:\/\/secure.gravatar.com\/avatar\/a5b78e734de7c6482e965926e78344deb81abbc34282a3c9536cbb1a59728a37?s=96&d=mm&r=g\",\"contentUrl\":\"https:\/\/secure.gravatar.com\/avatar\/a5b78e734de7c6482e965926e78344deb81abbc34282a3c9536cbb1a59728a37?s=96&d=mm&r=g\",\"caption\":\"D\u00e9cio Terror Filho\"},\"url\":\"https:\/\/www.estrategiaconcursos.com.br\/blog\/author\/contatoterrorportugues-com-br\/\"}]}<\/script>\n<!-- \/ Yoast SEO Premium plugin. -->","yoast_head_json":{"title":"Plural metaf\u00f4nico","robots":{"index":"index","follow":"follow","max-snippet":"max-snippet:-1","max-image-preview":"max-image-preview:large","max-video-preview":"max-video-preview:-1"},"canonical":"https:\/\/www.estrategiaconcursos.com.br\/blog\/plural-metafonico\/","og_locale":"pt_BR","og_type":"article","og_title":"Plural metaf\u00f4nico","og_description":"Plural metaf\u00f4nico, o que \u00e9 isso? Hoje eu estava comentando quest\u00f5es e me deparei com uma quest\u00e3o sobre plural metaf\u00f4nico, algo pouco cobrado em provas, mas que nunca \u00e9 demais aprender, n\u00e3o \u00e9 mesmo? Afinal, conhecimento nunca \u00e9 demais.\u270c Mas que \u00e9 plural metaf\u00f4nico? O prefixo grego meta significa \u201cmudan\u00e7a\u201d e o radical f\u00f4nico significa [&hellip;]","og_url":"https:\/\/www.estrategiaconcursos.com.br\/blog\/plural-metafonico\/","og_site_name":"Estrat\u00e9gia Concursos","article_published_time":"2019-07-13T15:00:43+00:00","article_modified_time":"2019-07-13T15:30:35+00:00","og_image":[{"url":"http:\/\/davifelipe.com.br\/foto_conteudo\/conteudo_21_img_5.jpg","type":"","width":"","height":""}],"author":"D\u00e9cio Terror Filho","twitter_card":"summary_large_image","twitter_creator":"@EstratConcursos","twitter_site":"@EstratConcursos","twitter_misc":{"Escrito por":"D\u00e9cio Terror Filho","Est. tempo de leitura":"1 minuto"},"schema":{"@context":"https:\/\/schema.org","@graph":[{"@type":"NewsArticle","@id":"https:\/\/www.estrategiaconcursos.com.br\/blog\/plural-metafonico\/#article","isPartOf":{"@id":"https:\/\/www.estrategiaconcursos.com.br\/blog\/plural-metafonico\/"},"author":{"name":"D\u00e9cio Terror Filho","@id":"https:\/\/www.estrategiaconcursos.com.br\/blog\/#\/schema\/person\/e8165364027a31208914fc77c3314727"},"headline":"Plural metaf\u00f4nico","datePublished":"2019-07-13T15:00:43+00:00","dateModified":"2019-07-13T15:30:35+00:00","mainEntityOfPage":{"@id":"https:\/\/www.estrategiaconcursos.com.br\/blog\/plural-metafonico\/"},"wordCount":233,"commentCount":7,"publisher":{"@id":"https:\/\/www.estrategiaconcursos.com.br\/blog\/#organization"},"image":{"@id":"https:\/\/www.estrategiaconcursos.com.br\/blog\/plural-metafonico\/#primaryimage"},"thumbnailUrl":"http:\/\/davifelipe.com.br\/foto_conteudo\/conteudo_21_img_5.jpg","articleSection":["Concursos P\u00fablicos"],"inLanguage":"pt-BR","potentialAction":[{"@type":"CommentAction","name":"Comment","target":["https:\/\/www.estrategiaconcursos.com.br\/blog\/plural-metafonico\/#respond"]}],"copyrightYear":"2019","copyrightHolder":{"@id":"https:\/\/www.estrategiaconcursos.com.br\/blog\/#organization"}},{"@type":"WebPage","@id":"https:\/\/www.estrategiaconcursos.com.br\/blog\/plural-metafonico\/","url":"https:\/\/www.estrategiaconcursos.com.br\/blog\/plural-metafonico\/","name":"Plural metaf\u00f4nico","isPartOf":{"@id":"https:\/\/www.estrategiaconcursos.com.br\/blog\/#website"},"primaryImageOfPage":{"@id":"https:\/\/www.estrategiaconcursos.com.br\/blog\/plural-metafonico\/#primaryimage"},"image":{"@id":"https:\/\/www.estrategiaconcursos.com.br\/blog\/plural-metafonico\/#primaryimage"},"thumbnailUrl":"http:\/\/davifelipe.com.br\/foto_conteudo\/conteudo_21_img_5.jpg","datePublished":"2019-07-13T15:00:43+00:00","dateModified":"2019-07-13T15:30:35+00:00","breadcrumb":{"@id":"https:\/\/www.estrategiaconcursos.com.br\/blog\/plural-metafonico\/#breadcrumb"},"inLanguage":"pt-BR","potentialAction":[{"@type":"ReadAction","target":["https:\/\/www.estrategiaconcursos.com.br\/blog\/plural-metafonico\/"]}]},{"@type":"ImageObject","inLanguage":"pt-BR","@id":"https:\/\/www.estrategiaconcursos.com.br\/blog\/plural-metafonico\/#primaryimage","url":"http:\/\/davifelipe.com.br\/foto_conteudo\/conteudo_21_img_5.jpg","contentUrl":"http:\/\/davifelipe.com.br\/foto_conteudo\/conteudo_21_img_5.jpg"},{"@type":"BreadcrumbList","@id":"https:\/\/www.estrategiaconcursos.com.br\/blog\/plural-metafonico\/#breadcrumb","itemListElement":[{"@type":"ListItem","position":1,"name":"In\u00edcio","item":"https:\/\/www.estrategiaconcursos.com.br\/blog\/"},{"@type":"ListItem","position":2,"name":"Plural metaf\u00f4nico"}]},{"@type":"WebSite","@id":"https:\/\/www.estrategiaconcursos.com.br\/blog\/#website","url":"https:\/\/www.estrategiaconcursos.com.br\/blog\/","name":"Estrat\u00e9gia Concursos","description":"O blog da Estrat\u00e9gia Concursos traz not\u00edcias sobre concursos e artigos de professores oferecendo cursos para concursos (pdf + videaulas) no site.","publisher":{"@id":"https:\/\/www.estrategiaconcursos.com.br\/blog\/#organization"},"potentialAction":[{"@type":"SearchAction","target":{"@type":"EntryPoint","urlTemplate":"https:\/\/www.estrategiaconcursos.com.br\/blog\/?s={search_term_string}"},"query-input":{"@type":"PropertyValueSpecification","valueRequired":true,"valueName":"search_term_string"}}],"inLanguage":"pt-BR"},{"@type":"Organization","@id":"https:\/\/www.estrategiaconcursos.com.br\/blog\/#organization","name":"Estrat\u00e9gia Concursos","url":"https:\/\/www.estrategiaconcursos.com.br\/blog\/","logo":{"@type":"ImageObject","inLanguage":"pt-BR","@id":"https:\/\/www.estrategiaconcursos.com.br\/blog\/#\/schema\/logo\/image\/","url":"https:\/\/dhg1h5j42swfq.cloudfront.net\/2025\/06\/03203428\/logo_concursos-1.jpg","contentUrl":"https:\/\/dhg1h5j42swfq.cloudfront.net\/2025\/06\/03203428\/logo_concursos-1.jpg","width":230,"height":60,"caption":"Estrat\u00e9gia Concursos"},"image":{"@id":"https:\/\/www.estrategiaconcursos.com.br\/blog\/#\/schema\/logo\/image\/"},"sameAs":["https:\/\/x.com\/EstratConcursos"]},{"@type":"Person","@id":"https:\/\/www.estrategiaconcursos.com.br\/blog\/#\/schema\/person\/e8165364027a31208914fc77c3314727","name":"D\u00e9cio Terror Filho","image":{"@type":"ImageObject","inLanguage":"pt-BR","@id":"https:\/\/secure.gravatar.com\/avatar\/a5b78e734de7c6482e965926e78344deb81abbc34282a3c9536cbb1a59728a37?s=96&d=mm&r=g","url":"https:\/\/secure.gravatar.com\/avatar\/a5b78e734de7c6482e965926e78344deb81abbc34282a3c9536cbb1a59728a37?s=96&d=mm&r=g","contentUrl":"https:\/\/secure.gravatar.com\/avatar\/a5b78e734de7c6482e965926e78344deb81abbc34282a3c9536cbb1a59728a37?s=96&d=mm&r=g","caption":"D\u00e9cio Terror Filho"},"url":"https:\/\/www.estrategiaconcursos.com.br\/blog\/author\/contatoterrorportugues-com-br\/"}]}},"_links":{"self":[{"href":"https:\/\/www.estrategiaconcursos.com.br\/blog\/wp-json\/wp\/v2\/posts\/397175","targetHints":{"allow":["GET"]}}],"collection":[{"href":"https:\/\/www.estrategiaconcursos.com.br\/blog\/wp-json\/wp\/v2\/posts"}],"about":[{"href":"https:\/\/www.estrategiaconcursos.com.br\/blog\/wp-json\/wp\/v2\/types\/post"}],"author":[{"embeddable":true,"href":"https:\/\/www.estrategiaconcursos.com.br\/blog\/wp-json\/wp\/v2\/users\/214"}],"replies":[{"embeddable":true,"href":"https:\/\/www.estrategiaconcursos.com.br\/blog\/wp-json\/wp\/v2\/comments?post=397175"}],"version-history":[{"count":2,"href":"https:\/\/www.estrategiaconcursos.com.br\/blog\/wp-json\/wp\/v2\/posts\/397175\/revisions"}],"predecessor-version":[{"id":398455,"href":"https:\/\/www.estrategiaconcursos.com.br\/blog\/wp-json\/wp\/v2\/posts\/397175\/revisions\/398455"}],"wp:attachment":[{"href":"https:\/\/www.estrategiaconcursos.com.br\/blog\/wp-json\/wp\/v2\/media?parent=397175"}],"wp:term":[{"taxonomy":"category","embeddable":true,"href":"https:\/\/www.estrategiaconcursos.com.br\/blog\/wp-json\/wp\/v2\/categories?post=397175"},{"taxonomy":"post_tag","embeddable":true,"href":"https:\/\/www.estrategiaconcursos.com.br\/blog\/wp-json\/wp\/v2\/tags?post=397175"},{"taxonomy":"tax_estado","embeddable":true,"href":"https:\/\/www.estrategiaconcursos.com.br\/blog\/wp-json\/wp\/v2\/tax_estado?post=397175"}],"curies":[{"name":"wp","href":"https:\/\/api.w.org\/{rel}","templated":true}]}}