{"id":396836,"date":"2019-07-09T10:15:21","date_gmt":"2019-07-09T13:15:21","guid":{"rendered":"https:\/\/www.estrategiaconcursos.com.br\/blog\/?p=396836"},"modified":"2021-03-08T13:59:58","modified_gmt":"2021-03-08T16:59:58","slug":"concurso-cro-goretificacao-altera-periodo-de-inscricoes-do-certame","status":"publish","type":"post","link":"https:\/\/www.estrategiaconcursos.com.br\/blog\/concurso-cro-goretificacao-altera-periodo-de-inscricoes-do-certame\/","title":{"rendered":"Concurso CRO GO:retifica\u00e7\u00e3o altera per\u00edodo de inscri\u00e7\u00f5es do certame"},"content":{"rendered":"\n<p>O Conselho Regional de Odontologia de Goi\u00e1s, divulgou  mais uma retifica\u00e7\u00e3o em seu edital. Desta vez alterando o per\u00edodo de inscri\u00e7\u00f5es do certame.<\/p>\n\n\n\n<p>As inscri\u00e7\u00f5es poder\u00e3o ser realizadas no site da banca organizadora, Quadrix, at\u00e9 o <strong>dia 18 de julho<\/strong>. <\/p>\n\n\n\n<p>As taxas de inscri\u00e7\u00e3o ser\u00e3o de:<\/p>\n\n\n\n<ul class=\"wp-block-list\"><li> <em>R$ 55,00<\/em> para cargos de n\u00edvel m\u00e9dio\/t\u00e9cnico; <\/li><li><em>R$ 70,00<\/em> para cargos de n\u00edvel superior. <\/li><\/ul>\n\n\n\n<p>O edital (ap\u00f3s retifica\u00e7\u00e3o anterior) traz a oferta de <strong>16 vagas imediatas<\/strong> e <strong>180 para cadastro de reserva<\/strong>. <\/p>\n\n\n\n<h2 class=\"wp-block-heading\">Os cargos, remunera\u00e7\u00f5es e vagas<\/h2>\n\n\n\n<p><strong>Cargos de n\u00edvel superior:<\/strong><\/p>\n\n\n\n<p>(R$ 3.114,00) <strong>Auditor de Controle Interno I:<\/strong> 1 + 24 CR<br \/>(R$ 5.828,00) <strong>Contador: <\/strong>1 + 24 CR <br \/>(R$ 3.183,00) <strong>Fiscal I: <\/strong>1 + 24 CR <\/p>\n\n\n\n<p><strong>Cargos de n\u00edvel m\u00e9dio:<\/strong><\/p>\n\n\n\n<p>(R$ 1.549,00) <strong>Assistente Administrativo I:<\/strong> 6 + 44 CR <br \/>(R$ 2.260,00) <strong>Fiscal Regional I: <\/strong>1 + 24 CR<br \/>(R$1.549,00) <strong>T\u00e9cnico de Fiscaliza\u00e7\u00e3o:<\/strong> 5 + 40 CR<br \/>(R$ 1.908,00) <strong>T\u00e9cnico de Inform\u00e1tica<\/strong>: 1 + 24 CR<\/p>\n\n\n\n<p>A <strong>prova objetiva<\/strong> <strong>e Discursiva<\/strong> ser\u00e1  realizada no dia 04 de agosto, no per\u00edodo da tarde e ter\u00e1 dura\u00e7\u00e3o de <strong>4 horas<\/strong>.<\/p>\n\n\n\n<p style=\"font-size:22px;text-align:center\" class=\"has-background has-luminous-vivid-amber-background-color\"><strong>Mais informa\u00e7\u00f5es: <\/strong><span style=\"text-decoration: underline;\"><strong><a href=\"https:\/\/www.estrategiaconcursos.com.br\/blog\/wp-admin\/post.php?post=377412&amp;action=edit\" target=\"_blank\" rel=\"noreferrer noopener\" aria-label=\"Concurso CRO GO (abre numa nova aba)\">Concurso CRO GO<\/a><\/strong><\/span><\/p>\n\n\n\n<p style=\"font-size:19px;text-align:center\"><strong><em>Quer estudar para Concurso CRO GO?<\/em><\/strong><\/p>\n\n\n\n<p style=\"text-align:center\"><em><strong>Gostou desta oportunidade e deseja come\u00e7ar se preparar agora mesmo? Ent\u00e3o, confira os nossos cursos e comece a estudar para CRO GO:<\/strong><\/em><\/p>\n\n\n\n<p style=\"font-size:25px;text-align:center\" class=\"has-background has-luminous-vivid-amber-background-color\"><a rel=\"noreferrer noopener\" href=\"https:\/\/www.estrategiaconcursos.com.br\/cursos\/concurso\/\" target=\"_blank\"><strong>CURSO CRO GO<\/strong><\/a><\/p>\n\n\n\n<p style=\"font-size:18px;text-align:center\"><em><strong>Assinatura Anual Ilimitada*<\/strong><\/em><\/p>\n\n\n\n<p style=\"text-align:center\"><em>Prepare-se com o melhor material e com quem mais aprova em Concursos P\u00fablicos em todo o pa\u00eds. Assine agora a nossa Assinatura Anual e tenha acesso ilimitado* a todos os nossos cursos.<\/em><\/p>\n\n\n\n<p style=\"font-size:23px;text-align:center\" class=\"has-background has-light-green-cyan-background-color\"><strong>ASSINE AGORA<\/strong>&nbsp;\u2013&nbsp;<a rel=\"noreferrer noopener\" href=\"https:\/\/www.estrategiaconcursos.com.br\/assinaturas\" target=\"_blank\">Assinatura Ilimitada<\/a><\/p>\n\n\n\n<p> <\/p>\n\n\n\n<p>Nat\u00e1lia Scarano<br \/><em>Ascom Estrat\u00e9gia<\/em><br \/>ascomestrategia@gmail.com<\/p>\n\n\n\n<p style=\"text-align:center\"><em><strong>Receba not\u00edcias de Concursos no seu WhatsApp e\/ou Telegram!<\/strong><\/em><\/p>\n\n\n\n<p style=\"text-align:center\"><em><strong>Cadastre-se clicando no \u00edcone abaixo<\/strong><\/em><\/p>\n\n\n\n<div class=\"wp-block-image\"><figure class=\"aligncenter\"><a href=\"https:\/\/www.estrategiaconcursos.com.br\/blog\/noticias-de-concursos-whatsapp-estrategia-concursos\/\" target=\"_blank\" rel=\"noreferrer noopener\"><img loading=\"lazy\" decoding=\"async\" width=\"320\" height=\"180\" src=\"https:\/\/dhg1h5j42swfq.cloudfront.net\/2018\/03\/22113932\/whatsapptelegram-e1548177162795.png\" alt=\"Concurso TRF 4\" class=\"wp-image-112824\"\/><\/a><\/figure><\/div>\n\n\n\n<p><a rel=\"noreferrer noopener\" href=\"https:\/\/www.estrategiaconcursos.com.br\/blog\/noticias-de-concursos-whatsapp-estrategia-concursos\/\" target=\"_blank\">Not\u00edcias de concursos no seu WhatsApp e\/ou Telegram<\/a><\/p>\n","protected":false},"excerpt":{"rendered":"<p>O Conselho Regional de Odontologia de Goi\u00e1s, divulgou mais uma retifica\u00e7\u00e3o em seu edital. Desta vez alterando o per\u00edodo de inscri\u00e7\u00f5es do certame. As inscri\u00e7\u00f5es poder\u00e3o ser realizadas no site da banca organizadora, Quadrix, at\u00e9 o dia 18 de julho. As taxas de inscri\u00e7\u00e3o ser\u00e3o de: R$ 55,00 para cargos de n\u00edvel m\u00e9dio\/t\u00e9cnico; R$ 70,00 [&hellip;]<\/p>\n","protected":false},"author":1554,"featured_media":396837,"comment_status":"open","ping_status":"closed","sticky":false,"template":"","format":"standard","meta":{"post_tipo":"article","footnotes":""},"categories":[1],"tags":[],"tax_estado":[],"class_list":["post-396836","post","type-post","status-publish","format-standard","has-post-thumbnail","hentry","category-cursos-e-concursos"],"acf":[],"yoast_head":"<!-- This site is optimized with the Yoast SEO Premium plugin v27.2 (Yoast SEO v27.2) - https:\/\/yoast.com\/product\/yoast-seo-premium-wordpress\/ -->\n<title>Concurso CRO GO:retifica\u00e7\u00e3o altera per\u00edodo de inscri\u00e7\u00f5es do certame<\/title>\n<meta name=\"description\" content=\"Com nova retifica\u00e7\u00e3o, certame com oferta para n\u00edvel m\u00e9dio e seuperior ter\u00e1 inscri\u00e7\u00f5es at\u00e9 o meio de julho. Confira todas as informa\u00e7\u00f5es!\" \/>\n<meta name=\"robots\" content=\"index, follow, max-snippet:-1, max-image-preview:large, max-video-preview:-1\" \/>\n<link rel=\"canonical\" href=\"https:\/\/www.estrategiaconcursos.com.br\/blog\/concurso-cro-goretificacao-altera-periodo-de-inscricoes-do-certame\/\" \/>\n<meta property=\"og:locale\" content=\"pt_BR\" \/>\n<meta property=\"og:type\" content=\"article\" \/>\n<meta property=\"og:title\" content=\"Concurso CRO GO:retifica\u00e7\u00e3o altera per\u00edodo de inscri\u00e7\u00f5es do certame\" \/>\n<meta property=\"og:description\" content=\"Com nova retifica\u00e7\u00e3o, certame com oferta para n\u00edvel m\u00e9dio e seuperior ter\u00e1 inscri\u00e7\u00f5es at\u00e9 o meio de julho. Confira todas as informa\u00e7\u00f5es!\" \/>\n<meta property=\"og:url\" content=\"https:\/\/www.estrategiaconcursos.com.br\/blog\/concurso-cro-goretificacao-altera-periodo-de-inscricoes-do-certame\/\" \/>\n<meta property=\"og:site_name\" content=\"Estrat\u00e9gia Concursos\" \/>\n<meta property=\"article:published_time\" content=\"2019-07-09T13:15:21+00:00\" \/>\n<meta property=\"article:modified_time\" content=\"2021-03-08T16:59:58+00:00\" \/>\n<meta property=\"og:image\" content=\"https:\/\/dhg1h5j42swfq.cloudfront.net\/2019\/07\/09101338\/cro-go.jpg\" \/>\n\t<meta property=\"og:image:width\" content=\"505\" \/>\n\t<meta property=\"og:image:height\" content=\"324\" \/>\n\t<meta property=\"og:image:type\" content=\"image\/jpeg\" \/>\n<meta name=\"author\" content=\"Ricardo Sampaio\" \/>\n<meta name=\"twitter:card\" content=\"summary_large_image\" \/>\n<meta name=\"twitter:creator\" content=\"@EstratConcursos\" \/>\n<meta name=\"twitter:site\" content=\"@EstratConcursos\" \/>\n<meta name=\"twitter:label1\" content=\"Escrito por\" \/>\n\t<meta name=\"twitter:data1\" content=\"Ricardo Sampaio\" \/>\n\t<meta name=\"twitter:label2\" content=\"Est. tempo de leitura\" \/>\n\t<meta name=\"twitter:data2\" content=\"1 minuto\" \/>\n<script type=\"application\/ld+json\" class=\"yoast-schema-graph\">{\"@context\":\"https:\/\/schema.org\",\"@graph\":[{\"@type\":\"NewsArticle\",\"@id\":\"https:\/\/www.estrategiaconcursos.com.br\/blog\/concurso-cro-goretificacao-altera-periodo-de-inscricoes-do-certame\/#article\",\"isPartOf\":{\"@id\":\"https:\/\/www.estrategiaconcursos.com.br\/blog\/concurso-cro-goretificacao-altera-periodo-de-inscricoes-do-certame\/\"},\"author\":{\"name\":\"Ricardo Sampaio\",\"@id\":\"https:\/\/www.estrategiaconcursos.com.br\/blog\/#\/schema\/person\/1fb41e90144a1cbf104d34ceffe32149\"},\"headline\":\"Concurso CRO GO:retifica\u00e7\u00e3o altera per\u00edodo de inscri\u00e7\u00f5es do certame\",\"datePublished\":\"2019-07-09T13:15:21+00:00\",\"dateModified\":\"2021-03-08T16:59:58+00:00\",\"mainEntityOfPage\":{\"@id\":\"https:\/\/www.estrategiaconcursos.com.br\/blog\/concurso-cro-goretificacao-altera-periodo-de-inscricoes-do-certame\/\"},\"wordCount\":295,\"commentCount\":0,\"publisher\":{\"@id\":\"https:\/\/www.estrategiaconcursos.com.br\/blog\/#organization\"},\"image\":{\"@id\":\"https:\/\/www.estrategiaconcursos.com.br\/blog\/concurso-cro-goretificacao-altera-periodo-de-inscricoes-do-certame\/#primaryimage\"},\"thumbnailUrl\":\"https:\/\/dhg1h5j42swfq.cloudfront.net\/2019\/07\/09101338\/cro-go.jpg\",\"articleSection\":[\"Concursos P\u00fablicos\"],\"inLanguage\":\"pt-BR\",\"potentialAction\":[{\"@type\":\"CommentAction\",\"name\":\"Comment\",\"target\":[\"https:\/\/www.estrategiaconcursos.com.br\/blog\/concurso-cro-goretificacao-altera-periodo-de-inscricoes-do-certame\/#respond\"]}],\"copyrightYear\":\"2019\",\"copyrightHolder\":{\"@id\":\"https:\/\/www.estrategiaconcursos.com.br\/blog\/#organization\"}},{\"@type\":\"WebPage\",\"@id\":\"https:\/\/www.estrategiaconcursos.com.br\/blog\/concurso-cro-goretificacao-altera-periodo-de-inscricoes-do-certame\/\",\"url\":\"https:\/\/www.estrategiaconcursos.com.br\/blog\/concurso-cro-goretificacao-altera-periodo-de-inscricoes-do-certame\/\",\"name\":\"Concurso CRO GO:retifica\u00e7\u00e3o altera per\u00edodo de inscri\u00e7\u00f5es do certame\",\"isPartOf\":{\"@id\":\"https:\/\/www.estrategiaconcursos.com.br\/blog\/#website\"},\"primaryImageOfPage\":{\"@id\":\"https:\/\/www.estrategiaconcursos.com.br\/blog\/concurso-cro-goretificacao-altera-periodo-de-inscricoes-do-certame\/#primaryimage\"},\"image\":{\"@id\":\"https:\/\/www.estrategiaconcursos.com.br\/blog\/concurso-cro-goretificacao-altera-periodo-de-inscricoes-do-certame\/#primaryimage\"},\"thumbnailUrl\":\"https:\/\/dhg1h5j42swfq.cloudfront.net\/2019\/07\/09101338\/cro-go.jpg\",\"datePublished\":\"2019-07-09T13:15:21+00:00\",\"dateModified\":\"2021-03-08T16:59:58+00:00\",\"description\":\"Com nova retifica\u00e7\u00e3o, certame com oferta para n\u00edvel m\u00e9dio e seuperior ter\u00e1 inscri\u00e7\u00f5es at\u00e9 o meio de julho. Confira todas as informa\u00e7\u00f5es!\",\"breadcrumb\":{\"@id\":\"https:\/\/www.estrategiaconcursos.com.br\/blog\/concurso-cro-goretificacao-altera-periodo-de-inscricoes-do-certame\/#breadcrumb\"},\"inLanguage\":\"pt-BR\",\"potentialAction\":[{\"@type\":\"ReadAction\",\"target\":[\"https:\/\/www.estrategiaconcursos.com.br\/blog\/concurso-cro-goretificacao-altera-periodo-de-inscricoes-do-certame\/\"]}]},{\"@type\":\"ImageObject\",\"inLanguage\":\"pt-BR\",\"@id\":\"https:\/\/www.estrategiaconcursos.com.br\/blog\/concurso-cro-goretificacao-altera-periodo-de-inscricoes-do-certame\/#primaryimage\",\"url\":\"https:\/\/dhg1h5j42swfq.cloudfront.net\/2019\/07\/09101338\/cro-go.jpg\",\"contentUrl\":\"https:\/\/dhg1h5j42swfq.cloudfront.net\/2019\/07\/09101338\/cro-go.jpg\",\"width\":505,\"height\":324,\"caption\":\"Concurso CRO GO\"},{\"@type\":\"BreadcrumbList\",\"@id\":\"https:\/\/www.estrategiaconcursos.com.br\/blog\/concurso-cro-goretificacao-altera-periodo-de-inscricoes-do-certame\/#breadcrumb\",\"itemListElement\":[{\"@type\":\"ListItem\",\"position\":1,\"name\":\"In\u00edcio\",\"item\":\"https:\/\/www.estrategiaconcursos.com.br\/blog\/\"},{\"@type\":\"ListItem\",\"position\":2,\"name\":\"Concurso CRO GO:retifica\u00e7\u00e3o altera per\u00edodo de inscri\u00e7\u00f5es do certame\"}]},{\"@type\":\"WebSite\",\"@id\":\"https:\/\/www.estrategiaconcursos.com.br\/blog\/#website\",\"url\":\"https:\/\/www.estrategiaconcursos.com.br\/blog\/\",\"name\":\"Estrat\u00e9gia Concursos\",\"description\":\"O blog da Estrat\u00e9gia Concursos traz not\u00edcias sobre concursos e artigos de professores oferecendo cursos para concursos (pdf + videaulas) no site.\",\"publisher\":{\"@id\":\"https:\/\/www.estrategiaconcursos.com.br\/blog\/#organization\"},\"potentialAction\":[{\"@type\":\"SearchAction\",\"target\":{\"@type\":\"EntryPoint\",\"urlTemplate\":\"https:\/\/www.estrategiaconcursos.com.br\/blog\/?s={search_term_string}\"},\"query-input\":{\"@type\":\"PropertyValueSpecification\",\"valueRequired\":true,\"valueName\":\"search_term_string\"}}],\"inLanguage\":\"pt-BR\"},{\"@type\":\"Organization\",\"@id\":\"https:\/\/www.estrategiaconcursos.com.br\/blog\/#organization\",\"name\":\"Estrat\u00e9gia Concursos\",\"url\":\"https:\/\/www.estrategiaconcursos.com.br\/blog\/\",\"logo\":{\"@type\":\"ImageObject\",\"inLanguage\":\"pt-BR\",\"@id\":\"https:\/\/www.estrategiaconcursos.com.br\/blog\/#\/schema\/logo\/image\/\",\"url\":\"https:\/\/dhg1h5j42swfq.cloudfront.net\/2025\/06\/03203428\/logo_concursos-1.jpg\",\"contentUrl\":\"https:\/\/dhg1h5j42swfq.cloudfront.net\/2025\/06\/03203428\/logo_concursos-1.jpg\",\"width\":230,\"height\":60,\"caption\":\"Estrat\u00e9gia Concursos\"},\"image\":{\"@id\":\"https:\/\/www.estrategiaconcursos.com.br\/blog\/#\/schema\/logo\/image\/\"},\"sameAs\":[\"https:\/\/x.com\/EstratConcursos\"]},{\"@type\":\"Person\",\"@id\":\"https:\/\/www.estrategiaconcursos.com.br\/blog\/#\/schema\/person\/1fb41e90144a1cbf104d34ceffe32149\",\"name\":\"Ricardo Sampaio\",\"image\":{\"@type\":\"ImageObject\",\"inLanguage\":\"pt-BR\",\"@id\":\"https:\/\/secure.gravatar.com\/avatar\/9201d0104478870dd059777305e58f514788bc88c5e06bce7b2412c91884055c?s=96&d=mm&r=g\",\"url\":\"https:\/\/secure.gravatar.com\/avatar\/9201d0104478870dd059777305e58f514788bc88c5e06bce7b2412c91884055c?s=96&d=mm&r=g\",\"contentUrl\":\"https:\/\/secure.gravatar.com\/avatar\/9201d0104478870dd059777305e58f514788bc88c5e06bce7b2412c91884055c?s=96&d=mm&r=g\",\"caption\":\"Ricardo Sampaio\"},\"url\":\"https:\/\/www.estrategiaconcursos.com.br\/blog\/author\/ricardo_rbnshotmail-com\/\"}]}<\/script>\n<!-- \/ Yoast SEO Premium plugin. -->","yoast_head_json":{"title":"Concurso CRO GO:retifica\u00e7\u00e3o altera per\u00edodo de inscri\u00e7\u00f5es do certame","description":"Com nova retifica\u00e7\u00e3o, certame com oferta para n\u00edvel m\u00e9dio e seuperior ter\u00e1 inscri\u00e7\u00f5es at\u00e9 o meio de julho. Confira todas as informa\u00e7\u00f5es!","robots":{"index":"index","follow":"follow","max-snippet":"max-snippet:-1","max-image-preview":"max-image-preview:large","max-video-preview":"max-video-preview:-1"},"canonical":"https:\/\/www.estrategiaconcursos.com.br\/blog\/concurso-cro-goretificacao-altera-periodo-de-inscricoes-do-certame\/","og_locale":"pt_BR","og_type":"article","og_title":"Concurso CRO GO:retifica\u00e7\u00e3o altera per\u00edodo de inscri\u00e7\u00f5es do certame","og_description":"Com nova retifica\u00e7\u00e3o, certame com oferta para n\u00edvel m\u00e9dio e seuperior ter\u00e1 inscri\u00e7\u00f5es at\u00e9 o meio de julho. Confira todas as informa\u00e7\u00f5es!","og_url":"https:\/\/www.estrategiaconcursos.com.br\/blog\/concurso-cro-goretificacao-altera-periodo-de-inscricoes-do-certame\/","og_site_name":"Estrat\u00e9gia Concursos","article_published_time":"2019-07-09T13:15:21+00:00","article_modified_time":"2021-03-08T16:59:58+00:00","og_image":[{"width":505,"height":324,"url":"https:\/\/dhg1h5j42swfq.cloudfront.net\/2019\/07\/09101338\/cro-go.jpg","type":"image\/jpeg"}],"author":"Ricardo Sampaio","twitter_card":"summary_large_image","twitter_creator":"@EstratConcursos","twitter_site":"@EstratConcursos","twitter_misc":{"Escrito por":"Ricardo Sampaio","Est. tempo de leitura":"1 minuto"},"schema":{"@context":"https:\/\/schema.org","@graph":[{"@type":"NewsArticle","@id":"https:\/\/www.estrategiaconcursos.com.br\/blog\/concurso-cro-goretificacao-altera-periodo-de-inscricoes-do-certame\/#article","isPartOf":{"@id":"https:\/\/www.estrategiaconcursos.com.br\/blog\/concurso-cro-goretificacao-altera-periodo-de-inscricoes-do-certame\/"},"author":{"name":"Ricardo Sampaio","@id":"https:\/\/www.estrategiaconcursos.com.br\/blog\/#\/schema\/person\/1fb41e90144a1cbf104d34ceffe32149"},"headline":"Concurso CRO GO:retifica\u00e7\u00e3o altera per\u00edodo de inscri\u00e7\u00f5es do certame","datePublished":"2019-07-09T13:15:21+00:00","dateModified":"2021-03-08T16:59:58+00:00","mainEntityOfPage":{"@id":"https:\/\/www.estrategiaconcursos.com.br\/blog\/concurso-cro-goretificacao-altera-periodo-de-inscricoes-do-certame\/"},"wordCount":295,"commentCount":0,"publisher":{"@id":"https:\/\/www.estrategiaconcursos.com.br\/blog\/#organization"},"image":{"@id":"https:\/\/www.estrategiaconcursos.com.br\/blog\/concurso-cro-goretificacao-altera-periodo-de-inscricoes-do-certame\/#primaryimage"},"thumbnailUrl":"https:\/\/dhg1h5j42swfq.cloudfront.net\/2019\/07\/09101338\/cro-go.jpg","articleSection":["Concursos P\u00fablicos"],"inLanguage":"pt-BR","potentialAction":[{"@type":"CommentAction","name":"Comment","target":["https:\/\/www.estrategiaconcursos.com.br\/blog\/concurso-cro-goretificacao-altera-periodo-de-inscricoes-do-certame\/#respond"]}],"copyrightYear":"2019","copyrightHolder":{"@id":"https:\/\/www.estrategiaconcursos.com.br\/blog\/#organization"}},{"@type":"WebPage","@id":"https:\/\/www.estrategiaconcursos.com.br\/blog\/concurso-cro-goretificacao-altera-periodo-de-inscricoes-do-certame\/","url":"https:\/\/www.estrategiaconcursos.com.br\/blog\/concurso-cro-goretificacao-altera-periodo-de-inscricoes-do-certame\/","name":"Concurso CRO GO:retifica\u00e7\u00e3o altera per\u00edodo de inscri\u00e7\u00f5es do certame","isPartOf":{"@id":"https:\/\/www.estrategiaconcursos.com.br\/blog\/#website"},"primaryImageOfPage":{"@id":"https:\/\/www.estrategiaconcursos.com.br\/blog\/concurso-cro-goretificacao-altera-periodo-de-inscricoes-do-certame\/#primaryimage"},"image":{"@id":"https:\/\/www.estrategiaconcursos.com.br\/blog\/concurso-cro-goretificacao-altera-periodo-de-inscricoes-do-certame\/#primaryimage"},"thumbnailUrl":"https:\/\/dhg1h5j42swfq.cloudfront.net\/2019\/07\/09101338\/cro-go.jpg","datePublished":"2019-07-09T13:15:21+00:00","dateModified":"2021-03-08T16:59:58+00:00","description":"Com nova retifica\u00e7\u00e3o, certame com oferta para n\u00edvel m\u00e9dio e seuperior ter\u00e1 inscri\u00e7\u00f5es at\u00e9 o meio de julho. Confira todas as informa\u00e7\u00f5es!","breadcrumb":{"@id":"https:\/\/www.estrategiaconcursos.com.br\/blog\/concurso-cro-goretificacao-altera-periodo-de-inscricoes-do-certame\/#breadcrumb"},"inLanguage":"pt-BR","potentialAction":[{"@type":"ReadAction","target":["https:\/\/www.estrategiaconcursos.com.br\/blog\/concurso-cro-goretificacao-altera-periodo-de-inscricoes-do-certame\/"]}]},{"@type":"ImageObject","inLanguage":"pt-BR","@id":"https:\/\/www.estrategiaconcursos.com.br\/blog\/concurso-cro-goretificacao-altera-periodo-de-inscricoes-do-certame\/#primaryimage","url":"https:\/\/dhg1h5j42swfq.cloudfront.net\/2019\/07\/09101338\/cro-go.jpg","contentUrl":"https:\/\/dhg1h5j42swfq.cloudfront.net\/2019\/07\/09101338\/cro-go.jpg","width":505,"height":324,"caption":"Concurso CRO GO"},{"@type":"BreadcrumbList","@id":"https:\/\/www.estrategiaconcursos.com.br\/blog\/concurso-cro-goretificacao-altera-periodo-de-inscricoes-do-certame\/#breadcrumb","itemListElement":[{"@type":"ListItem","position":1,"name":"In\u00edcio","item":"https:\/\/www.estrategiaconcursos.com.br\/blog\/"},{"@type":"ListItem","position":2,"name":"Concurso CRO GO:retifica\u00e7\u00e3o altera per\u00edodo de inscri\u00e7\u00f5es do certame"}]},{"@type":"WebSite","@id":"https:\/\/www.estrategiaconcursos.com.br\/blog\/#website","url":"https:\/\/www.estrategiaconcursos.com.br\/blog\/","name":"Estrat\u00e9gia Concursos","description":"O blog da Estrat\u00e9gia Concursos traz not\u00edcias sobre concursos e artigos de professores oferecendo cursos para concursos (pdf + videaulas) no site.","publisher":{"@id":"https:\/\/www.estrategiaconcursos.com.br\/blog\/#organization"},"potentialAction":[{"@type":"SearchAction","target":{"@type":"EntryPoint","urlTemplate":"https:\/\/www.estrategiaconcursos.com.br\/blog\/?s={search_term_string}"},"query-input":{"@type":"PropertyValueSpecification","valueRequired":true,"valueName":"search_term_string"}}],"inLanguage":"pt-BR"},{"@type":"Organization","@id":"https:\/\/www.estrategiaconcursos.com.br\/blog\/#organization","name":"Estrat\u00e9gia Concursos","url":"https:\/\/www.estrategiaconcursos.com.br\/blog\/","logo":{"@type":"ImageObject","inLanguage":"pt-BR","@id":"https:\/\/www.estrategiaconcursos.com.br\/blog\/#\/schema\/logo\/image\/","url":"https:\/\/dhg1h5j42swfq.cloudfront.net\/2025\/06\/03203428\/logo_concursos-1.jpg","contentUrl":"https:\/\/dhg1h5j42swfq.cloudfront.net\/2025\/06\/03203428\/logo_concursos-1.jpg","width":230,"height":60,"caption":"Estrat\u00e9gia Concursos"},"image":{"@id":"https:\/\/www.estrategiaconcursos.com.br\/blog\/#\/schema\/logo\/image\/"},"sameAs":["https:\/\/x.com\/EstratConcursos"]},{"@type":"Person","@id":"https:\/\/www.estrategiaconcursos.com.br\/blog\/#\/schema\/person\/1fb41e90144a1cbf104d34ceffe32149","name":"Ricardo Sampaio","image":{"@type":"ImageObject","inLanguage":"pt-BR","@id":"https:\/\/secure.gravatar.com\/avatar\/9201d0104478870dd059777305e58f514788bc88c5e06bce7b2412c91884055c?s=96&d=mm&r=g","url":"https:\/\/secure.gravatar.com\/avatar\/9201d0104478870dd059777305e58f514788bc88c5e06bce7b2412c91884055c?s=96&d=mm&r=g","contentUrl":"https:\/\/secure.gravatar.com\/avatar\/9201d0104478870dd059777305e58f514788bc88c5e06bce7b2412c91884055c?s=96&d=mm&r=g","caption":"Ricardo Sampaio"},"url":"https:\/\/www.estrategiaconcursos.com.br\/blog\/author\/ricardo_rbnshotmail-com\/"}]}},"_links":{"self":[{"href":"https:\/\/www.estrategiaconcursos.com.br\/blog\/wp-json\/wp\/v2\/posts\/396836","targetHints":{"allow":["GET"]}}],"collection":[{"href":"https:\/\/www.estrategiaconcursos.com.br\/blog\/wp-json\/wp\/v2\/posts"}],"about":[{"href":"https:\/\/www.estrategiaconcursos.com.br\/blog\/wp-json\/wp\/v2\/types\/post"}],"author":[{"embeddable":true,"href":"https:\/\/www.estrategiaconcursos.com.br\/blog\/wp-json\/wp\/v2\/users\/1554"}],"replies":[{"embeddable":true,"href":"https:\/\/www.estrategiaconcursos.com.br\/blog\/wp-json\/wp\/v2\/comments?post=396836"}],"version-history":[{"count":1,"href":"https:\/\/www.estrategiaconcursos.com.br\/blog\/wp-json\/wp\/v2\/posts\/396836\/revisions"}],"predecessor-version":[{"id":396841,"href":"https:\/\/www.estrategiaconcursos.com.br\/blog\/wp-json\/wp\/v2\/posts\/396836\/revisions\/396841"}],"wp:featuredmedia":[{"embeddable":true,"href":"https:\/\/www.estrategiaconcursos.com.br\/blog\/wp-json\/wp\/v2\/media\/396837"}],"wp:attachment":[{"href":"https:\/\/www.estrategiaconcursos.com.br\/blog\/wp-json\/wp\/v2\/media?parent=396836"}],"wp:term":[{"taxonomy":"category","embeddable":true,"href":"https:\/\/www.estrategiaconcursos.com.br\/blog\/wp-json\/wp\/v2\/categories?post=396836"},{"taxonomy":"post_tag","embeddable":true,"href":"https:\/\/www.estrategiaconcursos.com.br\/blog\/wp-json\/wp\/v2\/tags?post=396836"},{"taxonomy":"tax_estado","embeddable":true,"href":"https:\/\/www.estrategiaconcursos.com.br\/blog\/wp-json\/wp\/v2\/tax_estado?post=396836"}],"curies":[{"name":"wp","href":"https:\/\/api.w.org\/{rel}","templated":true}]}}