{"id":396820,"date":"2019-07-09T09:22:32","date_gmt":"2019-07-09T12:22:32","guid":{"rendered":"https:\/\/www.estrategiaconcursos.com.br\/blog\/?p=396820"},"modified":"2021-08-28T13:07:05","modified_gmt":"2021-08-28T16:07:05","slug":"comentarios-prova-detran-sp-dois-recursos","status":"publish","type":"post","link":"https:\/\/www.estrategiaconcursos.com.br\/blog\/comentarios-prova-detran-sp-dois-recursos\/","title":{"rendered":"Coment\u00e1rios Prova do Detran SP &#8211; dois recursos."},"content":{"rendered":"\n<p>Ol\u00e1, meus amigos!<\/p>\n\n\n\n<p>Praticamente todas as quest\u00f5es eu abordei no \u201cHora da Verdade\u201d e na Revis\u00e3o de v\u00e9spera! Sorte? N\u00e3o! S\u00e3o mais de 12 anos ministrando aulas. A experi\u00eancia ajuda muito. <\/p>\n\n\n\n<p>Vi a possibilidade de dois recursos. Quest\u00f5es 34 e 43 na prova de Agente. Vou analisar tamb\u00e9m se h\u00e1 possibilidades na de Oficial.<\/p>\n\n\n\n<p>Grande abra\u00e7o e boa sorte a todos!<\/p>\n\n\n\n<p>Sigam o professor no Instagram: @prof_herculano<\/p>\n\n\n\n<p><\/p>\n\n\n\n<p><strong>CONHECIMENTOS ESPEC\u00cdFICOS (DETRAN S\u00c3O PAULO) \u2013 Agente de Tr\u00e2nsito.<\/strong><\/p>\n\n\n\n<p>21. Quanto ao curso\npreventivo de reciclagem, considere:<\/p>\n\n\n\n<p>I. Poder\u00e1 optar por\nparticipar, o condutor que exerce atividade remunerada, habilitado na categoria\nC, D ou E, sempre que, no per\u00edodo de 1 ano, atingir 14 pontos.<\/p>\n\n\n\n<p>II. S\u00f3 poder\u00e1 ser\nrealizado uma vez a cada per\u00edodo de 24 meses, contado da data de conclus\u00e3o do\n\u00faltimo curso preventivo de reciclagem.<\/p>\n\n\n\n<p>III. Poder\u00e1 optar por\nparticipar, o condutor que, possuindo uma soma de pontos por infra\u00e7\u00f5es inferior\na 14 pontos, no per\u00edodo de 12 meses, seja uma vez mais autuado, dentro desse\nper\u00edodo, e a soma dos pontos das infra\u00e7\u00f5es seja superior a 14, por\u00e9m n\u00e3o\nultrapasse os 20 pontos.<\/p>\n\n\n\n<p>Est\u00e1 correto o que\nconsta APENAS de<\/p>\n\n\n\n<p>(A) I e III.<\/p>\n\n\n\n<p>(B) I e II.<\/p>\n\n\n\n<p>(C) II.<\/p>\n\n\n\n<p>(D) II e III.<\/p>\n\n\n\n<p>(E) I.<\/p>\n\n\n\n<p><strong>Coment\u00e1rios:<\/strong><\/p>\n\n\n\n<p>Est\u00e1 no art. 261 no seu \u00a7 5\u00ba, o condutor que exerce atividade remunerada\nem ve\u00edculo, habilitado na categoria C, D ou E, poder\u00e1 optar por participar de\ncurso preventivo de reciclagem sempre que, no per\u00edodo de 1 ano, atingir 14 pontos,\nconforme regulamenta\u00e7\u00e3o do Contran.&nbsp; O\nitem III foi trabalhado em cima da Resolu\u00e7\u00e3o 723 do CONTRAN, mas, na verdade \u00e9 \u201cn\u00e3o\nultrapasse 19 pontos\u201d.<\/p>\n\n\n\n<p><strong>Gabarito: E.<\/strong><\/p>\n\n\n\n<p>22. Ocorrendo uma\ninfra\u00e7\u00e3o prevista na legisla\u00e7\u00e3o de tr\u00e2nsito, lavrar-se-\u00e1 auto de infra\u00e7\u00e3o, do\nqual constar\u00e1:<\/p>\n\n\n\n<p>I. o prontu\u00e1rio do\ncondutor, sempre que poss\u00edvel.<\/p>\n\n\n\n<p>II. identifica\u00e7\u00e3o do\n\u00f3rg\u00e3o ou entidade e da autoridade ou agente autuador ou equipamento que\ncomprovar a infra\u00e7\u00e3o.<\/p>\n\n\n\n<p>III. valor da multa,\nvalendo esta como notifica\u00e7\u00e3o do cometimento da infra\u00e7\u00e3o.<\/p>\n\n\n\n<p>Est\u00e1 correto o que\nconsta APENAS de<\/p>\n\n\n\n<p>(A) I e II.<\/p>\n\n\n\n<p>(B) II.<\/p>\n\n\n\n<p>(C) II e III.<\/p>\n\n\n\n<p>(D) I e III.<\/p>\n\n\n\n<p>(E) I.<\/p>\n\n\n\n<p><strong>Coment\u00e1rios:&nbsp;&nbsp;&nbsp;&nbsp;&nbsp;&nbsp;&nbsp;&nbsp; <\/strong><\/p>\n\n\n\n<p>Trata-se do <strong>art. 280<\/strong> do CTB:<\/p>\n\n\n\n<p><em>\u201cArt. 280. Ocorrendo infra\u00e7\u00e3o prevista na legisla\u00e7\u00e3o de tr\u00e2nsito,\nlavrar-se-\u00e1 auto de infra\u00e7\u00e3o, do qual constar\u00e1:<\/em><\/p>\n\n\n\n<p><em>I &#8211; tipifica\u00e7\u00e3o da infra\u00e7\u00e3o;<\/em><\/p>\n\n\n\n<p><em>II &#8211; local, data e hora do cometimento da infra\u00e7\u00e3o;<\/em><\/p>\n\n\n\n<p><em>III &#8211; caracteres da placa de identifica\u00e7\u00e3o do ve\u00edculo, sua marca e\nesp\u00e9cie, e outros elementos julgados necess\u00e1rios \u00e0 sua identifica\u00e7\u00e3o;<\/em><\/p>\n\n\n\n<p><strong><em>IV &#8211; o prontu\u00e1rio do condutor,\nsempre que poss\u00edvel;<\/em><\/strong><\/p>\n\n\n\n<p><strong><em>V &#8211; identifica\u00e7\u00e3o do \u00f3rg\u00e3o ou\nentidade e da autoridade ou agente autuador ou equipamento que comprovar a infra\u00e7\u00e3o;<\/em><\/strong><\/p>\n\n\n\n<p><em>VI &#8211; assinatura do infrator, sempre que poss\u00edvel, valendo esta como\nnotifica\u00e7\u00e3o do cometimento da infra\u00e7\u00e3o.\u201d<\/em><\/p>\n\n\n\n<p><strong>Gabarito: A.<\/strong><\/p>\n\n\n\n<p>23. Ao condutor que\nse evadir da fiscaliza\u00e7\u00e3o, n\u00e3o submetendo ve\u00edculo \u00e0 pesagem obrigat\u00f3ria nos pontos\nde pesagem, fixos ou m\u00f3veis, ser\u00e1 aplicada a seguinte penalidade, al\u00e9m da\nobriga\u00e7\u00e3o de retornar ao ponto de evas\u00e3o para fim de pesagem obrigat\u00f3ria:<\/p>\n\n\n\n<p>(A) multa e apreens\u00e3o\ndo ve\u00edculo.<\/p>\n\n\n\n<p>(B) multa, apenas.<\/p>\n\n\n\n<p>(C) apreens\u00e3o do\nve\u00edculo e suspens\u00e3o do direito de dirigir.<\/p>\n\n\n\n<p>(D) multa e suspens\u00e3o\ndo direito de dirigir.<\/p>\n\n\n\n<p>(E) apreens\u00e3o do\nve\u00edculo e recolhimento do documento de habilita\u00e7\u00e3o.<\/p>\n\n\n\n<p><strong>Coment\u00e1rios:<\/strong><\/p>\n\n\n\n<p>Trata-se do art. 278. Assim, temos a infra\u00e7\u00e3o grave do art. 209 que pune\ncom multa quem transpor, sem autoriza\u00e7\u00e3o, bloqueio vi\u00e1rio com ou sem\nsinaliza\u00e7\u00e3o ou dispositivos auxiliares, deixar de adentrar \u00e0s \u00e1reas destinadas\n\u00e0 pesagem de ve\u00edculos ou evadir-se para n\u00e3o efetuar o pagamento do ped\u00e1gio.<\/p>\n\n\n\n<p><em>\u201cArt. 278. Ao condutor que se evadir da fiscaliza\u00e7\u00e3o, n\u00e3o submetendo\nve\u00edculo \u00e0 pesagem obrigat\u00f3ria nos pontos de pesagem, fixos ou m\u00f3veis, ser\u00e1\naplicada a penalidade prevista no art. 209, al\u00e9m da obriga\u00e7\u00e3o de retornar ao\nponto de evas\u00e3o para fim de pesagem obrigat\u00f3ria.\u201d<\/em><\/p>\n\n\n\n<p><strong>Gabarito: B.<\/strong><\/p>\n\n\n\n<p>24. Considere, abaixo, tr\u00eas motoristas que cometem infra\u00e7\u00e3o por transitar em velocidade superior \u00e0 m\u00e1xima permitida para o local, medida por instrumento ou equipamento h\u00e1bil.<\/p>\n\n\n\n<p>  Motorista                                              Infra\u00e7\u00e3o<br \/> 1 Transitar em velocidade superior \u00e0 m\u00e1xima em at\u00e9 20% em vias locais.<br \/> 2 Transitar em velocidade superior \u00e0 m\u00e1xima em at\u00e9 50% em vias de tr\u00e2nsito r\u00e1pido, vias arteriais e demais vias.<br \/> 3 Transitar em velocidade superior \u00e0 m\u00e1xima em mais de 50% em rodovias, vias de tr\u00e2nsito r\u00e1pido, vias arteriais e<br \/> demais vias.<\/p>\n\n\n\n<p>Al\u00e9m da penalidade de\nmulta, a suspens\u00e3o imediata do direito de dirigir e apreens\u00e3o do documento de\nhabilita\u00e7\u00e3o dever\u00e3o ser aplicadas<\/p>\n\n\n\n<p>(A) aos motoristas 1\ne 3, apenas.<\/p>\n\n\n\n<p>(B) aos motoristas 1\ne 2, apenas.<\/p>\n\n\n\n<p>(C) ao motorista 3,\napenas.<\/p>\n\n\n\n<p>(D) aos motoristas 2\ne 3, apenas.<\/p>\n\n\n\n<p>(E) aos motoristas 1,\n2 e 3.<\/p>\n\n\n\n<p><strong>Coment\u00e1rios:<\/strong><\/p>\n\n\n\n<p>Somente aquele que estiver acima de 50% da velocidade da via. Art. 218 do\nCTB!<\/p>\n\n\n\n<p><strong>Gabarito: C.<\/strong><\/p>\n\n\n\n<p>25. Quanto a uma\ndeterminada obra ou evento que possa perturbar ou interromper a livre\ncircula\u00e7\u00e3o de ve\u00edculos e pedestres, ou colocar em risco a seguran\u00e7a destes, a\nobriga\u00e7\u00e3o de sinalizar \u00e9:<\/p>\n\n\n\n<p>(A) do \u00f3rg\u00e3o ou\nentidade de tr\u00e2nsito com circunscri\u00e7\u00e3o sobre a via.<\/p>\n\n\n\n<p>(B) da autoridade de\ntr\u00e2nsito com circunscri\u00e7\u00e3o sobre a via.<\/p>\n\n\n\n<p>(C) do policiamento\ndo tr\u00e2nsito.<\/p>\n\n\n\n<p>(D) do respons\u00e1vel\npela execu\u00e7\u00e3o ou manuten\u00e7\u00e3o da obra ou do evento.<\/p>\n\n\n\n<p>(E) da fiscaliza\u00e7\u00e3o\nrespons\u00e1vel pela opera\u00e7\u00e3o de tr\u00e2nsito.<\/p>\n\n\n\n<p><strong>Coment\u00e1rios:<\/strong><\/p>\n\n\n\n<p>Trata-se do \u00a7 1\u00ba do art. 95 do CTB, a obriga\u00e7\u00e3o de sinalizar \u00e9 do\nrespons\u00e1vel pela execu\u00e7\u00e3o ou manuten\u00e7\u00e3o da obra ou do evento.<\/p>\n\n\n\n<p><strong>Gabarito: D.<\/strong><\/p>\n\n\n\n<p>26. Dever\u00e3o ter suas\nentradas e sa\u00eddas devidamente identificadas, na forma regulamentada pelo\nConselho Nacional de Tr\u00e2nsito (CONTRAN), os locais destinados a:<\/p>\n\n\n\n<p>(A) estacionamentos\nou garagens em geral, apenas.<\/p>\n\n\n\n<p>(B) postos de\ngasolina, estacionamentos e garagens de uso coletivo, apenas.<\/p>\n\n\n\n<p>(C) postos de\ngasolina, oficinas e garagens em geral, apenas.<\/p>\n\n\n\n<p>(D) postos de gasolina,\noficinas, estacionamentos ou garagens de uso coletivo.<\/p>\n\n\n\n<p>(E) oficinas e\ngaragens de uso coletivo, apenas.<\/p>\n\n\n\n<p><strong>Coment\u00e1rios:<\/strong><\/p>\n\n\n\n<p>Falei bastante dos art. 80 ao 90 do CTB, que trata da parte de\nsinaliza\u00e7\u00f5es. E a banca cobrou o art. 86. <\/p>\n\n\n\n<p>\u201c<em>Os locais destinados a postos de gasolina, oficinas, estacionamentos\nou garagens de uso coletivo dever\u00e3o ter suas entradas e sa\u00eddas devidamente\nidentificadas, na forma regulamentada pelo CONTRAN.\u201d<\/em><\/p>\n\n\n\n<p><strong>Gabarito: D.<\/strong><\/p>\n\n\n\n<p>27. Ao cruzar a pista\nde rolamento, o pedestre tomar\u00e1 precau\u00e7\u00f5es de seguran\u00e7a, levando em conta,\nprincipalmente, a visibilidade, a dist\u00e2ncia e a velocidade dos ve\u00edculos, utilizando\nsempre as faixas ou passagens a ele destinadas, sempre que estas existirem, em\numa dist\u00e2ncia de at\u00e9:<\/p>\n\n\n\n<p>(A) 60 metros dele.<\/p>\n\n\n\n<p>(B) 120 metros dele.<\/p>\n\n\n\n<p>(C) 50 metros dele.<\/p>\n\n\n\n<p>(D) 80 metros dele.<\/p>\n\n\n\n<p>(E) 100 metros dele.<\/p>\n\n\n\n<p><strong>Coment\u00e1rios:<\/strong><\/p>\n\n\n\n<p>Art. 69 do CTB, \u201cpara cruzar a pista de rolamento o pedestre tomar\u00e1\nprecau\u00e7\u00f5es de seguran\u00e7a, levando em conta, principalmente, a visibilidade, a\ndist\u00e2ncia e a velocidade dos ve\u00edculos, utilizando sempre as faixas ou passagens\na ele destinadas sempre que estas existirem numa dist\u00e2ncia de at\u00e9 <strong>cinquenta metros dele.\u201d<\/strong><\/p>\n\n\n\n<p><strong>Gabarito: C.<\/strong><\/p>\n\n\n\n<p>28. O ve\u00edculo ser\u00e1 identificado\nexternamente por meio de placas dianteira e traseira, sendo esta lacrada em sua\nestrutura, obedecidas as especifica\u00e7\u00f5es e modelos estabelecidos pelo CONTRAN.\nAs placas com as cores verde e amarela da Bandeira Nacional ser\u00e3o usadas\nsomente pelos ve\u00edculos de representa\u00e7\u00e3o pessoal do Presidente e do Vice-Presidente\nda Rep\u00fablica, dos Presidentes do Senado Federal e da C\u00e2mara dos Deputados, do\nPresidente e dos Ministros do Supremo Tribunal Federal, e:<\/p>\n\n\n\n<p>(A) dos Ministros de\nEstado, do Advogado-Geral da Uni\u00e3o e do Procurador-Geral da Rep\u00fablica.<\/p>\n\n\n\n<p>(B) dos Ministros de\nEstado, do Advogado-Geral da Uni\u00e3o e dos Governadores.<\/p>\n\n\n\n<p>(C) dos Presidentes\ndas Assembleias Legislativas.<\/p>\n\n\n\n<p>(D) dos Governadores\ne dos Presidentes das Assembleias Legislativas.<\/p>\n\n\n\n<p>(E) do Procurador-Geral\nda Rep\u00fablica e dos Governadores.<\/p>\n\n\n\n<p><strong>Coment\u00e1rios:<\/strong><\/p>\n\n\n\n<p>Trata-se do \u00a7 2\u00ba do art. 115, o qual menciona que as placas com as cores\nverde e amarela da Bandeira Nacional ser\u00e3o usadas somente pelos ve\u00edculos de\nrepresenta\u00e7\u00e3o pessoal do Presidente e do Vice-Presidente da Rep\u00fablica, dos\nPresidentes do Senado Federal e da C\u00e2mara dos Deputados, do Presidente e dos\nMinistros do Supremo Tribunal Federal, <strong>dos Ministros\nde Estado, do Advogado-Geral da Uni\u00e3o e do Procurador-Geral da Rep\u00fablica.<\/strong><\/p>\n\n\n\n<p><strong>Gabarito: A.<\/strong><\/p>\n\n\n\n<p>29. Os condutores das\ncategorias C, D e E dever\u00e3o submeter-se a exames toxicol\u00f3gicos para a\nhabilita\u00e7\u00e3o e renova\u00e7\u00e3o da Carteira Nacional de Habilita\u00e7\u00e3o. O exame ser\u00e1\nrealizado, em regime de livre concorr\u00eancia, pelos laborat\u00f3rios credenciados\npelo Departamento Nacional de Tr\u00e2nsito (DENATRAN), nos termos das normas do\nCONTRAN, VEDADO aos entes p\u00fablicos:<\/p>\n\n\n\n<p>I. fixar pre\u00e7os para\nos exames.<\/p>\n\n\n\n<p>II. limitar o n\u00famero\nde empresas ou o n\u00famero de locais em que a atividade pode ser exercida.<\/p>\n\n\n\n<p>III. estabelecer\nregras de exclusividade territorial.<\/p>\n\n\n\n<p><strong>Est\u00e1 correto o que consta de<\/strong><\/p>\n\n\n\n<p>(A) I e II, apenas.<\/p>\n\n\n\n<p>(B) I, apenas.<\/p>\n\n\n\n<p>(C) II e III, apenas.<\/p>\n\n\n\n<p>(D) I, II e III.<\/p>\n\n\n\n<p>(E) I e III, apenas.<\/p>\n\n\n\n<p><strong>Coment\u00e1rios:<\/strong><\/p>\n\n\n\n<p>Trata-se do \u00a7 7\u00ba do art. 148-A, o exame ser\u00e1 realizado, em regime de\nlivre concorr\u00eancia, pelos laborat\u00f3rios credenciados pelo Departamento Nacional\nde Tr\u00e2nsito &#8211; DENATRAN, nos termos das normas do Contran, vedado aos entes\np\u00fablicos: fixar pre\u00e7os para os exames; limitar o n\u00famero de empresas ou o n\u00famero\nde locais em que a atividade pode ser exercida; e estabelecer regras de\nexclusividade territorial.<\/p>\n\n\n\n<p><strong>Gabarito: D.<\/strong><\/p>\n\n\n\n<p>30. Segundo defini\u00e7\u00e3o\ndo C\u00f3digo de Tr\u00e2nsito Brasileiro (CTB), o ve\u00edculo de grande porte \u00e9<\/p>\n\n\n\n<p>(A) o ve\u00edculo\nautomotor destinado ao transporte de carga com peso bruto total m\u00e1ximo superior\na 80.000 quilogramas.<\/p>\n\n\n\n<p>(B) a combina\u00e7\u00e3o de\nve\u00edculos, sendo o primeiro um ve\u00edculo automotor e os demais reboques ou equipamentos\nde trabalho agr\u00edcola, constru\u00e7\u00e3o, terraplenagem ou pavimenta\u00e7\u00e3o.<\/p>\n\n\n\n<p>(C) o ve\u00edculo\nautomotor destinado ao transporte simult\u00e2neo de carga e passageiro.<\/p>\n\n\n\n<p>(D) o ve\u00edculo\nautomotor destinado ao transporte de carga com peso bruto total m\u00e1ximo superior\na 10.000 quilogramas e de passageiros, superior a 20 passageiros.<\/p>\n\n\n\n<p>(E) a combina\u00e7\u00e3o de\nve\u00edculos acoplados, sendo um deles automotor.<\/p>\n\n\n\n<p><strong>Coment\u00e1rios:<\/strong><\/p>\n\n\n\n<p>Conceito do anexo I do CTB:<\/p>\n\n\n\n<p><em>VE\u00cdCULO DE GRANDE PORTE &#8211; ve\u00edculo automotor destinado ao transporte de\ncarga com peso bruto total m\u00e1ximo superior a dez mil quilogramas e de\npassageiros, superior a vinte passageiros.<\/em><\/p>\n\n\n\n<p><strong>Gabarito: D.<\/strong><\/p>\n\n\n\n<p>31. O ve\u00edculo apreendido e n\u00e3o reclamado por seu propriet\u00e1rio dentro do prazo de sessenta dias, contado da data de recolhimento, ser\u00e1 avaliado e levado a leil\u00e3o. Os valores arrecadados em leil\u00e3o dever\u00e3o ser utilizados para custeio da realiza\u00e7\u00e3o do leil\u00e3o, dividindo-se os custos entre os ve\u00edculos arrematados, proporcionalmente ao valor da arremata\u00e7\u00e3o, e destinando-se os valores remanescentes. Considere a tabela abaixo:<\/p>\n\n\n\n<p>  Item D\u00e9bitos incidentes sobre o ve\u00edculo<br \/> 1 os tributos vinculados ao ve\u00edculo.<br \/> 2 as despesas com remo\u00e7\u00e3o e estada.<br \/> 3 os credores trabalhistas, tribut\u00e1rios e titulares de cr\u00e9dito com garantia real.<\/p>\n\n\n\n<p>A ordem correta da\ndestina\u00e7\u00e3o dos valores arrecadados em leil\u00e3o \u00e9<\/p>\n\n\n\n<p>(A) 1, 2 e 3.<\/p>\n\n\n\n<p>(B) 2, 1 e 3.<\/p>\n\n\n\n<p>(C) 3, 2 e 1.<\/p>\n\n\n\n<p>(D) 3, 1 e 2.<\/p>\n\n\n\n<p>(E) 1, 3 e 2.<\/p>\n\n\n\n<p><strong>Coment\u00e1rios:<\/strong><\/p>\n\n\n\n<p>Feliz em ter mencionado essa ordem de preval\u00eancia!<\/p>\n\n\n\n<p><em>Art. 328 (&#8230;)<\/em><\/p>\n\n\n\n<p><em>\u00a7 6o Os valores arrecadados em leil\u00e3o dever\u00e3o ser utilizados para custeio\nda realiza\u00e7\u00e3o do leil\u00e3o, dividindo-se os custos entre os ve\u00edculos arrematados,\nproporcionalmente ao valor da arremata\u00e7\u00e3o, e destinando-se os valores\nremanescentes, na seguinte ordem, para:&nbsp;&nbsp;&nbsp;&nbsp;&nbsp;&nbsp;&nbsp;&nbsp;&nbsp;\n&nbsp;<\/em><\/p>\n\n\n\n<p><em>I \u2013 as despesas com remo\u00e7\u00e3o e estada;&nbsp;&nbsp;&nbsp;&nbsp;&nbsp;&nbsp;&nbsp;&nbsp; &nbsp;<\/em><\/p>\n\n\n\n<p><em>II \u2013 os tributos vinculados ao ve\u00edculo, na forma do \u00a7 10;&nbsp;&nbsp;&nbsp;&nbsp;&nbsp;&nbsp;&nbsp;&nbsp;&nbsp; &nbsp;<\/em><\/p>\n\n\n\n<p><em>III \u2013 os credores trabalhistas, tribut\u00e1rios e titulares de cr\u00e9dito com\ngarantia real, segundo a ordem de prefer\u00eancia estabelecida no art. 186 da Lei\nno 5.172, de 25 de outubro de 1966 (C\u00f3digo Tribut\u00e1rio Nacional);&nbsp;&nbsp;&nbsp;&nbsp;&nbsp;&nbsp;&nbsp;&nbsp; &nbsp;<\/em><\/p>\n\n\n\n<p><em>IV \u2013 as multas devidas ao \u00f3rg\u00e3o ou \u00e0 entidade respons\u00e1vel pelo\nleil\u00e3o;&nbsp;&nbsp; <\/em><\/p>\n\n\n\n<p><em>V \u2013 as demais multas devidas aos \u00f3rg\u00e3os integrantes do Sistema Nacional\nde Tr\u00e2nsito, segundo a ordem cronol\u00f3gica; e&nbsp;&nbsp;&nbsp;&nbsp;&nbsp;&nbsp; &nbsp;<\/em><\/p>\n\n\n\n<p><em>VI \u2013 os demais cr\u00e9ditos, segundo a ordem de prefer\u00eancia legal.&nbsp;&nbsp;&nbsp;&nbsp;&nbsp;&nbsp;&nbsp;&nbsp;&nbsp; &nbsp;<\/em><\/p>\n\n\n\n<p><strong>Gabarito: B.<\/strong><\/p>\n\n\n\n<p>32. Ao ve\u00edculo ou\ncombina\u00e7\u00e3o de ve\u00edculos utilizado no transporte de carga indivis\u00edvel, que n\u00e3o se\nenquadre nos limites de peso e dimens\u00f5es estabelecidos pelo CONTRAN, poder\u00e1 ser\nconcedida, com prazo certo, v\u00e1lida para cada viagem, pela autoridade com circunscri\u00e7\u00e3o\nsobre a via, a:<\/p>\n\n\n\n<p>(A) credencial para\ncarga excepcional.<\/p>\n\n\n\n<p>(B) credencial de\ntransporte especial.<\/p>\n\n\n\n<p>(C) autoriza\u00e7\u00e3o para\ncarga excepcional.<\/p>\n\n\n\n<p>(D) autoriza\u00e7\u00e3o\nespecial de tr\u00e2nsito.<\/p>\n\n\n\n<p>(E) certid\u00e3o de\ntransporte especial.<\/p>\n\n\n\n<p><strong>Coment\u00e1rios:<\/strong><\/p>\n\n\n\n<p>Literalidade! Outra abordada! Rsrs muitas!<\/p>\n\n\n\n<p>\u201cArt. 101. Ao ve\u00edculo ou combina\u00e7\u00e3o de ve\u00edculos utilizado no transporte\nde carga indivis\u00edvel, que n\u00e3o se enquadre nos limites de peso e dimens\u00f5es\nestabelecidos pelo CONTRAN, poder\u00e1 ser concedida, pela autoridade com\ncircunscri\u00e7\u00e3o sobre a via, <strong>autoriza\u00e7\u00e3o especial\nde tr\u00e2nsito<\/strong>, com prazo certo, v\u00e1lida para cada viagem,\natendidas as medidas de seguran\u00e7a consideradas necess\u00e1rias.\u201d<\/p>\n\n\n\n<p><strong>Gabarito: D.<\/strong><\/p>\n\n\n\n<p>33. Os sinais de\ntr\u00e2nsito classificam-se em: verticais; horizontais; dispositivos de sinaliza\u00e7\u00e3o\nauxiliar e mais:<\/p>\n\n\n\n<p>(A) luminosos e\nsem\u00e1foros.<\/p>\n\n\n\n<p>(B) sem\u00e1foros e\ngestos do agente de tr\u00e2nsito.<\/p>\n\n\n\n<p>(C) luminosos,\nsonoros e gestos do agente de tr\u00e2nsito e do condutor.<\/p>\n\n\n\n<p>(D) indicativos,\nluminosos e sonoros.<\/p>\n\n\n\n<p>(E) indicativos,\nsonoros, sem\u00e1foros e gestos do agente de tr\u00e2nsito.<\/p>\n\n\n\n<p><strong>Coment\u00e1rios:<\/strong><\/p>\n\n\n\n<p>Olha s\u00f3! Mencionei, tamb\u00e9m, na revis\u00e3o! Trata-se do art. 87 do CTB.<\/p>\n\n\n\n<p><em>Art. 87. Os sinais de tr\u00e2nsito classificam-se em:<\/em><\/p>\n\n\n\n<p><em>I &#8211; verticais;<\/em><\/p>\n\n\n\n<p><em>II &#8211; horizontais;<\/em><\/p>\n\n\n\n<p><em>III &#8211; dispositivos de sinaliza\u00e7\u00e3o auxiliar;<\/em><\/p>\n\n\n\n<p><em>IV &#8211; luminosos;<\/em><\/p>\n\n\n\n<p><em>V &#8211; sonoros;<\/em><\/p>\n\n\n\n<p><em>VI &#8211; gestos do agente de tr\u00e2nsito e do condutor.<\/em><\/p>\n\n\n\n<p><strong>Gabarito: C.<\/strong><\/p>\n\n\n\n<p>34. Uma das compet\u00eancias do Conselho Nacional de Tr\u00e2nsito\n(CONTRAN) \u00e9: <strong>(CABE RECURSO)<\/strong><\/p>\n\n\n\n<p>(A) julgar os recursos interpostos contra decis\u00f5es das Juntas\nAdministrativas de Recursos de Infra\u00e7\u00f5es (JARI).<\/p>\n\n\n\n<p>(B) estabelecer as diretrizes do regimento das Juntas\nAdministrativas de Recursos de Infra\u00e7\u00f5es (JARI).<\/p>\n\n\n\n<p>(C) proceder \u00e0 supervis\u00e3o, \u00e0 coordena\u00e7\u00e3o, \u00e0 correi\u00e7\u00e3o dos\n\u00f3rg\u00e3os delegados, ao controle e \u00e0 fiscaliza\u00e7\u00e3o da execu\u00e7\u00e3o da Pol\u00edtica Nacional\nde Tr\u00e2nsito e do Programa Nacional de Tr\u00e2nsito.<\/p>\n\n\n\n<p>(D) organizar e manter o Registro Nacional de Ve\u00edculos\nAutomotores (RENAVAM).<\/p>\n\n\n\n<p>(E) supervisionar a implanta\u00e7\u00e3o de projetos e programas\nrelacionados com a engenharia, educa\u00e7\u00e3o, administra\u00e7\u00e3o, policiamento e\nfiscaliza\u00e7\u00e3o de tr\u00e2nsito e outras, visando \u00e0 uniformidade de procedimentos.<\/p>\n\n\n\n<p><strong>Coment\u00e1rios:<\/strong><\/p>\n\n\n\n<p>Aqui vejo um problema. Pois realmente\no CONTRAN estabelece as diretrizes do regimento das JARI, mas, tamb\u00e9m, antes da\naltera\u00e7\u00e3o da Medida Provis\u00f3ria 882 ele julgava recursos em segunda inst\u00e2ncia. E\no edital n\u00e3o considera altera\u00e7\u00f5es posteriores. <\/p>\n\n\n\n<p>Reda\u00e7\u00e3o antiga:<\/p>\n\n\n\n<p><em>\u201cArt. 12 (&#8230;)<\/em><\/p>\n\n\n\n<p><em>XII &#8211; apreciar os recursos\ninterpostos contra as decis\u00f5es das inst\u00e2ncias inferiores, na forma deste C\u00f3digo;\u201d<\/em><\/p>\n\n\n\n<p>Entre outros casos, combinando\ncom os arts. 288 e 289, vejo a possibilidade de o CONTRAN julgar recursos sim\ncontra decis\u00f5es da JARI.<em>&nbsp;&nbsp; <\/em><\/p>\n\n\n\n<p><strong>Gabarito: B.<\/strong><\/p>\n\n\n\n<p>35. Com rela\u00e7\u00e3o \u00e0s\nNormas Gerais de Circula\u00e7\u00e3o e Conduta contidas no C\u00f3digo de Tr\u00e2nsito Brasileiro\n(CTB), considere:<\/p>\n\n\n\n<p>I. Quando ve\u00edculos,\ntransitando por fluxos que se cruzem, se aproximarem de local n\u00e3o sinalizado,\nem qualquer situa\u00e7\u00e3o, sempre ter\u00e1 prefer\u00eancia de passagem aquele que vier pela\nesquerda do condutor.<\/p>\n\n\n\n<p>II. O tr\u00e2nsito de\nve\u00edculos sobre passeios, cal\u00e7adas e nos acostamentos s\u00f3 poder\u00e1 ocorrer para que\nse adentre ou se saia dos im\u00f3veis ou \u00e1reas especiais de estacionamento.<\/p>\n\n\n\n<p>III. Nas interse\u00e7\u00f5es\ne suas proximidades, o condutor n\u00e3o poder\u00e1 efetuar ultrapassagem.<\/p>\n\n\n\n<p>IV. O condutor\nmanter\u00e1 acesos os far\u00f3is do ve\u00edculo, utilizando luz alta, quando sob chuva\nforte, neblina ou cerra\u00e7\u00e3o.<\/p>\n\n\n\n<p><strong>Est\u00e1 correto o que consta APENAS de<\/strong><\/p>\n\n\n\n<p>(A) I, III e IV.<\/p>\n\n\n\n<p>(B) III e IV.<\/p>\n\n\n\n<p>(C) I e II.<\/p>\n\n\n\n<p>(D) I, II e IV.<\/p>\n\n\n\n<p>(E) II e III.<\/p>\n\n\n\n<p><strong>Coment\u00e1rios:<\/strong><\/p>\n\n\n\n<p>Com exce\u00e7\u00e3o do primeiro item, pois n\u00e3o \u00e9 em qualquer situa\u00e7\u00e3o, a banca\nmenciona duas regras sobre normas gerais de circula\u00e7\u00e3o bem tranquilas.<\/p>\n\n\n\n<p><strong>Gabarito: E.<\/strong><\/p>\n\n\n\n<p>36. Onde n\u00e3o existir\nsinaliza\u00e7\u00e3o regulamentada, a velocidade m\u00e1xima nas vias rurais ser\u00e1, nas\nrodovias de pista dupla, de&nbsp;&nbsp;&nbsp; I&nbsp;&nbsp;&nbsp; km\/h para autom\u00f3veis, camionetas e\nmotocicletas e de &nbsp;&nbsp;&nbsp;II&nbsp;&nbsp;&nbsp; km\/h para os demais ve\u00edculos, e nas\nrodovias de pista simples ser\u00e1 de &nbsp;&nbsp;&nbsp;III&nbsp;&nbsp;\nkm\/h para autom\u00f3veis, camionetas e motociclistas e de &nbsp;&nbsp;&nbsp;IV&nbsp; km\/h\npara os demais ve\u00edculos.<\/p>\n\n\n\n<p>Preenchem, correta e respectivamente, as lacunas acima:<\/p>\n\n\n\n<p>       I     II    III   IV<br \/> (A) 120 90 90 80<br \/> (B) 110 90 100 90<br \/> (C) 120 80 100 80<br \/> (D) 110 80 90 80<br \/> (E) 120 90 110 90<\/p>\n\n\n\n<p><strong>Coment\u00e1rios:<\/strong><\/p>\n\n\n\n<p>Vejamos a regra. Bem tranquila essa!<\/p>\n\n\n\n<p><em>Art. 61. A velocidade m\u00e1xima permitida para a via ser\u00e1 indicada por meio\nde sinaliza\u00e7\u00e3o, obedecidas suas caracter\u00edsticas t\u00e9cnicas e as condi\u00e7\u00f5es de\ntr\u00e2nsito.<\/em><\/p>\n\n\n\n<p><em>\u00a7 1\u00ba Onde n\u00e3o existir sinaliza\u00e7\u00e3o regulamentadora, a velocidade m\u00e1xima\nser\u00e1 de:<\/em><\/p>\n\n\n\n<p><em>I &#8211; nas vias urbanas:<\/em><\/p>\n\n\n\n<p><em>a) oitenta quil\u00f4metros por hora, nas vias de tr\u00e2nsito r\u00e1pido:<\/em><\/p>\n\n\n\n<p><em>b) sessenta quil\u00f4metros por hora, nas vias arteriais;<\/em><\/p>\n\n\n\n<p><em>c) quarenta quil\u00f4metros por hora, nas vias coletoras;<\/em><\/p>\n\n\n\n<p><em>d) trinta quil\u00f4metros por hora, nas vias locais;<\/em><\/p>\n\n\n\n<p><em>II &#8211; nas vias rurais:<\/em><\/p>\n\n\n\n<p><em>a) nas rodovias de pista dupla:&nbsp;&nbsp;&nbsp; &nbsp;<\/em><\/p>\n\n\n\n<p><em>1. 110 km\/h (cento e dez quil\u00f4metros por hora) para autom\u00f3veis,\ncamionetas e motocicletas;&nbsp; &nbsp;&nbsp;&nbsp;&nbsp;&nbsp;&nbsp;&nbsp;&nbsp;<\/em><\/p>\n\n\n\n<p><em>2. 90 km\/h (noventa quil\u00f4metros por hora) para os demais ve\u00edculos;&nbsp;&nbsp;&nbsp;&nbsp;&nbsp;&nbsp;&nbsp;&nbsp;&nbsp; &nbsp;<\/em><\/p>\n\n\n\n<p><em>3. (revogado);&nbsp;&nbsp;&nbsp;&nbsp;&nbsp;&nbsp;&nbsp;&nbsp;&nbsp; &nbsp;<\/em><\/p>\n\n\n\n<p><em>b) nas rodovias de pista simples:&nbsp;&nbsp;\n&nbsp;<\/em><\/p>\n\n\n\n<p><em>1. 100 km\/h (cem quil\u00f4metros por hora) para autom\u00f3veis, camionetas e\nmotocicletas;&nbsp;&nbsp;&nbsp;&nbsp;&nbsp;&nbsp;&nbsp; &nbsp;<\/em><\/p>\n\n\n\n<p><em>2. 90 km\/h (noventa quil\u00f4metros por hora) para os demais ve\u00edculos;&nbsp;&nbsp;&nbsp;&nbsp;&nbsp;&nbsp;&nbsp;&nbsp;&nbsp; (Inclu\u00eddo pela Lei n\u00ba 13.281, de\n2016)&nbsp;&nbsp;&nbsp;&nbsp;&nbsp; (Vig\u00eancia)<\/em><\/p>\n\n\n\n<p><em>c) nas estradas: 60 km\/h (sessenta quil\u00f4metros por hora).<\/em>&nbsp;&nbsp;&nbsp;&nbsp;&nbsp;&nbsp;&nbsp;&nbsp;&nbsp; &nbsp;<\/p>\n\n\n\n<p><strong>Gabarito: B.<\/strong><\/p>\n\n\n\n<p>37. Transitar com farol desregulado ou com facho de luz alta de forma a perturbar a vis\u00e3o de outro condutor constitui em:<\/p>\n\n\n\n<p>      Infra\u00e7\u00e3o Penalidade Medida administrativa<br \/> (A) m\u00e9dia multa n\u00e3o h\u00e1<br \/> (B) leve advert\u00eancia n\u00e3o h\u00e1<br \/> (C) grave multa reten\u00e7\u00e3o do ve\u00edculo<br \/> (D) grav\u00edssima multa apreens\u00e3o do ve\u00edculo<br \/> (E) grave multa recolhimento do Certificado de Registro<\/p>\n\n\n\n<p><strong>Coment\u00e1rios:<\/strong><\/p>\n\n\n\n<p>Vejamos:<\/p>\n\n\n\n<p><em>Art. 223. Transitar com o farol desregulado ou com o facho de luz alta de\nforma a perturbar a vis\u00e3o de outro condutor:<\/em><\/p>\n\n\n\n<p><em>Infra\u00e7\u00e3o &#8211; grave;<\/em><\/p>\n\n\n\n<p><em>Penalidade &#8211; multa;<\/em><\/p>\n\n\n\n<p><em>Medida administrativa <\/em><strong><em>&#8211; reten\u00e7\u00e3o<\/em><\/strong><em> do ve\u00edculo para regulariza\u00e7\u00e3o.<\/em><\/p>\n\n\n\n<p><strong>Gabarito: C.<\/strong><\/p>\n\n\n\n<p>38. Deixar o condutor\nenvolvido em acidente com v\u00edtima de prestar ou providenciar socorro \u00e0 v\u00edtima,\npodendo faz\u00ea-lo, implica na aplica\u00e7\u00e3o de penalidade, sendo correto para o caso\ndescrito:<\/p>\n\n\n\n<p>(A) multa (tr\u00eas\nvezes).<\/p>\n\n\n\n<p>(B) multa (dez\nvezes), suspens\u00e3o do direito de dirigir e apreens\u00e3o do ve\u00edculo.<\/p>\n\n\n\n<p>(C) multa (dez vezes)\ne suspens\u00e3o do direito de dirigir por 12 meses.<\/p>\n\n\n\n<p>(D) multa (cinco\nvezes) e apreens\u00e3o do ve\u00edculo.<\/p>\n\n\n\n<p>(E) multa (cinco\nvezes) e suspens\u00e3o do direito de dirigir.<\/p>\n\n\n\n<p><strong>Coment\u00e1rios:<\/strong><\/p>\n\n\n\n<p>Regras do art. 176:<\/p>\n\n\n\n<p><em>Art. 176. Deixar o condutor envolvido em acidente com v\u00edtima:<\/em><\/p>\n\n\n\n<p><em>I &#8211; de prestar ou providenciar socorro \u00e0 v\u00edtima, podendo faz\u00ea-lo;<\/em><\/p>\n\n\n\n<p><em>II &#8211; de adotar provid\u00eancias, podendo faz\u00ea-lo, no sentido de evitar perigo\npara o tr\u00e2nsito no local;<\/em><\/p>\n\n\n\n<p><em>III &#8211; de preservar o local, de forma a facilitar os trabalhos da pol\u00edcia\ne da per\u00edcia;<\/em><\/p>\n\n\n\n<p><em>IV &#8211; de adotar provid\u00eancias para remover o ve\u00edculo do local, quando\ndeterminadas por policial ou agente da autoridade de tr\u00e2nsito;<\/em><\/p>\n\n\n\n<p><em>V &#8211; de identificar-se ao policial e de lhe prestar informa\u00e7\u00f5es\nnecess\u00e1rias \u00e0 confec\u00e7\u00e3o do boletim de ocorr\u00eancia:<\/em><\/p>\n\n\n\n<p><em>Infra\u00e7\u00e3o &#8211; grav\u00edssima;<\/em><\/p>\n\n\n\n<p><em>Penalidade &#8211; multa (cinco vezes) e suspens\u00e3o do direito de dirigir;<\/em><\/p>\n\n\n\n<p><em>Medida administrativa &#8211; recolhimento do documento de habilita\u00e7\u00e3o.<\/em><\/p>\n\n\n\n<p><strong>Gabarito: E.<\/strong><\/p>\n\n\n\n<p>39. As vias abertas \u00e0\ncircula\u00e7\u00e3o, de acordo com a sua utiliza\u00e7\u00e3o, classificam-se em: as vias urbanas\nem via<\/p>\n\n\n\n<p>(A) de tr\u00e2nsito\nr\u00e1pido; via arterial; via coletora; e via local. As vias rurais em rodovia; e\nestrada.<\/p>\n\n\n\n<p>(B) expressa; via\narterial; via coletora; e via secund\u00e1ria. As vias rurais em rodovia de pista\nsimples e rodovia de pista dupla; e estrada.<\/p>\n\n\n\n<p>(C) de tr\u00e2nsito\nr\u00e1pido; via arterial; via secund\u00e1ria; e via local. As vias rurais em rodovia; e\nvia vicinal.<\/p>\n\n\n\n<p>(D) expressa; via\narterial; via coletora; e via secund\u00e1ria. As vias rurais em rodovia; estrada; e\nvia vicinal.<\/p>\n\n\n\n<p>(E) marginal; via\narterial; via secund\u00e1ria; e via local. As vias rurais em rodovia de pista\nsimples e rodovia de pista dupla; e via vicinal.<\/p>\n\n\n\n<p><strong>Coment\u00e1rios:<\/strong><\/p>\n\n\n\n<p>Olha o TR.A.CO.LO!<\/p>\n\n\n\n<p>Rsrs&#8230;bem tranquila!<\/p>\n\n\n\n<p><em>Art. 60. As vias\nabertas \u00e0 circula\u00e7\u00e3o, de acordo com sua utiliza\u00e7\u00e3o, classificam-se em:<\/em><em><\/em><\/p>\n\n\n\n<p><em>&nbsp;&nbsp;&nbsp;&nbsp;&nbsp;&nbsp;&nbsp;\nI &#8211; vias urbanas:<\/em><em><\/em><\/p>\n\n\n\n<p><em>&nbsp;&nbsp;&nbsp;&nbsp;&nbsp;&nbsp;&nbsp;\na) via de tr\u00e2nsito r\u00e1pido;<\/em><em><\/em><\/p>\n\n\n\n<p><em>&nbsp;&nbsp;&nbsp;&nbsp;&nbsp;&nbsp;&nbsp;\nb) via arterial;<\/em><em><\/em><\/p>\n\n\n\n<p><em>&nbsp;&nbsp;&nbsp;&nbsp;&nbsp;&nbsp;&nbsp;\nc) via coletora;<\/em><em><\/em><\/p>\n\n\n\n<p><em>&nbsp;&nbsp;&nbsp;&nbsp;&nbsp;&nbsp;&nbsp;\nd) via local;<\/em><em><\/em><\/p>\n\n\n\n<p><em>&nbsp;&nbsp;&nbsp;&nbsp;&nbsp;&nbsp;&nbsp;\nII &#8211; vias rurais:<\/em><em><\/em><\/p>\n\n\n\n<p><em>&nbsp;&nbsp;&nbsp;&nbsp;&nbsp;&nbsp;&nbsp;\na) rodovias;<\/em><em><\/em><\/p>\n\n\n\n<p><em>&nbsp;&nbsp;&nbsp;&nbsp;&nbsp;&nbsp;&nbsp;\nb) estradas.<\/em><em><\/em><\/p>\n\n\n\n<p><strong>Gabarito: A.<\/strong><\/p>\n\n\n\n<p>40. No que se refere\n\u00e0 condu\u00e7\u00e3o de ve\u00edculos por motoristas profissionais,<\/p>\n\n\n\n<p>(A) ser\u00e3o observados\n30 minutos para descanso a cada 4 horas na condu\u00e7\u00e3o de ve\u00edculo rodovi\u00e1rio de\npassageiros, sendo facultado o seu fracionamento e o do tempo de dire\u00e7\u00e3o.<\/p>\n\n\n\n<p>(B) \u00e9 vedado ao motorista\nprofissional dirigir, por mais de 4 horas e meia ininterruptas, ve\u00edculos de\ntransporte rodovi\u00e1rio coletivo de passageiros ou de transporte rodovi\u00e1rio de\ncargas.<\/p>\n\n\n\n<p>(C) ser\u00e3o observados\n30 minutos para descanso dentro de cada 5 horas na condu\u00e7\u00e3o de ve\u00edculo de\ntransporte de carga, sendo facultado o seu fracionamento.<\/p>\n\n\n\n<p>(D) o condutor \u00e9\nobrigado, dentro do per\u00edodo de 24 horas, a observar o m\u00ednimo de 9 horas de\ndescanso, que podem ser fracionadas.<\/p>\n\n\n\n<p>(E) em situa\u00e7\u00f5es\nexcepcionais de inobserv\u00e2ncia justificada de tempo de dire\u00e7\u00e3o, devidamente\nregistradas, o tempo de dire\u00e7\u00e3o poder\u00e1 ser elevado por mais 4 horas, desde que\nn\u00e3o haja comprometimento da seguran\u00e7a rodovi\u00e1ria.<\/p>\n\n\n\n<p><strong>Coment\u00e1rios:<\/strong><\/p>\n\n\n\n<p>Falei bastante neste artigo. Vejamos:<\/p>\n\n\n\n<p><em>Art. 67-C.&nbsp; \u00c9 vedado ao motorista\nprofissional dirigir por mais de 5 (cinco) horas e meia ininterruptas ve\u00edculos\nde transporte rodovi\u00e1rio coletivo de passageiros ou de transporte rodovi\u00e1rio de\ncargas.&nbsp;&nbsp;&nbsp;&nbsp;&nbsp;&nbsp;&nbsp; <\/em><\/p>\n\n\n\n<p><em>\u00a7 1o Ser\u00e3o observados 30 (trinta) minutos para descanso dentro de cada 6\n(seis) horas na condu\u00e7\u00e3o de ve\u00edculo de transporte de carga, sendo facultado o\nseu fracionamento e o do tempo de dire\u00e7\u00e3o desde que n\u00e3o ultrapassadas 5 (cinco)\nhoras e meia cont\u00ednuas no exerc\u00edcio da condu\u00e7\u00e3o.&nbsp;&nbsp;&nbsp;&nbsp;&nbsp;&nbsp; <\/em><\/p>\n\n\n\n<p><em>\u00a7 1o-A.&nbsp; Ser\u00e3o observados 30\n(trinta) minutos para descanso a cada 4 (quatro) horas na condu\u00e7\u00e3o de ve\u00edculo\nrodovi\u00e1rio de passageiros, sendo facultado o seu fracionamento e o do tempo de\ndire\u00e7\u00e3o.&nbsp;&nbsp;&nbsp;&nbsp;&nbsp;&nbsp;&nbsp;&nbsp; <\/em><\/p>\n\n\n\n<p><em>\u00a7 2o Em situa\u00e7\u00f5es excepcionais de inobserv\u00e2ncia justificada do tempo de\ndire\u00e7\u00e3o, devidamente registradas, o tempo de dire\u00e7\u00e3o poder\u00e1 ser elevado pelo\nper\u00edodo necess\u00e1rio para que o condutor, o ve\u00edculo e a carga cheguem a um lugar\nque ofere\u00e7a a seguran\u00e7a e o atendimento demandados, desde que n\u00e3o haja\ncomprometimento da seguran\u00e7a rodovi\u00e1ria.<\/em><\/p>\n\n\n\n<p><strong>Gabarito: A.<\/strong><\/p>\n\n\n\n<p>41. Para habilitar-se\nnas categorias D e E ou para conduzir ve\u00edculo de transporte coletivo de\npassageiros, de escolares, de emerg\u00eancia ou de produto perigoso, o candidato\ndever\u00e1:<\/p>\n\n\n\n<p>(A) ser aprovado em\ncurso especializado e em curso de treinamento de pr\u00e1tica veicular em situa\u00e7\u00e3o\nde risco, nos termos da normatiza\u00e7\u00e3o do CONTRAN.<\/p>\n\n\n\n<p>(B) estar habilitado\nno m\u00ednimo h\u00e1 2 anos na categoria C, quando pretender habilitar-se na categoria\nE.<\/p>\n\n\n\n<p>(C) n\u00e3o ter cometido\nnenhuma infra\u00e7\u00e3o grav\u00edssima ou ser reincidente em infra\u00e7\u00f5es graves durante os\n\u00faltimos doze meses.<\/p>\n\n\n\n<p>(D) ser maior de 18\nanos.<\/p>\n\n\n\n<p>(E) estar habilitado\nno m\u00ednimo h\u00e1 3 anos na categoria B, ou no m\u00ednimo h\u00e1 2 anos na categoria C,\nquando pretender habilitar-se na categoria D.<\/p>\n\n\n\n<p><strong>Coment\u00e1rios:<\/strong><\/p>\n\n\n\n<p>Olha as regras dos quadrados! Rsrs&#8230; A banca abordou o art. 145.<\/p>\n\n\n\n<p><em>Art. 145. Para habilitar-se nas categorias D e E ou para conduzir ve\u00edculo\nde transporte coletivo de passageiros, de escolares, de emerg\u00eancia ou de\nproduto perigoso, o candidato dever\u00e1 preencher os seguintes requisitos:<\/em><\/p>\n\n\n\n<p><em>&nbsp;&nbsp;&nbsp;&nbsp;&nbsp;&nbsp;&nbsp; I &#8211; ser maior de vinte e um\nanos;<\/em><\/p>\n\n\n\n<p><em>&nbsp;&nbsp;&nbsp;&nbsp;&nbsp;&nbsp;&nbsp; II &#8211; estar habilitado:<\/em><\/p>\n\n\n\n<p><em>&nbsp;&nbsp;&nbsp;&nbsp;&nbsp;&nbsp;&nbsp; a) no m\u00ednimo h\u00e1 dois anos\nna categoria B, ou no m\u00ednimo h\u00e1 um ano na categoria C, quando pretender\nhabilitar-se na categoria D; e<\/em><\/p>\n\n\n\n<p><em>&nbsp;&nbsp;&nbsp;&nbsp;&nbsp;&nbsp;&nbsp; b) no m\u00ednimo h\u00e1 um ano na\ncategoria C, quando pretender habilitar-se na categoria E;<\/em><\/p>\n\n\n\n<p><em>&nbsp;&nbsp;&nbsp;&nbsp;&nbsp;&nbsp;&nbsp; III &#8211; n\u00e3o ter cometido\nnenhuma infra\u00e7\u00e3o grave ou grav\u00edssima ou ser reincidente em infra\u00e7\u00f5es m\u00e9dias\ndurante os \u00faltimos doze meses;<\/em><\/p>\n\n\n\n<p><strong><em>&nbsp;&nbsp;&nbsp;&nbsp;&nbsp;&nbsp;&nbsp; IV &#8211; ser aprovado em curso especializado\ne em curso de treinamento de pr\u00e1tica veicular em situa\u00e7\u00e3o de risco, nos termos\nda normatiza\u00e7\u00e3o do CONTRAN.<\/em><\/strong><em><\/em><\/p>\n\n\n\n<p><em>Par\u00e1grafo \u00fanico.&nbsp; A participa\u00e7\u00e3o em\ncurso especializado previsto no inciso IV independe da observ\u00e2ncia do disposto\nno inciso III.&nbsp;&nbsp;&nbsp; <\/em><\/p>\n\n\n\n<p><strong>Gabarito: A.<\/strong><\/p>\n\n\n\n<p>42. Utilizar-se de\nve\u00edculo para demonstrar ou exibir manobra perigosa, mediante arrancada brusca,\nderrapagem ou frenagem com deslizamento ou arrastamento de pneus \u00e9 considerada\ninfra\u00e7\u00e3o grav\u00edssima e, al\u00e9m da penalidade prevista no C\u00f3digo de Tr\u00e2nsito\nBrasileiro (CTB), tem como medida administrativa<\/p>\n\n\n\n<p>(A) recolhimento do\ndocumento de habilita\u00e7\u00e3o, apenas.<\/p>\n\n\n\n<p>(B) recolhimento do\ndocumento de habilita\u00e7\u00e3o e remo\u00e7\u00e3o do ve\u00edculo.<\/p>\n\n\n\n<p>(C) recolhimento do\nCertificado de Licenciamento Anual e reten\u00e7\u00e3o do ve\u00edculo.<\/p>\n\n\n\n<p>(D) recolhimento do\nCertificado de Registro e reten\u00e7\u00e3o do ve\u00edculo.<\/p>\n\n\n\n<p>(E) suspens\u00e3o do\ndireito de dirigir e apreens\u00e3o do ve\u00edculo.<\/p>\n\n\n\n<p><strong>Coment\u00e1rios:<\/strong><\/p>\n\n\n\n<p>Art. 175. Vejamos:<\/p>\n\n\n\n<p><em>Art. 175.&nbsp; Utilizar-se de ve\u00edculo\npara demonstrar ou exibir manobra perigosa, mediante arrancada brusca,\nderrapagem ou frenagem com deslizamento ou arrastamento de pneus:&nbsp;&nbsp;&nbsp;&nbsp;&nbsp;&nbsp;&nbsp;&nbsp;&nbsp; (Reda\u00e7\u00e3o dada pela Lei n\u00ba 12.971, de\n2014)&nbsp;&nbsp;&nbsp; (Vig\u00eancia)<\/em><\/p>\n\n\n\n<p><em>Infra\u00e7\u00e3o &#8211; grav\u00edssima;<\/em><\/p>\n\n\n\n<p><em>Penalidade &#8211; multa (dez vezes), suspens\u00e3o do direito de dirigir e apreens\u00e3o\ndo ve\u00edculo;&nbsp;&nbsp;&nbsp;&nbsp;&nbsp;&nbsp;&nbsp;&nbsp;&nbsp; (Reda\u00e7\u00e3o dada pela\nLei n\u00ba 12.971, de 2014)&nbsp;&nbsp;&nbsp; (Vig\u00eancia)<\/em><\/p>\n\n\n\n<p><em>Medida administrativa &#8211; recolhimento do documento de habilita\u00e7\u00e3o e\nremo\u00e7\u00e3o do ve\u00edculo.<\/em><\/p>\n\n\n\n<p><strong>Gabarito: B.<\/strong><\/p>\n\n\n\n<p>43. Compete ao \u00f3rg\u00e3o\nm\u00e1ximo de tr\u00e2nsito da Uni\u00e3o: <strong>(CABE RECURSO)<\/strong><\/p>\n\n\n\n<p>(A) credenciar \u00f3rg\u00e3os\nou entidades para a execu\u00e7\u00e3o de atividades previstas na legisla\u00e7\u00e3o de tr\u00e2nsito,\nna forma estabelecida em norma do CONTRAN.<\/p>\n\n\n\n<p>(B) promover e participar\nde projetos e programas de educa\u00e7\u00e3o e seguran\u00e7a, de acordo com as diretrizes\nestabelecidas pelo CONTRAN.<\/p>\n\n\n\n<p>(C) estabelecer seu\nregimento interno e as diretrizes para o funcionamento dos CETRAN e CONTRADIFE.<\/p>\n\n\n\n<p>(D) estabelecer e\nnormatizar os procedimentos para a aplica\u00e7\u00e3o das multas por infra\u00e7\u00f5es, a\narrecada\u00e7\u00e3o e o repasse dos valores arrecadados.<\/p>\n\n\n\n<p>(E) apurar, prevenir\ne reprimir a pr\u00e1tica de atos de improbidade contra a f\u00e9 p\u00fablica, o patrim\u00f4nio,\nou a Administra\u00e7\u00e3o p\u00fablica ou privada, referentes \u00e0 seguran\u00e7a do tr\u00e2nsito.<\/p>\n\n\n\n<p><strong>Coment\u00e1rios:<\/strong><\/p>\n\n\n\n<p>A banca deveria ter colocado executivo. <strong>Assim, prejudica a an\u00e1lise pelo aluno!<\/strong><\/p>\n\n\n\n<p>Cobrou o art. 19, que trata das compet\u00eancias do DENATRAN.<\/p>\n\n\n\n<p><em>IV &#8211; apurar, prevenir e reprimir a pr\u00e1tica de atos de improbidade contra\na f\u00e9 p\u00fablica, o patrim\u00f4nio, ou a administra\u00e7\u00e3o p\u00fablica ou privada, referentes \u00e0\nseguran\u00e7a do tr\u00e2nsito;<\/em><\/p>\n\n\n\n<p><strong>Gabarito: E.<\/strong><\/p>\n\n\n\n<p>44. Trata-se de uma\ncircunst\u00e2ncia, entre outras, que sempre agrava a penalidade do crime de\ntr\u00e2nsito, ter o condutor do ve\u00edculo cometido a infra\u00e7\u00e3o<\/p>\n\n\n\n<p>(A) com permiss\u00e3o\npara Dirigir ou Carteira de Habilita\u00e7\u00e3o com data de validade vencida.<\/p>\n\n\n\n<p>(B) com dano\npotencial para uma ou mais pessoas ou com grande risco de dano patrimonial a\nterceiros.<\/p>\n\n\n\n<p>(C) quando a sua\nprofiss\u00e3o ou atividade exigir cuidados especiais com o transporte de passageiros\nou de carga.<\/p>\n\n\n\n<p>(D) se o agente conduz\nve\u00edculo automotor sob influ\u00eancia de subst\u00e2ncia psicoativa que determine\ndepend\u00eancia.<\/p>\n\n\n\n<p>(E) de transitar em\nvelocidade superior \u00e0 m\u00e1xima permitida em mais de 20%.<\/p>\n\n\n\n<p><strong>Coment\u00e1rios:<\/strong><\/p>\n\n\n\n<p>Trata-se do art. 298. Vejamos:<\/p>\n\n\n\n<p><em>&nbsp;Art.\n298. S\u00e3o circunst\u00e2ncias que sempre agravam as penalidades dos crimes de\ntr\u00e2nsito ter o condutor do ve\u00edculo cometido a infra\u00e7\u00e3o:<\/em><\/p>\n\n\n\n<p><em>&nbsp;&nbsp;&nbsp;&nbsp;&nbsp;&nbsp;&nbsp;\nI &#8211; com dano potencial para duas ou mais pessoas ou com grande risco de grave\ndano patrimonial a terceiros;<\/em><\/p>\n\n\n\n<p><em>&nbsp;&nbsp;&nbsp;&nbsp;&nbsp;&nbsp;&nbsp;\nII &#8211; utilizando o ve\u00edculo sem placas, com placas falsas ou adulteradas;<\/em><\/p>\n\n\n\n<p><em>&nbsp;&nbsp;&nbsp;&nbsp;&nbsp;&nbsp;&nbsp;\nIII &#8211; sem possuir Permiss\u00e3o para Dirigir ou Carteira de Habilita\u00e7\u00e3o;<\/em><\/p>\n\n\n\n<p><em>&nbsp;&nbsp;&nbsp;&nbsp;&nbsp;&nbsp;&nbsp;\nIV &#8211; com Permiss\u00e3o para Dirigir ou Carteira de Habilita\u00e7\u00e3o de categoria\ndiferente da do ve\u00edculo;<\/em><\/p>\n\n\n\n<p><em>&nbsp;&nbsp;&nbsp;&nbsp;&nbsp;&nbsp;&nbsp;\nV &#8211; quando a sua profiss\u00e3o ou atividade exigir cuidados especiais com o\ntransporte de passageiros ou de carga;<\/em><\/p>\n\n\n\n<p><em>&nbsp;&nbsp;&nbsp;&nbsp;&nbsp;&nbsp;&nbsp;\nVI &#8211; utilizando ve\u00edculo em que tenham sido adulterados equipamentos ou\ncaracter\u00edsticas que afetem a sua seguran\u00e7a ou o seu funcionamento de acordo com\nos limites de velocidade prescritos nas especifica\u00e7\u00f5es do fabricante;<\/em><\/p>\n\n\n\n<p><em>&nbsp;&nbsp;&nbsp;&nbsp;&nbsp;&nbsp;&nbsp;\nVII &#8211; sobre faixa de tr\u00e2nsito tempor\u00e1ria ou permanentemente destinada a\npedestres.<\/em><strong><em><\/em><\/strong><\/p>\n\n\n\n<p><strong>Gabarito: C.<\/strong><\/p>\n\n\n\n<p>45. Praticar les\u00e3o\ncorporal culposa na dire\u00e7\u00e3o de ve\u00edculo automotor incorre em penas de<\/p>\n\n\n\n<p>(A) deten\u00e7\u00e3o de 6\nmeses a 3 anos, multa e suspens\u00e3o ou proibi\u00e7\u00e3o de se obter a permiss\u00e3o ou a\nhabilita\u00e7\u00e3o para dirigir ve\u00edculo automotor.<\/p>\n\n\n\n<p>(B) deten\u00e7\u00e3o de 6\nmeses a 2 anos e suspens\u00e3o ou proibi\u00e7\u00e3o de se obter a permiss\u00e3o ou a habilita\u00e7\u00e3o\npara dirigir ve\u00edculo automotor.<\/p>\n\n\n\n<p>(C) reclus\u00e3o de 1 a 2\nanos, multa e suspens\u00e3o ou proibi\u00e7\u00e3o de se obter a permiss\u00e3o ou a habilita\u00e7\u00e3o\npara dirigir ve\u00edculo automotor.<\/p>\n\n\n\n<p>(D) deten\u00e7\u00e3o de 6\nmeses a 1 ano, e multa.<\/p>\n\n\n\n<p>(E) deten\u00e7\u00e3o de 6\nmeses a 1 ano, ou multa, se o fato n\u00e3o constituir elemento de crime mais grave.<\/p>\n\n\n\n<p><strong>Coment\u00e1rios:<\/strong><\/p>\n\n\n\n<p>Bem f\u00e1cil. Falei bastante deste crime. Art. 303.<\/p>\n\n\n\n<p><em>Art. 303. Praticar les\u00e3o corporal culposa na dire\u00e7\u00e3o de ve\u00edculo\nautomotor:<\/em><\/p>\n\n\n\n<p><em>Penas &#8211; <\/em><strong><em>deten\u00e7\u00e3o, de seis\nmeses a dois anos<\/em><\/strong><em> e suspens\u00e3o ou proibi\u00e7\u00e3o de se\nobter a permiss\u00e3o ou a habilita\u00e7\u00e3o para dirigir ve\u00edculo automotor.<\/em><\/p>\n\n\n\n<p><strong>Gabarito: B.<\/strong><\/p>\n\n\n\n<p>46. A autoriza\u00e7\u00e3o para\nutilizar as vagas de estacionamento de ve\u00edculos, destinadas exclusivamente \u00e0s\npessoas idosas, poder\u00e1 ser suspensa ou cassada, a qualquer tempo, a crit\u00e9rio do\n\u00f3rg\u00e3o emissor, se verificada, entre outras, a seguinte irregularidade na credencial:<\/p>\n\n\n\n<p>(A) uso em vagas de\nestacionamento rotativo regulamentado, sem a utiliza\u00e7\u00e3o conjunta do cart\u00e3o do\nestacionamento ou libera\u00e7\u00e3o pelo aplicativo correspondente.<\/p>\n\n\n\n<p>(B) constata\u00e7\u00e3o, pelo\nagente, de que o ve\u00edculo, por ocasi\u00e3o da utiliza\u00e7\u00e3o da vaga especial,\npermaneceu estacionado mais de 2 horas.<\/p>\n\n\n\n<p>(C) constata\u00e7\u00e3o, pelo\nagente, de que o ve\u00edculo, por ocasi\u00e3o da utiliza\u00e7\u00e3o da vaga especial,\npermaneceu estacionado mais de 3 horas.<\/p>\n\n\n\n<p>(D) constata\u00e7\u00e3o, pelo\nagente, de que, por ocasi\u00e3o da utiliza\u00e7\u00e3o da vaga especial, a credencial espec\u00edfica\npara idoso n\u00e3o foi colocada sobre o painel do ve\u00edculo, com a frente voltada\npara cima.<\/p>\n\n\n\n<p>(E) uso de c\u00f3pia da\ncredencial efetuada por qualquer processo.<\/p>\n\n\n\n<p><strong>Coment\u00e1rios:<\/strong><\/p>\n\n\n\n<p>Trata-se da Resolu\u00e7\u00e3o 303 do Contran. Vimos que copia n\u00e3o pode! A\nautoriza\u00e7\u00e3o poder\u00e1 ser suspensa ou cassada, a qualquer tempo, a crit\u00e9rio do\n\u00f3rg\u00e3o emissor, se verificada quaisquer das seguintes irregularidades na\ncredencial:<\/p>\n\n\n\n<ul class=\"wp-block-list\"><li>uso de c\u00f3pia efetuada por qualquer processo;<\/li><li>rasurada ou falsificada;<\/li><li>em desacordo com as disposi\u00e7\u00f5es contidas nesta Resolu\u00e7\u00e3o, especialmente\nse constatada que a vaga especial n\u00e3o foi utilizada por idoso.<\/li><\/ul>\n\n\n\n<p><strong>Gabarito: E.<\/strong><\/p>\n\n\n\n<p>47. A avalia\u00e7\u00e3o dos\nve\u00edculos ser\u00e1 feita pelo \u00f3rg\u00e3o ou entidade respons\u00e1vel pelo procedimento de\nleil\u00e3o, pela comiss\u00e3o de leil\u00e3o, ou ainda por profissional terceirizado,\ndevidamente autorizado e habilitado. O ve\u00edculo ser classificado como sucata\nquando atender ao seguinte crit\u00e9rio m\u00ednimo:<\/p>\n\n\n\n<p>(A) danos de m\u00e9dia e\ngrande monta.<\/p>\n\n\n\n<p>(B) danos ao motor,\napenas.<\/p>\n\n\n\n<p>(C) ve\u00edculo\nregistrado no exterior e licenciamento pendente.<\/p>\n\n\n\n<p>(D) danos de m\u00e9dia\nmonta, cujo motor poder\u00e1 ser reaproveitado em outro ve\u00edculo.<\/p>\n\n\n\n<p>(E) ve\u00edculo artesanal\nsem registro.<\/p>\n\n\n\n<p><strong>Coment\u00e1rios:&nbsp;&nbsp;&nbsp;&nbsp;&nbsp;&nbsp;&nbsp;&nbsp;&nbsp;&nbsp;&nbsp; <\/strong><\/p>\n\n\n\n<p>S\u00e3o <strong>crit\u00e9rios m\u00ednimos para classifica\u00e7\u00e3o de\nve\u00edculos como sucata:<\/strong><\/p>\n\n\n\n<ul class=\"wp-block-list\"><li>danos\nde grande monta;<\/li><li>impossibilidade\nde reparo gerando causa impeditiva \u00e0 circula\u00e7\u00e3o;<\/li><li>motor\ncuja numera\u00e7\u00e3o n\u00e3o seja poss\u00edvel confirmar, por motivo de corros\u00e3o,\ninexist\u00eancia ou diverg\u00eancia de cadastro nos sistemas Base \u00cdndice Nacional e\nBase Estadual do RENAVAM, ilegibilidade ou qualquer outro motivo que impossibilite\na identifica\u00e7\u00e3o, desde que n\u00e3o caracterize fraude;<\/li><li><strong>ve\u00edculo artesanal sem registro; ou<\/strong><\/li><li>ve\u00edculo registrado no exterior e n\u00e3o licenci\u00e1vel\nno Brasil.<\/li><\/ul>\n\n\n\n<p><strong>Gabarito: E.<\/strong><\/p>\n\n\n\n<p>48. Os \u00f3rg\u00e3os e\nentidades executivos de tr\u00e2nsito e executivos rodovi\u00e1rios dos Estados, do\nDistrito Federal e dos Munic\u00edpios, integrantes do Sistema Nacional de Tr\u00e2nsito\n(SNT), para arrecadarem multas de tr\u00e2nsito de sua compet\u00eancia ou de terceiros, dever\u00e3o\nutilizar o documento pr\u00f3prio de arrecada\u00e7\u00e3o de multas de tr\u00e2nsito estabelecido\npelo DENATRAN, com vistas a garantir o repasse autom\u00e1tico do recolhimento do\npercentual de<\/p>\n\n\n\n<p>(A) 5% do valor\narrecadado das multas de tr\u00e2nsito \u00e0 conta do Fundo Nacional de Seguran\u00e7a e\nEduca\u00e7\u00e3o de Tr\u00e2nsito \u2013 FUNSET.<\/p>\n\n\n\n<p>(B) 1% do valor\narrecadado das multas de tr\u00e2nsito \u00e0 conta do Fundo Nacional de Seguran\u00e7a e\nEduca\u00e7\u00e3o de Tr\u00e2nsito \u2013 FUNSET.<\/p>\n\n\n\n<p>(C) 1% do valor\narrecadado das multas de tr\u00e2nsito \u00e0 conta do DPVAT.<\/p>\n\n\n\n<p>(D) 5% do valor\narrecadado das multas de tr\u00e2nsito \u00e0 conta do Fundo Nacional de Desenvolvimento\nda Educa\u00e7\u00e3o \u2013 FUNDED.<\/p>\n\n\n\n<p>(E) 1% do valor\narrecadado das multas de tr\u00e2nsito \u00e0 conta do Fundo Nacional de Desenvolvimento\nda Educa\u00e7\u00e3o \u2013 FUNDED.<\/p>\n\n\n\n<p><strong>Coment\u00e1rios:<\/strong><\/p>\n\n\n\n<p>Art. 320 do CTB! Falei comparando com o art. 78 que menciona 10%, mas\naqui s\u00e3o 5%. <\/p>\n\n\n\n<p><strong>Gabarito: A.<\/strong><\/p>\n\n\n\n<p>49. Tr\u00eas motoristas cometeram infra\u00e7\u00e3o de tr\u00e2nsito por dirigirem sob a influ\u00eancia de \u00e1lcool, por meio das seguintes medi\u00e7\u00f5es realizadas por etil\u00f4metro.<\/p>\n\n\n\n<p>Motorista Medi\u00e7\u00f5es\nrealizadas por etil\u00f4metro<\/p>\n\n\n\n<p class=\"has-text-align-left\">1 0,29 mg\/L (miligrama de \u00e1lcool por litro de ar alveolar expirado)<\/p>\n\n\n\n<p>2 0,31 mg\/L\n(miligrama de \u00e1lcool por litro de ar alveolar expirado)<\/p>\n\n\n\n<p>3 0,35 mg\/L\n(miligrama de \u00e1lcool por litro de ar alveolar expirado)<\/p>\n\n\n\n<p>Al\u00e9m da penalidade e\nmedidas administrativas, teve a incid\u00eancia do crime em esp\u00e9cie previsto no\nC\u00f3digo de Tr\u00e2nsito Brasileiro:<\/p>\n\n\n\n<p>(A) os motoristas 2 e\n3, apenas.<\/p>\n\n\n\n<p>(B) os motoristas 1 e\n2, apenas.<\/p>\n\n\n\n<p>(C) os motoristas 1 e\n3, apenas.<\/p>\n\n\n\n<p>(D) os motoristas 1,\n2 e 3.<\/p>\n\n\n\n<p>(E) o motorista 3,\napenas.<\/p>\n\n\n\n<p><strong>Coment\u00e1rios:<\/strong><\/p>\n\n\n\n<p>Com base na Resolu\u00e7\u00e3o 432 do Contra o \u00fanico que est\u00e1 no crime \u00e9 o 3, ou\nseja, de 0,05 a 0,33 s\u00f3 infra\u00e7\u00e3o, a partir de 0,34 \u00e9 crime e infra\u00e7\u00e3o.<\/p>\n\n\n\n<p><strong>Gabarito: E.<\/strong><\/p>\n\n\n\n<p>50. Os ve\u00edculos\nnovos, antes do registro e licenciamento, adquiridos por pessoas f\u00edsicas e\njur\u00eddicas, por entidades p\u00fablicas e privadas e os destinados \u00e0s concession\u00e1rias\npara comercializa\u00e7\u00e3o, podem transportar cargas e pessoas, desde que portem a \u201cautoriza\u00e7\u00e3o\nespecial\u201d.<\/p>\n\n\n\n<p>A \u201cautoriza\u00e7\u00e3o\nespecial\u201d v\u00e1lida apenas para deslocamento para o munic\u00edpio de destino ser\u00e1\nexpedida para o ve\u00edculo que portar os Equipamentos Obrigat\u00f3rios previstos pelo\nCONTRAN (adequado ao tipo de ve\u00edculo), com base na Nota Fiscal de Compra e Venda,\ncom validade de<\/p>\n\n\n\n<p>(A) 5 dias\ntranscorridos da data da emiss\u00e3o, prorrog\u00e1vel por igual per\u00edodo por motivo de\nfor\u00e7a maior.<\/p>\n\n\n\n<p>(B) 15 dias\ntranscorridos da data da emiss\u00e3o, prorrog\u00e1vel por igual per\u00edodo por motivo de\nfor\u00e7a maior.<\/p>\n\n\n\n<p>(C) 30 dias transcorridos\nda data da emiss\u00e3o, prorrog\u00e1vel por igual per\u00edodo por motivo de for\u00e7a maior.<\/p>\n\n\n\n<p>(D) 45 dias\ntranscorridos da data da emiss\u00e3o, prorrog\u00e1vel por igual per\u00edodo por motivo de\nfor\u00e7a maior.<\/p>\n\n\n\n<p>(E) 60 dias\ntranscorridos da data da emiss\u00e3o, prorrog\u00e1vel por igual per\u00edodo por motivo de\nfor\u00e7a maior.<\/p>\n\n\n\n<p><strong>Coment\u00e1rios:<\/strong><\/p>\n\n\n\n<p>Resolu\u00e7\u00e3o 04 do CONTRAN, a &#8220;autoriza\u00e7\u00e3o especial&#8221; valida apenas\npara o deslocamento para o munic\u00edpio de destino, ser\u00e1 expedida para o ve\u00edculo\nque portar os Equipamentos Obrigat\u00f3rios previstos pelo CONTRAN (adequado ao\ntipo de ve\u00edculo), com base na Nota Fiscal de Compra e Venda; com validade de quinze\ndias transcorridos da data da emiss\u00e3o, <strong>prorrog\u00e1vel por igual per\u00edodo por motivo de for\u00e7a maior.<\/strong><\/p>\n\n\n\n<p><strong>Gabarito: B.<\/strong><\/p>\n\n\n\n<p>51. Quando o ve\u00edculo\nestiver em movimento, deve-se manter o farol baixo aceso durante o dia, nas\nrodovias, considerando que:<\/p>\n\n\n\n<p>I. As cores e as\nformas dos ve\u00edculos modernos contribuem para mascar\u00e1-los no meio ambiente,\ndificultando a sua visualiza\u00e7\u00e3o a uma dist\u00e2ncia efetivamente segura para\nqualquer a\u00e7\u00e3o preventiva, mesmo em condi\u00e7\u00f5es de boa luminosidade.<\/p>\n\n\n\n<p>II. O sistema de\nilumina\u00e7\u00e3o \u00e9 elemento integrante da seguran\u00e7a ativa dos ve\u00edculos.<\/p>\n\n\n\n<p>III. A velocidade das\nestradas \u00e9 superior \u00e0 das vias urbanas.<\/p>\n\n\n\n<p><strong>Est\u00e1 correto o que consta de<\/strong><\/p>\n\n\n\n<p>(A) II, apenas.<\/p>\n\n\n\n<p>(B) III, apenas.<\/p>\n\n\n\n<p>(C) I e II, apenas.<\/p>\n\n\n\n<p>(D) I e III, apenas.<\/p>\n\n\n\n<p>(E) I, II e III.<\/p>\n\n\n\n<p><strong>Coment\u00e1rios:<\/strong><\/p>\n\n\n\n<p>Vejamos a Resolu\u00e7\u00e3o 18 do Contran!<\/p>\n\n\n\n<p><em>\u201cCONSIDERANDO que o sistema de ilumina\u00e7\u00e3o \u00e9 elemento integrante da\nseguran\u00e7a ativa dos ve\u00edculos;<\/em><\/p>\n\n\n\n<p><em>CONSIDERANDO que as cores e as formas dos ve\u00edculos modernos contribuem\npara mascar\u00e1-los no meio ambiente, dificultando a sua visualiza\u00e7\u00e3o a uma\ndist\u00e2ncia efetivamente segura para qualquer a\u00e7\u00e3o preventiva, mesmo em condi\u00e7\u00f5es\nde boa luminosidade;<\/em><\/p>\n\n\n\n<p><em>R E S O L V E:&nbsp; <\/em><\/p>\n\n\n\n<p><em>Art.1\u00ba. Recomendar \u00e0s autoridades de tr\u00e2nsito com circunscri\u00e7\u00e3o sobre as\nvias terrestres, que por meio de campanhas educativas, motivem seus usu\u00e1rios a\nmanter o farol baixo aceso durante o dia, nas rodovias.<\/em><\/p>\n\n\n\n<p><em>Art.2\u00ba. O DENATRAN acompanhar\u00e1 os resultados obtidos pelos \u00f3rg\u00e3os que\nimplementarem esta medida.\u201d<\/em><\/p>\n\n\n\n<p><strong>Gabarito: C.<\/strong><\/p>\n\n\n\n<p>52. Durante a\nrealiza\u00e7\u00e3o do curso te\u00f3rico-t\u00e9cnico de forma\u00e7\u00e3o para habilita\u00e7\u00e3o de condutores\nde ve\u00edculos automotores, na estrutura curricular de dire\u00e7\u00e3o defensiva para\nve\u00edculos de duas ou mais rodas, deve-se ministrar o conte\u00fado relativo<\/p>\n\n\n\n<p>(A) \u00e0 responsabilidade\ncom a manuten\u00e7\u00e3o do ve\u00edculo.<\/p>\n\n\n\n<p>(B) \u00e0 verifica\u00e7\u00e3o das\ncondi\u00e7\u00f5es gerais da v\u00edtima.<\/p>\n\n\n\n<p>(C) \u00e0 manuten\u00e7\u00e3o\npreventiva do autom\u00f3vel e da motocicleta, para preserva\u00e7\u00e3o do meio ambiente.<\/p>\n\n\n\n<p>(D) \u00e0 abordagem\nte\u00f3rica da condu\u00e7\u00e3o de motocicletas com passageiro e ou cargas.<\/p>\n\n\n\n<p>(E) \u00e0s alternativas\nde solu\u00e7\u00e3o para eventualidades mais comuns.<\/p>\n\n\n\n<p><strong>Coment\u00e1rios:<\/strong><\/p>\n\n\n\n<p>Banca pegou pesado\nnessa. Mas analisando com calma d\u00e1 para acertar!<\/p>\n\n\n\n<p>1. CURSOS DE FORMA\u00c7\u00c3O\nPARA HABILITA\u00c7\u00c3O DE CONDUTORES DE VE\u00cdCULOS AUTOMOTORES<\/p>\n\n\n\n<p>1.1 CURSO\nTE\u00d3RICO-T\u00c9CNICO<\/p>\n\n\n\n<p>1.1.1. Carga hor\u00e1ria\ntotal: 45 (quarenta e cinco) horas aula. (Reda\u00e7\u00e3o do item dada pela<\/p>\n\n\n\n<p>Resolu\u00e7\u00e3o CONTRAN N\u00ba\n435 DE 20\/02\/2013).<\/p>\n\n\n\n<p>1.1.2 Estrutura\ncurricular<\/p>\n\n\n\n<p>1.1.2.1 Legisla\u00e7\u00e3o de\nTr\u00e2nsito: 18 (dezoito) horas aula Determina\u00e7\u00f5es do CTB quanto a ve\u00edculos<\/p>\n\n\n\n<p>de duas ou mais\nrodas:<\/p>\n\n\n\n<p><strong>&#8211; Abordagem\nte\u00f3rica da condu\u00e7\u00e3o de motocicletas com passageiro e ou cargas; <\/strong><\/p>\n\n\n\n<p><strong>Gabarito: D.<\/strong><\/p>\n\n\n\n<p>53. A pessoa jur\u00eddica\nde direito p\u00fablico ou privado, habilitada para o exerc\u00edcio da atividade de\nvistoria de identifica\u00e7\u00e3o veicular, sujeitar-se-\u00e1 \u00e0 san\u00e7\u00e3o de advert\u00eancia por\nescrito quando:<\/p>\n\n\n\n<p>(A) deixar de exigir\ndo cliente a apresenta\u00e7\u00e3o de documentos obrigat\u00f3rios previstos na legisla\u00e7\u00e3o de\ntr\u00e2nsito.<\/p>\n\n\n\n<p>(B) apresentar, culposamente,\ninforma\u00e7\u00f5es n\u00e3o verdadeiras \u00e0s autoridades de tr\u00e2nsito e ao DENATRAN.<\/p>\n\n\n\n<p>(C) emitir laudo de\nvistoria de identifica\u00e7\u00e3o veicular em desacordo com o respectivo regulamento\nt\u00e9cnico.<\/p>\n\n\n\n<p>(D) realizar vistoria\nde identifica\u00e7\u00e3o veicular em desacordo com o respectivo regulamento t\u00e9cnico.<\/p>\n\n\n\n<p>(E) emitir laudos\nassinados por profissional n\u00e3o habilitado.<\/p>\n\n\n\n<p><strong>Coment\u00e1rios:<\/strong><\/p>\n\n\n\n<p>Vimos todas nas aulas. Vejamos o art. 10 da Resolu\u00e7\u00e3o 466 do Contran.<\/p>\n\n\n\n<p><em>Art. 10. Constituem infra\u00e7\u00f5es pass\u00edveis de advert\u00eancia por escrito:<\/em><\/p>\n\n\n\n<p><em>I &#8211; apresentar, culposamente, informa\u00e7\u00f5es n\u00e3o verdadeiras \u00e0s autoridades\nde tr\u00e2nsito e ao DENATRAN;<\/em><\/p>\n\n\n\n<p><em>II &#8211; registrar laudo de vistoria de identifica\u00e7\u00e3o veicular de forma\nileg\u00edvel ou sem oferecer evid\u00eancia n\u00edtida;<\/em><\/p>\n\n\n\n<p><em>III &#8211; preencher laudos em desacordo com o documento de refer\u00eancia;<\/em><\/p>\n\n\n\n<p><em>IV &#8211; deixar de prover informa\u00e7\u00f5es que sejam devidas \u00e0s autoridades de\ntr\u00e2nsito e ao DENATRAN;<\/em><\/p>\n\n\n\n<p><em>V &#8211; manter n\u00e3o-conformidade cr\u00edtica aberta por tempo superior a 30\n(trinta) dias ou<\/em><\/p>\n\n\n\n<p><em>outro prazo acordado com as autoridades de tr\u00e2nsito e com o DENATRAN;<\/em><\/p>\n\n\n\n<p><em>VI &#8211; deixar de registrar informa\u00e7\u00f5es ou de trat\u00e1-las;<\/em><\/p>\n\n\n\n<p><em>VII &#8211; praticar condutas incompat\u00edveis com a atividade de vistoria de\nidentifica\u00e7\u00e3o veicular.<\/em><\/p>\n\n\n\n<p><strong>Gabarito: B.<\/strong><\/p>\n\n\n\n<p>54. Para que um\ncondutor possa voltar a dirigir, quando condenado por delito de tr\u00e2nsito, dever\u00e1\nser submetido (e aprovado), entre outros, no exame<\/p>\n\n\n\n<p>(A) de dire\u00e7\u00e3o\nveicular, realizado na via p\u00fablica, em ve\u00edculo da categoria para a qual estiver\nhabilitado.<\/p>\n\n\n\n<p>(B) de no\u00e7\u00f5es de\nprimeiros socorros.<\/p>\n\n\n\n<p>(C) de reciclagem.<\/p>\n\n\n\n<p>(D) oral, sobre\nlegisla\u00e7\u00e3o de tr\u00e2nsito.<\/p>\n\n\n\n<p>(E) de sa\u00fade\ncognitiva.<\/p>\n\n\n\n<p><strong>Coment\u00e1rios:<\/strong><\/p>\n\n\n\n<p>Resolu\u00e7\u00e3o 300 do CONTRAN. <\/p>\n\n\n\n<p>Art. 3\u00ba O condutor condenado por delito de tr\u00e2nsito dever\u00e1 ser submetido\ne aprovado nos seguintes exames:<\/p>\n\n\n\n<p>I &#8211; de aptid\u00e3o f\u00edsica e mental;<\/p>\n\n\n\n<p>II &#8211; avalia\u00e7\u00e3o psicol\u00f3gica;<\/p>\n\n\n\n<p>III &#8211; escrito, sobre legisla\u00e7\u00e3o de tr\u00e2nsito; e<\/p>\n\n\n\n<p>IV &#8211; de dire\u00e7\u00e3o veicular, realizado na via p\u00fablica, em ve\u00edculo da\ncategoria para a qual estiver habilitado. <\/p>\n\n\n\n<p><strong>Gabarito: A.<\/strong><\/p>\n\n\n\n<p>55. Quanto ao\ntransporte de cargas ou de bicicletas, nos ve\u00edculos classificados nas esp\u00e9cies\nautom\u00f3vel, caminhonete, camioneta e utilit\u00e1rio, considere:<\/p>\n\n\n\n<p>I. A carga ou a\nbicicleta dever\u00e1 estar acondicionada e afixada de modo que n\u00e3o exceda a largura\nm\u00e1xima do ve\u00edculo.<\/p>\n\n\n\n<p>II. Ser\u00e1 admitido o\ntransporte eventual de carga indivis\u00edvel, desde que o balan\u00e7o traseiro n\u00e3o\nexceda 40% do valor da dist\u00e2ncia entre os dois eixos do ve\u00edculo.<\/p>\n\n\n\n<p>III. A carga, j\u00e1\nconsiderada a altura do bagageiro ou do suporte, dever\u00e1 ter altura m\u00e1xima de 50\ncent\u00edmetros, e suas dimens\u00f5es n\u00e3o devem ultrapassar o comprimento da carro\u00e7aria\ne a largura da parte superior da carro\u00e7aria.<\/p>\n\n\n\n<p>IV. Ser\u00e1 admitida a\ncircula\u00e7\u00e3o do ve\u00edculo com compartimento de carga aberto, apenas durante o\ntransporte de carga indivis\u00edvel, que ultrapasse o comprimento da ca\u00e7amba ou do\ncompartimento de carga.<\/p>\n\n\n\n<p>Est\u00e1 correto o que\nconsta APENAS de<\/p>\n\n\n\n<p>(A) III e IV.<\/p>\n\n\n\n<p>(B) I e II.<\/p>\n\n\n\n<p>(C) I, III e IV.<\/p>\n\n\n\n<p>(D) I, II e III.<\/p>\n\n\n\n<p>(E) II, III e IV.<\/p>\n\n\n\n<p><strong>Coment\u00e1rios:<\/strong><\/p>\n\n\n\n<p>Trata-se da Resolu\u00e7\u00e3o CONTRAN n\u00ba 349\/10:<\/p>\n\n\n\n<p>Art. 3\u00ba &#8211; A carga ou a bicicleta dever\u00e1 estar acondicionada e afixada de\nmodo que:<\/p>\n\n\n\n<p>V- n\u00e3o exceda a largura m\u00e1xima do ve\u00edculo;<\/p>\n\n\n\n<p>\u00a72\u00b0 As cargas, j\u00e1 considerada a altura do bagageiro ou do suporte, dever\u00e1\nter altura<\/p>\n\n\n\n<p>m\u00e1xima de cinquenta cent\u00edmetros e suas dimens\u00f5es, n\u00e3o devem ultrapassar o\ncomprimento da carro\u00e7aria e a largura da parte superior da carro\u00e7aria<\/p>\n\n\n\n<p>Art. 7\u00ba Ser\u00e1 admitida a circula\u00e7\u00e3o do ve\u00edculo com compartimento de carga\naberto apenas durante o transporte de carga indivis\u00edvel que ultrapasse o\ncomprimento da ca\u00e7amba <\/p>\n\n\n\n<p><strong>O erro do item II.<\/strong><\/p>\n\n\n\n<p><em>Art. 6\u00ba Nos ve\u00edculos de que trata esta Resolu\u00e7\u00e3o, ser\u00e1 admitido o\ntransporte eventual de carga indivis\u00edvel, respeitados os seguintes preceitos:<\/em><\/p>\n\n\n\n<p><em>II- O balan\u00e7o traseiro n\u00e3o deve <\/em><strong><em>exceder 60%<\/em><\/strong><em> do valor da\ndist\u00e2ncia entre os dois eixos do ve\u00edculo.<\/em><\/p>\n\n\n\n<p><strong>Gabarito: C.<\/strong><\/p>\n\n\n\n<p>56. O condutor\nestrangeiro, pretendendo continuar a dirigir ve\u00edculo automotor no \u00e2mbito territorial\nbrasileiro, dever\u00e1 submeter-se aos Exames de Aptid\u00e3o F\u00edsica e Mental e\nAvalia\u00e7\u00e3o Psicol\u00f3gica, nos termos do artigo 147 do CTB, respeitada a sua\ncategoria, com vistas \u00e0 obten\u00e7\u00e3o da Carteira Nacional de Habilita\u00e7\u00e3o, ap\u00f3s o\nprazo de sua estada regular no Brasil, igual a<\/p>\n\n\n\n<p>(A) 120 dias.<\/p>\n\n\n\n<p>(B) 60 dias.<\/p>\n\n\n\n<p>(C) 90 dias.<\/p>\n\n\n\n<p>(D) 180 dias.<\/p>\n\n\n\n<p>(E) 360 dias.<\/p>\n\n\n\n<p><strong>Coment\u00e1rios:<\/strong><\/p>\n\n\n\n<p>Resolu\u00e7\u00e3o 360\/10.<\/p>\n\n\n\n<p>Falei muito sobre esse prazo! S\u00e3o 180 dias!<\/p>\n\n\n\n<p><em>\u201cO condutor estrangeiro, ap\u00f3s o prazo de 180 (cento e oitenta) dias de\nestada regular no Brasil, pretendendo continuar a dirigir ve\u00edculo automotor no\n\u00e2mbito territorial brasileiro, dever\u00e1 submeter-se aos Exames de aptid\u00e3o F\u00edsica\ne Mental e Avalia\u00e7\u00e3o Psicol\u00f3gica, nos termos do artigo 147 do CTB, respeitada a\nsua categoria, com vistas \u00e0 obten\u00e7\u00e3o da Carteira Nacional de Habilita\u00e7\u00e3o\u201d<\/em><\/p>\n\n\n\n<p><strong>Gabarito: D.<\/strong><\/p>\n\n\n\n<p>57. No caso de\ncomprovada a exist\u00eancia de outro ve\u00edculo automotor circulando com placa\nid\u00eantica \u00e0 do ve\u00edculo original (clonagem), a troca da placa, com a substitui\u00e7\u00e3o\ndos caracteres alfanum\u00e9ricos, ser\u00e1 realizada mediante a instaura\u00e7\u00e3o de processo\nadministrativo pelo \u00f3rg\u00e3o executivo de tr\u00e2nsito da unidade da federa\u00e7\u00e3o em que\nestiver registrado o ve\u00edculo. A instaura\u00e7\u00e3o do processo administrativo ter\u00e1\nin\u00edcio com a apresenta\u00e7\u00e3o de requerimento pelo propriet\u00e1rio do ve\u00edculo,\nacompanhado da documenta\u00e7\u00e3o comprobat\u00f3ria da exist\u00eancia de ve\u00edculo clone. Tal\nrequerimento dever\u00e1 ser instru\u00eddo com uma s\u00e9rie de documentos.<\/p>\n\n\n\n<p>Dessa s\u00e9rie de\ndocumentos a serem entregues em c\u00f3pia reprogr\u00e1fica, poder\u00e3o ser solicitados os\noriginais para confer\u00eancia, no curso do processo administrativo, dos seguintes\ndocumentos:<\/p>\n\n\n\n<p>(A) Cadastro de\nPessoa F\u00edsica \u2212 CPF para pessoas naturais; a imagem do ve\u00edculo, no caso de\ninfra\u00e7\u00e3o registrada por sistema autom\u00e1tico metrol\u00f3gico de fiscaliza\u00e7\u00e3o; e o\nmicrofilme do Auto de Infra\u00e7\u00e3o de Tr\u00e2nsito lavrado por Agente de Tr\u00e2nsito.<\/p>\n\n\n\n<p>(B) documento de\nidentifica\u00e7\u00e3o pessoal do requerente; Certificado de Registro de Ve\u00edculo (CRV);\ne o recurso interposto perante o \u00f3rg\u00e3o autuador.<\/p>\n\n\n\n<p>(C) contrato social e\nsuas altera\u00e7\u00f5es; o Cadastro Nacional da Pessoa Jur\u00eddica (CNPJ) para pessoas\njur\u00eddicas; e o Certificado de Registro e Licenciamento do Ve\u00edculo (CRLV).<\/p>\n\n\n\n<p>(D) documento de\nidentifica\u00e7\u00e3o pessoal do requerente; o Cadastro de Pessoa F\u00edsica (CPF) para\npessoas naturais; e a notifica\u00e7\u00e3o de autua\u00e7\u00e3o por infra\u00e7\u00e3o de tr\u00e2nsito que\nincidiu indevidamente sobre o ve\u00edculo.<\/p>\n\n\n\n<p>(E) laudo de vistoria\nde identifica\u00e7\u00e3o veicular; laudo pericial elaborado pelo Instituto de\nCriminal\u00edstica com as caracter\u00edsticas do ve\u00edculo; e o Certificado de Registro\nde Ve\u00edculo (CRV).<\/p>\n\n\n\n<p><strong>Coment\u00e1rios:<\/strong><\/p>\n\n\n\n<p>Trata-se da Resolu\u00e7\u00e3o 670\/17.<\/p>\n\n\n\n<p><em>Vejamos os dispositivos:<\/em><\/p>\n\n\n\n<p><em>Art. 3\u00ba A troca de placas de identifica\u00e7\u00e3o de ve\u00edculos automotores de que\ntrata esta Resolu\u00e7\u00e3o, com a substitui\u00e7\u00e3o de caracteres alfanum\u00e9ricos de\nidentifica\u00e7\u00e3o, ser\u00e1 realizada mediante a instaura\u00e7\u00e3o de processo administrativo\npelo \u00f3rg\u00e3o executivo de tr\u00e2nsito da unidade da federa\u00e7\u00e3o em que estiver\nregistrado o ve\u00edculo.<\/em><\/p>\n\n\n\n<p><em>Art. 4\u00ba A instaura\u00e7\u00e3o do processo administrativo de que trata o artigo 3\u00ba\nter\u00e1 in\u00edcio com a apresenta\u00e7\u00e3o de requerimento pelo propriet\u00e1rio do ve\u00edculo,\nacompanhado da documenta\u00e7\u00e3o comprobat\u00f3ria da exist\u00eancia de ve\u00edculo dubl\u00ea ou\nclone.<\/em><\/p>\n\n\n\n<p><em>Art. 5\u00ba O requerimento de que trata o artigo 4\u00ba dever\u00e1 ser instru\u00eddo com\nos seguintes documentos:<\/em><\/p>\n\n\n\n<p><em>I &#8211; c\u00f3pias reprogr\u00e1ficas:<\/em><\/p>\n\n\n\n<p><em>a) do documento de identifica\u00e7\u00e3o pessoal do requerente e do Cadastro de\nPessoa F\u00edsica (CPF), para pessoas naturais;<\/em><\/p>\n\n\n\n<p><em>e) da notifica\u00e7\u00e3o de autua\u00e7\u00e3o por infra\u00e7\u00e3o de tr\u00e2nsito que incidiu\nindevidamente sobre o ve\u00edculo;<\/em><\/p>\n\n\n\n<p><strong>Gabarito: D.<\/strong><em><\/em><\/p>\n\n\n\n<p>58. Considerando a\nResolu\u00e7\u00e3o no 254 do CONTRAN, que estabelece os requisitos para os vidros de\nseguran\u00e7a e crit\u00e9rios para aplica\u00e7\u00e3o de inscri\u00e7\u00f5es, pictogramas e pel\u00edculas nas\n\u00e1reas envidra\u00e7adas dos ve\u00edculos automotores, de acordo com o Artigo 111 do CTB:<\/p>\n\n\n\n<p>(A) a transpar\u00eancia\ndos vidros que n\u00e3o interferem nas \u00e1reas envidra\u00e7adas indispens\u00e1veis \u00e0\ndirigibilidade do ve\u00edculo, n\u00e3o poder\u00e1 ser inferior a 22%.<\/p>\n\n\n\n<p>(B) a transmiss\u00e3o\nluminosa n\u00e3o poder\u00e1 ser inferior a 60% para os vidros incolores dos para-brisas\ne a 50% para os para&#8211;brisas coloridos e demais vidros indispens\u00e1veis \u00e0\ndirigibilidade.<\/p>\n\n\n\n<p>(C) consideram-se\n\u00e1reas envidra\u00e7adas indispens\u00e1veis \u00e0 dirigibilidade do ve\u00edculo, a \u00e1rea do\npara-brisa, excluindo a faixa perif\u00e9rica de serigrafia destinada a dar\nacabamento ao vidro e \u00e0 \u00e1rea ocupada pela banda d\u00e9grad\u00e9, caso existente, conforme\nestabelece a NBR 9491, e tamb\u00e9m as \u00e1reas envidra\u00e7adas situadas nas laterais\ndianteiras do ve\u00edculo, respeitando o campo de vis\u00e3o do condutor.<\/p>\n\n\n\n<p>(D) a aplica\u00e7\u00e3o de\npel\u00edcula n\u00e3o refletiva nas \u00e1reas envidra\u00e7adas dos ve\u00edculos automotores ser\u00e1\npermitida, desde que atendidas as condi\u00e7\u00f5es de transmiss\u00e3o luminosa n\u00e3o\ninferior a 60% para os vidros incolores dos para-brisas e n\u00e3o inferior a 50%\npara os para-brisas coloridos e demais vidros indispens\u00e1veis \u00e0 dirigibilidade\ndo ve\u00edculo.<\/p>\n\n\n\n<p>(E) fora das \u00e1reas\nenvidra\u00e7adas indispens\u00e1veis \u00e0 dirigibilidade do ve\u00edculo, a aplica\u00e7\u00e3o de\ninscri\u00e7\u00f5es, pictogramas ou pain\u00e9is decorativos de qualquer esp\u00e9cie ser\u00e1\npermitida, desde que o ve\u00edculo possua espelhos retrovisores externos direito e esquerdo\ne que a transpar\u00eancia n\u00e3o seja inferior a 20%.<\/p>\n\n\n\n<p><strong>Coment\u00e1rios:<\/strong><\/p>\n\n\n\n<p>Art. 3\u00ba da Resolu\u00e7\u00e3o 254\/07. Vejamos:<\/p>\n\n\n\n<p><em>\u00a7 2\u00ba Consideram-se \u00e1reas envidra\u00e7adas indispens\u00e1veis \u00e0 dirigibilidade do\nve\u00edculo, conforme ilustrado no anexo desta resolu\u00e7\u00e3o:<\/em><\/p>\n\n\n\n<p><em>I &#8211; a \u00e1rea do para-brisa, excluindo a faixa perif\u00e9rica de serigrafia\ndestinada a dar acabamento ao vidro e \u00e0 \u00e1rea ocupada pela banda degrade, caso\nexistente, conforme estabelece a NBR 9491;<\/em><\/p>\n\n\n\n<p><em>II \u2013 as \u00e1reas envidra\u00e7adas situadas nas laterais dianteiras do ve\u00edculo,\nrespeitando o campo de vis\u00e3o do condutor.<\/em><\/p>\n\n\n\n<p><strong>Gabarito: C.<\/strong><\/p>\n\n\n\n<p>59. A Resolu\u00e7\u00e3o no\n358 do CONTRAN regulamenta o credenciamento de institui\u00e7\u00f5es ou entidades\np\u00fablicas ou privadas para o processo de capacita\u00e7\u00e3o, qualifica\u00e7\u00e3o e atualiza\u00e7\u00e3o\nde profissionais, e de forma\u00e7\u00e3o, qualifica\u00e7\u00e3o, atualiza\u00e7\u00e3o e reciclagem de\ncandidatos e condutores e d\u00e1 outras provid\u00eancias.<\/p>\n\n\n\n<p>\u00c9 uma exig\u00eancia para\no exerc\u00edcio da atividade de examinador de tr\u00e2nsito, observadas as disposi\u00e7\u00f5es\ncontidas no Artigo 152 do CTB,<\/p>\n\n\n\n<p>(A) ter curso de\nensino m\u00e9dio completo.<\/p>\n\n\n\n<p>(B) ter 3 anos de\nhabilita\u00e7\u00e3o compat\u00edvel com a categoria a ser examinada.<\/p>\n\n\n\n<p>(C) ter no m\u00ednimo 1\nano nas categorias A e D.<\/p>\n\n\n\n<p>(D) ter no m\u00ednimo 18\nanos de idade.<\/p>\n\n\n\n<p>(E) n\u00e3o ter sofrido\npenalidade de suspens\u00e3o do direito de dirigir ou cassa\u00e7\u00e3o da CNH e n\u00e3o ter\ncometido nenhuma infra\u00e7\u00e3o de tr\u00e2nsito grav\u00edssima nos \u00faltimos 12 meses.<\/p>\n\n\n\n<p><strong>Coment\u00e1rios:<\/strong><\/p>\n\n\n\n<p>Art. 23 da Resolu\u00e7\u00e3o 358. Vejamos:<\/p>\n\n\n\n<p><em>Art. 23. S\u00e3o exig\u00eancias para os Instrutores de Cursos Especializados\nprevistos na legisla\u00e7\u00e3o vigente:<\/em><\/p>\n\n\n\n<p><em>I &#8211; No m\u00ednimo 21 (vinte e um) anos de idade;<\/em><\/p>\n\n\n\n<p><em>II \u2013 N\u00edvel m\u00e9dio completo;<\/em><\/p>\n\n\n\n<p><em>III \u2013 Curso de capacita\u00e7\u00e3o para instrutor especializado;<\/em><\/p>\n\n\n\n<p><em>IV &#8211; Um ano de habilita\u00e7\u00e3o em categoria compat\u00edvel com as exigidas para o\ncurso especializado em que atuam;<\/em><\/p>\n\n\n\n<p><em>V &#8211; N\u00e3o ter sofrido penalidade de suspens\u00e3o do direito de dirigir ou\ncassa\u00e7\u00e3o de CNH e n\u00e3o ter cometido nenhuma infra\u00e7\u00e3o de tr\u00e2nsito de natureza\ngrav\u00edssima nos \u00faltimos 12 (doze) meses.<\/em><\/p>\n\n\n\n<p><strong>Gabarito: E.<\/strong><\/p>\n\n\n\n<p>60. A Resolu\u00e7\u00e3o no\n357 do CONTRAN estabelece as diretrizes para a elabora\u00e7\u00e3o do Regimento Interno\ndas Juntas Administrativas de Recursos de Infra\u00e7\u00f5es (JARI). Quanto \u00e0\ncomposi\u00e7\u00e3o, a JARI, \u00f3rg\u00e3o colegiado, ter\u00e1 necessariamente:<\/p>\n\n\n\n<p>(A) representante\nservidor do \u00f3rg\u00e3o ou entidade que imp\u00f4s a penalidade.<\/p>\n\n\n\n<p>(B) quatro\nintegrantes, no m\u00ednimo.<\/p>\n\n\n\n<p>(C) dois integrantes\ncom conhecimento na \u00e1rea de tr\u00e2nsito com, no m\u00ednimo, n\u00edvel m\u00e9dio de\nescolaridade.<\/p>\n\n\n\n<p>(D) representante de\nentidade representativa da sociedade ligada \u00e0 \u00e1rea jur\u00eddica.<\/p>\n\n\n\n<p>(E) um integrante com\nconhecimento na \u00e1rea de tr\u00e2nsito com, no m\u00ednimo, n\u00edvel superior de\nescolaridade.<\/p>\n\n\n\n<p><strong>Coment\u00e1rios:<\/strong><\/p>\n\n\n\n<p>A Resolu\u00e7\u00e3o CONTRAN n\u00ba 357\/10. Vejamos:<\/p>\n\n\n\n<p><em>4. Da Composi\u00e7\u00e3o das JARI<\/em><\/p>\n\n\n\n<p><em>4.1. A JARI, \u00f3rg\u00e3o colegiado, ter\u00e1, no m\u00ednimo, tr\u00eas integrantes,\nobedecendo-se aos seguintes crit\u00e9rios para a sua composi\u00e7\u00e3o:<\/em><\/p>\n\n\n\n<p><em>4.1.a.2. representante servidor do \u00f3rg\u00e3o ou entidade que imp\u00f4s a\npenalidade;<\/em><\/p>\n\n\n\n<p><strong>Gabarito: A.<\/strong><\/p>\n","protected":false},"excerpt":{"rendered":"<p>Ol\u00e1, meus amigos! Praticamente todas as quest\u00f5es eu abordei no \u201cHora da Verdade\u201d e na Revis\u00e3o de v\u00e9spera! Sorte? N\u00e3o! S\u00e3o mais de 12 anos ministrando aulas. A experi\u00eancia ajuda muito. Vi a possibilidade de dois recursos. Quest\u00f5es 34 e 43 na prova de Agente. Vou analisar tamb\u00e9m se h\u00e1 possibilidades na de Oficial. Grande [&hellip;]<\/p>\n","protected":false},"author":86,"featured_media":0,"comment_status":"open","ping_status":"closed","sticky":false,"template":"","format":"standard","meta":{"post_tipo":"article","footnotes":""},"categories":[1],"tags":[],"tax_estado":[219989],"class_list":["post-396820","post","type-post","status-publish","format-standard","hentry","category-cursos-e-concursos","tax_estado-sp"],"acf":[],"yoast_head":"<!-- This site is optimized with the Yoast SEO Premium plugin v27.2 (Yoast SEO v27.2) - https:\/\/yoast.com\/product\/yoast-seo-premium-wordpress\/ -->\n<title>Coment\u00e1rios Prova do Detran SP - dois recursos.<\/title>\n<meta name=\"robots\" content=\"index, follow, max-snippet:-1, max-image-preview:large, max-video-preview:-1\" \/>\n<link rel=\"canonical\" href=\"https:\/\/www.estrategiaconcursos.com.br\/blog\/comentarios-prova-detran-sp-dois-recursos\/\" \/>\n<meta property=\"og:locale\" content=\"pt_BR\" \/>\n<meta property=\"og:type\" content=\"article\" \/>\n<meta property=\"og:title\" content=\"Coment\u00e1rios Prova do Detran SP - dois recursos.\" \/>\n<meta property=\"og:description\" content=\"Ol\u00e1, meus amigos! Praticamente todas as quest\u00f5es eu abordei no \u201cHora da Verdade\u201d e na Revis\u00e3o de v\u00e9spera! Sorte? N\u00e3o! S\u00e3o mais de 12 anos ministrando aulas. A experi\u00eancia ajuda muito. Vi a possibilidade de dois recursos. Quest\u00f5es 34 e 43 na prova de Agente. Vou analisar tamb\u00e9m se h\u00e1 possibilidades na de Oficial. Grande [&hellip;]\" \/>\n<meta property=\"og:url\" content=\"https:\/\/www.estrategiaconcursos.com.br\/blog\/comentarios-prova-detran-sp-dois-recursos\/\" \/>\n<meta property=\"og:site_name\" content=\"Estrat\u00e9gia Concursos\" \/>\n<meta property=\"article:published_time\" content=\"2019-07-09T12:22:32+00:00\" \/>\n<meta property=\"article:modified_time\" content=\"2021-08-28T16:07:05+00:00\" \/>\n<meta name=\"author\" content=\"Alexandre Herculano\" \/>\n<meta name=\"twitter:card\" content=\"summary_large_image\" \/>\n<meta name=\"twitter:creator\" content=\"@EstratConcursos\" \/>\n<meta name=\"twitter:site\" content=\"@EstratConcursos\" \/>\n<meta name=\"twitter:label1\" content=\"Escrito por\" \/>\n\t<meta name=\"twitter:data1\" content=\"Alexandre Herculano\" \/>\n\t<meta name=\"twitter:label2\" content=\"Est. tempo de leitura\" \/>\n\t<meta name=\"twitter:data2\" content=\"34 minutos\" \/>\n<script type=\"application\/ld+json\" class=\"yoast-schema-graph\">{\"@context\":\"https:\/\/schema.org\",\"@graph\":[{\"@type\":\"NewsArticle\",\"@id\":\"https:\/\/www.estrategiaconcursos.com.br\/blog\/comentarios-prova-detran-sp-dois-recursos\/#article\",\"isPartOf\":{\"@id\":\"https:\/\/www.estrategiaconcursos.com.br\/blog\/comentarios-prova-detran-sp-dois-recursos\/\"},\"author\":{\"name\":\"Alexandre Herculano\",\"@id\":\"https:\/\/www.estrategiaconcursos.com.br\/blog\/#\/schema\/person\/edda4e500c7c5065d53cfab276ffa8dd\"},\"headline\":\"Coment\u00e1rios Prova do Detran SP &#8211; dois recursos.\",\"datePublished\":\"2019-07-09T12:22:32+00:00\",\"dateModified\":\"2021-08-28T16:07:05+00:00\",\"mainEntityOfPage\":{\"@id\":\"https:\/\/www.estrategiaconcursos.com.br\/blog\/comentarios-prova-detran-sp-dois-recursos\/\"},\"wordCount\":8978,\"commentCount\":0,\"publisher\":{\"@id\":\"https:\/\/www.estrategiaconcursos.com.br\/blog\/#organization\"},\"articleSection\":[\"Concursos P\u00fablicos\"],\"inLanguage\":\"pt-BR\",\"potentialAction\":[{\"@type\":\"CommentAction\",\"name\":\"Comment\",\"target\":[\"https:\/\/www.estrategiaconcursos.com.br\/blog\/comentarios-prova-detran-sp-dois-recursos\/#respond\"]}],\"copyrightYear\":\"2019\",\"copyrightHolder\":{\"@id\":\"https:\/\/www.estrategiaconcursos.com.br\/blog\/#organization\"}},{\"@type\":\"WebPage\",\"@id\":\"https:\/\/www.estrategiaconcursos.com.br\/blog\/comentarios-prova-detran-sp-dois-recursos\/\",\"url\":\"https:\/\/www.estrategiaconcursos.com.br\/blog\/comentarios-prova-detran-sp-dois-recursos\/\",\"name\":\"Coment\u00e1rios Prova do Detran SP - dois recursos.\",\"isPartOf\":{\"@id\":\"https:\/\/www.estrategiaconcursos.com.br\/blog\/#website\"},\"datePublished\":\"2019-07-09T12:22:32+00:00\",\"dateModified\":\"2021-08-28T16:07:05+00:00\",\"breadcrumb\":{\"@id\":\"https:\/\/www.estrategiaconcursos.com.br\/blog\/comentarios-prova-detran-sp-dois-recursos\/#breadcrumb\"},\"inLanguage\":\"pt-BR\",\"potentialAction\":[{\"@type\":\"ReadAction\",\"target\":[\"https:\/\/www.estrategiaconcursos.com.br\/blog\/comentarios-prova-detran-sp-dois-recursos\/\"]}]},{\"@type\":\"BreadcrumbList\",\"@id\":\"https:\/\/www.estrategiaconcursos.com.br\/blog\/comentarios-prova-detran-sp-dois-recursos\/#breadcrumb\",\"itemListElement\":[{\"@type\":\"ListItem\",\"position\":1,\"name\":\"In\u00edcio\",\"item\":\"https:\/\/www.estrategiaconcursos.com.br\/blog\/\"},{\"@type\":\"ListItem\",\"position\":2,\"name\":\"Coment\u00e1rios Prova do Detran SP &#8211; dois recursos.\"}]},{\"@type\":\"WebSite\",\"@id\":\"https:\/\/www.estrategiaconcursos.com.br\/blog\/#website\",\"url\":\"https:\/\/www.estrategiaconcursos.com.br\/blog\/\",\"name\":\"Estrat\u00e9gia Concursos\",\"description\":\"O blog da Estrat\u00e9gia Concursos traz not\u00edcias sobre concursos e artigos de professores oferecendo cursos para concursos (pdf + videaulas) no site.\",\"publisher\":{\"@id\":\"https:\/\/www.estrategiaconcursos.com.br\/blog\/#organization\"},\"potentialAction\":[{\"@type\":\"SearchAction\",\"target\":{\"@type\":\"EntryPoint\",\"urlTemplate\":\"https:\/\/www.estrategiaconcursos.com.br\/blog\/?s={search_term_string}\"},\"query-input\":{\"@type\":\"PropertyValueSpecification\",\"valueRequired\":true,\"valueName\":\"search_term_string\"}}],\"inLanguage\":\"pt-BR\"},{\"@type\":\"Organization\",\"@id\":\"https:\/\/www.estrategiaconcursos.com.br\/blog\/#organization\",\"name\":\"Estrat\u00e9gia Concursos\",\"url\":\"https:\/\/www.estrategiaconcursos.com.br\/blog\/\",\"logo\":{\"@type\":\"ImageObject\",\"inLanguage\":\"pt-BR\",\"@id\":\"https:\/\/www.estrategiaconcursos.com.br\/blog\/#\/schema\/logo\/image\/\",\"url\":\"https:\/\/dhg1h5j42swfq.cloudfront.net\/2025\/06\/03203428\/logo_concursos-1.jpg\",\"contentUrl\":\"https:\/\/dhg1h5j42swfq.cloudfront.net\/2025\/06\/03203428\/logo_concursos-1.jpg\",\"width\":230,\"height\":60,\"caption\":\"Estrat\u00e9gia Concursos\"},\"image\":{\"@id\":\"https:\/\/www.estrategiaconcursos.com.br\/blog\/#\/schema\/logo\/image\/\"},\"sameAs\":[\"https:\/\/x.com\/EstratConcursos\"]},{\"@type\":\"Person\",\"@id\":\"https:\/\/www.estrategiaconcursos.com.br\/blog\/#\/schema\/person\/edda4e500c7c5065d53cfab276ffa8dd\",\"name\":\"Alexandre Herculano\",\"image\":{\"@type\":\"ImageObject\",\"inLanguage\":\"pt-BR\",\"@id\":\"https:\/\/secure.gravatar.com\/avatar\/38cb0c33a42096a75e0d9cdd0d8f7413cf51bcfdd398eb7a35bdcd48e89060f8?s=96&d=mm&r=g\",\"url\":\"https:\/\/secure.gravatar.com\/avatar\/38cb0c33a42096a75e0d9cdd0d8f7413cf51bcfdd398eb7a35bdcd48e89060f8?s=96&d=mm&r=g\",\"contentUrl\":\"https:\/\/secure.gravatar.com\/avatar\/38cb0c33a42096a75e0d9cdd0d8f7413cf51bcfdd398eb7a35bdcd48e89060f8?s=96&d=mm&r=g\",\"caption\":\"Alexandre Herculano\"},\"url\":\"https:\/\/www.estrategiaconcursos.com.br\/blog\/author\/alexandreherculanoestrategiaconcursos-com-br\/\"}]}<\/script>\n<!-- \/ Yoast SEO Premium plugin. -->","yoast_head_json":{"title":"Coment\u00e1rios Prova do Detran SP - dois recursos.","robots":{"index":"index","follow":"follow","max-snippet":"max-snippet:-1","max-image-preview":"max-image-preview:large","max-video-preview":"max-video-preview:-1"},"canonical":"https:\/\/www.estrategiaconcursos.com.br\/blog\/comentarios-prova-detran-sp-dois-recursos\/","og_locale":"pt_BR","og_type":"article","og_title":"Coment\u00e1rios Prova do Detran SP - dois recursos.","og_description":"Ol\u00e1, meus amigos! Praticamente todas as quest\u00f5es eu abordei no \u201cHora da Verdade\u201d e na Revis\u00e3o de v\u00e9spera! Sorte? N\u00e3o! S\u00e3o mais de 12 anos ministrando aulas. A experi\u00eancia ajuda muito. Vi a possibilidade de dois recursos. Quest\u00f5es 34 e 43 na prova de Agente. Vou analisar tamb\u00e9m se h\u00e1 possibilidades na de Oficial. Grande [&hellip;]","og_url":"https:\/\/www.estrategiaconcursos.com.br\/blog\/comentarios-prova-detran-sp-dois-recursos\/","og_site_name":"Estrat\u00e9gia Concursos","article_published_time":"2019-07-09T12:22:32+00:00","article_modified_time":"2021-08-28T16:07:05+00:00","author":"Alexandre Herculano","twitter_card":"summary_large_image","twitter_creator":"@EstratConcursos","twitter_site":"@EstratConcursos","twitter_misc":{"Escrito por":"Alexandre Herculano","Est. tempo de leitura":"34 minutos"},"schema":{"@context":"https:\/\/schema.org","@graph":[{"@type":"NewsArticle","@id":"https:\/\/www.estrategiaconcursos.com.br\/blog\/comentarios-prova-detran-sp-dois-recursos\/#article","isPartOf":{"@id":"https:\/\/www.estrategiaconcursos.com.br\/blog\/comentarios-prova-detran-sp-dois-recursos\/"},"author":{"name":"Alexandre Herculano","@id":"https:\/\/www.estrategiaconcursos.com.br\/blog\/#\/schema\/person\/edda4e500c7c5065d53cfab276ffa8dd"},"headline":"Coment\u00e1rios Prova do Detran SP &#8211; dois recursos.","datePublished":"2019-07-09T12:22:32+00:00","dateModified":"2021-08-28T16:07:05+00:00","mainEntityOfPage":{"@id":"https:\/\/www.estrategiaconcursos.com.br\/blog\/comentarios-prova-detran-sp-dois-recursos\/"},"wordCount":8978,"commentCount":0,"publisher":{"@id":"https:\/\/www.estrategiaconcursos.com.br\/blog\/#organization"},"articleSection":["Concursos P\u00fablicos"],"inLanguage":"pt-BR","potentialAction":[{"@type":"CommentAction","name":"Comment","target":["https:\/\/www.estrategiaconcursos.com.br\/blog\/comentarios-prova-detran-sp-dois-recursos\/#respond"]}],"copyrightYear":"2019","copyrightHolder":{"@id":"https:\/\/www.estrategiaconcursos.com.br\/blog\/#organization"}},{"@type":"WebPage","@id":"https:\/\/www.estrategiaconcursos.com.br\/blog\/comentarios-prova-detran-sp-dois-recursos\/","url":"https:\/\/www.estrategiaconcursos.com.br\/blog\/comentarios-prova-detran-sp-dois-recursos\/","name":"Coment\u00e1rios Prova do Detran SP - dois recursos.","isPartOf":{"@id":"https:\/\/www.estrategiaconcursos.com.br\/blog\/#website"},"datePublished":"2019-07-09T12:22:32+00:00","dateModified":"2021-08-28T16:07:05+00:00","breadcrumb":{"@id":"https:\/\/www.estrategiaconcursos.com.br\/blog\/comentarios-prova-detran-sp-dois-recursos\/#breadcrumb"},"inLanguage":"pt-BR","potentialAction":[{"@type":"ReadAction","target":["https:\/\/www.estrategiaconcursos.com.br\/blog\/comentarios-prova-detran-sp-dois-recursos\/"]}]},{"@type":"BreadcrumbList","@id":"https:\/\/www.estrategiaconcursos.com.br\/blog\/comentarios-prova-detran-sp-dois-recursos\/#breadcrumb","itemListElement":[{"@type":"ListItem","position":1,"name":"In\u00edcio","item":"https:\/\/www.estrategiaconcursos.com.br\/blog\/"},{"@type":"ListItem","position":2,"name":"Coment\u00e1rios Prova do Detran SP &#8211; dois recursos."}]},{"@type":"WebSite","@id":"https:\/\/www.estrategiaconcursos.com.br\/blog\/#website","url":"https:\/\/www.estrategiaconcursos.com.br\/blog\/","name":"Estrat\u00e9gia Concursos","description":"O blog da Estrat\u00e9gia Concursos traz not\u00edcias sobre concursos e artigos de professores oferecendo cursos para concursos (pdf + videaulas) no site.","publisher":{"@id":"https:\/\/www.estrategiaconcursos.com.br\/blog\/#organization"},"potentialAction":[{"@type":"SearchAction","target":{"@type":"EntryPoint","urlTemplate":"https:\/\/www.estrategiaconcursos.com.br\/blog\/?s={search_term_string}"},"query-input":{"@type":"PropertyValueSpecification","valueRequired":true,"valueName":"search_term_string"}}],"inLanguage":"pt-BR"},{"@type":"Organization","@id":"https:\/\/www.estrategiaconcursos.com.br\/blog\/#organization","name":"Estrat\u00e9gia Concursos","url":"https:\/\/www.estrategiaconcursos.com.br\/blog\/","logo":{"@type":"ImageObject","inLanguage":"pt-BR","@id":"https:\/\/www.estrategiaconcursos.com.br\/blog\/#\/schema\/logo\/image\/","url":"https:\/\/dhg1h5j42swfq.cloudfront.net\/2025\/06\/03203428\/logo_concursos-1.jpg","contentUrl":"https:\/\/dhg1h5j42swfq.cloudfront.net\/2025\/06\/03203428\/logo_concursos-1.jpg","width":230,"height":60,"caption":"Estrat\u00e9gia Concursos"},"image":{"@id":"https:\/\/www.estrategiaconcursos.com.br\/blog\/#\/schema\/logo\/image\/"},"sameAs":["https:\/\/x.com\/EstratConcursos"]},{"@type":"Person","@id":"https:\/\/www.estrategiaconcursos.com.br\/blog\/#\/schema\/person\/edda4e500c7c5065d53cfab276ffa8dd","name":"Alexandre Herculano","image":{"@type":"ImageObject","inLanguage":"pt-BR","@id":"https:\/\/secure.gravatar.com\/avatar\/38cb0c33a42096a75e0d9cdd0d8f7413cf51bcfdd398eb7a35bdcd48e89060f8?s=96&d=mm&r=g","url":"https:\/\/secure.gravatar.com\/avatar\/38cb0c33a42096a75e0d9cdd0d8f7413cf51bcfdd398eb7a35bdcd48e89060f8?s=96&d=mm&r=g","contentUrl":"https:\/\/secure.gravatar.com\/avatar\/38cb0c33a42096a75e0d9cdd0d8f7413cf51bcfdd398eb7a35bdcd48e89060f8?s=96&d=mm&r=g","caption":"Alexandre Herculano"},"url":"https:\/\/www.estrategiaconcursos.com.br\/blog\/author\/alexandreherculanoestrategiaconcursos-com-br\/"}]}},"_links":{"self":[{"href":"https:\/\/www.estrategiaconcursos.com.br\/blog\/wp-json\/wp\/v2\/posts\/396820","targetHints":{"allow":["GET"]}}],"collection":[{"href":"https:\/\/www.estrategiaconcursos.com.br\/blog\/wp-json\/wp\/v2\/posts"}],"about":[{"href":"https:\/\/www.estrategiaconcursos.com.br\/blog\/wp-json\/wp\/v2\/types\/post"}],"author":[{"embeddable":true,"href":"https:\/\/www.estrategiaconcursos.com.br\/blog\/wp-json\/wp\/v2\/users\/86"}],"replies":[{"embeddable":true,"href":"https:\/\/www.estrategiaconcursos.com.br\/blog\/wp-json\/wp\/v2\/comments?post=396820"}],"version-history":[{"count":3,"href":"https:\/\/www.estrategiaconcursos.com.br\/blog\/wp-json\/wp\/v2\/posts\/396820\/revisions"}],"predecessor-version":[{"id":847943,"href":"https:\/\/www.estrategiaconcursos.com.br\/blog\/wp-json\/wp\/v2\/posts\/396820\/revisions\/847943"}],"wp:attachment":[{"href":"https:\/\/www.estrategiaconcursos.com.br\/blog\/wp-json\/wp\/v2\/media?parent=396820"}],"wp:term":[{"taxonomy":"category","embeddable":true,"href":"https:\/\/www.estrategiaconcursos.com.br\/blog\/wp-json\/wp\/v2\/categories?post=396820"},{"taxonomy":"post_tag","embeddable":true,"href":"https:\/\/www.estrategiaconcursos.com.br\/blog\/wp-json\/wp\/v2\/tags?post=396820"},{"taxonomy":"tax_estado","embeddable":true,"href":"https:\/\/www.estrategiaconcursos.com.br\/blog\/wp-json\/wp\/v2\/tax_estado?post=396820"}],"curies":[{"name":"wp","href":"https:\/\/api.w.org\/{rel}","templated":true}]}}