{"id":396555,"date":"2019-07-14T08:00:47","date_gmt":"2019-07-14T11:00:47","guid":{"rendered":"https:\/\/www.estrategiaconcursos.com.br\/blog\/?p=396555"},"modified":"2019-07-12T15:29:07","modified_gmt":"2019-07-12T18:29:07","slug":"concurso-colegio-pedro-ii-maratona","status":"publish","type":"post","link":"https:\/\/www.estrategiaconcursos.com.br\/blog\/concurso-colegio-pedro-ii-maratona\/","title":{"rendered":"Concurso Col\u00e9gio Pedro II: maratona de aulas gratuitas"},"content":{"rendered":"\n<p>As inscri\u00e7\u00f5es para o <strong><em>concurso Col\u00e9gio Pedro II<\/em><\/strong> foram encerradas no dia 30 de junho e agora os candidatos se preparam para a realiza\u00e7\u00e3o da<strong>&nbsp;etapa de provas<\/strong>&nbsp;que acontecer\u00e1 no dia<strong><em>&nbsp;22 de setembro<\/em><\/strong>.<\/p>\n\n\n\n<p>Os concurseiros inscritos no concurso Col\u00e9gio Pedro II ser\u00e3o avaliados a partir da aplica\u00e7\u00e3o de uma prova objetiva, de car\u00e1ter eliminat\u00f3rio e classificat\u00f3rio. A prova ser\u00e1 composta de 70 quest\u00f5es com quatro alternativas cada e pontua\u00e7\u00e3o total variando do m\u00ednimo de 0 (zero) ponto ao m\u00e1ximo de 100 (cem) pontos.<\/p>\n\n\n\n<p>S\u00e3o ofertadas 33 vagas para cargos que exigem forma\u00e7\u00e3o em N\u00edvel M\u00e9dio e Superior para atua\u00e7\u00e3o no estado do Rio de Janeiro. A remunera\u00e7\u00e3o inicial dos cargos varia entre R$ 1.945,07 e R$ 4.180,66, mais benef\u00edcios. <\/p>\n\n\n\n<p style=\"font-size:22px;text-align:center\" class=\"has-background has-luminous-vivid-amber-background-color\"><strong><em>Mais informa\u00e7\u00f5es:&nbsp;<\/em><\/strong><em><strong><a rel=\"noreferrer noopener\" aria-label=\" (abre numa nova aba)\" href=\"https:\/\/www.estrategiaconcursos.com.br\/blog\/concurso-colegio-pedro-ii-2019\/\" target=\"_blank\">Concurso <\/a><\/strong><\/em><strong><a rel=\"noreferrer noopener\" aria-label=\" (abre numa nova aba)\" href=\"https:\/\/www.estrategiaconcursos.com.br\/blog\/concurso-colegio-pedro-ii-2019\/\" target=\"_blank\"><em>Col\u00e9gio Pedro II<\/em><\/a><\/strong><\/p>\n\n\n\n<p>Pensando nos concurseiros que ir\u00e3o prestar a prova e possuem d\u00favidas sobre as mat\u00e9rias o Estrat\u00e9gia anuncia a&nbsp;<strong>uma maratona especial de aulas, com as seguintes disciplinas que ser\u00e3o cobradas na avalia\u00e7\u00e3o: <\/strong>Direito Constitucional, Direito Administrativo, Administra\u00e7\u00e3o e Arquivologia, Portugu\u00eas, Racioc\u00ednio L\u00f3gico e Quantitativo e Inform\u00e1tica.<\/p>\n\n\n\n<p>O evento ter\u00e1 como principal prop\u00f3sito apresentar&nbsp;<strong>todo o conte\u00fado<\/strong>&nbsp;referente \u00e0s disciplinas cobradas no edital, al\u00e9m de abrir a oportunidade de voc\u00ea tirar todas as d\u00favidas com nossos professores. As transmiss\u00f5es ser\u00e3o ao vivo e tem in\u00edcio a partir de hoje \u00e0s&nbsp;<strong>8h30<\/strong> e v\u00e3o at\u00e9 <strong>16h30<\/strong>.<\/p>\n\n\n\n<p>Para garantir tirar todas as suas d\u00favidas a respeito das mat\u00e9rias do TRF 4, basta clicar no banner abaixo e se inscrever de&nbsp;<strong>forma totalmente gratuita<\/strong>:<\/p>\n\n\n\n<p style=\"font-size:29px;text-align:center\"><strong><em><a href=\"https:\/\/www.youtube.com\/watch?v=imSlMzQVhKw\" target=\"_blank\" rel=\"noreferrer noopener\" aria-label=\"Assista aqui! (abre numa nova aba)\">Assista aqui!<\/a><\/em><\/strong><\/p>\n\n\n\n<figure class=\"wp-block-image\"><img decoding=\"async\" src=\"https:\/\/dhg1h5j42swfq.cloudfront.net\/2019\/07\/11114153\/Col%C3%A9gio_PedroII.jpg\" alt=\"\" class=\"wp-image-397745\"\/><\/figure>\n\n\n\n<p>Abaixo voc\u00ea confere os hor\u00e1rios, professores e mat\u00e9rias:<\/p>\n\n\n\n<p><strong>Professor<\/strong>: Ricardo Vale<br \/><strong>Disciplina<\/strong>: Direito Constitucional<br \/><strong>Hor\u00e1rio<\/strong>: 8h30 \u00e0s 9h30<\/p>\n\n\n\n<p><strong>Professor<\/strong>: Ant\u00f4nio Daud<br \/><strong>Disciplina<\/strong>: Direito Administrativo<br \/><strong>Hor\u00e1rio<\/strong>: 9h30 \u00e0s 10h30<\/p>\n\n\n\n<p><strong>Professor<\/strong>: Carlos Xavier<br \/><strong>Disciplina<\/strong>: Administra\u00e7\u00e3o e Arquivologia<br \/><strong>Hor\u00e1rio<\/strong>: 10h30 \u00e0s 12h30<\/p>\n\n\n\n<p><strong>Intervalo<\/strong>: 12h30 \u00e0s 13h30<br \/><br \/><strong>Disciplina<\/strong>: Felipe Luccas <br \/><strong>Professor<\/strong>: Portugu\u00eas <br \/><strong>Hor\u00e1rio:<\/strong> 13h30 \u00e0s 14h30<br \/><br \/><strong>Disciplina<\/strong>: Racioc\u00ednio L\u00f3gico e Quantitativo <br \/><strong>Professor<\/strong>: Brunno Lima <br \/><strong>Hor\u00e1rio<\/strong>: 14h30 \u00e0s 15h30<br \/><br \/><strong>Disciplina<\/strong>: Inform\u00e1tica <br \/><strong>Professor<\/strong>: Renato da Costa <br \/><strong>Hor\u00e1rio<\/strong>: 15h30 \u00e0s 16h30<\/p>\n\n\n\n<p style=\"text-align:center\"><strong><em>Quer estudar para Concurso Col\u00e9gio Pedro II?<\/em><\/strong><\/p>\n\n\n\n<p style=\"text-align:center\"><em><strong>Gostou desta oportunidade e deseja come\u00e7ar se preparar agora mesmo? Ent\u00e3o, confira os nossos cursos e comece a estudar para o Col\u00e9gio Pedro II:<\/strong><\/em><\/p>\n\n\n\n<p style=\"font-size:25px;text-align:center\" class=\"has-background has-luminous-vivid-amber-background-color\"><em><a href=\"https:\/\/www.estrategiaconcursos.com.br\/cursosPorConcurso\/colegio-pedro-ii\/\" target=\"_blank\" rel=\"noreferrer noopener\">CURSO COL\u00c9GIO PEDRO II<\/a><\/em><\/p>\n\n\n\n<p style=\"text-align:center\"><em><strong>Assinatura Anual Ilimitada*<\/strong><\/em><\/p>\n\n\n\n<p style=\"text-align:center\"><em>Prepare-se com o melhor material e com quem mais aprova em Concursos P\u00fablicos em todo o pa\u00eds. Assine agora a nossa Assinatura Anual e tenha acesso ilimitado* a todos os nossos cursos.<\/em><\/p>\n\n\n\n<p style=\"font-size:25px;text-align:center\" class=\"has-background has-light-green-cyan-background-color\"><strong>ASSINE AGORA<\/strong>&nbsp;\u2013&nbsp;<a rel=\"noreferrer noopener\" href=\"https:\/\/www.estrategiaconcursos.com.br\/assinaturas\" target=\"_blank\"><strong>Assinatura Ilimitada<\/strong><\/a><\/p>\n","protected":false},"excerpt":{"rendered":"<p>As inscri\u00e7\u00f5es para o concurso Col\u00e9gio Pedro II foram encerradas no dia 30 de junho e agora os candidatos se preparam para a realiza\u00e7\u00e3o da&nbsp;etapa de provas&nbsp;que acontecer\u00e1 no dia&nbsp;22 de setembro. Os concurseiros inscritos no concurso Col\u00e9gio Pedro II ser\u00e3o avaliados a partir da aplica\u00e7\u00e3o de uma prova objetiva, de car\u00e1ter eliminat\u00f3rio e classificat\u00f3rio. [&hellip;]<\/p>\n","protected":false},"author":1,"featured_media":0,"comment_status":"open","ping_status":"closed","sticky":false,"template":"","format":"standard","meta":{"post_tipo":"news","footnotes":""},"categories":[1],"tags":[],"tax_estado":[],"class_list":["post-396555","post","type-post","status-publish","format-standard","hentry","category-cursos-e-concursos"],"acf":[],"yoast_head":"<!-- This site is optimized with the Yoast SEO Premium plugin v27.2 (Yoast SEO v27.2) - https:\/\/yoast.com\/product\/yoast-seo-premium-wordpress\/ -->\n<title>Concurso Col\u00e9gio Pedro II: maratona de aulas gratuitas<\/title>\n<meta name=\"robots\" content=\"index, follow, max-snippet:-1, max-image-preview:large, max-video-preview:-1\" \/>\n<link rel=\"canonical\" href=\"https:\/\/www.estrategiaconcursos.com.br\/blog\/concurso-colegio-pedro-ii-maratona\/\" \/>\n<meta property=\"og:locale\" content=\"pt_BR\" \/>\n<meta property=\"og:type\" content=\"article\" \/>\n<meta property=\"og:title\" content=\"Concurso Col\u00e9gio Pedro II: maratona de aulas gratuitas\" \/>\n<meta property=\"og:description\" content=\"As inscri\u00e7\u00f5es para o concurso Col\u00e9gio Pedro II foram encerradas no dia 30 de junho e agora os candidatos se preparam para a realiza\u00e7\u00e3o da&nbsp;etapa de provas&nbsp;que acontecer\u00e1 no dia&nbsp;22 de setembro. Os concurseiros inscritos no concurso Col\u00e9gio Pedro II ser\u00e3o avaliados a partir da aplica\u00e7\u00e3o de uma prova objetiva, de car\u00e1ter eliminat\u00f3rio e classificat\u00f3rio. [&hellip;]\" \/>\n<meta property=\"og:url\" content=\"https:\/\/www.estrategiaconcursos.com.br\/blog\/concurso-colegio-pedro-ii-maratona\/\" \/>\n<meta property=\"og:site_name\" content=\"Estrat\u00e9gia Concursos\" \/>\n<meta property=\"article:author\" content=\"https:\/\/www.facebook.com\/EstrategiaConcursos\" \/>\n<meta property=\"article:published_time\" content=\"2019-07-14T11:00:47+00:00\" \/>\n<meta name=\"author\" content=\"Coordena\u00e7\u00e3o\" \/>\n<meta name=\"twitter:card\" content=\"summary_large_image\" \/>\n<meta name=\"twitter:creator\" content=\"@EstratConcursos\" \/>\n<meta name=\"twitter:site\" content=\"@EstratConcursos\" \/>\n<meta name=\"twitter:label1\" content=\"Escrito por\" \/>\n\t<meta name=\"twitter:data1\" content=\"Coordena\u00e7\u00e3o\" \/>\n\t<meta name=\"twitter:label2\" content=\"Est. tempo de leitura\" \/>\n\t<meta name=\"twitter:data2\" content=\"2 minutos\" \/>\n<script type=\"application\/ld+json\" class=\"yoast-schema-graph\">{\"@context\":\"https:\/\/schema.org\",\"@graph\":[{\"@type\":\"NewsArticle\",\"@id\":\"https:\/\/www.estrategiaconcursos.com.br\/blog\/concurso-colegio-pedro-ii-maratona\/#article\",\"isPartOf\":{\"@id\":\"https:\/\/www.estrategiaconcursos.com.br\/blog\/concurso-colegio-pedro-ii-maratona\/\"},\"author\":{\"name\":\"Coordena\u00e7\u00e3o\",\"@id\":\"https:\/\/www.estrategiaconcursos.com.br\/blog\/#\/schema\/person\/b4a388c97673c5f483d72185668afa1f\"},\"headline\":\"Concurso Col\u00e9gio Pedro II: maratona de aulas gratuitas\",\"datePublished\":\"2019-07-14T11:00:47+00:00\",\"mainEntityOfPage\":{\"@id\":\"https:\/\/www.estrategiaconcursos.com.br\/blog\/concurso-colegio-pedro-ii-maratona\/\"},\"wordCount\":472,\"commentCount\":0,\"publisher\":{\"@id\":\"https:\/\/www.estrategiaconcursos.com.br\/blog\/#organization\"},\"articleSection\":[\"Concursos P\u00fablicos\"],\"inLanguage\":\"pt-BR\",\"potentialAction\":[{\"@type\":\"CommentAction\",\"name\":\"Comment\",\"target\":[\"https:\/\/www.estrategiaconcursos.com.br\/blog\/concurso-colegio-pedro-ii-maratona\/#respond\"]}],\"copyrightYear\":\"2019\",\"copyrightHolder\":{\"@id\":\"https:\/\/www.estrategiaconcursos.com.br\/blog\/#organization\"}},{\"@type\":\"WebPage\",\"@id\":\"https:\/\/www.estrategiaconcursos.com.br\/blog\/concurso-colegio-pedro-ii-maratona\/\",\"url\":\"https:\/\/www.estrategiaconcursos.com.br\/blog\/concurso-colegio-pedro-ii-maratona\/\",\"name\":\"Concurso Col\u00e9gio Pedro II: maratona de aulas gratuitas\",\"isPartOf\":{\"@id\":\"https:\/\/www.estrategiaconcursos.com.br\/blog\/#website\"},\"datePublished\":\"2019-07-14T11:00:47+00:00\",\"breadcrumb\":{\"@id\":\"https:\/\/www.estrategiaconcursos.com.br\/blog\/concurso-colegio-pedro-ii-maratona\/#breadcrumb\"},\"inLanguage\":\"pt-BR\",\"potentialAction\":[{\"@type\":\"ReadAction\",\"target\":[\"https:\/\/www.estrategiaconcursos.com.br\/blog\/concurso-colegio-pedro-ii-maratona\/\"]}]},{\"@type\":\"BreadcrumbList\",\"@id\":\"https:\/\/www.estrategiaconcursos.com.br\/blog\/concurso-colegio-pedro-ii-maratona\/#breadcrumb\",\"itemListElement\":[{\"@type\":\"ListItem\",\"position\":1,\"name\":\"In\u00edcio\",\"item\":\"https:\/\/www.estrategiaconcursos.com.br\/blog\/\"},{\"@type\":\"ListItem\",\"position\":2,\"name\":\"Concurso Col\u00e9gio Pedro II: maratona de aulas gratuitas\"}]},{\"@type\":\"WebSite\",\"@id\":\"https:\/\/www.estrategiaconcursos.com.br\/blog\/#website\",\"url\":\"https:\/\/www.estrategiaconcursos.com.br\/blog\/\",\"name\":\"Estrat\u00e9gia Concursos\",\"description\":\"O blog da Estrat\u00e9gia Concursos traz not\u00edcias sobre concursos e artigos de professores oferecendo cursos para concursos (pdf + videaulas) no site.\",\"publisher\":{\"@id\":\"https:\/\/www.estrategiaconcursos.com.br\/blog\/#organization\"},\"potentialAction\":[{\"@type\":\"SearchAction\",\"target\":{\"@type\":\"EntryPoint\",\"urlTemplate\":\"https:\/\/www.estrategiaconcursos.com.br\/blog\/?s={search_term_string}\"},\"query-input\":{\"@type\":\"PropertyValueSpecification\",\"valueRequired\":true,\"valueName\":\"search_term_string\"}}],\"inLanguage\":\"pt-BR\"},{\"@type\":\"Organization\",\"@id\":\"https:\/\/www.estrategiaconcursos.com.br\/blog\/#organization\",\"name\":\"Estrat\u00e9gia Concursos\",\"url\":\"https:\/\/www.estrategiaconcursos.com.br\/blog\/\",\"logo\":{\"@type\":\"ImageObject\",\"inLanguage\":\"pt-BR\",\"@id\":\"https:\/\/www.estrategiaconcursos.com.br\/blog\/#\/schema\/logo\/image\/\",\"url\":\"https:\/\/dhg1h5j42swfq.cloudfront.net\/2025\/06\/03203428\/logo_concursos-1.jpg\",\"contentUrl\":\"https:\/\/dhg1h5j42swfq.cloudfront.net\/2025\/06\/03203428\/logo_concursos-1.jpg\",\"width\":230,\"height\":60,\"caption\":\"Estrat\u00e9gia Concursos\"},\"image\":{\"@id\":\"https:\/\/www.estrategiaconcursos.com.br\/blog\/#\/schema\/logo\/image\/\"},\"sameAs\":[\"https:\/\/x.com\/EstratConcursos\"]},{\"@type\":\"Person\",\"@id\":\"https:\/\/www.estrategiaconcursos.com.br\/blog\/#\/schema\/person\/b4a388c97673c5f483d72185668afa1f\",\"name\":\"Coordena\u00e7\u00e3o\",\"image\":{\"@type\":\"ImageObject\",\"inLanguage\":\"pt-BR\",\"@id\":\"https:\/\/secure.gravatar.com\/avatar\/b720319e4c9a967eb58678d110f4fe35452fc5d5f97b202bac7b8acceb18c6ad?s=96&d=mm&r=g\",\"url\":\"https:\/\/secure.gravatar.com\/avatar\/b720319e4c9a967eb58678d110f4fe35452fc5d5f97b202bac7b8acceb18c6ad?s=96&d=mm&r=g\",\"contentUrl\":\"https:\/\/secure.gravatar.com\/avatar\/b720319e4c9a967eb58678d110f4fe35452fc5d5f97b202bac7b8acceb18c6ad?s=96&d=mm&r=g\",\"caption\":\"Coordena\u00e7\u00e3o\"},\"sameAs\":[\"https:\/\/www.facebook.com\/EstrategiaConcursos\",\"https:\/\/x.com\/EstratConcursos\"],\"url\":\"https:\/\/www.estrategiaconcursos.com.br\/blog\/author\/estrategia2013\/\"}]}<\/script>\n<!-- \/ Yoast SEO Premium plugin. -->","yoast_head_json":{"title":"Concurso Col\u00e9gio Pedro II: maratona de aulas gratuitas","robots":{"index":"index","follow":"follow","max-snippet":"max-snippet:-1","max-image-preview":"max-image-preview:large","max-video-preview":"max-video-preview:-1"},"canonical":"https:\/\/www.estrategiaconcursos.com.br\/blog\/concurso-colegio-pedro-ii-maratona\/","og_locale":"pt_BR","og_type":"article","og_title":"Concurso Col\u00e9gio Pedro II: maratona de aulas gratuitas","og_description":"As inscri\u00e7\u00f5es para o concurso Col\u00e9gio Pedro II foram encerradas no dia 30 de junho e agora os candidatos se preparam para a realiza\u00e7\u00e3o da&nbsp;etapa de provas&nbsp;que acontecer\u00e1 no dia&nbsp;22 de setembro. Os concurseiros inscritos no concurso Col\u00e9gio Pedro II ser\u00e3o avaliados a partir da aplica\u00e7\u00e3o de uma prova objetiva, de car\u00e1ter eliminat\u00f3rio e classificat\u00f3rio. [&hellip;]","og_url":"https:\/\/www.estrategiaconcursos.com.br\/blog\/concurso-colegio-pedro-ii-maratona\/","og_site_name":"Estrat\u00e9gia Concursos","article_author":"https:\/\/www.facebook.com\/EstrategiaConcursos","article_published_time":"2019-07-14T11:00:47+00:00","author":"Coordena\u00e7\u00e3o","twitter_card":"summary_large_image","twitter_creator":"@EstratConcursos","twitter_site":"@EstratConcursos","twitter_misc":{"Escrito por":"Coordena\u00e7\u00e3o","Est. tempo de leitura":"2 minutos"},"schema":{"@context":"https:\/\/schema.org","@graph":[{"@type":"NewsArticle","@id":"https:\/\/www.estrategiaconcursos.com.br\/blog\/concurso-colegio-pedro-ii-maratona\/#article","isPartOf":{"@id":"https:\/\/www.estrategiaconcursos.com.br\/blog\/concurso-colegio-pedro-ii-maratona\/"},"author":{"name":"Coordena\u00e7\u00e3o","@id":"https:\/\/www.estrategiaconcursos.com.br\/blog\/#\/schema\/person\/b4a388c97673c5f483d72185668afa1f"},"headline":"Concurso Col\u00e9gio Pedro II: maratona de aulas gratuitas","datePublished":"2019-07-14T11:00:47+00:00","mainEntityOfPage":{"@id":"https:\/\/www.estrategiaconcursos.com.br\/blog\/concurso-colegio-pedro-ii-maratona\/"},"wordCount":472,"commentCount":0,"publisher":{"@id":"https:\/\/www.estrategiaconcursos.com.br\/blog\/#organization"},"articleSection":["Concursos P\u00fablicos"],"inLanguage":"pt-BR","potentialAction":[{"@type":"CommentAction","name":"Comment","target":["https:\/\/www.estrategiaconcursos.com.br\/blog\/concurso-colegio-pedro-ii-maratona\/#respond"]}],"copyrightYear":"2019","copyrightHolder":{"@id":"https:\/\/www.estrategiaconcursos.com.br\/blog\/#organization"}},{"@type":"WebPage","@id":"https:\/\/www.estrategiaconcursos.com.br\/blog\/concurso-colegio-pedro-ii-maratona\/","url":"https:\/\/www.estrategiaconcursos.com.br\/blog\/concurso-colegio-pedro-ii-maratona\/","name":"Concurso Col\u00e9gio Pedro II: maratona de aulas gratuitas","isPartOf":{"@id":"https:\/\/www.estrategiaconcursos.com.br\/blog\/#website"},"datePublished":"2019-07-14T11:00:47+00:00","breadcrumb":{"@id":"https:\/\/www.estrategiaconcursos.com.br\/blog\/concurso-colegio-pedro-ii-maratona\/#breadcrumb"},"inLanguage":"pt-BR","potentialAction":[{"@type":"ReadAction","target":["https:\/\/www.estrategiaconcursos.com.br\/blog\/concurso-colegio-pedro-ii-maratona\/"]}]},{"@type":"BreadcrumbList","@id":"https:\/\/www.estrategiaconcursos.com.br\/blog\/concurso-colegio-pedro-ii-maratona\/#breadcrumb","itemListElement":[{"@type":"ListItem","position":1,"name":"In\u00edcio","item":"https:\/\/www.estrategiaconcursos.com.br\/blog\/"},{"@type":"ListItem","position":2,"name":"Concurso Col\u00e9gio Pedro II: maratona de aulas gratuitas"}]},{"@type":"WebSite","@id":"https:\/\/www.estrategiaconcursos.com.br\/blog\/#website","url":"https:\/\/www.estrategiaconcursos.com.br\/blog\/","name":"Estrat\u00e9gia Concursos","description":"O blog da Estrat\u00e9gia Concursos traz not\u00edcias sobre concursos e artigos de professores oferecendo cursos para concursos (pdf + videaulas) no site.","publisher":{"@id":"https:\/\/www.estrategiaconcursos.com.br\/blog\/#organization"},"potentialAction":[{"@type":"SearchAction","target":{"@type":"EntryPoint","urlTemplate":"https:\/\/www.estrategiaconcursos.com.br\/blog\/?s={search_term_string}"},"query-input":{"@type":"PropertyValueSpecification","valueRequired":true,"valueName":"search_term_string"}}],"inLanguage":"pt-BR"},{"@type":"Organization","@id":"https:\/\/www.estrategiaconcursos.com.br\/blog\/#organization","name":"Estrat\u00e9gia Concursos","url":"https:\/\/www.estrategiaconcursos.com.br\/blog\/","logo":{"@type":"ImageObject","inLanguage":"pt-BR","@id":"https:\/\/www.estrategiaconcursos.com.br\/blog\/#\/schema\/logo\/image\/","url":"https:\/\/dhg1h5j42swfq.cloudfront.net\/2025\/06\/03203428\/logo_concursos-1.jpg","contentUrl":"https:\/\/dhg1h5j42swfq.cloudfront.net\/2025\/06\/03203428\/logo_concursos-1.jpg","width":230,"height":60,"caption":"Estrat\u00e9gia Concursos"},"image":{"@id":"https:\/\/www.estrategiaconcursos.com.br\/blog\/#\/schema\/logo\/image\/"},"sameAs":["https:\/\/x.com\/EstratConcursos"]},{"@type":"Person","@id":"https:\/\/www.estrategiaconcursos.com.br\/blog\/#\/schema\/person\/b4a388c97673c5f483d72185668afa1f","name":"Coordena\u00e7\u00e3o","image":{"@type":"ImageObject","inLanguage":"pt-BR","@id":"https:\/\/secure.gravatar.com\/avatar\/b720319e4c9a967eb58678d110f4fe35452fc5d5f97b202bac7b8acceb18c6ad?s=96&d=mm&r=g","url":"https:\/\/secure.gravatar.com\/avatar\/b720319e4c9a967eb58678d110f4fe35452fc5d5f97b202bac7b8acceb18c6ad?s=96&d=mm&r=g","contentUrl":"https:\/\/secure.gravatar.com\/avatar\/b720319e4c9a967eb58678d110f4fe35452fc5d5f97b202bac7b8acceb18c6ad?s=96&d=mm&r=g","caption":"Coordena\u00e7\u00e3o"},"sameAs":["https:\/\/www.facebook.com\/EstrategiaConcursos","https:\/\/x.com\/EstratConcursos"],"url":"https:\/\/www.estrategiaconcursos.com.br\/blog\/author\/estrategia2013\/"}]}},"_links":{"self":[{"href":"https:\/\/www.estrategiaconcursos.com.br\/blog\/wp-json\/wp\/v2\/posts\/396555","targetHints":{"allow":["GET"]}}],"collection":[{"href":"https:\/\/www.estrategiaconcursos.com.br\/blog\/wp-json\/wp\/v2\/posts"}],"about":[{"href":"https:\/\/www.estrategiaconcursos.com.br\/blog\/wp-json\/wp\/v2\/types\/post"}],"author":[{"embeddable":true,"href":"https:\/\/www.estrategiaconcursos.com.br\/blog\/wp-json\/wp\/v2\/users\/1"}],"replies":[{"embeddable":true,"href":"https:\/\/www.estrategiaconcursos.com.br\/blog\/wp-json\/wp\/v2\/comments?post=396555"}],"version-history":[{"count":3,"href":"https:\/\/www.estrategiaconcursos.com.br\/blog\/wp-json\/wp\/v2\/posts\/396555\/revisions"}],"predecessor-version":[{"id":398226,"href":"https:\/\/www.estrategiaconcursos.com.br\/blog\/wp-json\/wp\/v2\/posts\/396555\/revisions\/398226"}],"wp:attachment":[{"href":"https:\/\/www.estrategiaconcursos.com.br\/blog\/wp-json\/wp\/v2\/media?parent=396555"}],"wp:term":[{"taxonomy":"category","embeddable":true,"href":"https:\/\/www.estrategiaconcursos.com.br\/blog\/wp-json\/wp\/v2\/categories?post=396555"},{"taxonomy":"post_tag","embeddable":true,"href":"https:\/\/www.estrategiaconcursos.com.br\/blog\/wp-json\/wp\/v2\/tags?post=396555"},{"taxonomy":"tax_estado","embeddable":true,"href":"https:\/\/www.estrategiaconcursos.com.br\/blog\/wp-json\/wp\/v2\/tax_estado?post=396555"}],"curies":[{"name":"wp","href":"https:\/\/api.w.org\/{rel}","templated":true}]}}