{"id":396513,"date":"2026-04-16T10:00:38","date_gmt":"2026-04-16T13:00:38","guid":{"rendered":"https:\/\/www.estrategiaconcursos.com.br\/blog\/?p=396513"},"modified":"2026-04-16T15:27:14","modified_gmt":"2026-04-16T18:27:14","slug":"concurso-prefeitura-esteio","status":"publish","type":"post","link":"https:\/\/www.estrategiaconcursos.com.br\/blog\/concurso-prefeitura-esteio\/","title":{"rendered":"Concurso Prefeitura de Esteio: sa\u00edram editais; at\u00e9 R$ 11,2 mil!"},"content":{"rendered":"\n<p>Foi publicado o edital de concurso da <strong>Prefeitura de Esteio<\/strong>, munic\u00edpio localizado no estado do Rio Grande do Sul.<\/p>\n\n\n\n<p>Segundo o documento, s\u00e3o contempladas oportunidades em cadastro reserva para cargos de n\u00edveis fundamental, m\u00e9dio, t\u00e9cnico e superior, com sal\u00e1rios que alcan\u00e7am at\u00e9 <strong>R$ 11,2 mil<\/strong>.<\/p>\n\n\n\n<p>Aos interessados, as inscri\u00e7\u00f5es j\u00e1 est\u00e3o abertas e devem ser feitas at\u00e9 o dia <strong>4 de maio<\/strong>, atrav\u00e9s do site da banca, a Funda\u00e7\u00e3o La Salle, ao custo de R$ 70,00 a R$ 150,00.<\/p>\n\n\n\n<p>Ademais, os futuros candidatos ter\u00e3o de enfrentar provas objetivas nos dias <strong>14 e 21 de junho<\/strong>. A depender do cargo, outras etapas ser\u00e3o aplicadas.<\/p>\n\n\n\n<ul class=\"wp-block-list has-very-light-gray-to-cyan-bluish-gray-gradient-background has-background\">\n<li><strong>Prefeitura Municipal de Esteio<\/strong><\/li>\n\n\n\n<li><strong>Status<\/strong>: inscri\u00e7\u00f5es abertas at\u00e9 04\/05<\/li>\n\n\n\n<li><strong>Banca: <\/strong><a href=\"https:\/\/fundacaolasalle.org.br\/concursos\/?filtro=em-breve\" target=\"_blank\" rel=\"noreferrer noopener nofollow\">Funda\u00e7\u00e3o La Salle<\/a><\/li>\n\n\n\n<li><strong>Vagas<\/strong>: CR<\/li>\n\n\n\n<li><strong>Sal\u00e1rio: <\/strong>R$ 1.724,25 a R$ 11.248,03<\/li>\n\n\n\n<li><strong>Editais<\/strong>:&nbsp;<a href=\"https:\/\/dhg1h5j42swfq.cloudfront.net\/2026\/04\/09212445\/ed_abert_esteio0126.pdf\" target=\"_blank\" rel=\"noreferrer noopener nofollow\">Esteio 01\/2026<\/a> | <a href=\"https:\/\/dhg1h5j42swfq.cloudfront.net\/2026\/04\/09212449\/ed_abert_esteio0226.pdf\">Esteio 02\/2026<\/a><\/li>\n<\/ul>\n\n\n\n<p>Se voc\u00ea tem interesse neste certame, chegou ao lugar certo. Ao longo deste artigo reunimos as principais informa\u00e7\u00f5es sobre o concurso da Prefeitura de Esteio. Acompanhe nos t\u00f3picos abaixo:<\/p>\n\n\n\n<ul id=\"indice\" class=\"wp-block-list\">\n<li><strong><a href=\"#datas\">Principais datas<\/a><\/strong><\/li>\n\n\n\n<li><a href=\"#re\"><strong>Retifica\u00e7\u00f5es<\/strong><\/a><\/li>\n\n\n\n<li><strong><a href=\"#cargo\">Cargos, vagas e sal\u00e1rios<\/a><\/strong>\n<ul class=\"wp-block-list\">\n<li><a href=\"#fund\">Fundamental<\/a><\/li>\n\n\n\n<li><a href=\"#med\">M\u00e9dio\/t\u00e9cnico<\/a><\/li>\n\n\n\n<li><a href=\"#sup\">Superior<\/a><\/li>\n<\/ul>\n<\/li>\n\n\n\n<li><a href=\"#etapas\"><strong>Etapa de prova<\/strong><\/a>\n<ul class=\"wp-block-list\">\n<li><a href=\"#objetiva\">Prova objetiva<\/a><\/li>\n\n\n\n<li><a href=\"#pratica\">Prova pr\u00e1tica<\/a><\/li>\n\n\n\n<li><a href=\"#discursiva\">Prova discursiva<\/a><\/li>\n\n\n\n<li><a href=\"#titulos\">Prova de t\u00edtulos<\/a><\/li>\n<\/ul>\n<\/li>\n\n\n\n<li><a href=\"#cursos\"><strong>Assinatura e cursos<\/strong><\/a><\/li>\n\n\n\n<li><a href=\"#ficha\"><strong>Ficha t\u00e9cnica<\/strong><\/a><\/li>\n<\/ul>\n\n\n\n<div class=\"container\" id=\"boxes\">\n  <div class=\"row\">\n\n    <div class=\"col-sm\">\n      <div class=\"banner-prefeituras-ec\" id=\"box-assinatura\">\n        <h2 class=\"titulo-assinatura\" style=\"text-align: left;\">Concursos Prefeituras<\/h2>\n        <p class=\"subtitulo-assinatura\" style=\"text-align: left;\">Prepara\u00e7\u00e3o completa para a carreira!<\/p>\n        <div class=\"box-botao\" style=\"text-align: left;\">\n          <a class=\"btn-assinatura\" target=\"_blank\" href=\"https:\/\/www.estrategiaconcursos.com.br\/pesquisa\/?q=prefeitura+Esteio\/\" role=\"button\" rel=\"noopener noreferrer\">EXPLORAR CURSOS<\/a>\n        <\/div>\n      <\/div><\/div><\/div><\/div>\n\n\n\n<h2 class=\"wp-block-heading\" id=\"datas\">Concurso Esteio: principais datas<\/h2>\n\n\n\n<ul class=\"wp-block-list\">\n<li><strong>Inscri\u00e7\u00f5es:<\/strong> 09 de abril a 04 de maio <\/li>\n\n\n\n<li><strong>Isen\u00e7\u00e3o da taxa:<\/strong> 09 a 13 de abril<\/li>\n\n\n\n<li><strong>Pagamento da taxa:<\/strong> at\u00e9 05 de maio<\/li>\n\n\n\n<li><strong>Datas das provas:<\/strong> \n<ul class=\"wp-block-list\">\n<li>14 de junho (Edital 02); e<\/li>\n\n\n\n<li> 21 de junho (Edital 01).<\/li>\n<\/ul>\n<\/li>\n<\/ul>\n\n\n\n<h2 class=\"wp-block-heading\" id=\"re\">Concurso Esteio: retifica\u00e7\u00f5es<\/h2>\n\n\n\n<p><strong><a href=\"https:\/\/dhg1h5j42swfq.cloudfront.net\/2026\/04\/16100008\/ed0202_retif_esteio0226.pdf\" target=\"_blank\" rel=\"noreferrer noopener\">Retifica\u00e7\u00e3o 1<\/a> (Edital 2):<\/strong> altera valor da taxa de inscri\u00e7\u00e3o de R$ 79 para R$ 70. Al\u00e9m disso, excluiu os conte\u00fados program\u00e1ticos para n\u00edvel de escolaridade fundamental completo, j\u00e1 que o concurso n\u00e3o contempla cargos para esse n\u00edvel.<\/p>\n\n\n\n<h2 class=\"wp-block-heading\" id=\"cargo\">Concurso Esteio: cargos, vagas e sal\u00e1rios<\/h2>\n\n\n\n<h3 class=\"wp-block-heading\" id=\"fund\">N\u00edvel fundamental<\/h3>\n\n\n\n<figure class=\"wp-block-table is-style-stripes\"><table class=\"has-fixed-layout\"><thead><tr><td class=\"has-text-align-center\" data-align=\"center\"><strong>Cargos<\/strong><\/td><td class=\"has-text-align-center\" data-align=\"center\"><strong>Total de Vagas<\/strong><\/td><td class=\"has-text-align-center\" data-align=\"center\"><strong>Vencimento<\/strong><\/td><\/tr><\/thead><tbody><tr><td class=\"has-text-align-center\" data-align=\"center\">Sepultador<\/td><td class=\"has-text-align-center\" data-align=\"center\">C.R.<\/td><td class=\"has-text-align-center\" data-align=\"center\">R$ 2.115,01 <sup><\/sup><\/td><\/tr><tr><td class=\"has-text-align-center\" data-align=\"center\">Mec\u00e2nico de Ve\u00edculos<\/td><td class=\"has-text-align-center\" data-align=\"center\">C.R.<\/td><td class=\"has-text-align-center\" data-align=\"center\">R$ 1.724,25 <sup><\/sup><\/td><\/tr><tr><td class=\"has-text-align-center\" data-align=\"center\">Operador de M\u00e1quinas<\/td><td class=\"has-text-align-center\" data-align=\"center\">C.R.<\/td><td class=\"has-text-align-center\" data-align=\"center\">R$ 2.422,02 <sup><\/sup><\/td><\/tr><\/tbody><\/table><\/figure>\n\n\n\n<h3 class=\"wp-block-heading\" id=\"med\">N\u00edvel m\u00e9dio\/t\u00e9cnico<\/h3>\n\n\n\n<figure class=\"wp-block-table is-style-stripes\"><table class=\"has-fixed-layout\"><thead><tr><td class=\"has-text-align-center\" data-align=\"center\"><strong>Cargos<\/strong><\/td><td class=\"has-text-align-center\" data-align=\"center\"><strong>Total de Vagas<\/strong><\/td><td class=\"has-text-align-center\" data-align=\"center\"><strong>Vencimento<\/strong><\/td><\/tr><\/thead><tbody><tr><td class=\"has-text-align-center\" data-align=\"center\">Agente Comunit\u00e1rio de Sa\u00fade (Diversas \u00e1reas)<\/td><td class=\"has-text-align-center\" data-align=\"center\">C.R.<\/td><td class=\"has-text-align-center\" data-align=\"center\">R$ 3.036,00 <sup><\/sup><sup><\/sup><sup><\/sup><\/td><\/tr><tr><td class=\"has-text-align-center\" data-align=\"center\">Agente de Combate \u00e0s Endemias<\/td><td class=\"has-text-align-center\" data-align=\"center\">C.R.<\/td><td class=\"has-text-align-center\" data-align=\"center\">R$ 3.036,00 <sup><\/sup><sup><\/sup><\/td><\/tr><tr><td class=\"has-text-align-center\" data-align=\"center\">Assistente Administrativo<\/td><td class=\"has-text-align-center\" data-align=\"center\">C.R.<\/td><td class=\"has-text-align-center\" data-align=\"center\">R$ 2.115,01 <sup><\/sup><sup><\/sup><\/td><\/tr><tr><td class=\"has-text-align-center\" data-align=\"center\">Fiscal<\/td><td class=\"has-text-align-center\" data-align=\"center\">C.R.<\/td><td class=\"has-text-align-center\" data-align=\"center\">R$ 2.115,01 <sup><\/sup><sup><\/sup><\/td><\/tr><tr><td class=\"has-text-align-center\" data-align=\"center\">Guarda Municipal<\/td><td class=\"has-text-align-center\" data-align=\"center\">C.R.<\/td><td class=\"has-text-align-center\" data-align=\"center\">R$ 2.546,09 <sup><\/sup><sup><\/sup><\/td><\/tr><tr><td class=\"has-text-align-center\" data-align=\"center\">T\u00e9cnico de Enfermagem (Geral e do Trabalho)<\/td><td class=\"has-text-align-center\" data-align=\"center\">C.R.<\/td><td class=\"has-text-align-center\" data-align=\"center\">R$ 3.727,64 <sup><\/sup><sup><\/sup><\/td><\/tr><tr><td class=\"has-text-align-center\" data-align=\"center\">T\u00e9cnico de Sa\u00fade Bucal<\/td><td class=\"has-text-align-center\" data-align=\"center\">C.R.<\/td><td class=\"has-text-align-center\" data-align=\"center\">R$ 3.727,64 <sup><\/sup><sup><\/sup><\/td><\/tr><tr><td class=\"has-text-align-center\" data-align=\"center\">Demais T\u00e9cnicos (Biblioteconomia, Inform\u00e1tica, Nutri\u00e7\u00e3o, Seg. Trabalho)<\/td><td class=\"has-text-align-center\" data-align=\"center\">C.R.<\/td><td class=\"has-text-align-center\" data-align=\"center\">R$ 2.660,81 <sup><\/sup><sup><\/sup><sup><\/sup><\/td><\/tr><\/tbody><\/table><\/figure>\n\n\n\n<h3 class=\"wp-block-heading\" id=\"sup\">N\u00edvel superior<\/h3>\n\n\n\n<figure class=\"wp-block-table is-style-stripes\"><table class=\"has-fixed-layout\"><thead><tr><td class=\"has-text-align-center\" data-align=\"center\"><strong>Cargos<\/strong><\/td><td class=\"has-text-align-center\" data-align=\"center\"><strong>Total de Vagas<\/strong><\/td><td class=\"has-text-align-center\" data-align=\"center\"><strong>Vencimento<\/strong><\/td><\/tr><\/thead><tbody><tr><td class=\"has-text-align-center\" data-align=\"center\">Professor de Educa\u00e7\u00e3o Infantil 36h<\/td><td class=\"has-text-align-center\" data-align=\"center\">C.R.<\/td><td class=\"has-text-align-center\" data-align=\"center\">R$ 4.940,94 <sup><\/sup><sup><\/sup><sup><\/sup><\/td><\/tr><tr><td class=\"has-text-align-center\" data-align=\"center\">Professor (Anos Iniciais e \u00c1reas Espec\u00edficas 24h)<\/td><td class=\"has-text-align-center\" data-align=\"center\">C.R.<\/td><td class=\"has-text-align-center\" data-align=\"center\">R$ 3.102,52 <sup><\/sup><sup><\/sup><sup><\/sup><sup><\/sup><sup><\/sup><sup><\/sup><sup><\/sup><\/td><\/tr><tr><td class=\"has-text-align-center\" data-align=\"center\">Analista Administrativo \/ de Sistemas<\/td><td class=\"has-text-align-center\" data-align=\"center\">C.R.<\/td><td class=\"has-text-align-center\" data-align=\"center\">R$ 5.565,10 <sup><\/sup><\/td><\/tr><tr><td class=\"has-text-align-center\" data-align=\"center\">Auditor Fiscal de Tributos<\/td><td class=\"has-text-align-center\" data-align=\"center\">C.R.<\/td><td class=\"has-text-align-center\" data-align=\"center\">R$ 6.564,20 <sup><\/sup><\/td><\/tr><tr><td class=\"has-text-align-center\" data-align=\"center\">Odont\u00f3logo (40h)<\/td><td class=\"has-text-align-center\" data-align=\"center\">C.R.<\/td><td class=\"has-text-align-center\" data-align=\"center\">R$ 6.564,20 <sup><\/sup><\/td><\/tr><tr><td class=\"has-text-align-center\" data-align=\"center\">M\u00e9dico Comunit\u00e1rio PSF (40h)<\/td><td class=\"has-text-align-center\" data-align=\"center\">C.R.<\/td><td class=\"has-text-align-center\" data-align=\"center\">R$ 11.248,03 <sup><\/sup><\/td><\/tr><tr><td class=\"has-text-align-center\" data-align=\"center\">M\u00e9dico Generalista (20h)<\/td><td class=\"has-text-align-center\" data-align=\"center\">C.R.<\/td><td class=\"has-text-align-center\" data-align=\"center\">R$ 6.153,95 <sup><\/sup><\/td><\/tr><tr><td class=\"has-text-align-center\" data-align=\"center\">M\u00e9dicos Especialistas (16h)<\/td><td class=\"has-text-align-center\" data-align=\"center\">C.R.<\/td><td class=\"has-text-align-center\" data-align=\"center\">R$ 4.923,15 <sup><\/sup><sup><\/sup><\/td><\/tr><tr><td class=\"has-text-align-center\" data-align=\"center\">Cargos T\u00e9cnicos Superiores (Arquiteto, Bi\u00f3logo, Psic\u00f3logo, etc. 30h)<\/td><td class=\"has-text-align-center\" data-align=\"center\">C.R.<\/td><td class=\"has-text-align-center\" data-align=\"center\">R$ 4.923,15 <sup><\/sup><sup><\/sup><\/td><\/tr><tr><td class=\"has-text-align-center\" data-align=\"center\">Procurador Municipal<\/td><td class=\"has-text-align-center\" data-align=\"center\">C.R.<\/td><td class=\"has-text-align-center\" data-align=\"center\">R$ 4.923,15 <sup><\/sup><\/td><\/tr><\/tbody><\/table><\/figure>\n\n\n\n<h2 class=\"wp-block-heading\" id=\"etapas\">Concurso Esteio: etapas de avalia\u00e7\u00f5es<\/h2>\n\n\n\n<p>O certame constitui-se de:<\/p>\n\n\n\n<ul class=\"wp-block-list\">\n<li><strong>Prova objetiva<\/strong>, de car\u00e1ter classificat\u00f3rio e eliminat\u00f3rio, para todos os cargos;<\/li>\n\n\n\n<li><strong>Prova discursiva<\/strong>, de car\u00e1ter classificat\u00f3rio e eliminat\u00f3rio, para Professor;<\/li>\n\n\n\n<li><strong>Prova de t\u00edtulos<\/strong>, de car\u00e1ter classificat\u00f3rio, para os cargos de Professor, Fiscal, Analista Administrativo, Auditor Fiscal, Preparador F\u00edsico e Procurador Municipal;<\/li>\n\n\n\n<li><strong>Prova pr\u00e1tica<\/strong>, de car\u00e1ter classificat\u00f3rio e eliminat\u00f3rio, para Operador de M\u00e1quinas e Sepultador;<\/li>\n\n\n\n<li><strong>Teste de aptid\u00e3o f\u00edsica (TAF)<\/strong>, de car\u00e1ter eliminat\u00f3rio, para Guarda Municipal;<\/li>\n\n\n\n<li><strong>Investiga\u00e7\u00e3o Social e Curso de Forma\u00e7\u00e3o<\/strong>, de car\u00e1ter eliminat\u00f3rio, para Guarda Municipal.<\/li>\n<\/ul>\n\n\n\n<h3 class=\"wp-block-heading\" id=\"objetiva\">Prova objetiva<\/h3>\n\n\n\n<p>Com dura\u00e7\u00e3o de 3h30min, a prova objetiva composta por quest\u00f5es de m\u00faltipla escolha, com 5 alternativas, sendo apenas uma a correta.<\/p>\n\n\n\n<figure class=\"wp-block-table is-style-stripes\"><table class=\"has-fixed-layout\"><thead><tr><td class=\"has-text-align-center\" data-align=\"center\"><strong>Disciplinas<\/strong><\/td><td class=\"has-text-align-center\" data-align=\"center\"><strong>Car\u00e1ter<\/strong><\/td><td class=\"has-text-align-center\" data-align=\"center\"><strong>N\u00ba de Quest\u00f5es<\/strong><\/td><td class=\"has-text-align-center\" data-align=\"center\"><strong>Peso por Quest\u00e3o<\/strong><\/td><td class=\"has-text-align-center\" data-align=\"center\"><strong>Pontua\u00e7\u00e3o M\u00ednima<\/strong><\/td><td class=\"has-text-align-center\" data-align=\"center\"><strong>Pontua\u00e7\u00e3o M\u00e1xima<\/strong><\/td><\/tr><\/thead><tbody><tr><td class=\"has-text-align-center\" data-align=\"center\">Conhecimentos Espec\u00edficos<\/td><td class=\"has-text-align-center\" data-align=\"center\">Classificat\u00f3rio e Eliminat\u00f3rio<\/td><td class=\"has-text-align-center\" data-align=\"center\">20<\/td><td class=\"has-text-align-center\" data-align=\"center\">2,50 pontos<\/td><td class=\"has-text-align-center\" data-align=\"center\">25,00 pontos<\/td><td class=\"has-text-align-center\" data-align=\"center\">50,00 pontos<\/td><\/tr><tr><td class=\"has-text-align-center\" data-align=\"center\">L\u00edngua Portuguesa<\/td><td class=\"has-text-align-center\" data-align=\"center\">Classificat\u00f3rio e Eliminat\u00f3rio<\/td><td class=\"has-text-align-center\" data-align=\"center\">10<\/td><td class=\"has-text-align-center\" data-align=\"center\">2,00 pontos<\/td><td class=\"has-text-align-center\" data-align=\"center\">8,00 pontos<\/td><td class=\"has-text-align-center\" data-align=\"center\">20,00 pontos<\/td><\/tr><tr><td class=\"has-text-align-center\" data-align=\"center\">Legisla\u00e7\u00e3o<\/td><td class=\"has-text-align-center\" data-align=\"center\">Classificat\u00f3rio e Eliminat\u00f3rio<\/td><td class=\"has-text-align-center\" data-align=\"center\">10<\/td><td class=\"has-text-align-center\" data-align=\"center\">2,00 pontos<\/td><td class=\"has-text-align-center\" data-align=\"center\">8,00 pontos<\/td><td class=\"has-text-align-center\" data-align=\"center\">20,00 pontos<\/td><\/tr><tr><td class=\"has-text-align-center\" data-align=\"center\">Racioc\u00ednio L\u00f3gico<\/td><td class=\"has-text-align-center\" data-align=\"center\">Classificat\u00f3rio e Eliminat\u00f3rio<\/td><td class=\"has-text-align-center\" data-align=\"center\">10<\/td><td class=\"has-text-align-center\" data-align=\"center\">1,00 ponto<\/td><td class=\"has-text-align-center\" data-align=\"center\">4,00 pontos<\/td><td class=\"has-text-align-center\" data-align=\"center\">10,00 pontos<\/td><\/tr><tr><td class=\"has-text-align-center\" data-align=\"center\"><strong>Total<\/strong><\/td><td class=\"has-text-align-center\" data-align=\"center\"><\/td><td class=\"has-text-align-center\" data-align=\"center\"><strong>50<\/strong><\/td><td class=\"has-text-align-center\" data-align=\"center\"><\/td><td class=\"has-text-align-center\" data-align=\"center\"><\/td><td class=\"has-text-align-center\" data-align=\"center\"><strong>100 pontos<\/strong><\/td><\/tr><\/tbody><\/table><\/figure>\n\n\n\n<p>Ser\u00e1 classificado como aprovado o candidato que obtiver desempenho geral igual ou superior a 50  pontos e, simultaneamente, atingir os pontos m\u00ednimos nas disciplinas de car\u00e1ter eliminat\u00f3rio.<\/p>\n\n\n\n<h3 class=\"wp-block-heading\" id=\"discursiva\">Prova discursiva<\/h3>\n\n\n\n<p><strong>Para Procurador<\/strong><\/p>\n\n\n\n<p>A etapa de Provas Discursivas ter\u00e1 car\u00e1ter eliminat\u00f3rio e classificat\u00f3rio, exclusivamente para o cargo de Procurador Municipal, constitu\u00edda por 02 (duas) quest\u00f5es discursivas e pela elabora\u00e7\u00e3o de pe\u00e7a processual, considerando os conte\u00fados program\u00e1ticos.<\/p>\n\n\n\n<p>As Provas Discursivas ser\u00e3o avaliadas com pontua\u00e7\u00e3o m\u00e1xima de 100 pontos, sendo atribu\u00eddos 50 pontos \u00e0s 02 (duas) quest\u00f5es discursivas e 50 pontos \u00e0 elabora\u00e7\u00e3o da pe\u00e7a processual.<\/p>\n\n\n\n<p><strong>Para Professor<\/strong><\/p>\n\n\n\n<p>A etapa de prova de desempenho did\u00e1tico ter\u00e1 car\u00e1ter eliminat\u00f3rio e classificat\u00f3rio e consistir\u00e1 na ministra\u00e7\u00e3o de uma aula para todos os cargos de Professor, exceto para os cargos de Professor: Educa\u00e7\u00e3o Infantil 36h, para os quais ser\u00e1 realizada uma exposi\u00e7\u00e3o pedag\u00f3gica.<\/p>\n\n\n\n<p>A avalia\u00e7\u00e3o ocorrer\u00e1 por meio de exposi\u00e7\u00e3o oral sobre tema\/conte\u00fado predeterminado da \u00e1rea espec\u00edfica de atua\u00e7\u00e3o do cargo, com dura\u00e7\u00e3o m\u00e1xima de 20 minutos para apresenta\u00e7\u00e3o e de at\u00e9 10 minutos destinados a questionamentos da Banca Examinadora.<\/p>\n\n\n\n<h3 class=\"wp-block-heading\" id=\"titulos\">Prova de t\u00edtulos<\/h3>\n\n\n\n<p>Com pontua\u00e7\u00e3o m\u00e1xima de 10 pontos, a prova de t\u00edtulos visa avaliar as titula\u00e7\u00f5es acad\u00eamicas dos candidatos a partir de crit\u00e9rios e pontua\u00e7\u00f5es para fins classificat\u00f3rios.<\/p>\n\n\n\n<figure class=\"wp-block-table is-style-stripes\"><table><thead><tr><td class=\"has-text-align-center\" data-align=\"center\"><strong>Categoria dos T\u00edtulos de Forma\u00e7\u00e3o Acad\u00eamica<\/strong><\/td><td class=\"has-text-align-center\" data-align=\"center\"><strong>Pontua\u00e7\u00e3o por T\u00edtulo<\/strong><\/td><td class=\"has-text-align-center\" data-align=\"center\"><strong>N\u00ba de T\u00edtulos Aceitos<\/strong><\/td><\/tr><\/thead><tbody><tr><td class=\"has-text-align-center\" data-align=\"center\"><strong>Doutorado<\/strong> (<em>Stricto Sensu<\/em>)<\/td><td class=\"has-text-align-center\" data-align=\"center\">4,00 pontos<\/td><td class=\"has-text-align-center\" data-align=\"center\">1<\/td><\/tr><tr><td class=\"has-text-align-center\" data-align=\"center\"><strong>Mestrado<\/strong> (<em>Stricto Sensu<\/em>)<\/td><td class=\"has-text-align-center\" data-align=\"center\">3,00 pontos<\/td><td class=\"has-text-align-center\" data-align=\"center\">1<\/td><\/tr><tr><td class=\"has-text-align-center\" data-align=\"center\"><strong>Especializa\u00e7\u00e3o ou MBA<\/strong> (<em>Lato Sensu<\/em> &#8211; m\u00edn. 360h)<\/td><td class=\"has-text-align-center\" data-align=\"center\">1,50 pontos<\/td><td class=\"has-text-align-center\" data-align=\"center\">2<\/td><\/tr><\/tbody><\/table><\/figure>\n\n\n\n<h3 class=\"wp-block-heading\" id=\"pratica\">Prova pr\u00e1tica<\/h3>\n\n\n\n<p>Para o cargo de Operador de M\u00e1quinas a prova consistir\u00e1 na condu\u00e7\u00e3o e opera\u00e7\u00e3o de retroescavadeira, composta de verifica\u00e7\u00e3o de itens de seguran\u00e7a, avalia\u00e7\u00e3o da condu\u00e7\u00e3o do equipamento, em conson\u00e2ncia com as normas do C\u00f3digo de Tr\u00e2nsito Brasileiro, bem como avalia\u00e7\u00e3o da correta e completa execu\u00e7\u00e3o das tarefas estipuladas, conforme segue:<\/p>\n\n\n\n<ul class=\"wp-block-list\">\n<li>a) 50 pontos \u2013 cavar uma vala com metragem de comprimento e profundidade espec\u00edficos, utilizando somente a concha traseira da retroescavadeira, em determinado tempo;<\/li>\n\n\n\n<li>b) 50 pontos \u2013 carregar caminh\u00e3o com determinada metragem de aterro, com retroescavadeira, em determinado tempo<\/li>\n<\/ul>\n\n\n\n<h3 class=\"wp-block-heading\" id=\"taf\">Teste de aptid\u00e3o f\u00edsica<\/h3>\n\n\n\n<p>O Teste de Aptid\u00e3o F\u00edsica (TAF) consistir\u00e1 nos seguintes exerc\u00edcios f\u00edsicos:<\/p>\n\n\n\n<ul class=\"wp-block-list\">\n<li>Teste de Flex\u00e3o Abdominal em 1 Minuto;<\/li>\n\n\n\n<li>Teste de flex\u00e3o de bra\u00e7o (APOIO) (MASCULINO E FEMININO);<\/li>\n\n\n\n<li>Din\u00e2mica de Flex\u00e3o de Bra\u00e7o Sobre o Solo \u2013 Candidata Feminina;<\/li>\n\n\n\n<li>Teste de Corrida de 12 Minutos.<\/li>\n<\/ul>\n\n\n\n<hr class=\"wp-block-separator has-alpha-channel-opacity\"\/>\n\n\n\n<p class=\"has-text-align-center has-x-large-font-size\" id=\"cursos\"><em>Quer estudar para o concurso Esteio?<\/em><\/p>\n\n\n\n<div class=\"container\" id=\"boxes\">\n  <div class=\"row\">\n\n    <div class=\"col-sm\">\n      <div class=\"banner-prefeituras-ec\" id=\"box-assinatura\">\n        <h2 class=\"titulo-assinatura\" style=\"text-align: left;\">Concursos Prefeituras<\/h2>\n        <p class=\"subtitulo-assinatura\" style=\"text-align: left;\">Prepara\u00e7\u00e3o completa para a carreira!<\/p>\n        <div class=\"box-botao\" style=\"text-align: left;\">\n          <a class=\"btn-assinatura\" target=\"_blank\" href=\"https:\/\/www.estrategiaconcursos.com.br\/pesquisa\/?q=prefeitura+Esteio\/\" role=\"button\" rel=\"noopener noreferrer\">EXPLORAR CURSOS<\/a>\n        <\/div>\n      <\/div><\/div><\/div><\/div>\n\n\n\n<div class=\"container\" id=\"boxes\">\r\n  <div class=\"row\">\r\n\r\n    <div class=\"col-sm\">\r\n      <div class=\"estrategia\" id=\"box-assinatura\">\r\n        <h3 class=\"titulo-assinatura\">Assinatura Concursos<\/h3>\r\n        <p class=\"subtitulo-assinatura\">Assinatura de 1 ano ou 2 anos<\/p>\r\n        <div class=\"box-botao\">\r\n          <a class=\"btn-assinatura\" target=\"_blank\" href=\"https:\/\/www.estrategiaconcursos.com.br\/assinaturas\/\" role=\"button\" rel=\"noopener noreferrer\">ASSINE AGORA<\/a>\r\n        <\/div>\r\n      <\/div><\/div><\/div><\/div>\n\n\n\n<p class=\"has-text-align-center has-x-large-font-size\" id=\"h-quer-saber-tudo-sobre-concursos-previstos-confira-os-nossos-artigos\">Quer saber tudo sobre concursos previstos?<br \/>Confira os nossos artigos!<\/p>\n\n\n\n<ul class=\"wp-block-list\">\n<li><a href=\"https:\/\/www.estrategiaconcursos.com.br\/blog\/concursos-abertos\/\" target=\"_blank\" rel=\"noreferrer noopener\">Concursos Abertos<\/a><\/li>\n\n\n\n<li><a href=\"https:\/\/www.estrategiaconcursos.com.br\/blog\/concursos-abertos-prefeituras\/?srsltid=AfmBOoqFWRgstAdShu3KWy5n7AcJBl-fkHeMc1_9f6PHsVgg__40c37J\" target=\"_blank\" rel=\"noreferrer noopener\">Concursos Abertos de Prefeituras<\/a><\/li>\n\n\n\n<li><a href=\"https:\/\/www.estrategiaconcursos.com.br\/blog\/concursos-prefeituras\/?srsltid=AfmBOorp0jdmPvhohqUpcOPqtdgGzza7gaSiuJGE4abLyOza9ZuL4Nex\" target=\"_blank\" rel=\"noreferrer noopener\">Concursos Prefeituras<\/a><\/li>\n\n\n\n<li><a href=\"https:\/\/www.estrategiaconcursos.com.br\/blog\/concursos-2026\/\" target=\"_blank\" rel=\"noreferrer noopener\">Concursos 2026<\/a><\/li>\n<\/ul>\n\n\n\n<figure class=\"wp-block-image is-resized\"><img loading=\"lazy\" decoding=\"async\" width=\"1024\" height=\"632\" src=\"https:\/\/dhg1h5j42swfq.cloudfront.net\/2021\/04\/01161145\/ficha-tecnica-5-1024x632.png\" alt=\"Informa\u00e7\u00f5es do concurso Prefeitura de\" class=\"wp-image-706736\" style=\"width:236px;height:145px\" srcset=\"https:\/\/dhg1h5j42swfq.cloudfront.net\/2021\/04\/01161145\/ficha-tecnica-5-1024x632.png 1024w, https:\/\/dhg1h5j42swfq.cloudfront.net\/2021\/04\/01161145\/ficha-tecnica-5-300x185.png 300w, https:\/\/dhg1h5j42swfq.cloudfront.net\/2021\/04\/01161145\/ficha-tecnica-5-768x474.png 768w, https:\/\/dhg1h5j42swfq.cloudfront.net\/2021\/04\/01161145\/ficha-tecnica-5-1536x948.png 1536w, https:\/\/dhg1h5j42swfq.cloudfront.net\/2021\/04\/01161145\/ficha-tecnica-5-610x377.png 610w, https:\/\/dhg1h5j42swfq.cloudfront.net\/2021\/04\/01161145\/ficha-tecnica-5.png 1571w\" sizes=\"auto, (max-width: 1024px) 100vw, 1024px\" \/><\/figure>\n\n\n\n<h3 class=\"wp-block-heading\" id=\"ficha-tecnica\">Informa\u00e7\u00f5es do Concurso Esteio &#8211; RS<\/h3>\n\n\n\n<ul class=\"wp-block-list\">\n<li><strong>Data da prova<\/strong>: 14 e 21\/06\/2026<\/li>\n\n\n\n<li><strong>Banca<\/strong>: La Salle<\/li>\n\n\n\n<li><strong>Escolaridade<\/strong>: todas<\/li>\n\n\n\n<li><strong>Vagas:<\/strong> CR<\/li>\n\n\n\n<li><strong>Cargos<\/strong>: diversos<\/li>\n\n\n\n<li><strong>Editais<\/strong>:&nbsp;<a href=\"https:\/\/dhg1h5j42swfq.cloudfront.net\/2026\/04\/09212445\/ed_abert_esteio0126.pdf\" target=\"_blank\" rel=\"noreferrer noopener nofollow\">Esteio 01\/2026<\/a> | <a href=\"https:\/\/dhg1h5j42swfq.cloudfront.net\/2026\/04\/09212449\/ed_abert_esteio0226.pdf\">Esteio 02\/2026<\/a><\/li>\n<\/ul>\n","protected":false},"excerpt":{"rendered":"<p>Foi publicado o edital de concurso da Prefeitura de Esteio, munic\u00edpio localizado no estado do Rio Grande do Sul. Segundo o documento, s\u00e3o contempladas oportunidades em cadastro reserva para cargos de n\u00edveis fundamental, m\u00e9dio, t\u00e9cnico e superior, com sal\u00e1rios que alcan\u00e7am at\u00e9 R$ 11,2 mil. Aos interessados, as inscri\u00e7\u00f5es j\u00e1 est\u00e3o abertas e devem ser [&hellip;]<\/p>\n","protected":false},"author":2991,"featured_media":945358,"comment_status":"open","ping_status":"closed","sticky":false,"template":"","format":"standard","meta":{"post_tipo":"news_page","footnotes":""},"categories":[222278],"tags":[],"tax_estado":[219986],"class_list":["post-396513","post","type-post","status-publish","format-standard","has-post-thumbnail","hentry","category-prefeituras","tax_estado-rs"],"acf":[],"yoast_head":"<!-- This site is optimized with the Yoast SEO Premium plugin v27.2 (Yoast SEO v27.2) - https:\/\/yoast.com\/product\/yoast-seo-premium-wordpress\/ -->\n<title>Concurso Prefeitura de Esteio: sa\u00edram editais; at\u00e9 R$ 11,2 mil!<\/title>\n<meta name=\"description\" content=\"Concurso Prefeitura de Esteio: editais publicados com diversas vagas para cargos em todos os n\u00edveis. Inscri\u00e7\u00f5es j\u00e1 ABERTAS!\" \/>\n<meta name=\"robots\" content=\"index, follow, max-snippet:-1, max-image-preview:large, max-video-preview:-1\" \/>\n<link rel=\"canonical\" href=\"https:\/\/www.estrategiaconcursos.com.br\/blog\/concurso-prefeitura-esteio\/\" \/>\n<meta property=\"og:locale\" content=\"pt_BR\" \/>\n<meta property=\"og:type\" content=\"article\" \/>\n<meta property=\"og:title\" content=\"Concurso Prefeitura de Esteio: sa\u00edram editais; at\u00e9 R$ 11,2 mil!\" \/>\n<meta property=\"og:description\" content=\"Concurso Prefeitura de Esteio: editais publicados com diversas vagas para cargos em todos os n\u00edveis. Inscri\u00e7\u00f5es j\u00e1 ABERTAS!\" \/>\n<meta property=\"og:url\" content=\"https:\/\/www.estrategiaconcursos.com.br\/blog\/concurso-prefeitura-esteio\/\" \/>\n<meta property=\"og:site_name\" content=\"Estrat\u00e9gia Concursos\" \/>\n<meta property=\"article:published_time\" content=\"2026-04-16T13:00:38+00:00\" \/>\n<meta property=\"article:modified_time\" content=\"2026-04-16T18:27:14+00:00\" \/>\n<meta property=\"og:image\" content=\"https:\/\/dhg1h5j42swfq.cloudfront.net\/2022\/01\/12103932\/prefeitura-de-esteio.jpg\" \/>\n\t<meta property=\"og:image:width\" content=\"768\" \/>\n\t<meta property=\"og:image:height\" content=\"432\" \/>\n\t<meta property=\"og:image:type\" content=\"image\/jpeg\" \/>\n<meta name=\"author\" content=\"Melmuara Thaiane Doneg\u00e1 C\u00e2ndido\" \/>\n<meta name=\"twitter:card\" content=\"summary_large_image\" \/>\n<meta name=\"twitter:creator\" content=\"@EstratConcursos\" \/>\n<meta name=\"twitter:site\" content=\"@EstratConcursos\" \/>\n<meta name=\"twitter:label1\" content=\"Escrito por\" \/>\n\t<meta name=\"twitter:data1\" content=\"Melmuara Thaiane Doneg\u00e1 C\u00e2ndido\" \/>\n\t<meta name=\"twitter:label2\" content=\"Est. tempo de leitura\" \/>\n\t<meta name=\"twitter:data2\" content=\"5 minutos\" \/>\n<script type=\"application\/ld+json\" class=\"yoast-schema-graph\">{\"@context\":\"https:\/\/schema.org\",\"@graph\":[{\"@type\":\"NewsArticle\",\"@id\":\"https:\/\/www.estrategiaconcursos.com.br\/blog\/concurso-prefeitura-esteio\/#article\",\"isPartOf\":{\"@id\":\"https:\/\/www.estrategiaconcursos.com.br\/blog\/concurso-prefeitura-esteio\/\"},\"author\":{\"name\":\"Melmuara Thaiane Doneg\u00e1 C\u00e2ndido\",\"@id\":\"https:\/\/www.estrategiaconcursos.com.br\/blog\/#\/schema\/person\/f33ffe5648e36a1ec7be14cb98aec31a\"},\"headline\":\"Concurso Prefeitura de Esteio: sa\u00edram editais; at\u00e9 R$ 11,2 mil!\",\"datePublished\":\"2026-04-16T13:00:38+00:00\",\"dateModified\":\"2026-04-16T18:27:14+00:00\",\"mainEntityOfPage\":{\"@id\":\"https:\/\/www.estrategiaconcursos.com.br\/blog\/concurso-prefeitura-esteio\/\"},\"wordCount\":1207,\"commentCount\":0,\"publisher\":{\"@id\":\"https:\/\/www.estrategiaconcursos.com.br\/blog\/#organization\"},\"image\":{\"@id\":\"https:\/\/www.estrategiaconcursos.com.br\/blog\/concurso-prefeitura-esteio\/#primaryimage\"},\"thumbnailUrl\":\"https:\/\/dhg1h5j42swfq.cloudfront.net\/2022\/01\/12103932\/prefeitura-de-esteio.jpg\",\"articleSection\":[\"Prefeituras\"],\"inLanguage\":\"pt-BR\",\"potentialAction\":[{\"@type\":\"CommentAction\",\"name\":\"Comment\",\"target\":[\"https:\/\/www.estrategiaconcursos.com.br\/blog\/concurso-prefeitura-esteio\/#respond\"]}],\"copyrightYear\":\"2026\",\"copyrightHolder\":{\"@id\":\"https:\/\/www.estrategiaconcursos.com.br\/blog\/#organization\"}},{\"@type\":\"WebPage\",\"@id\":\"https:\/\/www.estrategiaconcursos.com.br\/blog\/concurso-prefeitura-esteio\/\",\"url\":\"https:\/\/www.estrategiaconcursos.com.br\/blog\/concurso-prefeitura-esteio\/\",\"name\":\"Concurso Prefeitura de Esteio: sa\u00edram editais; at\u00e9 R$ 11,2 mil!\",\"isPartOf\":{\"@id\":\"https:\/\/www.estrategiaconcursos.com.br\/blog\/#website\"},\"primaryImageOfPage\":{\"@id\":\"https:\/\/www.estrategiaconcursos.com.br\/blog\/concurso-prefeitura-esteio\/#primaryimage\"},\"image\":{\"@id\":\"https:\/\/www.estrategiaconcursos.com.br\/blog\/concurso-prefeitura-esteio\/#primaryimage\"},\"thumbnailUrl\":\"https:\/\/dhg1h5j42swfq.cloudfront.net\/2022\/01\/12103932\/prefeitura-de-esteio.jpg\",\"datePublished\":\"2026-04-16T13:00:38+00:00\",\"dateModified\":\"2026-04-16T18:27:14+00:00\",\"description\":\"Concurso Prefeitura de Esteio: editais publicados com diversas vagas para cargos em todos os n\u00edveis. Inscri\u00e7\u00f5es j\u00e1 ABERTAS!\",\"breadcrumb\":{\"@id\":\"https:\/\/www.estrategiaconcursos.com.br\/blog\/concurso-prefeitura-esteio\/#breadcrumb\"},\"inLanguage\":\"pt-BR\",\"potentialAction\":[{\"@type\":\"ReadAction\",\"target\":[\"https:\/\/www.estrategiaconcursos.com.br\/blog\/concurso-prefeitura-esteio\/\"]}]},{\"@type\":\"ImageObject\",\"inLanguage\":\"pt-BR\",\"@id\":\"https:\/\/www.estrategiaconcursos.com.br\/blog\/concurso-prefeitura-esteio\/#primaryimage\",\"url\":\"https:\/\/dhg1h5j42swfq.cloudfront.net\/2022\/01\/12103932\/prefeitura-de-esteio.jpg\",\"contentUrl\":\"https:\/\/dhg1h5j42swfq.cloudfront.net\/2022\/01\/12103932\/prefeitura-de-esteio.jpg\",\"width\":768,\"height\":432},{\"@type\":\"BreadcrumbList\",\"@id\":\"https:\/\/www.estrategiaconcursos.com.br\/blog\/concurso-prefeitura-esteio\/#breadcrumb\",\"itemListElement\":[{\"@type\":\"ListItem\",\"position\":1,\"name\":\"In\u00edcio\",\"item\":\"https:\/\/www.estrategiaconcursos.com.br\/blog\/\"},{\"@type\":\"ListItem\",\"position\":2,\"name\":\"Concurso Prefeitura de Esteio: sa\u00edram editais; at\u00e9 R$ 11,2 mil!\"}]},{\"@type\":\"WebSite\",\"@id\":\"https:\/\/www.estrategiaconcursos.com.br\/blog\/#website\",\"url\":\"https:\/\/www.estrategiaconcursos.com.br\/blog\/\",\"name\":\"Estrat\u00e9gia Concursos\",\"description\":\"O blog da Estrat\u00e9gia Concursos traz not\u00edcias sobre concursos e artigos de professores oferecendo cursos para concursos (pdf + videaulas) no site.\",\"publisher\":{\"@id\":\"https:\/\/www.estrategiaconcursos.com.br\/blog\/#organization\"},\"potentialAction\":[{\"@type\":\"SearchAction\",\"target\":{\"@type\":\"EntryPoint\",\"urlTemplate\":\"https:\/\/www.estrategiaconcursos.com.br\/blog\/?s={search_term_string}\"},\"query-input\":{\"@type\":\"PropertyValueSpecification\",\"valueRequired\":true,\"valueName\":\"search_term_string\"}}],\"inLanguage\":\"pt-BR\"},{\"@type\":\"Organization\",\"@id\":\"https:\/\/www.estrategiaconcursos.com.br\/blog\/#organization\",\"name\":\"Estrat\u00e9gia Concursos\",\"url\":\"https:\/\/www.estrategiaconcursos.com.br\/blog\/\",\"logo\":{\"@type\":\"ImageObject\",\"inLanguage\":\"pt-BR\",\"@id\":\"https:\/\/www.estrategiaconcursos.com.br\/blog\/#\/schema\/logo\/image\/\",\"url\":\"https:\/\/dhg1h5j42swfq.cloudfront.net\/2025\/06\/03203428\/logo_concursos-1.jpg\",\"contentUrl\":\"https:\/\/dhg1h5j42swfq.cloudfront.net\/2025\/06\/03203428\/logo_concursos-1.jpg\",\"width\":230,\"height\":60,\"caption\":\"Estrat\u00e9gia Concursos\"},\"image\":{\"@id\":\"https:\/\/www.estrategiaconcursos.com.br\/blog\/#\/schema\/logo\/image\/\"},\"sameAs\":[\"https:\/\/x.com\/EstratConcursos\"]},{\"@type\":\"Person\",\"@id\":\"https:\/\/www.estrategiaconcursos.com.br\/blog\/#\/schema\/person\/f33ffe5648e36a1ec7be14cb98aec31a\",\"name\":\"Melmuara Thaiane Doneg\u00e1 C\u00e2ndido\",\"image\":{\"@type\":\"ImageObject\",\"inLanguage\":\"pt-BR\",\"@id\":\"https:\/\/secure.gravatar.com\/avatar\/72c23c49ace6e781125178efe440f336ae4f50fbfb902780beb369688b387c4f?s=96&d=mm&r=g\",\"url\":\"https:\/\/secure.gravatar.com\/avatar\/72c23c49ace6e781125178efe440f336ae4f50fbfb902780beb369688b387c4f?s=96&d=mm&r=g\",\"contentUrl\":\"https:\/\/secure.gravatar.com\/avatar\/72c23c49ace6e781125178efe440f336ae4f50fbfb902780beb369688b387c4f?s=96&d=mm&r=g\",\"caption\":\"Melmuara Thaiane Doneg\u00e1 C\u00e2ndido\"},\"description\":\"Formada em Jornalismo em 2011 pela UniSEB-COC, Ribeir\u00e3o Preto-SP, atua desde 2017 na produ\u00e7\u00e3o de conte\u00fado para prefeituras, passando da \u00e1rea publicit\u00e1ria para a cria\u00e7\u00e3o de textos estrat\u00e9gicos e not\u00edcias sobre concursos, mantendo os concurseiros bem informados sobre os principais editais de prefeituras e concursos municipais.\",\"birthDate\":\"1990-04-21\",\"gender\":\"feminino\",\"url\":\"https:\/\/www.estrategiaconcursos.com.br\/blog\/author\/melmuara-candidoestrategia-com\/\"}]}<\/script>\n<!-- \/ Yoast SEO Premium plugin. -->","yoast_head_json":{"title":"Concurso Prefeitura de Esteio: sa\u00edram editais; at\u00e9 R$ 11,2 mil!","description":"Concurso Prefeitura de Esteio: editais publicados com diversas vagas para cargos em todos os n\u00edveis. Inscri\u00e7\u00f5es j\u00e1 ABERTAS!","robots":{"index":"index","follow":"follow","max-snippet":"max-snippet:-1","max-image-preview":"max-image-preview:large","max-video-preview":"max-video-preview:-1"},"canonical":"https:\/\/www.estrategiaconcursos.com.br\/blog\/concurso-prefeitura-esteio\/","og_locale":"pt_BR","og_type":"article","og_title":"Concurso Prefeitura de Esteio: sa\u00edram editais; at\u00e9 R$ 11,2 mil!","og_description":"Concurso Prefeitura de Esteio: editais publicados com diversas vagas para cargos em todos os n\u00edveis. Inscri\u00e7\u00f5es j\u00e1 ABERTAS!","og_url":"https:\/\/www.estrategiaconcursos.com.br\/blog\/concurso-prefeitura-esteio\/","og_site_name":"Estrat\u00e9gia Concursos","article_published_time":"2026-04-16T13:00:38+00:00","article_modified_time":"2026-04-16T18:27:14+00:00","og_image":[{"width":768,"height":432,"url":"https:\/\/dhg1h5j42swfq.cloudfront.net\/2022\/01\/12103932\/prefeitura-de-esteio.jpg","type":"image\/jpeg"}],"author":"Melmuara Thaiane Doneg\u00e1 C\u00e2ndido","twitter_card":"summary_large_image","twitter_creator":"@EstratConcursos","twitter_site":"@EstratConcursos","twitter_misc":{"Escrito por":"Melmuara Thaiane Doneg\u00e1 C\u00e2ndido","Est. tempo de leitura":"5 minutos"},"schema":{"@context":"https:\/\/schema.org","@graph":[{"@type":"NewsArticle","@id":"https:\/\/www.estrategiaconcursos.com.br\/blog\/concurso-prefeitura-esteio\/#article","isPartOf":{"@id":"https:\/\/www.estrategiaconcursos.com.br\/blog\/concurso-prefeitura-esteio\/"},"author":{"name":"Melmuara Thaiane Doneg\u00e1 C\u00e2ndido","@id":"https:\/\/www.estrategiaconcursos.com.br\/blog\/#\/schema\/person\/f33ffe5648e36a1ec7be14cb98aec31a"},"headline":"Concurso Prefeitura de Esteio: sa\u00edram editais; at\u00e9 R$ 11,2 mil!","datePublished":"2026-04-16T13:00:38+00:00","dateModified":"2026-04-16T18:27:14+00:00","mainEntityOfPage":{"@id":"https:\/\/www.estrategiaconcursos.com.br\/blog\/concurso-prefeitura-esteio\/"},"wordCount":1207,"commentCount":0,"publisher":{"@id":"https:\/\/www.estrategiaconcursos.com.br\/blog\/#organization"},"image":{"@id":"https:\/\/www.estrategiaconcursos.com.br\/blog\/concurso-prefeitura-esteio\/#primaryimage"},"thumbnailUrl":"https:\/\/dhg1h5j42swfq.cloudfront.net\/2022\/01\/12103932\/prefeitura-de-esteio.jpg","articleSection":["Prefeituras"],"inLanguage":"pt-BR","potentialAction":[{"@type":"CommentAction","name":"Comment","target":["https:\/\/www.estrategiaconcursos.com.br\/blog\/concurso-prefeitura-esteio\/#respond"]}],"copyrightYear":"2026","copyrightHolder":{"@id":"https:\/\/www.estrategiaconcursos.com.br\/blog\/#organization"}},{"@type":"WebPage","@id":"https:\/\/www.estrategiaconcursos.com.br\/blog\/concurso-prefeitura-esteio\/","url":"https:\/\/www.estrategiaconcursos.com.br\/blog\/concurso-prefeitura-esteio\/","name":"Concurso Prefeitura de Esteio: sa\u00edram editais; at\u00e9 R$ 11,2 mil!","isPartOf":{"@id":"https:\/\/www.estrategiaconcursos.com.br\/blog\/#website"},"primaryImageOfPage":{"@id":"https:\/\/www.estrategiaconcursos.com.br\/blog\/concurso-prefeitura-esteio\/#primaryimage"},"image":{"@id":"https:\/\/www.estrategiaconcursos.com.br\/blog\/concurso-prefeitura-esteio\/#primaryimage"},"thumbnailUrl":"https:\/\/dhg1h5j42swfq.cloudfront.net\/2022\/01\/12103932\/prefeitura-de-esteio.jpg","datePublished":"2026-04-16T13:00:38+00:00","dateModified":"2026-04-16T18:27:14+00:00","description":"Concurso Prefeitura de Esteio: editais publicados com diversas vagas para cargos em todos os n\u00edveis. Inscri\u00e7\u00f5es j\u00e1 ABERTAS!","breadcrumb":{"@id":"https:\/\/www.estrategiaconcursos.com.br\/blog\/concurso-prefeitura-esteio\/#breadcrumb"},"inLanguage":"pt-BR","potentialAction":[{"@type":"ReadAction","target":["https:\/\/www.estrategiaconcursos.com.br\/blog\/concurso-prefeitura-esteio\/"]}]},{"@type":"ImageObject","inLanguage":"pt-BR","@id":"https:\/\/www.estrategiaconcursos.com.br\/blog\/concurso-prefeitura-esteio\/#primaryimage","url":"https:\/\/dhg1h5j42swfq.cloudfront.net\/2022\/01\/12103932\/prefeitura-de-esteio.jpg","contentUrl":"https:\/\/dhg1h5j42swfq.cloudfront.net\/2022\/01\/12103932\/prefeitura-de-esteio.jpg","width":768,"height":432},{"@type":"BreadcrumbList","@id":"https:\/\/www.estrategiaconcursos.com.br\/blog\/concurso-prefeitura-esteio\/#breadcrumb","itemListElement":[{"@type":"ListItem","position":1,"name":"In\u00edcio","item":"https:\/\/www.estrategiaconcursos.com.br\/blog\/"},{"@type":"ListItem","position":2,"name":"Concurso Prefeitura de Esteio: sa\u00edram editais; at\u00e9 R$ 11,2 mil!"}]},{"@type":"WebSite","@id":"https:\/\/www.estrategiaconcursos.com.br\/blog\/#website","url":"https:\/\/www.estrategiaconcursos.com.br\/blog\/","name":"Estrat\u00e9gia Concursos","description":"O blog da Estrat\u00e9gia Concursos traz not\u00edcias sobre concursos e artigos de professores oferecendo cursos para concursos (pdf + videaulas) no site.","publisher":{"@id":"https:\/\/www.estrategiaconcursos.com.br\/blog\/#organization"},"potentialAction":[{"@type":"SearchAction","target":{"@type":"EntryPoint","urlTemplate":"https:\/\/www.estrategiaconcursos.com.br\/blog\/?s={search_term_string}"},"query-input":{"@type":"PropertyValueSpecification","valueRequired":true,"valueName":"search_term_string"}}],"inLanguage":"pt-BR"},{"@type":"Organization","@id":"https:\/\/www.estrategiaconcursos.com.br\/blog\/#organization","name":"Estrat\u00e9gia Concursos","url":"https:\/\/www.estrategiaconcursos.com.br\/blog\/","logo":{"@type":"ImageObject","inLanguage":"pt-BR","@id":"https:\/\/www.estrategiaconcursos.com.br\/blog\/#\/schema\/logo\/image\/","url":"https:\/\/dhg1h5j42swfq.cloudfront.net\/2025\/06\/03203428\/logo_concursos-1.jpg","contentUrl":"https:\/\/dhg1h5j42swfq.cloudfront.net\/2025\/06\/03203428\/logo_concursos-1.jpg","width":230,"height":60,"caption":"Estrat\u00e9gia Concursos"},"image":{"@id":"https:\/\/www.estrategiaconcursos.com.br\/blog\/#\/schema\/logo\/image\/"},"sameAs":["https:\/\/x.com\/EstratConcursos"]},{"@type":"Person","@id":"https:\/\/www.estrategiaconcursos.com.br\/blog\/#\/schema\/person\/f33ffe5648e36a1ec7be14cb98aec31a","name":"Melmuara Thaiane Doneg\u00e1 C\u00e2ndido","image":{"@type":"ImageObject","inLanguage":"pt-BR","@id":"https:\/\/secure.gravatar.com\/avatar\/72c23c49ace6e781125178efe440f336ae4f50fbfb902780beb369688b387c4f?s=96&d=mm&r=g","url":"https:\/\/secure.gravatar.com\/avatar\/72c23c49ace6e781125178efe440f336ae4f50fbfb902780beb369688b387c4f?s=96&d=mm&r=g","contentUrl":"https:\/\/secure.gravatar.com\/avatar\/72c23c49ace6e781125178efe440f336ae4f50fbfb902780beb369688b387c4f?s=96&d=mm&r=g","caption":"Melmuara Thaiane Doneg\u00e1 C\u00e2ndido"},"description":"Formada em Jornalismo em 2011 pela UniSEB-COC, Ribeir\u00e3o Preto-SP, atua desde 2017 na produ\u00e7\u00e3o de conte\u00fado para prefeituras, passando da \u00e1rea publicit\u00e1ria para a cria\u00e7\u00e3o de textos estrat\u00e9gicos e not\u00edcias sobre concursos, mantendo os concurseiros bem informados sobre os principais editais de prefeituras e concursos municipais.","birthDate":"1990-04-21","gender":"feminino","url":"https:\/\/www.estrategiaconcursos.com.br\/blog\/author\/melmuara-candidoestrategia-com\/"}]}},"_links":{"self":[{"href":"https:\/\/www.estrategiaconcursos.com.br\/blog\/wp-json\/wp\/v2\/posts\/396513","targetHints":{"allow":["GET"]}}],"collection":[{"href":"https:\/\/www.estrategiaconcursos.com.br\/blog\/wp-json\/wp\/v2\/posts"}],"about":[{"href":"https:\/\/www.estrategiaconcursos.com.br\/blog\/wp-json\/wp\/v2\/types\/post"}],"author":[{"embeddable":true,"href":"https:\/\/www.estrategiaconcursos.com.br\/blog\/wp-json\/wp\/v2\/users\/2991"}],"replies":[{"embeddable":true,"href":"https:\/\/www.estrategiaconcursos.com.br\/blog\/wp-json\/wp\/v2\/comments?post=396513"}],"version-history":[{"count":63,"href":"https:\/\/www.estrategiaconcursos.com.br\/blog\/wp-json\/wp\/v2\/posts\/396513\/revisions"}],"predecessor-version":[{"id":1754697,"href":"https:\/\/www.estrategiaconcursos.com.br\/blog\/wp-json\/wp\/v2\/posts\/396513\/revisions\/1754697"}],"wp:featuredmedia":[{"embeddable":true,"href":"https:\/\/www.estrategiaconcursos.com.br\/blog\/wp-json\/wp\/v2\/media\/945358"}],"wp:attachment":[{"href":"https:\/\/www.estrategiaconcursos.com.br\/blog\/wp-json\/wp\/v2\/media?parent=396513"}],"wp:term":[{"taxonomy":"category","embeddable":true,"href":"https:\/\/www.estrategiaconcursos.com.br\/blog\/wp-json\/wp\/v2\/categories?post=396513"},{"taxonomy":"post_tag","embeddable":true,"href":"https:\/\/www.estrategiaconcursos.com.br\/blog\/wp-json\/wp\/v2\/tags?post=396513"},{"taxonomy":"tax_estado","embeddable":true,"href":"https:\/\/www.estrategiaconcursos.com.br\/blog\/wp-json\/wp\/v2\/tax_estado?post=396513"}],"curies":[{"name":"wp","href":"https:\/\/api.w.org\/{rel}","templated":true}]}}