{"id":396483,"date":"2019-07-09T12:00:12","date_gmt":"2019-07-09T15:00:12","guid":{"rendered":"https:\/\/www.estrategiaconcursos.com.br\/blog\/?p=396483"},"modified":"2019-07-09T10:31:48","modified_gmt":"2019-07-09T13:31:48","slug":"norma-padrao-e-variacao-linguistica","status":"publish","type":"post","link":"https:\/\/www.estrategiaconcursos.com.br\/blog\/norma-padrao-e-variacao-linguistica\/","title":{"rendered":"Norma padr\u00e3o e varia\u00e7\u00e3o lingu\u00edstica"},"content":{"rendered":"\n<p><strong>Norma padr\u00e3o e varia\u00e7\u00e3o lingu\u00edstica: por que estudar a l\u00edngua padr\u00e3o?<\/strong><\/p>\n\n\n\n<p>Voc\u00ea j\u00e1 percebeu que as l\u00ednguas est\u00e3o em constante mudan\u00e7a? Isso ocorre porque elas seguem a evolu\u00e7\u00e3o do mundo \u2013 tecnologia e comunica\u00e7\u00e3o, por exemplo \u2013 acompanham tamb\u00e9m cada situa\u00e7\u00e3o cotidiana em que precisamos nos comunicar, tanto na escrita quanto na fala.<\/p>\n\n\n\n<p>Mas, se cada situa\u00e7\u00e3o exige de n\u00f3s uma l\u00edngua diferente, por que precisamos estudar a norma padr\u00e3o??<\/p>\n\n\n\n<p>Antes de responder \u00e0 pergunta acima, vamos esclarecer o que \u00e9 a <strong>norma padr\u00e3o<\/strong>:<\/p>\n\n\n\n<p>A linguagem culta ou padr\u00e3o \u00e9 aquela ensinada nas escolas e serve de ve\u00edculo \u00e0s ci\u00eancias que se apresentam com terminologia especial. \u00c9 usada pelas pessoas instru\u00eddas das diferentes classes sociais e caracteriza-se pela obedi\u00eancia \u00e0s normas gramaticais. Mais comumente usada na linguagem escrita e liter\u00e1ria, reflete prest\u00edgio social e cultural. \u00c9 mais artificial, mais est\u00e1vel, menos sujeita a varia\u00e7\u00f5es. Est\u00e1 presente nas aulas, confer\u00eancias, serm\u00f5es, discursos pol\u00edticos, comunica\u00e7\u00f5es cient\u00edficas, notici\u00e1rios de TV, programas culturais etc.<\/p>\n\n\n\n<p>Para voc\u00ea entender melhor aonde queremos chegar, imagine que voc\u00ea foi selecionado para uma entrevista de emprego. ? Qual roupa voc\u00ea usaria? Qual postura voc\u00ea teria? Como seria a sua linguagem para responder \u00e0s perguntas? Provavelmente voc\u00ea usaria uma roupa mais adequada \u00e0 situa\u00e7\u00e3o, como cal\u00e7a comprida e camisa, teria uma postura mais firme e decidida para transmitir seriedade e compromisso e sua linguagem seguiria a norma padr\u00e3o e seria mais monitorada, isto \u00e9, voc\u00ea cuidaria da sua linguagem para evitar g\u00edrias e v\u00edcios. Este \u00e9 o primeiro exemplo de por que precisamos saber a norma padr\u00e3o.<\/p>\n\n\n\n<div class=\"wp-block-image\"><figure class=\"aligncenter\"><img loading=\"lazy\" decoding=\"async\" width=\"400\" height=\"265\" src=\"https:\/\/dhg1h5j42swfq.cloudfront.net\/2019\/07\/08140438\/image35.png\" alt=\"\" class=\"wp-image-396486\" srcset=\"https:\/\/dhg1h5j42swfq.cloudfront.net\/2019\/07\/08140438\/image35.png 400w, https:\/\/dhg1h5j42swfq.cloudfront.net\/2019\/07\/08140438\/image35.png 300w\" sizes=\"auto, (max-width: 400px) 100vw, 400px\" \/><\/figure><\/div>\n\n\n\n<p>Assim, da mesma forma que voc\u00ea adapta sua linguagem para uma entrevista de emprego, voc\u00ea a adapta para falar com seus amigos, pessoas que voc\u00ea n\u00e3o conhece, com sua fam\u00edlia, com uma crian\u00e7a e assim por diante. Com isso, \u00e9 importante notar que nenhuma dessas linguagens est\u00e1 errada, na verdade elas est\u00e3o corretas em cada contexto em que ocorrem.<\/p>\n\n\n\n<p>Agora voc\u00ea j\u00e1 deve ter compreendido melhor por que \u00e9 preciso ensinar a norma padr\u00e3o nas escolas. Justamente para o cidad\u00e3o saber se comportar linguisticamente em cada situa\u00e7\u00e3o, com cada pessoa, seja on-line ou pessoalmente, por escrito ou mensagem de voz. <\/p>\n\n\n\n<p>Ainda n\u00e3o est\u00e1 convencido? Quer outro exemplo? <\/p>\n\n\n\n<p>Imagine que voc\u00ea more no sul do Brasil e viaja para o Nordeste. Voc\u00ea acha que todos ir\u00e3o entender todas as suas g\u00edrias e regionalismos? Claro que n\u00e3o! Por isso voc\u00ea precisa saber a norma padr\u00e3o, uma vez que a falta de entendimento entre os falantes gera uma falha na comunica\u00e7\u00e3o.<\/p>\n\n\n\n<p>Outro exemplo da import\u00e2ncia de se saber a norma padr\u00e3o \u00e9 para entender a linguagem usada nos meios de comunica\u00e7\u00e3o de massa: internet, revistas e jornais impressos. Devido ao alcance desses meios, quem os faz precisa utilizar uma linguagem abrangente que seja entendida de norte a sul e de leste a oeste do pa\u00eds.<\/p>\n\n\n\n<p><strong>Resumindo<\/strong>: todos podemos utilizar a l\u00edngua da maneira que quisermos, mas \u00e9 imprescind\u00edvel que, para que haja comunica\u00e7\u00e3o, ou seja, entendimento entre as partes, a l\u00edngua seja adaptada e moldada de acordo com cada situa\u00e7\u00e3o e isso eu sei que voc\u00ea sabe tirar de letra.<\/p>\n\n\n\n<p>Por fim, n\u00e3o se esque\u00e7a de que n\u00e3o costumamos ir \u00e0 praia de terno e trabalhar de roupa de banho. Assim acontece com a l\u00edngua, cada situa\u00e7\u00e3o comunicativa diferente exige uma linguagem diferente e cada lugar diferente, uma roupa diferente.<\/p>\n\n\n\n<div class=\"wp-block-image\"><figure class=\"aligncenter is-resized\"><img loading=\"lazy\" decoding=\"async\" src=\"http:\/\/www.taquiprati.com.br\/images\/Norma%20culta%20charge-surfista.jpg\" alt=\"Resultado de imagem para charge linguagem padr\u00c3\u00a3o da lingua\" width=\"448\" height=\"299\"\/><\/figure><\/div>\n\n\n\n<p>Grande abra\u00e7o.<\/p>\n\n\n\n<p><a href=\"https:\/\/www.instagram.com\/decioterror\/?hl=pt-br\" target=\"_blank\" rel=\"noreferrer noopener\" aria-label=\"D\u00e9cio Terror (abre numa nova aba)\">D\u00e9cio Terror<\/a><\/p>\n","protected":false},"excerpt":{"rendered":"<p>Norma padr\u00e3o e varia\u00e7\u00e3o lingu\u00edstica: por que estudar a l\u00edngua padr\u00e3o? Voc\u00ea j\u00e1 percebeu que as l\u00ednguas est\u00e3o em constante mudan\u00e7a? Isso ocorre porque elas seguem a evolu\u00e7\u00e3o do mundo \u2013 tecnologia e comunica\u00e7\u00e3o, por exemplo \u2013 acompanham tamb\u00e9m cada situa\u00e7\u00e3o cotidiana em que precisamos nos comunicar, tanto na escrita quanto na fala. Mas, se [&hellip;]<\/p>\n","protected":false},"author":214,"featured_media":0,"comment_status":"open","ping_status":"closed","sticky":false,"template":"","format":"standard","meta":{"post_tipo":"article","footnotes":""},"categories":[1],"tags":[],"tax_estado":[],"class_list":["post-396483","post","type-post","status-publish","format-standard","hentry","category-cursos-e-concursos"],"acf":[],"yoast_head":"<!-- This site is optimized with the Yoast SEO Premium plugin v27.2 (Yoast SEO v27.2) - https:\/\/yoast.com\/product\/yoast-seo-premium-wordpress\/ -->\n<title>Norma padr\u00e3o e varia\u00e7\u00e3o lingu\u00edstica<\/title>\n<meta name=\"robots\" content=\"index, follow, max-snippet:-1, max-image-preview:large, max-video-preview:-1\" \/>\n<link rel=\"canonical\" href=\"https:\/\/www.estrategiaconcursos.com.br\/blog\/norma-padrao-e-variacao-linguistica\/\" \/>\n<meta property=\"og:locale\" content=\"pt_BR\" \/>\n<meta property=\"og:type\" content=\"article\" \/>\n<meta property=\"og:title\" content=\"Norma padr\u00e3o e varia\u00e7\u00e3o lingu\u00edstica\" \/>\n<meta property=\"og:description\" content=\"Norma padr\u00e3o e varia\u00e7\u00e3o lingu\u00edstica: por que estudar a l\u00edngua padr\u00e3o? Voc\u00ea j\u00e1 percebeu que as l\u00ednguas est\u00e3o em constante mudan\u00e7a? Isso ocorre porque elas seguem a evolu\u00e7\u00e3o do mundo \u2013 tecnologia e comunica\u00e7\u00e3o, por exemplo \u2013 acompanham tamb\u00e9m cada situa\u00e7\u00e3o cotidiana em que precisamos nos comunicar, tanto na escrita quanto na fala. Mas, se [&hellip;]\" \/>\n<meta property=\"og:url\" content=\"https:\/\/www.estrategiaconcursos.com.br\/blog\/norma-padrao-e-variacao-linguistica\/\" \/>\n<meta property=\"og:site_name\" content=\"Estrat\u00e9gia Concursos\" \/>\n<meta property=\"article:published_time\" content=\"2019-07-09T15:00:12+00:00\" \/>\n<meta property=\"og:image\" content=\"https:\/\/www.estrategiaconcursos.com.br\/blog\/wp-content\/uploads\/2019\/07\/image35.png\" \/>\n<meta name=\"author\" content=\"D\u00e9cio Terror Filho\" \/>\n<meta name=\"twitter:card\" content=\"summary_large_image\" \/>\n<meta name=\"twitter:creator\" content=\"@EstratConcursos\" \/>\n<meta name=\"twitter:site\" content=\"@EstratConcursos\" \/>\n<meta name=\"twitter:label1\" content=\"Escrito por\" \/>\n\t<meta name=\"twitter:data1\" content=\"D\u00e9cio Terror Filho\" \/>\n\t<meta name=\"twitter:label2\" content=\"Est. tempo de leitura\" \/>\n\t<meta name=\"twitter:data2\" content=\"3 minutos\" \/>\n<script type=\"application\/ld+json\" class=\"yoast-schema-graph\">{\"@context\":\"https:\/\/schema.org\",\"@graph\":[{\"@type\":\"NewsArticle\",\"@id\":\"https:\/\/www.estrategiaconcursos.com.br\/blog\/norma-padrao-e-variacao-linguistica\/#article\",\"isPartOf\":{\"@id\":\"https:\/\/www.estrategiaconcursos.com.br\/blog\/norma-padrao-e-variacao-linguistica\/\"},\"author\":{\"name\":\"D\u00e9cio Terror Filho\",\"@id\":\"https:\/\/www.estrategiaconcursos.com.br\/blog\/#\/schema\/person\/e8165364027a31208914fc77c3314727\"},\"headline\":\"Norma padr\u00e3o e varia\u00e7\u00e3o lingu\u00edstica\",\"datePublished\":\"2019-07-09T15:00:12+00:00\",\"mainEntityOfPage\":{\"@id\":\"https:\/\/www.estrategiaconcursos.com.br\/blog\/norma-padrao-e-variacao-linguistica\/\"},\"wordCount\":617,\"commentCount\":1,\"publisher\":{\"@id\":\"https:\/\/www.estrategiaconcursos.com.br\/blog\/#organization\"},\"image\":{\"@id\":\"https:\/\/www.estrategiaconcursos.com.br\/blog\/norma-padrao-e-variacao-linguistica\/#primaryimage\"},\"thumbnailUrl\":\"https:\/\/www.estrategiaconcursos.com.br\/blog\/wp-content\/uploads\/2019\/07\/image35.png\",\"articleSection\":[\"Concursos P\u00fablicos\"],\"inLanguage\":\"pt-BR\",\"potentialAction\":[{\"@type\":\"CommentAction\",\"name\":\"Comment\",\"target\":[\"https:\/\/www.estrategiaconcursos.com.br\/blog\/norma-padrao-e-variacao-linguistica\/#respond\"]}],\"copyrightYear\":\"2019\",\"copyrightHolder\":{\"@id\":\"https:\/\/www.estrategiaconcursos.com.br\/blog\/#organization\"}},{\"@type\":\"WebPage\",\"@id\":\"https:\/\/www.estrategiaconcursos.com.br\/blog\/norma-padrao-e-variacao-linguistica\/\",\"url\":\"https:\/\/www.estrategiaconcursos.com.br\/blog\/norma-padrao-e-variacao-linguistica\/\",\"name\":\"Norma padr\u00e3o e varia\u00e7\u00e3o lingu\u00edstica\",\"isPartOf\":{\"@id\":\"https:\/\/www.estrategiaconcursos.com.br\/blog\/#website\"},\"primaryImageOfPage\":{\"@id\":\"https:\/\/www.estrategiaconcursos.com.br\/blog\/norma-padrao-e-variacao-linguistica\/#primaryimage\"},\"image\":{\"@id\":\"https:\/\/www.estrategiaconcursos.com.br\/blog\/norma-padrao-e-variacao-linguistica\/#primaryimage\"},\"thumbnailUrl\":\"https:\/\/www.estrategiaconcursos.com.br\/blog\/wp-content\/uploads\/2019\/07\/image35.png\",\"datePublished\":\"2019-07-09T15:00:12+00:00\",\"breadcrumb\":{\"@id\":\"https:\/\/www.estrategiaconcursos.com.br\/blog\/norma-padrao-e-variacao-linguistica\/#breadcrumb\"},\"inLanguage\":\"pt-BR\",\"potentialAction\":[{\"@type\":\"ReadAction\",\"target\":[\"https:\/\/www.estrategiaconcursos.com.br\/blog\/norma-padrao-e-variacao-linguistica\/\"]}]},{\"@type\":\"ImageObject\",\"inLanguage\":\"pt-BR\",\"@id\":\"https:\/\/www.estrategiaconcursos.com.br\/blog\/norma-padrao-e-variacao-linguistica\/#primaryimage\",\"url\":\"https:\/\/dhg1h5j42swfq.cloudfront.net\/2019\/07\/08140438\/image35.png\",\"contentUrl\":\"https:\/\/dhg1h5j42swfq.cloudfront.net\/2019\/07\/08140438\/image35.png\",\"width\":400,\"height\":265},{\"@type\":\"BreadcrumbList\",\"@id\":\"https:\/\/www.estrategiaconcursos.com.br\/blog\/norma-padrao-e-variacao-linguistica\/#breadcrumb\",\"itemListElement\":[{\"@type\":\"ListItem\",\"position\":1,\"name\":\"In\u00edcio\",\"item\":\"https:\/\/www.estrategiaconcursos.com.br\/blog\/\"},{\"@type\":\"ListItem\",\"position\":2,\"name\":\"Norma padr\u00e3o e varia\u00e7\u00e3o lingu\u00edstica\"}]},{\"@type\":\"WebSite\",\"@id\":\"https:\/\/www.estrategiaconcursos.com.br\/blog\/#website\",\"url\":\"https:\/\/www.estrategiaconcursos.com.br\/blog\/\",\"name\":\"Estrat\u00e9gia Concursos\",\"description\":\"O blog da Estrat\u00e9gia Concursos traz not\u00edcias sobre concursos e artigos de professores oferecendo cursos para concursos (pdf + videaulas) no site.\",\"publisher\":{\"@id\":\"https:\/\/www.estrategiaconcursos.com.br\/blog\/#organization\"},\"potentialAction\":[{\"@type\":\"SearchAction\",\"target\":{\"@type\":\"EntryPoint\",\"urlTemplate\":\"https:\/\/www.estrategiaconcursos.com.br\/blog\/?s={search_term_string}\"},\"query-input\":{\"@type\":\"PropertyValueSpecification\",\"valueRequired\":true,\"valueName\":\"search_term_string\"}}],\"inLanguage\":\"pt-BR\"},{\"@type\":\"Organization\",\"@id\":\"https:\/\/www.estrategiaconcursos.com.br\/blog\/#organization\",\"name\":\"Estrat\u00e9gia Concursos\",\"url\":\"https:\/\/www.estrategiaconcursos.com.br\/blog\/\",\"logo\":{\"@type\":\"ImageObject\",\"inLanguage\":\"pt-BR\",\"@id\":\"https:\/\/www.estrategiaconcursos.com.br\/blog\/#\/schema\/logo\/image\/\",\"url\":\"https:\/\/dhg1h5j42swfq.cloudfront.net\/2025\/06\/03203428\/logo_concursos-1.jpg\",\"contentUrl\":\"https:\/\/dhg1h5j42swfq.cloudfront.net\/2025\/06\/03203428\/logo_concursos-1.jpg\",\"width\":230,\"height\":60,\"caption\":\"Estrat\u00e9gia Concursos\"},\"image\":{\"@id\":\"https:\/\/www.estrategiaconcursos.com.br\/blog\/#\/schema\/logo\/image\/\"},\"sameAs\":[\"https:\/\/x.com\/EstratConcursos\"]},{\"@type\":\"Person\",\"@id\":\"https:\/\/www.estrategiaconcursos.com.br\/blog\/#\/schema\/person\/e8165364027a31208914fc77c3314727\",\"name\":\"D\u00e9cio Terror Filho\",\"image\":{\"@type\":\"ImageObject\",\"inLanguage\":\"pt-BR\",\"@id\":\"https:\/\/secure.gravatar.com\/avatar\/a5b78e734de7c6482e965926e78344deb81abbc34282a3c9536cbb1a59728a37?s=96&d=mm&r=g\",\"url\":\"https:\/\/secure.gravatar.com\/avatar\/a5b78e734de7c6482e965926e78344deb81abbc34282a3c9536cbb1a59728a37?s=96&d=mm&r=g\",\"contentUrl\":\"https:\/\/secure.gravatar.com\/avatar\/a5b78e734de7c6482e965926e78344deb81abbc34282a3c9536cbb1a59728a37?s=96&d=mm&r=g\",\"caption\":\"D\u00e9cio Terror Filho\"},\"url\":\"https:\/\/www.estrategiaconcursos.com.br\/blog\/author\/contatoterrorportugues-com-br\/\"}]}<\/script>\n<!-- \/ Yoast SEO Premium plugin. -->","yoast_head_json":{"title":"Norma padr\u00e3o e varia\u00e7\u00e3o lingu\u00edstica","robots":{"index":"index","follow":"follow","max-snippet":"max-snippet:-1","max-image-preview":"max-image-preview:large","max-video-preview":"max-video-preview:-1"},"canonical":"https:\/\/www.estrategiaconcursos.com.br\/blog\/norma-padrao-e-variacao-linguistica\/","og_locale":"pt_BR","og_type":"article","og_title":"Norma padr\u00e3o e varia\u00e7\u00e3o lingu\u00edstica","og_description":"Norma padr\u00e3o e varia\u00e7\u00e3o lingu\u00edstica: por que estudar a l\u00edngua padr\u00e3o? Voc\u00ea j\u00e1 percebeu que as l\u00ednguas est\u00e3o em constante mudan\u00e7a? Isso ocorre porque elas seguem a evolu\u00e7\u00e3o do mundo \u2013 tecnologia e comunica\u00e7\u00e3o, por exemplo \u2013 acompanham tamb\u00e9m cada situa\u00e7\u00e3o cotidiana em que precisamos nos comunicar, tanto na escrita quanto na fala. Mas, se [&hellip;]","og_url":"https:\/\/www.estrategiaconcursos.com.br\/blog\/norma-padrao-e-variacao-linguistica\/","og_site_name":"Estrat\u00e9gia Concursos","article_published_time":"2019-07-09T15:00:12+00:00","og_image":[{"url":"https:\/\/www.estrategiaconcursos.com.br\/blog\/wp-content\/uploads\/2019\/07\/image35.png","type":"","width":"","height":""}],"author":"D\u00e9cio Terror Filho","twitter_card":"summary_large_image","twitter_creator":"@EstratConcursos","twitter_site":"@EstratConcursos","twitter_misc":{"Escrito por":"D\u00e9cio Terror Filho","Est. tempo de leitura":"3 minutos"},"schema":{"@context":"https:\/\/schema.org","@graph":[{"@type":"NewsArticle","@id":"https:\/\/www.estrategiaconcursos.com.br\/blog\/norma-padrao-e-variacao-linguistica\/#article","isPartOf":{"@id":"https:\/\/www.estrategiaconcursos.com.br\/blog\/norma-padrao-e-variacao-linguistica\/"},"author":{"name":"D\u00e9cio Terror Filho","@id":"https:\/\/www.estrategiaconcursos.com.br\/blog\/#\/schema\/person\/e8165364027a31208914fc77c3314727"},"headline":"Norma padr\u00e3o e varia\u00e7\u00e3o lingu\u00edstica","datePublished":"2019-07-09T15:00:12+00:00","mainEntityOfPage":{"@id":"https:\/\/www.estrategiaconcursos.com.br\/blog\/norma-padrao-e-variacao-linguistica\/"},"wordCount":617,"commentCount":1,"publisher":{"@id":"https:\/\/www.estrategiaconcursos.com.br\/blog\/#organization"},"image":{"@id":"https:\/\/www.estrategiaconcursos.com.br\/blog\/norma-padrao-e-variacao-linguistica\/#primaryimage"},"thumbnailUrl":"https:\/\/www.estrategiaconcursos.com.br\/blog\/wp-content\/uploads\/2019\/07\/image35.png","articleSection":["Concursos P\u00fablicos"],"inLanguage":"pt-BR","potentialAction":[{"@type":"CommentAction","name":"Comment","target":["https:\/\/www.estrategiaconcursos.com.br\/blog\/norma-padrao-e-variacao-linguistica\/#respond"]}],"copyrightYear":"2019","copyrightHolder":{"@id":"https:\/\/www.estrategiaconcursos.com.br\/blog\/#organization"}},{"@type":"WebPage","@id":"https:\/\/www.estrategiaconcursos.com.br\/blog\/norma-padrao-e-variacao-linguistica\/","url":"https:\/\/www.estrategiaconcursos.com.br\/blog\/norma-padrao-e-variacao-linguistica\/","name":"Norma padr\u00e3o e varia\u00e7\u00e3o lingu\u00edstica","isPartOf":{"@id":"https:\/\/www.estrategiaconcursos.com.br\/blog\/#website"},"primaryImageOfPage":{"@id":"https:\/\/www.estrategiaconcursos.com.br\/blog\/norma-padrao-e-variacao-linguistica\/#primaryimage"},"image":{"@id":"https:\/\/www.estrategiaconcursos.com.br\/blog\/norma-padrao-e-variacao-linguistica\/#primaryimage"},"thumbnailUrl":"https:\/\/www.estrategiaconcursos.com.br\/blog\/wp-content\/uploads\/2019\/07\/image35.png","datePublished":"2019-07-09T15:00:12+00:00","breadcrumb":{"@id":"https:\/\/www.estrategiaconcursos.com.br\/blog\/norma-padrao-e-variacao-linguistica\/#breadcrumb"},"inLanguage":"pt-BR","potentialAction":[{"@type":"ReadAction","target":["https:\/\/www.estrategiaconcursos.com.br\/blog\/norma-padrao-e-variacao-linguistica\/"]}]},{"@type":"ImageObject","inLanguage":"pt-BR","@id":"https:\/\/www.estrategiaconcursos.com.br\/blog\/norma-padrao-e-variacao-linguistica\/#primaryimage","url":"https:\/\/dhg1h5j42swfq.cloudfront.net\/2019\/07\/08140438\/image35.png","contentUrl":"https:\/\/dhg1h5j42swfq.cloudfront.net\/2019\/07\/08140438\/image35.png","width":400,"height":265},{"@type":"BreadcrumbList","@id":"https:\/\/www.estrategiaconcursos.com.br\/blog\/norma-padrao-e-variacao-linguistica\/#breadcrumb","itemListElement":[{"@type":"ListItem","position":1,"name":"In\u00edcio","item":"https:\/\/www.estrategiaconcursos.com.br\/blog\/"},{"@type":"ListItem","position":2,"name":"Norma padr\u00e3o e varia\u00e7\u00e3o lingu\u00edstica"}]},{"@type":"WebSite","@id":"https:\/\/www.estrategiaconcursos.com.br\/blog\/#website","url":"https:\/\/www.estrategiaconcursos.com.br\/blog\/","name":"Estrat\u00e9gia Concursos","description":"O blog da Estrat\u00e9gia Concursos traz not\u00edcias sobre concursos e artigos de professores oferecendo cursos para concursos (pdf + videaulas) no site.","publisher":{"@id":"https:\/\/www.estrategiaconcursos.com.br\/blog\/#organization"},"potentialAction":[{"@type":"SearchAction","target":{"@type":"EntryPoint","urlTemplate":"https:\/\/www.estrategiaconcursos.com.br\/blog\/?s={search_term_string}"},"query-input":{"@type":"PropertyValueSpecification","valueRequired":true,"valueName":"search_term_string"}}],"inLanguage":"pt-BR"},{"@type":"Organization","@id":"https:\/\/www.estrategiaconcursos.com.br\/blog\/#organization","name":"Estrat\u00e9gia Concursos","url":"https:\/\/www.estrategiaconcursos.com.br\/blog\/","logo":{"@type":"ImageObject","inLanguage":"pt-BR","@id":"https:\/\/www.estrategiaconcursos.com.br\/blog\/#\/schema\/logo\/image\/","url":"https:\/\/dhg1h5j42swfq.cloudfront.net\/2025\/06\/03203428\/logo_concursos-1.jpg","contentUrl":"https:\/\/dhg1h5j42swfq.cloudfront.net\/2025\/06\/03203428\/logo_concursos-1.jpg","width":230,"height":60,"caption":"Estrat\u00e9gia Concursos"},"image":{"@id":"https:\/\/www.estrategiaconcursos.com.br\/blog\/#\/schema\/logo\/image\/"},"sameAs":["https:\/\/x.com\/EstratConcursos"]},{"@type":"Person","@id":"https:\/\/www.estrategiaconcursos.com.br\/blog\/#\/schema\/person\/e8165364027a31208914fc77c3314727","name":"D\u00e9cio Terror Filho","image":{"@type":"ImageObject","inLanguage":"pt-BR","@id":"https:\/\/secure.gravatar.com\/avatar\/a5b78e734de7c6482e965926e78344deb81abbc34282a3c9536cbb1a59728a37?s=96&d=mm&r=g","url":"https:\/\/secure.gravatar.com\/avatar\/a5b78e734de7c6482e965926e78344deb81abbc34282a3c9536cbb1a59728a37?s=96&d=mm&r=g","contentUrl":"https:\/\/secure.gravatar.com\/avatar\/a5b78e734de7c6482e965926e78344deb81abbc34282a3c9536cbb1a59728a37?s=96&d=mm&r=g","caption":"D\u00e9cio Terror Filho"},"url":"https:\/\/www.estrategiaconcursos.com.br\/blog\/author\/contatoterrorportugues-com-br\/"}]}},"_links":{"self":[{"href":"https:\/\/www.estrategiaconcursos.com.br\/blog\/wp-json\/wp\/v2\/posts\/396483","targetHints":{"allow":["GET"]}}],"collection":[{"href":"https:\/\/www.estrategiaconcursos.com.br\/blog\/wp-json\/wp\/v2\/posts"}],"about":[{"href":"https:\/\/www.estrategiaconcursos.com.br\/blog\/wp-json\/wp\/v2\/types\/post"}],"author":[{"embeddable":true,"href":"https:\/\/www.estrategiaconcursos.com.br\/blog\/wp-json\/wp\/v2\/users\/214"}],"replies":[{"embeddable":true,"href":"https:\/\/www.estrategiaconcursos.com.br\/blog\/wp-json\/wp\/v2\/comments?post=396483"}],"version-history":[{"count":4,"href":"https:\/\/www.estrategiaconcursos.com.br\/blog\/wp-json\/wp\/v2\/posts\/396483\/revisions"}],"predecessor-version":[{"id":396850,"href":"https:\/\/www.estrategiaconcursos.com.br\/blog\/wp-json\/wp\/v2\/posts\/396483\/revisions\/396850"}],"wp:attachment":[{"href":"https:\/\/www.estrategiaconcursos.com.br\/blog\/wp-json\/wp\/v2\/media?parent=396483"}],"wp:term":[{"taxonomy":"category","embeddable":true,"href":"https:\/\/www.estrategiaconcursos.com.br\/blog\/wp-json\/wp\/v2\/categories?post=396483"},{"taxonomy":"post_tag","embeddable":true,"href":"https:\/\/www.estrategiaconcursos.com.br\/blog\/wp-json\/wp\/v2\/tags?post=396483"},{"taxonomy":"tax_estado","embeddable":true,"href":"https:\/\/www.estrategiaconcursos.com.br\/blog\/wp-json\/wp\/v2\/tax_estado?post=396483"}],"curies":[{"name":"wp","href":"https:\/\/api.w.org\/{rel}","templated":true}]}}