{"id":396428,"date":"2019-07-08T11:49:44","date_gmt":"2019-07-08T14:49:44","guid":{"rendered":"https:\/\/www.estrategiaconcursos.com.br\/blog\/?p=396428"},"modified":"2020-04-30T17:07:11","modified_gmt":"2020-04-30T20:07:11","slug":"gabarito-extraoficial-de-direito-processual-civil-dpdf-2019","status":"publish","type":"post","link":"https:\/\/www.estrategiaconcursos.com.br\/blog\/gabarito-extraoficial-de-direito-processual-civil-dpdf-2019\/","title":{"rendered":"Gabarito Extraoficial de Direito Processual Civil &#8211; DPDF &#8211; 2019"},"content":{"rendered":"\n<p>Ol\u00e1, pessoal!<\/p>\n\n\n\n<p>Meu nome \u00e9 Rodrigo Vaslin,\nsou Juiz Federal do TRF4 e Professor de Processo Civil do Estrat\u00e9gia Concursos.<\/p>\n\n\n\n<p>Neste artigo iremos\ncomentar as quest\u00f5es do concurso para Defensor P\u00fablico do Distrito Federal de\n2019 apresentando um gabarito extraoficial.<\/p>\n\n\n\n<p>Sempre fa\u00e7o o alerta aos\nalunos de Carreiras Jur\u00eddicas que as provas sobre o Novo CPC, desde 2016 at\u00e9 os\ndias atuais, t\u00eam exigido, prioritariamente, a lei seca, bem como alguns\njulgados pontuais do STJ e do STF a respeito das inova\u00e7\u00f5es do C\u00f3digo.<\/p>\n\n\n\n<p>Portanto, voc\u00ea que est\u00e1 na\nluta, n\u00e3o deixe de lado a leitura detida do CPC. Em nosso curso, sempre ao\nexplicar um assunto, fa\u00e7o quest\u00e3o de transcrever os dispositivos, pois eles s\u00e3o\nreproduzidos, <em>ipsis litteris<\/em>, nos\ncertames.<\/p>\n\n\n\n<p>Vamos \u00e0s quest\u00f5es!<\/p>\n\n\n\n<p><strong>Quest\u00e3o\n47<\/strong><\/p>\n\n\n\n<p><strong>47 \u2013 Na execu\u00e7\u00e3o fiscal,\ncabe \u00e0 Fazenda P\u00fablica decidir se a d\u00edvida ser\u00e1 executada no foro de domic\u00edlio\ndo r\u00e9u, no de resid\u00eancia dele ou no lugar onde ele for encontrado.<\/strong><\/p>\n\n\n\n<p><strong>Gabarito Extraoficial:\nCorreta.<\/strong><\/p>\n\n\n\n<p>A\nalternativa reproduziu o art. 46, \u00a75\u00ba, CPC.<\/p>\n\n\n\n<p><em>Art. 46, \u00a7 5\u00ba A\nexecu\u00e7\u00e3o fiscal ser\u00e1 proposta no foro de domic\u00edlio do r\u00e9u, no de sua resid\u00eancia\nou no do lugar onde for encontrado.<\/em><\/p>\n\n\n\n<p>A doutrina majorit\u00e1ria, a\nexemplo de Elp\u00eddio Donizetti, diz que, de acordo com a literalidade do art. 578\n(CPC\/1973), a execu\u00e7\u00e3o fiscal s\u00f3 poderia ser proposta no foro de resid\u00eancia do\nr\u00e9u, ou no local onde ele fosse encontrado, se n\u00e3o tivesse domic\u00edlio\ncerto.&nbsp;O CPC\/2015, com o art. 46, \u00a75\u00ba, deixa claro que caber\u00e1 \u00e0 Fazenda\nP\u00fablica a escolha.<\/p>\n\n\n\n<p>V\u00e1lido asseverar, por\u00e9m,\nque a doutrina minorit\u00e1ria, a exemplo de Daniel Assump\u00e7\u00e3o, entende que a\nFazenda P\u00fablica <strong>n\u00e3o pode escolher\nlivremente<\/strong>, <strong>pois h\u00e1 prefer\u00eancia\nentre os foros<\/strong>. <\/p>\n\n\n\n<p>Assevera que, <strong>havendo\ndomic\u00edlio conhecido, este o foro competente. <\/strong>Caso contr\u00e1rio, ser\u00e1\ncompetente o foro da resid\u00eancia do r\u00e9u e, somente em \u00faltima hip\u00f3tese, quando\nn\u00e3o houver domic\u00edlio ou resid\u00eancia conhecidos, a compet\u00eancia ser\u00e1 do lugar onde\nencontrado. Afirma que este \u00faltimo entendimento \u00e9 at\u00e9 mais consent\u00e2neo com o\nart. 109, \u00a71\u00ba, CRFB, que afirma que a Uni\u00e3o propor\u00e1 a demanda no foro de\ndomic\u00edlio do r\u00e9u. <\/p>\n\n\n\n<p>De todo modo, acredito que\nn\u00e3o haver\u00e1 grandes discuss\u00f5es a respeito da alternativa e o gabarito vir\u00e1 como\ncorreta.<\/p>\n\n\n\n<p><strong>48 \u2013 Ocorrer\u00e1 a preclus\u00e3o\nl\u00f3gica do recurso para a parte que aceitar, ainda que tacitamente, senten\u00e7a que\nlhe foi desfavor\u00e1vel. <\/strong><\/p>\n\n\n\n<p><strong>Gabarito Extraoficial:\nCorreta.<\/strong><\/p>\n\n\n\n<p>A preclus\u00e3o l\u00f3gica \u00e9 a perda\nde faculdade\/poder processual em raz\u00e3o da pr\u00e1tica de um ato anterior que com\nele \u00e9 incompat\u00edvel. <\/p>\n\n\n\n<p>No caso da aquiesc\u00eancia\n(expressa ou t\u00e1cita) da decis\u00e3o, ocorre exatamente essa preclus\u00e3o l\u00f3gica.<\/p>\n\n\n\n<p>Ora, n\u00e3o pode a parte\nefetuar o pagamento ao qual foi condenada e, logo ap\u00f3s recorrer.<\/p>\n\n\n\n<p>N\u00e3o pode levantar os\nvalores depositados na a\u00e7\u00e3o consignat\u00f3ria, dando-se por satisfeita e, depois,\nrecorrer.<\/p>\n\n\n\n<p>N\u00e3o pode pleitear o\nparcelamento da d\u00edvida (art. 916) e, depois, recorrer.<\/p>\n\n\n\n<p>\u00c9 o que est\u00e1 descrito no\nart. 1.000, CPC.<\/p>\n\n\n\n<p><em>Art. 1.000. A parte\nque aceitar expressa ou tacitamente a decis\u00e3o n\u00e3o poder\u00e1 recorrer. Par\u00e1grafo\n\u00fanico. Considera-se aceita\u00e7\u00e3o t\u00e1cita a pr\u00e1tica, sem nenhuma reserva, de ato\nincompat\u00edvel com a vontade de recorrer.<\/em><\/p>\n\n\n\n<p>Se a parte vier a interpor\num recurso, al\u00e9m de haver preclus\u00e3o l\u00f3gica, estar\u00e1 violando a boa-f\u00e9\nobjetiva, mais propriamente o <em>nemo potest venire contra factum proprium<\/em>.<\/p>\n\n\n\n<p><strong>49 \u2013 Salvo se o regime de\nbens for o de separa\u00e7\u00e3o absoluta, haver\u00e1 litiscons\u00f3rcio necess\u00e1rio entre os\nc\u00f4njuges para que um deles proponha a\u00e7\u00e3o que verse sobre direito real\nimobili\u00e1rio.<\/strong><\/p>\n\n\n\n<p><strong>Gabarito Extraoficial:\nIncorreta.<\/strong><\/p>\n\n\n\n<p>O CPC prev\u00ea o\nlitiscons\u00f3rcio necess\u00e1rio no <strong>polo\npassivo e n\u00e3o ativo<\/strong>.<\/p>\n\n\n\n<p><em>Art. 73, \u00a7 1<sup>o<\/sup>&nbsp;Ambos\nos c\u00f4njuges <strong>ser\u00e3o necessariamente\ncitados para a a\u00e7\u00e3o<\/strong>:<\/em><\/p>\n\n\n\n<p><em>I<\/em><em>\n&#8211; que verse sobre direito real imobili\u00e1rio, salvo quando casados sob o regime\nde separa\u00e7\u00e3o absoluta de bens;<\/em><\/p>\n\n\n\n<p><em>II\n&#8211; resultante de fato que diga respeito a ambos os c\u00f4njuges ou de ato praticado\npor eles;<\/em><\/p>\n\n\n\n<p><em>III\n&#8211; fundada em d\u00edvida contra\u00edda por um dos c\u00f4njuges a bem da fam\u00edlia;<\/em><\/p>\n\n\n\n<p><em>IV\n&#8211; que tenha por objeto o reconhecimento, a constitui\u00e7\u00e3o ou a extin\u00e7\u00e3o de \u00f4nus\nsobre im\u00f3vel de um ou de ambos os c\u00f4njuges.<\/em><\/p>\n\n\n\n<p>Segundo o art. 10, CPC\/73,\nart. 73, CPC\/2015 e art. 1.647, II, CC<a href=\"#_ftn1\"><sup>[1]<\/sup><\/a>, um\nc\u00f4njuge somente pode propor uma demanda <strong>real\nimobili\u00e1ria<\/strong> <strong>com o consentimento do\noutro<\/strong>, salvo se casados em separa\u00e7\u00e3o absoluta de bens.<\/p>\n\n\n\n<p><em>Art. 73. &nbsp;O\nc\u00f4njuge necessitar\u00e1 do consentimento do outro para propor a\u00e7\u00e3o que verse sobre <strong>direito real imobili\u00e1rio<\/strong>, salvo\nquando casados sob o regime de separa\u00e7\u00e3o absoluta de bens.<\/em><\/p>\n\n\n\n<p><em>Art. 1.647. Ressalvado\no disposto no art. 1.648, nenhum dos c\u00f4njuges pode, sem autoriza\u00e7\u00e3o do outro, exceto\nno regime da separa\u00e7\u00e3o absoluta:<\/em><\/p>\n\n\n\n<p><em>I &#8211; alienar ou gravar\nde \u00f4nus real os bens im\u00f3veis;<\/em><\/p>\n\n\n\n<p><strong><em>II\n&#8211; pleitear, como autor ou r\u00e9u, acerca desses bens ou direitos;<\/em><\/strong><\/p>\n\n\n\n<p>Perceba que <strong>n\u00e3o \u00e9 o litiscons\u00f3rcio<\/strong> que se imp\u00f5e,\nexigindo-se apenas o seu consentimento. N\u00e3o h\u00e1 necessidade de ambos serem\nautores. Um c\u00f4njuge pode ir sozinho ao judici\u00e1rio, desde que o outro autorize.\nAssim, quanto ao polo ativo, trata-se de litiscons\u00f3rcio <strong>facultativo<\/strong> e n\u00e3o necess\u00e1rio.<\/p>\n\n\n\n<p>Em acr\u00e9scimo, vale citar\nposi\u00e7\u00e3o doutrin\u00e1ria segundo a qual n\u00e3o haveria litiscons\u00f3rcio necess\u00e1rio no\npolo ativo por duas raz\u00f5es.<\/p>\n\n\n\n<p><strong>1\u00aa raz\u00e3o<\/strong>:\nn\u00e3o \u00e9 poss\u00edvel obrigar algu\u00e9m a ser autor, a litigar em demanda judicial.<\/p>\n\n\n\n<p><strong>2\u00aa raz\u00e3o<\/strong>:\nn\u00e3o \u00e9 poss\u00edvel condicionar o direito de a\u00e7\u00e3o de uma parte (autor) \u00e0 presen\u00e7a\ndaquele outro colegitimado que n\u00e3o quer ir \u00e0 ju\u00edzo. O direito fundamental de\nacesso \u00e0 justi\u00e7a (art. 5\u00ba, XXXV, CRFB) n\u00e3o pode depender da vontade de outrem.<\/p>\n\n\n\n<p>Portanto, a alternativa\nest\u00e1 incorreta.<\/p>\n\n\n\n<p><strong>50 \u2013 Contraria o\nordenamento jur\u00eddico o juiz que negar a defensor p\u00fablico o fornecimento de\ncertid\u00e3o do dispositivo de senten\u00e7a proferida em processo tramitado em segredo\nde justi\u00e7a, sob o fundamento de aus\u00eancia de interesse jur\u00eddico.<\/strong><\/p>\n\n\n\n<p><strong>Gabarito Extraoficial:\nIncorreta.<\/strong><\/p>\n\n\n\n<p>No\nmeu entender, a alternativa coloca o defensor p\u00fablico n\u00e3o como aquele que atuou\ndefendendo o assistido, mas sim como um terceiro que pleiteia o fornecimento de\ncertid\u00e3o de um processo alheio.<\/p>\n\n\n\n<p>Nesse\ncaso, ele se submete ao art. 189, \u00a72\u00ba, CPC, que exige demonstra\u00e7\u00e3o de interesse\njur\u00eddico.<\/p>\n\n\n\n<p><em>Art. 189, \u00a7 2\u00ba O\nterceiro que demonstrar interesse jur\u00eddico pode requerer ao juiz\ncertid\u00e3o do dispositivo da senten\u00e7a, bem como de invent\u00e1rio e de partilha\nresultantes de div\u00f3rcio ou separa\u00e7\u00e3o.<\/em><\/p>\n\n\n\n<p>Portanto,\na alternativa est\u00e1 incorreta, pois a atitude do juiz n\u00e3o contraria o\nordenamento jur\u00eddico.<\/p>\n\n\n\n<p>Ademais,\nmesmo que a LC80\/94 d\u00ea ao defensor p\u00fablico a prerrogativa de requisitar\ncertid\u00f5es de autoridades p\u00fablicas, o art. 89, X, parte final exige que a\nrequisi\u00e7\u00e3o tenha liga\u00e7\u00e3o com o exerc\u00edcio de suas atribui\u00e7\u00f5es.<\/p>\n\n\n\n<p><em>LC80\/94, Art.&nbsp;89.\nS\u00e3o prerrogativas dos membros da Defensoria P\u00fablica do Distrito Federal e dos\nTerrit\u00f3rios: X &#8211; requisitar de autoridade p\u00fablica ou de seus agentes exames,\ncertid\u00f5es, per\u00edcias, vistorias, dilig\u00eancias, processos, documentos,\ninforma\u00e7\u00f5es, esclarecimentos e provid\u00eancias necess\u00e1rias ao exerc\u00edcio de suas\natribui\u00e7\u00f5es;<\/em><\/p>\n\n\n\n<p>Portanto, o juiz tamb\u00e9m\npode negar o fornecimento de certid\u00e3o quando n\u00e3o houver esse interesse\njur\u00eddico.<\/p>\n\n\n\n<p><strong>51 \u2013 Ser\u00e1 considerado\nintempestivo o recurso de apela\u00e7\u00e3o interposto antes da publica\u00e7\u00e3o da senten\u00e7a.<\/strong><\/p>\n\n\n\n<p><strong>Gabarito Extraoficial:\nIncorreta.<\/strong><\/p>\n\n\n\n<p>Na\nvig\u00eancia do CPC\/73, a \u201cjurisprud\u00eancia defensiva\u201d do STJ entendia que o recurso\ninterposto antes da publica\u00e7\u00e3o da senten\u00e7a era intempestivo.<\/p>\n\n\n\n<p>Ali\u00e1s,\no Tribunal da Cidadania editou a s\u00famula 418 que representava esse\nposicionamento.<\/p>\n\n\n\n<p><em>S\u00famula 418, STJ: \u00c9 inadmiss\u00edvel\no recurso especial interposto antes da publica\u00e7\u00e3o do ac\u00f3rd\u00e3o dos\nembargos de declara\u00e7\u00e3o, sem posterior ratifica\u00e7\u00e3o.<\/em><\/p>\n\n\n\n<p>O NCPC, felizmente, previu\nem dois dispositivos um entendimento contr\u00e1rio.<\/p>\n\n\n\n<p><em>Ao art. 1.024, \u00a7 5\u00ba: \u00a7\n5\u00ba Se os embargos de declara\u00e7\u00e3o forem rejeitados ou n\u00e3o alterarem a conclus\u00e3o\ndo julgamento anterior, o recurso interposto pela outra parte antes da\npublica\u00e7\u00e3o do julgamento dos embargos de declara\u00e7\u00e3o <strong>ser\u00e1 processado e julgado\nindependentemente de ratifica\u00e7\u00e3o<\/strong>.<\/em><\/p>\n\n\n\n<p><strong><em>Art. 218,\u00a74\u00ba<\/em><\/strong><em>\nSer\u00e1 considerado <strong>tempestivo<\/strong> o ato praticado antes do termo\ninicial do prazo.<\/em><\/p>\n\n\n\n<p>Por conta dessa\ncontrariedade, o STJ cancelou a s\u00famula 418 e j\u00e1 aprovou um novo enunciado\n(579), revendo posicionamento anterior e adotando a ideia do NCPC.<\/p>\n\n\n\n<p><em>S\u00famula 579, STJ: N\u00e3o\n\u00e9 necess\u00e1rio ratificar o recurso especial interposto na pend\u00eancia do\njulgamento dos embargos de declara\u00e7\u00e3o quando inalterado o julgamento anterior.<\/em><\/p>\n\n\n\n<p>Portanto, o ato processual\nprematuro \u00e9 v\u00e1lido e tempestivo.<\/p>\n\n\n\n<p><strong>52 \u2013 Em sede de liquida\u00e7\u00e3o\nde senten\u00e7a, a parte impugnou decis\u00e3o judicial que incluiu na condena\u00e7\u00e3o juros\nde mora e corre\u00e7\u00e3o monet\u00e1ria, sob o fundamento de configurar julgamento <em>extra\npetita<\/em>. <\/strong><\/p>\n\n\n\n<p><strong>Assertiva: Nesse caso, a\nparte agiu erroneamente, porque a fixa\u00e7\u00e3o de juros de mora e corre\u00e7\u00e3o monet\u00e1ria\nconstitui pedido impl\u00edcito.<\/strong><\/p>\n\n\n\n<p><strong>Gabarito Extraoficial:\nCorreta.<\/strong><\/p>\n\n\n\n<p>A senten\u00e7a extra petita \u00e9\num v\u00edcio de congru\u00eancia externa, consubstanciando-se naquela em que o\nmagistrado concede algo fora do que foi pleiteado, estando tal v\u00edcio\natrelado \u00e0 certeza do pedido.<\/p>\n\n\n\n<p>Segundo Didier, o pedido\ndeve ser <strong>certo<\/strong> (art. 320,\nCPC), <strong>determinado<\/strong> (art. 324, CPC), <strong>claro<\/strong> (art. 330, \u00a71\u00ba, II) e <strong>coerente<\/strong> (art. 330, \u00a71\u00ba, IV).<\/p>\n\n\n\n<p>O pedido certo (o que nos\nimporta neste momento), \u00e9 o pedido <strong>expresso<\/strong>.<\/p>\n\n\n\n<p>Certeza \u00e9\nexigida tanto no aspecto processual quanto material. No pedido <strong><em>imediato<\/em><\/strong>,\no autor deve indicar de forma expressa qual esp\u00e9cie de tutela\njurisdicional pretendida, enquanto que, no pedido <strong><em>mediato<\/em><\/strong>, deve indicar\ntamb\u00e9m expressamente o g\u00eanero do bem da vida pleiteado. <\/p>\n\n\n\n<p>Assim sendo, senten\u00e7a\nextra petita \u00e9 aquela que concede <strong>tutela\njurisdicional diferente da pleiteada<\/strong> (pedido imediato), bem como aquela\nque concede <strong>bem da vida de diferente\ng\u00eanero daquele pedido pelo autor<\/strong> (pedido mediato).<\/p>\n\n\n\n<p>Ocorre que o pr\u00f3prio\nordenamento jur\u00eddico prev\u00ea exce\u00e7\u00f5es ao princ\u00edpio da congru\u00eancia, em que <strong>\u00e9 poss\u00edvel conceder pedido n\u00e3o requerido\npelas partes.<\/strong><\/p>\n\n\n\n<p>Um dos grandes exemplos \u00e9\njustamente a possibilidade de condena\u00e7\u00e3o em juros e corre\u00e7\u00e3o monet\u00e1ria ainda que\nn\u00e3o pleiteados.<\/p>\n\n\n\n<p><em>Art. 322, \u00a7 1o\nCompreendem-se no principal os juros legais, a corre\u00e7\u00e3o monet\u00e1ria\ne as verbas de sucumb\u00eancia, inclusive os honor\u00e1rios advocat\u00edcios.<\/em><\/p>\n\n\n\n<p>Mais que pedidos\nimpl\u00edcitos, juros e corre\u00e7\u00e3o monet\u00e1ria podem ser inclu\u00eddos na execu\u00e7\u00e3o mesmo\nque n\u00e3o tenham constado da senten\u00e7a.<\/p>\n\n\n\n<p><em>S\u00famula 254, STF:\nIncluem-se os juros morat\u00f3rios na liquida\u00e7\u00e3o, embora omisso o pedido inicial ou\na condena\u00e7\u00e3o.<\/em><\/p>\n\n\n\n<p><strong>53 \u2013 O juiz deve suspender\no processo se arguida suspei\u00e7\u00e3o de membro do MP em raz\u00e3o de amizade \u00edntima\ndeste com o r\u00e9u; nesse caso, ser\u00e1 l\u00edcita apenas a pr\u00e1tica de atos processuais\nurgentes.<\/strong><\/p>\n\n\n\n<p><strong>Gabarito Extraoficial:\nIncorreta.<\/strong><\/p>\n\n\n\n<p>As\ncausas de impedimento (art. 144) e suspei\u00e7\u00e3o (art. 145) do juiz se aplicam aos\nmembros do Minist\u00e9rio P\u00fablico.<\/p>\n\n\n\n<p><em>Art. 148. Aplicam-se\nos motivos de impedimento e de suspei\u00e7\u00e3o:<\/em><\/p>\n\n\n\n<p><em>I\n&#8211; ao membro do Minist\u00e9rio P\u00fablico;<\/em><\/p>\n\n\n\n<p>Assim, a amizade \u00edntima do\nMP com uma das partes, de fato, \u00e9 causa de suspei\u00e7\u00e3o.<\/p>\n\n\n\n<p><em>Art. 145. H\u00e1 suspei\u00e7\u00e3o\ndo juiz:<\/em><\/p>\n\n\n\n<p><em>I\n&#8211; amigo \u00edntimo ou inimigo de qualquer das partes ou de seus advogados;<\/em><\/p>\n\n\n\n<p>Contudo, o erro est\u00e1 no\nfato de que, para resolver a argui\u00e7\u00e3o de suspei\u00e7\u00e3o, <strong>n\u00e3o haver\u00e1 suspens\u00e3o do processo<\/strong>.<\/p>\n\n\n\n<p><em>Art. 148, \u00a7 2\u00ba O juiz\nmandar\u00e1 processar o incidente em separado e sem suspens\u00e3o do processo, ouvindo\no arguido no prazo de 15 (quinze) dias e facultando a produ\u00e7\u00e3o de prova, quando\nnecess\u00e1ria.<\/em><\/p>\n\n\n\n<p>Portanto, a alternativa\nest\u00e1 incorreta.<\/p>\n\n\n\n<p><strong>54 \u2013 Em a\u00e7\u00e3o c\u00edvel, o mero\ndespacho do juiz determinando a cita\u00e7\u00e3o tem o cond\u00e3o de interromper a\nprescri\u00e7\u00e3o. <\/strong><\/p>\n\n\n\n<p><strong>Gabarito Extraoficial:\nCorreta.<\/strong><\/p>\n\n\n\n<p><em>Art. 240. A cita\u00e7\u00e3o\nv\u00e1lida, ainda quando ordenada por ju\u00edzo incompetente, induz litispend\u00eancia,\ntorna litigiosa a coisa e constitui em mora o devedor, ressalvado o disposto\nnos&nbsp;arts. 397 e 398 da Lei n\u00ba 10.406, de 10 de janeiro de 2002 (C\u00f3digo\nCivil).<\/em><\/p>\n\n\n\n<p><em>\u00a7 1\u00ba A interrup\u00e7\u00e3o\nda prescri\u00e7\u00e3o, operada pelo despacho que ordena a cita\u00e7\u00e3o, ainda que\nproferido por ju\u00edzo incompetente, retroagir\u00e1 \u00e0 data de propositura da a\u00e7\u00e3o.<\/em><\/p>\n\n\n\n<p>Quer saber um pouco da\nhist\u00f3ria dessa interrup\u00e7\u00e3o?<\/p>\n\n\n\n<p>A reda\u00e7\u00e3o original do <strong>CPC\/73<\/strong> trouxe a previs\u00e3o de que <strong>a cita\u00e7\u00e3o era o marco da interrup\u00e7\u00e3o da\nprescri\u00e7\u00e3o<\/strong>. <\/p>\n\n\n\n<p>Todavia, uma reforma da\nd\u00e9cada de 90 acrescentou o \u00a71\u00ba ao artigo 219 do CPC, afirmando que,\ninterrompida a prescri\u00e7\u00e3o, ela retroagiria \u00e0 data da propositura da a\u00e7\u00e3o.\n<\/p>\n\n\n\n<p><em>Art. 219. A cita\u00e7\u00e3o\nv\u00e1lida torna prevento o ju\u00edzo, induz litispend\u00eancia e faz litigiosa a coisa; e,\nainda quando ordenada por juiz incompetente, constitui em mora o devedor e\ninterrompe a prescri\u00e7\u00e3o. (Reda\u00e7\u00e3o dada pela Lei n\u00ba 5.925, de 1\u00ba.10.1973)<\/em><\/p>\n\n\n\n<p><em>\u00a7 1<sup>o<\/sup>&nbsp;A\ninterrup\u00e7\u00e3o da prescri\u00e7\u00e3o retroagir\u00e1 \u00e0 data da propositura da\na\u00e7\u00e3o.&nbsp;&nbsp;(Reda\u00e7\u00e3o dada pela Lei n\u00ba 8.952, de 13.12.1994)<\/em><\/p>\n\n\n\n<p>O problema era que, em\n2002, o novo CC (art. 202, I) disp\u00f4s que o que interromperia a prescri\u00e7\u00e3o n\u00e3o\nseria a cita\u00e7\u00e3o v\u00e1lida, mas sim o <strong>despacho<\/strong>\ndo juiz que determinou a cita\u00e7\u00e3o (momento anterior \u00e0 cita\u00e7\u00e3o v\u00e1lida, mas\nposterior \u00e0 data de propositura da a\u00e7\u00e3o). <\/p>\n\n\n\n<p><em>Art. 202. A <strong>interrup\u00e7\u00e3o da prescri\u00e7\u00e3o<\/strong>, que\nsomente poder\u00e1 ocorrer uma vez, dar-se-\u00e1:<\/em><\/p>\n\n\n\n<p><em>I &#8211; por <strong>despacho do juiz, mesmo incompetente,\nque ordenar a cita\u00e7\u00e3o<\/strong>, se o interessado a promover no prazo e na forma\nda lei processual;<\/em><\/p>\n\n\n\n<p>Parcela doutrin\u00e1ria\ncome\u00e7ou a dizer que o artigo 202 do CC teria derrogado o artigo 219 do\nCPC\/73. <\/p>\n\n\n\n<p>O <strong>NCPC<\/strong> tenta resolver o impasse gerado entre o art. 219, CPC\/73 com o\nart. 202, CC, por meio do \u00a71\u00ba do artigo 240. <\/p>\n\n\n\n<p>Pela previs\u00e3o legal,\nverifica-se que o que interrompe a prescri\u00e7\u00e3o \u00e9 o <strong>despacho citat\u00f3rio (assumindo a regra do CC)<\/strong>, e, <strong>uma vez interrompida a prescri\u00e7\u00e3o,\nretroage \u00e0 data da propositura da a\u00e7\u00e3o<\/strong>.<\/p>\n\n\n\n<p>Vejamos novamente o\ndispositivo legal:<\/p>\n\n\n\n<p><em>Art. 240, \u00a7 1<sup>o<\/sup>&nbsp;A interrup\u00e7\u00e3o da prescri\u00e7\u00e3o,\noperada pelo despacho que ordena a cita\u00e7\u00e3o, ainda que proferido por\nju\u00edzo incompetente, retroagir\u00e1 \u00e0 data de propositura da a\u00e7\u00e3o.<\/em><\/p>\n\n\n\n<p>Portanto, a alternativa\nest\u00e1 correta.<\/p>\n\n\n\n<p><strong>55 \u2013 Ao contr\u00e1rio da\ntutela de urg\u00eancia, a tutela de evid\u00eancia independe da demonstra\u00e7\u00e3o de perigo\nde demora na presta\u00e7\u00e3o jurisdicional.<\/strong><\/p>\n\n\n\n<p><strong>Gabarito Extraoficial:\nCorreta.<\/strong><\/p>\n\n\n\n<p>A tutela de urg\u00eancia exige\no preenchimento dos requisitos:<\/p>\n\n\n\n<p>a) probabilidade de\ndireito (<em>fumus boni iuris<\/em>);<\/p>\n\n\n\n<p>b) perigo de dano na\ndemora (<em>periculum in mora<\/em>)<\/p>\n\n\n\n<p><em>Art. 300. A tutela de\nurg\u00eancia ser\u00e1 concedida quando houver elementos que evidenciem a probabilidade\ndo direito e o perigo de dano ou o risco ao resultado \u00fatil do processo.<\/em><\/p>\n\n\n\n<p>Por outro lado, a tutela\nde evid\u00eancia <strong>n\u00e3o depende do\nperigo na demora (perigo de dano ou risco ao resultado \u00fatil do processo)<\/strong>,\nnecessitando apenas a <strong>probabilidade\ndo direito<\/strong>, que se caracteriza pela subsun\u00e7\u00e3o do caso aos incisos (I\na IV) do art. 311, CPC. <\/p>\n\n\n\n<p><em>Art. 311. A tutela da\nevid\u00eancia ser\u00e1 concedida, independentemente da demonstra\u00e7\u00e3o de perigo de\ndano ou de risco ao resultado \u00fatil do processo, quando:<\/em><\/p>\n\n\n\n<p>Portanto, a alternativa\nest\u00e1 correta.<em><\/em><\/p>\n\n\n\n<p><strong>56 \u2013 Ao reformar senten\u00e7a\nque reconheceu prescri\u00e7\u00e3o, o tribunal deve determinar a devolu\u00e7\u00e3o do processo\nao ju\u00edzo de primeiro grau, para julgamento e instru\u00e7\u00e3o, se for o caso.<\/strong><\/p>\n\n\n\n<p><strong>Gabarito Extraoficial:\nIncorreta.<\/strong><\/p>\n\n\n\n<p>Segundo o art. 1.013, \u00a74\u00ba,\nCPC, o tribunal, podendo, dever\u00e1 julgar o processo, sem devolv\u00ea-lo ao ju\u00edzo de\nprimeiro grau.<em><\/em><\/p>\n\n\n\n<p><em>Art. 1.013, \u00a7 4\u00ba\nQuando reformar senten\u00e7a que reconhe\u00e7a a decad\u00eancia ou a prescri\u00e7\u00e3o, o\ntribunal, se poss\u00edvel, julgar\u00e1 o m\u00e9rito, examinando as demais quest\u00f5es, sem\ndeterminar o retorno do processo ao ju\u00edzo de primeiro grau.<\/em><\/p>\n\n\n\n<p><strong>57 \u2013 O termo inicial do prazo\nde decad\u00eancia para impetra\u00e7\u00e3o de mandado de seguran\u00e7a contra aplica\u00e7\u00e3o de\npenalidade disciplinar \u00e9 a data da publica\u00e7\u00e3o do respectivo ato no Di\u00e1rio\nOficial.<\/strong><\/p>\n\n\n\n<p><strong>Gabarito Extraoficial:\nCorreta.<\/strong><\/p>\n\n\n\n<p>O examinador transcreveu o\nn. 6 da edi\u00e7\u00e3o n. 91 da Jurisprud\u00eancia em Teses do STJ.<\/p>\n\n\n\n<p>Confiram:<em><\/em><\/p>\n\n\n\n<p>Edi\u00e7\u00e3o\nn. 91 da Jurisprud\u00eancia em Teses; n. 6: O termo inicial do prazo de decad\u00eancia\npara impetra\u00e7\u00e3o de mandado de seguran\u00e7a contra aplica\u00e7\u00e3o de penalidade\ndisciplinar \u00e9 a data da publica\u00e7\u00e3o do respectivo ato no Di\u00e1rio Oficial. (AgInt\nno RMS 51.319, de relatoria da ministra Regina Helena Costa, na 1\u00aa Turma).<\/p>\n\n\n\n<p><strong>58 \u2013 De acordo com o CPC,\nsenten\u00e7a transitada em julgado que tenha sido baseada em transa\u00e7\u00e3o inv\u00e1lida\npoder\u00e1 ser rescindida se o v\u00edcio for verificado mediante simples exame dos\ndocumentos dos autos. <\/strong><\/p>\n\n\n\n<p><strong>Gabarito Extraoficial:\nIncorreta.<\/strong><\/p>\n\n\n\n<p>Consoante o NCPC, o\ninstrumento jur\u00eddico para impugnar senten\u00e7a baseada em transa\u00e7\u00e3o inv\u00e1lida n\u00e3o \u00e9\na\u00e7\u00e3o rescis\u00f3ria, mas sim a\u00e7\u00e3o anulat\u00f3ria.<\/p>\n\n\n\n<p>Art.\n966, \u00a7 4\u00ba Os atos de disposi\u00e7\u00e3o de direitos, praticados pelas partes ou por\noutros participantes do processo e homologados pelo ju\u00edzo, bem como os atos\nhomologat\u00f3rios praticados no curso da execu\u00e7\u00e3o, est\u00e3o sujeitos \u00e0 anula\u00e7\u00e3o,\nnos termos da lei.<\/p>\n\n\n\n<p><strong>Inclusive,\nessa \u00e9 a posi\u00e7\u00e3o mais recente do STF. Confiram:<\/strong><\/p>\n\n\n\n<p><strong>A decis\u00e3o judicial homologat\u00f3ria de acordo entre as\npartes \u00e9 impugn\u00e1vel por meio de a\u00e7\u00e3o anulat\u00f3ria<\/strong> (art.\n966, \u00a7 4\u00ba, do CPC\/2015; art. 486 do CPC\/1973). N\u00e3o cabe a\u00e7\u00e3o rescis\u00f3ria neste\ncaso. Se a parte prop\u00f4s a\u00e7\u00e3o rescis\u00f3ria, n\u00e3o \u00e9 poss\u00edvel que o Tribunal\nreceba esta demanda como a\u00e7\u00e3o anulat\u00f3ria aplicando o princ\u00edpio da fungibilidade.\nIsso porque s\u00f3 se aplica o princ\u00edpio da fungibilidade para recursos (e a\u00e7\u00e3o\nanulat\u00f3ria e a a\u00e7\u00e3o rescis\u00f3ria n\u00e3o s\u00e3o recursos). STF. Plen\u00e1rio. AR 2440\nAgR\/DF, Rel. Min. Ricardo Lewandowski, julgado em 19\/9\/2018 (Info 916).<\/p>\n\n\n\n<p>N\u00e3o cabe a\u00e7\u00e3o rescis\u00f3ria para desconstituir decis\u00e3o\njudicial transitada em julgado que apenas homologou acordo celebrado entre\npessoa jur\u00eddica e o Estado-membro em uma a\u00e7\u00e3o judicial na qual se discutiam\ncr\u00e9ditos tribut\u00e1rios de ICMS. <strong>\u00c9 cab\u00edvel, neste caso, a a\u00e7\u00e3o anulat\u00f3ria, nos\ntermos do art. 966, \u00a7 4\u00ba do CPC. <\/strong>\u00c9 inadmiss\u00edvel a a\u00e7\u00e3o rescis\u00f3ria em\nsitua\u00e7\u00e3o jur\u00eddica na qual a legisla\u00e7\u00e3o prev\u00ea o cabimento de uma a\u00e7\u00e3o diversa.\nSTF. Plen\u00e1rio. AR 2697 AgR\/RS, Rel. Min. Edson Fachin, julgadoem 21\/3\/2019\n(Info 934).<\/p>\n\n\n\n<p>Querem saber um pouco mais\nsobre a discuss\u00e3o envolvendo essa tem\u00e1tica?<\/p>\n\n\n\n<p>No CPC\/73, muito se\ndiscutia se a decis\u00e3o homologat\u00f3ria de autocomposi\u00e7\u00e3o era rescind\u00edvel. <\/p>\n\n\n\n<p><strong>1\u00aa\ncorrente<\/strong> (Scarpinella Bueno): a a\u00e7\u00e3o anulat\u00f3ria (art. 486,\nCPC\/73<a href=\"#_ftn2\"><sup>[2]<\/sup><\/a>)\nseria cab\u00edvel nos casos de v\u00edcio do neg\u00f3cio jur\u00eddico homologado, ainda que\nexistisse senten\u00e7a de m\u00e9rito homologat\u00f3ria transitada em julgado.<\/p>\n\n\n\n<p>A a\u00e7\u00e3o rescis\u00f3ria (art.\n485, VIII, CPC\/73<a href=\"#_ftn3\"><sup>[3]<\/sup><\/a>),\npor sua vez, seria manejada no caso de v\u00edcio da pr\u00f3pria senten\u00e7a homologat\u00f3ria,\ne n\u00e3o no neg\u00f3cio jur\u00eddico homologado.<\/p>\n\n\n\n<p><strong>2\u00aa\ncorrente<\/strong> (HTJ, Marinoni, informativo 513, STJ) A senten\u00e7a que\nhomologasse o ato das partes seria anul\u00e1vel (art. 486), ao passo que a senten\u00e7a\nque acolhia ou rejeitava o pedido com fundamento em ren\u00fancia, transa\u00e7\u00e3o ou\nreconhecimento jur\u00eddico do pedido seria rescind\u00edvel (art. 485, VIII).<\/p>\n\n\n\n<p><strong><em>Os efeitos da\ntransa\u00e7\u00e3o podem ser afastados mediante a\u00e7\u00e3o anulat\u00f3ria sempre que o neg\u00f3cio\njur\u00eddico tiver sido objeto de senten\u00e7a meramente homologat\u00f3ria.<\/em><\/strong><em>&nbsp;Se\na senten\u00e7a n\u00e3o disp\u00f5e nada a respeito do conte\u00fado da pactua\u00e7\u00e3o, n\u00e3o avan\u00e7ando\npara al\u00e9m da mera homologa\u00e7\u00e3o, a a\u00e7\u00e3o anulat\u00f3ria prevista no art. 486 do CPC \u00e9\nadequada \u00e0 desconstitui\u00e7\u00e3o do acordo homologado.&nbsp;<strong>AgRg no&nbsp;REsp\n1.314.900-CE, Rel. Min. Luis Felipe Salom\u00e3o, julgado em 18\/12\/2012 (informativo\n513).<\/strong><\/em><\/p>\n\n\n\n<p><strong>3\u00aa\ncorrente <\/strong>(Barbosa Moreira e Alexandre C\u00e2mara): A rescis\u00f3ria\nseria cab\u00edvel se houvesse o tr\u00e2nsito em julgado enquanto que a a\u00e7\u00e3o anulat\u00f3ria\nseria o instrumento ideal para quando n\u00e3o tivesse havido o tr\u00e2nsito em julgado,\npor analogia ao art. 352, CPC\/73.<\/p>\n\n\n\n<p><em>Art. 352. A confiss\u00e3o,\nquando emanar de erro, dolo ou coa\u00e7\u00e3o, pode ser revogada:<\/em><\/p>\n\n\n\n<p><em>I\n&#8211; por a\u00e7\u00e3o <strong>anulat\u00f3ria<\/strong>, se\npendente o processo em que foi feita;<\/em><\/p>\n\n\n\n<p><em>II\n&#8211; por a\u00e7\u00e3o <strong>rescis\u00f3ria<\/strong>, depois\nde transitada em julgado a senten\u00e7a, da qual constituir o \u00fanico fundamento.<\/em><\/p>\n\n\n\n<p><em>Par\u00e1grafo\n\u00fanico. Cabe ao confitente o direito de propor a a\u00e7\u00e3o, nos casos de que trata\neste artigo; mas, uma vez iniciada, passa aos seus herdeiros.<\/em><\/p>\n\n\n\n<p>O <strong>NCPC <\/strong>dissipou a controv\u00e9rsia ao prever,\nno art. 966, \u00a74\u00ba, que contra a homologa\u00e7\u00e3o do ju\u00edzo \u00e9 cab\u00edvel <strong>a\u00e7\u00e3o anulat\u00f3ria<\/strong>?<\/p>\n\n\n\n<p><strong>1\u00aa\ncorrente<\/strong> (Teresa Arruda Alvim<a href=\"#_ftn4\"><strong><sup><strong><sup>[4]<\/sup><\/strong><\/sup><\/strong><\/a>):\n<strong>Sim<\/strong>. Al\u00e9m do art. 966, \u00a74\u00ba prever\nclaramente a necessidade de a\u00e7\u00e3o anulat\u00f3ria para impugnar atos de disposi\u00e7\u00e3o de\ndireitos \u2013 reconhecimento jur\u00eddico do pedido, ren\u00fancia \u00e0 pretens\u00e3o e\ntransa\u00e7\u00e3o, o pr\u00f3prio rol do art. 966 n\u00e3o contempla a hip\u00f3tese de rescis\u00f3ria\ncontra decis\u00e3o homologat\u00f3ria.<\/p>\n\n\n\n<p><em>Art. 966, \u00a7 4\u00ba Os atos\nde disposi\u00e7\u00e3o de direitos, praticados pelas partes ou por outros participantes\ndo processo e homologados pelo ju\u00edzo, bem como os atos homologat\u00f3rios\npraticados no curso da execu\u00e7\u00e3o, est\u00e3o sujeitos \u00e0 anula\u00e7\u00e3o, nos termos da lei.<\/em><\/p>\n\n\n\n<p>Assim, a a\u00e7\u00e3o anulat\u00f3ria\nteria uma verdadeira fun\u00e7\u00e3o rescindente de senten\u00e7a de m\u00e9rito transitada em\njulgado.<\/p>\n\n\n\n<p><strong>Parece\nser essa a corrente que tem sido adotada em prova e pelo STF.<\/strong><\/p>\n\n\n\n<p>Al\u00e9m de ser cobrada no\npresente certame, foi exigida na DPE-MA.<\/p>\n\n\n\n<p><em>FCC\/DPE-MA \u2013 Defensor\nP\u00fablico\/2018 &#8211; A a\u00e7\u00e3o rescis\u00f3ria c) \u00e9 o meio correto para a impugna\u00e7\u00e3o de\nsenten\u00e7a homologat\u00f3ria de acordo entre as partes com tr\u00e2nsito em julgado.<\/em><\/p>\n\n\n\n<p><strong><em>Coment\u00e1rios:\n<\/em><\/strong><em>A alternativa C est\u00e1 incorreta. A decis\u00e3o judicial\nhomologat\u00f3ria de acordo entre as partes \u00e9 impugn\u00e1vel por meio de a\u00e7\u00e3o\nanulat\u00f3ria (art. 966, \u00a7 4\u00ba, do CPC\/2015). <\/em><\/p>\n\n\n\n<p><strong><em>A\ndecis\u00e3o judicial homologat\u00f3ria de acordo entre as partes \u00e9 impugn\u00e1vel por meio\nde a\u00e7\u00e3o anulat\u00f3ria<\/em><\/strong><em> (art. 966, \u00a7 4\u00ba, do CPC\/2015; art.\n486 do CPC\/1973). N\u00e3o cabe a\u00e7\u00e3o rescis\u00f3ria neste caso. Se a parte prop\u00f4s a\u00e7\u00e3o\nrescis\u00f3ria, n\u00e3o \u00e9 poss\u00edvel que o Tribunal receba esta demanda como a\u00e7\u00e3o\nanulat\u00f3ria aplicando o princ\u00edpio da fungibilidade. Isso porque s\u00f3 se aplica\no princ\u00edpio da fungibilidade para recursos (e a\u00e7\u00e3o anulat\u00f3ria e a a\u00e7\u00e3o\nrescis\u00f3ria n\u00e3o s\u00e3o recursos). STF. Plen\u00e1rio. AR 2440 AgR\/DF, Rel. Min. Ricardo\nLewandowski, julgado em 19\/9\/2018 (Info 916).<\/em><\/p>\n\n\n\n<p><em>N\u00e3o cabe a\u00e7\u00e3o\nrescis\u00f3ria para desconstituir decis\u00e3o judicial transitada em julgado que apenas\nhomologou acordo celebrado entre pessoa jur\u00eddica e o Estado-membro em uma a\u00e7\u00e3o\njudicial na qual se discutiam cr\u00e9ditos tribut\u00e1rios de ICMS. <strong>\u00c9 cab\u00edvel, neste caso, a a\u00e7\u00e3o anulat\u00f3ria,\nnos termos do art. 966, \u00a7 4\u00ba do CPC. <\/strong>\u00c9 inadmiss\u00edvel a a\u00e7\u00e3o rescis\u00f3ria em\nsitua\u00e7\u00e3o jur\u00eddica na qual a legisla\u00e7\u00e3o prev\u00ea o cabimento de uma a\u00e7\u00e3o diversa.\nSTF. Plen\u00e1rio. AR 2697 AgR\/RS, Rel. Min. Edson Fachin, julgadoem 21\/3\/2019\n(Info 934).<\/em><\/p>\n\n\n\n<p><strong>2\u00aa\ncorrente<\/strong> (Fredie Didier e Leonardo da Cunha): Se h\u00e1 homologa\u00e7\u00e3o\nde neg\u00f3cio jur\u00eddico sobre o objeto litigioso (transa\u00e7\u00e3o, ren\u00fancia ao direito\nsobre o que se funda a a\u00e7\u00e3o ou reconhecimento da proced\u00eancia do pedido), h\u00e1\ndecis\u00e3o judicial de m\u00e9rito, que, uma vez transitada em julgado, somente poder\u00e1\nser desfeita por rescis\u00f3ria ou&nbsp;<em>querela nullitatis.<\/em><\/p>\n\n\n\n<p>Com base no art. 966, <em>caput, <\/em>\u00e9 cab\u00edvel a\u00e7\u00e3o rescis\u00f3ria de\nsenten\u00e7a homologat\u00f3ria, podendo se fundar n\u00e3o s\u00f3 no conte\u00fado do ato de\ndisposi\u00e7\u00e3o de direito, mas tamb\u00e9m em v\u00edcio da decis\u00e3o de homologa\u00e7\u00e3o.<\/p>\n\n\n\n<p>Ex1: a\u00e7\u00e3o rescis\u00f3ria de\ndecis\u00e3o que homologou ren\u00fancia obtida mediante coa\u00e7\u00e3o (art. 966, III);<\/p>\n\n\n\n<p>Ex2: a\u00e7\u00e3o rescis\u00f3ria de\ndecis\u00e3o que homologou transa\u00e7\u00e3o em fraude \u00e0 lei (art. 966, III);<\/p>\n\n\n\n<p>Ex3: a\u00e7\u00e3o rescis\u00f3ria de\ndecis\u00e3o homologat\u00f3ria por ju\u00edzo absolutamente incompetente. <\/p>\n\n\n\n<p>Ex4: Se a partilha for\ndecidida ou homologada pelo ju\u00edzo e a decis\u00e3o tiver transitado em julgado,\ncaber\u00e1 a\u00e7\u00e3o rescis\u00f3ria.<\/p>\n\n\n\n<p>Art. 658. \u00c9 <strong>rescind\u00edvel<\/strong> a partilha\njulgada por <strong>senten\u00e7a<\/strong>:<\/p>\n\n\n\n<p>I &#8211; nos casos mencionados\nno&nbsp;art. 657;<\/p>\n\n\n\n<p>II\n&#8211; se feita com preteri\u00e7\u00e3o de formalidades legais;<\/p>\n\n\n\n<p>III\n&#8211; se preteriu herdeiro ou incluiu quem n\u00e3o o seja.<\/p>\n\n\n\n<p>Enunciado 137, FPPC: (art.\n658; art. 966, \u00a74\u00ba; art. 1.068) Contra senten\u00e7a transitada em julgado\nque resolve <strong>partilha<\/strong>, ainda que\nhomologat\u00f3ria, <strong>cabe a\u00e7\u00e3o rescis\u00f3ria<\/strong>.\n<\/p>\n\n\n\n<p>Se a partilha for\namig\u00e1vel, realizada extrajudicialmente, ou tendo sido homologado pelo juiz, mas\nainda n\u00e3o transitou em julgado, ser\u00e1 cab\u00edvel a\u00e7\u00e3o anulat\u00f3ria.<\/p>\n\n\n\n<p>Para essa <strong>2\u00aa corrente<\/strong>, portanto, o art. 966, \u00a74\u00ba\nse destina a invalida\u00e7\u00e3o de atos processuais praticados pelas <strong>partes<\/strong> ou pelos <strong>auxiliares da justi\u00e7a<\/strong>, n\u00e3o\ncuidando de invalida\u00e7\u00e3o de atos decis\u00f3rios.<\/p>\n\n\n\n<p>Isso porque os arts. 966, <em>caput<\/em> e 966, \u00a72\u00ba deixam claro que\ndecis\u00e3o jurisdicional de m\u00e9rito e sem m\u00e9rito, uma vez transitadas em julgado,\ns\u00e3o alvos de a\u00e7\u00e3o rescis\u00f3ria.<\/p>\n\n\n\n<p>Percebam que a 1\u00aa corrente\nest\u00e1 se demonstrando predominante, devendo ser adotada em provas.<\/p>\n\n\n\n<p><strong>59 \u2013 A DP tem legitimidade\nativa para propor ACP que tutele direitos individuais homog\u00eaneos, desde que\ncomprovada a hipossufici\u00eancia econ\u00f4mica dos interessados, conforme entendimento\ndo STJ.<\/strong><\/p>\n\n\n\n<p><strong>Gabarito Extraoficial:\nIncorreta.<\/strong><\/p>\n\n\n\n<p>O\nSTJ tem in\u00fameros julgados reconhecendo que a DP tem legitimidade ativa para\npropor ACP que tutela direitos individuais homog\u00eaneos ainda que n\u00e3o reste\ncomprovada a hipossufici\u00eancia econ\u00f4mica dos interessados.<\/p>\n\n\n\n<p>Isso\nporque o Tribunal da Cidadania entende que a express\u00e3o \u201cnecessitados\u201d presente\nna CRFB inclui n\u00e3o s\u00f3 os hipossuficientes financeiros, mas tamb\u00e9m os\norganizacionais.<\/p>\n\n\n\n<p>Confiram\njulgado da Corte Especial do STJ:<\/p>\n\n\n\n<p><em>1.\nControv\u00e9rsia acerca da legitimidade da Defensoria P\u00fablica para propor a\u00e7\u00e3o\ncivil p\u00fablica em defesa de direitos individuais homog\u00eaneos de consumidores\nidosos, que tiveram seu plano de sa\u00fade reajustado, com arguida abusividade, em\nraz\u00e3o da faixa et\u00e1ria. (&#8230;) 4. &#8220;<strong>A express\u00e3o &#8216;necessitados&#8217;<\/strong> (art.\n134, caput, da Constitui\u00e7\u00e3o), que qualifica, orienta e enobrece a atua\u00e7\u00e3o da\nDefensoria P\u00fablica, deve ser entendida, no campo da A\u00e7\u00e3o Civil P\u00fablica, em\nsentido amplo, de modo <strong>a incluir, ao lado dos estritamente carentes de\nrecursos financeiros \u2013 os miser\u00e1veis e pobres \u2013, os hipervulner\u00e1veis<\/strong>\n(isto \u00e9, os socialmente estigmatizados ou exclu\u00eddos, as crian\u00e7as, os idosos, as\ngera\u00e7\u00f5es futuras), enfim <strong>todos aqueles que, como indiv\u00edduo ou classe, por\nconta de sua real debilidade perante abusos ou arb\u00edtrio dos detentores de poder\necon\u00f4mico ou pol\u00edtico, &#8216;necessitem&#8217; da m\u00e3o benevolente e solidarista do Estado\npara sua prote\u00e7\u00e3o, mesmo que contra o pr\u00f3prio Estado<\/strong>. V\u00ea-se, ent\u00e3o, que a\npartir da ideia tradicional da institui\u00e7\u00e3o forma-se, no Welfare State, um novo\ne mais abrangente c\u00edrculo de sujeitos salvaguardados processualmente, isto \u00e9,\nadota-se uma compreens\u00e3o de minus habentes impregnada de significado social, <strong>organizacional<\/strong>\ne de dignifica\u00e7\u00e3o da pessoa humana &#8221; (REsp 1.264.116\/RS, Rel. Ministro\nHERMAN BENJAMIN, SEGUNDA TURMA, julgado em 18\/10\/2011, DJe 13\/04\/2012). 5. O\nSupremo Tribunal Federal, a prop\u00f3sito, recentemente, ao julgar a ADI 3943\/DF,\nem ac\u00f3rd\u00e3o ainda pendente de publica\u00e7\u00e3o, concluiu que a Defensoria P\u00fablica tem\nlegitimidade para propor a\u00e7\u00e3o civil p\u00fablica, na defesa de interesses difusos,\ncoletivos ou individuais homog\u00eaneos, julgando improcedente o pedido de\ndeclara\u00e7\u00e3o de inconstitucionalidade formulado contra o art. 5.\u00ba, inciso II, da\nLei n.\u00ba 7.347\/1985, alterada pela Lei n.\u00ba 11.448\/2007. STJ. CE.\nEREsp1.192.577-RS, Rel. Laurita Vaz, d.j. 21\/10\/2015 (Info 573)<\/em><\/p>\n\n\n\n<p>Aprofundando, em nosso\ncurso, explicamos o seguinte:<\/p>\n\n\n\n<p>no que tange ao conceito\nde necessitados, os Defensores P\u00fablicos<a href=\"#_ftn5\"><sup>[5]<\/sup><\/a>\ndiferenciam:<\/p>\n\n\n\n<p>a) Fun\u00e7\u00e3o <strong>t\u00edpica<\/strong> (atribui\u00e7\u00e3o tradicional):\nligada \u00e0 hipossufici\u00eancia\/vulnerabilidade <strong>econ\u00f4mica\/financeira<\/strong>;<\/p>\n\n\n\n<p>A interpreta\u00e7\u00e3o literal do\ntermo \u201cnecessitados\u201d (art. 134 da CRFB), em conjuga\u00e7\u00e3o com a express\u00e3o \u201c<em>insufici\u00eancia\nde recursos<\/em>\u201d (art. 5\u00ba, LXXIV, da CRFB) revela a fun\u00e7\u00e3o constitucional\nt\u00edpica da Defensoria P\u00fablica, voltada para aqueles que n\u00e3o possuem condi\u00e7\u00f5es\necon\u00f4micas de arcar com o pagamento das despesas necess\u00e1rias ao pleno e\nadequado acesso \u00e0 justi\u00e7a.<\/p>\n\n\n\n<p>b) Fun\u00e7\u00e3o <strong>at\u00edpica<\/strong> (atribui\u00e7\u00e3o n\u00e3o\ntradicional): ligada \u00e0 hipossufici\u00eancia <strong>jur\u00eddica,\norganizacional<\/strong> e <strong>circunstancial<\/strong>.<\/p>\n\n\n\n<p>A hipossufici\u00eancia pode\nderivar de <strong>rela\u00e7\u00e3o jur\u00eddica<\/strong>.&nbsp;Cite-se\no caso de um acusado criminalmente que n\u00e3o constitui advogado. Ele est\u00e1 em\nposi\u00e7\u00e3o de vulnerabilidade frente \u00e0 acusa\u00e7\u00e3o, devendo um Defensor P\u00fablico\ndefend\u00ea-lo, independente de sua condi\u00e7\u00e3o financeira<a href=\"#_ftn6\"><sup>[6]<\/sup><\/a>.<\/p>\n\n\n\n<p>Doutro lado, segundo Ada\nPellegrini Grinover, s\u00e3o <strong>carentes organizacionais<\/strong>\ntodos aqueles \u201c<em>que no intenso quadro de\ncomplexas intera\u00e7\u00f5es sociais hoje reinante, s\u00e3o <strong>isoladamente fr\u00e1geis perante advers\u00e1rios poderosos do ponto de vista\necon\u00f4mico, social, cultural ou organizativo<\/strong>, merecendo, por isso mesmo,\nmaior aten\u00e7\u00e3o com rela\u00e7\u00e3o a seu acesso \u00e0 ordem jur\u00eddica justa e \u00e0 participa\u00e7\u00e3o\npor interm\u00e9dio do processo<\/em>\u201d. <\/p>\n\n\n\n<p>S\u00e3o albergados todos\naqueles que s\u00e3o socialmente vulner\u00e1veis: os consumidores, os usu\u00e1rios de\nservi\u00e7os p\u00fablicos, os usu\u00e1rios de planos de sa\u00fade, os que queiram implementar\nou contestar pol\u00edticas p\u00fablicas, como as atinentes \u00e0 sa\u00fade, \u00e0 moradia, ao\nsaneamento b\u00e1sico, ao meio ambiente etc. \u00c9 no campo da&nbsp;<strong><em>hipossufici\u00eancia\norganizacional<\/em><\/strong>&nbsp;que a Defensoria P\u00fablica deflagra as a\u00e7\u00f5es\ncoletivas.<\/p>\n\n\n\n<p>Por fim, al\u00e9m dessa tr\u00edade\n(hipossufici\u00eancia econ\u00f4mica, jur\u00eddica e organizacional),\nj\u00e1 se fala em uma quarta vertente da hipossufici\u00eancia\/necessidade \u2013 a hipossufici\u00eancia\ncircunstancial.<\/p>\n\n\n\n<p>Franklyn Roger e Diogo\nEsteves, sempre eles, explicam e d\u00e3o exemplo: <\/p>\n\n\n\n<p><em>Mesmo possuindo\ncondi\u00e7\u00f5es econ\u00f4micas e sociais favor\u00e1veis para o exerc\u00edcio regular de seus\ndireitos, o indiv\u00edduo pode enfrentar situa\u00e7\u00f5es epis\u00f3dicas em que o acesso ao\nsistema de justi\u00e7a pode ser obstaculizado ou inviabilizado. Nesses casos, a\nassist\u00eancia jur\u00eddica gratuita prestada pela Defensoria P\u00fablica pode constituir\nimportante instrumento para a supera\u00e7\u00e3o da vulnerabilidade epis\u00f3dica ou\ntransit\u00f3ria, garantindo o acesso pleno \u00e0 justi\u00e7a.<\/em><\/p>\n\n\n\n<p><em>Esse quadro de\nvulnerabilidade moment\u00e2nea vem sendo identificado tipicamente nos plant\u00f5es\njudici\u00e1rios diurnos e noturnos da Defensoria P\u00fablica, quando pessoas que\npossuem recursos suficientes para contratar advogado acabam necessitando da\nassist\u00eancia jur\u00eddica gratuita para obter tutela judicial considerada\nemergencial (ex.: pessoa com vastos recursos econ\u00f4micos procura o plant\u00e3o\njudicial noturno com o objetivo de garantir a realiza\u00e7\u00e3o de procedimento\ncir\u00fargico emergencial em familiar que se encontra internado, buscando a\nassist\u00eancia jur\u00eddica da Defensoria P\u00fablica por n\u00e3o ter tido tempo h\u00e1bil para\ncontatar advogado particular; nesse caso, o servi\u00e7o jur\u00eddico-assistencial\np\u00fablico deve atuar unicamente para obter e garantir o cumprimento da tutela\nprovis\u00f3ria antecipada de urg\u00eancia, devendo a causa ser posteriormente assumida\npor advogado regularmente contratado pela parte).<\/em><\/p>\n\n\n\n<p><strong>60 \u2013 De acordo com o STF,\ns\u00e3o imprescrit\u00edveis as a\u00e7\u00f5es de ressarcimento de danos ao er\u00e1rio decorrentes de\nato doloso de improbidade.<\/strong><\/p>\n\n\n\n<p><strong>Gabarito Extraoficial:\nCorreta.<\/strong><\/p>\n\n\n\n<p>Foi\no que decidiu o STF no seguinte julgado:<\/p>\n\n\n\n<p><em>S\u00e3o\nimprescrit\u00edveis as a\u00e7\u00f5es de ressarcimento ao er\u00e1rio fundadas na pr\u00e1tica de ato\ndoloso tipificado na Lei de Improbidade Administrativa. STF. Plen\u00e1rio. RE\n852475\/SP, Rel. orig. Min. Alexandre de Moraes, Rel. para ac\u00f3rd\u00e3o Min. Edson\nFachin, julgado em 08\/08\/2018.<\/em><\/p>\n\n\n\n<p>Terminamos, meus amigos.<\/p>\n\n\n\n<p>Ressalto que a presente\ncorre\u00e7\u00e3o est\u00e1 sujeita a equ\u00edvocos e posteriores corre\u00e7\u00f5es. Inclusive, estou\nplenamente aberto a discuss\u00f5es e debates. Qualquer d\u00favida ou sugest\u00e3o, sigo \u00e0 disposi\u00e7\u00e3o\n(rodrigovaslin@gmail.com e em nosso F\u00f3rum de D\u00favidas \u2013 para os alunos).<\/p>\n\n\n\n<p>Grande abra\u00e7o,<\/p>\n\n\n\n<p>Rodrigo Vaslin<br \/><\/p>\n\n\n\n<hr class=\"wp-block-separator\" \/>\n\n\n\n<p><a href=\"#_ftnref1\">[1]<\/a>\nIsso foi uma mudan\u00e7a em rela\u00e7\u00e3o ao CC\/2002, porquanto o art. 235 do CC\/16\nexigia o consentimento pr\u00e9vio qualquer que fosse o regime de bens.<\/p>\n\n\n\n<p><a href=\"#_ftnref2\">[2]<\/a> Art. 486. Os atos\njudiciais, que n\u00e3o dependem de senten\u00e7a, ou em que esta for meramente\nhomologat\u00f3ria, podem ser rescindidos, como os atos jur\u00eddicos em geral, nos\ntermos da lei civil.<\/p>\n\n\n\n<p><a href=\"#_ftnref3\">[3]<\/a> Art. 485. A\nsenten\u00e7a de m\u00e9rito, transitada em julgado, pode ser rescindida quando:<\/p>\n\n\n\n<p>VIII &#8211; houver fundamento para invalidar confiss\u00e3o,\ndesist\u00eancia ou transa\u00e7\u00e3o, em que se baseou a senten\u00e7a;<\/p>\n\n\n\n<p><a href=\"#_ftnref4\">[4]<\/a><a href=\"https:\/\/www.migalhas.com.br\/dePeso\/16,MI287442,41046-Transacao+homologada+anulatoria+ou+rescisoria\">https:\/\/www.migalhas.com.br\/dePeso\/16,MI287442,41046-Transacao+homologada+anulatoria+ou+rescisoria<\/a><\/p>\n\n\n\n<p><a href=\"#_ftnref5\">[5]<\/a>\nJo\u00e3o Paulo Cachete, Defensor P\u00fablico da Uni\u00e3o, &lt;<a href=\"https:\/\/blog.ebeji.com.br\/assistencia-juridica-dilatada-e-o-quadruplo-alcance-do-termo-vulnerabilidade\/\">https:\/\/blog.ebeji.com.br\/assistencia-juridica-dilatada-e-o-quadruplo-alcance-do-termo-vulnerabilidade\/<\/a>&gt;<\/p>\n\n\n\n<p><a href=\"#_ftnref6\">[6]<\/a>\nA DPU, por exemplo, defendeu acusado na opera\u00e7\u00e3o Lavajato que n\u00e3o era\nhipossuficiente econ\u00f4mico, mas sim jur\u00eddico. Veja: <a href=\"https:\/\/www.conjur.com.br\/2015-fev-10\/defensoria-questiona-grampos-competencia-moro-lava-jato\">https:\/\/www.conjur.com.br\/2015-fev-10\/defensoria-questiona-grampos-competencia-moro-lava-jato<\/a>\n<\/p>\n","protected":false},"excerpt":{"rendered":"<p>Ol\u00e1, pessoal! Meu nome \u00e9 Rodrigo Vaslin, sou Juiz Federal do TRF4 e Professor de Processo Civil do Estrat\u00e9gia Concursos. Neste artigo iremos comentar as quest\u00f5es do concurso para Defensor P\u00fablico do Distrito Federal de 2019 apresentando um gabarito extraoficial. Sempre fa\u00e7o o alerta aos alunos de Carreiras Jur\u00eddicas que as provas sobre o Novo [&hellip;]<\/p>\n","protected":false},"author":541,"featured_media":0,"comment_status":"open","ping_status":"closed","sticky":false,"template":"","format":"standard","meta":{"post_tipo":"article","footnotes":""},"categories":[1,2185],"tags":[],"tax_estado":[],"class_list":["post-396428","post","type-post","status-publish","format-standard","hentry","category-cursos-e-concursos","category-carreiras-juridicas"],"acf":[],"yoast_head":"<!-- This site is optimized with the Yoast SEO Premium plugin v27.2 (Yoast SEO v27.2) - https:\/\/yoast.com\/product\/yoast-seo-premium-wordpress\/ -->\n<title>Gabarito Extraoficial de Direito Processual Civil - DPDF - 2019<\/title>\n<meta name=\"robots\" content=\"index, follow, max-snippet:-1, max-image-preview:large, max-video-preview:-1\" \/>\n<link rel=\"canonical\" href=\"https:\/\/www.estrategiaconcursos.com.br\/blog\/gabarito-extraoficial-de-direito-processual-civil-dpdf-2019\/\" \/>\n<meta property=\"og:locale\" content=\"pt_BR\" \/>\n<meta property=\"og:type\" content=\"article\" \/>\n<meta property=\"og:title\" content=\"Gabarito Extraoficial de Direito Processual Civil - DPDF - 2019\" \/>\n<meta property=\"og:description\" content=\"Ol\u00e1, pessoal! Meu nome \u00e9 Rodrigo Vaslin, sou Juiz Federal do TRF4 e Professor de Processo Civil do Estrat\u00e9gia Concursos. Neste artigo iremos comentar as quest\u00f5es do concurso para Defensor P\u00fablico do Distrito Federal de 2019 apresentando um gabarito extraoficial. Sempre fa\u00e7o o alerta aos alunos de Carreiras Jur\u00eddicas que as provas sobre o Novo [&hellip;]\" \/>\n<meta property=\"og:url\" content=\"https:\/\/www.estrategiaconcursos.com.br\/blog\/gabarito-extraoficial-de-direito-processual-civil-dpdf-2019\/\" \/>\n<meta property=\"og:site_name\" content=\"Estrat\u00e9gia Concursos\" \/>\n<meta property=\"article:published_time\" content=\"2019-07-08T14:49:44+00:00\" \/>\n<meta property=\"article:modified_time\" content=\"2020-04-30T20:07:11+00:00\" \/>\n<meta name=\"author\" content=\"Rodrigo Vaslin\" \/>\n<meta name=\"twitter:card\" content=\"summary_large_image\" \/>\n<meta name=\"twitter:creator\" content=\"@EstratConcursos\" \/>\n<meta name=\"twitter:site\" content=\"@EstratConcursos\" \/>\n<meta name=\"twitter:label1\" content=\"Escrito por\" \/>\n\t<meta name=\"twitter:data1\" content=\"Rodrigo Vaslin\" \/>\n\t<meta name=\"twitter:label2\" content=\"Est. tempo de leitura\" \/>\n\t<meta name=\"twitter:data2\" content=\"28 minutos\" \/>\n<script type=\"application\/ld+json\" class=\"yoast-schema-graph\">{\"@context\":\"https:\/\/schema.org\",\"@graph\":[{\"@type\":\"NewsArticle\",\"@id\":\"https:\/\/www.estrategiaconcursos.com.br\/blog\/gabarito-extraoficial-de-direito-processual-civil-dpdf-2019\/#article\",\"isPartOf\":{\"@id\":\"https:\/\/www.estrategiaconcursos.com.br\/blog\/gabarito-extraoficial-de-direito-processual-civil-dpdf-2019\/\"},\"author\":{\"name\":\"Rodrigo Vaslin\",\"@id\":\"https:\/\/www.estrategiaconcursos.com.br\/blog\/#\/schema\/person\/24b24eaf8afb633c0a2feb899d337975\"},\"headline\":\"Gabarito Extraoficial de Direito Processual Civil &#8211; DPDF &#8211; 2019\",\"datePublished\":\"2019-07-08T14:49:44+00:00\",\"dateModified\":\"2020-04-30T20:07:11+00:00\",\"mainEntityOfPage\":{\"@id\":\"https:\/\/www.estrategiaconcursos.com.br\/blog\/gabarito-extraoficial-de-direito-processual-civil-dpdf-2019\/\"},\"wordCount\":5519,\"commentCount\":0,\"publisher\":{\"@id\":\"https:\/\/www.estrategiaconcursos.com.br\/blog\/#organization\"},\"articleSection\":[\"Concursos P\u00fablicos\",\"Jur\u00eddico\"],\"inLanguage\":\"pt-BR\",\"potentialAction\":[{\"@type\":\"CommentAction\",\"name\":\"Comment\",\"target\":[\"https:\/\/www.estrategiaconcursos.com.br\/blog\/gabarito-extraoficial-de-direito-processual-civil-dpdf-2019\/#respond\"]}],\"copyrightYear\":\"2019\",\"copyrightHolder\":{\"@id\":\"https:\/\/www.estrategiaconcursos.com.br\/blog\/#organization\"}},{\"@type\":\"WebPage\",\"@id\":\"https:\/\/www.estrategiaconcursos.com.br\/blog\/gabarito-extraoficial-de-direito-processual-civil-dpdf-2019\/\",\"url\":\"https:\/\/www.estrategiaconcursos.com.br\/blog\/gabarito-extraoficial-de-direito-processual-civil-dpdf-2019\/\",\"name\":\"Gabarito Extraoficial de Direito Processual Civil - DPDF - 2019\",\"isPartOf\":{\"@id\":\"https:\/\/www.estrategiaconcursos.com.br\/blog\/#website\"},\"datePublished\":\"2019-07-08T14:49:44+00:00\",\"dateModified\":\"2020-04-30T20:07:11+00:00\",\"breadcrumb\":{\"@id\":\"https:\/\/www.estrategiaconcursos.com.br\/blog\/gabarito-extraoficial-de-direito-processual-civil-dpdf-2019\/#breadcrumb\"},\"inLanguage\":\"pt-BR\",\"potentialAction\":[{\"@type\":\"ReadAction\",\"target\":[\"https:\/\/www.estrategiaconcursos.com.br\/blog\/gabarito-extraoficial-de-direito-processual-civil-dpdf-2019\/\"]}]},{\"@type\":\"BreadcrumbList\",\"@id\":\"https:\/\/www.estrategiaconcursos.com.br\/blog\/gabarito-extraoficial-de-direito-processual-civil-dpdf-2019\/#breadcrumb\",\"itemListElement\":[{\"@type\":\"ListItem\",\"position\":1,\"name\":\"In\u00edcio\",\"item\":\"https:\/\/www.estrategiaconcursos.com.br\/blog\/\"},{\"@type\":\"ListItem\",\"position\":2,\"name\":\"Gabarito Extraoficial de Direito Processual Civil &#8211; DPDF &#8211; 2019\"}]},{\"@type\":\"WebSite\",\"@id\":\"https:\/\/www.estrategiaconcursos.com.br\/blog\/#website\",\"url\":\"https:\/\/www.estrategiaconcursos.com.br\/blog\/\",\"name\":\"Estrat\u00e9gia Concursos\",\"description\":\"O blog da Estrat\u00e9gia Concursos traz not\u00edcias sobre concursos e artigos de professores oferecendo cursos para concursos (pdf + videaulas) no site.\",\"publisher\":{\"@id\":\"https:\/\/www.estrategiaconcursos.com.br\/blog\/#organization\"},\"potentialAction\":[{\"@type\":\"SearchAction\",\"target\":{\"@type\":\"EntryPoint\",\"urlTemplate\":\"https:\/\/www.estrategiaconcursos.com.br\/blog\/?s={search_term_string}\"},\"query-input\":{\"@type\":\"PropertyValueSpecification\",\"valueRequired\":true,\"valueName\":\"search_term_string\"}}],\"inLanguage\":\"pt-BR\"},{\"@type\":\"Organization\",\"@id\":\"https:\/\/www.estrategiaconcursos.com.br\/blog\/#organization\",\"name\":\"Estrat\u00e9gia Concursos\",\"url\":\"https:\/\/www.estrategiaconcursos.com.br\/blog\/\",\"logo\":{\"@type\":\"ImageObject\",\"inLanguage\":\"pt-BR\",\"@id\":\"https:\/\/www.estrategiaconcursos.com.br\/blog\/#\/schema\/logo\/image\/\",\"url\":\"https:\/\/dhg1h5j42swfq.cloudfront.net\/2025\/06\/03203428\/logo_concursos-1.jpg\",\"contentUrl\":\"https:\/\/dhg1h5j42swfq.cloudfront.net\/2025\/06\/03203428\/logo_concursos-1.jpg\",\"width\":230,\"height\":60,\"caption\":\"Estrat\u00e9gia Concursos\"},\"image\":{\"@id\":\"https:\/\/www.estrategiaconcursos.com.br\/blog\/#\/schema\/logo\/image\/\"},\"sameAs\":[\"https:\/\/x.com\/EstratConcursos\"]},{\"@type\":\"Person\",\"@id\":\"https:\/\/www.estrategiaconcursos.com.br\/blog\/#\/schema\/person\/24b24eaf8afb633c0a2feb899d337975\",\"name\":\"Rodrigo Vaslin\",\"image\":{\"@type\":\"ImageObject\",\"inLanguage\":\"pt-BR\",\"@id\":\"https:\/\/secure.gravatar.com\/avatar\/900d9bf4a7f52b9297b94123a5958634e71b1a6be7409343477893fbeac702c5?s=96&d=mm&r=g\",\"url\":\"https:\/\/secure.gravatar.com\/avatar\/900d9bf4a7f52b9297b94123a5958634e71b1a6be7409343477893fbeac702c5?s=96&d=mm&r=g\",\"contentUrl\":\"https:\/\/secure.gravatar.com\/avatar\/900d9bf4a7f52b9297b94123a5958634e71b1a6be7409343477893fbeac702c5?s=96&d=mm&r=g\",\"caption\":\"Rodrigo Vaslin\"},\"url\":\"https:\/\/www.estrategiaconcursos.com.br\/blog\/author\/rodrigovaslingmail-com\/\"}]}<\/script>\n<!-- \/ Yoast SEO Premium plugin. -->","yoast_head_json":{"title":"Gabarito Extraoficial de Direito Processual Civil - DPDF - 2019","robots":{"index":"index","follow":"follow","max-snippet":"max-snippet:-1","max-image-preview":"max-image-preview:large","max-video-preview":"max-video-preview:-1"},"canonical":"https:\/\/www.estrategiaconcursos.com.br\/blog\/gabarito-extraoficial-de-direito-processual-civil-dpdf-2019\/","og_locale":"pt_BR","og_type":"article","og_title":"Gabarito Extraoficial de Direito Processual Civil - DPDF - 2019","og_description":"Ol\u00e1, pessoal! Meu nome \u00e9 Rodrigo Vaslin, sou Juiz Federal do TRF4 e Professor de Processo Civil do Estrat\u00e9gia Concursos. Neste artigo iremos comentar as quest\u00f5es do concurso para Defensor P\u00fablico do Distrito Federal de 2019 apresentando um gabarito extraoficial. Sempre fa\u00e7o o alerta aos alunos de Carreiras Jur\u00eddicas que as provas sobre o Novo [&hellip;]","og_url":"https:\/\/www.estrategiaconcursos.com.br\/blog\/gabarito-extraoficial-de-direito-processual-civil-dpdf-2019\/","og_site_name":"Estrat\u00e9gia Concursos","article_published_time":"2019-07-08T14:49:44+00:00","article_modified_time":"2020-04-30T20:07:11+00:00","author":"Rodrigo Vaslin","twitter_card":"summary_large_image","twitter_creator":"@EstratConcursos","twitter_site":"@EstratConcursos","twitter_misc":{"Escrito por":"Rodrigo Vaslin","Est. tempo de leitura":"28 minutos"},"schema":{"@context":"https:\/\/schema.org","@graph":[{"@type":"NewsArticle","@id":"https:\/\/www.estrategiaconcursos.com.br\/blog\/gabarito-extraoficial-de-direito-processual-civil-dpdf-2019\/#article","isPartOf":{"@id":"https:\/\/www.estrategiaconcursos.com.br\/blog\/gabarito-extraoficial-de-direito-processual-civil-dpdf-2019\/"},"author":{"name":"Rodrigo Vaslin","@id":"https:\/\/www.estrategiaconcursos.com.br\/blog\/#\/schema\/person\/24b24eaf8afb633c0a2feb899d337975"},"headline":"Gabarito Extraoficial de Direito Processual Civil &#8211; DPDF &#8211; 2019","datePublished":"2019-07-08T14:49:44+00:00","dateModified":"2020-04-30T20:07:11+00:00","mainEntityOfPage":{"@id":"https:\/\/www.estrategiaconcursos.com.br\/blog\/gabarito-extraoficial-de-direito-processual-civil-dpdf-2019\/"},"wordCount":5519,"commentCount":0,"publisher":{"@id":"https:\/\/www.estrategiaconcursos.com.br\/blog\/#organization"},"articleSection":["Concursos P\u00fablicos","Jur\u00eddico"],"inLanguage":"pt-BR","potentialAction":[{"@type":"CommentAction","name":"Comment","target":["https:\/\/www.estrategiaconcursos.com.br\/blog\/gabarito-extraoficial-de-direito-processual-civil-dpdf-2019\/#respond"]}],"copyrightYear":"2019","copyrightHolder":{"@id":"https:\/\/www.estrategiaconcursos.com.br\/blog\/#organization"}},{"@type":"WebPage","@id":"https:\/\/www.estrategiaconcursos.com.br\/blog\/gabarito-extraoficial-de-direito-processual-civil-dpdf-2019\/","url":"https:\/\/www.estrategiaconcursos.com.br\/blog\/gabarito-extraoficial-de-direito-processual-civil-dpdf-2019\/","name":"Gabarito Extraoficial de Direito Processual Civil - DPDF - 2019","isPartOf":{"@id":"https:\/\/www.estrategiaconcursos.com.br\/blog\/#website"},"datePublished":"2019-07-08T14:49:44+00:00","dateModified":"2020-04-30T20:07:11+00:00","breadcrumb":{"@id":"https:\/\/www.estrategiaconcursos.com.br\/blog\/gabarito-extraoficial-de-direito-processual-civil-dpdf-2019\/#breadcrumb"},"inLanguage":"pt-BR","potentialAction":[{"@type":"ReadAction","target":["https:\/\/www.estrategiaconcursos.com.br\/blog\/gabarito-extraoficial-de-direito-processual-civil-dpdf-2019\/"]}]},{"@type":"BreadcrumbList","@id":"https:\/\/www.estrategiaconcursos.com.br\/blog\/gabarito-extraoficial-de-direito-processual-civil-dpdf-2019\/#breadcrumb","itemListElement":[{"@type":"ListItem","position":1,"name":"In\u00edcio","item":"https:\/\/www.estrategiaconcursos.com.br\/blog\/"},{"@type":"ListItem","position":2,"name":"Gabarito Extraoficial de Direito Processual Civil &#8211; DPDF &#8211; 2019"}]},{"@type":"WebSite","@id":"https:\/\/www.estrategiaconcursos.com.br\/blog\/#website","url":"https:\/\/www.estrategiaconcursos.com.br\/blog\/","name":"Estrat\u00e9gia Concursos","description":"O blog da Estrat\u00e9gia Concursos traz not\u00edcias sobre concursos e artigos de professores oferecendo cursos para concursos (pdf + videaulas) no site.","publisher":{"@id":"https:\/\/www.estrategiaconcursos.com.br\/blog\/#organization"},"potentialAction":[{"@type":"SearchAction","target":{"@type":"EntryPoint","urlTemplate":"https:\/\/www.estrategiaconcursos.com.br\/blog\/?s={search_term_string}"},"query-input":{"@type":"PropertyValueSpecification","valueRequired":true,"valueName":"search_term_string"}}],"inLanguage":"pt-BR"},{"@type":"Organization","@id":"https:\/\/www.estrategiaconcursos.com.br\/blog\/#organization","name":"Estrat\u00e9gia Concursos","url":"https:\/\/www.estrategiaconcursos.com.br\/blog\/","logo":{"@type":"ImageObject","inLanguage":"pt-BR","@id":"https:\/\/www.estrategiaconcursos.com.br\/blog\/#\/schema\/logo\/image\/","url":"https:\/\/dhg1h5j42swfq.cloudfront.net\/2025\/06\/03203428\/logo_concursos-1.jpg","contentUrl":"https:\/\/dhg1h5j42swfq.cloudfront.net\/2025\/06\/03203428\/logo_concursos-1.jpg","width":230,"height":60,"caption":"Estrat\u00e9gia Concursos"},"image":{"@id":"https:\/\/www.estrategiaconcursos.com.br\/blog\/#\/schema\/logo\/image\/"},"sameAs":["https:\/\/x.com\/EstratConcursos"]},{"@type":"Person","@id":"https:\/\/www.estrategiaconcursos.com.br\/blog\/#\/schema\/person\/24b24eaf8afb633c0a2feb899d337975","name":"Rodrigo Vaslin","image":{"@type":"ImageObject","inLanguage":"pt-BR","@id":"https:\/\/secure.gravatar.com\/avatar\/900d9bf4a7f52b9297b94123a5958634e71b1a6be7409343477893fbeac702c5?s=96&d=mm&r=g","url":"https:\/\/secure.gravatar.com\/avatar\/900d9bf4a7f52b9297b94123a5958634e71b1a6be7409343477893fbeac702c5?s=96&d=mm&r=g","contentUrl":"https:\/\/secure.gravatar.com\/avatar\/900d9bf4a7f52b9297b94123a5958634e71b1a6be7409343477893fbeac702c5?s=96&d=mm&r=g","caption":"Rodrigo Vaslin"},"url":"https:\/\/www.estrategiaconcursos.com.br\/blog\/author\/rodrigovaslingmail-com\/"}]}},"_links":{"self":[{"href":"https:\/\/www.estrategiaconcursos.com.br\/blog\/wp-json\/wp\/v2\/posts\/396428","targetHints":{"allow":["GET"]}}],"collection":[{"href":"https:\/\/www.estrategiaconcursos.com.br\/blog\/wp-json\/wp\/v2\/posts"}],"about":[{"href":"https:\/\/www.estrategiaconcursos.com.br\/blog\/wp-json\/wp\/v2\/types\/post"}],"author":[{"embeddable":true,"href":"https:\/\/www.estrategiaconcursos.com.br\/blog\/wp-json\/wp\/v2\/users\/541"}],"replies":[{"embeddable":true,"href":"https:\/\/www.estrategiaconcursos.com.br\/blog\/wp-json\/wp\/v2\/comments?post=396428"}],"version-history":[{"count":1,"href":"https:\/\/www.estrategiaconcursos.com.br\/blog\/wp-json\/wp\/v2\/posts\/396428\/revisions"}],"predecessor-version":[{"id":396432,"href":"https:\/\/www.estrategiaconcursos.com.br\/blog\/wp-json\/wp\/v2\/posts\/396428\/revisions\/396432"}],"wp:attachment":[{"href":"https:\/\/www.estrategiaconcursos.com.br\/blog\/wp-json\/wp\/v2\/media?parent=396428"}],"wp:term":[{"taxonomy":"category","embeddable":true,"href":"https:\/\/www.estrategiaconcursos.com.br\/blog\/wp-json\/wp\/v2\/categories?post=396428"},{"taxonomy":"post_tag","embeddable":true,"href":"https:\/\/www.estrategiaconcursos.com.br\/blog\/wp-json\/wp\/v2\/tags?post=396428"},{"taxonomy":"tax_estado","embeddable":true,"href":"https:\/\/www.estrategiaconcursos.com.br\/blog\/wp-json\/wp\/v2\/tax_estado?post=396428"}],"curies":[{"name":"wp","href":"https:\/\/api.w.org\/{rel}","templated":true}]}}