{"id":396365,"date":"2019-07-10T16:20:06","date_gmt":"2019-07-10T19:20:06","guid":{"rendered":"https:\/\/www.estrategiaconcursos.com.br\/blog\/?p=396365"},"modified":"2019-07-10T16:16:55","modified_gmt":"2019-07-10T19:16:55","slug":"a-importancia-de-duas-horas-de-silencio-por-dia","status":"publish","type":"post","link":"https:\/\/www.estrategiaconcursos.com.br\/blog\/a-importancia-de-duas-horas-de-silencio-por-dia\/","title":{"rendered":"A import\u00e2ncia de duas horas de sil\u00eancio por dia"},"content":{"rendered":"\n<p>O texto\nabaixo foi retirado do site do jornal El Pa\u00eds e aborda a import\u00e2ncia de\nmomentos de sil\u00eancio para a neurog\u00eanese e concentra\u00e7\u00e3o.<\/p>\n\n\n\n<p>Um fragmento desse texto foi usado como base para a prova da banca IDHTEC, concurso para CRQ (Conselho Regional de Qu\u00edmica) \u2013 19\u00aa Regi\u00e3o (PB) \u2013 Cargo: Advogado 2018 Superior, portanto, vale muito a pena para voc\u00ea, que se prepara para concursos, pois, al\u00e9m de ser um texto que j\u00e1 caiu em prova, aborda um assunto que contribuir\u00e1 para seus estudos: o sil\u00eancio.<\/p>\n\n\n\n<p><strong><em>Quer calar a boca? : a import\u00e2ncia de desfrutar de duas horas de sil\u00eancio por dia<\/em><\/strong><\/p>\n\n\n\n<p><em>Nem a melhor can\u00e7\u00e3o do mundo iguala o poder da\nquietude, que traz benef\u00edcios ao cora\u00e7\u00e3o e ao c\u00e9rebro<\/em><\/p>\n\n\n\n<p>Situada\na menos de um quil\u00f4metro da Quinta Avenida, em Nova York, a taberna Burp Castle\ntem um cartaz que diz: \u201cProibido gritar. Apenas sussurros\u201d. O n\u00edvel das\nconversas no local n\u00e3o ultrapassa os 39 decib\u00e9is (como um bom aparelho de ar\ncondicionado). No outro extremo do mundo, um especialista na cerim\u00f4nia do ch\u00e1\nda Escola Urasenke, em Kyoto (Jap\u00e3o), se entrega ao ritual em total sil\u00eancio:\n\u201cNingu\u00e9m fala, ningu\u00e9m domina\u201d. E no meio da floresta finlandesa, a jornalista\nespanhola Marta Caparr\u00f3s, que ganhou uma bolsa para l\u00e1 escrever seu segundo\nromance, est\u00e1 prestes a fazer algo in\u00e9dito em sua vida anterior em Madri: sair\npara passear por um momento sem colocar os fones de ouvido.<\/p>\n\n\n\n<p>O\nsil\u00eancio pode parecer um capricho inalcan\u00e7\u00e1vel. Numa sociedade de debatedores\nde televis\u00e3o grit\u00f5es, na qual se compete para encher as casas de telas e a\ntimidez \u00e9 injustamente associada a temperamentos fracos e pusil\u00e2nimes, abaixar\no volume n\u00e3o est\u00e1 na moda. E pagamos uma conta muito alta por isso. \u201cA polui\u00e7\u00e3o\nsonora est\u00e1 relacionada com surdez, problemas de sono, doen\u00e7as cardiovasculares\ne dist\u00farbios digestivos. Sabe-se tamb\u00e9m que os jovens que vivem num ambiente\nruidoso t\u00eam sua capacidade de mem\u00f3ria e de aprendizagem alterada\u201d, afirma Pablo\nIrimia, neurologista e membro da Sociedade Espanhola de Neurologia (SEN).<\/p>\n\n\n\n<p>A\nOMS publicou um relat\u00f3rio em 2011 que revelou que 3.000 das mortes ocorridas\nnaquele ano na Europa Ocidental por doen\u00e7a card\u00edaca tinham rela\u00e7\u00e3o com o ru\u00eddo\nexcessivo. Na Espanha, 22% da popula\u00e7\u00e3o est\u00e1 em situa\u00e7\u00e3o de risco por causa da\ncarga de decib\u00e9is (acima de 65 \u00e9 considerado perigoso), de acordo com a\norganiza\u00e7\u00e3o. J\u00e1 em 1859, a enfermeira brit\u00e2nica Florence Nightingale escreveu o\nseguinte em um documento recompilado pelo historiador Hillel Schwartz em seu livro\n<em>Making Noise: From Babel to the Big Bang\n&amp; Beyond<\/em> [<em>Fazendo Barulho: de\nBabel ao Big Bang &amp; Mais Al\u00e9m<\/em>]: \u201cO ru\u00eddo desnecess\u00e1rio \u00e9 a aus\u00eancia\nmais cruel de cuidado que se pode infligir a uma pessoa. O ru\u00eddo repentino \u00e9\ninclusive uma causa de morte entre os pacientes crian\u00e7as\u201d.<\/p>\n\n\n\n<p>Mas\no sil\u00eancio tem algum efeito positivo sobre o organismo, al\u00e9m de garantir a\naus\u00eancia de furadeiras e motores? O m\u00e9dico e pesquisador Luciano Bernardi foi\num dos primeiros a responder afirmativamente a essa quest\u00e3o, com um estudo publicado\nna revista <em>Heart<\/em>. \u201cEst\u00e1vamos\ninvestigando os efeitos de diferentes tipos de m\u00fasica nos sistemas\ncardiovascular e respirat\u00f3rio e introduzimos pausas de dois minutos entre os\ntrechos das can\u00e7\u00f5es. Ent\u00e3o vimos que os indicadores de relaxamento humano\ndisparavam durante esses epis\u00f3dios, muito mais do que com qualquer m\u00fasica ou\ndurante o sil\u00eancio anterior ao in\u00edcio da experi\u00eancia\u201d. O efeito positivo do\nsil\u00eancio, por conseguinte, funciona por contraste.<\/p>\n\n\n\n<p><strong>Ru\u00eddo ruim, sil\u00eancio bom?<\/strong><\/p>\n\n\n\n<p>Segundo\no pesquisador e neurologista Michael Wehr, da Universidade de Oregon, nossos\nneur\u00f4nios se acendem durante a quietude, de modo que o c\u00e9rebro a est\u00e1\nreconhecendo, \u201cn\u00e3o o vive como uma aus\u00eancia de inputs\u201d. Na mesma linha\nraciocina a cardiologista e neurologista Imke Kirste em seu trabalho <em>Is Silence Golden?<\/em> [<em>O Sil\u00eancio \u00c9 de Ouro?<\/em>], publicado em 2013 na revista <em>Brain Structure and Function<\/em>. A\npesquisa, realizada somente com camundongos, mostrou que o sil\u00eancio, em maior\nn\u00edvel do que qualquer melodia, provoca neurog\u00eanese (nascimento de novos\nneur\u00f4nios). Se sua diminui\u00e7\u00e3o no hipocampo leva \u00e0 doen\u00e7a de Alzheimer, como\napontam muitos especialistas, o sil\u00eancio e o retiro poderiam ser uma maneira de\ntratar a doen\u00e7a.<\/p>\n\n\n\n<p>O\nneurologista Pablo Irimia aconselha, no entanto, muita prud\u00eancia a esse\nrespeito (\u201ca partir da adolesc\u00eancia, a neurog\u00eanese \u00e9 t\u00e3o limitada que tem pouco\nvalor\u201d), mas aponta duas evid\u00eancias indiscut\u00edveis: o sil\u00eancio facilita o\ncontrole da press\u00e3o arterial (reduz o risco cardiovascular, prevenindo, assim,\ndoen\u00e7as card\u00edacas e acidentes vasculares cerebrais) e predisp\u00f5e aos benef\u00edcios\nde uma vida reflexiva. \u201cO pensamento profundo e meditado gera novas conex\u00f5es\nentre os neur\u00f4nios. Ou seja, uma vida intelectual ativa, que exige concentra\u00e7\u00e3o\ne, portanto, sil\u00eancio, desempenha um papel protetor em dist\u00farbios neuronais.\nPor exemplo, sabemos que um alto n\u00edvel de escolaridade est\u00e1 associado a um\nmenor risco de sofrer da doen\u00e7a de Alzheimer\u201d, diz o neurologista, que\naconselha uma rotina pouco barulhenta e pontuada por momentos de sil\u00eancio.<\/p>\n\n\n\n<p>\u201cN\u00e3o \u00e9 preciso se isolar completamente. Basta viver uma vida normal, com especial aten\u00e7\u00e3o para a calma. Na verdade, nenhum c\u00e9rebro humano aguenta o sil\u00eancio total. Existem c\u00e2maras anecoicas que reproduzem, no ambiente m\u00e9dico, o que h\u00e1 de mais parecido ao sil\u00eancio absoluto, e ningu\u00e9m consegue ficar mais de 40 minutos dentro delas, porque o c\u00e9rebro est\u00e1 sempre \u00e0 procura est\u00edmulos e se n\u00e3o os encontra fora, amplia o ru\u00eddo do cora\u00e7\u00e3o, dos intestinos\u201d, continua o cientista.<\/p>\n\n\n\n<div class=\"wp-block-image\"><figure class=\"aligncenter\"><img loading=\"lazy\" decoding=\"async\" width=\"372\" height=\"248\" src=\"https:\/\/dhg1h5j42swfq.cloudfront.net\/2019\/07\/08105600\/image34.png\" alt=\"\" class=\"wp-image-396370\" srcset=\"https:\/\/dhg1h5j42swfq.cloudfront.net\/2019\/07\/08105600\/image34.png 372w, https:\/\/dhg1h5j42swfq.cloudfront.net\/2019\/07\/08105600\/image34.png 300w\" sizes=\"auto, (max-width: 372px) 100vw, 372px\" \/><\/figure><\/div>\n\n\n\n<p>Bom, meus amigos!<\/p>\n\n\n\n<p>Se j\u00e1 sab\u00edamos que o ambiente silencioso \u00e9 produtivo para nosso estudo, agora fica patente que \u00e9 importante tamb\u00e9m para nossa sa\u00fade!<\/p>\n\n\n\n<p>Voc\u00ea est\u00e1 no caminho certo!<\/p>\n\n\n\n<p>Bons estudos!<\/p>\n\n\n\n<p><a href=\"https:\/\/www.instagram.com\/decioterror\/?hl=pt-br\" target=\"_blank\" rel=\"noreferrer noopener\" aria-label=\"D\u00e9cio Terror (abre numa nova aba)\">D\u00e9cio Terror<\/a><\/p>\n","protected":false},"excerpt":{"rendered":"<p>O texto abaixo foi retirado do site do jornal El Pa\u00eds e aborda a import\u00e2ncia de momentos de sil\u00eancio para a neurog\u00eanese e concentra\u00e7\u00e3o. Um fragmento desse texto foi usado como base para a prova da banca IDHTEC, concurso para CRQ (Conselho Regional de Qu\u00edmica) \u2013 19\u00aa Regi\u00e3o (PB) \u2013 Cargo: Advogado 2018 Superior, portanto, [&hellip;]<\/p>\n","protected":false},"author":214,"featured_media":0,"comment_status":"open","ping_status":"closed","sticky":false,"template":"","format":"standard","meta":{"post_tipo":"article","footnotes":""},"categories":[1],"tags":[],"tax_estado":[],"class_list":["post-396365","post","type-post","status-publish","format-standard","hentry","category-cursos-e-concursos"],"acf":[],"yoast_head":"<!-- This site is optimized with the Yoast SEO Premium plugin v27.2 (Yoast SEO v27.2) - https:\/\/yoast.com\/product\/yoast-seo-premium-wordpress\/ -->\n<title>A import\u00e2ncia de duas horas de sil\u00eancio por dia<\/title>\n<meta name=\"robots\" content=\"index, follow, max-snippet:-1, max-image-preview:large, max-video-preview:-1\" \/>\n<link rel=\"canonical\" href=\"https:\/\/www.estrategiaconcursos.com.br\/blog\/a-importancia-de-duas-horas-de-silencio-por-dia\/\" \/>\n<meta property=\"og:locale\" content=\"pt_BR\" \/>\n<meta property=\"og:type\" content=\"article\" \/>\n<meta property=\"og:title\" content=\"A import\u00e2ncia de duas horas de sil\u00eancio por dia\" \/>\n<meta property=\"og:description\" content=\"O texto abaixo foi retirado do site do jornal El Pa\u00eds e aborda a import\u00e2ncia de momentos de sil\u00eancio para a neurog\u00eanese e concentra\u00e7\u00e3o. Um fragmento desse texto foi usado como base para a prova da banca IDHTEC, concurso para CRQ (Conselho Regional de Qu\u00edmica) \u2013 19\u00aa Regi\u00e3o (PB) \u2013 Cargo: Advogado 2018 Superior, portanto, [&hellip;]\" \/>\n<meta property=\"og:url\" content=\"https:\/\/www.estrategiaconcursos.com.br\/blog\/a-importancia-de-duas-horas-de-silencio-por-dia\/\" \/>\n<meta property=\"og:site_name\" content=\"Estrat\u00e9gia Concursos\" \/>\n<meta property=\"article:published_time\" content=\"2019-07-10T19:20:06+00:00\" \/>\n<meta property=\"og:image\" content=\"https:\/\/www.estrategiaconcursos.com.br\/blog\/wp-content\/uploads\/2019\/07\/image34.png\" \/>\n<meta name=\"author\" content=\"D\u00e9cio Terror Filho\" \/>\n<meta name=\"twitter:card\" content=\"summary_large_image\" \/>\n<meta name=\"twitter:creator\" content=\"@EstratConcursos\" \/>\n<meta name=\"twitter:site\" content=\"@EstratConcursos\" \/>\n<meta name=\"twitter:label1\" content=\"Escrito por\" \/>\n\t<meta name=\"twitter:data1\" content=\"D\u00e9cio Terror Filho\" \/>\n\t<meta name=\"twitter:label2\" content=\"Est. tempo de leitura\" \/>\n\t<meta name=\"twitter:data2\" content=\"5 minutos\" \/>\n<script type=\"application\/ld+json\" class=\"yoast-schema-graph\">{\"@context\":\"https:\/\/schema.org\",\"@graph\":[{\"@type\":\"NewsArticle\",\"@id\":\"https:\/\/www.estrategiaconcursos.com.br\/blog\/a-importancia-de-duas-horas-de-silencio-por-dia\/#article\",\"isPartOf\":{\"@id\":\"https:\/\/www.estrategiaconcursos.com.br\/blog\/a-importancia-de-duas-horas-de-silencio-por-dia\/\"},\"author\":{\"name\":\"D\u00e9cio Terror Filho\",\"@id\":\"https:\/\/www.estrategiaconcursos.com.br\/blog\/#\/schema\/person\/e8165364027a31208914fc77c3314727\"},\"headline\":\"A import\u00e2ncia de duas horas de sil\u00eancio por dia\",\"datePublished\":\"2019-07-10T19:20:06+00:00\",\"mainEntityOfPage\":{\"@id\":\"https:\/\/www.estrategiaconcursos.com.br\/blog\/a-importancia-de-duas-horas-de-silencio-por-dia\/\"},\"wordCount\":1028,\"commentCount\":3,\"publisher\":{\"@id\":\"https:\/\/www.estrategiaconcursos.com.br\/blog\/#organization\"},\"image\":{\"@id\":\"https:\/\/www.estrategiaconcursos.com.br\/blog\/a-importancia-de-duas-horas-de-silencio-por-dia\/#primaryimage\"},\"thumbnailUrl\":\"https:\/\/www.estrategiaconcursos.com.br\/blog\/wp-content\/uploads\/2019\/07\/image34.png\",\"articleSection\":[\"Concursos P\u00fablicos\"],\"inLanguage\":\"pt-BR\",\"potentialAction\":[{\"@type\":\"CommentAction\",\"name\":\"Comment\",\"target\":[\"https:\/\/www.estrategiaconcursos.com.br\/blog\/a-importancia-de-duas-horas-de-silencio-por-dia\/#respond\"]}],\"copyrightYear\":\"2019\",\"copyrightHolder\":{\"@id\":\"https:\/\/www.estrategiaconcursos.com.br\/blog\/#organization\"}},{\"@type\":\"WebPage\",\"@id\":\"https:\/\/www.estrategiaconcursos.com.br\/blog\/a-importancia-de-duas-horas-de-silencio-por-dia\/\",\"url\":\"https:\/\/www.estrategiaconcursos.com.br\/blog\/a-importancia-de-duas-horas-de-silencio-por-dia\/\",\"name\":\"A import\u00e2ncia de duas horas de sil\u00eancio por dia\",\"isPartOf\":{\"@id\":\"https:\/\/www.estrategiaconcursos.com.br\/blog\/#website\"},\"primaryImageOfPage\":{\"@id\":\"https:\/\/www.estrategiaconcursos.com.br\/blog\/a-importancia-de-duas-horas-de-silencio-por-dia\/#primaryimage\"},\"image\":{\"@id\":\"https:\/\/www.estrategiaconcursos.com.br\/blog\/a-importancia-de-duas-horas-de-silencio-por-dia\/#primaryimage\"},\"thumbnailUrl\":\"https:\/\/www.estrategiaconcursos.com.br\/blog\/wp-content\/uploads\/2019\/07\/image34.png\",\"datePublished\":\"2019-07-10T19:20:06+00:00\",\"breadcrumb\":{\"@id\":\"https:\/\/www.estrategiaconcursos.com.br\/blog\/a-importancia-de-duas-horas-de-silencio-por-dia\/#breadcrumb\"},\"inLanguage\":\"pt-BR\",\"potentialAction\":[{\"@type\":\"ReadAction\",\"target\":[\"https:\/\/www.estrategiaconcursos.com.br\/blog\/a-importancia-de-duas-horas-de-silencio-por-dia\/\"]}]},{\"@type\":\"ImageObject\",\"inLanguage\":\"pt-BR\",\"@id\":\"https:\/\/www.estrategiaconcursos.com.br\/blog\/a-importancia-de-duas-horas-de-silencio-por-dia\/#primaryimage\",\"url\":\"https:\/\/dhg1h5j42swfq.cloudfront.net\/2019\/07\/08105600\/image34.png\",\"contentUrl\":\"https:\/\/dhg1h5j42swfq.cloudfront.net\/2019\/07\/08105600\/image34.png\",\"width\":372,\"height\":248},{\"@type\":\"BreadcrumbList\",\"@id\":\"https:\/\/www.estrategiaconcursos.com.br\/blog\/a-importancia-de-duas-horas-de-silencio-por-dia\/#breadcrumb\",\"itemListElement\":[{\"@type\":\"ListItem\",\"position\":1,\"name\":\"In\u00edcio\",\"item\":\"https:\/\/www.estrategiaconcursos.com.br\/blog\/\"},{\"@type\":\"ListItem\",\"position\":2,\"name\":\"A import\u00e2ncia de duas horas de sil\u00eancio por dia\"}]},{\"@type\":\"WebSite\",\"@id\":\"https:\/\/www.estrategiaconcursos.com.br\/blog\/#website\",\"url\":\"https:\/\/www.estrategiaconcursos.com.br\/blog\/\",\"name\":\"Estrat\u00e9gia Concursos\",\"description\":\"O blog da Estrat\u00e9gia Concursos traz not\u00edcias sobre concursos e artigos de professores oferecendo cursos para concursos (pdf + videaulas) no site.\",\"publisher\":{\"@id\":\"https:\/\/www.estrategiaconcursos.com.br\/blog\/#organization\"},\"potentialAction\":[{\"@type\":\"SearchAction\",\"target\":{\"@type\":\"EntryPoint\",\"urlTemplate\":\"https:\/\/www.estrategiaconcursos.com.br\/blog\/?s={search_term_string}\"},\"query-input\":{\"@type\":\"PropertyValueSpecification\",\"valueRequired\":true,\"valueName\":\"search_term_string\"}}],\"inLanguage\":\"pt-BR\"},{\"@type\":\"Organization\",\"@id\":\"https:\/\/www.estrategiaconcursos.com.br\/blog\/#organization\",\"name\":\"Estrat\u00e9gia Concursos\",\"url\":\"https:\/\/www.estrategiaconcursos.com.br\/blog\/\",\"logo\":{\"@type\":\"ImageObject\",\"inLanguage\":\"pt-BR\",\"@id\":\"https:\/\/www.estrategiaconcursos.com.br\/blog\/#\/schema\/logo\/image\/\",\"url\":\"https:\/\/dhg1h5j42swfq.cloudfront.net\/2025\/06\/03203428\/logo_concursos-1.jpg\",\"contentUrl\":\"https:\/\/dhg1h5j42swfq.cloudfront.net\/2025\/06\/03203428\/logo_concursos-1.jpg\",\"width\":230,\"height\":60,\"caption\":\"Estrat\u00e9gia Concursos\"},\"image\":{\"@id\":\"https:\/\/www.estrategiaconcursos.com.br\/blog\/#\/schema\/logo\/image\/\"},\"sameAs\":[\"https:\/\/x.com\/EstratConcursos\"]},{\"@type\":\"Person\",\"@id\":\"https:\/\/www.estrategiaconcursos.com.br\/blog\/#\/schema\/person\/e8165364027a31208914fc77c3314727\",\"name\":\"D\u00e9cio Terror Filho\",\"image\":{\"@type\":\"ImageObject\",\"inLanguage\":\"pt-BR\",\"@id\":\"https:\/\/secure.gravatar.com\/avatar\/a5b78e734de7c6482e965926e78344deb81abbc34282a3c9536cbb1a59728a37?s=96&d=mm&r=g\",\"url\":\"https:\/\/secure.gravatar.com\/avatar\/a5b78e734de7c6482e965926e78344deb81abbc34282a3c9536cbb1a59728a37?s=96&d=mm&r=g\",\"contentUrl\":\"https:\/\/secure.gravatar.com\/avatar\/a5b78e734de7c6482e965926e78344deb81abbc34282a3c9536cbb1a59728a37?s=96&d=mm&r=g\",\"caption\":\"D\u00e9cio Terror Filho\"},\"url\":\"https:\/\/www.estrategiaconcursos.com.br\/blog\/author\/contatoterrorportugues-com-br\/\"}]}<\/script>\n<!-- \/ Yoast SEO Premium plugin. -->","yoast_head_json":{"title":"A import\u00e2ncia de duas horas de sil\u00eancio por dia","robots":{"index":"index","follow":"follow","max-snippet":"max-snippet:-1","max-image-preview":"max-image-preview:large","max-video-preview":"max-video-preview:-1"},"canonical":"https:\/\/www.estrategiaconcursos.com.br\/blog\/a-importancia-de-duas-horas-de-silencio-por-dia\/","og_locale":"pt_BR","og_type":"article","og_title":"A import\u00e2ncia de duas horas de sil\u00eancio por dia","og_description":"O texto abaixo foi retirado do site do jornal El Pa\u00eds e aborda a import\u00e2ncia de momentos de sil\u00eancio para a neurog\u00eanese e concentra\u00e7\u00e3o. Um fragmento desse texto foi usado como base para a prova da banca IDHTEC, concurso para CRQ (Conselho Regional de Qu\u00edmica) \u2013 19\u00aa Regi\u00e3o (PB) \u2013 Cargo: Advogado 2018 Superior, portanto, [&hellip;]","og_url":"https:\/\/www.estrategiaconcursos.com.br\/blog\/a-importancia-de-duas-horas-de-silencio-por-dia\/","og_site_name":"Estrat\u00e9gia Concursos","article_published_time":"2019-07-10T19:20:06+00:00","og_image":[{"url":"https:\/\/www.estrategiaconcursos.com.br\/blog\/wp-content\/uploads\/2019\/07\/image34.png","type":"","width":"","height":""}],"author":"D\u00e9cio Terror Filho","twitter_card":"summary_large_image","twitter_creator":"@EstratConcursos","twitter_site":"@EstratConcursos","twitter_misc":{"Escrito por":"D\u00e9cio Terror Filho","Est. tempo de leitura":"5 minutos"},"schema":{"@context":"https:\/\/schema.org","@graph":[{"@type":"NewsArticle","@id":"https:\/\/www.estrategiaconcursos.com.br\/blog\/a-importancia-de-duas-horas-de-silencio-por-dia\/#article","isPartOf":{"@id":"https:\/\/www.estrategiaconcursos.com.br\/blog\/a-importancia-de-duas-horas-de-silencio-por-dia\/"},"author":{"name":"D\u00e9cio Terror Filho","@id":"https:\/\/www.estrategiaconcursos.com.br\/blog\/#\/schema\/person\/e8165364027a31208914fc77c3314727"},"headline":"A import\u00e2ncia de duas horas de sil\u00eancio por dia","datePublished":"2019-07-10T19:20:06+00:00","mainEntityOfPage":{"@id":"https:\/\/www.estrategiaconcursos.com.br\/blog\/a-importancia-de-duas-horas-de-silencio-por-dia\/"},"wordCount":1028,"commentCount":3,"publisher":{"@id":"https:\/\/www.estrategiaconcursos.com.br\/blog\/#organization"},"image":{"@id":"https:\/\/www.estrategiaconcursos.com.br\/blog\/a-importancia-de-duas-horas-de-silencio-por-dia\/#primaryimage"},"thumbnailUrl":"https:\/\/www.estrategiaconcursos.com.br\/blog\/wp-content\/uploads\/2019\/07\/image34.png","articleSection":["Concursos P\u00fablicos"],"inLanguage":"pt-BR","potentialAction":[{"@type":"CommentAction","name":"Comment","target":["https:\/\/www.estrategiaconcursos.com.br\/blog\/a-importancia-de-duas-horas-de-silencio-por-dia\/#respond"]}],"copyrightYear":"2019","copyrightHolder":{"@id":"https:\/\/www.estrategiaconcursos.com.br\/blog\/#organization"}},{"@type":"WebPage","@id":"https:\/\/www.estrategiaconcursos.com.br\/blog\/a-importancia-de-duas-horas-de-silencio-por-dia\/","url":"https:\/\/www.estrategiaconcursos.com.br\/blog\/a-importancia-de-duas-horas-de-silencio-por-dia\/","name":"A import\u00e2ncia de duas horas de sil\u00eancio por dia","isPartOf":{"@id":"https:\/\/www.estrategiaconcursos.com.br\/blog\/#website"},"primaryImageOfPage":{"@id":"https:\/\/www.estrategiaconcursos.com.br\/blog\/a-importancia-de-duas-horas-de-silencio-por-dia\/#primaryimage"},"image":{"@id":"https:\/\/www.estrategiaconcursos.com.br\/blog\/a-importancia-de-duas-horas-de-silencio-por-dia\/#primaryimage"},"thumbnailUrl":"https:\/\/www.estrategiaconcursos.com.br\/blog\/wp-content\/uploads\/2019\/07\/image34.png","datePublished":"2019-07-10T19:20:06+00:00","breadcrumb":{"@id":"https:\/\/www.estrategiaconcursos.com.br\/blog\/a-importancia-de-duas-horas-de-silencio-por-dia\/#breadcrumb"},"inLanguage":"pt-BR","potentialAction":[{"@type":"ReadAction","target":["https:\/\/www.estrategiaconcursos.com.br\/blog\/a-importancia-de-duas-horas-de-silencio-por-dia\/"]}]},{"@type":"ImageObject","inLanguage":"pt-BR","@id":"https:\/\/www.estrategiaconcursos.com.br\/blog\/a-importancia-de-duas-horas-de-silencio-por-dia\/#primaryimage","url":"https:\/\/dhg1h5j42swfq.cloudfront.net\/2019\/07\/08105600\/image34.png","contentUrl":"https:\/\/dhg1h5j42swfq.cloudfront.net\/2019\/07\/08105600\/image34.png","width":372,"height":248},{"@type":"BreadcrumbList","@id":"https:\/\/www.estrategiaconcursos.com.br\/blog\/a-importancia-de-duas-horas-de-silencio-por-dia\/#breadcrumb","itemListElement":[{"@type":"ListItem","position":1,"name":"In\u00edcio","item":"https:\/\/www.estrategiaconcursos.com.br\/blog\/"},{"@type":"ListItem","position":2,"name":"A import\u00e2ncia de duas horas de sil\u00eancio por dia"}]},{"@type":"WebSite","@id":"https:\/\/www.estrategiaconcursos.com.br\/blog\/#website","url":"https:\/\/www.estrategiaconcursos.com.br\/blog\/","name":"Estrat\u00e9gia Concursos","description":"O blog da Estrat\u00e9gia Concursos traz not\u00edcias sobre concursos e artigos de professores oferecendo cursos para concursos (pdf + videaulas) no site.","publisher":{"@id":"https:\/\/www.estrategiaconcursos.com.br\/blog\/#organization"},"potentialAction":[{"@type":"SearchAction","target":{"@type":"EntryPoint","urlTemplate":"https:\/\/www.estrategiaconcursos.com.br\/blog\/?s={search_term_string}"},"query-input":{"@type":"PropertyValueSpecification","valueRequired":true,"valueName":"search_term_string"}}],"inLanguage":"pt-BR"},{"@type":"Organization","@id":"https:\/\/www.estrategiaconcursos.com.br\/blog\/#organization","name":"Estrat\u00e9gia Concursos","url":"https:\/\/www.estrategiaconcursos.com.br\/blog\/","logo":{"@type":"ImageObject","inLanguage":"pt-BR","@id":"https:\/\/www.estrategiaconcursos.com.br\/blog\/#\/schema\/logo\/image\/","url":"https:\/\/dhg1h5j42swfq.cloudfront.net\/2025\/06\/03203428\/logo_concursos-1.jpg","contentUrl":"https:\/\/dhg1h5j42swfq.cloudfront.net\/2025\/06\/03203428\/logo_concursos-1.jpg","width":230,"height":60,"caption":"Estrat\u00e9gia Concursos"},"image":{"@id":"https:\/\/www.estrategiaconcursos.com.br\/blog\/#\/schema\/logo\/image\/"},"sameAs":["https:\/\/x.com\/EstratConcursos"]},{"@type":"Person","@id":"https:\/\/www.estrategiaconcursos.com.br\/blog\/#\/schema\/person\/e8165364027a31208914fc77c3314727","name":"D\u00e9cio Terror Filho","image":{"@type":"ImageObject","inLanguage":"pt-BR","@id":"https:\/\/secure.gravatar.com\/avatar\/a5b78e734de7c6482e965926e78344deb81abbc34282a3c9536cbb1a59728a37?s=96&d=mm&r=g","url":"https:\/\/secure.gravatar.com\/avatar\/a5b78e734de7c6482e965926e78344deb81abbc34282a3c9536cbb1a59728a37?s=96&d=mm&r=g","contentUrl":"https:\/\/secure.gravatar.com\/avatar\/a5b78e734de7c6482e965926e78344deb81abbc34282a3c9536cbb1a59728a37?s=96&d=mm&r=g","caption":"D\u00e9cio Terror Filho"},"url":"https:\/\/www.estrategiaconcursos.com.br\/blog\/author\/contatoterrorportugues-com-br\/"}]}},"_links":{"self":[{"href":"https:\/\/www.estrategiaconcursos.com.br\/blog\/wp-json\/wp\/v2\/posts\/396365","targetHints":{"allow":["GET"]}}],"collection":[{"href":"https:\/\/www.estrategiaconcursos.com.br\/blog\/wp-json\/wp\/v2\/posts"}],"about":[{"href":"https:\/\/www.estrategiaconcursos.com.br\/blog\/wp-json\/wp\/v2\/types\/post"}],"author":[{"embeddable":true,"href":"https:\/\/www.estrategiaconcursos.com.br\/blog\/wp-json\/wp\/v2\/users\/214"}],"replies":[{"embeddable":true,"href":"https:\/\/www.estrategiaconcursos.com.br\/blog\/wp-json\/wp\/v2\/comments?post=396365"}],"version-history":[{"count":2,"href":"https:\/\/www.estrategiaconcursos.com.br\/blog\/wp-json\/wp\/v2\/posts\/396365\/revisions"}],"predecessor-version":[{"id":397479,"href":"https:\/\/www.estrategiaconcursos.com.br\/blog\/wp-json\/wp\/v2\/posts\/396365\/revisions\/397479"}],"wp:attachment":[{"href":"https:\/\/www.estrategiaconcursos.com.br\/blog\/wp-json\/wp\/v2\/media?parent=396365"}],"wp:term":[{"taxonomy":"category","embeddable":true,"href":"https:\/\/www.estrategiaconcursos.com.br\/blog\/wp-json\/wp\/v2\/categories?post=396365"},{"taxonomy":"post_tag","embeddable":true,"href":"https:\/\/www.estrategiaconcursos.com.br\/blog\/wp-json\/wp\/v2\/tags?post=396365"},{"taxonomy":"tax_estado","embeddable":true,"href":"https:\/\/www.estrategiaconcursos.com.br\/blog\/wp-json\/wp\/v2\/tax_estado?post=396365"}],"curies":[{"name":"wp","href":"https:\/\/api.w.org\/{rel}","templated":true}]}}