{"id":396250,"date":"2019-07-08T10:31:47","date_gmt":"2019-07-08T13:31:47","guid":{"rendered":"https:\/\/www.estrategiaconcursos.com.br\/blog\/?p=396250"},"modified":"2019-07-08T12:18:42","modified_gmt":"2019-07-08T15:18:42","slug":"concurso-pm-e-pc-praula-ao-vivo","status":"publish","type":"post","link":"https:\/\/www.estrategiaconcursos.com.br\/blog\/concurso-pm-e-pc-praula-ao-vivo\/","title":{"rendered":"Concurso PM e PC PR: dicas exclusivas para se preparar para os certames"},"content":{"rendered":"\n<p>O governador do estado do Paran\u00e1, Carlos Massa Ratinho Junior anunciou em coletiva de imprensa que pretende contratar 2.560 novos policiais militares. A medida foi um dos itens apresentados pelo governo aos deputados estaduais na \u00faltima quarta-feira, 03 de julho. <\/p>\n\n\n\n<p>Al\u00e9m disso, o governador tamb\u00e9m anunciou a contrata\u00e7\u00e3o para Policiais Civis para diversos cargos, foi anunciado 400 vagas, sendo 50 delegados, 50 papiloscopistas e investigadores. Tamb\u00e9m, o governado prev\u00ea reajuste salarial para os servidores de  5,09% .<\/p>\n\n\n\n<p>Para que ocorram as novas contrata\u00e7\u00f5es e reajustes sem que isso ultrapasse o limite de despesas de pessoal ativo e inativo conforme a Lei de Responsabilidade Fiscal, \u00e9 necess\u00e1rio que haja o fim da licen\u00e7a pr\u00eamio para os servidores, segundo foi anunciado pelo governador.<\/p>\n\n\n\n<p style=\"font-size:25px;text-align:center\" class=\"has-background has-luminous-vivid-amber-background-color\"><strong><em>Mais informa\u00e7\u00f5es:&nbsp;<a href=\"https:\/\/www.estrategiaconcursos.com.br\/blog\/concurso-pM-pr\/\" target=\"_blank\" rel=\"noreferrer noopener\" aria-label=\"Concurso PM PR (abre numa nova aba)\">Concurso PM PR<\/a><\/em><\/strong><\/p>\n\n\n\n<p style=\"font-size:25px;text-align:center\" class=\"has-background has-light-green-cyan-background-color\"><strong><em>Mais informa\u00e7\u00f5es:&nbsp;<a href=\"https:\/\/www.estrategiaconcursos.com.br\/blog\/concurso-pc-pr\/\" target=\"_blank\" rel=\"noreferrer noopener\" aria-label=\"Concurso PC PR  (abre numa nova aba)\">Concurso PC PR <\/a><\/em><\/strong><\/p>\n\n\n\n<p>Diante do an\u00fancio feito pelo governador Ratinho J\u00fanior na semana passada,  a expectativa aumenta para a divulga\u00e7\u00e3o da comiss\u00e3o organizadora e do edital. Sabendo disso,  a equipe de professores do Estrat\u00e9gia Concursos far\u00e1 uma&nbsp;<strong>transmiss\u00e3o ao vivo<\/strong>&nbsp;sobre os<em><strong> concursos da Pol\u00edcia Militar e Policia Civil do Paran\u00e1.<\/strong><\/em><\/p>\n\n\n\n<p>Na aula ao vivo,  haver\u00e1 informa\u00e7\u00f5es sobre os dois concursos, dicas exclusivas para voc\u00ea usar quando for realizar o exame e ainda, um momento para sanar d\u00favidas. <\/p>\n\n\n\n<p>Neste\u00a0<strong>segunda-feira, 08 de julho, \u00e0s 19:00<\/strong>, os professores\u00a0 <br \/><strong>Paulo Bilynsky<\/strong>j e o coach <strong>Henrique Sasaki<\/strong>. V\u00e3o realizar uma transmiss\u00e3o sobre o concursos Da Pol\u00edcia Militar e Civil do Paran\u00e1. Voc\u00ea pode acompanhar ao vivo e\u00a0<strong>gratuitamente<\/strong>\u00a0atrav\u00e9s do\u00a0<em>canal do Estrat\u00e9gia Concursos no Youtube<\/em>. <\/p>\n\n\n\n<p style=\"font-size:27px;text-align:center\"><strong><em><a rel=\"noreferrer noopener\" aria-label=\"Aula ao vivo PM e PC PR (abre numa nova aba)\" href=\"https:\/\/www.estrategiaconcursos.com.br\/gratis\/pm-e-pc-parana\/\" target=\"_blank\">Inscreva-se gr\u00e1tis<\/a><\/em><\/strong><\/p>\n\n\n\n<div class=\"wp-block-image\"><figure class=\"aligncenter\"><img loading=\"lazy\" decoding=\"async\" width=\"1920\" height=\"480\" src=\"https:\/\/dhg1h5j42swfq.cloudfront.net\/2019\/07\/08101157\/pm-pv-pr.jpg\" alt=\"\" class=\"wp-image-396319\" srcset=\"https:\/\/dhg1h5j42swfq.cloudfront.net\/2019\/07\/08101157\/pm-pv-pr.jpg 1920w, https:\/\/dhg1h5j42swfq.cloudfront.net\/2019\/07\/08101157\/pm-pv-pr.jpg 300w, https:\/\/dhg1h5j42swfq.cloudfront.net\/2019\/07\/08101157\/pm-pv-pr.jpg 768w, https:\/\/dhg1h5j42swfq.cloudfront.net\/2019\/07\/08101157\/pm-pv-pr.jpg 1024w, https:\/\/dhg1h5j42swfq.cloudfront.net\/2019\/07\/08101157\/pm-pv-pr.jpg 610w\" sizes=\"auto, (max-width: 1920px) 100vw, 1920px\" \/><\/figure><\/div>\n\n\n\n<p style=\"font-size:25px;text-align:center\" class=\"has-background has-pale-cyan-blue-background-color\"><a rel=\"noreferrer noopener\" href=\"https:\/\/www.estrategiaconcursos.com.br\/cursos\/\" target=\"_blank\"><strong><em>Cursos para concursos<\/em><\/strong><\/a><\/p>\n\n\n\n<p style=\"text-align:center\"><em><strong>Assinatura Anual Ilimitada*<\/strong><\/em><\/p>\n\n\n\n<p style=\"text-align:center\"><em>Prepare-se com o melhor material e com quem mais aprova em Concursos P\u00fablicos em todo o pa\u00eds. Assine agora a nossa Assinatura Anual e tenha acesso ilimitado* a todos os nossos cursos.<\/em><\/p>\n\n\n\n<p style=\"font-size:25px;text-align:center\" class=\"has-background has-light-green-cyan-background-color\"><strong>ASSINE AGORA<\/strong>&nbsp;\u2013&nbsp;<a rel=\"noreferrer noopener\" href=\"https:\/\/www.estrategiaconcursos.com.br\/assinaturas\" target=\"_blank\"><strong>Assinatura Ilimitada<\/strong><\/a><\/p>\n","protected":false},"excerpt":{"rendered":"<p>O governador do estado do Paran\u00e1, Carlos Massa Ratinho Junior anunciou em coletiva de imprensa que pretende contratar 2.560 novos policiais militares. A medida foi um dos itens apresentados pelo governo aos deputados estaduais na \u00faltima quarta-feira, 03 de julho. Al\u00e9m disso, o governador tamb\u00e9m anunciou a contrata\u00e7\u00e3o para Policiais Civis para diversos cargos, foi [&hellip;]<\/p>\n","protected":false},"author":552,"featured_media":0,"comment_status":"open","ping_status":"closed","sticky":false,"template":"","format":"standard","meta":{"post_tipo":"article","footnotes":""},"categories":[1],"tags":[],"tax_estado":[],"class_list":["post-396250","post","type-post","status-publish","format-standard","hentry","category-cursos-e-concursos"],"acf":[],"yoast_head":"<!-- This site is optimized with the Yoast SEO Premium plugin v27.2 (Yoast SEO v27.2) - https:\/\/yoast.com\/product\/yoast-seo-premium-wordpress\/ -->\n<title>Concurso PM e PC PR: dicas exclusivas para se preparar para os certames<\/title>\n<meta name=\"robots\" content=\"index, follow, max-snippet:-1, max-image-preview:large, max-video-preview:-1\" \/>\n<link rel=\"canonical\" href=\"https:\/\/www.estrategiaconcursos.com.br\/blog\/concurso-pm-e-pc-praula-ao-vivo\/\" \/>\n<meta property=\"og:locale\" content=\"pt_BR\" \/>\n<meta property=\"og:type\" content=\"article\" \/>\n<meta property=\"og:title\" content=\"Concurso PM e PC PR: dicas exclusivas para se preparar para os certames\" \/>\n<meta property=\"og:description\" content=\"O governador do estado do Paran\u00e1, Carlos Massa Ratinho Junior anunciou em coletiva de imprensa que pretende contratar 2.560 novos policiais militares. A medida foi um dos itens apresentados pelo governo aos deputados estaduais na \u00faltima quarta-feira, 03 de julho. Al\u00e9m disso, o governador tamb\u00e9m anunciou a contrata\u00e7\u00e3o para Policiais Civis para diversos cargos, foi [&hellip;]\" \/>\n<meta property=\"og:url\" content=\"https:\/\/www.estrategiaconcursos.com.br\/blog\/concurso-pm-e-pc-praula-ao-vivo\/\" \/>\n<meta property=\"og:site_name\" content=\"Estrat\u00e9gia Concursos\" \/>\n<meta property=\"article:published_time\" content=\"2019-07-08T13:31:47+00:00\" \/>\n<meta property=\"article:modified_time\" content=\"2019-07-08T15:18:42+00:00\" \/>\n<meta property=\"og:image\" content=\"https:\/\/www.estrategiaconcursos.com.br\/blog\/wp-content\/uploads\/2019\/07\/pm-pv-pr-1024x256.jpg\" \/>\n<meta name=\"author\" content=\"Paulo Bilynskyj\" \/>\n<meta name=\"twitter:card\" content=\"summary_large_image\" \/>\n<meta name=\"twitter:creator\" content=\"@EstratConcursos\" \/>\n<meta name=\"twitter:site\" content=\"@EstratConcursos\" \/>\n<meta name=\"twitter:label1\" content=\"Escrito por\" \/>\n\t<meta name=\"twitter:data1\" content=\"Paulo Bilynskyj\" \/>\n\t<meta name=\"twitter:label2\" content=\"Est. tempo de leitura\" \/>\n\t<meta name=\"twitter:data2\" content=\"2 minutos\" \/>\n<script type=\"application\/ld+json\" class=\"yoast-schema-graph\">{\"@context\":\"https:\/\/schema.org\",\"@graph\":[{\"@type\":\"NewsArticle\",\"@id\":\"https:\/\/www.estrategiaconcursos.com.br\/blog\/concurso-pm-e-pc-praula-ao-vivo\/#article\",\"isPartOf\":{\"@id\":\"https:\/\/www.estrategiaconcursos.com.br\/blog\/concurso-pm-e-pc-praula-ao-vivo\/\"},\"author\":{\"name\":\"Paulo Bilynskyj\",\"@id\":\"https:\/\/www.estrategiaconcursos.com.br\/blog\/#\/schema\/person\/a630b15e36f45b4c21fed01219843cb5\"},\"headline\":\"Concurso PM e PC PR: dicas exclusivas para se preparar para os certames\",\"datePublished\":\"2019-07-08T13:31:47+00:00\",\"dateModified\":\"2019-07-08T15:18:42+00:00\",\"mainEntityOfPage\":{\"@id\":\"https:\/\/www.estrategiaconcursos.com.br\/blog\/concurso-pm-e-pc-praula-ao-vivo\/\"},\"wordCount\":331,\"commentCount\":1,\"publisher\":{\"@id\":\"https:\/\/www.estrategiaconcursos.com.br\/blog\/#organization\"},\"image\":{\"@id\":\"https:\/\/www.estrategiaconcursos.com.br\/blog\/concurso-pm-e-pc-praula-ao-vivo\/#primaryimage\"},\"thumbnailUrl\":\"https:\/\/www.estrategiaconcursos.com.br\/blog\/wp-content\/uploads\/2019\/07\/pm-pv-pr-1024x256.jpg\",\"articleSection\":[\"Concursos P\u00fablicos\"],\"inLanguage\":\"pt-BR\",\"potentialAction\":[{\"@type\":\"CommentAction\",\"name\":\"Comment\",\"target\":[\"https:\/\/www.estrategiaconcursos.com.br\/blog\/concurso-pm-e-pc-praula-ao-vivo\/#respond\"]}],\"copyrightYear\":\"2019\",\"copyrightHolder\":{\"@id\":\"https:\/\/www.estrategiaconcursos.com.br\/blog\/#organization\"}},{\"@type\":\"WebPage\",\"@id\":\"https:\/\/www.estrategiaconcursos.com.br\/blog\/concurso-pm-e-pc-praula-ao-vivo\/\",\"url\":\"https:\/\/www.estrategiaconcursos.com.br\/blog\/concurso-pm-e-pc-praula-ao-vivo\/\",\"name\":\"Concurso PM e PC PR: dicas exclusivas para se preparar para os certames\",\"isPartOf\":{\"@id\":\"https:\/\/www.estrategiaconcursos.com.br\/blog\/#website\"},\"primaryImageOfPage\":{\"@id\":\"https:\/\/www.estrategiaconcursos.com.br\/blog\/concurso-pm-e-pc-praula-ao-vivo\/#primaryimage\"},\"image\":{\"@id\":\"https:\/\/www.estrategiaconcursos.com.br\/blog\/concurso-pm-e-pc-praula-ao-vivo\/#primaryimage\"},\"thumbnailUrl\":\"https:\/\/www.estrategiaconcursos.com.br\/blog\/wp-content\/uploads\/2019\/07\/pm-pv-pr-1024x256.jpg\",\"datePublished\":\"2019-07-08T13:31:47+00:00\",\"dateModified\":\"2019-07-08T15:18:42+00:00\",\"breadcrumb\":{\"@id\":\"https:\/\/www.estrategiaconcursos.com.br\/blog\/concurso-pm-e-pc-praula-ao-vivo\/#breadcrumb\"},\"inLanguage\":\"pt-BR\",\"potentialAction\":[{\"@type\":\"ReadAction\",\"target\":[\"https:\/\/www.estrategiaconcursos.com.br\/blog\/concurso-pm-e-pc-praula-ao-vivo\/\"]}]},{\"@type\":\"ImageObject\",\"inLanguage\":\"pt-BR\",\"@id\":\"https:\/\/www.estrategiaconcursos.com.br\/blog\/concurso-pm-e-pc-praula-ao-vivo\/#primaryimage\",\"url\":\"https:\/\/dhg1h5j42swfq.cloudfront.net\/2019\/07\/08101157\/pm-pv-pr.jpg\",\"contentUrl\":\"https:\/\/dhg1h5j42swfq.cloudfront.net\/2019\/07\/08101157\/pm-pv-pr.jpg\",\"width\":1920,\"height\":480},{\"@type\":\"BreadcrumbList\",\"@id\":\"https:\/\/www.estrategiaconcursos.com.br\/blog\/concurso-pm-e-pc-praula-ao-vivo\/#breadcrumb\",\"itemListElement\":[{\"@type\":\"ListItem\",\"position\":1,\"name\":\"In\u00edcio\",\"item\":\"https:\/\/www.estrategiaconcursos.com.br\/blog\/\"},{\"@type\":\"ListItem\",\"position\":2,\"name\":\"Concurso PM e PC PR: dicas exclusivas para se preparar para os certames\"}]},{\"@type\":\"WebSite\",\"@id\":\"https:\/\/www.estrategiaconcursos.com.br\/blog\/#website\",\"url\":\"https:\/\/www.estrategiaconcursos.com.br\/blog\/\",\"name\":\"Estrat\u00e9gia Concursos\",\"description\":\"O blog da Estrat\u00e9gia Concursos traz not\u00edcias sobre concursos e artigos de professores oferecendo cursos para concursos (pdf + videaulas) no site.\",\"publisher\":{\"@id\":\"https:\/\/www.estrategiaconcursos.com.br\/blog\/#organization\"},\"potentialAction\":[{\"@type\":\"SearchAction\",\"target\":{\"@type\":\"EntryPoint\",\"urlTemplate\":\"https:\/\/www.estrategiaconcursos.com.br\/blog\/?s={search_term_string}\"},\"query-input\":{\"@type\":\"PropertyValueSpecification\",\"valueRequired\":true,\"valueName\":\"search_term_string\"}}],\"inLanguage\":\"pt-BR\"},{\"@type\":\"Organization\",\"@id\":\"https:\/\/www.estrategiaconcursos.com.br\/blog\/#organization\",\"name\":\"Estrat\u00e9gia Concursos\",\"url\":\"https:\/\/www.estrategiaconcursos.com.br\/blog\/\",\"logo\":{\"@type\":\"ImageObject\",\"inLanguage\":\"pt-BR\",\"@id\":\"https:\/\/www.estrategiaconcursos.com.br\/blog\/#\/schema\/logo\/image\/\",\"url\":\"https:\/\/dhg1h5j42swfq.cloudfront.net\/2025\/06\/03203428\/logo_concursos-1.jpg\",\"contentUrl\":\"https:\/\/dhg1h5j42swfq.cloudfront.net\/2025\/06\/03203428\/logo_concursos-1.jpg\",\"width\":230,\"height\":60,\"caption\":\"Estrat\u00e9gia Concursos\"},\"image\":{\"@id\":\"https:\/\/www.estrategiaconcursos.com.br\/blog\/#\/schema\/logo\/image\/\"},\"sameAs\":[\"https:\/\/x.com\/EstratConcursos\"]},{\"@type\":\"Person\",\"@id\":\"https:\/\/www.estrategiaconcursos.com.br\/blog\/#\/schema\/person\/a630b15e36f45b4c21fed01219843cb5\",\"name\":\"Paulo Bilynskyj\",\"image\":{\"@type\":\"ImageObject\",\"inLanguage\":\"pt-BR\",\"@id\":\"https:\/\/secure.gravatar.com\/avatar\/37e21f70c9042e7456beffdc6d31fe051f3f6dcbf252f69343a791b144852057?s=96&d=mm&r=g\",\"url\":\"https:\/\/secure.gravatar.com\/avatar\/37e21f70c9042e7456beffdc6d31fe051f3f6dcbf252f69343a791b144852057?s=96&d=mm&r=g\",\"contentUrl\":\"https:\/\/secure.gravatar.com\/avatar\/37e21f70c9042e7456beffdc6d31fe051f3f6dcbf252f69343a791b144852057?s=96&d=mm&r=g\",\"caption\":\"Paulo Bilynskyj\"},\"url\":\"https:\/\/www.estrategiaconcursos.com.br\/blog\/author\/pbilynskyjgmail-com\/\"}]}<\/script>\n<!-- \/ Yoast SEO Premium plugin. -->","yoast_head_json":{"title":"Concurso PM e PC PR: dicas exclusivas para se preparar para os certames","robots":{"index":"index","follow":"follow","max-snippet":"max-snippet:-1","max-image-preview":"max-image-preview:large","max-video-preview":"max-video-preview:-1"},"canonical":"https:\/\/www.estrategiaconcursos.com.br\/blog\/concurso-pm-e-pc-praula-ao-vivo\/","og_locale":"pt_BR","og_type":"article","og_title":"Concurso PM e PC PR: dicas exclusivas para se preparar para os certames","og_description":"O governador do estado do Paran\u00e1, Carlos Massa Ratinho Junior anunciou em coletiva de imprensa que pretende contratar 2.560 novos policiais militares. A medida foi um dos itens apresentados pelo governo aos deputados estaduais na \u00faltima quarta-feira, 03 de julho. Al\u00e9m disso, o governador tamb\u00e9m anunciou a contrata\u00e7\u00e3o para Policiais Civis para diversos cargos, foi [&hellip;]","og_url":"https:\/\/www.estrategiaconcursos.com.br\/blog\/concurso-pm-e-pc-praula-ao-vivo\/","og_site_name":"Estrat\u00e9gia Concursos","article_published_time":"2019-07-08T13:31:47+00:00","article_modified_time":"2019-07-08T15:18:42+00:00","og_image":[{"url":"https:\/\/www.estrategiaconcursos.com.br\/blog\/wp-content\/uploads\/2019\/07\/pm-pv-pr-1024x256.jpg","type":"","width":"","height":""}],"author":"Paulo Bilynskyj","twitter_card":"summary_large_image","twitter_creator":"@EstratConcursos","twitter_site":"@EstratConcursos","twitter_misc":{"Escrito por":"Paulo Bilynskyj","Est. tempo de leitura":"2 minutos"},"schema":{"@context":"https:\/\/schema.org","@graph":[{"@type":"NewsArticle","@id":"https:\/\/www.estrategiaconcursos.com.br\/blog\/concurso-pm-e-pc-praula-ao-vivo\/#article","isPartOf":{"@id":"https:\/\/www.estrategiaconcursos.com.br\/blog\/concurso-pm-e-pc-praula-ao-vivo\/"},"author":{"name":"Paulo Bilynskyj","@id":"https:\/\/www.estrategiaconcursos.com.br\/blog\/#\/schema\/person\/a630b15e36f45b4c21fed01219843cb5"},"headline":"Concurso PM e PC PR: dicas exclusivas para se preparar para os certames","datePublished":"2019-07-08T13:31:47+00:00","dateModified":"2019-07-08T15:18:42+00:00","mainEntityOfPage":{"@id":"https:\/\/www.estrategiaconcursos.com.br\/blog\/concurso-pm-e-pc-praula-ao-vivo\/"},"wordCount":331,"commentCount":1,"publisher":{"@id":"https:\/\/www.estrategiaconcursos.com.br\/blog\/#organization"},"image":{"@id":"https:\/\/www.estrategiaconcursos.com.br\/blog\/concurso-pm-e-pc-praula-ao-vivo\/#primaryimage"},"thumbnailUrl":"https:\/\/www.estrategiaconcursos.com.br\/blog\/wp-content\/uploads\/2019\/07\/pm-pv-pr-1024x256.jpg","articleSection":["Concursos P\u00fablicos"],"inLanguage":"pt-BR","potentialAction":[{"@type":"CommentAction","name":"Comment","target":["https:\/\/www.estrategiaconcursos.com.br\/blog\/concurso-pm-e-pc-praula-ao-vivo\/#respond"]}],"copyrightYear":"2019","copyrightHolder":{"@id":"https:\/\/www.estrategiaconcursos.com.br\/blog\/#organization"}},{"@type":"WebPage","@id":"https:\/\/www.estrategiaconcursos.com.br\/blog\/concurso-pm-e-pc-praula-ao-vivo\/","url":"https:\/\/www.estrategiaconcursos.com.br\/blog\/concurso-pm-e-pc-praula-ao-vivo\/","name":"Concurso PM e PC PR: dicas exclusivas para se preparar para os certames","isPartOf":{"@id":"https:\/\/www.estrategiaconcursos.com.br\/blog\/#website"},"primaryImageOfPage":{"@id":"https:\/\/www.estrategiaconcursos.com.br\/blog\/concurso-pm-e-pc-praula-ao-vivo\/#primaryimage"},"image":{"@id":"https:\/\/www.estrategiaconcursos.com.br\/blog\/concurso-pm-e-pc-praula-ao-vivo\/#primaryimage"},"thumbnailUrl":"https:\/\/www.estrategiaconcursos.com.br\/blog\/wp-content\/uploads\/2019\/07\/pm-pv-pr-1024x256.jpg","datePublished":"2019-07-08T13:31:47+00:00","dateModified":"2019-07-08T15:18:42+00:00","breadcrumb":{"@id":"https:\/\/www.estrategiaconcursos.com.br\/blog\/concurso-pm-e-pc-praula-ao-vivo\/#breadcrumb"},"inLanguage":"pt-BR","potentialAction":[{"@type":"ReadAction","target":["https:\/\/www.estrategiaconcursos.com.br\/blog\/concurso-pm-e-pc-praula-ao-vivo\/"]}]},{"@type":"ImageObject","inLanguage":"pt-BR","@id":"https:\/\/www.estrategiaconcursos.com.br\/blog\/concurso-pm-e-pc-praula-ao-vivo\/#primaryimage","url":"https:\/\/dhg1h5j42swfq.cloudfront.net\/2019\/07\/08101157\/pm-pv-pr.jpg","contentUrl":"https:\/\/dhg1h5j42swfq.cloudfront.net\/2019\/07\/08101157\/pm-pv-pr.jpg","width":1920,"height":480},{"@type":"BreadcrumbList","@id":"https:\/\/www.estrategiaconcursos.com.br\/blog\/concurso-pm-e-pc-praula-ao-vivo\/#breadcrumb","itemListElement":[{"@type":"ListItem","position":1,"name":"In\u00edcio","item":"https:\/\/www.estrategiaconcursos.com.br\/blog\/"},{"@type":"ListItem","position":2,"name":"Concurso PM e PC PR: dicas exclusivas para se preparar para os certames"}]},{"@type":"WebSite","@id":"https:\/\/www.estrategiaconcursos.com.br\/blog\/#website","url":"https:\/\/www.estrategiaconcursos.com.br\/blog\/","name":"Estrat\u00e9gia Concursos","description":"O blog da Estrat\u00e9gia Concursos traz not\u00edcias sobre concursos e artigos de professores oferecendo cursos para concursos (pdf + videaulas) no site.","publisher":{"@id":"https:\/\/www.estrategiaconcursos.com.br\/blog\/#organization"},"potentialAction":[{"@type":"SearchAction","target":{"@type":"EntryPoint","urlTemplate":"https:\/\/www.estrategiaconcursos.com.br\/blog\/?s={search_term_string}"},"query-input":{"@type":"PropertyValueSpecification","valueRequired":true,"valueName":"search_term_string"}}],"inLanguage":"pt-BR"},{"@type":"Organization","@id":"https:\/\/www.estrategiaconcursos.com.br\/blog\/#organization","name":"Estrat\u00e9gia Concursos","url":"https:\/\/www.estrategiaconcursos.com.br\/blog\/","logo":{"@type":"ImageObject","inLanguage":"pt-BR","@id":"https:\/\/www.estrategiaconcursos.com.br\/blog\/#\/schema\/logo\/image\/","url":"https:\/\/dhg1h5j42swfq.cloudfront.net\/2025\/06\/03203428\/logo_concursos-1.jpg","contentUrl":"https:\/\/dhg1h5j42swfq.cloudfront.net\/2025\/06\/03203428\/logo_concursos-1.jpg","width":230,"height":60,"caption":"Estrat\u00e9gia Concursos"},"image":{"@id":"https:\/\/www.estrategiaconcursos.com.br\/blog\/#\/schema\/logo\/image\/"},"sameAs":["https:\/\/x.com\/EstratConcursos"]},{"@type":"Person","@id":"https:\/\/www.estrategiaconcursos.com.br\/blog\/#\/schema\/person\/a630b15e36f45b4c21fed01219843cb5","name":"Paulo Bilynskyj","image":{"@type":"ImageObject","inLanguage":"pt-BR","@id":"https:\/\/secure.gravatar.com\/avatar\/37e21f70c9042e7456beffdc6d31fe051f3f6dcbf252f69343a791b144852057?s=96&d=mm&r=g","url":"https:\/\/secure.gravatar.com\/avatar\/37e21f70c9042e7456beffdc6d31fe051f3f6dcbf252f69343a791b144852057?s=96&d=mm&r=g","contentUrl":"https:\/\/secure.gravatar.com\/avatar\/37e21f70c9042e7456beffdc6d31fe051f3f6dcbf252f69343a791b144852057?s=96&d=mm&r=g","caption":"Paulo Bilynskyj"},"url":"https:\/\/www.estrategiaconcursos.com.br\/blog\/author\/pbilynskyjgmail-com\/"}]}},"_links":{"self":[{"href":"https:\/\/www.estrategiaconcursos.com.br\/blog\/wp-json\/wp\/v2\/posts\/396250","targetHints":{"allow":["GET"]}}],"collection":[{"href":"https:\/\/www.estrategiaconcursos.com.br\/blog\/wp-json\/wp\/v2\/posts"}],"about":[{"href":"https:\/\/www.estrategiaconcursos.com.br\/blog\/wp-json\/wp\/v2\/types\/post"}],"author":[{"embeddable":true,"href":"https:\/\/www.estrategiaconcursos.com.br\/blog\/wp-json\/wp\/v2\/users\/552"}],"replies":[{"embeddable":true,"href":"https:\/\/www.estrategiaconcursos.com.br\/blog\/wp-json\/wp\/v2\/comments?post=396250"}],"version-history":[{"count":4,"href":"https:\/\/www.estrategiaconcursos.com.br\/blog\/wp-json\/wp\/v2\/posts\/396250\/revisions"}],"predecessor-version":[{"id":396443,"href":"https:\/\/www.estrategiaconcursos.com.br\/blog\/wp-json\/wp\/v2\/posts\/396250\/revisions\/396443"}],"wp:attachment":[{"href":"https:\/\/www.estrategiaconcursos.com.br\/blog\/wp-json\/wp\/v2\/media?parent=396250"}],"wp:term":[{"taxonomy":"category","embeddable":true,"href":"https:\/\/www.estrategiaconcursos.com.br\/blog\/wp-json\/wp\/v2\/categories?post=396250"},{"taxonomy":"post_tag","embeddable":true,"href":"https:\/\/www.estrategiaconcursos.com.br\/blog\/wp-json\/wp\/v2\/tags?post=396250"},{"taxonomy":"tax_estado","embeddable":true,"href":"https:\/\/www.estrategiaconcursos.com.br\/blog\/wp-json\/wp\/v2\/tax_estado?post=396250"}],"curies":[{"name":"wp","href":"https:\/\/api.w.org\/{rel}","templated":true}]}}