{"id":396249,"date":"2019-07-08T09:36:45","date_gmt":"2019-07-08T12:36:45","guid":{"rendered":"https:\/\/www.estrategiaconcursos.com.br\/blog\/?p=396249"},"modified":"2019-07-08T09:39:05","modified_gmt":"2019-07-08T12:39:05","slug":"concurso-core-mt-comissao-organizadora","status":"publish","type":"post","link":"https:\/\/www.estrategiaconcursos.com.br\/blog\/concurso-core-mt-comissao-organizadora\/","title":{"rendered":"Concurso Core MT: divulgada comiss\u00e3o organizadora interna do certame"},"content":{"rendered":"\n<p>Foi publicado no Di\u00e1rio Oficial da Uni\u00e3o desta segunda-feira, 08 de julho, os <strong>integrantes que v\u00e3o compor a comiss\u00e3o organizadora<\/strong> do concurso do <em>Conselho Regional dos Representantes Comerciais no Estado do Mato Grosso<\/em>. <\/p>\n\n\n\n<p>Em fase de contrata\u00e7\u00e3o da banca organizadora, o \u00f3rg\u00e3o estipulou a forma\u00e7\u00e3o da comiss\u00e3o para auxiliar a empresa que ir\u00e1 organizar o certame, com isso a comiss\u00e3o vai acompanhar, estruturar e fiscalizar todas as fases do concurso p\u00fablico. <\/p>\n\n\n\n<p><em>Confira abaixo os integrantes da comiss\u00e3o organizadora: <\/em><\/p>\n\n\n\n<ul class=\"wp-block-list\"><li><strong><em>Presidente da Comiss\u00e3o<\/em><\/strong><em>: Luiz Augusto de Oliveira Souza<\/em><\/li><li><strong><em>Membro da Comiss\u00e3o<\/em><\/strong><em>: Thais Pereira Schimidt<\/em><\/li><li><strong><em>Membro Suplente da Comiss\u00e3o<\/em><\/strong><em>: Humberto Tadeu Viegas Navarros<\/em><\/li><\/ul>\n\n\n\n<p>Vale lembrar que o concurso ofertar\u00e1 aos candidatos<strong> 6 vagas <\/strong>para n\u00edveis de forma\u00e7\u00e3o <em>m\u00e9dio e superior<\/em>. Os cargos ofertados s\u00e3o os de<strong> Assistente Administrativo, Fiscal\u00a0e Auxiliar de Servi\u00e7os Gerai<\/strong>s. <\/p>\n\n\n\n<p><em>Abaixo voc\u00ea confere a confirma\u00e7\u00e3o da comiss\u00e3o organizadora do certame:<\/em><\/p>\n\n\n\n<div class=\"wp-block-image\"><figure class=\"aligncenter is-resized\"><img loading=\"lazy\" decoding=\"async\" src=\"https:\/\/dhg1h5j42swfq.cloudfront.net\/2019\/07\/08093232\/concurso-core-mt.png.png\" alt=\"Abaixo voc\u00ea confere a confirma\u00e7\u00e3o da comiss\u00e3o organizadora do certame\" class=\"wp-image-396253\" width=\"495\" height=\"449\" srcset=\"https:\/\/dhg1h5j42swfq.cloudfront.net\/2019\/07\/08093232\/concurso-core-mt.png.png 841w, https:\/\/dhg1h5j42swfq.cloudfront.net\/2019\/07\/08093232\/concurso-core-mt.png.png 300w, https:\/\/dhg1h5j42swfq.cloudfront.net\/2019\/07\/08093232\/concurso-core-mt.png.png 610w\" sizes=\"auto, (max-width: 495px) 100vw, 495px\" \/><\/figure><\/div>\n\n\n\n<h2 class=\"wp-block-heading\">Etapas do concurso Core MT<\/h2>\n\n\n\n<p>O concurso Core MT ser\u00e1 realizado em uma&nbsp;<strong>\u00fanica etapa<\/strong>, de car\u00e1ter&nbsp;<strong>eliminat\u00f3rio e classificat\u00f3rio<\/strong>&nbsp;com provas objetivas e discursivas para os candidatos a cargos de n\u00edvel superior e somente provas objetivas para os candidatos a cargos de n\u00edvel m\u00e9dio. A prova tem previs\u00e3o de&nbsp;<strong>dura\u00e7\u00e3o m\u00e1xima de 4 horas<\/strong>.<\/p>\n\n\n\n<h4 class=\"wp-block-heading\">N\u00edvel M\u00e9dio<\/h4>\n\n\n\n<p>A\u00a0prova escrita, ser\u00e1 composta de quarenta quest\u00f5es objetivas com cinco alternativas.<\/p>\n\n\n\n<ul class=\"wp-block-list\"><li><strong>L\u00edngua Portuguesa<\/strong><\/li><li><strong>Racioc\u00ednio L\u00f3gico<\/strong><\/li><li><strong>Inform\u00e1tica<\/strong><\/li><li><strong>Conhecimentos Espec\u00edficos<\/strong><\/li><\/ul>\n\n\n\n<h4 class=\"wp-block-heading\">N\u00edvel Fundamental<\/h4>\n\n\n\n<p>A\u00a0Prova escrita, ser\u00e1 composta de trinta quest\u00f5es objetivas com cinco alternativas.<\/p>\n\n\n\n<ul class=\"wp-block-list\"><li><strong><em>L\u00edngua Portuguesa<\/em><\/strong><\/li><li><strong><em>Racioc\u00ednio L\u00f3gico<\/em><\/strong><\/li><li><strong><em>Conhecimentos Gerais<\/em><\/strong><\/li><\/ul>\n\n\n\n<h4 class=\"wp-block-heading\">Inscri\u00e7\u00e3o<\/h4>\n\n\n\n<p>As inscri\u00e7\u00f5es, o pagamento da taxa e o pedido de isen\u00e7\u00e3o ser\u00e3o realizados via internet atrav\u00e9s do site da banca organizadora escolhida. Abaixo voc\u00ea confere os valores previstos para serem cobrados como taxa de inscri\u00e7\u00e3o do concurso Core MT:<\/p>\n\n\n\n<figure class=\"wp-block-image\"><img loading=\"lazy\" decoding=\"async\" width=\"609\" height=\"118\" src=\"https:\/\/dhg1h5j42swfq.cloudfront.net\/2019\/05\/27150437\/concurso-core-mt-2.png.png\" alt=\"concurso core mt\" class=\"wp-image-378775\" srcset=\"https:\/\/dhg1h5j42swfq.cloudfront.net\/2019\/05\/27150437\/concurso-core-mt-2.png.png 609w, https:\/\/dhg1h5j42swfq.cloudfront.net\/2019\/05\/27150437\/concurso-core-mt-2.png.png 300w\" sizes=\"auto, (max-width: 609px) 100vw, 609px\" \/><\/figure>\n\n\n\n<h2 class=\"wp-block-heading\">Local da Prova<\/h2>\n\n\n\n<p>De acordo com o projeto b\u00e1sico divulgado, as provas ser\u00e3o realizadas na cidade de\u00a0<strong>Cuiab\u00e1<\/strong>\u00a0e aonde mais a banca organizadora que vencer o concurso entender vi\u00e1vel.<\/p>\n\n\n\n<p style=\"font-size:25px;text-align:center\" class=\"has-background has-pale-cyan-blue-background-color\"><strong><em>Mais informa\u00e7\u00f5es: <\/em><\/strong><span style=\"text-decoration: underline;\"><a rel=\"noreferrer noopener\" aria-label=\"Concurso Core MT (abre numa nova aba)\" href=\"https:\/\/www.estrategiaconcursos.com.br\/blog\/concurso-core-mt\/\" target=\"_blank\"><strong><em>Concurso Core MT<\/em><\/strong><\/a><\/span><\/p>\n\n\n\n<p style=\"font-size:18px;text-align:center\"><em><strong>Quer estudar para o concurso Core MT?<\/strong><\/em><\/p>\n\n\n\n<p style=\"text-align:center\"><em><strong>Gostou dessa oportunidade e deseja come\u00e7ar a se preparar agora mesmo? Confira abaixo nosso curso exclusivo para esse concurso e inicie seus estudos!<\/strong><\/em><\/p>\n\n\n\n<p style=\"font-size:23px;text-align:center\" class=\"has-background has-luminous-vivid-amber-background-color\"><a rel=\"noreferrer noopener\" href=\"https:\/\/www.estrategiaconcursos.com.br\/cursos\/concurso\/\" target=\"_blank\"><strong><em>Curso Core MT<\/em><\/strong><\/a><\/p>\n\n\n\n<p style=\"text-align:center\"><em><strong>Assinatura Anual Ilimitada*<\/strong><\/em><\/p>\n\n\n\n<p style=\"text-align:center\"><em>Prepare-se com o melhor material e com quem mais aprova em Concursos P\u00fablicos em todo o pa\u00eds. Assine agora a nossa Assinatura Anual e tenha acesso ilimitado* a todos os nossos cursos.<\/em><\/p>\n\n\n\n<p style=\"font-size:25px;text-align:center\" class=\"has-background has-light-green-cyan-background-color\"><strong>ASSINE AGORA<\/strong>&nbsp;\u2013&nbsp;<a rel=\"noreferrer noopener\" href=\"https:\/\/www.estrategiaconcursos.com.br\/assinaturas\" target=\"_blank\">Assinatura Ilimitada<\/a><\/p>\n\n\n\n<figure class=\"wp-block-image\"><img loading=\"lazy\" decoding=\"async\" width=\"300\" height=\"102\" src=\"https:\/\/dhg1h5j42swfq.cloudfront.net\/2017\/03\/28152500\/coruja-ficha-tecnica-300x102.png\" alt=\"ficha t\u00e9cnica Concurso Sefaz AL\" class=\"wp-image-68542\"\/><\/figure>\n\n\n\n<p><strong>Informa\u00e7\u00f5es do Concurso Core MT<\/strong><br \/>\u25ba<strong>Data prevista:<\/strong>\u00a02019<br \/>\u25ba<strong>Vagas:<\/strong>\u00a06 vagas<br \/>\u25ba<strong>Cargos:\u00a0<\/strong>Assistente Administrativo, Fiscal e Auxiliar de Servi\u00e7os Gerais\u00a0<br \/>\u25ba<strong>Banca:<\/strong>\u00a0a definir<br \/>\u25ba<strong>Escolaridade:<\/strong>\u00a0N\u00edvel Fundamental e M\u00e9dio<\/p>\n\n\n\n<p><em>Ascom Estrat\u00e9gia<\/em><br \/>ascomestrategia@gmail.com<\/p>\n\n\n\n<p style=\"text-align:center\"><em><strong>Receba not\u00edcias de Concursos no seu WhatsApp e\/ou Telegram!<\/strong><\/em><\/p>\n\n\n\n<p style=\"text-align:center\"><em><strong>Cadastre-se clicando no \u00edlink abaixo<\/strong><\/em><\/p>\n\n\n\n<p style=\"text-align:center\" class=\"has-background has-very-light-gray-background-color\"><a rel=\"noreferrer noopener\" href=\"https:\/\/www.estrategiaconcursos.com.br\/blog\/noticias-de-concursos-whatsapp-estrategia-concursos\/\" target=\"_blank\">Not\u00edcias de concursos no seu WhatsApp e\/ou Telegram<\/a><\/p>\n","protected":false},"excerpt":{"rendered":"<p>Foi publicado no Di\u00e1rio Oficial da Uni\u00e3o desta segunda-feira, 08 de julho, os integrantes que v\u00e3o compor a comiss\u00e3o organizadora do concurso do Conselho Regional dos Representantes Comerciais no Estado do Mato Grosso. Em fase de contrata\u00e7\u00e3o da banca organizadora, o \u00f3rg\u00e3o estipulou a forma\u00e7\u00e3o da comiss\u00e3o para auxiliar a empresa que ir\u00e1 organizar o [&hellip;]<\/p>\n","protected":false},"author":463,"featured_media":379095,"comment_status":"open","ping_status":"closed","sticky":false,"template":"","format":"standard","meta":{"post_tipo":"article","footnotes":""},"categories":[1],"tags":[],"tax_estado":[],"class_list":["post-396249","post","type-post","status-publish","format-standard","has-post-thumbnail","hentry","category-cursos-e-concursos"],"acf":[],"yoast_head":"<!-- This site is optimized with the Yoast SEO Premium plugin v27.2 (Yoast SEO v27.2) - https:\/\/yoast.com\/product\/yoast-seo-premium-wordpress\/ -->\n<title>Concurso Core MT: divulgada comiss\u00e3o organizadora interna do certame<\/title>\n<meta name=\"robots\" content=\"index, follow, max-snippet:-1, max-image-preview:large, max-video-preview:-1\" \/>\n<link rel=\"canonical\" href=\"https:\/\/www.estrategiaconcursos.com.br\/blog\/concurso-core-mt-comissao-organizadora\/\" \/>\n<meta property=\"og:locale\" content=\"pt_BR\" \/>\n<meta property=\"og:type\" content=\"article\" \/>\n<meta property=\"og:title\" content=\"Concurso Core MT: divulgada comiss\u00e3o organizadora interna do certame\" \/>\n<meta property=\"og:description\" content=\"Foi publicado no Di\u00e1rio Oficial da Uni\u00e3o desta segunda-feira, 08 de julho, os integrantes que v\u00e3o compor a comiss\u00e3o organizadora do concurso do Conselho Regional dos Representantes Comerciais no Estado do Mato Grosso. Em fase de contrata\u00e7\u00e3o da banca organizadora, o \u00f3rg\u00e3o estipulou a forma\u00e7\u00e3o da comiss\u00e3o para auxiliar a empresa que ir\u00e1 organizar o [&hellip;]\" \/>\n<meta property=\"og:url\" content=\"https:\/\/www.estrategiaconcursos.com.br\/blog\/concurso-core-mt-comissao-organizadora\/\" \/>\n<meta property=\"og:site_name\" content=\"Estrat\u00e9gia Concursos\" \/>\n<meta property=\"article:published_time\" content=\"2019-07-08T12:36:45+00:00\" \/>\n<meta property=\"article:modified_time\" content=\"2019-07-08T12:39:05+00:00\" \/>\n<meta property=\"og:image\" content=\"https:\/\/dhg1h5j42swfq.cloudfront.net\/2019\/05\/28092014\/CORE-MT-e1559046026184.jpg\" \/>\n\t<meta property=\"og:image:width\" content=\"400\" \/>\n\t<meta property=\"og:image:height\" content=\"209\" \/>\n\t<meta property=\"og:image:type\" content=\"image\/jpeg\" \/>\n<meta name=\"author\" content=\"Wagner Damazio\" \/>\n<meta name=\"twitter:card\" content=\"summary_large_image\" \/>\n<meta name=\"twitter:creator\" content=\"@EstratConcursos\" \/>\n<meta name=\"twitter:site\" content=\"@EstratConcursos\" \/>\n<meta name=\"twitter:label1\" content=\"Escrito por\" \/>\n\t<meta name=\"twitter:data1\" content=\"Wagner Damazio\" \/>\n\t<meta name=\"twitter:label2\" content=\"Est. tempo de leitura\" \/>\n\t<meta name=\"twitter:data2\" content=\"2 minutos\" \/>\n<script type=\"application\/ld+json\" class=\"yoast-schema-graph\">{\"@context\":\"https:\/\/schema.org\",\"@graph\":[{\"@type\":\"NewsArticle\",\"@id\":\"https:\/\/www.estrategiaconcursos.com.br\/blog\/concurso-core-mt-comissao-organizadora\/#article\",\"isPartOf\":{\"@id\":\"https:\/\/www.estrategiaconcursos.com.br\/blog\/concurso-core-mt-comissao-organizadora\/\"},\"author\":{\"name\":\"Wagner Damazio\",\"@id\":\"https:\/\/www.estrategiaconcursos.com.br\/blog\/#\/schema\/person\/f5b81e04c4522e78c0d896ba290e4cb0\"},\"headline\":\"Concurso Core MT: divulgada comiss\u00e3o organizadora interna do certame\",\"datePublished\":\"2019-07-08T12:36:45+00:00\",\"dateModified\":\"2019-07-08T12:39:05+00:00\",\"mainEntityOfPage\":{\"@id\":\"https:\/\/www.estrategiaconcursos.com.br\/blog\/concurso-core-mt-comissao-organizadora\/\"},\"wordCount\":515,\"commentCount\":0,\"publisher\":{\"@id\":\"https:\/\/www.estrategiaconcursos.com.br\/blog\/#organization\"},\"image\":{\"@id\":\"https:\/\/www.estrategiaconcursos.com.br\/blog\/concurso-core-mt-comissao-organizadora\/#primaryimage\"},\"thumbnailUrl\":\"https:\/\/dhg1h5j42swfq.cloudfront.net\/2019\/05\/28092014\/CORE-MT-e1559046026184.jpg\",\"articleSection\":[\"Concursos P\u00fablicos\"],\"inLanguage\":\"pt-BR\",\"potentialAction\":[{\"@type\":\"CommentAction\",\"name\":\"Comment\",\"target\":[\"https:\/\/www.estrategiaconcursos.com.br\/blog\/concurso-core-mt-comissao-organizadora\/#respond\"]}],\"copyrightYear\":\"2019\",\"copyrightHolder\":{\"@id\":\"https:\/\/www.estrategiaconcursos.com.br\/blog\/#organization\"}},{\"@type\":\"WebPage\",\"@id\":\"https:\/\/www.estrategiaconcursos.com.br\/blog\/concurso-core-mt-comissao-organizadora\/\",\"url\":\"https:\/\/www.estrategiaconcursos.com.br\/blog\/concurso-core-mt-comissao-organizadora\/\",\"name\":\"Concurso Core MT: divulgada comiss\u00e3o organizadora interna do certame\",\"isPartOf\":{\"@id\":\"https:\/\/www.estrategiaconcursos.com.br\/blog\/#website\"},\"primaryImageOfPage\":{\"@id\":\"https:\/\/www.estrategiaconcursos.com.br\/blog\/concurso-core-mt-comissao-organizadora\/#primaryimage\"},\"image\":{\"@id\":\"https:\/\/www.estrategiaconcursos.com.br\/blog\/concurso-core-mt-comissao-organizadora\/#primaryimage\"},\"thumbnailUrl\":\"https:\/\/dhg1h5j42swfq.cloudfront.net\/2019\/05\/28092014\/CORE-MT-e1559046026184.jpg\",\"datePublished\":\"2019-07-08T12:36:45+00:00\",\"dateModified\":\"2019-07-08T12:39:05+00:00\",\"breadcrumb\":{\"@id\":\"https:\/\/www.estrategiaconcursos.com.br\/blog\/concurso-core-mt-comissao-organizadora\/#breadcrumb\"},\"inLanguage\":\"pt-BR\",\"potentialAction\":[{\"@type\":\"ReadAction\",\"target\":[\"https:\/\/www.estrategiaconcursos.com.br\/blog\/concurso-core-mt-comissao-organizadora\/\"]}]},{\"@type\":\"ImageObject\",\"inLanguage\":\"pt-BR\",\"@id\":\"https:\/\/www.estrategiaconcursos.com.br\/blog\/concurso-core-mt-comissao-organizadora\/#primaryimage\",\"url\":\"https:\/\/dhg1h5j42swfq.cloudfront.net\/2019\/05\/28092014\/CORE-MT-e1559046026184.jpg\",\"contentUrl\":\"https:\/\/dhg1h5j42swfq.cloudfront.net\/2019\/05\/28092014\/CORE-MT-e1559046026184.jpg\",\"width\":400,\"height\":209,\"caption\":\"concurso core mt\"},{\"@type\":\"BreadcrumbList\",\"@id\":\"https:\/\/www.estrategiaconcursos.com.br\/blog\/concurso-core-mt-comissao-organizadora\/#breadcrumb\",\"itemListElement\":[{\"@type\":\"ListItem\",\"position\":1,\"name\":\"In\u00edcio\",\"item\":\"https:\/\/www.estrategiaconcursos.com.br\/blog\/\"},{\"@type\":\"ListItem\",\"position\":2,\"name\":\"Concurso Core MT: divulgada comiss\u00e3o organizadora interna do certame\"}]},{\"@type\":\"WebSite\",\"@id\":\"https:\/\/www.estrategiaconcursos.com.br\/blog\/#website\",\"url\":\"https:\/\/www.estrategiaconcursos.com.br\/blog\/\",\"name\":\"Estrat\u00e9gia Concursos\",\"description\":\"O blog da Estrat\u00e9gia Concursos traz not\u00edcias sobre concursos e artigos de professores oferecendo cursos para concursos (pdf + videaulas) no site.\",\"publisher\":{\"@id\":\"https:\/\/www.estrategiaconcursos.com.br\/blog\/#organization\"},\"potentialAction\":[{\"@type\":\"SearchAction\",\"target\":{\"@type\":\"EntryPoint\",\"urlTemplate\":\"https:\/\/www.estrategiaconcursos.com.br\/blog\/?s={search_term_string}\"},\"query-input\":{\"@type\":\"PropertyValueSpecification\",\"valueRequired\":true,\"valueName\":\"search_term_string\"}}],\"inLanguage\":\"pt-BR\"},{\"@type\":\"Organization\",\"@id\":\"https:\/\/www.estrategiaconcursos.com.br\/blog\/#organization\",\"name\":\"Estrat\u00e9gia Concursos\",\"url\":\"https:\/\/www.estrategiaconcursos.com.br\/blog\/\",\"logo\":{\"@type\":\"ImageObject\",\"inLanguage\":\"pt-BR\",\"@id\":\"https:\/\/www.estrategiaconcursos.com.br\/blog\/#\/schema\/logo\/image\/\",\"url\":\"https:\/\/dhg1h5j42swfq.cloudfront.net\/2025\/06\/03203428\/logo_concursos-1.jpg\",\"contentUrl\":\"https:\/\/dhg1h5j42swfq.cloudfront.net\/2025\/06\/03203428\/logo_concursos-1.jpg\",\"width\":230,\"height\":60,\"caption\":\"Estrat\u00e9gia Concursos\"},\"image\":{\"@id\":\"https:\/\/www.estrategiaconcursos.com.br\/blog\/#\/schema\/logo\/image\/\"},\"sameAs\":[\"https:\/\/x.com\/EstratConcursos\"]},{\"@type\":\"Person\",\"@id\":\"https:\/\/www.estrategiaconcursos.com.br\/blog\/#\/schema\/person\/f5b81e04c4522e78c0d896ba290e4cb0\",\"name\":\"Wagner Damazio\",\"image\":{\"@type\":\"ImageObject\",\"inLanguage\":\"pt-BR\",\"@id\":\"https:\/\/secure.gravatar.com\/avatar\/5841b494cf624bcdfca728a4708ad21f8dd8e34657a98b9970e6136e633ae15a?s=96&d=mm&r=g\",\"url\":\"https:\/\/secure.gravatar.com\/avatar\/5841b494cf624bcdfca728a4708ad21f8dd8e34657a98b9970e6136e633ae15a?s=96&d=mm&r=g\",\"contentUrl\":\"https:\/\/secure.gravatar.com\/avatar\/5841b494cf624bcdfca728a4708ad21f8dd8e34657a98b9970e6136e633ae15a?s=96&d=mm&r=g\",\"caption\":\"Wagner Damazio\"},\"url\":\"https:\/\/www.estrategiaconcursos.com.br\/blog\/author\/wagnermatematicoyahoo-com-br\/\"}]}<\/script>\n<!-- \/ Yoast SEO Premium plugin. -->","yoast_head_json":{"title":"Concurso Core MT: divulgada comiss\u00e3o organizadora interna do certame","robots":{"index":"index","follow":"follow","max-snippet":"max-snippet:-1","max-image-preview":"max-image-preview:large","max-video-preview":"max-video-preview:-1"},"canonical":"https:\/\/www.estrategiaconcursos.com.br\/blog\/concurso-core-mt-comissao-organizadora\/","og_locale":"pt_BR","og_type":"article","og_title":"Concurso Core MT: divulgada comiss\u00e3o organizadora interna do certame","og_description":"Foi publicado no Di\u00e1rio Oficial da Uni\u00e3o desta segunda-feira, 08 de julho, os integrantes que v\u00e3o compor a comiss\u00e3o organizadora do concurso do Conselho Regional dos Representantes Comerciais no Estado do Mato Grosso. Em fase de contrata\u00e7\u00e3o da banca organizadora, o \u00f3rg\u00e3o estipulou a forma\u00e7\u00e3o da comiss\u00e3o para auxiliar a empresa que ir\u00e1 organizar o [&hellip;]","og_url":"https:\/\/www.estrategiaconcursos.com.br\/blog\/concurso-core-mt-comissao-organizadora\/","og_site_name":"Estrat\u00e9gia Concursos","article_published_time":"2019-07-08T12:36:45+00:00","article_modified_time":"2019-07-08T12:39:05+00:00","og_image":[{"width":400,"height":209,"url":"https:\/\/dhg1h5j42swfq.cloudfront.net\/2019\/05\/28092014\/CORE-MT-e1559046026184.jpg","type":"image\/jpeg"}],"author":"Wagner Damazio","twitter_card":"summary_large_image","twitter_creator":"@EstratConcursos","twitter_site":"@EstratConcursos","twitter_misc":{"Escrito por":"Wagner Damazio","Est. tempo de leitura":"2 minutos"},"schema":{"@context":"https:\/\/schema.org","@graph":[{"@type":"NewsArticle","@id":"https:\/\/www.estrategiaconcursos.com.br\/blog\/concurso-core-mt-comissao-organizadora\/#article","isPartOf":{"@id":"https:\/\/www.estrategiaconcursos.com.br\/blog\/concurso-core-mt-comissao-organizadora\/"},"author":{"name":"Wagner Damazio","@id":"https:\/\/www.estrategiaconcursos.com.br\/blog\/#\/schema\/person\/f5b81e04c4522e78c0d896ba290e4cb0"},"headline":"Concurso Core MT: divulgada comiss\u00e3o organizadora interna do certame","datePublished":"2019-07-08T12:36:45+00:00","dateModified":"2019-07-08T12:39:05+00:00","mainEntityOfPage":{"@id":"https:\/\/www.estrategiaconcursos.com.br\/blog\/concurso-core-mt-comissao-organizadora\/"},"wordCount":515,"commentCount":0,"publisher":{"@id":"https:\/\/www.estrategiaconcursos.com.br\/blog\/#organization"},"image":{"@id":"https:\/\/www.estrategiaconcursos.com.br\/blog\/concurso-core-mt-comissao-organizadora\/#primaryimage"},"thumbnailUrl":"https:\/\/dhg1h5j42swfq.cloudfront.net\/2019\/05\/28092014\/CORE-MT-e1559046026184.jpg","articleSection":["Concursos P\u00fablicos"],"inLanguage":"pt-BR","potentialAction":[{"@type":"CommentAction","name":"Comment","target":["https:\/\/www.estrategiaconcursos.com.br\/blog\/concurso-core-mt-comissao-organizadora\/#respond"]}],"copyrightYear":"2019","copyrightHolder":{"@id":"https:\/\/www.estrategiaconcursos.com.br\/blog\/#organization"}},{"@type":"WebPage","@id":"https:\/\/www.estrategiaconcursos.com.br\/blog\/concurso-core-mt-comissao-organizadora\/","url":"https:\/\/www.estrategiaconcursos.com.br\/blog\/concurso-core-mt-comissao-organizadora\/","name":"Concurso Core MT: divulgada comiss\u00e3o organizadora interna do certame","isPartOf":{"@id":"https:\/\/www.estrategiaconcursos.com.br\/blog\/#website"},"primaryImageOfPage":{"@id":"https:\/\/www.estrategiaconcursos.com.br\/blog\/concurso-core-mt-comissao-organizadora\/#primaryimage"},"image":{"@id":"https:\/\/www.estrategiaconcursos.com.br\/blog\/concurso-core-mt-comissao-organizadora\/#primaryimage"},"thumbnailUrl":"https:\/\/dhg1h5j42swfq.cloudfront.net\/2019\/05\/28092014\/CORE-MT-e1559046026184.jpg","datePublished":"2019-07-08T12:36:45+00:00","dateModified":"2019-07-08T12:39:05+00:00","breadcrumb":{"@id":"https:\/\/www.estrategiaconcursos.com.br\/blog\/concurso-core-mt-comissao-organizadora\/#breadcrumb"},"inLanguage":"pt-BR","potentialAction":[{"@type":"ReadAction","target":["https:\/\/www.estrategiaconcursos.com.br\/blog\/concurso-core-mt-comissao-organizadora\/"]}]},{"@type":"ImageObject","inLanguage":"pt-BR","@id":"https:\/\/www.estrategiaconcursos.com.br\/blog\/concurso-core-mt-comissao-organizadora\/#primaryimage","url":"https:\/\/dhg1h5j42swfq.cloudfront.net\/2019\/05\/28092014\/CORE-MT-e1559046026184.jpg","contentUrl":"https:\/\/dhg1h5j42swfq.cloudfront.net\/2019\/05\/28092014\/CORE-MT-e1559046026184.jpg","width":400,"height":209,"caption":"concurso core mt"},{"@type":"BreadcrumbList","@id":"https:\/\/www.estrategiaconcursos.com.br\/blog\/concurso-core-mt-comissao-organizadora\/#breadcrumb","itemListElement":[{"@type":"ListItem","position":1,"name":"In\u00edcio","item":"https:\/\/www.estrategiaconcursos.com.br\/blog\/"},{"@type":"ListItem","position":2,"name":"Concurso Core MT: divulgada comiss\u00e3o organizadora interna do certame"}]},{"@type":"WebSite","@id":"https:\/\/www.estrategiaconcursos.com.br\/blog\/#website","url":"https:\/\/www.estrategiaconcursos.com.br\/blog\/","name":"Estrat\u00e9gia Concursos","description":"O blog da Estrat\u00e9gia Concursos traz not\u00edcias sobre concursos e artigos de professores oferecendo cursos para concursos (pdf + videaulas) no site.","publisher":{"@id":"https:\/\/www.estrategiaconcursos.com.br\/blog\/#organization"},"potentialAction":[{"@type":"SearchAction","target":{"@type":"EntryPoint","urlTemplate":"https:\/\/www.estrategiaconcursos.com.br\/blog\/?s={search_term_string}"},"query-input":{"@type":"PropertyValueSpecification","valueRequired":true,"valueName":"search_term_string"}}],"inLanguage":"pt-BR"},{"@type":"Organization","@id":"https:\/\/www.estrategiaconcursos.com.br\/blog\/#organization","name":"Estrat\u00e9gia Concursos","url":"https:\/\/www.estrategiaconcursos.com.br\/blog\/","logo":{"@type":"ImageObject","inLanguage":"pt-BR","@id":"https:\/\/www.estrategiaconcursos.com.br\/blog\/#\/schema\/logo\/image\/","url":"https:\/\/dhg1h5j42swfq.cloudfront.net\/2025\/06\/03203428\/logo_concursos-1.jpg","contentUrl":"https:\/\/dhg1h5j42swfq.cloudfront.net\/2025\/06\/03203428\/logo_concursos-1.jpg","width":230,"height":60,"caption":"Estrat\u00e9gia Concursos"},"image":{"@id":"https:\/\/www.estrategiaconcursos.com.br\/blog\/#\/schema\/logo\/image\/"},"sameAs":["https:\/\/x.com\/EstratConcursos"]},{"@type":"Person","@id":"https:\/\/www.estrategiaconcursos.com.br\/blog\/#\/schema\/person\/f5b81e04c4522e78c0d896ba290e4cb0","name":"Wagner Damazio","image":{"@type":"ImageObject","inLanguage":"pt-BR","@id":"https:\/\/secure.gravatar.com\/avatar\/5841b494cf624bcdfca728a4708ad21f8dd8e34657a98b9970e6136e633ae15a?s=96&d=mm&r=g","url":"https:\/\/secure.gravatar.com\/avatar\/5841b494cf624bcdfca728a4708ad21f8dd8e34657a98b9970e6136e633ae15a?s=96&d=mm&r=g","contentUrl":"https:\/\/secure.gravatar.com\/avatar\/5841b494cf624bcdfca728a4708ad21f8dd8e34657a98b9970e6136e633ae15a?s=96&d=mm&r=g","caption":"Wagner Damazio"},"url":"https:\/\/www.estrategiaconcursos.com.br\/blog\/author\/wagnermatematicoyahoo-com-br\/"}]}},"_links":{"self":[{"href":"https:\/\/www.estrategiaconcursos.com.br\/blog\/wp-json\/wp\/v2\/posts\/396249","targetHints":{"allow":["GET"]}}],"collection":[{"href":"https:\/\/www.estrategiaconcursos.com.br\/blog\/wp-json\/wp\/v2\/posts"}],"about":[{"href":"https:\/\/www.estrategiaconcursos.com.br\/blog\/wp-json\/wp\/v2\/types\/post"}],"author":[{"embeddable":true,"href":"https:\/\/www.estrategiaconcursos.com.br\/blog\/wp-json\/wp\/v2\/users\/463"}],"replies":[{"embeddable":true,"href":"https:\/\/www.estrategiaconcursos.com.br\/blog\/wp-json\/wp\/v2\/comments?post=396249"}],"version-history":[{"count":5,"href":"https:\/\/www.estrategiaconcursos.com.br\/blog\/wp-json\/wp\/v2\/posts\/396249\/revisions"}],"predecessor-version":[{"id":396265,"href":"https:\/\/www.estrategiaconcursos.com.br\/blog\/wp-json\/wp\/v2\/posts\/396249\/revisions\/396265"}],"wp:featuredmedia":[{"embeddable":true,"href":"https:\/\/www.estrategiaconcursos.com.br\/blog\/wp-json\/wp\/v2\/media\/379095"}],"wp:attachment":[{"href":"https:\/\/www.estrategiaconcursos.com.br\/blog\/wp-json\/wp\/v2\/media?parent=396249"}],"wp:term":[{"taxonomy":"category","embeddable":true,"href":"https:\/\/www.estrategiaconcursos.com.br\/blog\/wp-json\/wp\/v2\/categories?post=396249"},{"taxonomy":"post_tag","embeddable":true,"href":"https:\/\/www.estrategiaconcursos.com.br\/blog\/wp-json\/wp\/v2\/tags?post=396249"},{"taxonomy":"tax_estado","embeddable":true,"href":"https:\/\/www.estrategiaconcursos.com.br\/blog\/wp-json\/wp\/v2\/tax_estado?post=396249"}],"curies":[{"name":"wp","href":"https:\/\/api.w.org\/{rel}","templated":true}]}}