{"id":396194,"date":"2019-07-09T19:25:20","date_gmt":"2019-07-09T22:25:20","guid":{"rendered":"https:\/\/www.estrategiaconcursos.com.br\/blog\/?p=396194"},"modified":"2020-02-17T12:14:55","modified_gmt":"2020-02-17T15:14:55","slug":"edital-diplomata-2019","status":"publish","type":"post","link":"https:\/\/www.estrategiaconcursos.com.br\/blog\/edital-diplomata-2019\/","title":{"rendered":"Edital Diplomata 2019: Publicado! S\u00e3o 20 vagas e inicial de R$19 mil"},"content":{"rendered":"\n<p>Foi publicado nesta segunda-feira, 08 de julho, o Edital Diplomata 2019. O concurso trouxe a oferta de 20 vagas na classe inicial de Terceiro-Secret\u00e1rio, cargo de n\u00edvel superior com forma\u00e7\u00e3o em qualquer \u00e1rea.<\/p>\n\n\n\n<p>A realiza\u00e7\u00e3o do certame ser\u00e1 por conta do Instituto Rio Branco e, pela primeira vez, do Instituto Americano de Desenvolvimento &#8211; IADES.<\/p>\n\n\n\n<h2 class=\"wp-block-heading\">Principais Informa\u00e7\u00f5es do Edital Diplomata 2019<\/h2>\n\n\n\n<p>As inscri\u00e7\u00f5es poder\u00e3o ser realizadas no site da organizadora, IADES, entre os dias 17 de julho e 12 de agosto.<\/p>\n\n\n\n<p>No momento da inscri\u00e7\u00e3o, o candidato dever\u00e1 optar pela cidade de realiza\u00e7\u00e3o das provas objetivas.\u00a0 <\/p>\n\n\n\n<p class=\"has-background has-very-light-gray-background-color\"><strong>Inscri\u00e7\u00f5es: <\/strong>17 de julho at\u00e9 12 de agosto<strong><br \/>Valor: <\/strong>R$208,00<strong><br \/>Data da Prova Objetiva: <\/strong>08 de setembro<br \/><strong>Data das Provas Discursivas:<\/strong> 12, 13, 18, 19 e 20 de outubro<strong><br \/>Vagas:<\/strong> <em>Total de 20 vaga<\/em>s, sendo: 15 Ampla Concorr\u00eancia; 04 Negros; 01 Pessoa com Defici\u00eancia<br \/><\/p>\n\n\n\n<h2 class=\"wp-block-heading\">Sobre o Cargo de Diplomata<\/h2>\n\n\n\n<p>Para concorrer a uma das vagas, o candidato precisa de gradua\u00e7\u00e3o em n\u00edvel superior em qualquer \u00e1rea, idade m\u00ednima de 18, entre outros.<\/p>\n\n\n\n<p>Para este cargo, o aprovado contar\u00e1 com uma remunera\u00e7\u00e3o inicial de R$19.199,06.<\/p>\n\n\n\n<p> <strong>Descri\u00e7\u00e3o das atribui\u00e7\u00f5es do cargo:<\/strong> aos servidores da carreira de diplomata incumbem, nos termos do art. 3\u00ba da lei n\u00ba 11.440\/2006, atividades de natureza diplom\u00e1tica e consular, em seus aspectos espec\u00edficos de representa\u00e7\u00e3o, negocia\u00e7\u00e3o, informa\u00e7\u00e3o e prote\u00e7\u00e3o de interesses brasileiros no campo internacional. <\/p>\n\n\n\n<h2 class=\"wp-block-heading\">Etapas do Edital Diplomata 2019<\/h2>\n\n\n\n<p>O concurso ser\u00e1 realizado em duas fases:<\/p>\n\n\n\n<p>A primeira fase ser\u00e1 aplicada em <strong>8 de setembro de 2019<\/strong>, em dois per\u00edodos: o primeiro, iniciando-se \u00e0s 9 horas e 30 minutos, com dura\u00e7\u00e3o de 3 horas; e o segundo, iniciando-se \u00e0s 15 horas, com dura\u00e7\u00e3o de 3 horas. <\/p>\n\n\n\n<p><strong>a) Primeira Fase: <\/strong><\/p>\n\n\n\n<ul class=\"wp-block-list\"><li>Prova objetiva, constitu\u00edda de quest\u00f5es do tipo CERTO ou ERRADO<ul><li>l\u00edngua portuguesa, <\/li><li>l\u00edngua inglesa, <\/li><li>hist\u00f3ria do Brasil, <\/li><li>hist\u00f3ria mundial, <\/li><li>pol\u00edtica internacional, <\/li><li>geografia, economia e direito <\/li><li>direito internacional p\u00fablico<\/li><\/ul><\/li><\/ul>\n\n\n\n<p>A Primeira Fase ser\u00e1 realizada nas capitais dos 26 estados da Federa\u00e7\u00e3o e no Distrito Federal. <\/p>\n\n\n\n<p><em>Ser\u00e1 eliminado do concurso o candidato que obtiver nota final na <\/em><strong><em>prova objetiva <\/em><\/strong><em>inferior a 32,85 pontos, ou n\u00e3o atingir a classifica\u00e7\u00e3o definida no edital. <\/em><\/p>\n\n\n\n<figure class=\"wp-block-image\"><img loading=\"lazy\" decoding=\"async\" width=\"810\" height=\"300\" src=\"https:\/\/dhg1h5j42swfq.cloudfront.net\/2019\/07\/08072904\/Edital-Dilomata-2019.jpg.jpg\" alt=\"\" class=\"wp-image-396196\" srcset=\"https:\/\/dhg1h5j42swfq.cloudfront.net\/2019\/07\/08072904\/Edital-Dilomata-2019.jpg.jpg 810w, https:\/\/dhg1h5j42swfq.cloudfront.net\/2019\/07\/08072904\/Edital-Dilomata-2019.jpg.jpg 300w, https:\/\/dhg1h5j42swfq.cloudfront.net\/2019\/07\/08072904\/Edital-Dilomata-2019.jpg.jpg 768w, https:\/\/dhg1h5j42swfq.cloudfront.net\/2019\/07\/08072904\/Edital-Dilomata-2019.jpg.jpg 610w\" sizes=\"auto, (max-width: 810px) 100vw, 810px\" \/><\/figure>\n\n\n\n<p>Ser\u00e3o convocados para a segunda fase 200 aprovados nas provas objetivas, sendo 150 de ampla concorr\u00eancia, 40 de negros e 10 de pessoas com defici\u00eancia.<\/p>\n\n\n\n<p><strong>b) Segunda Fase: <\/strong><\/p>\n\n\n\n<ul class=\"wp-block-list\"><li>Provas escritas de:<ul><li> l\u00edngua portuguesa, <\/li><li>l\u00edngua inglesa, <\/li><li>hist\u00f3ria do Brasil, <\/li><li>geografia, <\/li><li>pol\u00edtica internacional, <\/li><li>economia, <\/li><li>direito e direito internacional p\u00fablico, <\/li><li>l\u00edngua espanhola <\/li><li>l\u00edngua francesa<\/li><\/ul><\/li><\/ul>\n\n\n\n<p><em>A Segunda Fase ser\u00e1 realizada nas capitais onde houver candidatos aprovados na Primeira Fase.<\/em><\/p>\n\n\n\n<p>A  prova escrita de <strong><em>L\u00edngua Portuguesa<\/em><\/strong> ser\u00e1 aplicada nas capitais onde houver candidatos aprovados na Primeira Fase, na data prov\u00e1vel de <strong>12 de outubro de 2019<\/strong>, e ter\u00e1 dura\u00e7\u00e3o de 5 horas, com in\u00edcio \u00e0s 14 horas.   <\/p>\n\n\n\n<figure class=\"wp-block-image is-resized\"><img loading=\"lazy\" decoding=\"async\" src=\"https:\/\/dhg1h5j42swfq.cloudfront.net\/2019\/07\/08073412\/diplo.jpg.jpg\" alt=\"\" class=\"wp-image-396200\" width=\"688\" height=\"103\" srcset=\"https:\/\/dhg1h5j42swfq.cloudfront.net\/2019\/07\/08073412\/diplo.jpg.jpg 920w, https:\/\/dhg1h5j42swfq.cloudfront.net\/2019\/07\/08073412\/diplo.jpg.jpg 300w, https:\/\/dhg1h5j42swfq.cloudfront.net\/2019\/07\/08073412\/diplo.jpg.jpg 768w, https:\/\/dhg1h5j42swfq.cloudfront.net\/2019\/07\/08073412\/diplo.jpg.jpg 610w\" sizes=\"auto, (max-width: 688px) 100vw, 688px\" \/><\/figure>\n\n\n\n<p> A prova escrita de <em><strong>L\u00edngua Inglesa<\/strong><\/em>  ser\u00e1 aplicada nas capitais onde houver candidatos aprovados na Primeira Fase, na data prov\u00e1vel de <strong>13 de outubro de 2019,<\/strong> e ter\u00e1 dura\u00e7\u00e3o de 5 horas, com in\u00edcio \u00e0s 14 horas. <\/p>\n\n\n\n<figure class=\"wp-block-image is-resized\"><img loading=\"lazy\" decoding=\"async\" src=\"https:\/\/dhg1h5j42swfq.cloudfront.net\/2019\/07\/08074517\/diplo1.jpg.jpg\" alt=\"\" class=\"wp-image-396205\" width=\"656\" height=\"367\" srcset=\"https:\/\/dhg1h5j42swfq.cloudfront.net\/2019\/07\/08074517\/diplo1.jpg.jpg 920w, https:\/\/dhg1h5j42swfq.cloudfront.net\/2019\/07\/08074517\/diplo1.jpg.jpg 300w, https:\/\/dhg1h5j42swfq.cloudfront.net\/2019\/07\/08074517\/diplo1.jpg.jpg 768w, https:\/\/dhg1h5j42swfq.cloudfront.net\/2019\/07\/08074517\/diplo1.jpg.jpg 610w\" sizes=\"auto, (max-width: 656px) 100vw, 656px\" \/><\/figure>\n\n\n\n<p>As provas escritas de <strong><em>hist\u00f3ria do Brasil, de pol\u00edtica internacional, de geografia, de economia, de direito e direito internacional p\u00fablico e de l\u00edngua espanhola e l\u00edngua francesa, <\/em><\/strong>ter\u00e3o dura\u00e7\u00e3o de 4 horas cada e ser\u00e3o aplicadas nas capitais onde houver candidatos aprovados na Primeira Fase, nas datas prov\u00e1veis de:<\/p>\n\n\n\n<p>a) 18 de outubro de 2019: Prova de <em><strong>hist\u00f3ria do Brasil,<\/strong><\/em> iniciando-se \u00e0s 9 horas;<\/p>\n\n\n\n<p>b) 18 de outubro de 2019: Prova de <em><strong>geografia<\/strong><\/em>, iniciando-se \u00e0s 15 horas;<\/p>\n\n\n\n<p>c) 19 de outubro de 2019: Prova de <em><strong>pol\u00edtica internacional<\/strong><\/em>, iniciando-se \u00e0s 9 horas;<\/p>\n\n\n\n<p>d) 19 de outubro de 2019: Prova de <strong><em>economia,<\/em><\/strong> iniciando-se \u00e0s 15 horas;<\/p>\n\n\n\n<p>e) 20 de outubro de 2019: Prova de <em><strong>direito e direito internacional<\/strong><\/em> <em><strong>p\u00fablico, <\/strong><\/em>iniciando-se \u00e0s 9 horas;<\/p>\n\n\n\n<p>f) 20 de outubro de 2019: Prova de <em><strong>l\u00edngua espanhola e l\u00edngua francesa,<\/strong><\/em> iniciando-se \u00e0s 15 horas.<\/p>\n\n\n\n<p>Os exerc\u00edcios da prova escrita de <strong>l\u00edngua espanhola e l\u00edngua francesa<\/strong> ser\u00e3o avaliados segundo os crit\u00e9rios a seguir: <\/p>\n\n\n\n<figure class=\"wp-block-image is-resized\"><img loading=\"lazy\" decoding=\"async\" src=\"https:\/\/dhg1h5j42swfq.cloudfront.net\/2019\/07\/08074816\/diplo2.jpg.jpg\" alt=\"\" class=\"wp-image-396207\" width=\"678\" height=\"379\" srcset=\"https:\/\/dhg1h5j42swfq.cloudfront.net\/2019\/07\/08074816\/diplo2.jpg.jpg 920w, https:\/\/dhg1h5j42swfq.cloudfront.net\/2019\/07\/08074816\/diplo2.jpg.jpg 300w, https:\/\/dhg1h5j42swfq.cloudfront.net\/2019\/07\/08074816\/diplo2.jpg.jpg 768w, https:\/\/dhg1h5j42swfq.cloudfront.net\/2019\/07\/08074816\/diplo2.jpg.jpg 610w\" sizes=\"auto, (max-width: 678px) 100vw, 678px\" \/><\/figure>\n\n\n\n<p style=\"text-align:center\"><strong>Gostou dessa oportunidade? Confira nossos cursos e torne-se um Diplomata!<\/strong><\/p>\n\n\n\n<p style=\"text-align:center\" class=\"has-background has-medium-font-size has-luminous-vivid-amber-background-color\"><a rel=\"noreferrer noopener\" href=\"https:\/\/www.estrategiaconcursos.com.br\/cursosPorConcurso\/cacd-concurso-de-admissao-a-carreira-de-diplomata\/\" target=\"_blank\"><em><strong>CURSO DIPLOMATA<\/strong><\/em><\/a><\/p>\n\n\n\n<figure class=\"wp-block-image\"><img loading=\"lazy\" decoding=\"async\" width=\"300\" height=\"102\" src=\"https:\/\/dhg1h5j42swfq.cloudfront.net\/2017\/03\/28152500\/coruja-ficha-tecnica-300x102.png\" alt=\"Ficha t\u00e9cnica concurso diplomata\" class=\"wp-image-68542\"\/><\/figure>\n\n\n\n<p><strong>Informa\u00e7\u00f5es do Edital Diplomata<\/strong> 2019<br \/>\u25ba<strong>Vagas<\/strong>: 20 vagas<br \/>\u25ba<strong>Cargos<\/strong>: Terceiro Secret\u00e1rio<br \/>\u25ba<strong>Lota\u00e7\u00f5es<\/strong>: Bras\u00edlia<br \/>\u25ba<strong>Banca<\/strong>: IADES<br \/>\u25ba<strong>Escolaridade<\/strong>: N\u00edvel Superior<br \/><\/p>\n\n\n\n<div class=\"wp-block-file\"><a href=\"https:\/\/dhg1h5j42swfq.cloudfront.net\/2019\/07\/08081046\/Edital-Diplomata-2019.pdf\" target=\"_blank\" rel=\"noreferrer noopener\">Edital-Diplomata-2019<\/a><a href=\"https:\/\/dhg1h5j42swfq.cloudfront.net\/2019\/07\/08081046\/Edital-Diplomata-2019.pdf\" class=\"wp-block-file__button\" download>Baixar<\/a><\/div>\n\n\n\n<p style=\"text-align:center\"><em><strong>Receba not\u00edcias de Concursos no seu WhatsApp e\/ou Telegram!<\/strong><\/em><\/p>\n\n\n\n<p style=\"text-align:center\"><em><strong>Cadastre-se clicando no \u00edcone abaixo<br \/><br \/><\/strong><\/em><a href=\"https:\/\/www.estrategiaconcursos.com.br\/blog\/noticias-de-concursos-whatsapp-estrategia-concursos\/\" target=\"_blank\" rel=\"noreferrer noopener\">Not\u00edcias de concursos no seu WhatsApp e\/ou Telegram<\/a><\/p>\n\n\n<p><!--EndFragment--><br \/><br \/><\/p>","protected":false},"excerpt":{"rendered":"<p>Foi publicado nesta segunda-feira, 08 de julho, o Edital Diplomata 2019. O concurso trouxe a oferta de 20 vagas na classe inicial de Terceiro-Secret\u00e1rio, cargo de n\u00edvel superior com forma\u00e7\u00e3o em qualquer \u00e1rea. A realiza\u00e7\u00e3o do certame ser\u00e1 por conta do Instituto Rio Branco e, pela primeira vez, do Instituto Americano de Desenvolvimento &#8211; IADES. [&hellip;]<\/p>\n","protected":false},"author":13,"featured_media":377429,"comment_status":"open","ping_status":"closed","sticky":false,"template":"","format":"standard","meta":{"post_tipo":"article","footnotes":""},"categories":[1,164300],"tags":[],"tax_estado":[],"class_list":["post-396194","post","type-post","status-publish","format-standard","has-post-thumbnail","hentry","category-cursos-e-concursos","category-concurso-diplomacia"],"acf":[],"yoast_head":"<!-- This site is optimized with the Yoast SEO Premium plugin v27.2 (Yoast SEO v27.2) - https:\/\/yoast.com\/product\/yoast-seo-premium-wordpress\/ -->\n<title>Edital Diplomata 2019: Publicado! S\u00e3o 20 vagas e inicial de R$19 mil<\/title>\n<meta name=\"description\" content=\"Edital Diplomata 2019: Publicado! S\u00e3o ofertadas 20 vagas para o cargo de Terceiro Secret\u00e1rio e prova acontecem em setembro. Confira tudo!\" \/>\n<meta name=\"robots\" content=\"index, follow, max-snippet:-1, max-image-preview:large, max-video-preview:-1\" \/>\n<link rel=\"canonical\" href=\"https:\/\/www.estrategiaconcursos.com.br\/blog\/edital-diplomata-2019\/\" \/>\n<meta property=\"og:locale\" content=\"pt_BR\" \/>\n<meta property=\"og:type\" content=\"article\" \/>\n<meta property=\"og:title\" content=\"Edital Diplomata 2019: Publicado! S\u00e3o 20 vagas e inicial de R$19 mil\" \/>\n<meta property=\"og:description\" content=\"Edital Diplomata 2019: Publicado! S\u00e3o ofertadas 20 vagas para o cargo de Terceiro Secret\u00e1rio e prova acontecem em setembro. Confira tudo!\" \/>\n<meta property=\"og:url\" content=\"https:\/\/www.estrategiaconcursos.com.br\/blog\/edital-diplomata-2019\/\" \/>\n<meta property=\"og:site_name\" content=\"Estrat\u00e9gia Concursos\" \/>\n<meta property=\"article:author\" content=\"https:\/\/www.facebook.com\/heber.economia\" \/>\n<meta property=\"article:published_time\" content=\"2019-07-09T22:25:20+00:00\" \/>\n<meta property=\"article:modified_time\" content=\"2020-02-17T15:14:55+00:00\" \/>\n<meta property=\"og:image\" content=\"https:\/\/dhg1h5j42swfq.cloudfront.net\/2019\/05\/24103215\/saiu-edital-1024x5361.jpg\" \/>\n\t<meta property=\"og:image:width\" content=\"1024\" \/>\n\t<meta property=\"og:image:height\" content=\"536\" \/>\n\t<meta property=\"og:image:type\" content=\"image\/jpeg\" \/>\n<meta name=\"author\" content=\"Heber Carvalho\" \/>\n<meta name=\"twitter:card\" content=\"summary_large_image\" \/>\n<meta name=\"twitter:creator\" content=\"@https:\/\/twitter.com\/EstratConcursos\" \/>\n<meta name=\"twitter:site\" content=\"@EstratConcursos\" \/>\n<meta name=\"twitter:label1\" content=\"Escrito por\" \/>\n\t<meta name=\"twitter:data1\" content=\"Heber Carvalho\" \/>\n\t<meta name=\"twitter:label2\" content=\"Est. tempo de leitura\" \/>\n\t<meta name=\"twitter:data2\" content=\"4 minutos\" \/>\n<script type=\"application\/ld+json\" class=\"yoast-schema-graph\">{\"@context\":\"https:\/\/schema.org\",\"@graph\":[{\"@type\":\"NewsArticle\",\"@id\":\"https:\/\/www.estrategiaconcursos.com.br\/blog\/edital-diplomata-2019\/#article\",\"isPartOf\":{\"@id\":\"https:\/\/www.estrategiaconcursos.com.br\/blog\/edital-diplomata-2019\/\"},\"author\":{\"name\":\"Heber Carvalho\",\"@id\":\"https:\/\/www.estrategiaconcursos.com.br\/blog\/#\/schema\/person\/555176e5fb81029706226eaf88b58f77\"},\"headline\":\"Edital Diplomata 2019: Publicado! S\u00e3o 20 vagas e inicial de R$19 mil\",\"datePublished\":\"2019-07-09T22:25:20+00:00\",\"dateModified\":\"2020-02-17T15:14:55+00:00\",\"mainEntityOfPage\":{\"@id\":\"https:\/\/www.estrategiaconcursos.com.br\/blog\/edital-diplomata-2019\/\"},\"wordCount\":727,\"commentCount\":2,\"publisher\":{\"@id\":\"https:\/\/www.estrategiaconcursos.com.br\/blog\/#organization\"},\"image\":{\"@id\":\"https:\/\/www.estrategiaconcursos.com.br\/blog\/edital-diplomata-2019\/#primaryimage\"},\"thumbnailUrl\":\"https:\/\/dhg1h5j42swfq.cloudfront.net\/2019\/05\/24103215\/saiu-edital-1024x5361.jpg\",\"articleSection\":[\"Concursos P\u00fablicos\",\"Diplomacia (CACD)\"],\"inLanguage\":\"pt-BR\",\"potentialAction\":[{\"@type\":\"CommentAction\",\"name\":\"Comment\",\"target\":[\"https:\/\/www.estrategiaconcursos.com.br\/blog\/edital-diplomata-2019\/#respond\"]}],\"copyrightYear\":\"2019\",\"copyrightHolder\":{\"@id\":\"https:\/\/www.estrategiaconcursos.com.br\/blog\/#organization\"}},{\"@type\":\"WebPage\",\"@id\":\"https:\/\/www.estrategiaconcursos.com.br\/blog\/edital-diplomata-2019\/\",\"url\":\"https:\/\/www.estrategiaconcursos.com.br\/blog\/edital-diplomata-2019\/\",\"name\":\"Edital Diplomata 2019: Publicado! S\u00e3o 20 vagas e inicial de R$19 mil\",\"isPartOf\":{\"@id\":\"https:\/\/www.estrategiaconcursos.com.br\/blog\/#website\"},\"primaryImageOfPage\":{\"@id\":\"https:\/\/www.estrategiaconcursos.com.br\/blog\/edital-diplomata-2019\/#primaryimage\"},\"image\":{\"@id\":\"https:\/\/www.estrategiaconcursos.com.br\/blog\/edital-diplomata-2019\/#primaryimage\"},\"thumbnailUrl\":\"https:\/\/dhg1h5j42swfq.cloudfront.net\/2019\/05\/24103215\/saiu-edital-1024x5361.jpg\",\"datePublished\":\"2019-07-09T22:25:20+00:00\",\"dateModified\":\"2020-02-17T15:14:55+00:00\",\"description\":\"Edital Diplomata 2019: Publicado! S\u00e3o ofertadas 20 vagas para o cargo de Terceiro Secret\u00e1rio e prova acontecem em setembro. Confira tudo!\",\"breadcrumb\":{\"@id\":\"https:\/\/www.estrategiaconcursos.com.br\/blog\/edital-diplomata-2019\/#breadcrumb\"},\"inLanguage\":\"pt-BR\",\"potentialAction\":[{\"@type\":\"ReadAction\",\"target\":[\"https:\/\/www.estrategiaconcursos.com.br\/blog\/edital-diplomata-2019\/\"]}]},{\"@type\":\"ImageObject\",\"inLanguage\":\"pt-BR\",\"@id\":\"https:\/\/www.estrategiaconcursos.com.br\/blog\/edital-diplomata-2019\/#primaryimage\",\"url\":\"https:\/\/dhg1h5j42swfq.cloudfront.net\/2019\/05\/24103215\/saiu-edital-1024x5361.jpg\",\"contentUrl\":\"https:\/\/dhg1h5j42swfq.cloudfront.net\/2019\/05\/24103215\/saiu-edital-1024x5361.jpg\",\"width\":1024,\"height\":536,\"caption\":\"concurso pgm ces\u00e1rio lange\"},{\"@type\":\"BreadcrumbList\",\"@id\":\"https:\/\/www.estrategiaconcursos.com.br\/blog\/edital-diplomata-2019\/#breadcrumb\",\"itemListElement\":[{\"@type\":\"ListItem\",\"position\":1,\"name\":\"In\u00edcio\",\"item\":\"https:\/\/www.estrategiaconcursos.com.br\/blog\/\"},{\"@type\":\"ListItem\",\"position\":2,\"name\":\"Edital Diplomata 2019: Publicado! S\u00e3o 20 vagas e inicial de R$19 mil\"}]},{\"@type\":\"WebSite\",\"@id\":\"https:\/\/www.estrategiaconcursos.com.br\/blog\/#website\",\"url\":\"https:\/\/www.estrategiaconcursos.com.br\/blog\/\",\"name\":\"Estrat\u00e9gia Concursos\",\"description\":\"O blog da Estrat\u00e9gia Concursos traz not\u00edcias sobre concursos e artigos de professores oferecendo cursos para concursos (pdf + videaulas) no site.\",\"publisher\":{\"@id\":\"https:\/\/www.estrategiaconcursos.com.br\/blog\/#organization\"},\"potentialAction\":[{\"@type\":\"SearchAction\",\"target\":{\"@type\":\"EntryPoint\",\"urlTemplate\":\"https:\/\/www.estrategiaconcursos.com.br\/blog\/?s={search_term_string}\"},\"query-input\":{\"@type\":\"PropertyValueSpecification\",\"valueRequired\":true,\"valueName\":\"search_term_string\"}}],\"inLanguage\":\"pt-BR\"},{\"@type\":\"Organization\",\"@id\":\"https:\/\/www.estrategiaconcursos.com.br\/blog\/#organization\",\"name\":\"Estrat\u00e9gia Concursos\",\"url\":\"https:\/\/www.estrategiaconcursos.com.br\/blog\/\",\"logo\":{\"@type\":\"ImageObject\",\"inLanguage\":\"pt-BR\",\"@id\":\"https:\/\/www.estrategiaconcursos.com.br\/blog\/#\/schema\/logo\/image\/\",\"url\":\"https:\/\/dhg1h5j42swfq.cloudfront.net\/2025\/06\/03203428\/logo_concursos-1.jpg\",\"contentUrl\":\"https:\/\/dhg1h5j42swfq.cloudfront.net\/2025\/06\/03203428\/logo_concursos-1.jpg\",\"width\":230,\"height\":60,\"caption\":\"Estrat\u00e9gia Concursos\"},\"image\":{\"@id\":\"https:\/\/www.estrategiaconcursos.com.br\/blog\/#\/schema\/logo\/image\/\"},\"sameAs\":[\"https:\/\/x.com\/EstratConcursos\"]},{\"@type\":\"Person\",\"@id\":\"https:\/\/www.estrategiaconcursos.com.br\/blog\/#\/schema\/person\/555176e5fb81029706226eaf88b58f77\",\"name\":\"Heber Carvalho\",\"image\":{\"@type\":\"ImageObject\",\"inLanguage\":\"pt-BR\",\"@id\":\"https:\/\/secure.gravatar.com\/avatar\/7fb00f951b5b5ef6352d915a4dd32e75828f1e329e22967291a52e461270e40a?s=96&d=mm&r=g\",\"url\":\"https:\/\/secure.gravatar.com\/avatar\/7fb00f951b5b5ef6352d915a4dd32e75828f1e329e22967291a52e461270e40a?s=96&d=mm&r=g\",\"contentUrl\":\"https:\/\/secure.gravatar.com\/avatar\/7fb00f951b5b5ef6352d915a4dd32e75828f1e329e22967291a52e461270e40a?s=96&d=mm&r=g\",\"caption\":\"Heber Carvalho\"},\"sameAs\":[\"https:\/\/www.facebook.com\/heber.economia\",\"https:\/\/x.com\/https:\/\/twitter.com\/EstratConcursos\"],\"url\":\"https:\/\/www.estrategiaconcursos.com.br\/blog\/author\/hebercarvalhoestrategiaconcursos-com-br\/\"}]}<\/script>\n<!-- \/ Yoast SEO Premium plugin. -->","yoast_head_json":{"title":"Edital Diplomata 2019: Publicado! S\u00e3o 20 vagas e inicial de R$19 mil","description":"Edital Diplomata 2019: Publicado! S\u00e3o ofertadas 20 vagas para o cargo de Terceiro Secret\u00e1rio e prova acontecem em setembro. Confira tudo!","robots":{"index":"index","follow":"follow","max-snippet":"max-snippet:-1","max-image-preview":"max-image-preview:large","max-video-preview":"max-video-preview:-1"},"canonical":"https:\/\/www.estrategiaconcursos.com.br\/blog\/edital-diplomata-2019\/","og_locale":"pt_BR","og_type":"article","og_title":"Edital Diplomata 2019: Publicado! S\u00e3o 20 vagas e inicial de R$19 mil","og_description":"Edital Diplomata 2019: Publicado! S\u00e3o ofertadas 20 vagas para o cargo de Terceiro Secret\u00e1rio e prova acontecem em setembro. Confira tudo!","og_url":"https:\/\/www.estrategiaconcursos.com.br\/blog\/edital-diplomata-2019\/","og_site_name":"Estrat\u00e9gia Concursos","article_author":"https:\/\/www.facebook.com\/heber.economia","article_published_time":"2019-07-09T22:25:20+00:00","article_modified_time":"2020-02-17T15:14:55+00:00","og_image":[{"width":1024,"height":536,"url":"https:\/\/dhg1h5j42swfq.cloudfront.net\/2019\/05\/24103215\/saiu-edital-1024x5361.jpg","type":"image\/jpeg"}],"author":"Heber Carvalho","twitter_card":"summary_large_image","twitter_creator":"@https:\/\/twitter.com\/EstratConcursos","twitter_site":"@EstratConcursos","twitter_misc":{"Escrito por":"Heber Carvalho","Est. tempo de leitura":"4 minutos"},"schema":{"@context":"https:\/\/schema.org","@graph":[{"@type":"NewsArticle","@id":"https:\/\/www.estrategiaconcursos.com.br\/blog\/edital-diplomata-2019\/#article","isPartOf":{"@id":"https:\/\/www.estrategiaconcursos.com.br\/blog\/edital-diplomata-2019\/"},"author":{"name":"Heber Carvalho","@id":"https:\/\/www.estrategiaconcursos.com.br\/blog\/#\/schema\/person\/555176e5fb81029706226eaf88b58f77"},"headline":"Edital Diplomata 2019: Publicado! S\u00e3o 20 vagas e inicial de R$19 mil","datePublished":"2019-07-09T22:25:20+00:00","dateModified":"2020-02-17T15:14:55+00:00","mainEntityOfPage":{"@id":"https:\/\/www.estrategiaconcursos.com.br\/blog\/edital-diplomata-2019\/"},"wordCount":727,"commentCount":2,"publisher":{"@id":"https:\/\/www.estrategiaconcursos.com.br\/blog\/#organization"},"image":{"@id":"https:\/\/www.estrategiaconcursos.com.br\/blog\/edital-diplomata-2019\/#primaryimage"},"thumbnailUrl":"https:\/\/dhg1h5j42swfq.cloudfront.net\/2019\/05\/24103215\/saiu-edital-1024x5361.jpg","articleSection":["Concursos P\u00fablicos","Diplomacia (CACD)"],"inLanguage":"pt-BR","potentialAction":[{"@type":"CommentAction","name":"Comment","target":["https:\/\/www.estrategiaconcursos.com.br\/blog\/edital-diplomata-2019\/#respond"]}],"copyrightYear":"2019","copyrightHolder":{"@id":"https:\/\/www.estrategiaconcursos.com.br\/blog\/#organization"}},{"@type":"WebPage","@id":"https:\/\/www.estrategiaconcursos.com.br\/blog\/edital-diplomata-2019\/","url":"https:\/\/www.estrategiaconcursos.com.br\/blog\/edital-diplomata-2019\/","name":"Edital Diplomata 2019: Publicado! S\u00e3o 20 vagas e inicial de R$19 mil","isPartOf":{"@id":"https:\/\/www.estrategiaconcursos.com.br\/blog\/#website"},"primaryImageOfPage":{"@id":"https:\/\/www.estrategiaconcursos.com.br\/blog\/edital-diplomata-2019\/#primaryimage"},"image":{"@id":"https:\/\/www.estrategiaconcursos.com.br\/blog\/edital-diplomata-2019\/#primaryimage"},"thumbnailUrl":"https:\/\/dhg1h5j42swfq.cloudfront.net\/2019\/05\/24103215\/saiu-edital-1024x5361.jpg","datePublished":"2019-07-09T22:25:20+00:00","dateModified":"2020-02-17T15:14:55+00:00","description":"Edital Diplomata 2019: Publicado! S\u00e3o ofertadas 20 vagas para o cargo de Terceiro Secret\u00e1rio e prova acontecem em setembro. Confira tudo!","breadcrumb":{"@id":"https:\/\/www.estrategiaconcursos.com.br\/blog\/edital-diplomata-2019\/#breadcrumb"},"inLanguage":"pt-BR","potentialAction":[{"@type":"ReadAction","target":["https:\/\/www.estrategiaconcursos.com.br\/blog\/edital-diplomata-2019\/"]}]},{"@type":"ImageObject","inLanguage":"pt-BR","@id":"https:\/\/www.estrategiaconcursos.com.br\/blog\/edital-diplomata-2019\/#primaryimage","url":"https:\/\/dhg1h5j42swfq.cloudfront.net\/2019\/05\/24103215\/saiu-edital-1024x5361.jpg","contentUrl":"https:\/\/dhg1h5j42swfq.cloudfront.net\/2019\/05\/24103215\/saiu-edital-1024x5361.jpg","width":1024,"height":536,"caption":"concurso pgm ces\u00e1rio lange"},{"@type":"BreadcrumbList","@id":"https:\/\/www.estrategiaconcursos.com.br\/blog\/edital-diplomata-2019\/#breadcrumb","itemListElement":[{"@type":"ListItem","position":1,"name":"In\u00edcio","item":"https:\/\/www.estrategiaconcursos.com.br\/blog\/"},{"@type":"ListItem","position":2,"name":"Edital Diplomata 2019: Publicado! S\u00e3o 20 vagas e inicial de R$19 mil"}]},{"@type":"WebSite","@id":"https:\/\/www.estrategiaconcursos.com.br\/blog\/#website","url":"https:\/\/www.estrategiaconcursos.com.br\/blog\/","name":"Estrat\u00e9gia Concursos","description":"O blog da Estrat\u00e9gia Concursos traz not\u00edcias sobre concursos e artigos de professores oferecendo cursos para concursos (pdf + videaulas) no site.","publisher":{"@id":"https:\/\/www.estrategiaconcursos.com.br\/blog\/#organization"},"potentialAction":[{"@type":"SearchAction","target":{"@type":"EntryPoint","urlTemplate":"https:\/\/www.estrategiaconcursos.com.br\/blog\/?s={search_term_string}"},"query-input":{"@type":"PropertyValueSpecification","valueRequired":true,"valueName":"search_term_string"}}],"inLanguage":"pt-BR"},{"@type":"Organization","@id":"https:\/\/www.estrategiaconcursos.com.br\/blog\/#organization","name":"Estrat\u00e9gia Concursos","url":"https:\/\/www.estrategiaconcursos.com.br\/blog\/","logo":{"@type":"ImageObject","inLanguage":"pt-BR","@id":"https:\/\/www.estrategiaconcursos.com.br\/blog\/#\/schema\/logo\/image\/","url":"https:\/\/dhg1h5j42swfq.cloudfront.net\/2025\/06\/03203428\/logo_concursos-1.jpg","contentUrl":"https:\/\/dhg1h5j42swfq.cloudfront.net\/2025\/06\/03203428\/logo_concursos-1.jpg","width":230,"height":60,"caption":"Estrat\u00e9gia Concursos"},"image":{"@id":"https:\/\/www.estrategiaconcursos.com.br\/blog\/#\/schema\/logo\/image\/"},"sameAs":["https:\/\/x.com\/EstratConcursos"]},{"@type":"Person","@id":"https:\/\/www.estrategiaconcursos.com.br\/blog\/#\/schema\/person\/555176e5fb81029706226eaf88b58f77","name":"Heber Carvalho","image":{"@type":"ImageObject","inLanguage":"pt-BR","@id":"https:\/\/secure.gravatar.com\/avatar\/7fb00f951b5b5ef6352d915a4dd32e75828f1e329e22967291a52e461270e40a?s=96&d=mm&r=g","url":"https:\/\/secure.gravatar.com\/avatar\/7fb00f951b5b5ef6352d915a4dd32e75828f1e329e22967291a52e461270e40a?s=96&d=mm&r=g","contentUrl":"https:\/\/secure.gravatar.com\/avatar\/7fb00f951b5b5ef6352d915a4dd32e75828f1e329e22967291a52e461270e40a?s=96&d=mm&r=g","caption":"Heber Carvalho"},"sameAs":["https:\/\/www.facebook.com\/heber.economia","https:\/\/x.com\/https:\/\/twitter.com\/EstratConcursos"],"url":"https:\/\/www.estrategiaconcursos.com.br\/blog\/author\/hebercarvalhoestrategiaconcursos-com-br\/"}]}},"_links":{"self":[{"href":"https:\/\/www.estrategiaconcursos.com.br\/blog\/wp-json\/wp\/v2\/posts\/396194","targetHints":{"allow":["GET"]}}],"collection":[{"href":"https:\/\/www.estrategiaconcursos.com.br\/blog\/wp-json\/wp\/v2\/posts"}],"about":[{"href":"https:\/\/www.estrategiaconcursos.com.br\/blog\/wp-json\/wp\/v2\/types\/post"}],"author":[{"embeddable":true,"href":"https:\/\/www.estrategiaconcursos.com.br\/blog\/wp-json\/wp\/v2\/users\/13"}],"replies":[{"embeddable":true,"href":"https:\/\/www.estrategiaconcursos.com.br\/blog\/wp-json\/wp\/v2\/comments?post=396194"}],"version-history":[{"count":5,"href":"https:\/\/www.estrategiaconcursos.com.br\/blog\/wp-json\/wp\/v2\/posts\/396194\/revisions"}],"predecessor-version":[{"id":396228,"href":"https:\/\/www.estrategiaconcursos.com.br\/blog\/wp-json\/wp\/v2\/posts\/396194\/revisions\/396228"}],"wp:featuredmedia":[{"embeddable":true,"href":"https:\/\/www.estrategiaconcursos.com.br\/blog\/wp-json\/wp\/v2\/media\/377429"}],"wp:attachment":[{"href":"https:\/\/www.estrategiaconcursos.com.br\/blog\/wp-json\/wp\/v2\/media?parent=396194"}],"wp:term":[{"taxonomy":"category","embeddable":true,"href":"https:\/\/www.estrategiaconcursos.com.br\/blog\/wp-json\/wp\/v2\/categories?post=396194"},{"taxonomy":"post_tag","embeddable":true,"href":"https:\/\/www.estrategiaconcursos.com.br\/blog\/wp-json\/wp\/v2\/tags?post=396194"},{"taxonomy":"tax_estado","embeddable":true,"href":"https:\/\/www.estrategiaconcursos.com.br\/blog\/wp-json\/wp\/v2\/tax_estado?post=396194"}],"curies":[{"name":"wp","href":"https:\/\/api.w.org\/{rel}","templated":true}]}}