{"id":396084,"date":"2019-07-07T22:36:21","date_gmt":"2019-07-08T01:36:21","guid":{"rendered":"https:\/\/www.estrategiaconcursos.com.br\/blog\/?p=396084"},"modified":"2019-08-04T21:54:43","modified_gmt":"2019-08-05T00:54:43","slug":"temas-da-redacao-do-concurso-do-detran-sp-comentados","status":"publish","type":"post","link":"https:\/\/www.estrategiaconcursos.com.br\/blog\/temas-da-redacao-do-concurso-do-detran-sp-comentados\/","title":{"rendered":"Temas da reda\u00e7\u00e3o do concurso do DETRAN-SP comentados"},"content":{"rendered":"\n<p>Estrategianos, tudo na paz? Como foram na prova discursiva do DETRAN-SP?<\/p>\n\n\n\n<p>Aqui \u00e9 o Professor Raphael Reis chegando na \u00e1rea. Vou comentar os dois temas de reda\u00e7\u00e3o cobrados pela Funda\u00e7\u00e3o Carlos Chagas (FCC) no concurso do DETRAN-SP, que foi aplicado hoje (07\/07\/2019).<\/p>\n\n\n\n<p>Particularmente, fiquei muito feliz com os temas propostos :)<\/p>\n\n\n\n<p><strong>I: Espa\u00e7o Urbano e Qualidade de Vida<\/strong><\/p>\n\n\n\n<p>Esse tema foi amplamente visto no material do nosso curso e no aul\u00e3o ao vivo (Hora da Verdade). No material em PDF, na rodada tem\u00e1tica 01, abordamos urbaniza\u00e7\u00e3o, mobilidade urbana e cidadania. Al\u00e9m disso, sugerimos para treinamento dois temas de provas anteriores da FCC que se relacionam com a tem\u00e1tica cobrada (o primeiro est\u00e1 na rodada tem\u00e1tica 01 e o outro foi proposto no simulado como quest\u00e3o in\u00e9dita :)<\/p>\n\n\n\n<figure class=\"wp-block-image\"><img loading=\"lazy\" decoding=\"async\" width=\"855\" height=\"204\" src=\"https:\/\/dhg1h5j42swfq.cloudfront.net\/2019\/07\/07213414\/image19.png\" alt=\"\" class=\"wp-image-396103\" srcset=\"https:\/\/dhg1h5j42swfq.cloudfront.net\/2019\/07\/07213414\/image19.png 855w, https:\/\/dhg1h5j42swfq.cloudfront.net\/2019\/07\/07213414\/image19.png 300w, https:\/\/dhg1h5j42swfq.cloudfront.net\/2019\/07\/07213414\/image19.png 768w, https:\/\/dhg1h5j42swfq.cloudfront.net\/2019\/07\/07213414\/image19.png 610w\" sizes=\"auto, (max-width: 855px) 100vw, 855px\" \/><\/figure>\n\n\n\n<figure class=\"wp-block-image\"><img loading=\"lazy\" decoding=\"async\" width=\"960\" height=\"452\" src=\"https:\/\/dhg1h5j42swfq.cloudfront.net\/2019\/07\/07213727\/image20.png\" alt=\"\" class=\"wp-image-396105\" srcset=\"https:\/\/dhg1h5j42swfq.cloudfront.net\/2019\/07\/07213727\/image20.png 960w, https:\/\/dhg1h5j42swfq.cloudfront.net\/2019\/07\/07213727\/image20.png 300w, https:\/\/dhg1h5j42swfq.cloudfront.net\/2019\/07\/07213727\/image20.png 768w, https:\/\/dhg1h5j42swfq.cloudfront.net\/2019\/07\/07213727\/image20.png 610w\" sizes=\"auto, (max-width: 960px) 100vw, 960px\" \/><\/figure>\n\n\n\n<p>\u00c9 importante lembrar algumas palavras-chave e alguns conceitos curingas: democratiza\u00e7\u00e3o do espa\u00e7o urbano, direito \u00e0 cidade, bem comum, coletividade, segrega\u00e7\u00e3o socioespacial, gentrifica\u00e7\u00e3o, compartilhamento desigual dos espa\u00e7os p\u00fablicos, cidadania em Arist\u00f3teles, cidadania na concep\u00e7\u00e3o de Thomas Marshall, Sociedade L\u00edquida (Bauman), individualismo, hiperindividualismo (Gilles Lipovtsky), etc.<\/p>\n\n\n\n<p><strong>Algumas ideias centrais:<\/strong><\/p>\n\n\n\n<ul class=\"wp-block-list\"><li>O espa\u00e7o urbano \u00e9 importante para as rela\u00e7\u00f5es sociais e para a qualidade de vida da popula\u00e7\u00e3o, por\u00e9m percebe-se que n\u00e3o h\u00e1 uso republicano dos espa\u00e7os p\u00fablicos;<\/li><li>Conforme o fil\u00f3sofo Gilles Lipovtsky, a atual sociedade \u00e9 marcada pelo  hiperindividualismo, o que afeta o pertencimento aos bens p\u00fablicos;<\/li><li>O direito \u00e0 cidade, isto \u00e9, acesso aos bens culturais e patrimoniais n\u00e3o s\u00e3o garantidos pelo Estado, o que afeta a qualidade vida;<\/li><li>A qualidade de vida de uma popula\u00e7\u00e3o est\u00e1 relacionada ao direito ao espa\u00e7o p\u00fablico, isto \u00e9, o compartilhamento democr\u00e1tico das vias e inclus\u00e3o das pessoas com defici\u00eancia.<\/li><li>ETC.<\/li><\/ul>\n\n\n\n<p><strong>II: A import\u00e2ncia da educa\u00e7\u00e3o no tr\u00e2nsito para a forma\u00e7\u00e3o do cidad\u00e3o<\/strong><\/p>\n\n\n\n<p>Esse tema est\u00e1 fora da curva do estilo FCC de cobrar temas mais filos\u00f3ficos, uma vez que est\u00e1 mais pr\u00f3ximo daquilo que denominamos de &#8220;temas de atualidades&#8221;. De fato, nos \u00faltimos anos os temas tiveram caracter\u00edstica filos\u00f3fica. <strong>Por\u00e9m, nenhuma surpresa ou preocupa\u00e7\u00e3o<\/strong>, uma vez que o aluno astuto e que prestou aten\u00e7\u00e3o \u00e0s nossas aulas recordou o que eu sempre falo: h\u00e1 temas que s\u00e3o transversais e os nossos conceitos curingas podem ser aplicados tranquilamente. Veja, as aulas de cidadania e de mobilidade urbana t\u00eam tudo a ver com o tema. Al\u00e9m disso, refletimos em videoaula a tem\u00e1tica &#8220;viol\u00eancia no tr\u00e2nsito brasileiro&#8221;, <strong>bem como o aul\u00e3o &#8220;A Hora da Verdade&#8221; ajudou bastante, n\u00e3o \u00e9 mesmo?<\/strong><\/p>\n\n\n\n<figure class=\"wp-block-image\"><img loading=\"lazy\" decoding=\"async\" width=\"655\" height=\"433\" src=\"https:\/\/dhg1h5j42swfq.cloudfront.net\/2019\/07\/07220321\/image21.png\" alt=\"\" class=\"wp-image-396112\" srcset=\"https:\/\/dhg1h5j42swfq.cloudfront.net\/2019\/07\/07220321\/image21.png 655w, https:\/\/dhg1h5j42swfq.cloudfront.net\/2019\/07\/07220321\/image21.png 300w, https:\/\/dhg1h5j42swfq.cloudfront.net\/2019\/07\/07220321\/image21.png 610w\" sizes=\"auto, (max-width: 655px) 100vw, 655px\" \/><figcaption><br \/><\/figcaption><\/figure>\n\n\n\n<p><strong>Algumas ideias centrais:<\/strong><\/p>\n\n\n\n<ul class=\"wp-block-list\"><li>Os dados de v\u00e1rias institui\u00e7\u00f5es de pesquisa mostram que o desrespeito \u00e0s leis de tr\u00e2nsito no Brasil \u00e9 a principal causa das mais variadas viol\u00eancias no tr\u00e2nsito, ou seja,  os acidentes n\u00e3o s\u00e3o acidentais. Isso mostra que o brasileiro n\u00e3o incorporou uma atitude cidad\u00e3, de respeito ao outro e a si mesmo.<\/li><li>A ideia republicana do fil\u00f3sofo Rousseau defende que as pessoas devem abrir m\u00e3o de parte de sua liberdade individual visando ao bem comum. Nessa perspectiva, a educa\u00e7\u00e3o no tr\u00e2nsito \u00e9 importante, uma vez que ela faculta a incorpora\u00e7\u00e3o de atitudes \u00e9ticas como, por exemplo, n\u00e3o dirigir embriagado.<\/li><li>No Brasil, h\u00e1 uma cultura da viol\u00eancia que repercute no tr\u00e2nsito, isto \u00e9, as pessoas tendem a resolver os seus conflitos de forma violenta, afastando-se do di\u00e1logo e de solu\u00e7\u00f5es pac\u00edficas.<\/li><li>H\u00e1 a necessidade de democratizar as vias p\u00fablicas, garantindo o  compartilhamento respeitoso entre pedestres, autom\u00f3veis, motocicletas, etc. Nesse sentido, somente uma educa\u00e7\u00e3o voltada para a cidade ser\u00e1 capaz de incorpora atitudes que visem \u00e0 coletividade.<\/li><li><strong>Para uma poss\u00edvel conclus\u00e3o:<\/strong> As escolas devem incorporar em seus curr\u00edculos reflex\u00f5es sobre o tr\u00e2nsito, desenvolvendo nos jovens reflex\u00e3o cr\u00edtica sobre os dados alarmantes de acidentes de tr\u00e2nsito na sociedade, bem como a\u00e7\u00f5es proativas de respeito ao outro e ao bem comum.<\/li><li>ETC.<\/li><\/ul>\n\n\n\n<p><strong>Penso que os nossos alunos se deram bem e gostaram das tem\u00e1ticas rsrs<\/strong><\/p>\n\n\n\n<figure class=\"wp-block-image\"><img loading=\"lazy\" decoding=\"async\" width=\"567\" height=\"313\" src=\"https:\/\/dhg1h5j42swfq.cloudfront.net\/2019\/07\/07222501\/image22.png\" alt=\"\" class=\"wp-image-396118\" srcset=\"https:\/\/dhg1h5j42swfq.cloudfront.net\/2019\/07\/07222501\/image22.png 567w, https:\/\/dhg1h5j42swfq.cloudfront.net\/2019\/07\/07222501\/image22.png 300w\" sizes=\"auto, (max-width: 567px) 100vw, 567px\" \/><\/figure>\n\n\n\n<figure class=\"wp-block-image\"><img loading=\"lazy\" decoding=\"async\" width=\"280\" height=\"296\" src=\"https:\/\/dhg1h5j42swfq.cloudfront.net\/2019\/07\/07222546\/image23.png\" alt=\"\" class=\"wp-image-396119\" \/><\/figure>\n\n\n\n<figure class=\"wp-block-image\"><img loading=\"lazy\" decoding=\"async\" width=\"285\" height=\"347\" src=\"https:\/\/dhg1h5j42swfq.cloudfront.net\/2019\/07\/07222622\/image24.png\" alt=\"\" class=\"wp-image-396120\" srcset=\"https:\/\/dhg1h5j42swfq.cloudfront.net\/2019\/07\/07222622\/image24.png 285w, https:\/\/dhg1h5j42swfq.cloudfront.net\/2019\/07\/07222622\/image24.png 246w\" sizes=\"auto, (max-width: 285px) 100vw, 285px\" \/><\/figure>\n\n\n\n<figure class=\"wp-block-image\"><img loading=\"lazy\" decoding=\"async\" width=\"229\" height=\"311\" src=\"https:\/\/dhg1h5j42swfq.cloudfront.net\/2019\/07\/07222655\/image25.png\" alt=\"\" class=\"wp-image-396121\" srcset=\"https:\/\/dhg1h5j42swfq.cloudfront.net\/2019\/07\/07222655\/image25.png 229w, https:\/\/dhg1h5j42swfq.cloudfront.net\/2019\/07\/07222655\/image25.png 221w\" sizes=\"auto, (max-width: 229px) 100vw, 229px\" \/><\/figure>\n\n\n\n<figure class=\"wp-block-image\"><img loading=\"lazy\" decoding=\"async\" width=\"283\" height=\"313\" src=\"https:\/\/dhg1h5j42swfq.cloudfront.net\/2019\/07\/07222722\/image26.png\" alt=\"\" class=\"wp-image-396122\" srcset=\"https:\/\/dhg1h5j42swfq.cloudfront.net\/2019\/07\/07222722\/image26.png 283w, https:\/\/dhg1h5j42swfq.cloudfront.net\/2019\/07\/07222722\/image26.png 271w\" sizes=\"auto, (max-width: 283px) 100vw, 283px\" \/><\/figure>\n\n\n\n<p><strong>Lembre-se de me enviar o espelho da reda\u00e7\u00e3o :)<\/strong><\/p>\n\n\n\n<p><strong>Instagram:<\/strong> profraphaelreis<\/p>\n\n\n\n<p><strong>YouTube:<\/strong> professor Raphael Reis<\/p>\n\n\n\n<p><strong>E-mail:<\/strong> profraphaelreis@gmail.com<\/p>\n\n\n\n<p><strong>Nossos cursos:<\/strong><\/p>\n\n\n\n<p><a href=\"https:\/\/www.estrategiaconcursos.com.br\/curso\/discursivas-p-trf-4-regiao-tecnico-judiciario-area-administrativa-6-correcoes-pos-edital\/\">TRF-4<\/a><\/p>\n\n\n\n<p>T<a href=\"https:\/\/www.estrategiaconcursos.com.br\/curso\/curso-de-redacao-p-trf-3-regiao-tecnico-jud-administrativa-6-correcoes-por-aluno-2019\/\">RF-3<\/a><\/p>\n\n\n\n<p><a href=\"https:\/\/www.estrategiaconcursos.com.br\/curso\/redacao-p-ale-sp-todos-os-cargos-com-correcao\/\">ALE-SP<\/a><\/p>\n\n\n\n<p><a href=\"https:\/\/www.estrategiaconcursos.com.br\/curso\/ciencias-humanas-para-redacao-2019\/\">Ci\u00eancias Humanas para Reda\u00e7\u00e3o<\/a><\/p>\n\n\n\n<p><a href=\"https:\/\/www.estrategiaconcursos.com.br\/blog\/author\/profraphaelreisgmail-com\/\">Artigos publicados no Estrat\u00e9gia<\/a><\/p>\n\n\n\n<p><strong>Biografia: <\/strong><\/p>\n\n\n\n<p>Raphael Reis \u00e9 professor do Estrat\u00e9gia Concursos desde 2016 e leciona os seguintes conte\u00fados: Reda\u00e7\u00e3o (macroestrutura), Hist\u00f3ria, Filosofia e Sociologia. \u00c9 graduado em Hist\u00f3ria (UFJF) com especializa\u00e7\u00e3o em Pol\u00edticas P\u00fablicas e Gest\u00e3o Social (UFJF) e mestrado em Sociologia da Educa\u00e7\u00e3o (UFJF).<\/p>\n\n\n\n<p>Nos \u00faltimos anos tem se especializado na reda\u00e7\u00e3o da FCC, que \u00e9 considerada como a prova discursiva mais dif\u00edcil do Brasil! Em 2017, percebendo que a grande dificuldade dos candidatos que fazem a prova discursiva da Funda\u00e7\u00e3o Carlos Chagas (FCC) \u00e9 a parte de conte\u00fado, criou o curso in\u00e9dito e inovador de <a href=\"https:\/\/www.estrategiaconcursos.com.br\/curso\/ciencias-humanas-para-redacao-2019\/\">Ci\u00eancias Humanas para Reda\u00e7\u00e3o<\/a>, que j\u00e1 atendeu milhares de alunos e t\u00eam contribu\u00eddo decisivamente para a melhoria das notas. Al\u00e9m disso, \u00e9 autor do e-book <a href=\"https:\/\/pages.hotmart.com\/h14106106c\/15-conceitos-para-mandar-bem-na-redacao-da-fcc-tire-nota-100\">1<\/a>5 conceitos para mandar bem na reda\u00e7\u00e3o da FCC.<\/p>\n\n\n<p><!--EndFragment--><\/p>","protected":false},"excerpt":{"rendered":"<p>Estrategianos, tudo na paz? Como foram na prova discursiva do DETRAN-SP? Aqui \u00e9 o Professor Raphael Reis chegando na \u00e1rea. Vou comentar os dois temas de reda\u00e7\u00e3o cobrados pela Funda\u00e7\u00e3o Carlos Chagas (FCC) no concurso do DETRAN-SP, que foi aplicado hoje (07\/07\/2019). Particularmente, fiquei muito feliz com os temas propostos :) I: Espa\u00e7o Urbano e [&hellip;]<\/p>\n","protected":false},"author":384,"featured_media":0,"comment_status":"open","ping_status":"closed","sticky":false,"template":"","format":"standard","meta":{"post_tipo":"article","footnotes":""},"categories":[1],"tags":[],"tax_estado":[],"class_list":["post-396084","post","type-post","status-publish","format-standard","hentry","category-cursos-e-concursos"],"acf":[],"yoast_head":"<!-- This site is optimized with the Yoast SEO Premium plugin v27.2 (Yoast SEO v27.2) - https:\/\/yoast.com\/product\/yoast-seo-premium-wordpress\/ -->\n<title>Temas da reda\u00e7\u00e3o do concurso do DETRAN-SP comentados<\/title>\n<meta name=\"robots\" content=\"index, follow, max-snippet:-1, max-image-preview:large, max-video-preview:-1\" \/>\n<link rel=\"canonical\" href=\"https:\/\/www.estrategiaconcursos.com.br\/blog\/temas-da-redacao-do-concurso-do-detran-sp-comentados\/\" \/>\n<meta property=\"og:locale\" content=\"pt_BR\" \/>\n<meta property=\"og:type\" content=\"article\" \/>\n<meta property=\"og:title\" content=\"Temas da reda\u00e7\u00e3o do concurso do DETRAN-SP comentados\" \/>\n<meta property=\"og:description\" content=\"Estrategianos, tudo na paz? Como foram na prova discursiva do DETRAN-SP? Aqui \u00e9 o Professor Raphael Reis chegando na \u00e1rea. Vou comentar os dois temas de reda\u00e7\u00e3o cobrados pela Funda\u00e7\u00e3o Carlos Chagas (FCC) no concurso do DETRAN-SP, que foi aplicado hoje (07\/07\/2019). Particularmente, fiquei muito feliz com os temas propostos :) I: Espa\u00e7o Urbano e [&hellip;]\" \/>\n<meta property=\"og:url\" content=\"https:\/\/www.estrategiaconcursos.com.br\/blog\/temas-da-redacao-do-concurso-do-detran-sp-comentados\/\" \/>\n<meta property=\"og:site_name\" content=\"Estrat\u00e9gia Concursos\" \/>\n<meta property=\"article:published_time\" content=\"2019-07-08T01:36:21+00:00\" \/>\n<meta property=\"article:modified_time\" content=\"2019-08-05T00:54:43+00:00\" \/>\n<meta property=\"og:image\" content=\"https:\/\/www.estrategiaconcursos.com.br\/blog\/wp-content\/uploads\/2019\/07\/image19.png\" \/>\n<meta name=\"author\" content=\"Raphael de Oliveira Reis\" \/>\n<meta name=\"twitter:card\" content=\"summary_large_image\" \/>\n<meta name=\"twitter:creator\" content=\"@EstratConcursos\" \/>\n<meta name=\"twitter:site\" content=\"@EstratConcursos\" \/>\n<meta name=\"twitter:label1\" content=\"Escrito por\" \/>\n\t<meta name=\"twitter:data1\" content=\"Raphael de Oliveira Reis\" \/>\n\t<meta name=\"twitter:label2\" content=\"Est. tempo de leitura\" \/>\n\t<meta name=\"twitter:data2\" content=\"4 minutos\" \/>\n<script type=\"application\/ld+json\" class=\"yoast-schema-graph\">{\"@context\":\"https:\/\/schema.org\",\"@graph\":[{\"@type\":\"NewsArticle\",\"@id\":\"https:\/\/www.estrategiaconcursos.com.br\/blog\/temas-da-redacao-do-concurso-do-detran-sp-comentados\/#article\",\"isPartOf\":{\"@id\":\"https:\/\/www.estrategiaconcursos.com.br\/blog\/temas-da-redacao-do-concurso-do-detran-sp-comentados\/\"},\"author\":{\"name\":\"Raphael de Oliveira Reis\",\"@id\":\"https:\/\/www.estrategiaconcursos.com.br\/blog\/#\/schema\/person\/b49a1a49e5ef8a9f8d3268e74404a911\"},\"headline\":\"Temas da reda\u00e7\u00e3o do concurso do DETRAN-SP comentados\",\"datePublished\":\"2019-07-08T01:36:21+00:00\",\"dateModified\":\"2019-08-05T00:54:43+00:00\",\"mainEntityOfPage\":{\"@id\":\"https:\/\/www.estrategiaconcursos.com.br\/blog\/temas-da-redacao-do-concurso-do-detran-sp-comentados\/\"},\"wordCount\":879,\"commentCount\":4,\"publisher\":{\"@id\":\"https:\/\/www.estrategiaconcursos.com.br\/blog\/#organization\"},\"image\":{\"@id\":\"https:\/\/www.estrategiaconcursos.com.br\/blog\/temas-da-redacao-do-concurso-do-detran-sp-comentados\/#primaryimage\"},\"thumbnailUrl\":\"https:\/\/www.estrategiaconcursos.com.br\/blog\/wp-content\/uploads\/2019\/07\/image19.png\",\"articleSection\":[\"Concursos P\u00fablicos\"],\"inLanguage\":\"pt-BR\",\"potentialAction\":[{\"@type\":\"CommentAction\",\"name\":\"Comment\",\"target\":[\"https:\/\/www.estrategiaconcursos.com.br\/blog\/temas-da-redacao-do-concurso-do-detran-sp-comentados\/#respond\"]}],\"copyrightYear\":\"2019\",\"copyrightHolder\":{\"@id\":\"https:\/\/www.estrategiaconcursos.com.br\/blog\/#organization\"}},{\"@type\":\"WebPage\",\"@id\":\"https:\/\/www.estrategiaconcursos.com.br\/blog\/temas-da-redacao-do-concurso-do-detran-sp-comentados\/\",\"url\":\"https:\/\/www.estrategiaconcursos.com.br\/blog\/temas-da-redacao-do-concurso-do-detran-sp-comentados\/\",\"name\":\"Temas da reda\u00e7\u00e3o do concurso do DETRAN-SP comentados\",\"isPartOf\":{\"@id\":\"https:\/\/www.estrategiaconcursos.com.br\/blog\/#website\"},\"primaryImageOfPage\":{\"@id\":\"https:\/\/www.estrategiaconcursos.com.br\/blog\/temas-da-redacao-do-concurso-do-detran-sp-comentados\/#primaryimage\"},\"image\":{\"@id\":\"https:\/\/www.estrategiaconcursos.com.br\/blog\/temas-da-redacao-do-concurso-do-detran-sp-comentados\/#primaryimage\"},\"thumbnailUrl\":\"https:\/\/www.estrategiaconcursos.com.br\/blog\/wp-content\/uploads\/2019\/07\/image19.png\",\"datePublished\":\"2019-07-08T01:36:21+00:00\",\"dateModified\":\"2019-08-05T00:54:43+00:00\",\"breadcrumb\":{\"@id\":\"https:\/\/www.estrategiaconcursos.com.br\/blog\/temas-da-redacao-do-concurso-do-detran-sp-comentados\/#breadcrumb\"},\"inLanguage\":\"pt-BR\",\"potentialAction\":[{\"@type\":\"ReadAction\",\"target\":[\"https:\/\/www.estrategiaconcursos.com.br\/blog\/temas-da-redacao-do-concurso-do-detran-sp-comentados\/\"]}]},{\"@type\":\"ImageObject\",\"inLanguage\":\"pt-BR\",\"@id\":\"https:\/\/www.estrategiaconcursos.com.br\/blog\/temas-da-redacao-do-concurso-do-detran-sp-comentados\/#primaryimage\",\"url\":\"https:\/\/dhg1h5j42swfq.cloudfront.net\/2019\/07\/07213414\/image19.png\",\"contentUrl\":\"https:\/\/dhg1h5j42swfq.cloudfront.net\/2019\/07\/07213414\/image19.png\",\"width\":855,\"height\":204},{\"@type\":\"BreadcrumbList\",\"@id\":\"https:\/\/www.estrategiaconcursos.com.br\/blog\/temas-da-redacao-do-concurso-do-detran-sp-comentados\/#breadcrumb\",\"itemListElement\":[{\"@type\":\"ListItem\",\"position\":1,\"name\":\"In\u00edcio\",\"item\":\"https:\/\/www.estrategiaconcursos.com.br\/blog\/\"},{\"@type\":\"ListItem\",\"position\":2,\"name\":\"Temas da reda\u00e7\u00e3o do concurso do DETRAN-SP comentados\"}]},{\"@type\":\"WebSite\",\"@id\":\"https:\/\/www.estrategiaconcursos.com.br\/blog\/#website\",\"url\":\"https:\/\/www.estrategiaconcursos.com.br\/blog\/\",\"name\":\"Estrat\u00e9gia Concursos\",\"description\":\"O blog da Estrat\u00e9gia Concursos traz not\u00edcias sobre concursos e artigos de professores oferecendo cursos para concursos (pdf + videaulas) no site.\",\"publisher\":{\"@id\":\"https:\/\/www.estrategiaconcursos.com.br\/blog\/#organization\"},\"potentialAction\":[{\"@type\":\"SearchAction\",\"target\":{\"@type\":\"EntryPoint\",\"urlTemplate\":\"https:\/\/www.estrategiaconcursos.com.br\/blog\/?s={search_term_string}\"},\"query-input\":{\"@type\":\"PropertyValueSpecification\",\"valueRequired\":true,\"valueName\":\"search_term_string\"}}],\"inLanguage\":\"pt-BR\"},{\"@type\":\"Organization\",\"@id\":\"https:\/\/www.estrategiaconcursos.com.br\/blog\/#organization\",\"name\":\"Estrat\u00e9gia Concursos\",\"url\":\"https:\/\/www.estrategiaconcursos.com.br\/blog\/\",\"logo\":{\"@type\":\"ImageObject\",\"inLanguage\":\"pt-BR\",\"@id\":\"https:\/\/www.estrategiaconcursos.com.br\/blog\/#\/schema\/logo\/image\/\",\"url\":\"https:\/\/dhg1h5j42swfq.cloudfront.net\/2025\/06\/03203428\/logo_concursos-1.jpg\",\"contentUrl\":\"https:\/\/dhg1h5j42swfq.cloudfront.net\/2025\/06\/03203428\/logo_concursos-1.jpg\",\"width\":230,\"height\":60,\"caption\":\"Estrat\u00e9gia Concursos\"},\"image\":{\"@id\":\"https:\/\/www.estrategiaconcursos.com.br\/blog\/#\/schema\/logo\/image\/\"},\"sameAs\":[\"https:\/\/x.com\/EstratConcursos\"]},{\"@type\":\"Person\",\"@id\":\"https:\/\/www.estrategiaconcursos.com.br\/blog\/#\/schema\/person\/b49a1a49e5ef8a9f8d3268e74404a911\",\"name\":\"Raphael de Oliveira Reis\",\"image\":{\"@type\":\"ImageObject\",\"inLanguage\":\"pt-BR\",\"@id\":\"https:\/\/secure.gravatar.com\/avatar\/b1c5789180fc7bfb5103ec006c301370c02393e37aa13c55f6d72f05fcc76b3b?s=96&d=mm&r=g\",\"url\":\"https:\/\/secure.gravatar.com\/avatar\/b1c5789180fc7bfb5103ec006c301370c02393e37aa13c55f6d72f05fcc76b3b?s=96&d=mm&r=g\",\"contentUrl\":\"https:\/\/secure.gravatar.com\/avatar\/b1c5789180fc7bfb5103ec006c301370c02393e37aa13c55f6d72f05fcc76b3b?s=96&d=mm&r=g\",\"caption\":\"Raphael de Oliveira Reis\"},\"url\":\"https:\/\/www.estrategiaconcursos.com.br\/blog\/author\/profraphaelreisgmail-com\/\"}]}<\/script>\n<!-- \/ Yoast SEO Premium plugin. -->","yoast_head_json":{"title":"Temas da reda\u00e7\u00e3o do concurso do DETRAN-SP comentados","robots":{"index":"index","follow":"follow","max-snippet":"max-snippet:-1","max-image-preview":"max-image-preview:large","max-video-preview":"max-video-preview:-1"},"canonical":"https:\/\/www.estrategiaconcursos.com.br\/blog\/temas-da-redacao-do-concurso-do-detran-sp-comentados\/","og_locale":"pt_BR","og_type":"article","og_title":"Temas da reda\u00e7\u00e3o do concurso do DETRAN-SP comentados","og_description":"Estrategianos, tudo na paz? Como foram na prova discursiva do DETRAN-SP? Aqui \u00e9 o Professor Raphael Reis chegando na \u00e1rea. Vou comentar os dois temas de reda\u00e7\u00e3o cobrados pela Funda\u00e7\u00e3o Carlos Chagas (FCC) no concurso do DETRAN-SP, que foi aplicado hoje (07\/07\/2019). Particularmente, fiquei muito feliz com os temas propostos :) I: Espa\u00e7o Urbano e [&hellip;]","og_url":"https:\/\/www.estrategiaconcursos.com.br\/blog\/temas-da-redacao-do-concurso-do-detran-sp-comentados\/","og_site_name":"Estrat\u00e9gia Concursos","article_published_time":"2019-07-08T01:36:21+00:00","article_modified_time":"2019-08-05T00:54:43+00:00","og_image":[{"url":"https:\/\/www.estrategiaconcursos.com.br\/blog\/wp-content\/uploads\/2019\/07\/image19.png","type":"","width":"","height":""}],"author":"Raphael de Oliveira Reis","twitter_card":"summary_large_image","twitter_creator":"@EstratConcursos","twitter_site":"@EstratConcursos","twitter_misc":{"Escrito por":"Raphael de Oliveira Reis","Est. tempo de leitura":"4 minutos"},"schema":{"@context":"https:\/\/schema.org","@graph":[{"@type":"NewsArticle","@id":"https:\/\/www.estrategiaconcursos.com.br\/blog\/temas-da-redacao-do-concurso-do-detran-sp-comentados\/#article","isPartOf":{"@id":"https:\/\/www.estrategiaconcursos.com.br\/blog\/temas-da-redacao-do-concurso-do-detran-sp-comentados\/"},"author":{"name":"Raphael de Oliveira Reis","@id":"https:\/\/www.estrategiaconcursos.com.br\/blog\/#\/schema\/person\/b49a1a49e5ef8a9f8d3268e74404a911"},"headline":"Temas da reda\u00e7\u00e3o do concurso do DETRAN-SP comentados","datePublished":"2019-07-08T01:36:21+00:00","dateModified":"2019-08-05T00:54:43+00:00","mainEntityOfPage":{"@id":"https:\/\/www.estrategiaconcursos.com.br\/blog\/temas-da-redacao-do-concurso-do-detran-sp-comentados\/"},"wordCount":879,"commentCount":4,"publisher":{"@id":"https:\/\/www.estrategiaconcursos.com.br\/blog\/#organization"},"image":{"@id":"https:\/\/www.estrategiaconcursos.com.br\/blog\/temas-da-redacao-do-concurso-do-detran-sp-comentados\/#primaryimage"},"thumbnailUrl":"https:\/\/www.estrategiaconcursos.com.br\/blog\/wp-content\/uploads\/2019\/07\/image19.png","articleSection":["Concursos P\u00fablicos"],"inLanguage":"pt-BR","potentialAction":[{"@type":"CommentAction","name":"Comment","target":["https:\/\/www.estrategiaconcursos.com.br\/blog\/temas-da-redacao-do-concurso-do-detran-sp-comentados\/#respond"]}],"copyrightYear":"2019","copyrightHolder":{"@id":"https:\/\/www.estrategiaconcursos.com.br\/blog\/#organization"}},{"@type":"WebPage","@id":"https:\/\/www.estrategiaconcursos.com.br\/blog\/temas-da-redacao-do-concurso-do-detran-sp-comentados\/","url":"https:\/\/www.estrategiaconcursos.com.br\/blog\/temas-da-redacao-do-concurso-do-detran-sp-comentados\/","name":"Temas da reda\u00e7\u00e3o do concurso do DETRAN-SP comentados","isPartOf":{"@id":"https:\/\/www.estrategiaconcursos.com.br\/blog\/#website"},"primaryImageOfPage":{"@id":"https:\/\/www.estrategiaconcursos.com.br\/blog\/temas-da-redacao-do-concurso-do-detran-sp-comentados\/#primaryimage"},"image":{"@id":"https:\/\/www.estrategiaconcursos.com.br\/blog\/temas-da-redacao-do-concurso-do-detran-sp-comentados\/#primaryimage"},"thumbnailUrl":"https:\/\/www.estrategiaconcursos.com.br\/blog\/wp-content\/uploads\/2019\/07\/image19.png","datePublished":"2019-07-08T01:36:21+00:00","dateModified":"2019-08-05T00:54:43+00:00","breadcrumb":{"@id":"https:\/\/www.estrategiaconcursos.com.br\/blog\/temas-da-redacao-do-concurso-do-detran-sp-comentados\/#breadcrumb"},"inLanguage":"pt-BR","potentialAction":[{"@type":"ReadAction","target":["https:\/\/www.estrategiaconcursos.com.br\/blog\/temas-da-redacao-do-concurso-do-detran-sp-comentados\/"]}]},{"@type":"ImageObject","inLanguage":"pt-BR","@id":"https:\/\/www.estrategiaconcursos.com.br\/blog\/temas-da-redacao-do-concurso-do-detran-sp-comentados\/#primaryimage","url":"https:\/\/dhg1h5j42swfq.cloudfront.net\/2019\/07\/07213414\/image19.png","contentUrl":"https:\/\/dhg1h5j42swfq.cloudfront.net\/2019\/07\/07213414\/image19.png","width":855,"height":204},{"@type":"BreadcrumbList","@id":"https:\/\/www.estrategiaconcursos.com.br\/blog\/temas-da-redacao-do-concurso-do-detran-sp-comentados\/#breadcrumb","itemListElement":[{"@type":"ListItem","position":1,"name":"In\u00edcio","item":"https:\/\/www.estrategiaconcursos.com.br\/blog\/"},{"@type":"ListItem","position":2,"name":"Temas da reda\u00e7\u00e3o do concurso do DETRAN-SP comentados"}]},{"@type":"WebSite","@id":"https:\/\/www.estrategiaconcursos.com.br\/blog\/#website","url":"https:\/\/www.estrategiaconcursos.com.br\/blog\/","name":"Estrat\u00e9gia Concursos","description":"O blog da Estrat\u00e9gia Concursos traz not\u00edcias sobre concursos e artigos de professores oferecendo cursos para concursos (pdf + videaulas) no site.","publisher":{"@id":"https:\/\/www.estrategiaconcursos.com.br\/blog\/#organization"},"potentialAction":[{"@type":"SearchAction","target":{"@type":"EntryPoint","urlTemplate":"https:\/\/www.estrategiaconcursos.com.br\/blog\/?s={search_term_string}"},"query-input":{"@type":"PropertyValueSpecification","valueRequired":true,"valueName":"search_term_string"}}],"inLanguage":"pt-BR"},{"@type":"Organization","@id":"https:\/\/www.estrategiaconcursos.com.br\/blog\/#organization","name":"Estrat\u00e9gia Concursos","url":"https:\/\/www.estrategiaconcursos.com.br\/blog\/","logo":{"@type":"ImageObject","inLanguage":"pt-BR","@id":"https:\/\/www.estrategiaconcursos.com.br\/blog\/#\/schema\/logo\/image\/","url":"https:\/\/dhg1h5j42swfq.cloudfront.net\/2025\/06\/03203428\/logo_concursos-1.jpg","contentUrl":"https:\/\/dhg1h5j42swfq.cloudfront.net\/2025\/06\/03203428\/logo_concursos-1.jpg","width":230,"height":60,"caption":"Estrat\u00e9gia Concursos"},"image":{"@id":"https:\/\/www.estrategiaconcursos.com.br\/blog\/#\/schema\/logo\/image\/"},"sameAs":["https:\/\/x.com\/EstratConcursos"]},{"@type":"Person","@id":"https:\/\/www.estrategiaconcursos.com.br\/blog\/#\/schema\/person\/b49a1a49e5ef8a9f8d3268e74404a911","name":"Raphael de Oliveira Reis","image":{"@type":"ImageObject","inLanguage":"pt-BR","@id":"https:\/\/secure.gravatar.com\/avatar\/b1c5789180fc7bfb5103ec006c301370c02393e37aa13c55f6d72f05fcc76b3b?s=96&d=mm&r=g","url":"https:\/\/secure.gravatar.com\/avatar\/b1c5789180fc7bfb5103ec006c301370c02393e37aa13c55f6d72f05fcc76b3b?s=96&d=mm&r=g","contentUrl":"https:\/\/secure.gravatar.com\/avatar\/b1c5789180fc7bfb5103ec006c301370c02393e37aa13c55f6d72f05fcc76b3b?s=96&d=mm&r=g","caption":"Raphael de Oliveira Reis"},"url":"https:\/\/www.estrategiaconcursos.com.br\/blog\/author\/profraphaelreisgmail-com\/"}]}},"_links":{"self":[{"href":"https:\/\/www.estrategiaconcursos.com.br\/blog\/wp-json\/wp\/v2\/posts\/396084","targetHints":{"allow":["GET"]}}],"collection":[{"href":"https:\/\/www.estrategiaconcursos.com.br\/blog\/wp-json\/wp\/v2\/posts"}],"about":[{"href":"https:\/\/www.estrategiaconcursos.com.br\/blog\/wp-json\/wp\/v2\/types\/post"}],"author":[{"embeddable":true,"href":"https:\/\/www.estrategiaconcursos.com.br\/blog\/wp-json\/wp\/v2\/users\/384"}],"replies":[{"embeddable":true,"href":"https:\/\/www.estrategiaconcursos.com.br\/blog\/wp-json\/wp\/v2\/comments?post=396084"}],"version-history":[{"count":3,"href":"https:\/\/www.estrategiaconcursos.com.br\/blog\/wp-json\/wp\/v2\/posts\/396084\/revisions"}],"predecessor-version":[{"id":405814,"href":"https:\/\/www.estrategiaconcursos.com.br\/blog\/wp-json\/wp\/v2\/posts\/396084\/revisions\/405814"}],"wp:attachment":[{"href":"https:\/\/www.estrategiaconcursos.com.br\/blog\/wp-json\/wp\/v2\/media?parent=396084"}],"wp:term":[{"taxonomy":"category","embeddable":true,"href":"https:\/\/www.estrategiaconcursos.com.br\/blog\/wp-json\/wp\/v2\/categories?post=396084"},{"taxonomy":"post_tag","embeddable":true,"href":"https:\/\/www.estrategiaconcursos.com.br\/blog\/wp-json\/wp\/v2\/tags?post=396084"},{"taxonomy":"tax_estado","embeddable":true,"href":"https:\/\/www.estrategiaconcursos.com.br\/blog\/wp-json\/wp\/v2\/tax_estado?post=396084"}],"curies":[{"name":"wp","href":"https:\/\/api.w.org\/{rel}","templated":true}]}}