{"id":395012,"date":"2019-07-04T11:34:22","date_gmt":"2019-07-04T14:34:22","guid":{"rendered":"https:\/\/www.estrategiaconcursos.com.br\/blog\/?p=395012"},"modified":"2019-07-04T11:34:23","modified_gmt":"2019-07-04T14:34:23","slug":"concurso-pcdf-novas-movimentacoes","status":"publish","type":"post","link":"https:\/\/www.estrategiaconcursos.com.br\/blog\/concurso-pcdf-novas-movimentacoes\/","title":{"rendered":"Concurso PCDF: certame tem novas movimenta\u00e7\u00f5es e edital se aproxima!"},"content":{"rendered":"\n<p>Foi publicado nesta semana no Di\u00e1rio Oficial do Distrito Federal um documento que comprova as novas movimenta\u00e7\u00f5es nos tr\u00e2mites do processo do concurso p\u00fablico da Pol\u00edcia Civil do Distrito Federal. <\/p>\n\n\n\n<p>Ao todo foram 20 movimenta\u00e7\u00f5es restritas que n\u00e3o deixam claro o que de fato aconteceu em qual situa\u00e7\u00e3o o certame se encontra.Vale lembrar que a equipe de jornalismo do Estrat\u00e9gia Concursos entrou em contato recentemente com o \u00f3rg\u00e3o para averiguar a situa\u00e7\u00e3o do concurso p\u00fablico. <\/p>\n\n\n\n<p>O mesmo informou que atualmente a Pol\u00edcia Civil do Estado est\u00e1 recebendo as propostas das bancas examinadoras do certame e que me breve o edital deve ser publicado.<\/p>\n\n\n\n<p>Ao todo devem ser ofertados <strong><em>1.800 vagas<\/em><\/strong>, sendo 1.300 para Agente de Pol\u00edcia e 500 para Escriv\u00e3o.<\/p>\n\n\n\n<p><em>Confira o documento abaixo com as movimenta\u00e7\u00f5es realizadas essa semana:<\/em><\/p>\n\n\n\n<div class=\"wp-block-image\"><figure class=\"aligncenter is-resized\"><img loading=\"lazy\" decoding=\"async\" src=\"https:\/\/dhg1h5j42swfq.cloudfront.net\/2019\/07\/04105041\/PC-DF.png\" alt=\"\" class=\"wp-image-395015\" width=\"590\" height=\"285\" srcset=\"https:\/\/dhg1h5j42swfq.cloudfront.net\/2019\/07\/04105041\/PC-DF.png 1275w, https:\/\/dhg1h5j42swfq.cloudfront.net\/2019\/07\/04105041\/PC-DF.png 300w, https:\/\/dhg1h5j42swfq.cloudfront.net\/2019\/07\/04105041\/PC-DF.png 768w, https:\/\/dhg1h5j42swfq.cloudfront.net\/2019\/07\/04105041\/PC-DF.png 1024w, https:\/\/dhg1h5j42swfq.cloudfront.net\/2019\/07\/04105041\/PC-DF.png 610w\" sizes=\"auto, (max-width: 590px) 100vw, 590px\" \/><\/figure><\/div>\n\n\n\n<p><strong>Quer saber mais sobre o concurso da PC DF? Acesse o link abaixo e tenha todas as informa\u00e7\u00f5es na \u00edntegra!! <\/strong><\/p>\n\n\n\n<h2 class=\"wp-block-heading\" style=\"text-align:center\">Saiba mais:<a rel=\"noreferrer noopener\" aria-label=\" Concurso PC DF (abre numa nova aba)\" href=\"https:\/\/www.estrategiaconcursos.com.br\/blog\/concurso-pcdf\/\" target=\"_blank\"> Concurso PC DF<\/a><\/h2>\n\n\n\n<p style=\"text-align:center\"><strong><em>Quer estudar para Concurso PCDF?<\/em><\/strong><\/p>\n\n\n\n<p style=\"text-align:center\"><em><strong>Gostou desta oportunidade e deseja come\u00e7ar se preparar agora mesmo? Ent\u00e3o, confira os nossos cursos e comece a estudar para PCDF:<\/strong><\/em><\/p>\n\n\n\n<p style=\"font-size:25px;text-align:center\" class=\"has-background has-luminous-vivid-amber-background-color\"><a rel=\"noreferrer noopener\" href=\"https:\/\/www.estrategiaconcursos.com.br\/cursosPorConcurso\/policia-civil-do-distrito-federal-pc-df\/\" target=\"_blank\"><strong><em>CURSO PCDF<\/em><\/strong><\/a><\/p>\n\n\n\n<p style=\"text-align:center\"><em><strong>Assinatura Anual Ilimitada*<\/strong><\/em><\/p>\n\n\n\n<p style=\"text-align:center\"><em>Prepare-se com o melhor material e com quem mais aprova em Concursos P\u00fablicos em todo o pa\u00eds. Assine agora a nossa Assinatura Anual e tenha acesso ilimitado* a todos os nossos cursos.<\/em><\/p>\n\n\n\n<p style=\"text-align:center\" class=\"has-background has-light-green-cyan-background-color\"><strong>ASSINE AGORA<\/strong>&nbsp;\u2013&nbsp;<a rel=\"noreferrer noopener\" href=\"https:\/\/www.estrategiaconcursos.com.br\/assinaturas\/\" target=\"_blank\">Assinatura Ilimitada<\/a><\/p>\n","protected":false},"excerpt":{"rendered":"<p>Foi publicado nesta semana no Di\u00e1rio Oficial do Distrito Federal um documento que comprova as novas movimenta\u00e7\u00f5es nos tr\u00e2mites do processo do concurso p\u00fablico da Pol\u00edcia Civil do Distrito Federal. Ao todo foram 20 movimenta\u00e7\u00f5es restritas que n\u00e3o deixam claro o que de fato aconteceu em qual situa\u00e7\u00e3o o certame se encontra.Vale lembrar que a [&hellip;]<\/p>\n","protected":false},"author":656,"featured_media":0,"comment_status":"open","ping_status":"closed","sticky":false,"template":"","format":"standard","meta":{"post_tipo":"article","footnotes":""},"categories":[1],"tags":[],"tax_estado":[],"class_list":["post-395012","post","type-post","status-publish","format-standard","hentry","category-cursos-e-concursos"],"acf":[],"yoast_head":"<!-- This site is optimized with the Yoast SEO Premium plugin v27.2 (Yoast SEO v27.2) - https:\/\/yoast.com\/product\/yoast-seo-premium-wordpress\/ -->\n<title>Concurso PCDF: certame tem novas movimenta\u00e7\u00f5es e edital se aproxima!<\/title>\n<meta name=\"robots\" content=\"index, follow, max-snippet:-1, max-image-preview:large, max-video-preview:-1\" \/>\n<link rel=\"canonical\" href=\"https:\/\/www.estrategiaconcursos.com.br\/blog\/concurso-pcdf-novas-movimentacoes\/\" \/>\n<meta property=\"og:locale\" content=\"pt_BR\" \/>\n<meta property=\"og:type\" content=\"article\" \/>\n<meta property=\"og:title\" content=\"Concurso PCDF: certame tem novas movimenta\u00e7\u00f5es e edital se aproxima!\" \/>\n<meta property=\"og:description\" content=\"Foi publicado nesta semana no Di\u00e1rio Oficial do Distrito Federal um documento que comprova as novas movimenta\u00e7\u00f5es nos tr\u00e2mites do processo do concurso p\u00fablico da Pol\u00edcia Civil do Distrito Federal. Ao todo foram 20 movimenta\u00e7\u00f5es restritas que n\u00e3o deixam claro o que de fato aconteceu em qual situa\u00e7\u00e3o o certame se encontra.Vale lembrar que a [&hellip;]\" \/>\n<meta property=\"og:url\" content=\"https:\/\/www.estrategiaconcursos.com.br\/blog\/concurso-pcdf-novas-movimentacoes\/\" \/>\n<meta property=\"og:site_name\" content=\"Estrat\u00e9gia Concursos\" \/>\n<meta property=\"article:published_time\" content=\"2019-07-04T14:34:22+00:00\" \/>\n<meta property=\"article:modified_time\" content=\"2019-07-04T14:34:23+00:00\" \/>\n<meta property=\"og:image\" content=\"https:\/\/www.estrategiaconcursos.com.br\/blog\/wp-content\/uploads\/2019\/07\/PC-DF-1024x496.png\" \/>\n<meta name=\"author\" content=\"F\u00e1bio Scaldelai\" \/>\n<meta name=\"twitter:card\" content=\"summary_large_image\" \/>\n<meta name=\"twitter:creator\" content=\"@EstratConcursos\" \/>\n<meta name=\"twitter:site\" content=\"@EstratConcursos\" \/>\n<meta name=\"twitter:label1\" content=\"Escrito por\" \/>\n\t<meta name=\"twitter:data1\" content=\"F\u00e1bio Scaldelai\" \/>\n\t<meta name=\"twitter:label2\" content=\"Est. tempo de leitura\" \/>\n\t<meta name=\"twitter:data2\" content=\"1 minuto\" \/>\n<script type=\"application\/ld+json\" class=\"yoast-schema-graph\">{\"@context\":\"https:\/\/schema.org\",\"@graph\":[{\"@type\":\"NewsArticle\",\"@id\":\"https:\/\/www.estrategiaconcursos.com.br\/blog\/concurso-pcdf-novas-movimentacoes\/#article\",\"isPartOf\":{\"@id\":\"https:\/\/www.estrategiaconcursos.com.br\/blog\/concurso-pcdf-novas-movimentacoes\/\"},\"author\":{\"name\":\"F\u00e1bio Scaldelai\",\"@id\":\"https:\/\/www.estrategiaconcursos.com.br\/blog\/#\/schema\/person\/e3b6b7ce0192dd4ad270655969d61750\"},\"headline\":\"Concurso PCDF: certame tem novas movimenta\u00e7\u00f5es e edital se aproxima!\",\"datePublished\":\"2019-07-04T14:34:22+00:00\",\"dateModified\":\"2019-07-04T14:34:23+00:00\",\"mainEntityOfPage\":{\"@id\":\"https:\/\/www.estrategiaconcursos.com.br\/blog\/concurso-pcdf-novas-movimentacoes\/\"},\"wordCount\":253,\"commentCount\":0,\"publisher\":{\"@id\":\"https:\/\/www.estrategiaconcursos.com.br\/blog\/#organization\"},\"image\":{\"@id\":\"https:\/\/www.estrategiaconcursos.com.br\/blog\/concurso-pcdf-novas-movimentacoes\/#primaryimage\"},\"thumbnailUrl\":\"https:\/\/www.estrategiaconcursos.com.br\/blog\/wp-content\/uploads\/2019\/07\/PC-DF-1024x496.png\",\"articleSection\":[\"Concursos P\u00fablicos\"],\"inLanguage\":\"pt-BR\",\"potentialAction\":[{\"@type\":\"CommentAction\",\"name\":\"Comment\",\"target\":[\"https:\/\/www.estrategiaconcursos.com.br\/blog\/concurso-pcdf-novas-movimentacoes\/#respond\"]}],\"copyrightYear\":\"2019\",\"copyrightHolder\":{\"@id\":\"https:\/\/www.estrategiaconcursos.com.br\/blog\/#organization\"}},{\"@type\":\"WebPage\",\"@id\":\"https:\/\/www.estrategiaconcursos.com.br\/blog\/concurso-pcdf-novas-movimentacoes\/\",\"url\":\"https:\/\/www.estrategiaconcursos.com.br\/blog\/concurso-pcdf-novas-movimentacoes\/\",\"name\":\"Concurso PCDF: certame tem novas movimenta\u00e7\u00f5es e edital se aproxima!\",\"isPartOf\":{\"@id\":\"https:\/\/www.estrategiaconcursos.com.br\/blog\/#website\"},\"primaryImageOfPage\":{\"@id\":\"https:\/\/www.estrategiaconcursos.com.br\/blog\/concurso-pcdf-novas-movimentacoes\/#primaryimage\"},\"image\":{\"@id\":\"https:\/\/www.estrategiaconcursos.com.br\/blog\/concurso-pcdf-novas-movimentacoes\/#primaryimage\"},\"thumbnailUrl\":\"https:\/\/www.estrategiaconcursos.com.br\/blog\/wp-content\/uploads\/2019\/07\/PC-DF-1024x496.png\",\"datePublished\":\"2019-07-04T14:34:22+00:00\",\"dateModified\":\"2019-07-04T14:34:23+00:00\",\"breadcrumb\":{\"@id\":\"https:\/\/www.estrategiaconcursos.com.br\/blog\/concurso-pcdf-novas-movimentacoes\/#breadcrumb\"},\"inLanguage\":\"pt-BR\",\"potentialAction\":[{\"@type\":\"ReadAction\",\"target\":[\"https:\/\/www.estrategiaconcursos.com.br\/blog\/concurso-pcdf-novas-movimentacoes\/\"]}]},{\"@type\":\"ImageObject\",\"inLanguage\":\"pt-BR\",\"@id\":\"https:\/\/www.estrategiaconcursos.com.br\/blog\/concurso-pcdf-novas-movimentacoes\/#primaryimage\",\"url\":\"https:\/\/dhg1h5j42swfq.cloudfront.net\/2019\/07\/04105041\/PC-DF.png\",\"contentUrl\":\"https:\/\/dhg1h5j42swfq.cloudfront.net\/2019\/07\/04105041\/PC-DF.png\",\"width\":1275,\"height\":617},{\"@type\":\"BreadcrumbList\",\"@id\":\"https:\/\/www.estrategiaconcursos.com.br\/blog\/concurso-pcdf-novas-movimentacoes\/#breadcrumb\",\"itemListElement\":[{\"@type\":\"ListItem\",\"position\":1,\"name\":\"In\u00edcio\",\"item\":\"https:\/\/www.estrategiaconcursos.com.br\/blog\/\"},{\"@type\":\"ListItem\",\"position\":2,\"name\":\"Concurso PCDF: certame tem novas movimenta\u00e7\u00f5es e edital se aproxima!\"}]},{\"@type\":\"WebSite\",\"@id\":\"https:\/\/www.estrategiaconcursos.com.br\/blog\/#website\",\"url\":\"https:\/\/www.estrategiaconcursos.com.br\/blog\/\",\"name\":\"Estrat\u00e9gia Concursos\",\"description\":\"O blog da Estrat\u00e9gia Concursos traz not\u00edcias sobre concursos e artigos de professores oferecendo cursos para concursos (pdf + videaulas) no site.\",\"publisher\":{\"@id\":\"https:\/\/www.estrategiaconcursos.com.br\/blog\/#organization\"},\"potentialAction\":[{\"@type\":\"SearchAction\",\"target\":{\"@type\":\"EntryPoint\",\"urlTemplate\":\"https:\/\/www.estrategiaconcursos.com.br\/blog\/?s={search_term_string}\"},\"query-input\":{\"@type\":\"PropertyValueSpecification\",\"valueRequired\":true,\"valueName\":\"search_term_string\"}}],\"inLanguage\":\"pt-BR\"},{\"@type\":\"Organization\",\"@id\":\"https:\/\/www.estrategiaconcursos.com.br\/blog\/#organization\",\"name\":\"Estrat\u00e9gia Concursos\",\"url\":\"https:\/\/www.estrategiaconcursos.com.br\/blog\/\",\"logo\":{\"@type\":\"ImageObject\",\"inLanguage\":\"pt-BR\",\"@id\":\"https:\/\/www.estrategiaconcursos.com.br\/blog\/#\/schema\/logo\/image\/\",\"url\":\"https:\/\/dhg1h5j42swfq.cloudfront.net\/2025\/06\/03203428\/logo_concursos-1.jpg\",\"contentUrl\":\"https:\/\/dhg1h5j42swfq.cloudfront.net\/2025\/06\/03203428\/logo_concursos-1.jpg\",\"width\":230,\"height\":60,\"caption\":\"Estrat\u00e9gia Concursos\"},\"image\":{\"@id\":\"https:\/\/www.estrategiaconcursos.com.br\/blog\/#\/schema\/logo\/image\/\"},\"sameAs\":[\"https:\/\/x.com\/EstratConcursos\"]},{\"@type\":\"Person\",\"@id\":\"https:\/\/www.estrategiaconcursos.com.br\/blog\/#\/schema\/person\/e3b6b7ce0192dd4ad270655969d61750\",\"name\":\"F\u00e1bio Scaldelai\",\"image\":{\"@type\":\"ImageObject\",\"inLanguage\":\"pt-BR\",\"@id\":\"https:\/\/secure.gravatar.com\/avatar\/8ed7492c4d88d8495bc0cb24cda6847b8ae23eec459a919e08e77d0ca0fd79ec?s=96&d=mm&r=g\",\"url\":\"https:\/\/secure.gravatar.com\/avatar\/8ed7492c4d88d8495bc0cb24cda6847b8ae23eec459a919e08e77d0ca0fd79ec?s=96&d=mm&r=g\",\"contentUrl\":\"https:\/\/secure.gravatar.com\/avatar\/8ed7492c4d88d8495bc0cb24cda6847b8ae23eec459a919e08e77d0ca0fd79ec?s=96&d=mm&r=g\",\"caption\":\"F\u00e1bio Scaldelai\"},\"description\":\"Jornalista no Estrat\u00e9gia Concursos e Produtor de Televis\u00e3o, formado em Jornalismo, R\u00e1dio e TV pela Faculdade Integrada Rio Branco, com especializa\u00e7\u00f5es em Gest\u00e3o Empresarial e Marketing pelo M\u00f3dulo. Atuou como produtor no SBT, TV Bandeirantes e R\u00e1dio Band FM, al\u00e9m de acumular tr\u00eas anos de experi\u00eancia no setor de concursos p\u00fablicos pela LFG (Luiz Fl\u00e1vio Gomes). No Estrat\u00e9gia Concursos, atua na apura\u00e7\u00e3o de not\u00edcias da \u00e1rea fiscal, al\u00e9m de coberturas sobre concursos das \u00e1reas de controle (TCU, TCE, etc), concurso AFT, \u00e1rea de gest\u00e3o e administrativa, bem como dos \u00f3rg\u00e3os participantes do CNU. Tamb\u00e9m possui experi\u00eancia em link building e an\u00e1lise de m\u00eddia, adquirida durante sua atua\u00e7\u00e3o na ag\u00eancia SEO Marketing.\",\"url\":\"https:\/\/www.estrategiaconcursos.com.br\/blog\/author\/fabio-scaldelaiestrategiaconcursos-com-br\/\"}]}<\/script>\n<!-- \/ Yoast SEO Premium plugin. -->","yoast_head_json":{"title":"Concurso PCDF: certame tem novas movimenta\u00e7\u00f5es e edital se aproxima!","robots":{"index":"index","follow":"follow","max-snippet":"max-snippet:-1","max-image-preview":"max-image-preview:large","max-video-preview":"max-video-preview:-1"},"canonical":"https:\/\/www.estrategiaconcursos.com.br\/blog\/concurso-pcdf-novas-movimentacoes\/","og_locale":"pt_BR","og_type":"article","og_title":"Concurso PCDF: certame tem novas movimenta\u00e7\u00f5es e edital se aproxima!","og_description":"Foi publicado nesta semana no Di\u00e1rio Oficial do Distrito Federal um documento que comprova as novas movimenta\u00e7\u00f5es nos tr\u00e2mites do processo do concurso p\u00fablico da Pol\u00edcia Civil do Distrito Federal. Ao todo foram 20 movimenta\u00e7\u00f5es restritas que n\u00e3o deixam claro o que de fato aconteceu em qual situa\u00e7\u00e3o o certame se encontra.Vale lembrar que a [&hellip;]","og_url":"https:\/\/www.estrategiaconcursos.com.br\/blog\/concurso-pcdf-novas-movimentacoes\/","og_site_name":"Estrat\u00e9gia Concursos","article_published_time":"2019-07-04T14:34:22+00:00","article_modified_time":"2019-07-04T14:34:23+00:00","og_image":[{"url":"https:\/\/www.estrategiaconcursos.com.br\/blog\/wp-content\/uploads\/2019\/07\/PC-DF-1024x496.png","type":"","width":"","height":""}],"author":"F\u00e1bio Scaldelai","twitter_card":"summary_large_image","twitter_creator":"@EstratConcursos","twitter_site":"@EstratConcursos","twitter_misc":{"Escrito por":"F\u00e1bio Scaldelai","Est. tempo de leitura":"1 minuto"},"schema":{"@context":"https:\/\/schema.org","@graph":[{"@type":"NewsArticle","@id":"https:\/\/www.estrategiaconcursos.com.br\/blog\/concurso-pcdf-novas-movimentacoes\/#article","isPartOf":{"@id":"https:\/\/www.estrategiaconcursos.com.br\/blog\/concurso-pcdf-novas-movimentacoes\/"},"author":{"name":"F\u00e1bio Scaldelai","@id":"https:\/\/www.estrategiaconcursos.com.br\/blog\/#\/schema\/person\/e3b6b7ce0192dd4ad270655969d61750"},"headline":"Concurso PCDF: certame tem novas movimenta\u00e7\u00f5es e edital se aproxima!","datePublished":"2019-07-04T14:34:22+00:00","dateModified":"2019-07-04T14:34:23+00:00","mainEntityOfPage":{"@id":"https:\/\/www.estrategiaconcursos.com.br\/blog\/concurso-pcdf-novas-movimentacoes\/"},"wordCount":253,"commentCount":0,"publisher":{"@id":"https:\/\/www.estrategiaconcursos.com.br\/blog\/#organization"},"image":{"@id":"https:\/\/www.estrategiaconcursos.com.br\/blog\/concurso-pcdf-novas-movimentacoes\/#primaryimage"},"thumbnailUrl":"https:\/\/www.estrategiaconcursos.com.br\/blog\/wp-content\/uploads\/2019\/07\/PC-DF-1024x496.png","articleSection":["Concursos P\u00fablicos"],"inLanguage":"pt-BR","potentialAction":[{"@type":"CommentAction","name":"Comment","target":["https:\/\/www.estrategiaconcursos.com.br\/blog\/concurso-pcdf-novas-movimentacoes\/#respond"]}],"copyrightYear":"2019","copyrightHolder":{"@id":"https:\/\/www.estrategiaconcursos.com.br\/blog\/#organization"}},{"@type":"WebPage","@id":"https:\/\/www.estrategiaconcursos.com.br\/blog\/concurso-pcdf-novas-movimentacoes\/","url":"https:\/\/www.estrategiaconcursos.com.br\/blog\/concurso-pcdf-novas-movimentacoes\/","name":"Concurso PCDF: certame tem novas movimenta\u00e7\u00f5es e edital se aproxima!","isPartOf":{"@id":"https:\/\/www.estrategiaconcursos.com.br\/blog\/#website"},"primaryImageOfPage":{"@id":"https:\/\/www.estrategiaconcursos.com.br\/blog\/concurso-pcdf-novas-movimentacoes\/#primaryimage"},"image":{"@id":"https:\/\/www.estrategiaconcursos.com.br\/blog\/concurso-pcdf-novas-movimentacoes\/#primaryimage"},"thumbnailUrl":"https:\/\/www.estrategiaconcursos.com.br\/blog\/wp-content\/uploads\/2019\/07\/PC-DF-1024x496.png","datePublished":"2019-07-04T14:34:22+00:00","dateModified":"2019-07-04T14:34:23+00:00","breadcrumb":{"@id":"https:\/\/www.estrategiaconcursos.com.br\/blog\/concurso-pcdf-novas-movimentacoes\/#breadcrumb"},"inLanguage":"pt-BR","potentialAction":[{"@type":"ReadAction","target":["https:\/\/www.estrategiaconcursos.com.br\/blog\/concurso-pcdf-novas-movimentacoes\/"]}]},{"@type":"ImageObject","inLanguage":"pt-BR","@id":"https:\/\/www.estrategiaconcursos.com.br\/blog\/concurso-pcdf-novas-movimentacoes\/#primaryimage","url":"https:\/\/dhg1h5j42swfq.cloudfront.net\/2019\/07\/04105041\/PC-DF.png","contentUrl":"https:\/\/dhg1h5j42swfq.cloudfront.net\/2019\/07\/04105041\/PC-DF.png","width":1275,"height":617},{"@type":"BreadcrumbList","@id":"https:\/\/www.estrategiaconcursos.com.br\/blog\/concurso-pcdf-novas-movimentacoes\/#breadcrumb","itemListElement":[{"@type":"ListItem","position":1,"name":"In\u00edcio","item":"https:\/\/www.estrategiaconcursos.com.br\/blog\/"},{"@type":"ListItem","position":2,"name":"Concurso PCDF: certame tem novas movimenta\u00e7\u00f5es e edital se aproxima!"}]},{"@type":"WebSite","@id":"https:\/\/www.estrategiaconcursos.com.br\/blog\/#website","url":"https:\/\/www.estrategiaconcursos.com.br\/blog\/","name":"Estrat\u00e9gia Concursos","description":"O blog da Estrat\u00e9gia Concursos traz not\u00edcias sobre concursos e artigos de professores oferecendo cursos para concursos (pdf + videaulas) no site.","publisher":{"@id":"https:\/\/www.estrategiaconcursos.com.br\/blog\/#organization"},"potentialAction":[{"@type":"SearchAction","target":{"@type":"EntryPoint","urlTemplate":"https:\/\/www.estrategiaconcursos.com.br\/blog\/?s={search_term_string}"},"query-input":{"@type":"PropertyValueSpecification","valueRequired":true,"valueName":"search_term_string"}}],"inLanguage":"pt-BR"},{"@type":"Organization","@id":"https:\/\/www.estrategiaconcursos.com.br\/blog\/#organization","name":"Estrat\u00e9gia Concursos","url":"https:\/\/www.estrategiaconcursos.com.br\/blog\/","logo":{"@type":"ImageObject","inLanguage":"pt-BR","@id":"https:\/\/www.estrategiaconcursos.com.br\/blog\/#\/schema\/logo\/image\/","url":"https:\/\/dhg1h5j42swfq.cloudfront.net\/2025\/06\/03203428\/logo_concursos-1.jpg","contentUrl":"https:\/\/dhg1h5j42swfq.cloudfront.net\/2025\/06\/03203428\/logo_concursos-1.jpg","width":230,"height":60,"caption":"Estrat\u00e9gia Concursos"},"image":{"@id":"https:\/\/www.estrategiaconcursos.com.br\/blog\/#\/schema\/logo\/image\/"},"sameAs":["https:\/\/x.com\/EstratConcursos"]},{"@type":"Person","@id":"https:\/\/www.estrategiaconcursos.com.br\/blog\/#\/schema\/person\/e3b6b7ce0192dd4ad270655969d61750","name":"F\u00e1bio Scaldelai","image":{"@type":"ImageObject","inLanguage":"pt-BR","@id":"https:\/\/secure.gravatar.com\/avatar\/8ed7492c4d88d8495bc0cb24cda6847b8ae23eec459a919e08e77d0ca0fd79ec?s=96&d=mm&r=g","url":"https:\/\/secure.gravatar.com\/avatar\/8ed7492c4d88d8495bc0cb24cda6847b8ae23eec459a919e08e77d0ca0fd79ec?s=96&d=mm&r=g","contentUrl":"https:\/\/secure.gravatar.com\/avatar\/8ed7492c4d88d8495bc0cb24cda6847b8ae23eec459a919e08e77d0ca0fd79ec?s=96&d=mm&r=g","caption":"F\u00e1bio Scaldelai"},"description":"Jornalista no Estrat\u00e9gia Concursos e Produtor de Televis\u00e3o, formado em Jornalismo, R\u00e1dio e TV pela Faculdade Integrada Rio Branco, com especializa\u00e7\u00f5es em Gest\u00e3o Empresarial e Marketing pelo M\u00f3dulo. Atuou como produtor no SBT, TV Bandeirantes e R\u00e1dio Band FM, al\u00e9m de acumular tr\u00eas anos de experi\u00eancia no setor de concursos p\u00fablicos pela LFG (Luiz Fl\u00e1vio Gomes). No Estrat\u00e9gia Concursos, atua na apura\u00e7\u00e3o de not\u00edcias da \u00e1rea fiscal, al\u00e9m de coberturas sobre concursos das \u00e1reas de controle (TCU, TCE, etc), concurso AFT, \u00e1rea de gest\u00e3o e administrativa, bem como dos \u00f3rg\u00e3os participantes do CNU. Tamb\u00e9m possui experi\u00eancia em link building e an\u00e1lise de m\u00eddia, adquirida durante sua atua\u00e7\u00e3o na ag\u00eancia SEO Marketing.","url":"https:\/\/www.estrategiaconcursos.com.br\/blog\/author\/fabio-scaldelaiestrategiaconcursos-com-br\/"}]}},"_links":{"self":[{"href":"https:\/\/www.estrategiaconcursos.com.br\/blog\/wp-json\/wp\/v2\/posts\/395012","targetHints":{"allow":["GET"]}}],"collection":[{"href":"https:\/\/www.estrategiaconcursos.com.br\/blog\/wp-json\/wp\/v2\/posts"}],"about":[{"href":"https:\/\/www.estrategiaconcursos.com.br\/blog\/wp-json\/wp\/v2\/types\/post"}],"author":[{"embeddable":true,"href":"https:\/\/www.estrategiaconcursos.com.br\/blog\/wp-json\/wp\/v2\/users\/656"}],"replies":[{"embeddable":true,"href":"https:\/\/www.estrategiaconcursos.com.br\/blog\/wp-json\/wp\/v2\/comments?post=395012"}],"version-history":[{"count":1,"href":"https:\/\/www.estrategiaconcursos.com.br\/blog\/wp-json\/wp\/v2\/posts\/395012\/revisions"}],"predecessor-version":[{"id":395053,"href":"https:\/\/www.estrategiaconcursos.com.br\/blog\/wp-json\/wp\/v2\/posts\/395012\/revisions\/395053"}],"wp:attachment":[{"href":"https:\/\/www.estrategiaconcursos.com.br\/blog\/wp-json\/wp\/v2\/media?parent=395012"}],"wp:term":[{"taxonomy":"category","embeddable":true,"href":"https:\/\/www.estrategiaconcursos.com.br\/blog\/wp-json\/wp\/v2\/categories?post=395012"},{"taxonomy":"post_tag","embeddable":true,"href":"https:\/\/www.estrategiaconcursos.com.br\/blog\/wp-json\/wp\/v2\/tags?post=395012"},{"taxonomy":"tax_estado","embeddable":true,"href":"https:\/\/www.estrategiaconcursos.com.br\/blog\/wp-json\/wp\/v2\/tax_estado?post=395012"}],"curies":[{"name":"wp","href":"https:\/\/api.w.org\/{rel}","templated":true}]}}