{"id":394859,"date":"2019-07-03T18:51:57","date_gmt":"2019-07-03T21:51:57","guid":{"rendered":"https:\/\/www.estrategiaconcursos.com.br\/blog\/?p=394859"},"modified":"2019-07-03T19:00:16","modified_gmt":"2019-07-03T22:00:16","slug":"ec-101-19-acumulacao-de-cargos-para-militares-dos-estados-e-do-df","status":"publish","type":"post","link":"https:\/\/www.estrategiaconcursos.com.br\/blog\/ec-101-19-acumulacao-de-cargos-para-militares-dos-estados-e-do-df\/","title":{"rendered":"EC 101\/19 &#8211; Acumula\u00e7\u00e3o de cargos para militares dos estados e do DF"},"content":{"rendered":"\n<p>Ol\u00e1 pessoal! Acaba de ser promulgada a Emenda Constitucional 101\/2019, que <strong>estende aos militares dos estados, do Distrito Federal e dos Territ\u00f3rios a possibilidade de acumular cargos p\u00fablicos<\/strong>, nos mesmos termos como acontece com os servidores p\u00fablicos em geral.<\/p>\n\n\n\n<p>A Emenda incluiu o \u00a7 3\u00ba no art. 42 da Constitui\u00e7\u00e3o Federal, com a seguinte reda\u00e7\u00e3o:<\/p>\n\n\n\n<blockquote class=\"wp-block-quote is-layout-flow wp-block-quote-is-layout-flow\"><p><strong>Art. 42. [&#8230;] \u00a7 3o Aplica-se aos militares dos Estados, do Distrito Federal e dos Territ\u00f3rios o disposto no inciso XVI do art. 37.<\/strong><\/p><\/blockquote>\n\n\n\n<p>Vamos entender o caso!<\/p>\n\n\n\n<p>Em regra, a Constitui\u00e7\u00e3o Federal veda a acumula\u00e7\u00e3o remunerada de cargos, empregos ou fun\u00e7\u00f5es p\u00fablicos. Ademais, a proibi\u00e7\u00e3o de acumular estende-se a empregos e fun\u00e7\u00f5es e abrange autarquias, funda\u00e7\u00f5es, empresas p\u00fablicas, sociedades de economia mista, suas subsidi\u00e1rias, e sociedades controladas, direta ou indiretamente, pelo poder p\u00fablico (CF, art. 37, XVII).<\/p>\n\n\n\n<p>Assim, normalmente, um agente p\u00fablico somente poder\u00e1 desempenhar uma \u00fanica atividade p\u00fablica remunerada.<\/p>\n\n\n\n<p>Entretanto, o art. 37, XVI, da Constitui\u00e7\u00e3o Federal prev\u00ea algumas exce\u00e7\u00f5es, estabelecendo que <strong>ser\u00e1 poss\u00edvel acumular<\/strong>, desde que haja <strong>compatibilidade de hor\u00e1rios<\/strong>, quando a situa\u00e7\u00e3o se enquadrar em alguma das hip\u00f3teses a seguir:<\/p>\n\n\n\n<blockquote class=\"wp-block-quote is-layout-flow wp-block-quote-is-layout-flow\"><p><strong>(a) dois cargos de professor;<\/strong><\/p><p><strong>(b) um cargo de professor com outro t\u00e9cnico ou cient\u00edfico;<\/strong><\/p><p><strong>(c) dois cargos ou empregos privativos de profissionais de sa\u00fade, com profiss\u00f5es regulamentadas.<\/strong><\/p><\/blockquote>\n\n\n\n<p>Por\u00e9m, tais regras se aplicavam (antes da EC 101) apenas aos servidores civis. Logo, em linhas gerais, os militares n\u00e3o <em>poderiam<\/em> acumular.<\/p>\n\n\n\n<p>Existia, entretanto, a possibilidade de o <strong>militar das For\u00e7as Armadas &#8211; <\/strong>Ex\u00e9rcito, Marinha e Aeron\u00e1utica &#8211;<strong>, da \u00e1rea da sa\u00fade, acumular um cargo tamb\u00e9m na \u00e1rea da sa\u00fade com prioridade para a atividade militar<\/strong>, nos termos do art. 142, \u00a7 3\u00ba, VIII, da Constitui\u00e7\u00e3o Federal.<\/p>\n\n\n\n<p>Agora, a Emenda Constitucional 101\/2019 estende aos militares dos estados e do Distrito Federal a possibilidade de acumular cargos.<\/p>\n\n\n\n<p>Infelizmente, o constituinte derivado n\u00e3o utilizou a melhor reda\u00e7\u00e3o, pois a simples men\u00e7\u00e3o ao art. 37, XVI, n\u00e3o deixa o assunto t\u00e3o claro.<\/p>\n\n\n\n<p>Por exemplo, a al\u00ednea &#8220;a&#8221; do art. 37, I, prev\u00ea a acumula\u00e7\u00e3o de &#8220;dois cargos de professor&#8221;. Assim, temos um cargo de professor, mais um cargo de professor, certo? Mas o militar n\u00e3o \u00e9 professor. Ent\u00e3o, teremos que interpretar o que o constituinte quis dizer. Nesse caso, ent\u00e3o, podemos deduzir que ser\u00e1 poss\u00edvel acumular um <strong>cargo de militar com outro de professor<\/strong>.<\/p>\n\n\n\n<p>Na mesma linha, na \u00e1rea da sa\u00fade, ser\u00e1 poss\u00edvel acumular um cargo de <strong>militar com outro da sa\u00fade com profiss\u00e3o regulamentad<\/strong>a.<\/p>\n\n\n\n<p>Por fim, o problema maior ficou na reda\u00e7\u00e3o do art. 37, XVI, &#8220;b&#8221;. Mas aqui podemos deduzir que a acumula\u00e7\u00e3o ser\u00e1 de <strong>um cargo de militar com outro t\u00e9cnico ou cient\u00edfico<\/strong>.<\/p>\n\n\n\n<p>Em qualquer caso, <strong>teremos que observar a compatibilidade de hor\u00e1rios<\/strong>.<\/p>\n\n\n\n<p>Al\u00e9m disso, quanto ao teto constitucional remunerat\u00f3rio, segundo o STF, o <strong>teto dever\u00e1 ser analisada individualmente em cada cargo<\/strong> (REs 602043 e 612975). <\/p>\n\n\n\n<p>Imagine, <strong><em>por exemplo<\/em><\/strong>, que o texto constitucional esteja na cada de 35 mil. Se o militar ganhar 20 mil no cargo de militar e outros 20 mil no outro cargo p\u00fablico pass\u00edvel de acumula\u00e7\u00e3o, n\u00e3o haver\u00e1 ofensa ao teto constitucional, j\u00e1 que a avalia\u00e7\u00e3o ser\u00e1 individual, em cada cargo!<\/p>\n\n\n\n<p>Por fim, a EC 101 somente ampliou a possibilidade de acumula\u00e7\u00e3o para os militares dos estados e do Distrito Federal (lembre-se que n\u00e3o existem militares nos munic\u00edpios). Por\u00e9m, a nova Emenda n\u00e3o ampliou as possibilidades de acumula\u00e7\u00e3o para os militares das For\u00e7as Armadas. Logo, para estes, a \u00fanica possibilidade de acumula\u00e7\u00e3o continua sendo na \u00e1rea de sa\u00fade, com prioridade para a atividade militar (CF, art. 142, \u00a7 3\u00ba, VIII).<\/p>\n\n\n\n<hr class=\"wp-block-separator\" \/>\n\n\n\n<p>\u00c9 isso a\u00ed, meus amigos! Espero que tenham gostado!<\/p>\n\n\n\n<p>N\u00e3o se esque\u00e7am de nos acompanhar nas redes sociais.  Para isso, basta escanear a tag a seguir: <\/p>\n\n\n\n<div class=\"wp-block-image\"><figure class=\"aligncenter is-resized\"><a href=\"https:\/\/www.instagram.com\/profherbertalmeida\/\" target=\"_blank\" rel=\"noreferrer noopener\"><img loading=\"lazy\" decoding=\"async\" src=\"https:\/\/dhg1h5j42swfq.cloudfront.net\/2018\/01\/29210516\/tag-instagram-profherbertalmeida.jpeg\" alt=\"nova lei de licita\u00e7\u00f5es\" class=\"wp-image-149376\" width=\"301\" height=\"312\" srcset=\"https:\/\/dhg1h5j42swfq.cloudfront.net\/2018\/01\/29210516\/tag-instagram-profherbertalmeida.jpeg 743w, https:\/\/dhg1h5j42swfq.cloudfront.net\/2018\/01\/29210516\/tag-instagram-profherbertalmeida.jpeg 289w, https:\/\/dhg1h5j42swfq.cloudfront.net\/2018\/01\/29210516\/tag-instagram-profherbertalmeida.jpeg 610w\" sizes=\"auto, (max-width: 301px) 100vw, 301px\" \/><\/a><\/figure><\/div>\n\n\n\n<p>Para se inscrever no nosso canal no Youtube, basta escanear o QRCODE abaixo:<\/p>\n\n\n\n<div class=\"wp-block-image\"><figure class=\"aligncenter is-resized\"><a href=\"https:\/\/www.youtube.com\/profherbertalmeida\" target=\"_blank\" rel=\"noreferrer noopener\"><img loading=\"lazy\" decoding=\"async\" src=\"https:\/\/dhg1h5j42swfq.cloudfront.net\/2018\/10\/30182004\/qr-code.png\" alt=\"nova lei de licita\u00e7\u00f5es\" class=\"wp-image-149561\" width=\"296\" height=\"296\" srcset=\"https:\/\/dhg1h5j42swfq.cloudfront.net\/2018\/10\/30182004\/qr-code.png 1148w, https:\/\/dhg1h5j42swfq.cloudfront.net\/2018\/10\/30182004\/qr-code.png 150w, https:\/\/dhg1h5j42swfq.cloudfront.net\/2018\/10\/30182004\/qr-code.png 300w, https:\/\/dhg1h5j42swfq.cloudfront.net\/2018\/10\/30182004\/qr-code.png 768w, https:\/\/dhg1h5j42swfq.cloudfront.net\/2018\/10\/30182004\/qr-code.png 1024w, https:\/\/dhg1h5j42swfq.cloudfront.net\/2018\/10\/30182004\/qr-code.png 610w\" sizes=\"auto, (max-width: 296px) 100vw, 296px\" \/><\/a><\/figure><\/div>\n\n\n\n<p>Ou se preferir, pode fazer pelo modo tradicional:<\/p>\n\n\n\n<p><a href=\"http:\/\/www.youtube.com\/profherbertalmeida\" target=\"_blank\" rel=\"noreferrer noopener\" aria-label=\"www.youtube.com\/profherbertalmeida (opens in a new tab)\">www.youtube.com\/profherbertalmeida<\/a><\/p>\n\n\n\n<p><a rel=\"noreferrer noopener\" aria-label=\"www.instagram\/profherbertalmeida (opens in a new tab)\" href=\"http:\/\/www.instagram\/profherbertalmeida\" target=\"_blank\">www.instagram\/profherbertalmeida<\/a><\/p>\n\n\n\n<p><a rel=\"noreferrer noopener\" aria-label=\"www.facebook.com\/profherbertalmeida (opens in a new tab)\" href=\"http:\/\/www.facebook.com\/profherbertalmeida\" target=\"_blank\">www.facebook.com\/profherbertalmeida<\/a><\/p>\n\n\n\n<p>Um grande abra\u00e7o e at\u00e9 a pr\u00f3xima!<\/p>\n\n\n\n<p>Herbert Almeida<\/p>\n","protected":false},"excerpt":{"rendered":"<p>Ol\u00e1 pessoal! Acaba de ser promulgada a Emenda Constitucional 101\/2019, que estende aos militares dos estados, do Distrito Federal e dos Territ\u00f3rios a possibilidade de acumular cargos p\u00fablicos, nos mesmos termos como acontece com os servidores p\u00fablicos em geral. A Emenda incluiu o \u00a7 3\u00ba no art. 42 da Constitui\u00e7\u00e3o Federal, com a seguinte reda\u00e7\u00e3o: [&hellip;]<\/p>\n","protected":false},"author":129,"featured_media":0,"comment_status":"open","ping_status":"closed","sticky":false,"template":"","format":"standard","meta":{"post_tipo":"article","footnotes":""},"categories":[1],"tags":[],"tax_estado":[],"class_list":["post-394859","post","type-post","status-publish","format-standard","hentry","category-cursos-e-concursos"],"acf":[],"yoast_head":"<!-- This site is optimized with the Yoast SEO Premium plugin v27.2 (Yoast SEO v27.2) - https:\/\/yoast.com\/product\/yoast-seo-premium-wordpress\/ -->\n<title>EC 101\/19 - Acumula\u00e7\u00e3o de cargos para militares dos estados e do DF<\/title>\n<meta name=\"robots\" content=\"index, follow, max-snippet:-1, max-image-preview:large, max-video-preview:-1\" \/>\n<link rel=\"canonical\" href=\"https:\/\/www.estrategiaconcursos.com.br\/blog\/ec-101-19-acumulacao-de-cargos-para-militares-dos-estados-e-do-df\/\" \/>\n<meta property=\"og:locale\" content=\"pt_BR\" \/>\n<meta property=\"og:type\" content=\"article\" \/>\n<meta property=\"og:title\" content=\"EC 101\/19 - Acumula\u00e7\u00e3o de cargos para militares dos estados e do DF\" \/>\n<meta property=\"og:description\" content=\"Ol\u00e1 pessoal! Acaba de ser promulgada a Emenda Constitucional 101\/2019, que estende aos militares dos estados, do Distrito Federal e dos Territ\u00f3rios a possibilidade de acumular cargos p\u00fablicos, nos mesmos termos como acontece com os servidores p\u00fablicos em geral. A Emenda incluiu o \u00a7 3\u00ba no art. 42 da Constitui\u00e7\u00e3o Federal, com a seguinte reda\u00e7\u00e3o: [&hellip;]\" \/>\n<meta property=\"og:url\" content=\"https:\/\/www.estrategiaconcursos.com.br\/blog\/ec-101-19-acumulacao-de-cargos-para-militares-dos-estados-e-do-df\/\" \/>\n<meta property=\"og:site_name\" content=\"Estrat\u00e9gia Concursos\" \/>\n<meta property=\"article:published_time\" content=\"2019-07-03T21:51:57+00:00\" \/>\n<meta property=\"article:modified_time\" content=\"2019-07-03T22:00:16+00:00\" \/>\n<meta property=\"og:image\" content=\"https:\/\/www.estrategiaconcursos.com.br\/blog\/wp-content\/uploads\/2018\/01\/tag-instagram-profherbertalmeida.jpeg\" \/>\n<meta name=\"author\" content=\"Herbert Almeida\" \/>\n<meta name=\"twitter:card\" content=\"summary_large_image\" \/>\n<meta name=\"twitter:creator\" content=\"@EstratConcursos\" \/>\n<meta name=\"twitter:site\" content=\"@EstratConcursos\" \/>\n<meta name=\"twitter:label1\" content=\"Escrito por\" \/>\n\t<meta name=\"twitter:data1\" content=\"Herbert Almeida\" \/>\n\t<meta name=\"twitter:label2\" content=\"Est. tempo de leitura\" \/>\n\t<meta name=\"twitter:data2\" content=\"3 minutos\" \/>\n<script type=\"application\/ld+json\" class=\"yoast-schema-graph\">{\"@context\":\"https:\/\/schema.org\",\"@graph\":[{\"@type\":\"NewsArticle\",\"@id\":\"https:\/\/www.estrategiaconcursos.com.br\/blog\/ec-101-19-acumulacao-de-cargos-para-militares-dos-estados-e-do-df\/#article\",\"isPartOf\":{\"@id\":\"https:\/\/www.estrategiaconcursos.com.br\/blog\/ec-101-19-acumulacao-de-cargos-para-militares-dos-estados-e-do-df\/\"},\"author\":{\"name\":\"Herbert Almeida\",\"@id\":\"https:\/\/www.estrategiaconcursos.com.br\/blog\/#\/schema\/person\/59717c75350fa01aa0fd68a52a8d02e0\"},\"headline\":\"EC 101\/19 &#8211; Acumula\u00e7\u00e3o de cargos para militares dos estados e do DF\",\"datePublished\":\"2019-07-03T21:51:57+00:00\",\"dateModified\":\"2019-07-03T22:00:16+00:00\",\"mainEntityOfPage\":{\"@id\":\"https:\/\/www.estrategiaconcursos.com.br\/blog\/ec-101-19-acumulacao-de-cargos-para-militares-dos-estados-e-do-df\/\"},\"wordCount\":709,\"commentCount\":3,\"publisher\":{\"@id\":\"https:\/\/www.estrategiaconcursos.com.br\/blog\/#organization\"},\"image\":{\"@id\":\"https:\/\/www.estrategiaconcursos.com.br\/blog\/ec-101-19-acumulacao-de-cargos-para-militares-dos-estados-e-do-df\/#primaryimage\"},\"thumbnailUrl\":\"https:\/\/www.estrategiaconcursos.com.br\/blog\/wp-content\/uploads\/2018\/01\/tag-instagram-profherbertalmeida.jpeg\",\"articleSection\":[\"Concursos P\u00fablicos\"],\"inLanguage\":\"pt-BR\",\"potentialAction\":[{\"@type\":\"CommentAction\",\"name\":\"Comment\",\"target\":[\"https:\/\/www.estrategiaconcursos.com.br\/blog\/ec-101-19-acumulacao-de-cargos-para-militares-dos-estados-e-do-df\/#respond\"]}],\"copyrightYear\":\"2019\",\"copyrightHolder\":{\"@id\":\"https:\/\/www.estrategiaconcursos.com.br\/blog\/#organization\"}},{\"@type\":\"WebPage\",\"@id\":\"https:\/\/www.estrategiaconcursos.com.br\/blog\/ec-101-19-acumulacao-de-cargos-para-militares-dos-estados-e-do-df\/\",\"url\":\"https:\/\/www.estrategiaconcursos.com.br\/blog\/ec-101-19-acumulacao-de-cargos-para-militares-dos-estados-e-do-df\/\",\"name\":\"EC 101\/19 - Acumula\u00e7\u00e3o de cargos para militares dos estados e do DF\",\"isPartOf\":{\"@id\":\"https:\/\/www.estrategiaconcursos.com.br\/blog\/#website\"},\"primaryImageOfPage\":{\"@id\":\"https:\/\/www.estrategiaconcursos.com.br\/blog\/ec-101-19-acumulacao-de-cargos-para-militares-dos-estados-e-do-df\/#primaryimage\"},\"image\":{\"@id\":\"https:\/\/www.estrategiaconcursos.com.br\/blog\/ec-101-19-acumulacao-de-cargos-para-militares-dos-estados-e-do-df\/#primaryimage\"},\"thumbnailUrl\":\"https:\/\/www.estrategiaconcursos.com.br\/blog\/wp-content\/uploads\/2018\/01\/tag-instagram-profherbertalmeida.jpeg\",\"datePublished\":\"2019-07-03T21:51:57+00:00\",\"dateModified\":\"2019-07-03T22:00:16+00:00\",\"breadcrumb\":{\"@id\":\"https:\/\/www.estrategiaconcursos.com.br\/blog\/ec-101-19-acumulacao-de-cargos-para-militares-dos-estados-e-do-df\/#breadcrumb\"},\"inLanguage\":\"pt-BR\",\"potentialAction\":[{\"@type\":\"ReadAction\",\"target\":[\"https:\/\/www.estrategiaconcursos.com.br\/blog\/ec-101-19-acumulacao-de-cargos-para-militares-dos-estados-e-do-df\/\"]}]},{\"@type\":\"ImageObject\",\"inLanguage\":\"pt-BR\",\"@id\":\"https:\/\/www.estrategiaconcursos.com.br\/blog\/ec-101-19-acumulacao-de-cargos-para-militares-dos-estados-e-do-df\/#primaryimage\",\"url\":\"https:\/\/dhg1h5j42swfq.cloudfront.net\/2018\/01\/29210516\/tag-instagram-profherbertalmeida.jpeg\",\"contentUrl\":\"https:\/\/dhg1h5j42swfq.cloudfront.net\/2018\/01\/29210516\/tag-instagram-profherbertalmeida.jpeg\",\"width\":743,\"height\":772},{\"@type\":\"BreadcrumbList\",\"@id\":\"https:\/\/www.estrategiaconcursos.com.br\/blog\/ec-101-19-acumulacao-de-cargos-para-militares-dos-estados-e-do-df\/#breadcrumb\",\"itemListElement\":[{\"@type\":\"ListItem\",\"position\":1,\"name\":\"In\u00edcio\",\"item\":\"https:\/\/www.estrategiaconcursos.com.br\/blog\/\"},{\"@type\":\"ListItem\",\"position\":2,\"name\":\"EC 101\/19 &#8211; Acumula\u00e7\u00e3o de cargos para militares dos estados e do DF\"}]},{\"@type\":\"WebSite\",\"@id\":\"https:\/\/www.estrategiaconcursos.com.br\/blog\/#website\",\"url\":\"https:\/\/www.estrategiaconcursos.com.br\/blog\/\",\"name\":\"Estrat\u00e9gia Concursos\",\"description\":\"O blog da Estrat\u00e9gia Concursos traz not\u00edcias sobre concursos e artigos de professores oferecendo cursos para concursos (pdf + videaulas) no site.\",\"publisher\":{\"@id\":\"https:\/\/www.estrategiaconcursos.com.br\/blog\/#organization\"},\"potentialAction\":[{\"@type\":\"SearchAction\",\"target\":{\"@type\":\"EntryPoint\",\"urlTemplate\":\"https:\/\/www.estrategiaconcursos.com.br\/blog\/?s={search_term_string}\"},\"query-input\":{\"@type\":\"PropertyValueSpecification\",\"valueRequired\":true,\"valueName\":\"search_term_string\"}}],\"inLanguage\":\"pt-BR\"},{\"@type\":\"Organization\",\"@id\":\"https:\/\/www.estrategiaconcursos.com.br\/blog\/#organization\",\"name\":\"Estrat\u00e9gia Concursos\",\"url\":\"https:\/\/www.estrategiaconcursos.com.br\/blog\/\",\"logo\":{\"@type\":\"ImageObject\",\"inLanguage\":\"pt-BR\",\"@id\":\"https:\/\/www.estrategiaconcursos.com.br\/blog\/#\/schema\/logo\/image\/\",\"url\":\"https:\/\/dhg1h5j42swfq.cloudfront.net\/2025\/06\/03203428\/logo_concursos-1.jpg\",\"contentUrl\":\"https:\/\/dhg1h5j42swfq.cloudfront.net\/2025\/06\/03203428\/logo_concursos-1.jpg\",\"width\":230,\"height\":60,\"caption\":\"Estrat\u00e9gia Concursos\"},\"image\":{\"@id\":\"https:\/\/www.estrategiaconcursos.com.br\/blog\/#\/schema\/logo\/image\/\"},\"sameAs\":[\"https:\/\/x.com\/EstratConcursos\"]},{\"@type\":\"Person\",\"@id\":\"https:\/\/www.estrategiaconcursos.com.br\/blog\/#\/schema\/person\/59717c75350fa01aa0fd68a52a8d02e0\",\"name\":\"Herbert Almeida\",\"image\":{\"@type\":\"ImageObject\",\"inLanguage\":\"pt-BR\",\"@id\":\"https:\/\/secure.gravatar.com\/avatar\/b6461a43893c24d5fc91efc433971ffec025c84c0341129f4578034d77f9a536?s=96&d=mm&r=g\",\"url\":\"https:\/\/secure.gravatar.com\/avatar\/b6461a43893c24d5fc91efc433971ffec025c84c0341129f4578034d77f9a536?s=96&d=mm&r=g\",\"contentUrl\":\"https:\/\/secure.gravatar.com\/avatar\/b6461a43893c24d5fc91efc433971ffec025c84c0341129f4578034d77f9a536?s=96&d=mm&r=g\",\"caption\":\"Herbert Almeida\"},\"url\":\"https:\/\/www.estrategiaconcursos.com.br\/blog\/author\/herbertestrategiaconcursos-com-br\/\"}]}<\/script>\n<!-- \/ Yoast SEO Premium plugin. -->","yoast_head_json":{"title":"EC 101\/19 - Acumula\u00e7\u00e3o de cargos para militares dos estados e do DF","robots":{"index":"index","follow":"follow","max-snippet":"max-snippet:-1","max-image-preview":"max-image-preview:large","max-video-preview":"max-video-preview:-1"},"canonical":"https:\/\/www.estrategiaconcursos.com.br\/blog\/ec-101-19-acumulacao-de-cargos-para-militares-dos-estados-e-do-df\/","og_locale":"pt_BR","og_type":"article","og_title":"EC 101\/19 - Acumula\u00e7\u00e3o de cargos para militares dos estados e do DF","og_description":"Ol\u00e1 pessoal! Acaba de ser promulgada a Emenda Constitucional 101\/2019, que estende aos militares dos estados, do Distrito Federal e dos Territ\u00f3rios a possibilidade de acumular cargos p\u00fablicos, nos mesmos termos como acontece com os servidores p\u00fablicos em geral. A Emenda incluiu o \u00a7 3\u00ba no art. 42 da Constitui\u00e7\u00e3o Federal, com a seguinte reda\u00e7\u00e3o: [&hellip;]","og_url":"https:\/\/www.estrategiaconcursos.com.br\/blog\/ec-101-19-acumulacao-de-cargos-para-militares-dos-estados-e-do-df\/","og_site_name":"Estrat\u00e9gia Concursos","article_published_time":"2019-07-03T21:51:57+00:00","article_modified_time":"2019-07-03T22:00:16+00:00","og_image":[{"url":"https:\/\/www.estrategiaconcursos.com.br\/blog\/wp-content\/uploads\/2018\/01\/tag-instagram-profherbertalmeida.jpeg","type":"","width":"","height":""}],"author":"Herbert Almeida","twitter_card":"summary_large_image","twitter_creator":"@EstratConcursos","twitter_site":"@EstratConcursos","twitter_misc":{"Escrito por":"Herbert Almeida","Est. tempo de leitura":"3 minutos"},"schema":{"@context":"https:\/\/schema.org","@graph":[{"@type":"NewsArticle","@id":"https:\/\/www.estrategiaconcursos.com.br\/blog\/ec-101-19-acumulacao-de-cargos-para-militares-dos-estados-e-do-df\/#article","isPartOf":{"@id":"https:\/\/www.estrategiaconcursos.com.br\/blog\/ec-101-19-acumulacao-de-cargos-para-militares-dos-estados-e-do-df\/"},"author":{"name":"Herbert Almeida","@id":"https:\/\/www.estrategiaconcursos.com.br\/blog\/#\/schema\/person\/59717c75350fa01aa0fd68a52a8d02e0"},"headline":"EC 101\/19 &#8211; Acumula\u00e7\u00e3o de cargos para militares dos estados e do DF","datePublished":"2019-07-03T21:51:57+00:00","dateModified":"2019-07-03T22:00:16+00:00","mainEntityOfPage":{"@id":"https:\/\/www.estrategiaconcursos.com.br\/blog\/ec-101-19-acumulacao-de-cargos-para-militares-dos-estados-e-do-df\/"},"wordCount":709,"commentCount":3,"publisher":{"@id":"https:\/\/www.estrategiaconcursos.com.br\/blog\/#organization"},"image":{"@id":"https:\/\/www.estrategiaconcursos.com.br\/blog\/ec-101-19-acumulacao-de-cargos-para-militares-dos-estados-e-do-df\/#primaryimage"},"thumbnailUrl":"https:\/\/www.estrategiaconcursos.com.br\/blog\/wp-content\/uploads\/2018\/01\/tag-instagram-profherbertalmeida.jpeg","articleSection":["Concursos P\u00fablicos"],"inLanguage":"pt-BR","potentialAction":[{"@type":"CommentAction","name":"Comment","target":["https:\/\/www.estrategiaconcursos.com.br\/blog\/ec-101-19-acumulacao-de-cargos-para-militares-dos-estados-e-do-df\/#respond"]}],"copyrightYear":"2019","copyrightHolder":{"@id":"https:\/\/www.estrategiaconcursos.com.br\/blog\/#organization"}},{"@type":"WebPage","@id":"https:\/\/www.estrategiaconcursos.com.br\/blog\/ec-101-19-acumulacao-de-cargos-para-militares-dos-estados-e-do-df\/","url":"https:\/\/www.estrategiaconcursos.com.br\/blog\/ec-101-19-acumulacao-de-cargos-para-militares-dos-estados-e-do-df\/","name":"EC 101\/19 - Acumula\u00e7\u00e3o de cargos para militares dos estados e do DF","isPartOf":{"@id":"https:\/\/www.estrategiaconcursos.com.br\/blog\/#website"},"primaryImageOfPage":{"@id":"https:\/\/www.estrategiaconcursos.com.br\/blog\/ec-101-19-acumulacao-de-cargos-para-militares-dos-estados-e-do-df\/#primaryimage"},"image":{"@id":"https:\/\/www.estrategiaconcursos.com.br\/blog\/ec-101-19-acumulacao-de-cargos-para-militares-dos-estados-e-do-df\/#primaryimage"},"thumbnailUrl":"https:\/\/www.estrategiaconcursos.com.br\/blog\/wp-content\/uploads\/2018\/01\/tag-instagram-profherbertalmeida.jpeg","datePublished":"2019-07-03T21:51:57+00:00","dateModified":"2019-07-03T22:00:16+00:00","breadcrumb":{"@id":"https:\/\/www.estrategiaconcursos.com.br\/blog\/ec-101-19-acumulacao-de-cargos-para-militares-dos-estados-e-do-df\/#breadcrumb"},"inLanguage":"pt-BR","potentialAction":[{"@type":"ReadAction","target":["https:\/\/www.estrategiaconcursos.com.br\/blog\/ec-101-19-acumulacao-de-cargos-para-militares-dos-estados-e-do-df\/"]}]},{"@type":"ImageObject","inLanguage":"pt-BR","@id":"https:\/\/www.estrategiaconcursos.com.br\/blog\/ec-101-19-acumulacao-de-cargos-para-militares-dos-estados-e-do-df\/#primaryimage","url":"https:\/\/dhg1h5j42swfq.cloudfront.net\/2018\/01\/29210516\/tag-instagram-profherbertalmeida.jpeg","contentUrl":"https:\/\/dhg1h5j42swfq.cloudfront.net\/2018\/01\/29210516\/tag-instagram-profherbertalmeida.jpeg","width":743,"height":772},{"@type":"BreadcrumbList","@id":"https:\/\/www.estrategiaconcursos.com.br\/blog\/ec-101-19-acumulacao-de-cargos-para-militares-dos-estados-e-do-df\/#breadcrumb","itemListElement":[{"@type":"ListItem","position":1,"name":"In\u00edcio","item":"https:\/\/www.estrategiaconcursos.com.br\/blog\/"},{"@type":"ListItem","position":2,"name":"EC 101\/19 &#8211; Acumula\u00e7\u00e3o de cargos para militares dos estados e do DF"}]},{"@type":"WebSite","@id":"https:\/\/www.estrategiaconcursos.com.br\/blog\/#website","url":"https:\/\/www.estrategiaconcursos.com.br\/blog\/","name":"Estrat\u00e9gia Concursos","description":"O blog da Estrat\u00e9gia Concursos traz not\u00edcias sobre concursos e artigos de professores oferecendo cursos para concursos (pdf + videaulas) no site.","publisher":{"@id":"https:\/\/www.estrategiaconcursos.com.br\/blog\/#organization"},"potentialAction":[{"@type":"SearchAction","target":{"@type":"EntryPoint","urlTemplate":"https:\/\/www.estrategiaconcursos.com.br\/blog\/?s={search_term_string}"},"query-input":{"@type":"PropertyValueSpecification","valueRequired":true,"valueName":"search_term_string"}}],"inLanguage":"pt-BR"},{"@type":"Organization","@id":"https:\/\/www.estrategiaconcursos.com.br\/blog\/#organization","name":"Estrat\u00e9gia Concursos","url":"https:\/\/www.estrategiaconcursos.com.br\/blog\/","logo":{"@type":"ImageObject","inLanguage":"pt-BR","@id":"https:\/\/www.estrategiaconcursos.com.br\/blog\/#\/schema\/logo\/image\/","url":"https:\/\/dhg1h5j42swfq.cloudfront.net\/2025\/06\/03203428\/logo_concursos-1.jpg","contentUrl":"https:\/\/dhg1h5j42swfq.cloudfront.net\/2025\/06\/03203428\/logo_concursos-1.jpg","width":230,"height":60,"caption":"Estrat\u00e9gia Concursos"},"image":{"@id":"https:\/\/www.estrategiaconcursos.com.br\/blog\/#\/schema\/logo\/image\/"},"sameAs":["https:\/\/x.com\/EstratConcursos"]},{"@type":"Person","@id":"https:\/\/www.estrategiaconcursos.com.br\/blog\/#\/schema\/person\/59717c75350fa01aa0fd68a52a8d02e0","name":"Herbert Almeida","image":{"@type":"ImageObject","inLanguage":"pt-BR","@id":"https:\/\/secure.gravatar.com\/avatar\/b6461a43893c24d5fc91efc433971ffec025c84c0341129f4578034d77f9a536?s=96&d=mm&r=g","url":"https:\/\/secure.gravatar.com\/avatar\/b6461a43893c24d5fc91efc433971ffec025c84c0341129f4578034d77f9a536?s=96&d=mm&r=g","contentUrl":"https:\/\/secure.gravatar.com\/avatar\/b6461a43893c24d5fc91efc433971ffec025c84c0341129f4578034d77f9a536?s=96&d=mm&r=g","caption":"Herbert Almeida"},"url":"https:\/\/www.estrategiaconcursos.com.br\/blog\/author\/herbertestrategiaconcursos-com-br\/"}]}},"_links":{"self":[{"href":"https:\/\/www.estrategiaconcursos.com.br\/blog\/wp-json\/wp\/v2\/posts\/394859","targetHints":{"allow":["GET"]}}],"collection":[{"href":"https:\/\/www.estrategiaconcursos.com.br\/blog\/wp-json\/wp\/v2\/posts"}],"about":[{"href":"https:\/\/www.estrategiaconcursos.com.br\/blog\/wp-json\/wp\/v2\/types\/post"}],"author":[{"embeddable":true,"href":"https:\/\/www.estrategiaconcursos.com.br\/blog\/wp-json\/wp\/v2\/users\/129"}],"replies":[{"embeddable":true,"href":"https:\/\/www.estrategiaconcursos.com.br\/blog\/wp-json\/wp\/v2\/comments?post=394859"}],"version-history":[{"count":1,"href":"https:\/\/www.estrategiaconcursos.com.br\/blog\/wp-json\/wp\/v2\/posts\/394859\/revisions"}],"predecessor-version":[{"id":394885,"href":"https:\/\/www.estrategiaconcursos.com.br\/blog\/wp-json\/wp\/v2\/posts\/394859\/revisions\/394885"}],"wp:attachment":[{"href":"https:\/\/www.estrategiaconcursos.com.br\/blog\/wp-json\/wp\/v2\/media?parent=394859"}],"wp:term":[{"taxonomy":"category","embeddable":true,"href":"https:\/\/www.estrategiaconcursos.com.br\/blog\/wp-json\/wp\/v2\/categories?post=394859"},{"taxonomy":"post_tag","embeddable":true,"href":"https:\/\/www.estrategiaconcursos.com.br\/blog\/wp-json\/wp\/v2\/tags?post=394859"},{"taxonomy":"tax_estado","embeddable":true,"href":"https:\/\/www.estrategiaconcursos.com.br\/blog\/wp-json\/wp\/v2\/tax_estado?post=394859"}],"curies":[{"name":"wp","href":"https:\/\/api.w.org\/{rel}","templated":true}]}}