{"id":394818,"date":"2019-07-13T08:00:15","date_gmt":"2019-07-13T11:00:15","guid":{"rendered":"https:\/\/www.estrategiaconcursos.com.br\/blog\/?p=394818"},"modified":"2019-07-10T13:58:59","modified_gmt":"2019-07-10T16:58:59","slug":"concurso-pc-al-maratona-de-preparacao","status":"publish","type":"post","link":"https:\/\/www.estrategiaconcursos.com.br\/blog\/concurso-pc-al-maratona-de-preparacao\/","title":{"rendered":"Concurso PC AL: maratona de prepara\u00e7\u00e3o com aulas gr\u00e1tis"},"content":{"rendered":"\n<p>Foi confirmado pelo Governador Renan Filho, em sua conta do instagram, que a pr\u00f3xima edi\u00e7\u00e3o do concurso da Policia Federal de Alagoas ocorrer\u00e1 no segundo semestre deste ano.<\/p>\n\n\n\n<p>O Estrat\u00e9gia Concursos entrou em contato com o Sindpol-Al no in\u00edcio do ano para obter mais informa\u00e7\u00f5es sobre o concurso, o sindacato informou que \u00e9 previsto a oferta de 500 vagas imediatas, 460 para Agentes e 40 para Delegados.<\/p>\n\n\n\n<p>O certame est\u00e1 atualmente autorizado e em planejamento desde outubro de 2018, data que foi publicada na portaria de autoriza\u00e7\u00e3o do concurso PC AL.<\/p>\n\n\n\n<p style=\"font-size:22px;text-align:center\" class=\"has-background has-luminous-vivid-amber-background-color\"><strong>MAIS INFORMA\u00c7\u00d5ES:&nbsp;<a rel=\"noreferrer noopener\" aria-label=\"Concurso PC AL (abre numa nova aba)\" href=\"https:\/\/www.estrategiaconcursos.com.br\/blog\/concurso-pc-al\/\" target=\"_blank\">Concurso PC AL<\/a> <\/strong><\/p>\n\n\n\n<p>Com a expectativa para que o edital saia no pr\u00f3ximo semestre, chegou a hora come\u00e7ar a se preparar para o concurso.<\/p>\n\n\n\n<p>A maratona ter\u00e1 como principal prop\u00f3sito apresentar&nbsp;<strong>todo o conte\u00fado<\/strong>&nbsp;referente \u00e0s disciplinas cobradas no edital&nbsp;<strong>em uma \u00fanica aula<\/strong>, al\u00e9m da possibilidade de voc\u00ea tirar todas as d\u00favidas com nossos professores. <\/p>\n\n\n\n<p>As transmiss\u00f5es ser\u00e3o ao vivo e tem in\u00edcio a partir de hoje \u00e0s&nbsp;<strong>8h30<\/strong> e seguir\u00e3o at\u00e9 as <strong>18h<\/strong>.<\/p>\n\n\n\n<p>Para garantir que voc\u00ea n\u00e3o vai perder a oportunidade de tirar todas as d\u00favidas das mat\u00e9rias do PC AL, \u00e9 s\u00f3 clicar no banner abaixo e se inscrever de <strong>forma totalmente gratuita<\/strong>:<\/p>\n\n\n\n<p style=\"font-size:29px;text-align:center\"><strong><em><a href=\"https:\/\/www.youtube.com\/watch?v=JxY6UKX3ULk\" target=\"_blank\" rel=\"noreferrer noopener\" aria-label=\"Assista aqui! (abre numa nova aba)\">Assista aqui!<\/a><\/em><\/strong><\/p>\n\n\n\n<figure class=\"wp-block-image\"><img loading=\"lazy\" decoding=\"async\" width=\"1920\" height=\"480\" src=\"https:\/\/dhg1h5j42swfq.cloudfront.net\/2019\/07\/08160647\/pc-al.jpg\" alt=\"\" class=\"wp-image-396545\" srcset=\"https:\/\/dhg1h5j42swfq.cloudfront.net\/2019\/07\/08160647\/pc-al.jpg 1920w, https:\/\/dhg1h5j42swfq.cloudfront.net\/2019\/07\/08160647\/pc-al.jpg 300w, https:\/\/dhg1h5j42swfq.cloudfront.net\/2019\/07\/08160647\/pc-al.jpg 768w, https:\/\/dhg1h5j42swfq.cloudfront.net\/2019\/07\/08160647\/pc-al.jpg 1024w, https:\/\/dhg1h5j42swfq.cloudfront.net\/2019\/07\/08160647\/pc-al.jpg 610w\" sizes=\"auto, (max-width: 1920px) 100vw, 1920px\" \/><\/figure>\n\n\n\n<p> Abaixo voc\u00ea confere os hor\u00e1rios, professores e mat\u00e9rias:<\/p>\n\n\n\n<p><strong>Professor<\/strong>: D\u00e9cio Terror<br \/><strong>Disciplina<\/strong>: Portugu\u00eas<br \/><strong>Hor\u00e1rio<\/strong>: 8h30 \u00e0s 9h30<\/p>\n\n\n\n<p><strong>Professor<\/strong>: Ricardo Vale<br \/><strong>Disciplina<\/strong>: Direito Constitucional<br \/><strong>Hor\u00e1rio<\/strong>: 9h30 \u00e0s 10h30<\/p>\n\n\n\n<p><strong>Professor<\/strong>: Marcos Gir\u00e3o<br \/><strong>Disciplina<\/strong>: Legisla\u00e7\u00e3o Penal e Processual Extravagante <br \/><strong>Hor\u00e1rio<\/strong>: 10h30 \u00e0s 12h30<\/p>\n\n\n\n<p><strong>Intervalo<\/strong>: 12h30 a 13h30<\/p>\n\n\n\n<p><strong>Professor<\/strong>: Renato da Costa<br \/><strong>Disciplina<\/strong>: Inform\u00e1tica<br \/><strong>Hor\u00e1rio<\/strong>: 13h30 \u00e0s 14h30<\/p>\n\n\n\n<p><strong>Professor<\/strong>: Alexandre Herculano<br \/><strong>Disciplina<\/strong>: Medicina Legal<br \/><strong>Hor\u00e1rio<\/strong>: 14h30 \u00e0s 15h30<\/p>\n\n\n\n<p><strong>Professor<\/strong>: Fabiano Pereira<br \/><strong>Disciplina<\/strong>: Direito Administrativo<br \/><strong>Hor\u00e1rio<\/strong>: 15h30 \u00e0s 16h30<\/p>\n\n\n\n<p style=\"text-align:left\"><strong>Professor<\/strong>: Renan Araujo<br \/><strong>Disciplina<\/strong>: Direito Penal e Processual Penal<br \/><strong>Hor\u00e1rio<\/strong>: 16h30 \u00e0s 18h<\/p>\n\n\n\n<h2 class=\"wp-block-heading\" id=\"cursos-assinatura\"><strong><em>Quer estudar para Concurso PC AL?<\/em><\/strong><\/h2>\n\n\n\n<p style=\"text-align:center\"><em><strong>Gostou desta oportunidade e deseja come\u00e7ar se preparar agora mesmo? Ent\u00e3o, confira os nossos cursos e comece a estudar para PC AL:<\/strong><\/em><\/p>\n\n\n\n<p style=\"font-size:22px;text-align:center\" class=\"has-background has-luminous-vivid-amber-background-color\"><a rel=\"noreferrer noopener\" href=\"https:\/\/www.estrategiaconcursos.com.br\/cursosPorConcurso\/policia-civil-al-agente-e-escrivao\/\" target=\"_blank\"><strong>CURSO PC AL<\/strong><\/a><\/p>\n\n\n\n<p style=\"text-align:center\"><em><strong>Assinatura Anual Ilimitada*<\/strong><\/em><\/p>\n\n\n\n<p style=\"text-align:center\"><em>Prepare-se com o melhor material e com quem mais aprova em Concursos P\u00fablicos em todo o pa\u00eds. Assine agora a nossa Assinatura Anual e tenha acesso ilimitado* a todos os nossos cursos.<\/em><\/p>\n\n\n\n<p style=\"font-size:22px;text-align:center\" class=\"has-background has-light-green-cyan-background-color\"><strong>ASSINE AGORA<\/strong>&nbsp;\u2013&nbsp;<a rel=\"noreferrer noopener\" href=\"https:\/\/www.estrategiaconcursos.com.br\/assinaturas\" target=\"_blank\"><strong>Assinatura Ilimitada<\/strong><\/a><\/p>\n\n\n\n<p><\/p>\n","protected":false},"excerpt":{"rendered":"<p>Foi confirmado pelo Governador Renan Filho, em sua conta do instagram, que a pr\u00f3xima edi\u00e7\u00e3o do concurso da Policia Federal de Alagoas ocorrer\u00e1 no segundo semestre deste ano. O Estrat\u00e9gia Concursos entrou em contato com o Sindpol-Al no in\u00edcio do ano para obter mais informa\u00e7\u00f5es sobre o concurso, o sindacato informou que \u00e9 previsto a [&hellip;]<\/p>\n","protected":false},"author":552,"featured_media":0,"comment_status":"open","ping_status":"closed","sticky":false,"template":"","format":"standard","meta":{"post_tipo":"article","footnotes":""},"categories":[1],"tags":[],"tax_estado":[],"class_list":["post-394818","post","type-post","status-publish","format-standard","hentry","category-cursos-e-concursos"],"acf":[],"yoast_head":"<!-- This site is optimized with the Yoast SEO Premium plugin v27.2 (Yoast SEO v27.2) - https:\/\/yoast.com\/product\/yoast-seo-premium-wordpress\/ -->\n<title>Concurso PC AL: maratona de prepara\u00e7\u00e3o com aulas gr\u00e1tis<\/title>\n<meta name=\"robots\" content=\"index, follow, max-snippet:-1, max-image-preview:large, max-video-preview:-1\" \/>\n<link rel=\"canonical\" href=\"https:\/\/www.estrategiaconcursos.com.br\/blog\/concurso-pc-al-maratona-de-preparacao\/\" \/>\n<meta property=\"og:locale\" content=\"pt_BR\" \/>\n<meta property=\"og:type\" content=\"article\" \/>\n<meta property=\"og:title\" content=\"Concurso PC AL: maratona de prepara\u00e7\u00e3o com aulas gr\u00e1tis\" \/>\n<meta property=\"og:description\" content=\"Foi confirmado pelo Governador Renan Filho, em sua conta do instagram, que a pr\u00f3xima edi\u00e7\u00e3o do concurso da Policia Federal de Alagoas ocorrer\u00e1 no segundo semestre deste ano. O Estrat\u00e9gia Concursos entrou em contato com o Sindpol-Al no in\u00edcio do ano para obter mais informa\u00e7\u00f5es sobre o concurso, o sindacato informou que \u00e9 previsto a [&hellip;]\" \/>\n<meta property=\"og:url\" content=\"https:\/\/www.estrategiaconcursos.com.br\/blog\/concurso-pc-al-maratona-de-preparacao\/\" \/>\n<meta property=\"og:site_name\" content=\"Estrat\u00e9gia Concursos\" \/>\n<meta property=\"article:published_time\" content=\"2019-07-13T11:00:15+00:00\" \/>\n<meta property=\"og:image\" content=\"https:\/\/www.estrategiaconcursos.com.br\/blog\/wp-content\/uploads\/2019\/07\/pc-al-1024x256.jpg\" \/>\n<meta name=\"author\" content=\"Paulo Bilynskyj\" \/>\n<meta name=\"twitter:card\" content=\"summary_large_image\" \/>\n<meta name=\"twitter:creator\" content=\"@EstratConcursos\" \/>\n<meta name=\"twitter:site\" content=\"@EstratConcursos\" \/>\n<meta name=\"twitter:label1\" content=\"Escrito por\" \/>\n\t<meta name=\"twitter:data1\" content=\"Paulo Bilynskyj\" \/>\n\t<meta name=\"twitter:label2\" content=\"Est. tempo de leitura\" \/>\n\t<meta name=\"twitter:data2\" content=\"2 minutos\" \/>\n<script type=\"application\/ld+json\" class=\"yoast-schema-graph\">{\"@context\":\"https:\/\/schema.org\",\"@graph\":[{\"@type\":\"NewsArticle\",\"@id\":\"https:\/\/www.estrategiaconcursos.com.br\/blog\/concurso-pc-al-maratona-de-preparacao\/#article\",\"isPartOf\":{\"@id\":\"https:\/\/www.estrategiaconcursos.com.br\/blog\/concurso-pc-al-maratona-de-preparacao\/\"},\"author\":{\"name\":\"Paulo Bilynskyj\",\"@id\":\"https:\/\/www.estrategiaconcursos.com.br\/blog\/#\/schema\/person\/a630b15e36f45b4c21fed01219843cb5\"},\"headline\":\"Concurso PC AL: maratona de prepara\u00e7\u00e3o com aulas gr\u00e1tis\",\"datePublished\":\"2019-07-13T11:00:15+00:00\",\"mainEntityOfPage\":{\"@id\":\"https:\/\/www.estrategiaconcursos.com.br\/blog\/concurso-pc-al-maratona-de-preparacao\/\"},\"wordCount\":409,\"commentCount\":0,\"publisher\":{\"@id\":\"https:\/\/www.estrategiaconcursos.com.br\/blog\/#organization\"},\"image\":{\"@id\":\"https:\/\/www.estrategiaconcursos.com.br\/blog\/concurso-pc-al-maratona-de-preparacao\/#primaryimage\"},\"thumbnailUrl\":\"https:\/\/www.estrategiaconcursos.com.br\/blog\/wp-content\/uploads\/2019\/07\/pc-al-1024x256.jpg\",\"articleSection\":[\"Concursos P\u00fablicos\"],\"inLanguage\":\"pt-BR\",\"potentialAction\":[{\"@type\":\"CommentAction\",\"name\":\"Comment\",\"target\":[\"https:\/\/www.estrategiaconcursos.com.br\/blog\/concurso-pc-al-maratona-de-preparacao\/#respond\"]}],\"copyrightYear\":\"2019\",\"copyrightHolder\":{\"@id\":\"https:\/\/www.estrategiaconcursos.com.br\/blog\/#organization\"}},{\"@type\":\"WebPage\",\"@id\":\"https:\/\/www.estrategiaconcursos.com.br\/blog\/concurso-pc-al-maratona-de-preparacao\/\",\"url\":\"https:\/\/www.estrategiaconcursos.com.br\/blog\/concurso-pc-al-maratona-de-preparacao\/\",\"name\":\"Concurso PC AL: maratona de prepara\u00e7\u00e3o com aulas gr\u00e1tis\",\"isPartOf\":{\"@id\":\"https:\/\/www.estrategiaconcursos.com.br\/blog\/#website\"},\"primaryImageOfPage\":{\"@id\":\"https:\/\/www.estrategiaconcursos.com.br\/blog\/concurso-pc-al-maratona-de-preparacao\/#primaryimage\"},\"image\":{\"@id\":\"https:\/\/www.estrategiaconcursos.com.br\/blog\/concurso-pc-al-maratona-de-preparacao\/#primaryimage\"},\"thumbnailUrl\":\"https:\/\/www.estrategiaconcursos.com.br\/blog\/wp-content\/uploads\/2019\/07\/pc-al-1024x256.jpg\",\"datePublished\":\"2019-07-13T11:00:15+00:00\",\"breadcrumb\":{\"@id\":\"https:\/\/www.estrategiaconcursos.com.br\/blog\/concurso-pc-al-maratona-de-preparacao\/#breadcrumb\"},\"inLanguage\":\"pt-BR\",\"potentialAction\":[{\"@type\":\"ReadAction\",\"target\":[\"https:\/\/www.estrategiaconcursos.com.br\/blog\/concurso-pc-al-maratona-de-preparacao\/\"]}]},{\"@type\":\"ImageObject\",\"inLanguage\":\"pt-BR\",\"@id\":\"https:\/\/www.estrategiaconcursos.com.br\/blog\/concurso-pc-al-maratona-de-preparacao\/#primaryimage\",\"url\":\"https:\/\/dhg1h5j42swfq.cloudfront.net\/2019\/07\/08160647\/pc-al.jpg\",\"contentUrl\":\"https:\/\/dhg1h5j42swfq.cloudfront.net\/2019\/07\/08160647\/pc-al.jpg\",\"width\":1920,\"height\":480},{\"@type\":\"BreadcrumbList\",\"@id\":\"https:\/\/www.estrategiaconcursos.com.br\/blog\/concurso-pc-al-maratona-de-preparacao\/#breadcrumb\",\"itemListElement\":[{\"@type\":\"ListItem\",\"position\":1,\"name\":\"In\u00edcio\",\"item\":\"https:\/\/www.estrategiaconcursos.com.br\/blog\/\"},{\"@type\":\"ListItem\",\"position\":2,\"name\":\"Concurso PC AL: maratona de prepara\u00e7\u00e3o com aulas gr\u00e1tis\"}]},{\"@type\":\"WebSite\",\"@id\":\"https:\/\/www.estrategiaconcursos.com.br\/blog\/#website\",\"url\":\"https:\/\/www.estrategiaconcursos.com.br\/blog\/\",\"name\":\"Estrat\u00e9gia Concursos\",\"description\":\"O blog da Estrat\u00e9gia Concursos traz not\u00edcias sobre concursos e artigos de professores oferecendo cursos para concursos (pdf + videaulas) no site.\",\"publisher\":{\"@id\":\"https:\/\/www.estrategiaconcursos.com.br\/blog\/#organization\"},\"potentialAction\":[{\"@type\":\"SearchAction\",\"target\":{\"@type\":\"EntryPoint\",\"urlTemplate\":\"https:\/\/www.estrategiaconcursos.com.br\/blog\/?s={search_term_string}\"},\"query-input\":{\"@type\":\"PropertyValueSpecification\",\"valueRequired\":true,\"valueName\":\"search_term_string\"}}],\"inLanguage\":\"pt-BR\"},{\"@type\":\"Organization\",\"@id\":\"https:\/\/www.estrategiaconcursos.com.br\/blog\/#organization\",\"name\":\"Estrat\u00e9gia Concursos\",\"url\":\"https:\/\/www.estrategiaconcursos.com.br\/blog\/\",\"logo\":{\"@type\":\"ImageObject\",\"inLanguage\":\"pt-BR\",\"@id\":\"https:\/\/www.estrategiaconcursos.com.br\/blog\/#\/schema\/logo\/image\/\",\"url\":\"https:\/\/dhg1h5j42swfq.cloudfront.net\/2025\/06\/03203428\/logo_concursos-1.jpg\",\"contentUrl\":\"https:\/\/dhg1h5j42swfq.cloudfront.net\/2025\/06\/03203428\/logo_concursos-1.jpg\",\"width\":230,\"height\":60,\"caption\":\"Estrat\u00e9gia Concursos\"},\"image\":{\"@id\":\"https:\/\/www.estrategiaconcursos.com.br\/blog\/#\/schema\/logo\/image\/\"},\"sameAs\":[\"https:\/\/x.com\/EstratConcursos\"]},{\"@type\":\"Person\",\"@id\":\"https:\/\/www.estrategiaconcursos.com.br\/blog\/#\/schema\/person\/a630b15e36f45b4c21fed01219843cb5\",\"name\":\"Paulo Bilynskyj\",\"image\":{\"@type\":\"ImageObject\",\"inLanguage\":\"pt-BR\",\"@id\":\"https:\/\/secure.gravatar.com\/avatar\/37e21f70c9042e7456beffdc6d31fe051f3f6dcbf252f69343a791b144852057?s=96&d=mm&r=g\",\"url\":\"https:\/\/secure.gravatar.com\/avatar\/37e21f70c9042e7456beffdc6d31fe051f3f6dcbf252f69343a791b144852057?s=96&d=mm&r=g\",\"contentUrl\":\"https:\/\/secure.gravatar.com\/avatar\/37e21f70c9042e7456beffdc6d31fe051f3f6dcbf252f69343a791b144852057?s=96&d=mm&r=g\",\"caption\":\"Paulo Bilynskyj\"},\"url\":\"https:\/\/www.estrategiaconcursos.com.br\/blog\/author\/pbilynskyjgmail-com\/\"}]}<\/script>\n<!-- \/ Yoast SEO Premium plugin. -->","yoast_head_json":{"title":"Concurso PC AL: maratona de prepara\u00e7\u00e3o com aulas gr\u00e1tis","robots":{"index":"index","follow":"follow","max-snippet":"max-snippet:-1","max-image-preview":"max-image-preview:large","max-video-preview":"max-video-preview:-1"},"canonical":"https:\/\/www.estrategiaconcursos.com.br\/blog\/concurso-pc-al-maratona-de-preparacao\/","og_locale":"pt_BR","og_type":"article","og_title":"Concurso PC AL: maratona de prepara\u00e7\u00e3o com aulas gr\u00e1tis","og_description":"Foi confirmado pelo Governador Renan Filho, em sua conta do instagram, que a pr\u00f3xima edi\u00e7\u00e3o do concurso da Policia Federal de Alagoas ocorrer\u00e1 no segundo semestre deste ano. O Estrat\u00e9gia Concursos entrou em contato com o Sindpol-Al no in\u00edcio do ano para obter mais informa\u00e7\u00f5es sobre o concurso, o sindacato informou que \u00e9 previsto a [&hellip;]","og_url":"https:\/\/www.estrategiaconcursos.com.br\/blog\/concurso-pc-al-maratona-de-preparacao\/","og_site_name":"Estrat\u00e9gia Concursos","article_published_time":"2019-07-13T11:00:15+00:00","og_image":[{"url":"https:\/\/www.estrategiaconcursos.com.br\/blog\/wp-content\/uploads\/2019\/07\/pc-al-1024x256.jpg","type":"","width":"","height":""}],"author":"Paulo Bilynskyj","twitter_card":"summary_large_image","twitter_creator":"@EstratConcursos","twitter_site":"@EstratConcursos","twitter_misc":{"Escrito por":"Paulo Bilynskyj","Est. tempo de leitura":"2 minutos"},"schema":{"@context":"https:\/\/schema.org","@graph":[{"@type":"NewsArticle","@id":"https:\/\/www.estrategiaconcursos.com.br\/blog\/concurso-pc-al-maratona-de-preparacao\/#article","isPartOf":{"@id":"https:\/\/www.estrategiaconcursos.com.br\/blog\/concurso-pc-al-maratona-de-preparacao\/"},"author":{"name":"Paulo Bilynskyj","@id":"https:\/\/www.estrategiaconcursos.com.br\/blog\/#\/schema\/person\/a630b15e36f45b4c21fed01219843cb5"},"headline":"Concurso PC AL: maratona de prepara\u00e7\u00e3o com aulas gr\u00e1tis","datePublished":"2019-07-13T11:00:15+00:00","mainEntityOfPage":{"@id":"https:\/\/www.estrategiaconcursos.com.br\/blog\/concurso-pc-al-maratona-de-preparacao\/"},"wordCount":409,"commentCount":0,"publisher":{"@id":"https:\/\/www.estrategiaconcursos.com.br\/blog\/#organization"},"image":{"@id":"https:\/\/www.estrategiaconcursos.com.br\/blog\/concurso-pc-al-maratona-de-preparacao\/#primaryimage"},"thumbnailUrl":"https:\/\/www.estrategiaconcursos.com.br\/blog\/wp-content\/uploads\/2019\/07\/pc-al-1024x256.jpg","articleSection":["Concursos P\u00fablicos"],"inLanguage":"pt-BR","potentialAction":[{"@type":"CommentAction","name":"Comment","target":["https:\/\/www.estrategiaconcursos.com.br\/blog\/concurso-pc-al-maratona-de-preparacao\/#respond"]}],"copyrightYear":"2019","copyrightHolder":{"@id":"https:\/\/www.estrategiaconcursos.com.br\/blog\/#organization"}},{"@type":"WebPage","@id":"https:\/\/www.estrategiaconcursos.com.br\/blog\/concurso-pc-al-maratona-de-preparacao\/","url":"https:\/\/www.estrategiaconcursos.com.br\/blog\/concurso-pc-al-maratona-de-preparacao\/","name":"Concurso PC AL: maratona de prepara\u00e7\u00e3o com aulas gr\u00e1tis","isPartOf":{"@id":"https:\/\/www.estrategiaconcursos.com.br\/blog\/#website"},"primaryImageOfPage":{"@id":"https:\/\/www.estrategiaconcursos.com.br\/blog\/concurso-pc-al-maratona-de-preparacao\/#primaryimage"},"image":{"@id":"https:\/\/www.estrategiaconcursos.com.br\/blog\/concurso-pc-al-maratona-de-preparacao\/#primaryimage"},"thumbnailUrl":"https:\/\/www.estrategiaconcursos.com.br\/blog\/wp-content\/uploads\/2019\/07\/pc-al-1024x256.jpg","datePublished":"2019-07-13T11:00:15+00:00","breadcrumb":{"@id":"https:\/\/www.estrategiaconcursos.com.br\/blog\/concurso-pc-al-maratona-de-preparacao\/#breadcrumb"},"inLanguage":"pt-BR","potentialAction":[{"@type":"ReadAction","target":["https:\/\/www.estrategiaconcursos.com.br\/blog\/concurso-pc-al-maratona-de-preparacao\/"]}]},{"@type":"ImageObject","inLanguage":"pt-BR","@id":"https:\/\/www.estrategiaconcursos.com.br\/blog\/concurso-pc-al-maratona-de-preparacao\/#primaryimage","url":"https:\/\/dhg1h5j42swfq.cloudfront.net\/2019\/07\/08160647\/pc-al.jpg","contentUrl":"https:\/\/dhg1h5j42swfq.cloudfront.net\/2019\/07\/08160647\/pc-al.jpg","width":1920,"height":480},{"@type":"BreadcrumbList","@id":"https:\/\/www.estrategiaconcursos.com.br\/blog\/concurso-pc-al-maratona-de-preparacao\/#breadcrumb","itemListElement":[{"@type":"ListItem","position":1,"name":"In\u00edcio","item":"https:\/\/www.estrategiaconcursos.com.br\/blog\/"},{"@type":"ListItem","position":2,"name":"Concurso PC AL: maratona de prepara\u00e7\u00e3o com aulas gr\u00e1tis"}]},{"@type":"WebSite","@id":"https:\/\/www.estrategiaconcursos.com.br\/blog\/#website","url":"https:\/\/www.estrategiaconcursos.com.br\/blog\/","name":"Estrat\u00e9gia Concursos","description":"O blog da Estrat\u00e9gia Concursos traz not\u00edcias sobre concursos e artigos de professores oferecendo cursos para concursos (pdf + videaulas) no site.","publisher":{"@id":"https:\/\/www.estrategiaconcursos.com.br\/blog\/#organization"},"potentialAction":[{"@type":"SearchAction","target":{"@type":"EntryPoint","urlTemplate":"https:\/\/www.estrategiaconcursos.com.br\/blog\/?s={search_term_string}"},"query-input":{"@type":"PropertyValueSpecification","valueRequired":true,"valueName":"search_term_string"}}],"inLanguage":"pt-BR"},{"@type":"Organization","@id":"https:\/\/www.estrategiaconcursos.com.br\/blog\/#organization","name":"Estrat\u00e9gia Concursos","url":"https:\/\/www.estrategiaconcursos.com.br\/blog\/","logo":{"@type":"ImageObject","inLanguage":"pt-BR","@id":"https:\/\/www.estrategiaconcursos.com.br\/blog\/#\/schema\/logo\/image\/","url":"https:\/\/dhg1h5j42swfq.cloudfront.net\/2025\/06\/03203428\/logo_concursos-1.jpg","contentUrl":"https:\/\/dhg1h5j42swfq.cloudfront.net\/2025\/06\/03203428\/logo_concursos-1.jpg","width":230,"height":60,"caption":"Estrat\u00e9gia Concursos"},"image":{"@id":"https:\/\/www.estrategiaconcursos.com.br\/blog\/#\/schema\/logo\/image\/"},"sameAs":["https:\/\/x.com\/EstratConcursos"]},{"@type":"Person","@id":"https:\/\/www.estrategiaconcursos.com.br\/blog\/#\/schema\/person\/a630b15e36f45b4c21fed01219843cb5","name":"Paulo Bilynskyj","image":{"@type":"ImageObject","inLanguage":"pt-BR","@id":"https:\/\/secure.gravatar.com\/avatar\/37e21f70c9042e7456beffdc6d31fe051f3f6dcbf252f69343a791b144852057?s=96&d=mm&r=g","url":"https:\/\/secure.gravatar.com\/avatar\/37e21f70c9042e7456beffdc6d31fe051f3f6dcbf252f69343a791b144852057?s=96&d=mm&r=g","contentUrl":"https:\/\/secure.gravatar.com\/avatar\/37e21f70c9042e7456beffdc6d31fe051f3f6dcbf252f69343a791b144852057?s=96&d=mm&r=g","caption":"Paulo Bilynskyj"},"url":"https:\/\/www.estrategiaconcursos.com.br\/blog\/author\/pbilynskyjgmail-com\/"}]}},"_links":{"self":[{"href":"https:\/\/www.estrategiaconcursos.com.br\/blog\/wp-json\/wp\/v2\/posts\/394818","targetHints":{"allow":["GET"]}}],"collection":[{"href":"https:\/\/www.estrategiaconcursos.com.br\/blog\/wp-json\/wp\/v2\/posts"}],"about":[{"href":"https:\/\/www.estrategiaconcursos.com.br\/blog\/wp-json\/wp\/v2\/types\/post"}],"author":[{"embeddable":true,"href":"https:\/\/www.estrategiaconcursos.com.br\/blog\/wp-json\/wp\/v2\/users\/552"}],"replies":[{"embeddable":true,"href":"https:\/\/www.estrategiaconcursos.com.br\/blog\/wp-json\/wp\/v2\/comments?post=394818"}],"version-history":[{"count":6,"href":"https:\/\/www.estrategiaconcursos.com.br\/blog\/wp-json\/wp\/v2\/posts\/394818\/revisions"}],"predecessor-version":[{"id":397385,"href":"https:\/\/www.estrategiaconcursos.com.br\/blog\/wp-json\/wp\/v2\/posts\/394818\/revisions\/397385"}],"wp:attachment":[{"href":"https:\/\/www.estrategiaconcursos.com.br\/blog\/wp-json\/wp\/v2\/media?parent=394818"}],"wp:term":[{"taxonomy":"category","embeddable":true,"href":"https:\/\/www.estrategiaconcursos.com.br\/blog\/wp-json\/wp\/v2\/categories?post=394818"},{"taxonomy":"post_tag","embeddable":true,"href":"https:\/\/www.estrategiaconcursos.com.br\/blog\/wp-json\/wp\/v2\/tags?post=394818"},{"taxonomy":"tax_estado","embeddable":true,"href":"https:\/\/www.estrategiaconcursos.com.br\/blog\/wp-json\/wp\/v2\/tax_estado?post=394818"}],"curies":[{"name":"wp","href":"https:\/\/api.w.org\/{rel}","templated":true}]}}