{"id":394683,"date":"2019-07-03T15:19:58","date_gmt":"2019-07-03T18:19:58","guid":{"rendered":"https:\/\/www.estrategiaconcursos.com.br\/blog\/?p=394683"},"modified":"2019-11-11T20:23:29","modified_gmt":"2019-11-11T23:23:29","slug":"enem-prova-digital","status":"publish","type":"post","link":"https:\/\/www.estrategiaconcursos.com.br\/blog\/enem-prova-digital\/","title":{"rendered":"Enem: Provas digitais ser\u00e3o aplicadas a partir de 2020"},"content":{"rendered":"\n<h2 class=\"wp-block-heading\"><em>Exame dever\u00e1 ser aplicado para 50 mil candidatos<\/em><\/h2>\n\n\n\n<p>Foi anunciado nesta quarta-feira, 3 de julho, pelo Minist\u00e9rio da Educa\u00e7\u00e3o que a partir do pr\u00f3ximo ano as provas do Exame Nacional do Ensino M\u00e9dio, o <strong>Enem<\/strong>, come\u00e7ar\u00e1 a ser aplicado de forma digital em 15 capitais para 50 mil candidatos.<\/p>\n\n\n\n<p>A partir de 2020 os alunos poder\u00e3o optar por fazer a prova digital. A escolha dos candidatos que far\u00e3o a prova digital ser\u00e1 por ordem de inscri\u00e7\u00e3o. Os selecionados far\u00e3o a prova nos dias 11 e 18 de outubro, j\u00e1 os outros participantes que optarem pela prova escrita far\u00e3o nos dias 1 e 8 de novembro de 2020. <\/p>\n\n\n\n<p>O plano \u00e9 que as aplica\u00e7\u00f5es da prova digital aumentem ao longo dos anos at\u00e9 que em 2026 n\u00e3o se use mais o papel. J\u00e1 a taxa de cadastro para as duas modalidades custar\u00e1 o mesmo valor.<\/p>\n\n\n\n<p>De acordo com Alexandre Lopes, presidente do Instituto Nacional de Estudos e Pesquisas Educacionais An\u00edsio Teixeira,  a inten\u00e7\u00e3o \u00e9 que as provas sejam agendadas. As not\u00edcias foram dadas por Camilo Mussi, diretor do Inep e e pelo Ministro da Educa\u00e7\u00e3o, Abraham Wreintraub.<\/p>\n\n\n\n<p>Vale lembrar que a prova que ser\u00e1 aplicada esse ano seguir\u00e1 os mesmos moldes das edi\u00e7\u00f5es anteriores, impressas. A nova medida valer\u00e1 oficialmente a partir do ano de 2020 como informado anteriormente. <\/p>\n\n\n\n<p><strong><em>Veja abaixo as capitais que far\u00e3o a prova digitalizada em 2020<\/em><\/strong><\/p>\n\n\n\n<ul class=\"wp-block-list\"><li>Bel\u00e9m (PA)<\/li><li>Belo Horizonte (MG)<\/li><li>Bras\u00edlia (DF)<\/li><li>Campo Grande (MS)<\/li><li>Cuiab\u00e1 (MT)<\/li><li>Curitiba (PR)<\/li><li>Florian\u00f3polis (SC)<\/li><li>Goi\u00e2nia (GO)<\/li><li>Jo\u00e3o Pessoa (PB)<\/li><li>Manaus (AM)<\/li><li>Porto Alegre (RS)<\/li><li>Recife (PE)<\/li><li>Rio de Janeiro (RJ)<\/li><li>Salvador (BA)<\/li><li>S\u00e3o Paulo (SP)<\/li><\/ul>\n\n\n\n<p>Quanto \u00e0 seguran\u00e7a na aplica\u00e7\u00e3o da prova, o ministro garantiu que estar\u00e1 preservada, al\u00e9m de enfatizar que, em muitas pa\u00edses as provas s\u00e3o feitas digitalmente, e que o Brasil, deveria seguir a mesma linha, j\u00e1 que a parte das corre\u00e7\u00f5es j\u00e1 s\u00e3o informatizadas.<\/p>\n\n\n\n<p style=\"font-size:22px;text-align:center\" class=\"has-background has-luminous-vivid-amber-background-color\"><em><a href=\"https:\/\/www.estrategiaconcursos.com.br\/blog\/como-estudar-para-o-enem\/\">Como estudar para o ENEM<\/a><\/em><\/p>\n\n\n\n<p style=\"font-size:22px;text-align:center\" class=\"has-background has-light-green-cyan-background-color\"><em><a href=\"https:\/\/www.estrategiaconcursos.com.br\/blog\/redacao-nota-1000\/\">Reda\u00e7\u00e3o Nota 1000<\/a><\/em><\/p>\n\n\n\n<p style=\"font-size:22px;text-align:center\" class=\"has-background has-pale-cyan-blue-background-color\"><em><a href=\"https:\/\/www.estrategiaconcursos.com.br\/blog\/como-estudar-redacao-para-o-enem\/\">Como estudar Reda\u00e7\u00e3o para o ENEM<\/a><\/em><\/p>\n\n\n\n<p style=\"font-size:22px;text-align:center\" class=\"has-background has-very-light-gray-background-color\"><a href=\"https:\/\/www.estrategiaconcursos.com.br\/blog\/nota-do-enem-saiba-como-e-calculada-e-melhore-a-sua-pontuacao-na-prova\/\"><em>Como calcular a Nota do ENEM<\/em><\/a><\/p>\n","protected":false},"excerpt":{"rendered":"<p>Exame dever\u00e1 ser aplicado para 50 mil candidatos Foi anunciado nesta quarta-feira, 3 de julho, pelo Minist\u00e9rio da Educa\u00e7\u00e3o que a partir do pr\u00f3ximo ano as provas do Exame Nacional do Ensino M\u00e9dio, o Enem, come\u00e7ar\u00e1 a ser aplicado de forma digital em 15 capitais para 50 mil candidatos. A partir de 2020 os alunos [&hellip;]<\/p>\n","protected":false},"author":263,"featured_media":0,"comment_status":"open","ping_status":"closed","sticky":false,"template":"","format":"standard","meta":{"post_tipo":"article","footnotes":""},"categories":[],"tags":[],"tax_estado":[],"class_list":["post-394683","post","type-post","status-publish","format-standard","hentry"],"acf":[],"yoast_head":"<!-- This site is optimized with the Yoast SEO Premium plugin v27.2 (Yoast SEO v27.2) - https:\/\/yoast.com\/product\/yoast-seo-premium-wordpress\/ -->\n<title>Enem: Provas digitais ser\u00e3o aplicadas a partir de 2020<\/title>\n<meta name=\"robots\" content=\"index, follow, max-snippet:-1, max-image-preview:large, max-video-preview:-1\" \/>\n<link rel=\"canonical\" href=\"https:\/\/www.estrategiaconcursos.com.br\/blog\/enem-prova-digital\/\" \/>\n<meta property=\"og:locale\" content=\"pt_BR\" \/>\n<meta property=\"og:type\" content=\"article\" \/>\n<meta property=\"og:title\" content=\"Enem: Provas digitais ser\u00e3o aplicadas a partir de 2020\" \/>\n<meta property=\"og:description\" content=\"Exame dever\u00e1 ser aplicado para 50 mil candidatos Foi anunciado nesta quarta-feira, 3 de julho, pelo Minist\u00e9rio da Educa\u00e7\u00e3o que a partir do pr\u00f3ximo ano as provas do Exame Nacional do Ensino M\u00e9dio, o Enem, come\u00e7ar\u00e1 a ser aplicado de forma digital em 15 capitais para 50 mil candidatos. A partir de 2020 os alunos [&hellip;]\" \/>\n<meta property=\"og:url\" content=\"https:\/\/www.estrategiaconcursos.com.br\/blog\/enem-prova-digital\/\" \/>\n<meta property=\"og:site_name\" content=\"Estrat\u00e9gia Concursos\" \/>\n<meta property=\"article:published_time\" content=\"2019-07-03T18:19:58+00:00\" \/>\n<meta property=\"article:modified_time\" content=\"2019-11-11T23:23:29+00:00\" \/>\n<meta name=\"author\" content=\"Daniel dos Reis Lopes\" \/>\n<meta name=\"twitter:card\" content=\"summary_large_image\" \/>\n<meta name=\"twitter:creator\" content=\"@EstratConcursos\" \/>\n<meta name=\"twitter:site\" content=\"@EstratConcursos\" \/>\n<meta name=\"twitter:label1\" content=\"Escrito por\" \/>\n\t<meta name=\"twitter:data1\" content=\"Daniel dos Reis Lopes\" \/>\n\t<meta name=\"twitter:label2\" content=\"Est. tempo de leitura\" \/>\n\t<meta name=\"twitter:data2\" content=\"2 minutos\" \/>\n<script type=\"application\/ld+json\" class=\"yoast-schema-graph\">{\"@context\":\"https:\/\/schema.org\",\"@graph\":[{\"@type\":\"NewsArticle\",\"@id\":\"https:\/\/www.estrategiaconcursos.com.br\/blog\/enem-prova-digital\/#article\",\"isPartOf\":{\"@id\":\"https:\/\/www.estrategiaconcursos.com.br\/blog\/enem-prova-digital\/\"},\"author\":{\"name\":\"Daniel dos Reis Lopes\",\"@id\":\"https:\/\/www.estrategiaconcursos.com.br\/blog\/#\/schema\/person\/86e4af37234d422e94ca7e825b416814\"},\"headline\":\"Enem: Provas digitais ser\u00e3o aplicadas a partir de 2020\",\"datePublished\":\"2019-07-03T18:19:58+00:00\",\"dateModified\":\"2019-11-11T23:23:29+00:00\",\"mainEntityOfPage\":{\"@id\":\"https:\/\/www.estrategiaconcursos.com.br\/blog\/enem-prova-digital\/\"},\"wordCount\":354,\"commentCount\":0,\"publisher\":{\"@id\":\"https:\/\/www.estrategiaconcursos.com.br\/blog\/#organization\"},\"inLanguage\":\"pt-BR\",\"potentialAction\":[{\"@type\":\"CommentAction\",\"name\":\"Comment\",\"target\":[\"https:\/\/www.estrategiaconcursos.com.br\/blog\/enem-prova-digital\/#respond\"]}],\"copyrightYear\":\"2019\",\"copyrightHolder\":{\"@id\":\"https:\/\/www.estrategiaconcursos.com.br\/blog\/#organization\"}},{\"@type\":\"WebPage\",\"@id\":\"https:\/\/www.estrategiaconcursos.com.br\/blog\/enem-prova-digital\/\",\"url\":\"https:\/\/www.estrategiaconcursos.com.br\/blog\/enem-prova-digital\/\",\"name\":\"Enem: Provas digitais ser\u00e3o aplicadas a partir de 2020\",\"isPartOf\":{\"@id\":\"https:\/\/www.estrategiaconcursos.com.br\/blog\/#website\"},\"datePublished\":\"2019-07-03T18:19:58+00:00\",\"dateModified\":\"2019-11-11T23:23:29+00:00\",\"breadcrumb\":{\"@id\":\"https:\/\/www.estrategiaconcursos.com.br\/blog\/enem-prova-digital\/#breadcrumb\"},\"inLanguage\":\"pt-BR\",\"potentialAction\":[{\"@type\":\"ReadAction\",\"target\":[\"https:\/\/www.estrategiaconcursos.com.br\/blog\/enem-prova-digital\/\"]}]},{\"@type\":\"BreadcrumbList\",\"@id\":\"https:\/\/www.estrategiaconcursos.com.br\/blog\/enem-prova-digital\/#breadcrumb\",\"itemListElement\":[{\"@type\":\"ListItem\",\"position\":1,\"name\":\"In\u00edcio\",\"item\":\"https:\/\/www.estrategiaconcursos.com.br\/blog\/\"},{\"@type\":\"ListItem\",\"position\":2,\"name\":\"Enem: Provas digitais ser\u00e3o aplicadas a partir de 2020\"}]},{\"@type\":\"WebSite\",\"@id\":\"https:\/\/www.estrategiaconcursos.com.br\/blog\/#website\",\"url\":\"https:\/\/www.estrategiaconcursos.com.br\/blog\/\",\"name\":\"Estrat\u00e9gia Concursos\",\"description\":\"O blog da Estrat\u00e9gia Concursos traz not\u00edcias sobre concursos e artigos de professores oferecendo cursos para concursos (pdf + videaulas) no site.\",\"publisher\":{\"@id\":\"https:\/\/www.estrategiaconcursos.com.br\/blog\/#organization\"},\"potentialAction\":[{\"@type\":\"SearchAction\",\"target\":{\"@type\":\"EntryPoint\",\"urlTemplate\":\"https:\/\/www.estrategiaconcursos.com.br\/blog\/?s={search_term_string}\"},\"query-input\":{\"@type\":\"PropertyValueSpecification\",\"valueRequired\":true,\"valueName\":\"search_term_string\"}}],\"inLanguage\":\"pt-BR\"},{\"@type\":\"Organization\",\"@id\":\"https:\/\/www.estrategiaconcursos.com.br\/blog\/#organization\",\"name\":\"Estrat\u00e9gia Concursos\",\"url\":\"https:\/\/www.estrategiaconcursos.com.br\/blog\/\",\"logo\":{\"@type\":\"ImageObject\",\"inLanguage\":\"pt-BR\",\"@id\":\"https:\/\/www.estrategiaconcursos.com.br\/blog\/#\/schema\/logo\/image\/\",\"url\":\"https:\/\/dhg1h5j42swfq.cloudfront.net\/2025\/06\/03203428\/logo_concursos-1.jpg\",\"contentUrl\":\"https:\/\/dhg1h5j42swfq.cloudfront.net\/2025\/06\/03203428\/logo_concursos-1.jpg\",\"width\":230,\"height\":60,\"caption\":\"Estrat\u00e9gia Concursos\"},\"image\":{\"@id\":\"https:\/\/www.estrategiaconcursos.com.br\/blog\/#\/schema\/logo\/image\/\"},\"sameAs\":[\"https:\/\/x.com\/EstratConcursos\"]},{\"@type\":\"Person\",\"@id\":\"https:\/\/www.estrategiaconcursos.com.br\/blog\/#\/schema\/person\/86e4af37234d422e94ca7e825b416814\",\"name\":\"Daniel dos Reis Lopes\",\"image\":{\"@type\":\"ImageObject\",\"inLanguage\":\"pt-BR\",\"@id\":\"https:\/\/secure.gravatar.com\/avatar\/ea24ef981da4044d0a66f44402441129fdde22c4c8d87f39a45cae8d4f82075a?s=96&d=mm&r=g\",\"url\":\"https:\/\/secure.gravatar.com\/avatar\/ea24ef981da4044d0a66f44402441129fdde22c4c8d87f39a45cae8d4f82075a?s=96&d=mm&r=g\",\"contentUrl\":\"https:\/\/secure.gravatar.com\/avatar\/ea24ef981da4044d0a66f44402441129fdde22c4c8d87f39a45cae8d4f82075a?s=96&d=mm&r=g\",\"caption\":\"Daniel dos Reis Lopes\"},\"url\":\"https:\/\/www.estrategiaconcursos.com.br\/blog\/author\/d-reislopesgmail-com\/\"}]}<\/script>\n<!-- \/ Yoast SEO Premium plugin. -->","yoast_head_json":{"title":"Enem: Provas digitais ser\u00e3o aplicadas a partir de 2020","robots":{"index":"index","follow":"follow","max-snippet":"max-snippet:-1","max-image-preview":"max-image-preview:large","max-video-preview":"max-video-preview:-1"},"canonical":"https:\/\/www.estrategiaconcursos.com.br\/blog\/enem-prova-digital\/","og_locale":"pt_BR","og_type":"article","og_title":"Enem: Provas digitais ser\u00e3o aplicadas a partir de 2020","og_description":"Exame dever\u00e1 ser aplicado para 50 mil candidatos Foi anunciado nesta quarta-feira, 3 de julho, pelo Minist\u00e9rio da Educa\u00e7\u00e3o que a partir do pr\u00f3ximo ano as provas do Exame Nacional do Ensino M\u00e9dio, o Enem, come\u00e7ar\u00e1 a ser aplicado de forma digital em 15 capitais para 50 mil candidatos. A partir de 2020 os alunos [&hellip;]","og_url":"https:\/\/www.estrategiaconcursos.com.br\/blog\/enem-prova-digital\/","og_site_name":"Estrat\u00e9gia Concursos","article_published_time":"2019-07-03T18:19:58+00:00","article_modified_time":"2019-11-11T23:23:29+00:00","author":"Daniel dos Reis Lopes","twitter_card":"summary_large_image","twitter_creator":"@EstratConcursos","twitter_site":"@EstratConcursos","twitter_misc":{"Escrito por":"Daniel dos Reis Lopes","Est. tempo de leitura":"2 minutos"},"schema":{"@context":"https:\/\/schema.org","@graph":[{"@type":"NewsArticle","@id":"https:\/\/www.estrategiaconcursos.com.br\/blog\/enem-prova-digital\/#article","isPartOf":{"@id":"https:\/\/www.estrategiaconcursos.com.br\/blog\/enem-prova-digital\/"},"author":{"name":"Daniel dos Reis Lopes","@id":"https:\/\/www.estrategiaconcursos.com.br\/blog\/#\/schema\/person\/86e4af37234d422e94ca7e825b416814"},"headline":"Enem: Provas digitais ser\u00e3o aplicadas a partir de 2020","datePublished":"2019-07-03T18:19:58+00:00","dateModified":"2019-11-11T23:23:29+00:00","mainEntityOfPage":{"@id":"https:\/\/www.estrategiaconcursos.com.br\/blog\/enem-prova-digital\/"},"wordCount":354,"commentCount":0,"publisher":{"@id":"https:\/\/www.estrategiaconcursos.com.br\/blog\/#organization"},"inLanguage":"pt-BR","potentialAction":[{"@type":"CommentAction","name":"Comment","target":["https:\/\/www.estrategiaconcursos.com.br\/blog\/enem-prova-digital\/#respond"]}],"copyrightYear":"2019","copyrightHolder":{"@id":"https:\/\/www.estrategiaconcursos.com.br\/blog\/#organization"}},{"@type":"WebPage","@id":"https:\/\/www.estrategiaconcursos.com.br\/blog\/enem-prova-digital\/","url":"https:\/\/www.estrategiaconcursos.com.br\/blog\/enem-prova-digital\/","name":"Enem: Provas digitais ser\u00e3o aplicadas a partir de 2020","isPartOf":{"@id":"https:\/\/www.estrategiaconcursos.com.br\/blog\/#website"},"datePublished":"2019-07-03T18:19:58+00:00","dateModified":"2019-11-11T23:23:29+00:00","breadcrumb":{"@id":"https:\/\/www.estrategiaconcursos.com.br\/blog\/enem-prova-digital\/#breadcrumb"},"inLanguage":"pt-BR","potentialAction":[{"@type":"ReadAction","target":["https:\/\/www.estrategiaconcursos.com.br\/blog\/enem-prova-digital\/"]}]},{"@type":"BreadcrumbList","@id":"https:\/\/www.estrategiaconcursos.com.br\/blog\/enem-prova-digital\/#breadcrumb","itemListElement":[{"@type":"ListItem","position":1,"name":"In\u00edcio","item":"https:\/\/www.estrategiaconcursos.com.br\/blog\/"},{"@type":"ListItem","position":2,"name":"Enem: Provas digitais ser\u00e3o aplicadas a partir de 2020"}]},{"@type":"WebSite","@id":"https:\/\/www.estrategiaconcursos.com.br\/blog\/#website","url":"https:\/\/www.estrategiaconcursos.com.br\/blog\/","name":"Estrat\u00e9gia Concursos","description":"O blog da Estrat\u00e9gia Concursos traz not\u00edcias sobre concursos e artigos de professores oferecendo cursos para concursos (pdf + videaulas) no site.","publisher":{"@id":"https:\/\/www.estrategiaconcursos.com.br\/blog\/#organization"},"potentialAction":[{"@type":"SearchAction","target":{"@type":"EntryPoint","urlTemplate":"https:\/\/www.estrategiaconcursos.com.br\/blog\/?s={search_term_string}"},"query-input":{"@type":"PropertyValueSpecification","valueRequired":true,"valueName":"search_term_string"}}],"inLanguage":"pt-BR"},{"@type":"Organization","@id":"https:\/\/www.estrategiaconcursos.com.br\/blog\/#organization","name":"Estrat\u00e9gia Concursos","url":"https:\/\/www.estrategiaconcursos.com.br\/blog\/","logo":{"@type":"ImageObject","inLanguage":"pt-BR","@id":"https:\/\/www.estrategiaconcursos.com.br\/blog\/#\/schema\/logo\/image\/","url":"https:\/\/dhg1h5j42swfq.cloudfront.net\/2025\/06\/03203428\/logo_concursos-1.jpg","contentUrl":"https:\/\/dhg1h5j42swfq.cloudfront.net\/2025\/06\/03203428\/logo_concursos-1.jpg","width":230,"height":60,"caption":"Estrat\u00e9gia Concursos"},"image":{"@id":"https:\/\/www.estrategiaconcursos.com.br\/blog\/#\/schema\/logo\/image\/"},"sameAs":["https:\/\/x.com\/EstratConcursos"]},{"@type":"Person","@id":"https:\/\/www.estrategiaconcursos.com.br\/blog\/#\/schema\/person\/86e4af37234d422e94ca7e825b416814","name":"Daniel dos Reis Lopes","image":{"@type":"ImageObject","inLanguage":"pt-BR","@id":"https:\/\/secure.gravatar.com\/avatar\/ea24ef981da4044d0a66f44402441129fdde22c4c8d87f39a45cae8d4f82075a?s=96&d=mm&r=g","url":"https:\/\/secure.gravatar.com\/avatar\/ea24ef981da4044d0a66f44402441129fdde22c4c8d87f39a45cae8d4f82075a?s=96&d=mm&r=g","contentUrl":"https:\/\/secure.gravatar.com\/avatar\/ea24ef981da4044d0a66f44402441129fdde22c4c8d87f39a45cae8d4f82075a?s=96&d=mm&r=g","caption":"Daniel dos Reis Lopes"},"url":"https:\/\/www.estrategiaconcursos.com.br\/blog\/author\/d-reislopesgmail-com\/"}]}},"_links":{"self":[{"href":"https:\/\/www.estrategiaconcursos.com.br\/blog\/wp-json\/wp\/v2\/posts\/394683","targetHints":{"allow":["GET"]}}],"collection":[{"href":"https:\/\/www.estrategiaconcursos.com.br\/blog\/wp-json\/wp\/v2\/posts"}],"about":[{"href":"https:\/\/www.estrategiaconcursos.com.br\/blog\/wp-json\/wp\/v2\/types\/post"}],"author":[{"embeddable":true,"href":"https:\/\/www.estrategiaconcursos.com.br\/blog\/wp-json\/wp\/v2\/users\/263"}],"replies":[{"embeddable":true,"href":"https:\/\/www.estrategiaconcursos.com.br\/blog\/wp-json\/wp\/v2\/comments?post=394683"}],"version-history":[{"count":4,"href":"https:\/\/www.estrategiaconcursos.com.br\/blog\/wp-json\/wp\/v2\/posts\/394683\/revisions"}],"predecessor-version":[{"id":394801,"href":"https:\/\/www.estrategiaconcursos.com.br\/blog\/wp-json\/wp\/v2\/posts\/394683\/revisions\/394801"}],"wp:attachment":[{"href":"https:\/\/www.estrategiaconcursos.com.br\/blog\/wp-json\/wp\/v2\/media?parent=394683"}],"wp:term":[{"taxonomy":"category","embeddable":true,"href":"https:\/\/www.estrategiaconcursos.com.br\/blog\/wp-json\/wp\/v2\/categories?post=394683"},{"taxonomy":"post_tag","embeddable":true,"href":"https:\/\/www.estrategiaconcursos.com.br\/blog\/wp-json\/wp\/v2\/tags?post=394683"},{"taxonomy":"tax_estado","embeddable":true,"href":"https:\/\/www.estrategiaconcursos.com.br\/blog\/wp-json\/wp\/v2\/tax_estado?post=394683"}],"curies":[{"name":"wp","href":"https:\/\/api.w.org\/{rel}","templated":true}]}}