{"id":394594,"date":"2019-07-03T11:53:32","date_gmt":"2019-07-03T14:53:32","guid":{"rendered":"https:\/\/www.estrategiaconcursos.com.br\/blog\/?p=394594"},"modified":"2019-07-03T11:53:35","modified_gmt":"2019-07-03T14:53:35","slug":"concurso-cref-sp-retificacao-cronograma","status":"publish","type":"post","link":"https:\/\/www.estrategiaconcursos.com.br\/blog\/concurso-cref-sp-retificacao-cronograma\/","title":{"rendered":"Concurso CREF SP: data das provas sofrem novas  altera\u00e7\u00f5es"},"content":{"rendered":"\n<p>Foi publicado nesta semana pela banca organizadora do concurso CREF SP, o <strong>Instituto Mais<\/strong>, uma nova <strong><em>retifica\u00e7\u00e3o <\/em><\/strong>que altera o cronograma do certame. A <strong>prova objetiva<\/strong> estava prevista para ser realizada no m\u00eas passado, mas de acordo com a nova retifica\u00e7\u00e3o o exame deve ser feito no dia <strong><em>06 de outubro<\/em><\/strong>. <\/p>\n\n\n\n<p>Al\u00e9m disso a <strong>prova pr\u00e1tica<\/strong> para o cargo de <strong>Motorista<\/strong> tamb\u00e9m foi alterada passando para os dias <strong><em>07 e 08 de dezembro<\/em><\/strong>. Os candidatos ao cargo ser\u00e3o submetidos ainda a uma prova pr\u00e1tica de dire\u00e7\u00e3o veicular. Para ser convocado para esta etapa, ser\u00e1 necess\u00e1rio atingir a pontua\u00e7\u00e3o m\u00ednima na prova objetiva de 50%.<\/p>\n\n\n\n<p> Vale lembrar que o Conselho Regional de Educa\u00e7\u00e3o F\u00edsica da 4\u00aa Regi\u00e3o oferta <em><strong>21 vagas<\/strong><\/em>, distribu\u00eddas entre 15 cargos distintos de n\u00edvel <strong>t\u00e9cnico<\/strong>, <strong>m\u00e9dio<\/strong> e <strong>superior<\/strong>. Vale ressaltar que as <strong>inscri\u00e7\u00f5es<\/strong> para o concurso CREF SP est\u00e3o <strong>encerradas<\/strong>. <\/p>\n\n\n\n<p>Relembre os cargos ofertados no certame:<\/p>\n\n\n\n<p><strong>N\u00edvel M\u00e9dio\/ M\u00e9dio T\u00e9cnico Completo<\/strong><\/p>\n\n\n\n<ul class=\"wp-block-list\"><li>Atendente de Unidade M\u00f3vel \u2013 01 vaga<\/li><li>Motorista \u2013 01 vaga<\/li><li>Oficial Administrativo \u2013 01 vaga<\/li><li>Operador de Teleatendimento \u2013 02 vagas<\/li><li>T\u00e9cnico de Inform\u00e1tica \u2013 Suporte de Rede e Manuten\u00e7\u00e3o \u2013 01 vaga<\/li><\/ul>\n\n\n\n<p><strong>N\u00edvel Superior<\/strong><\/p>\n\n\n\n<ul class=\"wp-block-list\"><li>Agente de Orienta\u00e7\u00e3o e Fiscaliza\u00e7\u00e3o \u2013 01 vaga<\/li><li>Analista Cont\u00e1bil \u2013 02 vagas<\/li><li>Analista de Infraestrutura de TI \u2013 01 vaga<\/li><li>Analista de Licita\u00e7\u00e3o e Contratos \u2013 02 vagas<\/li><li>Analista de Marketing e Comunica\u00e7\u00e3o \u2013 01 vaga<\/li><li>Analista de Recursos Humanos \u2013 02 vagas<\/li><li>Analista de Sistemas de TI \u2013 01 vaga<\/li><li>Analista T\u00e9cnico em Educa\u00e7\u00e3o F\u00edsica \u2013 02 vagas<\/li><li>Controlador Interno \u2013 02 vagas<\/li><li>Ouvidor \u2013 01 vaga<\/li><\/ul>\n\n\n\n<p><em>Confira no link abaixo a retifica\u00e7\u00e3o feita no edital: <\/em><\/p>\n\n\n\n<p style=\"font-size:25px;text-align:center\" class=\"has-background has-very-light-gray-background-color\"><span style=\"text-decoration: underline;\"><a rel=\"noreferrer noopener\" aria-label=\"Retifica\u00e7\u00e3o concurso CREF SP (abre numa nova aba)\" href=\"https:\/\/blog-static.infra.grancursosonline.com.br\/wp-content\/uploads\/2019\/07\/03104937\/CREF4-SP-novo-cronograma-Edital-retificado.pdf\" target=\"_blank\">Retifica\u00e7\u00e3o concurso CREF SP<\/a><\/span><\/p>\n\n\n\n<p>Vale ressaltar que est\u00e1 n\u00e3o \u00e9 a primeira vez que o certame sofre <strong>retifica\u00e7\u00f5es<\/strong>. No inicio de <strong><em>abril <\/em><\/strong>o concurso sofreu mudan\u00e7as no <em>conte\u00fado program\u00e1tico, na parte de Conhecimentos Espec\u00edficos para os cargos de Agente de Orienta\u00e7\u00e3o e Fiscaliza\u00e7\u00e3o e Analista T\u00e9cnico em Educa\u00e7\u00e3o F\u00edsica. Al\u00e9m disso, o quantitativo de candidatos classificados que ter\u00e3o a prova corrigida foi alterado.<\/em><\/p>\n\n\n\n<p style=\"font-size:25px;text-align:center\" class=\"has-background has-pale-cyan-blue-background-color\">Mais informa\u00e7\u00f5es: <span style=\"text-decoration: underline;\"><a rel=\"noreferrer noopener\" aria-label=\"Concurso CREF SP (abre numa nova aba)\" href=\"https:\/\/www.estrategiaconcursos.com.br\/blog\/concurso-cref-sp\/\" target=\"_blank\">Concurso CREF SP<\/a><\/span><\/p>\n\n\n\n<p style=\"font-size:19px;text-align:center\"><strong><em>Quer estudar para Concurso CREF SP?<\/em><\/strong><\/p>\n\n\n\n<p style=\"font-size:18px;text-align:center\"><em><strong>Gostou desta oportunidade e deseja come\u00e7ar se preparar agora mesmo? Ent\u00e3o, confira os nossos cursos e comece a estudar para CREF SP:<\/strong><\/em><\/p>\n\n\n\n<p style=\"font-size:23px;text-align:center\" class=\"has-background has-luminous-vivid-amber-background-color\"><a rel=\"noreferrer noopener\" href=\"https:\/\/www.estrategiaconcursos.com.br\/cursosPorConcurso\/conselho-regional-de-educacao-fisica-de-sao-paulo-cref-sp-4-regiao\/\" target=\"_blank\"><em><strong>CURSO CREF SP<\/strong><\/em><\/a><\/p>\n\n\n\n<p style=\"font-size:19px;text-align:center\"><em><strong>Assinatura Anual Ilimitada*<\/strong><\/em><\/p>\n\n\n\n<p style=\"text-align:center\"><em>Prepare-se com o melhor material e com quem mais aprova em&nbsp;Concursos P\u00fablicos de todo o pa\u00eds. Assine agora a nossa Assinatura Anual e tenha acesso ilimitado* a todos os nossos cursos.<\/em><\/p>\n\n\n\n<p style=\"font-size:25px;text-align:center\" class=\"has-background has-light-green-cyan-background-color\"><strong>ASSINE AGORA<\/strong>&nbsp;\u2013&nbsp;<a rel=\"noreferrer noopener\" href=\"https:\/\/www.estrategiaconcursos.com.br\/assinaturas\/\" target=\"_blank\"><strong>Assinatura Ilimitada<\/strong><\/a><\/p>\n\n\n\n<p><em><br \/>Ascom Estrat\u00e9gia<br \/>ascomestrategia@gmail.com<\/em><\/p>\n\n\n\n<p style=\"text-align:center\"><em><strong>Receba not\u00edcias<\/strong><\/em><em><strong>&nbsp;de Concursos no seu WhatsApp e\/ou Telegram!<\/strong><\/em><\/p>\n\n\n\n<p style=\"text-align:center\"><em><strong>Cadastre-se clicando no \u00edcone abaixo<\/strong><\/em><\/p>\n\n\n\n<p style=\"text-align:center\"><a rel=\"noreferrer noopener\" href=\"https:\/\/www.estrategiaconcursos.com.br\/blog\/noticias-de-concursos-whatsapp-estrategia-concursos\/\" target=\"_blank\">Not\u00edcias de concursos no seu WhatsApp e\/ou Telegram<\/a><\/p>\n","protected":false},"excerpt":{"rendered":"<p>Foi publicado nesta semana pela banca organizadora do concurso CREF SP, o Instituto Mais, uma nova retifica\u00e7\u00e3o que altera o cronograma do certame. A prova objetiva estava prevista para ser realizada no m\u00eas passado, mas de acordo com a nova retifica\u00e7\u00e3o o exame deve ser feito no dia 06 de outubro. Al\u00e9m disso a prova [&hellip;]<\/p>\n","protected":false},"author":741,"featured_media":174883,"comment_status":"open","ping_status":"closed","sticky":false,"template":"","format":"standard","meta":{"post_tipo":"article","footnotes":""},"categories":[1],"tags":[],"tax_estado":[],"class_list":["post-394594","post","type-post","status-publish","format-standard","has-post-thumbnail","hentry","category-cursos-e-concursos"],"acf":[],"yoast_head":"<!-- This site is optimized with the Yoast SEO Premium plugin v27.2 (Yoast SEO v27.2) - https:\/\/yoast.com\/product\/yoast-seo-premium-wordpress\/ -->\n<title>Concurso CREF SP: data das provas sofrem novas altera\u00e7\u00f5es<\/title>\n<meta name=\"robots\" content=\"index, follow, max-snippet:-1, max-image-preview:large, max-video-preview:-1\" \/>\n<link rel=\"canonical\" href=\"https:\/\/www.estrategiaconcursos.com.br\/blog\/concurso-cref-sp-retificacao-cronograma\/\" \/>\n<meta property=\"og:locale\" content=\"pt_BR\" \/>\n<meta property=\"og:type\" content=\"article\" \/>\n<meta property=\"og:title\" content=\"Concurso CREF SP: data das provas sofrem novas altera\u00e7\u00f5es\" \/>\n<meta property=\"og:description\" content=\"Foi publicado nesta semana pela banca organizadora do concurso CREF SP, o Instituto Mais, uma nova retifica\u00e7\u00e3o que altera o cronograma do certame. A prova objetiva estava prevista para ser realizada no m\u00eas passado, mas de acordo com a nova retifica\u00e7\u00e3o o exame deve ser feito no dia 06 de outubro. Al\u00e9m disso a prova [&hellip;]\" \/>\n<meta property=\"og:url\" content=\"https:\/\/www.estrategiaconcursos.com.br\/blog\/concurso-cref-sp-retificacao-cronograma\/\" \/>\n<meta property=\"og:site_name\" content=\"Estrat\u00e9gia Concursos\" \/>\n<meta property=\"article:published_time\" content=\"2019-07-03T14:53:32+00:00\" \/>\n<meta property=\"article:modified_time\" content=\"2019-07-03T14:53:35+00:00\" \/>\n<meta property=\"og:image\" content=\"https:\/\/dhg1h5j42swfq.cloudfront.net\/2019\/03\/29084932\/Logomarca-CREF4SP_Horizontal_Cor_Com-Slogan_V11.2017-e1553860260893.png\" \/>\n\t<meta property=\"og:image:width\" content=\"400\" \/>\n\t<meta property=\"og:image:height\" content=\"170\" \/>\n\t<meta property=\"og:image:type\" content=\"image\/png\" \/>\n<meta name=\"author\" content=\"Brunno Lima\" \/>\n<meta name=\"twitter:card\" content=\"summary_large_image\" \/>\n<meta name=\"twitter:creator\" content=\"@EstratConcursos\" \/>\n<meta name=\"twitter:site\" content=\"@EstratConcursos\" \/>\n<meta name=\"twitter:label1\" content=\"Escrito por\" \/>\n\t<meta name=\"twitter:data1\" content=\"Brunno Lima\" \/>\n\t<meta name=\"twitter:label2\" content=\"Est. tempo de leitura\" \/>\n\t<meta name=\"twitter:data2\" content=\"2 minutos\" \/>\n<script type=\"application\/ld+json\" class=\"yoast-schema-graph\">{\"@context\":\"https:\/\/schema.org\",\"@graph\":[{\"@type\":\"NewsArticle\",\"@id\":\"https:\/\/www.estrategiaconcursos.com.br\/blog\/concurso-cref-sp-retificacao-cronograma\/#article\",\"isPartOf\":{\"@id\":\"https:\/\/www.estrategiaconcursos.com.br\/blog\/concurso-cref-sp-retificacao-cronograma\/\"},\"author\":{\"name\":\"Brunno Lima\",\"@id\":\"https:\/\/www.estrategiaconcursos.com.br\/blog\/#\/schema\/person\/2865ec132c3404c9912015dd7a24eb1e\"},\"headline\":\"Concurso CREF SP: data das provas sofrem novas altera\u00e7\u00f5es\",\"datePublished\":\"2019-07-03T14:53:32+00:00\",\"dateModified\":\"2019-07-03T14:53:35+00:00\",\"mainEntityOfPage\":{\"@id\":\"https:\/\/www.estrategiaconcursos.com.br\/blog\/concurso-cref-sp-retificacao-cronograma\/\"},\"wordCount\":469,\"commentCount\":0,\"publisher\":{\"@id\":\"https:\/\/www.estrategiaconcursos.com.br\/blog\/#organization\"},\"image\":{\"@id\":\"https:\/\/www.estrategiaconcursos.com.br\/blog\/concurso-cref-sp-retificacao-cronograma\/#primaryimage\"},\"thumbnailUrl\":\"https:\/\/dhg1h5j42swfq.cloudfront.net\/2019\/03\/29084932\/Logomarca-CREF4SP_Horizontal_Cor_Com-Slogan_V11.2017-e1553860260893.png\",\"articleSection\":[\"Concursos P\u00fablicos\"],\"inLanguage\":\"pt-BR\",\"potentialAction\":[{\"@type\":\"CommentAction\",\"name\":\"Comment\",\"target\":[\"https:\/\/www.estrategiaconcursos.com.br\/blog\/concurso-cref-sp-retificacao-cronograma\/#respond\"]}],\"copyrightYear\":\"2019\",\"copyrightHolder\":{\"@id\":\"https:\/\/www.estrategiaconcursos.com.br\/blog\/#organization\"}},{\"@type\":\"WebPage\",\"@id\":\"https:\/\/www.estrategiaconcursos.com.br\/blog\/concurso-cref-sp-retificacao-cronograma\/\",\"url\":\"https:\/\/www.estrategiaconcursos.com.br\/blog\/concurso-cref-sp-retificacao-cronograma\/\",\"name\":\"Concurso CREF SP: data das provas sofrem novas altera\u00e7\u00f5es\",\"isPartOf\":{\"@id\":\"https:\/\/www.estrategiaconcursos.com.br\/blog\/#website\"},\"primaryImageOfPage\":{\"@id\":\"https:\/\/www.estrategiaconcursos.com.br\/blog\/concurso-cref-sp-retificacao-cronograma\/#primaryimage\"},\"image\":{\"@id\":\"https:\/\/www.estrategiaconcursos.com.br\/blog\/concurso-cref-sp-retificacao-cronograma\/#primaryimage\"},\"thumbnailUrl\":\"https:\/\/dhg1h5j42swfq.cloudfront.net\/2019\/03\/29084932\/Logomarca-CREF4SP_Horizontal_Cor_Com-Slogan_V11.2017-e1553860260893.png\",\"datePublished\":\"2019-07-03T14:53:32+00:00\",\"dateModified\":\"2019-07-03T14:53:35+00:00\",\"breadcrumb\":{\"@id\":\"https:\/\/www.estrategiaconcursos.com.br\/blog\/concurso-cref-sp-retificacao-cronograma\/#breadcrumb\"},\"inLanguage\":\"pt-BR\",\"potentialAction\":[{\"@type\":\"ReadAction\",\"target\":[\"https:\/\/www.estrategiaconcursos.com.br\/blog\/concurso-cref-sp-retificacao-cronograma\/\"]}]},{\"@type\":\"ImageObject\",\"inLanguage\":\"pt-BR\",\"@id\":\"https:\/\/www.estrategiaconcursos.com.br\/blog\/concurso-cref-sp-retificacao-cronograma\/#primaryimage\",\"url\":\"https:\/\/dhg1h5j42swfq.cloudfront.net\/2019\/03\/29084932\/Logomarca-CREF4SP_Horizontal_Cor_Com-Slogan_V11.2017-e1553860260893.png\",\"contentUrl\":\"https:\/\/dhg1h5j42swfq.cloudfront.net\/2019\/03\/29084932\/Logomarca-CREF4SP_Horizontal_Cor_Com-Slogan_V11.2017-e1553860260893.png\",\"width\":400,\"height\":170,\"caption\":\"Concurso CREF SP\"},{\"@type\":\"BreadcrumbList\",\"@id\":\"https:\/\/www.estrategiaconcursos.com.br\/blog\/concurso-cref-sp-retificacao-cronograma\/#breadcrumb\",\"itemListElement\":[{\"@type\":\"ListItem\",\"position\":1,\"name\":\"In\u00edcio\",\"item\":\"https:\/\/www.estrategiaconcursos.com.br\/blog\/\"},{\"@type\":\"ListItem\",\"position\":2,\"name\":\"Concurso CREF SP: data das provas sofrem novas altera\u00e7\u00f5es\"}]},{\"@type\":\"WebSite\",\"@id\":\"https:\/\/www.estrategiaconcursos.com.br\/blog\/#website\",\"url\":\"https:\/\/www.estrategiaconcursos.com.br\/blog\/\",\"name\":\"Estrat\u00e9gia Concursos\",\"description\":\"O blog da Estrat\u00e9gia Concursos traz not\u00edcias sobre concursos e artigos de professores oferecendo cursos para concursos (pdf + videaulas) no site.\",\"publisher\":{\"@id\":\"https:\/\/www.estrategiaconcursos.com.br\/blog\/#organization\"},\"potentialAction\":[{\"@type\":\"SearchAction\",\"target\":{\"@type\":\"EntryPoint\",\"urlTemplate\":\"https:\/\/www.estrategiaconcursos.com.br\/blog\/?s={search_term_string}\"},\"query-input\":{\"@type\":\"PropertyValueSpecification\",\"valueRequired\":true,\"valueName\":\"search_term_string\"}}],\"inLanguage\":\"pt-BR\"},{\"@type\":\"Organization\",\"@id\":\"https:\/\/www.estrategiaconcursos.com.br\/blog\/#organization\",\"name\":\"Estrat\u00e9gia Concursos\",\"url\":\"https:\/\/www.estrategiaconcursos.com.br\/blog\/\",\"logo\":{\"@type\":\"ImageObject\",\"inLanguage\":\"pt-BR\",\"@id\":\"https:\/\/www.estrategiaconcursos.com.br\/blog\/#\/schema\/logo\/image\/\",\"url\":\"https:\/\/dhg1h5j42swfq.cloudfront.net\/2025\/06\/03203428\/logo_concursos-1.jpg\",\"contentUrl\":\"https:\/\/dhg1h5j42swfq.cloudfront.net\/2025\/06\/03203428\/logo_concursos-1.jpg\",\"width\":230,\"height\":60,\"caption\":\"Estrat\u00e9gia Concursos\"},\"image\":{\"@id\":\"https:\/\/www.estrategiaconcursos.com.br\/blog\/#\/schema\/logo\/image\/\"},\"sameAs\":[\"https:\/\/x.com\/EstratConcursos\"]},{\"@type\":\"Person\",\"@id\":\"https:\/\/www.estrategiaconcursos.com.br\/blog\/#\/schema\/person\/2865ec132c3404c9912015dd7a24eb1e\",\"name\":\"Brunno Lima\",\"image\":{\"@type\":\"ImageObject\",\"inLanguage\":\"pt-BR\",\"@id\":\"https:\/\/secure.gravatar.com\/avatar\/d40b472e5e2856222d4a4a1c3ee2189ed7d7a9f67dc3343b880cc1889a7bd6af?s=96&d=mm&r=g\",\"url\":\"https:\/\/secure.gravatar.com\/avatar\/d40b472e5e2856222d4a4a1c3ee2189ed7d7a9f67dc3343b880cc1889a7bd6af?s=96&d=mm&r=g\",\"contentUrl\":\"https:\/\/secure.gravatar.com\/avatar\/d40b472e5e2856222d4a4a1c3ee2189ed7d7a9f67dc3343b880cc1889a7bd6af?s=96&d=mm&r=g\",\"caption\":\"Brunno Lima\"},\"url\":\"https:\/\/www.estrategiaconcursos.com.br\/blog\/author\/brunnoestrategiaconcursos-com-br\/\"}]}<\/script>\n<!-- \/ Yoast SEO Premium plugin. -->","yoast_head_json":{"title":"Concurso CREF SP: data das provas sofrem novas altera\u00e7\u00f5es","robots":{"index":"index","follow":"follow","max-snippet":"max-snippet:-1","max-image-preview":"max-image-preview:large","max-video-preview":"max-video-preview:-1"},"canonical":"https:\/\/www.estrategiaconcursos.com.br\/blog\/concurso-cref-sp-retificacao-cronograma\/","og_locale":"pt_BR","og_type":"article","og_title":"Concurso CREF SP: data das provas sofrem novas altera\u00e7\u00f5es","og_description":"Foi publicado nesta semana pela banca organizadora do concurso CREF SP, o Instituto Mais, uma nova retifica\u00e7\u00e3o que altera o cronograma do certame. A prova objetiva estava prevista para ser realizada no m\u00eas passado, mas de acordo com a nova retifica\u00e7\u00e3o o exame deve ser feito no dia 06 de outubro. Al\u00e9m disso a prova [&hellip;]","og_url":"https:\/\/www.estrategiaconcursos.com.br\/blog\/concurso-cref-sp-retificacao-cronograma\/","og_site_name":"Estrat\u00e9gia Concursos","article_published_time":"2019-07-03T14:53:32+00:00","article_modified_time":"2019-07-03T14:53:35+00:00","og_image":[{"width":400,"height":170,"url":"https:\/\/dhg1h5j42swfq.cloudfront.net\/2019\/03\/29084932\/Logomarca-CREF4SP_Horizontal_Cor_Com-Slogan_V11.2017-e1553860260893.png","type":"image\/png"}],"author":"Brunno Lima","twitter_card":"summary_large_image","twitter_creator":"@EstratConcursos","twitter_site":"@EstratConcursos","twitter_misc":{"Escrito por":"Brunno Lima","Est. tempo de leitura":"2 minutos"},"schema":{"@context":"https:\/\/schema.org","@graph":[{"@type":"NewsArticle","@id":"https:\/\/www.estrategiaconcursos.com.br\/blog\/concurso-cref-sp-retificacao-cronograma\/#article","isPartOf":{"@id":"https:\/\/www.estrategiaconcursos.com.br\/blog\/concurso-cref-sp-retificacao-cronograma\/"},"author":{"name":"Brunno Lima","@id":"https:\/\/www.estrategiaconcursos.com.br\/blog\/#\/schema\/person\/2865ec132c3404c9912015dd7a24eb1e"},"headline":"Concurso CREF SP: data das provas sofrem novas altera\u00e7\u00f5es","datePublished":"2019-07-03T14:53:32+00:00","dateModified":"2019-07-03T14:53:35+00:00","mainEntityOfPage":{"@id":"https:\/\/www.estrategiaconcursos.com.br\/blog\/concurso-cref-sp-retificacao-cronograma\/"},"wordCount":469,"commentCount":0,"publisher":{"@id":"https:\/\/www.estrategiaconcursos.com.br\/blog\/#organization"},"image":{"@id":"https:\/\/www.estrategiaconcursos.com.br\/blog\/concurso-cref-sp-retificacao-cronograma\/#primaryimage"},"thumbnailUrl":"https:\/\/dhg1h5j42swfq.cloudfront.net\/2019\/03\/29084932\/Logomarca-CREF4SP_Horizontal_Cor_Com-Slogan_V11.2017-e1553860260893.png","articleSection":["Concursos P\u00fablicos"],"inLanguage":"pt-BR","potentialAction":[{"@type":"CommentAction","name":"Comment","target":["https:\/\/www.estrategiaconcursos.com.br\/blog\/concurso-cref-sp-retificacao-cronograma\/#respond"]}],"copyrightYear":"2019","copyrightHolder":{"@id":"https:\/\/www.estrategiaconcursos.com.br\/blog\/#organization"}},{"@type":"WebPage","@id":"https:\/\/www.estrategiaconcursos.com.br\/blog\/concurso-cref-sp-retificacao-cronograma\/","url":"https:\/\/www.estrategiaconcursos.com.br\/blog\/concurso-cref-sp-retificacao-cronograma\/","name":"Concurso CREF SP: data das provas sofrem novas altera\u00e7\u00f5es","isPartOf":{"@id":"https:\/\/www.estrategiaconcursos.com.br\/blog\/#website"},"primaryImageOfPage":{"@id":"https:\/\/www.estrategiaconcursos.com.br\/blog\/concurso-cref-sp-retificacao-cronograma\/#primaryimage"},"image":{"@id":"https:\/\/www.estrategiaconcursos.com.br\/blog\/concurso-cref-sp-retificacao-cronograma\/#primaryimage"},"thumbnailUrl":"https:\/\/dhg1h5j42swfq.cloudfront.net\/2019\/03\/29084932\/Logomarca-CREF4SP_Horizontal_Cor_Com-Slogan_V11.2017-e1553860260893.png","datePublished":"2019-07-03T14:53:32+00:00","dateModified":"2019-07-03T14:53:35+00:00","breadcrumb":{"@id":"https:\/\/www.estrategiaconcursos.com.br\/blog\/concurso-cref-sp-retificacao-cronograma\/#breadcrumb"},"inLanguage":"pt-BR","potentialAction":[{"@type":"ReadAction","target":["https:\/\/www.estrategiaconcursos.com.br\/blog\/concurso-cref-sp-retificacao-cronograma\/"]}]},{"@type":"ImageObject","inLanguage":"pt-BR","@id":"https:\/\/www.estrategiaconcursos.com.br\/blog\/concurso-cref-sp-retificacao-cronograma\/#primaryimage","url":"https:\/\/dhg1h5j42swfq.cloudfront.net\/2019\/03\/29084932\/Logomarca-CREF4SP_Horizontal_Cor_Com-Slogan_V11.2017-e1553860260893.png","contentUrl":"https:\/\/dhg1h5j42swfq.cloudfront.net\/2019\/03\/29084932\/Logomarca-CREF4SP_Horizontal_Cor_Com-Slogan_V11.2017-e1553860260893.png","width":400,"height":170,"caption":"Concurso CREF SP"},{"@type":"BreadcrumbList","@id":"https:\/\/www.estrategiaconcursos.com.br\/blog\/concurso-cref-sp-retificacao-cronograma\/#breadcrumb","itemListElement":[{"@type":"ListItem","position":1,"name":"In\u00edcio","item":"https:\/\/www.estrategiaconcursos.com.br\/blog\/"},{"@type":"ListItem","position":2,"name":"Concurso CREF SP: data das provas sofrem novas altera\u00e7\u00f5es"}]},{"@type":"WebSite","@id":"https:\/\/www.estrategiaconcursos.com.br\/blog\/#website","url":"https:\/\/www.estrategiaconcursos.com.br\/blog\/","name":"Estrat\u00e9gia Concursos","description":"O blog da Estrat\u00e9gia Concursos traz not\u00edcias sobre concursos e artigos de professores oferecendo cursos para concursos (pdf + videaulas) no site.","publisher":{"@id":"https:\/\/www.estrategiaconcursos.com.br\/blog\/#organization"},"potentialAction":[{"@type":"SearchAction","target":{"@type":"EntryPoint","urlTemplate":"https:\/\/www.estrategiaconcursos.com.br\/blog\/?s={search_term_string}"},"query-input":{"@type":"PropertyValueSpecification","valueRequired":true,"valueName":"search_term_string"}}],"inLanguage":"pt-BR"},{"@type":"Organization","@id":"https:\/\/www.estrategiaconcursos.com.br\/blog\/#organization","name":"Estrat\u00e9gia Concursos","url":"https:\/\/www.estrategiaconcursos.com.br\/blog\/","logo":{"@type":"ImageObject","inLanguage":"pt-BR","@id":"https:\/\/www.estrategiaconcursos.com.br\/blog\/#\/schema\/logo\/image\/","url":"https:\/\/dhg1h5j42swfq.cloudfront.net\/2025\/06\/03203428\/logo_concursos-1.jpg","contentUrl":"https:\/\/dhg1h5j42swfq.cloudfront.net\/2025\/06\/03203428\/logo_concursos-1.jpg","width":230,"height":60,"caption":"Estrat\u00e9gia Concursos"},"image":{"@id":"https:\/\/www.estrategiaconcursos.com.br\/blog\/#\/schema\/logo\/image\/"},"sameAs":["https:\/\/x.com\/EstratConcursos"]},{"@type":"Person","@id":"https:\/\/www.estrategiaconcursos.com.br\/blog\/#\/schema\/person\/2865ec132c3404c9912015dd7a24eb1e","name":"Brunno Lima","image":{"@type":"ImageObject","inLanguage":"pt-BR","@id":"https:\/\/secure.gravatar.com\/avatar\/d40b472e5e2856222d4a4a1c3ee2189ed7d7a9f67dc3343b880cc1889a7bd6af?s=96&d=mm&r=g","url":"https:\/\/secure.gravatar.com\/avatar\/d40b472e5e2856222d4a4a1c3ee2189ed7d7a9f67dc3343b880cc1889a7bd6af?s=96&d=mm&r=g","contentUrl":"https:\/\/secure.gravatar.com\/avatar\/d40b472e5e2856222d4a4a1c3ee2189ed7d7a9f67dc3343b880cc1889a7bd6af?s=96&d=mm&r=g","caption":"Brunno Lima"},"url":"https:\/\/www.estrategiaconcursos.com.br\/blog\/author\/brunnoestrategiaconcursos-com-br\/"}]}},"_links":{"self":[{"href":"https:\/\/www.estrategiaconcursos.com.br\/blog\/wp-json\/wp\/v2\/posts\/394594","targetHints":{"allow":["GET"]}}],"collection":[{"href":"https:\/\/www.estrategiaconcursos.com.br\/blog\/wp-json\/wp\/v2\/posts"}],"about":[{"href":"https:\/\/www.estrategiaconcursos.com.br\/blog\/wp-json\/wp\/v2\/types\/post"}],"author":[{"embeddable":true,"href":"https:\/\/www.estrategiaconcursos.com.br\/blog\/wp-json\/wp\/v2\/users\/741"}],"replies":[{"embeddable":true,"href":"https:\/\/www.estrategiaconcursos.com.br\/blog\/wp-json\/wp\/v2\/comments?post=394594"}],"version-history":[{"count":3,"href":"https:\/\/www.estrategiaconcursos.com.br\/blog\/wp-json\/wp\/v2\/posts\/394594\/revisions"}],"predecessor-version":[{"id":394616,"href":"https:\/\/www.estrategiaconcursos.com.br\/blog\/wp-json\/wp\/v2\/posts\/394594\/revisions\/394616"}],"wp:featuredmedia":[{"embeddable":true,"href":"https:\/\/www.estrategiaconcursos.com.br\/blog\/wp-json\/wp\/v2\/media\/174883"}],"wp:attachment":[{"href":"https:\/\/www.estrategiaconcursos.com.br\/blog\/wp-json\/wp\/v2\/media?parent=394594"}],"wp:term":[{"taxonomy":"category","embeddable":true,"href":"https:\/\/www.estrategiaconcursos.com.br\/blog\/wp-json\/wp\/v2\/categories?post=394594"},{"taxonomy":"post_tag","embeddable":true,"href":"https:\/\/www.estrategiaconcursos.com.br\/blog\/wp-json\/wp\/v2\/tags?post=394594"},{"taxonomy":"tax_estado","embeddable":true,"href":"https:\/\/www.estrategiaconcursos.com.br\/blog\/wp-json\/wp\/v2\/tax_estado?post=394594"}],"curies":[{"name":"wp","href":"https:\/\/api.w.org\/{rel}","templated":true}]}}