{"id":394497,"date":"2019-07-03T09:45:55","date_gmt":"2019-07-03T12:45:55","guid":{"rendered":"https:\/\/www.estrategiaconcursos.com.br\/blog\/?p=394497"},"modified":"2019-07-03T09:54:22","modified_gmt":"2019-07-03T12:54:22","slug":"edital-repescagem-oab-xxix","status":"publish","type":"post","link":"https:\/\/www.estrategiaconcursos.com.br\/blog\/edital-repescagem-oab-xxix\/","title":{"rendered":"Publicado o edital de repescagem no XXIX Exame de Ordem"},"content":{"rendered":"\n<h2 class=\"wp-block-heading\">Inscri\u00e7\u00f5es come\u00e7am em 4 de julho<\/h2>\n\n\n\n<p>O Conselho Federal da OAB divulgou na tarde desta ter\u00e7a-feira, 2 de julho, o edital de <strong>reaproveitamento<\/strong> dos resultados da 1\u00aa fase do XXVIII Exame de Ordem na edi\u00e7\u00e3o atual, o XXIX Exame.<\/p>\n\n\n\n<p>De acordo com as regras, os candidatos n\u00e3o aprovados na 2\u00aa fase do XXVIII Exame de Ordem poder\u00e3o prestar a prova pr\u00e1tico-profissional no XXIX Exame. O direito de participar da repescagem s\u00f3 se aplica ao exame <strong>imediatamente subsequente<\/strong> ao qual o examinando n\u00e3o logrou aprova\u00e7\u00e3o.<\/p>\n\n\n\n<p>As inscri\u00e7\u00f5es para o reaproveitamento estar\u00e3o abertas entre o meio-dia de <strong>4 de julho<\/strong> e se estendem at\u00e9 as <strong>17h <\/strong>de <strong>10 de julho<\/strong>. Todo o processo deve ser realizado pela internet, no portal da <strong>Funda\u00e7\u00e3o Get\u00falio Vargas (FGV) <\/strong>dedicado ao Exame de Ordem.<\/p>\n\n\n\n<p>O valor da taxa de inscri\u00e7\u00e3o \u00e9 de <strong>R$ 130,00<\/strong> e pode ser paga at\u00e9 o dia <strong>29 de julho de 2019. <\/strong>A prova da 2\u00aa fase do XXIX Exame ocorrer\u00e1 em todo o pa\u00eds no dia <strong>18 de agosto de 2019<\/strong>.<\/p>\n\n\n\n<h2 class=\"wp-block-heading\">Cronograma &#8211; XXIX Exame de Ordem<\/h2>\n\n\n\n<ul class=\"wp-block-list\"><li>Inscri\u00e7\u00f5es para a repescagem: 04 a 10\/07<\/li><li>Pagamento da taxa: at\u00e9 29\/07<\/li><li>Realiza\u00e7\u00e3o da 2\u00aa fase: 18\/08<\/li><li>Resultado preliminar: 10\/09<\/li><li>Prazo recursal: 11 a 14\/09<\/li><li>Resultado definitivo: 24\/09<\/li><\/ul>\n\n\n\n<h2 class=\"wp-block-heading\">Perguntas frequentes sobre a repescagem<\/h2>\n\n\n\n<p><em>Quem pode fazer a repescagem?<\/em><\/p>\n\n\n\n<p>Os candidatos reprovados na prova pr\u00e1tico-profissional no Exame de Ordem anterior, podem se reaproveitar sua aprova\u00e7\u00e3o na Primeira Fase para o Exame imediatamente subsequente.<\/p>\n\n\n\n<p><em>H\u00e1 limite de vezes para realizar a repescagem<\/em>?<\/p>\n\n\n\n<p><strong><em>Sim<\/em><\/strong>, o reaproveitamento da aprova\u00e7\u00e3o na&nbsp;Primeira Fase \u00e9 poss\u00edvel sempre uma \u00fanica vez, no exame seguinte ao qual o examinando foi reprovado na prova pr\u00e1tico-profissional.<\/p>\n\n\n\n<p><em>O que pode ser alterado na inscri\u00e7\u00e3o?<\/em><\/p>\n\n\n\n<p>Ao se inscrever na repescagem \u00e9 poss\u00edvel alterar a <strong>\u00e1rea profissional<\/strong>, o examinando  ter\u00e1 oportunidade de atualizar seus dados cadastrais no momento da solicita\u00e7\u00e3o, inclusive no que diz respeito \u00e0s suas op\u00e7\u00f5es de cidade de realiza\u00e7\u00e3o das provas e \u00e1rea jur\u00eddica da prova pr\u00e1tico profissional. <\/p>\n\n\n\n<p><em>Reaproveitei o resultado e fui reprovado de novo na Segunda Fase do Exame, e agora?<\/em><\/p>\n\n\n\n<p>Uma vez reprovado ap\u00f3s ter reaproveitado o resultado da Primeira Fase, o candidato deve se inscrever novamente no Exame, dessa vez no prazo normal previsto no\u00a0<strong><em>Edital de Abertura<\/em><\/strong>.<\/p>\n\n\n\n<h2 class=\"wp-block-heading\">Baixe o edital da repescagem<\/h2>\n\n\n\n<p style=\"font-size:25px;text-align:center\" class=\"has-background has-very-light-gray-background-color\"><a href=\"https:\/\/dhg1h5j42swfq.cloudfront.net\/2019\/07\/03094424\/Edital-Repescagem-OAB-XXIX.pdf\" target=\"_blank\" rel=\"noreferrer noopener\" aria-label=\"Edital Repescagem OAB XXIX (abre numa nova aba)\">Edital Repescagem OAB XXIX<\/a><\/p>\n\n\n\n<h2 class=\"wp-block-heading\">Nossas redes sociais<\/h2>\n\n\n\n<p><a href=\"https:\/\/www.instagram.com\/estrategiaoab\/\" target=\"_blank\" rel=\"noreferrer noopener\">Instagram Estrat\u00e9gia OAB<\/a><\/p>\n\n\n\n<p><a rel=\"noreferrer noopener\" href=\"https:\/\/www.youtube.com\/channel\/UC7rgrKTSF5aOrBGWOw60ovw\" target=\"_blank\">YouTube do Estrat\u00e9gia OAB<\/a><\/p>\n\n\n\n<h2 class=\"wp-block-heading\">Pacotes completos para a 1\u00aa fase<\/h2>\n\n\n\n<p><strong><a href=\"https:\/\/www.estrategiaconcursos.com.br\/cursosPorConcurso\/exame-de-ordem-oab-1-fase\/\">Cursos OAB 1\u00aa fase<\/a><\/strong><\/p>\n\n\n\n<h2 class=\"wp-block-heading\">Pacotes completos para a 2\u00aa fase<\/h2>\n\n\n\n<p><a href=\"https:\/\/www.estrategiaconcursos.com.br\/curso\/1-curso-de-direito-administrativo-p-oab-2-fase-xxviii-exame-de-ordem-com-monitoria\/\" target=\"_blank\" rel=\"noreferrer noopener\">Direito Administrativo (com Monitoria)<\/a><\/p>\n\n\n\n<p><a href=\"https:\/\/www.estrategiaconcursos.com.br\/curso\/curso-de-direito-administrativo-p-oab-2-fase-xxviii-exame-de-ordem\/\">Direito Administrativo<\/a><\/p>\n\n\n\n<p><a href=\"https:\/\/www.estrategiaconcursos.com.br\/curso\/3-curso-de-direito-constitucional-p-oab-2-fase-xxviii-exame-de-ordem-com-monitoria\/\" target=\"_blank\" rel=\"noreferrer noopener\">Direito Constitucional (com Monitoria)<\/a><\/p>\n\n\n\n<p><a href=\"https:\/\/www.estrategiaconcursos.com.br\/curso\/curso-de-direito-constitucional-p-oab-2-fase-xxviii-exame-de-ordem\/\">Direito Constitucional<\/a><\/p>\n\n\n\n<p><a href=\"https:\/\/www.estrategiaconcursos.com.br\/curso\/2-curso-de-direito-civil-p-oab-2-fase-xxviii-exame-de-ordem-com-monitoria\/\" target=\"_blank\" rel=\"noreferrer noopener\">Direito Civil (com Monitoria)<\/a><\/p>\n\n\n\n<p><a href=\"https:\/\/www.estrategiaconcursos.com.br\/curso\/curso-de-direito-civil-p-oab-2-fase-xxviii-exame-de-ordem\/\" target=\"_blank\" rel=\"noreferrer noopener\">Direito Civil<\/a><\/p>\n\n\n\n<p><a href=\"https:\/\/www.estrategiaconcursos.com.br\/curso\/5-curso-de-direito-do-trabalho-p-oab-2-fase-xxviii-exame-de-ordem-com-monitoria\/\" target=\"_blank\" rel=\"noreferrer noopener\">Direito do Trabalho (com Monitoria)<\/a><\/p>\n\n\n\n<p><a href=\"https:\/\/www.estrategiaconcursos.com.br\/curso\/curso-de-direito-do-trabalho-p-oab-2-fase-xxviii-exame-de-ordem\/\" target=\"_blank\" rel=\"noreferrer noopener\">Direito do Trabalho<\/a><\/p>\n\n\n\n<p><a href=\"https:\/\/www.estrategiaconcursos.com.br\/curso\/7-curso-de-direito-empresarial-p-oab-2-fase-xxviii-exame-de-ordem-com-monitoria\/\" target=\"_blank\" rel=\"noreferrer noopener\">Direito Empresarial (com Monitoria)<\/a><\/p>\n\n\n\n<p><a href=\"https:\/\/www.estrategiaconcursos.com.br\/curso\/curso-de-direito-empresarial-p-oab-2-fase-xxviii-exame-de-ordem\/\" target=\"_blank\" rel=\"noreferrer noopener\">Direito Empresarial<\/a><\/p>\n\n\n\n<p><a href=\"https:\/\/www.estrategiaconcursos.com.br\/curso\/4-curso-de-direito-penal-p-oab-2-fase-xxviii-exame-de-ordem-com-monitoria\/\">Direito Penal (com Monitoria)<\/a><\/p>\n\n\n\n<p><a href=\"https:\/\/www.estrategiaconcursos.com.br\/curso\/curso-de-direito-penal-p-oab-2-fase-xxviii-exame-de-ordem\/\" target=\"_blank\" rel=\"noreferrer noopener\">Direito Penal<\/a><\/p>\n\n\n\n<p><a href=\"https:\/\/www.estrategiaconcursos.com.br\/curso\/6-curso-de-direito-tributario-p-oab-2-fase-xxviii-exame-de-ordem-com-monitoria\/\" target=\"_blank\" rel=\"noreferrer noopener\">Direito Tribut\u00e1rio (com Monitoria)<\/a><\/p>\n\n\n\n<p><a rel=\"noreferrer noopener\" href=\"https:\/\/www.estrategiaconcursos.com.br\/curso\/curso-de-direito-tributario-p-oab-2-fase-xxviii-exame-de-ordem\/\" target=\"_blank\">Direito Tribut\u00e1rio<\/a><\/p>\n","protected":false},"excerpt":{"rendered":"<p>Inscri\u00e7\u00f5es come\u00e7am em 4 de julho O Conselho Federal da OAB divulgou na tarde desta ter\u00e7a-feira, 2 de julho, o edital de reaproveitamento dos resultados da 1\u00aa fase do XXVIII Exame de Ordem na edi\u00e7\u00e3o atual, o XXIX Exame. De acordo com as regras, os candidatos n\u00e3o aprovados na 2\u00aa fase do XXVIII Exame de [&hellip;]<\/p>\n","protected":false},"author":180,"featured_media":182668,"comment_status":"open","ping_status":"closed","sticky":false,"template":"","format":"standard","meta":{"post_tipo":"article","footnotes":""},"categories":[1],"tags":[],"tax_estado":[],"class_list":["post-394497","post","type-post","status-publish","format-standard","has-post-thumbnail","hentry","category-cursos-e-concursos"],"acf":[],"yoast_head":"<!-- This site is optimized with the Yoast SEO Premium plugin v27.2 (Yoast SEO v27.2) - https:\/\/yoast.com\/product\/yoast-seo-premium-wordpress\/ -->\n<title>Publicado o edital de repescagem no XXIX Exame de Ordem<\/title>\n<meta name=\"robots\" content=\"index, follow, max-snippet:-1, max-image-preview:large, max-video-preview:-1\" \/>\n<link rel=\"canonical\" href=\"https:\/\/www.estrategiaconcursos.com.br\/blog\/edital-repescagem-oab-xxix\/\" \/>\n<meta property=\"og:locale\" content=\"pt_BR\" \/>\n<meta property=\"og:type\" content=\"article\" \/>\n<meta property=\"og:title\" content=\"Publicado o edital de repescagem no XXIX Exame de Ordem\" \/>\n<meta property=\"og:description\" content=\"Inscri\u00e7\u00f5es come\u00e7am em 4 de julho O Conselho Federal da OAB divulgou na tarde desta ter\u00e7a-feira, 2 de julho, o edital de reaproveitamento dos resultados da 1\u00aa fase do XXVIII Exame de Ordem na edi\u00e7\u00e3o atual, o XXIX Exame. De acordo com as regras, os candidatos n\u00e3o aprovados na 2\u00aa fase do XXVIII Exame de [&hellip;]\" \/>\n<meta property=\"og:url\" content=\"https:\/\/www.estrategiaconcursos.com.br\/blog\/edital-repescagem-oab-xxix\/\" \/>\n<meta property=\"og:site_name\" content=\"Estrat\u00e9gia Concursos\" \/>\n<meta property=\"article:author\" content=\"https:\/\/www.facebook.com\/ricardo.s.torques\" \/>\n<meta property=\"article:published_time\" content=\"2019-07-03T12:45:55+00:00\" \/>\n<meta property=\"article:modified_time\" content=\"2019-07-03T12:54:22+00:00\" \/>\n<meta property=\"og:image\" content=\"https:\/\/dhg1h5j42swfq.cloudfront.net\/2019\/04\/10115514\/exame-de-ordem.jpg\" \/>\n\t<meta property=\"og:image:width\" content=\"398\" \/>\n\t<meta property=\"og:image:height\" content=\"209\" \/>\n\t<meta property=\"og:image:type\" content=\"image\/jpeg\" \/>\n<meta name=\"author\" content=\"Ricardo Torques\" \/>\n<meta name=\"twitter:card\" content=\"summary_large_image\" \/>\n<meta name=\"twitter:creator\" content=\"@EstratConcursos\" \/>\n<meta name=\"twitter:site\" content=\"@EstratConcursos\" \/>\n<meta name=\"twitter:label1\" content=\"Escrito por\" \/>\n\t<meta name=\"twitter:data1\" content=\"Ricardo Torques\" \/>\n\t<meta name=\"twitter:label2\" content=\"Est. tempo de leitura\" \/>\n\t<meta name=\"twitter:data2\" content=\"2 minutos\" \/>\n<script type=\"application\/ld+json\" class=\"yoast-schema-graph\">{\"@context\":\"https:\/\/schema.org\",\"@graph\":[{\"@type\":\"NewsArticle\",\"@id\":\"https:\/\/www.estrategiaconcursos.com.br\/blog\/edital-repescagem-oab-xxix\/#article\",\"isPartOf\":{\"@id\":\"https:\/\/www.estrategiaconcursos.com.br\/blog\/edital-repescagem-oab-xxix\/\"},\"author\":{\"name\":\"Ricardo Torques\",\"@id\":\"https:\/\/www.estrategiaconcursos.com.br\/blog\/#\/schema\/person\/aa39cf5ddb518e5bdce27c35788405e2\"},\"headline\":\"Publicado o edital de repescagem no XXIX Exame de Ordem\",\"datePublished\":\"2019-07-03T12:45:55+00:00\",\"dateModified\":\"2019-07-03T12:54:22+00:00\",\"mainEntityOfPage\":{\"@id\":\"https:\/\/www.estrategiaconcursos.com.br\/blog\/edital-repescagem-oab-xxix\/\"},\"wordCount\":465,\"commentCount\":0,\"publisher\":{\"@id\":\"https:\/\/www.estrategiaconcursos.com.br\/blog\/#organization\"},\"image\":{\"@id\":\"https:\/\/www.estrategiaconcursos.com.br\/blog\/edital-repescagem-oab-xxix\/#primaryimage\"},\"thumbnailUrl\":\"https:\/\/dhg1h5j42swfq.cloudfront.net\/2019\/04\/10115514\/exame-de-ordem.jpg\",\"articleSection\":[\"Concursos P\u00fablicos\"],\"inLanguage\":\"pt-BR\",\"potentialAction\":[{\"@type\":\"CommentAction\",\"name\":\"Comment\",\"target\":[\"https:\/\/www.estrategiaconcursos.com.br\/blog\/edital-repescagem-oab-xxix\/#respond\"]}],\"copyrightYear\":\"2019\",\"copyrightHolder\":{\"@id\":\"https:\/\/www.estrategiaconcursos.com.br\/blog\/#organization\"}},{\"@type\":\"WebPage\",\"@id\":\"https:\/\/www.estrategiaconcursos.com.br\/blog\/edital-repescagem-oab-xxix\/\",\"url\":\"https:\/\/www.estrategiaconcursos.com.br\/blog\/edital-repescagem-oab-xxix\/\",\"name\":\"Publicado o edital de repescagem no XXIX Exame de Ordem\",\"isPartOf\":{\"@id\":\"https:\/\/www.estrategiaconcursos.com.br\/blog\/#website\"},\"primaryImageOfPage\":{\"@id\":\"https:\/\/www.estrategiaconcursos.com.br\/blog\/edital-repescagem-oab-xxix\/#primaryimage\"},\"image\":{\"@id\":\"https:\/\/www.estrategiaconcursos.com.br\/blog\/edital-repescagem-oab-xxix\/#primaryimage\"},\"thumbnailUrl\":\"https:\/\/dhg1h5j42swfq.cloudfront.net\/2019\/04\/10115514\/exame-de-ordem.jpg\",\"datePublished\":\"2019-07-03T12:45:55+00:00\",\"dateModified\":\"2019-07-03T12:54:22+00:00\",\"breadcrumb\":{\"@id\":\"https:\/\/www.estrategiaconcursos.com.br\/blog\/edital-repescagem-oab-xxix\/#breadcrumb\"},\"inLanguage\":\"pt-BR\",\"potentialAction\":[{\"@type\":\"ReadAction\",\"target\":[\"https:\/\/www.estrategiaconcursos.com.br\/blog\/edital-repescagem-oab-xxix\/\"]}]},{\"@type\":\"ImageObject\",\"inLanguage\":\"pt-BR\",\"@id\":\"https:\/\/www.estrategiaconcursos.com.br\/blog\/edital-repescagem-oab-xxix\/#primaryimage\",\"url\":\"https:\/\/dhg1h5j42swfq.cloudfront.net\/2019\/04\/10115514\/exame-de-ordem.jpg\",\"contentUrl\":\"https:\/\/dhg1h5j42swfq.cloudfront.net\/2019\/04\/10115514\/exame-de-ordem.jpg\",\"width\":398,\"height\":209,\"caption\":\"exame de ordem\"},{\"@type\":\"BreadcrumbList\",\"@id\":\"https:\/\/www.estrategiaconcursos.com.br\/blog\/edital-repescagem-oab-xxix\/#breadcrumb\",\"itemListElement\":[{\"@type\":\"ListItem\",\"position\":1,\"name\":\"In\u00edcio\",\"item\":\"https:\/\/www.estrategiaconcursos.com.br\/blog\/\"},{\"@type\":\"ListItem\",\"position\":2,\"name\":\"Publicado o edital de repescagem no XXIX Exame de Ordem\"}]},{\"@type\":\"WebSite\",\"@id\":\"https:\/\/www.estrategiaconcursos.com.br\/blog\/#website\",\"url\":\"https:\/\/www.estrategiaconcursos.com.br\/blog\/\",\"name\":\"Estrat\u00e9gia Concursos\",\"description\":\"O blog da Estrat\u00e9gia Concursos traz not\u00edcias sobre concursos e artigos de professores oferecendo cursos para concursos (pdf + videaulas) no site.\",\"publisher\":{\"@id\":\"https:\/\/www.estrategiaconcursos.com.br\/blog\/#organization\"},\"potentialAction\":[{\"@type\":\"SearchAction\",\"target\":{\"@type\":\"EntryPoint\",\"urlTemplate\":\"https:\/\/www.estrategiaconcursos.com.br\/blog\/?s={search_term_string}\"},\"query-input\":{\"@type\":\"PropertyValueSpecification\",\"valueRequired\":true,\"valueName\":\"search_term_string\"}}],\"inLanguage\":\"pt-BR\"},{\"@type\":\"Organization\",\"@id\":\"https:\/\/www.estrategiaconcursos.com.br\/blog\/#organization\",\"name\":\"Estrat\u00e9gia Concursos\",\"url\":\"https:\/\/www.estrategiaconcursos.com.br\/blog\/\",\"logo\":{\"@type\":\"ImageObject\",\"inLanguage\":\"pt-BR\",\"@id\":\"https:\/\/www.estrategiaconcursos.com.br\/blog\/#\/schema\/logo\/image\/\",\"url\":\"https:\/\/dhg1h5j42swfq.cloudfront.net\/2025\/06\/03203428\/logo_concursos-1.jpg\",\"contentUrl\":\"https:\/\/dhg1h5j42swfq.cloudfront.net\/2025\/06\/03203428\/logo_concursos-1.jpg\",\"width\":230,\"height\":60,\"caption\":\"Estrat\u00e9gia Concursos\"},\"image\":{\"@id\":\"https:\/\/www.estrategiaconcursos.com.br\/blog\/#\/schema\/logo\/image\/\"},\"sameAs\":[\"https:\/\/x.com\/EstratConcursos\"]},{\"@type\":\"Person\",\"@id\":\"https:\/\/www.estrategiaconcursos.com.br\/blog\/#\/schema\/person\/aa39cf5ddb518e5bdce27c35788405e2\",\"name\":\"Ricardo Torques\",\"image\":{\"@type\":\"ImageObject\",\"inLanguage\":\"pt-BR\",\"@id\":\"https:\/\/secure.gravatar.com\/avatar\/ce9ac6c3cff25fe86d15ed568ebc64d1724baf5c0693133bcb1f6073f712f92a?s=96&d=mm&r=g\",\"url\":\"https:\/\/secure.gravatar.com\/avatar\/ce9ac6c3cff25fe86d15ed568ebc64d1724baf5c0693133bcb1f6073f712f92a?s=96&d=mm&r=g\",\"contentUrl\":\"https:\/\/secure.gravatar.com\/avatar\/ce9ac6c3cff25fe86d15ed568ebc64d1724baf5c0693133bcb1f6073f712f92a?s=96&d=mm&r=g\",\"caption\":\"Ricardo Torques\"},\"sameAs\":[\"https:\/\/www.facebook.com\/ricardo.s.torques\"],\"url\":\"https:\/\/www.estrategiaconcursos.com.br\/blog\/author\/ricardotorquesestrategiaconcursos-com-br\/\"}]}<\/script>\n<!-- \/ Yoast SEO Premium plugin. -->","yoast_head_json":{"title":"Publicado o edital de repescagem no XXIX Exame de Ordem","robots":{"index":"index","follow":"follow","max-snippet":"max-snippet:-1","max-image-preview":"max-image-preview:large","max-video-preview":"max-video-preview:-1"},"canonical":"https:\/\/www.estrategiaconcursos.com.br\/blog\/edital-repescagem-oab-xxix\/","og_locale":"pt_BR","og_type":"article","og_title":"Publicado o edital de repescagem no XXIX Exame de Ordem","og_description":"Inscri\u00e7\u00f5es come\u00e7am em 4 de julho O Conselho Federal da OAB divulgou na tarde desta ter\u00e7a-feira, 2 de julho, o edital de reaproveitamento dos resultados da 1\u00aa fase do XXVIII Exame de Ordem na edi\u00e7\u00e3o atual, o XXIX Exame. De acordo com as regras, os candidatos n\u00e3o aprovados na 2\u00aa fase do XXVIII Exame de [&hellip;]","og_url":"https:\/\/www.estrategiaconcursos.com.br\/blog\/edital-repescagem-oab-xxix\/","og_site_name":"Estrat\u00e9gia Concursos","article_author":"https:\/\/www.facebook.com\/ricardo.s.torques","article_published_time":"2019-07-03T12:45:55+00:00","article_modified_time":"2019-07-03T12:54:22+00:00","og_image":[{"width":398,"height":209,"url":"https:\/\/dhg1h5j42swfq.cloudfront.net\/2019\/04\/10115514\/exame-de-ordem.jpg","type":"image\/jpeg"}],"author":"Ricardo Torques","twitter_card":"summary_large_image","twitter_creator":"@EstratConcursos","twitter_site":"@EstratConcursos","twitter_misc":{"Escrito por":"Ricardo Torques","Est. tempo de leitura":"2 minutos"},"schema":{"@context":"https:\/\/schema.org","@graph":[{"@type":"NewsArticle","@id":"https:\/\/www.estrategiaconcursos.com.br\/blog\/edital-repescagem-oab-xxix\/#article","isPartOf":{"@id":"https:\/\/www.estrategiaconcursos.com.br\/blog\/edital-repescagem-oab-xxix\/"},"author":{"name":"Ricardo Torques","@id":"https:\/\/www.estrategiaconcursos.com.br\/blog\/#\/schema\/person\/aa39cf5ddb518e5bdce27c35788405e2"},"headline":"Publicado o edital de repescagem no XXIX Exame de Ordem","datePublished":"2019-07-03T12:45:55+00:00","dateModified":"2019-07-03T12:54:22+00:00","mainEntityOfPage":{"@id":"https:\/\/www.estrategiaconcursos.com.br\/blog\/edital-repescagem-oab-xxix\/"},"wordCount":465,"commentCount":0,"publisher":{"@id":"https:\/\/www.estrategiaconcursos.com.br\/blog\/#organization"},"image":{"@id":"https:\/\/www.estrategiaconcursos.com.br\/blog\/edital-repescagem-oab-xxix\/#primaryimage"},"thumbnailUrl":"https:\/\/dhg1h5j42swfq.cloudfront.net\/2019\/04\/10115514\/exame-de-ordem.jpg","articleSection":["Concursos P\u00fablicos"],"inLanguage":"pt-BR","potentialAction":[{"@type":"CommentAction","name":"Comment","target":["https:\/\/www.estrategiaconcursos.com.br\/blog\/edital-repescagem-oab-xxix\/#respond"]}],"copyrightYear":"2019","copyrightHolder":{"@id":"https:\/\/www.estrategiaconcursos.com.br\/blog\/#organization"}},{"@type":"WebPage","@id":"https:\/\/www.estrategiaconcursos.com.br\/blog\/edital-repescagem-oab-xxix\/","url":"https:\/\/www.estrategiaconcursos.com.br\/blog\/edital-repescagem-oab-xxix\/","name":"Publicado o edital de repescagem no XXIX Exame de Ordem","isPartOf":{"@id":"https:\/\/www.estrategiaconcursos.com.br\/blog\/#website"},"primaryImageOfPage":{"@id":"https:\/\/www.estrategiaconcursos.com.br\/blog\/edital-repescagem-oab-xxix\/#primaryimage"},"image":{"@id":"https:\/\/www.estrategiaconcursos.com.br\/blog\/edital-repescagem-oab-xxix\/#primaryimage"},"thumbnailUrl":"https:\/\/dhg1h5j42swfq.cloudfront.net\/2019\/04\/10115514\/exame-de-ordem.jpg","datePublished":"2019-07-03T12:45:55+00:00","dateModified":"2019-07-03T12:54:22+00:00","breadcrumb":{"@id":"https:\/\/www.estrategiaconcursos.com.br\/blog\/edital-repescagem-oab-xxix\/#breadcrumb"},"inLanguage":"pt-BR","potentialAction":[{"@type":"ReadAction","target":["https:\/\/www.estrategiaconcursos.com.br\/blog\/edital-repescagem-oab-xxix\/"]}]},{"@type":"ImageObject","inLanguage":"pt-BR","@id":"https:\/\/www.estrategiaconcursos.com.br\/blog\/edital-repescagem-oab-xxix\/#primaryimage","url":"https:\/\/dhg1h5j42swfq.cloudfront.net\/2019\/04\/10115514\/exame-de-ordem.jpg","contentUrl":"https:\/\/dhg1h5j42swfq.cloudfront.net\/2019\/04\/10115514\/exame-de-ordem.jpg","width":398,"height":209,"caption":"exame de ordem"},{"@type":"BreadcrumbList","@id":"https:\/\/www.estrategiaconcursos.com.br\/blog\/edital-repescagem-oab-xxix\/#breadcrumb","itemListElement":[{"@type":"ListItem","position":1,"name":"In\u00edcio","item":"https:\/\/www.estrategiaconcursos.com.br\/blog\/"},{"@type":"ListItem","position":2,"name":"Publicado o edital de repescagem no XXIX Exame de Ordem"}]},{"@type":"WebSite","@id":"https:\/\/www.estrategiaconcursos.com.br\/blog\/#website","url":"https:\/\/www.estrategiaconcursos.com.br\/blog\/","name":"Estrat\u00e9gia Concursos","description":"O blog da Estrat\u00e9gia Concursos traz not\u00edcias sobre concursos e artigos de professores oferecendo cursos para concursos (pdf + videaulas) no site.","publisher":{"@id":"https:\/\/www.estrategiaconcursos.com.br\/blog\/#organization"},"potentialAction":[{"@type":"SearchAction","target":{"@type":"EntryPoint","urlTemplate":"https:\/\/www.estrategiaconcursos.com.br\/blog\/?s={search_term_string}"},"query-input":{"@type":"PropertyValueSpecification","valueRequired":true,"valueName":"search_term_string"}}],"inLanguage":"pt-BR"},{"@type":"Organization","@id":"https:\/\/www.estrategiaconcursos.com.br\/blog\/#organization","name":"Estrat\u00e9gia Concursos","url":"https:\/\/www.estrategiaconcursos.com.br\/blog\/","logo":{"@type":"ImageObject","inLanguage":"pt-BR","@id":"https:\/\/www.estrategiaconcursos.com.br\/blog\/#\/schema\/logo\/image\/","url":"https:\/\/dhg1h5j42swfq.cloudfront.net\/2025\/06\/03203428\/logo_concursos-1.jpg","contentUrl":"https:\/\/dhg1h5j42swfq.cloudfront.net\/2025\/06\/03203428\/logo_concursos-1.jpg","width":230,"height":60,"caption":"Estrat\u00e9gia Concursos"},"image":{"@id":"https:\/\/www.estrategiaconcursos.com.br\/blog\/#\/schema\/logo\/image\/"},"sameAs":["https:\/\/x.com\/EstratConcursos"]},{"@type":"Person","@id":"https:\/\/www.estrategiaconcursos.com.br\/blog\/#\/schema\/person\/aa39cf5ddb518e5bdce27c35788405e2","name":"Ricardo Torques","image":{"@type":"ImageObject","inLanguage":"pt-BR","@id":"https:\/\/secure.gravatar.com\/avatar\/ce9ac6c3cff25fe86d15ed568ebc64d1724baf5c0693133bcb1f6073f712f92a?s=96&d=mm&r=g","url":"https:\/\/secure.gravatar.com\/avatar\/ce9ac6c3cff25fe86d15ed568ebc64d1724baf5c0693133bcb1f6073f712f92a?s=96&d=mm&r=g","contentUrl":"https:\/\/secure.gravatar.com\/avatar\/ce9ac6c3cff25fe86d15ed568ebc64d1724baf5c0693133bcb1f6073f712f92a?s=96&d=mm&r=g","caption":"Ricardo Torques"},"sameAs":["https:\/\/www.facebook.com\/ricardo.s.torques"],"url":"https:\/\/www.estrategiaconcursos.com.br\/blog\/author\/ricardotorquesestrategiaconcursos-com-br\/"}]}},"_links":{"self":[{"href":"https:\/\/www.estrategiaconcursos.com.br\/blog\/wp-json\/wp\/v2\/posts\/394497","targetHints":{"allow":["GET"]}}],"collection":[{"href":"https:\/\/www.estrategiaconcursos.com.br\/blog\/wp-json\/wp\/v2\/posts"}],"about":[{"href":"https:\/\/www.estrategiaconcursos.com.br\/blog\/wp-json\/wp\/v2\/types\/post"}],"author":[{"embeddable":true,"href":"https:\/\/www.estrategiaconcursos.com.br\/blog\/wp-json\/wp\/v2\/users\/180"}],"replies":[{"embeddable":true,"href":"https:\/\/www.estrategiaconcursos.com.br\/blog\/wp-json\/wp\/v2\/comments?post=394497"}],"version-history":[{"count":4,"href":"https:\/\/www.estrategiaconcursos.com.br\/blog\/wp-json\/wp\/v2\/posts\/394497\/revisions"}],"predecessor-version":[{"id":394523,"href":"https:\/\/www.estrategiaconcursos.com.br\/blog\/wp-json\/wp\/v2\/posts\/394497\/revisions\/394523"}],"wp:featuredmedia":[{"embeddable":true,"href":"https:\/\/www.estrategiaconcursos.com.br\/blog\/wp-json\/wp\/v2\/media\/182668"}],"wp:attachment":[{"href":"https:\/\/www.estrategiaconcursos.com.br\/blog\/wp-json\/wp\/v2\/media?parent=394497"}],"wp:term":[{"taxonomy":"category","embeddable":true,"href":"https:\/\/www.estrategiaconcursos.com.br\/blog\/wp-json\/wp\/v2\/categories?post=394497"},{"taxonomy":"post_tag","embeddable":true,"href":"https:\/\/www.estrategiaconcursos.com.br\/blog\/wp-json\/wp\/v2\/tags?post=394497"},{"taxonomy":"tax_estado","embeddable":true,"href":"https:\/\/www.estrategiaconcursos.com.br\/blog\/wp-json\/wp\/v2\/tax_estado?post=394497"}],"curies":[{"name":"wp","href":"https:\/\/api.w.org\/{rel}","templated":true}]}}