{"id":394479,"date":"2019-07-03T10:04:13","date_gmt":"2019-07-03T13:04:13","guid":{"rendered":"https:\/\/www.estrategiaconcursos.com.br\/blog\/?p=394479"},"modified":"2019-07-03T11:56:24","modified_gmt":"2019-07-03T14:56:24","slug":"concurso-pc-rn-comissao-formada","status":"publish","type":"post","link":"https:\/\/www.estrategiaconcursos.com.br\/blog\/concurso-pc-rn-comissao-formada\/","title":{"rendered":"Concurso PC RN: certame tem comiss\u00e3o formada nesta quarta-feira (3)"},"content":{"rendered":"\n<h2 class=\"wp-block-heading\"><em>As vagas s\u00e3o para: Delegado, Agente e Escriv\u00e3o<\/em><\/h2>\n\n\n\n<p>Foi publicado no Di\u00e1rio Oficial desta quarta-feira, 02 de julho, a informa\u00e7\u00e3o de que foi formada a comiss\u00e3o organizadora do concurso da Pol\u00edcia Civil do Rio Grande do Norte. A inten\u00e7\u00e3o do \u00f3rg\u00e3o \u00e9 ofertar 302 vagas para repor os cargos de <strong>Delegado, Agente e Escriv\u00e3o. <\/strong><\/p>\n\n\n\n<p>Neste documento publicado foi oficializado os nomes dos membros que ir\u00e3o compor a comiss\u00e3o do pr\u00f3ximo concurso p\u00fablico da pol\u00edcia civil que deve ser realizado em breve.<\/p>\n\n\n\n<p>Seguem os membros que comp\u00f5em a comiss\u00e3o organizadora do concurso:<\/p>\n\n\n\n<ul class=\"wp-block-list\"><li>Jos\u00e9 Ediran Magalh\u00e3es Teixeira &#8211; Subsecret\u00e1rio dos Recursos Humanos do Estado<\/li><li>Maria das Gra\u00e7as de Ara\u00fajo &#8211; Membro<\/li><li>Tereza Cristina Morais dos Reis &#8211; Membro<\/li><li>Luis Renato Nogueira da Rocha &#8211; Membro<\/li><li>Osvaldo Jer\u00f4nimo Neto &#8211; Membro<\/li><li>Adson Kepler Monteiro Maia &#8211; Delegado de Pol\u00edcia Civil<\/li><li>Herlanio Pereira Cruz &#8211; Membro<\/li><li>Karla Viviane de Sousa R\u00eago &#8211; Membro<\/li><li>F\u00e1bio Augusto de Castro Cavalcanti &#8211; Delegado de Pol\u00edcia Civil<\/li><\/ul>\n\n\n\n<p>Vale lembrar que a Associa\u00e7\u00e3o dos Delegados da Pol\u00edcia Civil do Rio Grande do Norte informou as vagas, anteriormente previstas em 142 aumentou para 302, sendo 41 para o cargo de Delegado, 26 para Escriv\u00e3o e 235 para Agentes da Pol\u00edcia. <\/p>\n\n\n\n<p>Confira tamb\u00e9m abaixo o documento publicado no Di\u00e1rio Oficial:<\/p>\n\n\n\n<figure class=\"wp-block-image\"><img loading=\"lazy\" decoding=\"async\" width=\"972\" height=\"683\" src=\"https:\/\/dhg1h5j42swfq.cloudfront.net\/2019\/07\/03095717\/PC-RN1.png\" alt=\"\" class=\"wp-image-394525\" srcset=\"https:\/\/dhg1h5j42swfq.cloudfront.net\/2019\/07\/03095717\/PC-RN1.png 972w, https:\/\/dhg1h5j42swfq.cloudfront.net\/2019\/07\/03095717\/PC-RN1.png 300w, https:\/\/dhg1h5j42swfq.cloudfront.net\/2019\/07\/03095717\/PC-RN1.png 768w, https:\/\/dhg1h5j42swfq.cloudfront.net\/2019\/07\/03095717\/PC-RN1.png 610w\" sizes=\"auto, (max-width: 972px) 100vw, 972px\" \/><\/figure>\n\n\n\n<p><em>Quer saber mais informa\u00e7\u00f5es sobre o concurso da Pol\u00edcia Civil do Rio Grande do Norte? Acesse o link abaixo e fique por dentro de todos os detalhes!!<\/em><\/p>\n\n\n\n<h2 class=\"wp-block-heading\" style=\"text-align:center\"><strong>Saiba mais: <a rel=\"noreferrer noopener\" aria-label=\"Concurso PC RN (abre numa nova aba)\" href=\"https:\/\/www.estrategiaconcursos.com.br\/blog\/concurso-policia-civil-rn\/\" target=\"_blank\">Concurso PC RN<\/a><\/strong><\/h2>\n\n\n\n<p style=\"font-size:22px;text-align:center\"><strong>Quer estudar para o concurso da Pol\u00edcia Civil do RN?<\/strong><\/p>\n\n\n\n<p style=\"text-align:center\"><em>Gostou dessa oportunidade e deseja se preparar? Confira abaixo nossos cursos exclusivos para este concurso e inicie agora seus estudos! N\u00e3o fique de fora:<\/em><\/p>\n\n\n\n<p style=\"font-size:25px;text-align:center\" class=\"has-background has-luminous-vivid-amber-background-color\"><strong><a href=\"https:\/\/www.estrategiaconcursos.com.br\/cursosPorConcurso\/pc-rn-policia-civil-do-rio-grande-do-norte-delegado\/\" target=\"_blank\" rel=\"noreferrer noopener\">Curso Delegado PC RN<\/a><\/strong><\/p>\n\n\n\n<p style=\"font-size:25px;text-align:center\" class=\"has-background has-pale-cyan-blue-background-color\"><strong><a href=\"https:\/\/www.estrategiaconcursos.com.br\/cursosPorConcurso\/policia-civil-do-rio-grande-do-norte\/\" target=\"_blank\" rel=\"noreferrer noopener\">Curso Agente e Escriv\u00e3o PC RN<\/a><\/strong><\/p>\n\n\n\n<p style=\"text-align:center\"><em><strong>Assinatura Anual Ilimitada*<\/strong><\/em><\/p>\n\n\n\n<p style=\"text-align:center\"><em>Prepare-se com o melhor material e com quem mais aprova em&nbsp;Concursos P\u00fablicos de todo o pa\u00eds. Assine agora a nossa Assinatura Anual e tenha acesso ilimitado* a todos os nossos cursos.<\/em><\/p>\n\n\n\n<p style=\"text-align:center\" class=\"has-background has-light-green-cyan-background-color\"><strong>ASSINE AGORA<\/strong>&nbsp;\u2013&nbsp;<a rel=\"noreferrer noopener\" href=\"https:\/\/www.estrategiaconcursos.com.br\/assinaturas\" target=\"_blank\"><strong>Assinatura Ilimitada<\/strong><\/a><\/p>\n\n\n\n<figure class=\"wp-block-image\"><img loading=\"lazy\" decoding=\"async\" width=\"300\" height=\"102\" src=\"https:\/\/dhg1h5j42swfq.cloudfront.net\/2017\/03\/28152500\/coruja-ficha-tecnica-300x102.png\" alt=\"Ficha t\u00e9cnica concurso PC RN\" class=\"wp-image-68542\"\/><\/figure>\n\n\n\n<h4 class=\"wp-block-heading\" id=\"ficha-tecnica\"><strong>\u2666 Informa\u00e7\u00f5es do pr\u00f3ximo concurso Pol\u00edcia Civil RN<\/strong><\/h4>\n\n\n\n<p>\u25baData prevista:&nbsp;<strong>2019<\/strong><br \/>\u25baVagas:&nbsp;<strong>302<\/strong><br \/>\u25baLota\u00e7\u00f5es: Rio Grande do Norte<br \/>\u25baBanca:&nbsp;<strong>a definir<\/strong><\/p>\n\n\n\n<h4 class=\"wp-block-heading\"><strong>\u2666 Informa\u00e7\u00f5es do \u00faltimo concurso Pol\u00edcia Civil RN<\/strong><\/h4>\n\n\n\n<p>\u25baData:&nbsp;<strong>2008<\/strong><br \/>\u25baVagas:&nbsp;<strong>438&nbsp;<\/strong><br \/>\u25baBanca:&nbsp;<strong>Cespe<\/strong><br \/>\u25baEdital:&nbsp;<a rel=\"noreferrer noopener\" href=\"http:\/\/www.cespe.unb.br\/concursos\/PCRN2008\/arquivos\/ED_1_2008_PCRN_ABT.PDF\" target=\"_blank\"><strong>EDITAL Pol\u00edcia Civil RN 2008<\/strong><\/a><\/p>\n\n\n\n<p><em>Ascom Estrat\u00e9gia<\/em><br \/>ascomestrategia@gmail.com<\/p>\n\n\n\n<hr class=\"wp-block-separator\"\/>\n\n\n\n<p style=\"text-align:center\"><em><strong>Receba not\u00edcias de Concursos no seu WhatsApp e\/ou Telegram!<\/strong><\/em><\/p>\n\n\n\n<p style=\"text-align:center\"><em>Cadastre-se clicando no \u00edcone abaixo<\/em><\/p>\n\n\n\n<p style=\"text-align:center\"><a rel=\"noreferrer noopener\" href=\"https:\/\/www.estrategiaconcursos.com.br\/blog\/noticias-de-concursos-whatsapp-estrategia-concursos\/\" target=\"_blank\"><strong>Not\u00edcias de concursos no seu WhatsApp e\/ou Telegram<\/strong><\/a><\/p>\n","protected":false},"excerpt":{"rendered":"<p>As vagas s\u00e3o para: Delegado, Agente e Escriv\u00e3o Foi publicado no Di\u00e1rio Oficial desta quarta-feira, 02 de julho, a informa\u00e7\u00e3o de que foi formada a comiss\u00e3o organizadora do concurso da Pol\u00edcia Civil do Rio Grande do Norte. A inten\u00e7\u00e3o do \u00f3rg\u00e3o \u00e9 ofertar 302 vagas para repor os cargos de Delegado, Agente e Escriv\u00e3o. Neste [&hellip;]<\/p>\n","protected":false},"author":552,"featured_media":0,"comment_status":"open","ping_status":"closed","sticky":false,"template":"","format":"standard","meta":{"post_tipo":"article","footnotes":""},"categories":[1],"tags":[],"tax_estado":[],"class_list":["post-394479","post","type-post","status-publish","format-standard","hentry","category-cursos-e-concursos"],"acf":[],"yoast_head":"<!-- This site is optimized with the Yoast SEO Premium plugin v27.2 (Yoast SEO v27.2) - https:\/\/yoast.com\/product\/yoast-seo-premium-wordpress\/ -->\n<title>Concurso PC RN: certame tem comiss\u00e3o formada nesta quarta-feira (3)<\/title>\n<meta name=\"robots\" content=\"index, follow, max-snippet:-1, max-image-preview:large, max-video-preview:-1\" \/>\n<link rel=\"canonical\" href=\"https:\/\/www.estrategiaconcursos.com.br\/blog\/concurso-pc-rn-comissao-formada\/\" \/>\n<meta property=\"og:locale\" content=\"pt_BR\" \/>\n<meta property=\"og:type\" content=\"article\" \/>\n<meta property=\"og:title\" content=\"Concurso PC RN: certame tem comiss\u00e3o formada nesta quarta-feira (3)\" \/>\n<meta property=\"og:description\" content=\"As vagas s\u00e3o para: Delegado, Agente e Escriv\u00e3o Foi publicado no Di\u00e1rio Oficial desta quarta-feira, 02 de julho, a informa\u00e7\u00e3o de que foi formada a comiss\u00e3o organizadora do concurso da Pol\u00edcia Civil do Rio Grande do Norte. A inten\u00e7\u00e3o do \u00f3rg\u00e3o \u00e9 ofertar 302 vagas para repor os cargos de Delegado, Agente e Escriv\u00e3o. Neste [&hellip;]\" \/>\n<meta property=\"og:url\" content=\"https:\/\/www.estrategiaconcursos.com.br\/blog\/concurso-pc-rn-comissao-formada\/\" \/>\n<meta property=\"og:site_name\" content=\"Estrat\u00e9gia Concursos\" \/>\n<meta property=\"article:published_time\" content=\"2019-07-03T13:04:13+00:00\" \/>\n<meta property=\"article:modified_time\" content=\"2019-07-03T14:56:24+00:00\" \/>\n<meta property=\"og:image\" content=\"https:\/\/www.estrategiaconcursos.com.br\/blog\/wp-content\/uploads\/2019\/07\/PC-RN1.png\" \/>\n<meta name=\"author\" content=\"Paulo Bilynskyj\" \/>\n<meta name=\"twitter:card\" content=\"summary_large_image\" \/>\n<meta name=\"twitter:creator\" content=\"@EstratConcursos\" \/>\n<meta name=\"twitter:site\" content=\"@EstratConcursos\" \/>\n<meta name=\"twitter:label1\" content=\"Escrito por\" \/>\n\t<meta name=\"twitter:data1\" content=\"Paulo Bilynskyj\" \/>\n\t<meta name=\"twitter:label2\" content=\"Est. tempo de leitura\" \/>\n\t<meta name=\"twitter:data2\" content=\"2 minutos\" \/>\n<script type=\"application\/ld+json\" class=\"yoast-schema-graph\">{\"@context\":\"https:\/\/schema.org\",\"@graph\":[{\"@type\":\"NewsArticle\",\"@id\":\"https:\/\/www.estrategiaconcursos.com.br\/blog\/concurso-pc-rn-comissao-formada\/#article\",\"isPartOf\":{\"@id\":\"https:\/\/www.estrategiaconcursos.com.br\/blog\/concurso-pc-rn-comissao-formada\/\"},\"author\":{\"name\":\"Paulo Bilynskyj\",\"@id\":\"https:\/\/www.estrategiaconcursos.com.br\/blog\/#\/schema\/person\/a630b15e36f45b4c21fed01219843cb5\"},\"headline\":\"Concurso PC RN: certame tem comiss\u00e3o formada nesta quarta-feira (3)\",\"datePublished\":\"2019-07-03T13:04:13+00:00\",\"dateModified\":\"2019-07-03T14:56:24+00:00\",\"mainEntityOfPage\":{\"@id\":\"https:\/\/www.estrategiaconcursos.com.br\/blog\/concurso-pc-rn-comissao-formada\/\"},\"wordCount\":448,\"commentCount\":0,\"publisher\":{\"@id\":\"https:\/\/www.estrategiaconcursos.com.br\/blog\/#organization\"},\"image\":{\"@id\":\"https:\/\/www.estrategiaconcursos.com.br\/blog\/concurso-pc-rn-comissao-formada\/#primaryimage\"},\"thumbnailUrl\":\"https:\/\/www.estrategiaconcursos.com.br\/blog\/wp-content\/uploads\/2019\/07\/PC-RN1.png\",\"articleSection\":[\"Concursos P\u00fablicos\"],\"inLanguage\":\"pt-BR\",\"potentialAction\":[{\"@type\":\"CommentAction\",\"name\":\"Comment\",\"target\":[\"https:\/\/www.estrategiaconcursos.com.br\/blog\/concurso-pc-rn-comissao-formada\/#respond\"]}],\"copyrightYear\":\"2019\",\"copyrightHolder\":{\"@id\":\"https:\/\/www.estrategiaconcursos.com.br\/blog\/#organization\"}},{\"@type\":\"WebPage\",\"@id\":\"https:\/\/www.estrategiaconcursos.com.br\/blog\/concurso-pc-rn-comissao-formada\/\",\"url\":\"https:\/\/www.estrategiaconcursos.com.br\/blog\/concurso-pc-rn-comissao-formada\/\",\"name\":\"Concurso PC RN: certame tem comiss\u00e3o formada nesta quarta-feira (3)\",\"isPartOf\":{\"@id\":\"https:\/\/www.estrategiaconcursos.com.br\/blog\/#website\"},\"primaryImageOfPage\":{\"@id\":\"https:\/\/www.estrategiaconcursos.com.br\/blog\/concurso-pc-rn-comissao-formada\/#primaryimage\"},\"image\":{\"@id\":\"https:\/\/www.estrategiaconcursos.com.br\/blog\/concurso-pc-rn-comissao-formada\/#primaryimage\"},\"thumbnailUrl\":\"https:\/\/www.estrategiaconcursos.com.br\/blog\/wp-content\/uploads\/2019\/07\/PC-RN1.png\",\"datePublished\":\"2019-07-03T13:04:13+00:00\",\"dateModified\":\"2019-07-03T14:56:24+00:00\",\"breadcrumb\":{\"@id\":\"https:\/\/www.estrategiaconcursos.com.br\/blog\/concurso-pc-rn-comissao-formada\/#breadcrumb\"},\"inLanguage\":\"pt-BR\",\"potentialAction\":[{\"@type\":\"ReadAction\",\"target\":[\"https:\/\/www.estrategiaconcursos.com.br\/blog\/concurso-pc-rn-comissao-formada\/\"]}]},{\"@type\":\"ImageObject\",\"inLanguage\":\"pt-BR\",\"@id\":\"https:\/\/www.estrategiaconcursos.com.br\/blog\/concurso-pc-rn-comissao-formada\/#primaryimage\",\"url\":\"https:\/\/dhg1h5j42swfq.cloudfront.net\/2019\/07\/03095717\/PC-RN1.png\",\"contentUrl\":\"https:\/\/dhg1h5j42swfq.cloudfront.net\/2019\/07\/03095717\/PC-RN1.png\",\"width\":972,\"height\":683},{\"@type\":\"BreadcrumbList\",\"@id\":\"https:\/\/www.estrategiaconcursos.com.br\/blog\/concurso-pc-rn-comissao-formada\/#breadcrumb\",\"itemListElement\":[{\"@type\":\"ListItem\",\"position\":1,\"name\":\"In\u00edcio\",\"item\":\"https:\/\/www.estrategiaconcursos.com.br\/blog\/\"},{\"@type\":\"ListItem\",\"position\":2,\"name\":\"Concurso PC RN: certame tem comiss\u00e3o formada nesta quarta-feira (3)\"}]},{\"@type\":\"WebSite\",\"@id\":\"https:\/\/www.estrategiaconcursos.com.br\/blog\/#website\",\"url\":\"https:\/\/www.estrategiaconcursos.com.br\/blog\/\",\"name\":\"Estrat\u00e9gia Concursos\",\"description\":\"O blog da Estrat\u00e9gia Concursos traz not\u00edcias sobre concursos e artigos de professores oferecendo cursos para concursos (pdf + videaulas) no site.\",\"publisher\":{\"@id\":\"https:\/\/www.estrategiaconcursos.com.br\/blog\/#organization\"},\"potentialAction\":[{\"@type\":\"SearchAction\",\"target\":{\"@type\":\"EntryPoint\",\"urlTemplate\":\"https:\/\/www.estrategiaconcursos.com.br\/blog\/?s={search_term_string}\"},\"query-input\":{\"@type\":\"PropertyValueSpecification\",\"valueRequired\":true,\"valueName\":\"search_term_string\"}}],\"inLanguage\":\"pt-BR\"},{\"@type\":\"Organization\",\"@id\":\"https:\/\/www.estrategiaconcursos.com.br\/blog\/#organization\",\"name\":\"Estrat\u00e9gia Concursos\",\"url\":\"https:\/\/www.estrategiaconcursos.com.br\/blog\/\",\"logo\":{\"@type\":\"ImageObject\",\"inLanguage\":\"pt-BR\",\"@id\":\"https:\/\/www.estrategiaconcursos.com.br\/blog\/#\/schema\/logo\/image\/\",\"url\":\"https:\/\/dhg1h5j42swfq.cloudfront.net\/2025\/06\/03203428\/logo_concursos-1.jpg\",\"contentUrl\":\"https:\/\/dhg1h5j42swfq.cloudfront.net\/2025\/06\/03203428\/logo_concursos-1.jpg\",\"width\":230,\"height\":60,\"caption\":\"Estrat\u00e9gia Concursos\"},\"image\":{\"@id\":\"https:\/\/www.estrategiaconcursos.com.br\/blog\/#\/schema\/logo\/image\/\"},\"sameAs\":[\"https:\/\/x.com\/EstratConcursos\"]},{\"@type\":\"Person\",\"@id\":\"https:\/\/www.estrategiaconcursos.com.br\/blog\/#\/schema\/person\/a630b15e36f45b4c21fed01219843cb5\",\"name\":\"Paulo Bilynskyj\",\"image\":{\"@type\":\"ImageObject\",\"inLanguage\":\"pt-BR\",\"@id\":\"https:\/\/secure.gravatar.com\/avatar\/37e21f70c9042e7456beffdc6d31fe051f3f6dcbf252f69343a791b144852057?s=96&d=mm&r=g\",\"url\":\"https:\/\/secure.gravatar.com\/avatar\/37e21f70c9042e7456beffdc6d31fe051f3f6dcbf252f69343a791b144852057?s=96&d=mm&r=g\",\"contentUrl\":\"https:\/\/secure.gravatar.com\/avatar\/37e21f70c9042e7456beffdc6d31fe051f3f6dcbf252f69343a791b144852057?s=96&d=mm&r=g\",\"caption\":\"Paulo Bilynskyj\"},\"url\":\"https:\/\/www.estrategiaconcursos.com.br\/blog\/author\/pbilynskyjgmail-com\/\"}]}<\/script>\n<!-- \/ Yoast SEO Premium plugin. -->","yoast_head_json":{"title":"Concurso PC RN: certame tem comiss\u00e3o formada nesta quarta-feira (3)","robots":{"index":"index","follow":"follow","max-snippet":"max-snippet:-1","max-image-preview":"max-image-preview:large","max-video-preview":"max-video-preview:-1"},"canonical":"https:\/\/www.estrategiaconcursos.com.br\/blog\/concurso-pc-rn-comissao-formada\/","og_locale":"pt_BR","og_type":"article","og_title":"Concurso PC RN: certame tem comiss\u00e3o formada nesta quarta-feira (3)","og_description":"As vagas s\u00e3o para: Delegado, Agente e Escriv\u00e3o Foi publicado no Di\u00e1rio Oficial desta quarta-feira, 02 de julho, a informa\u00e7\u00e3o de que foi formada a comiss\u00e3o organizadora do concurso da Pol\u00edcia Civil do Rio Grande do Norte. A inten\u00e7\u00e3o do \u00f3rg\u00e3o \u00e9 ofertar 302 vagas para repor os cargos de Delegado, Agente e Escriv\u00e3o. Neste [&hellip;]","og_url":"https:\/\/www.estrategiaconcursos.com.br\/blog\/concurso-pc-rn-comissao-formada\/","og_site_name":"Estrat\u00e9gia Concursos","article_published_time":"2019-07-03T13:04:13+00:00","article_modified_time":"2019-07-03T14:56:24+00:00","og_image":[{"url":"https:\/\/www.estrategiaconcursos.com.br\/blog\/wp-content\/uploads\/2019\/07\/PC-RN1.png","type":"","width":"","height":""}],"author":"Paulo Bilynskyj","twitter_card":"summary_large_image","twitter_creator":"@EstratConcursos","twitter_site":"@EstratConcursos","twitter_misc":{"Escrito por":"Paulo Bilynskyj","Est. tempo de leitura":"2 minutos"},"schema":{"@context":"https:\/\/schema.org","@graph":[{"@type":"NewsArticle","@id":"https:\/\/www.estrategiaconcursos.com.br\/blog\/concurso-pc-rn-comissao-formada\/#article","isPartOf":{"@id":"https:\/\/www.estrategiaconcursos.com.br\/blog\/concurso-pc-rn-comissao-formada\/"},"author":{"name":"Paulo Bilynskyj","@id":"https:\/\/www.estrategiaconcursos.com.br\/blog\/#\/schema\/person\/a630b15e36f45b4c21fed01219843cb5"},"headline":"Concurso PC RN: certame tem comiss\u00e3o formada nesta quarta-feira (3)","datePublished":"2019-07-03T13:04:13+00:00","dateModified":"2019-07-03T14:56:24+00:00","mainEntityOfPage":{"@id":"https:\/\/www.estrategiaconcursos.com.br\/blog\/concurso-pc-rn-comissao-formada\/"},"wordCount":448,"commentCount":0,"publisher":{"@id":"https:\/\/www.estrategiaconcursos.com.br\/blog\/#organization"},"image":{"@id":"https:\/\/www.estrategiaconcursos.com.br\/blog\/concurso-pc-rn-comissao-formada\/#primaryimage"},"thumbnailUrl":"https:\/\/www.estrategiaconcursos.com.br\/blog\/wp-content\/uploads\/2019\/07\/PC-RN1.png","articleSection":["Concursos P\u00fablicos"],"inLanguage":"pt-BR","potentialAction":[{"@type":"CommentAction","name":"Comment","target":["https:\/\/www.estrategiaconcursos.com.br\/blog\/concurso-pc-rn-comissao-formada\/#respond"]}],"copyrightYear":"2019","copyrightHolder":{"@id":"https:\/\/www.estrategiaconcursos.com.br\/blog\/#organization"}},{"@type":"WebPage","@id":"https:\/\/www.estrategiaconcursos.com.br\/blog\/concurso-pc-rn-comissao-formada\/","url":"https:\/\/www.estrategiaconcursos.com.br\/blog\/concurso-pc-rn-comissao-formada\/","name":"Concurso PC RN: certame tem comiss\u00e3o formada nesta quarta-feira (3)","isPartOf":{"@id":"https:\/\/www.estrategiaconcursos.com.br\/blog\/#website"},"primaryImageOfPage":{"@id":"https:\/\/www.estrategiaconcursos.com.br\/blog\/concurso-pc-rn-comissao-formada\/#primaryimage"},"image":{"@id":"https:\/\/www.estrategiaconcursos.com.br\/blog\/concurso-pc-rn-comissao-formada\/#primaryimage"},"thumbnailUrl":"https:\/\/www.estrategiaconcursos.com.br\/blog\/wp-content\/uploads\/2019\/07\/PC-RN1.png","datePublished":"2019-07-03T13:04:13+00:00","dateModified":"2019-07-03T14:56:24+00:00","breadcrumb":{"@id":"https:\/\/www.estrategiaconcursos.com.br\/blog\/concurso-pc-rn-comissao-formada\/#breadcrumb"},"inLanguage":"pt-BR","potentialAction":[{"@type":"ReadAction","target":["https:\/\/www.estrategiaconcursos.com.br\/blog\/concurso-pc-rn-comissao-formada\/"]}]},{"@type":"ImageObject","inLanguage":"pt-BR","@id":"https:\/\/www.estrategiaconcursos.com.br\/blog\/concurso-pc-rn-comissao-formada\/#primaryimage","url":"https:\/\/dhg1h5j42swfq.cloudfront.net\/2019\/07\/03095717\/PC-RN1.png","contentUrl":"https:\/\/dhg1h5j42swfq.cloudfront.net\/2019\/07\/03095717\/PC-RN1.png","width":972,"height":683},{"@type":"BreadcrumbList","@id":"https:\/\/www.estrategiaconcursos.com.br\/blog\/concurso-pc-rn-comissao-formada\/#breadcrumb","itemListElement":[{"@type":"ListItem","position":1,"name":"In\u00edcio","item":"https:\/\/www.estrategiaconcursos.com.br\/blog\/"},{"@type":"ListItem","position":2,"name":"Concurso PC RN: certame tem comiss\u00e3o formada nesta quarta-feira (3)"}]},{"@type":"WebSite","@id":"https:\/\/www.estrategiaconcursos.com.br\/blog\/#website","url":"https:\/\/www.estrategiaconcursos.com.br\/blog\/","name":"Estrat\u00e9gia Concursos","description":"O blog da Estrat\u00e9gia Concursos traz not\u00edcias sobre concursos e artigos de professores oferecendo cursos para concursos (pdf + videaulas) no site.","publisher":{"@id":"https:\/\/www.estrategiaconcursos.com.br\/blog\/#organization"},"potentialAction":[{"@type":"SearchAction","target":{"@type":"EntryPoint","urlTemplate":"https:\/\/www.estrategiaconcursos.com.br\/blog\/?s={search_term_string}"},"query-input":{"@type":"PropertyValueSpecification","valueRequired":true,"valueName":"search_term_string"}}],"inLanguage":"pt-BR"},{"@type":"Organization","@id":"https:\/\/www.estrategiaconcursos.com.br\/blog\/#organization","name":"Estrat\u00e9gia Concursos","url":"https:\/\/www.estrategiaconcursos.com.br\/blog\/","logo":{"@type":"ImageObject","inLanguage":"pt-BR","@id":"https:\/\/www.estrategiaconcursos.com.br\/blog\/#\/schema\/logo\/image\/","url":"https:\/\/dhg1h5j42swfq.cloudfront.net\/2025\/06\/03203428\/logo_concursos-1.jpg","contentUrl":"https:\/\/dhg1h5j42swfq.cloudfront.net\/2025\/06\/03203428\/logo_concursos-1.jpg","width":230,"height":60,"caption":"Estrat\u00e9gia Concursos"},"image":{"@id":"https:\/\/www.estrategiaconcursos.com.br\/blog\/#\/schema\/logo\/image\/"},"sameAs":["https:\/\/x.com\/EstratConcursos"]},{"@type":"Person","@id":"https:\/\/www.estrategiaconcursos.com.br\/blog\/#\/schema\/person\/a630b15e36f45b4c21fed01219843cb5","name":"Paulo Bilynskyj","image":{"@type":"ImageObject","inLanguage":"pt-BR","@id":"https:\/\/secure.gravatar.com\/avatar\/37e21f70c9042e7456beffdc6d31fe051f3f6dcbf252f69343a791b144852057?s=96&d=mm&r=g","url":"https:\/\/secure.gravatar.com\/avatar\/37e21f70c9042e7456beffdc6d31fe051f3f6dcbf252f69343a791b144852057?s=96&d=mm&r=g","contentUrl":"https:\/\/secure.gravatar.com\/avatar\/37e21f70c9042e7456beffdc6d31fe051f3f6dcbf252f69343a791b144852057?s=96&d=mm&r=g","caption":"Paulo Bilynskyj"},"url":"https:\/\/www.estrategiaconcursos.com.br\/blog\/author\/pbilynskyjgmail-com\/"}]}},"_links":{"self":[{"href":"https:\/\/www.estrategiaconcursos.com.br\/blog\/wp-json\/wp\/v2\/posts\/394479","targetHints":{"allow":["GET"]}}],"collection":[{"href":"https:\/\/www.estrategiaconcursos.com.br\/blog\/wp-json\/wp\/v2\/posts"}],"about":[{"href":"https:\/\/www.estrategiaconcursos.com.br\/blog\/wp-json\/wp\/v2\/types\/post"}],"author":[{"embeddable":true,"href":"https:\/\/www.estrategiaconcursos.com.br\/blog\/wp-json\/wp\/v2\/users\/552"}],"replies":[{"embeddable":true,"href":"https:\/\/www.estrategiaconcursos.com.br\/blog\/wp-json\/wp\/v2\/comments?post=394479"}],"version-history":[{"count":7,"href":"https:\/\/www.estrategiaconcursos.com.br\/blog\/wp-json\/wp\/v2\/posts\/394479\/revisions"}],"predecessor-version":[{"id":394617,"href":"https:\/\/www.estrategiaconcursos.com.br\/blog\/wp-json\/wp\/v2\/posts\/394479\/revisions\/394617"}],"wp:attachment":[{"href":"https:\/\/www.estrategiaconcursos.com.br\/blog\/wp-json\/wp\/v2\/media?parent=394479"}],"wp:term":[{"taxonomy":"category","embeddable":true,"href":"https:\/\/www.estrategiaconcursos.com.br\/blog\/wp-json\/wp\/v2\/categories?post=394479"},{"taxonomy":"post_tag","embeddable":true,"href":"https:\/\/www.estrategiaconcursos.com.br\/blog\/wp-json\/wp\/v2\/tags?post=394479"},{"taxonomy":"tax_estado","embeddable":true,"href":"https:\/\/www.estrategiaconcursos.com.br\/blog\/wp-json\/wp\/v2\/tax_estado?post=394479"}],"curies":[{"name":"wp","href":"https:\/\/api.w.org\/{rel}","templated":true}]}}