{"id":39440,"date":"2026-04-22T11:50:00","date_gmt":"2026-04-22T14:50:00","guid":{"rendered":"http:\/\/www.estrategiaconcursos.com.br\/blog\/?p=39440"},"modified":"2026-04-22T11:55:32","modified_gmt":"2026-04-22T14:55:32","slug":"concurso-tj-rj","status":"publish","type":"post","link":"https:\/\/www.estrategiaconcursos.com.br\/blog\/concurso-tj-rj\/","title":{"rendered":"Concurso TJ RJ: resultados divulgados; veja tudo aqui!"},"content":{"rendered":"\n<p style=\"font-size:clamp(14.642px, 0.915rem + ((1vw - 3.2px) * 0.721), 22px);\"><em><strong>Os candidatos realizaram a avalia\u00e7\u00e3o em 1\u00ba de fevereiro<\/strong><\/em><\/p>\n\n\n<p><center><a id=\"cta-icon\" href=\"https:\/\/sndflw.com\/i\/tj-rj-grupo\" target=\"_blank\" style=\"background:#29a61a; display:inline-flex; align-items:center; padding:10px 15px; border-radius:6px; color:#fff; text-decoration:none; font-weight:500; font-size:15px;\"><img decoding=\"async\" src=\"https:\/\/dhg1h5j42swfq.cloudfront.net\/2023\/12\/07154107\/whatsapp_13851.png\" alt=\"\" style=\"width:20px; height:20px; margin-right:8px;\"><span>Acesse agora o Grupo de Estudos para o Concurso TJ RJ<\/span><\/a><\/center><\/p>\n\n\n\n<p>Candidatos ao concurso do <a href=\"https:\/\/www.estrategiaconcursos.com.br\/cursosPorConcurso\/tj-rj\/\" target=\"_blank\" rel=\"noreferrer noopener\"><strong>Tribunal de Justi\u00e7a do Rio de Janeiro<\/strong><\/a><strong>&nbsp;(TJ RJ)<\/strong> j\u00e1 podem consultar alguns resultados, al\u00e9m do cronograma atualizado das pr\u00f3ximas etapas.<\/p>\n\n\n\n<p>A consulta pode ser feita pelo site da banca FGV ou atrav\u00e9s dos links abaixo:<\/p>\n\n\n\n<ul class=\"wp-block-list\">\n<li><a href=\"https:\/\/www.estrategiaconcursos.com.br\/blog\/concurso-tj-rj-preliminar-da-discursiva\/\" target=\"_blank\" rel=\"noreferrer noopener\">Resultado preliminar da prova discursiva &#8211; Analista Judici\u00e1rio<\/a><\/li>\n\n\n\n<li><a href=\"https:\/\/conhecimento.fgv.br\/sites\/default\/files\/concursos\/aviso-tj-n-115-2026-resultado-definitivo-das-provas-objetivas-taj.pdf\" target=\"_blank\" rel=\"noreferrer noopener\">Resultado definitivo da prova objetiva concurso TJ RJ &#8211; t\u00e9cnico judici\u00e1rio<\/a><\/li>\n\n\n\n<li><a href=\"https:\/\/conhecimento.fgv.br\/sites\/default\/files\/concursos\/aviso-tj-n-116-2026-resultado-definitivo-das-provas-objetivas-aj.pdf\" target=\"_blank\" rel=\"noreferrer noopener\">Resultado definitivo da prova objetiva concurso TJ RJ &#8211; analista judici\u00e1rio<\/a><\/li>\n<\/ul>\n\n\n\n<p>As carreiras garantem iniciais de <strong>R$ 5.685,54 a R$ 9.363,84<\/strong>, podendo chegar a R$ 12.924,41, no caso do cargo de Analista &#8211; Execu\u00e7\u00e3o de Mandados.<\/p>\n\n\n\n<p> Confira o cronograma completo na aba &#8216;cronograma&#8217; disposta no \u00edndice abaixo!<\/p>\n\n\n\n<ul class=\"wp-block-list has-very-light-gray-to-cyan-bluish-gray-gradient-background has-background\">\n<li><strong>Concurso TJ RJ&nbsp;\u2013&nbsp;Analista<\/strong> <strong>e T\u00e9cnico<\/strong><\/li>\n\n\n\n<li><strong>Status:<\/strong>\u00a0resultados dispon\u00edveis<\/li>\n\n\n\n<li><strong>Banca:&nbsp;<\/strong><a href=\"https:\/\/conhecimento.fgv.br\/concursos\/tjrjservidores25\">FGV<\/a><\/li>\n\n\n\n<li><strong>Vagas:&nbsp;<\/strong>CR<\/li>\n\n\n\n<li><strong>Sal\u00e1rio inicial:<\/strong>&nbsp;<strong>R$ 5.685,54 e<\/strong> <strong>R$ 9.363,84<\/strong> (R$ 12.924,41 &#8211; Analista &#8211; especialidade Execu\u00e7\u00e3o de Mandados)<\/li>\n\n\n\n<li><strong>Editais: <\/strong><a href=\"https:\/\/dhg1h5j42swfq.cloudfront.net\/2025\/10\/24123404\/edital-de-abertura-tjrj-analista-judiciario-final-23-10.pdf\">TJ RJ &#8211; Analista 2025<\/a> | <a href=\"https:\/\/dhg1h5j42swfq.cloudfront.net\/2025\/10\/24123444\/tjrj-tecnico.pdf\">TJ RJ &#8211; T\u00e9cnico 2025<\/a> | <a href=\"https:\/\/dhg1h5j42swfq.cloudfront.net\/2025\/10\/24231117\/diario-da-justica-eletronico-do-estado-do-rio-de-janeiro1.pdf\" target=\"_blank\" rel=\"noreferrer noopener nofollow\">1\u00aa Retifica\u00e7\u00e3o<\/a> | <a href=\"https:\/\/dhg1h5j42swfq.cloudfront.net\/2025\/11\/24133827\/2a-retificacao-edital-n-01-2025.pdf\">2\u00aa Retifica\u00e7\u00e3o<\/a> \/ <a href=\"https:\/\/conhecimento.fgv.br\/sites\/default\/files\/concursos\/terceira-retificacao-ao-edital-n-01-2025.pdf\" target=\"_blank\" rel=\"noreferrer noopener\">3\u00aa retifica\u00e7\u00e3o<\/a> \/ <a href=\"https:\/\/conhecimento.fgv.br\/sites\/default\/files\/concursos\/4a-retificacao-edital-de-abertura-tjrj-analista-judiciario-06.01.2026.pdf\" target=\"_blank\" rel=\"noreferrer noopener\">4\u00aa retifica\u00e7\u00e3o <\/a><\/li>\n<\/ul>\n\n\n\n<div class=\"container\" id=\"boxes\">\n  <div class=\"row\">\n\n    <div class=\"col-sm\">\n      <div class=\"banner-tribunal\" id=\"box-assinatura\">\n        <h2 class=\"titulo-assinatura\"><span style=\"color: #ffffff;\">Curso para TJ RJ<\/span><\/h2>\n        <p class=\"subtitulo-assinatura\">Alavanque a sua prepara\u00e7\u00e3o!<\/p>\n        <div class=\"box-botao\">\n          <a class=\"btn-assinatura\" target=\"_blank\" href=\"https:\/\/www.estrategiaconcursos.com.br\/cursosPorConcurso\/tj-rj\/\" role=\"button\" rel=\"noopener noreferrer\">Confira os pacotes!<\/a>\n        <\/div>\n      <\/div>\n      <p class=\"texto-auxiliar\">Prepare-se com o melhor material e com quem mais aprova em Concursos P\u00fablicos em todo o pa\u00eds.<\/p>\n    <\/div>\n\n  <\/div>\n<\/div>\n\n\n\n<p id=\"indice\">Neste artigo, voc\u00ea fica por dentro de todas as informa\u00e7\u00f5es do<strong> concurso TJ RJ,<\/strong> referentes a servidores. Os temas abordados ser\u00e3o:<\/p>\n\n\n\n<ul class=\"wp-block-list\">\n<li><strong><a href=\"#atual\">Situa\u00e7\u00e3o atual do concurso TJ RJ<\/a><\/strong>\n<ul class=\"wp-block-list\">\n<li><a href=\"#quais-sao-as-proximas-datas\">Quais s\u00e3o as pr\u00f3ximas datas?<\/a><\/li>\n\n\n\n<li><a href=\"#cronograma\">Quais s\u00e3o as principais datas do concurso TJ RJ?<\/a><\/li>\n<\/ul>\n<\/li>\n\n\n\n<li><strong><a href=\"#h-resultados-ja-divulgados\">Resultados j\u00e1 divulgados<\/a><\/strong><\/li>\n\n\n\n<li><a href=\"#cargos-previstos\"><strong>Quais s\u00e3o os cargos e vagas ofertadas?<\/strong><\/a><\/li>\n\n\n\n<li><a href=\"#salarios-2025\"><strong>Quanto ganha o servidor do TJ RJ?<\/strong><\/a><\/li>\n\n\n\n<li><strong><a href=\"#h-provas-e-etapas-do-concurso-tj-rj\">Quais s\u00e3o as etapas e provas do edital TJ RJ?<\/a> <\/strong><\/li>\n\n\n\n<li><a href=\"#localidades-de-aplicacao-das--provas\"><strong>Onde ser\u00e3o aplicadas as provas?<\/strong><\/a><\/li>\n\n\n\n<li><a href=\"#cargos-vagos\"><strong>Quantos cargos est\u00e3o vagos no TJ RJ?<\/strong><\/a><\/li>\n\n\n\n<li><a href=\"#TJRJ-2025\"><strong>Perspectivas de nomea\u00e7\u00f5es no TJ RJ 2025<\/strong><\/a><\/li>\n\n\n\n<li><a href=\"#historico-do-concurso\"><strong>Hist\u00f3rico do concurso<\/strong><\/a><\/li>\n\n\n\n<li><strong><span style=\"text-decoration: underline;\"><a href=\"#ultimo-concurso\">Como foi o \u00faltimo concurso TJ RJ?<\/a><\/span><\/strong>\n<ul class=\"wp-block-list\">\n<li><a href=\"#nomeacoes\">Quantos foram nomeados?<\/a><\/li>\n\n\n\n<li><a href=\"#cargo\">Cargos e vagas<\/a><\/li>\n\n\n\n<li><a href=\"#etapas\">Etapas de provas<\/a><\/li>\n<\/ul>\n<\/li>\n\n\n\n<li><strong><span style=\"text-decoration: underline;\"><a href=\"#comarcas\">Quais comarcas o TJ RJ atende?<\/a><\/span><\/strong><\/li>\n\n\n\n<li><a href=\"#cursos\"><strong><span style=\"text-decoration: underline;\">Cursos e Assinatura<\/span><\/strong><\/a><\/li>\n\n\n\n<li><strong><a href=\"#ficha-tecnica\"><span style=\"text-decoration: underline;\">Ficha T\u00e9cnica<\/span><\/a><\/strong><\/li>\n<\/ul>\n\n\n\n<h2 class=\"wp-block-heading\" id=\"atual\">Concurso TJ RJ: situa\u00e7\u00e3o atual<\/h2>\n\n\n\n<h3 class=\"wp-block-heading\" id=\"datas\">Quais s\u00e3o as principais datas?<\/h3>\n\n\n\n<p>Conforme o <a href=\"https:\/\/dhg1h5j42swfq.cloudfront.net\/2025\/11\/14101006\/aviso-tj-no-287-2025-cronograma-do-concurso.pdf\" target=\"_blank\" rel=\"noreferrer noopener\">aviso TJ n\u00ba 287\/2025<\/a>, o cronograma previsto para as pr\u00f3ximas etapas do concurso \u00e9 o seguinte:<\/p>\n\n\n\n<figure class=\"wp-block-table is-style-stripes\"><table class=\"has-fixed-layout\"><tbody><tr><th>Evento \/ Etapa<\/th><th class=\"has-text-align-center\" data-align=\"center\">Data Prevista<\/th><th class=\"has-text-align-center\" data-align=\"center\">Status<\/th><\/tr><tr><td><strong>Aplica\u00e7\u00e3o da Prova<\/strong><\/td><td class=\"has-text-align-center\" data-align=\"center\"><s>01\/02\/2026<\/s><\/td><td class=\"has-text-align-center\" data-align=\"center\">Realizado<\/td><\/tr><tr><td><strong>Quando sai o gabarito preliminar?<\/strong><\/td><td class=\"has-text-align-center\" data-align=\"center\"><strong><s>04\/02\/2026<\/s><\/strong><\/td><td class=\"has-text-align-center\" data-align=\"center\">Publicado<\/td><\/tr><tr><td><strong>Recursos contra o Gabarito<\/strong><\/td><td class=\"has-text-align-center\" data-align=\"center\"><s>05 a 06\/02\/2026<\/s><\/td><td class=\"has-text-align-center\" data-align=\"center\">Publicado<\/td><\/tr><tr><td><strong>Quando sai o resultado preliminar (Objetiva)?<\/strong><\/td><td class=\"has-text-align-center\" data-align=\"center\"><strong><s>11\/03\/2026<\/s><\/strong><\/td><td class=\"has-text-align-center\" data-align=\"center\">Publicado<\/td><\/tr><tr><td><strong>Recursos contra o Resultado<\/strong><\/td><td class=\"has-text-align-center\" data-align=\"center\"><s>12 a 13\/03\/2026<\/s><\/td><td class=\"has-text-align-center\" data-align=\"center\">Publicado<\/td><\/tr><tr><td><strong>Quando sai o resultado definitivo (Objetiva)?<\/strong><\/td><td class=\"has-text-align-center\" data-align=\"center\"><strong><s>31\/03\/2026<\/s><\/strong><\/td><td class=\"has-text-align-center\" data-align=\"center\">Publicado<\/td><\/tr><tr><td><strong>Quando ser\u00e1 a convoca\u00e7\u00e3o para avalia\u00e7\u00e3o dos t\u00edtulos?<\/strong><\/td><td class=\"has-text-align-center\" data-align=\"center\"><strong><s>31\/03\/2026<\/s><\/strong><\/td><td class=\"has-text-align-center\" data-align=\"center\">Publicado<\/td><\/tr><tr><td><strong>Quando sai o resultado preliminar da discursiva? <\/strong><\/td><td class=\"has-text-align-center\" data-align=\"center\"><strong><s>22\/04\/2026<\/s><\/strong><\/td><td class=\"has-text-align-center\" data-align=\"center\">Publicado<\/td><\/tr><tr><td><strong>Quando sai o resultado definitivo da discursiva? <\/strong><\/td><td class=\"has-text-align-center\" data-align=\"center\"><strong>22\/05\/2026<\/strong><\/td><td class=\"has-text-align-center\" data-align=\"center\">Previsto<\/td><\/tr><tr><td><strong>Quando ser\u00e1 a publica\u00e7\u00e3o do Resultado Preliminar da Avalia\u00e7\u00e3o de T\u00edtulos?<\/strong><\/td><td class=\"has-text-align-center\" data-align=\"center\">12\/05\/2026<\/td><td class=\"has-text-align-center\" data-align=\"center\">Previsto<\/td><\/tr><tr><td><strong>Quando sai o resultado Definitivo da Avalia\u00e7\u00e3o de<br \/>T\u00edtulos?<\/strong><\/td><td class=\"has-text-align-center\" data-align=\"center\">03\/06\/2026<\/td><td class=\"has-text-align-center\" data-align=\"center\">Previsto<\/td><\/tr><tr><td><strong>Resultado Final do Concurso<\/strong><\/td><td class=\"has-text-align-center\" data-align=\"center\">03\/06\/2026<\/td><td class=\"has-text-align-center\" data-align=\"center\">Previsto<\/td><\/tr><\/tbody><\/table><\/figure>\n\n\n\n<p class=\"has-text-align-center\"><a href=\"https:\/\/dhg1h5j42swfq.cloudfront.net\/2026\/03\/05203921\/image-10-1.png\"><strong>Acesse aqui o cronograma das demais etapas.<\/strong><\/a><\/p>\n\n\n\n<h3 class=\"wp-block-heading\" id=\"h-resultados-ja-divulgados\">Resultados j\u00e1 divulgados<\/h3>\n\n\n\n<ul class=\"wp-block-list\">\n<li><a href=\"https:\/\/www.estrategiaconcursos.com.br\/blog\/concurso-tj-rj-preliminar-da-discursiva\/\" target=\"_blank\" rel=\"noreferrer noopener\">Resultado preliminar da prova discursiva &#8211; Analista Judici\u00e1rio<\/a><\/li>\n\n\n\n<li><a href=\"https:\/\/conhecimento.fgv.br\/sites\/default\/files\/concursos\/aviso-tj-n-115-2026-resultado-definitivo-das-provas-objetivas-taj.pdf\" target=\"_blank\" rel=\"noreferrer noopener\">Resultado definitivo da prova objetiva concurso TJ RJ &#8211; t\u00e9cnico judici\u00e1rio<\/a><\/li>\n\n\n\n<li><a href=\"https:\/\/conhecimento.fgv.br\/sites\/default\/files\/concursos\/aviso-tj-n-116-2026-resultado-definitivo-das-provas-objetivas-aj.pdf\" target=\"_blank\" rel=\"noreferrer noopener\">Resultado definitivo da prova objetiva concurso TJ RJ &#8211; analista judici\u00e1rio<\/a><\/li>\n<\/ul>\n\n\n\n<h3 class=\"wp-block-heading\" id=\"h-quais-sao-os-cargos-e-vagas-ofertadas-no-edital-tj-rj\">Quais s\u00e3o os cargos e vagas ofertadas no edital TJ RJ?<\/h3>\n\n\n\n<h4 class=\"wp-block-heading\" id=\"h-nivel-medio\">N\u00edvel m\u00e9dio<\/h4>\n\n\n\n<figure class=\"wp-block-table is-style-stripes\"><table class=\"has-pale-cyan-blue-background-color has-background has-fixed-layout\"><thead><tr><th class=\"has-text-align-center\" data-align=\"center\">CARGOS<\/th><th class=\"has-text-align-center\" data-align=\"center\">VAGAS<\/th><th class=\"has-text-align-center\" data-align=\"center\">SAL\u00c1RIO<\/th><\/tr><\/thead><tbody><tr><td class=\"has-text-align-center\" data-align=\"center\">&nbsp;T\u00e9cnico de Atividade Judici\u00e1ria, sem especialidade, do grupo n\u00edvel m\u00e9dio<\/td><td class=\"has-text-align-center\" data-align=\"center\">CR<\/td><td class=\"has-text-align-center\" data-align=\"center\">R$ 5.685,54<\/td><\/tr><\/tbody><\/table><\/figure>\n\n\n\n<h4 class=\"wp-block-heading\" id=\"h-nivel-superior\">N\u00edvel superior<\/h4>\n\n\n\n<figure class=\"wp-block-table is-style-stripes\"><table class=\"has-cyan-bluish-gray-background-color has-background has-fixed-layout\"><thead><tr><th class=\"has-text-align-center\" data-align=\"center\">CARGOS<\/th><th class=\"has-text-align-center\" data-align=\"center\">VAGAS<\/th><th class=\"has-text-align-center\" data-align=\"center\">SAL\u00c1RIO<\/th><\/tr><\/thead><tbody><tr><td class=\"has-text-align-center\" data-align=\"center\">Analista Judici\u00e1rio, sem especialidade, do grupo n\u00edvel superior<\/td><td class=\"has-text-align-center\" data-align=\"center\">CR<\/td><td class=\"has-text-align-center\" data-align=\"center\">&nbsp;R$ 9.363,84<\/td><\/tr><tr><td class=\"has-text-align-center\" data-align=\"center\">Analista Judici\u00e1rio especialidade Contador, do grupo gest\u00e3o<\/td><td class=\"has-text-align-center\" data-align=\"center\">CR<\/td><td class=\"has-text-align-center\" data-align=\"center\">&nbsp;R$ 9.363,84<\/td><\/tr><tr><td class=\"has-text-align-center\" data-align=\"center\">Analista Judici\u00e1rio especialidade Execu\u00e7\u00e3o de Mandados, do grupo judicial<\/td><td class=\"has-text-align-center\" data-align=\"center\">CR<\/td><td class=\"has-text-align-center\" data-align=\"center\">&nbsp;R$ 9.363,84*<\/td><\/tr><tr><td class=\"has-text-align-center\" data-align=\"center\">Analista Judici\u00e1rio especialidade Psic\u00f3logo, do grupo assistencial<\/td><td class=\"has-text-align-center\" data-align=\"center\">CR<\/td><td class=\"has-text-align-center\" data-align=\"center\">&nbsp;R$ 9.363,84<\/td><\/tr><tr><td class=\"has-text-align-center\" data-align=\"center\">&nbsp;Analista Judici\u00e1rio especialidade Assistente Social, do grupo assistencial<\/td><td class=\"has-text-align-center\" data-align=\"center\">CR<\/td><td class=\"has-text-align-center\" data-align=\"center\">&nbsp;R$ 9.363,84<\/td><\/tr><tr><td class=\"has-text-align-center\" data-align=\"center\">Analista Judici\u00e1rio especialidade Comiss\u00e1rio de Justi\u00e7a da Inf\u00e2ncia, da Juventude e do Idoso, do grupo judicial<\/td><td class=\"has-text-align-center\" data-align=\"center\">CR<\/td><td class=\"has-text-align-center\" data-align=\"center\">&nbsp;R$ 9.363,84<\/td><\/tr><tr><td class=\"has-text-align-center\" data-align=\"center\">Analista Judici\u00e1rio especialidade M\u00e9dico, do grupo assistencial<\/td><td class=\"has-text-align-center\" data-align=\"center\">CR<\/td><td class=\"has-text-align-center\" data-align=\"center\">&nbsp;R$ 9.363,84<\/td><\/tr><tr><td class=\"has-text-align-center\" data-align=\"center\">Analista Judici\u00e1rio especialidade M\u00e9dico Psiquiatra, do grupo assistencial<\/td><td class=\"has-text-align-center\" data-align=\"center\">CR<\/td><td class=\"has-text-align-center\" data-align=\"center\">&nbsp;R$ 9.363,84<\/td><\/tr><tr><td class=\"has-text-align-center\" data-align=\"center\">Analista Judici\u00e1rio especialidade Analista de Neg\u00f3cios, do grupo tecnologia da informa\u00e7\u00e3o<\/td><td class=\"has-text-align-center\" data-align=\"center\">CR<\/td><td class=\"has-text-align-center\" data-align=\"center\">&nbsp;R$ 9.363,84<\/td><\/tr><tr><td class=\"has-text-align-center\" data-align=\"center\">Analista Judici\u00e1rio especialidade Analista de Infraestrutura de TIC do grupo tecnologia da informa\u00e7\u00e3o<\/td><td class=\"has-text-align-center\" data-align=\"center\">CR<\/td><td class=\"has-text-align-center\" data-align=\"center\">&nbsp;R$ 9.363,84<\/td><\/tr><tr><td class=\"has-text-align-center\" data-align=\"center\">Analista Judici\u00e1rio especialidade Analista de Sistemas, do grupo tecnologia da informa\u00e7\u00e3o<\/td><td class=\"has-text-align-center\" data-align=\"center\">CR<\/td><td class=\"has-text-align-center\" data-align=\"center\">&nbsp;R$ 9.363,84<\/td><\/tr><tr><td class=\"has-text-align-center\" data-align=\"center\">Analista Judici\u00e1rio especialidade Analista de Projetos, do grupo tecnologia da informa\u00e7\u00e3o<\/td><td class=\"has-text-align-center\" data-align=\"center\">CR<\/td><td class=\"has-text-align-center\" data-align=\"center\">&nbsp;R$ 9.363,84<\/td><\/tr><tr><td class=\"has-text-align-center\" data-align=\"center\">Analista Judici\u00e1rio especialidade Analista de Gest\u00e3o de TIC, do grupo tecnologia da informa\u00e7\u00e3o<\/td><td class=\"has-text-align-center\" data-align=\"center\">CR<\/td><td class=\"has-text-align-center\" data-align=\"center\">&nbsp;R$ 9.363,84<\/td><\/tr><tr><td class=\"has-text-align-center\" data-align=\"center\">Analista Judici\u00e1rio especialidade Analista de Intelig\u00eancia Artificial, do grupo tecnologia da informa\u00e7\u00e3o<\/td><td class=\"has-text-align-center\" data-align=\"center\">CR<\/td><td class=\"has-text-align-center\" data-align=\"center\">&nbsp;R$ 9.363,84<\/td><\/tr><tr><td class=\"has-text-align-center\" data-align=\"center\">Analista Judici\u00e1rio especialidade Analista de Seguran\u00e7a da Informa\u00e7\u00e3o, do grupo tecnologia da informa\u00e7\u00e3o<\/td><td class=\"has-text-align-center\" data-align=\"center\">CR<\/td><td class=\"has-text-align-center\" data-align=\"center\">&nbsp;R$ 9.363,84<\/td><\/tr><tr><td class=\"has-text-align-center\" data-align=\"center\">Analista Judici\u00e1rio especialidade Cientista de Dados, do grupo tecnologia da informa\u00e7\u00e3o<\/td><td class=\"has-text-align-center\" data-align=\"center\">CR<\/td><td class=\"has-text-align-center\" data-align=\"center\">&nbsp;R$ 9.363,84<\/td><\/tr><tr><td class=\"has-text-align-center\" data-align=\"center\">&nbsp;Analista Judici\u00e1rio especialidade Arquitetos de Dados, do grupo tecnologia da informa\u00e7\u00e3o<\/td><td class=\"has-text-align-center\" data-align=\"center\">CR<\/td><td class=\"has-text-align-center\" data-align=\"center\">&nbsp;R$ 9.363,84<\/td><\/tr><tr><td class=\"has-text-align-center\" data-align=\"center\">Analista Judici\u00e1rio especialidade Engenheiro de Dados, do grupo tecnologia da informa\u00e7\u00e3o<\/td><td class=\"has-text-align-center\" data-align=\"center\">CR<\/td><td class=\"has-text-align-center\" data-align=\"center\">&nbsp;R$ 9.363,84<\/td><\/tr><tr><td class=\"has-text-align-center\" data-align=\"center\">&nbsp;Analista Judici\u00e1rio especialidade Analista de Dados S\u00eanior, do grupo tecnologia da informa\u00e7\u00e3o<\/td><td class=\"has-text-align-center\" data-align=\"center\">CR<\/td><td class=\"has-text-align-center\" data-align=\"center\">&nbsp;R$ 9.363,84<\/td><\/tr><\/tbody><\/table><\/figure>\n\n\n\n<h2 class=\"wp-block-heading\" id=\"salarios-2025\">Quanto ganha o servidor do TJ RJ?<\/h2>\n\n\n\n<p>Segundo a <a href=\"https:\/\/www.tjrj.jus.br\/documents\/d\/guest\/anexo-iii-a-janeiro-de-2024-quadros-unico-e-suplementar-inclusao-do-aq-nas-legendas-percentual-de-aq-mestrado-corrigido\" target=\"_blank\" rel=\"noreferrer noopener\">estrutura remunerat\u00f3ria<\/a> dos servidores, o <strong>sal\u00e1rio TJ-RJ inicial varia entre R$ 5 mil e R$ 6 mil<\/strong>. Vale ressaltar que os valores apresentados j\u00e1 est\u00e3o acrescidos da Gratifica\u00e7\u00e3o de Atividade Judici\u00e1ria (GAJ) e do Adicional de Padr\u00e3o Judici\u00e1rio (APJ).<\/p>\n\n\n\n<ul class=\"wp-block-list\">\n<li><strong>T\u00e9cnico de Atividade Judici\u00e1ria<\/strong> (vencimento base + GAJ + APJ)<strong>:<\/strong>\n<ul class=\"wp-block-list\">\n<li><em>Inicial: <\/em>R$ 5.685,54<\/li>\n\n\n\n<li><em>Final<\/em>: R$ 11.907,78<\/li>\n<\/ul>\n<\/li>\n<\/ul>\n\n\n\n<ul class=\"wp-block-list\">\n<li><strong>Analista Judici\u00e1rio<\/strong> (vencimento base + GAJ + APJ)<strong>:<\/strong>\n<ul class=\"wp-block-list\">\n<li><em>Inicial: <\/em>R$ 9.363,84<\/li>\n\n\n\n<li><em>Final:<\/em> R$ 19.611,81<\/li>\n<\/ul>\n<\/li>\n<\/ul>\n\n\n\n<p>Al\u00e9m do vencimento b\u00e1sico, os aprovados ter\u00e3o direito ao Adicional de Qualifica\u00e7\u00e3o de at\u00e9 15% em cima do valor b\u00e1sico. Confira a estimativa na tabela abaixo:<\/p>\n\n\n\n<h3 class=\"wp-block-heading\" id=\"h-salarios-de-tecnico-do-tj-rj-com-adicional-de-qualificacao-aq\">Sal\u00e1rios de T\u00e9cnico do TJ RJ com Adicional de Qualifica\u00e7\u00e3o (AQ)<\/h3>\n\n\n\n<figure class=\"wp-block-table is-style-stripes\"><table class=\"has-fixed-layout\"><thead><tr><th>SAL\u00c1RIO B\u00c1SICO<\/th><th>GRADUA\u00c7\u00c3O (+ 7,5 %)<\/th><th>ESPECIALIZAC\u00c3O (+ 10%)<\/th><th>MESTRADO (+ 12,5 %)<\/th><th>DOUTORADO (+ 15%)<\/th><\/tr><\/thead><tbody><tr><td><em>Inicial: <\/em>R$ 5.685,54<\/td><td>R$ 6.004,45<\/td><td>R$ 6.144,09<\/td><td>R$ 6.283,73<\/td><td>R$ 6.423,37<\/td><\/tr><tr><td><em>Final<\/em>: R$ 11.907,78<\/td><td>R$ 12.800,86<\/td><td>R$ 13.098,55<\/td><td>R$ 13.396,25<\/td><td>R$ 13.693,94<\/td><\/tr><\/tbody><\/table><\/figure>\n\n\n\n<h3 class=\"wp-block-heading\" id=\"h-salarios-de-analista-do-tj-rj-com-adicional-de-qualificacao-aq\">Sal\u00e1rios de Analista do TJ RJ com Adicional de Qualifica\u00e7\u00e3o (AQ)<\/h3>\n\n\n\n<figure class=\"wp-block-table is-style-stripes\"><table class=\"has-fixed-layout\"><thead><tr><th>SAL\u00c1RIO B\u00c1SICO<\/th><th>GRADUA\u00c7\u00c3O (+ 7,5%)<em>*<\/em><\/th><th>ESPECIALIZAC\u00c3O (+ 10%)<\/th><th>MESTRADO (+ 12,5 %)<\/th><th>DOUTORADO (+ 15%)<\/th><\/tr><\/thead><tbody><tr><td><em>Inicial: <\/em>R$ 9.363,84<\/td><td>R$ 10.006,12<\/td><td>R$ 10.300,22<\/td><td>R$ 10.534,32<\/td><td>R$ 10.768,41<\/td><\/tr><tr><td><em>Final:<\/em> R$ 19.611,81<\/td><td>R$ 21.082,69<\/td><td>R$ 21.572,99<\/td><td>R$ 22.063,28<\/td><td>R$ 22.553,58<\/td><\/tr><\/tbody><\/table><\/figure>\n\n\n\n<p>*O adicional de gradua\u00e7\u00e3o s\u00f3 vale para os casos em que o n\u00edvel superior&nbsp;<strong>n\u00e3o<\/strong>&nbsp;\u00e9 requisito. Caso o cargo exija n\u00edvel superior, o adicional&nbsp;<strong>s\u00f3 ser\u00e1 contabilizado<\/strong>&nbsp;se o aprovado possuir uma&nbsp;<strong>segunda gradua\u00e7\u00e3o<\/strong>.<\/p>\n\n\n\n<h3 class=\"wp-block-heading\" id=\"beneficios\">Benef\u00edcios<\/h3>\n\n\n\n<p>Al\u00e9m disso, ao ingressar no Quadro \u00danico de Pessoal do Poder Judici\u00e1rio, o servidor tem \u00e0 sua disposi\u00e7\u00e3o os seguintes benef\u00edcios:<\/p>\n\n\n\n<ul class=\"wp-block-list\">\n<li>Aux\u00edlio-Alimenta\u00e7\u00e3o de R$ 1.605,26;<\/li>\n\n\n\n<li>Aux\u00edlio-Locomo\u00e7\u00e3o de R$ 532,39;<\/li>\n\n\n\n<li>Aux\u00edlio-Sa\u00fade de R$ 1.057,17;<\/li>\n\n\n\n<li>Aux\u00edlio-Ado\u00e7\u00e3o;<\/li>\n\n\n\n<li>Aux\u00edlio-Creche de R$ 1.335,79;<\/li>\n\n\n\n<li>Aux\u00edlio-Doen\u00e7a;<\/li>\n\n\n\n<li>Aux\u00edlio Educa\u00e7\u00e3o de R$ 1.495,53;<\/li>\n\n\n\n<li>Aux\u00edlio-Funeral;<\/li>\n\n\n\n<li>Adicional por tempo de servi\u00e7o.<\/li>\n<\/ul>\n\n\n\n<p>***O Analista Judici\u00e1rio, especialidade Execu\u00e7\u00e3o de Mandados, percebe verba mensal de car\u00e1ter indenizat\u00f3rio no valor de R$ 3.560,57, a t\u00edtulo de gratifica\u00e7\u00e3o de locomo\u00e7\u00e3o, enquanto se encontrar no exerc\u00edcio das atribui\u00e7\u00f5es espec\u00edficas do seu cargo (art.17, caput, da Lei Estadual n\u00ba 9.748\/2022).<\/p>\n\n\n\n<p>**O servidor, na hip\u00f3tese de preenchimento dos requisitos exigidos em regulamento, faz jus ao recebimento do&nbsp;<strong>adicional de qualifica\u00e7\u00e3o<\/strong>, n\u00e3o cumulativo, de 7,5% (gradua\u00e7\u00e3o); 10% (especializa\u00e7\u00e3o); 12,5% (mestrado) ou 15% (doutorado) (art. 21 da Lei estadual no 9.748\/2022).<\/p>\n\n\n\n<h2 class=\"wp-block-heading\" id=\"h-como-serao-as-provas-e-etapas-do-concurso-tj-rj\">Como ser\u00e3o as provas e etapas do concurso TJ RJ?<\/h2>\n\n\n\n<p>I \u2013 prova objetiva de conhecimentos t\u00e9cnicos, de natureza eliminat\u00f3ria e classificat\u00f3ria;<\/p>\n\n\n\n<p>II \u2013 prova discursiva, de natureza classificat\u00f3ria e eliminat\u00f3ria &#8211; somente para Analista;<\/p>\n\n\n\n<p>III \u2013 exame de t\u00edtulos, para cargos de n\u00edvel superior, de natureza classificat\u00f3ria &#8211; somente para Analista;<\/p>\n\n\n\n<p>IV \u2013 comprova\u00e7\u00e3o de sanidade f\u00edsica e mental, de natureza eliminat\u00f3ria;<\/p>\n\n\n\n<p>V \u2013 comprova\u00e7\u00e3o dos requisitos \u00e0 investidura no cargo, de natureza eliminat\u00f3ria.<\/p>\n\n\n\n<h3 class=\"wp-block-heading\" id=\"objetiva\">Prova objetiva<\/h3>\n\n\n\n<p><strong>Analista<\/strong> <strong>e T\u00e9cnico<\/strong><\/p>\n\n\n\n<p>A Prova Objetiva foi composta por 70 (setenta) quest\u00f5es de m\u00faltipla escolha, numeradas sequencialmente, com 05 (cinco) alternativas e apenas uma resposta correta.<\/p>\n\n\n\n<p>Cada quest\u00e3o de m\u00faltipla escolha vale 1 ponto, sendo 70 (setenta) pontos a pontua\u00e7\u00e3o m\u00e1xima obtida na Prova Objetiva, para cada cargo.<\/p>\n\n\n\n<ul class=\"wp-block-list\">\n<li>L\u00edngua Portuguesa- 20 quest\u00f5es<\/li>\n\n\n\n<li>Legisla\u00e7\u00e3o Especial, No\u00e7\u00f5es dos Direitos das Pessoas com Defici\u00eancia e \u00c9tica no Servi\u00e7o P\u00fablico &#8211; 10 quest\u00f5es<\/li>\n\n\n\n<li>CONHECIMENTOS ESPEC\u00cdFICOS &#8211; 40 quest\u00f5es<\/li>\n<\/ul>\n\n\n\n<h3 class=\"wp-block-heading\" id=\"h-prova-discursiva\">Prova discursiva <\/h3>\n\n\n\n<p><strong>Analista<\/strong><\/p>\n\n\n\n<p>A Prova Discursiva consiste de 1 (uma) quest\u00e3o discursiva, valendo 20 (vinte) pontos. \u00c9 aprovado na Prova Discursiva o candidato que obtem pelo menos 08 (oito) pontos.<\/p>\n\n\n\n<h3 class=\"wp-block-heading\" id=\"h-prova-de-titulos\">Prova de t\u00edtulos<\/h3>\n\n\n\n<p><strong>Analista<\/strong><\/p>\n\n\n\n<figure class=\"wp-block-image size-large\"><img loading=\"lazy\" decoding=\"async\" width=\"1024\" height=\"304\" src=\"https:\/\/dhg1h5j42swfq.cloudfront.net\/2025\/10\/23203902\/captura-de-tela-2025-10-23-as-20-38-33-1024x304.png\" alt=\"Tabela de atribui\u00e7\u00e3o de pontos na avalia\u00e7\u00e3o de t\u00edtulos\" class=\"wp-image-1659993\" srcset=\"https:\/\/dhg1h5j42swfq.cloudfront.net\/2025\/10\/23203902\/captura-de-tela-2025-10-23-as-20-38-33-1024x304.png 1024w, https:\/\/dhg1h5j42swfq.cloudfront.net\/2025\/10\/23203902\/captura-de-tela-2025-10-23-as-20-38-33-300x89.png 300w, https:\/\/dhg1h5j42swfq.cloudfront.net\/2025\/10\/23203902\/captura-de-tela-2025-10-23-as-20-38-33-768x228.png 768w, https:\/\/dhg1h5j42swfq.cloudfront.net\/2025\/10\/23203902\/captura-de-tela-2025-10-23-as-20-38-33-150x45.png 150w, https:\/\/dhg1h5j42swfq.cloudfront.net\/2025\/10\/23203902\/captura-de-tela-2025-10-23-as-20-38-33.png 1476w\" sizes=\"auto, (max-width: 1024px) 100vw, 1024px\" \/><\/figure>\n\n\n\n<h3 class=\"wp-block-heading\" id=\"h-especialista-em-ia-para-analista-judiciario\">Especialista em IA para Analista Judici\u00e1rio<\/h3>\n\n\n\n<p>A nova edi\u00e7\u00e3o conta com duas grandes novidades! Entre elas est\u00e1 a inclus\u00e3o de uma <a href=\"https:\/\/www.estrategiaconcursos.com.br\/blog\/especialidade-em-ia-e-novidade-no-concurso-tj-rj\/\" target=\"_blank\" rel=\"noreferrer noopener\">especialidade em intelig\u00eancia artificial<\/a> para analista judici\u00e1rio.<\/p>\n\n\n\n<p>\u201cEsse profissional chega em um momento vital. J\u00e1 temos sistemas de IA em funcionamento e queremos ampliar seu uso para agilizar processos e otimizar a m\u00e3o de obra\u201d, explicou o secret\u00e1rio-geral de Gest\u00e3o de Pessoas do Tribunal, Gabriel Albuquerque Pinto.<\/p>\n\n\n\n<p>E a outra \u00e9 que as provas ser\u00e3o regionalizadas e, pela primeira vez, aplicadas tamb\u00e9m em cidades de outros estados. <em>\u201cMuito provavelmente teremos provas em S\u00e3o Paulo, Belo Horizonte e Juiz de Fora, al\u00e9m dos 11 n\u00facleos regionais do Tribunal no Rio de Janeiro. Isso facilita o acesso de candidatos de outras regi\u00f5es\u201d<\/em>, adiantou Gabriel. <\/p>\n\n\n\n<h3 class=\"wp-block-heading\" id=\"h-onde-serao-aplicadas-as-provas\">Onde ser\u00e3o aplicadas as provas?<\/h3>\n\n\n\n<p>As provas para os cargos de <strong>Analista Judici\u00e1rio<\/strong>, sem especialidade e nas especialidades Contador, Execu\u00e7\u00e3o de Mandados, Psic\u00f3logo, Assistente Social, Comiss\u00e1rio de Justi\u00e7a da Inf\u00e2ncia, da Juventude e do Idoso ocorreram em:<\/p>\n\n\n\n<ul class=\"wp-block-list\">\n<li><strong>Juiz de Fora, Belo Horizonte, S\u00e3o Paulo, e nas sedes dos N\u00facleos Regionais do Estado do Rio de Janeiro: <em>Rio de Janeiro, Niter\u00f3i, Petr\u00f3polis, Duque de Caxias, Volta Redonda, Campos dos Goytacazes, Teres\u00f3polis, Angra dos Reis, Nova Friburgo, Itaperuna, Cabo Frio.<\/em><\/strong><\/li>\n<\/ul>\n\n\n\n<p>As provas de <strong>Analista Judici\u00e1rio,<\/strong> nas especialidades M\u00e9dico, M\u00e9dico Psiquiatra, Analista de Neg\u00f3cios (TI), Analista de Infraestrutura de TIC (TI), Analista de Sistemas (TI), Analista de Projetos (TI), Analista de Gest\u00e3o de TIC (TI), Analista de Intelig\u00eancia Artificial (TI), Analista de Seguran\u00e7a da Informa\u00e7\u00e3o (TI), Cientista de Dados (TI), Arquitetos de Dados (TI), Engenheiro de Dados (TI) e Analista de Dados S\u00eanior (TI) ocorreram <strong>apenas na cidade do Rio de Janeiro \u2013 RJ.<\/strong><\/p>\n\n\n\n<p>As provas para o cargo de <strong>T\u00e9cnico de Atividade Judici\u00e1ria, sem especialidade<\/strong>, ocorreram em:<\/p>\n\n\n\n<p>Juiz de Fora, Belo Horizonte e S\u00e3o Paulo, e nas seguintes cidades, sedes dos N\u00facleos Regionais do Estado do Rio de Janeiro: Rio de Janeiro, Niter\u00f3i, Petr\u00f3polis, Duque de Caxias, Volta Redonda, Campos dos Goytacazes, Teres\u00f3polis, Angra dos Reis, Nova Friburgo, Itaperuna, e Cabo Frio.<\/p>\n\n\n\n<h2 class=\"wp-block-heading\" id=\"cargos-vagos\">Quantos cargos est\u00e3o vagos no TJ RJ?<\/h2>\n\n\n\n<p>Dados de agosto de 2025 do&nbsp;<a href=\"https:\/\/www.tjrj.jus.br\/documents\/d\/guest\/anexo_iv_a_agosto_2025\" target=\"_blank\" rel=\"noreferrer noopener\">portal da transpar\u00eancia<\/a> do Tribunal de Justi\u00e7a do Rio de Janeiro aponta <strong>861 cargos vagos<\/strong> para t\u00e9cnicos e analistas. Alguns cargos foram recriados pela Lei n\u00ba 9393\/202, al\u00e9m dos <a href=\"https:\/\/www.estrategiaconcursos.com.br\/blog\/concurso-tj-rj-quase-700-cargos-extintos\/\" target=\"_blank\" rel=\"noreferrer noopener\">extintos<\/a>.<\/p>\n\n\n\n<h2 class=\"wp-block-heading\" id=\"TJRJ-2025\">Perspectivas de nomea\u00e7\u00e3o no concurso TJ RJ<\/h2>\n\n\n\n<p>O presidente do&nbsp;<strong>Tribunal de Justi\u00e7a do Rio de Janeiro (TJ RJ)<\/strong>, desembargador&nbsp;<strong>Ricardo Couto de Castro<\/strong>, anunciou <strong>1.200 nomea\u00e7\u00f5es at\u00e9 mar\u00e7o de 2026<\/strong>.<\/p>\n\n\n\n<p>A declara\u00e7\u00e3o foi feita em um&nbsp;<strong>v\u00eddeo exibido durante a abertura do 8\u00ba Congresso do Sindicato dos Servidores do Poder Judici\u00e1rio do Estado do Rio de Janeiro (Sind-Justi\u00e7a)<\/strong>, realizado entre os dias&nbsp;<strong>22 e 24 de agosto<\/strong>, em&nbsp;<strong>Angra dos Reis (RJ)<\/strong>.<\/p>\n\n\n\n<h2 class=\"wp-block-heading\" id=\"h-historico-do-concurso\">Hist\u00f3rico do concurso <\/h2>\n\n\n\n<ul class=\"wp-block-list\">\n<li>01 de fevereiro de 2026: Provas aplicadas<\/li>\n\n\n\n<li>14 de janeiro de 2026: Demanda de candidatos por vaga<\/li>\n\n\n\n<li>08 de janeiro de 2026: Altera\u00e7\u00e3o das comiss\u00f5es examinadoras dos concursos para Analista e T\u00e9cnico Judici\u00e1rio<\/li>\n\n\n\n<li>08 de janeiro de 2026: 4\u00aa retifica\u00e7\u00e3o (Analistas)<\/li>\n\n\n\n<li>22 de dezembro de 2025 : inscri\u00e7\u00f5es homologadas<\/li>\n\n\n\n<li>19 de dezembro de 2025: 3\u00aa retifica\u00e7\u00e3o<\/li>\n\n\n\n<li>3 de dezembro de 2025: quantitativo preliminar do n\u00famero de inscritos no concurso<\/li>\n\n\n\n<li>27 de novembro de 2025: resultado definitivo da isen\u00e7\u00e3o de inscri\u00e7\u00e3o<\/li>\n\n\n\n<li>19 de novembro de 2025: 2\u00aa retifica\u00e7\u00e3o<\/li>\n\n\n\n<li>14 de novembro de 2025: resultado preliminar das solicita\u00e7\u00f5es de isen\u00e7\u00e3o e cronograma previsto<\/li>\n\n\n\n<li>29 de outubro de 2025: abertura das inscri\u00e7\u00f5es <\/li>\n\n\n\n<li>27 de outubro de 2025: 1\u00aa retifica\u00e7\u00e3o<\/li>\n\n\n\n<li>23 de outubro de 2025: edital publicado<\/li>\n\n\n\n<li>18 de setembro de 2025: contrato com a FGV <\/li>\n\n\n\n<li>1\u00ba de agosto de 2025: FGV foi escolhida como banca <\/li>\n\n\n\n<li>04 de abril de 2025: regulamento publicado<\/li>\n\n\n\n<li>31 de mar\u00e7o de 2025: concurso autorizado<\/li>\n\n\n\n<li>06 de janeiro de 2025: comiss\u00e3o formada<\/li>\n<\/ul>\n\n\n\n<hr class=\"wp-block-separator has-alpha-channel-opacity\"\/>\n\n\n\n<h2 class=\"wp-block-heading\" id=\"cargo\">Como foi o \u00faltimo concurso TJ RJ?<\/h2>\n\n\n\n<p>O edital do \u00faltimo concurso TJ RJ para servidores foi publicado em <strong>2020<\/strong>, mas foi suspenso em raz\u00e3o da pandemia de Covid-19.<\/p>\n\n\n\n<p>Foram abertas, inicialmente, 160 vagas, por\u00e9m o n\u00famero foi reduzido para<strong> 132 oportunidades<\/strong> para t\u00e9cnicos e analistas judici\u00e1rios, carreiras dos&nbsp;<strong>n\u00edveis m\u00e9dio e superior<\/strong>.<\/p>\n\n\n\n<p>As oportunidades foram distribu\u00eddas entre as 11 regi\u00f5es administrativas judici\u00e1rias do estado, como Rio de Janeiro, Niter\u00f3i, Petr\u00f3polis, Duque de Caxias, Volta Redonda, Campos dos Goytacazes, Nova Friburgo, Cabo Frio, Teres\u00f3polis, Angra dos Reis e Itaperuna.<\/p>\n\n\n\n<p>A banca organizadora foi o Cebraspe e foram registrados <strong>107.118 inscritos<\/strong>, somados os cargos de t\u00e9cnico e analista.<\/p>\n\n\n\n<h3 class=\"wp-block-heading\" id=\"resultados\">Resultados<\/h3>\n\n\n\n<p>Resultado final para t\u00e9cnico judici\u00e1rio:<\/p>\n\n\n\n<ul class=\"wp-block-list\">\n<li><a href=\"https:\/\/dhg1h5j42swfq.cloudfront.net\/2023\/03\/24151313\/resultado-final-para-tecnico-judiciario-tj-rj-concurso.pdf\" target=\"_blank\" rel=\"noreferrer noopener nofollow\">T\u00e9cnico<\/a>.<\/li>\n<\/ul>\n\n\n\n<p>Resultado definitivo da objetiva: <\/p>\n\n\n\n<ul class=\"wp-block-list\">\n<li><a href=\"https:\/\/dhg1h5j42swfq.cloudfront.net\/2022\/01\/19113053\/tjrj_servidor_analista_final_provas_objetivas_prov_discursiva.pdf\" target=\"_blank\" rel=\"noreferrer noopener nofollow\">Analista<\/a>;<\/li>\n\n\n\n<li><a href=\"https:\/\/dhg1h5j42swfq.cloudfront.net\/2022\/01\/19113036\/tjrj_servidor_tecnico_final_provas_objetivas_conv_desempate.pdf\" target=\"_blank\" rel=\"noreferrer noopener nofollow\">T\u00e9cnico<\/a>.<\/li>\n<\/ul>\n\n\n\n<h3 class=\"wp-block-heading\" id=\"h-quantos-foram-nomeados\">Quantos foram nomeados?<\/h3>\n\n\n\n<p>Conforme dados de 2024, confira abaixo o n\u00famero de convocados no \u00faltimo edital:<\/p>\n\n\n\n<ul class=\"wp-block-list\">\n<li><strong>1\u00aa Regi\u00e3o (Rio de Janeiro) \u2013<\/strong>&nbsp;132 convocados;<\/li>\n\n\n\n<li><strong>2\u00aa Regi\u00e3o (Niter\u00f3i) \u2013<\/strong>&nbsp;30 convocados;<\/li>\n\n\n\n<li><strong>3\u00aa Regi\u00e3o (Petr\u00f3polis) \u2013<\/strong>&nbsp;13 convocados;<\/li>\n\n\n\n<li><strong>4\u00aa Regi\u00e3o (Duque de Caxias) \u2013<\/strong>&nbsp;65 convocados;<\/li>\n\n\n\n<li><strong>5\u00aa Regi\u00e3o (Volta Redonda) \u2013<\/strong>&nbsp;sete convocados;<\/li>\n\n\n\n<li><strong>6\u00aa Regi\u00e3o (Campo dos Goytacazes) \u2013<\/strong>&nbsp;17 convocados;<\/li>\n\n\n\n<li><strong>7\u00aa Regi\u00e3o (Vassouras) \u2013<\/strong>&nbsp;14 convocados;<\/li>\n\n\n\n<li><strong>8\u00aa Regi\u00e3o (Itagua\u00ed) \u2013<\/strong>&nbsp;tr\u00eas convocados;<\/li>\n\n\n\n<li><strong>9\u00aa Regi\u00e3o (Nova Friburgo) \u2013<\/strong>&nbsp;seis convocados;<\/li>\n\n\n\n<li><strong>10\u00aa Regi\u00e3o (Itaperuna) \u2013<\/strong>&nbsp;seis convocados;<\/li>\n\n\n\n<li><strong>11\u00aa Regi\u00e3o (Cabo Frio) \u2013<\/strong>&nbsp;11 convocados.<\/li>\n<\/ul>\n\n\n\n<p>Segundo a assessoria de comunica\u00e7\u00e3o do \u00f3rg\u00e3o, <strong>foram aprovados e classificados 648 candidatos.<\/strong><\/p>\n\n\n\n<h3 class=\"wp-block-heading\" id=\"h-cargos-e-vagas-do-ultimo-edital\">Cargos e vagas do \u00faltimo edital<\/h3>\n\n\n\n<p>Confira abaixo o quantitativo de vagas diretas inicialmente abertas e o que foi ofertado ap\u00f3s o reajuste do edital: <\/p>\n\n\n\n<figure class=\"wp-block-table is-style-stripes\"><table class=\"has-very-light-gray-to-cyan-bluish-gray-gradient-background has-background has-fixed-layout\"><tbody><tr><td class=\"has-text-align-center\" data-align=\"center\"><strong>CARGOS<\/strong><\/td><td class=\"has-text-align-center\" data-align=\"center\"><strong>N.\u00ba VAGAS<\/strong> <strong>OFERTADAS INICIALMENTE<\/strong><\/td><td class=\"has-text-align-center\" data-align=\"center\"><strong>N.\u00ba VAGAS QUE SER\u00c1 OFERTADO <\/strong><\/td><td class=\"has-text-align-center\" data-align=\"center\"><strong>ESCOLARIDADE<\/strong><\/td><\/tr><tr><td class=\"has-text-align-center\" data-align=\"center\">T\u00e9cnico de Atividade Judici\u00e1ria \u2013 Sem especialidade <\/td><td class=\"has-text-align-center\" data-align=\"center\">85 <\/td><td class=\"has-text-align-center\" data-align=\"center\">10<\/td><td class=\"has-text-align-center\" data-align=\"center\">N\u00edvel M\u00e9dio<\/td><\/tr><tr><td class=\"has-text-align-center\" data-align=\"center\"> Analista Judici\u00e1rio \u2013 Sem especialidade <\/td><td class=\"has-text-align-center\" data-align=\"center\"> 31 <\/td><td class=\"has-text-align-center\" data-align=\"center\">10<\/td><td class=\"has-text-align-center\" data-align=\"center\">N\u00edvel Superior<\/td><\/tr><tr><td class=\"has-text-align-center\" data-align=\"center\"> Analista Judici\u00e1rio \u2013 Grupo: Gest\u00e3o \u2013 Especialidade: Contador&nbsp; <\/td><td class=\"has-text-align-center\" data-align=\"center\">02 <\/td><td class=\"has-text-align-center\" data-align=\"center\">05<\/td><td class=\"has-text-align-center\" data-align=\"center\"> N\u00edvel Superior <\/td><\/tr><tr><td class=\"has-text-align-center\" data-align=\"center\"> Analista Judici\u00e1rio \u2013 Grupo: Judicial \u2013 Especialidade: Execu\u00e7\u00e3o de Mandados <\/td><td class=\"has-text-align-center\" data-align=\"center\">10<\/td><td class=\"has-text-align-center\" data-align=\"center\">05<\/td><td class=\"has-text-align-center\" data-align=\"center\"> N\u00edvel Superior  <\/td><\/tr><tr><td class=\"has-text-align-center\" data-align=\"center\"> Analista Judici\u00e1rio \u2013 Grupo: Judicial \u2013 Especialidade: Comiss\u00e1rio de Justi\u00e7a da Inf\u00e2ncia, da Juventude&nbsp; e do Idoso&nbsp; <\/td><td class=\"has-text-align-center\" data-align=\"center\">05<\/td><td class=\"has-text-align-center\" data-align=\"center\">05<\/td><td class=\"has-text-align-center\" data-align=\"center\"> N\u00edvel Superior  <\/td><\/tr><tr><td class=\"has-text-align-center\" data-align=\"center\"> Analista Judici\u00e1rio \u2013 Grupo: Assistencial \u2013 Especialidade: Psic\u00f3logo <\/td><td class=\"has-text-align-center\" data-align=\"center\">05<\/td><td class=\"has-text-align-center\" data-align=\"center\">10<\/td><td class=\"has-text-align-center\" data-align=\"center\"> N\u00edvel Superior  <\/td><\/tr><tr><td class=\"has-text-align-center\" data-align=\"center\"> Analista Judici\u00e1rio \u2013 Grupo: Assistente Social&nbsp; <\/td><td class=\"has-text-align-center\" data-align=\"center\">05<\/td><td class=\"has-text-align-center\" data-align=\"center\">10<\/td><td class=\"has-text-align-center\" data-align=\"center\"> N\u00edvel Superior  <\/td><\/tr><tr><td class=\"has-text-align-center\" data-align=\"center\"> Analista Judici\u00e1rio \u2013 Grupo: Assistencial \u2013 Especialidade: M\u00e9dico&nbsp; <\/td><td class=\"has-text-align-center\" data-align=\"center\">06<\/td><td class=\"has-text-align-center\" data-align=\"center\">06<\/td><td class=\"has-text-align-center\" data-align=\"center\"> N\u00edvel Superior  <\/td><\/tr><tr><td class=\"has-text-align-center\" data-align=\"center\"> Analista Judici\u00e1rio \u2013 Grupo: Assistencial \u2013 Especialidade: M\u00e9dico Psiquiatra <\/td><td class=\"has-text-align-center\" data-align=\"center\">01<\/td><td class=\"has-text-align-center\" data-align=\"center\">01<\/td><td class=\"has-text-align-center\" data-align=\"center\"> N\u00edvel Superior  <\/td><\/tr><tr><td class=\"has-text-align-center\" data-align=\"center\"> Analista Judici\u00e1rio \u2013 Grupo: Tecnologia da Informa\u00e7\u00e3o \u2013 Especialidade: Analista de Infraestrutura TIC <\/td><td class=\"has-text-align-center\" data-align=\"center\">01<\/td><td class=\"has-text-align-center\" data-align=\"center\">17<\/td><td class=\"has-text-align-center\" data-align=\"center\"> N\u00edvel Superior  <\/td><\/tr><tr><td class=\"has-text-align-center\" data-align=\"center\"> Analista Judici\u00e1rio \u2013 Grupo: Tecnologia da Informa\u00e7\u00e3o \u2013 Especialidade: Analista de Seguran\u00e7a da Informa\u00e7\u00e3o <\/td><td class=\"has-text-align-center\" data-align=\"center\">02<\/td><td class=\"has-text-align-center\" data-align=\"center\">12<\/td><td class=\"has-text-align-center\" data-align=\"center\"> N\u00edvel Superior  <\/td><\/tr><tr><td class=\"has-text-align-center\" data-align=\"center\"> Analista Judici\u00e1rio \u2013 Grupo: Tecnologia da Informa\u00e7\u00e3o \u2013 Especialidade: Analista de Sistemas <\/td><td class=\"has-text-align-center\" data-align=\"center\">02<\/td><td class=\"has-text-align-center\" data-align=\"center\">17<\/td><td class=\"has-text-align-center\" data-align=\"center\"> N\u00edvel Superior  <\/td><\/tr><tr><td class=\"has-text-align-center\" data-align=\"center\"> Analista Judici\u00e1rio \u2013 Grupo: Tecnologia da Informa\u00e7\u00e3o \u2013 Especialidade: Analista de Neg\u00f3cios&nbsp; <\/td><td class=\"has-text-align-center\" data-align=\"center\">02<\/td><td class=\"has-text-align-center\" data-align=\"center\">15<\/td><td class=\"has-text-align-center\" data-align=\"center\"> N\u00edvel Superior  <\/td><\/tr><tr><td class=\"has-text-align-center\" data-align=\"center\"> Analista Judici\u00e1rio \u2013 Grupo: Tecnologia da Informa\u00e7\u00e3o \u2013 Especialidade: Analista de Projetos <\/td><td class=\"has-text-align-center\" data-align=\"center\">01<\/td><td class=\"has-text-align-center\" data-align=\"center\">04<\/td><td class=\"has-text-align-center\" data-align=\"center\"> N\u00edvel Superior  <\/td><\/tr><tr><td class=\"has-text-align-center\" data-align=\"center\"> Analista Judici\u00e1rio \u2013 Grupo: Tecnologia da Informa\u00e7\u00e3o \u2013 Especialidade: Analista de Gest\u00e3o de TIC&nbsp; <\/td><td class=\"has-text-align-center\" data-align=\"center\">02<\/td><td class=\"has-text-align-center\" data-align=\"center\">05<\/td><td class=\"has-text-align-center\" data-align=\"center\"> N\u00edvel Superior  <\/td><\/tr><tr><td class=\"has-text-align-center\" data-align=\"center\"><strong>TOTAL<\/strong><\/td><td class=\"has-text-align-center\" data-align=\"center\"><strong>160<\/strong><\/td><td class=\"has-text-align-center\" data-align=\"center\"><strong>132<\/strong><\/td><td class=\"has-text-align-center\" data-align=\"center\"><\/td><\/tr><\/tbody><\/table><figcaption class=\"wp-element-caption\">Distribui\u00e7\u00e3o dos cargos e vagas do \u00faltimo edital TJ RJ<\/figcaption><\/figure>\n\n\n\n<h4 class=\"wp-block-heading\" id=\"requisitos\">Requisitos dos cargos<\/h4>\n\n\n\n<ul class=\"wp-block-list\">\n<li><strong>T\u00e9cnico de Atividade Judici\u00e1ria<\/strong>: Ensino M\u00e9dio ou curso t\u00e9cnico equivalente. <\/li>\n<\/ul>\n\n\n\n<ul class=\"wp-block-list\">\n<li><strong>Analista Judici\u00e1rio<\/strong>: Diploma, devidamente registrado, de conclus\u00e3o de curso de n\u00edvel superior na \u00e1rea competente, reconhecido pelo MEC e registro no Conselho Regional de profissionais da \u00e1rea pertinente. <\/li>\n<\/ul>\n\n\n\n<h3 class=\"wp-block-heading\" id=\"etapas\">Etapas do \u00faltimo concurso TJ RJ<\/h3>\n\n\n\n<p>O \u00faltimo concurso TJ RJ foi composto de:<\/p>\n\n\n\n<ul class=\"wp-block-list\">\n<li><strong>Prova Objetiva <\/strong>(todos os cargos);<\/li>\n\n\n\n<li><strong>Prova Discursiva<\/strong> (todos os cargos);<\/li>\n\n\n\n<li><strong>Avalia\u00e7\u00e3o de t\u00edtulos<\/strong> (Cargos de Analista Judici\u00e1rio).<\/li>\n<\/ul>\n\n\n\n<h4 class=\"wp-block-heading\" id=\"prova-objetiva\">Prova objetiva<\/h4>\n\n\n\n<p>Todos os candidatos foram submetidos \u00e0 prova objetiva, de <strong>car\u00e1ter eliminat\u00f3rio<\/strong> e classificat\u00f3rio.<\/p>\n\n\n\n<p>A prova objetiva foi aplicada nas seguinte cidades:<\/p>\n\n\n\n<figure class=\"wp-block-image aligncenter size-full\"><img loading=\"lazy\" decoding=\"async\" width=\"724\" height=\"302\" src=\"https:\/\/dhg1h5j42swfq.cloudfront.net\/2021\/09\/30221949\/image-587.png\" alt=\"Lista de cidades onde foram aplicadas provas do \u00faltimo concurso TJ RJ\" class=\"wp-image-874940\" srcset=\"https:\/\/dhg1h5j42swfq.cloudfront.net\/2021\/09\/30221949\/image-587.png 724w, https:\/\/dhg1h5j42swfq.cloudfront.net\/2021\/09\/30221949\/image-587-300x125.png 300w, https:\/\/dhg1h5j42swfq.cloudfront.net\/2021\/09\/30221949\/image-587-610x254.png 610w\" sizes=\"auto, (max-width: 724px) 100vw, 724px\" \/><figcaption class=\"wp-element-caption\">Concurso TJ RJ: Cidades de aplica\u00e7\u00e3o da prova objetiva<\/figcaption><\/figure>\n\n\n\n<p>Foi reprovado nas provas objetivas e eliminado do concurso p\u00fablico o candidato que se enquadrou em pelo menos um dos itens a seguir:<br \/><br \/>a) obtiver nota inferior a 10,00 pontos na prova objetiva de conhecimentos gerais;<br \/>b) obtiver nota inferior a 20,00 pontos na prova objetiva de conhecimentos espec\u00edfico.<\/p>\n\n\n\n<h4 class=\"wp-block-heading\" id=\"prova-discursiva\">Prova discursiva<\/h4>\n\n\n\n<p>Todos os candidatos foram submetidos \u00e0 prova discursiva, de car\u00e1ter eliminat\u00f3rio e classificat\u00f3rio. <\/p>\n\n\n\n<p>Para os cargos de Analista Judici\u00e1rio &#8211; M\u00e9dico e Analista Judici\u00e1rio &#8211; M\u00e9dico Psiquiatra a prova discursiva consistiu de um estudo de caso, da reda\u00e7\u00e3o de texto dissertativo, de at\u00e9 <strong>30 linhas<\/strong>, a respeito de temas relacionados aos conhecimentos espec\u00edficos de cada especialidade.<\/p>\n\n\n\n<p>Para os demais cargos a prova a discursiva consistiu da reda\u00e7\u00e3o de texto dissertativo, de at\u00e9 30 linhas, a respeito de temas relacionados aos <strong>conhecimentos espec\u00edficos<\/strong> de cada cargo\/grupo\/especialidade.<\/p>\n\n\n\n<h4 class=\"wp-block-heading\" id=\"tecnico\">T\u00e9cnico<\/h4>\n\n\n\n<p>As provas objetivas para o cargo de T\u00e9cnico foram compostas por <strong>60 quest\u00f5es de m\u00faltipla escolha<\/strong>, sendo 20 quest\u00f5es de Conhecimentos B\u00e1sicos nas disciplinas de:<\/p>\n\n\n\n<ul class=\"wp-block-list\">\n<li>L\u00edngua Portuguesa;<\/li>\n\n\n\n<li>Legisla\u00e7\u00e3o Especial;<\/li>\n\n\n\n<li>No\u00e7\u00f5es dos Direitos das Pessoas com Defici\u00eancia;<\/li>\n\n\n\n<li>\u00c9tica no Servi\u00e7o P\u00fablico.<\/li>\n<\/ul>\n\n\n\n<p>E 40 quest\u00f5es de conhecimentos Espec\u00edficos para o cargo de T\u00e9cnico de Atividade Judici\u00e1ria, nas disciplinas de:<\/p>\n\n\n\n<ul class=\"wp-block-list\">\n<li>No\u00e7\u00f5es de Direito Administrativo;<\/li>\n\n\n\n<li>No\u00e7\u00f5es de Direito Constitucional;<\/li>\n\n\n\n<li>No\u00e7\u00f5es de Direito Processual Civil;<\/li>\n\n\n\n<li>No\u00e7\u00f5es de Direito Processual Penal;<\/li>\n\n\n\n<li>Legisla\u00e7\u00e3o.<\/li>\n<\/ul>\n\n\n\n<h4 class=\"wp-block-heading\" id=\"analista\">Analista<\/h4>\n\n\n\n<p>As provas objetivas de Analista foram compostas por 60 quest\u00f5es de m\u00faltipla escolha, sendo <strong>20 quest\u00f5es de Conhecimentos B\u00e1sicos <\/strong>nas disciplinas de:<\/p>\n\n\n\n<ul class=\"wp-block-list\">\n<li>L\u00edngua Portuguesa;<\/li>\n\n\n\n<li>Legisla\u00e7\u00e3o Especial;<\/li>\n\n\n\n<li>No\u00e7\u00f5es dos Direitos das Pessoas com Defici\u00eancia;<\/li>\n\n\n\n<li>\u00c9tica no Servi\u00e7o P\u00fablico.<\/li>\n<\/ul>\n\n\n\n<p>As 40 demais quest\u00f5es s\u00e3o de Conhecimentos Espec\u00edficos e variam de acordo com cada especialidade.<\/p>\n\n\n\n<h4 class=\"wp-block-heading\" id=\"prova-de-titulos-tj-rj\">Prova de T\u00edtulos <\/h4>\n\n\n\n<p>Foram convocados para a avalia\u00e7\u00e3o de t\u00edtulos os candidatos a cargos de n\u00edvel superior aprovados na prova discursiva. Os candidatos n\u00e3o convocados para a avalia\u00e7\u00e3o de t\u00edtulos ser\u00e3o eliminados e n\u00e3o ter\u00e3o classifica\u00e7\u00e3o alguma no concurso. <\/p>\n\n\n\n<p>A avalia\u00e7\u00e3o de t\u00edtulos valer\u00e1 10,00 pontos, ainda que a soma dos valores dos t\u00edtulos apresentados seja superior a esse valor.<\/p>\n\n\n\n<figure class=\"wp-block-table is-style-stripes\"><table class=\"has-very-light-gray-to-cyan-bluish-gray-gradient-background has-background has-fixed-layout\"><tbody><tr><td class=\"has-text-align-center\" data-align=\"center\"><strong>T\u00cdTULO <\/strong><\/td><td class=\"has-text-align-center\" data-align=\"center\"><strong>VALOR <\/strong><\/td><td class=\"has-text-align-center\" data-align=\"center\"><strong>PONTUA\u00c7\u00c3O M\u00c1XIMA<\/strong><\/td><\/tr><tr><td class=\"has-text-align-center\" data-align=\"center\">P\u00f3s-gradua\u00e7\u00e3o em n\u00edvel de doutorado na especialidade do cargo a que concorre<\/td><td class=\"has-text-align-center\" data-align=\"center\">2,50<\/td><td class=\"has-text-align-center\" data-align=\"center\">2,50<\/td><\/tr><tr><td class=\"has-text-align-center\" data-align=\"center\">P\u00f3s-gradua\u00e7\u00e3o em n\u00edvel de mestrado na especialidade do cargo a que concorre<\/td><td class=\"has-text-align-center\" data-align=\"center\">1,30<\/td><td class=\"has-text-align-center\" data-align=\"center\">1,30<\/td><\/tr><tr><td class=\"has-text-align-center\" data-align=\"center\">P\u00f3s-gradua\u00e7\u00e3o em n\u00edvel de especializa\u00e7\u00e3o, com carga hor\u00e1ria m\u00ednima de 360 horas, na especialidade do cargo a que concorre.<\/td><td class=\"has-text-align-center\" data-align=\"center\">0,60<\/td><td class=\"has-text-align-center\" data-align=\"center\">1,20<\/td><\/tr><tr><td class=\"has-text-align-center\" data-align=\"center\">Aprova\u00e7\u00e3o em concurso p\u00fablico na Administra\u00e7\u00e3o p\u00fablica ou na iniciativa privada, para empregos\/cargos na especialidade a que concorre, executando-se aprova\u00e7\u00e3o em concurso p\u00fablico pontuado como tempo de servi\u00e7o na al\u00ednea E<\/td><td class=\"has-text-align-center\" data-align=\"center\">0,25<\/td><td class=\"has-text-align-center\" data-align=\"center\">0,50<\/td><\/tr><tr><td class=\"has-text-align-center\" data-align=\"center\">Exerc\u00edcio de atividade aut\u00f4noma e (ou) profissional de n\u00edvel superior na Administra\u00e7\u00e3o P\u00fablica ou na iniciativa privada, em empregos, cargos, fun\u00e7\u00f5es a que concorre<\/td><td class=\"has-text-align-center\" data-align=\"center\">0,50 p\/ ano completo, sem sobreposi\u00e7\u00e3o de tempo<\/td><td class=\"has-text-align-center\" data-align=\"center\">4,80<\/td><\/tr><tr><td class=\"has-text-align-center\" data-align=\"center\"><strong>TOTAL <\/strong><\/td><td class=\"has-text-align-center\" data-align=\"center\">&nbsp;<\/td><td class=\"has-text-align-center\" data-align=\"center\">&nbsp;10,00<\/td><\/tr><\/tbody><\/table><figcaption class=\"wp-element-caption\">Tabela de atribui\u00e7\u00e3o de pontos na avalia\u00e7\u00e3o de t\u00edtulos<\/figcaption><\/figure>\n\n\n\n<h2 class=\"wp-block-heading\" id=\"comarcas\">Quais comarcas o TJ RJ atende? <\/h2>\n\n\n\n<p>Confira abaixo o mapa da divis\u00e3o territorial do estado, em munic\u00edpios e \u00e1reas judici\u00e1rias, al\u00e9m da organiza\u00e7\u00e3o administrativa em n\u00facleos regionais:<\/p>\n\n\n\n<figure class=\"wp-block-image size-large\"><img loading=\"lazy\" decoding=\"async\" width=\"1024\" height=\"679\" src=\"https:\/\/dhg1h5j42swfq.cloudfront.net\/2025\/08\/04153552\/comarcas-tj-rj-2021-1024x679.png\" alt=\"Mapa das comarcas do TJ RJ (2021)\" class=\"wp-image-1633950\" srcset=\"https:\/\/dhg1h5j42swfq.cloudfront.net\/2025\/08\/04153552\/comarcas-tj-rj-2021-1024x679.png 1024w, https:\/\/dhg1h5j42swfq.cloudfront.net\/2025\/08\/04153552\/comarcas-tj-rj-2021-300x199.png 300w, https:\/\/dhg1h5j42swfq.cloudfront.net\/2025\/08\/04153552\/comarcas-tj-rj-2021-768x510.png 768w, https:\/\/dhg1h5j42swfq.cloudfront.net\/2025\/08\/04153552\/comarcas-tj-rj-2021-150x100.png 150w, https:\/\/dhg1h5j42swfq.cloudfront.net\/2025\/08\/04153552\/comarcas-tj-rj-2021.png 1141w\" sizes=\"auto, (max-width: 1024px) 100vw, 1024px\" \/><\/figure>\n\n\n\n<h2 class=\"wp-block-heading has-text-align-center\" id=\"h-quer-saber-tudo-sobre-concursos-previstos-confira-nossos-artigos\">Quer saber tudo sobre concursos previstos? Confira nossos artigos!<\/h2>\n\n\n\n<ul class=\"wp-block-list\">\n<li><a href=\"https:\/\/www.estrategiaconcursos.com.br\/blog\/concursos-abertos\/\" target=\"_blank\" rel=\"noreferrer noopener\">Concursos abertos<\/a><\/li>\n\n\n\n<li><a href=\"https:\/\/www.estrategiaconcursos.com.br\/blog\/concursos-tribunais-2022\/\" target=\"_blank\" rel=\"noreferrer noopener\">Concursos tribunais<\/a><\/li>\n\n\n\n<li><a href=\"https:\/\/www.estrategiaconcursos.com.br\/blog\/concursos-2026\/\" target=\"_blank\" rel=\"noreferrer noopener\">Concursos 2026<\/a><\/li>\n<\/ul>\n\n\n\n<h2 class=\"wp-block-heading has-text-align-center\" id=\"cursos\">Cursos e Assinaturas para o Concurso TJ RJ<\/h2>\n\n\n\n<div class=\"container\" id=\"boxes\">\n  <div class=\"row\">\n\n    <div class=\"col-sm\">\n      <div class=\"banner-tribunal\" id=\"box-assinatura\">\n        <h3 class=\"titulo-assinatura\">Curso para TJ RJ<\/h3>\n        <p class=\"subtitulo-assinatura\">Alavanque a sua prepara\u00e7\u00e3o!<\/p>\n        <div class=\"box-botao\">\n          <a class=\"btn-assinatura\" target=\"_blank\" href=\"https:\/\/www.estrategiaconcursos.com.br\/cursosPorConcurso\/tj-rj\/\" role=\"button\" rel=\"noopener noreferrer\">Confira os pacotes!<\/a>\n        <\/div>\n      <\/div>\n      <p class=\"texto-auxiliar\">Prepare-se com o melhor material e com quem mais aprova em Concursos P\u00fablicos em todo o pa\u00eds.<\/p>\n    <\/div>\n\n  <\/div>\n<\/div>\n\n\n\n<div class=\"container\" id=\"boxes\">\n  <div class=\"row\">\n\n    <div class=\"col-sm\">\n      <div class=\"estrategia\" id=\"box-assinatura\">\n        <h3 class=\"titulo-assinatura\">Assinatura Concursos<\/h3>\n        <p class=\"subtitulo-assinatura\">Assinatura de 1 ano ou 2 anos<\/p>\n        <div class=\"box-botao\">\n          <a class=\"btn-assinatura\" target=\"_blank\" href=\"https:\/\/www.estrategiaconcursos.com.br\/assinaturas\/\" role=\"button\" rel=\"noopener noreferrer\">ASSINE AGORA<\/a>\n        <\/div>\n      <\/div>\n     \n    <\/div><\/div><\/div>\n\n\n\n<figure class=\"wp-block-image size-large is-resized\"><img loading=\"lazy\" decoding=\"async\" width=\"1024\" height=\"632\" src=\"https:\/\/dhg1h5j42swfq.cloudfront.net\/2021\/04\/05154546\/ficha-tecnica-11-1024x632.png\" alt=\"concurso TJ RJ ficha t\u00e9cnica\" class=\"wp-image-707673\" style=\"width:232px;height:auto\" srcset=\"https:\/\/dhg1h5j42swfq.cloudfront.net\/2021\/04\/05154546\/ficha-tecnica-11-1024x632.png 1024w, https:\/\/dhg1h5j42swfq.cloudfront.net\/2021\/04\/05154546\/ficha-tecnica-11-300x185.png 300w, https:\/\/dhg1h5j42swfq.cloudfront.net\/2021\/04\/05154546\/ficha-tecnica-11-768x474.png 768w, https:\/\/dhg1h5j42swfq.cloudfront.net\/2021\/04\/05154546\/ficha-tecnica-11-1536x948.png 1536w, https:\/\/dhg1h5j42swfq.cloudfront.net\/2021\/04\/05154546\/ficha-tecnica-11-610x377.png 610w, https:\/\/dhg1h5j42swfq.cloudfront.net\/2021\/04\/05154546\/ficha-tecnica-11.png 1571w\" sizes=\"auto, (max-width: 1024px) 100vw, 1024px\" \/><\/figure>\n\n\n\n<h2 class=\"wp-block-heading\" id=\"ficha-tecnica-concurso-tj-sc\">Informa\u00e7\u00f5es do concurso TJ RJ &#8211; 2025<\/h2>\n\n\n\n<p><strong>\u25baVagas:&nbsp;<\/strong>CR<strong><br \/>\u25baBanca:&nbsp;<\/strong>FGV<strong><br \/>\u25baEscolaridade:<\/strong> n\u00edvel m\u00e9dio e n\u00edvel superior<br \/>\u25ba<strong>Editais<\/strong>:  <a href=\"https:\/\/dhg1h5j42swfq.cloudfront.net\/2025\/10\/24123404\/edital-de-abertura-tjrj-analista-judiciario-final-23-10.pdf\">TJ RJ &#8211; Analista 2025<\/a>  | <a href=\"https:\/\/dhg1h5j42swfq.cloudfront.net\/2025\/10\/24123444\/tjrj-tecnico.pdf\">TJ RJ &#8211; T\u00e9cnico 2025<\/a><\/p>\n","protected":false},"excerpt":{"rendered":"<p>Os candidatos realizaram a avalia\u00e7\u00e3o em 1\u00ba de fevereiro Candidatos ao concurso do Tribunal de Justi\u00e7a do Rio de Janeiro&nbsp;(TJ RJ) j\u00e1 podem consultar alguns resultados, al\u00e9m do cronograma atualizado das pr\u00f3ximas etapas. A consulta pode ser feita pelo site da banca FGV ou atrav\u00e9s dos links abaixo: As carreiras garantem iniciais de R$ 5.685,54 [&hellip;]<\/p>\n","protected":false},"author":2319,"featured_media":827680,"comment_status":"open","ping_status":"open","sticky":false,"template":"","format":"standard","meta":{"post_tipo":"news_page","footnotes":""},"categories":[1984,220219],"tags":[2058,2059],"tax_estado":[219982],"class_list":["post-39440","post","type-post","status-publish","format-standard","has-post-thumbnail","hentry","category-tribunais","category-noticias","tag-concurso-tj-rj","tag-concursos-de-tribunais","tax_estado-rj"],"acf":[],"yoast_head":"<!-- This site is optimized with the Yoast SEO Premium plugin v27.2 (Yoast SEO v27.2) - https:\/\/yoast.com\/product\/yoast-seo-premium-wordpress\/ -->\n<title>Concurso TJ RJ: resultados divulgados; veja tudo aqui!<\/title>\n<meta name=\"description\" content=\"Concurso TJ RJ: edital oferta vagas em CR para Analista e T\u00e9cnico! Iniciais de R$ 5,6 mil e R$ 9,3 mil. Gabaritos dispon\u00edveis!\" \/>\n<meta name=\"robots\" content=\"index, follow, max-snippet:-1, max-image-preview:large, max-video-preview:-1\" \/>\n<link rel=\"canonical\" href=\"https:\/\/www.estrategiaconcursos.com.br\/blog\/concurso-tj-rj\/\" \/>\n<meta property=\"og:locale\" content=\"pt_BR\" \/>\n<meta property=\"og:type\" content=\"article\" \/>\n<meta property=\"og:title\" content=\"Concurso TJ RJ: resultados divulgados; veja tudo aqui!\" \/>\n<meta property=\"og:description\" content=\"Concurso TJ RJ: edital oferta vagas em CR para Analista e T\u00e9cnico! Iniciais de R$ 5,6 mil e R$ 9,3 mil. Gabaritos dispon\u00edveis!\" \/>\n<meta property=\"og:url\" content=\"https:\/\/www.estrategiaconcursos.com.br\/blog\/concurso-tj-rj\/\" \/>\n<meta property=\"og:site_name\" content=\"Estrat\u00e9gia Concursos\" \/>\n<meta property=\"article:published_time\" content=\"2026-04-22T14:50:00+00:00\" \/>\n<meta property=\"article:modified_time\" content=\"2026-04-22T14:55:32+00:00\" \/>\n<meta property=\"og:image\" content=\"https:\/\/dhg1h5j42swfq.cloudfront.net\/2021\/07\/03112716\/tj-rj.jpeg\" \/>\n\t<meta property=\"og:image:width\" content=\"768\" \/>\n\t<meta property=\"og:image:height\" content=\"432\" \/>\n\t<meta property=\"og:image:type\" content=\"image\/jpeg\" \/>\n<meta name=\"author\" content=\"Let\u00edcia Teixeira\" \/>\n<meta name=\"twitter:card\" content=\"summary_large_image\" \/>\n<meta name=\"twitter:creator\" content=\"@EstratConcursos\" \/>\n<meta name=\"twitter:site\" content=\"@EstratConcursos\" \/>\n<meta name=\"twitter:label1\" content=\"Escrito por\" \/>\n\t<meta name=\"twitter:data1\" content=\"Let\u00edcia Teixeira\" \/>\n\t<meta name=\"twitter:label2\" content=\"Est. tempo de leitura\" \/>\n\t<meta name=\"twitter:data2\" content=\"15 minutos\" \/>\n<script type=\"application\/ld+json\" class=\"yoast-schema-graph\">{\"@context\":\"https:\/\/schema.org\",\"@graph\":[{\"@type\":\"NewsArticle\",\"@id\":\"https:\/\/www.estrategiaconcursos.com.br\/blog\/concurso-tj-rj\/#article\",\"isPartOf\":{\"@id\":\"https:\/\/www.estrategiaconcursos.com.br\/blog\/concurso-tj-rj\/\"},\"author\":{\"name\":\"Let\u00edcia Teixeira\",\"@id\":\"https:\/\/www.estrategiaconcursos.com.br\/blog\/#\/schema\/person\/9b94727dcf4410f4a7931c83966c843b\"},\"headline\":\"Concurso TJ RJ: resultados divulgados; veja tudo aqui!\",\"datePublished\":\"2026-04-22T14:50:00+00:00\",\"dateModified\":\"2026-04-22T14:55:32+00:00\",\"mainEntityOfPage\":{\"@id\":\"https:\/\/www.estrategiaconcursos.com.br\/blog\/concurso-tj-rj\/\"},\"wordCount\":3391,\"commentCount\":49,\"publisher\":{\"@id\":\"https:\/\/www.estrategiaconcursos.com.br\/blog\/#organization\"},\"image\":{\"@id\":\"https:\/\/www.estrategiaconcursos.com.br\/blog\/concurso-tj-rj\/#primaryimage\"},\"thumbnailUrl\":\"https:\/\/dhg1h5j42swfq.cloudfront.net\/2021\/07\/03112716\/tj-rj.jpeg\",\"keywords\":[\"concurso TJ RJ\",\"concursos de tribunais\"],\"articleSection\":[\"Tribunais\",\"\u00daltimas not\u00edcias\"],\"inLanguage\":\"pt-BR\",\"potentialAction\":[{\"@type\":\"CommentAction\",\"name\":\"Comment\",\"target\":[\"https:\/\/www.estrategiaconcursos.com.br\/blog\/concurso-tj-rj\/#respond\"]}],\"copyrightYear\":\"2026\",\"copyrightHolder\":{\"@id\":\"https:\/\/www.estrategiaconcursos.com.br\/blog\/#organization\"}},{\"@type\":\"WebPage\",\"@id\":\"https:\/\/www.estrategiaconcursos.com.br\/blog\/concurso-tj-rj\/\",\"url\":\"https:\/\/www.estrategiaconcursos.com.br\/blog\/concurso-tj-rj\/\",\"name\":\"Concurso TJ RJ: resultados divulgados; veja tudo aqui!\",\"isPartOf\":{\"@id\":\"https:\/\/www.estrategiaconcursos.com.br\/blog\/#website\"},\"primaryImageOfPage\":{\"@id\":\"https:\/\/www.estrategiaconcursos.com.br\/blog\/concurso-tj-rj\/#primaryimage\"},\"image\":{\"@id\":\"https:\/\/www.estrategiaconcursos.com.br\/blog\/concurso-tj-rj\/#primaryimage\"},\"thumbnailUrl\":\"https:\/\/dhg1h5j42swfq.cloudfront.net\/2021\/07\/03112716\/tj-rj.jpeg\",\"datePublished\":\"2026-04-22T14:50:00+00:00\",\"dateModified\":\"2026-04-22T14:55:32+00:00\",\"description\":\"Concurso TJ RJ: edital oferta vagas em CR para Analista e T\u00e9cnico! Iniciais de R$ 5,6 mil e R$ 9,3 mil. Gabaritos dispon\u00edveis!\",\"breadcrumb\":{\"@id\":\"https:\/\/www.estrategiaconcursos.com.br\/blog\/concurso-tj-rj\/#breadcrumb\"},\"inLanguage\":\"pt-BR\",\"potentialAction\":[{\"@type\":\"ReadAction\",\"target\":[\"https:\/\/www.estrategiaconcursos.com.br\/blog\/concurso-tj-rj\/\"]}]},{\"@type\":\"ImageObject\",\"inLanguage\":\"pt-BR\",\"@id\":\"https:\/\/www.estrategiaconcursos.com.br\/blog\/concurso-tj-rj\/#primaryimage\",\"url\":\"https:\/\/dhg1h5j42swfq.cloudfront.net\/2021\/07\/03112716\/tj-rj.jpeg\",\"contentUrl\":\"https:\/\/dhg1h5j42swfq.cloudfront.net\/2021\/07\/03112716\/tj-rj.jpeg\",\"width\":768,\"height\":432,\"caption\":\"concurso tj rj\"},{\"@type\":\"BreadcrumbList\",\"@id\":\"https:\/\/www.estrategiaconcursos.com.br\/blog\/concurso-tj-rj\/#breadcrumb\",\"itemListElement\":[{\"@type\":\"ListItem\",\"position\":1,\"name\":\"In\u00edcio\",\"item\":\"https:\/\/www.estrategiaconcursos.com.br\/blog\/\"},{\"@type\":\"ListItem\",\"position\":2,\"name\":\"Concurso TJ RJ: resultados divulgados; veja tudo aqui!\"}]},{\"@type\":\"WebSite\",\"@id\":\"https:\/\/www.estrategiaconcursos.com.br\/blog\/#website\",\"url\":\"https:\/\/www.estrategiaconcursos.com.br\/blog\/\",\"name\":\"Estrat\u00e9gia Concursos\",\"description\":\"O blog da Estrat\u00e9gia Concursos traz not\u00edcias sobre concursos e artigos de professores oferecendo cursos para concursos (pdf + videaulas) no site.\",\"publisher\":{\"@id\":\"https:\/\/www.estrategiaconcursos.com.br\/blog\/#organization\"},\"potentialAction\":[{\"@type\":\"SearchAction\",\"target\":{\"@type\":\"EntryPoint\",\"urlTemplate\":\"https:\/\/www.estrategiaconcursos.com.br\/blog\/?s={search_term_string}\"},\"query-input\":{\"@type\":\"PropertyValueSpecification\",\"valueRequired\":true,\"valueName\":\"search_term_string\"}}],\"inLanguage\":\"pt-BR\"},{\"@type\":\"Organization\",\"@id\":\"https:\/\/www.estrategiaconcursos.com.br\/blog\/#organization\",\"name\":\"Estrat\u00e9gia Concursos\",\"url\":\"https:\/\/www.estrategiaconcursos.com.br\/blog\/\",\"logo\":{\"@type\":\"ImageObject\",\"inLanguage\":\"pt-BR\",\"@id\":\"https:\/\/www.estrategiaconcursos.com.br\/blog\/#\/schema\/logo\/image\/\",\"url\":\"https:\/\/dhg1h5j42swfq.cloudfront.net\/2025\/06\/03203428\/logo_concursos-1.jpg\",\"contentUrl\":\"https:\/\/dhg1h5j42swfq.cloudfront.net\/2025\/06\/03203428\/logo_concursos-1.jpg\",\"width\":230,\"height\":60,\"caption\":\"Estrat\u00e9gia Concursos\"},\"image\":{\"@id\":\"https:\/\/www.estrategiaconcursos.com.br\/blog\/#\/schema\/logo\/image\/\"},\"sameAs\":[\"https:\/\/x.com\/EstratConcursos\"]},{\"@type\":\"Person\",\"@id\":\"https:\/\/www.estrategiaconcursos.com.br\/blog\/#\/schema\/person\/9b94727dcf4410f4a7931c83966c843b\",\"name\":\"Let\u00edcia Teixeira\",\"image\":{\"@type\":\"ImageObject\",\"inLanguage\":\"pt-BR\",\"@id\":\"https:\/\/secure.gravatar.com\/avatar\/fb589b06b881e20b676d08f9d03226d1e3291ba2f90e751ddc9ccb21abf0244d?s=96&d=mm&r=g\",\"url\":\"https:\/\/secure.gravatar.com\/avatar\/fb589b06b881e20b676d08f9d03226d1e3291ba2f90e751ddc9ccb21abf0244d?s=96&d=mm&r=g\",\"contentUrl\":\"https:\/\/secure.gravatar.com\/avatar\/fb589b06b881e20b676d08f9d03226d1e3291ba2f90e751ddc9ccb21abf0244d?s=96&d=mm&r=g\",\"caption\":\"Let\u00edcia Teixeira\"},\"description\":\"Jornalista com experi\u00eancia de mais de quatro anos no segmento de concursos p\u00fablicos. Especializada em Narrativa Transm\u00eddia e Storytelling pela Universidade Cat\u00f3lica de Bras\u00edlia, com atua\u00e7\u00e3o nas \u00e1reas de SEO, conte\u00fado, Webwriting e Copywriting.\",\"url\":\"https:\/\/www.estrategiaconcursos.com.br\/blog\/author\/leticia-teixeiraestrategia-com\/\"}]}<\/script>\n<!-- \/ Yoast SEO Premium plugin. -->","yoast_head_json":{"title":"Concurso TJ RJ: resultados divulgados; veja tudo aqui!","description":"Concurso TJ RJ: edital oferta vagas em CR para Analista e T\u00e9cnico! Iniciais de R$ 5,6 mil e R$ 9,3 mil. Gabaritos dispon\u00edveis!","robots":{"index":"index","follow":"follow","max-snippet":"max-snippet:-1","max-image-preview":"max-image-preview:large","max-video-preview":"max-video-preview:-1"},"canonical":"https:\/\/www.estrategiaconcursos.com.br\/blog\/concurso-tj-rj\/","og_locale":"pt_BR","og_type":"article","og_title":"Concurso TJ RJ: resultados divulgados; veja tudo aqui!","og_description":"Concurso TJ RJ: edital oferta vagas em CR para Analista e T\u00e9cnico! Iniciais de R$ 5,6 mil e R$ 9,3 mil. Gabaritos dispon\u00edveis!","og_url":"https:\/\/www.estrategiaconcursos.com.br\/blog\/concurso-tj-rj\/","og_site_name":"Estrat\u00e9gia Concursos","article_published_time":"2026-04-22T14:50:00+00:00","article_modified_time":"2026-04-22T14:55:32+00:00","og_image":[{"width":768,"height":432,"url":"https:\/\/dhg1h5j42swfq.cloudfront.net\/2021\/07\/03112716\/tj-rj.jpeg","type":"image\/jpeg"}],"author":"Let\u00edcia Teixeira","twitter_card":"summary_large_image","twitter_creator":"@EstratConcursos","twitter_site":"@EstratConcursos","twitter_misc":{"Escrito por":"Let\u00edcia Teixeira","Est. tempo de leitura":"15 minutos"},"schema":{"@context":"https:\/\/schema.org","@graph":[{"@type":"NewsArticle","@id":"https:\/\/www.estrategiaconcursos.com.br\/blog\/concurso-tj-rj\/#article","isPartOf":{"@id":"https:\/\/www.estrategiaconcursos.com.br\/blog\/concurso-tj-rj\/"},"author":{"name":"Let\u00edcia Teixeira","@id":"https:\/\/www.estrategiaconcursos.com.br\/blog\/#\/schema\/person\/9b94727dcf4410f4a7931c83966c843b"},"headline":"Concurso TJ RJ: resultados divulgados; veja tudo aqui!","datePublished":"2026-04-22T14:50:00+00:00","dateModified":"2026-04-22T14:55:32+00:00","mainEntityOfPage":{"@id":"https:\/\/www.estrategiaconcursos.com.br\/blog\/concurso-tj-rj\/"},"wordCount":3391,"commentCount":49,"publisher":{"@id":"https:\/\/www.estrategiaconcursos.com.br\/blog\/#organization"},"image":{"@id":"https:\/\/www.estrategiaconcursos.com.br\/blog\/concurso-tj-rj\/#primaryimage"},"thumbnailUrl":"https:\/\/dhg1h5j42swfq.cloudfront.net\/2021\/07\/03112716\/tj-rj.jpeg","keywords":["concurso TJ RJ","concursos de tribunais"],"articleSection":["Tribunais","\u00daltimas not\u00edcias"],"inLanguage":"pt-BR","potentialAction":[{"@type":"CommentAction","name":"Comment","target":["https:\/\/www.estrategiaconcursos.com.br\/blog\/concurso-tj-rj\/#respond"]}],"copyrightYear":"2026","copyrightHolder":{"@id":"https:\/\/www.estrategiaconcursos.com.br\/blog\/#organization"}},{"@type":"WebPage","@id":"https:\/\/www.estrategiaconcursos.com.br\/blog\/concurso-tj-rj\/","url":"https:\/\/www.estrategiaconcursos.com.br\/blog\/concurso-tj-rj\/","name":"Concurso TJ RJ: resultados divulgados; veja tudo aqui!","isPartOf":{"@id":"https:\/\/www.estrategiaconcursos.com.br\/blog\/#website"},"primaryImageOfPage":{"@id":"https:\/\/www.estrategiaconcursos.com.br\/blog\/concurso-tj-rj\/#primaryimage"},"image":{"@id":"https:\/\/www.estrategiaconcursos.com.br\/blog\/concurso-tj-rj\/#primaryimage"},"thumbnailUrl":"https:\/\/dhg1h5j42swfq.cloudfront.net\/2021\/07\/03112716\/tj-rj.jpeg","datePublished":"2026-04-22T14:50:00+00:00","dateModified":"2026-04-22T14:55:32+00:00","description":"Concurso TJ RJ: edital oferta vagas em CR para Analista e T\u00e9cnico! Iniciais de R$ 5,6 mil e R$ 9,3 mil. Gabaritos dispon\u00edveis!","breadcrumb":{"@id":"https:\/\/www.estrategiaconcursos.com.br\/blog\/concurso-tj-rj\/#breadcrumb"},"inLanguage":"pt-BR","potentialAction":[{"@type":"ReadAction","target":["https:\/\/www.estrategiaconcursos.com.br\/blog\/concurso-tj-rj\/"]}]},{"@type":"ImageObject","inLanguage":"pt-BR","@id":"https:\/\/www.estrategiaconcursos.com.br\/blog\/concurso-tj-rj\/#primaryimage","url":"https:\/\/dhg1h5j42swfq.cloudfront.net\/2021\/07\/03112716\/tj-rj.jpeg","contentUrl":"https:\/\/dhg1h5j42swfq.cloudfront.net\/2021\/07\/03112716\/tj-rj.jpeg","width":768,"height":432,"caption":"concurso tj rj"},{"@type":"BreadcrumbList","@id":"https:\/\/www.estrategiaconcursos.com.br\/blog\/concurso-tj-rj\/#breadcrumb","itemListElement":[{"@type":"ListItem","position":1,"name":"In\u00edcio","item":"https:\/\/www.estrategiaconcursos.com.br\/blog\/"},{"@type":"ListItem","position":2,"name":"Concurso TJ RJ: resultados divulgados; veja tudo aqui!"}]},{"@type":"WebSite","@id":"https:\/\/www.estrategiaconcursos.com.br\/blog\/#website","url":"https:\/\/www.estrategiaconcursos.com.br\/blog\/","name":"Estrat\u00e9gia Concursos","description":"O blog da Estrat\u00e9gia Concursos traz not\u00edcias sobre concursos e artigos de professores oferecendo cursos para concursos (pdf + videaulas) no site.","publisher":{"@id":"https:\/\/www.estrategiaconcursos.com.br\/blog\/#organization"},"potentialAction":[{"@type":"SearchAction","target":{"@type":"EntryPoint","urlTemplate":"https:\/\/www.estrategiaconcursos.com.br\/blog\/?s={search_term_string}"},"query-input":{"@type":"PropertyValueSpecification","valueRequired":true,"valueName":"search_term_string"}}],"inLanguage":"pt-BR"},{"@type":"Organization","@id":"https:\/\/www.estrategiaconcursos.com.br\/blog\/#organization","name":"Estrat\u00e9gia Concursos","url":"https:\/\/www.estrategiaconcursos.com.br\/blog\/","logo":{"@type":"ImageObject","inLanguage":"pt-BR","@id":"https:\/\/www.estrategiaconcursos.com.br\/blog\/#\/schema\/logo\/image\/","url":"https:\/\/dhg1h5j42swfq.cloudfront.net\/2025\/06\/03203428\/logo_concursos-1.jpg","contentUrl":"https:\/\/dhg1h5j42swfq.cloudfront.net\/2025\/06\/03203428\/logo_concursos-1.jpg","width":230,"height":60,"caption":"Estrat\u00e9gia Concursos"},"image":{"@id":"https:\/\/www.estrategiaconcursos.com.br\/blog\/#\/schema\/logo\/image\/"},"sameAs":["https:\/\/x.com\/EstratConcursos"]},{"@type":"Person","@id":"https:\/\/www.estrategiaconcursos.com.br\/blog\/#\/schema\/person\/9b94727dcf4410f4a7931c83966c843b","name":"Let\u00edcia Teixeira","image":{"@type":"ImageObject","inLanguage":"pt-BR","@id":"https:\/\/secure.gravatar.com\/avatar\/fb589b06b881e20b676d08f9d03226d1e3291ba2f90e751ddc9ccb21abf0244d?s=96&d=mm&r=g","url":"https:\/\/secure.gravatar.com\/avatar\/fb589b06b881e20b676d08f9d03226d1e3291ba2f90e751ddc9ccb21abf0244d?s=96&d=mm&r=g","contentUrl":"https:\/\/secure.gravatar.com\/avatar\/fb589b06b881e20b676d08f9d03226d1e3291ba2f90e751ddc9ccb21abf0244d?s=96&d=mm&r=g","caption":"Let\u00edcia Teixeira"},"description":"Jornalista com experi\u00eancia de mais de quatro anos no segmento de concursos p\u00fablicos. Especializada em Narrativa Transm\u00eddia e Storytelling pela Universidade Cat\u00f3lica de Bras\u00edlia, com atua\u00e7\u00e3o nas \u00e1reas de SEO, conte\u00fado, Webwriting e Copywriting.","url":"https:\/\/www.estrategiaconcursos.com.br\/blog\/author\/leticia-teixeiraestrategia-com\/"}]}},"_links":{"self":[{"href":"https:\/\/www.estrategiaconcursos.com.br\/blog\/wp-json\/wp\/v2\/posts\/39440","targetHints":{"allow":["GET"]}}],"collection":[{"href":"https:\/\/www.estrategiaconcursos.com.br\/blog\/wp-json\/wp\/v2\/posts"}],"about":[{"href":"https:\/\/www.estrategiaconcursos.com.br\/blog\/wp-json\/wp\/v2\/types\/post"}],"author":[{"embeddable":true,"href":"https:\/\/www.estrategiaconcursos.com.br\/blog\/wp-json\/wp\/v2\/users\/2319"}],"replies":[{"embeddable":true,"href":"https:\/\/www.estrategiaconcursos.com.br\/blog\/wp-json\/wp\/v2\/comments?post=39440"}],"version-history":[{"count":733,"href":"https:\/\/www.estrategiaconcursos.com.br\/blog\/wp-json\/wp\/v2\/posts\/39440\/revisions"}],"predecessor-version":[{"id":1756478,"href":"https:\/\/www.estrategiaconcursos.com.br\/blog\/wp-json\/wp\/v2\/posts\/39440\/revisions\/1756478"}],"wp:featuredmedia":[{"embeddable":true,"href":"https:\/\/www.estrategiaconcursos.com.br\/blog\/wp-json\/wp\/v2\/media\/827680"}],"wp:attachment":[{"href":"https:\/\/www.estrategiaconcursos.com.br\/blog\/wp-json\/wp\/v2\/media?parent=39440"}],"wp:term":[{"taxonomy":"category","embeddable":true,"href":"https:\/\/www.estrategiaconcursos.com.br\/blog\/wp-json\/wp\/v2\/categories?post=39440"},{"taxonomy":"post_tag","embeddable":true,"href":"https:\/\/www.estrategiaconcursos.com.br\/blog\/wp-json\/wp\/v2\/tags?post=39440"},{"taxonomy":"tax_estado","embeddable":true,"href":"https:\/\/www.estrategiaconcursos.com.br\/blog\/wp-json\/wp\/v2\/tax_estado?post=39440"}],"curies":[{"name":"wp","href":"https:\/\/api.w.org\/{rel}","templated":true}]}}