{"id":394183,"date":"2019-07-02T12:00:32","date_gmt":"2019-07-02T15:00:32","guid":{"rendered":"https:\/\/www.estrategiaconcursos.com.br\/blog\/?p=394183"},"modified":"2019-07-02T14:39:02","modified_gmt":"2019-07-02T17:39:02","slug":"concurso-ifpr-2019novas-alteracoes","status":"publish","type":"post","link":"https:\/\/www.estrategiaconcursos.com.br\/blog\/concurso-ifpr-2019novas-alteracoes\/","title":{"rendered":"Concurso IFPR 2019: publicada novas altera\u00e7\u00f5es no certame"},"content":{"rendered":"\n<p>Foi divulgado hoje, dia 02 de julho no Di\u00e1rio Oficial da Uni\u00e3o uma nova retifica\u00e7\u00e3o sobre o concurso do Instituto Federal do Paran\u00e1, o  IFPR.  <\/p>\n\n\n\n<p>As altera\u00e7\u00f5es no edital foram referentes \u00e0 quantidade de vagas destinadas a cotas de negros, pardos e PCD, al\u00e9m de uma altera\u00e7\u00e3o no local de atua\u00e7\u00e3o de trabalho de uma das vagas.<\/p>\n\n\n\n<p>Ocorreu o aumento de vagas para os seguintes cargos: <\/p>\n\n\n\n<p><strong>N\u00edvel M\u00e9dio<\/strong><\/p>\n\n\n\n<ul class=\"wp-block-list\"><li>Assistente Administrativo ( negros e pardos)<\/li><li>T\u00e9cnico em Laborat\u00f3rio (pcd)<\/li><\/ul>\n\n\n\n<p><strong>N\u00edvel Superior<\/strong><\/p>\n\n\n\n<ul class=\"wp-block-list\"><li>Administrador<\/li><li>Psic\u00f3logo<\/li><\/ul>\n\n\n\n<p><strong>Docente<\/strong><\/p>\n\n\n\n<ul class=\"wp-block-list\"><li>Ci\u00eancias da computa\u00e7\u00e3o (pcd)<\/li><li>Direito ( negros e pardos) <\/li><li>Engenharia Agr\u00edcola ( negros e pardos) <\/li><li>Farm\u00e1cia ( negros e pardos) <\/li><li>Geografia ( negros e pardos) <\/li><li>Letras\/ ingl\u00eas ( negros e pardos) <\/li><li>Matem\u00e1tica ( negros e pardos) <\/li><li>Qu\u00edmica (pcd)<\/li><li>Sistema de Informa\u00e7\u00e3o ( negros e pardos) <\/li><li>Sociologia ( negros e pardos) <\/li><\/ul>\n\n\n\n<p>O edital original foi publicado dia 22 de maio, ofertando 39 vagas para cargos de N\u00edvel M\u00e9dio e Superior, as vagas foram distribu\u00eddas para v\u00e1rias cidades no estado do Paran\u00e1.<\/p>\n\n\n\n<p>A altera\u00e7\u00f5es feitas no concurso do Instituto Federal do Paran\u00e1, foram para aumentar as vagas destinadas a negros, pardos e pcd. Para n\u00edvel M\u00e9dio houve o aumento de 2 vagas, j\u00e1 para n\u00edvel Superior acrescentaram 2 vagas e para os cargos de Docente inclu\u00edram outras 10 vagas. <\/p>\n\n\n\n<p>Al\u00e9m disso, para o cargo de T\u00e9cnico em Laborat\u00f3rio \u2013 Inform\u00e1tica foi alterado o local de trabalho, anteriormente na cidade de <strong>Paranava\u00ed<\/strong>, sendo agora em <strong>Astorga<\/strong>. <\/p>\n\n\n\n<p>Outro ponto importante, foi que, por conta das altera\u00e7\u00f5es no edital, os candidatos que j\u00e1 se inscreveram no concurso e pagaram a taxa de inscri\u00e7\u00e3o poder\u00e3o solicitar a devolu\u00e7\u00e3o do valor, para tanto, devem preencher o formul\u00e1rio de devolu\u00e7\u00e3o no site da banca, a  Funda\u00e7\u00e3o de Apoio ao Desenvolvimento da UNICENTRO \u2013 FAU. O formul\u00e1rio dever\u00e1 ser encaminhado para o e-mail\u00a0devolucaoifpr@concursosfau.com.br\u00a0at\u00e9 o dia 15 de julho.  <\/p>\n\n\n\n<p style=\"font-size:25px;text-align:center\" class=\"has-background has-pale-cyan-blue-background-color\"><strong>Saiba mais: <a href=\"https:\/\/www.estrategiaconcursos.com.br\/blog\/concurso-ifpr-2019\/\" target=\"_blank\" rel=\"noreferrer noopener\" aria-label=\"Concurso IFPR (abre numa nova aba)\">Concurso IFPR<\/a><\/strong><\/p>\n\n\n\n<p style=\"font-size:25px;text-align:center\"><strong><em>Quer estudar para Concurso IFPR?<\/em><\/strong><\/p>\n\n\n\n<p style=\"text-align:center\"><em><strong>Gostou desta oportunidade e deseja come\u00e7ar se preparar agora mesmo? Ent\u00e3o, confira os nossos cursos e comece a estudar para IFPR:<\/strong><\/em><\/p>\n\n\n\n<p style=\"font-size:25px;text-align:center\" class=\"has-background has-luminous-vivid-amber-background-color\"><em><a href=\"https:\/\/www.estrategiaconcursos.com.br\/cursosPorConcurso\/instituto-federal-do-parana-ifpr\/\" target=\"_blank\" rel=\"noreferrer noopener\">CURSO IFPR<\/a><\/em><\/p>\n\n\n\n<p style=\"text-align:center\"><em><strong>Assinatura Anual Ilimitada*<\/strong><\/em><\/p>\n\n\n\n<p><em>Prepare-se com o melhor material e com quem mais aprova em Concursos P\u00fablicos em todo o pa\u00eds. Assine agora a nossa Assinatura Anual e tenha acesso ilimitado* a todos os nossos cursos.<\/em><\/p>\n\n\n\n<p style=\"font-size:25px;text-align:center\" class=\"has-background has-light-green-cyan-background-color\"><strong>ASSINE AGORA<\/strong>\u00a0\u2013\u00a0<a rel=\"noreferrer noopener\" href=\"https:\/\/www.estrategiaconcursos.com.br\/assinaturas\" target=\"_blank\"><strong>Assinatura Ilimitada<\/strong><\/a><\/p>\n\n\n\n<p><em><strong>Receba not\u00edcias de Concursos no seu WhatsApp e\/ou Telegram!<\/strong><\/em><\/p>\n\n\n\n<p style=\"text-align:center\"><em><strong>Cadastre-se clicando no link abaixo<\/strong><\/em>:<\/p>\n\n\n\n<p style=\"text-align:center\" class=\"has-background has-very-light-gray-background-color\"><a rel=\"noreferrer noopener\" href=\"https:\/\/www.estrategiaconcursos.com.br\/blog\/noticias-de-concursos-whatsapp-estrategia-concursos\/\" target=\"_blank\"><strong>Not\u00edcias de concursos no seu WhatsApp e\/ou Telegram<\/strong><\/a><\/p>\n\n\n\n<p><br \/> <\/p>\n","protected":false},"excerpt":{"rendered":"<p>Foi divulgado hoje, dia 02 de julho no Di\u00e1rio Oficial da Uni\u00e3o uma nova retifica\u00e7\u00e3o sobre o concurso do Instituto Federal do Paran\u00e1, o IFPR. As altera\u00e7\u00f5es no edital foram referentes \u00e0 quantidade de vagas destinadas a cotas de negros, pardos e PCD, al\u00e9m de uma altera\u00e7\u00e3o no local de atua\u00e7\u00e3o de trabalho de uma [&hellip;]<\/p>\n","protected":false},"author":463,"featured_media":0,"comment_status":"open","ping_status":"closed","sticky":false,"template":"","format":"standard","meta":{"post_tipo":"article","footnotes":""},"categories":[1],"tags":[],"tax_estado":[],"class_list":["post-394183","post","type-post","status-publish","format-standard","hentry","category-cursos-e-concursos"],"acf":[],"yoast_head":"<!-- This site is optimized with the Yoast SEO Premium plugin v27.2 (Yoast SEO v27.2) - https:\/\/yoast.com\/product\/yoast-seo-premium-wordpress\/ -->\n<title>Concurso IFPR 2019: publicada novas altera\u00e7\u00f5es no certame<\/title>\n<meta name=\"robots\" content=\"index, follow, max-snippet:-1, max-image-preview:large, max-video-preview:-1\" \/>\n<link rel=\"canonical\" href=\"https:\/\/www.estrategiaconcursos.com.br\/blog\/concurso-ifpr-2019novas-alteracoes\/\" \/>\n<meta property=\"og:locale\" content=\"pt_BR\" \/>\n<meta property=\"og:type\" content=\"article\" \/>\n<meta property=\"og:title\" content=\"Concurso IFPR 2019: publicada novas altera\u00e7\u00f5es no certame\" \/>\n<meta property=\"og:description\" content=\"Foi divulgado hoje, dia 02 de julho no Di\u00e1rio Oficial da Uni\u00e3o uma nova retifica\u00e7\u00e3o sobre o concurso do Instituto Federal do Paran\u00e1, o IFPR. As altera\u00e7\u00f5es no edital foram referentes \u00e0 quantidade de vagas destinadas a cotas de negros, pardos e PCD, al\u00e9m de uma altera\u00e7\u00e3o no local de atua\u00e7\u00e3o de trabalho de uma [&hellip;]\" \/>\n<meta property=\"og:url\" content=\"https:\/\/www.estrategiaconcursos.com.br\/blog\/concurso-ifpr-2019novas-alteracoes\/\" \/>\n<meta property=\"og:site_name\" content=\"Estrat\u00e9gia Concursos\" \/>\n<meta property=\"article:published_time\" content=\"2019-07-02T15:00:32+00:00\" \/>\n<meta property=\"article:modified_time\" content=\"2019-07-02T17:39:02+00:00\" \/>\n<meta name=\"author\" content=\"Wagner Damazio\" \/>\n<meta name=\"twitter:card\" content=\"summary_large_image\" \/>\n<meta name=\"twitter:creator\" content=\"@EstratConcursos\" \/>\n<meta name=\"twitter:site\" content=\"@EstratConcursos\" \/>\n<meta name=\"twitter:label1\" content=\"Escrito por\" \/>\n\t<meta name=\"twitter:data1\" content=\"Wagner Damazio\" \/>\n\t<meta name=\"twitter:label2\" content=\"Est. tempo de leitura\" \/>\n\t<meta name=\"twitter:data2\" content=\"2 minutos\" \/>\n<script type=\"application\/ld+json\" class=\"yoast-schema-graph\">{\"@context\":\"https:\/\/schema.org\",\"@graph\":[{\"@type\":\"NewsArticle\",\"@id\":\"https:\/\/www.estrategiaconcursos.com.br\/blog\/concurso-ifpr-2019novas-alteracoes\/#article\",\"isPartOf\":{\"@id\":\"https:\/\/www.estrategiaconcursos.com.br\/blog\/concurso-ifpr-2019novas-alteracoes\/\"},\"author\":{\"name\":\"Wagner Damazio\",\"@id\":\"https:\/\/www.estrategiaconcursos.com.br\/blog\/#\/schema\/person\/f5b81e04c4522e78c0d896ba290e4cb0\"},\"headline\":\"Concurso IFPR 2019: publicada novas altera\u00e7\u00f5es no certame\",\"datePublished\":\"2019-07-02T15:00:32+00:00\",\"dateModified\":\"2019-07-02T17:39:02+00:00\",\"mainEntityOfPage\":{\"@id\":\"https:\/\/www.estrategiaconcursos.com.br\/blog\/concurso-ifpr-2019novas-alteracoes\/\"},\"wordCount\":439,\"commentCount\":0,\"publisher\":{\"@id\":\"https:\/\/www.estrategiaconcursos.com.br\/blog\/#organization\"},\"articleSection\":[\"Concursos P\u00fablicos\"],\"inLanguage\":\"pt-BR\",\"potentialAction\":[{\"@type\":\"CommentAction\",\"name\":\"Comment\",\"target\":[\"https:\/\/www.estrategiaconcursos.com.br\/blog\/concurso-ifpr-2019novas-alteracoes\/#respond\"]}],\"copyrightYear\":\"2019\",\"copyrightHolder\":{\"@id\":\"https:\/\/www.estrategiaconcursos.com.br\/blog\/#organization\"}},{\"@type\":\"WebPage\",\"@id\":\"https:\/\/www.estrategiaconcursos.com.br\/blog\/concurso-ifpr-2019novas-alteracoes\/\",\"url\":\"https:\/\/www.estrategiaconcursos.com.br\/blog\/concurso-ifpr-2019novas-alteracoes\/\",\"name\":\"Concurso IFPR 2019: publicada novas altera\u00e7\u00f5es no certame\",\"isPartOf\":{\"@id\":\"https:\/\/www.estrategiaconcursos.com.br\/blog\/#website\"},\"datePublished\":\"2019-07-02T15:00:32+00:00\",\"dateModified\":\"2019-07-02T17:39:02+00:00\",\"breadcrumb\":{\"@id\":\"https:\/\/www.estrategiaconcursos.com.br\/blog\/concurso-ifpr-2019novas-alteracoes\/#breadcrumb\"},\"inLanguage\":\"pt-BR\",\"potentialAction\":[{\"@type\":\"ReadAction\",\"target\":[\"https:\/\/www.estrategiaconcursos.com.br\/blog\/concurso-ifpr-2019novas-alteracoes\/\"]}]},{\"@type\":\"BreadcrumbList\",\"@id\":\"https:\/\/www.estrategiaconcursos.com.br\/blog\/concurso-ifpr-2019novas-alteracoes\/#breadcrumb\",\"itemListElement\":[{\"@type\":\"ListItem\",\"position\":1,\"name\":\"In\u00edcio\",\"item\":\"https:\/\/www.estrategiaconcursos.com.br\/blog\/\"},{\"@type\":\"ListItem\",\"position\":2,\"name\":\"Concurso IFPR 2019: publicada novas altera\u00e7\u00f5es no certame\"}]},{\"@type\":\"WebSite\",\"@id\":\"https:\/\/www.estrategiaconcursos.com.br\/blog\/#website\",\"url\":\"https:\/\/www.estrategiaconcursos.com.br\/blog\/\",\"name\":\"Estrat\u00e9gia Concursos\",\"description\":\"O blog da Estrat\u00e9gia Concursos traz not\u00edcias sobre concursos e artigos de professores oferecendo cursos para concursos (pdf + videaulas) no site.\",\"publisher\":{\"@id\":\"https:\/\/www.estrategiaconcursos.com.br\/blog\/#organization\"},\"potentialAction\":[{\"@type\":\"SearchAction\",\"target\":{\"@type\":\"EntryPoint\",\"urlTemplate\":\"https:\/\/www.estrategiaconcursos.com.br\/blog\/?s={search_term_string}\"},\"query-input\":{\"@type\":\"PropertyValueSpecification\",\"valueRequired\":true,\"valueName\":\"search_term_string\"}}],\"inLanguage\":\"pt-BR\"},{\"@type\":\"Organization\",\"@id\":\"https:\/\/www.estrategiaconcursos.com.br\/blog\/#organization\",\"name\":\"Estrat\u00e9gia Concursos\",\"url\":\"https:\/\/www.estrategiaconcursos.com.br\/blog\/\",\"logo\":{\"@type\":\"ImageObject\",\"inLanguage\":\"pt-BR\",\"@id\":\"https:\/\/www.estrategiaconcursos.com.br\/blog\/#\/schema\/logo\/image\/\",\"url\":\"https:\/\/dhg1h5j42swfq.cloudfront.net\/2025\/06\/03203428\/logo_concursos-1.jpg\",\"contentUrl\":\"https:\/\/dhg1h5j42swfq.cloudfront.net\/2025\/06\/03203428\/logo_concursos-1.jpg\",\"width\":230,\"height\":60,\"caption\":\"Estrat\u00e9gia Concursos\"},\"image\":{\"@id\":\"https:\/\/www.estrategiaconcursos.com.br\/blog\/#\/schema\/logo\/image\/\"},\"sameAs\":[\"https:\/\/x.com\/EstratConcursos\"]},{\"@type\":\"Person\",\"@id\":\"https:\/\/www.estrategiaconcursos.com.br\/blog\/#\/schema\/person\/f5b81e04c4522e78c0d896ba290e4cb0\",\"name\":\"Wagner Damazio\",\"image\":{\"@type\":\"ImageObject\",\"inLanguage\":\"pt-BR\",\"@id\":\"https:\/\/secure.gravatar.com\/avatar\/5841b494cf624bcdfca728a4708ad21f8dd8e34657a98b9970e6136e633ae15a?s=96&d=mm&r=g\",\"url\":\"https:\/\/secure.gravatar.com\/avatar\/5841b494cf624bcdfca728a4708ad21f8dd8e34657a98b9970e6136e633ae15a?s=96&d=mm&r=g\",\"contentUrl\":\"https:\/\/secure.gravatar.com\/avatar\/5841b494cf624bcdfca728a4708ad21f8dd8e34657a98b9970e6136e633ae15a?s=96&d=mm&r=g\",\"caption\":\"Wagner Damazio\"},\"url\":\"https:\/\/www.estrategiaconcursos.com.br\/blog\/author\/wagnermatematicoyahoo-com-br\/\"}]}<\/script>\n<!-- \/ Yoast SEO Premium plugin. -->","yoast_head_json":{"title":"Concurso IFPR 2019: publicada novas altera\u00e7\u00f5es no certame","robots":{"index":"index","follow":"follow","max-snippet":"max-snippet:-1","max-image-preview":"max-image-preview:large","max-video-preview":"max-video-preview:-1"},"canonical":"https:\/\/www.estrategiaconcursos.com.br\/blog\/concurso-ifpr-2019novas-alteracoes\/","og_locale":"pt_BR","og_type":"article","og_title":"Concurso IFPR 2019: publicada novas altera\u00e7\u00f5es no certame","og_description":"Foi divulgado hoje, dia 02 de julho no Di\u00e1rio Oficial da Uni\u00e3o uma nova retifica\u00e7\u00e3o sobre o concurso do Instituto Federal do Paran\u00e1, o IFPR. As altera\u00e7\u00f5es no edital foram referentes \u00e0 quantidade de vagas destinadas a cotas de negros, pardos e PCD, al\u00e9m de uma altera\u00e7\u00e3o no local de atua\u00e7\u00e3o de trabalho de uma [&hellip;]","og_url":"https:\/\/www.estrategiaconcursos.com.br\/blog\/concurso-ifpr-2019novas-alteracoes\/","og_site_name":"Estrat\u00e9gia Concursos","article_published_time":"2019-07-02T15:00:32+00:00","article_modified_time":"2019-07-02T17:39:02+00:00","author":"Wagner Damazio","twitter_card":"summary_large_image","twitter_creator":"@EstratConcursos","twitter_site":"@EstratConcursos","twitter_misc":{"Escrito por":"Wagner Damazio","Est. tempo de leitura":"2 minutos"},"schema":{"@context":"https:\/\/schema.org","@graph":[{"@type":"NewsArticle","@id":"https:\/\/www.estrategiaconcursos.com.br\/blog\/concurso-ifpr-2019novas-alteracoes\/#article","isPartOf":{"@id":"https:\/\/www.estrategiaconcursos.com.br\/blog\/concurso-ifpr-2019novas-alteracoes\/"},"author":{"name":"Wagner Damazio","@id":"https:\/\/www.estrategiaconcursos.com.br\/blog\/#\/schema\/person\/f5b81e04c4522e78c0d896ba290e4cb0"},"headline":"Concurso IFPR 2019: publicada novas altera\u00e7\u00f5es no certame","datePublished":"2019-07-02T15:00:32+00:00","dateModified":"2019-07-02T17:39:02+00:00","mainEntityOfPage":{"@id":"https:\/\/www.estrategiaconcursos.com.br\/blog\/concurso-ifpr-2019novas-alteracoes\/"},"wordCount":439,"commentCount":0,"publisher":{"@id":"https:\/\/www.estrategiaconcursos.com.br\/blog\/#organization"},"articleSection":["Concursos P\u00fablicos"],"inLanguage":"pt-BR","potentialAction":[{"@type":"CommentAction","name":"Comment","target":["https:\/\/www.estrategiaconcursos.com.br\/blog\/concurso-ifpr-2019novas-alteracoes\/#respond"]}],"copyrightYear":"2019","copyrightHolder":{"@id":"https:\/\/www.estrategiaconcursos.com.br\/blog\/#organization"}},{"@type":"WebPage","@id":"https:\/\/www.estrategiaconcursos.com.br\/blog\/concurso-ifpr-2019novas-alteracoes\/","url":"https:\/\/www.estrategiaconcursos.com.br\/blog\/concurso-ifpr-2019novas-alteracoes\/","name":"Concurso IFPR 2019: publicada novas altera\u00e7\u00f5es no certame","isPartOf":{"@id":"https:\/\/www.estrategiaconcursos.com.br\/blog\/#website"},"datePublished":"2019-07-02T15:00:32+00:00","dateModified":"2019-07-02T17:39:02+00:00","breadcrumb":{"@id":"https:\/\/www.estrategiaconcursos.com.br\/blog\/concurso-ifpr-2019novas-alteracoes\/#breadcrumb"},"inLanguage":"pt-BR","potentialAction":[{"@type":"ReadAction","target":["https:\/\/www.estrategiaconcursos.com.br\/blog\/concurso-ifpr-2019novas-alteracoes\/"]}]},{"@type":"BreadcrumbList","@id":"https:\/\/www.estrategiaconcursos.com.br\/blog\/concurso-ifpr-2019novas-alteracoes\/#breadcrumb","itemListElement":[{"@type":"ListItem","position":1,"name":"In\u00edcio","item":"https:\/\/www.estrategiaconcursos.com.br\/blog\/"},{"@type":"ListItem","position":2,"name":"Concurso IFPR 2019: publicada novas altera\u00e7\u00f5es no certame"}]},{"@type":"WebSite","@id":"https:\/\/www.estrategiaconcursos.com.br\/blog\/#website","url":"https:\/\/www.estrategiaconcursos.com.br\/blog\/","name":"Estrat\u00e9gia Concursos","description":"O blog da Estrat\u00e9gia Concursos traz not\u00edcias sobre concursos e artigos de professores oferecendo cursos para concursos (pdf + videaulas) no site.","publisher":{"@id":"https:\/\/www.estrategiaconcursos.com.br\/blog\/#organization"},"potentialAction":[{"@type":"SearchAction","target":{"@type":"EntryPoint","urlTemplate":"https:\/\/www.estrategiaconcursos.com.br\/blog\/?s={search_term_string}"},"query-input":{"@type":"PropertyValueSpecification","valueRequired":true,"valueName":"search_term_string"}}],"inLanguage":"pt-BR"},{"@type":"Organization","@id":"https:\/\/www.estrategiaconcursos.com.br\/blog\/#organization","name":"Estrat\u00e9gia Concursos","url":"https:\/\/www.estrategiaconcursos.com.br\/blog\/","logo":{"@type":"ImageObject","inLanguage":"pt-BR","@id":"https:\/\/www.estrategiaconcursos.com.br\/blog\/#\/schema\/logo\/image\/","url":"https:\/\/dhg1h5j42swfq.cloudfront.net\/2025\/06\/03203428\/logo_concursos-1.jpg","contentUrl":"https:\/\/dhg1h5j42swfq.cloudfront.net\/2025\/06\/03203428\/logo_concursos-1.jpg","width":230,"height":60,"caption":"Estrat\u00e9gia Concursos"},"image":{"@id":"https:\/\/www.estrategiaconcursos.com.br\/blog\/#\/schema\/logo\/image\/"},"sameAs":["https:\/\/x.com\/EstratConcursos"]},{"@type":"Person","@id":"https:\/\/www.estrategiaconcursos.com.br\/blog\/#\/schema\/person\/f5b81e04c4522e78c0d896ba290e4cb0","name":"Wagner Damazio","image":{"@type":"ImageObject","inLanguage":"pt-BR","@id":"https:\/\/secure.gravatar.com\/avatar\/5841b494cf624bcdfca728a4708ad21f8dd8e34657a98b9970e6136e633ae15a?s=96&d=mm&r=g","url":"https:\/\/secure.gravatar.com\/avatar\/5841b494cf624bcdfca728a4708ad21f8dd8e34657a98b9970e6136e633ae15a?s=96&d=mm&r=g","contentUrl":"https:\/\/secure.gravatar.com\/avatar\/5841b494cf624bcdfca728a4708ad21f8dd8e34657a98b9970e6136e633ae15a?s=96&d=mm&r=g","caption":"Wagner Damazio"},"url":"https:\/\/www.estrategiaconcursos.com.br\/blog\/author\/wagnermatematicoyahoo-com-br\/"}]}},"_links":{"self":[{"href":"https:\/\/www.estrategiaconcursos.com.br\/blog\/wp-json\/wp\/v2\/posts\/394183","targetHints":{"allow":["GET"]}}],"collection":[{"href":"https:\/\/www.estrategiaconcursos.com.br\/blog\/wp-json\/wp\/v2\/posts"}],"about":[{"href":"https:\/\/www.estrategiaconcursos.com.br\/blog\/wp-json\/wp\/v2\/types\/post"}],"author":[{"embeddable":true,"href":"https:\/\/www.estrategiaconcursos.com.br\/blog\/wp-json\/wp\/v2\/users\/463"}],"replies":[{"embeddable":true,"href":"https:\/\/www.estrategiaconcursos.com.br\/blog\/wp-json\/wp\/v2\/comments?post=394183"}],"version-history":[{"count":4,"href":"https:\/\/www.estrategiaconcursos.com.br\/blog\/wp-json\/wp\/v2\/posts\/394183\/revisions"}],"predecessor-version":[{"id":394305,"href":"https:\/\/www.estrategiaconcursos.com.br\/blog\/wp-json\/wp\/v2\/posts\/394183\/revisions\/394305"}],"wp:attachment":[{"href":"https:\/\/www.estrategiaconcursos.com.br\/blog\/wp-json\/wp\/v2\/media?parent=394183"}],"wp:term":[{"taxonomy":"category","embeddable":true,"href":"https:\/\/www.estrategiaconcursos.com.br\/blog\/wp-json\/wp\/v2\/categories?post=394183"},{"taxonomy":"post_tag","embeddable":true,"href":"https:\/\/www.estrategiaconcursos.com.br\/blog\/wp-json\/wp\/v2\/tags?post=394183"},{"taxonomy":"tax_estado","embeddable":true,"href":"https:\/\/www.estrategiaconcursos.com.br\/blog\/wp-json\/wp\/v2\/tax_estado?post=394183"}],"curies":[{"name":"wp","href":"https:\/\/api.w.org\/{rel}","templated":true}]}}