{"id":394135,"date":"2019-07-02T08:56:08","date_gmt":"2019-07-02T11:56:08","guid":{"rendered":"https:\/\/www.estrategiaconcursos.com.br\/blog\/?p=394135"},"modified":"2019-07-02T08:56:10","modified_gmt":"2019-07-02T11:56:10","slug":"concurso-pm-sp-aluno-oficial-gabarito-prova-objetiva","status":"publish","type":"post","link":"https:\/\/www.estrategiaconcursos.com.br\/blog\/concurso-pm-sp-aluno-oficial-gabarito-prova-objetiva\/","title":{"rendered":"Concurso PM SP Aluno-Oficial: divulgado gabarito da prova objetiva"},"content":{"rendered":"\n<p>O concurso da Pol\u00edcia Militar do Estado de S\u00e3o Paulo, que oferta aos candidatos <strong><em>190 vagas para Aluno-Oficial<\/em><\/strong>, divulgou nesta ter\u00e7a-feira, 02 de julho, o <strong><em>gabarito da prova objetiva<\/em><\/strong> realizada em <strong>30 de junho<\/strong>. <\/p>\n\n\n\n<p>A Prova Objetiva (Parte I), teve\u00a0<em><strong>dura\u00e7\u00e3o de 4 horas<\/strong><\/em>. Os candidatos responderam <strong>80 quest\u00f5es de m\u00faltipla escolha com cinco alternativas cada<\/strong>. <\/p>\n\n\n\n<p><em>Confira abaixo as disciplinas que foram cobradas no certame: <\/em><\/p>\n\n\n\n<h3 class=\"wp-block-heading\">Prova objetiva (parte I)<\/h3>\n\n\n\n<ul class=\"wp-block-list\"><li><em>Hist\u00f3ria: 8 quest\u00f5es;<\/em><\/li><li><em>Filosofia: 4 quest\u00f5es;<\/em><\/li><li><em>Sociologia: 4 quest\u00f5es;<\/em><\/li><li><em>Geografia: 8 quest\u00f5es;<\/em><\/li><li><em>L\u00edngua Portuguesa e interpreta\u00e7\u00e3o de texto: 24 quest\u00f5es;<\/em><\/li><li><em>L\u00edngua Inglesa ou Espanhola: 6 quest\u00f5es;<\/em><\/li><li><em>Matem\u00e1tica: 10 quest\u00f5es;<\/em><\/li><li><em>F\u00edsica: 4 quest\u00f5es;<\/em><\/li><li><em>Qu\u00edmica: 4 quest\u00f5es;<\/em><\/li><li><em>Biologia: 4 quest\u00f5es;<\/em><\/li><li><em>No\u00e7\u00f5es de Administra\u00e7\u00e3o P\u00fablica: 2 quest\u00f5es;<\/em><\/li><li><em>No\u00e7\u00f5es B\u00e1sicas de Inform\u00e1tica: 2 quest\u00f5es<\/em><\/li><\/ul>\n\n\n\n<h3 class=\"wp-block-heading\">Prova dissertativa (parte II)<\/h3>\n\n\n\n<p>A <strong>Prova Dissertativa<\/strong> teve\u00a0<em><strong>dura\u00e7\u00e3o de 2 horas<\/strong><\/em>\u00a0e foi composta de uma reda\u00e7\u00e3o, na qual se esperava que o candidato produzisse uma disserta\u00e7\u00e3o em prosa na norma-padr\u00e3o da l\u00edngua portuguesa, a partir da leitura de textos auxiliares.<\/p>\n\n\n\n<p>De acordo com a banca organizadora do certame, a Funda\u00e7\u00e3o Vunesp, agora os candidatos v\u00e3o participar da etapa de testes f\u00edsicos e dever\u00e3o passar pelos testes listados abaixo. <\/p>\n\n\n\n<ul class=\"wp-block-list\"><li>Teste de flex\u00e3o e extens\u00e3o de cotovelos, por meio do teste din\u00e2mico de barra para homens e com apoio de frente sobre o solo, em dec\u00fabito ventral, apoiando os joelhos sobre o banco sueco, para mulheres;<\/li><li>Resist\u00eancia abdominal, em dec\u00fabito dorsal (tipo remador);<\/li><li>Corrida de 50 metros;<\/li><li>Corrida de 12 minutos.<\/li><li>Prova de habilidade espec\u00edfica, composta por uma prova de nata\u00e7\u00e3o.<\/li><\/ul>\n\n\n\n<p>Cada um dos testes ter\u00e1 a<strong> pontua\u00e7\u00e3o <\/strong>compreendida entre <strong>20 e 100 pontos<\/strong>. Para o candidato ser considerado apto na prova de condicionamento f\u00edsico geral, \u00e9 necess\u00e1rio alcan\u00e7ar no m\u00ednimo a marca correspondente a 20 pontos em cada um dos testes e 201 pontos no somat\u00f3rio geral obtido nos quatro testes.<\/p>\n\n\n\n<p><em>Confira abaixo o gabarito da prova objetiva do certame: <\/em><\/p>\n\n\n\n<div class=\"wp-block-image\"><figure class=\"aligncenter is-resized\"><img loading=\"lazy\" decoding=\"async\" src=\"https:\/\/dhg1h5j42swfq.cloudfront.net\/2019\/07\/02085155\/concurso-pm-sp-aluno.png.png\" alt=\"Confira abaixo o gabarito da prova objetiva do certame\" class=\"wp-image-394136\" width=\"524\" height=\"490\" srcset=\"https:\/\/dhg1h5j42swfq.cloudfront.net\/2019\/07\/02085155\/concurso-pm-sp-aluno.png.png 300w, https:\/\/dhg1h5j42swfq.cloudfront.net\/2019\/07\/02085155\/concurso-pm-sp-aluno.png.png 610w\" sizes=\"auto, (max-width: 524px) 100vw, 524px\" \/><\/figure><\/div>\n\n\n\n<p style=\"font-size:19px;text-align:center\"><strong><em>Quer estudar para Concurso PM SP?<\/em><\/strong><\/p>\n\n\n\n<p style=\"text-align:center\"><em><strong>Gostou desta oportunidade e deseja come\u00e7ar se preparar agora mesmo? Ent\u00e3o, confira os nossos cursos e comece a estudar para PM SP:<\/strong><\/em><\/p>\n\n\n\n<p style=\"font-size:25px;text-align:center\" class=\"has-background has-luminous-vivid-amber-background-color\"><a rel=\"noreferrer noopener\" href=\"https:\/\/www.estrategiaconcursos.com.br\/cursosPorConcurso\/policia-militar-de-sao-paulo-pm-sp\/\" target=\"_blank\"><strong><em>CURSO PM SP<\/em><\/strong><\/a><\/p>\n\n\n\n<p style=\"font-size:19px;text-align:center\"><em><strong>Assinatura Anual Ilimitada*<\/strong><\/em><\/p>\n\n\n\n<p style=\"text-align:center\"><em>Prepare-se com o melhor material e com quem mais aprova em Concursos P\u00fablicos em todo o pa\u00eds. Assine agora a nossa Assinatura Anual e tenha acesso ilimitado* a todos os nossos cursos.<\/em><\/p>\n\n\n\n<p style=\"font-size:25px;text-align:center\" class=\"has-background has-light-green-cyan-background-color\"><strong>ASSINE AGORA<\/strong>\u00a0\u2013\u00a0<a rel=\"noreferrer noopener\" href=\"https:\/\/www.estrategiaconcursos.com.br\/assinaturas\" target=\"_blank\"><strong>Assinatura Ilimitada<\/strong><\/a><\/p>\n\n\n\n<p><em>Ascom Estrat\u00e9gia<\/em><br \/>ascomestrategia@gmail.com<\/p>\n\n\n\n<p style=\"text-align:center\"><em><strong>Receba not\u00edcias de Concursos no seu WhatsApp e\/ou Telegram!<\/strong><\/em><\/p>\n\n\n\n<p style=\"text-align:center\"><em><strong>Cadastre-se clicando no \u00edcone abaixo<\/strong><\/em><\/p>\n\n\n\n<p style=\"text-align:center\" class=\"has-background has-very-light-gray-background-color\"><a rel=\"noreferrer noopener\" href=\"https:\/\/www.estrategiaconcursos.com.br\/blog\/noticias-de-concursos-whatsapp-estrategia-concursos\/\" target=\"_blank\">Not\u00edcias de concursos no seu WhatsApp e\/ou Telegram<\/a><\/p>\n\n\n\n<p> <\/p>\n","protected":false},"excerpt":{"rendered":"<p>O concurso da Pol\u00edcia Militar do Estado de S\u00e3o Paulo, que oferta aos candidatos 190 vagas para Aluno-Oficial, divulgou nesta ter\u00e7a-feira, 02 de julho, o gabarito da prova objetiva realizada em 30 de junho. A Prova Objetiva (Parte I), teve\u00a0dura\u00e7\u00e3o de 4 horas. Os candidatos responderam 80 quest\u00f5es de m\u00faltipla escolha com cinco alternativas cada. [&hellip;]<\/p>\n","protected":false},"author":552,"featured_media":142778,"comment_status":"open","ping_status":"closed","sticky":false,"template":"","format":"standard","meta":{"post_tipo":"article","footnotes":""},"categories":[1],"tags":[],"tax_estado":[],"class_list":["post-394135","post","type-post","status-publish","format-standard","has-post-thumbnail","hentry","category-cursos-e-concursos"],"acf":[],"yoast_head":"<!-- This site is optimized with the Yoast SEO Premium plugin v27.2 (Yoast SEO v27.2) - https:\/\/yoast.com\/product\/yoast-seo-premium-wordpress\/ -->\n<title>Concurso PM SP Aluno-Oficial: divulgado gabarito da prova objetiva<\/title>\n<meta name=\"robots\" content=\"index, follow, max-snippet:-1, max-image-preview:large, max-video-preview:-1\" \/>\n<link rel=\"canonical\" href=\"https:\/\/www.estrategiaconcursos.com.br\/blog\/concurso-pm-sp-aluno-oficial-gabarito-prova-objetiva\/\" \/>\n<meta property=\"og:locale\" content=\"pt_BR\" \/>\n<meta property=\"og:type\" content=\"article\" \/>\n<meta property=\"og:title\" content=\"Concurso PM SP Aluno-Oficial: divulgado gabarito da prova objetiva\" \/>\n<meta property=\"og:description\" content=\"O concurso da Pol\u00edcia Militar do Estado de S\u00e3o Paulo, que oferta aos candidatos 190 vagas para Aluno-Oficial, divulgou nesta ter\u00e7a-feira, 02 de julho, o gabarito da prova objetiva realizada em 30 de junho. A Prova Objetiva (Parte I), teve\u00a0dura\u00e7\u00e3o de 4 horas. Os candidatos responderam 80 quest\u00f5es de m\u00faltipla escolha com cinco alternativas cada. [&hellip;]\" \/>\n<meta property=\"og:url\" content=\"https:\/\/www.estrategiaconcursos.com.br\/blog\/concurso-pm-sp-aluno-oficial-gabarito-prova-objetiva\/\" \/>\n<meta property=\"og:site_name\" content=\"Estrat\u00e9gia Concursos\" \/>\n<meta property=\"article:published_time\" content=\"2019-07-02T11:56:08+00:00\" \/>\n<meta property=\"article:modified_time\" content=\"2019-07-02T11:56:10+00:00\" \/>\n<meta property=\"og:image\" content=\"https:\/\/dhg1h5j42swfq.cloudfront.net\/2018\/09\/24091054\/PM-SP1.jpg\" \/>\n\t<meta property=\"og:image:width\" content=\"1200\" \/>\n\t<meta property=\"og:image:height\" content=\"628\" \/>\n\t<meta property=\"og:image:type\" content=\"image\/jpeg\" \/>\n<meta name=\"author\" content=\"Paulo Bilynskyj\" \/>\n<meta name=\"twitter:card\" content=\"summary_large_image\" \/>\n<meta name=\"twitter:creator\" content=\"@EstratConcursos\" \/>\n<meta name=\"twitter:site\" content=\"@EstratConcursos\" \/>\n<meta name=\"twitter:label1\" content=\"Escrito por\" \/>\n\t<meta name=\"twitter:data1\" content=\"Paulo Bilynskyj\" \/>\n\t<meta name=\"twitter:label2\" content=\"Est. tempo de leitura\" \/>\n\t<meta name=\"twitter:data2\" content=\"2 minutos\" \/>\n<script type=\"application\/ld+json\" class=\"yoast-schema-graph\">{\"@context\":\"https:\/\/schema.org\",\"@graph\":[{\"@type\":\"NewsArticle\",\"@id\":\"https:\/\/www.estrategiaconcursos.com.br\/blog\/concurso-pm-sp-aluno-oficial-gabarito-prova-objetiva\/#article\",\"isPartOf\":{\"@id\":\"https:\/\/www.estrategiaconcursos.com.br\/blog\/concurso-pm-sp-aluno-oficial-gabarito-prova-objetiva\/\"},\"author\":{\"name\":\"Paulo Bilynskyj\",\"@id\":\"https:\/\/www.estrategiaconcursos.com.br\/blog\/#\/schema\/person\/a630b15e36f45b4c21fed01219843cb5\"},\"headline\":\"Concurso PM SP Aluno-Oficial: divulgado gabarito da prova objetiva\",\"datePublished\":\"2019-07-02T11:56:08+00:00\",\"dateModified\":\"2019-07-02T11:56:10+00:00\",\"mainEntityOfPage\":{\"@id\":\"https:\/\/www.estrategiaconcursos.com.br\/blog\/concurso-pm-sp-aluno-oficial-gabarito-prova-objetiva\/\"},\"wordCount\":454,\"commentCount\":1,\"publisher\":{\"@id\":\"https:\/\/www.estrategiaconcursos.com.br\/blog\/#organization\"},\"image\":{\"@id\":\"https:\/\/www.estrategiaconcursos.com.br\/blog\/concurso-pm-sp-aluno-oficial-gabarito-prova-objetiva\/#primaryimage\"},\"thumbnailUrl\":\"https:\/\/dhg1h5j42swfq.cloudfront.net\/2018\/09\/24091054\/PM-SP1.jpg\",\"articleSection\":[\"Concursos P\u00fablicos\"],\"inLanguage\":\"pt-BR\",\"potentialAction\":[{\"@type\":\"CommentAction\",\"name\":\"Comment\",\"target\":[\"https:\/\/www.estrategiaconcursos.com.br\/blog\/concurso-pm-sp-aluno-oficial-gabarito-prova-objetiva\/#respond\"]}],\"copyrightYear\":\"2019\",\"copyrightHolder\":{\"@id\":\"https:\/\/www.estrategiaconcursos.com.br\/blog\/#organization\"}},{\"@type\":\"WebPage\",\"@id\":\"https:\/\/www.estrategiaconcursos.com.br\/blog\/concurso-pm-sp-aluno-oficial-gabarito-prova-objetiva\/\",\"url\":\"https:\/\/www.estrategiaconcursos.com.br\/blog\/concurso-pm-sp-aluno-oficial-gabarito-prova-objetiva\/\",\"name\":\"Concurso PM SP Aluno-Oficial: divulgado gabarito da prova objetiva\",\"isPartOf\":{\"@id\":\"https:\/\/www.estrategiaconcursos.com.br\/blog\/#website\"},\"primaryImageOfPage\":{\"@id\":\"https:\/\/www.estrategiaconcursos.com.br\/blog\/concurso-pm-sp-aluno-oficial-gabarito-prova-objetiva\/#primaryimage\"},\"image\":{\"@id\":\"https:\/\/www.estrategiaconcursos.com.br\/blog\/concurso-pm-sp-aluno-oficial-gabarito-prova-objetiva\/#primaryimage\"},\"thumbnailUrl\":\"https:\/\/dhg1h5j42swfq.cloudfront.net\/2018\/09\/24091054\/PM-SP1.jpg\",\"datePublished\":\"2019-07-02T11:56:08+00:00\",\"dateModified\":\"2019-07-02T11:56:10+00:00\",\"breadcrumb\":{\"@id\":\"https:\/\/www.estrategiaconcursos.com.br\/blog\/concurso-pm-sp-aluno-oficial-gabarito-prova-objetiva\/#breadcrumb\"},\"inLanguage\":\"pt-BR\",\"potentialAction\":[{\"@type\":\"ReadAction\",\"target\":[\"https:\/\/www.estrategiaconcursos.com.br\/blog\/concurso-pm-sp-aluno-oficial-gabarito-prova-objetiva\/\"]}]},{\"@type\":\"ImageObject\",\"inLanguage\":\"pt-BR\",\"@id\":\"https:\/\/www.estrategiaconcursos.com.br\/blog\/concurso-pm-sp-aluno-oficial-gabarito-prova-objetiva\/#primaryimage\",\"url\":\"https:\/\/dhg1h5j42swfq.cloudfront.net\/2018\/09\/24091054\/PM-SP1.jpg\",\"contentUrl\":\"https:\/\/dhg1h5j42swfq.cloudfront.net\/2018\/09\/24091054\/PM-SP1.jpg\",\"width\":1200,\"height\":628,\"caption\":\"Maratona PM SP\"},{\"@type\":\"BreadcrumbList\",\"@id\":\"https:\/\/www.estrategiaconcursos.com.br\/blog\/concurso-pm-sp-aluno-oficial-gabarito-prova-objetiva\/#breadcrumb\",\"itemListElement\":[{\"@type\":\"ListItem\",\"position\":1,\"name\":\"In\u00edcio\",\"item\":\"https:\/\/www.estrategiaconcursos.com.br\/blog\/\"},{\"@type\":\"ListItem\",\"position\":2,\"name\":\"Concurso PM SP Aluno-Oficial: divulgado gabarito da prova objetiva\"}]},{\"@type\":\"WebSite\",\"@id\":\"https:\/\/www.estrategiaconcursos.com.br\/blog\/#website\",\"url\":\"https:\/\/www.estrategiaconcursos.com.br\/blog\/\",\"name\":\"Estrat\u00e9gia Concursos\",\"description\":\"O blog da Estrat\u00e9gia Concursos traz not\u00edcias sobre concursos e artigos de professores oferecendo cursos para concursos (pdf + videaulas) no site.\",\"publisher\":{\"@id\":\"https:\/\/www.estrategiaconcursos.com.br\/blog\/#organization\"},\"potentialAction\":[{\"@type\":\"SearchAction\",\"target\":{\"@type\":\"EntryPoint\",\"urlTemplate\":\"https:\/\/www.estrategiaconcursos.com.br\/blog\/?s={search_term_string}\"},\"query-input\":{\"@type\":\"PropertyValueSpecification\",\"valueRequired\":true,\"valueName\":\"search_term_string\"}}],\"inLanguage\":\"pt-BR\"},{\"@type\":\"Organization\",\"@id\":\"https:\/\/www.estrategiaconcursos.com.br\/blog\/#organization\",\"name\":\"Estrat\u00e9gia Concursos\",\"url\":\"https:\/\/www.estrategiaconcursos.com.br\/blog\/\",\"logo\":{\"@type\":\"ImageObject\",\"inLanguage\":\"pt-BR\",\"@id\":\"https:\/\/www.estrategiaconcursos.com.br\/blog\/#\/schema\/logo\/image\/\",\"url\":\"https:\/\/dhg1h5j42swfq.cloudfront.net\/2025\/06\/03203428\/logo_concursos-1.jpg\",\"contentUrl\":\"https:\/\/dhg1h5j42swfq.cloudfront.net\/2025\/06\/03203428\/logo_concursos-1.jpg\",\"width\":230,\"height\":60,\"caption\":\"Estrat\u00e9gia Concursos\"},\"image\":{\"@id\":\"https:\/\/www.estrategiaconcursos.com.br\/blog\/#\/schema\/logo\/image\/\"},\"sameAs\":[\"https:\/\/x.com\/EstratConcursos\"]},{\"@type\":\"Person\",\"@id\":\"https:\/\/www.estrategiaconcursos.com.br\/blog\/#\/schema\/person\/a630b15e36f45b4c21fed01219843cb5\",\"name\":\"Paulo Bilynskyj\",\"image\":{\"@type\":\"ImageObject\",\"inLanguage\":\"pt-BR\",\"@id\":\"https:\/\/secure.gravatar.com\/avatar\/37e21f70c9042e7456beffdc6d31fe051f3f6dcbf252f69343a791b144852057?s=96&d=mm&r=g\",\"url\":\"https:\/\/secure.gravatar.com\/avatar\/37e21f70c9042e7456beffdc6d31fe051f3f6dcbf252f69343a791b144852057?s=96&d=mm&r=g\",\"contentUrl\":\"https:\/\/secure.gravatar.com\/avatar\/37e21f70c9042e7456beffdc6d31fe051f3f6dcbf252f69343a791b144852057?s=96&d=mm&r=g\",\"caption\":\"Paulo Bilynskyj\"},\"url\":\"https:\/\/www.estrategiaconcursos.com.br\/blog\/author\/pbilynskyjgmail-com\/\"}]}<\/script>\n<!-- \/ Yoast SEO Premium plugin. -->","yoast_head_json":{"title":"Concurso PM SP Aluno-Oficial: divulgado gabarito da prova objetiva","robots":{"index":"index","follow":"follow","max-snippet":"max-snippet:-1","max-image-preview":"max-image-preview:large","max-video-preview":"max-video-preview:-1"},"canonical":"https:\/\/www.estrategiaconcursos.com.br\/blog\/concurso-pm-sp-aluno-oficial-gabarito-prova-objetiva\/","og_locale":"pt_BR","og_type":"article","og_title":"Concurso PM SP Aluno-Oficial: divulgado gabarito da prova objetiva","og_description":"O concurso da Pol\u00edcia Militar do Estado de S\u00e3o Paulo, que oferta aos candidatos 190 vagas para Aluno-Oficial, divulgou nesta ter\u00e7a-feira, 02 de julho, o gabarito da prova objetiva realizada em 30 de junho. A Prova Objetiva (Parte I), teve\u00a0dura\u00e7\u00e3o de 4 horas. Os candidatos responderam 80 quest\u00f5es de m\u00faltipla escolha com cinco alternativas cada. [&hellip;]","og_url":"https:\/\/www.estrategiaconcursos.com.br\/blog\/concurso-pm-sp-aluno-oficial-gabarito-prova-objetiva\/","og_site_name":"Estrat\u00e9gia Concursos","article_published_time":"2019-07-02T11:56:08+00:00","article_modified_time":"2019-07-02T11:56:10+00:00","og_image":[{"width":1200,"height":628,"url":"https:\/\/dhg1h5j42swfq.cloudfront.net\/2018\/09\/24091054\/PM-SP1.jpg","type":"image\/jpeg"}],"author":"Paulo Bilynskyj","twitter_card":"summary_large_image","twitter_creator":"@EstratConcursos","twitter_site":"@EstratConcursos","twitter_misc":{"Escrito por":"Paulo Bilynskyj","Est. tempo de leitura":"2 minutos"},"schema":{"@context":"https:\/\/schema.org","@graph":[{"@type":"NewsArticle","@id":"https:\/\/www.estrategiaconcursos.com.br\/blog\/concurso-pm-sp-aluno-oficial-gabarito-prova-objetiva\/#article","isPartOf":{"@id":"https:\/\/www.estrategiaconcursos.com.br\/blog\/concurso-pm-sp-aluno-oficial-gabarito-prova-objetiva\/"},"author":{"name":"Paulo Bilynskyj","@id":"https:\/\/www.estrategiaconcursos.com.br\/blog\/#\/schema\/person\/a630b15e36f45b4c21fed01219843cb5"},"headline":"Concurso PM SP Aluno-Oficial: divulgado gabarito da prova objetiva","datePublished":"2019-07-02T11:56:08+00:00","dateModified":"2019-07-02T11:56:10+00:00","mainEntityOfPage":{"@id":"https:\/\/www.estrategiaconcursos.com.br\/blog\/concurso-pm-sp-aluno-oficial-gabarito-prova-objetiva\/"},"wordCount":454,"commentCount":1,"publisher":{"@id":"https:\/\/www.estrategiaconcursos.com.br\/blog\/#organization"},"image":{"@id":"https:\/\/www.estrategiaconcursos.com.br\/blog\/concurso-pm-sp-aluno-oficial-gabarito-prova-objetiva\/#primaryimage"},"thumbnailUrl":"https:\/\/dhg1h5j42swfq.cloudfront.net\/2018\/09\/24091054\/PM-SP1.jpg","articleSection":["Concursos P\u00fablicos"],"inLanguage":"pt-BR","potentialAction":[{"@type":"CommentAction","name":"Comment","target":["https:\/\/www.estrategiaconcursos.com.br\/blog\/concurso-pm-sp-aluno-oficial-gabarito-prova-objetiva\/#respond"]}],"copyrightYear":"2019","copyrightHolder":{"@id":"https:\/\/www.estrategiaconcursos.com.br\/blog\/#organization"}},{"@type":"WebPage","@id":"https:\/\/www.estrategiaconcursos.com.br\/blog\/concurso-pm-sp-aluno-oficial-gabarito-prova-objetiva\/","url":"https:\/\/www.estrategiaconcursos.com.br\/blog\/concurso-pm-sp-aluno-oficial-gabarito-prova-objetiva\/","name":"Concurso PM SP Aluno-Oficial: divulgado gabarito da prova objetiva","isPartOf":{"@id":"https:\/\/www.estrategiaconcursos.com.br\/blog\/#website"},"primaryImageOfPage":{"@id":"https:\/\/www.estrategiaconcursos.com.br\/blog\/concurso-pm-sp-aluno-oficial-gabarito-prova-objetiva\/#primaryimage"},"image":{"@id":"https:\/\/www.estrategiaconcursos.com.br\/blog\/concurso-pm-sp-aluno-oficial-gabarito-prova-objetiva\/#primaryimage"},"thumbnailUrl":"https:\/\/dhg1h5j42swfq.cloudfront.net\/2018\/09\/24091054\/PM-SP1.jpg","datePublished":"2019-07-02T11:56:08+00:00","dateModified":"2019-07-02T11:56:10+00:00","breadcrumb":{"@id":"https:\/\/www.estrategiaconcursos.com.br\/blog\/concurso-pm-sp-aluno-oficial-gabarito-prova-objetiva\/#breadcrumb"},"inLanguage":"pt-BR","potentialAction":[{"@type":"ReadAction","target":["https:\/\/www.estrategiaconcursos.com.br\/blog\/concurso-pm-sp-aluno-oficial-gabarito-prova-objetiva\/"]}]},{"@type":"ImageObject","inLanguage":"pt-BR","@id":"https:\/\/www.estrategiaconcursos.com.br\/blog\/concurso-pm-sp-aluno-oficial-gabarito-prova-objetiva\/#primaryimage","url":"https:\/\/dhg1h5j42swfq.cloudfront.net\/2018\/09\/24091054\/PM-SP1.jpg","contentUrl":"https:\/\/dhg1h5j42swfq.cloudfront.net\/2018\/09\/24091054\/PM-SP1.jpg","width":1200,"height":628,"caption":"Maratona PM SP"},{"@type":"BreadcrumbList","@id":"https:\/\/www.estrategiaconcursos.com.br\/blog\/concurso-pm-sp-aluno-oficial-gabarito-prova-objetiva\/#breadcrumb","itemListElement":[{"@type":"ListItem","position":1,"name":"In\u00edcio","item":"https:\/\/www.estrategiaconcursos.com.br\/blog\/"},{"@type":"ListItem","position":2,"name":"Concurso PM SP Aluno-Oficial: divulgado gabarito da prova objetiva"}]},{"@type":"WebSite","@id":"https:\/\/www.estrategiaconcursos.com.br\/blog\/#website","url":"https:\/\/www.estrategiaconcursos.com.br\/blog\/","name":"Estrat\u00e9gia Concursos","description":"O blog da Estrat\u00e9gia Concursos traz not\u00edcias sobre concursos e artigos de professores oferecendo cursos para concursos (pdf + videaulas) no site.","publisher":{"@id":"https:\/\/www.estrategiaconcursos.com.br\/blog\/#organization"},"potentialAction":[{"@type":"SearchAction","target":{"@type":"EntryPoint","urlTemplate":"https:\/\/www.estrategiaconcursos.com.br\/blog\/?s={search_term_string}"},"query-input":{"@type":"PropertyValueSpecification","valueRequired":true,"valueName":"search_term_string"}}],"inLanguage":"pt-BR"},{"@type":"Organization","@id":"https:\/\/www.estrategiaconcursos.com.br\/blog\/#organization","name":"Estrat\u00e9gia Concursos","url":"https:\/\/www.estrategiaconcursos.com.br\/blog\/","logo":{"@type":"ImageObject","inLanguage":"pt-BR","@id":"https:\/\/www.estrategiaconcursos.com.br\/blog\/#\/schema\/logo\/image\/","url":"https:\/\/dhg1h5j42swfq.cloudfront.net\/2025\/06\/03203428\/logo_concursos-1.jpg","contentUrl":"https:\/\/dhg1h5j42swfq.cloudfront.net\/2025\/06\/03203428\/logo_concursos-1.jpg","width":230,"height":60,"caption":"Estrat\u00e9gia Concursos"},"image":{"@id":"https:\/\/www.estrategiaconcursos.com.br\/blog\/#\/schema\/logo\/image\/"},"sameAs":["https:\/\/x.com\/EstratConcursos"]},{"@type":"Person","@id":"https:\/\/www.estrategiaconcursos.com.br\/blog\/#\/schema\/person\/a630b15e36f45b4c21fed01219843cb5","name":"Paulo Bilynskyj","image":{"@type":"ImageObject","inLanguage":"pt-BR","@id":"https:\/\/secure.gravatar.com\/avatar\/37e21f70c9042e7456beffdc6d31fe051f3f6dcbf252f69343a791b144852057?s=96&d=mm&r=g","url":"https:\/\/secure.gravatar.com\/avatar\/37e21f70c9042e7456beffdc6d31fe051f3f6dcbf252f69343a791b144852057?s=96&d=mm&r=g","contentUrl":"https:\/\/secure.gravatar.com\/avatar\/37e21f70c9042e7456beffdc6d31fe051f3f6dcbf252f69343a791b144852057?s=96&d=mm&r=g","caption":"Paulo Bilynskyj"},"url":"https:\/\/www.estrategiaconcursos.com.br\/blog\/author\/pbilynskyjgmail-com\/"}]}},"_links":{"self":[{"href":"https:\/\/www.estrategiaconcursos.com.br\/blog\/wp-json\/wp\/v2\/posts\/394135","targetHints":{"allow":["GET"]}}],"collection":[{"href":"https:\/\/www.estrategiaconcursos.com.br\/blog\/wp-json\/wp\/v2\/posts"}],"about":[{"href":"https:\/\/www.estrategiaconcursos.com.br\/blog\/wp-json\/wp\/v2\/types\/post"}],"author":[{"embeddable":true,"href":"https:\/\/www.estrategiaconcursos.com.br\/blog\/wp-json\/wp\/v2\/users\/552"}],"replies":[{"embeddable":true,"href":"https:\/\/www.estrategiaconcursos.com.br\/blog\/wp-json\/wp\/v2\/comments?post=394135"}],"version-history":[{"count":2,"href":"https:\/\/www.estrategiaconcursos.com.br\/blog\/wp-json\/wp\/v2\/posts\/394135\/revisions"}],"predecessor-version":[{"id":394142,"href":"https:\/\/www.estrategiaconcursos.com.br\/blog\/wp-json\/wp\/v2\/posts\/394135\/revisions\/394142"}],"wp:featuredmedia":[{"embeddable":true,"href":"https:\/\/www.estrategiaconcursos.com.br\/blog\/wp-json\/wp\/v2\/media\/142778"}],"wp:attachment":[{"href":"https:\/\/www.estrategiaconcursos.com.br\/blog\/wp-json\/wp\/v2\/media?parent=394135"}],"wp:term":[{"taxonomy":"category","embeddable":true,"href":"https:\/\/www.estrategiaconcursos.com.br\/blog\/wp-json\/wp\/v2\/categories?post=394135"},{"taxonomy":"post_tag","embeddable":true,"href":"https:\/\/www.estrategiaconcursos.com.br\/blog\/wp-json\/wp\/v2\/tags?post=394135"},{"taxonomy":"tax_estado","embeddable":true,"href":"https:\/\/www.estrategiaconcursos.com.br\/blog\/wp-json\/wp\/v2\/tax_estado?post=394135"}],"curies":[{"name":"wp","href":"https:\/\/api.w.org\/{rel}","templated":true}]}}