{"id":394045,"date":"2019-07-01T17:15:26","date_gmt":"2019-07-01T20:15:26","guid":{"rendered":"https:\/\/www.estrategiaconcursos.com.br\/blog\/?p=394045"},"modified":"2019-07-01T17:20:22","modified_gmt":"2019-07-01T20:20:22","slug":"concurso-policia-civil-rj-formada-a-comissao-organizadora","status":"publish","type":"post","link":"https:\/\/www.estrategiaconcursos.com.br\/blog\/concurso-policia-civil-rj-formada-a-comissao-organizadora\/","title":{"rendered":"Concurso Pol\u00edcia Civil RJ: Formada a Comiss\u00e3o Organizadora do certame"},"content":{"rendered":"\n<p>Foi formada hoje, dia 01 de julho, a comiss\u00e3o organizadora do concurso para a Pol\u00edcia Civil do Rio de Janeiro que ofertar\u00e1 <strong>1.000 vagas<\/strong> para diversos cargos. Com isso, cresce ainda mais a expectativa para que o edital seja publicado ainda em julho.<\/p>\n\n\n\n<p>No m\u00eas passado, o governador do Estado do Rio de Janeiro, Wilson Witzel autorizou a realiza\u00e7\u00e3o de um novo concurso para a Pol\u00edcia Civil. Foi divulgada tamb\u00e9m, no dia 11 de junho, a quantidade de vagas destinas aos respectivos cargos do certame:<\/p>\n\n\n\n<ul class=\"wp-block-list\"><li><em>Delegado de pol\u00edcia \u2013 100 vagas<\/em><\/li><li><em>Perito legista \u2013 100 vagas<\/em><\/li><li><em>Inspetor \u2013 500 vagas<\/em><\/li><li><em>Investigador \u2013 100 vagas<\/em><\/li><li><em>Perito Criminal \u2013 60 vagas<\/em><\/li><li><em>T\u00e9cnico de necropsia \u2013 80 vagas<\/em><\/li><li><em>Auxiliar de necropsia \u2013 60 vagas<\/em><\/li><\/ul>\n\n\n\n<h2 class=\"wp-block-heading\">Comiss\u00e3o Concurso Pol\u00edcia Civil RJ<\/h2>\n\n\n\n<p>Com a comiss\u00e3o formada, o certame depender\u00e1 somente da escolha da banca organizadora para a publica\u00e7\u00e3o do edital. De acordo com a publica\u00e7\u00e3o da Secretaria de Estado de Pol\u00edcia Civil, a comiss\u00e3o organizadora foi constitu\u00edda da seguinte forma:<\/p>\n\n\n\n<ul class=\"wp-block-list\"><li>Secret\u00e1rio de Estado da Pol\u00edcia Civil \u2013 Presidente;<\/li><li>Subsecret\u00e1rio de Gest\u00e3o Administrativa \u2013 Membro;<\/li><li>Subsecret\u00e1rio de Planejamento e Integra\u00e7\u00e3o Operacional \u2013 Membro;<\/li><li>Subsecret\u00e1rio de Intelig\u00eancia \u2013 Membro;<\/li><li>Chefe de Gabinete \u2013 Membro;<\/li><li>Corregedor Geral de Pol\u00edcia \u2013 Membro;<\/li><li>Diretor da Academia Estadual de Pol\u00edcia Sylvio Terra \u2013 Membro.<\/li><\/ul>\n\n\n\n<p>Veja abaixo o documento publicado do Di\u00e1rio Oficial que oficializa a Comiss\u00e3o para o concurso da Pol\u00edcia  civil:<\/p>\n\n\n\n<div class=\"wp-block-image\"><figure class=\"aligncenter\"><img loading=\"lazy\" decoding=\"async\" width=\"393\" height=\"616\" src=\"https:\/\/dhg1h5j42swfq.cloudfront.net\/2019\/07\/01162518\/policia-civil-rj.png\" alt=\"\" class=\"wp-image-394054\" srcset=\"https:\/\/dhg1h5j42swfq.cloudfront.net\/2019\/07\/01162518\/policia-civil-rj.png 393w, https:\/\/dhg1h5j42swfq.cloudfront.net\/2019\/07\/01162518\/policia-civil-rj.png 191w\" sizes=\"auto, (max-width: 393px) 100vw, 393px\" \/><\/figure><\/div>\n\n\n\n<h2 class=\"wp-block-heading\">Concurso PC RJ: Sal\u00e1rios e carga hor\u00e1ria<\/h2>\n\n\n\n<p>Para o cargo de<strong> Delegado<\/strong> remunera\u00e7\u00e3o inicial pode chegar a R$ 18.747,95, este valor j\u00e1 inclui o auxilio alimenta\u00e7\u00e3o de R$ 264. O cargo <strong>Auxiliar de Necropsia <\/strong>a remunera\u00e7\u00e3o ser\u00e1 de R$4.506,27.<\/p>\n\n\n\n<p>J\u00e1 o <strong>T\u00e9cnico de Necropsia <\/strong>a remunera\u00e7\u00e3o chega a R$ 5.277,59 para <strong>Perito Legista<\/strong> a remunera\u00e7\u00e3o \u00e9 de R$ 8.469,34. Por fim, o cargo de <strong>Inspetor<\/strong>  o sal\u00e1rio ser\u00e1 de R$ 6.280,31.<\/p>\n\n\n\n<p>\n\nOs cargos de&nbsp;<em><strong>Inspetor, Perito Legista, Perito Criminal, T\u00e9cnico de Necropsia<\/strong><\/em>&nbsp;e&nbsp;<em><strong>Auxiliar de Necropsia<\/strong><\/em>&nbsp;possuem carga hor\u00e1ria de 40 horas semanais em dedica\u00e7\u00e3o integral ou por sistema de escala de servi\u00e7o, sendo incompat\u00edvel com o exerc\u00edcio de outra atividade p\u00fablica ou privada, salvo as exce\u00e7\u00f5es previstas em Lei.&nbsp;\n\n<\/p>\n\n\n\n<p style=\"font-size:22px;text-align:center\" class=\"has-background has-light-green-cyan-background-color\"><strong><em>Mais informa\u00e7\u00f5es:\u00a0<a href=\"https:\/\/www.estrategiaconcursos.com.br\/blog\/concurso-policia-civil-rj\/\" target=\"_blank\" rel=\"noreferrer noopener\" aria-label=\"Concurso Pol\u00edcia Federal RJ (abre numa nova aba)\">Concurso<\/a><\/em><\/strong><a href=\"https:\/\/www.estrategiaconcursos.com.br\/blog\/concurso-policia-civil-rj\/\" target=\"_blank\" rel=\"noreferrer noopener\" aria-label=\"Concurso Pol\u00edcia Federal RJ (abre numa nova aba)\"> <\/a><strong><em><a href=\"https:\/\/www.estrategiaconcursos.com.br\/blog\/concurso-policia-civil-rj\/\" target=\"_blank\" rel=\"noreferrer noopener\" aria-label=\"Concurso Pol\u00edcia Federal RJ (abre numa nova aba)\">Pol\u00edcia Federal RJ<\/a><\/em><\/strong><\/p>\n\n\n\n<p style=\"text-align:center\"><strong><em>Quer estudar para Concurso Pol\u00edcia Civil RJ?<\/em><\/strong><\/p>\n\n\n\n<p style=\"text-align:center\"><em><strong>Gostou desta oportunidade e deseja come\u00e7ar se preparar agora mesmo? Ent\u00e3o, confira os nossos cursos e comece a estudar para Pol\u00edcia Civil RJ:<\/strong><\/em><\/p>\n\n\n\n<p style=\"font-size:22px;text-align:center\" class=\"has-background has-luminous-vivid-amber-background-color\"><a rel=\"noreferrer noopener\" href=\"https:\/\/www.estrategiaconcursos.com.br\/cursosPorConcurso\/policia-civil-rj-pc-rj\/\" target=\"_blank\"><strong>Curso Pol\u00edcia Civil RJ<\/strong><\/a><\/p>\n\n\n\n<p style=\"font-size:22px;text-align:center\" class=\"has-background has-pale-cyan-blue-background-color\"><a rel=\"noreferrer noopener\" href=\"https:\/\/www.estrategiaconcursos.com.br\/cursosPorConcurso\/policia-civil-rj-delegado\/\" target=\"_blank\"><strong>Curso Delegado PC RJ<\/strong><\/a><\/p>\n\n\n\n<p style=\"text-align:center\"><em><strong>Assinatura Anual Ilimitada*<\/strong><\/em><\/p>\n\n\n\n<p style=\"text-align:center\"><em>Prepare-se com o melhor material e com quem mais aprova em&nbsp;Concursos P\u00fablicos de todo o pa\u00eds. Assine agora a nossa Assinatura Anual e tenha acesso ilimitado* a todos os nossos cursos.<\/em><\/p>\n\n\n\n<p style=\"font-size:22px;text-align:center\" class=\"has-background has-vivid-green-cyan-background-color\"><strong>ASSINE AGORA<\/strong>\u00a0\u2013\u00a0<a rel=\"noreferrer noopener\" href=\"https:\/\/www.estrategiaconcursos.com.br\/assinaturas\/\" target=\"_blank\"><strong>Assinatura Ilimitada<\/strong><\/a><\/p>\n\n\n\n<p style=\"text-align:left\"><em>Ascom Estrat\u00e9gia<\/em><br \/>ascomestrategia@gmail.com<\/p>\n\n\n\n<p style=\"text-align:center\"><em><strong>Receba not\u00edcias de Concursos no seu WhatsApp e\/ou Telegram!<\/strong><\/em><\/p>\n\n\n\n<p style=\"text-align:center\"><em><strong>Cadastre-se clicando no \u00edcone abaixo<\/strong><\/em><\/p>\n\n\n\n<p style=\"text-align:center\"><a rel=\"noreferrer noopener\" href=\"https:\/\/www.estrategiaconcursos.com.br\/blog\/noticias-de-concursos-whatsapp-estrategia-concursos\/\" target=\"_blank\"><strong>Not\u00edcias de concursos no seu WhatsApp e\/ou Telegram<\/strong><\/a><\/p>\n","protected":false},"excerpt":{"rendered":"<p>Foi formada hoje, dia 01 de julho, a comiss\u00e3o organizadora do concurso para a Pol\u00edcia Civil do Rio de Janeiro que ofertar\u00e1 1.000 vagas para diversos cargos. Com isso, cresce ainda mais a expectativa para que o edital seja publicado ainda em julho. No m\u00eas passado, o governador do Estado do Rio de Janeiro, Wilson [&hellip;]<\/p>\n","protected":false},"author":552,"featured_media":0,"comment_status":"open","ping_status":"closed","sticky":false,"template":"","format":"standard","meta":{"post_tipo":"article","footnotes":""},"categories":[1],"tags":[],"tax_estado":[],"class_list":["post-394045","post","type-post","status-publish","format-standard","hentry","category-cursos-e-concursos"],"acf":[],"yoast_head":"<!-- This site is optimized with the Yoast SEO Premium plugin v27.2 (Yoast SEO v27.2) - https:\/\/yoast.com\/product\/yoast-seo-premium-wordpress\/ -->\n<title>Concurso Pol\u00edcia Civil RJ: Formada a Comiss\u00e3o Organizadora do certame<\/title>\n<meta name=\"robots\" content=\"index, follow, max-snippet:-1, max-image-preview:large, max-video-preview:-1\" \/>\n<link rel=\"canonical\" href=\"https:\/\/www.estrategiaconcursos.com.br\/blog\/concurso-policia-civil-rj-formada-a-comissao-organizadora\/\" \/>\n<meta property=\"og:locale\" content=\"pt_BR\" \/>\n<meta property=\"og:type\" content=\"article\" \/>\n<meta property=\"og:title\" content=\"Concurso Pol\u00edcia Civil RJ: Formada a Comiss\u00e3o Organizadora do certame\" \/>\n<meta property=\"og:description\" content=\"Foi formada hoje, dia 01 de julho, a comiss\u00e3o organizadora do concurso para a Pol\u00edcia Civil do Rio de Janeiro que ofertar\u00e1 1.000 vagas para diversos cargos. Com isso, cresce ainda mais a expectativa para que o edital seja publicado ainda em julho. No m\u00eas passado, o governador do Estado do Rio de Janeiro, Wilson [&hellip;]\" \/>\n<meta property=\"og:url\" content=\"https:\/\/www.estrategiaconcursos.com.br\/blog\/concurso-policia-civil-rj-formada-a-comissao-organizadora\/\" \/>\n<meta property=\"og:site_name\" content=\"Estrat\u00e9gia Concursos\" \/>\n<meta property=\"article:published_time\" content=\"2019-07-01T20:15:26+00:00\" \/>\n<meta property=\"article:modified_time\" content=\"2019-07-01T20:20:22+00:00\" \/>\n<meta property=\"og:image\" content=\"https:\/\/www.estrategiaconcursos.com.br\/blog\/wp-content\/uploads\/2019\/07\/policia-civil-rj.png\" \/>\n<meta name=\"author\" content=\"Paulo Bilynskyj\" \/>\n<meta name=\"twitter:card\" content=\"summary_large_image\" \/>\n<meta name=\"twitter:creator\" content=\"@EstratConcursos\" \/>\n<meta name=\"twitter:site\" content=\"@EstratConcursos\" \/>\n<meta name=\"twitter:label1\" content=\"Escrito por\" \/>\n\t<meta name=\"twitter:data1\" content=\"Paulo Bilynskyj\" \/>\n\t<meta name=\"twitter:label2\" content=\"Est. tempo de leitura\" \/>\n\t<meta name=\"twitter:data2\" content=\"2 minutos\" \/>\n<script type=\"application\/ld+json\" class=\"yoast-schema-graph\">{\"@context\":\"https:\/\/schema.org\",\"@graph\":[{\"@type\":\"NewsArticle\",\"@id\":\"https:\/\/www.estrategiaconcursos.com.br\/blog\/concurso-policia-civil-rj-formada-a-comissao-organizadora\/#article\",\"isPartOf\":{\"@id\":\"https:\/\/www.estrategiaconcursos.com.br\/blog\/concurso-policia-civil-rj-formada-a-comissao-organizadora\/\"},\"author\":{\"name\":\"Paulo Bilynskyj\",\"@id\":\"https:\/\/www.estrategiaconcursos.com.br\/blog\/#\/schema\/person\/a630b15e36f45b4c21fed01219843cb5\"},\"headline\":\"Concurso Pol\u00edcia Civil RJ: Formada a Comiss\u00e3o Organizadora do certame\",\"datePublished\":\"2019-07-01T20:15:26+00:00\",\"dateModified\":\"2019-07-01T20:20:22+00:00\",\"mainEntityOfPage\":{\"@id\":\"https:\/\/www.estrategiaconcursos.com.br\/blog\/concurso-policia-civil-rj-formada-a-comissao-organizadora\/\"},\"wordCount\":507,\"commentCount\":0,\"publisher\":{\"@id\":\"https:\/\/www.estrategiaconcursos.com.br\/blog\/#organization\"},\"image\":{\"@id\":\"https:\/\/www.estrategiaconcursos.com.br\/blog\/concurso-policia-civil-rj-formada-a-comissao-organizadora\/#primaryimage\"},\"thumbnailUrl\":\"https:\/\/www.estrategiaconcursos.com.br\/blog\/wp-content\/uploads\/2019\/07\/policia-civil-rj.png\",\"articleSection\":[\"Concursos P\u00fablicos\"],\"inLanguage\":\"pt-BR\",\"potentialAction\":[{\"@type\":\"CommentAction\",\"name\":\"Comment\",\"target\":[\"https:\/\/www.estrategiaconcursos.com.br\/blog\/concurso-policia-civil-rj-formada-a-comissao-organizadora\/#respond\"]}],\"copyrightYear\":\"2019\",\"copyrightHolder\":{\"@id\":\"https:\/\/www.estrategiaconcursos.com.br\/blog\/#organization\"}},{\"@type\":\"WebPage\",\"@id\":\"https:\/\/www.estrategiaconcursos.com.br\/blog\/concurso-policia-civil-rj-formada-a-comissao-organizadora\/\",\"url\":\"https:\/\/www.estrategiaconcursos.com.br\/blog\/concurso-policia-civil-rj-formada-a-comissao-organizadora\/\",\"name\":\"Concurso Pol\u00edcia Civil RJ: Formada a Comiss\u00e3o Organizadora do certame\",\"isPartOf\":{\"@id\":\"https:\/\/www.estrategiaconcursos.com.br\/blog\/#website\"},\"primaryImageOfPage\":{\"@id\":\"https:\/\/www.estrategiaconcursos.com.br\/blog\/concurso-policia-civil-rj-formada-a-comissao-organizadora\/#primaryimage\"},\"image\":{\"@id\":\"https:\/\/www.estrategiaconcursos.com.br\/blog\/concurso-policia-civil-rj-formada-a-comissao-organizadora\/#primaryimage\"},\"thumbnailUrl\":\"https:\/\/www.estrategiaconcursos.com.br\/blog\/wp-content\/uploads\/2019\/07\/policia-civil-rj.png\",\"datePublished\":\"2019-07-01T20:15:26+00:00\",\"dateModified\":\"2019-07-01T20:20:22+00:00\",\"breadcrumb\":{\"@id\":\"https:\/\/www.estrategiaconcursos.com.br\/blog\/concurso-policia-civil-rj-formada-a-comissao-organizadora\/#breadcrumb\"},\"inLanguage\":\"pt-BR\",\"potentialAction\":[{\"@type\":\"ReadAction\",\"target\":[\"https:\/\/www.estrategiaconcursos.com.br\/blog\/concurso-policia-civil-rj-formada-a-comissao-organizadora\/\"]}]},{\"@type\":\"ImageObject\",\"inLanguage\":\"pt-BR\",\"@id\":\"https:\/\/www.estrategiaconcursos.com.br\/blog\/concurso-policia-civil-rj-formada-a-comissao-organizadora\/#primaryimage\",\"url\":\"https:\/\/dhg1h5j42swfq.cloudfront.net\/2019\/07\/01162518\/policia-civil-rj.png\",\"contentUrl\":\"https:\/\/dhg1h5j42swfq.cloudfront.net\/2019\/07\/01162518\/policia-civil-rj.png\",\"width\":393,\"height\":616},{\"@type\":\"BreadcrumbList\",\"@id\":\"https:\/\/www.estrategiaconcursos.com.br\/blog\/concurso-policia-civil-rj-formada-a-comissao-organizadora\/#breadcrumb\",\"itemListElement\":[{\"@type\":\"ListItem\",\"position\":1,\"name\":\"In\u00edcio\",\"item\":\"https:\/\/www.estrategiaconcursos.com.br\/blog\/\"},{\"@type\":\"ListItem\",\"position\":2,\"name\":\"Concurso Pol\u00edcia Civil RJ: Formada a Comiss\u00e3o Organizadora do certame\"}]},{\"@type\":\"WebSite\",\"@id\":\"https:\/\/www.estrategiaconcursos.com.br\/blog\/#website\",\"url\":\"https:\/\/www.estrategiaconcursos.com.br\/blog\/\",\"name\":\"Estrat\u00e9gia Concursos\",\"description\":\"O blog da Estrat\u00e9gia Concursos traz not\u00edcias sobre concursos e artigos de professores oferecendo cursos para concursos (pdf + videaulas) no site.\",\"publisher\":{\"@id\":\"https:\/\/www.estrategiaconcursos.com.br\/blog\/#organization\"},\"potentialAction\":[{\"@type\":\"SearchAction\",\"target\":{\"@type\":\"EntryPoint\",\"urlTemplate\":\"https:\/\/www.estrategiaconcursos.com.br\/blog\/?s={search_term_string}\"},\"query-input\":{\"@type\":\"PropertyValueSpecification\",\"valueRequired\":true,\"valueName\":\"search_term_string\"}}],\"inLanguage\":\"pt-BR\"},{\"@type\":\"Organization\",\"@id\":\"https:\/\/www.estrategiaconcursos.com.br\/blog\/#organization\",\"name\":\"Estrat\u00e9gia Concursos\",\"url\":\"https:\/\/www.estrategiaconcursos.com.br\/blog\/\",\"logo\":{\"@type\":\"ImageObject\",\"inLanguage\":\"pt-BR\",\"@id\":\"https:\/\/www.estrategiaconcursos.com.br\/blog\/#\/schema\/logo\/image\/\",\"url\":\"https:\/\/dhg1h5j42swfq.cloudfront.net\/2025\/06\/03203428\/logo_concursos-1.jpg\",\"contentUrl\":\"https:\/\/dhg1h5j42swfq.cloudfront.net\/2025\/06\/03203428\/logo_concursos-1.jpg\",\"width\":230,\"height\":60,\"caption\":\"Estrat\u00e9gia Concursos\"},\"image\":{\"@id\":\"https:\/\/www.estrategiaconcursos.com.br\/blog\/#\/schema\/logo\/image\/\"},\"sameAs\":[\"https:\/\/x.com\/EstratConcursos\"]},{\"@type\":\"Person\",\"@id\":\"https:\/\/www.estrategiaconcursos.com.br\/blog\/#\/schema\/person\/a630b15e36f45b4c21fed01219843cb5\",\"name\":\"Paulo Bilynskyj\",\"image\":{\"@type\":\"ImageObject\",\"inLanguage\":\"pt-BR\",\"@id\":\"https:\/\/secure.gravatar.com\/avatar\/37e21f70c9042e7456beffdc6d31fe051f3f6dcbf252f69343a791b144852057?s=96&d=mm&r=g\",\"url\":\"https:\/\/secure.gravatar.com\/avatar\/37e21f70c9042e7456beffdc6d31fe051f3f6dcbf252f69343a791b144852057?s=96&d=mm&r=g\",\"contentUrl\":\"https:\/\/secure.gravatar.com\/avatar\/37e21f70c9042e7456beffdc6d31fe051f3f6dcbf252f69343a791b144852057?s=96&d=mm&r=g\",\"caption\":\"Paulo Bilynskyj\"},\"url\":\"https:\/\/www.estrategiaconcursos.com.br\/blog\/author\/pbilynskyjgmail-com\/\"}]}<\/script>\n<!-- \/ Yoast SEO Premium plugin. -->","yoast_head_json":{"title":"Concurso Pol\u00edcia Civil RJ: Formada a Comiss\u00e3o Organizadora do certame","robots":{"index":"index","follow":"follow","max-snippet":"max-snippet:-1","max-image-preview":"max-image-preview:large","max-video-preview":"max-video-preview:-1"},"canonical":"https:\/\/www.estrategiaconcursos.com.br\/blog\/concurso-policia-civil-rj-formada-a-comissao-organizadora\/","og_locale":"pt_BR","og_type":"article","og_title":"Concurso Pol\u00edcia Civil RJ: Formada a Comiss\u00e3o Organizadora do certame","og_description":"Foi formada hoje, dia 01 de julho, a comiss\u00e3o organizadora do concurso para a Pol\u00edcia Civil do Rio de Janeiro que ofertar\u00e1 1.000 vagas para diversos cargos. Com isso, cresce ainda mais a expectativa para que o edital seja publicado ainda em julho. No m\u00eas passado, o governador do Estado do Rio de Janeiro, Wilson [&hellip;]","og_url":"https:\/\/www.estrategiaconcursos.com.br\/blog\/concurso-policia-civil-rj-formada-a-comissao-organizadora\/","og_site_name":"Estrat\u00e9gia Concursos","article_published_time":"2019-07-01T20:15:26+00:00","article_modified_time":"2019-07-01T20:20:22+00:00","og_image":[{"url":"https:\/\/www.estrategiaconcursos.com.br\/blog\/wp-content\/uploads\/2019\/07\/policia-civil-rj.png","type":"","width":"","height":""}],"author":"Paulo Bilynskyj","twitter_card":"summary_large_image","twitter_creator":"@EstratConcursos","twitter_site":"@EstratConcursos","twitter_misc":{"Escrito por":"Paulo Bilynskyj","Est. tempo de leitura":"2 minutos"},"schema":{"@context":"https:\/\/schema.org","@graph":[{"@type":"NewsArticle","@id":"https:\/\/www.estrategiaconcursos.com.br\/blog\/concurso-policia-civil-rj-formada-a-comissao-organizadora\/#article","isPartOf":{"@id":"https:\/\/www.estrategiaconcursos.com.br\/blog\/concurso-policia-civil-rj-formada-a-comissao-organizadora\/"},"author":{"name":"Paulo Bilynskyj","@id":"https:\/\/www.estrategiaconcursos.com.br\/blog\/#\/schema\/person\/a630b15e36f45b4c21fed01219843cb5"},"headline":"Concurso Pol\u00edcia Civil RJ: Formada a Comiss\u00e3o Organizadora do certame","datePublished":"2019-07-01T20:15:26+00:00","dateModified":"2019-07-01T20:20:22+00:00","mainEntityOfPage":{"@id":"https:\/\/www.estrategiaconcursos.com.br\/blog\/concurso-policia-civil-rj-formada-a-comissao-organizadora\/"},"wordCount":507,"commentCount":0,"publisher":{"@id":"https:\/\/www.estrategiaconcursos.com.br\/blog\/#organization"},"image":{"@id":"https:\/\/www.estrategiaconcursos.com.br\/blog\/concurso-policia-civil-rj-formada-a-comissao-organizadora\/#primaryimage"},"thumbnailUrl":"https:\/\/www.estrategiaconcursos.com.br\/blog\/wp-content\/uploads\/2019\/07\/policia-civil-rj.png","articleSection":["Concursos P\u00fablicos"],"inLanguage":"pt-BR","potentialAction":[{"@type":"CommentAction","name":"Comment","target":["https:\/\/www.estrategiaconcursos.com.br\/blog\/concurso-policia-civil-rj-formada-a-comissao-organizadora\/#respond"]}],"copyrightYear":"2019","copyrightHolder":{"@id":"https:\/\/www.estrategiaconcursos.com.br\/blog\/#organization"}},{"@type":"WebPage","@id":"https:\/\/www.estrategiaconcursos.com.br\/blog\/concurso-policia-civil-rj-formada-a-comissao-organizadora\/","url":"https:\/\/www.estrategiaconcursos.com.br\/blog\/concurso-policia-civil-rj-formada-a-comissao-organizadora\/","name":"Concurso Pol\u00edcia Civil RJ: Formada a Comiss\u00e3o Organizadora do certame","isPartOf":{"@id":"https:\/\/www.estrategiaconcursos.com.br\/blog\/#website"},"primaryImageOfPage":{"@id":"https:\/\/www.estrategiaconcursos.com.br\/blog\/concurso-policia-civil-rj-formada-a-comissao-organizadora\/#primaryimage"},"image":{"@id":"https:\/\/www.estrategiaconcursos.com.br\/blog\/concurso-policia-civil-rj-formada-a-comissao-organizadora\/#primaryimage"},"thumbnailUrl":"https:\/\/www.estrategiaconcursos.com.br\/blog\/wp-content\/uploads\/2019\/07\/policia-civil-rj.png","datePublished":"2019-07-01T20:15:26+00:00","dateModified":"2019-07-01T20:20:22+00:00","breadcrumb":{"@id":"https:\/\/www.estrategiaconcursos.com.br\/blog\/concurso-policia-civil-rj-formada-a-comissao-organizadora\/#breadcrumb"},"inLanguage":"pt-BR","potentialAction":[{"@type":"ReadAction","target":["https:\/\/www.estrategiaconcursos.com.br\/blog\/concurso-policia-civil-rj-formada-a-comissao-organizadora\/"]}]},{"@type":"ImageObject","inLanguage":"pt-BR","@id":"https:\/\/www.estrategiaconcursos.com.br\/blog\/concurso-policia-civil-rj-formada-a-comissao-organizadora\/#primaryimage","url":"https:\/\/dhg1h5j42swfq.cloudfront.net\/2019\/07\/01162518\/policia-civil-rj.png","contentUrl":"https:\/\/dhg1h5j42swfq.cloudfront.net\/2019\/07\/01162518\/policia-civil-rj.png","width":393,"height":616},{"@type":"BreadcrumbList","@id":"https:\/\/www.estrategiaconcursos.com.br\/blog\/concurso-policia-civil-rj-formada-a-comissao-organizadora\/#breadcrumb","itemListElement":[{"@type":"ListItem","position":1,"name":"In\u00edcio","item":"https:\/\/www.estrategiaconcursos.com.br\/blog\/"},{"@type":"ListItem","position":2,"name":"Concurso Pol\u00edcia Civil RJ: Formada a Comiss\u00e3o Organizadora do certame"}]},{"@type":"WebSite","@id":"https:\/\/www.estrategiaconcursos.com.br\/blog\/#website","url":"https:\/\/www.estrategiaconcursos.com.br\/blog\/","name":"Estrat\u00e9gia Concursos","description":"O blog da Estrat\u00e9gia Concursos traz not\u00edcias sobre concursos e artigos de professores oferecendo cursos para concursos (pdf + videaulas) no site.","publisher":{"@id":"https:\/\/www.estrategiaconcursos.com.br\/blog\/#organization"},"potentialAction":[{"@type":"SearchAction","target":{"@type":"EntryPoint","urlTemplate":"https:\/\/www.estrategiaconcursos.com.br\/blog\/?s={search_term_string}"},"query-input":{"@type":"PropertyValueSpecification","valueRequired":true,"valueName":"search_term_string"}}],"inLanguage":"pt-BR"},{"@type":"Organization","@id":"https:\/\/www.estrategiaconcursos.com.br\/blog\/#organization","name":"Estrat\u00e9gia Concursos","url":"https:\/\/www.estrategiaconcursos.com.br\/blog\/","logo":{"@type":"ImageObject","inLanguage":"pt-BR","@id":"https:\/\/www.estrategiaconcursos.com.br\/blog\/#\/schema\/logo\/image\/","url":"https:\/\/dhg1h5j42swfq.cloudfront.net\/2025\/06\/03203428\/logo_concursos-1.jpg","contentUrl":"https:\/\/dhg1h5j42swfq.cloudfront.net\/2025\/06\/03203428\/logo_concursos-1.jpg","width":230,"height":60,"caption":"Estrat\u00e9gia Concursos"},"image":{"@id":"https:\/\/www.estrategiaconcursos.com.br\/blog\/#\/schema\/logo\/image\/"},"sameAs":["https:\/\/x.com\/EstratConcursos"]},{"@type":"Person","@id":"https:\/\/www.estrategiaconcursos.com.br\/blog\/#\/schema\/person\/a630b15e36f45b4c21fed01219843cb5","name":"Paulo Bilynskyj","image":{"@type":"ImageObject","inLanguage":"pt-BR","@id":"https:\/\/secure.gravatar.com\/avatar\/37e21f70c9042e7456beffdc6d31fe051f3f6dcbf252f69343a791b144852057?s=96&d=mm&r=g","url":"https:\/\/secure.gravatar.com\/avatar\/37e21f70c9042e7456beffdc6d31fe051f3f6dcbf252f69343a791b144852057?s=96&d=mm&r=g","contentUrl":"https:\/\/secure.gravatar.com\/avatar\/37e21f70c9042e7456beffdc6d31fe051f3f6dcbf252f69343a791b144852057?s=96&d=mm&r=g","caption":"Paulo Bilynskyj"},"url":"https:\/\/www.estrategiaconcursos.com.br\/blog\/author\/pbilynskyjgmail-com\/"}]}},"_links":{"self":[{"href":"https:\/\/www.estrategiaconcursos.com.br\/blog\/wp-json\/wp\/v2\/posts\/394045","targetHints":{"allow":["GET"]}}],"collection":[{"href":"https:\/\/www.estrategiaconcursos.com.br\/blog\/wp-json\/wp\/v2\/posts"}],"about":[{"href":"https:\/\/www.estrategiaconcursos.com.br\/blog\/wp-json\/wp\/v2\/types\/post"}],"author":[{"embeddable":true,"href":"https:\/\/www.estrategiaconcursos.com.br\/blog\/wp-json\/wp\/v2\/users\/552"}],"replies":[{"embeddable":true,"href":"https:\/\/www.estrategiaconcursos.com.br\/blog\/wp-json\/wp\/v2\/comments?post=394045"}],"version-history":[{"count":4,"href":"https:\/\/www.estrategiaconcursos.com.br\/blog\/wp-json\/wp\/v2\/posts\/394045\/revisions"}],"predecessor-version":[{"id":394071,"href":"https:\/\/www.estrategiaconcursos.com.br\/blog\/wp-json\/wp\/v2\/posts\/394045\/revisions\/394071"}],"wp:attachment":[{"href":"https:\/\/www.estrategiaconcursos.com.br\/blog\/wp-json\/wp\/v2\/media?parent=394045"}],"wp:term":[{"taxonomy":"category","embeddable":true,"href":"https:\/\/www.estrategiaconcursos.com.br\/blog\/wp-json\/wp\/v2\/categories?post=394045"},{"taxonomy":"post_tag","embeddable":true,"href":"https:\/\/www.estrategiaconcursos.com.br\/blog\/wp-json\/wp\/v2\/tags?post=394045"},{"taxonomy":"tax_estado","embeddable":true,"href":"https:\/\/www.estrategiaconcursos.com.br\/blog\/wp-json\/wp\/v2\/tax_estado?post=394045"}],"curies":[{"name":"wp","href":"https:\/\/api.w.org\/{rel}","templated":true}]}}