{"id":393875,"date":"2019-07-01T12:10:22","date_gmt":"2019-07-01T15:10:22","guid":{"rendered":"https:\/\/www.estrategiaconcursos.com.br\/blog\/?p=393875"},"modified":"2019-07-02T14:07:43","modified_gmt":"2019-07-02T17:07:43","slug":"recursos-oab-1a-fase","status":"publish","type":"post","link":"https:\/\/www.estrategiaconcursos.com.br\/blog\/recursos-oab-1a-fase\/","title":{"rendered":"Prazo para recursos na 1\u00aa fase do XXIX Exame de Ordem come\u00e7a em 15 de julho"},"content":{"rendered":"\n<h2 class=\"wp-block-heading\">Examinandos ter\u00e3o at\u00e9 as 12h de 18 de julho para preencher formul\u00e1rio<\/h2>\n\n\n\n<p>A 1\u00aa fase do XXIX Exame de Ordem da  foi aplicada em todo o pa\u00eds neste domingo, 30 de junho. O <strong>gabarito<\/strong> <strong>oficial<\/strong> da prova objetiva j\u00e1 foi disponibilizado pelo Conselho Federal da OAB e pela Funda\u00e7\u00e3o Get\u00falio Vargas (FGV) em seus portais oficiais.<\/p>\n\n\n\n<p>O resultado preliminar da 1\u00aa fase do XXIX Exame de Ordem ser\u00e1 divulgado no dia <strong>15 de julho<\/strong> <strong>2019<\/strong>, mesma data do in\u00edcio do prazo recursal, \u00e0s 12h. Os examinandos ter\u00e3o at\u00e9 as 12h de <strong>18 de julho<\/strong> para preencher as raz\u00f5es recursais no portal da FGV. O resultado definitivo da 1\u00aa fase ser\u00e1 divulgado em <strong>24 de julho<\/strong>.<\/p>\n\n\n\n<h2 class=\"wp-block-heading\">Anula\u00e7\u00f5es e retifica\u00e7\u00f5es<\/h2>\n\n\n\n<p>Depois das provas, muitas d\u00favidas surgem sobre as poss\u00edveis <strong>anula\u00e7\u00f5es <\/strong>e <strong>retifica\u00e7\u00f5es <\/strong>do gabarito. Em primeiro lugar, qual a diferen\u00e7a entre as duas situa\u00e7\u00f5es? <\/p>\n\n\n\n<p>As <strong>retifica\u00e7\u00f5es<\/strong> ocorrem antes da divulga\u00e7\u00e3o do <strong>gabarito definitivo<\/strong> e do prazo recursal. Em geral, n\u00e3o implicam diferen\u00e7a na nota dos candidatos. Este procedimento de retifica\u00e7\u00e3o est\u00e1 previsto no edital e nos provimentos que regulam a aplica\u00e7\u00e3o do Exame de Ordem.<\/p>\n\n\n\n<p>J\u00e1 as <strong>anula\u00e7\u00f5es<\/strong> s\u00e3o divulgadas juntamente com o <strong>gabarito definitivo<\/strong> e em geram implicam no ganho de um ponto ao candidato ou mais ao candidato, o que pode <strong>fazer a diferen\u00e7a <\/strong>entre a aprova\u00e7\u00e3o e a reprova\u00e7\u00e3o na 1\u00aa fase.<\/p>\n\n\n\n<p>Nossos professores corrigiram a prova da 1\u00aa fase no fim da tarde do domingo e j\u00e1 identificaram <strong>v\u00e1rios casos<\/strong> de poss\u00edveis anula\u00e7\u00f5es do gabarito e elaboraram uma corre\u00e7\u00e3o comentada para ajudar voc\u00ea na elabora\u00e7\u00e3o de suas raz\u00f5es recursais. <\/p>\n\n\n\n<h2 class=\"wp-block-heading\">Corre\u00e7\u00e3o comentada e recursos<\/h2>\n\n\n\n<ul class=\"wp-block-list\"><li><a href=\"https:\/\/www.estrategiaconcursos.com.br\/blog\/gabarito-oab-administrativo-xxix-exame-cabe-recurso\/\">Administrativo<\/a><\/li><li><a rel=\"noreferrer noopener\" href=\"https:\/\/www.estrategiaconcursos.com.br\/blog\/comentarios-as-questoes-de-direito-da-crianca-e-do-adolescente-do-xxix-exame-de-ordem\/\" target=\"_blank\">ECA<\/a><\/li><li><a rel=\"noreferrer noopener\" href=\"https:\/\/www.estrategiaconcursos.com.br\/blog\/comentarios-as-questoes-de-direitos-humanos-do-xxix-exame-de-ordem\/\" target=\"_blank\">Direitos Humanos<\/a><\/li><li><a rel=\"noreferrer noopener\" href=\"https:\/\/www.estrategiaconcursos.com.br\/blog\/comentarios-as-questoes-de-direito-processual-civil-do-xxix-exame-de-ordem\/\" target=\"_blank\">Processo Civil<\/a><\/li><li><a rel=\"noreferrer noopener\" aria-label=\"Direito Tribut\u00e1rio\u2028 (abre numa nova aba)\" href=\"https:\/\/www.estrategiaconcursos.com.br\/blog\/gabarito-da-1a-fase-do-xxix-exame-da-oab-direito-tributario\/https:\/\/www.estrategiaconcursos.com.br\/blog\/gabarito-da-1a-fase-do-xxix-exame-da-oab-direito-tributario\/\" target=\"_blank\">Direito Tribut\u00e1rio<\/a><\/li><li><a rel=\"noreferrer noopener\" href=\"https:\/\/www.estrategiaconcursos.com.br\/blog\/comentarios-as-questoes-de-direito-processual-penal-do-xxix-exame-de-ordem\/\" target=\"_blank\">Processo Penal<\/a><\/li><li><a rel=\"noreferrer noopener\" href=\"https:\/\/www.estrategiaconcursos.com.br\/blog\/comentarios-das-questoes-de-direito-penal-1a-fase-do-xxix-exame-de-ordem\/\" target=\"_blank\">Direito Penal<\/a><\/li><li><a href=\"https:\/\/www.estrategiaconcursos.com.br\/blog\/gabarito-oab-cabe-recurso-em-direito-empresarial\/\">Direito Empresarial<\/a><\/li><li><a rel=\"noreferrer noopener\" href=\"https:\/\/www.estrategiaconcursos.com.br\/blog\/xxix-exame-da-oab-recursos-na-prova-de-direito-civil\/\" target=\"_blank\">Direito Civil<\/a><\/li><li><a rel=\"noreferrer noopener\" aria-label=\"Direito do Consumidor\u2028 (abre numa nova aba)\" href=\"https:\/\/www.estrategiaconcursos.com.br\/blog\/gabarito-oab-consumidor-xxix-exame-cabe-recurso\/\" target=\"_blank\">Direito do Consumidor<\/a><\/li><li><a href=\"https:\/\/www.estrategiaconcursos.com.br\/blog\/gabaritoconstitucional-xxix-oab-possibilidade-de-recurso\/\" target=\"_blank\" rel=\"noreferrer noopener\" aria-label=\"Direito Constitucional\u2028 (abre numa nova aba)\">Direito Constitucional<\/a><\/li><li><a rel=\"noreferrer noopener\" aria-label=\"Filosofia do Direito (abre numa nova aba)\" href=\"https:\/\/www.estrategiaconcursos.com.br\/blog\/gabarito-oab-xxix-filosofia-do-direito-cabe-recurso\/\" target=\"_blank\">Filosofia do Direito<\/a><\/li><\/ul>\n\n\n\n<h2 class=\"wp-block-heading\">Recurso \u2013 Direito Empresarial<\/h2>\n\n\n\n<figure><div class=\"lyte-wrapper\" style=\"width:853px;max-width:100%;margin:5px;\"><div class=\"lyMe\" id=\"WYL_-6mbe0OiQ08\"><div id=\"lyte_-6mbe0OiQ08\" data-src=\"\/\/i.ytimg.com\/vi\/-6mbe0OiQ08\/hqdefault.jpg\" class=\"pL\"><div class=\"tC\"><div class=\"tT\"><\/div><\/div><div class=\"play\"><\/div><div class=\"ctrl\"><div class=\"Lctrl\"><\/div><div class=\"Rctrl\"><\/div><\/div><\/div><noscript><a href=\"https:\/\/youtu.be\/-6mbe0OiQ08\" rel=\"nofollow\"><img loading=\"lazy\" decoding=\"async\" src=\"https:\/\/i.ytimg.com\/vi\/-6mbe0OiQ08\/0.jpg\" alt=\"YouTube video thumbnail\" width=\"853\" height=\"460\" \/><br \/>Assista a este v\u00eddeo no YouTube<\/a><\/noscript><\/div><\/div><div class=\"lL\" style=\"max-width:100%;width:853px;margin:5px;\"><\/div><\/figure>\n\n\n\n<h2 class=\"wp-block-heading\">Recursos &#8211; Direito do Consumidor<\/h2>\n\n\n<figure class=\"wp-block-embed-youtube wp-block-embed is-type-video is-provider-youtube wp-embed-aspect-16-9 wp-has-aspect-ratio\"><div class=\"lyte-wrapper\" style=\"width:853px;max-width:100%;margin:5px;\"><div class=\"lyMe\" id=\"WYL_WOa0NBzo7fI\"><div id=\"lyte_WOa0NBzo7fI\" data-src=\"\/\/i.ytimg.com\/vi\/WOa0NBzo7fI\/hqdefault.jpg\" class=\"pL\"><div class=\"tC\"><div class=\"tT\"><\/div><\/div><div class=\"play\"><\/div><div class=\"ctrl\"><div class=\"Lctrl\"><\/div><div class=\"Rctrl\"><\/div><\/div><\/div><noscript><a href=\"https:\/\/youtu.be\/WOa0NBzo7fI\" rel=\"nofollow\"><img loading=\"lazy\" decoding=\"async\" src=\"https:\/\/i.ytimg.com\/vi\/WOa0NBzo7fI\/0.jpg\" alt=\"YouTube video thumbnail\" width=\"853\" height=\"460\" \/><br \/>Assista a este v\u00eddeo no YouTube<\/a><\/noscript><\/div><\/div><div class=\"lL\" style=\"max-width:100%;width:853px;margin:5px;\"><\/div><figcaption><\/figcaption><\/figure>\n\n\n<h2 class=\"wp-block-heading\">Gabarito OAB oficial<\/h2>\n\n\n\n<p style=\"font-size:25px;text-align:center\" class=\"has-background has-very-light-gray-background-color\"><a href=\"https:\/\/www.estrategiaconcursos.com.br\/blog\/gabarito-oab-xxix-1a-fase\/\" target=\"_blank\" rel=\"noreferrer noopener\" aria-label=\"Clique aqui para acessar o gabarito oficial do XXIX Exame de Ordem (abre numa nova aba)\">Clique aqui para acessar o gabarito oficial do XXIX Exame de Ordem<\/a><\/p>\n\n\n\n<h2 class=\"wp-block-heading\">Onde recorrer?<\/h2>\n\n\n\n<p>Todo o procedimento do recurso dever\u00e1 ser feito&nbsp;<strong>exclusivamente<\/strong>&nbsp;no&nbsp;portal da FGV dedicado ao Exame de Ordem.&nbsp;Quando o prazo \u00e9 aberto, a banca disponibiliza um formul\u00e1rio eletr\u00f4nico que dever\u00e1 ser preenchido pelo examinando.<\/p>\n\n\n\n<p>O edital&nbsp;deixa&nbsp;<strong>bem claro<\/strong>&nbsp;de que somente ser\u00e3o apreciados os recursos feitos atrav\u00e9s do Sistema Eletr\u00f4nico de Interposi\u00e7\u00e3o de Recursos. N\u00e3o ser\u00e1 aceito recurso enviado por&nbsp;<strong>fax<\/strong>,&nbsp;<strong>correio eletr\u00f4nico (e-mail)&nbsp;<\/strong>&nbsp;ou pelos&nbsp;<strong>Correios<\/strong>&nbsp;ou&nbsp;fora do prazo.<\/p>\n\n\n\n<h2 class=\"wp-block-heading\">As principais regras<\/h2>\n\n\n\n<p>No sistema eletr\u00f4nico, o candidato poder\u00e1 interpor&nbsp;<strong>um recurso por quest\u00e3o objetiva. <\/strong>Deste modo, \u00e9 poss\u00edvel elaborar&nbsp;<strong>80 raz\u00f5es recursais<\/strong>&nbsp;na prova objetiva<\/p>\n\n\n\n<p>Quando o resultado preliminar \u00e9 divulgado, a FGV disponibiliza tamb\u00e9m as imagens digitalizadas das folhas de resposta da prova. De modo que se o candidato notar algum&nbsp;<strong>erro de leitura<\/strong>&nbsp;no gabarito, ele tamb\u00e9m pode ser apontado nas raz\u00f5es de recurso.<\/p>\n\n\n\n<p>Outro detalhe sobre a confec\u00e7\u00e3o das raz\u00f5es recursais \u00e9&nbsp;<strong>fudamental<\/strong>: s\u00e3o disponibilizados apenas&nbsp;<strong>5.000 caracteres<\/strong>&nbsp;para que o examinando detalhe o recurso. Isso significa que deve ser buscado o&nbsp;<strong>m\u00e1ximo de objetividade<\/strong>&nbsp;na escrita, sem discutir quest\u00f5es pessoais e focando ou na&nbsp;<strong>leitura equivocada<\/strong>&nbsp;de determinado trecho do texto ou na&nbsp;<strong>incompatibilidade<\/strong> do gabarito ou do espelho de corre\u00e7\u00e3o com o melhor Direito.<\/p>\n\n\n\n<p>\u00c9 preciso salientar que o&nbsp;<strong>uso de modelos<\/strong>&nbsp;n\u00e3o deve ser incentivado: as raz\u00f5es recursais, tanto da prova objetiva quanto da prova objetiva, n\u00e3o devem ser meras c\u00f3pias de textos alheios.<\/p>\n\n\n\n<p>No que diz respeito \u00e0 atribui\u00e7\u00e3o da pontua\u00e7\u00e3o, o edital prev\u00ea tr\u00eas regras importantes:<\/p>\n\n\n\n<p>Quest\u00e3o anulada na prova objetiva: a pontua\u00e7\u00e3o ser\u00e1 atribu\u00edda a todos os candidatos indistintamente (menos para o candidato para o qual o acerto&nbsp;<strong>j\u00e1 havia sido computado<\/strong>, isto \u00e9,&nbsp; aquele que&nbsp;<strong>acertou<\/strong>&nbsp;a quest\u00e3o depois anulada).<\/p>\n\n\n\n<p><strong>Lembre-se:&nbsp;<\/strong>recursos cujo teor&nbsp;<strong>desrespeite<\/strong>&nbsp;a banca, a FGV, a OAB ou qualquer das Seccionais ser\u00e3o liminarmente indeferidos. Por isso, lembre-se que o todo inconformismo deve ser&nbsp;<strong>objetivo<\/strong>&nbsp;e n\u00e3o desrespeitoso.<\/p>\n\n\n\n<h2 class=\"wp-block-heading\">Quem julga?<\/h2>\n\n\n\n<p>A Coordena\u00e7\u00e3o Nacional do Exame de Ordem nomeia sempre uma&nbsp;<strong>banca recursal<\/strong>&nbsp;que fica respons\u00e1vel pelo julgamento dos pedidos de recurso. Todo o sistema \u00e9 estruturado para propiciar uma an\u00e1lise&nbsp;<strong>imparcial<\/strong>, j\u00e1 que os examinandos t\u00eam a sua identidade protegida.<\/p>\n\n\n\n<h2 class=\"wp-block-heading\">Quando o resultado \u00e9 publicado?<\/h2>\n\n\n\n<p>O resultado do julgamento dos recursos \u00e9 disponibilizado juntamente com o&nbsp;<strong>resultado definitivo<\/strong>&nbsp;da 1\u00aa fase Exame de Ordem (24 de julho de 2019). O candidato ter\u00e1 acesso ao parecer emitido pela banca atrav\u00e9s do sistema eletr\u00f4nico do portal do Exame no site da FGV.<\/p>\n\n\n\n<h2 class=\"wp-block-heading\">Nossas redes sociais<\/h2>\n\n\n\n<p><a href=\"https:\/\/www.instagram.com\/estrategiaoab\/\" target=\"_blank\" rel=\"noreferrer noopener\" aria-label=\"Instagram Estrat\u00e9gia OAB (opens in a new tab)\">Instagram Estrat\u00e9gia OAB<\/a><\/p>\n\n\n\n<p><a rel=\"noreferrer noopener\" aria-label=\"YouTube do Estrat\u00e9gia OAB (opens in a new tab)\" href=\"https:\/\/www.youtube.com\/channel\/UC7rgrKTSF5aOrBGWOw60ovw\" target=\"_blank\">YouTube do Estrat\u00e9gia OAB<\/a><\/p>\n\n\n\n<h2 class=\"wp-block-heading\">Pacotes completos para a 1\u00aa fase<\/h2>\n\n\n\n<p style=\"font-size:25px;text-align:center\" class=\"has-background has-very-light-gray-background-color\"><strong><a href=\"https:\/\/www.estrategiaconcursos.com.br\/cursosPorConcurso\/exame-de-ordem-oab-1-fase\/\">Cursos OAB 1\u00aa fase<\/a><\/strong><\/p>\n\n\n\n<h2 class=\"wp-block-heading\">Pacotes completos para a 2\u00aa fase<\/h2>\n\n\n\n<p><a href=\"https:\/\/www.estrategiaconcursos.com.br\/curso\/1-curso-de-direito-administrativo-p-oab-2-fase-xxviii-exame-de-ordem-com-monitoria\/\" target=\"_blank\" rel=\"noreferrer noopener\">Direito Administrativo (com Monitoria)<\/a><\/p>\n\n\n\n<p><a href=\"https:\/\/www.estrategiaconcursos.com.br\/curso\/curso-de-direito-administrativo-p-oab-2-fase-xxviii-exame-de-ordem\/\">Direito Administrativo<\/a><\/p>\n\n\n\n<p><a href=\"https:\/\/www.estrategiaconcursos.com.br\/curso\/3-curso-de-direito-constitucional-p-oab-2-fase-xxviii-exame-de-ordem-com-monitoria\/\" target=\"_blank\" rel=\"noreferrer noopener\">Direito Constitucional (com Monitoria)<\/a><\/p>\n\n\n\n<p><a href=\"https:\/\/www.estrategiaconcursos.com.br\/curso\/curso-de-direito-constitucional-p-oab-2-fase-xxviii-exame-de-ordem\/\">Direito Constitucional<\/a><\/p>\n\n\n\n<p><a href=\"https:\/\/www.estrategiaconcursos.com.br\/curso\/2-curso-de-direito-civil-p-oab-2-fase-xxviii-exame-de-ordem-com-monitoria\/\" target=\"_blank\" rel=\"noreferrer noopener\">Direito Civil (com Monitoria)<\/a><\/p>\n\n\n\n<p><a href=\"https:\/\/www.estrategiaconcursos.com.br\/curso\/curso-de-direito-civil-p-oab-2-fase-xxviii-exame-de-ordem\/\" target=\"_blank\" rel=\"noreferrer noopener\">Direito Civil<\/a><\/p>\n\n\n\n<p><a href=\"https:\/\/www.estrategiaconcursos.com.br\/curso\/5-curso-de-direito-do-trabalho-p-oab-2-fase-xxviii-exame-de-ordem-com-monitoria\/\" target=\"_blank\" rel=\"noreferrer noopener\">Direito do Trabalho (com Monitoria)<\/a><\/p>\n\n\n\n<p><a href=\"https:\/\/www.estrategiaconcursos.com.br\/curso\/curso-de-direito-do-trabalho-p-oab-2-fase-xxviii-exame-de-ordem\/\" target=\"_blank\" rel=\"noreferrer noopener\">Direito do Trabalho<\/a><\/p>\n\n\n\n<p><a href=\"https:\/\/www.estrategiaconcursos.com.br\/curso\/7-curso-de-direito-empresarial-p-oab-2-fase-xxviii-exame-de-ordem-com-monitoria\/\" target=\"_blank\" rel=\"noreferrer noopener\">Direito Empresarial (com Monitoria)<\/a><\/p>\n\n\n\n<p><a href=\"https:\/\/www.estrategiaconcursos.com.br\/curso\/curso-de-direito-empresarial-p-oab-2-fase-xxviii-exame-de-ordem\/\" target=\"_blank\" rel=\"noreferrer noopener\">Direito Empresarial<\/a><\/p>\n\n\n\n<p><a href=\"https:\/\/www.estrategiaconcursos.com.br\/curso\/4-curso-de-direito-penal-p-oab-2-fase-xxviii-exame-de-ordem-com-monitoria\/\">Direito Penal (com Monitoria)<\/a><\/p>\n\n\n\n<p><a href=\"https:\/\/www.estrategiaconcursos.com.br\/curso\/curso-de-direito-penal-p-oab-2-fase-xxviii-exame-de-ordem\/\" target=\"_blank\" rel=\"noreferrer noopener\">Direito Penal<\/a><\/p>\n\n\n\n<p><a href=\"https:\/\/www.estrategiaconcursos.com.br\/curso\/6-curso-de-direito-tributario-p-oab-2-fase-xxviii-exame-de-ordem-com-monitoria\/\" target=\"_blank\" rel=\"noreferrer noopener\">Direito Tribut\u00e1rio (com Monitoria)<\/a><\/p>\n\n\n\n<p><a rel=\"noreferrer noopener\" href=\"https:\/\/www.estrategiaconcursos.com.br\/curso\/curso-de-direito-tributario-p-oab-2-fase-xxviii-exame-de-ordem\/\" target=\"_blank\">Direito Tribut\u00e1rio<\/a><\/p>\n","protected":false},"excerpt":{"rendered":"<p>Examinandos ter\u00e3o at\u00e9 as 12h de 18 de julho para preencher formul\u00e1rio A 1\u00aa fase do XXIX Exame de Ordem da foi aplicada em todo o pa\u00eds neste domingo, 30 de junho. O gabarito oficial da prova objetiva j\u00e1 foi disponibilizado pelo Conselho Federal da OAB e pela Funda\u00e7\u00e3o Get\u00falio Vargas (FGV) em seus portais [&hellip;]<\/p>\n","protected":false},"author":180,"featured_media":182668,"comment_status":"open","ping_status":"closed","sticky":false,"template":"","format":"standard","meta":{"post_tipo":"article","footnotes":""},"categories":[1],"tags":[],"tax_estado":[],"class_list":["post-393875","post","type-post","status-publish","format-standard","has-post-thumbnail","hentry","category-cursos-e-concursos"],"acf":[],"yoast_head":"<!-- This site is optimized with the Yoast SEO Premium plugin v27.2 (Yoast SEO v27.2) - https:\/\/yoast.com\/product\/yoast-seo-premium-wordpress\/ -->\n<title>Prazo para recursos na 1\u00aa fase do XXIX Exame de Ordem come\u00e7a em 15 de julho<\/title>\n<meta name=\"robots\" content=\"index, follow, max-snippet:-1, max-image-preview:large, max-video-preview:-1\" \/>\n<link rel=\"canonical\" href=\"https:\/\/www.estrategiaconcursos.com.br\/blog\/recursos-oab-1a-fase\/\" \/>\n<meta property=\"og:locale\" content=\"pt_BR\" \/>\n<meta property=\"og:type\" content=\"article\" \/>\n<meta property=\"og:title\" content=\"Prazo para recursos na 1\u00aa fase do XXIX Exame de Ordem come\u00e7a em 15 de julho\" \/>\n<meta property=\"og:description\" content=\"Examinandos ter\u00e3o at\u00e9 as 12h de 18 de julho para preencher formul\u00e1rio A 1\u00aa fase do XXIX Exame de Ordem da foi aplicada em todo o pa\u00eds neste domingo, 30 de junho. O gabarito oficial da prova objetiva j\u00e1 foi disponibilizado pelo Conselho Federal da OAB e pela Funda\u00e7\u00e3o Get\u00falio Vargas (FGV) em seus portais [&hellip;]\" \/>\n<meta property=\"og:url\" content=\"https:\/\/www.estrategiaconcursos.com.br\/blog\/recursos-oab-1a-fase\/\" \/>\n<meta property=\"og:site_name\" content=\"Estrat\u00e9gia Concursos\" \/>\n<meta property=\"article:author\" content=\"https:\/\/www.facebook.com\/ricardo.s.torques\" \/>\n<meta property=\"article:published_time\" content=\"2019-07-01T15:10:22+00:00\" \/>\n<meta property=\"article:modified_time\" content=\"2019-07-02T17:07:43+00:00\" \/>\n<meta property=\"og:image\" content=\"https:\/\/dhg1h5j42swfq.cloudfront.net\/2019\/04\/10115514\/exame-de-ordem.jpg\" \/>\n\t<meta property=\"og:image:width\" content=\"398\" \/>\n\t<meta property=\"og:image:height\" content=\"209\" \/>\n\t<meta property=\"og:image:type\" content=\"image\/jpeg\" \/>\n<meta name=\"author\" content=\"Ricardo Torques\" \/>\n<meta name=\"twitter:card\" content=\"summary_large_image\" \/>\n<meta name=\"twitter:creator\" content=\"@EstratConcursos\" \/>\n<meta name=\"twitter:site\" content=\"@EstratConcursos\" \/>\n<meta name=\"twitter:label1\" content=\"Escrito por\" \/>\n\t<meta name=\"twitter:data1\" content=\"Ricardo Torques\" \/>\n\t<meta name=\"twitter:label2\" content=\"Est. tempo de leitura\" \/>\n\t<meta name=\"twitter:data2\" content=\"4 minutos\" \/>\n<script type=\"application\/ld+json\" class=\"yoast-schema-graph\">{\"@context\":\"https:\/\/schema.org\",\"@graph\":[{\"@type\":\"NewsArticle\",\"@id\":\"https:\/\/www.estrategiaconcursos.com.br\/blog\/recursos-oab-1a-fase\/#article\",\"isPartOf\":{\"@id\":\"https:\/\/www.estrategiaconcursos.com.br\/blog\/recursos-oab-1a-fase\/\"},\"author\":{\"name\":\"Ricardo Torques\",\"@id\":\"https:\/\/www.estrategiaconcursos.com.br\/blog\/#\/schema\/person\/aa39cf5ddb518e5bdce27c35788405e2\"},\"headline\":\"Prazo para recursos na 1\u00aa fase do XXIX Exame de Ordem come\u00e7a em 15 de julho\",\"datePublished\":\"2019-07-01T15:10:22+00:00\",\"dateModified\":\"2019-07-02T17:07:43+00:00\",\"mainEntityOfPage\":{\"@id\":\"https:\/\/www.estrategiaconcursos.com.br\/blog\/recursos-oab-1a-fase\/\"},\"wordCount\":908,\"commentCount\":5,\"publisher\":{\"@id\":\"https:\/\/www.estrategiaconcursos.com.br\/blog\/#organization\"},\"image\":{\"@id\":\"https:\/\/www.estrategiaconcursos.com.br\/blog\/recursos-oab-1a-fase\/#primaryimage\"},\"thumbnailUrl\":\"https:\/\/dhg1h5j42swfq.cloudfront.net\/2019\/04\/10115514\/exame-de-ordem.jpg\",\"articleSection\":[\"Concursos P\u00fablicos\"],\"inLanguage\":\"pt-BR\",\"potentialAction\":[{\"@type\":\"CommentAction\",\"name\":\"Comment\",\"target\":[\"https:\/\/www.estrategiaconcursos.com.br\/blog\/recursos-oab-1a-fase\/#respond\"]}],\"copyrightYear\":\"2019\",\"copyrightHolder\":{\"@id\":\"https:\/\/www.estrategiaconcursos.com.br\/blog\/#organization\"}},{\"@type\":\"WebPage\",\"@id\":\"https:\/\/www.estrategiaconcursos.com.br\/blog\/recursos-oab-1a-fase\/\",\"url\":\"https:\/\/www.estrategiaconcursos.com.br\/blog\/recursos-oab-1a-fase\/\",\"name\":\"Prazo para recursos na 1\u00aa fase do XXIX Exame de Ordem come\u00e7a em 15 de julho\",\"isPartOf\":{\"@id\":\"https:\/\/www.estrategiaconcursos.com.br\/blog\/#website\"},\"primaryImageOfPage\":{\"@id\":\"https:\/\/www.estrategiaconcursos.com.br\/blog\/recursos-oab-1a-fase\/#primaryimage\"},\"image\":{\"@id\":\"https:\/\/www.estrategiaconcursos.com.br\/blog\/recursos-oab-1a-fase\/#primaryimage\"},\"thumbnailUrl\":\"https:\/\/dhg1h5j42swfq.cloudfront.net\/2019\/04\/10115514\/exame-de-ordem.jpg\",\"datePublished\":\"2019-07-01T15:10:22+00:00\",\"dateModified\":\"2019-07-02T17:07:43+00:00\",\"breadcrumb\":{\"@id\":\"https:\/\/www.estrategiaconcursos.com.br\/blog\/recursos-oab-1a-fase\/#breadcrumb\"},\"inLanguage\":\"pt-BR\",\"potentialAction\":[{\"@type\":\"ReadAction\",\"target\":[\"https:\/\/www.estrategiaconcursos.com.br\/blog\/recursos-oab-1a-fase\/\"]}]},{\"@type\":\"ImageObject\",\"inLanguage\":\"pt-BR\",\"@id\":\"https:\/\/www.estrategiaconcursos.com.br\/blog\/recursos-oab-1a-fase\/#primaryimage\",\"url\":\"https:\/\/dhg1h5j42swfq.cloudfront.net\/2019\/04\/10115514\/exame-de-ordem.jpg\",\"contentUrl\":\"https:\/\/dhg1h5j42swfq.cloudfront.net\/2019\/04\/10115514\/exame-de-ordem.jpg\",\"width\":398,\"height\":209,\"caption\":\"exame de ordem\"},{\"@type\":\"BreadcrumbList\",\"@id\":\"https:\/\/www.estrategiaconcursos.com.br\/blog\/recursos-oab-1a-fase\/#breadcrumb\",\"itemListElement\":[{\"@type\":\"ListItem\",\"position\":1,\"name\":\"In\u00edcio\",\"item\":\"https:\/\/www.estrategiaconcursos.com.br\/blog\/\"},{\"@type\":\"ListItem\",\"position\":2,\"name\":\"Prazo para recursos na 1\u00aa fase do XXIX Exame de Ordem come\u00e7a em 15 de julho\"}]},{\"@type\":\"WebSite\",\"@id\":\"https:\/\/www.estrategiaconcursos.com.br\/blog\/#website\",\"url\":\"https:\/\/www.estrategiaconcursos.com.br\/blog\/\",\"name\":\"Estrat\u00e9gia Concursos\",\"description\":\"O blog da Estrat\u00e9gia Concursos traz not\u00edcias sobre concursos e artigos de professores oferecendo cursos para concursos (pdf + videaulas) no site.\",\"publisher\":{\"@id\":\"https:\/\/www.estrategiaconcursos.com.br\/blog\/#organization\"},\"potentialAction\":[{\"@type\":\"SearchAction\",\"target\":{\"@type\":\"EntryPoint\",\"urlTemplate\":\"https:\/\/www.estrategiaconcursos.com.br\/blog\/?s={search_term_string}\"},\"query-input\":{\"@type\":\"PropertyValueSpecification\",\"valueRequired\":true,\"valueName\":\"search_term_string\"}}],\"inLanguage\":\"pt-BR\"},{\"@type\":\"Organization\",\"@id\":\"https:\/\/www.estrategiaconcursos.com.br\/blog\/#organization\",\"name\":\"Estrat\u00e9gia Concursos\",\"url\":\"https:\/\/www.estrategiaconcursos.com.br\/blog\/\",\"logo\":{\"@type\":\"ImageObject\",\"inLanguage\":\"pt-BR\",\"@id\":\"https:\/\/www.estrategiaconcursos.com.br\/blog\/#\/schema\/logo\/image\/\",\"url\":\"https:\/\/dhg1h5j42swfq.cloudfront.net\/2025\/06\/03203428\/logo_concursos-1.jpg\",\"contentUrl\":\"https:\/\/dhg1h5j42swfq.cloudfront.net\/2025\/06\/03203428\/logo_concursos-1.jpg\",\"width\":230,\"height\":60,\"caption\":\"Estrat\u00e9gia Concursos\"},\"image\":{\"@id\":\"https:\/\/www.estrategiaconcursos.com.br\/blog\/#\/schema\/logo\/image\/\"},\"sameAs\":[\"https:\/\/x.com\/EstratConcursos\"]},{\"@type\":\"Person\",\"@id\":\"https:\/\/www.estrategiaconcursos.com.br\/blog\/#\/schema\/person\/aa39cf5ddb518e5bdce27c35788405e2\",\"name\":\"Ricardo Torques\",\"image\":{\"@type\":\"ImageObject\",\"inLanguage\":\"pt-BR\",\"@id\":\"https:\/\/secure.gravatar.com\/avatar\/ce9ac6c3cff25fe86d15ed568ebc64d1724baf5c0693133bcb1f6073f712f92a?s=96&d=mm&r=g\",\"url\":\"https:\/\/secure.gravatar.com\/avatar\/ce9ac6c3cff25fe86d15ed568ebc64d1724baf5c0693133bcb1f6073f712f92a?s=96&d=mm&r=g\",\"contentUrl\":\"https:\/\/secure.gravatar.com\/avatar\/ce9ac6c3cff25fe86d15ed568ebc64d1724baf5c0693133bcb1f6073f712f92a?s=96&d=mm&r=g\",\"caption\":\"Ricardo Torques\"},\"sameAs\":[\"https:\/\/www.facebook.com\/ricardo.s.torques\"],\"url\":\"https:\/\/www.estrategiaconcursos.com.br\/blog\/author\/ricardotorquesestrategiaconcursos-com-br\/\"}]}<\/script>\n<!-- \/ Yoast SEO Premium plugin. -->","yoast_head_json":{"title":"Prazo para recursos na 1\u00aa fase do XXIX Exame de Ordem come\u00e7a em 15 de julho","robots":{"index":"index","follow":"follow","max-snippet":"max-snippet:-1","max-image-preview":"max-image-preview:large","max-video-preview":"max-video-preview:-1"},"canonical":"https:\/\/www.estrategiaconcursos.com.br\/blog\/recursos-oab-1a-fase\/","og_locale":"pt_BR","og_type":"article","og_title":"Prazo para recursos na 1\u00aa fase do XXIX Exame de Ordem come\u00e7a em 15 de julho","og_description":"Examinandos ter\u00e3o at\u00e9 as 12h de 18 de julho para preencher formul\u00e1rio A 1\u00aa fase do XXIX Exame de Ordem da foi aplicada em todo o pa\u00eds neste domingo, 30 de junho. O gabarito oficial da prova objetiva j\u00e1 foi disponibilizado pelo Conselho Federal da OAB e pela Funda\u00e7\u00e3o Get\u00falio Vargas (FGV) em seus portais [&hellip;]","og_url":"https:\/\/www.estrategiaconcursos.com.br\/blog\/recursos-oab-1a-fase\/","og_site_name":"Estrat\u00e9gia Concursos","article_author":"https:\/\/www.facebook.com\/ricardo.s.torques","article_published_time":"2019-07-01T15:10:22+00:00","article_modified_time":"2019-07-02T17:07:43+00:00","og_image":[{"width":398,"height":209,"url":"https:\/\/dhg1h5j42swfq.cloudfront.net\/2019\/04\/10115514\/exame-de-ordem.jpg","type":"image\/jpeg"}],"author":"Ricardo Torques","twitter_card":"summary_large_image","twitter_creator":"@EstratConcursos","twitter_site":"@EstratConcursos","twitter_misc":{"Escrito por":"Ricardo Torques","Est. tempo de leitura":"4 minutos"},"schema":{"@context":"https:\/\/schema.org","@graph":[{"@type":"NewsArticle","@id":"https:\/\/www.estrategiaconcursos.com.br\/blog\/recursos-oab-1a-fase\/#article","isPartOf":{"@id":"https:\/\/www.estrategiaconcursos.com.br\/blog\/recursos-oab-1a-fase\/"},"author":{"name":"Ricardo Torques","@id":"https:\/\/www.estrategiaconcursos.com.br\/blog\/#\/schema\/person\/aa39cf5ddb518e5bdce27c35788405e2"},"headline":"Prazo para recursos na 1\u00aa fase do XXIX Exame de Ordem come\u00e7a em 15 de julho","datePublished":"2019-07-01T15:10:22+00:00","dateModified":"2019-07-02T17:07:43+00:00","mainEntityOfPage":{"@id":"https:\/\/www.estrategiaconcursos.com.br\/blog\/recursos-oab-1a-fase\/"},"wordCount":908,"commentCount":5,"publisher":{"@id":"https:\/\/www.estrategiaconcursos.com.br\/blog\/#organization"},"image":{"@id":"https:\/\/www.estrategiaconcursos.com.br\/blog\/recursos-oab-1a-fase\/#primaryimage"},"thumbnailUrl":"https:\/\/dhg1h5j42swfq.cloudfront.net\/2019\/04\/10115514\/exame-de-ordem.jpg","articleSection":["Concursos P\u00fablicos"],"inLanguage":"pt-BR","potentialAction":[{"@type":"CommentAction","name":"Comment","target":["https:\/\/www.estrategiaconcursos.com.br\/blog\/recursos-oab-1a-fase\/#respond"]}],"copyrightYear":"2019","copyrightHolder":{"@id":"https:\/\/www.estrategiaconcursos.com.br\/blog\/#organization"}},{"@type":"WebPage","@id":"https:\/\/www.estrategiaconcursos.com.br\/blog\/recursos-oab-1a-fase\/","url":"https:\/\/www.estrategiaconcursos.com.br\/blog\/recursos-oab-1a-fase\/","name":"Prazo para recursos na 1\u00aa fase do XXIX Exame de Ordem come\u00e7a em 15 de julho","isPartOf":{"@id":"https:\/\/www.estrategiaconcursos.com.br\/blog\/#website"},"primaryImageOfPage":{"@id":"https:\/\/www.estrategiaconcursos.com.br\/blog\/recursos-oab-1a-fase\/#primaryimage"},"image":{"@id":"https:\/\/www.estrategiaconcursos.com.br\/blog\/recursos-oab-1a-fase\/#primaryimage"},"thumbnailUrl":"https:\/\/dhg1h5j42swfq.cloudfront.net\/2019\/04\/10115514\/exame-de-ordem.jpg","datePublished":"2019-07-01T15:10:22+00:00","dateModified":"2019-07-02T17:07:43+00:00","breadcrumb":{"@id":"https:\/\/www.estrategiaconcursos.com.br\/blog\/recursos-oab-1a-fase\/#breadcrumb"},"inLanguage":"pt-BR","potentialAction":[{"@type":"ReadAction","target":["https:\/\/www.estrategiaconcursos.com.br\/blog\/recursos-oab-1a-fase\/"]}]},{"@type":"ImageObject","inLanguage":"pt-BR","@id":"https:\/\/www.estrategiaconcursos.com.br\/blog\/recursos-oab-1a-fase\/#primaryimage","url":"https:\/\/dhg1h5j42swfq.cloudfront.net\/2019\/04\/10115514\/exame-de-ordem.jpg","contentUrl":"https:\/\/dhg1h5j42swfq.cloudfront.net\/2019\/04\/10115514\/exame-de-ordem.jpg","width":398,"height":209,"caption":"exame de ordem"},{"@type":"BreadcrumbList","@id":"https:\/\/www.estrategiaconcursos.com.br\/blog\/recursos-oab-1a-fase\/#breadcrumb","itemListElement":[{"@type":"ListItem","position":1,"name":"In\u00edcio","item":"https:\/\/www.estrategiaconcursos.com.br\/blog\/"},{"@type":"ListItem","position":2,"name":"Prazo para recursos na 1\u00aa fase do XXIX Exame de Ordem come\u00e7a em 15 de julho"}]},{"@type":"WebSite","@id":"https:\/\/www.estrategiaconcursos.com.br\/blog\/#website","url":"https:\/\/www.estrategiaconcursos.com.br\/blog\/","name":"Estrat\u00e9gia Concursos","description":"O blog da Estrat\u00e9gia Concursos traz not\u00edcias sobre concursos e artigos de professores oferecendo cursos para concursos (pdf + videaulas) no site.","publisher":{"@id":"https:\/\/www.estrategiaconcursos.com.br\/blog\/#organization"},"potentialAction":[{"@type":"SearchAction","target":{"@type":"EntryPoint","urlTemplate":"https:\/\/www.estrategiaconcursos.com.br\/blog\/?s={search_term_string}"},"query-input":{"@type":"PropertyValueSpecification","valueRequired":true,"valueName":"search_term_string"}}],"inLanguage":"pt-BR"},{"@type":"Organization","@id":"https:\/\/www.estrategiaconcursos.com.br\/blog\/#organization","name":"Estrat\u00e9gia Concursos","url":"https:\/\/www.estrategiaconcursos.com.br\/blog\/","logo":{"@type":"ImageObject","inLanguage":"pt-BR","@id":"https:\/\/www.estrategiaconcursos.com.br\/blog\/#\/schema\/logo\/image\/","url":"https:\/\/dhg1h5j42swfq.cloudfront.net\/2025\/06\/03203428\/logo_concursos-1.jpg","contentUrl":"https:\/\/dhg1h5j42swfq.cloudfront.net\/2025\/06\/03203428\/logo_concursos-1.jpg","width":230,"height":60,"caption":"Estrat\u00e9gia Concursos"},"image":{"@id":"https:\/\/www.estrategiaconcursos.com.br\/blog\/#\/schema\/logo\/image\/"},"sameAs":["https:\/\/x.com\/EstratConcursos"]},{"@type":"Person","@id":"https:\/\/www.estrategiaconcursos.com.br\/blog\/#\/schema\/person\/aa39cf5ddb518e5bdce27c35788405e2","name":"Ricardo Torques","image":{"@type":"ImageObject","inLanguage":"pt-BR","@id":"https:\/\/secure.gravatar.com\/avatar\/ce9ac6c3cff25fe86d15ed568ebc64d1724baf5c0693133bcb1f6073f712f92a?s=96&d=mm&r=g","url":"https:\/\/secure.gravatar.com\/avatar\/ce9ac6c3cff25fe86d15ed568ebc64d1724baf5c0693133bcb1f6073f712f92a?s=96&d=mm&r=g","contentUrl":"https:\/\/secure.gravatar.com\/avatar\/ce9ac6c3cff25fe86d15ed568ebc64d1724baf5c0693133bcb1f6073f712f92a?s=96&d=mm&r=g","caption":"Ricardo Torques"},"sameAs":["https:\/\/www.facebook.com\/ricardo.s.torques"],"url":"https:\/\/www.estrategiaconcursos.com.br\/blog\/author\/ricardotorquesestrategiaconcursos-com-br\/"}]}},"_links":{"self":[{"href":"https:\/\/www.estrategiaconcursos.com.br\/blog\/wp-json\/wp\/v2\/posts\/393875","targetHints":{"allow":["GET"]}}],"collection":[{"href":"https:\/\/www.estrategiaconcursos.com.br\/blog\/wp-json\/wp\/v2\/posts"}],"about":[{"href":"https:\/\/www.estrategiaconcursos.com.br\/blog\/wp-json\/wp\/v2\/types\/post"}],"author":[{"embeddable":true,"href":"https:\/\/www.estrategiaconcursos.com.br\/blog\/wp-json\/wp\/v2\/users\/180"}],"replies":[{"embeddable":true,"href":"https:\/\/www.estrategiaconcursos.com.br\/blog\/wp-json\/wp\/v2\/comments?post=393875"}],"version-history":[{"count":7,"href":"https:\/\/www.estrategiaconcursos.com.br\/blog\/wp-json\/wp\/v2\/posts\/393875\/revisions"}],"predecessor-version":[{"id":394273,"href":"https:\/\/www.estrategiaconcursos.com.br\/blog\/wp-json\/wp\/v2\/posts\/393875\/revisions\/394273"}],"wp:featuredmedia":[{"embeddable":true,"href":"https:\/\/www.estrategiaconcursos.com.br\/blog\/wp-json\/wp\/v2\/media\/182668"}],"wp:attachment":[{"href":"https:\/\/www.estrategiaconcursos.com.br\/blog\/wp-json\/wp\/v2\/media?parent=393875"}],"wp:term":[{"taxonomy":"category","embeddable":true,"href":"https:\/\/www.estrategiaconcursos.com.br\/blog\/wp-json\/wp\/v2\/categories?post=393875"},{"taxonomy":"post_tag","embeddable":true,"href":"https:\/\/www.estrategiaconcursos.com.br\/blog\/wp-json\/wp\/v2\/tags?post=393875"},{"taxonomy":"tax_estado","embeddable":true,"href":"https:\/\/www.estrategiaconcursos.com.br\/blog\/wp-json\/wp\/v2\/tax_estado?post=393875"}],"curies":[{"name":"wp","href":"https:\/\/api.w.org\/{rel}","templated":true}]}}