{"id":393582,"date":"2019-07-01T14:15:43","date_gmt":"2019-07-01T17:15:43","guid":{"rendered":"https:\/\/www.estrategiaconcursos.com.br\/blog\/?p=393582"},"modified":"2022-10-11T10:55:34","modified_gmt":"2022-10-11T13:55:34","slug":"gabarito-oab-consumidor-xxix-exame-cabe-recurso","status":"publish","type":"post","link":"https:\/\/www.estrategiaconcursos.com.br\/blog\/gabarito-oab-consumidor-xxix-exame-cabe-recurso\/","title":{"rendered":"Gabarito OAB Consumidor XXIX Exame &#8211; Cabe Recurso"},"content":{"rendered":"\n<p>Ol\u00e1 pessoal, tudo bem?<\/p>\n\n\n\n<p>Sou Igor Maciel e hoje vamos comentar o gabarito de Direito do Consumidor do XXIX Exame da OAB.<\/p>\n\n\n\n<h4 class=\"wp-block-heading\" id=\"h-questao-44\">Quest\u00e3o 44<\/h4>\n\n\n\n<p>Ant\u00f4nio \u00e9 deficiente visual e precisa do aux\u00edlio de amigos\nfamiliares para compreender diversas quest\u00f5es da vida cotidiana, como as contas\ne despesas da casa e outras quest\u00f5es de rotina. Pensando nessa dificuldade,\nAntonio procurar voc\u00ea, como advogado(a), para orient\u00e1-lo a respeito dos\ndireitos dos deficientes visuais nas rela\u00e7\u00f5es de consumo.<\/p>\n\n\n\n<p>Nesse sentido, assinale a afirmativa correta.<\/p>\n\n\n\n<p>A) O consumidor poder\u00e1 solicitar as fornecedoras de servi\u00e7os,\nem raz\u00e3o de sua defici\u00eancia visual, o envio das faturas das contas detalhadas\nem Braille.<\/p>\n\n\n\n<p>B) As informa\u00e7\u00f5es sobre os riscos que o produto apresenta, por\nsua pr\u00f3pria natureza, devem ser prestadas em formatos acess\u00edveis somente as\npessoas que apresentem defici\u00eancia visual.<\/p>\n\n\n\n<p>C) A impossibilidade operacional impede que informa\u00e7\u00e3o de\nservi\u00e7o seja ofertada em formatos acess\u00edveis, considerando a diversidade de\ndefici\u00eancias, o que justifica a dispensa de tal obrigatoriedade por expressa\ndetermina\u00e7\u00e3o legal.<\/p>\n\n\n\n<p>D) O consumidor poder\u00e1 solicitar as faturas em Braille, mas\nbastar\u00e1 ser indicado o pre\u00e7o, dispensando-se outras informa\u00e7\u00f5es, por expressa\ndisposi\u00e7\u00e3o legal.<\/p>\n\n\n\n<p>Resposta<\/p>\n\n\n\n<p>Gabarito, letra A.<\/p>\n\n\n\n<p>A informa\u00e7\u00e3o dever\u00e1 ser prestada de forma completa e\nacess\u00edvel. Serve tanto para o que tem defici\u00eancia como o que n\u00e3o tem -&gt;\nmodifica\u00e7\u00e3o da Lei n\u00ba 13.146\/2015<\/p>\n\n\n\n<p>Art. 6\u00ba, inciso III e par\u00e1grafo \u00fanico<\/p>\n\n\n\n<p>Art. 6\u00ba A defici\u00eancia n\u00e3o afeta a plena capacidade civil da\npessoa, inclusive para:<\/p>\n\n\n\n<p>III &#8211; exercer o direito de decidir sobre o n\u00famero de filhos e de\nter acesso a informa\u00e7\u00f5es adequadas sobre reprodu\u00e7\u00e3o e planejamento familiar;<\/p>\n\n\n\n<h4 class=\"wp-block-heading\" id=\"h-questao-45-cabe-recurso\">Quest\u00e3o 45 &#8211; Cabe Recurso<\/h4>\n\n\n\n<p>A concession\u00e1ria do ve\u00edculo X adquiriu, da montadora, trinta\nunidades de ve\u00edculo do mesmo modelo e cores diversificadas, afim de guarnecer\nseu estoque, e direcionou tr\u00eas ve\u00edculos desse total para o uso da pr\u00f3pria\npessoa jur\u00eddica. Ocorre que cinco ve\u00edculos apresentaram problemas mec\u00e2nicos\ndecorrentes de falhas na fabrica\u00e7\u00e3o, que comprometeram a seguran\u00e7a dos\npassageiros. Desses autom\u00f3veis um pertencia \u00e0 concession\u00e1ria e os outros\nquatro, a particulares que adquiriram o bem na concession\u00e1ria.<\/p>\n\n\n\n<p>Nesse caso, com base no C\u00f3digo de Defesa do Consumidor (CDC),\nassinale a afirmativa correta.<\/p>\n\n\n\n<p>A) Entre os consumidores particulares e a montadora inexiste\nrela\u00e7\u00e3o jur\u00eddica, posto que a aquisi\u00e7\u00e3o dos ve\u00edculos e de uma concession\u00e1ria.<\/p>\n\n\n\n<p>B) Entre os consumidores particulares e a montadora, por se\ntratar de falha na fabrica\u00e7\u00e3o, h\u00e1 rela\u00e7\u00e3o jur\u00eddica protegida pelo CDC; a\nrela\u00e7\u00e3o jur\u00eddica entre a concession\u00e1ria e a montadora, no que se refere \u00e0\nunidade adquiridos pela pessoa jur\u00eddica para uso pr\u00f3prio, \u00e9 de direito comum\ncivil.<\/p>\n\n\n\n<p>C) Existe, entre a concession\u00e1ria e a montadora, rela\u00e7\u00e3o\njur\u00eddica regida pelo CDC, mesmo que ambas sejam pessoas jur\u00eddicas, no que diz\nrespeito ao ve\u00edculo adquirido pela concession\u00e1ria para uso pr\u00f3prio, e n\u00e3o para\nrevenda.<\/p>\n\n\n\n<p>D) Somente a rela\u00e7\u00e3o jur\u00eddica protegida pelo CDC entre o\nconsumidor e a concession\u00e1ria, que dever\u00e1 ingressar com a\u00e7\u00e3o de regresso contra\na montadora, caso seja condenado em a\u00e7\u00e3o judicial, n\u00e3o sendo poss\u00edvel aos\nconsumidores demandar diretamente contra a montadora.<\/p>\n\n\n\n<p>Resposta<\/p>\n\n\n\n<p>Gabarito, Letra C. <\/p>\n\n\n\n<p>A quest\u00e3o n\u00e3o deixou claro sobre o motivo da utiliza\u00e7\u00e3o da pessoa jur\u00eddica quanto aos autom\u00f3veis, o que gera d\u00favidas no examinando sobre a aplica\u00e7\u00e3o ou n\u00e3o do CDC na rela\u00e7\u00e3o Concession\u00e1ria &#8211; Montadora.<\/p>\n\n\n\n<p>A partir do momento que a empresa utiliza o autom\u00f3vel para uso pr\u00f3prio (com fins econ\u00f4micos), a exemplo de utiliza\u00e7\u00e3o para transporte de seus empregados entre filiais, n\u00e3o se pode afirmar que existe uma rela\u00e7\u00e3o onde o adquirente do bem \u00e9 destinat\u00e1rio final econ\u00f4mico do produto.<\/p>\n\n\n\n<p>Esta uma exig\u00eancia do artigo 2o, do CDC:<\/p>\n\n\n\n<p><em>&nbsp;&nbsp;&nbsp;&nbsp;Art. 2\u00b0 Consumidor \u00e9 toda pessoa f\u00edsica ou jur\u00eddica que adquire ou utiliza produto ou servi\u00e7o como destinat\u00e1rio final.<br \/><\/em><\/p>\n\n\n\n<p>O Superior Tribunal de Justi\u00e7a, tendo em vista a poss\u00edvel injusti\u00e7a cometida coma a aplica\u00e7\u00e3o cega da teoria finalista, vem reconhecendo em determinadas hip\u00f3teses onde presente a vulnerabilidade (item estudado mais adiante) do adquirente do produto, a aplicabilidade do CDC:<\/p>\n\n\n\n<p>AGRAVO&nbsp; REGIMENTAL&nbsp; NO&nbsp;\nAGRAVO&nbsp; EM&nbsp; RECURSO ESPECIAL CIVIL. PROCESSO CIVIL.\nRECURSO MANEJADO SOB A \u00c9GIDE DO CPC\/73. A\u00c7\u00c3O DE INDENIZA\u00c7\u00c3O. RECURSO ESPECIAL.\nPESSOA JUR\u00cdDICA. A\u00c7\u00c3O DE INDENIZA\u00c7\u00c3O. APLICA\u00c7\u00c3O DO CDC.&nbsp; TEORIA&nbsp;\nFINALISTA&nbsp; MITIGADA. PRESCRI\u00c7\u00c3O\nQUINQUENAL. ART. 27 DO CDC. S\u00daMULA N\u00ba 83 DO STJ. AGRAVO REGIMENTAL N\u00c3O PROVIDO.\n(&#8230;)<\/p>\n\n\n\n<p>2.&nbsp; A&nbsp; jurisprud\u00eancia&nbsp; desta Corte tem mitigado os rigores da teoria finalista&nbsp; para autorizar a incid\u00eancia do CDC nas hip\u00f3teses em que a parte&nbsp; (pessoa&nbsp; f\u00edsica&nbsp; ou jur\u00eddica), embora n\u00e3o seja tecnicamente a destinat\u00e1ria&nbsp; final&nbsp; do produto ou servi\u00e7o, se apresente em situa\u00e7\u00e3o de <strong>vulnerabilidade<\/strong>. Tem aplica\u00e7\u00e3o a S\u00famula n\u00ba 83 do STJ.<\/p>\n\n\n\n<p>3. Agravo regimental n\u00e3o provido.<\/p>\n\n\n\n<p>(AgRg no AREsp 646.466\/ES, Rel. Ministro MOURA RIBEIRO, TERCEIRA TURMA, julgado em 07\/06\/2016, DJe 10\/06\/2016)<\/p>\n\n\n\n<p>Contudo, a aplica\u00e7\u00e3o da teoria teoria finalista mitigada exige a presen\u00e7a de vulnerabilidade do adquirente do produto, o que tamb\u00e9m n\u00e3o ficou claro no enunciado da quest\u00e3o.<\/p>\n\n\n\n<p>Assim, n\u00e3o h\u00e1 elementos suficientes no enunciado para se afirmar a rela\u00e7\u00e3o jur\u00eddica existente entre concession\u00e1ria de ve\u00edculos e montadora, raz\u00e3o pela qual necess\u00e1ria a anula\u00e7\u00e3o da quest\u00e3o.<\/p>\n\n\n\n<p>Beleza pessoal?<\/p>\n\n\n\n<p>Espero que voc\u00eas gostem do nosso artigo.<\/p>\n\n\n\n<p>Grande abra\u00e7o,<\/p>\n\n\n\n<p>Igor<\/p>\n","protected":false},"excerpt":{"rendered":"<p>Ol\u00e1 pessoal, tudo bem? Sou Igor Maciel e hoje vamos comentar o gabarito de Direito do Consumidor do XXIX Exame da OAB. Quest\u00e3o 44 Ant\u00f4nio \u00e9 deficiente visual e precisa do aux\u00edlio de amigos familiares para compreender diversas quest\u00f5es da vida cotidiana, como as contas e despesas da casa e outras quest\u00f5es de rotina. Pensando [&hellip;]<\/p>\n","protected":false},"author":317,"featured_media":0,"comment_status":"open","ping_status":"closed","sticky":false,"template":"","format":"standard","meta":{"post_tipo":"article","footnotes":""},"categories":[1],"tags":[],"tax_estado":[],"class_list":["post-393582","post","type-post","status-publish","format-standard","hentry","category-cursos-e-concursos"],"acf":[],"yoast_head":"<!-- This site is optimized with the Yoast SEO Premium plugin v27.2 (Yoast SEO v27.2) - https:\/\/yoast.com\/product\/yoast-seo-premium-wordpress\/ -->\n<title>Gabarito OAB Consumidor XXIX Exame - Cabe Recurso<\/title>\n<meta name=\"description\" content=\"An\u00e1lise do cabimento de recurso contra o gabarito da 45a quest\u00e3o do XXIX Exame da OAB na mat\u00e9ria de Direito do Consumidor.\" \/>\n<meta name=\"robots\" content=\"index, follow, max-snippet:-1, max-image-preview:large, max-video-preview:-1\" \/>\n<link rel=\"canonical\" href=\"https:\/\/www.estrategiaconcursos.com.br\/blog\/gabarito-oab-consumidor-xxix-exame-cabe-recurso\/\" \/>\n<meta property=\"og:locale\" content=\"pt_BR\" \/>\n<meta property=\"og:type\" content=\"article\" \/>\n<meta property=\"og:title\" content=\"Gabarito OAB Consumidor XXIX Exame - Cabe Recurso\" \/>\n<meta property=\"og:description\" content=\"An\u00e1lise do cabimento de recurso contra o gabarito da 45a quest\u00e3o do XXIX Exame da OAB na mat\u00e9ria de Direito do Consumidor.\" \/>\n<meta property=\"og:url\" content=\"https:\/\/www.estrategiaconcursos.com.br\/blog\/gabarito-oab-consumidor-xxix-exame-cabe-recurso\/\" \/>\n<meta property=\"og:site_name\" content=\"Estrat\u00e9gia Concursos\" \/>\n<meta property=\"article:author\" content=\"https:\/\/www.facebook.com\/igor.maciel.1420\" \/>\n<meta property=\"article:published_time\" content=\"2019-07-01T17:15:43+00:00\" \/>\n<meta property=\"article:modified_time\" content=\"2022-10-11T13:55:34+00:00\" \/>\n<meta name=\"author\" content=\"Igor Maciel\" \/>\n<meta name=\"twitter:card\" content=\"summary_large_image\" \/>\n<meta name=\"twitter:creator\" content=\"@EstratConcursos\" \/>\n<meta name=\"twitter:site\" content=\"@EstratConcursos\" \/>\n<meta name=\"twitter:label1\" content=\"Escrito por\" \/>\n\t<meta name=\"twitter:data1\" content=\"Igor Maciel\" \/>\n\t<meta name=\"twitter:label2\" content=\"Est. tempo de leitura\" \/>\n\t<meta name=\"twitter:data2\" content=\"5 minutos\" \/>\n<script type=\"application\/ld+json\" class=\"yoast-schema-graph\">{\"@context\":\"https:\/\/schema.org\",\"@graph\":[{\"@type\":\"NewsArticle\",\"@id\":\"https:\/\/www.estrategiaconcursos.com.br\/blog\/gabarito-oab-consumidor-xxix-exame-cabe-recurso\/#article\",\"isPartOf\":{\"@id\":\"https:\/\/www.estrategiaconcursos.com.br\/blog\/gabarito-oab-consumidor-xxix-exame-cabe-recurso\/\"},\"author\":{\"name\":\"Igor Maciel\",\"@id\":\"https:\/\/www.estrategiaconcursos.com.br\/blog\/#\/schema\/person\/024d26d5efb06d95dfc04025d7301591\"},\"headline\":\"Gabarito OAB Consumidor XXIX Exame &#8211; Cabe Recurso\",\"datePublished\":\"2019-07-01T17:15:43+00:00\",\"dateModified\":\"2022-10-11T13:55:34+00:00\",\"mainEntityOfPage\":{\"@id\":\"https:\/\/www.estrategiaconcursos.com.br\/blog\/gabarito-oab-consumidor-xxix-exame-cabe-recurso\/\"},\"wordCount\":991,\"commentCount\":5,\"publisher\":{\"@id\":\"https:\/\/www.estrategiaconcursos.com.br\/blog\/#organization\"},\"articleSection\":[\"Concursos P\u00fablicos\"],\"inLanguage\":\"pt-BR\",\"potentialAction\":[{\"@type\":\"CommentAction\",\"name\":\"Comment\",\"target\":[\"https:\/\/www.estrategiaconcursos.com.br\/blog\/gabarito-oab-consumidor-xxix-exame-cabe-recurso\/#respond\"]}],\"copyrightYear\":\"2019\",\"copyrightHolder\":{\"@id\":\"https:\/\/www.estrategiaconcursos.com.br\/blog\/#organization\"}},{\"@type\":\"WebPage\",\"@id\":\"https:\/\/www.estrategiaconcursos.com.br\/blog\/gabarito-oab-consumidor-xxix-exame-cabe-recurso\/\",\"url\":\"https:\/\/www.estrategiaconcursos.com.br\/blog\/gabarito-oab-consumidor-xxix-exame-cabe-recurso\/\",\"name\":\"Gabarito OAB Consumidor XXIX Exame - Cabe Recurso\",\"isPartOf\":{\"@id\":\"https:\/\/www.estrategiaconcursos.com.br\/blog\/#website\"},\"datePublished\":\"2019-07-01T17:15:43+00:00\",\"dateModified\":\"2022-10-11T13:55:34+00:00\",\"description\":\"An\u00e1lise do cabimento de recurso contra o gabarito da 45a quest\u00e3o do XXIX Exame da OAB na mat\u00e9ria de Direito do Consumidor.\",\"breadcrumb\":{\"@id\":\"https:\/\/www.estrategiaconcursos.com.br\/blog\/gabarito-oab-consumidor-xxix-exame-cabe-recurso\/#breadcrumb\"},\"inLanguage\":\"pt-BR\",\"potentialAction\":[{\"@type\":\"ReadAction\",\"target\":[\"https:\/\/www.estrategiaconcursos.com.br\/blog\/gabarito-oab-consumidor-xxix-exame-cabe-recurso\/\"]}]},{\"@type\":\"BreadcrumbList\",\"@id\":\"https:\/\/www.estrategiaconcursos.com.br\/blog\/gabarito-oab-consumidor-xxix-exame-cabe-recurso\/#breadcrumb\",\"itemListElement\":[{\"@type\":\"ListItem\",\"position\":1,\"name\":\"In\u00edcio\",\"item\":\"https:\/\/www.estrategiaconcursos.com.br\/blog\/\"},{\"@type\":\"ListItem\",\"position\":2,\"name\":\"Gabarito OAB Consumidor XXIX Exame &#8211; Cabe Recurso\"}]},{\"@type\":\"WebSite\",\"@id\":\"https:\/\/www.estrategiaconcursos.com.br\/blog\/#website\",\"url\":\"https:\/\/www.estrategiaconcursos.com.br\/blog\/\",\"name\":\"Estrat\u00e9gia Concursos\",\"description\":\"O blog da Estrat\u00e9gia Concursos traz not\u00edcias sobre concursos e artigos de professores oferecendo cursos para concursos (pdf + videaulas) no site.\",\"publisher\":{\"@id\":\"https:\/\/www.estrategiaconcursos.com.br\/blog\/#organization\"},\"potentialAction\":[{\"@type\":\"SearchAction\",\"target\":{\"@type\":\"EntryPoint\",\"urlTemplate\":\"https:\/\/www.estrategiaconcursos.com.br\/blog\/?s={search_term_string}\"},\"query-input\":{\"@type\":\"PropertyValueSpecification\",\"valueRequired\":true,\"valueName\":\"search_term_string\"}}],\"inLanguage\":\"pt-BR\"},{\"@type\":\"Organization\",\"@id\":\"https:\/\/www.estrategiaconcursos.com.br\/blog\/#organization\",\"name\":\"Estrat\u00e9gia Concursos\",\"url\":\"https:\/\/www.estrategiaconcursos.com.br\/blog\/\",\"logo\":{\"@type\":\"ImageObject\",\"inLanguage\":\"pt-BR\",\"@id\":\"https:\/\/www.estrategiaconcursos.com.br\/blog\/#\/schema\/logo\/image\/\",\"url\":\"https:\/\/dhg1h5j42swfq.cloudfront.net\/2025\/06\/03203428\/logo_concursos-1.jpg\",\"contentUrl\":\"https:\/\/dhg1h5j42swfq.cloudfront.net\/2025\/06\/03203428\/logo_concursos-1.jpg\",\"width\":230,\"height\":60,\"caption\":\"Estrat\u00e9gia Concursos\"},\"image\":{\"@id\":\"https:\/\/www.estrategiaconcursos.com.br\/blog\/#\/schema\/logo\/image\/\"},\"sameAs\":[\"https:\/\/x.com\/EstratConcursos\"]},{\"@type\":\"Person\",\"@id\":\"https:\/\/www.estrategiaconcursos.com.br\/blog\/#\/schema\/person\/024d26d5efb06d95dfc04025d7301591\",\"name\":\"Igor Maciel\",\"image\":{\"@type\":\"ImageObject\",\"inLanguage\":\"pt-BR\",\"@id\":\"https:\/\/secure.gravatar.com\/avatar\/e983a676af6facf4aebcb2989d49e3bf61b718712d5e7a4b3f355b7fe651bc2f?s=96&d=mm&r=g\",\"url\":\"https:\/\/secure.gravatar.com\/avatar\/e983a676af6facf4aebcb2989d49e3bf61b718712d5e7a4b3f355b7fe651bc2f?s=96&d=mm&r=g\",\"contentUrl\":\"https:\/\/secure.gravatar.com\/avatar\/e983a676af6facf4aebcb2989d49e3bf61b718712d5e7a4b3f355b7fe651bc2f?s=96&d=mm&r=g\",\"caption\":\"Igor Maciel\"},\"description\":\"Graduado na Universidade Federal de Pernambuco, com extens\u00e3o na Universidade de Coimbra\/Portugal. Especialista LLM em Direito Corporativo pelo IBMEC\/RJ. Mestrando em Direito e Pol\u00edticas P\u00fablicas pelo UNICEUB\/DF. Advogado com atua\u00e7\u00e3o profissional centrada no Direito Tribut\u00e1rio e no Direito Administrativo, especialmente na defesa de servidores p\u00fablicos.\",\"sameAs\":[\"http:\/\/www.imaciel.com.br\",\"https:\/\/www.facebook.com\/igor.maciel.1420\"],\"url\":\"https:\/\/www.estrategiaconcursos.com.br\/blog\/author\/contatoimaciel-com-br\/\"}]}<\/script>\n<!-- \/ Yoast SEO Premium plugin. -->","yoast_head_json":{"title":"Gabarito OAB Consumidor XXIX Exame - Cabe Recurso","description":"An\u00e1lise do cabimento de recurso contra o gabarito da 45a quest\u00e3o do XXIX Exame da OAB na mat\u00e9ria de Direito do Consumidor.","robots":{"index":"index","follow":"follow","max-snippet":"max-snippet:-1","max-image-preview":"max-image-preview:large","max-video-preview":"max-video-preview:-1"},"canonical":"https:\/\/www.estrategiaconcursos.com.br\/blog\/gabarito-oab-consumidor-xxix-exame-cabe-recurso\/","og_locale":"pt_BR","og_type":"article","og_title":"Gabarito OAB Consumidor XXIX Exame - Cabe Recurso","og_description":"An\u00e1lise do cabimento de recurso contra o gabarito da 45a quest\u00e3o do XXIX Exame da OAB na mat\u00e9ria de Direito do Consumidor.","og_url":"https:\/\/www.estrategiaconcursos.com.br\/blog\/gabarito-oab-consumidor-xxix-exame-cabe-recurso\/","og_site_name":"Estrat\u00e9gia Concursos","article_author":"https:\/\/www.facebook.com\/igor.maciel.1420","article_published_time":"2019-07-01T17:15:43+00:00","article_modified_time":"2022-10-11T13:55:34+00:00","author":"Igor Maciel","twitter_card":"summary_large_image","twitter_creator":"@EstratConcursos","twitter_site":"@EstratConcursos","twitter_misc":{"Escrito por":"Igor Maciel","Est. tempo de leitura":"5 minutos"},"schema":{"@context":"https:\/\/schema.org","@graph":[{"@type":"NewsArticle","@id":"https:\/\/www.estrategiaconcursos.com.br\/blog\/gabarito-oab-consumidor-xxix-exame-cabe-recurso\/#article","isPartOf":{"@id":"https:\/\/www.estrategiaconcursos.com.br\/blog\/gabarito-oab-consumidor-xxix-exame-cabe-recurso\/"},"author":{"name":"Igor Maciel","@id":"https:\/\/www.estrategiaconcursos.com.br\/blog\/#\/schema\/person\/024d26d5efb06d95dfc04025d7301591"},"headline":"Gabarito OAB Consumidor XXIX Exame &#8211; Cabe Recurso","datePublished":"2019-07-01T17:15:43+00:00","dateModified":"2022-10-11T13:55:34+00:00","mainEntityOfPage":{"@id":"https:\/\/www.estrategiaconcursos.com.br\/blog\/gabarito-oab-consumidor-xxix-exame-cabe-recurso\/"},"wordCount":991,"commentCount":5,"publisher":{"@id":"https:\/\/www.estrategiaconcursos.com.br\/blog\/#organization"},"articleSection":["Concursos P\u00fablicos"],"inLanguage":"pt-BR","potentialAction":[{"@type":"CommentAction","name":"Comment","target":["https:\/\/www.estrategiaconcursos.com.br\/blog\/gabarito-oab-consumidor-xxix-exame-cabe-recurso\/#respond"]}],"copyrightYear":"2019","copyrightHolder":{"@id":"https:\/\/www.estrategiaconcursos.com.br\/blog\/#organization"}},{"@type":"WebPage","@id":"https:\/\/www.estrategiaconcursos.com.br\/blog\/gabarito-oab-consumidor-xxix-exame-cabe-recurso\/","url":"https:\/\/www.estrategiaconcursos.com.br\/blog\/gabarito-oab-consumidor-xxix-exame-cabe-recurso\/","name":"Gabarito OAB Consumidor XXIX Exame - Cabe Recurso","isPartOf":{"@id":"https:\/\/www.estrategiaconcursos.com.br\/blog\/#website"},"datePublished":"2019-07-01T17:15:43+00:00","dateModified":"2022-10-11T13:55:34+00:00","description":"An\u00e1lise do cabimento de recurso contra o gabarito da 45a quest\u00e3o do XXIX Exame da OAB na mat\u00e9ria de Direito do Consumidor.","breadcrumb":{"@id":"https:\/\/www.estrategiaconcursos.com.br\/blog\/gabarito-oab-consumidor-xxix-exame-cabe-recurso\/#breadcrumb"},"inLanguage":"pt-BR","potentialAction":[{"@type":"ReadAction","target":["https:\/\/www.estrategiaconcursos.com.br\/blog\/gabarito-oab-consumidor-xxix-exame-cabe-recurso\/"]}]},{"@type":"BreadcrumbList","@id":"https:\/\/www.estrategiaconcursos.com.br\/blog\/gabarito-oab-consumidor-xxix-exame-cabe-recurso\/#breadcrumb","itemListElement":[{"@type":"ListItem","position":1,"name":"In\u00edcio","item":"https:\/\/www.estrategiaconcursos.com.br\/blog\/"},{"@type":"ListItem","position":2,"name":"Gabarito OAB Consumidor XXIX Exame &#8211; Cabe Recurso"}]},{"@type":"WebSite","@id":"https:\/\/www.estrategiaconcursos.com.br\/blog\/#website","url":"https:\/\/www.estrategiaconcursos.com.br\/blog\/","name":"Estrat\u00e9gia Concursos","description":"O blog da Estrat\u00e9gia Concursos traz not\u00edcias sobre concursos e artigos de professores oferecendo cursos para concursos (pdf + videaulas) no site.","publisher":{"@id":"https:\/\/www.estrategiaconcursos.com.br\/blog\/#organization"},"potentialAction":[{"@type":"SearchAction","target":{"@type":"EntryPoint","urlTemplate":"https:\/\/www.estrategiaconcursos.com.br\/blog\/?s={search_term_string}"},"query-input":{"@type":"PropertyValueSpecification","valueRequired":true,"valueName":"search_term_string"}}],"inLanguage":"pt-BR"},{"@type":"Organization","@id":"https:\/\/www.estrategiaconcursos.com.br\/blog\/#organization","name":"Estrat\u00e9gia Concursos","url":"https:\/\/www.estrategiaconcursos.com.br\/blog\/","logo":{"@type":"ImageObject","inLanguage":"pt-BR","@id":"https:\/\/www.estrategiaconcursos.com.br\/blog\/#\/schema\/logo\/image\/","url":"https:\/\/dhg1h5j42swfq.cloudfront.net\/2025\/06\/03203428\/logo_concursos-1.jpg","contentUrl":"https:\/\/dhg1h5j42swfq.cloudfront.net\/2025\/06\/03203428\/logo_concursos-1.jpg","width":230,"height":60,"caption":"Estrat\u00e9gia Concursos"},"image":{"@id":"https:\/\/www.estrategiaconcursos.com.br\/blog\/#\/schema\/logo\/image\/"},"sameAs":["https:\/\/x.com\/EstratConcursos"]},{"@type":"Person","@id":"https:\/\/www.estrategiaconcursos.com.br\/blog\/#\/schema\/person\/024d26d5efb06d95dfc04025d7301591","name":"Igor Maciel","image":{"@type":"ImageObject","inLanguage":"pt-BR","@id":"https:\/\/secure.gravatar.com\/avatar\/e983a676af6facf4aebcb2989d49e3bf61b718712d5e7a4b3f355b7fe651bc2f?s=96&d=mm&r=g","url":"https:\/\/secure.gravatar.com\/avatar\/e983a676af6facf4aebcb2989d49e3bf61b718712d5e7a4b3f355b7fe651bc2f?s=96&d=mm&r=g","contentUrl":"https:\/\/secure.gravatar.com\/avatar\/e983a676af6facf4aebcb2989d49e3bf61b718712d5e7a4b3f355b7fe651bc2f?s=96&d=mm&r=g","caption":"Igor Maciel"},"description":"Graduado na Universidade Federal de Pernambuco, com extens\u00e3o na Universidade de Coimbra\/Portugal. Especialista LLM em Direito Corporativo pelo IBMEC\/RJ. Mestrando em Direito e Pol\u00edticas P\u00fablicas pelo UNICEUB\/DF. Advogado com atua\u00e7\u00e3o profissional centrada no Direito Tribut\u00e1rio e no Direito Administrativo, especialmente na defesa de servidores p\u00fablicos.","sameAs":["http:\/\/www.imaciel.com.br","https:\/\/www.facebook.com\/igor.maciel.1420"],"url":"https:\/\/www.estrategiaconcursos.com.br\/blog\/author\/contatoimaciel-com-br\/"}]}},"_links":{"self":[{"href":"https:\/\/www.estrategiaconcursos.com.br\/blog\/wp-json\/wp\/v2\/posts\/393582","targetHints":{"allow":["GET"]}}],"collection":[{"href":"https:\/\/www.estrategiaconcursos.com.br\/blog\/wp-json\/wp\/v2\/posts"}],"about":[{"href":"https:\/\/www.estrategiaconcursos.com.br\/blog\/wp-json\/wp\/v2\/types\/post"}],"author":[{"embeddable":true,"href":"https:\/\/www.estrategiaconcursos.com.br\/blog\/wp-json\/wp\/v2\/users\/317"}],"replies":[{"embeddable":true,"href":"https:\/\/www.estrategiaconcursos.com.br\/blog\/wp-json\/wp\/v2\/comments?post=393582"}],"version-history":[{"count":3,"href":"https:\/\/www.estrategiaconcursos.com.br\/blog\/wp-json\/wp\/v2\/posts\/393582\/revisions"}],"predecessor-version":[{"id":1108089,"href":"https:\/\/www.estrategiaconcursos.com.br\/blog\/wp-json\/wp\/v2\/posts\/393582\/revisions\/1108089"}],"wp:attachment":[{"href":"https:\/\/www.estrategiaconcursos.com.br\/blog\/wp-json\/wp\/v2\/media?parent=393582"}],"wp:term":[{"taxonomy":"category","embeddable":true,"href":"https:\/\/www.estrategiaconcursos.com.br\/blog\/wp-json\/wp\/v2\/categories?post=393582"},{"taxonomy":"post_tag","embeddable":true,"href":"https:\/\/www.estrategiaconcursos.com.br\/blog\/wp-json\/wp\/v2\/tags?post=393582"},{"taxonomy":"tax_estado","embeddable":true,"href":"https:\/\/www.estrategiaconcursos.com.br\/blog\/wp-json\/wp\/v2\/tax_estado?post=393582"}],"curies":[{"name":"wp","href":"https:\/\/api.w.org\/{rel}","templated":true}]}}