{"id":393463,"date":"2019-06-30T18:23:04","date_gmt":"2019-06-30T21:23:04","guid":{"rendered":"https:\/\/www.estrategiaconcursos.com.br\/blog\/?p=393463"},"modified":"2019-06-30T18:56:02","modified_gmt":"2019-06-30T21:56:02","slug":"comentarios-as-questoes-de-direito-da-crianca-e-do-adolescente-do-xxix-exame-de-ordem","status":"publish","type":"post","link":"https:\/\/www.estrategiaconcursos.com.br\/blog\/comentarios-as-questoes-de-direito-da-crianca-e-do-adolescente-do-xxix-exame-de-ordem\/","title":{"rendered":"Coment\u00e1rios \u00e0s Quest\u00f5es de Direito da Crian\u00e7a e do Adolescente do XXIX Exame de Ordem"},"content":{"rendered":"\n<p>Ol\u00e1! Analisamos as quest\u00f5es de Direito\nda Crian\u00e7a e do Adolescente aplicadas na prova do XXIX Exame de Ordem. S\u00e3o\nquest\u00f5es da FGV fresquinhas para voc\u00ea treinar. <\/p>\n\n\n\n<p>Caso voc\u00ea fique em d\u00favida, por\nfavor, no contate:<\/p>\n\n\n\n<p>INSTAGRAM:&nbsp;<a href=\"https:\/\/www.instagram.com\/proftorques\/\">https:\/\/www.instagram.com\/proftorques\/<\/a><\/p>\n\n\n\n<p>FACEBOOK:&nbsp;<a href=\"https:\/\/www.facebook.com\/direitoshumanosparaconcursos\">https:\/\/www.facebook.com\/direitoshumanosparaconcursos<\/a><\/p>\n\n\n\n<p>E-MAIL:&nbsp;<a href=\"mailto:rst.estrategia@gmail.com\">rst.estrategia@gmail.com<\/a><\/p>\n\n\n\n<p>Vamos \u00e0s quest\u00f5es?!<\/p>\n\n\n\n<p>&#8212;<\/p>\n\n\n\n<p><strong>Quest\u00e3o 42.<\/strong> J\u00falio, ap\u00f3s\ncompletar 17 anos de idade, deseja, contrariando seus pais adotivos, buscar\ninforma\u00e7\u00f5es sobre sua origem biol\u00f3gica junto \u00e0 Vara da Inf\u00e2ncia da Juventude\nseu domic\u00edlio. L\u00e1 chegando, a ele \u00e9 informado que n\u00e3o poderia ter acesso ao seu\nprocesso, pois a ado\u00e7\u00e3o \u00e9 irrevog\u00e1vel. Inconformado, J\u00falio procura um amigo,\nadvogado, afim de fazer uma consulta sobre seus direitos. De acordo com o\nEstatuto da Crian\u00e7a do Adolescente, assinale a op\u00e7\u00e3o que apresenta orienta\u00e7\u00e3o\njur\u00eddica correta para J\u00falio.<\/p>\n\n\n\n<p>A) Ele poder\u00e1 ter acesso ao\nprocesso, desde que receba orienta\u00e7\u00e3o e assist\u00eancia jur\u00eddica e psicol\u00f3gica.<\/p>\n\n\n\n<p>B) Ele n\u00e3o poder\u00e1 ter acesso ao\nprocesso at\u00e9 adquirir a maioridade.<\/p>\n\n\n\n<p>C) Ele poder\u00e1 ter acesso ao\nprocesso apenas se assistido por seus pais adotivos.<\/p>\n\n\n\n<p>D) Ele n\u00e3o poder\u00e1 ter acesso ao\nprocesso, pois ado\u00e7\u00e3o \u00e9 irrevog\u00e1vel.<\/p>\n\n\n\n<p><strong>Coment\u00e1rios<\/strong> <\/p>\n\n\n\n<p>A quest\u00e3o exige o conhecimento do\npar\u00e1grafo \u00fanico, do art. 48, do ECA:<\/p>\n\n\n\n<blockquote class=\"wp-block-quote is-layout-flow wp-block-quote-is-layout-flow\"><p>Par\u00e1grafo \u00fanico.&nbsp; O acesso ao processo de ado\u00e7\u00e3o poder\u00e1 ser tamb\u00e9m deferido ao adotado menor de 18 (dezoito) anos, a seu pedido, assegurada orienta\u00e7\u00e3o e assist\u00eancia jur\u00eddica e psicol\u00f3gica.<\/p><\/blockquote>\n\n\n\n<p>Portanto, a <strong>alternativa A<\/strong> est\u00e1 correta e \u00e9 o gabarito da quest\u00e3o. <\/p>\n\n\n\n<p>&#8212;<\/p>\n\n\n\n<p><strong>Quest\u00e3o 43.<\/strong> Gabriel,\nadolescente com 17 anos de idade, entrou armado em uma loja de conveni\u00eancia na\ncidade de Belo Horizonte, Minas Gerais, exigindo que o operador de caixa\nentregasse todo dinheiro que ele existisse. Um dos clientes da loja, policial\ncivil em folga, reagiu ao assalto, atirando em Gabriel, mas n\u00e3o acertando.<\/p>\n\n\n\n<p>Assustado, Gabriel empreendeu\nfuga, correndo em dire\u00e7\u00e3o a Betim, comarca lim\u00edtrofe em Belo Horizonte e onde\nresidem seus pais, l\u00e1 sendo capturado por policiais que se encontravam em uma\nviatura.<\/p>\n\n\n\n<p>Sobre o caso, assinale a op\u00e7\u00e3o\nque indica quem ser\u00e1 competente para as medidas judiciais necess\u00e1rias,\ninclusive a eventual estipula\u00e7\u00e3o de medida socioeducativa, desconsiderando\nqualquer fator de conex\u00e3o, contin\u00eancia ou de preven\u00e7\u00e3o.<\/p>\n\n\n\n<p>A) O Juiz da inf\u00e2ncia da\nJuventude da comarca de Belo Horizonte, ou o juiz que exerce essa fun\u00e7\u00e3o, por\nser a capital do estado.<\/p>\n\n\n\n<p>B)\u00a0 O Juiz da face da juventude, ou o juiz que exerce essa fun\u00e7\u00e3o, da comarca de Belo Horizonte, por ser um foro onde ocorreu o ato infracional cometido por Gabriel.<\/p>\n\n\n\n<p>C)&nbsp; O Juiz criminal da comarca de Betim, por ser\nonde residem os pais do adolescente.<\/p>\n\n\n\n<p>D)&nbsp; O Juiz da inf\u00e2ncia da Juventude, ou juiz que\nexerce essa fun\u00e7\u00e3o, da comarca de Betim, por ser onde residem os pais do\nadolescente.<\/p>\n\n\n\n<p><strong>Coment\u00e1rios<\/strong><\/p>\n\n\n\n<p>A <strong>alternativa B<\/strong> est\u00e1 correta e \u00e9 o gabarito da quest\u00e3o, conforme disp\u00f5e o art. 147, \u00a71\u00ba, do ECA:<\/p>\n\n\n\n<blockquote class=\"wp-block-quote is-layout-flow wp-block-quote-is-layout-flow\"><p>\u00a7 1\u00ba. Nos casos de ato infracional, ser\u00e1 competente a autoridade do lugar da a\u00e7\u00e3o ou omiss\u00e3o, observadas as regras de conex\u00e3o, contin\u00eancia e preven\u00e7\u00e3o.<\/p><\/blockquote>\n\n\n\n<p>&#8212;<\/p>\n\n\n\n<p>\u00c9 isso pessoal. <\/p>\n\n\n\n<p>Bons estudos!!<\/p>\n","protected":false},"excerpt":{"rendered":"<p>Ol\u00e1! Analisamos as quest\u00f5es de Direito da Crian\u00e7a e do Adolescente aplicadas na prova do XXIX Exame de Ordem. S\u00e3o quest\u00f5es da FGV fresquinhas para voc\u00ea treinar. Caso voc\u00ea fique em d\u00favida, por favor, no contate: INSTAGRAM:&nbsp;https:\/\/www.instagram.com\/proftorques\/ FACEBOOK:&nbsp;https:\/\/www.facebook.com\/direitoshumanosparaconcursos E-MAIL:&nbsp;rst.estrategia@gmail.com Vamos \u00e0s quest\u00f5es?! &#8212; Quest\u00e3o 42. J\u00falio, ap\u00f3s completar 17 anos de idade, deseja, contrariando seus [&hellip;]<\/p>\n","protected":false},"author":180,"featured_media":0,"comment_status":"open","ping_status":"closed","sticky":false,"template":"","format":"standard","meta":{"post_tipo":"article","footnotes":""},"categories":[1],"tags":[3497,1119,71,867,92814],"tax_estado":[],"class_list":["post-393463","post","type-post","status-publish","format-standard","hentry","category-cursos-e-concursos","tag-direito-da-crianca-e-do-adolescente","tag-eca","tag-oab","tag-prova-comentada","tag-xxix-exame-de-ordem"],"acf":[],"yoast_head":"<!-- This site is optimized with the Yoast SEO Premium plugin v27.2 (Yoast SEO v27.2) - https:\/\/yoast.com\/product\/yoast-seo-premium-wordpress\/ -->\n<title>Coment\u00e1rios \u00e0s Quest\u00f5es de Direito da Crian\u00e7a e do Adolescente do XXIX Exame de Ordem<\/title>\n<meta name=\"robots\" content=\"index, follow, max-snippet:-1, max-image-preview:large, max-video-preview:-1\" \/>\n<link rel=\"canonical\" href=\"https:\/\/www.estrategiaconcursos.com.br\/blog\/comentarios-as-questoes-de-direito-da-crianca-e-do-adolescente-do-xxix-exame-de-ordem\/\" \/>\n<meta property=\"og:locale\" content=\"pt_BR\" \/>\n<meta property=\"og:type\" content=\"article\" \/>\n<meta property=\"og:title\" content=\"Coment\u00e1rios \u00e0s Quest\u00f5es de Direito da Crian\u00e7a e do Adolescente do XXIX Exame de Ordem\" \/>\n<meta property=\"og:description\" content=\"Ol\u00e1! Analisamos as quest\u00f5es de Direito da Crian\u00e7a e do Adolescente aplicadas na prova do XXIX Exame de Ordem. S\u00e3o quest\u00f5es da FGV fresquinhas para voc\u00ea treinar. Caso voc\u00ea fique em d\u00favida, por favor, no contate: INSTAGRAM:&nbsp;https:\/\/www.instagram.com\/proftorques\/ FACEBOOK:&nbsp;https:\/\/www.facebook.com\/direitoshumanosparaconcursos E-MAIL:&nbsp;rst.estrategia@gmail.com Vamos \u00e0s quest\u00f5es?! &#8212; Quest\u00e3o 42. J\u00falio, ap\u00f3s completar 17 anos de idade, deseja, contrariando seus [&hellip;]\" \/>\n<meta property=\"og:url\" content=\"https:\/\/www.estrategiaconcursos.com.br\/blog\/comentarios-as-questoes-de-direito-da-crianca-e-do-adolescente-do-xxix-exame-de-ordem\/\" \/>\n<meta property=\"og:site_name\" content=\"Estrat\u00e9gia Concursos\" \/>\n<meta property=\"article:author\" content=\"https:\/\/www.facebook.com\/ricardo.s.torques\" \/>\n<meta property=\"article:published_time\" content=\"2019-06-30T21:23:04+00:00\" \/>\n<meta property=\"article:modified_time\" content=\"2019-06-30T21:56:02+00:00\" \/>\n<meta name=\"author\" content=\"Ricardo Torques\" \/>\n<meta name=\"twitter:card\" content=\"summary_large_image\" \/>\n<meta name=\"twitter:creator\" content=\"@EstratConcursos\" \/>\n<meta name=\"twitter:site\" content=\"@EstratConcursos\" \/>\n<meta name=\"twitter:label1\" content=\"Escrito por\" \/>\n\t<meta name=\"twitter:data1\" content=\"Ricardo Torques\" \/>\n\t<meta name=\"twitter:label2\" content=\"Est. tempo de leitura\" \/>\n\t<meta name=\"twitter:data2\" content=\"3 minutos\" \/>\n<script type=\"application\/ld+json\" class=\"yoast-schema-graph\">{\"@context\":\"https:\/\/schema.org\",\"@graph\":[{\"@type\":\"NewsArticle\",\"@id\":\"https:\/\/www.estrategiaconcursos.com.br\/blog\/comentarios-as-questoes-de-direito-da-crianca-e-do-adolescente-do-xxix-exame-de-ordem\/#article\",\"isPartOf\":{\"@id\":\"https:\/\/www.estrategiaconcursos.com.br\/blog\/comentarios-as-questoes-de-direito-da-crianca-e-do-adolescente-do-xxix-exame-de-ordem\/\"},\"author\":{\"name\":\"Ricardo Torques\",\"@id\":\"https:\/\/www.estrategiaconcursos.com.br\/blog\/#\/schema\/person\/aa39cf5ddb518e5bdce27c35788405e2\"},\"headline\":\"Coment\u00e1rios \u00e0s Quest\u00f5es de Direito da Crian\u00e7a e do Adolescente do XXIX Exame de Ordem\",\"datePublished\":\"2019-06-30T21:23:04+00:00\",\"dateModified\":\"2019-06-30T21:56:02+00:00\",\"mainEntityOfPage\":{\"@id\":\"https:\/\/www.estrategiaconcursos.com.br\/blog\/comentarios-as-questoes-de-direito-da-crianca-e-do-adolescente-do-xxix-exame-de-ordem\/\"},\"wordCount\":583,\"commentCount\":2,\"publisher\":{\"@id\":\"https:\/\/www.estrategiaconcursos.com.br\/blog\/#organization\"},\"keywords\":[\"Direito da Crian\u00e7a e do Adolescente\",\"ECA\",\"OAB\",\"prova comentada\",\"XXIX Exame de Ordem\"],\"articleSection\":[\"Concursos P\u00fablicos\"],\"inLanguage\":\"pt-BR\",\"potentialAction\":[{\"@type\":\"CommentAction\",\"name\":\"Comment\",\"target\":[\"https:\/\/www.estrategiaconcursos.com.br\/blog\/comentarios-as-questoes-de-direito-da-crianca-e-do-adolescente-do-xxix-exame-de-ordem\/#respond\"]}],\"copyrightYear\":\"2019\",\"copyrightHolder\":{\"@id\":\"https:\/\/www.estrategiaconcursos.com.br\/blog\/#organization\"}},{\"@type\":\"WebPage\",\"@id\":\"https:\/\/www.estrategiaconcursos.com.br\/blog\/comentarios-as-questoes-de-direito-da-crianca-e-do-adolescente-do-xxix-exame-de-ordem\/\",\"url\":\"https:\/\/www.estrategiaconcursos.com.br\/blog\/comentarios-as-questoes-de-direito-da-crianca-e-do-adolescente-do-xxix-exame-de-ordem\/\",\"name\":\"Coment\u00e1rios \u00e0s Quest\u00f5es de Direito da Crian\u00e7a e do Adolescente do XXIX Exame de Ordem\",\"isPartOf\":{\"@id\":\"https:\/\/www.estrategiaconcursos.com.br\/blog\/#website\"},\"datePublished\":\"2019-06-30T21:23:04+00:00\",\"dateModified\":\"2019-06-30T21:56:02+00:00\",\"breadcrumb\":{\"@id\":\"https:\/\/www.estrategiaconcursos.com.br\/blog\/comentarios-as-questoes-de-direito-da-crianca-e-do-adolescente-do-xxix-exame-de-ordem\/#breadcrumb\"},\"inLanguage\":\"pt-BR\",\"potentialAction\":[{\"@type\":\"ReadAction\",\"target\":[\"https:\/\/www.estrategiaconcursos.com.br\/blog\/comentarios-as-questoes-de-direito-da-crianca-e-do-adolescente-do-xxix-exame-de-ordem\/\"]}]},{\"@type\":\"BreadcrumbList\",\"@id\":\"https:\/\/www.estrategiaconcursos.com.br\/blog\/comentarios-as-questoes-de-direito-da-crianca-e-do-adolescente-do-xxix-exame-de-ordem\/#breadcrumb\",\"itemListElement\":[{\"@type\":\"ListItem\",\"position\":1,\"name\":\"In\u00edcio\",\"item\":\"https:\/\/www.estrategiaconcursos.com.br\/blog\/\"},{\"@type\":\"ListItem\",\"position\":2,\"name\":\"Coment\u00e1rios \u00e0s Quest\u00f5es de Direito da Crian\u00e7a e do Adolescente do XXIX Exame de Ordem\"}]},{\"@type\":\"WebSite\",\"@id\":\"https:\/\/www.estrategiaconcursos.com.br\/blog\/#website\",\"url\":\"https:\/\/www.estrategiaconcursos.com.br\/blog\/\",\"name\":\"Estrat\u00e9gia Concursos\",\"description\":\"O blog da Estrat\u00e9gia Concursos traz not\u00edcias sobre concursos e artigos de professores oferecendo cursos para concursos (pdf + videaulas) no site.\",\"publisher\":{\"@id\":\"https:\/\/www.estrategiaconcursos.com.br\/blog\/#organization\"},\"potentialAction\":[{\"@type\":\"SearchAction\",\"target\":{\"@type\":\"EntryPoint\",\"urlTemplate\":\"https:\/\/www.estrategiaconcursos.com.br\/blog\/?s={search_term_string}\"},\"query-input\":{\"@type\":\"PropertyValueSpecification\",\"valueRequired\":true,\"valueName\":\"search_term_string\"}}],\"inLanguage\":\"pt-BR\"},{\"@type\":\"Organization\",\"@id\":\"https:\/\/www.estrategiaconcursos.com.br\/blog\/#organization\",\"name\":\"Estrat\u00e9gia Concursos\",\"url\":\"https:\/\/www.estrategiaconcursos.com.br\/blog\/\",\"logo\":{\"@type\":\"ImageObject\",\"inLanguage\":\"pt-BR\",\"@id\":\"https:\/\/www.estrategiaconcursos.com.br\/blog\/#\/schema\/logo\/image\/\",\"url\":\"https:\/\/dhg1h5j42swfq.cloudfront.net\/2025\/06\/03203428\/logo_concursos-1.jpg\",\"contentUrl\":\"https:\/\/dhg1h5j42swfq.cloudfront.net\/2025\/06\/03203428\/logo_concursos-1.jpg\",\"width\":230,\"height\":60,\"caption\":\"Estrat\u00e9gia Concursos\"},\"image\":{\"@id\":\"https:\/\/www.estrategiaconcursos.com.br\/blog\/#\/schema\/logo\/image\/\"},\"sameAs\":[\"https:\/\/x.com\/EstratConcursos\"]},{\"@type\":\"Person\",\"@id\":\"https:\/\/www.estrategiaconcursos.com.br\/blog\/#\/schema\/person\/aa39cf5ddb518e5bdce27c35788405e2\",\"name\":\"Ricardo Torques\",\"image\":{\"@type\":\"ImageObject\",\"inLanguage\":\"pt-BR\",\"@id\":\"https:\/\/secure.gravatar.com\/avatar\/ce9ac6c3cff25fe86d15ed568ebc64d1724baf5c0693133bcb1f6073f712f92a?s=96&d=mm&r=g\",\"url\":\"https:\/\/secure.gravatar.com\/avatar\/ce9ac6c3cff25fe86d15ed568ebc64d1724baf5c0693133bcb1f6073f712f92a?s=96&d=mm&r=g\",\"contentUrl\":\"https:\/\/secure.gravatar.com\/avatar\/ce9ac6c3cff25fe86d15ed568ebc64d1724baf5c0693133bcb1f6073f712f92a?s=96&d=mm&r=g\",\"caption\":\"Ricardo Torques\"},\"sameAs\":[\"https:\/\/www.facebook.com\/ricardo.s.torques\"],\"url\":\"https:\/\/www.estrategiaconcursos.com.br\/blog\/author\/ricardotorquesestrategiaconcursos-com-br\/\"}]}<\/script>\n<!-- \/ Yoast SEO Premium plugin. -->","yoast_head_json":{"title":"Coment\u00e1rios \u00e0s Quest\u00f5es de Direito da Crian\u00e7a e do Adolescente do XXIX Exame de Ordem","robots":{"index":"index","follow":"follow","max-snippet":"max-snippet:-1","max-image-preview":"max-image-preview:large","max-video-preview":"max-video-preview:-1"},"canonical":"https:\/\/www.estrategiaconcursos.com.br\/blog\/comentarios-as-questoes-de-direito-da-crianca-e-do-adolescente-do-xxix-exame-de-ordem\/","og_locale":"pt_BR","og_type":"article","og_title":"Coment\u00e1rios \u00e0s Quest\u00f5es de Direito da Crian\u00e7a e do Adolescente do XXIX Exame de Ordem","og_description":"Ol\u00e1! Analisamos as quest\u00f5es de Direito da Crian\u00e7a e do Adolescente aplicadas na prova do XXIX Exame de Ordem. S\u00e3o quest\u00f5es da FGV fresquinhas para voc\u00ea treinar. Caso voc\u00ea fique em d\u00favida, por favor, no contate: INSTAGRAM:&nbsp;https:\/\/www.instagram.com\/proftorques\/ FACEBOOK:&nbsp;https:\/\/www.facebook.com\/direitoshumanosparaconcursos E-MAIL:&nbsp;rst.estrategia@gmail.com Vamos \u00e0s quest\u00f5es?! &#8212; Quest\u00e3o 42. J\u00falio, ap\u00f3s completar 17 anos de idade, deseja, contrariando seus [&hellip;]","og_url":"https:\/\/www.estrategiaconcursos.com.br\/blog\/comentarios-as-questoes-de-direito-da-crianca-e-do-adolescente-do-xxix-exame-de-ordem\/","og_site_name":"Estrat\u00e9gia Concursos","article_author":"https:\/\/www.facebook.com\/ricardo.s.torques","article_published_time":"2019-06-30T21:23:04+00:00","article_modified_time":"2019-06-30T21:56:02+00:00","author":"Ricardo Torques","twitter_card":"summary_large_image","twitter_creator":"@EstratConcursos","twitter_site":"@EstratConcursos","twitter_misc":{"Escrito por":"Ricardo Torques","Est. tempo de leitura":"3 minutos"},"schema":{"@context":"https:\/\/schema.org","@graph":[{"@type":"NewsArticle","@id":"https:\/\/www.estrategiaconcursos.com.br\/blog\/comentarios-as-questoes-de-direito-da-crianca-e-do-adolescente-do-xxix-exame-de-ordem\/#article","isPartOf":{"@id":"https:\/\/www.estrategiaconcursos.com.br\/blog\/comentarios-as-questoes-de-direito-da-crianca-e-do-adolescente-do-xxix-exame-de-ordem\/"},"author":{"name":"Ricardo Torques","@id":"https:\/\/www.estrategiaconcursos.com.br\/blog\/#\/schema\/person\/aa39cf5ddb518e5bdce27c35788405e2"},"headline":"Coment\u00e1rios \u00e0s Quest\u00f5es de Direito da Crian\u00e7a e do Adolescente do XXIX Exame de Ordem","datePublished":"2019-06-30T21:23:04+00:00","dateModified":"2019-06-30T21:56:02+00:00","mainEntityOfPage":{"@id":"https:\/\/www.estrategiaconcursos.com.br\/blog\/comentarios-as-questoes-de-direito-da-crianca-e-do-adolescente-do-xxix-exame-de-ordem\/"},"wordCount":583,"commentCount":2,"publisher":{"@id":"https:\/\/www.estrategiaconcursos.com.br\/blog\/#organization"},"keywords":["Direito da Crian\u00e7a e do Adolescente","ECA","OAB","prova comentada","XXIX Exame de Ordem"],"articleSection":["Concursos P\u00fablicos"],"inLanguage":"pt-BR","potentialAction":[{"@type":"CommentAction","name":"Comment","target":["https:\/\/www.estrategiaconcursos.com.br\/blog\/comentarios-as-questoes-de-direito-da-crianca-e-do-adolescente-do-xxix-exame-de-ordem\/#respond"]}],"copyrightYear":"2019","copyrightHolder":{"@id":"https:\/\/www.estrategiaconcursos.com.br\/blog\/#organization"}},{"@type":"WebPage","@id":"https:\/\/www.estrategiaconcursos.com.br\/blog\/comentarios-as-questoes-de-direito-da-crianca-e-do-adolescente-do-xxix-exame-de-ordem\/","url":"https:\/\/www.estrategiaconcursos.com.br\/blog\/comentarios-as-questoes-de-direito-da-crianca-e-do-adolescente-do-xxix-exame-de-ordem\/","name":"Coment\u00e1rios \u00e0s Quest\u00f5es de Direito da Crian\u00e7a e do Adolescente do XXIX Exame de Ordem","isPartOf":{"@id":"https:\/\/www.estrategiaconcursos.com.br\/blog\/#website"},"datePublished":"2019-06-30T21:23:04+00:00","dateModified":"2019-06-30T21:56:02+00:00","breadcrumb":{"@id":"https:\/\/www.estrategiaconcursos.com.br\/blog\/comentarios-as-questoes-de-direito-da-crianca-e-do-adolescente-do-xxix-exame-de-ordem\/#breadcrumb"},"inLanguage":"pt-BR","potentialAction":[{"@type":"ReadAction","target":["https:\/\/www.estrategiaconcursos.com.br\/blog\/comentarios-as-questoes-de-direito-da-crianca-e-do-adolescente-do-xxix-exame-de-ordem\/"]}]},{"@type":"BreadcrumbList","@id":"https:\/\/www.estrategiaconcursos.com.br\/blog\/comentarios-as-questoes-de-direito-da-crianca-e-do-adolescente-do-xxix-exame-de-ordem\/#breadcrumb","itemListElement":[{"@type":"ListItem","position":1,"name":"In\u00edcio","item":"https:\/\/www.estrategiaconcursos.com.br\/blog\/"},{"@type":"ListItem","position":2,"name":"Coment\u00e1rios \u00e0s Quest\u00f5es de Direito da Crian\u00e7a e do Adolescente do XXIX Exame de Ordem"}]},{"@type":"WebSite","@id":"https:\/\/www.estrategiaconcursos.com.br\/blog\/#website","url":"https:\/\/www.estrategiaconcursos.com.br\/blog\/","name":"Estrat\u00e9gia Concursos","description":"O blog da Estrat\u00e9gia Concursos traz not\u00edcias sobre concursos e artigos de professores oferecendo cursos para concursos (pdf + videaulas) no site.","publisher":{"@id":"https:\/\/www.estrategiaconcursos.com.br\/blog\/#organization"},"potentialAction":[{"@type":"SearchAction","target":{"@type":"EntryPoint","urlTemplate":"https:\/\/www.estrategiaconcursos.com.br\/blog\/?s={search_term_string}"},"query-input":{"@type":"PropertyValueSpecification","valueRequired":true,"valueName":"search_term_string"}}],"inLanguage":"pt-BR"},{"@type":"Organization","@id":"https:\/\/www.estrategiaconcursos.com.br\/blog\/#organization","name":"Estrat\u00e9gia Concursos","url":"https:\/\/www.estrategiaconcursos.com.br\/blog\/","logo":{"@type":"ImageObject","inLanguage":"pt-BR","@id":"https:\/\/www.estrategiaconcursos.com.br\/blog\/#\/schema\/logo\/image\/","url":"https:\/\/dhg1h5j42swfq.cloudfront.net\/2025\/06\/03203428\/logo_concursos-1.jpg","contentUrl":"https:\/\/dhg1h5j42swfq.cloudfront.net\/2025\/06\/03203428\/logo_concursos-1.jpg","width":230,"height":60,"caption":"Estrat\u00e9gia Concursos"},"image":{"@id":"https:\/\/www.estrategiaconcursos.com.br\/blog\/#\/schema\/logo\/image\/"},"sameAs":["https:\/\/x.com\/EstratConcursos"]},{"@type":"Person","@id":"https:\/\/www.estrategiaconcursos.com.br\/blog\/#\/schema\/person\/aa39cf5ddb518e5bdce27c35788405e2","name":"Ricardo Torques","image":{"@type":"ImageObject","inLanguage":"pt-BR","@id":"https:\/\/secure.gravatar.com\/avatar\/ce9ac6c3cff25fe86d15ed568ebc64d1724baf5c0693133bcb1f6073f712f92a?s=96&d=mm&r=g","url":"https:\/\/secure.gravatar.com\/avatar\/ce9ac6c3cff25fe86d15ed568ebc64d1724baf5c0693133bcb1f6073f712f92a?s=96&d=mm&r=g","contentUrl":"https:\/\/secure.gravatar.com\/avatar\/ce9ac6c3cff25fe86d15ed568ebc64d1724baf5c0693133bcb1f6073f712f92a?s=96&d=mm&r=g","caption":"Ricardo Torques"},"sameAs":["https:\/\/www.facebook.com\/ricardo.s.torques"],"url":"https:\/\/www.estrategiaconcursos.com.br\/blog\/author\/ricardotorquesestrategiaconcursos-com-br\/"}]}},"_links":{"self":[{"href":"https:\/\/www.estrategiaconcursos.com.br\/blog\/wp-json\/wp\/v2\/posts\/393463","targetHints":{"allow":["GET"]}}],"collection":[{"href":"https:\/\/www.estrategiaconcursos.com.br\/blog\/wp-json\/wp\/v2\/posts"}],"about":[{"href":"https:\/\/www.estrategiaconcursos.com.br\/blog\/wp-json\/wp\/v2\/types\/post"}],"author":[{"embeddable":true,"href":"https:\/\/www.estrategiaconcursos.com.br\/blog\/wp-json\/wp\/v2\/users\/180"}],"replies":[{"embeddable":true,"href":"https:\/\/www.estrategiaconcursos.com.br\/blog\/wp-json\/wp\/v2\/comments?post=393463"}],"version-history":[{"count":3,"href":"https:\/\/www.estrategiaconcursos.com.br\/blog\/wp-json\/wp\/v2\/posts\/393463\/revisions"}],"predecessor-version":[{"id":393513,"href":"https:\/\/www.estrategiaconcursos.com.br\/blog\/wp-json\/wp\/v2\/posts\/393463\/revisions\/393513"}],"wp:attachment":[{"href":"https:\/\/www.estrategiaconcursos.com.br\/blog\/wp-json\/wp\/v2\/media?parent=393463"}],"wp:term":[{"taxonomy":"category","embeddable":true,"href":"https:\/\/www.estrategiaconcursos.com.br\/blog\/wp-json\/wp\/v2\/categories?post=393463"},{"taxonomy":"post_tag","embeddable":true,"href":"https:\/\/www.estrategiaconcursos.com.br\/blog\/wp-json\/wp\/v2\/tags?post=393463"},{"taxonomy":"tax_estado","embeddable":true,"href":"https:\/\/www.estrategiaconcursos.com.br\/blog\/wp-json\/wp\/v2\/tax_estado?post=393463"}],"curies":[{"name":"wp","href":"https:\/\/api.w.org\/{rel}","templated":true}]}}