{"id":39268,"date":"2026-03-20T15:46:53","date_gmt":"2026-03-20T18:46:53","guid":{"rendered":"http:\/\/www.estrategiaconcursos.com.br\/blog\/?p=39268"},"modified":"2026-03-20T15:46:57","modified_gmt":"2026-03-20T18:46:57","slug":"concurso-policia-civil-rj","status":"publish","type":"post","link":"https:\/\/www.estrategiaconcursos.com.br\/blog\/concurso-policia-civil-rj\/","title":{"rendered":"Concurso Pol\u00edcia Civil RJ: banca em breve! Ser\u00e3o 414 vagas"},"content":{"rendered":"\n<p class=\"has-text-align-left\" style=\"font-size:clamp(14.082px, 0.88rem + ((1vw - 3.2px) * 0.678), 21px);\"><strong><em>Vagas do concurso PC RJ ser\u00e3o para Delegado, Perito Criminal, Perito Legista e Piloto Policial. Processo de contrata\u00e7\u00e3o da banca registra 9 propostas!<\/em><\/strong><\/p>\n\n\n\n<div style=\"height:32px\" aria-hidden=\"true\" class=\"wp-block-spacer\"><\/div>\n\n\n<p><center><a id=\"cta-icon\" href=\"https:\/\/sndflw.com\/i\/pc-rj-grupo\" target=\"_blank\" style=\"background:#29a61a; display:inline-flex; align-items:center; padding:10px 15px; border-radius:6px; color:#fff; text-decoration:none; font-weight:500; font-size:15px;\"><img decoding=\"async\" src=\"https:\/\/dhg1h5j42swfq.cloudfront.net\/2023\/12\/07154107\/whatsapp_13851.png\" alt=\"\" style=\"width:20px; height:20px; margin-right:8px;\"><span>Acesse agora o Grupo de Estudos para o Concurso PC RJ<\/span><\/a><\/center><\/p>\n\n\n\n<div style=\"height:32px\" aria-hidden=\"true\" class=\"wp-block-spacer\"><\/div>\n\n\n\n<p>Segue em andamento o processo de contrata\u00e7\u00e3o da banca organizadora do novo <strong>concurso PC RJ<\/strong> (<a href=\"https:\/\/www.estrategiaconcursos.com.br\/cursosPorConcurso\/policia-civil-rj-pc-rj\/\" target=\"_blank\" rel=\"noreferrer noopener\">Pol\u00edcia Civil do Rio de Janeiro<\/a>).<\/p>\n\n\n\n<p>Segundo informa\u00e7\u00f5es divulgadas, <strong>9 bancas apresentaram propostas<\/strong>: Instituto AOCP, Instituto Selecon, Funda\u00e7\u00e3o Ceperj, Cebraspe, Instituto Consulplan, Instituto Sele\u00e7\u00e3o, Idecan, Funda\u00e7\u00e3o Cesgranrio e Funda\u00e7\u00e3o Getulio Vargas (FGV).<\/p>\n\n\n\n<p>Recentemente, foi publicado o <strong>termo de refer\u00eancia<\/strong> que confirma a aplica\u00e7\u00e3o de Prova de Conhecimentos, Prova de Capacidade F\u00edsica, Exame Psicot\u00e9cnico, Exame M\u00e9dico e Curso de Forma\u00e7\u00e3o Profissional.<\/p>\n\n\n\n<p>Ser\u00e3o ofertadas <strong>414 vagas para os cargos de Perito Criminal, Perito Legista, Piloto Policial e Delegado<\/strong> da Pol\u00edcia Civil do Rio de Janeiro. Os sal\u00e1rios iniciais variam de R$ 13.981,45 a R$ 26.981,77.<\/p>\n\n\n\n<p>Al\u00e9m disso, o estado confirmou que a <a href=\"https:\/\/www.estrategiaconcursos.com.br\/blog\/concurso-pc-rj-governo-confirma-publicacao-em-breve\/\" target=\"_blank\" rel=\"noreferrer noopener\">publica\u00e7\u00e3o do edital deve ocorrer em breve<\/a>. Inclusive, foi sancionada a <strong>reestrutura\u00e7\u00e3o da estrutura da Pol\u00edcia Civil<\/strong>, um passo important\u00edssimo para que o certame seja realizado. <a href=\"https:\/\/www.estrategiaconcursos.com.br\/blog\/concurso-pc-rj-reestruturacao-sancionada\/\" target=\"_blank\" rel=\"noreferrer noopener\">Veja os detalhes<\/a>!<\/p>\n\n\n\n<ul class=\"wp-block-list has-very-light-gray-to-cyan-bluish-gray-gradient-background has-background\">\n<li><strong>Concurso PC RJ &#8211; Perito Criminal, Perito Legista, Piloto Policial e Delegado<\/strong><\/li>\n\n\n\n<li><strong>Status<\/strong>: comiss\u00e3o formada<\/li>\n\n\n\n<li><strong>Banca<\/strong>: em fase de contrata\u00e7\u00e3o<\/li>\n\n\n\n<li><strong>Vagas<\/strong>: 414<\/li>\n\n\n\n<li><strong>Remunera\u00e7\u00f5es: <\/strong>R$ 13.981,45 a R$ 26.981,77<\/li>\n\n\n\n<li><strong>\u00daltimo edital<\/strong>: <a href=\"https:\/\/dhg1h5j42swfq.cloudfront.net\/2021\/09\/23102336\/edital-pcerj-2021_estrategia.pdf\" target=\"_blank\" rel=\"noreferrer noopener nofollow\">PC RJ 2021<\/a><\/li>\n<\/ul>\n\n\n\n<figure style=\"margin: 0;\">\r\n<iframe\r\n    title=\"Mapa de Concursos P\u00fablicos\"\r\n    id=\"mapa-concursos-ga4\"\r\n    src=\"https:\/\/www.estrategiaconcursos.com.br\/blog\/mapa-concursos\/embed?situacoes=Inscri%C3%A7%C3%B5es+abertas%2CEdital+em+breve&#038;areas=Policial\"\r\n    width=\"100%\"\r\n    height=\"400\"\r\n    style=\"border: none; display: block;\"\r\n    loading=\"lazy\">\r\n<\/iframe>\r\n\r\n   <figcaption style=\"\r\n        text-align: center; \r\n        margin-top: 5px;  \r\n        font-size: 1.0em; \r\n        color: #000000;\r\n        font-family: Arial, Helvetica, sans-serif;\r\n    \">\r\n       <b>Conhe\u00e7a o Mapa de Concursos do Estrat\u00e9gia e veja os certames com inscri\u00e7\u00f5es abertas e editais em breve na \u00e1rea Policial<\/b>\r\n    <\/figcaption>\r\n<\/figure>\n\n\n\n<p>Sob organiza\u00e7\u00e3o da FGV, o \u00faltimo concurso PCERJ, em 2021, ofertou <strong>3.212 vagas<\/strong> para Inspetor, Investigador, Perito Criminal (\u00e1reas de Engenharia Civil, Engenharia Mec\u00e2nica e Qu\u00edmica), Perito Legista, T\u00e9cnico de Necropsia e Auxiliar de Necropsia.<\/p>\n\n\n\n<p>Inclusive, a sele\u00e7\u00e3o para Auxiliar de Necropsia teve sua <strong><a href=\"https:\/\/dhg1h5j42swfq.cloudfront.net\/2025\/11\/19085313\/ca3b3403-2ba5-423d-917f-7c2f3a47ee3a-1.png\" target=\"_blank\" rel=\"noreferrer noopener nofollow\">validade prorrogada<\/a><\/strong> por mais dois anos, a contar de janeiro de 2026. <\/p>\n\n\n\n<p>Confira neste artigo as principais informa\u00e7\u00f5es e novidades sobre este concurso da Pol\u00edcia Civil do RJ. Acompanhe os t\u00f3picos abaixo e n\u00e3o perca nenhum detalhe:<\/p>\n\n\n\n<ul id=\"indice\" class=\"wp-block-list\">\n<li><a href=\"#situacao\">Situa\u00e7\u00e3o atual do concurso<\/a>\n<ul class=\"wp-block-list\">\n<li><a href=\"#banca\">Banca organizadora<\/a><\/li>\n\n\n\n<li><a href=\"#comisssao\">Comisss\u00e3o formada<\/a><\/li>\n\n\n\n<li><a href=\"#h-edital-autorizado\">Edital autorizado<\/a><\/li>\n\n\n\n<li><a href=\"#reestruturacao\">Reestrutura\u00e7\u00e3o da PCERJ<\/a><\/li>\n<\/ul>\n<\/li>\n\n\n\n<li><a href=\"#carreira\">Conhe\u00e7a a Pol\u00edcia Civil do Rio de Janeiro<\/a>\n<ul class=\"wp-block-list\">\n<li><a href=\"#criada\">Quando foi criada?<\/a><\/li>\n\n\n\n<li><a href=\"#atripcerj\">Atribui\u00e7\u00f5es da PCERJ<\/a><\/li>\n\n\n\n<li><a href=\"#atricargo\">Atribui\u00e7\u00f5es dos cargos<\/a><\/li>\n\n\n\n<li><a href=\"#requisitos\">Requisitos dos cargos<\/a><\/li>\n\n\n\n<li><a href=\"#remuneracao\">Remunera\u00e7\u00f5es<\/a><\/li>\n\n\n\n<li><a href=\"#cargo-alto\">Cargo mais alto da PCERJ<\/a><\/li>\n<\/ul>\n<\/li>\n\n\n\n<li><a href=\"#ultimo\"><span style=\"text-decoration: underline;\">\u00daltimos concursos<\/span><\/a>\n<ul class=\"wp-block-list\">\n<li><a href=\"#h-edital-2021\">Edital 2021<\/a><\/li>\n\n\n\n<li><a href=\"#h-editais-anteriores\">Editais anteriores<\/a><\/li>\n<\/ul>\n<\/li>\n\n\n\n<li><a href=\"#materiais\">Materiais para estudos<\/a>\n<ul class=\"wp-block-list\">\n<li><a href=\"#vade\">Vade Mecum<\/a><\/li>\n\n\n\n<li><a href=\"#guia\">Guia de estudos<\/a><\/li>\n\n\n\n<li><a href=\"#estrategico\">Edital Estrat\u00e9gico<\/a><\/li>\n<\/ul>\n<\/li>\n\n\n\n<li><a href=\"#cursos\">Cursos e Assinaturas<\/a><\/li>\n\n\n\n<li><span style=\"text-decoration: underline;\"><a href=\"#ficha\">Ficha T\u00e9cnica<\/a><\/span><\/li>\n<\/ul>\n\n\n\n<div class=\"container\" id=\"boxes\">\n  <div class=\"row\">\n\n    <div class=\"col-sm\">\n      <div class=\"banner-policia-civil\" id=\"box-assinatura\">\n        <h3 class=\"titulo-assinatura\">Concurso PC RJ<\/h3>\n        <p class=\"subtitulo-assinatura\">Prepara\u00e7\u00e3o completa para a carreira na PC RJ<\/p>\n        <div class=\"box-botao\">\n          <a class=\"btn-assinatura\" target=\"_blank\" href=\"https:\/\/www.estrategiaconcursos.com.br\/cursosPorConcurso\/policia-civil-rj-pc-rj\/\" role=\"button\" rel=\"noopener noreferrer\">EXPLORAR CURSOS<\/a>\n        <\/div>\n      <\/div>\n    \n    <\/div>\n\n  <\/div>\n<\/div>\n\n\n\n<h2 class=\"wp-block-heading has-very-light-gray-to-cyan-bluish-gray-gradient-background has-background\" id=\"situacao\">Situa\u00e7\u00e3o atual do Concurso PC RJ<\/h2>\n\n\n\n<p>Veja as informa\u00e7\u00f5es mais importantes sobre o Concurso da Pol\u00edcia Civil do RJ:<\/p>\n\n\n\n<h3 class=\"wp-block-heading\" id=\"banca\">Banca organizadora<\/h3>\n\n\n\n<p>Em despacho divulgado, foi informado que 9 bancas est\u00e3o na disputa para organizar o pr\u00f3ximo concurso p\u00fablico da Pol\u00edcia Civil do Estado do Rio de Janeiro (PCERJ):<\/p>\n\n\n\n<ul class=\"wp-block-list\">\n<li><strong>Instituto AOCP<\/strong>;<\/li>\n\n\n\n<li><strong>Instituto Nacional de Sele\u00e7\u00f5es e Concursos (Selecon)<\/strong>;<\/li>\n\n\n\n<li><strong>Funda\u00e7\u00e3o Ceperj<\/strong>;<\/li>\n\n\n\n<li><strong>Cebraspe<\/strong>;<\/li>\n\n\n\n<li><strong>Instituto Consulplan<\/strong>;<\/li>\n\n\n\n<li><strong>Instituto Sele\u00e7\u00e3o<\/strong>;<\/li>\n\n\n\n<li><strong>Idecan<\/strong>;<\/li>\n\n\n\n<li><strong>Funda\u00e7\u00e3o Cesgranrio<\/strong>; e<\/li>\n\n\n\n<li><strong>Funda\u00e7\u00e3o Getulio Vargas (FGV)<\/strong>.<\/li>\n<\/ul>\n\n\n\n<p class=\"has-text-align-center has-very-light-gray-to-cyan-bluish-gray-gradient-background has-background\"><a href=\"https:\/\/dhg1h5j42swfq.cloudfront.net\/2025\/11\/12171040\/sei_erj-118636201-despacho-de-encaminhamento-de-processo_ec.pdf\" target=\"_blank\" rel=\"noreferrer noopener nofollow\">Veja aqui o documento<\/a> | <a href=\"https:\/\/dhg1h5j42swfq.cloudfront.net\/2025\/11\/12171037\/sei_erj-118653018-despacho-de-encaminhamento-de-processo_ec.pdf\" target=\"_blank\" rel=\"noreferrer noopener nofollow\">Veja as propostas<\/a><\/p>\n\n\n\n<p>Segundo o <strong>termo de refer\u00eancia<\/strong>, os candidatos ser\u00e3o avaliados por Prova de Conhecimentos, Prova de Capacidade F\u00edsica, Exame Psicot\u00e9cnico, Exame M\u00e9dico e Curso de Forma\u00e7\u00e3o Profissional.<\/p>\n\n\n\n<p>Na Prova de Conhecimentos do concurso para o cargo de Perito Criminal e Perito Legista, as 100 quest\u00f5es ser\u00e3o distribu\u00eddas da seguinte forma: 30 de l\u00edngua portuguesa, 50 de conhecimentos espec\u00edficos da carreira (segundo a especialidade) e 20 de no\u00e7\u00f5es de direito.<\/p>\n\n\n\n<p>Na Prova de Conhecimentos do concurso para o cargo de Piloto Policial, as 100 quest\u00f5es ser\u00e3o distribu\u00eddas da seguinte forma: 10 de l\u00edngua portuguesa, 10 de Geografia do Estado do Rio de Janeiro, 10 de Ingl\u00eas T\u00e9cnico B\u00e1sico, e 70 de conhecimentos espec\u00edficos da carreira.<\/p>\n\n\n\n<ul class=\"wp-block-list\">\n<li><a href=\"https:\/\/dhg1h5j42swfq.cloudfront.net\/2025\/10\/03163742\/sei_erj-110159085-termo-de-referencia-de-material_servico.pdf\" target=\"_blank\" rel=\"noreferrer noopener nofollow\">Veja aqui o termo de refer\u00eancia do concurso PC RJ<\/a><\/li>\n<\/ul>\n\n\n\n<h3 class=\"wp-block-heading\" id=\"comisssao\">Comisss\u00e3o formada<\/h3>\n\n\n\n<p>Foi<strong><a href=\"https:\/\/www.estrategiaconcursos.com.br\/blog\/concurso-pc-rj-2025-comissao-formada\/\" target=\"_blank\" rel=\"noreferrer noopener\">atualizada a comiss\u00e3o permanente<\/a><\/strong> para acompanhar a realiza\u00e7\u00e3o do novo concurso p\u00fablico da Pol\u00edcia Civil do Rio de Janeiro (Concurso PC RJ). Segundo o ato, o grupo \u00e9 composto por oito membros, conforme abaixo:<\/p>\n\n\n\n<ul class=\"wp-block-list\">\n<li><strong>I &#8211; <\/strong>secret\u00e1rio de Estado de Pol\u00edcia Civil &#8211; Presidente;<\/li>\n\n\n\n<li><strong>II &#8211;<\/strong> subsecret\u00e1rio de Gest\u00e3o Administrativa &#8211; Membro;<\/li>\n\n\n\n<li><strong>III &#8211;<\/strong> subsecret\u00e1rio de Planejamento e Integra\u00e7\u00e3o Operacional &#8211; Membro;<\/li>\n\n\n\n<li><strong>IV &#8211;<\/strong> subsecretario de Intelig\u00eancia &#8211; Membro;<\/li>\n\n\n\n<li><strong>V &#8211;<\/strong> chefe de Gabinete &#8211; Membro;<\/li>\n\n\n\n<li><strong>VI &#8211;<\/strong> corregedor Geral de Pol\u00edcia &#8211; Membro;<\/li>\n\n\n\n<li><strong>VII &#8211;<\/strong> diretor da Academia Estadual de Pol\u00edcia Sylvio Terra &#8211; Membro;<\/li>\n\n\n\n<li><strong>VIII &#8211;<\/strong> superintendente Geral de Pol\u00edcia T\u00e9cnico-Cientifica &#8211; Membro.<\/li>\n<\/ul>\n\n\n\n<figure class=\"wp-block-image aligncenter size-full\"><img loading=\"lazy\" decoding=\"async\" width=\"405\" height=\"671\" src=\"https:\/\/dhg1h5j42swfq.cloudfront.net\/2025\/05\/21154033\/comissao-concurso-pc-rj-2025.png\" alt=\"Comiss\u00e3o do concurso PC RJ 2025\" class=\"wp-image-1579193\" srcset=\"https:\/\/dhg1h5j42swfq.cloudfront.net\/2025\/05\/21154033\/comissao-concurso-pc-rj-2025.png 405w, https:\/\/dhg1h5j42swfq.cloudfront.net\/2025\/05\/21154033\/comissao-concurso-pc-rj-2025-181x300.png 181w, https:\/\/dhg1h5j42swfq.cloudfront.net\/2025\/05\/21154033\/comissao-concurso-pc-rj-2025-150x249.png 150w\" sizes=\"auto, (max-width: 405px) 100vw, 405px\" \/><figcaption class=\"wp-element-caption\">Comiss\u00e3o do concurso PC RJ<\/figcaption><\/figure>\n\n\n\n<h3 class=\"wp-block-heading\" id=\"h-edital-pc-rj-autorizado\">Edital PC RJ autorizado<\/h3>\n\n\n\n<p>Ap\u00f3s o governador Cl\u00e1udio Castro anunciar que autorizou um novo concurso p\u00fablico da Pol\u00edcia Civil do Rio de Janeiro, o aval foi divulgado no Di\u00e1rio Oficia. Veja na \u00edntegra!<\/p>\n\n\n\n<figure class=\"wp-block-image aligncenter size-full is-resized\"><img loading=\"lazy\" decoding=\"async\" width=\"613\" height=\"387\" src=\"https:\/\/dhg1h5j42swfq.cloudfront.net\/2025\/04\/10091440\/4de31092-4b69-4983-b73d-8c5960bd48e5-1.png\" alt=\"Oficializa\u00e7\u00e3o do aval do novo concurso PC RJ 2025\" class=\"wp-image-1560878\" style=\"width:546px;height:auto\" srcset=\"https:\/\/dhg1h5j42swfq.cloudfront.net\/2025\/04\/10091440\/4de31092-4b69-4983-b73d-8c5960bd48e5-1.png 613w, https:\/\/dhg1h5j42swfq.cloudfront.net\/2025\/04\/10091440\/4de31092-4b69-4983-b73d-8c5960bd48e5-1-300x189.png 300w, https:\/\/dhg1h5j42swfq.cloudfront.net\/2025\/04\/10091440\/4de31092-4b69-4983-b73d-8c5960bd48e5-1-150x95.png 150w\" sizes=\"auto, (max-width: 613px) 100vw, 613px\" \/><figcaption class=\"wp-element-caption\">Oficializa\u00e7\u00e3o do aval do novo concurso PC RJ<\/figcaption><\/figure>\n\n\n\n<p>O documento confirma a oferta de <strong>414 vagas<\/strong>. Veja a distribui\u00e7\u00e3o das oportunidades:<\/p>\n\n\n\n<ul class=\"wp-block-list\">\n<li><strong>Delegado<\/strong> &#8211; 85 vagas;<\/li>\n\n\n\n<li><strong>Perito Criminal<\/strong> &#8211; 76 vagas;<\/li>\n\n\n\n<li><strong>Perito Legista<\/strong> &#8211; 251 vagas; e<\/li>\n\n\n\n<li><strong>Piloto Policial<\/strong> &#8211; 2 vagas.<\/li>\n<\/ul>\n\n\n\n<h3 class=\"wp-block-heading\" id=\"reestruturacao\">Reestrutura\u00e7\u00e3o da Pol\u00edcia Civil RJ<\/h3>\n\n\n\n<p>A <strong><a href=\"https:\/\/dhg1h5j42swfq.cloudfront.net\/2025\/10\/23111844\/ilovepdf_merged-7-1.pdf\" target=\"_blank\" rel=\"noreferrer noopener nofollow\">Lei n\u00ba 6.027\/2025<\/a><\/strong>&nbsp;<strong>reorganiza todo o quadro permanente<\/strong>&nbsp;da Pol\u00edcia Civil,&nbsp;<strong>extinguindo e unificando<\/strong>&nbsp;alguns cargos:<\/p>\n\n\n\n<ul class=\"wp-block-list\">\n<li><strong>Inspetor de Pol\u00edcia, Oficial de Cart\u00f3rio Policial e Investigador Policial<\/strong>&nbsp;passam a se chamar&nbsp;<strong>Oficial de Pol\u00edcia Civil<\/strong>;<\/li>\n\n\n\n<li><strong>T\u00e9cnico Policial de Necropsia e Auxiliar Policial de Necropsia<\/strong>&nbsp;passam a se chamar&nbsp;<strong>Agente de Pol\u00edcia Cient\u00edfica<\/strong>; e<\/li>\n\n\n\n<li><strong>Engenheiro Policial de Telecomunica\u00e7\u00f5es<\/strong>&nbsp;\u2013 fun\u00e7\u00e3o&nbsp;<strong>extinta<\/strong>.<\/li>\n<\/ul>\n\n\n\n<h4 class=\"wp-block-heading\" id=\"h-vencimentos-e-adicionais\">Vencimentos e adicionais<\/h4>\n\n\n\n<p>O texto define crit\u00e9rios mais claros sobre as gratifica\u00e7\u00f5es oferecidas aos profissionais:<\/p>\n\n\n\n<ul class=\"wp-block-list\">\n<li><strong>Adicional de Periculosidade:<\/strong>&nbsp;230% sobre o vencimento-base (exceto Delegados).<\/li>\n\n\n\n<li><strong>Gratifica\u00e7\u00e3o de Habilita\u00e7\u00e3o Profissional:<\/strong>\n<ul class=\"wp-block-list\">\n<li>Forma\u00e7\u00e3o profissional: +90%<\/li>\n\n\n\n<li>Aperfei\u00e7oamento: +95%<\/li>\n\n\n\n<li>Especializa\u00e7\u00e3o: +100%<\/li>\n\n\n\n<li>Curso Superior de Pol\u00edcia: +105%<\/li>\n<\/ul>\n<\/li>\n\n\n\n<li><strong>Gratifica\u00e7\u00e3o T\u00e9cnico-Cient\u00edfica (para Peritos):<\/strong>&nbsp;+100% do vencimento-base.<\/li>\n\n\n\n<li><strong>Verba de representa\u00e7\u00e3o para Delegado:<\/strong>&nbsp;+212% sobre o vencimento-base.<\/li>\n<\/ul>\n\n\n\n<h4 class=\"wp-block-heading\" id=\"h-promocoes\">Promo\u00e7\u00f5es<\/h4>\n\n\n\n<ul class=\"wp-block-list\">\n<li><strong>Ocorrer\u00e3o duas vezes por ano<\/strong>: 21 de abril e 29 de setembro;<\/li>\n\n\n\n<li><strong>Crit\u00e9rios:<\/strong>&nbsp;por antiguidade e merecimento; e<\/li>\n\n\n\n<li>Promo\u00e7\u00f5es por&nbsp;<strong>bravura e post mortem<\/strong>&nbsp;tamb\u00e9m s\u00e3o previstas na lei.<\/li>\n<\/ul>\n\n\n\n<h2 class=\"wp-block-heading has-very-light-gray-to-cyan-bluish-gray-gradient-background has-background\" id=\"carreira\">Conhe\u00e7a a Pol\u00edcia Civil do RJ<\/h2>\n\n\n\n<h3 class=\"wp-block-heading\" id=\"criada\">Quando foi criada a PCERJ?<\/h3>\n\n\n\n<p>A hist\u00f3ria da Pol\u00edcia Civil do Rio de Janeiro remonta a 1808, quando a transfer\u00eancia da Corte portuguesa para o Brasil transformou o ent\u00e3o Rio de Janeiro no centro pol\u00edtico do Imp\u00e9rio. Nesse contexto, o pr\u00edncipe regente, Dom Jo\u00e3o VI, criou a Intend\u00eancia Geral de Pol\u00edcia da Corte e do Estado do Brasil, \u00f3rg\u00e3o respons\u00e1vel por organizar a seguran\u00e7a p\u00fablica, fiscalizar costumes, controlar a ordem urbana e atuar na repress\u00e3o a crimes. <\/p>\n\n\n\n<p>O primeiro Intendente-Geral foi Paulo Fernandes Viana, figura central na consolida\u00e7\u00e3o do modelo policial inspirado em padr\u00f5es europeus, especialmente no sistema portugu\u00eas. A Intend\u00eancia tinha amplos poderes administrativos e judiciais, funcionando como autoridade respons\u00e1vel por investiga\u00e7\u00f5es, emiss\u00e3o de licen\u00e7as, controle de estrangeiros e at\u00e9 quest\u00f5es relacionadas \u00e0 moral p\u00fablica. <\/p>\n\n\n\n<p>Ao longo do s\u00e9culo XIX, a estrutura policial passou por reformas e adapta\u00e7\u00f5es, acompanhando as transforma\u00e7\u00f5es institucionais do Brasil Imp\u00e9rio e, posteriormente, da Rep\u00fablica. Com a separa\u00e7\u00e3o das fun\u00e7\u00f5es policiais entre pol\u00edcia administrativa e pol\u00edcia judici\u00e1ria, consolidou-se o papel investigativo que caracteriza a atual Pol\u00edcia Civil. <\/p>\n\n\n\n<h3 class=\"wp-block-heading\" id=\"atripcerj\">Atribui\u00e7\u00f5es da PCERJ<\/h3>\n\n\n\n<p>A Pol\u00edcia Civil do Estado do Rio de Janeiro \u00e9 respons\u00e1vel por investigar crimes no estado, exercendo a fun\u00e7\u00e3o de pol\u00edcia judici\u00e1ria. Cabe \u00e0 institui\u00e7\u00e3o instaurar inqu\u00e9ritos, reunir provas, identificar autores de infra\u00e7\u00f5es penais e cumprir mandados de pris\u00e3o e busca expedidos pela Justi\u00e7a.<\/p>\n\n\n\n<p>Al\u00e9m da atua\u00e7\u00e3o investigativa, a corpora\u00e7\u00e3o mant\u00e9m delegacias especializadas e desempenha atividades administrativas, como a emiss\u00e3o de documentos de identifica\u00e7\u00e3o. Integrante do sistema de seguran\u00e7a p\u00fablica, atua em apoio ao Minist\u00e9rio P\u00fablico e ao Poder Judici\u00e1rio na responsabiliza\u00e7\u00e3o criminal.<\/p>\n\n\n\n<h3 class=\"wp-block-heading\" id=\"atricargo\">Atribui\u00e7\u00f5es dos cargos<\/h3>\n\n\n\n<ul class=\"wp-block-list\">\n<li><strong>Oficial de Pol\u00edcia Civil: <\/strong>exercer atividades, envolvendo supervis\u00e3o, coordena\u00e7\u00e3o, orienta\u00e7\u00e3o e controle de chefias de policiais civis, bem como assist\u00eancia \u00e0s autoridades superiores em assuntos t\u00e9cnicos especializados e fiscaliza\u00e7\u00e3o de trabalhos de seguran\u00e7a, investiga\u00e7\u00f5es e opera\u00e7\u00f5es policiais; apurar e reunir os fatos que envolvem um crime com o objetivo de encontrar o respons\u00e1vel ou respons\u00e1veis, identificar, localizar e interrogar suspeitos, coletar evid\u00eancias e provas, elaborar relat\u00f3rios de investiga\u00e7\u00e3o, cumprir mandados judiciais e efetuar pris\u00f5es, escoltar presos, manter a seguran\u00e7a de locais em investiga\u00e7\u00e3o, conduzir viaturas policiais, conservar e manusear armas de fogo. <\/li>\n<\/ul>\n\n\n\n<ul class=\"wp-block-list\">\n<li><strong>Perito Legista:<\/strong> exercer atividades de n\u00edvel superior e envolvendo supervis\u00e3o, planejamento, coordena\u00e7\u00e3o, controle, orienta\u00e7\u00e3o e execu\u00e7\u00e3o de per\u00edcias m\u00e9dico-legais, no vivo e no morto e exames decorrentes, bem como estabelecimento de novos m\u00e9todos, t\u00e9cnicas e procedimentos de trabalho, em qualquer \u00f3rg\u00e3o da Pol\u00edcia Civil, compat\u00edvel com as suas atribui\u00e7\u00f5es.<\/li>\n<\/ul>\n\n\n\n<ul class=\"wp-block-list\">\n<li><strong><\/strong><strong>Agente de Pol\u00edcia Cient\u00edfica<\/strong>: exercer atividades de natureza repetitiva relativa \u00e0 execu\u00e7\u00e3o de trabalhos operacionais-complementares, na \u00e1rea de an\u00e1tomo-patologia, abrangendo a realiza\u00e7\u00e3o de necropsia, limpeza e disseca\u00e7\u00e3o de cad\u00e1veres, sob supervis\u00e3o direta de Peritos Policiais, assim como conserva\u00e7\u00e3o do material t\u00e9cnico.<\/li>\n<\/ul>\n\n\n\n<ul class=\"wp-block-list\">\n<li><strong>Perito Criminal:<\/strong> exercer atividades de n\u00edvel superior, envolvendo supervis\u00e3o, planejamento, estudos, coordena\u00e7\u00e3o, controle, orienta\u00e7\u00e3o e execu\u00e7\u00e3o de per\u00edcias criminais em geral, observadas as respectivas especialidades, bem como o estabelecimento de novas t\u00e9cnicas e procedimentos de trabalho, em qualquer \u00f3rg\u00e3o da Pol\u00edcia Civil, compat\u00edvel com suas atribui\u00e7\u00f5es.<\/li>\n<\/ul>\n\n\n\n<h3 class=\"wp-block-heading\" id=\"requisitos\">Requisitos dos cargos<\/h3>\n\n\n\n<ul class=\"wp-block-list\">\n<li><strong>Delegado:<\/strong>&nbsp;Bacharelado em Direito;<\/li>\n\n\n\n<li><strong>Perito Legista:<\/strong>&nbsp;Medicina, Odontologia ou Farm\u00e1cia;<\/li>\n\n\n\n<li><strong>Perito Criminal:<\/strong>&nbsp;cursos de Exatas, Sa\u00fade, Biol\u00f3gicas ou Ci\u00eancias da Terra (Engenharias, F\u00edsica, Biologia, etc.);<\/li>\n\n\n\n<li><strong>Perito Papiloscopista:<\/strong>&nbsp;diversas gradua\u00e7\u00f5es de n\u00edvel superior (Sa\u00fade, Exatas e Biol\u00f3gicas);<\/li>\n\n\n\n<li><strong>Oficial de Pol\u00edcia Civil:<\/strong>&nbsp;gradua\u00e7\u00e3o de 4 anos;<\/li>\n\n\n\n<li><strong>Agente de Pol\u00edcia Cient\u00edfica:<\/strong>&nbsp;n\u00edvel m\u00e9dio; e<\/li>\n\n\n\n<li><strong>Piloto Policial:<\/strong>&nbsp;n\u00edvel superior + licen\u00e7a ANAC.<\/li>\n<\/ul>\n\n\n\n<h3 class=\"wp-block-heading\" id=\"remuneracao\">Remunera\u00e7\u00e3o e carga hor\u00e1ria<\/h3>\n\n\n\n<p>As remunera\u00e7\u00f5es da <strong>Pol\u00edcia Civil do Rio de Janeiro<\/strong>, segundo tabela que consta no Portal da Transpar\u00eancia, est\u00e3o descritas nas tabelas abaixo:<\/p>\n\n\n\n<figure class=\"wp-block-image aligncenter size-full\"><img loading=\"lazy\" decoding=\"async\" width=\"798\" height=\"803\" src=\"https:\/\/dhg1h5j42swfq.cloudfront.net\/2025\/04\/09104639\/salarios-concurso-pc-rj-referencia-2024.png\" alt=\"quadro de remunera\u00e7\u00e3o da Pol\u00edcia Civil do Rio de Janeiro, em junho de 2024\" class=\"wp-image-1560244\" srcset=\"https:\/\/dhg1h5j42swfq.cloudfront.net\/2025\/04\/09104639\/salarios-concurso-pc-rj-referencia-2024.png 798w, https:\/\/dhg1h5j42swfq.cloudfront.net\/2025\/04\/09104639\/salarios-concurso-pc-rj-referencia-2024-298x300.png 298w, https:\/\/dhg1h5j42swfq.cloudfront.net\/2025\/04\/09104639\/salarios-concurso-pc-rj-referencia-2024-150x151.png 150w, https:\/\/dhg1h5j42swfq.cloudfront.net\/2025\/04\/09104639\/salarios-concurso-pc-rj-referencia-2024-768x773.png 768w, https:\/\/dhg1h5j42swfq.cloudfront.net\/2025\/04\/09104639\/salarios-concurso-pc-rj-referencia-2024-96x96.png 96w\" sizes=\"auto, (max-width: 798px) 100vw, 798px\" \/><figcaption class=\"wp-element-caption\">Tabela de vencimentos e gratifica\u00e7\u00f5es do concurso PC RJ &#8211; refer\u00eancia junho\/2024 \/ Portal da Transpar\u00eancia<\/figcaption><\/figure>\n\n\n\n<figure class=\"wp-block-image aligncenter size-full is-resized\"><img loading=\"lazy\" decoding=\"async\" width=\"867\" height=\"226\" src=\"https:\/\/dhg1h5j42swfq.cloudfront.net\/2025\/04\/09104759\/tabela-remuneracao-concurso-pc-rj-delegado.png\" alt=\"quadro de remunera\u00e7\u00e3o do cargo de Delegado da PC RJ, em junho de 2024.\" class=\"wp-image-1560249\" style=\"width:796px;height:auto\" srcset=\"https:\/\/dhg1h5j42swfq.cloudfront.net\/2025\/04\/09104759\/tabela-remuneracao-concurso-pc-rj-delegado.png 867w, https:\/\/dhg1h5j42swfq.cloudfront.net\/2025\/04\/09104759\/tabela-remuneracao-concurso-pc-rj-delegado-300x78.png 300w, https:\/\/dhg1h5j42swfq.cloudfront.net\/2025\/04\/09104759\/tabela-remuneracao-concurso-pc-rj-delegado-768x200.png 768w, https:\/\/dhg1h5j42swfq.cloudfront.net\/2025\/04\/09104759\/tabela-remuneracao-concurso-pc-rj-delegado-150x39.png 150w\" sizes=\"auto, (max-width: 867px) 100vw, 867px\" \/><figcaption class=\"wp-element-caption\">Tabela de vencimentos e gratifica\u00e7\u00f5es do concurso PC RJ (delegado) &#8211; refer\u00eancia junho\/2024 \/ Portal da Transpar\u00eancia<\/figcaption><\/figure>\n\n\n\n<p>Ademais, abaixo voc\u00ea pode conferir os valores reais dos sal\u00e1rios do concurso PC RJ, conforme dados obtidos no <a href=\"https:\/\/www.rj.gov.br\/remuneracao\/\" target=\"_blank\" rel=\"noreferrer noopener\">Portal de Transpar\u00eancia<\/a> da corpora\u00e7\u00e3o:<\/p>\n\n\n\n<p><strong>Investigador Policial<\/strong><\/p>\n\n\n\n<figure class=\"wp-block-image aligncenter size-full\"><img loading=\"lazy\" decoding=\"async\" width=\"801\" height=\"219\" src=\"https:\/\/dhg1h5j42swfq.cloudfront.net\/2025\/11\/13173734\/image-135.png\" alt=\"Remunera\u00e7\u00e3o de um servidor admitido em 2010\" class=\"wp-image-1670354\" srcset=\"https:\/\/dhg1h5j42swfq.cloudfront.net\/2025\/11\/13173734\/image-135.png 801w, https:\/\/dhg1h5j42swfq.cloudfront.net\/2025\/11\/13173734\/image-135-300x82.png 300w, https:\/\/dhg1h5j42swfq.cloudfront.net\/2025\/11\/13173734\/image-135-768x210.png 768w, https:\/\/dhg1h5j42swfq.cloudfront.net\/2025\/11\/13173734\/image-135-150x41.png 150w\" sizes=\"auto, (max-width: 801px) 100vw, 801px\" \/><figcaption class=\"wp-element-caption\">Remunera\u00e7\u00e3o de um servidor admitido em 2010<\/figcaption><\/figure>\n\n\n\n<p><strong>Inspetor Policial<\/strong><\/p>\n\n\n\n<figure class=\"wp-block-image aligncenter size-full\"><img loading=\"lazy\" decoding=\"async\" width=\"837\" height=\"225\" src=\"https:\/\/dhg1h5j42swfq.cloudfront.net\/2025\/11\/13174229\/image-138.png\" alt=\"Remunera\u00e7\u00e3o de um servidor admitido em 2011\" class=\"wp-image-1670366\" srcset=\"https:\/\/dhg1h5j42swfq.cloudfront.net\/2025\/11\/13174229\/image-138.png 837w, https:\/\/dhg1h5j42swfq.cloudfront.net\/2025\/11\/13174229\/image-138-300x81.png 300w, https:\/\/dhg1h5j42swfq.cloudfront.net\/2025\/11\/13174229\/image-138-768x206.png 768w, https:\/\/dhg1h5j42swfq.cloudfront.net\/2025\/11\/13174229\/image-138-150x40.png 150w\" sizes=\"auto, (max-width: 837px) 100vw, 837px\" \/><figcaption class=\"wp-element-caption\">Remunera\u00e7\u00e3o de um servidor admitido em 2011<\/figcaption><\/figure>\n\n\n\n<p><strong>Auxiliar Policial de Necropsia<\/strong><\/p>\n\n\n\n<figure class=\"wp-block-image aligncenter size-full\"><img loading=\"lazy\" decoding=\"async\" width=\"840\" height=\"229\" src=\"https:\/\/dhg1h5j42swfq.cloudfront.net\/2025\/11\/13174422\/image-139.png\" alt=\"Remunera\u00e7\u00e3o de um servidor admitido em 2024\" class=\"wp-image-1670367\" srcset=\"https:\/\/dhg1h5j42swfq.cloudfront.net\/2025\/11\/13174422\/image-139.png 840w, https:\/\/dhg1h5j42swfq.cloudfront.net\/2025\/11\/13174422\/image-139-300x82.png 300w, https:\/\/dhg1h5j42swfq.cloudfront.net\/2025\/11\/13174422\/image-139-768x209.png 768w, https:\/\/dhg1h5j42swfq.cloudfront.net\/2025\/11\/13174422\/image-139-150x41.png 150w\" sizes=\"auto, (max-width: 840px) 100vw, 840px\" \/><\/figure>\n\n\n\n<p><strong>Delegado<\/strong><\/p>\n\n\n\n<figure class=\"wp-block-image aligncenter size-full\"><img loading=\"lazy\" decoding=\"async\" width=\"757\" height=\"229\" src=\"https:\/\/dhg1h5j42swfq.cloudfront.net\/2025\/11\/13173929\/image-136.png\" alt=\"Remunera\u00e7\u00e3o de um servidor admitido em 2023\" class=\"wp-image-1670364\" srcset=\"https:\/\/dhg1h5j42swfq.cloudfront.net\/2025\/11\/13173929\/image-136.png 757w, https:\/\/dhg1h5j42swfq.cloudfront.net\/2025\/11\/13173929\/image-136-300x91.png 300w, https:\/\/dhg1h5j42swfq.cloudfront.net\/2025\/11\/13173929\/image-136-150x45.png 150w\" sizes=\"auto, (max-width: 757px) 100vw, 757px\" \/><figcaption class=\"wp-element-caption\">Remunera\u00e7\u00e3o de um servidor admitido em 2023<\/figcaption><\/figure>\n\n\n\n<h3 class=\"wp-block-heading\" id=\"cargo-alto\">Qual \u00e9 o cargo mais alto da PCERJ?<\/h3>\n\n\n\n<p>O cargo mais alto da Pol\u00edcia Civil do Estado do Rio de Janeiro \u00e9 o de Chefe de Pol\u00edcia, sendo a autoridade m\u00e1xima da corpora\u00e7\u00e3o e respondendo pela dire\u00e7\u00e3o e gest\u00e3o institucional. <\/p>\n\n\n\n<p>A nomea\u00e7\u00e3o \u00e9 feita pelo governador do estado. Atualmente, a fun\u00e7\u00e3o \u00e9 ocupada pelo secret\u00e1rio de Pol\u00edcia Civil, delegado Felipe Curi. <\/p>\n\n\n\n<h2 class=\"wp-block-heading\" id=\"ultimo\">\u00daltimos concursos PC RJ <\/h2>\n\n\n\n<h3 class=\"wp-block-heading has-very-light-gray-to-cyan-bluish-gray-gradient-background has-background\" id=\"h-edital-pc-rj-2021\">Edital PC RJ 2021<\/h3>\n\n\n\n<ul class=\"wp-block-list\">\n<li><a href=\"https:\/\/dhg1h5j42swfq.cloudfront.net\/2021\/09\/23102336\/edital-pcerj-2021_estrategia.pdf\" target=\"_blank\" rel=\"noreferrer noopener nofollow\">Edital PC RJ 2021 &#8211; FGV<\/a><\/li>\n<\/ul>\n\n\n\n<h4 class=\"wp-block-heading\" id=\"vagas\">Cargos e vagas do edital PC RJ<\/h4>\n\n\n\n<p>Foram ofertadas <strong>350 vagas<\/strong>, distribu\u00eddas entre os seguntes cargos:<\/p>\n\n\n\n<figure class=\"wp-block-table is-style-stripes\"><table class=\"has-background has-fixed-layout\" style=\"background-color:#dadcdd\"><thead><tr><th class=\"has-text-align-center\" data-align=\"center\">Cargo<\/th><th class=\"has-text-align-center\" data-align=\"center\">Vagas<\/th><th class=\"has-text-align-center\" data-align=\"center\">Sal\u00e1rio<\/th><\/tr><\/thead><tbody><tr><td class=\"has-text-align-center\" data-align=\"center\">Auxiliar de Necropsia<\/td><td class=\"has-text-align-center\" data-align=\"center\">100<\/td><td class=\"has-text-align-center\" data-align=\"center\">R$ 4.606,29<\/td><\/tr><tr><td class=\"has-text-align-center\" data-align=\"center\">T\u00e9cnico de Necropsia<\/td><td class=\"has-text-align-center\" data-align=\"center\">100<\/td><td class=\"has-text-align-center\" data-align=\"center\">R$ 5.165,75<\/td><\/tr><tr><td class=\"has-text-align-center\" data-align=\"center\">Investigador<\/td><td class=\"has-text-align-center\" data-align=\"center\">700<\/td><td class=\"has-text-align-center\" data-align=\"center\">R$ 5.840,37<\/td><\/tr><tr><td class=\"has-text-align-center\" data-align=\"center\">Inspetor<\/td><td class=\"has-text-align-center\" data-align=\"center\">2.188<\/td><td class=\"has-text-align-center\" data-align=\"center\">R$ 6.380,29<\/td><\/tr><tr><td class=\"has-text-align-center\" data-align=\"center\">Perito Criminal (Engenharia Civil, Engenharia Mec\u00e2nica e Qu\u00edmica)<\/td><td class=\"has-text-align-center\" data-align=\"center\">38<\/td><td class=\"has-text-align-center\" data-align=\"center\">R$ 9.924,06<\/td><\/tr><tr><td class=\"has-text-align-center\" data-align=\"center\">Perito Legista<\/td><td class=\"has-text-align-center\" data-align=\"center\">87<\/td><td class=\"has-text-align-center\" data-align=\"center\"> R$ 9.924,06 <\/td><\/tr><\/tbody><\/table><figcaption class=\"wp-element-caption\">Quadro de cargos, vagas e remunera\u00e7\u00f5es do concurso Pol\u00edcia Civil RJ<\/figcaption><\/figure>\n\n\n\n<h4 class=\"wp-block-heading\" id=\"etapas-demais\">Etapas e provas do concurso Pol\u00edcia Civil RJ<\/h4>\n\n\n\n<p>O <strong>concurso PC RJ <\/strong>\u00e9 composto de duas fases, conforme disp\u00f5e a legisla\u00e7\u00e3o espec\u00edfica:<\/p>\n\n\n\n<ul class=\"wp-block-list\">\n<li><strong>Primeira fase:<\/strong>\n<ul class=\"wp-block-list\">\n<li>Prova de Conhecimentos, de car\u00e1ter eliminat\u00f3rio e classificat\u00f3rio;<\/li>\n\n\n\n<li>Prova de Capacidade F\u00edsica, de car\u00e1ter eliminat\u00f3rio;<\/li>\n\n\n\n<li><span style=\"color: initial;\">Exame Psicot\u00e9cnico, de car\u00e1ter eliminat\u00f3rio;<\/span><\/li>\n\n\n\n<li>Exame M\u00e9dico, de car\u00e1ter eliminat\u00f3rio.<\/li>\n<\/ul>\n<\/li>\n\n\n\n<li><strong>Segunda fase:<\/strong>\n<ul class=\"wp-block-list\">\n<li>Curso de Forma\u00e7\u00e3o Profissional, de car\u00e1ter eliminat\u00f3rio e classificat\u00f3rio;<\/li>\n\n\n\n<li>Prova de Investiga\u00e7\u00e3o Social, de car\u00e1ter eliminat\u00f3rio;<\/li>\n\n\n\n<li>Avalia\u00e7\u00e3o de T\u00edtulos [apenas para Perito Legista], de car\u00e1ter classificat\u00f3rio.<\/li>\n<\/ul>\n<\/li>\n<\/ul>\n\n\n\n<h5 class=\"wp-block-heading\" id=\"objetiva-demais\">Provas objetivas<\/h5>\n\n\n\n<ul class=\"wp-block-list\">\n<li><span style=\"text-decoration: underline;\"><strong>Perito Criminal e Perito Legista<\/strong><\/span>: 05 de dezembro de 2021<\/li>\n\n\n\n<li><span style=\"text-decoration: underline;\"><strong>Auxiliar de Necropsia<\/strong><\/span>: 23 de janeiro de 2022<\/li>\n\n\n\n<li><strong><span style=\"text-decoration: underline;\">Inspetor<\/span>:<\/strong> 30 de janeiro de 2022<\/li>\n\n\n\n<li><span style=\"text-decoration: underline;\"><strong>T\u00e9cnico de Necropsia<\/strong><\/span>: 06 de fevereiro de 2022<\/li>\n\n\n\n<li><span style=\"text-decoration: underline;\"><strong>Investigador<\/strong><\/span><span style=\"color: initial;\">: 13 de fevereiro de 2022<\/span><\/li>\n<\/ul>\n\n\n\n<p>As provas objetivas foram constitu\u00eddas de <strong>60 a 100 quest\u00f5es de m\u00faltipla escolha<\/strong>, de acordo com o cargo do edital PCERJ. <\/p>\n\n\n\n<p>Essa avalia\u00e7\u00e3o teve o valor m\u00e1ximo de 60 a 100 pontos, sendo considerado aprovado o candidato que obteve, no m\u00ednimo, 50% de pontos.<\/p>\n\n\n\n<ul class=\"wp-block-list\">\n<li><strong>T\u00e9cnico Policial de Necropsia:<\/strong>\n<ul class=\"wp-block-list\">\n<li>Conhecimentos Gerais &#8211; 20<\/li>\n\n\n\n<li>Conhecimentos Espec\u00edficos &#8211; 40<\/li>\n<\/ul>\n<\/li>\n<\/ul>\n\n\n\n<ul class=\"wp-block-list\">\n<li><strong>Auxiliar Policial de Necropsia:<\/strong>\n<ul class=\"wp-block-list\">\n<li>Conhecimentos Gerais &#8211; 30<\/li>\n\n\n\n<li>Conhecimentos Espec\u00edficos &#8211; 30<\/li>\n<\/ul>\n<\/li>\n<\/ul>\n\n\n\n<ul class=\"wp-block-list\">\n<li><strong>Investigador Policial:<\/strong>\n<ul class=\"wp-block-list\">\n<li>L\u00edngua Portuguesa &#8211; 30<\/li>\n\n\n\n<li>Conhecimentos Espec\u00edficos &#8211; 60<\/li>\n\n\n\n<li>Conhecimentos B\u00e1sicos de Inform\u00e1tica &#8211; 10<\/li>\n<\/ul>\n<\/li>\n<\/ul>\n\n\n\n<ul class=\"wp-block-list\">\n<li><strong>Inspetor de Pol\u00edcia:<\/strong>\n<ul class=\"wp-block-list\">\n<li>L\u00edngua Portuguesa &#8211; 30<\/li>\n\n\n\n<li>Conhecimentos Espec\u00edficos &#8211; 60<\/li>\n\n\n\n<li>Conhecimentos B\u00e1sicos de Inform\u00e1tica &#8211; 10<\/li>\n<\/ul>\n<\/li>\n<\/ul>\n\n\n\n<ul class=\"wp-block-list\">\n<li><strong>Perito Criminal:<\/strong>\n<ul class=\"wp-block-list\">\n<li>L\u00edngua Portuguesa &#8211; 30<\/li>\n\n\n\n<li>Conhecimentos Espec\u00edficos da especialidade &#8211; 50<\/li>\n\n\n\n<li>No\u00e7\u00f5es de Direito &#8211; 20<\/li>\n<\/ul>\n<\/li>\n<\/ul>\n\n\n\n<ul class=\"wp-block-list\">\n<li><strong>Perito Legista:<\/strong>\n<ul class=\"wp-block-list\">\n<li>L\u00edngua Portuguesa &#8211; 30<\/li>\n\n\n\n<li>Conhecimentos Espec\u00edficos &#8211; 50<\/li>\n\n\n\n<li>No\u00e7\u00f5es de Direito &#8211; 20<\/li>\n<\/ul>\n<\/li>\n<\/ul>\n\n\n\n<h5 class=\"wp-block-heading\" id=\"prova-de-capacidade-fisica\">Prova de capacidade f\u00edsica do Concurso Pol\u00edcia Civil RJ<\/h5>\n\n\n\n<p>A prova de Capacidade F\u00edsica foi composta por testes de flex\u00e3o de c\u00fabitos, flex\u00e3o abdominal, corrida de resist\u00eancia e corrida de velocidade. <\/p>\n\n\n\n<p>Al\u00e9m disso, foi divulgada a 2\u00aa convoca\u00e7\u00e3o para o teste de aptid\u00e3o f\u00edsica (<a href=\"https:\/\/www.estrategiaconcursos.com.br\/blog\/preparacao-teste-aptidao-fisica\/\" target=\"_blank\" rel=\"noopener\">TAF<\/a>) do certame. A <a href=\"https:\/\/www.estrategiaconcursos.com.br\/blog\/concurso-pc-rj-datas-taf-divulgadas\/\" target=\"_blank\" rel=\"noreferrer noopener\">etapa foi aplicada entre os dias 18 de mar\u00e7o a 06 de abril de 2023<\/a>.<\/p>\n\n\n\n<h6 class=\"wp-block-heading\" id=\"h-tecnico-policial-de-necropsia\">T\u00e9cnico Policial de Necropsia:<\/h6>\n\n\n\n<figure class=\"wp-block-image aligncenter size-full\"><a href=\"https:\/\/dhg1h5j42swfq.cloudfront.net\/2021\/09\/23092158\/image-420-610x162.png\" target=\"_blank\" rel=\"noreferrer noopener\"><img loading=\"lazy\" decoding=\"async\" width=\"884\" height=\"235\" src=\"https:\/\/dhg1h5j42swfq.cloudfront.net\/2021\/09\/23092158\/image-420.png\" alt=\"Lista de exerc\u00edcios do Concurso PC RJ para o cargo de T\u00e9cnico Policial de Necropsia.\" class=\"wp-image-868166\" srcset=\"https:\/\/dhg1h5j42swfq.cloudfront.net\/2021\/09\/23092158\/image-420.png 884w, https:\/\/dhg1h5j42swfq.cloudfront.net\/2021\/09\/23092158\/image-420-300x80.png 300w, https:\/\/dhg1h5j42swfq.cloudfront.net\/2021\/09\/23092158\/image-420-768x204.png 768w, https:\/\/dhg1h5j42swfq.cloudfront.net\/2021\/09\/23092158\/image-420-610x162.png 610w\" sizes=\"auto, (max-width: 884px) 100vw, 884px\" \/><\/a><figcaption class=\"wp-element-caption\">Lista de exerc\u00edcios para T\u00e9cnico Policial de Necropsia<\/figcaption><\/figure>\n\n\n\n<h6 class=\"wp-block-heading\" id=\"h-investigador-policial\">Investigador Policial:<\/h6>\n\n\n\n<figure class=\"wp-block-image aligncenter size-full\"><a href=\"https:\/\/dhg1h5j42swfq.cloudfront.net\/2021\/09\/23092535\/image-421-610x222.png\" target=\"_blank\" rel=\"noreferrer noopener\"><img loading=\"lazy\" decoding=\"async\" width=\"890\" height=\"324\" src=\"https:\/\/dhg1h5j42swfq.cloudfront.net\/2021\/09\/23092535\/image-421.png\" alt=\"Lista de exerc\u00edcios f\u00edsicos no edital PC RJ para Investigador Policial\" class=\"wp-image-868172\" srcset=\"https:\/\/dhg1h5j42swfq.cloudfront.net\/2021\/09\/23092535\/image-421.png 890w, https:\/\/dhg1h5j42swfq.cloudfront.net\/2021\/09\/23092535\/image-421-300x109.png 300w, https:\/\/dhg1h5j42swfq.cloudfront.net\/2021\/09\/23092535\/image-421-768x280.png 768w, https:\/\/dhg1h5j42swfq.cloudfront.net\/2021\/09\/23092535\/image-421-610x222.png 610w\" sizes=\"auto, (max-width: 890px) 100vw, 890px\" \/><\/a><figcaption class=\"wp-element-caption\">Lista de exerc\u00edcios f\u00edsicos para Investigador Policial<\/figcaption><\/figure>\n\n\n\n<h6 class=\"wp-block-heading\" id=\"h-auxiliar-policial-de-necropsia\">Auxiliar Policial de Necropsia:<\/h6>\n\n\n\n<figure class=\"wp-block-image aligncenter size-full\"><a href=\"https:\/\/dhg1h5j42swfq.cloudfront.net\/2021\/09\/23092630\/image-422-610x186.png\" target=\"_blank\" rel=\"noreferrer noopener\"><img loading=\"lazy\" decoding=\"async\" width=\"886\" height=\"270\" src=\"https:\/\/dhg1h5j42swfq.cloudfront.net\/2021\/09\/23092630\/image-422.png\" alt=\"Lista de exerc\u00edcios f\u00edsicos no Concurso PC RJ para Auxiliar Policial de Necropsia\" class=\"wp-image-868175\" srcset=\"https:\/\/dhg1h5j42swfq.cloudfront.net\/2021\/09\/23092630\/image-422.png 886w, https:\/\/dhg1h5j42swfq.cloudfront.net\/2021\/09\/23092630\/image-422-300x91.png 300w, https:\/\/dhg1h5j42swfq.cloudfront.net\/2021\/09\/23092630\/image-422-768x234.png 768w, https:\/\/dhg1h5j42swfq.cloudfront.net\/2021\/09\/23092630\/image-422-610x186.png 610w\" sizes=\"auto, (max-width: 886px) 100vw, 886px\" \/><\/a><figcaption class=\"wp-element-caption\">Lista de exerc\u00edcios f\u00edsicos para Auxiliar Policial de Necropsia<\/figcaption><\/figure>\n\n\n\n<h6 class=\"wp-block-heading\" id=\"h-inspetor-de-policia\">Inspetor de Pol\u00edcia:<\/h6>\n\n\n\n<figure class=\"wp-block-image aligncenter size-large\"><a href=\"https:\/\/dhg1h5j42swfq.cloudfront.net\/2021\/09\/23093406\/image-427-1024x220.png\" target=\"_blank\" rel=\"noopener\"><img loading=\"lazy\" decoding=\"async\" width=\"1024\" height=\"220\" src=\"https:\/\/dhg1h5j42swfq.cloudfront.net\/2021\/09\/23093406\/image-427-1024x220.png\" alt=\"Lista de exerc\u00edcios f\u00edsicos para Inspetor de Pol\u00edcia\" class=\"wp-image-868185\" srcset=\"https:\/\/dhg1h5j42swfq.cloudfront.net\/2021\/09\/23093406\/image-427-1024x220.png 1024w, https:\/\/dhg1h5j42swfq.cloudfront.net\/2021\/09\/23093406\/image-427-300x64.png 300w, https:\/\/dhg1h5j42swfq.cloudfront.net\/2021\/09\/23093406\/image-427-768x165.png 768w, https:\/\/dhg1h5j42swfq.cloudfront.net\/2021\/09\/23093406\/image-427-610x131.png 610w, https:\/\/dhg1h5j42swfq.cloudfront.net\/2021\/09\/23093406\/image-427.png 1254w\" sizes=\"auto, (max-width: 1024px) 100vw, 1024px\" \/><\/a><figcaption class=\"wp-element-caption\">Lista de exerc\u00edcios para Inspetor de Pol\u00edcia Civil PC RJ<\/figcaption><\/figure>\n\n\n\n<h6 class=\"wp-block-heading\" id=\"h-perito-criminal\">Perito Criminal:<\/h6>\n\n\n\n<figure class=\"wp-block-image aligncenter size-large\"><a href=\"https:\/\/dhg1h5j42swfq.cloudfront.net\/2021\/09\/23093054\/image-425-1024x211.png\" target=\"_blank\" rel=\"noopener\"><img loading=\"lazy\" decoding=\"async\" width=\"1024\" height=\"211\" src=\"https:\/\/dhg1h5j42swfq.cloudfront.net\/2021\/09\/23093054\/image-425-1024x211.png\" alt=\"Lista de exerc\u00edcios do certame para Perito Criminal.\" class=\"wp-image-868181\" srcset=\"https:\/\/dhg1h5j42swfq.cloudfront.net\/2021\/09\/23093054\/image-425-1024x211.png 1024w, https:\/\/dhg1h5j42swfq.cloudfront.net\/2021\/09\/23093054\/image-425-300x62.png 300w, https:\/\/dhg1h5j42swfq.cloudfront.net\/2021\/09\/23093054\/image-425-768x158.png 768w, https:\/\/dhg1h5j42swfq.cloudfront.net\/2021\/09\/23093054\/image-425-610x126.png 610w, https:\/\/dhg1h5j42swfq.cloudfront.net\/2021\/09\/23093054\/image-425.png 1525w\" sizes=\"auto, (max-width: 1024px) 100vw, 1024px\" \/><\/a><figcaption class=\"wp-element-caption\">Lista de exerc\u00edcios f\u00edsicos para Perito Criminal <em>(clique para ampliar)<\/em><\/figcaption><\/figure>\n\n\n\n<h6 class=\"wp-block-heading\" id=\"h-perito-legista\">Perito Legista:<\/h6>\n\n\n\n<figure class=\"wp-block-image aligncenter size-large\"><a href=\"https:\/\/dhg1h5j42swfq.cloudfront.net\/2021\/09\/23093129\/image-426-1024x207.png\" target=\"_blank\" rel=\"noopener\"><img loading=\"lazy\" decoding=\"async\" width=\"1024\" height=\"207\" src=\"https:\/\/dhg1h5j42swfq.cloudfront.net\/2021\/09\/23093129\/image-426-1024x207.png\" alt=\"Lista de exerc\u00edcios f\u00edsicos para Perito Legista do Concurso PC RJ.\" class=\"wp-image-868182\" srcset=\"https:\/\/dhg1h5j42swfq.cloudfront.net\/2021\/09\/23093129\/image-426-1024x207.png 1024w, https:\/\/dhg1h5j42swfq.cloudfront.net\/2021\/09\/23093129\/image-426-300x61.png 300w, https:\/\/dhg1h5j42swfq.cloudfront.net\/2021\/09\/23093129\/image-426-768x155.png 768w, https:\/\/dhg1h5j42swfq.cloudfront.net\/2021\/09\/23093129\/image-426-610x123.png 610w, https:\/\/dhg1h5j42swfq.cloudfront.net\/2021\/09\/23093129\/image-426.png 1527w\" sizes=\"auto, (max-width: 1024px) 100vw, 1024px\" \/><\/a><figcaption class=\"wp-element-caption\">Lista de exerc\u00edcios para Perito Legista<\/figcaption><\/figure>\n\n\n\n<h3 class=\"wp-block-heading has-very-light-gray-to-cyan-bluish-gray-gradient-background has-background\" id=\"h-editais-anteriores\">Editais anteriores<\/h3>\n\n\n\n<p>Os \u00faltimos <strong>concursos realizados no Estado do Rio de Janeiro<\/strong>, para contrata\u00e7\u00e3o de efetivo para o quadro de seguran\u00e7a p\u00fablica, ocorreram entre <strong>2002<\/strong> e <strong>2013<\/strong>.<\/p>\n\n\n\n<ul class=\"wp-block-list\">\n<li><strong>Edital<\/strong>: <a href=\"https:\/\/dhg1h5j42swfq.cloudfront.net\/2019\/01\/15134728\/Auxiliar-de-Necropsia.pdf\" target=\"_blank\" rel=\"noreferrer noopener nofollow\">Auxiliar de Necropsia &#8211; 2002<\/a><\/li>\n\n\n\n<li><strong>Edital<\/strong>:<strong> <\/strong><a href=\"https:\/\/dhg1h5j42swfq.cloudfront.net\/2019\/01\/15135332\/Tecnico-Necropsia-2009.pdf\" target=\"_blank\" rel=\"noreferrer noopener nofollow\">T\u00e9cnico &#8211; 2009<\/a><\/li>\n\n\n\n<li><strong>Edital<\/strong>:<strong> <\/strong><a href=\"https:\/\/dhg1h5j42swfq.cloudfront.net\/2019\/01\/15135043\/Perito-Legista-PC-RJ.pdf\" target=\"_blank\" rel=\"noreferrer noopener nofollow\">Perito Legista &#8211; 2011<\/a><\/li>\n\n\n\n<li><strong>Edital<\/strong>: <a href=\"https:\/\/dhg1h5j42swfq.cloudfront.net\/2016\/05\/29142907\/EDITAL-PC-RJ.pdf\" target=\"_blank\" rel=\"noreferrer noopener nofollow\">Delegado &#8211; 2012<\/a><\/li>\n\n\n\n<li><strong>Edital<\/strong>: <a href=\"https:\/\/dhg1h5j42swfq.cloudfront.net\/2019\/01\/15134928\/Inspetor-PC-RJ.pdf\" target=\"_blank\" rel=\"noreferrer noopener nofollow\">Inspetor &#8211; 2012<\/a><\/li>\n\n\n\n<li><strong>Edital<\/strong>: <span style=\"text-decoration: underline;\"><a href=\"https:\/\/dhg1h5j42swfq.cloudfront.net\/2023\/07\/21172147\/edital-pcrj-perito-criminal-policia-civil-do-rio-de-janeiro.pdf\" target=\"_blank\" rel=\"noreferrer noopener nofollow\">Perito Criminal &#8211; 2013<\/a><\/span><\/li>\n<\/ul>\n\n\n\n<h4 class=\"wp-block-heading\" id=\"auxiliar-de-necropsia\">\u25baAuxiliar de Necropsia<\/h4>\n\n\n\n<p>O \u00faltimo concurso para auxiliar de necropsia da PC RJ aconteceu em 2002 sob organiza\u00e7\u00e3o da Faepol. Na ocasi\u00e3o,&nbsp;foram ofertadas 97 vagas.<\/p>\n\n\n\n<p>O certame foi composto por duas fases. A primeira teve quatro etapas e a segunda, somente duas. Veja abaixo quais foram elas:<\/p>\n\n\n\n<ul class=\"wp-block-list\">\n<li><b>1\u00aa Fase:<\/b><\/li>\n\n\n\n<li>Prova de Conhecimentos<\/li>\n\n\n\n<li>TAF<\/li>\n\n\n\n<li>Exame Psicot\u00e9cnico<\/li>\n\n\n\n<li>Exame M\u00e9dico<\/li>\n<\/ul>\n\n\n\n<ul class=\"wp-block-list\">\n<li><b>2\u00aa Fase: <\/b><\/li>\n\n\n\n<li>Curso de Forma\u00e7\u00e3o<\/li>\n\n\n\n<li>Investiga\u00e7\u00e3o Social<\/li>\n<\/ul>\n\n\n\n<ul class=\"wp-block-list\">\n<li><strong>Prova de Conhecimentos:<\/strong><\/li>\n\n\n\n<li>L\u00edngua Portuguesa (30)<\/li>\n\n\n\n<li>Matem\u00e1tica (20)<\/li>\n\n\n\n<li>No\u00e7\u00f5es B\u00e1sicas de Biologia e Anatomia Humanas (10)<\/li>\n<\/ul>\n\n\n\n<h4 class=\"wp-block-heading\" id=\"tecnico-de-necropsia\">\u25baT\u00e9cnico de Necropsia<\/h4>\n\n\n\n<p>J\u00e1 para o cargo de T\u00e9cnico de Necropsia a \u00faltima sele\u00e7\u00e3o foi aberta no ano de 2009 e ofertou <strong>50 vagas<\/strong>. Na \u00e9poca, a Funda\u00e7\u00e3o Get\u00falio Vargas, FGV, foi a respons\u00e1vel pela organiza\u00e7\u00e3o.&nbsp;A seguir voc\u00ea confere as fases e etapas do concurso PC RJ:<\/p>\n\n\n\n<ul class=\"wp-block-list\">\n<li><b>1\u00aa Fase:<\/b><\/li>\n\n\n\n<li>Prova de Conhecimentos<\/li>\n\n\n\n<li>TAF<\/li>\n\n\n\n<li>Exame Psicot\u00e9cnico<\/li>\n\n\n\n<li>Exame M\u00e9dico<\/li>\n<\/ul>\n\n\n\n<ul class=\"wp-block-list\">\n<li><b>2\u00aa Fase: <\/b><\/li>\n\n\n\n<li>Curso de Forma\u00e7\u00e3o<\/li>\n\n\n\n<li>Investiga\u00e7\u00e3o Social<\/li>\n<\/ul>\n\n\n\n<ul class=\"wp-block-list\">\n<li><em><strong>Prova de Conhecimentos:<\/strong><\/em><\/li>\n\n\n\n<li>L\u00edngua Portuguesa (20)<\/li>\n\n\n\n<li>Conhecimentos de Anatomia e Fisiologia Humanas (40)<\/li>\n<\/ul>\n\n\n\n<h4 class=\"wp-block-heading\" id=\"perito-legista\">\u25baPerito Legista<\/h4>\n\n\n\n<p>O \u00faltimo concurso para perito legista PC RJ aconteceu em 2011 tamb\u00e9m sob organiza\u00e7\u00e3o da <strong>FGV<\/strong> com a oferta de <strong>44 vagas<\/strong> para as seguintes especialidades:<\/p>\n\n\n\n<ul class=\"wp-block-list\">\n<li>Gen\u00e9tica Forense (5)<\/li>\n\n\n\n<li>Cl\u00ednica M\u00e9dica\/Necropsia (27 + 2 para PcD)<\/li>\n\n\n\n<li>Odontologia (3)<\/li>\n\n\n\n<li>Toxicologia (6 + 1 para PcD)<\/li>\n<\/ul>\n\n\n\n<ul class=\"wp-block-list\">\n<li><b>1\u00aa Fase:<\/b><\/li>\n\n\n\n<li>Prova de Conhecimentos<\/li>\n\n\n\n<li>TAF<\/li>\n\n\n\n<li>Exame Psicot\u00e9cnico<\/li>\n\n\n\n<li>Exame M\u00e9dico<\/li>\n<\/ul>\n\n\n\n<ul class=\"wp-block-list\">\n<li><b>2\u00aa Fase: <\/b><\/li>\n\n\n\n<li>Curso de Forma\u00e7\u00e3o<\/li>\n\n\n\n<li>Investiga\u00e7\u00e3o Social<\/li>\n\n\n\n<li>Prova de T\u00edtulos<\/li>\n<\/ul>\n\n\n\n<ul class=\"wp-block-list\">\n<li><strong>Prova de Conhecimentos:<\/strong><\/li>\n\n\n\n<li>L\u00edngua Portuguesa (30)<\/li>\n\n\n\n<li>Conhecimentos Espec\u00edficos (70)<\/li>\n<\/ul>\n\n\n\n<h4 class=\"wp-block-heading\" id=\"delegado\">\u25baDelegado<\/h4>\n\n\n\n<p>O \u00faltimo concurso ocorreu em 2012 e foi organizado pela Funda\u00e7\u00e3o&nbsp; Professor Carlos Augusto Bittencourt, a&nbsp;<strong>FUNCAB<\/strong>. Foram ofertadas, a princ\u00edpio, 100 vagas para a classe inicial da carreira de Delegado. Posteriormente, a corpora\u00e7\u00e3o aumentou esse n\u00famero para&nbsp;<strong>150 vagas<\/strong>.<\/p>\n\n\n\n<p>Como o concurso \u00e9 regido pela Lei Org\u00e2nica da carreira, o pr\u00f3ximo certame da PC RJ dever\u00e1 seguir a mesma estrutura\u00e7\u00e3o.:<\/p>\n\n\n\n<ul class=\"wp-block-list\">\n<li><strong>1\u00aa Fase:<\/strong><\/li>\n\n\n\n<li>Prova Objetiva Preliminar <\/li>\n\n\n\n<li>Prova Discursiva<\/li>\n\n\n\n<li>Prova Oral<\/li>\n\n\n\n<li>Exame Psicot\u00e9cnico<\/li>\n\n\n\n<li>Prova de Capacidade F\u00edsica e Exame M\u00e9dico<\/li>\n<\/ul>\n\n\n\n<ul class=\"wp-block-list\">\n<li><strong>2\u00aa Fase:<\/strong><\/li>\n\n\n\n<li>Curso de Forma\u00e7\u00e3o Profissional (CFP)<\/li>\n\n\n\n<li>Investiga\u00e7\u00e3o Social<\/li>\n\n\n\n<li>Prova de T\u00edtulos<\/li>\n<\/ul>\n\n\n\n<p class=\"has-very-light-gray-background-color has-background\">Para mais detalhes sobre o concurso Delegado PC RJ, acesse nosso artigo: <span style=\"text-decoration: underline;\"><strong><em><a href=\"https:\/\/cj.estrategia.com\/portal\/concurso-delegado-rj\/\" target=\"_blank\" rel=\"noreferrer noopener\">Concurso Delegado PC RJ<\/a><\/em><\/strong><\/span><\/p>\n\n\n\n<h4 class=\"wp-block-heading\" id=\"inspetor-de-policia\">\u25baInspetor de Pol\u00edcia<\/h4>\n\n\n\n<p>O&nbsp;concurso para Investigador da PC RJ mais recente foi realizado em 2012, com a organiza\u00e7\u00e3o da FEC\/Fundec. No total, foram ofertadas <strong>600 vagas para inspetor<\/strong>, que exige CNH no m\u00ednimo categoria &#8216;B&#8217;.<\/p>\n\n\n\n<ul class=\"wp-block-list\">\n<li><b>1\u00aa Fase:<\/b><\/li>\n\n\n\n<li>Prova de Conhecimentos<\/li>\n\n\n\n<li>TAF<\/li>\n\n\n\n<li>Exame Psicot\u00e9cnico<\/li>\n\n\n\n<li>Exame M\u00e9dico<\/li>\n<\/ul>\n\n\n\n<ul class=\"wp-block-list\">\n<li><b>2\u00aa Fase: <\/b><\/li>\n\n\n\n<li>Curso de Forma\u00e7\u00e3o<\/li>\n<\/ul>\n\n\n\n<ul class=\"wp-block-list\">\n<li><strong>Prova de Conhecimentos:<\/strong><\/li>\n\n\n\n<li>L\u00edngua Portuguesa (30)<\/li>\n\n\n\n<li>Conhecimentos Espec\u00edficos (50)<\/li>\n\n\n\n<li>Conhecimentos b\u00e1sicos de Inform\u00e1tica (20)<\/li>\n<\/ul>\n\n\n\n<h4 class=\"wp-block-heading\" id=\"perito-criminal\">\u25baPerito Criminal<\/h4>\n\n\n\n<p>O \u00faltimo<strong> concurso Pol\u00edcia Civil RJ <\/strong>para esse cargo foi realizado em 2013, organizado pelo Instituto Brasileiro de Forma\u00e7\u00e3o e Capacita\u00e7\u00e3o \u2013 IBFC. Foram ofertadas 100 vagas na classe inicial, distribu\u00eddas nas especialidades de Biologia, Contabilidade, Engenharia (Ambiental, Florestal, Agr\u00edcola, Civil, Computa\u00e7\u00e3o, El\u00e9trica, Mec\u00e2nica e Qu\u00edmica), Farm\u00e1cia, F\u00edsica e Medicina Veterin\u00e1ria.<\/p>\n\n\n\n<ul class=\"wp-block-list\">\n<li><strong>1\u00aa Fase:<\/strong><\/li>\n\n\n\n<li>Prova de Conhecimentos<\/li>\n\n\n\n<li>Prova de Capacidade F\u00edsica<\/li>\n\n\n\n<li>Exame Psicot\u00e9cnico<\/li>\n\n\n\n<li>Exame M\u00e9dico<\/li>\n<\/ul>\n\n\n\n<ul class=\"wp-block-list\">\n<li><strong>2\u00aa Fase<\/strong><\/li>\n\n\n\n<li>Curso de Forma\u00e7\u00e3o Profissional (CFP)<\/li>\n\n\n\n<li>Prova de Investiga\u00e7\u00e3o Social<\/li>\n<\/ul>\n\n\n\n<ul class=\"wp-block-list\">\n<li><strong>Prova de conhecimentos:<\/strong><\/li>\n\n\n\n<li>L\u00edngua Portuguesa<\/li>\n\n\n\n<li>Conhecimentos Espec\u00edficos, a depender da especialidade.<\/li>\n<\/ul>\n\n\n\n<h4 class=\"wp-block-heading\" id=\"teste-de-aptidao-fisica-taf\">Como \u00e9 o TAF do concurso Pol\u00edcia Civil RJ?<\/h4>\n\n\n\n<figure class=\"wp-block-image aligncenter is-resized\"><img loading=\"lazy\" decoding=\"async\" width=\"1104\" height=\"500\" src=\"https:\/\/dhg1h5j42swfq.cloudfront.net\/2019\/05\/16111812\/image119.png\" alt=\"Tabela de exerc\u00edcios do TAF \" class=\"wp-image-374599\" style=\"width:682px;height:308px\" srcset=\"https:\/\/dhg1h5j42swfq.cloudfront.net\/2019\/05\/16111812\/image119.png 1104w, https:\/\/dhg1h5j42swfq.cloudfront.net\/2019\/05\/16111812\/image119.png 300w, https:\/\/dhg1h5j42swfq.cloudfront.net\/2019\/05\/16111812\/image119.png 768w, https:\/\/dhg1h5j42swfq.cloudfront.net\/2019\/05\/16111812\/image119.png 1024w, https:\/\/dhg1h5j42swfq.cloudfront.net\/2019\/05\/16111812\/image119.png 610w\" sizes=\"auto, (max-width: 1104px) 100vw, 1104px\" \/><figcaption class=\"wp-element-caption\">Prova de aptid\u00e3o f\u00edsica concurso Policia Civil RJ<\/figcaption><\/figure>\n\n\n\n<p>Voc\u00ea tamb\u00e9m pode acessar nosso artigo que fala sobre outros <a href=\"https:\/\/www.estrategiaconcursos.com.br\/blog\/concursos-rj\/\" target=\"_blank\" rel=\"noreferrer noopener\">concursos no Rio de Janeiro<\/a> e encontrar as informa\u00e7\u00f5es que precisa. <\/p>\n\n\n\n<h2 class=\"wp-block-heading has-very-light-gray-to-cyan-bluish-gray-gradient-background has-background\" id=\"materiais\">Materiais para estudos do concurso Pol\u00edcia Civil RJ<\/h2>\n\n\n\n<h3 class=\"wp-block-heading\" id=\"vade\">Vade Mecum concurso PC RJ<\/h3>\n\n\n\n<ul class=\"wp-block-list\">\n<li><a href=\"https:\/\/gratis.estrategiaconcursos.com.br\/vade-mecum-pc-rj\/\" target=\"_blank\" rel=\"noreferrer noopener\">VADE MECUM PC RJ<\/a>.<\/li>\n<\/ul>\n\n\n\n<h3 class=\"wp-block-heading\" id=\"guia\">Guia de Estudos PC RJ<\/h3>\n\n\n\n<ul class=\"wp-block-list\">\n<li><a href=\"https:\/\/www.estrategiaconcursos.com.br\/blog\/guia-estudos-pc-rj-2020\/\" target=\"_blank\" rel=\"noreferrer noopener\">Guia de Estudos PC RJ<\/a><\/li>\n<\/ul>\n\n\n\n<h3 class=\"wp-block-heading\" id=\"estrategico\">Edital Estrat\u00e9gico concurso Pol\u00edcia Civil RJ<\/h3>\n\n\n\n<ul class=\"wp-block-list\">\n<li><a href=\"https:\/\/docs.google.com\/spreadsheets\/d\/1JnW4xaDFaEo3pRfDQwiBcETkI3eFSr3v\/edit#gid=1159802246\" target=\"_blank\" rel=\"noreferrer noopener\">Auxiliar de Necropsia<\/a>;<\/li>\n\n\n\n<li><a href=\"https:\/\/docs.google.com\/spreadsheets\/d\/1In-fEMUYc6tmx049jYhkczhH7QhA3hcR\/edit#gid=228078801\" target=\"_blank\" rel=\"noreferrer noopener\">T\u00e9cnico de Necropsia<\/a>;<\/li>\n\n\n\n<li><a href=\"https:\/\/docs.google.com\/spreadsheets\/d\/1u65lqrZE_WRs7w4HJzRtydGVuF4heQqC\/edit#gid=1713211849\" target=\"_blank\" rel=\"noreferrer noopener\">Inspetor<\/a>;<\/li>\n\n\n\n<li><a href=\"https:\/\/docs.google.com\/spreadsheets\/d\/1RA5rJ91DVMLkMZi97mlu-NNndBzsvKnP\/edit#gid=206731386\" target=\"_blank\" rel=\"noreferrer noopener\">Investigador<\/a>.<\/li>\n<\/ul>\n\n\n\n<p><strong>IMPORTANTE:&nbsp;<\/strong>Ao clicar no link acima, ser\u00e1 aberta uma janela do Google Drive que tentar\u00e1 carregar a visualiza\u00e7\u00e3o da planilha no seu navegador. N\u00e3o h\u00e1 necessidade de esperar essa visualiza\u00e7\u00e3o (talvez at\u00e9 nem carregue, j\u00e1 que os arquivos s\u00e3o pesados).<\/p>\n\n\n\n<p>Fa\u00e7a o download clicando na seta para baixo no canto superior direito da janela do Google Drive que vai ser aberta ao clicar nos links acima.<\/p>\n\n\n\n<p>Todos os arquivos foram testados em diferentes computadores e celulares e est\u00e3o ok. Talvez alguma incompatibilidade (ou mensagem de erro, como \u201carquivo inv\u00e1lido\u201d) ocorra em virtude do seu pr\u00f3prio computador ou do tamanho dos arquivos que possuem mais conte\u00fado.<\/p>\n\n\n\n<hr class=\"wp-block-separator has-css-opacity\"\/>\n\n\n\n<h2 class=\"wp-block-heading has-text-align-center\" id=\"cursos\">Quer saber tudo sobre concursos previstos? <br \/>Confira nossos artigos!<\/h2>\n\n\n\n<ul class=\"wp-block-list\">\n<li><a href=\"https:\/\/www.estrategiaconcursos.com.br\/blog\/concursos-policia-civil\/\" target=\"_blank\" rel=\"noreferrer noopener\">Concursos Pol\u00edcia Civil<\/a><\/li>\n\n\n\n<li><a href=\"https:\/\/www.estrategiaconcursos.com.br\/blog\/concursos-abertos\/\" target=\"_blank\" rel=\"noreferrer noopener\">Concursos abertos<\/a><\/li>\n\n\n\n<li><a href=\"https:\/\/www.estrategiaconcursos.com.br\/blog\/concursos-2026\/\" target=\"_blank\" rel=\"noreferrer noopener\">Concursos 2026<\/a><\/li>\n\n\n\n<li><a href=\"https:\/\/www.estrategiaconcursos.com.br\/blog\/concursos\/rj\/\" target=\"_blank\" rel=\"noreferrer noopener\">Concursos RJ<\/a><\/li>\n<\/ul>\n\n\n\n<h2 class=\"wp-block-heading has-text-align-center\" id=\"cursos\">Prepare-se para o Concurso da PC RJ com o Estrat\u00e9gia!<\/h2>\n\n\n\n<div class=\"container\" id=\"boxes\">\n  <div class=\"row\">\n\n    <div class=\"col-sm\">\n      <div class=\"banner-policia-civil\" id=\"box-assinatura\">\n        <h3 class=\"titulo-assinatura\">Concurso PC RJ<\/h3>\n        <p class=\"subtitulo-assinatura\">Prepara\u00e7\u00e3o completa para a carreira na PC RJ<\/p>\n        <div class=\"box-botao\">\n          <a class=\"btn-assinatura\" target=\"_blank\" href=\"https:\/\/www.estrategiaconcursos.com.br\/cursosPorConcurso\/policia-civil-rj-pc-rj\/\" role=\"button\" rel=\"noopener noreferrer\">EXPLORAR CURSOS<\/a>\n        <\/div>\n      <\/div>\n    \n    <\/div>\n\n  <\/div>\n<\/div>\n\n\n\n<div class=\"container\" id=\"boxes\">\n  <div class=\"row\">\n\n    <div class=\"col-sm\">\n      <div class=\"estrategia\" id=\"box-assinatura\">\n        <h3 class=\"titulo-assinatura\">Assinatura de Concursos<\/h3>\n        <p class=\"subtitulo-assinatura\">Assinatura de 1 ou 2 anos<\/p>\n        <div class=\"box-botao\">\n          <a class=\"btn-assinatura\" target=\"_blank\" href=\"https:\/\/www.estrategiaconcursos.com.br\/assinaturas\/\" role=\"button\" rel=\"noopener noreferrer\">ASSINE AGORA<\/a>\n        <\/div>\n      <\/div>\n      <p .<=\"\" p=\"\">\n    <\/p><\/div><\/div><\/div>\n\n\n\n<figure class=\"wp-block-image size-large is-resized\"><img loading=\"lazy\" decoding=\"async\" width=\"300\" height=\"185\" src=\"https:\/\/dhg1h5j42swfq.cloudfront.net\/2021\/04\/09164336\/ficha-tecnica-1-300x185-1-9.png\" alt=\"Ficha t\u00e9cnica\" class=\"wp-image-711193\" style=\"aspect-ratio:1.624203821656051;width:272px;height:auto\"\/><\/figure>\n\n\n\n<h3 class=\"wp-block-heading\" id=\"ficha\">Principais informa\u00e7\u00f5es do novo concurso PC RJ 2025<\/h3>\n\n\n\n<ul class=\"wp-block-list\">\n<li><strong>Data prevista<\/strong>: 2026<\/li>\n\n\n\n<li><strong>Vagas<\/strong>: 414<\/li>\n\n\n\n<li><strong>Cargos<\/strong>: Perito Criminal, Perito Legista, Piloto Policial e Delegado<\/li>\n\n\n\n<li><strong>Banca<\/strong>: a definir<\/li>\n\n\n\n<li><strong>Escolaridade<\/strong>: n\u00edveis m\u00e9dio e superior<\/li>\n<\/ul>\n\n\n\n<h3 class=\"wp-block-heading\" id=\"ficha\">Principais informa\u00e7\u00f5es do \u00faltimo concurso Pol\u00edcia Civil RJ 2021<\/h3>\n\n\n\n<ul class=\"wp-block-list\">\n<li><strong>Provas<\/strong>: 05\/12\/2021; 23\/01; 30\/01; 06\/02 e 13\/02\/2022<\/li>\n\n\n\n<li><strong>Vagas<\/strong>: 3.212 [ap\u00f3s aumento de vagas]<\/li>\n\n\n\n<li><strong>Cargos<\/strong>: Inspetor, Perito Legista, Perito Criminal, T\u00e9cnico, Auxiliar de Necropsia e Investigador<\/li>\n\n\n\n<li><strong>Banca<\/strong>: FGV <\/li>\n\n\n\n<li><strong>Escolaridade<\/strong>: n\u00edveis fundamental, m\u00e9dio e superior<\/li>\n\n\n\n<li><strong>Edital<\/strong>: <a href=\"https:\/\/dhg1h5j42swfq.cloudfront.net\/2021\/09\/23102336\/edital-pcerj-2021_estrategia.pdf\" target=\"_blank\" rel=\"noreferrer noopener nofollow\">PC RJ 2021<\/a><\/li>\n<\/ul>\n\n\n\n<hr class=\"wp-block-separator has-alpha-channel-opacity\"\/>\n\n\n\n<div class=\"schema-faq wp-block-yoast-faq-block\"><div class=\"schema-faq-section\" id=\"faq-question-1749756261861\"><strong class=\"schema-faq-question\">Quando ser\u00e1 o pr\u00f3ximo concurso da Pol\u00edcia Civil do RJ?<\/strong> <p class=\"schema-faq-answer\">Um novo edital da PC RJ est\u00e1 previsto para o ano de 2026. O concurso foi autorizado para 414 vagas de n\u00edveis m\u00e9dio e superior.<\/p> <\/div> <div class=\"schema-faq-section\" id=\"faq-question-1749756343855\"><strong class=\"schema-faq-question\">Quais s\u00e3o os cargos do pr\u00f3ximo concurso da PC RJ?<\/strong> <p class=\"schema-faq-answer\">Os cargos contemplados no pr\u00f3ximo edital ser\u00e3o: Perito Criminal, Perito Legista, Piloto Policial e Delegado. No total, ser\u00e3o 414 vagas no novo certame.<\/p> <\/div> <div class=\"schema-faq-section\" id=\"faq-question-1749756387044\"><strong class=\"schema-faq-question\">Como entrar na Pol\u00edcia Civil RJ?<\/strong> <p class=\"schema-faq-answer\">Para ingressar da PC RJ, \u00e9 preciso ser aprovado em um concurso p\u00fablico. O pr\u00f3ximo edital \u00e9 esperado ainda para o ano de 2026, j\u00e1 a \u00faltima edi\u00e7\u00e3o ocorreu em 2021 e selecionou 3.212 candidatos para os cargos de Inspetor, Perito Legista, Perito Criminal, T\u00e9cnico, Auxiliar de Necropsia e Investigador.<\/p> <\/div> <\/div>\n","protected":false},"excerpt":{"rendered":"<p>Vagas do concurso PC RJ ser\u00e3o para Delegado, Perito Criminal, Perito Legista e Piloto Policial. Processo de contrata\u00e7\u00e3o da banca registra 9 propostas! Segue em andamento o processo de contrata\u00e7\u00e3o da banca organizadora do novo concurso PC RJ (Pol\u00edcia Civil do Rio de Janeiro). Segundo informa\u00e7\u00f5es divulgadas, 9 bancas apresentaram propostas: Instituto AOCP, Instituto Selecon, [&hellip;]<\/p>\n","protected":false},"author":1206,"featured_media":727294,"comment_status":"open","ping_status":"open","sticky":false,"template":"","format":"standard","meta":{"post_tipo":"news_page","footnotes":""},"categories":[1988,220190],"tags":[],"tax_estado":[219982],"class_list":["post-39268","post","type-post","status-publish","format-standard","has-post-thumbnail","hentry","category-policia","category-policial-peritos","tax_estado-rj"],"acf":[],"yoast_head":"<!-- This site is optimized with the Yoast SEO Premium plugin v27.2 (Yoast SEO v27.2) - https:\/\/yoast.com\/product\/yoast-seo-premium-wordpress\/ -->\n<title>Concurso Pol\u00edcia Civil RJ: banca em breve! Ser\u00e3o 414 vagas<\/title>\n<meta name=\"description\" content=\"Novo concurso Pol\u00edcia Civil RJ \u00e9 autorizado com 414 vagas. Comiss\u00e3o formada e banca em defini\u00e7\u00e3o. Veja o que se sabe sobre a PC RJ!\" \/>\n<meta name=\"robots\" content=\"index, follow, max-snippet:-1, max-image-preview:large, max-video-preview:-1\" \/>\n<link rel=\"canonical\" href=\"https:\/\/www.estrategiaconcursos.com.br\/blog\/concurso-policia-civil-rj\/\" \/>\n<meta property=\"og:locale\" content=\"pt_BR\" \/>\n<meta property=\"og:type\" content=\"article\" \/>\n<meta property=\"og:title\" content=\"Concurso Pol\u00edcia Civil RJ: banca em breve! Ser\u00e3o 414 vagas\" \/>\n<meta property=\"og:description\" content=\"Concurso Pol\u00edcia Civil RJ: edital oferta 1.625 vagas com iniciais de R$ 4,6 mil. Acompanhe o panorama do certame, resultados e convoca\u00e7\u00f5es!\" \/>\n<meta property=\"og:url\" content=\"https:\/\/www.estrategiaconcursos.com.br\/blog\/concurso-policia-civil-rj\/\" \/>\n<meta property=\"og:site_name\" content=\"Estrat\u00e9gia Concursos\" \/>\n<meta property=\"article:published_time\" content=\"2026-03-20T18:46:53+00:00\" \/>\n<meta property=\"article:modified_time\" content=\"2026-03-20T18:46:57+00:00\" \/>\n<meta property=\"og:image\" content=\"https:\/\/dhg1h5j42swfq.cloudfront.net\/2021\/04\/29174108\/concurso-pc-rj.jpg\" \/>\n\t<meta property=\"og:image:width\" content=\"768\" \/>\n\t<meta property=\"og:image:height\" content=\"432\" \/>\n\t<meta property=\"og:image:type\" content=\"image\/jpeg\" \/>\n<meta name=\"author\" content=\"Bruna de Andrade Fran\u00e7a\" \/>\n<meta name=\"twitter:card\" content=\"summary_large_image\" \/>\n<meta name=\"twitter:description\" content=\"Concurso Pol\u00edcia Civil RJ: edital oferta 1.625 vagas com iniciais de R$ 4,6 mil. Acompanhe o panorama do certame, resultados e convoca\u00e7\u00f5es!\" \/>\n<meta name=\"twitter:creator\" content=\"@EstratConcursos\" \/>\n<meta name=\"twitter:site\" content=\"@EstratConcursos\" \/>\n<meta name=\"twitter:label1\" content=\"Escrito por\" \/>\n\t<meta name=\"twitter:data1\" content=\"Bruna de Andrade Fran\u00e7a\" \/>\n\t<meta name=\"twitter:label2\" content=\"Est. tempo de leitura\" \/>\n\t<meta name=\"twitter:data2\" content=\"14 minutos\" \/>\n<script type=\"application\/ld+json\" class=\"yoast-schema-graph\">{\"@context\":\"https:\/\/schema.org\",\"@graph\":[{\"@type\":\"NewsArticle\",\"@id\":\"https:\/\/www.estrategiaconcursos.com.br\/blog\/concurso-policia-civil-rj\/#article\",\"isPartOf\":{\"@id\":\"https:\/\/www.estrategiaconcursos.com.br\/blog\/concurso-policia-civil-rj\/\"},\"author\":{\"name\":\"Bruna de Andrade Fran\u00e7a\",\"@id\":\"https:\/\/www.estrategiaconcursos.com.br\/blog\/#\/schema\/person\/6630f91134abc08115cca62ce6372855\"},\"headline\":\"Concurso Pol\u00edcia Civil RJ: banca em breve! Ser\u00e3o 414 vagas\",\"datePublished\":\"2026-03-20T18:46:53+00:00\",\"dateModified\":\"2026-03-20T18:46:57+00:00\",\"mainEntityOfPage\":{\"@id\":\"https:\/\/www.estrategiaconcursos.com.br\/blog\/concurso-policia-civil-rj\/\"},\"wordCount\":3281,\"commentCount\":111,\"publisher\":{\"@id\":\"https:\/\/www.estrategiaconcursos.com.br\/blog\/#organization\"},\"image\":{\"@id\":\"https:\/\/www.estrategiaconcursos.com.br\/blog\/concurso-policia-civil-rj\/#primaryimage\"},\"thumbnailUrl\":\"https:\/\/dhg1h5j42swfq.cloudfront.net\/2021\/04\/29174108\/concurso-pc-rj.jpg\",\"articleSection\":[\"Policial (Agente, Escriv\u00e3o e Investigador)\",\"Policial (Peritos, Papiloscopistas)\"],\"inLanguage\":\"pt-BR\",\"potentialAction\":[{\"@type\":\"CommentAction\",\"name\":\"Comment\",\"target\":[\"https:\/\/www.estrategiaconcursos.com.br\/blog\/concurso-policia-civil-rj\/#respond\"]}],\"copyrightYear\":\"2026\",\"copyrightHolder\":{\"@id\":\"https:\/\/www.estrategiaconcursos.com.br\/blog\/#organization\"}},{\"@type\":[\"WebPage\",\"FAQPage\"],\"@id\":\"https:\/\/www.estrategiaconcursos.com.br\/blog\/concurso-policia-civil-rj\/\",\"url\":\"https:\/\/www.estrategiaconcursos.com.br\/blog\/concurso-policia-civil-rj\/\",\"name\":\"Concurso Pol\u00edcia Civil RJ: banca em breve! Ser\u00e3o 414 vagas\",\"isPartOf\":{\"@id\":\"https:\/\/www.estrategiaconcursos.com.br\/blog\/#website\"},\"primaryImageOfPage\":{\"@id\":\"https:\/\/www.estrategiaconcursos.com.br\/blog\/concurso-policia-civil-rj\/#primaryimage\"},\"image\":{\"@id\":\"https:\/\/www.estrategiaconcursos.com.br\/blog\/concurso-policia-civil-rj\/#primaryimage\"},\"thumbnailUrl\":\"https:\/\/dhg1h5j42swfq.cloudfront.net\/2021\/04\/29174108\/concurso-pc-rj.jpg\",\"datePublished\":\"2026-03-20T18:46:53+00:00\",\"dateModified\":\"2026-03-20T18:46:57+00:00\",\"description\":\"Novo concurso Pol\u00edcia Civil RJ \u00e9 autorizado com 414 vagas. Comiss\u00e3o formada e banca em defini\u00e7\u00e3o. Veja o que se sabe sobre a PC RJ!\",\"breadcrumb\":{\"@id\":\"https:\/\/www.estrategiaconcursos.com.br\/blog\/concurso-policia-civil-rj\/#breadcrumb\"},\"mainEntity\":[{\"@id\":\"https:\/\/www.estrategiaconcursos.com.br\/blog\/concurso-policia-civil-rj\/#faq-question-1749756261861\"},{\"@id\":\"https:\/\/www.estrategiaconcursos.com.br\/blog\/concurso-policia-civil-rj\/#faq-question-1749756343855\"},{\"@id\":\"https:\/\/www.estrategiaconcursos.com.br\/blog\/concurso-policia-civil-rj\/#faq-question-1749756387044\"}],\"inLanguage\":\"pt-BR\",\"potentialAction\":[{\"@type\":\"ReadAction\",\"target\":[\"https:\/\/www.estrategiaconcursos.com.br\/blog\/concurso-policia-civil-rj\/\"]}]},{\"@type\":\"ImageObject\",\"inLanguage\":\"pt-BR\",\"@id\":\"https:\/\/www.estrategiaconcursos.com.br\/blog\/concurso-policia-civil-rj\/#primaryimage\",\"url\":\"https:\/\/dhg1h5j42swfq.cloudfront.net\/2021\/04\/29174108\/concurso-pc-rj.jpg\",\"contentUrl\":\"https:\/\/dhg1h5j42swfq.cloudfront.net\/2021\/04\/29174108\/concurso-pc-rj.jpg\",\"width\":768,\"height\":432,\"caption\":\"concurso pc rj\"},{\"@type\":\"BreadcrumbList\",\"@id\":\"https:\/\/www.estrategiaconcursos.com.br\/blog\/concurso-policia-civil-rj\/#breadcrumb\",\"itemListElement\":[{\"@type\":\"ListItem\",\"position\":1,\"name\":\"In\u00edcio\",\"item\":\"https:\/\/www.estrategiaconcursos.com.br\/blog\/\"},{\"@type\":\"ListItem\",\"position\":2,\"name\":\"Concurso Pol\u00edcia Civil RJ: banca em breve! Ser\u00e3o 414 vagas\"}]},{\"@type\":\"WebSite\",\"@id\":\"https:\/\/www.estrategiaconcursos.com.br\/blog\/#website\",\"url\":\"https:\/\/www.estrategiaconcursos.com.br\/blog\/\",\"name\":\"Estrat\u00e9gia Concursos\",\"description\":\"O blog da Estrat\u00e9gia Concursos traz not\u00edcias sobre concursos e artigos de professores oferecendo cursos para concursos (pdf + videaulas) no site.\",\"publisher\":{\"@id\":\"https:\/\/www.estrategiaconcursos.com.br\/blog\/#organization\"},\"potentialAction\":[{\"@type\":\"SearchAction\",\"target\":{\"@type\":\"EntryPoint\",\"urlTemplate\":\"https:\/\/www.estrategiaconcursos.com.br\/blog\/?s={search_term_string}\"},\"query-input\":{\"@type\":\"PropertyValueSpecification\",\"valueRequired\":true,\"valueName\":\"search_term_string\"}}],\"inLanguage\":\"pt-BR\"},{\"@type\":\"Organization\",\"@id\":\"https:\/\/www.estrategiaconcursos.com.br\/blog\/#organization\",\"name\":\"Estrat\u00e9gia Concursos\",\"url\":\"https:\/\/www.estrategiaconcursos.com.br\/blog\/\",\"logo\":{\"@type\":\"ImageObject\",\"inLanguage\":\"pt-BR\",\"@id\":\"https:\/\/www.estrategiaconcursos.com.br\/blog\/#\/schema\/logo\/image\/\",\"url\":\"https:\/\/dhg1h5j42swfq.cloudfront.net\/2025\/06\/03203428\/logo_concursos-1.jpg\",\"contentUrl\":\"https:\/\/dhg1h5j42swfq.cloudfront.net\/2025\/06\/03203428\/logo_concursos-1.jpg\",\"width\":230,\"height\":60,\"caption\":\"Estrat\u00e9gia Concursos\"},\"image\":{\"@id\":\"https:\/\/www.estrategiaconcursos.com.br\/blog\/#\/schema\/logo\/image\/\"},\"sameAs\":[\"https:\/\/x.com\/EstratConcursos\"]},{\"@type\":\"Person\",\"@id\":\"https:\/\/www.estrategiaconcursos.com.br\/blog\/#\/schema\/person\/6630f91134abc08115cca62ce6372855\",\"name\":\"Bruna de Andrade Fran\u00e7a\",\"image\":{\"@type\":\"ImageObject\",\"inLanguage\":\"pt-BR\",\"@id\":\"https:\/\/secure.gravatar.com\/avatar\/d6316d36d50cea0fadae28ed3015b8870cc90a2d3d8a95c37b44006af36a00e3?s=96&d=mm&r=g\",\"url\":\"https:\/\/secure.gravatar.com\/avatar\/d6316d36d50cea0fadae28ed3015b8870cc90a2d3d8a95c37b44006af36a00e3?s=96&d=mm&r=g\",\"contentUrl\":\"https:\/\/secure.gravatar.com\/avatar\/d6316d36d50cea0fadae28ed3015b8870cc90a2d3d8a95c37b44006af36a00e3?s=96&d=mm&r=g\",\"caption\":\"Bruna de Andrade Fran\u00e7a\"},\"description\":\"Bruna de Andrade Fran\u00e7a \u00e9 publicit\u00e1ria com p\u00f3s-gradua\u00e7\u00e3o em Marketing &amp; Growth, atuando h\u00e1 mais de 6 anos no universo dos concursos p\u00fablicos. Desde 2021, lidera no Blog do Estrat\u00e9gia Concursos a cobertura editorial especializada em Concursos Policiais (PF, PRF, PM, PC, etc.), al\u00e9m das frentes de concursos banc\u00e1rios, de sa\u00fade e da \u00e1rea legislativa. Especialista em reda\u00e7\u00e3o, com pr\u00e1ticas de SEO e Copywriting, possui tamb\u00e9m atua\u00e7\u00e3o pr\u00e1tica de contato direto com \u00f3rg\u00e3os p\u00fablicos respons\u00e1veis por editais, permitindo acesso antecipado a informa\u00e7\u00f5es, desdobramentos importantes e atualiza\u00e7\u00e3o eficiente dos concursos p\u00fablicos.\",\"url\":\"https:\/\/www.estrategiaconcursos.com.br\/blog\/author\/bruna-andrade\/\"},{\"@type\":\"Question\",\"@id\":\"https:\/\/www.estrategiaconcursos.com.br\/blog\/concurso-policia-civil-rj\/#faq-question-1749756261861\",\"position\":1,\"url\":\"https:\/\/www.estrategiaconcursos.com.br\/blog\/concurso-policia-civil-rj\/#faq-question-1749756261861\",\"name\":\"Quando ser\u00e1 o pr\u00f3ximo concurso da Pol\u00edcia Civil do RJ?\",\"answerCount\":1,\"acceptedAnswer\":{\"@type\":\"Answer\",\"text\":\"Um novo edital da PC RJ est\u00e1 previsto para o ano de 2026. O concurso foi autorizado para 414 vagas de n\u00edveis m\u00e9dio e superior.\",\"inLanguage\":\"pt-BR\"},\"inLanguage\":\"pt-BR\"},{\"@type\":\"Question\",\"@id\":\"https:\/\/www.estrategiaconcursos.com.br\/blog\/concurso-policia-civil-rj\/#faq-question-1749756343855\",\"position\":2,\"url\":\"https:\/\/www.estrategiaconcursos.com.br\/blog\/concurso-policia-civil-rj\/#faq-question-1749756343855\",\"name\":\"Quais s\u00e3o os cargos do pr\u00f3ximo concurso da PC RJ?\",\"answerCount\":1,\"acceptedAnswer\":{\"@type\":\"Answer\",\"text\":\"Os cargos contemplados no pr\u00f3ximo edital ser\u00e3o: Perito Criminal, Perito Legista, Piloto Policial e Delegado. No total, ser\u00e3o 414 vagas no novo certame.\",\"inLanguage\":\"pt-BR\"},\"inLanguage\":\"pt-BR\"},{\"@type\":\"Question\",\"@id\":\"https:\/\/www.estrategiaconcursos.com.br\/blog\/concurso-policia-civil-rj\/#faq-question-1749756387044\",\"position\":3,\"url\":\"https:\/\/www.estrategiaconcursos.com.br\/blog\/concurso-policia-civil-rj\/#faq-question-1749756387044\",\"name\":\"Como entrar na Pol\u00edcia Civil RJ?\",\"answerCount\":1,\"acceptedAnswer\":{\"@type\":\"Answer\",\"text\":\"Para ingressar da PC RJ, \u00e9 preciso ser aprovado em um concurso p\u00fablico. O pr\u00f3ximo edital \u00e9 esperado ainda para o ano de 2026, j\u00e1 a \u00faltima edi\u00e7\u00e3o ocorreu em 2021 e selecionou 3.212 candidatos para os cargos de Inspetor, Perito Legista, Perito Criminal, T\u00e9cnico, Auxiliar de Necropsia e Investigador.\",\"inLanguage\":\"pt-BR\"},\"inLanguage\":\"pt-BR\"}]}<\/script>\n<!-- \/ Yoast SEO Premium plugin. -->","yoast_head_json":{"title":"Concurso Pol\u00edcia Civil RJ: banca em breve! Ser\u00e3o 414 vagas","description":"Novo concurso Pol\u00edcia Civil RJ \u00e9 autorizado com 414 vagas. Comiss\u00e3o formada e banca em defini\u00e7\u00e3o. Veja o que se sabe sobre a PC RJ!","robots":{"index":"index","follow":"follow","max-snippet":"max-snippet:-1","max-image-preview":"max-image-preview:large","max-video-preview":"max-video-preview:-1"},"canonical":"https:\/\/www.estrategiaconcursos.com.br\/blog\/concurso-policia-civil-rj\/","og_locale":"pt_BR","og_type":"article","og_title":"Concurso Pol\u00edcia Civil RJ: banca em breve! Ser\u00e3o 414 vagas","og_description":"Concurso Pol\u00edcia Civil RJ: edital oferta 1.625 vagas com iniciais de R$ 4,6 mil. Acompanhe o panorama do certame, resultados e convoca\u00e7\u00f5es!","og_url":"https:\/\/www.estrategiaconcursos.com.br\/blog\/concurso-policia-civil-rj\/","og_site_name":"Estrat\u00e9gia Concursos","article_published_time":"2026-03-20T18:46:53+00:00","article_modified_time":"2026-03-20T18:46:57+00:00","og_image":[{"width":768,"height":432,"url":"https:\/\/dhg1h5j42swfq.cloudfront.net\/2021\/04\/29174108\/concurso-pc-rj.jpg","type":"image\/jpeg"}],"author":"Bruna de Andrade Fran\u00e7a","twitter_card":"summary_large_image","twitter_description":"Concurso Pol\u00edcia Civil RJ: edital oferta 1.625 vagas com iniciais de R$ 4,6 mil. Acompanhe o panorama do certame, resultados e convoca\u00e7\u00f5es!","twitter_creator":"@EstratConcursos","twitter_site":"@EstratConcursos","twitter_misc":{"Escrito por":"Bruna de Andrade Fran\u00e7a","Est. tempo de leitura":"14 minutos"},"schema":{"@context":"https:\/\/schema.org","@graph":[{"@type":"NewsArticle","@id":"https:\/\/www.estrategiaconcursos.com.br\/blog\/concurso-policia-civil-rj\/#article","isPartOf":{"@id":"https:\/\/www.estrategiaconcursos.com.br\/blog\/concurso-policia-civil-rj\/"},"author":{"name":"Bruna de Andrade Fran\u00e7a","@id":"https:\/\/www.estrategiaconcursos.com.br\/blog\/#\/schema\/person\/6630f91134abc08115cca62ce6372855"},"headline":"Concurso Pol\u00edcia Civil RJ: banca em breve! Ser\u00e3o 414 vagas","datePublished":"2026-03-20T18:46:53+00:00","dateModified":"2026-03-20T18:46:57+00:00","mainEntityOfPage":{"@id":"https:\/\/www.estrategiaconcursos.com.br\/blog\/concurso-policia-civil-rj\/"},"wordCount":3281,"commentCount":111,"publisher":{"@id":"https:\/\/www.estrategiaconcursos.com.br\/blog\/#organization"},"image":{"@id":"https:\/\/www.estrategiaconcursos.com.br\/blog\/concurso-policia-civil-rj\/#primaryimage"},"thumbnailUrl":"https:\/\/dhg1h5j42swfq.cloudfront.net\/2021\/04\/29174108\/concurso-pc-rj.jpg","articleSection":["Policial (Agente, Escriv\u00e3o e Investigador)","Policial (Peritos, Papiloscopistas)"],"inLanguage":"pt-BR","potentialAction":[{"@type":"CommentAction","name":"Comment","target":["https:\/\/www.estrategiaconcursos.com.br\/blog\/concurso-policia-civil-rj\/#respond"]}],"copyrightYear":"2026","copyrightHolder":{"@id":"https:\/\/www.estrategiaconcursos.com.br\/blog\/#organization"}},{"@type":["WebPage","FAQPage"],"@id":"https:\/\/www.estrategiaconcursos.com.br\/blog\/concurso-policia-civil-rj\/","url":"https:\/\/www.estrategiaconcursos.com.br\/blog\/concurso-policia-civil-rj\/","name":"Concurso Pol\u00edcia Civil RJ: banca em breve! Ser\u00e3o 414 vagas","isPartOf":{"@id":"https:\/\/www.estrategiaconcursos.com.br\/blog\/#website"},"primaryImageOfPage":{"@id":"https:\/\/www.estrategiaconcursos.com.br\/blog\/concurso-policia-civil-rj\/#primaryimage"},"image":{"@id":"https:\/\/www.estrategiaconcursos.com.br\/blog\/concurso-policia-civil-rj\/#primaryimage"},"thumbnailUrl":"https:\/\/dhg1h5j42swfq.cloudfront.net\/2021\/04\/29174108\/concurso-pc-rj.jpg","datePublished":"2026-03-20T18:46:53+00:00","dateModified":"2026-03-20T18:46:57+00:00","description":"Novo concurso Pol\u00edcia Civil RJ \u00e9 autorizado com 414 vagas. Comiss\u00e3o formada e banca em defini\u00e7\u00e3o. Veja o que se sabe sobre a PC RJ!","breadcrumb":{"@id":"https:\/\/www.estrategiaconcursos.com.br\/blog\/concurso-policia-civil-rj\/#breadcrumb"},"mainEntity":[{"@id":"https:\/\/www.estrategiaconcursos.com.br\/blog\/concurso-policia-civil-rj\/#faq-question-1749756261861"},{"@id":"https:\/\/www.estrategiaconcursos.com.br\/blog\/concurso-policia-civil-rj\/#faq-question-1749756343855"},{"@id":"https:\/\/www.estrategiaconcursos.com.br\/blog\/concurso-policia-civil-rj\/#faq-question-1749756387044"}],"inLanguage":"pt-BR","potentialAction":[{"@type":"ReadAction","target":["https:\/\/www.estrategiaconcursos.com.br\/blog\/concurso-policia-civil-rj\/"]}]},{"@type":"ImageObject","inLanguage":"pt-BR","@id":"https:\/\/www.estrategiaconcursos.com.br\/blog\/concurso-policia-civil-rj\/#primaryimage","url":"https:\/\/dhg1h5j42swfq.cloudfront.net\/2021\/04\/29174108\/concurso-pc-rj.jpg","contentUrl":"https:\/\/dhg1h5j42swfq.cloudfront.net\/2021\/04\/29174108\/concurso-pc-rj.jpg","width":768,"height":432,"caption":"concurso pc rj"},{"@type":"BreadcrumbList","@id":"https:\/\/www.estrategiaconcursos.com.br\/blog\/concurso-policia-civil-rj\/#breadcrumb","itemListElement":[{"@type":"ListItem","position":1,"name":"In\u00edcio","item":"https:\/\/www.estrategiaconcursos.com.br\/blog\/"},{"@type":"ListItem","position":2,"name":"Concurso Pol\u00edcia Civil RJ: banca em breve! Ser\u00e3o 414 vagas"}]},{"@type":"WebSite","@id":"https:\/\/www.estrategiaconcursos.com.br\/blog\/#website","url":"https:\/\/www.estrategiaconcursos.com.br\/blog\/","name":"Estrat\u00e9gia Concursos","description":"O blog da Estrat\u00e9gia Concursos traz not\u00edcias sobre concursos e artigos de professores oferecendo cursos para concursos (pdf + videaulas) no site.","publisher":{"@id":"https:\/\/www.estrategiaconcursos.com.br\/blog\/#organization"},"potentialAction":[{"@type":"SearchAction","target":{"@type":"EntryPoint","urlTemplate":"https:\/\/www.estrategiaconcursos.com.br\/blog\/?s={search_term_string}"},"query-input":{"@type":"PropertyValueSpecification","valueRequired":true,"valueName":"search_term_string"}}],"inLanguage":"pt-BR"},{"@type":"Organization","@id":"https:\/\/www.estrategiaconcursos.com.br\/blog\/#organization","name":"Estrat\u00e9gia Concursos","url":"https:\/\/www.estrategiaconcursos.com.br\/blog\/","logo":{"@type":"ImageObject","inLanguage":"pt-BR","@id":"https:\/\/www.estrategiaconcursos.com.br\/blog\/#\/schema\/logo\/image\/","url":"https:\/\/dhg1h5j42swfq.cloudfront.net\/2025\/06\/03203428\/logo_concursos-1.jpg","contentUrl":"https:\/\/dhg1h5j42swfq.cloudfront.net\/2025\/06\/03203428\/logo_concursos-1.jpg","width":230,"height":60,"caption":"Estrat\u00e9gia Concursos"},"image":{"@id":"https:\/\/www.estrategiaconcursos.com.br\/blog\/#\/schema\/logo\/image\/"},"sameAs":["https:\/\/x.com\/EstratConcursos"]},{"@type":"Person","@id":"https:\/\/www.estrategiaconcursos.com.br\/blog\/#\/schema\/person\/6630f91134abc08115cca62ce6372855","name":"Bruna de Andrade Fran\u00e7a","image":{"@type":"ImageObject","inLanguage":"pt-BR","@id":"https:\/\/secure.gravatar.com\/avatar\/d6316d36d50cea0fadae28ed3015b8870cc90a2d3d8a95c37b44006af36a00e3?s=96&d=mm&r=g","url":"https:\/\/secure.gravatar.com\/avatar\/d6316d36d50cea0fadae28ed3015b8870cc90a2d3d8a95c37b44006af36a00e3?s=96&d=mm&r=g","contentUrl":"https:\/\/secure.gravatar.com\/avatar\/d6316d36d50cea0fadae28ed3015b8870cc90a2d3d8a95c37b44006af36a00e3?s=96&d=mm&r=g","caption":"Bruna de Andrade Fran\u00e7a"},"description":"Bruna de Andrade Fran\u00e7a \u00e9 publicit\u00e1ria com p\u00f3s-gradua\u00e7\u00e3o em Marketing &amp; Growth, atuando h\u00e1 mais de 6 anos no universo dos concursos p\u00fablicos. Desde 2021, lidera no Blog do Estrat\u00e9gia Concursos a cobertura editorial especializada em Concursos Policiais (PF, PRF, PM, PC, etc.), al\u00e9m das frentes de concursos banc\u00e1rios, de sa\u00fade e da \u00e1rea legislativa. Especialista em reda\u00e7\u00e3o, com pr\u00e1ticas de SEO e Copywriting, possui tamb\u00e9m atua\u00e7\u00e3o pr\u00e1tica de contato direto com \u00f3rg\u00e3os p\u00fablicos respons\u00e1veis por editais, permitindo acesso antecipado a informa\u00e7\u00f5es, desdobramentos importantes e atualiza\u00e7\u00e3o eficiente dos concursos p\u00fablicos.","url":"https:\/\/www.estrategiaconcursos.com.br\/blog\/author\/bruna-andrade\/"},{"@type":"Question","@id":"https:\/\/www.estrategiaconcursos.com.br\/blog\/concurso-policia-civil-rj\/#faq-question-1749756261861","position":1,"url":"https:\/\/www.estrategiaconcursos.com.br\/blog\/concurso-policia-civil-rj\/#faq-question-1749756261861","name":"Quando ser\u00e1 o pr\u00f3ximo concurso da Pol\u00edcia Civil do RJ?","answerCount":1,"acceptedAnswer":{"@type":"Answer","text":"Um novo edital da PC RJ est\u00e1 previsto para o ano de 2026. O concurso foi autorizado para 414 vagas de n\u00edveis m\u00e9dio e superior.","inLanguage":"pt-BR"},"inLanguage":"pt-BR"},{"@type":"Question","@id":"https:\/\/www.estrategiaconcursos.com.br\/blog\/concurso-policia-civil-rj\/#faq-question-1749756343855","position":2,"url":"https:\/\/www.estrategiaconcursos.com.br\/blog\/concurso-policia-civil-rj\/#faq-question-1749756343855","name":"Quais s\u00e3o os cargos do pr\u00f3ximo concurso da PC RJ?","answerCount":1,"acceptedAnswer":{"@type":"Answer","text":"Os cargos contemplados no pr\u00f3ximo edital ser\u00e3o: Perito Criminal, Perito Legista, Piloto Policial e Delegado. No total, ser\u00e3o 414 vagas no novo certame.","inLanguage":"pt-BR"},"inLanguage":"pt-BR"},{"@type":"Question","@id":"https:\/\/www.estrategiaconcursos.com.br\/blog\/concurso-policia-civil-rj\/#faq-question-1749756387044","position":3,"url":"https:\/\/www.estrategiaconcursos.com.br\/blog\/concurso-policia-civil-rj\/#faq-question-1749756387044","name":"Como entrar na Pol\u00edcia Civil RJ?","answerCount":1,"acceptedAnswer":{"@type":"Answer","text":"Para ingressar da PC RJ, \u00e9 preciso ser aprovado em um concurso p\u00fablico. O pr\u00f3ximo edital \u00e9 esperado ainda para o ano de 2026, j\u00e1 a \u00faltima edi\u00e7\u00e3o ocorreu em 2021 e selecionou 3.212 candidatos para os cargos de Inspetor, Perito Legista, Perito Criminal, T\u00e9cnico, Auxiliar de Necropsia e Investigador.","inLanguage":"pt-BR"},"inLanguage":"pt-BR"}]}},"_links":{"self":[{"href":"https:\/\/www.estrategiaconcursos.com.br\/blog\/wp-json\/wp\/v2\/posts\/39268","targetHints":{"allow":["GET"]}}],"collection":[{"href":"https:\/\/www.estrategiaconcursos.com.br\/blog\/wp-json\/wp\/v2\/posts"}],"about":[{"href":"https:\/\/www.estrategiaconcursos.com.br\/blog\/wp-json\/wp\/v2\/types\/post"}],"author":[{"embeddable":true,"href":"https:\/\/www.estrategiaconcursos.com.br\/blog\/wp-json\/wp\/v2\/users\/1206"}],"replies":[{"embeddable":true,"href":"https:\/\/www.estrategiaconcursos.com.br\/blog\/wp-json\/wp\/v2\/comments?post=39268"}],"version-history":[{"count":566,"href":"https:\/\/www.estrategiaconcursos.com.br\/blog\/wp-json\/wp\/v2\/posts\/39268\/revisions"}],"predecessor-version":[{"id":1717205,"href":"https:\/\/www.estrategiaconcursos.com.br\/blog\/wp-json\/wp\/v2\/posts\/39268\/revisions\/1717205"}],"wp:featuredmedia":[{"embeddable":true,"href":"https:\/\/www.estrategiaconcursos.com.br\/blog\/wp-json\/wp\/v2\/media\/727294"}],"wp:attachment":[{"href":"https:\/\/www.estrategiaconcursos.com.br\/blog\/wp-json\/wp\/v2\/media?parent=39268"}],"wp:term":[{"taxonomy":"category","embeddable":true,"href":"https:\/\/www.estrategiaconcursos.com.br\/blog\/wp-json\/wp\/v2\/categories?post=39268"},{"taxonomy":"post_tag","embeddable":true,"href":"https:\/\/www.estrategiaconcursos.com.br\/blog\/wp-json\/wp\/v2\/tags?post=39268"},{"taxonomy":"tax_estado","embeddable":true,"href":"https:\/\/www.estrategiaconcursos.com.br\/blog\/wp-json\/wp\/v2\/tax_estado?post=39268"}],"curies":[{"name":"wp","href":"https:\/\/api.w.org\/{rel}","templated":true}]}}