{"id":392639,"date":"2025-12-10T14:30:48","date_gmt":"2025-12-10T17:30:48","guid":{"rendered":"https:\/\/www.estrategiaconcursos.com.br\/blog\/?p=392639"},"modified":"2025-12-30T15:15:45","modified_gmt":"2025-12-30T18:15:45","slug":"concurso-iss-belem","status":"publish","type":"post","link":"https:\/\/www.estrategiaconcursos.com.br\/blog\/concurso-iss-belem\/","title":{"rendered":"Concurso ISS Bel\u00e9m: autorizado! 20 vagas + 40 em CR!"},"content":{"rendered":"\n<center><a id=\"cta-icon\" href=\"https:\/\/sndflw.com\/i\/iss-belem-grupo\" target=\"_blank\" style=\"background:#29a61a; display:inline-flex; align-items:center; padding:10px 15px; border-radius:6px; color:#fff; text-decoration:none; font-weight:500; font-size:15px;\"><img decoding=\"async\" src=\"https:\/\/dhg1h5j42swfq.cloudfront.net\/2023\/12\/07154107\/whatsapp_13851.png\" alt=\"\" style=\"width:20px; height:20px; margin-right:8px;\"><span>Acesse agora o Grupo de Estudos para o Concurso ISS Bel\u00e9m<\/span><\/a><\/center>\n\n\n\n\n<div style=\"height:14px\" aria-hidden=\"true\" class=\"wp-block-spacer\"><\/div>\n\n\n\n<p><strong>Foi oficialmente autorizado! <\/strong>O Prefeito de Bel\u00e9m, Igor Normando, assinou a portaria que autoriza a realiza\u00e7\u00e3o do mais novo <strong>concurso p\u00fablico ISS<\/strong>, destinado ao provimento de 20 vagas imediatas mais 40 em CR.<\/p>\n\n\n\n<p>O certame ser\u00e1 para o cargo de <strong>Auditor Fiscal da Receita Municipal<\/strong>. Vale lembrar que h\u00e1 mais de 20 anos a prefeitura n\u00e3o realiza concurso para essa fun\u00e7\u00e3o.<\/p>\n\n\n\n<p>Com a proximidade da <strong>Reforma Tribut\u00e1ria<\/strong>, o munic\u00edpio busca refor\u00e7ar a equipe para garantir mais efici\u00eancia na arrecada\u00e7\u00e3o e promover justi\u00e7a fiscal na cidade.<\/p>\n\n\n\n<p>Lembrando que a remunera\u00e7\u00e3o da classe inicial \u00e9 de R$ 5.513,14, por\u00e9m, conforme dados do portal da transpar\u00eancia, \u00e9 poss\u00edvel encontrar servidores ganhando <strong>a partir de R$ 11 mil<\/strong>.<\/p>\n\n\n\n<ul style=\"background-color:#dee3e7\" class=\"wp-block-list has-background\">\n<li><strong>Secretaria Municipal de Finan\u00e7as de Bel\u00e9m<\/strong><\/li>\n\n\n\n<li><strong style=\"color: initial;\">Status:&nbsp;<\/strong>autorizado<\/li>\n\n\n\n<li><strong>Banca:<\/strong>&nbsp;a definir<\/li>\n\n\n\n<li><strong>Vagas:<\/strong> 20 + 40 CR<\/li>\n\n\n\n<li><strong>Sal\u00e1rio inicial:<\/strong>&nbsp;R$ 5.513,14<\/li>\n\n\n\n<li><strong>Sal\u00e1rio real (l\u00edquido):<\/strong>&nbsp;R$ 11 mil a R$ 27 mil<\/li>\n<\/ul>\n\n\n\n<p>Neste artigo voc\u00ea fica por dentro de todas as novidades e informa\u00e7\u00f5es do concurso ISS Bel\u00e9m. Acompanhe pelos t\u00f3picos:<\/p>\n\n\n\n<ul id=\"indice\" class=\"wp-block-list\">\n<li><a href=\"#linha\"><strong>Linha do tempo<\/strong><\/a><\/li>\n\n\n\n<li><a href=\"#carreira\"><strong>Carreira<\/strong><\/a>\n<ul class=\"wp-block-list\">\n<li><a href=\"#atribuicoes\">Atribui\u00e7\u00f5es<\/a><\/li>\n\n\n\n<li><a href=\"#remuneracao-beneficios\">Remunera\u00e7\u00e3o e benef\u00edcios<\/a><\/li>\n\n\n\n<li><a href=\"#real\">Remunera\u00e7\u00e3o real<\/a> (Transpar\u00eancia)<\/li>\n<\/ul>\n<\/li>\n\n\n\n<li><a href=\"#cursos-assinatura\"><strong>Cursos e assinaturas<\/strong><\/a><\/li>\n\n\n\n<li><a href=\"#ficha-tecnica\"><strong>Ficha t\u00e9cnica<\/strong><\/a><\/li>\n<\/ul>\n\n\n\n<div class=\"container\" id=\"boxes\">\n  <div class=\"row\">\n\n    <div class=\"col-sm\">\n      <div class=\"banner-iss\" id=\"box-assinatura\">\n        <h2 class=\"titulo-assinatura\" style=\"text-align: left;\">Concurso ISS Bel\u00e9m<\/h2>\n        <p class=\"subtitulo-assinatura\" style=\"text-align: left;\">Prepara\u00e7\u00e3o completa para a carreira!<\/p>\n        <div class=\"box-botao\" style=\"text-align: left;\">\n          <a class=\"btn-assinatura\" target=\"_blank\" href=\"https:\/\/www.estrategiaconcursos.com.br\/cursosPorConcurso\/iss-belem-pa\/\" role=\"button\" rel=\"noopener noreferrer\">EXPLORAR CURSOS<\/a>\n        <\/div>\n      <\/div><\/div><\/div><\/div>\n\n\n\n<h2 class=\"wp-block-heading\" id=\"status-atual\">Concurso ISS Bel\u00e9m: linha do tempo<\/h2>\n\n\n\n<h3 class=\"wp-block-heading\" id=\"linha\">Linha do tempo<\/h3>\n\n\n\n<ul class=\"wp-block-list\">\n<li><strong>28\/06\/2020:<\/strong> LDO 2020 trouxe previs\u00e3o de concurso com 66 vagas para a Sefin;<\/li>\n\n\n\n<li><strong>20\/01\/2021: <\/strong>LDO 2021 trouxe previs\u00e3o de concurso com 66 vagas para a Sefin.<\/li>\n\n\n\n<li><strong>26\/09\/2025:<\/strong> <a href=\"https:\/\/www.estrategiaconcursos.com.br\/blog\/concurso-iss-belem-autorizado\/\" target=\"_blank\" rel=\"noreferrer noopener\">prefeito autoriza novo concurso<\/a>;<\/li>\n<\/ul>\n\n\n\n<h2 class=\"wp-block-heading\" id=\"carreira\">Concurso ISS Bel\u00e9m: carreira de Auditor <\/h2>\n\n\n\n<h3 class=\"wp-block-heading\" id=\"atribuicoes\">Atribui\u00e7\u00f5es do cargo de Auditor <\/h3>\n\n\n\n<p>S\u00e3o atribui\u00e7\u00f5es do cargo de Auditor Fiscal:<\/p>\n\n\n\n<ul class=\"wp-block-list\">\n<li>A tributa\u00e7\u00e3o, fiscaliza\u00e7\u00e3o, constitui\u00e7\u00e3o do cr\u00e9dito tribut\u00e1rio mediante lan\u00e7amento, arrecada\u00e7\u00e3o e cobran\u00e7a administrativa de quaisquer esp\u00e9cies tribut\u00e1rias;<\/li>\n\n\n\n<li>O gerenciamento dos cadastros fiscais, das informa\u00e7\u00f5es econ\u00f4mico-fiscais e demais bancos de dados de contribuintes;<\/li>\n\n\n\n<li>O gerenciamento do julgamento de processos tribut\u00e1rio-fiscais na inst\u00e2ncia administrativa de sua compet\u00eancia;<\/li>\n\n\n\n<li>O acompanhamento dos repasses de tributos das esferas federal e estadual, bem como a fiscaliza\u00e7\u00e3o tribut\u00e1ria estabelecida em conv\u00eanio, dentro da sua jurisdi\u00e7\u00e3o.<\/li>\n<\/ul>\n\n\n\n<h3 class=\"wp-block-heading\" id=\"remuneracao-beneficios\">Remunera\u00e7\u00e3o e benef\u00edcios do concurso ISS Bel\u00e9m<\/h3>\n\n\n\n<p>De acordo com a <a href=\"http:\/\/portaltransparencia.belem.pa.gov.br\/wp-content\/uploads\/2021\/07\/Lei-9.154-2015-SEFIN.pdf\" target=\"_blank\" rel=\"noreferrer noopener\">Lei Municipal n\u00ba 9.154\/2015<\/a>, o quadro de remunera\u00e7\u00e3o do cargo de Auditor Fiscal da Receita Municipal segue uma linha de tr\u00eas Classes e quatro N\u00edveis. <\/p>\n\n\n\n<figure class=\"wp-block-table is-style-stripes\"><table class=\"has-white-background-color has-background has-fixed-layout\"><thead><tr><th class=\"has-text-align-center\" data-align=\"center\">Classe\/N\u00edvel<\/th><th>I<\/th><th>II<\/th><th>III<\/th><th>IV<\/th><\/tr><\/thead><tbody><tr><td class=\"has-text-align-center\" data-align=\"center\"><strong>A<\/strong><\/td><td> R$ 2.747,17 <\/td><td> R$ 2.829,59 <\/td><td> R$ 2.914,47 <\/td><td> R$ 3.001,91 <\/td><\/tr><tr><td class=\"has-text-align-center\" data-align=\"center\"><strong>B<\/strong><\/td><td> R$ 3.152,00 <\/td><td> R$ 3.246,56 <\/td><td> R$ 3.343,96 <\/td><td> R$ 3.444,28 <\/td><\/tr><tr><td class=\"has-text-align-center\" data-align=\"center\"><strong>C<\/strong><\/td><td> R$ 3.616,49 <\/td><td> R$ 3.724,99 <\/td><td> R$ 3.836,74 <\/td><td> R$ 3.951,84 <\/td><\/tr><\/tbody><\/table><\/figure>\n\n\n\n<p>O valor m\u00ednimo \u00e9 de R$ 2.747,17 e m\u00e1ximo de R$ 3.951,84. Por\u00e9m, esses valores n\u00e3o est\u00e3o acrescidos dos poss\u00edveis Adicionais e Gratifica\u00e7\u00f5es. Com o Adicional de Escolaridade de 100% do vencimento e Abono (R$ 18,80), a remunera\u00e7\u00e3o da classe inicial m\u00ednima \u00e9 de <strong>R$ 5.513,14<\/strong>.<\/p>\n\n\n\n<p>Al\u00e9m disso, o servidor ainda far\u00e1 jus \u00e0 vantagens como Adicional de tempo de servi\u00e7o e Gratifica\u00e7\u00e3o de Titularidade. Est\u00e1 \u00faltima pode variar conforme o tipo de diploma apresentado, sendo: <\/p>\n\n\n\n<ul class=\"wp-block-list\">\n<li><strong>35%<\/strong> para diploma de doutorado<\/li>\n\n\n\n<li><strong>30%<\/strong> para diploma de mestre<\/li>\n\n\n\n<li><strong>25%<\/strong> para diploma de curso de p\u00f3s-gradua\u00e7\u00e3o lato sensu, com carga hor\u00e1ria igual ou superior a 360 horas aulas<\/li>\n<\/ul>\n\n\n\n<h3 class=\"wp-block-heading\" id=\"real\">Remunera\u00e7\u00e3o real<\/h3>\n\n\n\n<p>Conforme consulta aos dados dispon\u00edveis no Portal da Transpar\u00eancia do Munic\u00edpio, a remunera\u00e7\u00e3o l\u00edquida (ap\u00f3s os descontos obrigat\u00f3rios) dos Auditores varia entre R$ 11 mil e R$ 27 mil.<\/p>\n\n\n\n<ul class=\"wp-block-list\">\n<li><strong>Remunera\u00e7\u00e3o m\u00ednima:<\/strong> R$ 11.767,43;<\/li>\n\n\n\n<li><strong>Remunera\u00e7\u00e3o m\u00e1xima:<\/strong> R$ 27.354,34.<\/li>\n<\/ul>\n\n\n\n<figure class=\"wp-block-image aligncenter size-full\"><img loading=\"lazy\" decoding=\"async\" width=\"971\" height=\"723\" src=\"https:\/\/dhg1h5j42swfq.cloudfront.net\/2025\/02\/09085747\/image-123.png\" alt=\"Remunera\u00e7\u00e3o real do concurso ISS Bel\u00e9m\" class=\"wp-image-1544792\" srcset=\"https:\/\/dhg1h5j42swfq.cloudfront.net\/2025\/02\/09085747\/image-123.png 971w, https:\/\/dhg1h5j42swfq.cloudfront.net\/2025\/02\/09085747\/image-123-300x223.png 300w, https:\/\/dhg1h5j42swfq.cloudfront.net\/2025\/02\/09085747\/image-123-768x572.png 768w, https:\/\/dhg1h5j42swfq.cloudfront.net\/2025\/02\/09085747\/image-123-150x112.png 150w\" sizes=\"auto, (max-width: 971px) 100vw, 971px\" \/><\/figure>\n\n\n\n<hr class=\"wp-block-separator has-alpha-channel-opacity\"\/>\n\n\n\n<h2 class=\"wp-block-heading has-text-align-center\" id=\"cursos-assinatura\">Quer estudar para o Concurso ISS Bel\u00e9m?<\/h2>\n\n\n\n<div class=\"container\" id=\"boxes\">\n  <div class=\"row\">\n\n    <div class=\"col-sm\">\n      <div class=\"banner-iss\" id=\"box-assinatura\">\n        <h2 class=\"titulo-assinatura\" style=\"text-align: left;\">Concurso ISS Bel\u00e9m<\/h2>\n        <p class=\"subtitulo-assinatura\" style=\"text-align: left;\">Prepara\u00e7\u00e3o completa para a carreira!<\/p>\n        <div class=\"box-botao\" style=\"text-align: left;\">\n          <a class=\"btn-assinatura\" target=\"_blank\" href=\"https:\/\/www.estrategiaconcursos.com.br\/cursosPorConcurso\/iss-belem-pa\/\" role=\"button\" rel=\"noopener noreferrer\">EXPLORAR CURSOS<\/a>\n        <\/div>\n      <\/div><\/div><\/div><\/div>\n\n\n\n<div class=\"container\" id=\"boxes\">\n  <div class=\"row\">\n\n    <div class=\"col-sm\">\n      <div class=\"estrategia\" id=\"box-assinatura\">\n        <h3 class=\"titulo-assinatura\">Assinatura Concursos<\/h3>\n        <p class=\"subtitulo-assinatura\">Assinatura de 1 ano ou 2 anos<\/p>\n        <div class=\"box-botao\">\n          <a class=\"btn-assinatura\" target=\"_blank\" href=\"https:\/\/www.estrategiaconcursos.com.br\/assinaturas\/\" role=\"button\" rel=\"noopener noreferrer\">ASSINE AGORA<\/a>\n        <\/div>\n      <\/div><\/div><\/div><\/div>\n\n\n\n<h2 class=\"wp-block-heading has-text-align-center\" id=\"h-quer-saber-tudo-sobre-concursos-previstos-confira-nossos-artigos\">Quer saber tudo sobre concursos previstos?<br \/>Confira nossos artigos!<\/h2>\n\n\n\n<ul class=\"wp-block-list\">\n<li><a href=\"https:\/\/www.estrategiaconcursos.com.br\/blog\/concursos-abertos\/\" target=\"_blank\" rel=\"noreferrer noopener\">Concursos Abertos<\/a><\/li>\n\n\n\n<li><a href=\"https:\/\/www.estrategiaconcursos.com.br\/blog\/concursos-fiscais\/\" target=\"_blank\" rel=\"noreferrer noopener\">Concursos Fiscais<\/a><\/li>\n\n\n\n<li><a href=\"https:\/\/www.estrategiaconcursos.com.br\/blog\/concursos-2026\/\" target=\"_blank\" rel=\"noreferrer noopener\">Concursos 2026<\/a><\/li>\n\n\n\n<li><a href=\"https:\/\/www.estrategiaconcursos.com.br\/blog\/concursos-iss\/\" target=\"_blank\" rel=\"noreferrer noopener\">Concursos ISS<\/a><\/li>\n<\/ul>\n\n\n\n<figure class=\"wp-block-image is-resized\"><img loading=\"lazy\" decoding=\"async\" width=\"1024\" height=\"632\" src=\"https:\/\/dhg1h5j42swfq.cloudfront.net\/2021\/05\/27001950\/ficha-tecnica-1-1024x632-1-21.png\" alt=\"Ficha t\u00e9cnica do concurso ISS Bel\u00e9m\" class=\"wp-image-752712\" style=\"width:276px;height:170px\" srcset=\"https:\/\/dhg1h5j42swfq.cloudfront.net\/2021\/05\/27001950\/ficha-tecnica-1-1024x632-1-21.png 1024w, https:\/\/dhg1h5j42swfq.cloudfront.net\/2021\/05\/27001950\/ficha-tecnica-1-1024x632-1-21-300x185.png 300w, https:\/\/dhg1h5j42swfq.cloudfront.net\/2021\/05\/27001950\/ficha-tecnica-1-1024x632-1-21-768x474.png 768w, https:\/\/dhg1h5j42swfq.cloudfront.net\/2021\/05\/27001950\/ficha-tecnica-1-1024x632-1-21-610x376.png 610w\" sizes=\"auto, (max-width: 1024px) 100vw, 1024px\" \/><\/figure>\n\n\n\n<h3 class=\"wp-block-heading\" id=\"ficha-tecnica\">Informa\u00e7\u00f5es do pr\u00f3ximo concurso ISS Bel\u00e9m<\/h3>\n\n\n\n<ul class=\"wp-block-list\">\n<li><strong>Data prevista: <\/strong>2025\/2026<\/li>\n\n\n\n<li><strong>Banca<\/strong>: a definir<\/li>\n\n\n\n<li><strong>Vagas<\/strong>: 20 + 40 em CR<\/li>\n\n\n\n<li><strong>Cargos<\/strong>: Auditor Fiscal da Receita Municipal<\/li>\n\n\n\n<li><strong>Escolaridade<\/strong>: N\u00edvel superior<\/li>\n\n\n\n<li><strong>Edital: <\/strong><em>sem edital anterior<\/em><\/li>\n<\/ul>\n","protected":false},"excerpt":{"rendered":"<p>Foi oficialmente autorizado! O Prefeito de Bel\u00e9m, Igor Normando, assinou a portaria que autoriza a realiza\u00e7\u00e3o do mais novo concurso p\u00fablico ISS, destinado ao provimento de 20 vagas imediatas mais 40 em CR. O certame ser\u00e1 para o cargo de Auditor Fiscal da Receita Municipal. Vale lembrar que h\u00e1 mais de 20 anos a prefeitura [&hellip;]<\/p>\n","protected":false},"author":643,"featured_media":1545029,"comment_status":"open","ping_status":"closed","sticky":false,"template":"","format":"standard","meta":{"post_tipo":"news_page","footnotes":""},"categories":[220183],"tags":[],"tax_estado":[219977],"class_list":["post-392639","post","type-post","status-publish","format-standard","has-post-thumbnail","hentry","category-fiscal-municipal","tax_estado-pa"],"acf":[],"yoast_head":"<!-- This site is optimized with the Yoast SEO Premium plugin v27.2 (Yoast SEO v27.2) - https:\/\/yoast.com\/product\/yoast-seo-premium-wordpress\/ -->\n<title>Concurso ISS Bel\u00e9m: autorizado! 20 vagas + 40 em CR!<\/title>\n<meta name=\"description\" content=\"Concurso ISS Bel\u00e9m \u00e9 autorizado para provimento de 20 vagas imediatas mais 40 em cadastro de reserva. Veja aqui!\" \/>\n<meta name=\"robots\" content=\"index, follow, max-snippet:-1, max-image-preview:large, max-video-preview:-1\" \/>\n<link rel=\"canonical\" href=\"https:\/\/www.estrategiaconcursos.com.br\/blog\/concurso-iss-belem\/\" \/>\n<meta property=\"og:locale\" content=\"pt_BR\" \/>\n<meta property=\"og:type\" content=\"article\" \/>\n<meta property=\"og:title\" content=\"Concurso ISS Bel\u00e9m: autorizado! 20 vagas + 40 em CR!\" \/>\n<meta property=\"og:description\" content=\"Concurso ISS Bel\u00e9m \u00e9 autorizado para provimento de 20 vagas imediatas mais 40 em cadastro de reserva. Veja aqui!\" \/>\n<meta property=\"og:url\" content=\"https:\/\/www.estrategiaconcursos.com.br\/blog\/concurso-iss-belem\/\" \/>\n<meta property=\"og:site_name\" content=\"Estrat\u00e9gia Concursos\" \/>\n<meta property=\"article:published_time\" content=\"2025-12-10T17:30:48+00:00\" \/>\n<meta property=\"article:modified_time\" content=\"2025-12-30T18:15:45+00:00\" \/>\n<meta property=\"og:image\" content=\"https:\/\/dhg1h5j42swfq.cloudfront.net\/2025\/02\/14085839\/iss-belem.jpg\" \/>\n\t<meta property=\"og:image:width\" content=\"768\" \/>\n\t<meta property=\"og:image:height\" content=\"432\" \/>\n\t<meta property=\"og:image:type\" content=\"image\/jpeg\" \/>\n<meta name=\"author\" content=\"F\u00e1bio Scaldelai\" \/>\n<meta name=\"twitter:card\" content=\"summary_large_image\" \/>\n<meta name=\"twitter:creator\" content=\"@EstratConcursos\" \/>\n<meta name=\"twitter:site\" content=\"@EstratConcursos\" \/>\n<meta name=\"twitter:label1\" content=\"Escrito por\" \/>\n\t<meta name=\"twitter:data1\" content=\"F\u00e1bio Scaldelai\" \/>\n\t<meta name=\"twitter:label2\" content=\"Est. tempo de leitura\" \/>\n\t<meta name=\"twitter:data2\" content=\"3 minutos\" \/>\n<script type=\"application\/ld+json\" class=\"yoast-schema-graph\">{\"@context\":\"https:\/\/schema.org\",\"@graph\":[{\"@type\":\"NewsArticle\",\"@id\":\"https:\/\/www.estrategiaconcursos.com.br\/blog\/concurso-iss-belem\/#article\",\"isPartOf\":{\"@id\":\"https:\/\/www.estrategiaconcursos.com.br\/blog\/concurso-iss-belem\/\"},\"author\":{\"name\":\"F\u00e1bio Scaldelai\",\"@id\":\"https:\/\/www.estrategiaconcursos.com.br\/blog\/#\/schema\/person\/b27f725b445a1519b2f20bf79001496d\"},\"headline\":\"Concurso ISS Bel\u00e9m: autorizado! 20 vagas + 40 em CR!\",\"datePublished\":\"2025-12-10T17:30:48+00:00\",\"dateModified\":\"2025-12-30T18:15:45+00:00\",\"mainEntityOfPage\":{\"@id\":\"https:\/\/www.estrategiaconcursos.com.br\/blog\/concurso-iss-belem\/\"},\"wordCount\":692,\"commentCount\":2,\"publisher\":{\"@id\":\"https:\/\/www.estrategiaconcursos.com.br\/blog\/#organization\"},\"image\":{\"@id\":\"https:\/\/www.estrategiaconcursos.com.br\/blog\/concurso-iss-belem\/#primaryimage\"},\"thumbnailUrl\":\"https:\/\/dhg1h5j42swfq.cloudfront.net\/2025\/02\/14085839\/iss-belem.jpg\",\"articleSection\":[\"Fiscal - Municipal (ISS)\"],\"inLanguage\":\"pt-BR\",\"potentialAction\":[{\"@type\":\"CommentAction\",\"name\":\"Comment\",\"target\":[\"https:\/\/www.estrategiaconcursos.com.br\/blog\/concurso-iss-belem\/#respond\"]}],\"copyrightYear\":\"2025\",\"copyrightHolder\":{\"@id\":\"https:\/\/www.estrategiaconcursos.com.br\/blog\/#organization\"}},{\"@type\":\"WebPage\",\"@id\":\"https:\/\/www.estrategiaconcursos.com.br\/blog\/concurso-iss-belem\/\",\"url\":\"https:\/\/www.estrategiaconcursos.com.br\/blog\/concurso-iss-belem\/\",\"name\":\"Concurso ISS Bel\u00e9m: autorizado! 20 vagas + 40 em CR!\",\"isPartOf\":{\"@id\":\"https:\/\/www.estrategiaconcursos.com.br\/blog\/#website\"},\"primaryImageOfPage\":{\"@id\":\"https:\/\/www.estrategiaconcursos.com.br\/blog\/concurso-iss-belem\/#primaryimage\"},\"image\":{\"@id\":\"https:\/\/www.estrategiaconcursos.com.br\/blog\/concurso-iss-belem\/#primaryimage\"},\"thumbnailUrl\":\"https:\/\/dhg1h5j42swfq.cloudfront.net\/2025\/02\/14085839\/iss-belem.jpg\",\"datePublished\":\"2025-12-10T17:30:48+00:00\",\"dateModified\":\"2025-12-30T18:15:45+00:00\",\"description\":\"Concurso ISS Bel\u00e9m \u00e9 autorizado para provimento de 20 vagas imediatas mais 40 em cadastro de reserva. Veja aqui!\",\"breadcrumb\":{\"@id\":\"https:\/\/www.estrategiaconcursos.com.br\/blog\/concurso-iss-belem\/#breadcrumb\"},\"inLanguage\":\"pt-BR\",\"potentialAction\":[{\"@type\":\"ReadAction\",\"target\":[\"https:\/\/www.estrategiaconcursos.com.br\/blog\/concurso-iss-belem\/\"]}]},{\"@type\":\"ImageObject\",\"inLanguage\":\"pt-BR\",\"@id\":\"https:\/\/www.estrategiaconcursos.com.br\/blog\/concurso-iss-belem\/#primaryimage\",\"url\":\"https:\/\/dhg1h5j42swfq.cloudfront.net\/2025\/02\/14085839\/iss-belem.jpg\",\"contentUrl\":\"https:\/\/dhg1h5j42swfq.cloudfront.net\/2025\/02\/14085839\/iss-belem.jpg\",\"width\":768,\"height\":432},{\"@type\":\"BreadcrumbList\",\"@id\":\"https:\/\/www.estrategiaconcursos.com.br\/blog\/concurso-iss-belem\/#breadcrumb\",\"itemListElement\":[{\"@type\":\"ListItem\",\"position\":1,\"name\":\"In\u00edcio\",\"item\":\"https:\/\/www.estrategiaconcursos.com.br\/blog\/\"},{\"@type\":\"ListItem\",\"position\":2,\"name\":\"Concurso ISS Bel\u00e9m: autorizado! 20 vagas + 40 em CR!\"}]},{\"@type\":\"WebSite\",\"@id\":\"https:\/\/www.estrategiaconcursos.com.br\/blog\/#website\",\"url\":\"https:\/\/www.estrategiaconcursos.com.br\/blog\/\",\"name\":\"Estrat\u00e9gia Concursos\",\"description\":\"O blog da Estrat\u00e9gia Concursos traz not\u00edcias sobre concursos e artigos de professores oferecendo cursos para concursos (pdf + videaulas) no site.\",\"publisher\":{\"@id\":\"https:\/\/www.estrategiaconcursos.com.br\/blog\/#organization\"},\"potentialAction\":[{\"@type\":\"SearchAction\",\"target\":{\"@type\":\"EntryPoint\",\"urlTemplate\":\"https:\/\/www.estrategiaconcursos.com.br\/blog\/?s={search_term_string}\"},\"query-input\":{\"@type\":\"PropertyValueSpecification\",\"valueRequired\":true,\"valueName\":\"search_term_string\"}}],\"inLanguage\":\"pt-BR\"},{\"@type\":\"Organization\",\"@id\":\"https:\/\/www.estrategiaconcursos.com.br\/blog\/#organization\",\"name\":\"Estrat\u00e9gia Concursos\",\"url\":\"https:\/\/www.estrategiaconcursos.com.br\/blog\/\",\"logo\":{\"@type\":\"ImageObject\",\"inLanguage\":\"pt-BR\",\"@id\":\"https:\/\/www.estrategiaconcursos.com.br\/blog\/#\/schema\/logo\/image\/\",\"url\":\"https:\/\/dhg1h5j42swfq.cloudfront.net\/2025\/06\/03203428\/logo_concursos-1.jpg\",\"contentUrl\":\"https:\/\/dhg1h5j42swfq.cloudfront.net\/2025\/06\/03203428\/logo_concursos-1.jpg\",\"width\":230,\"height\":60,\"caption\":\"Estrat\u00e9gia Concursos\"},\"image\":{\"@id\":\"https:\/\/www.estrategiaconcursos.com.br\/blog\/#\/schema\/logo\/image\/\"},\"sameAs\":[\"https:\/\/x.com\/EstratConcursos\"]},{\"@type\":\"Person\",\"@id\":\"https:\/\/www.estrategiaconcursos.com.br\/blog\/#\/schema\/person\/b27f725b445a1519b2f20bf79001496d\",\"name\":\"F\u00e1bio Scaldelai\",\"image\":{\"@type\":\"ImageObject\",\"inLanguage\":\"pt-BR\",\"@id\":\"https:\/\/secure.gravatar.com\/avatar\/d87536a395daa9c44d428de53feb744c60ed200e5635eefecfcfa4cdd3fbd7dc?s=96&d=mm&r=g\",\"url\":\"https:\/\/secure.gravatar.com\/avatar\/d87536a395daa9c44d428de53feb744c60ed200e5635eefecfcfa4cdd3fbd7dc?s=96&d=mm&r=g\",\"contentUrl\":\"https:\/\/secure.gravatar.com\/avatar\/d87536a395daa9c44d428de53feb744c60ed200e5635eefecfcfa4cdd3fbd7dc?s=96&d=mm&r=g\",\"caption\":\"F\u00e1bio Scaldelai\"},\"url\":\"https:\/\/www.estrategiaconcursos.com.br\/blog\/author\/fabio-scaldelai\/\"}]}<\/script>\n<!-- \/ Yoast SEO Premium plugin. -->","yoast_head_json":{"title":"Concurso ISS Bel\u00e9m: autorizado! 20 vagas + 40 em CR!","description":"Concurso ISS Bel\u00e9m \u00e9 autorizado para provimento de 20 vagas imediatas mais 40 em cadastro de reserva. Veja aqui!","robots":{"index":"index","follow":"follow","max-snippet":"max-snippet:-1","max-image-preview":"max-image-preview:large","max-video-preview":"max-video-preview:-1"},"canonical":"https:\/\/www.estrategiaconcursos.com.br\/blog\/concurso-iss-belem\/","og_locale":"pt_BR","og_type":"article","og_title":"Concurso ISS Bel\u00e9m: autorizado! 20 vagas + 40 em CR!","og_description":"Concurso ISS Bel\u00e9m \u00e9 autorizado para provimento de 20 vagas imediatas mais 40 em cadastro de reserva. Veja aqui!","og_url":"https:\/\/www.estrategiaconcursos.com.br\/blog\/concurso-iss-belem\/","og_site_name":"Estrat\u00e9gia Concursos","article_published_time":"2025-12-10T17:30:48+00:00","article_modified_time":"2025-12-30T18:15:45+00:00","og_image":[{"width":768,"height":432,"url":"https:\/\/dhg1h5j42swfq.cloudfront.net\/2025\/02\/14085839\/iss-belem.jpg","type":"image\/jpeg"}],"author":"F\u00e1bio Scaldelai","twitter_card":"summary_large_image","twitter_creator":"@EstratConcursos","twitter_site":"@EstratConcursos","twitter_misc":{"Escrito por":"F\u00e1bio Scaldelai","Est. tempo de leitura":"3 minutos"},"schema":{"@context":"https:\/\/schema.org","@graph":[{"@type":"NewsArticle","@id":"https:\/\/www.estrategiaconcursos.com.br\/blog\/concurso-iss-belem\/#article","isPartOf":{"@id":"https:\/\/www.estrategiaconcursos.com.br\/blog\/concurso-iss-belem\/"},"author":{"name":"F\u00e1bio Scaldelai","@id":"https:\/\/www.estrategiaconcursos.com.br\/blog\/#\/schema\/person\/b27f725b445a1519b2f20bf79001496d"},"headline":"Concurso ISS Bel\u00e9m: autorizado! 20 vagas + 40 em CR!","datePublished":"2025-12-10T17:30:48+00:00","dateModified":"2025-12-30T18:15:45+00:00","mainEntityOfPage":{"@id":"https:\/\/www.estrategiaconcursos.com.br\/blog\/concurso-iss-belem\/"},"wordCount":692,"commentCount":2,"publisher":{"@id":"https:\/\/www.estrategiaconcursos.com.br\/blog\/#organization"},"image":{"@id":"https:\/\/www.estrategiaconcursos.com.br\/blog\/concurso-iss-belem\/#primaryimage"},"thumbnailUrl":"https:\/\/dhg1h5j42swfq.cloudfront.net\/2025\/02\/14085839\/iss-belem.jpg","articleSection":["Fiscal - Municipal (ISS)"],"inLanguage":"pt-BR","potentialAction":[{"@type":"CommentAction","name":"Comment","target":["https:\/\/www.estrategiaconcursos.com.br\/blog\/concurso-iss-belem\/#respond"]}],"copyrightYear":"2025","copyrightHolder":{"@id":"https:\/\/www.estrategiaconcursos.com.br\/blog\/#organization"}},{"@type":"WebPage","@id":"https:\/\/www.estrategiaconcursos.com.br\/blog\/concurso-iss-belem\/","url":"https:\/\/www.estrategiaconcursos.com.br\/blog\/concurso-iss-belem\/","name":"Concurso ISS Bel\u00e9m: autorizado! 20 vagas + 40 em CR!","isPartOf":{"@id":"https:\/\/www.estrategiaconcursos.com.br\/blog\/#website"},"primaryImageOfPage":{"@id":"https:\/\/www.estrategiaconcursos.com.br\/blog\/concurso-iss-belem\/#primaryimage"},"image":{"@id":"https:\/\/www.estrategiaconcursos.com.br\/blog\/concurso-iss-belem\/#primaryimage"},"thumbnailUrl":"https:\/\/dhg1h5j42swfq.cloudfront.net\/2025\/02\/14085839\/iss-belem.jpg","datePublished":"2025-12-10T17:30:48+00:00","dateModified":"2025-12-30T18:15:45+00:00","description":"Concurso ISS Bel\u00e9m \u00e9 autorizado para provimento de 20 vagas imediatas mais 40 em cadastro de reserva. Veja aqui!","breadcrumb":{"@id":"https:\/\/www.estrategiaconcursos.com.br\/blog\/concurso-iss-belem\/#breadcrumb"},"inLanguage":"pt-BR","potentialAction":[{"@type":"ReadAction","target":["https:\/\/www.estrategiaconcursos.com.br\/blog\/concurso-iss-belem\/"]}]},{"@type":"ImageObject","inLanguage":"pt-BR","@id":"https:\/\/www.estrategiaconcursos.com.br\/blog\/concurso-iss-belem\/#primaryimage","url":"https:\/\/dhg1h5j42swfq.cloudfront.net\/2025\/02\/14085839\/iss-belem.jpg","contentUrl":"https:\/\/dhg1h5j42swfq.cloudfront.net\/2025\/02\/14085839\/iss-belem.jpg","width":768,"height":432},{"@type":"BreadcrumbList","@id":"https:\/\/www.estrategiaconcursos.com.br\/blog\/concurso-iss-belem\/#breadcrumb","itemListElement":[{"@type":"ListItem","position":1,"name":"In\u00edcio","item":"https:\/\/www.estrategiaconcursos.com.br\/blog\/"},{"@type":"ListItem","position":2,"name":"Concurso ISS Bel\u00e9m: autorizado! 20 vagas + 40 em CR!"}]},{"@type":"WebSite","@id":"https:\/\/www.estrategiaconcursos.com.br\/blog\/#website","url":"https:\/\/www.estrategiaconcursos.com.br\/blog\/","name":"Estrat\u00e9gia Concursos","description":"O blog da Estrat\u00e9gia Concursos traz not\u00edcias sobre concursos e artigos de professores oferecendo cursos para concursos (pdf + videaulas) no site.","publisher":{"@id":"https:\/\/www.estrategiaconcursos.com.br\/blog\/#organization"},"potentialAction":[{"@type":"SearchAction","target":{"@type":"EntryPoint","urlTemplate":"https:\/\/www.estrategiaconcursos.com.br\/blog\/?s={search_term_string}"},"query-input":{"@type":"PropertyValueSpecification","valueRequired":true,"valueName":"search_term_string"}}],"inLanguage":"pt-BR"},{"@type":"Organization","@id":"https:\/\/www.estrategiaconcursos.com.br\/blog\/#organization","name":"Estrat\u00e9gia Concursos","url":"https:\/\/www.estrategiaconcursos.com.br\/blog\/","logo":{"@type":"ImageObject","inLanguage":"pt-BR","@id":"https:\/\/www.estrategiaconcursos.com.br\/blog\/#\/schema\/logo\/image\/","url":"https:\/\/dhg1h5j42swfq.cloudfront.net\/2025\/06\/03203428\/logo_concursos-1.jpg","contentUrl":"https:\/\/dhg1h5j42swfq.cloudfront.net\/2025\/06\/03203428\/logo_concursos-1.jpg","width":230,"height":60,"caption":"Estrat\u00e9gia Concursos"},"image":{"@id":"https:\/\/www.estrategiaconcursos.com.br\/blog\/#\/schema\/logo\/image\/"},"sameAs":["https:\/\/x.com\/EstratConcursos"]},{"@type":"Person","@id":"https:\/\/www.estrategiaconcursos.com.br\/blog\/#\/schema\/person\/b27f725b445a1519b2f20bf79001496d","name":"F\u00e1bio Scaldelai","image":{"@type":"ImageObject","inLanguage":"pt-BR","@id":"https:\/\/secure.gravatar.com\/avatar\/d87536a395daa9c44d428de53feb744c60ed200e5635eefecfcfa4cdd3fbd7dc?s=96&d=mm&r=g","url":"https:\/\/secure.gravatar.com\/avatar\/d87536a395daa9c44d428de53feb744c60ed200e5635eefecfcfa4cdd3fbd7dc?s=96&d=mm&r=g","contentUrl":"https:\/\/secure.gravatar.com\/avatar\/d87536a395daa9c44d428de53feb744c60ed200e5635eefecfcfa4cdd3fbd7dc?s=96&d=mm&r=g","caption":"F\u00e1bio Scaldelai"},"url":"https:\/\/www.estrategiaconcursos.com.br\/blog\/author\/fabio-scaldelai\/"}]}},"_links":{"self":[{"href":"https:\/\/www.estrategiaconcursos.com.br\/blog\/wp-json\/wp\/v2\/posts\/392639","targetHints":{"allow":["GET"]}}],"collection":[{"href":"https:\/\/www.estrategiaconcursos.com.br\/blog\/wp-json\/wp\/v2\/posts"}],"about":[{"href":"https:\/\/www.estrategiaconcursos.com.br\/blog\/wp-json\/wp\/v2\/types\/post"}],"author":[{"embeddable":true,"href":"https:\/\/www.estrategiaconcursos.com.br\/blog\/wp-json\/wp\/v2\/users\/643"}],"replies":[{"embeddable":true,"href":"https:\/\/www.estrategiaconcursos.com.br\/blog\/wp-json\/wp\/v2\/comments?post=392639"}],"version-history":[{"count":38,"href":"https:\/\/www.estrategiaconcursos.com.br\/blog\/wp-json\/wp\/v2\/posts\/392639\/revisions"}],"predecessor-version":[{"id":1691922,"href":"https:\/\/www.estrategiaconcursos.com.br\/blog\/wp-json\/wp\/v2\/posts\/392639\/revisions\/1691922"}],"wp:featuredmedia":[{"embeddable":true,"href":"https:\/\/www.estrategiaconcursos.com.br\/blog\/wp-json\/wp\/v2\/media\/1545029"}],"wp:attachment":[{"href":"https:\/\/www.estrategiaconcursos.com.br\/blog\/wp-json\/wp\/v2\/media?parent=392639"}],"wp:term":[{"taxonomy":"category","embeddable":true,"href":"https:\/\/www.estrategiaconcursos.com.br\/blog\/wp-json\/wp\/v2\/categories?post=392639"},{"taxonomy":"post_tag","embeddable":true,"href":"https:\/\/www.estrategiaconcursos.com.br\/blog\/wp-json\/wp\/v2\/tags?post=392639"},{"taxonomy":"tax_estado","embeddable":true,"href":"https:\/\/www.estrategiaconcursos.com.br\/blog\/wp-json\/wp\/v2\/tax_estado?post=392639"}],"curies":[{"name":"wp","href":"https:\/\/api.w.org\/{rel}","templated":true}]}}