{"id":392374,"date":"2019-06-27T15:15:50","date_gmt":"2019-06-27T18:15:50","guid":{"rendered":"https:\/\/www.estrategiaconcursos.com.br\/blog\/?p=392374"},"modified":"2019-06-27T15:25:21","modified_gmt":"2019-06-27T18:25:21","slug":"concurso-alepi-emenda-aditiva-preve-recursos-para-o-certame-em-2020","status":"publish","type":"post","link":"https:\/\/www.estrategiaconcursos.com.br\/blog\/concurso-alepi-emenda-aditiva-preve-recursos-para-o-certame-em-2020\/","title":{"rendered":"Concurso ALEPI: emenda aditiva prev\u00ea recursos para certame em 2020"},"content":{"rendered":"\n<p>Aconteceu nesta quinta-feira, 27 de junho, a <strong>reuni\u00e3o da Comiss\u00e3o de Fiscaliza\u00e7\u00e3o e Controle<\/strong> para realizar a vota\u00e7\u00e3o do relat\u00f3rio final da <strong><em>Lei de Diretrizes Or\u00e7ament\u00e1rias de 2020<\/em><\/strong>. <\/p>\n\n\n\n<p>O presidente da Casa, deputado Them\u00edsthocles Filho, prop\u00f4s emenda aditiva para garantir dota\u00e7\u00e3o para o certame.<\/p>\n\n\n\n<p>O projeto ser\u00e1 apreciado pela Comiss\u00e3o de Fiscaliza\u00e7\u00e3o e Controle, Finan\u00e7as e Tributa\u00e7\u00e3o&nbsp;j\u00e1 na pr\u00f3xima semana, ap\u00f3s pedido de vista ser apresentado na sess\u00e3o realizada nesta quinta (27).<\/p>\n\n\n\n<p>A reuni\u00e3o para an\u00e1lise da Lei foi agendada para a <strong><em>pr\u00f3xima quarta-feira, 03 de julho<\/em><\/strong>. Vale lembrar que  no in\u00edcio de junho o deputado havia anunciado que o certame teria edital publicado em breve e que a aplica\u00e7\u00e3o das provas estaria prevista para o pr\u00f3ximo ano. <\/p>\n\n\n\n<p>Importante ressaltar que a ideia do certame \u00e9 ofertar <strong>40 vagas<\/strong>\u00a0para o quadro de servidores efetivos da <strong>ALEPI<\/strong>. <\/p>\n\n\n\n<p><em><strong>Confira abaixo a nota divulgada pela Assembl\u00e9ia Legislativa: <\/strong><\/em><\/p>\n\n\n\n<div class=\"wp-block-image\"><figure class=\"aligncenter\"><img loading=\"lazy\" decoding=\"async\" width=\"1051\" height=\"693\" src=\"https:\/\/dhg1h5j42swfq.cloudfront.net\/2019\/06\/27141556\/concurso-alepi.png.png\" alt=\"\" class=\"wp-image-392397\" srcset=\"https:\/\/dhg1h5j42swfq.cloudfront.net\/2019\/06\/27141556\/concurso-alepi.png.png 1051w, https:\/\/dhg1h5j42swfq.cloudfront.net\/2019\/06\/27141556\/concurso-alepi.png.png 300w, https:\/\/dhg1h5j42swfq.cloudfront.net\/2019\/06\/27141556\/concurso-alepi.png.png 768w, https:\/\/dhg1h5j42swfq.cloudfront.net\/2019\/06\/27141556\/concurso-alepi.png.png 1024w, https:\/\/dhg1h5j42swfq.cloudfront.net\/2019\/06\/27141556\/concurso-alepi.png.png 610w\" sizes=\"auto, (max-width: 1051px) 100vw, 1051px\" \/><\/figure><\/div>\n\n\n\n<p style=\"font-size:23px;text-align:center\" class=\"has-background has-pale-cyan-blue-background-color\"><strong><em>Mais informa\u00e7\u00f5es: <\/em><\/strong><span style=\"text-decoration: underline;\"><a rel=\"noreferrer noopener\" aria-label=\"Concurso ALEPI (abre numa nova aba)\" href=\"https:\/\/www.estrategiaconcursos.com.br\/blog\/concurso-alepi\/\" target=\"_blank\"><strong><em>Concurso ALEPI<\/em><\/strong><\/a><\/span><\/p>\n\n\n\n<p style=\"font-size:19px;text-align:center\"><strong><em>Quer estudar para Concurso ALEPI?<\/em><\/strong><\/p>\n\n\n\n<p style=\"text-align:center\"><em><strong>Gostou dessa oportunidade e deseja se preparar para o concurso ALEPI? <\/strong><\/em><\/p>\n\n\n\n<p style=\"font-size:23px;text-align:center\" class=\"has-background has-luminous-vivid-amber-background-color\"><em><strong><a href=\"https:\/\/www.estrategiaconcursos.com.br\/cursosPorConcurso\/assembleia-legislativa-do-piaui-ale-pi\/\" target=\"_blank\" rel=\"noreferrer noopener\">Curso ALEPI<\/a><\/strong><\/em><\/p>\n\n\n\n<p style=\"font-size:19px;text-align:center\"><strong><em>A<\/em><\/strong><strong style=\"font-style: italic;\">ssinatura Anual Ilimitada*<\/strong><\/p>\n\n\n\n<p style=\"text-align:center\"><em>Prepare-se com o melhor material e com quem mais aprova em Concursos P\u00fablicos em todo o pa\u00eds. Assine agora a nossa Assinatura Anual e tenha acesso ilimitado* a todos os nossos cursos.<\/em><\/p>\n\n\n\n<p style=\"font-size:25px;text-align:center\" class=\"has-background has-light-green-cyan-background-color\"><strong>ASSINE AGORA<\/strong>&nbsp;\u2013&nbsp;<a rel=\"noreferrer noopener\" href=\"https:\/\/www.estrategiaconcursos.com.br\/assinaturas\" target=\"_blank\"><strong>Assinatura Ilimitada<\/strong><\/a><\/p>\n\n\n\n<p><em><br \/>Ascom Estrat\u00e9gia<br \/>ascomestrategia@gmail.com<\/em><\/p>\n\n\n\n<p style=\"text-align:center\"><em><strong>Receba not\u00edcias de Concursos no seu WhatsApp e\/ou Telegram!<\/strong><\/em><\/p>\n\n\n\n<p style=\"text-align:center\"><em><strong>Cadastre-se clicando no \u00edcone abaixo<\/strong><\/em><\/p>\n\n\n\n<p style=\"text-align:center\"><a rel=\"noreferrer noopener\" href=\"https:\/\/www.estrategiaconcursos.com.br\/blog\/noticias-de-concursos-whatsapp-estrategia-concursos\/\" target=\"_blank\">Not\u00edcias de concursos no seu WhatsApp e\/ou Telegram<\/a><\/p>\n\n\n\n<p><br \/><\/p>\n","protected":false},"excerpt":{"rendered":"<p>Aconteceu nesta quinta-feira, 27 de junho, a reuni\u00e3o da Comiss\u00e3o de Fiscaliza\u00e7\u00e3o e Controle para realizar a vota\u00e7\u00e3o do relat\u00f3rio final da Lei de Diretrizes Or\u00e7ament\u00e1rias de 2020. O presidente da Casa, deputado Them\u00edsthocles Filho, prop\u00f4s emenda aditiva para garantir dota\u00e7\u00e3o para o certame. O projeto ser\u00e1 apreciado pela Comiss\u00e3o de Fiscaliza\u00e7\u00e3o e Controle, Finan\u00e7as [&hellip;]<\/p>\n","protected":false},"author":463,"featured_media":171804,"comment_status":"open","ping_status":"closed","sticky":false,"template":"","format":"standard","meta":{"post_tipo":"article","footnotes":""},"categories":[1],"tags":[],"tax_estado":[],"class_list":["post-392374","post","type-post","status-publish","format-standard","has-post-thumbnail","hentry","category-cursos-e-concursos"],"acf":[],"yoast_head":"<!-- This site is optimized with the Yoast SEO Premium plugin v27.2 (Yoast SEO v27.2) - https:\/\/yoast.com\/product\/yoast-seo-premium-wordpress\/ -->\n<title>Concurso ALEPI: emenda aditiva prev\u00ea recursos para certame em 2020<\/title>\n<meta name=\"robots\" content=\"index, follow, max-snippet:-1, max-image-preview:large, max-video-preview:-1\" \/>\n<link rel=\"canonical\" href=\"https:\/\/www.estrategiaconcursos.com.br\/blog\/concurso-alepi-emenda-aditiva-preve-recursos-para-o-certame-em-2020\/\" \/>\n<meta property=\"og:locale\" content=\"pt_BR\" \/>\n<meta property=\"og:type\" content=\"article\" \/>\n<meta property=\"og:title\" content=\"Concurso ALEPI: emenda aditiva prev\u00ea recursos para certame em 2020\" \/>\n<meta property=\"og:description\" content=\"Aconteceu nesta quinta-feira, 27 de junho, a reuni\u00e3o da Comiss\u00e3o de Fiscaliza\u00e7\u00e3o e Controle para realizar a vota\u00e7\u00e3o do relat\u00f3rio final da Lei de Diretrizes Or\u00e7ament\u00e1rias de 2020. O presidente da Casa, deputado Them\u00edsthocles Filho, prop\u00f4s emenda aditiva para garantir dota\u00e7\u00e3o para o certame. O projeto ser\u00e1 apreciado pela Comiss\u00e3o de Fiscaliza\u00e7\u00e3o e Controle, Finan\u00e7as [&hellip;]\" \/>\n<meta property=\"og:url\" content=\"https:\/\/www.estrategiaconcursos.com.br\/blog\/concurso-alepi-emenda-aditiva-preve-recursos-para-o-certame-em-2020\/\" \/>\n<meta property=\"og:site_name\" content=\"Estrat\u00e9gia Concursos\" \/>\n<meta property=\"article:published_time\" content=\"2019-06-27T18:15:50+00:00\" \/>\n<meta property=\"article:modified_time\" content=\"2019-06-27T18:25:21+00:00\" \/>\n<meta property=\"og:image\" content=\"https:\/\/dhg1h5j42swfq.cloudfront.net\/2019\/03\/16092536\/concurso-alepi.png\" \/>\n\t<meta property=\"og:image:width\" content=\"400\" \/>\n\t<meta property=\"og:image:height\" content=\"209\" \/>\n\t<meta property=\"og:image:type\" content=\"image\/png\" \/>\n<meta name=\"author\" content=\"Wagner Damazio\" \/>\n<meta name=\"twitter:card\" content=\"summary_large_image\" \/>\n<meta name=\"twitter:creator\" content=\"@EstratConcursos\" \/>\n<meta name=\"twitter:site\" content=\"@EstratConcursos\" \/>\n<meta name=\"twitter:label1\" content=\"Escrito por\" \/>\n\t<meta name=\"twitter:data1\" content=\"Wagner Damazio\" \/>\n\t<meta name=\"twitter:label2\" content=\"Est. tempo de leitura\" \/>\n\t<meta name=\"twitter:data2\" content=\"1 minuto\" \/>\n<script type=\"application\/ld+json\" class=\"yoast-schema-graph\">{\"@context\":\"https:\/\/schema.org\",\"@graph\":[{\"@type\":\"NewsArticle\",\"@id\":\"https:\/\/www.estrategiaconcursos.com.br\/blog\/concurso-alepi-emenda-aditiva-preve-recursos-para-o-certame-em-2020\/#article\",\"isPartOf\":{\"@id\":\"https:\/\/www.estrategiaconcursos.com.br\/blog\/concurso-alepi-emenda-aditiva-preve-recursos-para-o-certame-em-2020\/\"},\"author\":{\"name\":\"Wagner Damazio\",\"@id\":\"https:\/\/www.estrategiaconcursos.com.br\/blog\/#\/schema\/person\/f5b81e04c4522e78c0d896ba290e4cb0\"},\"headline\":\"Concurso ALEPI: emenda aditiva prev\u00ea recursos para certame em 2020\",\"datePublished\":\"2019-06-27T18:15:50+00:00\",\"dateModified\":\"2019-06-27T18:25:21+00:00\",\"mainEntityOfPage\":{\"@id\":\"https:\/\/www.estrategiaconcursos.com.br\/blog\/concurso-alepi-emenda-aditiva-preve-recursos-para-o-certame-em-2020\/\"},\"wordCount\":272,\"commentCount\":0,\"publisher\":{\"@id\":\"https:\/\/www.estrategiaconcursos.com.br\/blog\/#organization\"},\"image\":{\"@id\":\"https:\/\/www.estrategiaconcursos.com.br\/blog\/concurso-alepi-emenda-aditiva-preve-recursos-para-o-certame-em-2020\/#primaryimage\"},\"thumbnailUrl\":\"https:\/\/dhg1h5j42swfq.cloudfront.net\/2019\/03\/16092536\/concurso-alepi.png\",\"articleSection\":[\"Concursos P\u00fablicos\"],\"inLanguage\":\"pt-BR\",\"potentialAction\":[{\"@type\":\"CommentAction\",\"name\":\"Comment\",\"target\":[\"https:\/\/www.estrategiaconcursos.com.br\/blog\/concurso-alepi-emenda-aditiva-preve-recursos-para-o-certame-em-2020\/#respond\"]}],\"copyrightYear\":\"2019\",\"copyrightHolder\":{\"@id\":\"https:\/\/www.estrategiaconcursos.com.br\/blog\/#organization\"}},{\"@type\":\"WebPage\",\"@id\":\"https:\/\/www.estrategiaconcursos.com.br\/blog\/concurso-alepi-emenda-aditiva-preve-recursos-para-o-certame-em-2020\/\",\"url\":\"https:\/\/www.estrategiaconcursos.com.br\/blog\/concurso-alepi-emenda-aditiva-preve-recursos-para-o-certame-em-2020\/\",\"name\":\"Concurso ALEPI: emenda aditiva prev\u00ea recursos para certame em 2020\",\"isPartOf\":{\"@id\":\"https:\/\/www.estrategiaconcursos.com.br\/blog\/#website\"},\"primaryImageOfPage\":{\"@id\":\"https:\/\/www.estrategiaconcursos.com.br\/blog\/concurso-alepi-emenda-aditiva-preve-recursos-para-o-certame-em-2020\/#primaryimage\"},\"image\":{\"@id\":\"https:\/\/www.estrategiaconcursos.com.br\/blog\/concurso-alepi-emenda-aditiva-preve-recursos-para-o-certame-em-2020\/#primaryimage\"},\"thumbnailUrl\":\"https:\/\/dhg1h5j42swfq.cloudfront.net\/2019\/03\/16092536\/concurso-alepi.png\",\"datePublished\":\"2019-06-27T18:15:50+00:00\",\"dateModified\":\"2019-06-27T18:25:21+00:00\",\"breadcrumb\":{\"@id\":\"https:\/\/www.estrategiaconcursos.com.br\/blog\/concurso-alepi-emenda-aditiva-preve-recursos-para-o-certame-em-2020\/#breadcrumb\"},\"inLanguage\":\"pt-BR\",\"potentialAction\":[{\"@type\":\"ReadAction\",\"target\":[\"https:\/\/www.estrategiaconcursos.com.br\/blog\/concurso-alepi-emenda-aditiva-preve-recursos-para-o-certame-em-2020\/\"]}]},{\"@type\":\"ImageObject\",\"inLanguage\":\"pt-BR\",\"@id\":\"https:\/\/www.estrategiaconcursos.com.br\/blog\/concurso-alepi-emenda-aditiva-preve-recursos-para-o-certame-em-2020\/#primaryimage\",\"url\":\"https:\/\/dhg1h5j42swfq.cloudfront.net\/2019\/03\/16092536\/concurso-alepi.png\",\"contentUrl\":\"https:\/\/dhg1h5j42swfq.cloudfront.net\/2019\/03\/16092536\/concurso-alepi.png\",\"width\":400,\"height\":209,\"caption\":\"concurso alepi\"},{\"@type\":\"BreadcrumbList\",\"@id\":\"https:\/\/www.estrategiaconcursos.com.br\/blog\/concurso-alepi-emenda-aditiva-preve-recursos-para-o-certame-em-2020\/#breadcrumb\",\"itemListElement\":[{\"@type\":\"ListItem\",\"position\":1,\"name\":\"In\u00edcio\",\"item\":\"https:\/\/www.estrategiaconcursos.com.br\/blog\/\"},{\"@type\":\"ListItem\",\"position\":2,\"name\":\"Concurso ALEPI: emenda aditiva prev\u00ea recursos para certame em 2020\"}]},{\"@type\":\"WebSite\",\"@id\":\"https:\/\/www.estrategiaconcursos.com.br\/blog\/#website\",\"url\":\"https:\/\/www.estrategiaconcursos.com.br\/blog\/\",\"name\":\"Estrat\u00e9gia Concursos\",\"description\":\"O blog da Estrat\u00e9gia Concursos traz not\u00edcias sobre concursos e artigos de professores oferecendo cursos para concursos (pdf + videaulas) no site.\",\"publisher\":{\"@id\":\"https:\/\/www.estrategiaconcursos.com.br\/blog\/#organization\"},\"potentialAction\":[{\"@type\":\"SearchAction\",\"target\":{\"@type\":\"EntryPoint\",\"urlTemplate\":\"https:\/\/www.estrategiaconcursos.com.br\/blog\/?s={search_term_string}\"},\"query-input\":{\"@type\":\"PropertyValueSpecification\",\"valueRequired\":true,\"valueName\":\"search_term_string\"}}],\"inLanguage\":\"pt-BR\"},{\"@type\":\"Organization\",\"@id\":\"https:\/\/www.estrategiaconcursos.com.br\/blog\/#organization\",\"name\":\"Estrat\u00e9gia Concursos\",\"url\":\"https:\/\/www.estrategiaconcursos.com.br\/blog\/\",\"logo\":{\"@type\":\"ImageObject\",\"inLanguage\":\"pt-BR\",\"@id\":\"https:\/\/www.estrategiaconcursos.com.br\/blog\/#\/schema\/logo\/image\/\",\"url\":\"https:\/\/dhg1h5j42swfq.cloudfront.net\/2025\/06\/03203428\/logo_concursos-1.jpg\",\"contentUrl\":\"https:\/\/dhg1h5j42swfq.cloudfront.net\/2025\/06\/03203428\/logo_concursos-1.jpg\",\"width\":230,\"height\":60,\"caption\":\"Estrat\u00e9gia Concursos\"},\"image\":{\"@id\":\"https:\/\/www.estrategiaconcursos.com.br\/blog\/#\/schema\/logo\/image\/\"},\"sameAs\":[\"https:\/\/x.com\/EstratConcursos\"]},{\"@type\":\"Person\",\"@id\":\"https:\/\/www.estrategiaconcursos.com.br\/blog\/#\/schema\/person\/f5b81e04c4522e78c0d896ba290e4cb0\",\"name\":\"Wagner Damazio\",\"image\":{\"@type\":\"ImageObject\",\"inLanguage\":\"pt-BR\",\"@id\":\"https:\/\/secure.gravatar.com\/avatar\/5841b494cf624bcdfca728a4708ad21f8dd8e34657a98b9970e6136e633ae15a?s=96&d=mm&r=g\",\"url\":\"https:\/\/secure.gravatar.com\/avatar\/5841b494cf624bcdfca728a4708ad21f8dd8e34657a98b9970e6136e633ae15a?s=96&d=mm&r=g\",\"contentUrl\":\"https:\/\/secure.gravatar.com\/avatar\/5841b494cf624bcdfca728a4708ad21f8dd8e34657a98b9970e6136e633ae15a?s=96&d=mm&r=g\",\"caption\":\"Wagner Damazio\"},\"url\":\"https:\/\/www.estrategiaconcursos.com.br\/blog\/author\/wagnermatematicoyahoo-com-br\/\"}]}<\/script>\n<!-- \/ Yoast SEO Premium plugin. -->","yoast_head_json":{"title":"Concurso ALEPI: emenda aditiva prev\u00ea recursos para certame em 2020","robots":{"index":"index","follow":"follow","max-snippet":"max-snippet:-1","max-image-preview":"max-image-preview:large","max-video-preview":"max-video-preview:-1"},"canonical":"https:\/\/www.estrategiaconcursos.com.br\/blog\/concurso-alepi-emenda-aditiva-preve-recursos-para-o-certame-em-2020\/","og_locale":"pt_BR","og_type":"article","og_title":"Concurso ALEPI: emenda aditiva prev\u00ea recursos para certame em 2020","og_description":"Aconteceu nesta quinta-feira, 27 de junho, a reuni\u00e3o da Comiss\u00e3o de Fiscaliza\u00e7\u00e3o e Controle para realizar a vota\u00e7\u00e3o do relat\u00f3rio final da Lei de Diretrizes Or\u00e7ament\u00e1rias de 2020. O presidente da Casa, deputado Them\u00edsthocles Filho, prop\u00f4s emenda aditiva para garantir dota\u00e7\u00e3o para o certame. O projeto ser\u00e1 apreciado pela Comiss\u00e3o de Fiscaliza\u00e7\u00e3o e Controle, Finan\u00e7as [&hellip;]","og_url":"https:\/\/www.estrategiaconcursos.com.br\/blog\/concurso-alepi-emenda-aditiva-preve-recursos-para-o-certame-em-2020\/","og_site_name":"Estrat\u00e9gia Concursos","article_published_time":"2019-06-27T18:15:50+00:00","article_modified_time":"2019-06-27T18:25:21+00:00","og_image":[{"width":400,"height":209,"url":"https:\/\/dhg1h5j42swfq.cloudfront.net\/2019\/03\/16092536\/concurso-alepi.png","type":"image\/png"}],"author":"Wagner Damazio","twitter_card":"summary_large_image","twitter_creator":"@EstratConcursos","twitter_site":"@EstratConcursos","twitter_misc":{"Escrito por":"Wagner Damazio","Est. tempo de leitura":"1 minuto"},"schema":{"@context":"https:\/\/schema.org","@graph":[{"@type":"NewsArticle","@id":"https:\/\/www.estrategiaconcursos.com.br\/blog\/concurso-alepi-emenda-aditiva-preve-recursos-para-o-certame-em-2020\/#article","isPartOf":{"@id":"https:\/\/www.estrategiaconcursos.com.br\/blog\/concurso-alepi-emenda-aditiva-preve-recursos-para-o-certame-em-2020\/"},"author":{"name":"Wagner Damazio","@id":"https:\/\/www.estrategiaconcursos.com.br\/blog\/#\/schema\/person\/f5b81e04c4522e78c0d896ba290e4cb0"},"headline":"Concurso ALEPI: emenda aditiva prev\u00ea recursos para certame em 2020","datePublished":"2019-06-27T18:15:50+00:00","dateModified":"2019-06-27T18:25:21+00:00","mainEntityOfPage":{"@id":"https:\/\/www.estrategiaconcursos.com.br\/blog\/concurso-alepi-emenda-aditiva-preve-recursos-para-o-certame-em-2020\/"},"wordCount":272,"commentCount":0,"publisher":{"@id":"https:\/\/www.estrategiaconcursos.com.br\/blog\/#organization"},"image":{"@id":"https:\/\/www.estrategiaconcursos.com.br\/blog\/concurso-alepi-emenda-aditiva-preve-recursos-para-o-certame-em-2020\/#primaryimage"},"thumbnailUrl":"https:\/\/dhg1h5j42swfq.cloudfront.net\/2019\/03\/16092536\/concurso-alepi.png","articleSection":["Concursos P\u00fablicos"],"inLanguage":"pt-BR","potentialAction":[{"@type":"CommentAction","name":"Comment","target":["https:\/\/www.estrategiaconcursos.com.br\/blog\/concurso-alepi-emenda-aditiva-preve-recursos-para-o-certame-em-2020\/#respond"]}],"copyrightYear":"2019","copyrightHolder":{"@id":"https:\/\/www.estrategiaconcursos.com.br\/blog\/#organization"}},{"@type":"WebPage","@id":"https:\/\/www.estrategiaconcursos.com.br\/blog\/concurso-alepi-emenda-aditiva-preve-recursos-para-o-certame-em-2020\/","url":"https:\/\/www.estrategiaconcursos.com.br\/blog\/concurso-alepi-emenda-aditiva-preve-recursos-para-o-certame-em-2020\/","name":"Concurso ALEPI: emenda aditiva prev\u00ea recursos para certame em 2020","isPartOf":{"@id":"https:\/\/www.estrategiaconcursos.com.br\/blog\/#website"},"primaryImageOfPage":{"@id":"https:\/\/www.estrategiaconcursos.com.br\/blog\/concurso-alepi-emenda-aditiva-preve-recursos-para-o-certame-em-2020\/#primaryimage"},"image":{"@id":"https:\/\/www.estrategiaconcursos.com.br\/blog\/concurso-alepi-emenda-aditiva-preve-recursos-para-o-certame-em-2020\/#primaryimage"},"thumbnailUrl":"https:\/\/dhg1h5j42swfq.cloudfront.net\/2019\/03\/16092536\/concurso-alepi.png","datePublished":"2019-06-27T18:15:50+00:00","dateModified":"2019-06-27T18:25:21+00:00","breadcrumb":{"@id":"https:\/\/www.estrategiaconcursos.com.br\/blog\/concurso-alepi-emenda-aditiva-preve-recursos-para-o-certame-em-2020\/#breadcrumb"},"inLanguage":"pt-BR","potentialAction":[{"@type":"ReadAction","target":["https:\/\/www.estrategiaconcursos.com.br\/blog\/concurso-alepi-emenda-aditiva-preve-recursos-para-o-certame-em-2020\/"]}]},{"@type":"ImageObject","inLanguage":"pt-BR","@id":"https:\/\/www.estrategiaconcursos.com.br\/blog\/concurso-alepi-emenda-aditiva-preve-recursos-para-o-certame-em-2020\/#primaryimage","url":"https:\/\/dhg1h5j42swfq.cloudfront.net\/2019\/03\/16092536\/concurso-alepi.png","contentUrl":"https:\/\/dhg1h5j42swfq.cloudfront.net\/2019\/03\/16092536\/concurso-alepi.png","width":400,"height":209,"caption":"concurso alepi"},{"@type":"BreadcrumbList","@id":"https:\/\/www.estrategiaconcursos.com.br\/blog\/concurso-alepi-emenda-aditiva-preve-recursos-para-o-certame-em-2020\/#breadcrumb","itemListElement":[{"@type":"ListItem","position":1,"name":"In\u00edcio","item":"https:\/\/www.estrategiaconcursos.com.br\/blog\/"},{"@type":"ListItem","position":2,"name":"Concurso ALEPI: emenda aditiva prev\u00ea recursos para certame em 2020"}]},{"@type":"WebSite","@id":"https:\/\/www.estrategiaconcursos.com.br\/blog\/#website","url":"https:\/\/www.estrategiaconcursos.com.br\/blog\/","name":"Estrat\u00e9gia Concursos","description":"O blog da Estrat\u00e9gia Concursos traz not\u00edcias sobre concursos e artigos de professores oferecendo cursos para concursos (pdf + videaulas) no site.","publisher":{"@id":"https:\/\/www.estrategiaconcursos.com.br\/blog\/#organization"},"potentialAction":[{"@type":"SearchAction","target":{"@type":"EntryPoint","urlTemplate":"https:\/\/www.estrategiaconcursos.com.br\/blog\/?s={search_term_string}"},"query-input":{"@type":"PropertyValueSpecification","valueRequired":true,"valueName":"search_term_string"}}],"inLanguage":"pt-BR"},{"@type":"Organization","@id":"https:\/\/www.estrategiaconcursos.com.br\/blog\/#organization","name":"Estrat\u00e9gia Concursos","url":"https:\/\/www.estrategiaconcursos.com.br\/blog\/","logo":{"@type":"ImageObject","inLanguage":"pt-BR","@id":"https:\/\/www.estrategiaconcursos.com.br\/blog\/#\/schema\/logo\/image\/","url":"https:\/\/dhg1h5j42swfq.cloudfront.net\/2025\/06\/03203428\/logo_concursos-1.jpg","contentUrl":"https:\/\/dhg1h5j42swfq.cloudfront.net\/2025\/06\/03203428\/logo_concursos-1.jpg","width":230,"height":60,"caption":"Estrat\u00e9gia Concursos"},"image":{"@id":"https:\/\/www.estrategiaconcursos.com.br\/blog\/#\/schema\/logo\/image\/"},"sameAs":["https:\/\/x.com\/EstratConcursos"]},{"@type":"Person","@id":"https:\/\/www.estrategiaconcursos.com.br\/blog\/#\/schema\/person\/f5b81e04c4522e78c0d896ba290e4cb0","name":"Wagner Damazio","image":{"@type":"ImageObject","inLanguage":"pt-BR","@id":"https:\/\/secure.gravatar.com\/avatar\/5841b494cf624bcdfca728a4708ad21f8dd8e34657a98b9970e6136e633ae15a?s=96&d=mm&r=g","url":"https:\/\/secure.gravatar.com\/avatar\/5841b494cf624bcdfca728a4708ad21f8dd8e34657a98b9970e6136e633ae15a?s=96&d=mm&r=g","contentUrl":"https:\/\/secure.gravatar.com\/avatar\/5841b494cf624bcdfca728a4708ad21f8dd8e34657a98b9970e6136e633ae15a?s=96&d=mm&r=g","caption":"Wagner Damazio"},"url":"https:\/\/www.estrategiaconcursos.com.br\/blog\/author\/wagnermatematicoyahoo-com-br\/"}]}},"_links":{"self":[{"href":"https:\/\/www.estrategiaconcursos.com.br\/blog\/wp-json\/wp\/v2\/posts\/392374","targetHints":{"allow":["GET"]}}],"collection":[{"href":"https:\/\/www.estrategiaconcursos.com.br\/blog\/wp-json\/wp\/v2\/posts"}],"about":[{"href":"https:\/\/www.estrategiaconcursos.com.br\/blog\/wp-json\/wp\/v2\/types\/post"}],"author":[{"embeddable":true,"href":"https:\/\/www.estrategiaconcursos.com.br\/blog\/wp-json\/wp\/v2\/users\/463"}],"replies":[{"embeddable":true,"href":"https:\/\/www.estrategiaconcursos.com.br\/blog\/wp-json\/wp\/v2\/comments?post=392374"}],"version-history":[{"count":6,"href":"https:\/\/www.estrategiaconcursos.com.br\/blog\/wp-json\/wp\/v2\/posts\/392374\/revisions"}],"predecessor-version":[{"id":392448,"href":"https:\/\/www.estrategiaconcursos.com.br\/blog\/wp-json\/wp\/v2\/posts\/392374\/revisions\/392448"}],"wp:featuredmedia":[{"embeddable":true,"href":"https:\/\/www.estrategiaconcursos.com.br\/blog\/wp-json\/wp\/v2\/media\/171804"}],"wp:attachment":[{"href":"https:\/\/www.estrategiaconcursos.com.br\/blog\/wp-json\/wp\/v2\/media?parent=392374"}],"wp:term":[{"taxonomy":"category","embeddable":true,"href":"https:\/\/www.estrategiaconcursos.com.br\/blog\/wp-json\/wp\/v2\/categories?post=392374"},{"taxonomy":"post_tag","embeddable":true,"href":"https:\/\/www.estrategiaconcursos.com.br\/blog\/wp-json\/wp\/v2\/tags?post=392374"},{"taxonomy":"tax_estado","embeddable":true,"href":"https:\/\/www.estrategiaconcursos.com.br\/blog\/wp-json\/wp\/v2\/tax_estado?post=392374"}],"curies":[{"name":"wp","href":"https:\/\/api.w.org\/{rel}","templated":true}]}}