{"id":392240,"date":"2019-06-27T09:00:10","date_gmt":"2019-06-27T12:00:10","guid":{"rendered":"https:\/\/www.estrategiaconcursos.com.br\/blog\/?p=392240"},"modified":"2019-06-27T17:26:02","modified_gmt":"2019-06-27T20:26:02","slug":"concurso-ufrj-2019-retificacao","status":"publish","type":"post","link":"https:\/\/www.estrategiaconcursos.com.br\/blog\/concurso-ufrj-2019-retificacao\/","title":{"rendered":"Concurso UFRJ 2019: conte\u00fado program\u00e1tico \u00e9 retificado"},"content":{"rendered":"\n<h2 class=\"wp-block-heading\"><em><strong>Data da prova objetiva \u00e9 alterada<\/strong><\/em><\/h2>\n\n\n\n<p>Foi divulgado no Di\u00e1rio Oficial da Uni\u00e3o desta quinta-feira, 27 de junho, uma retifica\u00e7\u00e3o que altera o conte\u00fado program\u00e1tico do concurso p\u00fablico da Universidade Federal do Rio de Janeiro. <\/p>\n\n\n\n<p>Dentre as mudan\u00e7as est\u00e3o a data da prova objetiva para os grupos 1 e 2 que foi do dia 27 de outubro para a nova data do dia <strong>24 de novembro de 2019.  <\/strong><\/p>\n\n\n\n<p>Al\u00e9m disso, para os cargos de Analista de Tecnologia da Informa\u00e7\u00e3o, \u00e1rea de atua\u00e7\u00e3o Seguran\u00e7a de Rede e Analista de Tecnologia da Informa\u00e7\u00e3o, \u00e1rea de atua\u00e7\u00e3o Suporte, ambos ser\u00e3o para atuar no munic\u00edpio do <strong>Rio de Janeiro<\/strong> e n\u00e3o mais em Maca\u00e9.<\/p>\n\n\n\n<p>Lembrando que o certame j\u00e1 havia sofrido mudan\u00e7as anteriormente, com a data do in\u00edcio da abertura das inscri\u00e7\u00f5es que foi transferida para o dia <strong>01 de julho de 2019<\/strong> e tamb\u00e9m o <strong>fim das inscri\u00e7\u00f5es<\/strong> para <strong>10 de setembro<\/strong>.<\/p>\n\n\n\n<p>Tamb\u00e9m <strong>aumentou o n\u00famero de vagas<\/strong> para o cargo de <strong>T\u00e9cnico de Laborat\u00f3rio<\/strong>, totalizando <strong>2 vagas<\/strong>. Sendo 1 vaga para a \u00e1rea de Farm\u00e1cia e 1 vaga para F\u00edsica.   <\/p>\n\n\n\n<p>O concurso p\u00fablico visa preencher ao todo <strong>37 vagas <\/strong>para n\u00edvel m\u00e9dio e superior em diversas \u00e1reas na carreira de T\u00e9cnico Administrativo. Para participar basta acessar o site da pr\u00f3pria Institui\u00e7\u00e3o na data estipulada e realizar o pagamento da taxa fixada que pode variar entre <em><strong>R$ 75,00 e R$ 175,00<\/strong><\/em><strong> <\/strong><\/p>\n\n\n\n<p style=\"font-size:28px;text-align:center\" class=\"has-background has-vivid-green-cyan-background-color\">Para saber mais acesse <a href=\"https:\/\/www.estrategiaconcursos.com.br\/blog\/concurso-ufrj-2019\/\">aqui<\/a><\/p>\n\n\n\n<p style=\"text-align:center\"><strong><em>Quer estudar para Concurso UFRJ 2019?<\/em><\/strong><\/p>\n\n\n\n<p style=\"text-align:center\"><em><strong>Gostou desta oportunidade e deseja come\u00e7ar se preparar agora mesmo? Ent\u00e3o, confira os nossos cursos e comece a estudar para&nbsp;<\/strong><\/em><br \/><em><strong>UFRJ2019:<\/strong><\/em><\/p>\n\n\n\n<p style=\"font-size:25px;text-align:center\" class=\"has-background has-luminous-vivid-amber-background-color\"><strong><a href=\"https:\/\/www.estrategiaconcursos.com.br\/cursosPorConcurso\/ufrj\/\" target=\"_blank\" rel=\"noreferrer noopener\" aria-label=\"Curso UFRJ 2019 (abre numa nova aba)\">Curso UFRJ 2019<\/a><\/strong><\/p>\n\n\n\n<p style=\"text-align:center\"><em><strong>Assinatura Anual Ilimitada*<\/strong><\/em><\/p>\n\n\n\n<p style=\"text-align:center\"><em>Prepare-se com o melhor material e com quem mais aprova em Concursos P\u00fablicos em todo o pa\u00eds. Assine agora a nossa Assinatura Anual e tenha acesso ilimitado a todos os nossos cursos.<\/em><\/p>\n\n\n\n<p style=\"font-size:22px;text-align:center\" class=\"has-background has-light-green-cyan-background-color\"><strong>ASSINE AGORA<\/strong>&nbsp;\u2013&nbsp;<a rel=\"noreferrer noopener\" href=\"https:\/\/www.estrategiaconcursos.com.br\/assinaturas\" target=\"_blank\">Assinatura Ilimitada<\/a><\/p>\n","protected":false},"excerpt":{"rendered":"<p>Data da prova objetiva \u00e9 alterada Foi divulgado no Di\u00e1rio Oficial da Uni\u00e3o desta quinta-feira, 27 de junho, uma retifica\u00e7\u00e3o que altera o conte\u00fado program\u00e1tico do concurso p\u00fablico da Universidade Federal do Rio de Janeiro. Dentre as mudan\u00e7as est\u00e3o a data da prova objetiva para os grupos 1 e 2 que foi do dia 27 [&hellip;]<\/p>\n","protected":false},"author":29,"featured_media":0,"comment_status":"open","ping_status":"closed","sticky":false,"template":"","format":"standard","meta":{"post_tipo":"article","footnotes":""},"categories":[1],"tags":[],"tax_estado":[],"class_list":["post-392240","post","type-post","status-publish","format-standard","hentry","category-cursos-e-concursos"],"acf":[],"yoast_head":"<!-- This site is optimized with the Yoast SEO Premium plugin v27.2 (Yoast SEO v27.2) - https:\/\/yoast.com\/product\/yoast-seo-premium-wordpress\/ -->\n<title>Concurso UFRJ 2019: conte\u00fado program\u00e1tico \u00e9 retificado<\/title>\n<meta name=\"robots\" content=\"index, follow, max-snippet:-1, max-image-preview:large, max-video-preview:-1\" \/>\n<link rel=\"canonical\" href=\"https:\/\/www.estrategiaconcursos.com.br\/blog\/concurso-ufrj-2019-retificacao\/\" \/>\n<meta property=\"og:locale\" content=\"pt_BR\" \/>\n<meta property=\"og:type\" content=\"article\" \/>\n<meta property=\"og:title\" content=\"Concurso UFRJ 2019: conte\u00fado program\u00e1tico \u00e9 retificado\" \/>\n<meta property=\"og:description\" content=\"Data da prova objetiva \u00e9 alterada Foi divulgado no Di\u00e1rio Oficial da Uni\u00e3o desta quinta-feira, 27 de junho, uma retifica\u00e7\u00e3o que altera o conte\u00fado program\u00e1tico do concurso p\u00fablico da Universidade Federal do Rio de Janeiro. Dentre as mudan\u00e7as est\u00e3o a data da prova objetiva para os grupos 1 e 2 que foi do dia 27 [&hellip;]\" \/>\n<meta property=\"og:url\" content=\"https:\/\/www.estrategiaconcursos.com.br\/blog\/concurso-ufrj-2019-retificacao\/\" \/>\n<meta property=\"og:site_name\" content=\"Estrat\u00e9gia Concursos\" \/>\n<meta property=\"article:author\" content=\"https:\/\/www.facebook.com\/profsergiomendes\" \/>\n<meta property=\"article:published_time\" content=\"2019-06-27T12:00:10+00:00\" \/>\n<meta property=\"article:modified_time\" content=\"2019-06-27T20:26:02+00:00\" \/>\n<meta name=\"author\" content=\"S\u00e9rgio Mendes\" \/>\n<meta name=\"twitter:card\" content=\"summary_large_image\" \/>\n<meta name=\"twitter:creator\" content=\"@EstratConcursos\" \/>\n<meta name=\"twitter:site\" content=\"@EstratConcursos\" \/>\n<meta name=\"twitter:label1\" content=\"Escrito por\" \/>\n\t<meta name=\"twitter:data1\" content=\"S\u00e9rgio Mendes\" \/>\n\t<meta name=\"twitter:label2\" content=\"Est. tempo de leitura\" \/>\n\t<meta name=\"twitter:data2\" content=\"2 minutos\" \/>\n<script type=\"application\/ld+json\" class=\"yoast-schema-graph\">{\"@context\":\"https:\/\/schema.org\",\"@graph\":[{\"@type\":\"NewsArticle\",\"@id\":\"https:\/\/www.estrategiaconcursos.com.br\/blog\/concurso-ufrj-2019-retificacao\/#article\",\"isPartOf\":{\"@id\":\"https:\/\/www.estrategiaconcursos.com.br\/blog\/concurso-ufrj-2019-retificacao\/\"},\"author\":{\"name\":\"S\u00e9rgio Mendes\",\"@id\":\"https:\/\/www.estrategiaconcursos.com.br\/blog\/#\/schema\/person\/4ddc4a162b4fdffa2ea9956dbf62f583\"},\"headline\":\"Concurso UFRJ 2019: conte\u00fado program\u00e1tico \u00e9 retificado\",\"datePublished\":\"2019-06-27T12:00:10+00:00\",\"dateModified\":\"2019-06-27T20:26:02+00:00\",\"mainEntityOfPage\":{\"@id\":\"https:\/\/www.estrategiaconcursos.com.br\/blog\/concurso-ufrj-2019-retificacao\/\"},\"wordCount\":332,\"commentCount\":0,\"publisher\":{\"@id\":\"https:\/\/www.estrategiaconcursos.com.br\/blog\/#organization\"},\"articleSection\":[\"Concursos P\u00fablicos\"],\"inLanguage\":\"pt-BR\",\"potentialAction\":[{\"@type\":\"CommentAction\",\"name\":\"Comment\",\"target\":[\"https:\/\/www.estrategiaconcursos.com.br\/blog\/concurso-ufrj-2019-retificacao\/#respond\"]}],\"copyrightYear\":\"2019\",\"copyrightHolder\":{\"@id\":\"https:\/\/www.estrategiaconcursos.com.br\/blog\/#organization\"}},{\"@type\":\"WebPage\",\"@id\":\"https:\/\/www.estrategiaconcursos.com.br\/blog\/concurso-ufrj-2019-retificacao\/\",\"url\":\"https:\/\/www.estrategiaconcursos.com.br\/blog\/concurso-ufrj-2019-retificacao\/\",\"name\":\"Concurso UFRJ 2019: conte\u00fado program\u00e1tico \u00e9 retificado\",\"isPartOf\":{\"@id\":\"https:\/\/www.estrategiaconcursos.com.br\/blog\/#website\"},\"datePublished\":\"2019-06-27T12:00:10+00:00\",\"dateModified\":\"2019-06-27T20:26:02+00:00\",\"breadcrumb\":{\"@id\":\"https:\/\/www.estrategiaconcursos.com.br\/blog\/concurso-ufrj-2019-retificacao\/#breadcrumb\"},\"inLanguage\":\"pt-BR\",\"potentialAction\":[{\"@type\":\"ReadAction\",\"target\":[\"https:\/\/www.estrategiaconcursos.com.br\/blog\/concurso-ufrj-2019-retificacao\/\"]}]},{\"@type\":\"BreadcrumbList\",\"@id\":\"https:\/\/www.estrategiaconcursos.com.br\/blog\/concurso-ufrj-2019-retificacao\/#breadcrumb\",\"itemListElement\":[{\"@type\":\"ListItem\",\"position\":1,\"name\":\"In\u00edcio\",\"item\":\"https:\/\/www.estrategiaconcursos.com.br\/blog\/\"},{\"@type\":\"ListItem\",\"position\":2,\"name\":\"Concurso UFRJ 2019: conte\u00fado program\u00e1tico \u00e9 retificado\"}]},{\"@type\":\"WebSite\",\"@id\":\"https:\/\/www.estrategiaconcursos.com.br\/blog\/#website\",\"url\":\"https:\/\/www.estrategiaconcursos.com.br\/blog\/\",\"name\":\"Estrat\u00e9gia Concursos\",\"description\":\"O blog da Estrat\u00e9gia Concursos traz not\u00edcias sobre concursos e artigos de professores oferecendo cursos para concursos (pdf + videaulas) no site.\",\"publisher\":{\"@id\":\"https:\/\/www.estrategiaconcursos.com.br\/blog\/#organization\"},\"potentialAction\":[{\"@type\":\"SearchAction\",\"target\":{\"@type\":\"EntryPoint\",\"urlTemplate\":\"https:\/\/www.estrategiaconcursos.com.br\/blog\/?s={search_term_string}\"},\"query-input\":{\"@type\":\"PropertyValueSpecification\",\"valueRequired\":true,\"valueName\":\"search_term_string\"}}],\"inLanguage\":\"pt-BR\"},{\"@type\":\"Organization\",\"@id\":\"https:\/\/www.estrategiaconcursos.com.br\/blog\/#organization\",\"name\":\"Estrat\u00e9gia Concursos\",\"url\":\"https:\/\/www.estrategiaconcursos.com.br\/blog\/\",\"logo\":{\"@type\":\"ImageObject\",\"inLanguage\":\"pt-BR\",\"@id\":\"https:\/\/www.estrategiaconcursos.com.br\/blog\/#\/schema\/logo\/image\/\",\"url\":\"https:\/\/dhg1h5j42swfq.cloudfront.net\/2025\/06\/03203428\/logo_concursos-1.jpg\",\"contentUrl\":\"https:\/\/dhg1h5j42swfq.cloudfront.net\/2025\/06\/03203428\/logo_concursos-1.jpg\",\"width\":230,\"height\":60,\"caption\":\"Estrat\u00e9gia Concursos\"},\"image\":{\"@id\":\"https:\/\/www.estrategiaconcursos.com.br\/blog\/#\/schema\/logo\/image\/\"},\"sameAs\":[\"https:\/\/x.com\/EstratConcursos\"]},{\"@type\":\"Person\",\"@id\":\"https:\/\/www.estrategiaconcursos.com.br\/blog\/#\/schema\/person\/4ddc4a162b4fdffa2ea9956dbf62f583\",\"name\":\"S\u00e9rgio Mendes\",\"image\":{\"@type\":\"ImageObject\",\"inLanguage\":\"pt-BR\",\"@id\":\"https:\/\/secure.gravatar.com\/avatar\/4eb4b562c33f40d6f7f76579da7e07350c69579df7db305d32a69ed32ecfd5ce?s=96&d=mm&r=g\",\"url\":\"https:\/\/secure.gravatar.com\/avatar\/4eb4b562c33f40d6f7f76579da7e07350c69579df7db305d32a69ed32ecfd5ce?s=96&d=mm&r=g\",\"contentUrl\":\"https:\/\/secure.gravatar.com\/avatar\/4eb4b562c33f40d6f7f76579da7e07350c69579df7db305d32a69ed32ecfd5ce?s=96&d=mm&r=g\",\"caption\":\"S\u00e9rgio Mendes\"},\"sameAs\":[\"https:\/\/www.facebook.com\/profsergiomendes\"],\"url\":\"https:\/\/www.estrategiaconcursos.com.br\/blog\/author\/sergiomendesestrategiaconcursos-com-br\/\"}]}<\/script>\n<!-- \/ Yoast SEO Premium plugin. -->","yoast_head_json":{"title":"Concurso UFRJ 2019: conte\u00fado program\u00e1tico \u00e9 retificado","robots":{"index":"index","follow":"follow","max-snippet":"max-snippet:-1","max-image-preview":"max-image-preview:large","max-video-preview":"max-video-preview:-1"},"canonical":"https:\/\/www.estrategiaconcursos.com.br\/blog\/concurso-ufrj-2019-retificacao\/","og_locale":"pt_BR","og_type":"article","og_title":"Concurso UFRJ 2019: conte\u00fado program\u00e1tico \u00e9 retificado","og_description":"Data da prova objetiva \u00e9 alterada Foi divulgado no Di\u00e1rio Oficial da Uni\u00e3o desta quinta-feira, 27 de junho, uma retifica\u00e7\u00e3o que altera o conte\u00fado program\u00e1tico do concurso p\u00fablico da Universidade Federal do Rio de Janeiro. Dentre as mudan\u00e7as est\u00e3o a data da prova objetiva para os grupos 1 e 2 que foi do dia 27 [&hellip;]","og_url":"https:\/\/www.estrategiaconcursos.com.br\/blog\/concurso-ufrj-2019-retificacao\/","og_site_name":"Estrat\u00e9gia Concursos","article_author":"https:\/\/www.facebook.com\/profsergiomendes","article_published_time":"2019-06-27T12:00:10+00:00","article_modified_time":"2019-06-27T20:26:02+00:00","author":"S\u00e9rgio Mendes","twitter_card":"summary_large_image","twitter_creator":"@EstratConcursos","twitter_site":"@EstratConcursos","twitter_misc":{"Escrito por":"S\u00e9rgio Mendes","Est. tempo de leitura":"2 minutos"},"schema":{"@context":"https:\/\/schema.org","@graph":[{"@type":"NewsArticle","@id":"https:\/\/www.estrategiaconcursos.com.br\/blog\/concurso-ufrj-2019-retificacao\/#article","isPartOf":{"@id":"https:\/\/www.estrategiaconcursos.com.br\/blog\/concurso-ufrj-2019-retificacao\/"},"author":{"name":"S\u00e9rgio Mendes","@id":"https:\/\/www.estrategiaconcursos.com.br\/blog\/#\/schema\/person\/4ddc4a162b4fdffa2ea9956dbf62f583"},"headline":"Concurso UFRJ 2019: conte\u00fado program\u00e1tico \u00e9 retificado","datePublished":"2019-06-27T12:00:10+00:00","dateModified":"2019-06-27T20:26:02+00:00","mainEntityOfPage":{"@id":"https:\/\/www.estrategiaconcursos.com.br\/blog\/concurso-ufrj-2019-retificacao\/"},"wordCount":332,"commentCount":0,"publisher":{"@id":"https:\/\/www.estrategiaconcursos.com.br\/blog\/#organization"},"articleSection":["Concursos P\u00fablicos"],"inLanguage":"pt-BR","potentialAction":[{"@type":"CommentAction","name":"Comment","target":["https:\/\/www.estrategiaconcursos.com.br\/blog\/concurso-ufrj-2019-retificacao\/#respond"]}],"copyrightYear":"2019","copyrightHolder":{"@id":"https:\/\/www.estrategiaconcursos.com.br\/blog\/#organization"}},{"@type":"WebPage","@id":"https:\/\/www.estrategiaconcursos.com.br\/blog\/concurso-ufrj-2019-retificacao\/","url":"https:\/\/www.estrategiaconcursos.com.br\/blog\/concurso-ufrj-2019-retificacao\/","name":"Concurso UFRJ 2019: conte\u00fado program\u00e1tico \u00e9 retificado","isPartOf":{"@id":"https:\/\/www.estrategiaconcursos.com.br\/blog\/#website"},"datePublished":"2019-06-27T12:00:10+00:00","dateModified":"2019-06-27T20:26:02+00:00","breadcrumb":{"@id":"https:\/\/www.estrategiaconcursos.com.br\/blog\/concurso-ufrj-2019-retificacao\/#breadcrumb"},"inLanguage":"pt-BR","potentialAction":[{"@type":"ReadAction","target":["https:\/\/www.estrategiaconcursos.com.br\/blog\/concurso-ufrj-2019-retificacao\/"]}]},{"@type":"BreadcrumbList","@id":"https:\/\/www.estrategiaconcursos.com.br\/blog\/concurso-ufrj-2019-retificacao\/#breadcrumb","itemListElement":[{"@type":"ListItem","position":1,"name":"In\u00edcio","item":"https:\/\/www.estrategiaconcursos.com.br\/blog\/"},{"@type":"ListItem","position":2,"name":"Concurso UFRJ 2019: conte\u00fado program\u00e1tico \u00e9 retificado"}]},{"@type":"WebSite","@id":"https:\/\/www.estrategiaconcursos.com.br\/blog\/#website","url":"https:\/\/www.estrategiaconcursos.com.br\/blog\/","name":"Estrat\u00e9gia Concursos","description":"O blog da Estrat\u00e9gia Concursos traz not\u00edcias sobre concursos e artigos de professores oferecendo cursos para concursos (pdf + videaulas) no site.","publisher":{"@id":"https:\/\/www.estrategiaconcursos.com.br\/blog\/#organization"},"potentialAction":[{"@type":"SearchAction","target":{"@type":"EntryPoint","urlTemplate":"https:\/\/www.estrategiaconcursos.com.br\/blog\/?s={search_term_string}"},"query-input":{"@type":"PropertyValueSpecification","valueRequired":true,"valueName":"search_term_string"}}],"inLanguage":"pt-BR"},{"@type":"Organization","@id":"https:\/\/www.estrategiaconcursos.com.br\/blog\/#organization","name":"Estrat\u00e9gia Concursos","url":"https:\/\/www.estrategiaconcursos.com.br\/blog\/","logo":{"@type":"ImageObject","inLanguage":"pt-BR","@id":"https:\/\/www.estrategiaconcursos.com.br\/blog\/#\/schema\/logo\/image\/","url":"https:\/\/dhg1h5j42swfq.cloudfront.net\/2025\/06\/03203428\/logo_concursos-1.jpg","contentUrl":"https:\/\/dhg1h5j42swfq.cloudfront.net\/2025\/06\/03203428\/logo_concursos-1.jpg","width":230,"height":60,"caption":"Estrat\u00e9gia Concursos"},"image":{"@id":"https:\/\/www.estrategiaconcursos.com.br\/blog\/#\/schema\/logo\/image\/"},"sameAs":["https:\/\/x.com\/EstratConcursos"]},{"@type":"Person","@id":"https:\/\/www.estrategiaconcursos.com.br\/blog\/#\/schema\/person\/4ddc4a162b4fdffa2ea9956dbf62f583","name":"S\u00e9rgio Mendes","image":{"@type":"ImageObject","inLanguage":"pt-BR","@id":"https:\/\/secure.gravatar.com\/avatar\/4eb4b562c33f40d6f7f76579da7e07350c69579df7db305d32a69ed32ecfd5ce?s=96&d=mm&r=g","url":"https:\/\/secure.gravatar.com\/avatar\/4eb4b562c33f40d6f7f76579da7e07350c69579df7db305d32a69ed32ecfd5ce?s=96&d=mm&r=g","contentUrl":"https:\/\/secure.gravatar.com\/avatar\/4eb4b562c33f40d6f7f76579da7e07350c69579df7db305d32a69ed32ecfd5ce?s=96&d=mm&r=g","caption":"S\u00e9rgio Mendes"},"sameAs":["https:\/\/www.facebook.com\/profsergiomendes"],"url":"https:\/\/www.estrategiaconcursos.com.br\/blog\/author\/sergiomendesestrategiaconcursos-com-br\/"}]}},"_links":{"self":[{"href":"https:\/\/www.estrategiaconcursos.com.br\/blog\/wp-json\/wp\/v2\/posts\/392240","targetHints":{"allow":["GET"]}}],"collection":[{"href":"https:\/\/www.estrategiaconcursos.com.br\/blog\/wp-json\/wp\/v2\/posts"}],"about":[{"href":"https:\/\/www.estrategiaconcursos.com.br\/blog\/wp-json\/wp\/v2\/types\/post"}],"author":[{"embeddable":true,"href":"https:\/\/www.estrategiaconcursos.com.br\/blog\/wp-json\/wp\/v2\/users\/29"}],"replies":[{"embeddable":true,"href":"https:\/\/www.estrategiaconcursos.com.br\/blog\/wp-json\/wp\/v2\/comments?post=392240"}],"version-history":[{"count":7,"href":"https:\/\/www.estrategiaconcursos.com.br\/blog\/wp-json\/wp\/v2\/posts\/392240\/revisions"}],"predecessor-version":[{"id":392543,"href":"https:\/\/www.estrategiaconcursos.com.br\/blog\/wp-json\/wp\/v2\/posts\/392240\/revisions\/392543"}],"wp:attachment":[{"href":"https:\/\/www.estrategiaconcursos.com.br\/blog\/wp-json\/wp\/v2\/media?parent=392240"}],"wp:term":[{"taxonomy":"category","embeddable":true,"href":"https:\/\/www.estrategiaconcursos.com.br\/blog\/wp-json\/wp\/v2\/categories?post=392240"},{"taxonomy":"post_tag","embeddable":true,"href":"https:\/\/www.estrategiaconcursos.com.br\/blog\/wp-json\/wp\/v2\/tags?post=392240"},{"taxonomy":"tax_estado","embeddable":true,"href":"https:\/\/www.estrategiaconcursos.com.br\/blog\/wp-json\/wp\/v2\/tax_estado?post=392240"}],"curies":[{"name":"wp","href":"https:\/\/api.w.org\/{rel}","templated":true}]}}