{"id":391227,"date":"2019-07-17T09:20:26","date_gmt":"2019-07-17T12:20:26","guid":{"rendered":"https:\/\/www.estrategiaconcursos.com.br\/blog\/?p=391227"},"modified":"2023-11-23T08:31:55","modified_gmt":"2023-11-23T11:31:55","slug":"camara-caldas-novas","status":"publish","type":"post","link":"https:\/\/www.estrategiaconcursos.com.br\/blog\/camara-caldas-novas\/","title":{"rendered":"Concurso C\u00e2mara de Caldas Novas: 18 vagas para todas as escolaridades"},"content":{"rendered":"\n<p>O edital do concurso p\u00fablico da<strong> C\u00e2mara de Caldas Novas<\/strong> j\u00e1 est\u00e1 na pra\u00e7a com a oferta de <strong>18 vagas<\/strong> para cargos de todas as escolaridades. S\u00e3o eles Auxiliar de Servi\u00e7os Gerais, Vigilante, Agente Administrativo, Secret\u00e1rio (a) e Procurador Jur\u00eddico.   <\/p>\n\n\n\n<p>Os candidatos interessados podem se candidatar no site da banca, o Instituto de Tecnologia e Educa\u00e7\u00e3o Ltda, ITEC, entre os dias 12 de agosto e 10 de setembro, al\u00e9m de pagar uma taxa que varia de R$ 30,00 a R$ 120,00, de acordo com o cargo pretendido.<\/p>\n\n\n\n<p>Ao longo deste artigo voc\u00ea confere todas as informa\u00e7\u00f5es sobre o<strong> concurso C\u00e2mara de Caldas Novas<\/strong> para garantir a t\u00e3o sonhada vaga.<\/p>\n\n\n\n<ul class=\"wp-block-list\"><li><strong><em>1. <a href=\"#cargos-ofertados\">Cargos ofertados<\/a><\/em><\/strong><\/li><li><strong><em>2. <a href=\"http:\/\/principais-datas\">Principais datas do concurso<\/a><\/em><\/strong><\/li><li><strong><em>3. <a href=\"#etapas-e-provas\">Etapas e provas<\/a><\/em><\/strong><\/li><li><strong><em>4. <a href=\"#atribuicoes\">Atribui\u00e7\u00f5es dos cargos<\/a><\/em><\/strong><\/li><li><strong><em>5.<\/em><\/strong> <strong><em><a href=\"#assinatura-e-cursos\">Assinatura ilimitada e cursos<\/a><\/em><\/strong><\/li><\/ul>\n\n\n\n<h2 class=\"wp-block-heading\" id=\"cargos-ofertados\">1. Cargos ofertados no concurso C\u00e2mara de Caldas Novas<\/h2>\n\n\n\n<h3 class=\"wp-block-heading\">N\u00edvel fundamental<\/h3>\n\n\n\n<table class=\"wp-block-table has-subtle-pale-blue-background-color has-fixed-layout has-background is-style-stripes\"><tbody><tr><td><strong>Cargo<\/strong><\/td><td><strong>Vagas<\/strong><\/td><td><strong>Reserva<\/strong><\/td><td><strong>Vencimento<\/strong><\/td><td><strong>Carga Hor\u00e1ria <\/strong><\/td><\/tr><tr><td>Auxiliar de Servi\u00e7os Gerais  <\/td><td>2<\/td><td>4<\/td><td>R$ 1.026,37 <\/td><td>40h<\/td><\/tr><\/tbody><\/table>\n\n\n\n<h3 class=\"wp-block-heading\">N\u00edvel m\u00e9dio<\/h3>\n\n\n\n<table class=\"wp-block-table has-subtle-pale-blue-background-color has-fixed-layout has-background is-style-stripes\"><tbody><tr><td><strong>Cargo<\/strong><\/td><td><strong>Vagas<\/strong><\/td><td><strong>Reserva<\/strong><\/td><td><strong>Vencimento<\/strong><\/td><td><strong>Carga Hor\u00e1ria <\/strong><\/td><\/tr><tr><td>Vigilante <\/td><td>2<\/td><td>4<\/td><td>R$ 1.026,37 <\/td><td>Regime 12h de trabalho por 36h de descanso<\/td><\/tr><tr><td>Agente Administrativo <\/td><td>1<\/td><td>1<\/td><td>R$ 1.418,28 <\/td><td>40h <\/td><\/tr><tr><td>Secret\u00e1rio(a) <\/td><td>1<\/td><td>1<\/td><td>R$ 1.580,02 <\/td><td>40h <\/td><\/tr><\/tbody><\/table>\n\n\n\n<h3 class=\"wp-block-heading\">N\u00edvel superior<\/h3>\n\n\n\n<table class=\"wp-block-table has-subtle-pale-blue-background-color has-fixed-layout has-background is-style-stripes\"><tbody><tr><td><strong>Cargo<\/strong><\/td><td><strong>Vagas<\/strong><\/td><td><strong>Reserva<\/strong><\/td><td><strong>Vencimento<\/strong><\/td><td><strong>Carga Hor\u00e1ria <\/strong><\/td><\/tr><tr><td>Procurador Jur\u00eddico <\/td><td>1<\/td><td>1<\/td><td>R$ 4.277,99 <\/td><td>20h <\/td><\/tr><\/tbody><\/table>\n\n\n\n<h2 class=\"wp-block-heading\" id=\"principais-datas\">2. Principais datas do concurso C\u00e2mara de Caldas Novas<\/h2>\n\n\n\n<p>Aqueles que querem garantir sua inscri\u00e7\u00e3o, devem acessar o site da banca organizadora, o ITEC entre os dias 12 de agosto e 10 de setembro. A taxa ficou fixada entre R$ 30,00 e R$ 120,00 conforme abaixo:<\/p>\n\n\n\n<ul class=\"wp-block-list\"><li>Auxiliar de Servi\u00e7os Gerais: <strong>R$ 30,00 <\/strong><\/li><li>Vigilante:<strong> R$ 30,00<\/strong><\/li><li>Agente Administrativo: <strong>R$ 60,00 <\/strong><\/li><li>Secret\u00e1rio(a): <strong>R$ 60,00 <\/strong><\/li><li>Procurador Jur\u00eddico: <strong>R$ 120,00 <\/strong><\/li><\/ul>\n\n\n\n<ul class=\"wp-block-list\"><li><strong>Inscri\u00e7\u00f5es: <\/strong>12\/08 \u00e0 10\/09<\/li><li><strong>Solicita\u00e7\u00e3o de isen\u00e7\u00e3o da taxa: <\/strong>12\/08 \u00e0 23\/08 <\/li><li><strong>Provas: <\/strong>13\/10 (14h \u00e0s 17h)<\/li><li><strong>Resultado final: <\/strong>01\/11 <\/li><li><strong>Homologa\u00e7\u00e3o do concurso:<\/strong> 08\/11<\/li><\/ul>\n\n\n\n<h2 class=\"wp-block-heading\" id=\"etapas-e-provas\">3. Etapas e Provas do Concurso C\u00e2mara de Caldas Novas<\/h2>\n\n\n\n<p>Previstas para acontecerem no dia 13 de outubro, as provas de car\u00e1ter eliminat\u00f3rio e classificat\u00f3rio ser\u00e3o realizadas em Caldas Novas &#8211; GO. A dura\u00e7\u00e3o total ser\u00e1 de 3 horas para responder quest\u00f5es de m\u00faltipla escolha com 04 alternativas cada. <\/p>\n\n\n\n<p>Os cargos de Agente Administrativo e Secret\u00e1rio(a) ainda v\u00e3o realizar uma Reda\u00e7\u00e3o e o cargo de Procurador, uma Prova Pr\u00e1tica.<\/p>\n\n\n\n<ul class=\"wp-block-list\"><li>Prova Objetiva<\/li><li>Reda\u00e7\u00e3o (somente para Agente Administrativo e Secret\u00e1rio)<\/li><li>Prova Pr\u00e1tica (somente para procurador Jur\u00eddico)<\/li><\/ul>\n\n\n\n<p><em><strong>N\u00edvel fundamental e m\u00e9dio<\/strong><\/em><\/p>\n\n\n\n<ul class=\"wp-block-list\"><li>L\u00edngua Portuguesa: 10 quest\u00f5es (peso 2)<\/li><li>Geo-Hist\u00f3ria de Goi\u00e1s e do Munic\u00edpio: 10 quest\u00f5es (peso 2) <\/li><li>Legisla\u00e7\u00e3o e Conhecimentos Espec\u00edficos do Cargo: 20 quest\u00f5es (peso 3)<\/li><\/ul>\n\n\n\n<p><strong><em>N\u00edvel superior<\/em><\/strong><\/p>\n\n\n\n<ul class=\"wp-block-list\"><li>L\u00edngua Portuguesa: 05 quest\u00f5es (peso 2) <\/li><li>Geo-Hist\u00f3ria de Goi\u00e1s e do Munic\u00edpio: 05 quest\u00f5es (peso 2)<\/li><li>Legisla\u00e7\u00e3o e Conhecimentos Espec\u00edficos do Cargo: 30 quest\u00f5es (peso 2)<\/li><\/ul>\n\n\n\n<h3 class=\"wp-block-heading\">Prova Pr\u00e1tica (Procurador)<\/h3>\n\n\n\n<p>Ser\u00e1 aplicada uma Prova Pr\u00e1tica de conhecimentos espec\u00edficos, que consistir\u00e1 na elabora\u00e7\u00e3o de uma <strong>Pe\u00e7a T\u00e9cnica<\/strong>, de at\u00e9 90 linhas, e abranger\u00e1 os respectivos conhecimentos espec\u00edficos do conte\u00fado program\u00e1tico constante. <\/p>\n\n\n\n<p>Somente ser\u00e3o corrigidas as Provas Pr\u00e1ticas dos candidatos que atingirem a pontua\u00e7\u00e3o m\u00ednima de 80  pontos para aprova\u00e7\u00e3o na Prova Objetiva, e estiver classificado at\u00e9 10 vezes o n\u00famero de vagas, obedecida a ordem classificat\u00f3ria decrescente e decorrente da nota da prova objetiva.  <\/p>\n\n\n\n<h2 class=\"wp-block-heading\" id=\"atribuicoes\">4. Atribui\u00e7\u00f5es dos cargos da C\u00e2mara de Caldas Novas<\/h2>\n\n\n\n<p><strong>Auxiliar de Servi\u00e7os Gerais<\/strong> <\/p>\n\n\n\n<ul class=\"wp-block-list\"><li>Limpeza e conserva\u00e7\u00e3o de utens\u00edlios, m\u00f3veis e equipamentos em geral, para mant\u00ea-los em condi\u00e7\u00f5es de uso; <\/li><li>Auxiliar na remo\u00e7\u00e3o de m\u00f3veis e equipamentos; reabastecer banheiros com papel higi\u00eanico, toalha e sabonete; <\/li><li>Executar o tratamento e descarte dos res\u00edduos de materiais provenientes do seu local de trabalho; <\/li><li>Executar outras tarefas correlatas, conforme necessidade ou a crit\u00e9rio de seu superior.  <\/li><\/ul>\n\n\n\n<p><strong>Vigiante<\/strong><\/p>\n\n\n\n<ul class=\"wp-block-list\"><li>Vigiar depend\u00eancias e \u00e1reas p\u00fablicas com a finalidade de prevenir, controlar e combater delitos; <\/li><li>Zelar pela seguran\u00e7a das pessoas, do patrim\u00f4nio e pelo cumprimento das leis e regulamentos; <\/li><li>Recepcionar e controlar a movimenta\u00e7\u00e3o de pessoas em \u00e1reas de acesso livre e restrito. <\/li><\/ul>\n\n\n\n<p><strong>Agente Administrativo<\/strong> <\/p>\n\n\n\n<ul class=\"wp-block-list\"><li>Organizar e assessorar a C\u00e2mara nas \u00e1reas administrativas, dentre outras atribui\u00e7\u00f5es, elaborar m\u00e9todos organizacionais e acompanhar o desempenho organizacional. <\/li><\/ul>\n\n\n\n<p><strong>Secret\u00e1rio <\/strong><\/p>\n\n\n\n<ul class=\"wp-block-list\"><li>Atender aos Secret\u00e1rios T\u00e9cnicos Legislativos; <\/li><li>Elaborar documentos parlamentares; <\/li><li>Auxiliar as atividades atinentes ao processo legislativo; <\/li><li>Revisar of\u00edcios, cartas, minutas, exposi\u00e7\u00f5es de motivos e outros expedientes; <\/li><li>Realizar trabalhos por meio de digita\u00e7\u00e3o ou datilogr\u00e1ficos; <\/li><li>Conferir todo material transcrito, segundo as normas de padroniza\u00e7\u00e3o, obedecendo \u00e0 seq\u00fc\u00eancia regimental;<\/li><li>Efetuar registro de leis, de acordo com o original assinado (aut\u00f3grafos); <\/li><li>Receber, protocolar e encaminhar correspond\u00eancias externas recebidas, distribuindo-as entre os diversos setores da C\u00e2mara;<\/li><li>Executar os servi\u00e7os de reprodu\u00e7\u00e3o de c\u00f3pia e documentos de interesse da C\u00e2mara. <\/li><\/ul>\n\n\n\n<p><strong>Assessor Jur\u00eddico Legislativo<\/strong> <\/p>\n\n\n\n<ul class=\"wp-block-list\"><li>Auxiliar o Procurador Geral e os Procuradores Jur\u00eddicos nos aspectos legislativos e administrativos; <\/li><li>Fazer pesquisas e an\u00e1lises do regimento interno e legisla\u00e7\u00e3o aplic\u00e1vel a c\u00e2mara para os vereadores; <\/li><li>Elaborar pareceres, quanto aos aspectos da constitucionalidade e legalidade nas atividades legislativas; <\/li><li>Auxiliar a elabora\u00e7\u00e3o dos pareceres emitidos pela Comiss\u00e3o de Constitui\u00e7\u00e3o, Justi\u00e7a e Reda\u00e7\u00e3o e demais comiss\u00f5es; <\/li><li>Auxiliar na organiza\u00e7\u00e3o de pautas; <\/li><li>Assessorar os trabalhos legislativos; <\/li><li>Assessorar a mesa em todas as fases do processo legislativo; <\/li><li>Auxiliar na elabora\u00e7\u00e3o de relat\u00f3rios conclusivos de comiss\u00f5es legislativas, quando estes exigirem fundamenta\u00e7\u00e3o jur\u00eddica; <\/li><li>Executar outras atividades correlatas \u00e0s acima descritas, a crit\u00e9rio do Procurador Jur\u00eddico, Procurador Geral ou seu superior imediato. <\/li><\/ul>\n\n\n\n<h2 class=\"wp-block-heading\" id=\"assinatura-e-cursos\">5. Assinatura ilimitada e cursos para o concurso <strong>C\u00e2mara de Caldas Novas<\/strong><\/h2>\n\n\n\n<p style=\"text-align:left\">Gostou desta oportunidade e deseja come\u00e7ar se preparar agora mesmo? Ent\u00e3o, confira os nossos cursos e comece a estudar para a C\u00e2mara de Caldas Novas:<\/p>\n\n\n\n<p style=\"font-size:25px;text-align:center\" class=\"has-background has-luminous-vivid-amber-background-color\"><em><a rel=\"noreferrer noopener\" href=\"https:\/\/www.estrategiaconcursos.com.br\/cursos\/concurso\/\" target=\"_blank\">CURSO C\u00c2MARA DE CALDAS NOVAS<\/a><\/em><\/p>\n\n\n\n<p style=\"font-size:25px;text-align:center\"><em><strong>Assinatura Anual Ilimitada*<\/strong><\/em><\/p>\n\n\n\n<p style=\"text-align:center\"><em>Prepare-se com o melhor material e com quem mais aprova em Concursos P\u00fablicos de todo o pa\u00eds. Assine agora a nossa Assinatura Anual e tenha acesso ilimitado* a todos os nossos cursos.<\/em><\/p>\n\n\n\n<p style=\"font-size:25px;text-align:center\" class=\"has-background has-light-green-cyan-background-color\"><strong>ASSINE AGORA<\/strong>&nbsp;\u2013&nbsp;<a rel=\"noreferrer noopener\" href=\"https:\/\/www.estrategiaconcursos.com.br\/blog\/concursos-abertos\/\" target=\"_blank\">Assinatura Ilimitada<\/a><\/p>\n\n\n\n<figure class=\"wp-block-image\"><img loading=\"lazy\" decoding=\"async\" width=\"300\" height=\"102\" src=\"https:\/\/dhg1h5j42swfq.cloudfront.net\/2017\/03\/28152500\/coruja-ficha-tecnica-300x102.png\" alt=\"Ficha t\u00e9cnica Concurso C\u00e2mara de Caldas Novas\" class=\"wp-image-68542\"\/><\/figure>\n\n\n\n<p><strong>\u2666Informa\u00e7\u00f5es do pr\u00f3ximo concurso C\u00e2mara de Caldas Novas&nbsp;<\/strong><\/p>\n\n\n\n<p><strong>\u25baData prevista da prova:\u00a0<\/strong>13\/10 <br \/><strong>\u25baVagas:\u00a0<\/strong>07 + 11 CR<br \/><strong>\u25baLota\u00e7\u00f5es:\u00a0<\/strong>Caldas Novas-GO<br \/><strong>\u25baRequisito:\u00a0<\/strong>N\u00edvel fundamental, m\u00e9dio e superior<br \/><strong>\u25baBanca:\u00a0<\/strong>ITEC<br \/><strong>\u25baEdital:\u00a0<\/strong><a rel=\"noreferrer noopener\" aria-label=\"Edital C\u00e2mara de Caldas Novas (abre numa nova aba)\" href=\"https:\/\/dhg1h5j42swfq.cloudfront.net\/2019\/07\/17091952\/edital_concurso_camara_de_caldas_novas_go_2019.pdf\" target=\"_blank\">Edital C\u00e2mara de Caldas Novas<\/a> <\/p>\n\n\n\n<p style=\"text-align:center\"><em><strong>Receba not\u00edcias de Concursos no seu WhatsApp e\/ou Telegram!<\/strong><\/em><\/p>\n\n\n\n<p style=\"text-align:center\"><em><strong>Cadastre-se clicando no link abaixo<\/strong><\/em>:<\/p>\n\n\n\n<p style=\"text-align:center\" class=\"has-background has-medium-font-size has-very-light-gray-background-color\"><a rel=\"noreferrer noopener\" href=\"https:\/\/www.estrategiaconcursos.com.br\/blog\/noticias-de-concursos-whatsapp-estrategia-concursos\/\" target=\"_blank\"><strong>Not\u00edcias de concursos no seu WhatsApp e\/ou Telegram<\/strong><\/a><\/p>\n","protected":false},"excerpt":{"rendered":"<p>O edital do concurso p\u00fablico da C\u00e2mara de Caldas Novas j\u00e1 est\u00e1 na pra\u00e7a com a oferta de 18 vagas para cargos de todas as escolaridades. S\u00e3o eles Auxiliar de Servi\u00e7os Gerais, Vigilante, Agente Administrativo, Secret\u00e1rio (a) e Procurador Jur\u00eddico. Os candidatos interessados podem se candidatar no site da banca, o Instituto de Tecnologia e [&hellip;]<\/p>\n","protected":false},"author":260,"featured_media":0,"comment_status":"open","ping_status":"closed","sticky":false,"template":"","format":"standard","meta":{"post_tipo":"article","footnotes":""},"categories":[2017],"tags":[],"tax_estado":[219972],"class_list":["post-391227","post","type-post","status-publish","format-standard","hentry","category-concursos-legislativos","tax_estado-go"],"acf":[],"yoast_head":"<!-- This site is optimized with the Yoast SEO Premium plugin v27.2 (Yoast SEO v27.2) - https:\/\/yoast.com\/product\/yoast-seo-premium-wordpress\/ -->\n<title>Concurso C\u00e2mara de Caldas Novas: 18 vagas para todas as escolaridades<\/title>\n<meta name=\"description\" content=\"Concurso C\u00e2mara de Caldas Novas: publicado edital com oferta de 18 vagas para cargos de n\u00edvel fundamental, m\u00e9dio e superior. Provas em outubro.\" \/>\n<meta name=\"robots\" content=\"index, follow, max-snippet:-1, max-image-preview:large, max-video-preview:-1\" \/>\n<link rel=\"canonical\" href=\"https:\/\/www.estrategiaconcursos.com.br\/blog\/camara-caldas-novas\/\" \/>\n<meta property=\"og:locale\" content=\"pt_BR\" \/>\n<meta property=\"og:type\" content=\"article\" \/>\n<meta property=\"og:title\" content=\"Concurso C\u00e2mara de Caldas Novas: 18 vagas para todas as escolaridades\" \/>\n<meta property=\"og:description\" content=\"Concurso C\u00e2mara de Caldas Novas: publicado edital com oferta de 18 vagas para cargos de n\u00edvel fundamental, m\u00e9dio e superior. Provas em outubro.\" \/>\n<meta property=\"og:url\" content=\"https:\/\/www.estrategiaconcursos.com.br\/blog\/camara-caldas-novas\/\" \/>\n<meta property=\"og:site_name\" content=\"Estrat\u00e9gia Concursos\" \/>\n<meta property=\"article:published_time\" content=\"2019-07-17T12:20:26+00:00\" \/>\n<meta property=\"article:modified_time\" content=\"2023-11-23T11:31:55+00:00\" \/>\n<meta property=\"og:image\" content=\"https:\/\/www.estrategiaconcursos.com.br\/blog\/wp-content\/uploads\/2017\/03\/coruja-ficha-tecnica-300x102.png\" \/>\n<meta name=\"author\" content=\"Diego Cerqueira Berbert Vasconcelos\" \/>\n<meta name=\"twitter:card\" content=\"summary_large_image\" \/>\n<meta name=\"twitter:creator\" content=\"@EstratConcursos\" \/>\n<meta name=\"twitter:site\" content=\"@EstratConcursos\" \/>\n<meta name=\"twitter:label1\" content=\"Escrito por\" \/>\n\t<meta name=\"twitter:data1\" content=\"Diego Cerqueira Berbert Vasconcelos\" \/>\n\t<meta name=\"twitter:label2\" content=\"Est. tempo de leitura\" \/>\n\t<meta name=\"twitter:data2\" content=\"5 minutos\" \/>\n<script type=\"application\/ld+json\" class=\"yoast-schema-graph\">{\"@context\":\"https:\/\/schema.org\",\"@graph\":[{\"@type\":\"NewsArticle\",\"@id\":\"https:\/\/www.estrategiaconcursos.com.br\/blog\/camara-caldas-novas\/#article\",\"isPartOf\":{\"@id\":\"https:\/\/www.estrategiaconcursos.com.br\/blog\/camara-caldas-novas\/\"},\"author\":{\"name\":\"Diego Cerqueira Berbert Vasconcelos\",\"@id\":\"https:\/\/www.estrategiaconcursos.com.br\/blog\/#\/schema\/person\/7fbf898fd336f5ce58a961518beff68c\"},\"headline\":\"Concurso C\u00e2mara de Caldas Novas: 18 vagas para todas as escolaridades\",\"datePublished\":\"2019-07-17T12:20:26+00:00\",\"dateModified\":\"2023-11-23T11:31:55+00:00\",\"mainEntityOfPage\":{\"@id\":\"https:\/\/www.estrategiaconcursos.com.br\/blog\/camara-caldas-novas\/\"},\"wordCount\":1088,\"commentCount\":0,\"publisher\":{\"@id\":\"https:\/\/www.estrategiaconcursos.com.br\/blog\/#organization\"},\"image\":{\"@id\":\"https:\/\/www.estrategiaconcursos.com.br\/blog\/camara-caldas-novas\/#primaryimage\"},\"thumbnailUrl\":\"https:\/\/www.estrategiaconcursos.com.br\/blog\/wp-content\/uploads\/2017\/03\/coruja-ficha-tecnica-300x102.png\",\"articleSection\":[\"Legislativo\"],\"inLanguage\":\"pt-BR\",\"potentialAction\":[{\"@type\":\"CommentAction\",\"name\":\"Comment\",\"target\":[\"https:\/\/www.estrategiaconcursos.com.br\/blog\/camara-caldas-novas\/#respond\"]}],\"copyrightYear\":\"2019\",\"copyrightHolder\":{\"@id\":\"https:\/\/www.estrategiaconcursos.com.br\/blog\/#organization\"}},{\"@type\":\"WebPage\",\"@id\":\"https:\/\/www.estrategiaconcursos.com.br\/blog\/camara-caldas-novas\/\",\"url\":\"https:\/\/www.estrategiaconcursos.com.br\/blog\/camara-caldas-novas\/\",\"name\":\"Concurso C\u00e2mara de Caldas Novas: 18 vagas para todas as escolaridades\",\"isPartOf\":{\"@id\":\"https:\/\/www.estrategiaconcursos.com.br\/blog\/#website\"},\"primaryImageOfPage\":{\"@id\":\"https:\/\/www.estrategiaconcursos.com.br\/blog\/camara-caldas-novas\/#primaryimage\"},\"image\":{\"@id\":\"https:\/\/www.estrategiaconcursos.com.br\/blog\/camara-caldas-novas\/#primaryimage\"},\"thumbnailUrl\":\"https:\/\/www.estrategiaconcursos.com.br\/blog\/wp-content\/uploads\/2017\/03\/coruja-ficha-tecnica-300x102.png\",\"datePublished\":\"2019-07-17T12:20:26+00:00\",\"dateModified\":\"2023-11-23T11:31:55+00:00\",\"description\":\"Concurso C\u00e2mara de Caldas Novas: publicado edital com oferta de 18 vagas para cargos de n\u00edvel fundamental, m\u00e9dio e superior. Provas em outubro.\",\"breadcrumb\":{\"@id\":\"https:\/\/www.estrategiaconcursos.com.br\/blog\/camara-caldas-novas\/#breadcrumb\"},\"inLanguage\":\"pt-BR\",\"potentialAction\":[{\"@type\":\"ReadAction\",\"target\":[\"https:\/\/www.estrategiaconcursos.com.br\/blog\/camara-caldas-novas\/\"]}]},{\"@type\":\"ImageObject\",\"inLanguage\":\"pt-BR\",\"@id\":\"https:\/\/www.estrategiaconcursos.com.br\/blog\/camara-caldas-novas\/#primaryimage\",\"url\":\"https:\/\/www.estrategiaconcursos.com.br\/blog\/wp-content\/uploads\/2017\/03\/coruja-ficha-tecnica-300x102.png\",\"contentUrl\":\"https:\/\/www.estrategiaconcursos.com.br\/blog\/wp-content\/uploads\/2017\/03\/coruja-ficha-tecnica-300x102.png\"},{\"@type\":\"BreadcrumbList\",\"@id\":\"https:\/\/www.estrategiaconcursos.com.br\/blog\/camara-caldas-novas\/#breadcrumb\",\"itemListElement\":[{\"@type\":\"ListItem\",\"position\":1,\"name\":\"In\u00edcio\",\"item\":\"https:\/\/www.estrategiaconcursos.com.br\/blog\/\"},{\"@type\":\"ListItem\",\"position\":2,\"name\":\"Concurso C\u00e2mara de Caldas Novas: 18 vagas para todas as escolaridades\"}]},{\"@type\":\"WebSite\",\"@id\":\"https:\/\/www.estrategiaconcursos.com.br\/blog\/#website\",\"url\":\"https:\/\/www.estrategiaconcursos.com.br\/blog\/\",\"name\":\"Estrat\u00e9gia Concursos\",\"description\":\"O blog da Estrat\u00e9gia Concursos traz not\u00edcias sobre concursos e artigos de professores oferecendo cursos para concursos (pdf + videaulas) no site.\",\"publisher\":{\"@id\":\"https:\/\/www.estrategiaconcursos.com.br\/blog\/#organization\"},\"potentialAction\":[{\"@type\":\"SearchAction\",\"target\":{\"@type\":\"EntryPoint\",\"urlTemplate\":\"https:\/\/www.estrategiaconcursos.com.br\/blog\/?s={search_term_string}\"},\"query-input\":{\"@type\":\"PropertyValueSpecification\",\"valueRequired\":true,\"valueName\":\"search_term_string\"}}],\"inLanguage\":\"pt-BR\"},{\"@type\":\"Organization\",\"@id\":\"https:\/\/www.estrategiaconcursos.com.br\/blog\/#organization\",\"name\":\"Estrat\u00e9gia Concursos\",\"url\":\"https:\/\/www.estrategiaconcursos.com.br\/blog\/\",\"logo\":{\"@type\":\"ImageObject\",\"inLanguage\":\"pt-BR\",\"@id\":\"https:\/\/www.estrategiaconcursos.com.br\/blog\/#\/schema\/logo\/image\/\",\"url\":\"https:\/\/dhg1h5j42swfq.cloudfront.net\/2025\/06\/03203428\/logo_concursos-1.jpg\",\"contentUrl\":\"https:\/\/dhg1h5j42swfq.cloudfront.net\/2025\/06\/03203428\/logo_concursos-1.jpg\",\"width\":230,\"height\":60,\"caption\":\"Estrat\u00e9gia Concursos\"},\"image\":{\"@id\":\"https:\/\/www.estrategiaconcursos.com.br\/blog\/#\/schema\/logo\/image\/\"},\"sameAs\":[\"https:\/\/x.com\/EstratConcursos\"]},{\"@type\":\"Person\",\"@id\":\"https:\/\/www.estrategiaconcursos.com.br\/blog\/#\/schema\/person\/7fbf898fd336f5ce58a961518beff68c\",\"name\":\"Diego Cerqueira Berbert Vasconcelos\",\"image\":{\"@type\":\"ImageObject\",\"inLanguage\":\"pt-BR\",\"@id\":\"https:\/\/secure.gravatar.com\/avatar\/ed2d045a7390980cad1a92d24dcc39d10ef55b88fcb9fb9c047979bf4ddeb1ce?s=96&d=mm&r=g\",\"url\":\"https:\/\/secure.gravatar.com\/avatar\/ed2d045a7390980cad1a92d24dcc39d10ef55b88fcb9fb9c047979bf4ddeb1ce?s=96&d=mm&r=g\",\"contentUrl\":\"https:\/\/secure.gravatar.com\/avatar\/ed2d045a7390980cad1a92d24dcc39d10ef55b88fcb9fb9c047979bf4ddeb1ce?s=96&d=mm&r=g\",\"caption\":\"Diego Cerqueira Berbert Vasconcelos\"},\"url\":\"https:\/\/www.estrategiaconcursos.com.br\/blog\/author\/diegocerqueiraestrategiaconcursos-com-br\/\"}]}<\/script>\n<!-- \/ Yoast SEO Premium plugin. -->","yoast_head_json":{"title":"Concurso C\u00e2mara de Caldas Novas: 18 vagas para todas as escolaridades","description":"Concurso C\u00e2mara de Caldas Novas: publicado edital com oferta de 18 vagas para cargos de n\u00edvel fundamental, m\u00e9dio e superior. Provas em outubro.","robots":{"index":"index","follow":"follow","max-snippet":"max-snippet:-1","max-image-preview":"max-image-preview:large","max-video-preview":"max-video-preview:-1"},"canonical":"https:\/\/www.estrategiaconcursos.com.br\/blog\/camara-caldas-novas\/","og_locale":"pt_BR","og_type":"article","og_title":"Concurso C\u00e2mara de Caldas Novas: 18 vagas para todas as escolaridades","og_description":"Concurso C\u00e2mara de Caldas Novas: publicado edital com oferta de 18 vagas para cargos de n\u00edvel fundamental, m\u00e9dio e superior. Provas em outubro.","og_url":"https:\/\/www.estrategiaconcursos.com.br\/blog\/camara-caldas-novas\/","og_site_name":"Estrat\u00e9gia Concursos","article_published_time":"2019-07-17T12:20:26+00:00","article_modified_time":"2023-11-23T11:31:55+00:00","og_image":[{"url":"https:\/\/www.estrategiaconcursos.com.br\/blog\/wp-content\/uploads\/2017\/03\/coruja-ficha-tecnica-300x102.png","type":"","width":"","height":""}],"author":"Diego Cerqueira Berbert Vasconcelos","twitter_card":"summary_large_image","twitter_creator":"@EstratConcursos","twitter_site":"@EstratConcursos","twitter_misc":{"Escrito por":"Diego Cerqueira Berbert Vasconcelos","Est. tempo de leitura":"5 minutos"},"schema":{"@context":"https:\/\/schema.org","@graph":[{"@type":"NewsArticle","@id":"https:\/\/www.estrategiaconcursos.com.br\/blog\/camara-caldas-novas\/#article","isPartOf":{"@id":"https:\/\/www.estrategiaconcursos.com.br\/blog\/camara-caldas-novas\/"},"author":{"name":"Diego Cerqueira Berbert Vasconcelos","@id":"https:\/\/www.estrategiaconcursos.com.br\/blog\/#\/schema\/person\/7fbf898fd336f5ce58a961518beff68c"},"headline":"Concurso C\u00e2mara de Caldas Novas: 18 vagas para todas as escolaridades","datePublished":"2019-07-17T12:20:26+00:00","dateModified":"2023-11-23T11:31:55+00:00","mainEntityOfPage":{"@id":"https:\/\/www.estrategiaconcursos.com.br\/blog\/camara-caldas-novas\/"},"wordCount":1088,"commentCount":0,"publisher":{"@id":"https:\/\/www.estrategiaconcursos.com.br\/blog\/#organization"},"image":{"@id":"https:\/\/www.estrategiaconcursos.com.br\/blog\/camara-caldas-novas\/#primaryimage"},"thumbnailUrl":"https:\/\/www.estrategiaconcursos.com.br\/blog\/wp-content\/uploads\/2017\/03\/coruja-ficha-tecnica-300x102.png","articleSection":["Legislativo"],"inLanguage":"pt-BR","potentialAction":[{"@type":"CommentAction","name":"Comment","target":["https:\/\/www.estrategiaconcursos.com.br\/blog\/camara-caldas-novas\/#respond"]}],"copyrightYear":"2019","copyrightHolder":{"@id":"https:\/\/www.estrategiaconcursos.com.br\/blog\/#organization"}},{"@type":"WebPage","@id":"https:\/\/www.estrategiaconcursos.com.br\/blog\/camara-caldas-novas\/","url":"https:\/\/www.estrategiaconcursos.com.br\/blog\/camara-caldas-novas\/","name":"Concurso C\u00e2mara de Caldas Novas: 18 vagas para todas as escolaridades","isPartOf":{"@id":"https:\/\/www.estrategiaconcursos.com.br\/blog\/#website"},"primaryImageOfPage":{"@id":"https:\/\/www.estrategiaconcursos.com.br\/blog\/camara-caldas-novas\/#primaryimage"},"image":{"@id":"https:\/\/www.estrategiaconcursos.com.br\/blog\/camara-caldas-novas\/#primaryimage"},"thumbnailUrl":"https:\/\/www.estrategiaconcursos.com.br\/blog\/wp-content\/uploads\/2017\/03\/coruja-ficha-tecnica-300x102.png","datePublished":"2019-07-17T12:20:26+00:00","dateModified":"2023-11-23T11:31:55+00:00","description":"Concurso C\u00e2mara de Caldas Novas: publicado edital com oferta de 18 vagas para cargos de n\u00edvel fundamental, m\u00e9dio e superior. Provas em outubro.","breadcrumb":{"@id":"https:\/\/www.estrategiaconcursos.com.br\/blog\/camara-caldas-novas\/#breadcrumb"},"inLanguage":"pt-BR","potentialAction":[{"@type":"ReadAction","target":["https:\/\/www.estrategiaconcursos.com.br\/blog\/camara-caldas-novas\/"]}]},{"@type":"ImageObject","inLanguage":"pt-BR","@id":"https:\/\/www.estrategiaconcursos.com.br\/blog\/camara-caldas-novas\/#primaryimage","url":"https:\/\/www.estrategiaconcursos.com.br\/blog\/wp-content\/uploads\/2017\/03\/coruja-ficha-tecnica-300x102.png","contentUrl":"https:\/\/www.estrategiaconcursos.com.br\/blog\/wp-content\/uploads\/2017\/03\/coruja-ficha-tecnica-300x102.png"},{"@type":"BreadcrumbList","@id":"https:\/\/www.estrategiaconcursos.com.br\/blog\/camara-caldas-novas\/#breadcrumb","itemListElement":[{"@type":"ListItem","position":1,"name":"In\u00edcio","item":"https:\/\/www.estrategiaconcursos.com.br\/blog\/"},{"@type":"ListItem","position":2,"name":"Concurso C\u00e2mara de Caldas Novas: 18 vagas para todas as escolaridades"}]},{"@type":"WebSite","@id":"https:\/\/www.estrategiaconcursos.com.br\/blog\/#website","url":"https:\/\/www.estrategiaconcursos.com.br\/blog\/","name":"Estrat\u00e9gia Concursos","description":"O blog da Estrat\u00e9gia Concursos traz not\u00edcias sobre concursos e artigos de professores oferecendo cursos para concursos (pdf + videaulas) no site.","publisher":{"@id":"https:\/\/www.estrategiaconcursos.com.br\/blog\/#organization"},"potentialAction":[{"@type":"SearchAction","target":{"@type":"EntryPoint","urlTemplate":"https:\/\/www.estrategiaconcursos.com.br\/blog\/?s={search_term_string}"},"query-input":{"@type":"PropertyValueSpecification","valueRequired":true,"valueName":"search_term_string"}}],"inLanguage":"pt-BR"},{"@type":"Organization","@id":"https:\/\/www.estrategiaconcursos.com.br\/blog\/#organization","name":"Estrat\u00e9gia Concursos","url":"https:\/\/www.estrategiaconcursos.com.br\/blog\/","logo":{"@type":"ImageObject","inLanguage":"pt-BR","@id":"https:\/\/www.estrategiaconcursos.com.br\/blog\/#\/schema\/logo\/image\/","url":"https:\/\/dhg1h5j42swfq.cloudfront.net\/2025\/06\/03203428\/logo_concursos-1.jpg","contentUrl":"https:\/\/dhg1h5j42swfq.cloudfront.net\/2025\/06\/03203428\/logo_concursos-1.jpg","width":230,"height":60,"caption":"Estrat\u00e9gia Concursos"},"image":{"@id":"https:\/\/www.estrategiaconcursos.com.br\/blog\/#\/schema\/logo\/image\/"},"sameAs":["https:\/\/x.com\/EstratConcursos"]},{"@type":"Person","@id":"https:\/\/www.estrategiaconcursos.com.br\/blog\/#\/schema\/person\/7fbf898fd336f5ce58a961518beff68c","name":"Diego Cerqueira Berbert Vasconcelos","image":{"@type":"ImageObject","inLanguage":"pt-BR","@id":"https:\/\/secure.gravatar.com\/avatar\/ed2d045a7390980cad1a92d24dcc39d10ef55b88fcb9fb9c047979bf4ddeb1ce?s=96&d=mm&r=g","url":"https:\/\/secure.gravatar.com\/avatar\/ed2d045a7390980cad1a92d24dcc39d10ef55b88fcb9fb9c047979bf4ddeb1ce?s=96&d=mm&r=g","contentUrl":"https:\/\/secure.gravatar.com\/avatar\/ed2d045a7390980cad1a92d24dcc39d10ef55b88fcb9fb9c047979bf4ddeb1ce?s=96&d=mm&r=g","caption":"Diego Cerqueira Berbert Vasconcelos"},"url":"https:\/\/www.estrategiaconcursos.com.br\/blog\/author\/diegocerqueiraestrategiaconcursos-com-br\/"}]}},"_links":{"self":[{"href":"https:\/\/www.estrategiaconcursos.com.br\/blog\/wp-json\/wp\/v2\/posts\/391227","targetHints":{"allow":["GET"]}}],"collection":[{"href":"https:\/\/www.estrategiaconcursos.com.br\/blog\/wp-json\/wp\/v2\/posts"}],"about":[{"href":"https:\/\/www.estrategiaconcursos.com.br\/blog\/wp-json\/wp\/v2\/types\/post"}],"author":[{"embeddable":true,"href":"https:\/\/www.estrategiaconcursos.com.br\/blog\/wp-json\/wp\/v2\/users\/260"}],"replies":[{"embeddable":true,"href":"https:\/\/www.estrategiaconcursos.com.br\/blog\/wp-json\/wp\/v2\/comments?post=391227"}],"version-history":[{"count":27,"href":"https:\/\/www.estrategiaconcursos.com.br\/blog\/wp-json\/wp\/v2\/posts\/391227\/revisions"}],"predecessor-version":[{"id":1310463,"href":"https:\/\/www.estrategiaconcursos.com.br\/blog\/wp-json\/wp\/v2\/posts\/391227\/revisions\/1310463"}],"wp:attachment":[{"href":"https:\/\/www.estrategiaconcursos.com.br\/blog\/wp-json\/wp\/v2\/media?parent=391227"}],"wp:term":[{"taxonomy":"category","embeddable":true,"href":"https:\/\/www.estrategiaconcursos.com.br\/blog\/wp-json\/wp\/v2\/categories?post=391227"},{"taxonomy":"post_tag","embeddable":true,"href":"https:\/\/www.estrategiaconcursos.com.br\/blog\/wp-json\/wp\/v2\/tags?post=391227"},{"taxonomy":"tax_estado","embeddable":true,"href":"https:\/\/www.estrategiaconcursos.com.br\/blog\/wp-json\/wp\/v2\/tax_estado?post=391227"}],"curies":[{"name":"wp","href":"https:\/\/api.w.org\/{rel}","templated":true}]}}