{"id":391102,"date":"2019-06-25T09:25:45","date_gmt":"2019-06-25T12:25:45","guid":{"rendered":"https:\/\/www.estrategiaconcursos.com.br\/blog\/?p=391102"},"modified":"2019-06-25T09:26:32","modified_gmt":"2019-06-25T12:26:32","slug":"concurso-ifpr-retificacao-altera-cronograma","status":"publish","type":"post","link":"https:\/\/www.estrategiaconcursos.com.br\/blog\/concurso-ifpr-retificacao-altera-cronograma\/","title":{"rendered":"Concurso IFPR: divulgada retifica\u00e7\u00e3o que altera cronograma do certame"},"content":{"rendered":"\n<p>Foi divulgado nesta ter\u00e7a-feira, 25 de junho, no Di\u00e1rio Oficial da Uni\u00e3o, a retifica\u00e7\u00e3o que altera as datas do cronograma do concurso do Instituto Federal de Educa\u00e7\u00e3o, Ci\u00eancia e Tecnologia do Paran\u00e1. <\/p>\n\n\n\n<p>O documento divulgado muda praticamente todas as datas divulgadas no edital do certame, com isso os candidatos devem ficar atentos para a nova forma\u00e7\u00e3o. <\/p>\n\n\n\n<p><em>Confira abaixo essa nova forma\u00e7\u00e3o das <strong>principais datas retificadas<\/strong> do concurso:<\/em><\/p>\n\n\n\n<p class=\"has-background has-very-light-gray-background-color\"> <em><strong>Inscri\u00e7\u00e3o &#8211; 31 de maio a 15 de julho<br \/> Isen\u00e7\u00e3o da taxa &#8211; 01 a 04 de julho<br \/> Provas objetivas &#8211; 18 de agosto<br \/> Prova Did\u00e1tica e Prova de T\u00edtulos 13 a 16 setembro<\/strong><\/em><\/p>\n\n\n\n<p><em>Para saber mais sobre a retifica\u00e7\u00e3o no cronograma do concurso basta clicar no link abaixo:<\/em><\/p>\n\n\n\n<p style=\"font-size:25px;text-align:center\"><span style=\"text-decoration: underline;\"><a rel=\"noreferrer noopener\" aria-label=\"Cronograma retificado concurso IFPR (abre numa nova aba)\" href=\"https:\/\/trello-attachments.s3.amazonaws.com\/5b58e1496cd37eb9a1dc29a2\/5d11f041ff3c2180e22a2395\/e38bf859105dfced053771e6f83c6023\/Retifica%C3%A7%C3%A3o_Edital_IFPR_2019.pdf\" target=\"_blank\"><strong><em>Cronograma retificado concurso IFPR<\/em><\/strong><\/a><\/span><\/p>\n\n\n\n<h2 class=\"wp-block-heading\">Informa\u00e7\u00f5es Gerais concurso IFPR<\/h2>\n\n\n\n<p>Outra informa\u00e7\u00e3o importante aos candidatos \u00e9 que a taxa de inscri\u00e7\u00e3o do certame n\u00e3o foi retificada, com isso os candidatos com forma\u00e7\u00e3o em n\u00edvel m\u00e9dio devem pagar R$ 80,00 e para n\u00edvel de forma\u00e7\u00e3o superior R$ 120,00.<\/p>\n\n\n\n<p>Vale lembrar que o certame vai ofertar aos candidatos 39 vagas para cargos de n\u00edvel m\u00e9dio e superior distribu\u00eddas em 20 cidades do Paran\u00e1. <\/p>\n\n\n\n<p><em>Confira abaixo a rela\u00e7\u00e3o de cargos e a distribui\u00e7\u00e3o das vagas ofertados no concurso:<\/em><\/p>\n\n\n\n<p><strong>Cargos de n\u00edvel m\u00e9dio \u2013 Classe D<\/strong><br \/>Assistente em Administra\u00e7\u00e3o \u2013 7 vagas<br \/>T\u00e9cnico em Contabilidade \u2013 2 vagas<br \/>T\u00e9cnico em Laborat\u00f3rio (v\u00e1rias especialidades) \u2013 23 vagas<br \/>Tradutor e Int\u00e9rprete de Linguagem de Sinais \u2013 1 vaga<\/p>\n\n\n\n<p><strong>Cargos de n\u00edvel superior \u2013 Classe E<\/strong><br \/>Administrador \u2013 1 vaga<br \/>Assistente Social \u2013 1 vaga<br \/>Psic\u00f3logo \u2013 3 vagas<br \/>T\u00e9cnico em Assuntos Educacionais \u2013 1 vaga<\/p>\n\n\n\n<p style=\"font-size:25px;text-align:center\" class=\"has-background has-pale-cyan-blue-background-color\"><strong><em>Mais informa\u00e7\u00f5es: <\/em><\/strong><span style=\"text-decoration: underline;\"><a rel=\"noreferrer noopener\" aria-label=\"Concurso IFPR (abre numa nova aba)\" href=\"https:\/\/www.estrategiaconcursos.com.br\/blog\/concurso-ifpr-2019\/\" target=\"_blank\"><strong><em>Concurso IFPR<\/em><\/strong><\/a><\/span><\/p>\n\n\n\n<p style=\"text-align:center\"><strong><em>Quer estudar para Concurso IFPR?<\/em><\/strong><\/p>\n\n\n\n<p style=\"text-align:center\"><em><strong>Gostou desta oportunidade e deseja come\u00e7ar se preparar agora mesmo? Ent\u00e3o, confira os nossos cursos e comece a estudar para IFPR:<\/strong><\/em><\/p>\n\n\n\n<p style=\"font-size:23px;text-align:center\" class=\"has-background has-luminous-vivid-amber-background-color\"><em><a rel=\"noreferrer noopener\" href=\"https:\/\/www.estrategiaconcursos.com.br\/cursos\/concurso\/\" target=\"_blank\"><strong>CURSO IFPR<\/strong><\/a><\/em><\/p>\n\n\n\n<p style=\"text-align:center\"><em><strong>Assinatura Anual Ilimitada*<\/strong><\/em><\/p>\n\n\n\n<p style=\"text-align:center\"><em>Prepare-se com o melhor material e com quem mais aprova em Concursos P\u00fablicos em todo o pa\u00eds. Assine agora a nossa Assinatura Anual e tenha acesso ilimitado* a todos os nossos cursos.<\/em><\/p>\n\n\n\n<p style=\"font-size:25px;text-align:center\" class=\"has-background has-light-green-cyan-background-color\"><strong>ASSINE AGORA<\/strong>&nbsp;\u2013&nbsp;<a rel=\"noreferrer noopener\" href=\"https:\/\/www.estrategiaconcursos.com.br\/assinaturas\" target=\"_blank\"><strong>Assinatura Ilimitada<\/strong><\/a><\/p>\n","protected":false},"excerpt":{"rendered":"<p>Foi divulgado nesta ter\u00e7a-feira, 25 de junho, no Di\u00e1rio Oficial da Uni\u00e3o, a retifica\u00e7\u00e3o que altera as datas do cronograma do concurso do Instituto Federal de Educa\u00e7\u00e3o, Ci\u00eancia e Tecnologia do Paran\u00e1. O documento divulgado muda praticamente todas as datas divulgadas no edital do certame, com isso os candidatos devem ficar atentos para a nova [&hellip;]<\/p>\n","protected":false},"author":221,"featured_media":391118,"comment_status":"open","ping_status":"closed","sticky":false,"template":"","format":"standard","meta":{"post_tipo":"article","footnotes":""},"categories":[1],"tags":[],"tax_estado":[],"class_list":["post-391102","post","type-post","status-publish","format-standard","has-post-thumbnail","hentry","category-cursos-e-concursos"],"acf":[],"yoast_head":"<!-- This site is optimized with the Yoast SEO Premium plugin v27.2 (Yoast SEO v27.2) - https:\/\/yoast.com\/product\/yoast-seo-premium-wordpress\/ -->\n<title>Concurso IFPR: divulgada retifica\u00e7\u00e3o que altera cronograma do certame<\/title>\n<meta name=\"robots\" content=\"index, follow, max-snippet:-1, max-image-preview:large, max-video-preview:-1\" \/>\n<link rel=\"canonical\" href=\"https:\/\/www.estrategiaconcursos.com.br\/blog\/concurso-ifpr-retificacao-altera-cronograma\/\" \/>\n<meta property=\"og:locale\" content=\"pt_BR\" \/>\n<meta property=\"og:type\" content=\"article\" \/>\n<meta property=\"og:title\" content=\"Concurso IFPR: divulgada retifica\u00e7\u00e3o que altera cronograma do certame\" \/>\n<meta property=\"og:description\" content=\"Foi divulgado nesta ter\u00e7a-feira, 25 de junho, no Di\u00e1rio Oficial da Uni\u00e3o, a retifica\u00e7\u00e3o que altera as datas do cronograma do concurso do Instituto Federal de Educa\u00e7\u00e3o, Ci\u00eancia e Tecnologia do Paran\u00e1. O documento divulgado muda praticamente todas as datas divulgadas no edital do certame, com isso os candidatos devem ficar atentos para a nova [&hellip;]\" \/>\n<meta property=\"og:url\" content=\"https:\/\/www.estrategiaconcursos.com.br\/blog\/concurso-ifpr-retificacao-altera-cronograma\/\" \/>\n<meta property=\"og:site_name\" content=\"Estrat\u00e9gia Concursos\" \/>\n<meta property=\"article:published_time\" content=\"2019-06-25T12:25:45+00:00\" \/>\n<meta property=\"article:modified_time\" content=\"2019-06-25T12:26:32+00:00\" \/>\n<meta property=\"og:image\" content=\"https:\/\/dhg1h5j42swfq.cloudfront.net\/2019\/06\/25092457\/concurso-ifpr.jpg\" \/>\n\t<meta property=\"og:image:width\" content=\"1089\" \/>\n\t<meta property=\"og:image:height\" content=\"705\" \/>\n\t<meta property=\"og:image:type\" content=\"image\/jpeg\" \/>\n<meta name=\"author\" content=\"Tulio Lages\" \/>\n<meta name=\"twitter:card\" content=\"summary_large_image\" \/>\n<meta name=\"twitter:creator\" content=\"@EstratConcursos\" \/>\n<meta name=\"twitter:site\" content=\"@EstratConcursos\" \/>\n<meta name=\"twitter:label1\" content=\"Escrito por\" \/>\n\t<meta name=\"twitter:data1\" content=\"Tulio Lages\" \/>\n\t<meta name=\"twitter:label2\" content=\"Est. tempo de leitura\" \/>\n\t<meta name=\"twitter:data2\" content=\"2 minutos\" \/>\n<script type=\"application\/ld+json\" class=\"yoast-schema-graph\">{\"@context\":\"https:\/\/schema.org\",\"@graph\":[{\"@type\":\"NewsArticle\",\"@id\":\"https:\/\/www.estrategiaconcursos.com.br\/blog\/concurso-ifpr-retificacao-altera-cronograma\/#article\",\"isPartOf\":{\"@id\":\"https:\/\/www.estrategiaconcursos.com.br\/blog\/concurso-ifpr-retificacao-altera-cronograma\/\"},\"author\":{\"name\":\"Tulio Lages\",\"@id\":\"https:\/\/www.estrategiaconcursos.com.br\/blog\/#\/schema\/person\/80581c41357e3666d4b56f2db6910639\"},\"headline\":\"Concurso IFPR: divulgada retifica\u00e7\u00e3o que altera cronograma do certame\",\"datePublished\":\"2019-06-25T12:25:45+00:00\",\"dateModified\":\"2019-06-25T12:26:32+00:00\",\"mainEntityOfPage\":{\"@id\":\"https:\/\/www.estrategiaconcursos.com.br\/blog\/concurso-ifpr-retificacao-altera-cronograma\/\"},\"wordCount\":352,\"commentCount\":0,\"publisher\":{\"@id\":\"https:\/\/www.estrategiaconcursos.com.br\/blog\/#organization\"},\"image\":{\"@id\":\"https:\/\/www.estrategiaconcursos.com.br\/blog\/concurso-ifpr-retificacao-altera-cronograma\/#primaryimage\"},\"thumbnailUrl\":\"https:\/\/dhg1h5j42swfq.cloudfront.net\/2019\/06\/25092457\/concurso-ifpr.jpg\",\"articleSection\":[\"Concursos P\u00fablicos\"],\"inLanguage\":\"pt-BR\",\"potentialAction\":[{\"@type\":\"CommentAction\",\"name\":\"Comment\",\"target\":[\"https:\/\/www.estrategiaconcursos.com.br\/blog\/concurso-ifpr-retificacao-altera-cronograma\/#respond\"]}],\"copyrightYear\":\"2019\",\"copyrightHolder\":{\"@id\":\"https:\/\/www.estrategiaconcursos.com.br\/blog\/#organization\"}},{\"@type\":\"WebPage\",\"@id\":\"https:\/\/www.estrategiaconcursos.com.br\/blog\/concurso-ifpr-retificacao-altera-cronograma\/\",\"url\":\"https:\/\/www.estrategiaconcursos.com.br\/blog\/concurso-ifpr-retificacao-altera-cronograma\/\",\"name\":\"Concurso IFPR: divulgada retifica\u00e7\u00e3o que altera cronograma do certame\",\"isPartOf\":{\"@id\":\"https:\/\/www.estrategiaconcursos.com.br\/blog\/#website\"},\"primaryImageOfPage\":{\"@id\":\"https:\/\/www.estrategiaconcursos.com.br\/blog\/concurso-ifpr-retificacao-altera-cronograma\/#primaryimage\"},\"image\":{\"@id\":\"https:\/\/www.estrategiaconcursos.com.br\/blog\/concurso-ifpr-retificacao-altera-cronograma\/#primaryimage\"},\"thumbnailUrl\":\"https:\/\/dhg1h5j42swfq.cloudfront.net\/2019\/06\/25092457\/concurso-ifpr.jpg\",\"datePublished\":\"2019-06-25T12:25:45+00:00\",\"dateModified\":\"2019-06-25T12:26:32+00:00\",\"breadcrumb\":{\"@id\":\"https:\/\/www.estrategiaconcursos.com.br\/blog\/concurso-ifpr-retificacao-altera-cronograma\/#breadcrumb\"},\"inLanguage\":\"pt-BR\",\"potentialAction\":[{\"@type\":\"ReadAction\",\"target\":[\"https:\/\/www.estrategiaconcursos.com.br\/blog\/concurso-ifpr-retificacao-altera-cronograma\/\"]}]},{\"@type\":\"ImageObject\",\"inLanguage\":\"pt-BR\",\"@id\":\"https:\/\/www.estrategiaconcursos.com.br\/blog\/concurso-ifpr-retificacao-altera-cronograma\/#primaryimage\",\"url\":\"https:\/\/dhg1h5j42swfq.cloudfront.net\/2019\/06\/25092457\/concurso-ifpr.jpg\",\"contentUrl\":\"https:\/\/dhg1h5j42swfq.cloudfront.net\/2019\/06\/25092457\/concurso-ifpr.jpg\",\"width\":1089,\"height\":705,\"caption\":\"concurso ifpr\"},{\"@type\":\"BreadcrumbList\",\"@id\":\"https:\/\/www.estrategiaconcursos.com.br\/blog\/concurso-ifpr-retificacao-altera-cronograma\/#breadcrumb\",\"itemListElement\":[{\"@type\":\"ListItem\",\"position\":1,\"name\":\"In\u00edcio\",\"item\":\"https:\/\/www.estrategiaconcursos.com.br\/blog\/\"},{\"@type\":\"ListItem\",\"position\":2,\"name\":\"Concurso IFPR: divulgada retifica\u00e7\u00e3o que altera cronograma do certame\"}]},{\"@type\":\"WebSite\",\"@id\":\"https:\/\/www.estrategiaconcursos.com.br\/blog\/#website\",\"url\":\"https:\/\/www.estrategiaconcursos.com.br\/blog\/\",\"name\":\"Estrat\u00e9gia Concursos\",\"description\":\"O blog da Estrat\u00e9gia Concursos traz not\u00edcias sobre concursos e artigos de professores oferecendo cursos para concursos (pdf + videaulas) no site.\",\"publisher\":{\"@id\":\"https:\/\/www.estrategiaconcursos.com.br\/blog\/#organization\"},\"potentialAction\":[{\"@type\":\"SearchAction\",\"target\":{\"@type\":\"EntryPoint\",\"urlTemplate\":\"https:\/\/www.estrategiaconcursos.com.br\/blog\/?s={search_term_string}\"},\"query-input\":{\"@type\":\"PropertyValueSpecification\",\"valueRequired\":true,\"valueName\":\"search_term_string\"}}],\"inLanguage\":\"pt-BR\"},{\"@type\":\"Organization\",\"@id\":\"https:\/\/www.estrategiaconcursos.com.br\/blog\/#organization\",\"name\":\"Estrat\u00e9gia Concursos\",\"url\":\"https:\/\/www.estrategiaconcursos.com.br\/blog\/\",\"logo\":{\"@type\":\"ImageObject\",\"inLanguage\":\"pt-BR\",\"@id\":\"https:\/\/www.estrategiaconcursos.com.br\/blog\/#\/schema\/logo\/image\/\",\"url\":\"https:\/\/dhg1h5j42swfq.cloudfront.net\/2025\/06\/03203428\/logo_concursos-1.jpg\",\"contentUrl\":\"https:\/\/dhg1h5j42swfq.cloudfront.net\/2025\/06\/03203428\/logo_concursos-1.jpg\",\"width\":230,\"height\":60,\"caption\":\"Estrat\u00e9gia Concursos\"},\"image\":{\"@id\":\"https:\/\/www.estrategiaconcursos.com.br\/blog\/#\/schema\/logo\/image\/\"},\"sameAs\":[\"https:\/\/x.com\/EstratConcursos\"]},{\"@type\":\"Person\",\"@id\":\"https:\/\/www.estrategiaconcursos.com.br\/blog\/#\/schema\/person\/80581c41357e3666d4b56f2db6910639\",\"name\":\"Tulio Lages\",\"image\":{\"@type\":\"ImageObject\",\"inLanguage\":\"pt-BR\",\"@id\":\"https:\/\/secure.gravatar.com\/avatar\/d24e31d7062c4ca48f968843d2bcad20a2ba1a5cf087b6f34171db005b925941?s=96&d=mm&r=g\",\"url\":\"https:\/\/secure.gravatar.com\/avatar\/d24e31d7062c4ca48f968843d2bcad20a2ba1a5cf087b6f34171db005b925941?s=96&d=mm&r=g\",\"contentUrl\":\"https:\/\/secure.gravatar.com\/avatar\/d24e31d7062c4ca48f968843d2bcad20a2ba1a5cf087b6f34171db005b925941?s=96&d=mm&r=g\",\"caption\":\"Tulio Lages\"},\"url\":\"https:\/\/www.estrategiaconcursos.com.br\/blog\/author\/tuliolagesestrategiaconcursos-com-br\/\"}]}<\/script>\n<!-- \/ Yoast SEO Premium plugin. -->","yoast_head_json":{"title":"Concurso IFPR: divulgada retifica\u00e7\u00e3o que altera cronograma do certame","robots":{"index":"index","follow":"follow","max-snippet":"max-snippet:-1","max-image-preview":"max-image-preview:large","max-video-preview":"max-video-preview:-1"},"canonical":"https:\/\/www.estrategiaconcursos.com.br\/blog\/concurso-ifpr-retificacao-altera-cronograma\/","og_locale":"pt_BR","og_type":"article","og_title":"Concurso IFPR: divulgada retifica\u00e7\u00e3o que altera cronograma do certame","og_description":"Foi divulgado nesta ter\u00e7a-feira, 25 de junho, no Di\u00e1rio Oficial da Uni\u00e3o, a retifica\u00e7\u00e3o que altera as datas do cronograma do concurso do Instituto Federal de Educa\u00e7\u00e3o, Ci\u00eancia e Tecnologia do Paran\u00e1. O documento divulgado muda praticamente todas as datas divulgadas no edital do certame, com isso os candidatos devem ficar atentos para a nova [&hellip;]","og_url":"https:\/\/www.estrategiaconcursos.com.br\/blog\/concurso-ifpr-retificacao-altera-cronograma\/","og_site_name":"Estrat\u00e9gia Concursos","article_published_time":"2019-06-25T12:25:45+00:00","article_modified_time":"2019-06-25T12:26:32+00:00","og_image":[{"width":1089,"height":705,"url":"https:\/\/dhg1h5j42swfq.cloudfront.net\/2019\/06\/25092457\/concurso-ifpr.jpg","type":"image\/jpeg"}],"author":"Tulio Lages","twitter_card":"summary_large_image","twitter_creator":"@EstratConcursos","twitter_site":"@EstratConcursos","twitter_misc":{"Escrito por":"Tulio Lages","Est. tempo de leitura":"2 minutos"},"schema":{"@context":"https:\/\/schema.org","@graph":[{"@type":"NewsArticle","@id":"https:\/\/www.estrategiaconcursos.com.br\/blog\/concurso-ifpr-retificacao-altera-cronograma\/#article","isPartOf":{"@id":"https:\/\/www.estrategiaconcursos.com.br\/blog\/concurso-ifpr-retificacao-altera-cronograma\/"},"author":{"name":"Tulio Lages","@id":"https:\/\/www.estrategiaconcursos.com.br\/blog\/#\/schema\/person\/80581c41357e3666d4b56f2db6910639"},"headline":"Concurso IFPR: divulgada retifica\u00e7\u00e3o que altera cronograma do certame","datePublished":"2019-06-25T12:25:45+00:00","dateModified":"2019-06-25T12:26:32+00:00","mainEntityOfPage":{"@id":"https:\/\/www.estrategiaconcursos.com.br\/blog\/concurso-ifpr-retificacao-altera-cronograma\/"},"wordCount":352,"commentCount":0,"publisher":{"@id":"https:\/\/www.estrategiaconcursos.com.br\/blog\/#organization"},"image":{"@id":"https:\/\/www.estrategiaconcursos.com.br\/blog\/concurso-ifpr-retificacao-altera-cronograma\/#primaryimage"},"thumbnailUrl":"https:\/\/dhg1h5j42swfq.cloudfront.net\/2019\/06\/25092457\/concurso-ifpr.jpg","articleSection":["Concursos P\u00fablicos"],"inLanguage":"pt-BR","potentialAction":[{"@type":"CommentAction","name":"Comment","target":["https:\/\/www.estrategiaconcursos.com.br\/blog\/concurso-ifpr-retificacao-altera-cronograma\/#respond"]}],"copyrightYear":"2019","copyrightHolder":{"@id":"https:\/\/www.estrategiaconcursos.com.br\/blog\/#organization"}},{"@type":"WebPage","@id":"https:\/\/www.estrategiaconcursos.com.br\/blog\/concurso-ifpr-retificacao-altera-cronograma\/","url":"https:\/\/www.estrategiaconcursos.com.br\/blog\/concurso-ifpr-retificacao-altera-cronograma\/","name":"Concurso IFPR: divulgada retifica\u00e7\u00e3o que altera cronograma do certame","isPartOf":{"@id":"https:\/\/www.estrategiaconcursos.com.br\/blog\/#website"},"primaryImageOfPage":{"@id":"https:\/\/www.estrategiaconcursos.com.br\/blog\/concurso-ifpr-retificacao-altera-cronograma\/#primaryimage"},"image":{"@id":"https:\/\/www.estrategiaconcursos.com.br\/blog\/concurso-ifpr-retificacao-altera-cronograma\/#primaryimage"},"thumbnailUrl":"https:\/\/dhg1h5j42swfq.cloudfront.net\/2019\/06\/25092457\/concurso-ifpr.jpg","datePublished":"2019-06-25T12:25:45+00:00","dateModified":"2019-06-25T12:26:32+00:00","breadcrumb":{"@id":"https:\/\/www.estrategiaconcursos.com.br\/blog\/concurso-ifpr-retificacao-altera-cronograma\/#breadcrumb"},"inLanguage":"pt-BR","potentialAction":[{"@type":"ReadAction","target":["https:\/\/www.estrategiaconcursos.com.br\/blog\/concurso-ifpr-retificacao-altera-cronograma\/"]}]},{"@type":"ImageObject","inLanguage":"pt-BR","@id":"https:\/\/www.estrategiaconcursos.com.br\/blog\/concurso-ifpr-retificacao-altera-cronograma\/#primaryimage","url":"https:\/\/dhg1h5j42swfq.cloudfront.net\/2019\/06\/25092457\/concurso-ifpr.jpg","contentUrl":"https:\/\/dhg1h5j42swfq.cloudfront.net\/2019\/06\/25092457\/concurso-ifpr.jpg","width":1089,"height":705,"caption":"concurso ifpr"},{"@type":"BreadcrumbList","@id":"https:\/\/www.estrategiaconcursos.com.br\/blog\/concurso-ifpr-retificacao-altera-cronograma\/#breadcrumb","itemListElement":[{"@type":"ListItem","position":1,"name":"In\u00edcio","item":"https:\/\/www.estrategiaconcursos.com.br\/blog\/"},{"@type":"ListItem","position":2,"name":"Concurso IFPR: divulgada retifica\u00e7\u00e3o que altera cronograma do certame"}]},{"@type":"WebSite","@id":"https:\/\/www.estrategiaconcursos.com.br\/blog\/#website","url":"https:\/\/www.estrategiaconcursos.com.br\/blog\/","name":"Estrat\u00e9gia Concursos","description":"O blog da Estrat\u00e9gia Concursos traz not\u00edcias sobre concursos e artigos de professores oferecendo cursos para concursos (pdf + videaulas) no site.","publisher":{"@id":"https:\/\/www.estrategiaconcursos.com.br\/blog\/#organization"},"potentialAction":[{"@type":"SearchAction","target":{"@type":"EntryPoint","urlTemplate":"https:\/\/www.estrategiaconcursos.com.br\/blog\/?s={search_term_string}"},"query-input":{"@type":"PropertyValueSpecification","valueRequired":true,"valueName":"search_term_string"}}],"inLanguage":"pt-BR"},{"@type":"Organization","@id":"https:\/\/www.estrategiaconcursos.com.br\/blog\/#organization","name":"Estrat\u00e9gia Concursos","url":"https:\/\/www.estrategiaconcursos.com.br\/blog\/","logo":{"@type":"ImageObject","inLanguage":"pt-BR","@id":"https:\/\/www.estrategiaconcursos.com.br\/blog\/#\/schema\/logo\/image\/","url":"https:\/\/dhg1h5j42swfq.cloudfront.net\/2025\/06\/03203428\/logo_concursos-1.jpg","contentUrl":"https:\/\/dhg1h5j42swfq.cloudfront.net\/2025\/06\/03203428\/logo_concursos-1.jpg","width":230,"height":60,"caption":"Estrat\u00e9gia Concursos"},"image":{"@id":"https:\/\/www.estrategiaconcursos.com.br\/blog\/#\/schema\/logo\/image\/"},"sameAs":["https:\/\/x.com\/EstratConcursos"]},{"@type":"Person","@id":"https:\/\/www.estrategiaconcursos.com.br\/blog\/#\/schema\/person\/80581c41357e3666d4b56f2db6910639","name":"Tulio Lages","image":{"@type":"ImageObject","inLanguage":"pt-BR","@id":"https:\/\/secure.gravatar.com\/avatar\/d24e31d7062c4ca48f968843d2bcad20a2ba1a5cf087b6f34171db005b925941?s=96&d=mm&r=g","url":"https:\/\/secure.gravatar.com\/avatar\/d24e31d7062c4ca48f968843d2bcad20a2ba1a5cf087b6f34171db005b925941?s=96&d=mm&r=g","contentUrl":"https:\/\/secure.gravatar.com\/avatar\/d24e31d7062c4ca48f968843d2bcad20a2ba1a5cf087b6f34171db005b925941?s=96&d=mm&r=g","caption":"Tulio Lages"},"url":"https:\/\/www.estrategiaconcursos.com.br\/blog\/author\/tuliolagesestrategiaconcursos-com-br\/"}]}},"_links":{"self":[{"href":"https:\/\/www.estrategiaconcursos.com.br\/blog\/wp-json\/wp\/v2\/posts\/391102","targetHints":{"allow":["GET"]}}],"collection":[{"href":"https:\/\/www.estrategiaconcursos.com.br\/blog\/wp-json\/wp\/v2\/posts"}],"about":[{"href":"https:\/\/www.estrategiaconcursos.com.br\/blog\/wp-json\/wp\/v2\/types\/post"}],"author":[{"embeddable":true,"href":"https:\/\/www.estrategiaconcursos.com.br\/blog\/wp-json\/wp\/v2\/users\/221"}],"replies":[{"embeddable":true,"href":"https:\/\/www.estrategiaconcursos.com.br\/blog\/wp-json\/wp\/v2\/comments?post=391102"}],"version-history":[{"count":3,"href":"https:\/\/www.estrategiaconcursos.com.br\/blog\/wp-json\/wp\/v2\/posts\/391102\/revisions"}],"predecessor-version":[{"id":391122,"href":"https:\/\/www.estrategiaconcursos.com.br\/blog\/wp-json\/wp\/v2\/posts\/391102\/revisions\/391122"}],"wp:featuredmedia":[{"embeddable":true,"href":"https:\/\/www.estrategiaconcursos.com.br\/blog\/wp-json\/wp\/v2\/media\/391118"}],"wp:attachment":[{"href":"https:\/\/www.estrategiaconcursos.com.br\/blog\/wp-json\/wp\/v2\/media?parent=391102"}],"wp:term":[{"taxonomy":"category","embeddable":true,"href":"https:\/\/www.estrategiaconcursos.com.br\/blog\/wp-json\/wp\/v2\/categories?post=391102"},{"taxonomy":"post_tag","embeddable":true,"href":"https:\/\/www.estrategiaconcursos.com.br\/blog\/wp-json\/wp\/v2\/tags?post=391102"},{"taxonomy":"tax_estado","embeddable":true,"href":"https:\/\/www.estrategiaconcursos.com.br\/blog\/wp-json\/wp\/v2\/tax_estado?post=391102"}],"curies":[{"name":"wp","href":"https:\/\/api.w.org\/{rel}","templated":true}]}}