{"id":389587,"date":"2019-06-19T14:46:41","date_gmt":"2019-06-19T17:46:41","guid":{"rendered":"https:\/\/www.estrategiaconcursos.com.br\/blog\/?p=389587"},"modified":"2023-06-23T10:36:57","modified_gmt":"2023-06-23T13:36:57","slug":"concurso-bacen-pedido-em-andamento","status":"publish","type":"post","link":"https:\/\/www.estrategiaconcursos.com.br\/blog\/concurso-bacen-pedido-em-andamento\/","title":{"rendered":"Concurso Bacen: pedido para certame segue em andamento"},"content":{"rendered":"\n<p>O Banco Central do Brasil divulgou nesta quarta- feira, 19 de junho, que o pedido de concurso p\u00fablico que havia solicitado junto ao Minist\u00e9rio da Economia continuar\u00e1 em prosseguimento.<\/p>\n\n\n\n<p>O \u00f3rg\u00e3o solicitou concurso para preencher 260 vagas no total, sendo 200 para o cargo de Analista, 30 para T\u00e9cnico e 30 para Procurador do Banco Central do Brasil. <\/p>\n\n\n\n<p>A previs\u00e3o do <strong>Bacen <\/strong>\u00e9 de que essas vagas sejam preenchidas em <strong>2020<\/strong>. Vale ressaltar, que existem de acordo com o \u00f3rg\u00e3o, 2.768 cargos vagos, sendo 2.248 analistas, 348 T\u00e9cnico e 136 de Procurador do Banco Central do Brasil.<\/p>\n\n\n\n<p><strong><em>Confira abaixo a informa\u00e7\u00e3o publicada no Di\u00e1rio Oficial <\/em><\/strong><\/p>\n\n\n\n<figure class=\"wp-block-image aligncenter is-resized\"><img loading=\"lazy\" decoding=\"async\" src=\"https:\/\/dhg1h5j42swfq.cloudfront.net\/2019\/06\/19142533\/concurso-bacen4.png.png\" alt=\"\" class=\"wp-image-389601\" width=\"621\" height=\"381\" srcset=\"https:\/\/dhg1h5j42swfq.cloudfront.net\/2019\/06\/19142533\/concurso-bacen4.png.png 1100w, https:\/\/dhg1h5j42swfq.cloudfront.net\/2019\/06\/19142533\/concurso-bacen4.png.png 300w, https:\/\/dhg1h5j42swfq.cloudfront.net\/2019\/06\/19142533\/concurso-bacen4.png.png 768w, https:\/\/dhg1h5j42swfq.cloudfront.net\/2019\/06\/19142533\/concurso-bacen4.png.png 1024w, https:\/\/dhg1h5j42swfq.cloudfront.net\/2019\/06\/19142533\/concurso-bacen4.png.png 610w\" sizes=\"auto, (max-width: 621px) 100vw, 621px\" \/><\/figure>\n\n\n\n<h2 class=\"wp-block-heading\" id=\"h-requisitos-cargos-concurso-bacen\">Requisitos cargos concurso Bacen<\/h2>\n\n\n\n<h3 class=\"wp-block-heading\" id=\"h-analista-do-bacen\">Analista do Bacen<\/h3>\n\n\n\n<p>Lembrando que os candidatos interessados em participar do certame, devem se atentar aos requisitos que possivelmente ser\u00e3o cobrados. Como por exemplo, diploma devidamente registrado, de conclus\u00e3o de curso de n\u00edvel superior, em qualquer \u00e1rea, fornecido por institui\u00e7\u00e3o de ensino superior autorizada ou credenciada pelo Minist\u00e9rio da Educa\u00e7\u00e3o <strong>(MEC).<\/strong><\/p>\n\n\n\n<h3 class=\"wp-block-heading\" id=\"h-tecnico-do-bacen\">T\u00e9cnico do Bacen<\/h3>\n\n\n\n<p>J\u00e1 para o cargo de T\u00e9cnico do Bacen, \u00e9 necess\u00e1rio certificado, devidamente registrado, de conclus\u00e3o de n\u00edvel m\u00e9dio completo, fornecido por institui\u00e7\u00e3o de ensino reconhecida oficialmente pelo \u00f3rg\u00e3o competente.<\/p>\n\n\n\n<h3 class=\"wp-block-heading\" id=\"h-procurador-do-bacen\">Procurador do Bacen<\/h3>\n\n\n\n<p>E para o cargo de Procurador, forma\u00e7\u00e3o em Direito e possuir registro na Ordem dos Advogados do Brasil, OAB. <\/p>\n\n\n\n<p>Importante frisar que estes <strong>requisitos <\/strong>s\u00e3o com base no \u00faltimo edital publicado no ano de 2013. As novas informa\u00e7\u00f5es ser\u00e3o divulgadas assim que o documento para o novo concurso sair. <\/p>\n\n\n\n<h2 class=\"wp-block-heading\" id=\"h-curiosidades-o-que-e-o-banco-central-e-o-que-ele-faz\"><strong>Curiosidades: O que \u00e9 o Banco Central e o que ele faz?<\/strong><\/h2>\n\n\n\n<p>O Banco Central do Brasil&nbsp;\u00e9 uma autarquia federal, vinculada ao Minist\u00e9rio da Fazenda, que tem por miss\u00e3o assegurar a estabilidade do poder de compra da moeda e um sistema financeiro s\u00f3lido e eficiente.<\/p>\n\n\n\n<p>Entre as principais atribui\u00e7\u00f5es do Banco Central destacam-se a condu\u00e7\u00e3o das pol\u00edticas monet\u00e1ria, cambial, de cr\u00e9dito e de rela\u00e7\u00f5es financeiras com o exterior; a regula\u00e7\u00e3o e a supervis\u00e3o do Sistema Financeiro Nacional (SFN) e a administra\u00e7\u00e3o do sistema de pagamentos e do meio circulante.<\/p>\n\n\n\n<p>O Banco Central do Brasil atua tamb\u00e9m como Secretaria-Executiva do Conselho Monet\u00e1rio Nacional (CMN) e torna p\u00fablicas as Resolu\u00e7\u00f5es do CMN.<\/p>\n\n\n\n<h2 class=\"wp-block-heading\" id=\"h-ultimo-concurso-bacen-tecnicos-e-analistas\">\u00daltimo Concurso Bacen \u2013 T\u00e9cnicos e&nbsp;Analistas<\/h2>\n\n\n\n<p>O \u00faltimo concurso Banco Central&nbsp;foi realizado em 2013 e ofereceu&nbsp;500 vagas nos&nbsp;cargos de t\u00e9cnico e analista. A organiza\u00e7\u00e3o foi feita pelo <strong>Cebraspe\/Cespe.<\/strong> Na ocasi\u00e3o, foram registrados<strong>&nbsp;88.589 inscritos<\/strong>, uma concorr\u00eancia de aproximadamente 117 candidatos por vaga.<\/p>\n\n\n\n<p><em>Quer saber mais sobre o concurso Bacen? Clique no link abaixo.<\/em><\/p>\n\n\n\n<p class=\"has-text-align-center has-luminous-vivid-amber-background-color has-background\" style=\"font-size:clamp(16.293px, 1.018rem + ((1vw - 3.2px) * 0.854), 25px);px\"><strong><em>Mais informa\u00e7\u00f5es: <\/em><\/strong><span style=\"text-decoration: underline;\"><strong><em><a href=\"https:\/\/www.estrategiaconcursos.com.br\/blog\/concurso-bacen\/\" target=\"_blank\" rel=\"noreferrer noopener\" aria-label=\"Concurso Bacen (abre numa nova aba)\">Concurso Bacen<\/a><\/em><\/strong><\/span><\/p>\n\n\n\n<p class=\"has-text-align-center\" style=\"font-size:clamp(14px, 0.875rem + ((1vw - 3.2px) * 0.49), 19px);px\"><strong><em>Quer estudar para Concurso BACEN?<\/em><\/strong><\/p>\n\n\n\n<p class=\"has-text-align-center\"><em><strong>Gostou desta oportunidade e deseja come\u00e7ar se preparar agora mesmo? Ent\u00e3o, confira os nossos cursos e comece a estudar para Concurso BACEN:<\/strong><\/em><\/p>\n\n\n\n<p class=\"has-text-align-center has-luminous-vivid-amber-background-color has-background\" style=\"font-size:clamp(14.642px, 0.915rem + ((1vw - 3.2px) * 0.721), 22px);px\"><strong><a href=\"https:\/\/www.estrategiaconcursos.com.br\/cursosPorConcurso\/bacen-banco-central-do-brasil-13\/\" target=\"_blank\" rel=\"noreferrer noopener\">CURSOS CONCURSO BACEN \u2013 T\u00e9cnico e Analista<\/a><\/strong><\/p>\n\n\n\n<p class=\"has-text-align-center\"><em><strong>Assinatura Anual Ilimitada*<\/strong><\/em><\/p>\n\n\n\n<p class=\"has-text-align-center\"><em>Prepare-se com o melhor material e com quem mais aprova em Concursos P\u00fablicos em todo o pa\u00eds. Assine agora a nossa Assinatura Anual e tenha acesso ilimitado a todos os nossos cursos.<\/em><\/p>\n\n\n\n<p class=\"has-text-align-center has-light-green-cyan-background-color has-background\" style=\"font-size:clamp(16.293px, 1.018rem + ((1vw - 3.2px) * 0.854), 25px);px\"><strong>ASSINE AGORA<\/strong>&nbsp;\u2013&nbsp;<a href=\"https:\/\/www.estrategiaconcursos.com.br\/assinaturas\" target=\"_blank\" rel=\"noreferrer noopener\">Assinatura Ilimitada<\/a><\/p>\n\n\n\n<p><em>Ascom Estrat\u00e9gia<\/em><br \/>ascomestrategia@gmail.com<\/p>\n\n\n\n<p class=\"has-text-align-center\"><em><strong>Receba not\u00edcias de Concursos no seu WhatsApp e\/ou Telegram!<\/strong><\/em><\/p>\n\n\n\n<p class=\"has-text-align-center\"><em><strong>Cadastre-se clicando no \u00edcone abaixo<br \/><br \/><\/strong><\/em><a href=\"https:\/\/www.estrategiaconcursos.com.br\/blog\/noticias-de-concursos-whatsapp-estrategia-concursos\/\" target=\"_blank\" rel=\"noreferrer noopener\">Not\u00edcias de concursos no seu WhatsApp e\/ou Telegram<\/a><\/p>\n","protected":false},"excerpt":{"rendered":"<p>O Banco Central do Brasil divulgou nesta quarta- feira, 19 de junho, que o pedido de concurso p\u00fablico que havia solicitado junto ao Minist\u00e9rio da Economia continuar\u00e1 em prosseguimento. O \u00f3rg\u00e3o solicitou concurso para preencher 260 vagas no total, sendo 200 para o cargo de Analista, 30 para T\u00e9cnico e 30 para Procurador do Banco [&hellip;]<\/p>\n","protected":false},"author":254,"featured_media":124809,"comment_status":"open","ping_status":"closed","sticky":false,"template":"","format":"standard","meta":{"post_tipo":"article","footnotes":""},"categories":[1],"tags":[],"tax_estado":[],"class_list":["post-389587","post","type-post","status-publish","format-standard","has-post-thumbnail","hentry","category-cursos-e-concursos"],"acf":[],"yoast_head":"<!-- This site is optimized with the Yoast SEO Premium plugin v27.2 (Yoast SEO v27.2) - https:\/\/yoast.com\/product\/yoast-seo-premium-wordpress\/ -->\n<title>Concurso Bacen: pedido para certame segue em andamento<\/title>\n<meta name=\"robots\" content=\"index, follow, max-snippet:-1, max-image-preview:large, max-video-preview:-1\" \/>\n<link rel=\"canonical\" href=\"https:\/\/www.estrategiaconcursos.com.br\/blog\/concurso-bacen-pedido-em-andamento\/\" \/>\n<meta property=\"og:locale\" content=\"pt_BR\" \/>\n<meta property=\"og:type\" content=\"article\" \/>\n<meta property=\"og:title\" content=\"Concurso Bacen: pedido para certame segue em andamento\" \/>\n<meta property=\"og:description\" content=\"O Banco Central do Brasil divulgou nesta quarta- feira, 19 de junho, que o pedido de concurso p\u00fablico que havia solicitado junto ao Minist\u00e9rio da Economia continuar\u00e1 em prosseguimento. O \u00f3rg\u00e3o solicitou concurso para preencher 260 vagas no total, sendo 200 para o cargo de Analista, 30 para T\u00e9cnico e 30 para Procurador do Banco [&hellip;]\" \/>\n<meta property=\"og:url\" content=\"https:\/\/www.estrategiaconcursos.com.br\/blog\/concurso-bacen-pedido-em-andamento\/\" \/>\n<meta property=\"og:site_name\" content=\"Estrat\u00e9gia Concursos\" \/>\n<meta property=\"article:published_time\" content=\"2019-06-19T17:46:41+00:00\" \/>\n<meta property=\"article:modified_time\" content=\"2023-06-23T13:36:57+00:00\" \/>\n<meta property=\"og:image\" content=\"https:\/\/dhg1h5j42swfq.cloudfront.net\/2018\/06\/07094805\/jornalismo-BACEN.jpg\" \/>\n\t<meta property=\"og:image:width\" content=\"1200\" \/>\n\t<meta property=\"og:image:height\" content=\"628\" \/>\n\t<meta property=\"og:image:type\" content=\"image\/jpeg\" \/>\n<meta name=\"author\" content=\"Carlos Roberto Correa\" \/>\n<meta name=\"twitter:card\" content=\"summary_large_image\" \/>\n<meta name=\"twitter:creator\" content=\"@EstratConcursos\" \/>\n<meta name=\"twitter:site\" content=\"@EstratConcursos\" \/>\n<meta name=\"twitter:label1\" content=\"Escrito por\" \/>\n\t<meta name=\"twitter:data1\" content=\"Carlos Roberto Correa\" \/>\n\t<meta name=\"twitter:label2\" content=\"Est. tempo de leitura\" \/>\n\t<meta name=\"twitter:data2\" content=\"3 minutos\" \/>\n<script type=\"application\/ld+json\" class=\"yoast-schema-graph\">{\"@context\":\"https:\/\/schema.org\",\"@graph\":[{\"@type\":\"NewsArticle\",\"@id\":\"https:\/\/www.estrategiaconcursos.com.br\/blog\/concurso-bacen-pedido-em-andamento\/#article\",\"isPartOf\":{\"@id\":\"https:\/\/www.estrategiaconcursos.com.br\/blog\/concurso-bacen-pedido-em-andamento\/\"},\"author\":{\"name\":\"Carlos Roberto Correa\",\"@id\":\"https:\/\/www.estrategiaconcursos.com.br\/blog\/#\/schema\/person\/b04f52b4e46b9c2763b237dc0302b7a7\"},\"headline\":\"Concurso Bacen: pedido para certame segue em andamento\",\"datePublished\":\"2019-06-19T17:46:41+00:00\",\"dateModified\":\"2023-06-23T13:36:57+00:00\",\"mainEntityOfPage\":{\"@id\":\"https:\/\/www.estrategiaconcursos.com.br\/blog\/concurso-bacen-pedido-em-andamento\/\"},\"wordCount\":571,\"commentCount\":0,\"publisher\":{\"@id\":\"https:\/\/www.estrategiaconcursos.com.br\/blog\/#organization\"},\"image\":{\"@id\":\"https:\/\/www.estrategiaconcursos.com.br\/blog\/concurso-bacen-pedido-em-andamento\/#primaryimage\"},\"thumbnailUrl\":\"https:\/\/dhg1h5j42swfq.cloudfront.net\/2018\/06\/07094805\/jornalismo-BACEN.jpg\",\"articleSection\":[\"Concursos P\u00fablicos\"],\"inLanguage\":\"pt-BR\",\"potentialAction\":[{\"@type\":\"CommentAction\",\"name\":\"Comment\",\"target\":[\"https:\/\/www.estrategiaconcursos.com.br\/blog\/concurso-bacen-pedido-em-andamento\/#respond\"]}],\"copyrightYear\":\"2019\",\"copyrightHolder\":{\"@id\":\"https:\/\/www.estrategiaconcursos.com.br\/blog\/#organization\"}},{\"@type\":\"WebPage\",\"@id\":\"https:\/\/www.estrategiaconcursos.com.br\/blog\/concurso-bacen-pedido-em-andamento\/\",\"url\":\"https:\/\/www.estrategiaconcursos.com.br\/blog\/concurso-bacen-pedido-em-andamento\/\",\"name\":\"Concurso Bacen: pedido para certame segue em andamento\",\"isPartOf\":{\"@id\":\"https:\/\/www.estrategiaconcursos.com.br\/blog\/#website\"},\"primaryImageOfPage\":{\"@id\":\"https:\/\/www.estrategiaconcursos.com.br\/blog\/concurso-bacen-pedido-em-andamento\/#primaryimage\"},\"image\":{\"@id\":\"https:\/\/www.estrategiaconcursos.com.br\/blog\/concurso-bacen-pedido-em-andamento\/#primaryimage\"},\"thumbnailUrl\":\"https:\/\/dhg1h5j42swfq.cloudfront.net\/2018\/06\/07094805\/jornalismo-BACEN.jpg\",\"datePublished\":\"2019-06-19T17:46:41+00:00\",\"dateModified\":\"2023-06-23T13:36:57+00:00\",\"breadcrumb\":{\"@id\":\"https:\/\/www.estrategiaconcursos.com.br\/blog\/concurso-bacen-pedido-em-andamento\/#breadcrumb\"},\"inLanguage\":\"pt-BR\",\"potentialAction\":[{\"@type\":\"ReadAction\",\"target\":[\"https:\/\/www.estrategiaconcursos.com.br\/blog\/concurso-bacen-pedido-em-andamento\/\"]}]},{\"@type\":\"ImageObject\",\"inLanguage\":\"pt-BR\",\"@id\":\"https:\/\/www.estrategiaconcursos.com.br\/blog\/concurso-bacen-pedido-em-andamento\/#primaryimage\",\"url\":\"https:\/\/dhg1h5j42swfq.cloudfront.net\/2018\/06\/07094805\/jornalismo-BACEN.jpg\",\"contentUrl\":\"https:\/\/dhg1h5j42swfq.cloudfront.net\/2018\/06\/07094805\/jornalismo-BACEN.jpg\",\"width\":1200,\"height\":628,\"caption\":\"concurso bacen\"},{\"@type\":\"BreadcrumbList\",\"@id\":\"https:\/\/www.estrategiaconcursos.com.br\/blog\/concurso-bacen-pedido-em-andamento\/#breadcrumb\",\"itemListElement\":[{\"@type\":\"ListItem\",\"position\":1,\"name\":\"In\u00edcio\",\"item\":\"https:\/\/www.estrategiaconcursos.com.br\/blog\/\"},{\"@type\":\"ListItem\",\"position\":2,\"name\":\"Concurso Bacen: pedido para certame segue em andamento\"}]},{\"@type\":\"WebSite\",\"@id\":\"https:\/\/www.estrategiaconcursos.com.br\/blog\/#website\",\"url\":\"https:\/\/www.estrategiaconcursos.com.br\/blog\/\",\"name\":\"Estrat\u00e9gia Concursos\",\"description\":\"O blog da Estrat\u00e9gia Concursos traz not\u00edcias sobre concursos e artigos de professores oferecendo cursos para concursos (pdf + videaulas) no site.\",\"publisher\":{\"@id\":\"https:\/\/www.estrategiaconcursos.com.br\/blog\/#organization\"},\"potentialAction\":[{\"@type\":\"SearchAction\",\"target\":{\"@type\":\"EntryPoint\",\"urlTemplate\":\"https:\/\/www.estrategiaconcursos.com.br\/blog\/?s={search_term_string}\"},\"query-input\":{\"@type\":\"PropertyValueSpecification\",\"valueRequired\":true,\"valueName\":\"search_term_string\"}}],\"inLanguage\":\"pt-BR\"},{\"@type\":\"Organization\",\"@id\":\"https:\/\/www.estrategiaconcursos.com.br\/blog\/#organization\",\"name\":\"Estrat\u00e9gia Concursos\",\"url\":\"https:\/\/www.estrategiaconcursos.com.br\/blog\/\",\"logo\":{\"@type\":\"ImageObject\",\"inLanguage\":\"pt-BR\",\"@id\":\"https:\/\/www.estrategiaconcursos.com.br\/blog\/#\/schema\/logo\/image\/\",\"url\":\"https:\/\/dhg1h5j42swfq.cloudfront.net\/2025\/06\/03203428\/logo_concursos-1.jpg\",\"contentUrl\":\"https:\/\/dhg1h5j42swfq.cloudfront.net\/2025\/06\/03203428\/logo_concursos-1.jpg\",\"width\":230,\"height\":60,\"caption\":\"Estrat\u00e9gia Concursos\"},\"image\":{\"@id\":\"https:\/\/www.estrategiaconcursos.com.br\/blog\/#\/schema\/logo\/image\/\"},\"sameAs\":[\"https:\/\/x.com\/EstratConcursos\"]},{\"@type\":\"Person\",\"@id\":\"https:\/\/www.estrategiaconcursos.com.br\/blog\/#\/schema\/person\/b04f52b4e46b9c2763b237dc0302b7a7\",\"name\":\"Carlos Roberto Correa\",\"image\":{\"@type\":\"ImageObject\",\"inLanguage\":\"pt-BR\",\"@id\":\"https:\/\/secure.gravatar.com\/avatar\/f4b738aef9d1cc2c2cfd779e48e5b0dee98cb28b76e015eb2f1d475ca568f24a?s=96&d=mm&r=g\",\"url\":\"https:\/\/secure.gravatar.com\/avatar\/f4b738aef9d1cc2c2cfd779e48e5b0dee98cb28b76e015eb2f1d475ca568f24a?s=96&d=mm&r=g\",\"contentUrl\":\"https:\/\/secure.gravatar.com\/avatar\/f4b738aef9d1cc2c2cfd779e48e5b0dee98cb28b76e015eb2f1d475ca568f24a?s=96&d=mm&r=g\",\"caption\":\"Carlos Roberto Correa\"},\"url\":\"https:\/\/www.estrategiaconcursos.com.br\/blog\/author\/carlosrobertoestrategiaconcursos-com-br\/\"}]}<\/script>\n<!-- \/ Yoast SEO Premium plugin. -->","yoast_head_json":{"title":"Concurso Bacen: pedido para certame segue em andamento","robots":{"index":"index","follow":"follow","max-snippet":"max-snippet:-1","max-image-preview":"max-image-preview:large","max-video-preview":"max-video-preview:-1"},"canonical":"https:\/\/www.estrategiaconcursos.com.br\/blog\/concurso-bacen-pedido-em-andamento\/","og_locale":"pt_BR","og_type":"article","og_title":"Concurso Bacen: pedido para certame segue em andamento","og_description":"O Banco Central do Brasil divulgou nesta quarta- feira, 19 de junho, que o pedido de concurso p\u00fablico que havia solicitado junto ao Minist\u00e9rio da Economia continuar\u00e1 em prosseguimento. O \u00f3rg\u00e3o solicitou concurso para preencher 260 vagas no total, sendo 200 para o cargo de Analista, 30 para T\u00e9cnico e 30 para Procurador do Banco [&hellip;]","og_url":"https:\/\/www.estrategiaconcursos.com.br\/blog\/concurso-bacen-pedido-em-andamento\/","og_site_name":"Estrat\u00e9gia Concursos","article_published_time":"2019-06-19T17:46:41+00:00","article_modified_time":"2023-06-23T13:36:57+00:00","og_image":[{"width":1200,"height":628,"url":"https:\/\/dhg1h5j42swfq.cloudfront.net\/2018\/06\/07094805\/jornalismo-BACEN.jpg","type":"image\/jpeg"}],"author":"Carlos Roberto Correa","twitter_card":"summary_large_image","twitter_creator":"@EstratConcursos","twitter_site":"@EstratConcursos","twitter_misc":{"Escrito por":"Carlos Roberto Correa","Est. tempo de leitura":"3 minutos"},"schema":{"@context":"https:\/\/schema.org","@graph":[{"@type":"NewsArticle","@id":"https:\/\/www.estrategiaconcursos.com.br\/blog\/concurso-bacen-pedido-em-andamento\/#article","isPartOf":{"@id":"https:\/\/www.estrategiaconcursos.com.br\/blog\/concurso-bacen-pedido-em-andamento\/"},"author":{"name":"Carlos Roberto Correa","@id":"https:\/\/www.estrategiaconcursos.com.br\/blog\/#\/schema\/person\/b04f52b4e46b9c2763b237dc0302b7a7"},"headline":"Concurso Bacen: pedido para certame segue em andamento","datePublished":"2019-06-19T17:46:41+00:00","dateModified":"2023-06-23T13:36:57+00:00","mainEntityOfPage":{"@id":"https:\/\/www.estrategiaconcursos.com.br\/blog\/concurso-bacen-pedido-em-andamento\/"},"wordCount":571,"commentCount":0,"publisher":{"@id":"https:\/\/www.estrategiaconcursos.com.br\/blog\/#organization"},"image":{"@id":"https:\/\/www.estrategiaconcursos.com.br\/blog\/concurso-bacen-pedido-em-andamento\/#primaryimage"},"thumbnailUrl":"https:\/\/dhg1h5j42swfq.cloudfront.net\/2018\/06\/07094805\/jornalismo-BACEN.jpg","articleSection":["Concursos P\u00fablicos"],"inLanguage":"pt-BR","potentialAction":[{"@type":"CommentAction","name":"Comment","target":["https:\/\/www.estrategiaconcursos.com.br\/blog\/concurso-bacen-pedido-em-andamento\/#respond"]}],"copyrightYear":"2019","copyrightHolder":{"@id":"https:\/\/www.estrategiaconcursos.com.br\/blog\/#organization"}},{"@type":"WebPage","@id":"https:\/\/www.estrategiaconcursos.com.br\/blog\/concurso-bacen-pedido-em-andamento\/","url":"https:\/\/www.estrategiaconcursos.com.br\/blog\/concurso-bacen-pedido-em-andamento\/","name":"Concurso Bacen: pedido para certame segue em andamento","isPartOf":{"@id":"https:\/\/www.estrategiaconcursos.com.br\/blog\/#website"},"primaryImageOfPage":{"@id":"https:\/\/www.estrategiaconcursos.com.br\/blog\/concurso-bacen-pedido-em-andamento\/#primaryimage"},"image":{"@id":"https:\/\/www.estrategiaconcursos.com.br\/blog\/concurso-bacen-pedido-em-andamento\/#primaryimage"},"thumbnailUrl":"https:\/\/dhg1h5j42swfq.cloudfront.net\/2018\/06\/07094805\/jornalismo-BACEN.jpg","datePublished":"2019-06-19T17:46:41+00:00","dateModified":"2023-06-23T13:36:57+00:00","breadcrumb":{"@id":"https:\/\/www.estrategiaconcursos.com.br\/blog\/concurso-bacen-pedido-em-andamento\/#breadcrumb"},"inLanguage":"pt-BR","potentialAction":[{"@type":"ReadAction","target":["https:\/\/www.estrategiaconcursos.com.br\/blog\/concurso-bacen-pedido-em-andamento\/"]}]},{"@type":"ImageObject","inLanguage":"pt-BR","@id":"https:\/\/www.estrategiaconcursos.com.br\/blog\/concurso-bacen-pedido-em-andamento\/#primaryimage","url":"https:\/\/dhg1h5j42swfq.cloudfront.net\/2018\/06\/07094805\/jornalismo-BACEN.jpg","contentUrl":"https:\/\/dhg1h5j42swfq.cloudfront.net\/2018\/06\/07094805\/jornalismo-BACEN.jpg","width":1200,"height":628,"caption":"concurso bacen"},{"@type":"BreadcrumbList","@id":"https:\/\/www.estrategiaconcursos.com.br\/blog\/concurso-bacen-pedido-em-andamento\/#breadcrumb","itemListElement":[{"@type":"ListItem","position":1,"name":"In\u00edcio","item":"https:\/\/www.estrategiaconcursos.com.br\/blog\/"},{"@type":"ListItem","position":2,"name":"Concurso Bacen: pedido para certame segue em andamento"}]},{"@type":"WebSite","@id":"https:\/\/www.estrategiaconcursos.com.br\/blog\/#website","url":"https:\/\/www.estrategiaconcursos.com.br\/blog\/","name":"Estrat\u00e9gia Concursos","description":"O blog da Estrat\u00e9gia Concursos traz not\u00edcias sobre concursos e artigos de professores oferecendo cursos para concursos (pdf + videaulas) no site.","publisher":{"@id":"https:\/\/www.estrategiaconcursos.com.br\/blog\/#organization"},"potentialAction":[{"@type":"SearchAction","target":{"@type":"EntryPoint","urlTemplate":"https:\/\/www.estrategiaconcursos.com.br\/blog\/?s={search_term_string}"},"query-input":{"@type":"PropertyValueSpecification","valueRequired":true,"valueName":"search_term_string"}}],"inLanguage":"pt-BR"},{"@type":"Organization","@id":"https:\/\/www.estrategiaconcursos.com.br\/blog\/#organization","name":"Estrat\u00e9gia Concursos","url":"https:\/\/www.estrategiaconcursos.com.br\/blog\/","logo":{"@type":"ImageObject","inLanguage":"pt-BR","@id":"https:\/\/www.estrategiaconcursos.com.br\/blog\/#\/schema\/logo\/image\/","url":"https:\/\/dhg1h5j42swfq.cloudfront.net\/2025\/06\/03203428\/logo_concursos-1.jpg","contentUrl":"https:\/\/dhg1h5j42swfq.cloudfront.net\/2025\/06\/03203428\/logo_concursos-1.jpg","width":230,"height":60,"caption":"Estrat\u00e9gia Concursos"},"image":{"@id":"https:\/\/www.estrategiaconcursos.com.br\/blog\/#\/schema\/logo\/image\/"},"sameAs":["https:\/\/x.com\/EstratConcursos"]},{"@type":"Person","@id":"https:\/\/www.estrategiaconcursos.com.br\/blog\/#\/schema\/person\/b04f52b4e46b9c2763b237dc0302b7a7","name":"Carlos Roberto Correa","image":{"@type":"ImageObject","inLanguage":"pt-BR","@id":"https:\/\/secure.gravatar.com\/avatar\/f4b738aef9d1cc2c2cfd779e48e5b0dee98cb28b76e015eb2f1d475ca568f24a?s=96&d=mm&r=g","url":"https:\/\/secure.gravatar.com\/avatar\/f4b738aef9d1cc2c2cfd779e48e5b0dee98cb28b76e015eb2f1d475ca568f24a?s=96&d=mm&r=g","contentUrl":"https:\/\/secure.gravatar.com\/avatar\/f4b738aef9d1cc2c2cfd779e48e5b0dee98cb28b76e015eb2f1d475ca568f24a?s=96&d=mm&r=g","caption":"Carlos Roberto Correa"},"url":"https:\/\/www.estrategiaconcursos.com.br\/blog\/author\/carlosrobertoestrategiaconcursos-com-br\/"}]}},"_links":{"self":[{"href":"https:\/\/www.estrategiaconcursos.com.br\/blog\/wp-json\/wp\/v2\/posts\/389587","targetHints":{"allow":["GET"]}}],"collection":[{"href":"https:\/\/www.estrategiaconcursos.com.br\/blog\/wp-json\/wp\/v2\/posts"}],"about":[{"href":"https:\/\/www.estrategiaconcursos.com.br\/blog\/wp-json\/wp\/v2\/types\/post"}],"author":[{"embeddable":true,"href":"https:\/\/www.estrategiaconcursos.com.br\/blog\/wp-json\/wp\/v2\/users\/254"}],"replies":[{"embeddable":true,"href":"https:\/\/www.estrategiaconcursos.com.br\/blog\/wp-json\/wp\/v2\/comments?post=389587"}],"version-history":[{"count":2,"href":"https:\/\/www.estrategiaconcursos.com.br\/blog\/wp-json\/wp\/v2\/posts\/389587\/revisions"}],"predecessor-version":[{"id":1237886,"href":"https:\/\/www.estrategiaconcursos.com.br\/blog\/wp-json\/wp\/v2\/posts\/389587\/revisions\/1237886"}],"wp:featuredmedia":[{"embeddable":true,"href":"https:\/\/www.estrategiaconcursos.com.br\/blog\/wp-json\/wp\/v2\/media\/124809"}],"wp:attachment":[{"href":"https:\/\/www.estrategiaconcursos.com.br\/blog\/wp-json\/wp\/v2\/media?parent=389587"}],"wp:term":[{"taxonomy":"category","embeddable":true,"href":"https:\/\/www.estrategiaconcursos.com.br\/blog\/wp-json\/wp\/v2\/categories?post=389587"},{"taxonomy":"post_tag","embeddable":true,"href":"https:\/\/www.estrategiaconcursos.com.br\/blog\/wp-json\/wp\/v2\/tags?post=389587"},{"taxonomy":"tax_estado","embeddable":true,"href":"https:\/\/www.estrategiaconcursos.com.br\/blog\/wp-json\/wp\/v2\/tax_estado?post=389587"}],"curies":[{"name":"wp","href":"https:\/\/api.w.org\/{rel}","templated":true}]}}