{"id":38957,"date":"2016-05-13T13:04:03","date_gmt":"2016-05-13T16:04:03","guid":{"rendered":"http:\/\/www.estrategiaconcursos.com.br\/blog\/?p=38957"},"modified":"2016-12-07T17:20:58","modified_gmt":"2016-12-07T20:20:58","slug":"o-governo-vai-reduzir-gastos-como-ficam-os-concursos-no-governo-michel-temer","status":"publish","type":"post","link":"https:\/\/www.estrategiaconcursos.com.br\/blog\/o-governo-vai-reduzir-gastos-como-ficam-os-concursos-no-governo-michel-temer\/","title":{"rendered":"O governo vai reduzir gastos. Como ficar\u00e3o os concursos no governo Michel Temer?"},"content":{"rendered":"<p style=\"text-align: justify;\"><span style=\"color: #000000;\">Ol\u00e1 pessoal, tudo bem?!<\/span><\/p>\n<p style=\"text-align: justify;\"><span style=\"color: #000000;\">Ontem,\u00a0assumiu um <strong>novo governo<\/strong> e meu objetivo \u00e9 conversar com voc\u00eas sobre as\u00a0perspectivas para os concursos p\u00fablicos a partir de agora.<\/span><\/p>\n<p style=\"text-align: justify;\"><span style=\"color: #000000;\">Exatamente da mesma forma que ocorreu na \u00e9poca das elei\u00e7\u00f5es em 2014, temos\u00a0visto muito terrorismo\u00a0sobre a quest\u00e3o dos concursos p\u00fablicos e do novo governo. Veja essa not\u00edcia de 2014, do site do PT (<a href=\"http:\/\/goo.gl\/Qilxy1\" target=\"_blank\">http:\/\/goo.gl\/Qilxy1<\/a>):<\/span><\/p>\n<div id=\"attachment_38986\" style=\"width: 594px\" class=\"wp-caption aligncenter\"><a href=\"https:\/\/dhg1h5j42swfq.cloudfront.net\/2016\/05\/13121216\/Captura-de-Tela-2016-05-13-a%CC%80s-12.10.23.png\" rel=\"attachment wp-att-38986\"><img loading=\"lazy\" decoding=\"async\" aria-describedby=\"caption-attachment-38986\" class=\"size-large wp-image-38986\" src=\"https:\/\/dhg1h5j42swfq.cloudfront.net\/2016\/05\/13121216\/Captura-de-Tela-2016-05-13-a%CC%80s-12.10.23.png\" alt=\"Acuse-os do que voc\u00ea vai fazer\" width=\"584\" height=\"220\" srcset=\"https:\/\/dhg1h5j42swfq.cloudfront.net\/2016\/05\/13121216\/Captura-de-Tela-2016-05-13-a%CC%80s-12.10.23.png 2026w, https:\/\/dhg1h5j42swfq.cloudfront.net\/2016\/05\/13121216\/Captura-de-Tela-2016-05-13-a%CC%80s-12.10.23.png 300w, https:\/\/dhg1h5j42swfq.cloudfront.net\/2016\/05\/13121216\/Captura-de-Tela-2016-05-13-a%CC%80s-12.10.23.png 768w, https:\/\/dhg1h5j42swfq.cloudfront.net\/2016\/05\/13121216\/Captura-de-Tela-2016-05-13-a%CC%80s-12.10.23.png 1024w, https:\/\/dhg1h5j42swfq.cloudfront.net\/2016\/05\/13121216\/Captura-de-Tela-2016-05-13-a%CC%80s-12.10.23.png 500w\" sizes=\"auto, (max-width: 584px) 100vw, 584px\" \/><\/a><p id=\"caption-attachment-38986\" class=\"wp-caption-text\">Em 2014, o PT acusou os advers\u00e1rios de fazer cortes. Um ano depois, foi o pr\u00f3prio PT que fez os cortes e suspendeu os concursos p\u00fablicos.<\/p><\/div>\n<p style=\"text-align: justify;\"><span style=\"color: #000000;\">Alguns alunos est\u00e3o\u00a0com medo, com o mesmo sentimento de 2014. \u00c9 natural. Afinal, estudar para concursos \u00e9 uma atividade\u00a0emocionalmente extenuante.<\/span><\/p>\n<p style=\"text-align: justify;\"><span style=\"color: #000000;\">Estamos falando de pais e m\u00e3es de fam\u00edlia que est\u00e3o se dedicando a um objetivo de vida: trabalhar para o Estado em troca de uma remunera\u00e7\u00e3o justa. E \u00e9 normal o concurseiro querer um governo\u00a0que seja mais simp\u00e1tico aos seus objetivos.\u00a0E essas not\u00edcias realmente tendem a nos desestabilizar.<\/span><\/p>\n<p style=\"text-align: justify;\"><span style=\"color: #000000;\">Seguem abaixo os t\u00f3picos desse texto:<\/span><\/p>\n<p style=\"text-align: justify;\"><span style=\"color: #000000;\"><em>(1) Pr\u00e9-condi\u00e7\u00e3o para o Estado conseguir fazer concursos<\/em><\/span><\/p>\n<p style=\"text-align: justify;\"><span style=\"color: #000000;\"><em>(2) Situa\u00e7\u00e3o atual<\/em><\/span><\/p>\n<p style=\"text-align: justify;\"><span style=\"color: #000000;\"><em>(3) Como o governo Temer espera resolver a situa\u00e7\u00e3o atual e em qual prazo<\/em><\/span><\/p>\n<p style=\"text-align: justify;\"><span style=\"color: #000000;\"><em>(4) Concursos p\u00fablicos em ajustes fiscais passados<\/em><\/span><\/p>\n<p style=\"text-align: justify;\"><span style=\"color: #000000;\"><em>(5) O que voc\u00ea deve fazer<\/em><\/span><\/p>\n<p style=\"text-align: justify;\"><span style=\"color: #000000;\"><strong>(1) PR\u00c9-CONDI\u00c7\u00c3O PARA O ESTADO CONSEGUIR FAZER CONCURSOS<\/strong><\/span><\/p>\n<p style=\"text-align: justify;\"><span style=\"color: #000000;\">Para entender como o Estado pode fazer concursos, vamos entender, primeiro, um pouco de como funciona financeiramente o processo de contrata\u00e7\u00e3o do governo:<\/span><\/p>\n<p style=\"text-align: justify;\"><span style=\"color: #000000;\">Para o governo contratar mais servidores, ou conceder aumentos aos servidores existentes, \u00e9 NECESS\u00c1RIO crescimento econ\u00f4mico. Isto porque o\u00a0governo n\u00e3o gera riqueza. Pelo contr\u00e1rio, ele expropria (via impostos) a riqueza do setor privado.<\/span><\/p>\n<p style=\"text-align: justify;\"><span style=\"color: #000000;\">\u00c9 o seguinte\u00a0racioc\u00ednio: para contratar mais servidores, e\/ou conceder aumentos de sal\u00e1rios, o governo\u00a0precisar\u00e1 de mais recursos. E esses recursos t\u00eam origem no setor privado, pois \u00e9 este que paga os impostos que sustentam o governo.<\/span><\/p>\n<p style=\"text-align: justify;\"><span style=\"color: #000000;\">Se voc\u00ea, leitor, abrir uma empresa, s\u00f3 conseguir\u00e1 contratar mais gente ou aumentar o sal\u00e1rio dos seus empregados se sua empresa aumentar o faturamento, vendendo mais bens e servi\u00e7os. Com o governo, \u00e9 a mesma coisa. A diferen\u00e7a \u00e9 que este\u00a0depende que o setor privado gere mais riqueza. Com isso, gera-se mais arrecada\u00e7\u00e3o de impostos. Logo, \u00e9 poss\u00edvel contratar mais servidores.<\/span><\/p>\n<p style=\"text-align: justify;\"><span style=\"color: #000000;\">Portanto,\u00a0uma pol\u00edtica extensiva de contrata\u00e7\u00f5es s\u00f3 \u00e9 poss\u00edvel com um Estado possuindo recursos oriundos da arrecada\u00e7\u00e3o de tributos. E isso s\u00f3 \u00e9 poss\u00edvel com crescimento econ\u00f4mico.<\/span><\/p>\n<p style=\"text-align: justify;\"><span style=\"color: #000000;\">Ao contr\u00e1rio do que dizem todos os Sindicatos de Fiscais de todos os entes da federa\u00e7\u00e3o, o que gera arrecada\u00e7\u00e3o n\u00e3o \u00e9 o aumento do n\u00famero de auditores fiscais, mas sim o aumento da atividade econ\u00f4mica. Tanto \u00e9 verdade que tivemos muitos concursos fiscais nos \u00faltimos anos e, EM TODOS os estados da Federa\u00e7\u00e3o, houve queda na arrecada\u00e7\u00e3o quando o Brasil come\u00e7ou a entrar em recess\u00e3o.<\/span><\/p>\n<p style=\"text-align: justify;\"><span style=\"color: #000000;\">\u00c9 claro que a\u00e7\u00f5es pontuais, fiscaliza\u00e7\u00f5es e sistemas novos de combate \u00e0 sonega\u00e7\u00e3o desenvolvidos por Auditores Fiscais tendem a gerar algum incremento na arrecada\u00e7\u00e3o. Mas esse incremento \u00e9 pequeno\u00a0perante a atividade econ\u00f4mica de todo o pa\u00eds. Um crescimento de 1% do PIB com certeza gera mais incremento de arrecada\u00e7\u00e3o que a contrata\u00e7\u00e3o de 100.000 auditores fiscais.<\/span><\/p>\n<p style=\"text-align: justify;\"><span style=\"color: #000000;\">E ainda existe um agravante.\u00a0Em maior parte dos casos, a arrecada\u00e7\u00e3o tribut\u00e1ria varia mais que proporcionalmente ao crescimento do PIB. Isto \u00e9, se temos 1% de crescimento econ\u00f4mico, a arrecada\u00e7\u00e3o tende a crescer mais que 1%.<\/span><\/p>\n<p style=\"text-align: justify;\"><span style=\"color: #000000;\">Por exemplo, vejamos esses anos de crescimento:<\/span><\/p>\n<ul>\n<li style=\"text-align: justify;\"><span style=\"color: #000000;\">em 2010, o pa\u00eds cresceu 7,5%. A arrecada\u00e7\u00e3o tribut\u00e1ria cresceu 9,85% (<\/span><a href=\"http:\/\/goo.gl\/Jbde6s\" target=\"_blank\">http:\/\/goo.gl\/Jbde6s<\/a><span style=\"color: #000000;\">)<\/span><\/li>\n<li style=\"text-align: justify;\"><span style=\"color: #000000;\">em 2011, o pa\u00eds cresceu 3,9%. A arrecada\u00e7\u00e3o tribut\u00e1ria cresceu 10,10% (<a href=\"http:\/\/goo.gl\/tq1Enw\" target=\"_blank\">http:\/\/goo.gl\/tq1Enw<\/a>)<\/span><\/li>\n<li style=\"text-align: justify;\"><span style=\"color: #000000;\">em 2012, o pa\u00eds cresceu 0,9%. A arrecada\u00e7\u00e3o tribut\u00e1ria cresceu 0,7% (<a href=\"http:\/\/goo.gl\/1SNoAd\" target=\"_blank\">http:\/\/goo.gl\/1SNoAd<\/a>). Nesse ano, a arrecada\u00e7\u00e3o cresceu menos que o PIB pois teve\u00a0in\u00edcio a pol\u00edtica de subs\u00eddios e desonera\u00e7\u00f5es a determinados setores da economia.<\/span><\/li>\n<li style=\"text-align: justify;\"><span style=\"color: #000000;\">em\u00a02013, o pa\u00eds cresceu 2,3%. A arrecada\u00e7\u00e3o tribut\u00e1ria cresceu 4,08% (<a href=\"http:\/\/goo.gl\/WykSXY\" target=\"_blank\">http:\/\/goo.gl\/WykSXY<\/a>). Nesse ano, continuou a\u00a0pol\u00edtica de subs\u00eddios e desonera\u00e7\u00f5es a determinados setores, mas o programa de Refis sozinho foi respons\u00e1vel por quase 2% desse aumento de arrecada\u00e7\u00e3o de tributos.<\/span><\/li>\n<\/ul>\n<p style=\"text-align: justify;\"><span style=\"color: #000000;\">Observe, ent\u00e3o, que a arrecada\u00e7\u00e3o flutua muito devido \u00e0 atividade econ\u00f4mica. E tenha sempre em mente que <strong>uma pol\u00edtica de contrata\u00e7\u00e3o de servidores s\u00f3 \u00e9 vi\u00e1vel com a arrecada\u00e7\u00e3o crescente<\/strong>, assim como uma empresa s\u00f3 contrata mais funcion\u00e1rios\u00a0se o seu faturamento crescer. Por sua vez,<strong> uma arrecada\u00e7\u00e3o crescente s\u00f3 \u00e9 poss\u00edvel com um pa\u00eds com um PIB em crescimento<\/strong>.<\/span><\/p>\n<p style=\"text-align: justify;\"><span style=\"color: #000000;\">Beleza?! J\u00e1 entendemos que o crescimento econ\u00f4mico gera aumentos de arrecada\u00e7\u00e3o superiores ao percentual de crescimento do PIB.<\/span><\/p>\n<p style=\"text-align: justify;\"><span style=\"color: #000000;\">Mas e, quando estamos em recess\u00e3o (que \u00e9 o que vivemos agora), o que acontece?<\/span><\/p>\n<p style=\"text-align: justify;\"><span style=\"color: #000000;\">Esta regra de aumento de arrecada\u00e7\u00e3o em percentuais superiores ao crescimento do PIB <strong>tamb\u00e9m vale para a recess\u00e3o<\/strong>. Em outras palavras, se a economia entra em recess\u00e3o, ocorre uma queda na arrecada\u00e7\u00e3o mais que proporcional \u00e0 recess\u00e3o. Por exemplo, se o PIB cai 1%, a arrecada\u00e7\u00e3o tribut\u00e1ria decresce mais que 1%.<\/span><\/p>\n<div id=\"attachment_38959\" style=\"width: 590px\" class=\"wp-caption aligncenter\"><a href=\"https:\/\/dhg1h5j42swfq.cloudfront.net\/2016\/05\/13022447\/aarrecadacao_2015.png\" rel=\"attachment wp-att-38959\"><img loading=\"lazy\" decoding=\"async\" aria-describedby=\"caption-attachment-38959\" class=\"size-full wp-image-38959\" src=\"https:\/\/dhg1h5j42swfq.cloudfront.net\/2016\/05\/13022447\/aarrecadacao_2015.png\" alt=\"Arrecada\u00e7\u00e3o federal\" width=\"580\" height=\"340\" srcset=\"https:\/\/dhg1h5j42swfq.cloudfront.net\/2016\/05\/13022447\/aarrecadacao_2015.png 580w, https:\/\/dhg1h5j42swfq.cloudfront.net\/2016\/05\/13022447\/aarrecadacao_2015.png 300w, https:\/\/dhg1h5j42swfq.cloudfront.net\/2016\/05\/13022447\/aarrecadacao_2015.png 500w\" sizes=\"auto, (max-width: 580px) 100vw, 580px\" \/><\/a><p id=\"caption-attachment-38959\" class=\"wp-caption-text\">Arrecada\u00e7\u00e3o federal<\/p><\/div>\n<p style=\"text-align: justify;\"><span style=\"color: #000000;\">Nos par\u00e1grafos anteriores, j\u00e1 analisamos a varia\u00e7\u00e3o da arrecada\u00e7\u00e3o nos anos em que pa\u00eds cresceu muito bem. Agora,\u00a0vejamos a varia\u00e7\u00e3o da arrecada\u00e7\u00e3o nos anos de recess\u00e3o:<\/span><\/p>\n<ul>\n<li style=\"text-align: justify;\"><span style=\"color: #000000;\">Em 2009, o Brasil teve recess\u00e3o de 0,2%. A arrecada\u00e7\u00e3o caiu 2,96% (<a href=\"http:\/\/goo.gl\/pZXuWq\" target=\"_blank\">http:\/\/goo.gl\/pZXuWq<\/a>).<\/span><\/li>\n<li style=\"text-align: justify;\"><span style=\"color: #000000;\">Em 2014, o Brasil teve crescimento\u00a0de 0,2%. A arrecada\u00e7\u00e3o caiu 1,79% em rela\u00e7\u00e3o ao ano anterior (<a href=\"http:\/\/goo.gl\/ewKdpo\" target=\"_blank\">http:\/\/goo.gl\/ewKdpo<\/a>).<\/span><\/li>\n<li style=\"text-align: justify;\"><span style=\"color: #000000;\">Em 2015, o Brasil teve recess\u00e3o de 3,8%. A arrecada\u00e7\u00e3o caiu 5,6% em rela\u00e7\u00e3o ao ano anterior (<a href=\"http:\/\/goo.gl\/ITiLNX\" target=\"_blank\">http:\/\/goo.gl\/ITiLNX<\/a>).<\/span><\/li>\n<li style=\"text-align: justify;\"><span style=\"color: #000000;\">Em 2016, segundo previs\u00e3o do relat\u00f3rio Focus do Banco Central\u00a0(<a href=\"http:\/\/goo.gl\/t7fUQY\" target=\"_blank\">http:\/\/goo.gl\/t7fUQY<\/a>), o Brasil deve ter recess\u00e3o de 3,8%. A arrecada\u00e7\u00e3o\u00a0de Janeiro\/2016 caiu 6,7% (<a href=\"http:\/\/goo.gl\/aFCqB4\" target=\"_blank\">http:\/\/goo.gl\/aFCqB4<\/a>). A arrecada\u00e7\u00e3o de Fevereiro\/2016 caiu 11,53% (<a href=\"http:\/\/goo.gl\/lSX5Sr\" target=\"_blank\">http:\/\/goo.gl\/lSX5Sr<\/a>). A arrecada\u00e7\u00e3o de Mar\u00e7o\/2016 caiu 6,9% (<a href=\"http:\/\/goo.gl\/feKQXJ\" target=\"_blank\">http:\/\/goo.gl\/feKQXJ<\/a>).<\/span><\/li>\n<\/ul>\n<p style=\"text-align: justify;\"><span style=\"color: #000000;\">Observe, portanto, que a queda na arrecada\u00e7\u00e3o \u00e9 percentualmente maior que a queda na atividade econ\u00f4mica.<\/span><\/p>\n<p style=\"text-align: justify;\"><span style=\"color: #000000;\">E o que a varia\u00e7\u00e3o na arrecada\u00e7\u00e3o tem a ver com os concursos?<\/span><\/p>\n<p style=\"text-align: justify;\"><span style=\"color: #000000;\">No per\u00edodo de crescimento econ\u00f4mico (2010 a 2013), houve uma expans\u00e3o na\u00a0quantidade de concursos. J\u00e1 o per\u00edodo de recess\u00e3o (2014 a 2016) marca um decr\u00e9scimo na abertura de concursos.\u00a0Ent\u00e3o, perceba, mais uma vez, que uma pol\u00edtica de concursos s\u00f3 \u00e9 poss\u00edvel em um contexto de crescimento econ\u00f4mico. O <strong>pr\u00f3prio governo do PT<\/strong> <strong>suspendeu os concursos federais em 2015<\/strong>, tendo em vista a crise nas contas p\u00fablicas (<a href=\"http:\/\/goo.gl\/l6tdyn\" target=\"_blank\">http:\/\/goo.gl\/l6tdyn<\/a>) decorrente da recess\u00e3o econ\u00f4mica. Ou seja, eles fizeram aquilo que eles acusavam que seus advers\u00e1rios fariam.<\/span><\/p>\n<p style=\"text-align: justify;\"><span style=\"color: #000000;\">Al\u00e9m disso, na hora de renegociar as d\u00edvidas dos estados e munic\u00edpios, <strong>o governo do PT exigiu, em 2016 (h\u00e1 poucas semanas), por meio do PLC 257\/16,\u00a0que<\/strong> <strong>os estados e munic\u00edpios\u00a0n\u00e3o contratassem servidores\u00a0por 02 anos e ainda n\u00e3o concedessem aumentos acima da infla\u00e7\u00e3o nesse per\u00edodo<\/strong> (<a href=\"http:\/\/goo.gl\/WxBdwO\" target=\"_blank\">http:\/\/goo.gl\/WxBdwO<\/a>). Essa novela ainda est\u00e1 em andamento e o abacaxi, agora, est\u00e1\u00a0no colo do novo governo.<\/span><\/p>\n<p style=\"text-align: justify;\"><span style=\"color: #000000;\">Ent\u00e3o, veja que, se o PT continuasse, a situa\u00e7\u00e3o seria (continuaria) cr\u00edtica. Os concursos federais j\u00e1 estavam suspensos. E o governo federal estava cobrando dos estados e munic\u00edpios que estes deixassem de contratar por 2 anos, caso contr\u00e1rio, suas d\u00edvidas n\u00e3o seriam renegociadas.<\/span><\/p>\n<p style=\"text-align: justify;\"><span style=\"color: #000000;\"><strong>(2) SITUA\u00c7\u00c3O ATUAL<\/strong><\/span><\/p>\n<p style=\"text-align: justify;\"><span style=\"color: #000000;\">A situa\u00e7\u00e3o atual das contas p\u00fablicas \u00e9 delicad\u00edssima. Em 2014, tivemos o maior d\u00e9ficit da hist\u00f3ria at\u00e9 aquele ano (a s\u00e9rie de d\u00e9ficit\/super\u00e1vit prim\u00e1rio come\u00e7ou a ser medida em 2001 pelo Banco Central). Em 2015, superamos o mau resultado de 2014. E h\u00e1 possibilidade de 2016 superar o mau resultado de 2015.<\/span><\/p>\n<p style=\"text-align: justify;\"><span style=\"color: #000000;\">Observe abaixo a evolu\u00e7\u00e3o do resultado das contas p\u00fablicas:<\/span><\/p>\n<div id=\"attachment_38965\" style=\"width: 630px\" class=\"wp-caption aligncenter\"><a href=\"https:\/\/dhg1h5j42swfq.cloudfront.net\/2016\/05\/13081620\/evolucao-contas-publicas-brasil1.jpg\" rel=\"attachment wp-att-38965\"><img loading=\"lazy\" decoding=\"async\" aria-describedby=\"caption-attachment-38965\" class=\"size-full wp-image-38965\" src=\"https:\/\/dhg1h5j42swfq.cloudfront.net\/2016\/05\/13081620\/evolucao-contas-publicas-brasil1.jpg\" alt=\"Evolu\u00e7\u00e3o das contas p\u00fablicas no Brasil\" width=\"620\" height=\"767\" srcset=\"https:\/\/dhg1h5j42swfq.cloudfront.net\/2016\/05\/13081620\/evolucao-contas-publicas-brasil1.jpg 620w, https:\/\/dhg1h5j42swfq.cloudfront.net\/2016\/05\/13081620\/evolucao-contas-publicas-brasil1.jpg 243w\" sizes=\"auto, (max-width: 620px) 100vw, 620px\" \/><\/a><p id=\"caption-attachment-38965\" class=\"wp-caption-text\">Evolu\u00e7\u00e3o das contas p\u00fablicas no Brasil<\/p><\/div>\n<p style=\"text-align: justify;\"><span style=\"color: #000000;\">Perceba que entramos ladeira a baixo nos \u00faltimos 02 anos e as fraudes fiscais realizadas pelo governo (pedaladas fiscais, opera\u00e7\u00f5es de cr\u00e9dito proibidas com bancos estatais, contabilidade criativa) fizeram com que os resultados da m\u00e1 gest\u00e3o or\u00e7ament\u00e1ria aparecessem de forma mais intensa depois das elei\u00e7\u00f5es.<\/span><\/p>\n<p style=\"text-align: justify;\"><span style=\"color: #000000;\">Nos estados e munic\u00edpios, a situa\u00e7\u00e3o tamb\u00e9m \u00e9 cr\u00edtica, principalmente nos primeiros.<\/span><\/p>\n<p style=\"text-align: justify;\"><span style=\"color: #000000;\">Dos 27 estados da federa\u00e7\u00e3o, 20 ultrapassaram limites de gastos com pessoal impostos pela Lei de Responsabilidade Fiscal (<a href=\"http:\/\/goo.gl\/GQzoqD\" target=\"_blank\">http:\/\/goo.gl\/GQzoqD<\/a>).<\/span><\/p>\n<p style=\"text-align: justify;\"><span style=\"color: #000000;\">A partir de agora, entraremos uma fase onde os estados ter\u00e3o dificuldade at\u00e9 em pagar os servidores ativos. Isto j\u00e1 acontece em v\u00e1rios locais, como no<\/span> <a href=\"http:\/\/g1.globo.com\/rio-de-janeiro\/noticia\/2016\/05\/governo-do-rj-promete-pagar-nesta-sexta-o-salario-de-abril.html\" target=\"_blank\">Rio de Janeiro<\/a>.<\/p>\n<p style=\"text-align: justify;\"><span style=\"color: #000000;\">Nos pr\u00f3ximos meses, infelizmente, assistiremos a muitos estados atrasando sal\u00e1rios de servidores (isso j\u00e1 est\u00e1 acontecendo em alguns estados).\u00a0Numa situa\u00e7\u00e3o como essas, naturalmente, n\u00e3o sobra muito espa\u00e7o para falar em concursos p\u00fablicos, seja em n\u00edvel federal, estadual ou municipal.<\/span><\/p>\n<p style=\"text-align: justify;\"><span style=\"color: #000000;\">Esse \u00e9 o progn\u00f3stico <strong>dos fatos<\/strong>. At\u00e9 agora, n\u00e3o emiti nenhuma opini\u00e3o. Apenas relatei fatos. A partir de agora, v\u00eam algumas opini\u00f5es ;-)<\/span><\/p>\n<p style=\"text-align: justify;\"><span style=\"color: #000000;\"><strong>(3) COMO O GOVERNO TEMER ESPERA RESOLVER A SITUA\u00c7\u00c3O E QUANTO TEMPO ISSO VAI DEMORAR?<\/strong><\/span><\/p>\n<p style=\"text-align: justify;\"><span style=\"color: #000000;\">A pol\u00edtica de concursos depende da volta do crescimento econ\u00f4mico. Quanto mais r\u00e1pido isso acontecer, mais r\u00e1pido a arrecada\u00e7\u00e3o voltar\u00e1 a aumentar, e o pa\u00eds sair\u00e1 do vermelho. Se o governo Michel Temer fizer as reformas necess\u00e1rias e cortar gastos, \u00e9 poss\u00edvel que o Brasil tenha crescimento pr\u00f3ximo de 0% em 2017 e j\u00e1 volte a crescer de forma pujante em 2018.<\/span><\/p>\n<p style=\"text-align: justify;\"><span style=\"color: #000000;\">E quando digo cortar gastos, falo em um <strong>m\u00ednimo<\/strong> de R$ 100 bilh\u00f5es de cortes. E isso somado a alguma reforma que alivie os gastos no futuro (como uma minirreforma da previd\u00eancia, por exemplo).<\/span><\/p>\n<p style=\"text-align: justify;\"><span style=\"color: #000000;\">Com isso, poder\u00edamos ter alguns concursos mais urgentes sendo realizados em 2017, e outros menos urgentes em 2018. \u00c9 a minha vis\u00e3o. <strong>Quanto mais intenso for o corte de gastos agora, mais rapidamente o pa\u00eds tem chance de voltar a crescer, e mais rapidamente os concursos podem voltar<\/strong>.<\/span><\/p>\n<p style=\"text-align: justify;\"><span style=\"color: #000000;\">Se n\u00e3o tivermos um ajuste fiscal intenso agora, o pa\u00eds n\u00e3o sair\u00e1 do buraco t\u00e3o cedo. Ser\u00e1 pior. Quando uma empresa passa por uma crise onde as vendas inevitavelmente caem, \u00e9 necess\u00e1rio apertar os cintos e reduzir os gastos. Ou \u00e9 isso, ou a fal\u00eancia. No setor p\u00fablico, governos n\u00e3o v\u00e3o \u00e0 fal\u00eancia. Eles enviam a conta para os cidad\u00e3os.<\/span><\/p>\n<p style=\"text-align: justify;\"><span style=\"color: #000000;\">Uma das formas pela qual essa conta \u00e9 repassada para os cidad\u00e3os \u00e9 a <strong>infla\u00e7\u00e3o<\/strong>. Por diversas formas, o governo se beneficia da infla\u00e7\u00e3o. As contas p\u00fablicas ficam mais f\u00e1ceis de serem fechadas quando temos infla\u00e7\u00e3o. Em Finan\u00e7as P\u00fablicas, temos at\u00e9 um termo chamado &#8220;imposto inflacion\u00e1rio&#8221; (em alus\u00e3o \u00e0 arrecada\u00e7\u00e3o indireta do governo decorrente da infla\u00e7\u00e3o). N\u00e3o quero aqui explicar como isso ocorre, pois n\u00e3o \u00e9 objetivo deste artigo.<\/span><\/p>\n<p style=\"text-align: justify;\"><span style=\"color: #000000;\">Mas \u00e9 importante entender que essa pol\u00edtica de d\u00e9ficits tem impactos negativos no dia-a-dia do cidad\u00e3o comum, que sofre com o aumento de pre\u00e7os. De todos os impostos, a infla\u00e7\u00e3o \u00e9 o mais cruel. \u00c9 o imposto dos pobres. S\u00e3o eles que mais sofrem\u00a0com o aumento paulatino dos pre\u00e7os sobre os alimentos, vestu\u00e1rio, servi\u00e7os, etc. Eles assistem gradativamente ao seu poder de compra sendo corro\u00eddo.<\/span><\/p>\n<p style=\"text-align: justify;\"><span style=\"color: #000000;\">Ao mesmo tempo em que esses d\u00e9ficits nas contas causam infla\u00e7\u00e3o, eles atrapalham\u00a0a sua vida de concurseiro, pelas raz\u00f5es j\u00e1 citadas no in\u00edcio do texto. E tamb\u00e9m atrapalham a vida do servidor ativo, uma vez que ele ter\u00e1 aumentos salariais quase sempre inferiores \u00e0 infla\u00e7\u00e3o. Ou seja, a infla\u00e7\u00e3o torna o pobre mais pobre. Torna o servidor p\u00fablico ativo mais pobre. E\u00a0faz com que a situa\u00e7\u00e3o dos concursos fique (ainda) mais inst\u00e1vel. E, no Brasil, a causa dessa infla\u00e7\u00e3o \u00e9, invariavelmente, o d\u00e9ficit p\u00fablico. Como eu disse, quando o governo quebra, ele envia a conta para os cidad\u00e3os.<\/span><\/p>\n<p style=\"text-align: justify;\"><span style=\"color: #000000;\">Bom &#8230; e o governo Temer? Qual a possibilidade de ele conseguir controlar os gastos e reduzir o d\u00e9ficit?<\/span><\/p>\n<p style=\"text-align: justify;\"><span style=\"color: #000000;\">Acho que a possibilidade \u00e9 boa. O ministro da Fazenda (Henrique Meirelles) participou de um intenso ajuste fiscal em 2003, no primeiro governo Lula. Na \u00e9poca, foi feito um ajuste fiscal de R$ 86 bilh\u00f5es (corrigindo para valores atuais, isso corresponderia a quase\u00a0R$ 200 bilh\u00f5es) e Henrique Meirelles era o presidente do Banco Central. Nos anos seguintes, o pa\u00eds cresceu, as contas p\u00fablicas tiveram fortes super\u00e1vits e come\u00e7amos a ter muitas contrata\u00e7\u00f5es na administra\u00e7\u00e3o p\u00fablica. \u00c9 bem verdade que as condi\u00e7\u00f5es externas foram muito favor\u00e1veis ao Brasil, mas o governo ajudou. Fez um ajuste de contas necess\u00e1rio.<\/span><\/p>\n<p style=\"text-align: justify;\"><span style=\"color: #000000;\">Mas ser\u00e1 que\u00a0esse ministro que participou desse ajuste no governo Lula conseguir\u00e1 comandar\u00a0o mesmo ajuste no governo Temer? Eu acredito que sim.<\/span><\/p>\n<p style=\"text-align: justify;\"><span style=\"color: #000000;\">Baseado em qu\u00ea, eu digo isso?<\/span><\/p>\n<p style=\"text-align: justify;\"><span style=\"color: #000000;\">Ora, baseado na equipe t\u00e9cnica\u00a0que ele est\u00e1 montando e no fato de que o governo, ao contr\u00e1rio dos deslumbrados que a Dilma colocava na equipe econ\u00f4mica (que diziam que estava tudo muito bom), a\u00a0equipe do Temer (pelos nomes que est\u00e3o sendo citados) est\u00e1 ciente da atual situa\u00e7\u00e3o fiscal do Brasil. O primeiro passo para\u00a0consertar um problema \u00e9 admitir\u00a0que esse problema existe. Adicionalmente,\u00a0Michel Temer contar\u00e1 com uma boa base no Congresso para aprovar reformas. Isso tamb\u00e9m ajuda.<\/span><\/p>\n<p style=\"text-align: justify;\"><span style=\"color: #000000;\"><strong>(4) CONCURSOS P\u00daBLICOS EM AJUSTES FISCAIS PASSADOS<\/strong><\/span><\/p>\n<p style=\"text-align: justify;\"><span style=\"color: #000000;\">Os ajustes fiscais mais intensos pelos quais o Brasil j\u00e1 passou nos anos recentes foram aqueles realizados em 1993 e em 2003. O primeiro foi um pr\u00e9-requisito para o Plano Real. O segundo foi uma resposta \u00e0s desconfian\u00e7as do mercado frente ao primeiro governo Lula e frente \u00e0 deteriora\u00e7\u00e3o dos fundamentos macroecon\u00f4micos a partir do segundo semestre de 2002 (a infla\u00e7\u00e3o anual em 2002 passou dos 12%).<\/span><\/p>\n<p style=\"text-align: justify;\"><span style=\"color: #000000;\">O ajuste de 1993 foi de US$ 22 bilh\u00f5es, ou R$ 77 bilh\u00f5es. Corrigindo para valores atuais, chegamos <strong>a quase R$ 350 bilh\u00f5es<\/strong>.<\/span><\/p>\n<p style=\"text-align: justify;\"><span style=\"color: #000000;\">O ajuste de 2003 chegou a quase <strong>R$ 200 bilh\u00f5es<\/strong>.<\/span><\/p>\n<p style=\"text-align: justify;\"><span style=\"color: #000000;\">Eu procurei saber o n\u00famero exato de contrata\u00e7\u00f5es de servidores que se seguiram nos anos seguintes a esses ajustes fiscais. No governo FHC, ainda n\u00e3o havia um sistema de informa\u00e7\u00f5es robusto como hoje (est\u00e1vamos ainda no in\u00edcio da era da internet, por exemplo). Segundo o site &#8220;Contas Abertas&#8221; (<a href=\"http:\/\/goo.gl\/4hudp6\" target=\"_blank\">http:\/\/goo.gl\/4hudp6<\/a>),<strong> houve a contrata\u00e7\u00e3o de 50.000 servidores entre os anos 1995 e 1999.<\/strong><\/span><\/p>\n<p style=\"text-align: justify;\"><span style=\"color: #000000;\">J\u00e1 nos 05 primeiros anos do governo Lula, houve a <strong>contrata\u00e7\u00e3o de 69.800 servidores entre os anos de 2003 a 2007<\/strong>.<\/span><\/p>\n<p style=\"text-align: justify;\"><span style=\"color: #000000;\">Ent\u00e3o, observe que, mesmo sob ajustes\u00a0fiscais severos, em 1993 e 2003, a Administra\u00e7\u00e3o P\u00fablica ainda contratou um bom n\u00famero de servidores. Seguem outros casos de ajustes fiscais:<\/span><\/p>\n<p style=\"text-align: justify;\"><span style=\"color: #000000;\">Em 2009, tamb\u00e9m tivemos um ajuste fiscal com direito a suspens\u00e3o dos concursos e tudo mais:<\/span><\/p>\n<div id=\"attachment_38976\" style=\"width: 716px\" class=\"wp-caption aligncenter\"><a href=\"https:\/\/dhg1h5j42swfq.cloudfront.net\/2016\/05\/13114143\/Captura-de-Tela-2016-05-13-a%CC%80s-11.41.00.png\" rel=\"attachment wp-att-38976\"><img loading=\"lazy\" decoding=\"async\" aria-describedby=\"caption-attachment-38976\" class=\"size-full wp-image-38976\" src=\"https:\/\/dhg1h5j42swfq.cloudfront.net\/2016\/05\/13114143\/Captura-de-Tela-2016-05-13-a%CC%80s-11.41.00.png\" alt=\"Suspens\u00e3o dos concursos em 2009\" width=\"706\" height=\"706\" srcset=\"https:\/\/dhg1h5j42swfq.cloudfront.net\/2016\/05\/13114143\/Captura-de-Tela-2016-05-13-a%CC%80s-11.41.00.png 706w, https:\/\/dhg1h5j42swfq.cloudfront.net\/2016\/05\/13114143\/Captura-de-Tela-2016-05-13-a%CC%80s-11.41.00.png 150w, https:\/\/dhg1h5j42swfq.cloudfront.net\/2016\/05\/13114143\/Captura-de-Tela-2016-05-13-a%CC%80s-11.41.00.png 300w\" sizes=\"auto, (max-width: 706px) 100vw, 706px\" \/><\/a><p id=\"caption-attachment-38976\" class=\"wp-caption-text\">Suspens\u00e3o dos concursos em 2009<\/p><\/div>\n<p style=\"text-align: justify;\"><span style=\"color: #000000;\">No entanto, no ano seguinte, em 2010, foram contratados <strong>mais de 36.000 novos servidores<\/strong>.<\/span><\/p>\n<p style=\"text-align: justify;\"><span style=\"color: #000000;\">Em 2011, tamb\u00e9m houve suspens\u00e3o dos concursos devido a um ajuste fiscal:<\/span><\/p>\n<div id=\"attachment_38977\" style=\"width: 594px\" class=\"wp-caption aligncenter\"><a href=\"https:\/\/dhg1h5j42swfq.cloudfront.net\/2016\/05\/13114437\/Captura-de-Tela-2016-05-13-a%CC%80s-11.44.08.png\" rel=\"attachment wp-att-38977\"><img loading=\"lazy\" decoding=\"async\" aria-describedby=\"caption-attachment-38977\" class=\"size-large wp-image-38977\" src=\"https:\/\/dhg1h5j42swfq.cloudfront.net\/2016\/05\/13114437\/Captura-de-Tela-2016-05-13-a%CC%80s-11.44.08.png\" alt=\"Suspens\u00e3o dos concursos em 2011\" width=\"584\" height=\"486\" srcset=\"https:\/\/dhg1h5j42swfq.cloudfront.net\/2016\/05\/13114437\/Captura-de-Tela-2016-05-13-a%CC%80s-11.44.08.png 1090w, https:\/\/dhg1h5j42swfq.cloudfront.net\/2016\/05\/13114437\/Captura-de-Tela-2016-05-13-a%CC%80s-11.44.08.png 300w, https:\/\/dhg1h5j42swfq.cloudfront.net\/2016\/05\/13114437\/Captura-de-Tela-2016-05-13-a%CC%80s-11.44.08.png 768w, https:\/\/dhg1h5j42swfq.cloudfront.net\/2016\/05\/13114437\/Captura-de-Tela-2016-05-13-a%CC%80s-11.44.08.png 1024w, https:\/\/dhg1h5j42swfq.cloudfront.net\/2016\/05\/13114437\/Captura-de-Tela-2016-05-13-a%CC%80s-11.44.08.png 360w\" sizes=\"auto, (max-width: 584px) 100vw, 584px\" \/><\/a><p id=\"caption-attachment-38977\" class=\"wp-caption-text\">Suspens\u00e3o dos concursos em 2011<\/p><\/div>\n<p style=\"text-align: justify;\"><span style=\"color: #000000;\">No ano seguinte, em 2012, foram contratados <strong>mais de 20.000 novos servidores<\/strong>.<\/span><\/p>\n<p style=\"text-align: justify;\"><span style=\"color: #000000;\"><strong>(5) O QUE VOC\u00ca DEVE FAZER<\/strong><\/span><\/p>\n<p style=\"text-align: justify;\"><span style=\"color: #000000;\">Conforme voc\u00ea viu, o ajuste fiscal diminui, mas n\u00e3o &#8220;acaba&#8221; com os concursos. E mais: se voc\u00ea aproveitar essa pausa \/ suspens\u00e3o para estudar para o concurso dos seus sonhos (em vez de ficar fazendo todo concurso que sai), voc\u00ea conseguir\u00e1 estudar com mais qualidade e ter\u00e1 mais chances de passar quando seu concurso sair.<\/span><\/p>\n<p style=\"text-align: justify;\"><span style=\"color: #000000;\">Mas, para isso, \u00e9 necess\u00e1rio ter sangue frio. Nos pr\u00f3ximos meses, <strong>voc\u00ea ser\u00e1 bombardeado por\u00a0not\u00edcias ruins (cujos temas s\u00e3o redu\u00e7\u00e3o de gastos e suspens\u00e3o dos concursos)<\/strong>. Mas voc\u00ea precisa pensar que:<\/span><\/p>\n<p style=\"text-align: justify;\"><span style=\"color: #000000;\">(a) essa redu\u00e7\u00e3o de gastos \u00e9 <strong>necess\u00e1ria<\/strong> para tirar o pa\u00eds do atoleiro e, consequentemente, o Estado ter as contas p\u00fablicas superavit\u00e1rias para contratar (e pagar) seus servidores;<\/span><\/p>\n<p style=\"text-align: justify;\"><span style=\"color: #000000;\">(b) uma hora o edital do seu concurso vai sair. <strong>Pode demorar um pouco mais, mas uma hora o edital\u00a0sai<\/strong>. E voc\u00ea deve aproveitar que seus concorrentes estar\u00e3o desmotivados com essa hist\u00f3ria de crise para estudar e se diferenciar.<\/span><\/p>\n<p style=\"text-align: justify;\"><span style=\"color: #000000;\">No item passado, n\u00f3s j\u00e1 mostramos que, sim, h\u00e1 contrata\u00e7\u00f5es mesmo com ajustes fiscais intensos. Isso pode ser comprovado olhando-se para tr\u00e1s, e observando os ajustes mais intensos por que j\u00e1 passamos (1993 e 2003).<\/span><\/p>\n<p style=\"text-align: justify;\"><span style=\"color: #000000;\">Adicionalmente, \u00e9 preciso ressaltar que existem nichos de concursos que podem ter at\u00e9 mesmo aumento de contrata\u00e7\u00f5es. Isso pode ocorrer pela necessidade ou pelo poder ou influ\u00eancia que determinada categoria possui perante o governo. Quer um exemplo?<\/span><\/p>\n<p style=\"text-align: justify;\"><span style=\"color: #000000;\">Peguemos o concurso da Receita Federal. O per\u00edodo com o maior n\u00famero de contrata\u00e7\u00f5es do \u00f3rg\u00e3o foi justamente no p\u00f3s-ajuste fiscal de 1993. Entre 1994 e 1998, houve concursos para Auditor Fiscal da Receita Federal ofertando, no total, 3.000 vagas. Isso numa \u00e9poca de grande arrocho fiscal.<\/span><\/p>\n<p style=\"text-align: justify;\"><span style=\"color: #000000;\">Segue a tabela, retirada do pr\u00f3prio site da Receita Federal (<a href=\"http:\/\/goo.gl\/N7muSc\" target=\"_blank\">http:\/\/goo.gl\/N7muSc<\/a>):<\/span><\/p>\n<div id=\"attachment_38978\" style=\"width: 594px\" class=\"wp-caption aligncenter\"><a href=\"https:\/\/dhg1h5j42swfq.cloudfront.net\/2016\/05\/13115626\/Captura-de-Tela-2016-05-13-a%CC%80s-11.55.19.png\" rel=\"attachment wp-att-38978\"><img loading=\"lazy\" decoding=\"async\" aria-describedby=\"caption-attachment-38978\" class=\"size-large wp-image-38978\" src=\"https:\/\/dhg1h5j42swfq.cloudfront.net\/2016\/05\/13115626\/Captura-de-Tela-2016-05-13-a%CC%80s-11.55.19.png\" alt=\"Concursos Receita Federal p\u00f3s ajuste fiscal\" width=\"584\" height=\"449\" srcset=\"https:\/\/dhg1h5j42swfq.cloudfront.net\/2016\/05\/13115626\/Captura-de-Tela-2016-05-13-a%CC%80s-11.55.19.png 1056w, https:\/\/dhg1h5j42swfq.cloudfront.net\/2016\/05\/13115626\/Captura-de-Tela-2016-05-13-a%CC%80s-11.55.19.png 300w, https:\/\/dhg1h5j42swfq.cloudfront.net\/2016\/05\/13115626\/Captura-de-Tela-2016-05-13-a%CC%80s-11.55.19.png 768w, https:\/\/dhg1h5j42swfq.cloudfront.net\/2016\/05\/13115626\/Captura-de-Tela-2016-05-13-a%CC%80s-11.55.19.png 1024w, https:\/\/dhg1h5j42swfq.cloudfront.net\/2016\/05\/13115626\/Captura-de-Tela-2016-05-13-a%CC%80s-11.55.19.png 390w\" sizes=\"auto, (max-width: 584px) 100vw, 584px\" \/><\/a><p id=\"caption-attachment-38978\" class=\"wp-caption-text\">Concursos Receita Federal p\u00f3s ajuste fiscal 1993<\/p><\/div>\n<p style=\"text-align: justify;\"><span style=\"color: #000000;\">Tamb\u00e9m foi <strong>em 2005<\/strong> que tivemos um concurso para 1.000 vagas (Auditor Fiscal) e 1.820 vagas (Analista Tribut\u00e1rio). Isso porque <strong>em 2003<\/strong> j\u00e1 tinha havido um concurso para 450 vagas (Auditor Fiscal).<\/span><\/p>\n<p style=\"text-align: justify;\"><span style=\"color: #000000;\">Ou seja, quem estava estudando para o concurso da Receita Federal e se desmotivou na \u00e9poca perdeu \u00f3timas oportunidades. \u00c9 claro que, nessas \u00e9pocas, houve (haver\u00e1) algumas carreiras que ficaram (ficar\u00e3o) um tempo maior sem concurso. Mas, repito, uma hora o seu concurso vai sair. <strong>E voc\u00ea tem que estar preparado<\/strong>.<\/span><\/p>\n<p style=\"text-align: justify;\"><span style=\"color: #000000;\"><strong>Esteja mais preocupado em se preparar para o concurso do que com o concurso em si<\/strong>. Como diz o t\u00e9cnico Bernardinho: &#8220;a vontade de se preparar tem que ser maior que a vontade de vencer. Vencer ser\u00e1 consequ\u00eancia da boa prepara\u00e7\u00e3o.&#8221;<\/span><\/p>\n<p style=\"text-align: justify;\"><span style=\"color: #000000;\">Fa\u00e7a a sua parte e estude como se o seu concurso fosse sair daqui alguns meses. Se o concurso sair, \u00f3timo. Se n\u00e3o sair, n\u00e3o importa, continue estudando como se o concurso fosse sair daqui alguns meses.<\/span><\/p>\n<p><span style=\"color: #000000;\">\u00c9 f\u00e1cil?<\/span><\/p>\n<p><span style=\"color: #000000;\">N\u00e3o!<\/span><\/p>\n<p style=\"text-align: justify;\"><span style=\"color: #000000;\">Mas \u00e9 assim que voc\u00ea deve pensar, caso queira passar no concurso (quando ele sair) e se tornar servidor p\u00fablico.\u00a0Em um momento como esse, \u00e9 importante voc\u00ea proteger sua motiva\u00e7\u00e3o, mantendo consist\u00eancia em seus estudos.<\/span><\/p>\n<p style=\"text-align: justify;\"><span style=\"color: #000000;\">Se voc\u00ea tem dificuldade em Exatas, \u00e9 uma boa \u00e9poca para superar isso. Se voc\u00ea tem dificuldade em Portugu\u00eas, \u00e9 uma boa oportunidade para superar isso. Se o seu concurso cobra 20 mat\u00e9rias, \u00f3timo. Voc\u00ea ter\u00e1 mais tempo para estudar. Pense dessa maneira. Proteja sua motiva\u00e7\u00e3o e bons estudos.<\/span><\/p>\n<p style=\"text-align: justify;\"><span style=\"color: #000000;\">Conforme n\u00f3s vimos acima, sempre haver\u00e1 concursos. Eles podem demorar 1 ou 2 anos a mais para sair, mas, uma hora, eles saem.<\/span><\/p>\n<p style=\"text-align: justify;\"><span style=\"color: #000000;\">Abra\u00e7o,<\/span><\/p>\n<p style=\"text-align: justify;\"><span style=\"color: #000000;\">Heber Carvalho<\/span><\/p>\n<p style=\"text-align: justify;\"><a href=\"https:\/\/www.estrategiaconcursos.com.br\/cursos\/\">Cursos preparat\u00f3rios para Concursos<\/a><\/p>\n","protected":false},"excerpt":{"rendered":"<p>Ol\u00e1 pessoal, tudo bem?! Ontem,\u00a0assumiu um novo governo e meu objetivo \u00e9 conversar com voc\u00eas sobre as\u00a0perspectivas para os concursos p\u00fablicos a partir de agora. Exatamente da mesma forma que ocorreu na \u00e9poca das elei\u00e7\u00f5es em 2014, temos\u00a0visto muito terrorismo\u00a0sobre a quest\u00e3o dos concursos p\u00fablicos e do novo governo. Veja essa not\u00edcia de 2014, do [&hellip;]<\/p>\n","protected":false},"author":13,"featured_media":0,"comment_status":"open","ping_status":"open","sticky":false,"template":"","format":"standard","meta":{"post_tipo":"article","footnotes":""},"categories":[1],"tags":[1757,752,989,1756],"tax_estado":[],"class_list":["post-38957","post","type-post","status-publish","format-standard","hentry","category-cursos-e-concursos","tag-michel-temer","tag-suspensao","tag-suspensao-dos-concursos","tag-temer"],"acf":[],"yoast_head":"<!-- This site is optimized with the Yoast SEO Premium plugin v27.2 (Yoast SEO v27.2) - https:\/\/yoast.com\/product\/yoast-seo-premium-wordpress\/ -->\n<title>Como ficar\u00e3o os concursos no governo Michel Temer?<\/title>\n<meta name=\"description\" content=\"Confira este artigo e confira como poder\u00e1 ficar a situa\u00e7\u00e3o dos concursos no governo Michel Temer\" \/>\n<meta name=\"robots\" content=\"index, follow, max-snippet:-1, max-image-preview:large, max-video-preview:-1\" \/>\n<link rel=\"canonical\" href=\"https:\/\/www.estrategiaconcursos.com.br\/blog\/o-governo-vai-reduzir-gastos-como-ficam-os-concursos-no-governo-michel-temer\/\" \/>\n<meta property=\"og:locale\" content=\"pt_BR\" \/>\n<meta property=\"og:type\" content=\"article\" \/>\n<meta property=\"og:title\" content=\"O governo vai reduzir gastos. Como ficar\u00e3o os concursos no governo Michel Temer?\" \/>\n<meta property=\"og:description\" content=\"Confira este artigo e confira como poder\u00e1 ficar a situa\u00e7\u00e3o dos concursos no governo Michel Temer\" \/>\n<meta property=\"og:url\" content=\"https:\/\/www.estrategiaconcursos.com.br\/blog\/o-governo-vai-reduzir-gastos-como-ficam-os-concursos-no-governo-michel-temer\/\" \/>\n<meta property=\"og:site_name\" content=\"Estrat\u00e9gia Concursos\" \/>\n<meta property=\"article:author\" content=\"https:\/\/www.facebook.com\/heber.economia\" \/>\n<meta property=\"article:published_time\" content=\"2016-05-13T16:04:03+00:00\" \/>\n<meta property=\"article:modified_time\" content=\"2016-12-07T20:20:58+00:00\" \/>\n<meta property=\"og:image\" content=\"https:\/\/www.estrategiaconcursos.com.br\/blog\/wp-content\/uploads\/2016\/05\/aarrecadacao_2015.png\" \/>\n<meta name=\"author\" content=\"Heber Carvalho\" \/>\n<meta name=\"twitter:card\" content=\"summary_large_image\" \/>\n<meta name=\"twitter:creator\" content=\"@https:\/\/twitter.com\/EstratConcursos\" \/>\n<meta name=\"twitter:site\" content=\"@EstratConcursos\" \/>\n<meta name=\"twitter:label1\" content=\"Escrito por\" \/>\n\t<meta name=\"twitter:data1\" content=\"Heber Carvalho\" \/>\n\t<meta name=\"twitter:label2\" content=\"Est. tempo de leitura\" \/>\n\t<meta name=\"twitter:data2\" content=\"16 minutos\" \/>\n<script type=\"application\/ld+json\" class=\"yoast-schema-graph\">{\"@context\":\"https:\/\/schema.org\",\"@graph\":[{\"@type\":\"NewsArticle\",\"@id\":\"https:\/\/www.estrategiaconcursos.com.br\/blog\/o-governo-vai-reduzir-gastos-como-ficam-os-concursos-no-governo-michel-temer\/#article\",\"isPartOf\":{\"@id\":\"https:\/\/www.estrategiaconcursos.com.br\/blog\/o-governo-vai-reduzir-gastos-como-ficam-os-concursos-no-governo-michel-temer\/\"},\"author\":{\"name\":\"Heber Carvalho\",\"@id\":\"https:\/\/www.estrategiaconcursos.com.br\/blog\/#\/schema\/person\/555176e5fb81029706226eaf88b58f77\"},\"headline\":\"O governo vai reduzir gastos. Como ficar\u00e3o os concursos no governo Michel Temer?\",\"datePublished\":\"2016-05-13T16:04:03+00:00\",\"dateModified\":\"2016-12-07T20:20:58+00:00\",\"mainEntityOfPage\":{\"@id\":\"https:\/\/www.estrategiaconcursos.com.br\/blog\/o-governo-vai-reduzir-gastos-como-ficam-os-concursos-no-governo-michel-temer\/\"},\"wordCount\":3230,\"commentCount\":442,\"publisher\":{\"@id\":\"https:\/\/www.estrategiaconcursos.com.br\/blog\/#organization\"},\"image\":{\"@id\":\"https:\/\/www.estrategiaconcursos.com.br\/blog\/o-governo-vai-reduzir-gastos-como-ficam-os-concursos-no-governo-michel-temer\/#primaryimage\"},\"thumbnailUrl\":\"https:\/\/www.estrategiaconcursos.com.br\/blog\/wp-content\/uploads\/2016\/05\/aarrecadacao_2015.png\",\"keywords\":[\"michel temer\",\"Suspens\u00e3o\",\"Suspens\u00e3o dos Concursos\",\"temer\"],\"articleSection\":[\"Concursos P\u00fablicos\"],\"inLanguage\":\"pt-BR\",\"potentialAction\":[{\"@type\":\"CommentAction\",\"name\":\"Comment\",\"target\":[\"https:\/\/www.estrategiaconcursos.com.br\/blog\/o-governo-vai-reduzir-gastos-como-ficam-os-concursos-no-governo-michel-temer\/#respond\"]}],\"copyrightYear\":\"2016\",\"copyrightHolder\":{\"@id\":\"https:\/\/www.estrategiaconcursos.com.br\/blog\/#organization\"}},{\"@type\":\"WebPage\",\"@id\":\"https:\/\/www.estrategiaconcursos.com.br\/blog\/o-governo-vai-reduzir-gastos-como-ficam-os-concursos-no-governo-michel-temer\/\",\"url\":\"https:\/\/www.estrategiaconcursos.com.br\/blog\/o-governo-vai-reduzir-gastos-como-ficam-os-concursos-no-governo-michel-temer\/\",\"name\":\"Como ficar\u00e3o os concursos no governo Michel Temer?\",\"isPartOf\":{\"@id\":\"https:\/\/www.estrategiaconcursos.com.br\/blog\/#website\"},\"primaryImageOfPage\":{\"@id\":\"https:\/\/www.estrategiaconcursos.com.br\/blog\/o-governo-vai-reduzir-gastos-como-ficam-os-concursos-no-governo-michel-temer\/#primaryimage\"},\"image\":{\"@id\":\"https:\/\/www.estrategiaconcursos.com.br\/blog\/o-governo-vai-reduzir-gastos-como-ficam-os-concursos-no-governo-michel-temer\/#primaryimage\"},\"thumbnailUrl\":\"https:\/\/www.estrategiaconcursos.com.br\/blog\/wp-content\/uploads\/2016\/05\/aarrecadacao_2015.png\",\"datePublished\":\"2016-05-13T16:04:03+00:00\",\"dateModified\":\"2016-12-07T20:20:58+00:00\",\"description\":\"Confira este artigo e confira como poder\u00e1 ficar a situa\u00e7\u00e3o dos concursos no governo Michel Temer\",\"breadcrumb\":{\"@id\":\"https:\/\/www.estrategiaconcursos.com.br\/blog\/o-governo-vai-reduzir-gastos-como-ficam-os-concursos-no-governo-michel-temer\/#breadcrumb\"},\"inLanguage\":\"pt-BR\",\"potentialAction\":[{\"@type\":\"ReadAction\",\"target\":[\"https:\/\/www.estrategiaconcursos.com.br\/blog\/o-governo-vai-reduzir-gastos-como-ficam-os-concursos-no-governo-michel-temer\/\"]}]},{\"@type\":\"ImageObject\",\"inLanguage\":\"pt-BR\",\"@id\":\"https:\/\/www.estrategiaconcursos.com.br\/blog\/o-governo-vai-reduzir-gastos-como-ficam-os-concursos-no-governo-michel-temer\/#primaryimage\",\"url\":\"https:\/\/dhg1h5j42swfq.cloudfront.net\/2016\/05\/13022447\/aarrecadacao_2015.png\",\"contentUrl\":\"https:\/\/dhg1h5j42swfq.cloudfront.net\/2016\/05\/13022447\/aarrecadacao_2015.png\",\"width\":580,\"height\":340,\"caption\":\"Arrecada\u00e7\u00e3o federal\"},{\"@type\":\"BreadcrumbList\",\"@id\":\"https:\/\/www.estrategiaconcursos.com.br\/blog\/o-governo-vai-reduzir-gastos-como-ficam-os-concursos-no-governo-michel-temer\/#breadcrumb\",\"itemListElement\":[{\"@type\":\"ListItem\",\"position\":1,\"name\":\"In\u00edcio\",\"item\":\"https:\/\/www.estrategiaconcursos.com.br\/blog\/\"},{\"@type\":\"ListItem\",\"position\":2,\"name\":\"O governo vai reduzir gastos. Como ficar\u00e3o os concursos no governo Michel Temer?\"}]},{\"@type\":\"WebSite\",\"@id\":\"https:\/\/www.estrategiaconcursos.com.br\/blog\/#website\",\"url\":\"https:\/\/www.estrategiaconcursos.com.br\/blog\/\",\"name\":\"Estrat\u00e9gia Concursos\",\"description\":\"O blog da Estrat\u00e9gia Concursos traz not\u00edcias sobre concursos e artigos de professores oferecendo cursos para concursos (pdf + videaulas) no site.\",\"publisher\":{\"@id\":\"https:\/\/www.estrategiaconcursos.com.br\/blog\/#organization\"},\"potentialAction\":[{\"@type\":\"SearchAction\",\"target\":{\"@type\":\"EntryPoint\",\"urlTemplate\":\"https:\/\/www.estrategiaconcursos.com.br\/blog\/?s={search_term_string}\"},\"query-input\":{\"@type\":\"PropertyValueSpecification\",\"valueRequired\":true,\"valueName\":\"search_term_string\"}}],\"inLanguage\":\"pt-BR\"},{\"@type\":\"Organization\",\"@id\":\"https:\/\/www.estrategiaconcursos.com.br\/blog\/#organization\",\"name\":\"Estrat\u00e9gia Concursos\",\"url\":\"https:\/\/www.estrategiaconcursos.com.br\/blog\/\",\"logo\":{\"@type\":\"ImageObject\",\"inLanguage\":\"pt-BR\",\"@id\":\"https:\/\/www.estrategiaconcursos.com.br\/blog\/#\/schema\/logo\/image\/\",\"url\":\"https:\/\/dhg1h5j42swfq.cloudfront.net\/2025\/06\/03203428\/logo_concursos-1.jpg\",\"contentUrl\":\"https:\/\/dhg1h5j42swfq.cloudfront.net\/2025\/06\/03203428\/logo_concursos-1.jpg\",\"width\":230,\"height\":60,\"caption\":\"Estrat\u00e9gia Concursos\"},\"image\":{\"@id\":\"https:\/\/www.estrategiaconcursos.com.br\/blog\/#\/schema\/logo\/image\/\"},\"sameAs\":[\"https:\/\/x.com\/EstratConcursos\"]},{\"@type\":\"Person\",\"@id\":\"https:\/\/www.estrategiaconcursos.com.br\/blog\/#\/schema\/person\/555176e5fb81029706226eaf88b58f77\",\"name\":\"Heber Carvalho\",\"image\":{\"@type\":\"ImageObject\",\"inLanguage\":\"pt-BR\",\"@id\":\"https:\/\/secure.gravatar.com\/avatar\/7fb00f951b5b5ef6352d915a4dd32e75828f1e329e22967291a52e461270e40a?s=96&d=mm&r=g\",\"url\":\"https:\/\/secure.gravatar.com\/avatar\/7fb00f951b5b5ef6352d915a4dd32e75828f1e329e22967291a52e461270e40a?s=96&d=mm&r=g\",\"contentUrl\":\"https:\/\/secure.gravatar.com\/avatar\/7fb00f951b5b5ef6352d915a4dd32e75828f1e329e22967291a52e461270e40a?s=96&d=mm&r=g\",\"caption\":\"Heber Carvalho\"},\"sameAs\":[\"https:\/\/www.facebook.com\/heber.economia\",\"https:\/\/x.com\/https:\/\/twitter.com\/EstratConcursos\"],\"url\":\"https:\/\/www.estrategiaconcursos.com.br\/blog\/author\/hebercarvalhoestrategiaconcursos-com-br\/\"}]}<\/script>\n<!-- \/ Yoast SEO Premium plugin. -->","yoast_head_json":{"title":"Como ficar\u00e3o os concursos no governo Michel Temer?","description":"Confira este artigo e confira como poder\u00e1 ficar a situa\u00e7\u00e3o dos concursos no governo Michel Temer","robots":{"index":"index","follow":"follow","max-snippet":"max-snippet:-1","max-image-preview":"max-image-preview:large","max-video-preview":"max-video-preview:-1"},"canonical":"https:\/\/www.estrategiaconcursos.com.br\/blog\/o-governo-vai-reduzir-gastos-como-ficam-os-concursos-no-governo-michel-temer\/","og_locale":"pt_BR","og_type":"article","og_title":"O governo vai reduzir gastos. Como ficar\u00e3o os concursos no governo Michel Temer?","og_description":"Confira este artigo e confira como poder\u00e1 ficar a situa\u00e7\u00e3o dos concursos no governo Michel Temer","og_url":"https:\/\/www.estrategiaconcursos.com.br\/blog\/o-governo-vai-reduzir-gastos-como-ficam-os-concursos-no-governo-michel-temer\/","og_site_name":"Estrat\u00e9gia Concursos","article_author":"https:\/\/www.facebook.com\/heber.economia","article_published_time":"2016-05-13T16:04:03+00:00","article_modified_time":"2016-12-07T20:20:58+00:00","og_image":[{"url":"https:\/\/www.estrategiaconcursos.com.br\/blog\/wp-content\/uploads\/2016\/05\/aarrecadacao_2015.png","type":"","width":"","height":""}],"author":"Heber Carvalho","twitter_card":"summary_large_image","twitter_creator":"@https:\/\/twitter.com\/EstratConcursos","twitter_site":"@EstratConcursos","twitter_misc":{"Escrito por":"Heber Carvalho","Est. tempo de leitura":"16 minutos"},"schema":{"@context":"https:\/\/schema.org","@graph":[{"@type":"NewsArticle","@id":"https:\/\/www.estrategiaconcursos.com.br\/blog\/o-governo-vai-reduzir-gastos-como-ficam-os-concursos-no-governo-michel-temer\/#article","isPartOf":{"@id":"https:\/\/www.estrategiaconcursos.com.br\/blog\/o-governo-vai-reduzir-gastos-como-ficam-os-concursos-no-governo-michel-temer\/"},"author":{"name":"Heber Carvalho","@id":"https:\/\/www.estrategiaconcursos.com.br\/blog\/#\/schema\/person\/555176e5fb81029706226eaf88b58f77"},"headline":"O governo vai reduzir gastos. Como ficar\u00e3o os concursos no governo Michel Temer?","datePublished":"2016-05-13T16:04:03+00:00","dateModified":"2016-12-07T20:20:58+00:00","mainEntityOfPage":{"@id":"https:\/\/www.estrategiaconcursos.com.br\/blog\/o-governo-vai-reduzir-gastos-como-ficam-os-concursos-no-governo-michel-temer\/"},"wordCount":3230,"commentCount":442,"publisher":{"@id":"https:\/\/www.estrategiaconcursos.com.br\/blog\/#organization"},"image":{"@id":"https:\/\/www.estrategiaconcursos.com.br\/blog\/o-governo-vai-reduzir-gastos-como-ficam-os-concursos-no-governo-michel-temer\/#primaryimage"},"thumbnailUrl":"https:\/\/www.estrategiaconcursos.com.br\/blog\/wp-content\/uploads\/2016\/05\/aarrecadacao_2015.png","keywords":["michel temer","Suspens\u00e3o","Suspens\u00e3o dos Concursos","temer"],"articleSection":["Concursos P\u00fablicos"],"inLanguage":"pt-BR","potentialAction":[{"@type":"CommentAction","name":"Comment","target":["https:\/\/www.estrategiaconcursos.com.br\/blog\/o-governo-vai-reduzir-gastos-como-ficam-os-concursos-no-governo-michel-temer\/#respond"]}],"copyrightYear":"2016","copyrightHolder":{"@id":"https:\/\/www.estrategiaconcursos.com.br\/blog\/#organization"}},{"@type":"WebPage","@id":"https:\/\/www.estrategiaconcursos.com.br\/blog\/o-governo-vai-reduzir-gastos-como-ficam-os-concursos-no-governo-michel-temer\/","url":"https:\/\/www.estrategiaconcursos.com.br\/blog\/o-governo-vai-reduzir-gastos-como-ficam-os-concursos-no-governo-michel-temer\/","name":"Como ficar\u00e3o os concursos no governo Michel Temer?","isPartOf":{"@id":"https:\/\/www.estrategiaconcursos.com.br\/blog\/#website"},"primaryImageOfPage":{"@id":"https:\/\/www.estrategiaconcursos.com.br\/blog\/o-governo-vai-reduzir-gastos-como-ficam-os-concursos-no-governo-michel-temer\/#primaryimage"},"image":{"@id":"https:\/\/www.estrategiaconcursos.com.br\/blog\/o-governo-vai-reduzir-gastos-como-ficam-os-concursos-no-governo-michel-temer\/#primaryimage"},"thumbnailUrl":"https:\/\/www.estrategiaconcursos.com.br\/blog\/wp-content\/uploads\/2016\/05\/aarrecadacao_2015.png","datePublished":"2016-05-13T16:04:03+00:00","dateModified":"2016-12-07T20:20:58+00:00","description":"Confira este artigo e confira como poder\u00e1 ficar a situa\u00e7\u00e3o dos concursos no governo Michel Temer","breadcrumb":{"@id":"https:\/\/www.estrategiaconcursos.com.br\/blog\/o-governo-vai-reduzir-gastos-como-ficam-os-concursos-no-governo-michel-temer\/#breadcrumb"},"inLanguage":"pt-BR","potentialAction":[{"@type":"ReadAction","target":["https:\/\/www.estrategiaconcursos.com.br\/blog\/o-governo-vai-reduzir-gastos-como-ficam-os-concursos-no-governo-michel-temer\/"]}]},{"@type":"ImageObject","inLanguage":"pt-BR","@id":"https:\/\/www.estrategiaconcursos.com.br\/blog\/o-governo-vai-reduzir-gastos-como-ficam-os-concursos-no-governo-michel-temer\/#primaryimage","url":"https:\/\/dhg1h5j42swfq.cloudfront.net\/2016\/05\/13022447\/aarrecadacao_2015.png","contentUrl":"https:\/\/dhg1h5j42swfq.cloudfront.net\/2016\/05\/13022447\/aarrecadacao_2015.png","width":580,"height":340,"caption":"Arrecada\u00e7\u00e3o federal"},{"@type":"BreadcrumbList","@id":"https:\/\/www.estrategiaconcursos.com.br\/blog\/o-governo-vai-reduzir-gastos-como-ficam-os-concursos-no-governo-michel-temer\/#breadcrumb","itemListElement":[{"@type":"ListItem","position":1,"name":"In\u00edcio","item":"https:\/\/www.estrategiaconcursos.com.br\/blog\/"},{"@type":"ListItem","position":2,"name":"O governo vai reduzir gastos. Como ficar\u00e3o os concursos no governo Michel Temer?"}]},{"@type":"WebSite","@id":"https:\/\/www.estrategiaconcursos.com.br\/blog\/#website","url":"https:\/\/www.estrategiaconcursos.com.br\/blog\/","name":"Estrat\u00e9gia Concursos","description":"O blog da Estrat\u00e9gia Concursos traz not\u00edcias sobre concursos e artigos de professores oferecendo cursos para concursos (pdf + videaulas) no site.","publisher":{"@id":"https:\/\/www.estrategiaconcursos.com.br\/blog\/#organization"},"potentialAction":[{"@type":"SearchAction","target":{"@type":"EntryPoint","urlTemplate":"https:\/\/www.estrategiaconcursos.com.br\/blog\/?s={search_term_string}"},"query-input":{"@type":"PropertyValueSpecification","valueRequired":true,"valueName":"search_term_string"}}],"inLanguage":"pt-BR"},{"@type":"Organization","@id":"https:\/\/www.estrategiaconcursos.com.br\/blog\/#organization","name":"Estrat\u00e9gia Concursos","url":"https:\/\/www.estrategiaconcursos.com.br\/blog\/","logo":{"@type":"ImageObject","inLanguage":"pt-BR","@id":"https:\/\/www.estrategiaconcursos.com.br\/blog\/#\/schema\/logo\/image\/","url":"https:\/\/dhg1h5j42swfq.cloudfront.net\/2025\/06\/03203428\/logo_concursos-1.jpg","contentUrl":"https:\/\/dhg1h5j42swfq.cloudfront.net\/2025\/06\/03203428\/logo_concursos-1.jpg","width":230,"height":60,"caption":"Estrat\u00e9gia Concursos"},"image":{"@id":"https:\/\/www.estrategiaconcursos.com.br\/blog\/#\/schema\/logo\/image\/"},"sameAs":["https:\/\/x.com\/EstratConcursos"]},{"@type":"Person","@id":"https:\/\/www.estrategiaconcursos.com.br\/blog\/#\/schema\/person\/555176e5fb81029706226eaf88b58f77","name":"Heber Carvalho","image":{"@type":"ImageObject","inLanguage":"pt-BR","@id":"https:\/\/secure.gravatar.com\/avatar\/7fb00f951b5b5ef6352d915a4dd32e75828f1e329e22967291a52e461270e40a?s=96&d=mm&r=g","url":"https:\/\/secure.gravatar.com\/avatar\/7fb00f951b5b5ef6352d915a4dd32e75828f1e329e22967291a52e461270e40a?s=96&d=mm&r=g","contentUrl":"https:\/\/secure.gravatar.com\/avatar\/7fb00f951b5b5ef6352d915a4dd32e75828f1e329e22967291a52e461270e40a?s=96&d=mm&r=g","caption":"Heber Carvalho"},"sameAs":["https:\/\/www.facebook.com\/heber.economia","https:\/\/x.com\/https:\/\/twitter.com\/EstratConcursos"],"url":"https:\/\/www.estrategiaconcursos.com.br\/blog\/author\/hebercarvalhoestrategiaconcursos-com-br\/"}]}},"_links":{"self":[{"href":"https:\/\/www.estrategiaconcursos.com.br\/blog\/wp-json\/wp\/v2\/posts\/38957","targetHints":{"allow":["GET"]}}],"collection":[{"href":"https:\/\/www.estrategiaconcursos.com.br\/blog\/wp-json\/wp\/v2\/posts"}],"about":[{"href":"https:\/\/www.estrategiaconcursos.com.br\/blog\/wp-json\/wp\/v2\/types\/post"}],"author":[{"embeddable":true,"href":"https:\/\/www.estrategiaconcursos.com.br\/blog\/wp-json\/wp\/v2\/users\/13"}],"replies":[{"embeddable":true,"href":"https:\/\/www.estrategiaconcursos.com.br\/blog\/wp-json\/wp\/v2\/comments?post=38957"}],"version-history":[{"count":17,"href":"https:\/\/www.estrategiaconcursos.com.br\/blog\/wp-json\/wp\/v2\/posts\/38957\/revisions"}],"predecessor-version":[{"id":57392,"href":"https:\/\/www.estrategiaconcursos.com.br\/blog\/wp-json\/wp\/v2\/posts\/38957\/revisions\/57392"}],"wp:attachment":[{"href":"https:\/\/www.estrategiaconcursos.com.br\/blog\/wp-json\/wp\/v2\/media?parent=38957"}],"wp:term":[{"taxonomy":"category","embeddable":true,"href":"https:\/\/www.estrategiaconcursos.com.br\/blog\/wp-json\/wp\/v2\/categories?post=38957"},{"taxonomy":"post_tag","embeddable":true,"href":"https:\/\/www.estrategiaconcursos.com.br\/blog\/wp-json\/wp\/v2\/tags?post=38957"},{"taxonomy":"tax_estado","embeddable":true,"href":"https:\/\/www.estrategiaconcursos.com.br\/blog\/wp-json\/wp\/v2\/tax_estado?post=38957"}],"curies":[{"name":"wp","href":"https:\/\/api.w.org\/{rel}","templated":true}]}}