{"id":389552,"date":"2019-06-19T14:07:58","date_gmt":"2019-06-19T17:07:58","guid":{"rendered":"https:\/\/www.estrategiaconcursos.com.br\/blog\/?p=389552"},"modified":"2019-06-19T15:41:27","modified_gmt":"2019-06-19T18:41:27","slug":"concurso-sefaz-al-movimentacoes-no-processo","status":"publish","type":"post","link":"https:\/\/www.estrategiaconcursos.com.br\/blog\/concurso-sefaz-al-movimentacoes-no-processo\/","title":{"rendered":"Concurso Sefaz AL: registrada novas movimenta\u00e7\u00f5es no processo do certame"},"content":{"rendered":"\n<p>O processo de autoriza\u00e7\u00e3o de edital do concurso Secret\u00e1ria da Fazenda de Alagoas sofreu nesta quarta-feira, 19 de junho, novas movimenta\u00e7\u00f5es. O processo foi entregue na Ger\u00eancia de Documenta\u00e7\u00e3o e Publica\u00e7\u00e3o de Atos Governamentais. <\/p>\n\n\n\n<p>Com est\u00e1 movimenta\u00e7\u00e3o a expectativa cresce para que o edital do certame seja publicado em breve. Vale lembrar que no dia 27 de maio, o Governador do Estado Renan Filho, havia declarado que o edital do concurso poderia sair em 15 dias. <\/p>\n\n\n\n<p>O concurso j\u00e1 conta com autoriza\u00e7\u00e3o da Procuradoria Geral do Estado de Alagoas para dar in\u00edcio aos tr\u00e2mites necess\u00e1rios para a publica\u00e7\u00e3o do edital.<\/p>\n\n\n\n<p><em>Confira abaixo as movimenta\u00e7\u00f5es no processo de autoriza\u00e7\u00e3o de edital do concurso Sefaz AL:<\/em><\/p>\n\n\n\n<div class=\"wp-block-image\"><figure class=\"aligncenter is-resized\"><img loading=\"lazy\" decoding=\"async\" src=\"https:\/\/dhg1h5j42swfq.cloudfront.net\/2019\/06\/19135558\/concurso-sefaz-al.png.png\" alt=\"Confira abaixo as movimenta\u00e7\u00f5es no processo de autoriza\u00e7\u00e3o de edital do concurso Sefaz AL\" class=\"wp-image-389576\" width=\"691\" height=\"230\" srcset=\"https:\/\/dhg1h5j42swfq.cloudfront.net\/2019\/06\/19135558\/concurso-sefaz-al.png.png 1410w, https:\/\/dhg1h5j42swfq.cloudfront.net\/2019\/06\/19135558\/concurso-sefaz-al.png.png 300w, https:\/\/dhg1h5j42swfq.cloudfront.net\/2019\/06\/19135558\/concurso-sefaz-al.png.png 768w, https:\/\/dhg1h5j42swfq.cloudfront.net\/2019\/06\/19135558\/concurso-sefaz-al.png.png 1024w, https:\/\/dhg1h5j42swfq.cloudfront.net\/2019\/06\/19135558\/concurso-sefaz-al.png.png 610w\" sizes=\"auto, (max-width: 691px) 100vw, 691px\" \/><\/figure><\/div>\n\n\n\n<h2 class=\"wp-block-heading\">Escolaridade exigida<\/h2>\n\n\n\n<p>O cargo de&nbsp;<strong>Auditor Fiscal<\/strong>&nbsp;exige n\u00edvel superior completo em qualquer \u00e1rea de forma\u00e7\u00e3o. J\u00e1 o cargo de&nbsp;<strong>Auditor de Finan\u00e7as<\/strong>&nbsp;requer o bacharelador em uma das seguintes \u00e1reas:&nbsp;<em>Direito, Ci\u00eancias Econ\u00f4micas, Ci\u00eancias Cont\u00e1beis, Administra\u00e7\u00e3o e Inform\u00e1tica<\/em>.<\/p>\n\n\n\n<h2 class=\"wp-block-heading\">Remunera\u00e7\u00e3o do cargo<\/h2>\n\n\n\n<ul class=\"wp-block-list\"><li><strong>Auditor Fiscal<\/strong> &#8211; R$ 9.471,42<\/li><li><strong>Auditor de Finan\u00e7as<\/strong> &#8211; R$ 8.264.80<\/li><\/ul>\n\n\n\n<h2 class=\"wp-block-heading\">\u00daltimo Concurso<\/h2>\n\n\n\n<p>A \u00faltima sele\u00e7\u00e3o ocorreu em 2002, organizado pela Cespe. Foram ofertadas 275 vagas, com exig\u00eancia de n\u00edvel superior em qualquer \u00e1rea, para os cargos de:<\/p>\n\n\n\n<ul class=\"wp-block-list\"><li><em>Fiscal de Tributos Estaduais:<strong>\u00a0220 vagas<\/strong><\/em><\/li><li><em>Agente Controlador de Arrecada\u00e7\u00e3o:\u00a0<strong>35 vagas<\/strong><\/em><\/li><li><em>T\u00e9cnico de Finan\u00e7as do Grupo Ocupacional Tributa\u00e7\u00e3o e Finan\u00e7a:\u00a0<strong>20 vagas<\/strong><\/em><\/li><\/ul>\n\n\n\n<p style=\"font-size:25px;text-align:center\" class=\"has-background has-pale-cyan-blue-background-color\">MAIS INFORMA\u00c7\u00d5ES &#8211; <span style=\"text-decoration: underline;\"><a href=\"https:\/\/www.estrategiaconcursos.com.br\/blog\/concurso-sefaz-al\" target=\"_blank\" rel=\"noreferrer noopener\" aria-label=\"Concurso Sefaz AL (abre numa nova aba)\">Concurso Sefaz AL<\/a><\/span><\/p>\n\n\n\n<p style=\"font-size:19px;text-align:center\"><strong><em>Quer estudar para Concurso Sefaz AL?<\/em><\/strong><\/p>\n\n\n\n<p style=\"text-align:center\"><em><strong>Gostou desta oportunidade e deseja come\u00e7ar se preparar agora mesmo? Ent\u00e3o, confira os nossos cursos e comece a estudar para&nbsp;<\/strong><\/em><br \/><strong><em>Sefaz AL<\/em><\/strong><em><strong>:<\/strong><\/em><\/p>\n\n\n\n<p style=\"font-size:25px;text-align:center\" class=\"has-background has-luminous-vivid-amber-background-color\"><a rel=\"noreferrer noopener\" href=\"https:\/\/www.estrategiaconcursos.com.br\/cursosPorConcurso\/sefaz-al\/\" target=\"_blank\"><em><strong>CURSO SEFAZ AL<\/strong><\/em><\/a><\/p>\n\n\n\n<p style=\"font-size:18px;text-align:center\"><em><strong>Assinatura Anual Ilimitada*<\/strong><\/em><\/p>\n\n\n\n<p style=\"text-align:center\"><em>Prepare-se com o melhor material e com quem mais aprova em Concursos P\u00fablicos em todo o pa\u00eds. Assine agora a nossa Assinatura Anual e tenha acesso ilimitado* a todos os nossos cursos.<\/em><\/p>\n\n\n\n<p style=\"font-size:25px;text-align:center\" class=\"has-background has-light-green-cyan-background-color\"><strong>ASSINE AGORA<\/strong>&nbsp;\u2013&nbsp;<a rel=\"noreferrer noopener\" href=\"https:\/\/www.estrategiaconcursos.com.br\/assinaturas\" target=\"_blank\"><strong>Assinatura Ilimitada<\/strong><\/a><\/p>\n\n\n\n<p><em>Ascom Estrat\u00e9gia<\/em><br \/>ascomestrategia@gmail.com<\/p>\n\n\n\n<p style=\"text-align:center\"><em><strong>Receba not\u00edcias de Concursos no seu WhatsApp e\/ou Telegram!<\/strong><\/em><\/p>\n\n\n\n<p style=\"text-align:center\"><em><strong>Cadastre-se clicando no \u00edcone abaixo<\/strong><\/em><\/p>\n\n\n\n<p style=\"text-align:center\"><a rel=\"noreferrer noopener\" href=\"https:\/\/www.estrategiaconcursos.com.br\/blog\/noticias-de-concursos-whatsapp-estrategia-concursos\/\" target=\"_blank\">Not\u00edcias de concursos no seu WhatsApp e\/ou Telegram<\/a><\/p>\n","protected":false},"excerpt":{"rendered":"<p>O processo de autoriza\u00e7\u00e3o de edital do concurso Secret\u00e1ria da Fazenda de Alagoas sofreu nesta quarta-feira, 19 de junho, novas movimenta\u00e7\u00f5es. O processo foi entregue na Ger\u00eancia de Documenta\u00e7\u00e3o e Publica\u00e7\u00e3o de Atos Governamentais. Com est\u00e1 movimenta\u00e7\u00e3o a expectativa cresce para que o edital do certame seja publicado em breve. Vale lembrar que no dia [&hellip;]<\/p>\n","protected":false},"author":93,"featured_media":103442,"comment_status":"open","ping_status":"closed","sticky":false,"template":"","format":"standard","meta":{"post_tipo":"article","footnotes":""},"categories":[1],"tags":[],"tax_estado":[],"class_list":["post-389552","post","type-post","status-publish","format-standard","has-post-thumbnail","hentry","category-cursos-e-concursos"],"acf":[],"yoast_head":"<!-- This site is optimized with the Yoast SEO Premium plugin v27.2 (Yoast SEO v27.2) - https:\/\/yoast.com\/product\/yoast-seo-premium-wordpress\/ -->\n<title>Concurso Sefaz AL: registrada novas movimenta\u00e7\u00f5es no processo do certame<\/title>\n<meta name=\"robots\" content=\"index, follow, max-snippet:-1, max-image-preview:large, max-video-preview:-1\" \/>\n<link rel=\"canonical\" href=\"https:\/\/www.estrategiaconcursos.com.br\/blog\/concurso-sefaz-al-movimentacoes-no-processo\/\" \/>\n<meta property=\"og:locale\" content=\"pt_BR\" \/>\n<meta property=\"og:type\" content=\"article\" \/>\n<meta property=\"og:title\" content=\"Concurso Sefaz AL: registrada novas movimenta\u00e7\u00f5es no processo do certame\" \/>\n<meta property=\"og:description\" content=\"O processo de autoriza\u00e7\u00e3o de edital do concurso Secret\u00e1ria da Fazenda de Alagoas sofreu nesta quarta-feira, 19 de junho, novas movimenta\u00e7\u00f5es. O processo foi entregue na Ger\u00eancia de Documenta\u00e7\u00e3o e Publica\u00e7\u00e3o de Atos Governamentais. Com est\u00e1 movimenta\u00e7\u00e3o a expectativa cresce para que o edital do certame seja publicado em breve. Vale lembrar que no dia [&hellip;]\" \/>\n<meta property=\"og:url\" content=\"https:\/\/www.estrategiaconcursos.com.br\/blog\/concurso-sefaz-al-movimentacoes-no-processo\/\" \/>\n<meta property=\"og:site_name\" content=\"Estrat\u00e9gia Concursos\" \/>\n<meta property=\"article:published_time\" content=\"2019-06-19T17:07:58+00:00\" \/>\n<meta property=\"article:modified_time\" content=\"2019-06-19T18:41:27+00:00\" \/>\n<meta property=\"og:image\" content=\"https:\/\/dhg1h5j42swfq.cloudfront.net\/2018\/01\/23090020\/SEFAZ-AL6-e1516708826908.jpg\" \/>\n\t<meta property=\"og:image:width\" content=\"400\" \/>\n\t<meta property=\"og:image:height\" content=\"209\" \/>\n\t<meta property=\"og:image:type\" content=\"image\/jpeg\" \/>\n<meta name=\"author\" content=\"Vinicius Silva\" \/>\n<meta name=\"twitter:card\" content=\"summary_large_image\" \/>\n<meta name=\"twitter:creator\" content=\"@EstratConcursos\" \/>\n<meta name=\"twitter:site\" content=\"@EstratConcursos\" \/>\n<meta name=\"twitter:label1\" content=\"Escrito por\" \/>\n\t<meta name=\"twitter:data1\" content=\"Vinicius Silva\" \/>\n\t<meta name=\"twitter:label2\" content=\"Est. tempo de leitura\" \/>\n\t<meta name=\"twitter:data2\" content=\"2 minutos\" \/>\n<script type=\"application\/ld+json\" class=\"yoast-schema-graph\">{\"@context\":\"https:\/\/schema.org\",\"@graph\":[{\"@type\":\"NewsArticle\",\"@id\":\"https:\/\/www.estrategiaconcursos.com.br\/blog\/concurso-sefaz-al-movimentacoes-no-processo\/#article\",\"isPartOf\":{\"@id\":\"https:\/\/www.estrategiaconcursos.com.br\/blog\/concurso-sefaz-al-movimentacoes-no-processo\/\"},\"author\":{\"name\":\"Vinicius Silva\",\"@id\":\"https:\/\/www.estrategiaconcursos.com.br\/blog\/#\/schema\/person\/20030622a981f9a942ad6b3561fe4ca4\"},\"headline\":\"Concurso Sefaz AL: registrada novas movimenta\u00e7\u00f5es no processo do certame\",\"datePublished\":\"2019-06-19T17:07:58+00:00\",\"dateModified\":\"2019-06-19T18:41:27+00:00\",\"mainEntityOfPage\":{\"@id\":\"https:\/\/www.estrategiaconcursos.com.br\/blog\/concurso-sefaz-al-movimentacoes-no-processo\/\"},\"wordCount\":372,\"commentCount\":0,\"publisher\":{\"@id\":\"https:\/\/www.estrategiaconcursos.com.br\/blog\/#organization\"},\"image\":{\"@id\":\"https:\/\/www.estrategiaconcursos.com.br\/blog\/concurso-sefaz-al-movimentacoes-no-processo\/#primaryimage\"},\"thumbnailUrl\":\"https:\/\/dhg1h5j42swfq.cloudfront.net\/2018\/01\/23090020\/SEFAZ-AL6-e1516708826908.jpg\",\"articleSection\":[\"Concursos P\u00fablicos\"],\"inLanguage\":\"pt-BR\",\"potentialAction\":[{\"@type\":\"CommentAction\",\"name\":\"Comment\",\"target\":[\"https:\/\/www.estrategiaconcursos.com.br\/blog\/concurso-sefaz-al-movimentacoes-no-processo\/#respond\"]}],\"copyrightYear\":\"2019\",\"copyrightHolder\":{\"@id\":\"https:\/\/www.estrategiaconcursos.com.br\/blog\/#organization\"}},{\"@type\":\"WebPage\",\"@id\":\"https:\/\/www.estrategiaconcursos.com.br\/blog\/concurso-sefaz-al-movimentacoes-no-processo\/\",\"url\":\"https:\/\/www.estrategiaconcursos.com.br\/blog\/concurso-sefaz-al-movimentacoes-no-processo\/\",\"name\":\"Concurso Sefaz AL: registrada novas movimenta\u00e7\u00f5es no processo do certame\",\"isPartOf\":{\"@id\":\"https:\/\/www.estrategiaconcursos.com.br\/blog\/#website\"},\"primaryImageOfPage\":{\"@id\":\"https:\/\/www.estrategiaconcursos.com.br\/blog\/concurso-sefaz-al-movimentacoes-no-processo\/#primaryimage\"},\"image\":{\"@id\":\"https:\/\/www.estrategiaconcursos.com.br\/blog\/concurso-sefaz-al-movimentacoes-no-processo\/#primaryimage\"},\"thumbnailUrl\":\"https:\/\/dhg1h5j42swfq.cloudfront.net\/2018\/01\/23090020\/SEFAZ-AL6-e1516708826908.jpg\",\"datePublished\":\"2019-06-19T17:07:58+00:00\",\"dateModified\":\"2019-06-19T18:41:27+00:00\",\"breadcrumb\":{\"@id\":\"https:\/\/www.estrategiaconcursos.com.br\/blog\/concurso-sefaz-al-movimentacoes-no-processo\/#breadcrumb\"},\"inLanguage\":\"pt-BR\",\"potentialAction\":[{\"@type\":\"ReadAction\",\"target\":[\"https:\/\/www.estrategiaconcursos.com.br\/blog\/concurso-sefaz-al-movimentacoes-no-processo\/\"]}]},{\"@type\":\"ImageObject\",\"inLanguage\":\"pt-BR\",\"@id\":\"https:\/\/www.estrategiaconcursos.com.br\/blog\/concurso-sefaz-al-movimentacoes-no-processo\/#primaryimage\",\"url\":\"https:\/\/dhg1h5j42swfq.cloudfront.net\/2018\/01\/23090020\/SEFAZ-AL6-e1516708826908.jpg\",\"contentUrl\":\"https:\/\/dhg1h5j42swfq.cloudfront.net\/2018\/01\/23090020\/SEFAZ-AL6-e1516708826908.jpg\",\"width\":400,\"height\":209,\"caption\":\"Concurso SEFAZ L\"},{\"@type\":\"BreadcrumbList\",\"@id\":\"https:\/\/www.estrategiaconcursos.com.br\/blog\/concurso-sefaz-al-movimentacoes-no-processo\/#breadcrumb\",\"itemListElement\":[{\"@type\":\"ListItem\",\"position\":1,\"name\":\"In\u00edcio\",\"item\":\"https:\/\/www.estrategiaconcursos.com.br\/blog\/\"},{\"@type\":\"ListItem\",\"position\":2,\"name\":\"Concurso Sefaz AL: registrada novas movimenta\u00e7\u00f5es no processo do certame\"}]},{\"@type\":\"WebSite\",\"@id\":\"https:\/\/www.estrategiaconcursos.com.br\/blog\/#website\",\"url\":\"https:\/\/www.estrategiaconcursos.com.br\/blog\/\",\"name\":\"Estrat\u00e9gia Concursos\",\"description\":\"O blog da Estrat\u00e9gia Concursos traz not\u00edcias sobre concursos e artigos de professores oferecendo cursos para concursos (pdf + videaulas) no site.\",\"publisher\":{\"@id\":\"https:\/\/www.estrategiaconcursos.com.br\/blog\/#organization\"},\"potentialAction\":[{\"@type\":\"SearchAction\",\"target\":{\"@type\":\"EntryPoint\",\"urlTemplate\":\"https:\/\/www.estrategiaconcursos.com.br\/blog\/?s={search_term_string}\"},\"query-input\":{\"@type\":\"PropertyValueSpecification\",\"valueRequired\":true,\"valueName\":\"search_term_string\"}}],\"inLanguage\":\"pt-BR\"},{\"@type\":\"Organization\",\"@id\":\"https:\/\/www.estrategiaconcursos.com.br\/blog\/#organization\",\"name\":\"Estrat\u00e9gia Concursos\",\"url\":\"https:\/\/www.estrategiaconcursos.com.br\/blog\/\",\"logo\":{\"@type\":\"ImageObject\",\"inLanguage\":\"pt-BR\",\"@id\":\"https:\/\/www.estrategiaconcursos.com.br\/blog\/#\/schema\/logo\/image\/\",\"url\":\"https:\/\/dhg1h5j42swfq.cloudfront.net\/2025\/06\/03203428\/logo_concursos-1.jpg\",\"contentUrl\":\"https:\/\/dhg1h5j42swfq.cloudfront.net\/2025\/06\/03203428\/logo_concursos-1.jpg\",\"width\":230,\"height\":60,\"caption\":\"Estrat\u00e9gia Concursos\"},\"image\":{\"@id\":\"https:\/\/www.estrategiaconcursos.com.br\/blog\/#\/schema\/logo\/image\/\"},\"sameAs\":[\"https:\/\/x.com\/EstratConcursos\"]},{\"@type\":\"Person\",\"@id\":\"https:\/\/www.estrategiaconcursos.com.br\/blog\/#\/schema\/person\/20030622a981f9a942ad6b3561fe4ca4\",\"name\":\"Vinicius Silva\",\"image\":{\"@type\":\"ImageObject\",\"inLanguage\":\"pt-BR\",\"@id\":\"https:\/\/secure.gravatar.com\/avatar\/604d9670a4c7eea71feaa4381f3ae97e148292ac402671c5944aa67a3d127663?s=96&d=mm&r=g\",\"url\":\"https:\/\/secure.gravatar.com\/avatar\/604d9670a4c7eea71feaa4381f3ae97e148292ac402671c5944aa67a3d127663?s=96&d=mm&r=g\",\"contentUrl\":\"https:\/\/secure.gravatar.com\/avatar\/604d9670a4c7eea71feaa4381f3ae97e148292ac402671c5944aa67a3d127663?s=96&d=mm&r=g\",\"caption\":\"Vinicius Silva\"},\"url\":\"https:\/\/www.estrategiaconcursos.com.br\/blog\/author\/viniciussilvaestrategiaconcursos-com-br\/\"}]}<\/script>\n<!-- \/ Yoast SEO Premium plugin. -->","yoast_head_json":{"title":"Concurso Sefaz AL: registrada novas movimenta\u00e7\u00f5es no processo do certame","robots":{"index":"index","follow":"follow","max-snippet":"max-snippet:-1","max-image-preview":"max-image-preview:large","max-video-preview":"max-video-preview:-1"},"canonical":"https:\/\/www.estrategiaconcursos.com.br\/blog\/concurso-sefaz-al-movimentacoes-no-processo\/","og_locale":"pt_BR","og_type":"article","og_title":"Concurso Sefaz AL: registrada novas movimenta\u00e7\u00f5es no processo do certame","og_description":"O processo de autoriza\u00e7\u00e3o de edital do concurso Secret\u00e1ria da Fazenda de Alagoas sofreu nesta quarta-feira, 19 de junho, novas movimenta\u00e7\u00f5es. O processo foi entregue na Ger\u00eancia de Documenta\u00e7\u00e3o e Publica\u00e7\u00e3o de Atos Governamentais. Com est\u00e1 movimenta\u00e7\u00e3o a expectativa cresce para que o edital do certame seja publicado em breve. Vale lembrar que no dia [&hellip;]","og_url":"https:\/\/www.estrategiaconcursos.com.br\/blog\/concurso-sefaz-al-movimentacoes-no-processo\/","og_site_name":"Estrat\u00e9gia Concursos","article_published_time":"2019-06-19T17:07:58+00:00","article_modified_time":"2019-06-19T18:41:27+00:00","og_image":[{"width":400,"height":209,"url":"https:\/\/dhg1h5j42swfq.cloudfront.net\/2018\/01\/23090020\/SEFAZ-AL6-e1516708826908.jpg","type":"image\/jpeg"}],"author":"Vinicius Silva","twitter_card":"summary_large_image","twitter_creator":"@EstratConcursos","twitter_site":"@EstratConcursos","twitter_misc":{"Escrito por":"Vinicius Silva","Est. tempo de leitura":"2 minutos"},"schema":{"@context":"https:\/\/schema.org","@graph":[{"@type":"NewsArticle","@id":"https:\/\/www.estrategiaconcursos.com.br\/blog\/concurso-sefaz-al-movimentacoes-no-processo\/#article","isPartOf":{"@id":"https:\/\/www.estrategiaconcursos.com.br\/blog\/concurso-sefaz-al-movimentacoes-no-processo\/"},"author":{"name":"Vinicius Silva","@id":"https:\/\/www.estrategiaconcursos.com.br\/blog\/#\/schema\/person\/20030622a981f9a942ad6b3561fe4ca4"},"headline":"Concurso Sefaz AL: registrada novas movimenta\u00e7\u00f5es no processo do certame","datePublished":"2019-06-19T17:07:58+00:00","dateModified":"2019-06-19T18:41:27+00:00","mainEntityOfPage":{"@id":"https:\/\/www.estrategiaconcursos.com.br\/blog\/concurso-sefaz-al-movimentacoes-no-processo\/"},"wordCount":372,"commentCount":0,"publisher":{"@id":"https:\/\/www.estrategiaconcursos.com.br\/blog\/#organization"},"image":{"@id":"https:\/\/www.estrategiaconcursos.com.br\/blog\/concurso-sefaz-al-movimentacoes-no-processo\/#primaryimage"},"thumbnailUrl":"https:\/\/dhg1h5j42swfq.cloudfront.net\/2018\/01\/23090020\/SEFAZ-AL6-e1516708826908.jpg","articleSection":["Concursos P\u00fablicos"],"inLanguage":"pt-BR","potentialAction":[{"@type":"CommentAction","name":"Comment","target":["https:\/\/www.estrategiaconcursos.com.br\/blog\/concurso-sefaz-al-movimentacoes-no-processo\/#respond"]}],"copyrightYear":"2019","copyrightHolder":{"@id":"https:\/\/www.estrategiaconcursos.com.br\/blog\/#organization"}},{"@type":"WebPage","@id":"https:\/\/www.estrategiaconcursos.com.br\/blog\/concurso-sefaz-al-movimentacoes-no-processo\/","url":"https:\/\/www.estrategiaconcursos.com.br\/blog\/concurso-sefaz-al-movimentacoes-no-processo\/","name":"Concurso Sefaz AL: registrada novas movimenta\u00e7\u00f5es no processo do certame","isPartOf":{"@id":"https:\/\/www.estrategiaconcursos.com.br\/blog\/#website"},"primaryImageOfPage":{"@id":"https:\/\/www.estrategiaconcursos.com.br\/blog\/concurso-sefaz-al-movimentacoes-no-processo\/#primaryimage"},"image":{"@id":"https:\/\/www.estrategiaconcursos.com.br\/blog\/concurso-sefaz-al-movimentacoes-no-processo\/#primaryimage"},"thumbnailUrl":"https:\/\/dhg1h5j42swfq.cloudfront.net\/2018\/01\/23090020\/SEFAZ-AL6-e1516708826908.jpg","datePublished":"2019-06-19T17:07:58+00:00","dateModified":"2019-06-19T18:41:27+00:00","breadcrumb":{"@id":"https:\/\/www.estrategiaconcursos.com.br\/blog\/concurso-sefaz-al-movimentacoes-no-processo\/#breadcrumb"},"inLanguage":"pt-BR","potentialAction":[{"@type":"ReadAction","target":["https:\/\/www.estrategiaconcursos.com.br\/blog\/concurso-sefaz-al-movimentacoes-no-processo\/"]}]},{"@type":"ImageObject","inLanguage":"pt-BR","@id":"https:\/\/www.estrategiaconcursos.com.br\/blog\/concurso-sefaz-al-movimentacoes-no-processo\/#primaryimage","url":"https:\/\/dhg1h5j42swfq.cloudfront.net\/2018\/01\/23090020\/SEFAZ-AL6-e1516708826908.jpg","contentUrl":"https:\/\/dhg1h5j42swfq.cloudfront.net\/2018\/01\/23090020\/SEFAZ-AL6-e1516708826908.jpg","width":400,"height":209,"caption":"Concurso SEFAZ L"},{"@type":"BreadcrumbList","@id":"https:\/\/www.estrategiaconcursos.com.br\/blog\/concurso-sefaz-al-movimentacoes-no-processo\/#breadcrumb","itemListElement":[{"@type":"ListItem","position":1,"name":"In\u00edcio","item":"https:\/\/www.estrategiaconcursos.com.br\/blog\/"},{"@type":"ListItem","position":2,"name":"Concurso Sefaz AL: registrada novas movimenta\u00e7\u00f5es no processo do certame"}]},{"@type":"WebSite","@id":"https:\/\/www.estrategiaconcursos.com.br\/blog\/#website","url":"https:\/\/www.estrategiaconcursos.com.br\/blog\/","name":"Estrat\u00e9gia Concursos","description":"O blog da Estrat\u00e9gia Concursos traz not\u00edcias sobre concursos e artigos de professores oferecendo cursos para concursos (pdf + videaulas) no site.","publisher":{"@id":"https:\/\/www.estrategiaconcursos.com.br\/blog\/#organization"},"potentialAction":[{"@type":"SearchAction","target":{"@type":"EntryPoint","urlTemplate":"https:\/\/www.estrategiaconcursos.com.br\/blog\/?s={search_term_string}"},"query-input":{"@type":"PropertyValueSpecification","valueRequired":true,"valueName":"search_term_string"}}],"inLanguage":"pt-BR"},{"@type":"Organization","@id":"https:\/\/www.estrategiaconcursos.com.br\/blog\/#organization","name":"Estrat\u00e9gia Concursos","url":"https:\/\/www.estrategiaconcursos.com.br\/blog\/","logo":{"@type":"ImageObject","inLanguage":"pt-BR","@id":"https:\/\/www.estrategiaconcursos.com.br\/blog\/#\/schema\/logo\/image\/","url":"https:\/\/dhg1h5j42swfq.cloudfront.net\/2025\/06\/03203428\/logo_concursos-1.jpg","contentUrl":"https:\/\/dhg1h5j42swfq.cloudfront.net\/2025\/06\/03203428\/logo_concursos-1.jpg","width":230,"height":60,"caption":"Estrat\u00e9gia Concursos"},"image":{"@id":"https:\/\/www.estrategiaconcursos.com.br\/blog\/#\/schema\/logo\/image\/"},"sameAs":["https:\/\/x.com\/EstratConcursos"]},{"@type":"Person","@id":"https:\/\/www.estrategiaconcursos.com.br\/blog\/#\/schema\/person\/20030622a981f9a942ad6b3561fe4ca4","name":"Vinicius Silva","image":{"@type":"ImageObject","inLanguage":"pt-BR","@id":"https:\/\/secure.gravatar.com\/avatar\/604d9670a4c7eea71feaa4381f3ae97e148292ac402671c5944aa67a3d127663?s=96&d=mm&r=g","url":"https:\/\/secure.gravatar.com\/avatar\/604d9670a4c7eea71feaa4381f3ae97e148292ac402671c5944aa67a3d127663?s=96&d=mm&r=g","contentUrl":"https:\/\/secure.gravatar.com\/avatar\/604d9670a4c7eea71feaa4381f3ae97e148292ac402671c5944aa67a3d127663?s=96&d=mm&r=g","caption":"Vinicius Silva"},"url":"https:\/\/www.estrategiaconcursos.com.br\/blog\/author\/viniciussilvaestrategiaconcursos-com-br\/"}]}},"_links":{"self":[{"href":"https:\/\/www.estrategiaconcursos.com.br\/blog\/wp-json\/wp\/v2\/posts\/389552","targetHints":{"allow":["GET"]}}],"collection":[{"href":"https:\/\/www.estrategiaconcursos.com.br\/blog\/wp-json\/wp\/v2\/posts"}],"about":[{"href":"https:\/\/www.estrategiaconcursos.com.br\/blog\/wp-json\/wp\/v2\/types\/post"}],"author":[{"embeddable":true,"href":"https:\/\/www.estrategiaconcursos.com.br\/blog\/wp-json\/wp\/v2\/users\/93"}],"replies":[{"embeddable":true,"href":"https:\/\/www.estrategiaconcursos.com.br\/blog\/wp-json\/wp\/v2\/comments?post=389552"}],"version-history":[{"count":4,"href":"https:\/\/www.estrategiaconcursos.com.br\/blog\/wp-json\/wp\/v2\/posts\/389552\/revisions"}],"predecessor-version":[{"id":389684,"href":"https:\/\/www.estrategiaconcursos.com.br\/blog\/wp-json\/wp\/v2\/posts\/389552\/revisions\/389684"}],"wp:featuredmedia":[{"embeddable":true,"href":"https:\/\/www.estrategiaconcursos.com.br\/blog\/wp-json\/wp\/v2\/media\/103442"}],"wp:attachment":[{"href":"https:\/\/www.estrategiaconcursos.com.br\/blog\/wp-json\/wp\/v2\/media?parent=389552"}],"wp:term":[{"taxonomy":"category","embeddable":true,"href":"https:\/\/www.estrategiaconcursos.com.br\/blog\/wp-json\/wp\/v2\/categories?post=389552"},{"taxonomy":"post_tag","embeddable":true,"href":"https:\/\/www.estrategiaconcursos.com.br\/blog\/wp-json\/wp\/v2\/tags?post=389552"},{"taxonomy":"tax_estado","embeddable":true,"href":"https:\/\/www.estrategiaconcursos.com.br\/blog\/wp-json\/wp\/v2\/tax_estado?post=389552"}],"curies":[{"name":"wp","href":"https:\/\/api.w.org\/{rel}","templated":true}]}}