{"id":389505,"date":"2019-06-19T11:51:49","date_gmt":"2019-06-19T14:51:49","guid":{"rendered":"https:\/\/www.estrategiaconcursos.com.br\/blog\/?p=389505"},"modified":"2019-06-19T20:15:43","modified_gmt":"2019-06-19T23:15:43","slug":"gabarito-pgm-campo-grande-direito-do-trabalho-com-recurso","status":"publish","type":"post","link":"https:\/\/www.estrategiaconcursos.com.br\/blog\/gabarito-pgm-campo-grande-direito-do-trabalho-com-recurso\/","title":{"rendered":"Gabarito PGM-CAMPO GRANDE &#8211; Direito do Trabalho (com recurso)"},"content":{"rendered":"\n<p> Ol\u00e1, amigos! <\/p>\n\n\n\n<p>Saiu o gabarito preliminar da prova para a PGM-Campo Grande e identifiquei duas quest\u00f5es pass\u00edveis de recurso. <\/p>\n\n\n\n<p>Vamos l\u00e1: <\/p>\n\n\n\n<p><strong>82 A demiss\u00e3o sem justa causa de empregado portador de doen\u00e7a grave presume-se discriminat\u00f3ria e gera o direito \u00e0 reintegra\u00e7\u00e3o<\/strong><\/p>\n\n\n\n<p><em>Gabarito preliminar (C)<\/em><\/p>\n\n\n\n<p>A Banca apontou, como gabarito preliminar, a corre\u00e7\u00e3o da proposi\u00e7\u00e3o.\nInobstante, a partir de uma an\u00e1lise cuidadosa da jurisprud\u00eancia do TST, a\nafirma\u00e7\u00e3o acima afigura-se incorreta. Em linhas gerais, para a presun\u00e7\u00e3o da\ndiscrimina\u00e7\u00e3o, nos termos da S\u00famula 443 do TST e da Lei 9.029\/1995, \u00e9\nnecess\u00e1rio a conflu\u00eancia de dois fatores: (i) gravidade da doen\u00e7a e (ii) doen\u00e7a\nser causa de estima ou preconceito.<\/p>\n\n\n\n<p>Em raz\u00e3o de tal racioc\u00ednio, o TST tem aplicado os efeitos da S\u00famula 443 a empregados portadores de doen\u00e7as como alcoolismo, l\u00fapus, neoplasia maligna de pr\u00f3stata, entre outras, e, por outro lado, negado seus efeitos a empregados portadores de doen\u00e7a grave que n\u00e3o cause estima, a exemplo da cardiopatia.<\/p>\n\n\n\n<p>A este respeito, transcrevo o seguinte julgado:<\/p>\n\n\n\n<blockquote class=\"wp-block-quote is-layout-flow wp-block-quote-is-layout-flow\"><p><em>RECURSO DE REVISTA. APELO INTERPOSTO NA VIG\u00caNCIA DA LEI N.\u00ba 13.015\/2014. DISPENSA DISCRIMINAT\u00d3RIA. PORTADOR DE DOEN\u00c7A GRAVE. AUS\u00caNCIA DE ESTIGMA E PRECONCEITO. ESTABILIDADE N\u00c3O RECONHECIDA. Embora a doen\u00e7a card\u00edaca possa ser considerada como doen\u00e7a grave, n\u00e3o se pode presumir discriminat\u00f3ria a dispensa de empregado portador da referida doen\u00e7a, pois, nos termos do entendimento da S\u00famula n.\u00ba 443 do TST, a presun\u00e7\u00e3o de que tenha havido discrimina\u00e7\u00e3o se volta apenas a \u201c<strong>doen\u00e7as graves que suscitem estigma ou preconceito<\/strong>\u201d. Ademais, as doen\u00e7as graves n\u00e3o est\u00e3o arroladas no artigo 1.\u00ba da Lei n.\u00ba 9.029\/1995, que veda a discrimina\u00e7\u00e3o para fins de admiss\u00e3o ou dispensa de empregados. Nesse sentido, prevalece o entendimento de que o Reclamante deve comprovar que sofreu discrimina\u00e7\u00e3o. Inexistindo a discrimina\u00e7\u00e3o, \u00e9 indevida tamb\u00e9m a indeniza\u00e7\u00e3o por danos morais que foi deferida por este motivo. Recurso de Revista parcialmente conhecido e provido.<\/em><\/p><p><em>RR-2551-38.2012.5.02.0070. DEJT. 7\/12\/2017<\/em><\/p><\/blockquote>\n\n\n\n<p> <\/p>\n\n\n\n<p>Assim, pugna-se pela altera\u00e7\u00e3o do gabarito, dando-se a proposi\u00e7\u00e3o como incorreta. <\/p>\n\n\n\n<p> <\/p>\n\n\n\n<p><\/p>\n\n\n\n<p><strong>90 Empregado dispensado durante movimento grevista possui o direito de ser reintegrado ao emprego.<\/strong><\/p>\n\n\n\n<p><em>Gabarito preliminar (E)<\/em><\/p>\n\n\n\n<p>A despeito do gabarito preliminar apontado pela Banca e da\nmen\u00e7\u00e3o ao posicionamento do TST constante do respectivo enunciado, n\u00e3o se pode\nperder de vista a regra geral constante da Lei 7.783\/1989:<\/p>\n\n\n\n<blockquote class=\"wp-block-quote is-layout-flow wp-block-quote-is-layout-flow\"><p><em>Artigo 7\u00ba, par\u00e1grafo \u00fanico. \u00c9 <strong>vedada<\/strong> a rescis\u00e3o de contrato de trabalho durante a greve, bem como a contrata\u00e7\u00e3o de trabalhadores substitutos, exceto na ocorr\u00eancia das hip\u00f3teses previstas nos arts. 9\u00ba e 14.<\/em><\/p><\/blockquote>\n\n\n\n<p>Em raz\u00e3o deste dispositivo, o TST j\u00e1 deliberou, em mais de uma oportunidade, no sentido de que tal conduta \u00e9 ilegal (id\u00eantica ementa):<\/p>\n\n\n\n<blockquote class=\"wp-block-quote is-layout-flow wp-block-quote-is-layout-flow\"><p>RECURSO DE REVISTA. DEFLAGRA\u00c7\u00c3O DE GREVE PELA CATEGORIA. RESCIS\u00c3O DO CONTRATO DE TRABALHO DO RECLAMANTE SEM JUSTA CAUSA, NO CURSO DA GREVE. TRABALHADOR QUE N\u00c3O ADERIU AO MOVIMENTO PAREDISTA. ART. 7\u00ba DA LEI 7.783\/89. INDENIZA\u00c7\u00c3O. <\/p><p>O instituto da greve, ao ser incorporado pela ordem jur\u00eddica como um direito, acaba por encontrar nela suas pr\u00f3prias potencialidades e limita\u00e7\u00f5es e, entre as potencialidades, est\u00e1 a prote\u00e7\u00e3o de dispensa dos trabalhadores, conforme art. 7\u00ba, par\u00e1grafo \u00fanico, da Lei 7.783\/89. Nessa medida, tamb\u00e9m o art. 6\u00ba da Lei 7.783\/89 desautoriza a ado\u00e7\u00e3o de condutas antissindicais. Assim, <strong>em regra, n\u00e3o ser\u00e1 poss\u00edvel ao empregador rescindir os contratos de trabalho no decurso de greve<\/strong>, ainda que n\u00e3o se trate de trabalhador grevista. No caso dos autos, verifica-se que o Reclamante foi dispensado sem justa causa em 07\/12\/2011, depois de deflagrada greve na categoria em 06\/12\/2011. Tem-se, com isso, que o ato de dispensa sem justa causa do empregado configura conduta antissindical da empresa. Nessa circunst\u00e2ncia, compreende-se razo\u00e1vel fixar indeniza\u00e7\u00e3o como forma de compensa\u00e7\u00e3o pelo ato il\u00edcito praticado pela empregadora, al\u00e9m de ostentar recomend\u00e1vel diretriz pedag\u00f3gica. Recurso de revista conhecido e parcialmente provido.<\/p><p>TST-RR-114800-83.2012.5.17.0014. Publicado ac\u00f3rd\u00e3o em 28\/04\/2017<\/p><\/blockquote>\n\n\n\n<p> <\/p>\n\n\n\n<blockquote class=\"wp-block-quote is-layout-flow wp-block-quote-is-layout-flow\"><p>RECURSO DE REVISTA. DEFLAGRA\u00c7\u00c3O DE GREVE PELA CATEGORIA. RESCIS\u00c3O DO CONTRATO DE TRABALHO DO RECLAMANTE SEM JUSTA CAUSA, NO CURSO DA GREVE. TRABALHADOR QUE N\u00c3O ADERIU AO MOVIMENTO PAREDISTA. ART. 7\u00ba DA LEI 7.783\/89. INDENIZA\u00c7\u00c3O. O instituto da greve, ao ser incorporado pela ordem jur\u00eddica como um direito, acaba por encontrar nela suas pr\u00f3prias potencialidades e limita\u00e7\u00f5es e, entre as potencialidades, est\u00e1 a prote\u00e7\u00e3o de dispensa dos trabalhadores, conforme art. 7\u00ba, par\u00e1grafo \u00fanico, da Lei 7.783\/89. Nessa medida, tamb\u00e9m o art. 6\u00ba da Lei 7.783\/89 desautoriza a ado\u00e7\u00e3o de condutas antissindicais. Assim, em regra, n\u00e3o ser\u00e1 poss\u00edvel ao empregador rescindir os contratos de trabalho no decurso de greve, ainda que n\u00e3o se trate de trabalhador grevista. No caso dos autos, verifica-se que o Reclamante foi dispensado sem justa causa em 21\/3\/2011, depois de deflagrada greve na categoria em 18\/3\/2011. Tem-se, com isso, que o ato de dispensa sem justa causa do empregado configura conduta antissindical da empresa. Nessa circunst\u00e2ncia, compreende-se razo\u00e1vel fixar indeniza\u00e7\u00e3o como forma de compensa\u00e7\u00e3o pelo ato il\u00edcito praticado pela empregadora, al\u00e9m de ostentar recomend\u00e1vel diretriz pedag\u00f3gica. Recurso de revista conhecido e parcialmente provido.<\/p><p>TST-RR-1810-20.2011.5.02.0462. Publicado ac\u00f3rd\u00e3o em 19\/09\/2014<\/p><\/blockquote>\n\n\n\n<p> <\/p>\n\n\n\n<p>A despeito de, nos casos concretos acima transcritos, a Corte ter optado por fixar indeniza\u00e7\u00e3o, n\u00e3o se pode afastar a ilegalidade da conduta patronal a qual, em determinados casos, poder\u00e1 ensejar a reintegra\u00e7\u00e3o de empregados dispensados sem justa causa durante o movimento grevista.<\/p>\n\n\n\n<p>Com efeito, tamb\u00e9m quanto \u00e0 quest\u00e3o 90 afigura-se inadequado o gabarito preliminar proposto pela Banca, pugnando-se pelo sua <strong>anula\u00e7\u00e3o<\/strong>, dada a ilegalidade da conduta patronal mencionada.<\/p>\n","protected":false},"excerpt":{"rendered":"<p>Ol\u00e1, amigos! Saiu o gabarito preliminar da prova para a PGM-Campo Grande e identifiquei duas quest\u00f5es pass\u00edveis de recurso. Vamos l\u00e1: 82 A demiss\u00e3o sem justa causa de empregado portador de doen\u00e7a grave presume-se discriminat\u00f3ria e gera o direito \u00e0 reintegra\u00e7\u00e3o Gabarito preliminar (C) A Banca apontou, como gabarito preliminar, a corre\u00e7\u00e3o da proposi\u00e7\u00e3o. Inobstante, [&hellip;]<\/p>\n","protected":false},"author":135,"featured_media":0,"comment_status":"open","ping_status":"closed","sticky":false,"template":"","format":"standard","meta":{"post_tipo":"article","footnotes":""},"categories":[1],"tags":[3740],"tax_estado":[],"class_list":["post-389505","post","type-post","status-publish","format-standard","hentry","category-cursos-e-concursos","tag-pgm-campo-grande"],"acf":[],"yoast_head":"<!-- This site is optimized with the Yoast SEO Premium plugin v27.2 (Yoast SEO v27.2) - https:\/\/yoast.com\/product\/yoast-seo-premium-wordpress\/ -->\n<title>Gabarito PGM-CAMPO GRANDE - Direito do Trabalho (com recurso)<\/title>\n<meta name=\"robots\" content=\"index, follow, max-snippet:-1, max-image-preview:large, max-video-preview:-1\" \/>\n<link rel=\"canonical\" href=\"https:\/\/www.estrategiaconcursos.com.br\/blog\/gabarito-pgm-campo-grande-direito-do-trabalho-com-recurso\/\" \/>\n<meta property=\"og:locale\" content=\"pt_BR\" \/>\n<meta property=\"og:type\" content=\"article\" \/>\n<meta property=\"og:title\" content=\"Gabarito PGM-CAMPO GRANDE - Direito do Trabalho (com recurso)\" \/>\n<meta property=\"og:description\" content=\"Ol\u00e1, amigos! Saiu o gabarito preliminar da prova para a PGM-Campo Grande e identifiquei duas quest\u00f5es pass\u00edveis de recurso. Vamos l\u00e1: 82 A demiss\u00e3o sem justa causa de empregado portador de doen\u00e7a grave presume-se discriminat\u00f3ria e gera o direito \u00e0 reintegra\u00e7\u00e3o Gabarito preliminar (C) A Banca apontou, como gabarito preliminar, a corre\u00e7\u00e3o da proposi\u00e7\u00e3o. Inobstante, [&hellip;]\" \/>\n<meta property=\"og:url\" content=\"https:\/\/www.estrategiaconcursos.com.br\/blog\/gabarito-pgm-campo-grande-direito-do-trabalho-com-recurso\/\" \/>\n<meta property=\"og:site_name\" content=\"Estrat\u00e9gia Concursos\" \/>\n<meta property=\"article:published_time\" content=\"2019-06-19T14:51:49+00:00\" \/>\n<meta property=\"article:modified_time\" content=\"2019-06-19T23:15:43+00:00\" \/>\n<meta name=\"author\" content=\"Antonio Daud\" \/>\n<meta name=\"twitter:card\" content=\"summary_large_image\" \/>\n<meta name=\"twitter:creator\" content=\"@EstratConcursos\" \/>\n<meta name=\"twitter:site\" content=\"@EstratConcursos\" \/>\n<meta name=\"twitter:label1\" content=\"Escrito por\" \/>\n\t<meta name=\"twitter:data1\" content=\"Antonio Daud\" \/>\n\t<meta name=\"twitter:label2\" content=\"Est. tempo de leitura\" \/>\n\t<meta name=\"twitter:data2\" content=\"5 minutos\" \/>\n<script type=\"application\/ld+json\" class=\"yoast-schema-graph\">{\"@context\":\"https:\/\/schema.org\",\"@graph\":[{\"@type\":\"NewsArticle\",\"@id\":\"https:\/\/www.estrategiaconcursos.com.br\/blog\/gabarito-pgm-campo-grande-direito-do-trabalho-com-recurso\/#article\",\"isPartOf\":{\"@id\":\"https:\/\/www.estrategiaconcursos.com.br\/blog\/gabarito-pgm-campo-grande-direito-do-trabalho-com-recurso\/\"},\"author\":{\"name\":\"Antonio Daud\",\"@id\":\"https:\/\/www.estrategiaconcursos.com.br\/blog\/#\/schema\/person\/90692507130b147bb9128fc093141dad\"},\"headline\":\"Gabarito PGM-CAMPO GRANDE &#8211; Direito do Trabalho (com recurso)\",\"datePublished\":\"2019-06-19T14:51:49+00:00\",\"dateModified\":\"2019-06-19T23:15:43+00:00\",\"mainEntityOfPage\":{\"@id\":\"https:\/\/www.estrategiaconcursos.com.br\/blog\/gabarito-pgm-campo-grande-direito-do-trabalho-com-recurso\/\"},\"wordCount\":964,\"commentCount\":0,\"publisher\":{\"@id\":\"https:\/\/www.estrategiaconcursos.com.br\/blog\/#organization\"},\"keywords\":[\"PGM Campo Grande\"],\"articleSection\":[\"Concursos P\u00fablicos\"],\"inLanguage\":\"pt-BR\",\"potentialAction\":[{\"@type\":\"CommentAction\",\"name\":\"Comment\",\"target\":[\"https:\/\/www.estrategiaconcursos.com.br\/blog\/gabarito-pgm-campo-grande-direito-do-trabalho-com-recurso\/#respond\"]}],\"copyrightYear\":\"2019\",\"copyrightHolder\":{\"@id\":\"https:\/\/www.estrategiaconcursos.com.br\/blog\/#organization\"}},{\"@type\":\"WebPage\",\"@id\":\"https:\/\/www.estrategiaconcursos.com.br\/blog\/gabarito-pgm-campo-grande-direito-do-trabalho-com-recurso\/\",\"url\":\"https:\/\/www.estrategiaconcursos.com.br\/blog\/gabarito-pgm-campo-grande-direito-do-trabalho-com-recurso\/\",\"name\":\"Gabarito PGM-CAMPO GRANDE - Direito do Trabalho (com recurso)\",\"isPartOf\":{\"@id\":\"https:\/\/www.estrategiaconcursos.com.br\/blog\/#website\"},\"datePublished\":\"2019-06-19T14:51:49+00:00\",\"dateModified\":\"2019-06-19T23:15:43+00:00\",\"breadcrumb\":{\"@id\":\"https:\/\/www.estrategiaconcursos.com.br\/blog\/gabarito-pgm-campo-grande-direito-do-trabalho-com-recurso\/#breadcrumb\"},\"inLanguage\":\"pt-BR\",\"potentialAction\":[{\"@type\":\"ReadAction\",\"target\":[\"https:\/\/www.estrategiaconcursos.com.br\/blog\/gabarito-pgm-campo-grande-direito-do-trabalho-com-recurso\/\"]}]},{\"@type\":\"BreadcrumbList\",\"@id\":\"https:\/\/www.estrategiaconcursos.com.br\/blog\/gabarito-pgm-campo-grande-direito-do-trabalho-com-recurso\/#breadcrumb\",\"itemListElement\":[{\"@type\":\"ListItem\",\"position\":1,\"name\":\"In\u00edcio\",\"item\":\"https:\/\/www.estrategiaconcursos.com.br\/blog\/\"},{\"@type\":\"ListItem\",\"position\":2,\"name\":\"Gabarito PGM-CAMPO GRANDE &#8211; Direito do Trabalho (com recurso)\"}]},{\"@type\":\"WebSite\",\"@id\":\"https:\/\/www.estrategiaconcursos.com.br\/blog\/#website\",\"url\":\"https:\/\/www.estrategiaconcursos.com.br\/blog\/\",\"name\":\"Estrat\u00e9gia Concursos\",\"description\":\"O blog da Estrat\u00e9gia Concursos traz not\u00edcias sobre concursos e artigos de professores oferecendo cursos para concursos (pdf + videaulas) no site.\",\"publisher\":{\"@id\":\"https:\/\/www.estrategiaconcursos.com.br\/blog\/#organization\"},\"potentialAction\":[{\"@type\":\"SearchAction\",\"target\":{\"@type\":\"EntryPoint\",\"urlTemplate\":\"https:\/\/www.estrategiaconcursos.com.br\/blog\/?s={search_term_string}\"},\"query-input\":{\"@type\":\"PropertyValueSpecification\",\"valueRequired\":true,\"valueName\":\"search_term_string\"}}],\"inLanguage\":\"pt-BR\"},{\"@type\":\"Organization\",\"@id\":\"https:\/\/www.estrategiaconcursos.com.br\/blog\/#organization\",\"name\":\"Estrat\u00e9gia Concursos\",\"url\":\"https:\/\/www.estrategiaconcursos.com.br\/blog\/\",\"logo\":{\"@type\":\"ImageObject\",\"inLanguage\":\"pt-BR\",\"@id\":\"https:\/\/www.estrategiaconcursos.com.br\/blog\/#\/schema\/logo\/image\/\",\"url\":\"https:\/\/dhg1h5j42swfq.cloudfront.net\/2025\/06\/03203428\/logo_concursos-1.jpg\",\"contentUrl\":\"https:\/\/dhg1h5j42swfq.cloudfront.net\/2025\/06\/03203428\/logo_concursos-1.jpg\",\"width\":230,\"height\":60,\"caption\":\"Estrat\u00e9gia Concursos\"},\"image\":{\"@id\":\"https:\/\/www.estrategiaconcursos.com.br\/blog\/#\/schema\/logo\/image\/\"},\"sameAs\":[\"https:\/\/x.com\/EstratConcursos\"]},{\"@type\":\"Person\",\"@id\":\"https:\/\/www.estrategiaconcursos.com.br\/blog\/#\/schema\/person\/90692507130b147bb9128fc093141dad\",\"name\":\"Antonio Daud\",\"image\":{\"@type\":\"ImageObject\",\"inLanguage\":\"pt-BR\",\"@id\":\"https:\/\/secure.gravatar.com\/avatar\/9a6539d0d807c3d7c2aaa709166f9aa9824103126593f30916973bcaedf16896?s=96&d=mm&r=g\",\"url\":\"https:\/\/secure.gravatar.com\/avatar\/9a6539d0d807c3d7c2aaa709166f9aa9824103126593f30916973bcaedf16896?s=96&d=mm&r=g\",\"contentUrl\":\"https:\/\/secure.gravatar.com\/avatar\/9a6539d0d807c3d7c2aaa709166f9aa9824103126593f30916973bcaedf16896?s=96&d=mm&r=g\",\"caption\":\"Antonio Daud\"},\"description\":\"Antonio Daud J\u00fanior \u00e9 bacharel em Engenharia El\u00e9trica e em Direito. Foi Analista de Finan\u00e7as e Controle da Controladoria-Geral da Uni\u00e3o\/Presid\u00eancia da Rep\u00fablica (CGU\/PR), aprovado no concurso de 2008. Atualmente \u00e9 Auditor Federal de Controle Externo (AUFC) do Tribunal de Contas da Uni\u00e3o (TCU), aprovado tamb\u00e9m em 2008.\",\"sameAs\":[\"https:\/\/www.instagram.com\/professordaud\/?hl=en\"],\"url\":\"https:\/\/www.estrategiaconcursos.com.br\/blog\/author\/antoniodaudestrategiaconcursos-com-br\/\"}]}<\/script>\n<!-- \/ Yoast SEO Premium plugin. -->","yoast_head_json":{"title":"Gabarito PGM-CAMPO GRANDE - Direito do Trabalho (com recurso)","robots":{"index":"index","follow":"follow","max-snippet":"max-snippet:-1","max-image-preview":"max-image-preview:large","max-video-preview":"max-video-preview:-1"},"canonical":"https:\/\/www.estrategiaconcursos.com.br\/blog\/gabarito-pgm-campo-grande-direito-do-trabalho-com-recurso\/","og_locale":"pt_BR","og_type":"article","og_title":"Gabarito PGM-CAMPO GRANDE - Direito do Trabalho (com recurso)","og_description":"Ol\u00e1, amigos! Saiu o gabarito preliminar da prova para a PGM-Campo Grande e identifiquei duas quest\u00f5es pass\u00edveis de recurso. Vamos l\u00e1: 82 A demiss\u00e3o sem justa causa de empregado portador de doen\u00e7a grave presume-se discriminat\u00f3ria e gera o direito \u00e0 reintegra\u00e7\u00e3o Gabarito preliminar (C) A Banca apontou, como gabarito preliminar, a corre\u00e7\u00e3o da proposi\u00e7\u00e3o. Inobstante, [&hellip;]","og_url":"https:\/\/www.estrategiaconcursos.com.br\/blog\/gabarito-pgm-campo-grande-direito-do-trabalho-com-recurso\/","og_site_name":"Estrat\u00e9gia Concursos","article_published_time":"2019-06-19T14:51:49+00:00","article_modified_time":"2019-06-19T23:15:43+00:00","author":"Antonio Daud","twitter_card":"summary_large_image","twitter_creator":"@EstratConcursos","twitter_site":"@EstratConcursos","twitter_misc":{"Escrito por":"Antonio Daud","Est. tempo de leitura":"5 minutos"},"schema":{"@context":"https:\/\/schema.org","@graph":[{"@type":"NewsArticle","@id":"https:\/\/www.estrategiaconcursos.com.br\/blog\/gabarito-pgm-campo-grande-direito-do-trabalho-com-recurso\/#article","isPartOf":{"@id":"https:\/\/www.estrategiaconcursos.com.br\/blog\/gabarito-pgm-campo-grande-direito-do-trabalho-com-recurso\/"},"author":{"name":"Antonio Daud","@id":"https:\/\/www.estrategiaconcursos.com.br\/blog\/#\/schema\/person\/90692507130b147bb9128fc093141dad"},"headline":"Gabarito PGM-CAMPO GRANDE &#8211; Direito do Trabalho (com recurso)","datePublished":"2019-06-19T14:51:49+00:00","dateModified":"2019-06-19T23:15:43+00:00","mainEntityOfPage":{"@id":"https:\/\/www.estrategiaconcursos.com.br\/blog\/gabarito-pgm-campo-grande-direito-do-trabalho-com-recurso\/"},"wordCount":964,"commentCount":0,"publisher":{"@id":"https:\/\/www.estrategiaconcursos.com.br\/blog\/#organization"},"keywords":["PGM Campo Grande"],"articleSection":["Concursos P\u00fablicos"],"inLanguage":"pt-BR","potentialAction":[{"@type":"CommentAction","name":"Comment","target":["https:\/\/www.estrategiaconcursos.com.br\/blog\/gabarito-pgm-campo-grande-direito-do-trabalho-com-recurso\/#respond"]}],"copyrightYear":"2019","copyrightHolder":{"@id":"https:\/\/www.estrategiaconcursos.com.br\/blog\/#organization"}},{"@type":"WebPage","@id":"https:\/\/www.estrategiaconcursos.com.br\/blog\/gabarito-pgm-campo-grande-direito-do-trabalho-com-recurso\/","url":"https:\/\/www.estrategiaconcursos.com.br\/blog\/gabarito-pgm-campo-grande-direito-do-trabalho-com-recurso\/","name":"Gabarito PGM-CAMPO GRANDE - Direito do Trabalho (com recurso)","isPartOf":{"@id":"https:\/\/www.estrategiaconcursos.com.br\/blog\/#website"},"datePublished":"2019-06-19T14:51:49+00:00","dateModified":"2019-06-19T23:15:43+00:00","breadcrumb":{"@id":"https:\/\/www.estrategiaconcursos.com.br\/blog\/gabarito-pgm-campo-grande-direito-do-trabalho-com-recurso\/#breadcrumb"},"inLanguage":"pt-BR","potentialAction":[{"@type":"ReadAction","target":["https:\/\/www.estrategiaconcursos.com.br\/blog\/gabarito-pgm-campo-grande-direito-do-trabalho-com-recurso\/"]}]},{"@type":"BreadcrumbList","@id":"https:\/\/www.estrategiaconcursos.com.br\/blog\/gabarito-pgm-campo-grande-direito-do-trabalho-com-recurso\/#breadcrumb","itemListElement":[{"@type":"ListItem","position":1,"name":"In\u00edcio","item":"https:\/\/www.estrategiaconcursos.com.br\/blog\/"},{"@type":"ListItem","position":2,"name":"Gabarito PGM-CAMPO GRANDE &#8211; Direito do Trabalho (com recurso)"}]},{"@type":"WebSite","@id":"https:\/\/www.estrategiaconcursos.com.br\/blog\/#website","url":"https:\/\/www.estrategiaconcursos.com.br\/blog\/","name":"Estrat\u00e9gia Concursos","description":"O blog da Estrat\u00e9gia Concursos traz not\u00edcias sobre concursos e artigos de professores oferecendo cursos para concursos (pdf + videaulas) no site.","publisher":{"@id":"https:\/\/www.estrategiaconcursos.com.br\/blog\/#organization"},"potentialAction":[{"@type":"SearchAction","target":{"@type":"EntryPoint","urlTemplate":"https:\/\/www.estrategiaconcursos.com.br\/blog\/?s={search_term_string}"},"query-input":{"@type":"PropertyValueSpecification","valueRequired":true,"valueName":"search_term_string"}}],"inLanguage":"pt-BR"},{"@type":"Organization","@id":"https:\/\/www.estrategiaconcursos.com.br\/blog\/#organization","name":"Estrat\u00e9gia Concursos","url":"https:\/\/www.estrategiaconcursos.com.br\/blog\/","logo":{"@type":"ImageObject","inLanguage":"pt-BR","@id":"https:\/\/www.estrategiaconcursos.com.br\/blog\/#\/schema\/logo\/image\/","url":"https:\/\/dhg1h5j42swfq.cloudfront.net\/2025\/06\/03203428\/logo_concursos-1.jpg","contentUrl":"https:\/\/dhg1h5j42swfq.cloudfront.net\/2025\/06\/03203428\/logo_concursos-1.jpg","width":230,"height":60,"caption":"Estrat\u00e9gia Concursos"},"image":{"@id":"https:\/\/www.estrategiaconcursos.com.br\/blog\/#\/schema\/logo\/image\/"},"sameAs":["https:\/\/x.com\/EstratConcursos"]},{"@type":"Person","@id":"https:\/\/www.estrategiaconcursos.com.br\/blog\/#\/schema\/person\/90692507130b147bb9128fc093141dad","name":"Antonio Daud","image":{"@type":"ImageObject","inLanguage":"pt-BR","@id":"https:\/\/secure.gravatar.com\/avatar\/9a6539d0d807c3d7c2aaa709166f9aa9824103126593f30916973bcaedf16896?s=96&d=mm&r=g","url":"https:\/\/secure.gravatar.com\/avatar\/9a6539d0d807c3d7c2aaa709166f9aa9824103126593f30916973bcaedf16896?s=96&d=mm&r=g","contentUrl":"https:\/\/secure.gravatar.com\/avatar\/9a6539d0d807c3d7c2aaa709166f9aa9824103126593f30916973bcaedf16896?s=96&d=mm&r=g","caption":"Antonio Daud"},"description":"Antonio Daud J\u00fanior \u00e9 bacharel em Engenharia El\u00e9trica e em Direito. Foi Analista de Finan\u00e7as e Controle da Controladoria-Geral da Uni\u00e3o\/Presid\u00eancia da Rep\u00fablica (CGU\/PR), aprovado no concurso de 2008. Atualmente \u00e9 Auditor Federal de Controle Externo (AUFC) do Tribunal de Contas da Uni\u00e3o (TCU), aprovado tamb\u00e9m em 2008.","sameAs":["https:\/\/www.instagram.com\/professordaud\/?hl=en"],"url":"https:\/\/www.estrategiaconcursos.com.br\/blog\/author\/antoniodaudestrategiaconcursos-com-br\/"}]}},"_links":{"self":[{"href":"https:\/\/www.estrategiaconcursos.com.br\/blog\/wp-json\/wp\/v2\/posts\/389505","targetHints":{"allow":["GET"]}}],"collection":[{"href":"https:\/\/www.estrategiaconcursos.com.br\/blog\/wp-json\/wp\/v2\/posts"}],"about":[{"href":"https:\/\/www.estrategiaconcursos.com.br\/blog\/wp-json\/wp\/v2\/types\/post"}],"author":[{"embeddable":true,"href":"https:\/\/www.estrategiaconcursos.com.br\/blog\/wp-json\/wp\/v2\/users\/135"}],"replies":[{"embeddable":true,"href":"https:\/\/www.estrategiaconcursos.com.br\/blog\/wp-json\/wp\/v2\/comments?post=389505"}],"version-history":[{"count":3,"href":"https:\/\/www.estrategiaconcursos.com.br\/blog\/wp-json\/wp\/v2\/posts\/389505\/revisions"}],"predecessor-version":[{"id":389791,"href":"https:\/\/www.estrategiaconcursos.com.br\/blog\/wp-json\/wp\/v2\/posts\/389505\/revisions\/389791"}],"wp:attachment":[{"href":"https:\/\/www.estrategiaconcursos.com.br\/blog\/wp-json\/wp\/v2\/media?parent=389505"}],"wp:term":[{"taxonomy":"category","embeddable":true,"href":"https:\/\/www.estrategiaconcursos.com.br\/blog\/wp-json\/wp\/v2\/categories?post=389505"},{"taxonomy":"post_tag","embeddable":true,"href":"https:\/\/www.estrategiaconcursos.com.br\/blog\/wp-json\/wp\/v2\/tags?post=389505"},{"taxonomy":"tax_estado","embeddable":true,"href":"https:\/\/www.estrategiaconcursos.com.br\/blog\/wp-json\/wp\/v2\/tax_estado?post=389505"}],"curies":[{"name":"wp","href":"https:\/\/api.w.org\/{rel}","templated":true}]}}