{"id":38943,"date":"2016-05-13T19:51:21","date_gmt":"2016-05-13T22:51:21","guid":{"rendered":"http:\/\/www.estrategiaconcursos.com.br\/blog\/?p=38943"},"modified":"2016-05-13T21:05:03","modified_gmt":"2016-05-14T00:05:03","slug":"dicas-finais-de-portugues-para-inss","status":"publish","type":"post","link":"https:\/\/www.estrategiaconcursos.com.br\/blog\/dicas-finais-de-portugues-para-inss\/","title":{"rendered":"Dicas finais de Portugu\u00eas para INSS. Confira!"},"content":{"rendered":"<p style=\"text-align: justify\"><span style=\"text-decoration: underline\"><span style=\"color: #ff00ff\"><em><strong>Dicas finais de Portugu\u00eas para INSS<\/strong><\/em><\/span><\/span><\/p>\n<p style=\"text-align: justify\"><strong>Ol\u00e1, guerreiros!!!<\/strong><\/p>\n<p style=\"text-align: justify\">Em v\u00e9spera de prova, quero deixar aqui as <span style=\"color: #ff00ff\"><strong>\u00faltimas dicas<\/strong><\/span> sobre o que voc\u00eas devem esperar da prova do INSS 2016 e quais assuntos merecem ser <em><strong>revisados<\/strong> <\/em>antes da hora &#8220;H&#8221;!! S\u00e3o dicas finais de Portugu\u00eas para INSS!!<\/p>\n<p style=\"text-align: justify\">\u00c9 sempre de extrema import\u00e2ncia ir para uma prova elaborada pelo Cespe esperando por quest\u00f5es que reescrita. Aquelas nas quais a banca testa os seus conhecimentos dos candidatos sobre sintaxe, morfologia, sem\u00e2ntica&#8230; Ufa!<\/p>\n<p style=\"text-align: justify\">Querem um exemplo?<\/p>\n<p style=\"text-align: justify\">Trecho base:<\/p>\n<p style=\"text-align: justify\"><em>No Brasil, pode-se considerar marco da hist\u00f3ria da assist\u00eancia jur\u00eddica, ou justi\u00e7a gratuita, a pr\u00f3pria coloniza\u00e7\u00e3o do pa\u00eds, ainda no s\u00e9culo XVI. O surgimento de lides provenientes das in\u00fameras formas de rela\u00e7\u00e3o jur\u00eddica ent\u00e3o <strong>existentes<\/strong> \u2014 e o chamamento da jurisdi\u00e7\u00e3o para resolver essas contendas \u2014 j\u00e1 <strong>dava<\/strong> in\u00edcio a situa\u00e7\u00f5es em que constantemente as partes se viam impossibilitadas de arcar com os poss\u00edveis custos judiciais das demandas.<\/em><\/p>\n<p style=\"text-align: justify\"><strong>(DPU \u2013 2016 \u2013 Analista T\u00e9cnico Administrativo \u2013 CESPE)<\/strong> Sem preju\u00edzo para a corre\u00e7\u00e3o gramatical do per\u00edodo e para o sentido original do texto, o voc\u00e1bulo \u201cexistentes\u201d (l.5) poderia ser flexionado no singular, caso em que passaria a concordar com o antecedente \u201crela\u00e7\u00e3o jur\u00eddica\u201d.<\/p>\n<p style=\"text-align: justify\"><span style=\"color: #0000ff\"><em>Coment\u00e1rio: caso fosse flexionado no singular, geraria erro gramatical, uma vez que o termo \u201cexistentes\u201d \u00e9 um adjetivo e est\u00e1 concordando com o substantivo \u201cformas\u201d, assim como o termo \u201cin\u00fameras\u201d. N\u00e3o h\u00e1 a possibilidade de esse termo concordar com \u201crela\u00e7\u00e3o jur\u00eddica\u201d porque esta express\u00e3o, apesar de ser formada por um substantivo e um adjetivo, tamb\u00e9m \u00e9 especificadora da palavra \u201cformas\u201d. A afirma\u00e7\u00e3o est\u00e1 incorreta.<\/em><\/span><br \/>\n<span style=\"color: #0000ff\"><em> GABARITO: Errado<\/em><\/span><\/p>\n<p style=\"text-align: justify\">Mais uma de reescrita que envolve <span style=\"color: #800080\"><em><strong>CONCORD\u00c2NCIA<\/strong><\/em><\/span> (O Cespe gosta desse conte\u00fado! Revise!):<\/p>\n<p style=\"text-align: justify\"><strong>(DPU \u2013 2016 \u2013 Analista T\u00e9cnico Administrativo \u2013 CESPE)<\/strong> Seria mantida a corre\u00e7\u00e3o gramatical do per\u00edodo caso a forma verbal \u201cdava\u201d (l.6) fosse flexionada no plural, escrevendo-se davam.<\/p>\n<p style=\"text-align: justify\"><em><span style=\"color: #0000ff\">Coment\u00e1rio: a flex\u00e3o do verbo \u201cdava\u201d para o plural geraria erro gramatical porque o sujeito desse verbo \u00e9 simples, a saber: \u201cO surgimento de lides provenientes das in\u00fameras formas de rela\u00e7\u00e3o jur\u00eddica ent\u00e3o existentes\u201d. O trecho entre travess\u00f5es: \u201c\u2014 e o chamamento da jurisdi\u00e7\u00e3o para resolver essas contendas \u2014\u201c \u00e9 um aposto e n\u00e3o pode ser encarado como componente de um sujeito composto.<\/span><\/em><br \/>\n<em><span style=\"color: #0000ff\"> GABARITO: Errado<\/span><\/em><\/p>\n<p style=\"text-align: justify\">Outro assunto que vale revisar antes da prova \u00e9 o uso da <span style=\"color: #800080\"><em><strong>CRASE<\/strong><\/em><\/span>!<\/p>\n<p style=\"text-align: justify\">Exemplo:<\/p>\n<p style=\"text-align: justify\"><strong>(DPU \u2013 2016 \u2013 Analista T\u00e9cnico Administrativo \u2013 CESPE)<\/strong> No trecho \u201cAnteriormente \u00e0 primeira Constitui\u00e7\u00e3o p\u00e1tria\u201d, o emprego do acento indicativo de crase \u00e9 facultativo.<\/p>\n<p style=\"text-align: justify\"><span style=\"color: #0000ff\"><em>Coment\u00e1rio: a afirmativa est\u00e1 incorreta porque o uso da crase \u00e9 obrigat\u00f3rio nesse caso. Assim como o termo \u201cantes\u201d exige preposi\u00e7\u00e3o de, o adv\u00e9rbio \u201canteriormente\u201d exige preposi\u00e7\u00e3o a. A crase \u00e9 formada\u00a0 a partir da jun\u00e7\u00e3o desse &#8220;a&#8221; com o &#8220;a&#8221; que determina o substantivo feminino \u201cConstitui\u00e7\u00e3o\u201d. Regra Geral!<\/em><\/span><br \/>\n<span style=\"color: #0000ff\"><em> GABARITO: Errado<\/em><\/span><\/p>\n<p style=\"text-align: justify\"><a href=\"https:\/\/dhg1h5j42swfq.cloudfront.net\/2016\/02\/29100122\/coruja.png\" rel=\"attachment wp-att-34129\"><img loading=\"lazy\" decoding=\"async\" class=\"alignleft wp-image-34129\" src=\"https:\/\/dhg1h5j42swfq.cloudfront.net\/2016\/02\/29100122\/coruja-300x287.png\" alt=\"Dicas finais de Portugu\u00eas para INSS\" width=\"91\" height=\"87\" srcset=\"https:\/\/dhg1h5j42swfq.cloudfront.net\/2016\/02\/29100122\/coruja.png 300w, https:\/\/dhg1h5j42swfq.cloudfront.net\/2016\/02\/29100122\/coruja.png 314w, https:\/\/dhg1h5j42swfq.cloudfront.net\/2016\/02\/29100122\/coruja.png 413w\" sizes=\"auto, (max-width: 91px) 100vw, 91px\" \/><\/a><\/p>\n<p style=\"text-align: justify\"><span style=\"color: #003300\">Apenas em dois casos a crase \u00e9 <strong><em>facultativa:<\/em><\/strong><\/span><\/p>\n<p style=\"text-align: justify\"><span style=\"color: #003300\">a) Antes de nome pr\u00f3prio de pessoa (feminino, \u00e9 \u00f3bvio):<\/span><\/p>\n<p style=\"text-align: justify\"><span style=\"color: #003300\">Entregarei o livro a Carmem amanh\u00e3 (ou \u00e0 Carmem).<\/span><\/p>\n<p style=\"text-align: justify\"><span style=\"color: #003300\">Escrevi a Martha Medeiros, autora do meu livro preferido (ou \u00e0 Martha Medeiros).<\/span><\/p>\n<p style=\"text-align: justify\"><span style=\"color: #003300\">b) Antes de pronome possessivo feminino singular:<\/span><\/p>\n<p style=\"text-align: justify\"><span style=\"color: #003300\">Diga a sua m\u00e3e que ligarei mais tarde (\u00e0 sua m\u00e3e).<\/span><\/p>\n<p style=\"text-align: justify\"><span style=\"color: #003300\">Oferecemos gratid\u00e3o a nossa professora (ou \u00e0 nossa professora).<\/span><\/p>\n<p style=\"text-align: justify\">Mais um assunto &#8220;quente&#8221; \u00e9 o uso das <span style=\"color: #993366\"><em><strong>V\u00cdRGULAS<\/strong><\/em><\/span> ligado ao sentido que elas estabelecem. Vejam:<\/p>\n<p style=\"text-align: justify\">Trecho base:<\/p>\n<p style=\"text-align: justify\"><em>Ao pensarmos o mundo medieval e o papel dessa mulher, o quadro de exclus\u00e3o se agrava ainda mais, pois, al\u00e9m do sil\u00eancio que encontramos nas fontes de consulta, os textos, <strong>que muito raramente tratam o mundo feminino<\/strong>, est\u00e3o impregnados pela avers\u00e3o dos religiosos da \u00e9poca por elas.<\/em><\/p>\n<p style=\"text-align: justify\"><strong>(ANTAQ \u2013 2014 \u2013 Conhecimentos b\u00e1sicos \/ cargos 5 e 6 \u2013 CESPE)<\/strong> As v\u00edrgulas que isolam a ora\u00e7\u00e3o \u201cque muito raramente tratam o mundo feminino\u201d (l.7) poderiam ser suprimidas, sem preju\u00edzo do sentido original e da corre\u00e7\u00e3o gramatical do texto.<\/p>\n<p style=\"text-align: justify\"><span style=\"color: #0000ff\"><em>Coment\u00e1rio: se as v\u00edrgulas forem retiradas, a ora\u00e7\u00e3o deixar\u00e1 de ser explicativa e passar\u00e1 a ser restritiva, o que alteraria o sentido original.<\/em><\/span><\/p>\n<p style=\"text-align: justify\"><span style=\"color: #0000ff\"><em>MACETE:<\/em><\/span><\/p>\n<p style=\"text-align: justify\"><span style=\"color: #0000ff\"><em>Expli<strong>C<\/strong>ati<strong>V<\/strong>a-&gt; <strong>C<\/strong>om <strong>V<\/strong>\u00edrgulas<\/em><\/span><\/p>\n<p style=\"text-align: justify\"><span style=\"color: #0000ff\"><em>Re<strong>S<\/strong>triti<strong>V<\/strong>a-&gt; <strong>S<\/strong>em <strong>V<\/strong>\u00edrgulas<\/em><\/span><\/p>\n<p style=\"text-align: justify\"><em><span style=\"color: #0000ff\">GABARITTO: ERRADA.<\/span> <\/em><\/p>\n<p style=\"text-align: justify\">Mais uma e <strong>da mesma prova<\/strong>:<\/p>\n<p style=\"text-align: justify\"><strong>(ANTAQ \u2013 2014 \u2013 Conhecimentos b\u00e1sicos \/ cargos 5 e 6 \u2013 CESPE)<\/strong> O emprego das v\u00edrgulas que isolam \u201cde 1940\u201d (l. 19) \u00e9 facultativo, de modo que a supress\u00e3o dessas v\u00edrgulas n\u00e3o prejudicaria o sentido original ou a corre\u00e7\u00e3o gramatical do texto.<\/p>\n<p style=\"text-align: justify\"><span style=\"color: #0000ff\"><em>Coment\u00e1rio: <\/em><em>No trecho &#8221; O atual c\u00f3digo penal, de 1940, abrevia&#8230;&#8221; h\u00e1 um pronome relativo &#8220;que&#8221; e um verbo impl\u00edcitos: \u201c<\/em><em>O atual c\u00f3digo penal, <strong>que<\/strong> \u00e9 de 1940, abrevia&#8230;\u201d. O \u201cque\u201d \u00e9 um pronome relativo, pois retoma o termo anterior. Sendo assim, temos uma ora\u00e7\u00e3o subordinada adjetiva <strong>explicativa<\/strong> &#8211; pois est\u00e1 entre v\u00edrgulas \u2013 \u201cque \u00e9 de 1940\u201d. Ao retirar as v\u00edrgulas, ter\u00edamos uma ora\u00e7\u00e3o subordinada adjetiva <strong>restritiva<\/strong>, implicando, assim, em altera\u00e7\u00e3o do sentido do texto!<\/em><\/span><\/p>\n<p style=\"text-align: justify\"><span style=\"color: #0000ff\"><em>GABARITO: ERRADA<\/em><\/span><\/p>\n<p style=\"text-align: justify\">ATEN\u00c7\u00c3O!! Assunto com 100% de certeza de aparecer na prova no pr\u00f3ximo domingo \u00e9 <strong><span style=\"color: #ff00ff\"><em>REDA\u00c7\u00c3O OFICIAL<\/em><\/span><\/strong>!! Sabem o que \u00e9 mais cobrado sobre esse assunto? Vejam:<\/p>\n<p style=\"text-align: justify\"><strong>(TRT\/10 \u2013 2013 \u2013 Assistente Judici\u00e1rio \u2013 CESPE)<\/strong> O emprego de linguagem simples e vocabul\u00e1rio acess\u00edvel denota coloquialidade, raz\u00e3o por que deve ser evitado em correspond\u00eancias oficiais.<\/p>\n<p style=\"text-align: justify\"><span style=\"color: #0000ff\"><em>Coment\u00e1rio: o erro da quest\u00e3o est\u00e1 em afirmar que o emprego de linguagem simples e vocabul\u00e1rio acess\u00edvel denota coloquialidade, isso \u00e9 um erro! N\u00e3o necessariamente linguagem simples \u00e9 sin\u00f4nimo de coloquialidade. O pr\u00f3prio Manual de Reda\u00e7\u00e3o da presid\u00eancia da rep\u00fablica comprova isso no item 1.2: \u201cLembre-se que o padr\u00e3o culto nada tem contra a simplicidade de express\u00e3o, desde que n\u00e3o seja confundida com pobreza de express\u00e3o\u201d. O texto oficial deve ser compreendido por todos. Desde que a mensagem n\u00e3o perca o seu conte\u00fado, \u00e9 recomendado sim o uso de linguagem simples, acess\u00edvel e n\u00e3o rebuscada.<\/em><\/span><\/p>\n<p style=\"text-align: justify\"><span style=\"color: #0000ff\"><em>GABARITO: ERRADO<\/em><\/span><\/p>\n<p style=\"text-align: justify\"><strong>(PC\/BA \u2013 2013 &#8211; Investigador \u2013 CESPE) <\/strong>Embora as reda\u00e7\u00f5es oficiais devam ser <strong>redigidas<\/strong>, em regra, de forma clara e objetiva, h\u00e1 situa\u00e7\u00f5es em que se recomenda a prolixidade, como nas exposi\u00e7\u00f5es de motivos, nas quais a redund\u00e2ncia \u00e9 necess\u00e1ria.<\/p>\n<p style=\"text-align: justify\"><span style=\"color: #0000ff\"><em>Coment\u00e1rio: Um texto prolixo \u00e9 um texto demasiadamente longo. Tal caracter\u00edstica, que \u00e9 o oposto da concis\u00e3o e da clareza, deve ser evitada. Lembre-se de que toda e qualquer comunica\u00e7\u00e3o oficial deve ser redigida de forma clara e objetiva, n\u00e3o h\u00e1 exce\u00e7\u00e3o.<\/em><\/span><\/p>\n<p style=\"text-align: justify\"><span style=\"color: #0000ff\"><em>GABARITO: ERRADO<\/em><\/span><\/p>\n<p style=\"text-align: justify\">TEXTO BASE PARA AS DUAS PR\u00d3XIMAS QUEST\u00d5ES:<\/p>\n<p style=\"text-align: justify\">Goi\u00e2nia, 15 de janeiro de 2015.<\/p>\n<p style=\"text-align: justify\">Ao Senhor Chefe do Setor de Documenta\u00e7\u00e3o<\/p>\n<p style=\"text-align: justify\">Assunto: <strong>Oficinas de apresenta\u00e7\u00e3o do novo sistema operacional<\/strong><\/p>\n<ol style=\"text-align: justify\">\n<li>Como \u00e9 sabido, recentemente adquirimos um novo sistema operacional. Como se trata de um sistema muito diferente do anterior, informo a Vossa Senhoria que o Setor de Tecnologia (SeTec) oferecer\u00e1, entre os dias 26 e 30 de janeiro deste ano, uma s\u00e9rie de oficinas pr\u00e1ticas para apresenta\u00e7\u00e3o desse novo sistema aos funcion\u00e1rios.<\/li>\n<li>Por essa raz\u00e3o, solicito que, no per\u00edodo acima indicado, Vossa Senhoria libere todos os funcion\u00e1rios do seu setor duas horas antes do fim do expediente para que eles possam frequentar as oficinas.<\/li>\n<li>Devo mencionar, por fim, que a participa\u00e7\u00e3o dos funcion\u00e1rios nas oficinas \u00e9 obrigat\u00f3ria, pois o novo sistema j\u00e1 entrar\u00e1 em funcionamento no dia 20 de julho do corrente ano. Nessa data, todos j\u00e1 dever\u00e3o conhec\u00ea-lo e saber como oper\u00e1-lo.<\/li>\n<\/ol>\n<p style=\"text-align: justify\">Atenciosamente,<br \/>\n(espa\u00e7o para assinatura)<br \/>\n[nome do signat\u00e1rio]<br \/>\nChefe do Setor de Tecnologia<\/p>\n<p style=\"text-align: justify\"><strong>(TRE\/GO \u2013 2015 &#8211; Analista Judici\u00e1rio \u2013 CESPE)<\/strong> Dada a presen\u00e7a, no texto, do pronome de tratamento \u201cVossa Senhoria\u201d, estaria adequada a substitui\u00e7\u00e3o, no segundo par\u00e1grafo da correspond\u00eancia em apre\u00e7o, da forma verbal \u201clibere\u201d por<strong> libereis<\/strong> e do trecho \u201ctodos os funcion\u00e1rios do seu setor\u201d por<strong> todos os funcion\u00e1rios do vosso setor<\/strong>.<\/p>\n<p style=\"text-align: justify\"><span style=\"color: #0000ff\"><em>Coment\u00e1rio: as duas substitui\u00e7\u00f5es propostas pela quest\u00e3o s\u00e3o invi\u00e1veis. Isso porque os pronomes de tratamento fazem concord\u00e2ncia sempre em terceira pessoa, sendo assim, o verbo \u201clibereis\u201d, conjugado em 2\u00aa pessoa, e o pronome \u201cvossa\u201d, de segunda pessoa, s\u00e3o inadequados para substitui\u00e7\u00e3o no trecho que usa o pronome de tratamento \u201cVossa Senhoria\u201d. <\/em><\/span><\/p>\n<p style=\"text-align: justify\"><span style=\"color: #0000ff\"><em>GABARITO: ERRADO<\/em><\/span><\/p>\n<p style=\"text-align: justify\"><strong>(TRE\/GO \u2013 2015 &#8211; Analista Judici\u00e1rio \u2013 CESPE)<\/strong> De acordo com as informa\u00e7\u00f5es apresentadas, \u00e9 correto afirmar que essa comunica\u00e7\u00e3o \u00e9 um memorando. Por esse motivo, em lugar de \u201cXxx.\u201d, no in\u00edcio do expediente, deveria constar a abrevia\u00e7\u00e3o <strong>Mem<\/strong>.<\/p>\n<p style=\"text-align: justify\"><span style=\"color: #0000ff\"><em>Coment\u00e1rio: confirmamos que a comunica\u00e7\u00e3o em an\u00e1lise \u00e9 um memorando por alguns motivos: o destinat\u00e1rio \u00e9 denominado pelo cargo que ocupa (Ao Senhor Chefe do Setor de Documenta\u00e7\u00e3o), os par\u00e1grafos s\u00e3o numerados, est\u00e1 no padr\u00e3o Of\u00edcio e denota agilidade. Sendo assim, o que se afirma no enunciado est\u00e1 correto.<\/em><\/span><\/p>\n<p style=\"text-align: justify\"><span style=\"color: #0000ff\"><em>GABARITO: CERTO<\/em><\/span><\/p>\n<p style=\"text-align: justify\">Meus caros, o momento agora \u00e9 de revis\u00e3o e de tranquilidade! Com essas dicas finais de Portugu\u00eas para INSS, espero ter contribu\u00eddo! Desejo boa prova para todos aqueles que foram meus alunos e tamb\u00e9m para aqueles que n\u00e3o foram!<\/p>\n<p style=\"text-align: justify\">Contem com o nosso apoio! Sucesso!<\/p>\n<p style=\"text-align: justify\">Abra\u00e7o.<\/p>\n<p style=\"text-align: justify\">Prof\u00aa Rafaela Freitas.<\/p>\n<p style=\"text-align: justify\">Contato: <a href=\"mailto:professorarafaelafreitas@gmail.com\">professorarafaelafreitas@gmail.com<\/a><\/p>\n<p style=\"text-align: justify\"><a href=\"http:\/\/Contato: professorarafaelafreitas@gmail.com https:\/\/www.facebook.com\/prof.rafaelafreitas Periscope: @Rafaela190619\" target=\"_blank\">P\u00e1gina no Facebook<\/a><\/p>\n<p style=\"text-align: justify\">Periscope: @Rafaela190619<\/p>\n<p style=\"text-align: justify\">Conhe\u00e7a os meus cursos: <a href=\"https:\/\/www.estrategiaconcursos.com.br\/cursosPorProfessor\/rafaela-freitas-3351\/\" target=\"_blank\">https:\/\/www.estrategiaconcursos.com.br\/cursosPorProfessor\/rafaela-freitas-3351\/<\/a><\/p>\n","protected":false},"excerpt":{"rendered":"<p>Dicas finais de Portugu\u00eas para INSS Ol\u00e1, guerreiros!!! Em v\u00e9spera de prova, quero deixar aqui as \u00faltimas dicas sobre o que voc\u00eas devem esperar da prova do INSS 2016 e quais assuntos merecem ser revisados antes da hora &#8220;H&#8221;!! S\u00e3o dicas finais de Portugu\u00eas para INSS!! \u00c9 sempre de extrema import\u00e2ncia ir para uma prova [&hellip;]<\/p>\n","protected":false},"author":190,"featured_media":0,"comment_status":"open","ping_status":"open","sticky":false,"template":"","format":"standard","meta":{"post_tipo":"article","footnotes":""},"categories":[1],"tags":[568,629,507,775,26,46,40,300,1751,1752,67,331,18,366,15,1753,1755,1754],"tax_estado":[],"class_list":["post-38943","post","type-post","status-publish","format-standard","hentry","category-cursos-e-concursos","tag-aprovados","tag-auditor-fiscal","tag-auditoria","tag-aulao","tag-cespe","tag-comentarios","tag-concurso","tag-concurso-inss","tag-dicas-de-portugues","tag-dicas-finais-inss","tag-direito-administrativo","tag-gabarito","tag-inss","tag-lingua-portuguesa","tag-portugues","tag-prova-inss","tag-revisao-final-inss","tag-vespera-da-prova"],"acf":[],"yoast_head":"<!-- This site is optimized with the Yoast SEO Premium plugin v27.2 (Yoast SEO v27.2) - https:\/\/yoast.com\/product\/yoast-seo-premium-wordpress\/ -->\n<title>Dicas finais de Portugu\u00eas para INSS. Confira!<\/title>\n<meta name=\"description\" content=\"Dicas finais de Portugu\u00eas para INSS: Confira quais assuntos merecem ser revisados antes da hora &quot;H&quot;!! Leia amais clicando aqui!\" \/>\n<meta name=\"robots\" content=\"index, follow, max-snippet:-1, max-image-preview:large, max-video-preview:-1\" \/>\n<link rel=\"canonical\" href=\"https:\/\/www.estrategiaconcursos.com.br\/blog\/dicas-finais-de-portugues-para-inss\/\" \/>\n<meta property=\"og:locale\" content=\"pt_BR\" \/>\n<meta property=\"og:type\" content=\"article\" \/>\n<meta property=\"og:title\" content=\"Dicas finais de Portugu\u00eas para INSS. Confira!\" \/>\n<meta property=\"og:description\" content=\"Dicas finais de Portugu\u00eas para INSS: Confira quais assuntos merecem ser revisados antes da hora &quot;H&quot;!! Leia amais clicando aqui!\" \/>\n<meta property=\"og:url\" content=\"https:\/\/www.estrategiaconcursos.com.br\/blog\/dicas-finais-de-portugues-para-inss\/\" \/>\n<meta property=\"og:site_name\" content=\"Estrat\u00e9gia Concursos\" \/>\n<meta property=\"article:published_time\" content=\"2016-05-13T22:51:21+00:00\" \/>\n<meta property=\"article:modified_time\" content=\"2016-05-14T00:05:03+00:00\" \/>\n<meta property=\"og:image\" content=\"https:\/\/dhg1h5j42swfq.cloudfront.net\/2016\/02\/29100122\/coruja-300x287.png\" \/>\n<meta name=\"author\" content=\"Rafaela Freitas\" \/>\n<meta name=\"twitter:card\" content=\"summary_large_image\" \/>\n<meta name=\"twitter:creator\" content=\"@EstratConcursos\" \/>\n<meta name=\"twitter:site\" content=\"@EstratConcursos\" \/>\n<meta name=\"twitter:label1\" content=\"Escrito por\" \/>\n\t<meta name=\"twitter:data1\" content=\"Rafaela Freitas\" \/>\n\t<meta name=\"twitter:label2\" content=\"Est. tempo de leitura\" \/>\n\t<meta name=\"twitter:data2\" content=\"8 minutos\" \/>\n<script type=\"application\/ld+json\" class=\"yoast-schema-graph\">{\"@context\":\"https:\/\/schema.org\",\"@graph\":[{\"@type\":\"NewsArticle\",\"@id\":\"https:\/\/www.estrategiaconcursos.com.br\/blog\/dicas-finais-de-portugues-para-inss\/#article\",\"isPartOf\":{\"@id\":\"https:\/\/www.estrategiaconcursos.com.br\/blog\/dicas-finais-de-portugues-para-inss\/\"},\"author\":{\"name\":\"Rafaela Freitas\",\"@id\":\"https:\/\/www.estrategiaconcursos.com.br\/blog\/#\/schema\/person\/b91f2c79fa09f992bd34e4182afb626c\"},\"headline\":\"Dicas finais de Portugu\u00eas para INSS. Confira!\",\"datePublished\":\"2016-05-13T22:51:21+00:00\",\"dateModified\":\"2016-05-14T00:05:03+00:00\",\"mainEntityOfPage\":{\"@id\":\"https:\/\/www.estrategiaconcursos.com.br\/blog\/dicas-finais-de-portugues-para-inss\/\"},\"wordCount\":1563,\"commentCount\":3,\"publisher\":{\"@id\":\"https:\/\/www.estrategiaconcursos.com.br\/blog\/#organization\"},\"image\":{\"@id\":\"https:\/\/www.estrategiaconcursos.com.br\/blog\/dicas-finais-de-portugues-para-inss\/#primaryimage\"},\"thumbnailUrl\":\"https:\/\/dhg1h5j42swfq.cloudfront.net\/2016\/02\/29100122\/coruja-300x287.png\",\"keywords\":[\"Aprovados\",\"Auditor-Fiscal\",\"Auditoria\",\"Aul\u00e3o\",\"CESPE\",\"Coment\u00e1rios\",\"Concurso\",\"concurso INSS\",\"DICAS DE PORTUGU\u00caS\",\"Dicas finais inss\",\"Direito Administrativo\",\"Gabarito\",\"INSS\",\"L\u00edngua Portuguesa\",\"Portugu\u00eas\",\"prova inss\",\"revis\u00e3o final inss\",\"v\u00e9spera da prova\"],\"articleSection\":[\"Concursos P\u00fablicos\"],\"inLanguage\":\"pt-BR\",\"potentialAction\":[{\"@type\":\"CommentAction\",\"name\":\"Comment\",\"target\":[\"https:\/\/www.estrategiaconcursos.com.br\/blog\/dicas-finais-de-portugues-para-inss\/#respond\"]}],\"copyrightYear\":\"2016\",\"copyrightHolder\":{\"@id\":\"https:\/\/www.estrategiaconcursos.com.br\/blog\/#organization\"}},{\"@type\":\"WebPage\",\"@id\":\"https:\/\/www.estrategiaconcursos.com.br\/blog\/dicas-finais-de-portugues-para-inss\/\",\"url\":\"https:\/\/www.estrategiaconcursos.com.br\/blog\/dicas-finais-de-portugues-para-inss\/\",\"name\":\"Dicas finais de Portugu\u00eas para INSS. Confira!\",\"isPartOf\":{\"@id\":\"https:\/\/www.estrategiaconcursos.com.br\/blog\/#website\"},\"primaryImageOfPage\":{\"@id\":\"https:\/\/www.estrategiaconcursos.com.br\/blog\/dicas-finais-de-portugues-para-inss\/#primaryimage\"},\"image\":{\"@id\":\"https:\/\/www.estrategiaconcursos.com.br\/blog\/dicas-finais-de-portugues-para-inss\/#primaryimage\"},\"thumbnailUrl\":\"https:\/\/dhg1h5j42swfq.cloudfront.net\/2016\/02\/29100122\/coruja-300x287.png\",\"datePublished\":\"2016-05-13T22:51:21+00:00\",\"dateModified\":\"2016-05-14T00:05:03+00:00\",\"description\":\"Dicas finais de Portugu\u00eas para INSS: Confira quais assuntos merecem ser revisados antes da hora \\\"H\\\"!! Leia amais clicando aqui!\",\"breadcrumb\":{\"@id\":\"https:\/\/www.estrategiaconcursos.com.br\/blog\/dicas-finais-de-portugues-para-inss\/#breadcrumb\"},\"inLanguage\":\"pt-BR\",\"potentialAction\":[{\"@type\":\"ReadAction\",\"target\":[\"https:\/\/www.estrategiaconcursos.com.br\/blog\/dicas-finais-de-portugues-para-inss\/\"]}]},{\"@type\":\"ImageObject\",\"inLanguage\":\"pt-BR\",\"@id\":\"https:\/\/www.estrategiaconcursos.com.br\/blog\/dicas-finais-de-portugues-para-inss\/#primaryimage\",\"url\":\"https:\/\/dhg1h5j42swfq.cloudfront.net\/2016\/02\/29100122\/coruja-300x287.png\",\"contentUrl\":\"https:\/\/dhg1h5j42swfq.cloudfront.net\/2016\/02\/29100122\/coruja-300x287.png\"},{\"@type\":\"BreadcrumbList\",\"@id\":\"https:\/\/www.estrategiaconcursos.com.br\/blog\/dicas-finais-de-portugues-para-inss\/#breadcrumb\",\"itemListElement\":[{\"@type\":\"ListItem\",\"position\":1,\"name\":\"In\u00edcio\",\"item\":\"https:\/\/www.estrategiaconcursos.com.br\/blog\/\"},{\"@type\":\"ListItem\",\"position\":2,\"name\":\"Dicas finais de Portugu\u00eas para INSS. Confira!\"}]},{\"@type\":\"WebSite\",\"@id\":\"https:\/\/www.estrategiaconcursos.com.br\/blog\/#website\",\"url\":\"https:\/\/www.estrategiaconcursos.com.br\/blog\/\",\"name\":\"Estrat\u00e9gia Concursos\",\"description\":\"O blog da Estrat\u00e9gia Concursos traz not\u00edcias sobre concursos e artigos de professores oferecendo cursos para concursos (pdf + videaulas) no site.\",\"publisher\":{\"@id\":\"https:\/\/www.estrategiaconcursos.com.br\/blog\/#organization\"},\"potentialAction\":[{\"@type\":\"SearchAction\",\"target\":{\"@type\":\"EntryPoint\",\"urlTemplate\":\"https:\/\/www.estrategiaconcursos.com.br\/blog\/?s={search_term_string}\"},\"query-input\":{\"@type\":\"PropertyValueSpecification\",\"valueRequired\":true,\"valueName\":\"search_term_string\"}}],\"inLanguage\":\"pt-BR\"},{\"@type\":\"Organization\",\"@id\":\"https:\/\/www.estrategiaconcursos.com.br\/blog\/#organization\",\"name\":\"Estrat\u00e9gia Concursos\",\"url\":\"https:\/\/www.estrategiaconcursos.com.br\/blog\/\",\"logo\":{\"@type\":\"ImageObject\",\"inLanguage\":\"pt-BR\",\"@id\":\"https:\/\/www.estrategiaconcursos.com.br\/blog\/#\/schema\/logo\/image\/\",\"url\":\"https:\/\/dhg1h5j42swfq.cloudfront.net\/2025\/06\/03203428\/logo_concursos-1.jpg\",\"contentUrl\":\"https:\/\/dhg1h5j42swfq.cloudfront.net\/2025\/06\/03203428\/logo_concursos-1.jpg\",\"width\":230,\"height\":60,\"caption\":\"Estrat\u00e9gia Concursos\"},\"image\":{\"@id\":\"https:\/\/www.estrategiaconcursos.com.br\/blog\/#\/schema\/logo\/image\/\"},\"sameAs\":[\"https:\/\/x.com\/EstratConcursos\"]},{\"@type\":\"Person\",\"@id\":\"https:\/\/www.estrategiaconcursos.com.br\/blog\/#\/schema\/person\/b91f2c79fa09f992bd34e4182afb626c\",\"name\":\"Rafaela Freitas\",\"image\":{\"@type\":\"ImageObject\",\"inLanguage\":\"pt-BR\",\"@id\":\"https:\/\/secure.gravatar.com\/avatar\/97ece78bdb320995d343d6c012a26475a2b8b6a591c52fbbd62c62640f68911e?s=96&d=mm&r=g\",\"url\":\"https:\/\/secure.gravatar.com\/avatar\/97ece78bdb320995d343d6c012a26475a2b8b6a591c52fbbd62c62640f68911e?s=96&d=mm&r=g\",\"contentUrl\":\"https:\/\/secure.gravatar.com\/avatar\/97ece78bdb320995d343d6c012a26475a2b8b6a591c52fbbd62c62640f68911e?s=96&d=mm&r=g\",\"caption\":\"Rafaela Freitas\"},\"url\":\"https:\/\/www.estrategiaconcursos.com.br\/blog\/author\/rafaelafreitasestrategiaconcursos-com-br\/\"}]}<\/script>\n<!-- \/ Yoast SEO Premium plugin. -->","yoast_head_json":{"title":"Dicas finais de Portugu\u00eas para INSS. Confira!","description":"Dicas finais de Portugu\u00eas para INSS: Confira quais assuntos merecem ser revisados antes da hora \"H\"!! Leia amais clicando aqui!","robots":{"index":"index","follow":"follow","max-snippet":"max-snippet:-1","max-image-preview":"max-image-preview:large","max-video-preview":"max-video-preview:-1"},"canonical":"https:\/\/www.estrategiaconcursos.com.br\/blog\/dicas-finais-de-portugues-para-inss\/","og_locale":"pt_BR","og_type":"article","og_title":"Dicas finais de Portugu\u00eas para INSS. Confira!","og_description":"Dicas finais de Portugu\u00eas para INSS: Confira quais assuntos merecem ser revisados antes da hora \"H\"!! Leia amais clicando aqui!","og_url":"https:\/\/www.estrategiaconcursos.com.br\/blog\/dicas-finais-de-portugues-para-inss\/","og_site_name":"Estrat\u00e9gia Concursos","article_published_time":"2016-05-13T22:51:21+00:00","article_modified_time":"2016-05-14T00:05:03+00:00","og_image":[{"url":"https:\/\/dhg1h5j42swfq.cloudfront.net\/2016\/02\/29100122\/coruja-300x287.png","type":"","width":"","height":""}],"author":"Rafaela Freitas","twitter_card":"summary_large_image","twitter_creator":"@EstratConcursos","twitter_site":"@EstratConcursos","twitter_misc":{"Escrito por":"Rafaela Freitas","Est. tempo de leitura":"8 minutos"},"schema":{"@context":"https:\/\/schema.org","@graph":[{"@type":"NewsArticle","@id":"https:\/\/www.estrategiaconcursos.com.br\/blog\/dicas-finais-de-portugues-para-inss\/#article","isPartOf":{"@id":"https:\/\/www.estrategiaconcursos.com.br\/blog\/dicas-finais-de-portugues-para-inss\/"},"author":{"name":"Rafaela Freitas","@id":"https:\/\/www.estrategiaconcursos.com.br\/blog\/#\/schema\/person\/b91f2c79fa09f992bd34e4182afb626c"},"headline":"Dicas finais de Portugu\u00eas para INSS. Confira!","datePublished":"2016-05-13T22:51:21+00:00","dateModified":"2016-05-14T00:05:03+00:00","mainEntityOfPage":{"@id":"https:\/\/www.estrategiaconcursos.com.br\/blog\/dicas-finais-de-portugues-para-inss\/"},"wordCount":1563,"commentCount":3,"publisher":{"@id":"https:\/\/www.estrategiaconcursos.com.br\/blog\/#organization"},"image":{"@id":"https:\/\/www.estrategiaconcursos.com.br\/blog\/dicas-finais-de-portugues-para-inss\/#primaryimage"},"thumbnailUrl":"https:\/\/dhg1h5j42swfq.cloudfront.net\/2016\/02\/29100122\/coruja-300x287.png","keywords":["Aprovados","Auditor-Fiscal","Auditoria","Aul\u00e3o","CESPE","Coment\u00e1rios","Concurso","concurso INSS","DICAS DE PORTUGU\u00caS","Dicas finais inss","Direito Administrativo","Gabarito","INSS","L\u00edngua Portuguesa","Portugu\u00eas","prova inss","revis\u00e3o final inss","v\u00e9spera da prova"],"articleSection":["Concursos P\u00fablicos"],"inLanguage":"pt-BR","potentialAction":[{"@type":"CommentAction","name":"Comment","target":["https:\/\/www.estrategiaconcursos.com.br\/blog\/dicas-finais-de-portugues-para-inss\/#respond"]}],"copyrightYear":"2016","copyrightHolder":{"@id":"https:\/\/www.estrategiaconcursos.com.br\/blog\/#organization"}},{"@type":"WebPage","@id":"https:\/\/www.estrategiaconcursos.com.br\/blog\/dicas-finais-de-portugues-para-inss\/","url":"https:\/\/www.estrategiaconcursos.com.br\/blog\/dicas-finais-de-portugues-para-inss\/","name":"Dicas finais de Portugu\u00eas para INSS. Confira!","isPartOf":{"@id":"https:\/\/www.estrategiaconcursos.com.br\/blog\/#website"},"primaryImageOfPage":{"@id":"https:\/\/www.estrategiaconcursos.com.br\/blog\/dicas-finais-de-portugues-para-inss\/#primaryimage"},"image":{"@id":"https:\/\/www.estrategiaconcursos.com.br\/blog\/dicas-finais-de-portugues-para-inss\/#primaryimage"},"thumbnailUrl":"https:\/\/dhg1h5j42swfq.cloudfront.net\/2016\/02\/29100122\/coruja-300x287.png","datePublished":"2016-05-13T22:51:21+00:00","dateModified":"2016-05-14T00:05:03+00:00","description":"Dicas finais de Portugu\u00eas para INSS: Confira quais assuntos merecem ser revisados antes da hora \"H\"!! Leia amais clicando aqui!","breadcrumb":{"@id":"https:\/\/www.estrategiaconcursos.com.br\/blog\/dicas-finais-de-portugues-para-inss\/#breadcrumb"},"inLanguage":"pt-BR","potentialAction":[{"@type":"ReadAction","target":["https:\/\/www.estrategiaconcursos.com.br\/blog\/dicas-finais-de-portugues-para-inss\/"]}]},{"@type":"ImageObject","inLanguage":"pt-BR","@id":"https:\/\/www.estrategiaconcursos.com.br\/blog\/dicas-finais-de-portugues-para-inss\/#primaryimage","url":"https:\/\/dhg1h5j42swfq.cloudfront.net\/2016\/02\/29100122\/coruja-300x287.png","contentUrl":"https:\/\/dhg1h5j42swfq.cloudfront.net\/2016\/02\/29100122\/coruja-300x287.png"},{"@type":"BreadcrumbList","@id":"https:\/\/www.estrategiaconcursos.com.br\/blog\/dicas-finais-de-portugues-para-inss\/#breadcrumb","itemListElement":[{"@type":"ListItem","position":1,"name":"In\u00edcio","item":"https:\/\/www.estrategiaconcursos.com.br\/blog\/"},{"@type":"ListItem","position":2,"name":"Dicas finais de Portugu\u00eas para INSS. Confira!"}]},{"@type":"WebSite","@id":"https:\/\/www.estrategiaconcursos.com.br\/blog\/#website","url":"https:\/\/www.estrategiaconcursos.com.br\/blog\/","name":"Estrat\u00e9gia Concursos","description":"O blog da Estrat\u00e9gia Concursos traz not\u00edcias sobre concursos e artigos de professores oferecendo cursos para concursos (pdf + videaulas) no site.","publisher":{"@id":"https:\/\/www.estrategiaconcursos.com.br\/blog\/#organization"},"potentialAction":[{"@type":"SearchAction","target":{"@type":"EntryPoint","urlTemplate":"https:\/\/www.estrategiaconcursos.com.br\/blog\/?s={search_term_string}"},"query-input":{"@type":"PropertyValueSpecification","valueRequired":true,"valueName":"search_term_string"}}],"inLanguage":"pt-BR"},{"@type":"Organization","@id":"https:\/\/www.estrategiaconcursos.com.br\/blog\/#organization","name":"Estrat\u00e9gia Concursos","url":"https:\/\/www.estrategiaconcursos.com.br\/blog\/","logo":{"@type":"ImageObject","inLanguage":"pt-BR","@id":"https:\/\/www.estrategiaconcursos.com.br\/blog\/#\/schema\/logo\/image\/","url":"https:\/\/dhg1h5j42swfq.cloudfront.net\/2025\/06\/03203428\/logo_concursos-1.jpg","contentUrl":"https:\/\/dhg1h5j42swfq.cloudfront.net\/2025\/06\/03203428\/logo_concursos-1.jpg","width":230,"height":60,"caption":"Estrat\u00e9gia Concursos"},"image":{"@id":"https:\/\/www.estrategiaconcursos.com.br\/blog\/#\/schema\/logo\/image\/"},"sameAs":["https:\/\/x.com\/EstratConcursos"]},{"@type":"Person","@id":"https:\/\/www.estrategiaconcursos.com.br\/blog\/#\/schema\/person\/b91f2c79fa09f992bd34e4182afb626c","name":"Rafaela Freitas","image":{"@type":"ImageObject","inLanguage":"pt-BR","@id":"https:\/\/secure.gravatar.com\/avatar\/97ece78bdb320995d343d6c012a26475a2b8b6a591c52fbbd62c62640f68911e?s=96&d=mm&r=g","url":"https:\/\/secure.gravatar.com\/avatar\/97ece78bdb320995d343d6c012a26475a2b8b6a591c52fbbd62c62640f68911e?s=96&d=mm&r=g","contentUrl":"https:\/\/secure.gravatar.com\/avatar\/97ece78bdb320995d343d6c012a26475a2b8b6a591c52fbbd62c62640f68911e?s=96&d=mm&r=g","caption":"Rafaela Freitas"},"url":"https:\/\/www.estrategiaconcursos.com.br\/blog\/author\/rafaelafreitasestrategiaconcursos-com-br\/"}]}},"_links":{"self":[{"href":"https:\/\/www.estrategiaconcursos.com.br\/blog\/wp-json\/wp\/v2\/posts\/38943","targetHints":{"allow":["GET"]}}],"collection":[{"href":"https:\/\/www.estrategiaconcursos.com.br\/blog\/wp-json\/wp\/v2\/posts"}],"about":[{"href":"https:\/\/www.estrategiaconcursos.com.br\/blog\/wp-json\/wp\/v2\/types\/post"}],"author":[{"embeddable":true,"href":"https:\/\/www.estrategiaconcursos.com.br\/blog\/wp-json\/wp\/v2\/users\/190"}],"replies":[{"embeddable":true,"href":"https:\/\/www.estrategiaconcursos.com.br\/blog\/wp-json\/wp\/v2\/comments?post=38943"}],"version-history":[{"count":15,"href":"https:\/\/www.estrategiaconcursos.com.br\/blog\/wp-json\/wp\/v2\/posts\/38943\/revisions"}],"predecessor-version":[{"id":39036,"href":"https:\/\/www.estrategiaconcursos.com.br\/blog\/wp-json\/wp\/v2\/posts\/38943\/revisions\/39036"}],"wp:attachment":[{"href":"https:\/\/www.estrategiaconcursos.com.br\/blog\/wp-json\/wp\/v2\/media?parent=38943"}],"wp:term":[{"taxonomy":"category","embeddable":true,"href":"https:\/\/www.estrategiaconcursos.com.br\/blog\/wp-json\/wp\/v2\/categories?post=38943"},{"taxonomy":"post_tag","embeddable":true,"href":"https:\/\/www.estrategiaconcursos.com.br\/blog\/wp-json\/wp\/v2\/tags?post=38943"},{"taxonomy":"tax_estado","embeddable":true,"href":"https:\/\/www.estrategiaconcursos.com.br\/blog\/wp-json\/wp\/v2\/tax_estado?post=38943"}],"curies":[{"name":"wp","href":"https:\/\/api.w.org\/{rel}","templated":true}]}}