{"id":389164,"date":"2025-12-26T11:37:00","date_gmt":"2025-12-26T14:37:00","guid":{"rendered":"https:\/\/www.estrategiaconcursos.com.br\/blog\/?p=389164"},"modified":"2026-02-06T14:14:59","modified_gmt":"2026-02-06T17:14:59","slug":"concurso-trt-ma","status":"publish","type":"post","link":"https:\/\/www.estrategiaconcursos.com.br\/blog\/concurso-trt-ma\/","title":{"rendered":"Concurso TRT MA: aumento salarial de 8% em 2026"},"content":{"rendered":"\n<p>Os servidores do <a href=\"https:\/\/www.estrategiaconcursos.com.br\/cursosPorConcurso\/trt-16-regiao-maranhao-250\/\" target=\"_blank\" rel=\"noreferrer noopener\">Tribunal Regional do Trabalho do Maranh\u00e3o da 16\u00aa regi\u00e3o<\/a>&nbsp;(<strong>TRT MA<\/strong>) &nbsp;v\u00e3o come\u00e7ar 2026 com uma boa not\u00edcia: reajuste salarial. <\/p>\n\n\n\n<p>no dia 22 de dezembro de 2025, o presidente Lula sancionou parcialmente o&nbsp;<strong><a href=\"https:\/\/www25.senado.leg.br\/web\/atividade\/materias\/-\/materia\/171600?utm_source=google&amp;utm_medium=cpc&amp;utm_campaign=ec-adm-vd-gdy-telebras-web-101215\" target=\"_blank\" rel=\"noreferrer noopener\">Projeto de Lei n\u00ba 4.750\/25<\/a><\/strong>, referente ao reajuste salarial dos servidores do Judici\u00e1rio federal.<\/p>\n\n\n\n<p>As corre\u00e7\u00f5es sucessivas de 8% previstas para ocorrer anualmente em 2026, 2027 e 2028 foram limitadas a uma parcela apenas, paga no pr\u00f3ximo ano.<\/p>\n\n\n\n<ul class=\"wp-block-list has-cyan-bluish-gray-background-color has-background\">\n<li><strong>Concurso TRT MA<\/strong><\/li>\n\n\n\n<li><strong>Status:<\/strong>&nbsp;resultado divulgado<\/li>\n\n\n\n<li><strong style=\"color: initial;\">Banca<\/strong><span style=\"color: initial;\">: FGV<\/span><\/li>\n\n\n\n<li><strong>Vagas:<\/strong>&nbsp;07 + CR<\/li>\n\n\n\n<li><strong>Sal\u00e1rios a partir de Jul. de 2026:\u00a0<\/strong>R$ 9.776,74 (T\u00e9cnico) e R$ 16.041,21 (Analista)<\/li>\n\n\n\n<li><strong>Edital: <\/strong><a href=\"https:\/\/dhg1h5j42swfq.cloudfront.net\/2022\/08\/08055055\/edital-trt-ma.pdf\" target=\"_blank\" rel=\"noreferrer noopener nofollow\">TRT MA 2022<\/a><\/li>\n<\/ul>\n\n\n\n<div class=\"container\" id=\"boxes\">\n  <div class=\"row\">\n\n    <div class=\"col-sm\">\n      <div class=\"banner-tribunal\" id=\"box-assinatura\">\n        <h3 class=\"titulo-assinatura\">Curso TRT MA<\/h3>\n        <p class=\"subtitulo-assinatura\">Conhe\u00e7a os cursos<\/p>\n        <div class=\"box-botao\">\n          <a class=\"btn-assinatura\" target=\"_blank\" href=\"https:\/\/www.estrategiaconcursos.com.br\/cursosPorConcurso\/trt-16-regiao-maranhao-250\/\" role=\"button\" rel=\"noopener noreferrer\">Conhe\u00e7a mais<\/a>\n        <\/div>\n      <\/div>\n      <p class=\"texto-auxiliar\"><\/p>\n    <\/div>\n\n  <\/div>\n<\/div>\n\n\n\n<p>Se voc\u00ea j\u00e1 quer se preparar para o pr\u00f3ximo certame, ao longo deste artigo vai conferir as novidades e os principais pontos do edital. <\/p>\n\n\n\n<ul class=\"wp-block-list\">\n<li><a href=\"#atual\"><em><strong>Situa\u00e7\u00e3o atual<\/strong><\/em><\/a>\n<ul class=\"wp-block-list\">\n<li><strong><a href=\"#reajuste\">Reajuste<\/a><\/strong><\/li>\n\n\n\n<li><strong><a href=\"#resultado-final\">Resultados <\/a><\/strong><\/li>\n\n\n\n<li><a href=\"#inscritos\"><strong>Inscritos<\/strong><\/a><\/li>\n<\/ul>\n<\/li>\n\n\n\n<li><strong><a href=\"#carreira\">Carreira <\/a><\/strong>\n<ul class=\"wp-block-list\">\n<li><strong><a href=\"#remuneracao\">Remunera\u00e7\u00e3o<\/a><\/strong><\/li>\n\n\n\n<li><strong><a href=\"#cargos\">Cargos, vagas e requisitos<\/a><\/strong><\/li>\n<\/ul>\n<\/li>\n\n\n\n<li><a href=\"#etapas\"><strong>Etapas de prova<\/strong><\/a><\/li>\n\n\n\n<li><strong><a href=\"#ultimo-concurso\">\u00daltimo concurso TRT MA<\/a><\/strong>\n<ul class=\"wp-block-list\">\n<li><strong><a href=\"#distribuicao\">Distribui\u00e7\u00e3o das vagas<\/a><\/strong><\/li>\n\n\n\n<li><strong><a href=\"#etapas\">Etapas do concurso<\/a><\/strong><\/li>\n\n\n\n<li><strong><a href=\"#objetiva\">Prova Objetiva<\/a><\/strong> <\/li>\n\n\n\n<li><a href=\"#inscritos\"><strong>Concorr\u00eancia<\/strong><\/a><\/li>\n\n\n\n<li><strong><a href=\"#nomeacoes\">Nomea\u00e7\u00f5es<\/a><\/strong><\/li>\n<\/ul>\n<\/li>\n\n\n\n<li><a href=\"#material\"><strong>Material de estudos<\/strong><\/a>\n<ul class=\"wp-block-list\">\n<li><a href=\"#vade\"><strong>Vade-M\u00e9cum<\/strong><\/a><\/li>\n<\/ul>\n<\/li>\n\n\n\n<li><strong><a href=\"#assinatura-e-cursos\">Cursos e assinaturas<\/a><\/strong><\/li>\n\n\n\n<li><strong><a href=\"#ficha\">Ficha t\u00e9cnica<\/a><\/strong><\/li>\n<\/ul>\n\n\n\n<h2 class=\"wp-block-heading\" id=\"situacao\">Concurso TRT MA: situa\u00e7\u00e3o atual <\/h2>\n\n\n\n<h3 class=\"wp-block-heading\" id=\"h-reajuste\">Reajuste <\/h3>\n\n\n\n<p>O presidente Lula sancionou parcialmente, no dia 22 de dezembro de 2025, o&nbsp;<strong><a href=\"https:\/\/www25.senado.leg.br\/web\/atividade\/materias\/-\/materia\/171600?utm_source=google&amp;utm_medium=cpc&amp;utm_campaign=ec-adm-vd-gdy-telebras-web-101215\" target=\"_blank\" rel=\"noreferrer noopener\">Projeto de Lei n\u00ba 4.750\/25<\/a><\/strong>, o reajuste salarial dos servidores do Judici\u00e1rio federal.<\/p>\n\n\n\n<p>As corre\u00e7\u00f5es sucessivas de 8% previstas para ocorrer anualmente em 2026, 2027 e 2028 foram limitadas a uma parcela apenas, paga no pr\u00f3ximo ano \u2013 julho de 2026.<\/p>\n\n\n\n<p>Os Tribunais ainda pagar\u00e3o&nbsp;<strong>aux\u00edlio pr\u00e9-escolar<\/strong>&nbsp;e&nbsp;<strong>aux\u00edlio alimenta\u00e7\u00e3o<\/strong>.<\/p>\n\n\n\n<h3 class=\"wp-block-heading\" id=\"h-resultados\">Resultados<\/h3>\n\n\n\n<ul class=\"wp-block-list\">\n<li><a href=\"https:\/\/dhg1h5j42swfq.cloudfront.net\/2023\/03\/15170131\/312_trt-16-resultado-final-aprovados-ampla-2023-03-13.pdf\" target=\"_blank\" rel=\"noreferrer noopener nofollow\">Concurso TRT MA &#8211; resultado final AC<\/a>;<\/li>\n\n\n\n<li><a href=\"https:\/\/dhg1h5j42swfq.cloudfront.net\/2023\/03\/15170205\/312_trt-16-resultado-final-aprovados-pcd-2023-03-13.pdf\" target=\"_blank\" rel=\"noreferrer noopener nofollow\">Concurso TRT MA &#8211; resultado final PCD<\/a>;<\/li>\n\n\n\n<li><a href=\"https:\/\/dhg1h5j42swfq.cloudfront.net\/2023\/03\/15170240\/312_trt-16-resultado-final-aprovados-negros-2023-03-13.pdf\" target=\"_blank\" rel=\"noreferrer noopener nofollow\">Concurso TRT MA &#8211; resultado final Negros<\/a>.<\/li>\n\n\n\n<li><a href=\"https:\/\/dhg1h5j42swfq.cloudfront.net\/2022\/12\/12124027\/312_trt_16_-_resultado_definitivo_prova_objetiva_2022-12-06.pdf\" target=\"_blank\" rel=\"noreferrer noopener nofollow\">Resultado definitivo da prova objetiva<\/a><\/li>\n<\/ul>\n\n\n\n<h3 class=\"wp-block-heading\">Inscritos <\/h3>\n\n\n\n<p>Foi divulgado o n\u00famero de inscritos no&nbsp;<strong>concurso p\u00fablico<\/strong> do<strong> <\/strong>Tribunal Regional do Trabalho da 16\u00aa Regi\u00e3o: aproximadamente 24 mil candidatos.<\/p>\n\n\n\n<p>De acordo com a FGV, s\u00e3o<strong>&nbsp;<a href=\"https:\/\/dhg1h5j42swfq.cloudfront.net\/2022\/11\/01153400\/trt-ma-inscritos.jpeg\">23.868 mil inscritos<\/a>. <\/strong><\/p>\n\n\n\n<h3 class=\"wp-block-heading\" id=\"alteracao-de-escolaridade\">Altera\u00e7\u00e3o de escolaridade<\/h3>\n\n\n\n<p>Foi promulgado o Projeto de Lei&nbsp;<strong>3662\/21<\/strong>, que altera a escolaridade do cargo de T\u00e9cnico Judici\u00e1rio e estabelece o n\u00edvel superior como requisito aos&nbsp;<strong>concursos Tribunais<\/strong>.<\/p>\n\n\n\n<p>Segundo a Federa\u00e7\u00e3o Nacional dos Trabalhadores e Trabalhadoras do Judici\u00e1rio Federal e Minist\u00e9rio P\u00fablico da Uni\u00e3o (Fenajufe) a altera\u00e7\u00e3o da escolaridade valoriza a carreira de T\u00e9cnico Judici\u00e1rio, visto que as atividades desempenhadas pelos t\u00e9cnicos s\u00e3o complexas e sua import\u00e2ncia necessitava de reconhecimento.<\/p>\n\n\n\n<p>Sendo assim, para assumir o cargo de T\u00e9cnico Judici\u00e1rio, os candidatos agora devem possuir como requisito n\u00edvel superior de escolaridade.<\/p>\n\n\n\n<h2 class=\"wp-block-heading\" id=\"carreira\">Carreira no TRT MA<\/h2>\n\n\n\n<h3 class=\"wp-block-heading\" id=\"remuneracao\">Remunera\u00e7\u00e3o dos cargos<\/h3>\n\n\n\n<p>A Justi\u00e7a Federal teve o&nbsp;<a href=\"https:\/\/www.estrategiaconcursos.com.br\/blog\/lula-sancionou-reajuste-salarial-aos-servidores-para-2026\/\">reajuste salarial de 8%<\/a>&nbsp;para todas as carreiras sancionado pelo governo federal. Com isso, os sal\u00e1rios iniciais podem&nbsp;<strong>chegar a R$&nbsp;16.041,21<\/strong>, al\u00e9m de benef\u00edcios.<\/p>\n\n\n\n<p>O adicional de qualifica\u00e7\u00e3o tamb\u00e9m foi reajustado. Atualmente, um analista em final de carreira pode somar R$ 1.161,52 se tiver doutorado, por exemplo.&nbsp;<\/p>\n\n\n\n<p>Com a mudan\u00e7a, o valor vai para&nbsp;<strong>R$ 3.857,75<\/strong>&nbsp;a partir de 2026, considerando-se o reajuste de 8% a partir do pr\u00f3ximo ano, previsto na&nbsp;Lei 15.293, de 19 de dezembro de 2025.<\/p>\n\n\n\n<p>Tamb\u00e9m a partir de 2026, o mestrado valer\u00e1&nbsp;<strong>R$ 2.700,43 (contra os atuais R$ 929,21)<\/strong>. Essas duas qualifica\u00e7\u00f5es n\u00e3o podem ser acumuladas entre si e absorvem outras de valores menores.<\/p>\n\n\n\n<p>Com o reajuste, os vencimentos b\u00e1sicos iniciais para os cargos ficam com os seguintes valores a partir de julho de 2026:<\/p>\n\n\n\n<p><strong>R$ 16.041,21 (Analista)<\/strong><\/p>\n\n\n\n<p><strong>R$ 9.776,74 (T\u00e9cnico)&nbsp;<\/strong><\/p>\n\n\n\n<p>Al\u00e9m do vencimento b\u00e1sico atualizado, os aprovados ter\u00e3o direito a benef\u00edcios como&nbsp;<strong>aux\u00edlio pr\u00e9-escolar<\/strong>&nbsp;no valor de&nbsp;<strong><\/strong><strong>R$ 1.288,47<\/strong>, e&nbsp;<strong>aux\u00edlio alimenta\u00e7\u00e3o<\/strong>&nbsp;no valor de&nbsp;<strong><\/strong><strong>R$ 1.860,51<\/strong>,&nbsp;<strong>Aux\u00edlio-Natalidade<\/strong>&nbsp;no valor de&nbsp;<strong>R$718,58<\/strong>&nbsp;e&nbsp;<strong>Aux\u00edlio-Sa\u00fade&nbsp;<\/strong>no valor de&nbsp;<strong>R$579,39<\/strong>.<strong> <\/strong><\/p>\n\n\n\n<h2 class=\"wp-block-heading\" id=\"cargos\">Concurso TRT MA: cargos, vagas e requisitos<\/h2>\n\n\n\n<figure class=\"wp-block-table is-style-stripes\"><table class=\"has-blush-light-purple-gradient-background has-background has-fixed-layout\"><thead><tr><th class=\"has-text-align-center\" data-align=\"center\">Cargo<\/th><th class=\"has-text-align-center\" data-align=\"center\">Vagas<\/th><th class=\"has-text-align-center\" data-align=\"center\">Requisitos<\/th><\/tr><\/thead><tbody><tr><td class=\"has-text-align-center\" data-align=\"center\"><strong>T\u00e9cnico judici\u00e1rio &#8211; \u00c1rea administrativa <\/strong><\/td><td class=\"has-text-align-center\" data-align=\"center\">4 + CR<\/td><td class=\"has-text-align-center\" data-align=\"center\">Curso de ensino m\u00e9dio e registro em \u00f3rg\u00e3o de classe<\/td><\/tr><tr><td class=\"has-text-align-center\" data-align=\"center\"><strong>T\u00e9cnico judici\u00e1rio &#8211; Enfermagem <\/strong><\/td><td class=\"has-text-align-center\" data-align=\"center\">CR<\/td><td class=\"has-text-align-center\" data-align=\"center\">Curso de ensino m\u00e9dio e T\u00e9cnico de Enfermagem com registro no Conselho Regional de Enfermagem<\/td><\/tr><tr><td class=\"has-text-align-center\" data-align=\"center\"><strong>T\u00e9cnico judici\u00e1rio &#8211; Apoio Especializado em TI<\/strong><\/td><td class=\"has-text-align-center\" data-align=\"center\">CR<\/td><td class=\"has-text-align-center\" data-align=\"center\">Curso de ensino m\u00e9dio acrescido de um curso de Programa\u00e7\u00e3o que tenha, no m\u00ednimo, 120 horas\/aula, ou curso t\u00e9cnico na \u00e1rea de Inform\u00e1tica expedido por institui\u00e7\u00e3o de ensino reconhecida pelo MEC. \u00c9 necess\u00e1rio registro em \u00f3rg\u00e3o de classe<\/td><\/tr><tr><td class=\"has-text-align-center\" data-align=\"center\"><strong>Analista Judici\u00e1rio &#8211; \u00c1rea judici\u00e1ria<\/strong><\/td><td class=\"has-text-align-center\" data-align=\"center\">CR<\/td><td class=\"has-text-align-center\" data-align=\"center\">Gradua\u00e7\u00e3o em Direito e registro em \u00f3rg\u00e3o de classe<\/td><\/tr><tr><td class=\"has-text-align-center\" data-align=\"center\"><strong>Analista Judici\u00e1rio &#8211; Oficial de Justi\u00e7a <\/strong><\/td><td class=\"has-text-align-center\" data-align=\"center\">CR<\/td><td class=\"has-text-align-center\" data-align=\"center\">Gradua\u00e7\u00e3o em Direito e registro em \u00f3rg\u00e3o de classe<\/td><\/tr><tr><td class=\"has-text-align-center\" data-align=\"center\"><strong>Analista Judici\u00e1rio &#8211; \u00c1rea administrativa<\/strong><\/td><td class=\"has-text-align-center\" data-align=\"center\">CR<\/td><td class=\"has-text-align-center\" data-align=\"center\">Curso de n\u00edvel superior, inclusive licenciatura plena<\/td><\/tr><tr><td class=\"has-text-align-center\" data-align=\"center\"><strong>Analista Judici\u00e1rio &#8211; Contabilidade<\/strong><\/td><td class=\"has-text-align-center\" data-align=\"center\">1+CR<\/td><td class=\"has-text-align-center\" data-align=\"center\">Gradua\u00e7\u00e3o em Contabilidade e registro em \u00f3rg\u00e3o de classe<\/td><\/tr><tr><td class=\"has-text-align-center\" data-align=\"center\"><strong>Analista Judici\u00e1rio &#8211; Biblioteconomia<\/strong><\/td><td class=\"has-text-align-center\" data-align=\"center\">CR<\/td><td class=\"has-text-align-center\" data-align=\"center\">Gradua\u00e7\u00e3o em Biblioteconomia e registro em \u00f3rg\u00e3o de classe<\/td><\/tr><tr><td class=\"has-text-align-center\" data-align=\"center\"><strong>Analista Judici\u00e1rio &#8211; Engenharia<\/strong><\/td><td class=\"has-text-align-center\" data-align=\"center\">CR<\/td><td class=\"has-text-align-center\" data-align=\"center\">Gradua\u00e7\u00e3o em Engenharia Civil, Mec\u00e2nica ou El\u00e9trica e registro no Conselho Regional de Engenharia e Agronomia dos estados e do DF<\/td><\/tr><tr><td class=\"has-text-align-center\" data-align=\"center\"><strong>Analista Judici\u00e1rio &#8211; Estat\u00edstica <\/strong><\/td><td class=\"has-text-align-center\" data-align=\"center\">CR<\/td><td class=\"has-text-align-center\" data-align=\"center\">Gradua\u00e7\u00e3o em Estat\u00edstica e registro em \u00f3rg\u00e3o de classe<\/td><\/tr><tr><td class=\"has-text-align-center\" data-align=\"center\"><strong>Analista Judici\u00e1rio &#8211; Medicina <\/strong><\/td><td class=\"has-text-align-center\" data-align=\"center\">CR<\/td><td class=\"has-text-align-center\" data-align=\"center\">Gradua\u00e7\u00e3o em Medicina e registro no Conselho Regional de Medicina<\/td><\/tr><tr><td class=\"has-text-align-center\" data-align=\"center\"><strong>Analista Judici\u00e1rio &#8211; Odontologia <\/strong><\/td><td class=\"has-text-align-center\" data-align=\"center\">1+CR<\/td><td class=\"has-text-align-center\" data-align=\"center\">Gradua\u00e7\u00e3o em Odontologia e registro no Conselho Regional de Odontologia<\/td><\/tr><tr><td class=\"has-text-align-center\" data-align=\"center\"><strong>Analista Judici\u00e1rio &#8211; T.I<\/strong><\/td><td class=\"has-text-align-center\" data-align=\"center\">1+CR<\/td><td class=\"has-text-align-center\" data-align=\"center\">Curso superior na \u00e1rea de inform\u00e1tica ou qualquer curso de ensino superior, acrescido de curso de p\u00f3s-gradua\u00e7\u00e3o<\/td><\/tr><\/tbody><\/table><\/figure>\n\n\n\n<h2 class=\"wp-block-heading\" id=\"h-concurso-trt-ma-etapas-de-prova\">Concurso TRT MA: etapas de prova <\/h2>\n\n\n\n<p>O concurso TRT 16 foi realizado sem a etapa de reda\u00e7\u00e3o. Os candidatos foram avaliados somente por meio de provas objetivas no dia 06 de novembro.<\/p>\n\n\n\n<p>As provas ocorreram em turnos diferentes, sendo:<\/p>\n\n\n\n<ul class=\"wp-block-list\">\n<li><strong>Turno da manh\u00e3 (das 9h \u00e0s 13h): Analista Judici\u00e1rio<\/strong><\/li>\n\n\n\n<li><strong>Turno da tarde (das 15h \u00e0s 19h): T\u00e9cnico Judici\u00e1rio<\/strong><\/li>\n<\/ul>\n\n\n\n<h3 class=\"wp-block-heading\" id=\"h-prova-objetiva\">Prova objetiva<\/h3>\n\n\n\n<p>A prova objetiva para os cargos de n\u00edvel m\u00e9dio foi composta por 70 quest\u00f5es. J\u00e1 os cargos de n\u00edvel superior, a etapa objetiva foi composta por 80 quest\u00f5es.<\/p>\n\n\n\n<p>Foram quest\u00f5es de m\u00faltipla escolha, sendo 5 alternativas (A, B, C, D e E) e apenas uma \u00fanica reposta correta. Confira as disciplinas que foram exigidas: <\/p>\n\n\n\n<h4 class=\"wp-block-heading\" id=\"analista-judiciario-area-judiciaria\">Analista Judici\u00e1rio | \u00e1rea judici\u00e1ria<\/h4>\n\n\n\n<ul class=\"wp-block-list\">\n<li>L\u00edngua Portuguesa: 10 quest\u00f5es<\/li>\n\n\n\n<li>Racioc\u00ednio L\u00f3gico Matem\u00e1tico: 10 quest\u00f5es<\/li>\n\n\n\n<li>Atualidades: 10 quest\u00f5es<\/li>\n\n\n\n<li>Conhecimentos Espec\u00edficos: 50 quest\u00f5es<\/li>\n<\/ul>\n\n\n\n<h4 class=\"wp-block-heading\" id=\"analista-judiciario-area-administrativa\">Analista Judici\u00e1rio | \u00e1rea administrativa<\/h4>\n\n\n\n<ul class=\"wp-block-list\">\n<li>L\u00edngua Portuguesa: 10 quest\u00f5es<\/li>\n\n\n\n<li>Racioc\u00ednio L\u00f3gico Matem\u00e1tico: 10 quest\u00f5es<\/li>\n\n\n\n<li>Atualidades: 10 quest\u00f5es<\/li>\n\n\n\n<li>Legisla\u00e7\u00e3o Institucional: 10 quest\u00f5es<\/li>\n\n\n\n<li>Conhecimentos Espec\u00edficos: 40 quest\u00f5es<\/li>\n<\/ul>\n\n\n\n<h4 class=\"wp-block-heading\" id=\"tecnico-judiciario\">T\u00e9cnico Judici\u00e1rio<\/h4>\n\n\n\n<ul class=\"wp-block-list\">\n<li>L\u00edngua Portuguesa: 10 quest\u00f5es<\/li>\n\n\n\n<li>Racioc\u00ednio L\u00f3gico Matem\u00e1tico: 10 quest\u00f5es<\/li>\n\n\n\n<li>Atualidades: 10 quest\u00f5es<\/li>\n\n\n\n<li>Legisla\u00e7\u00e3o Institucional: 10 quest\u00f5es<\/li>\n\n\n\n<li>Conhecimentos Espec\u00edficos: 30 quest\u00f5es<\/li>\n<\/ul>\n\n\n\n<p>Conforme informado no edital, o candidato foi considerado aprovado ao atingir os seguintes m\u00ednimos:<\/p>\n\n\n\n<ul class=\"wp-block-list\">\n<li>para os cargos de Analista Judici\u00e1rio, o candidato que acertar, no m\u00ednimo, 40 quest\u00f5es do total da Prova Objetiva.<\/li>\n\n\n\n<li>para os cargos de T\u00e9cnico Judici\u00e1rio, o candidato que acertar, no m\u00ednimo, 35 quest\u00f5es do total da Prova Objetiva.<\/li>\n<\/ul>\n\n\n\n<h2 class=\"wp-block-heading\" id=\"ultimo-concurso\">\u00daltimo concurso TRT MA<\/h2>\n\n\n\n<p>O \u00faltimo concurso TRT MA foi realizado em <strong>2014<\/strong> sob organiza\u00e7\u00e3o da Funda\u00e7\u00e3o Carlos Chagas, a FCC. Na ocasi\u00e3o, foram ofertadas <strong>21 vagas mais cadastro de reserva <\/strong>para os cargos de Analista Judici\u00e1rio (n\u00edvel m\u00e9dio) e T\u00e9cnico Judici\u00e1rio (n\u00edvel superior).<\/p>\n\n\n\n<p>Homologado em 2014, o certame foi posteriormente prorrogado por dois anos, ficando vigente at\u00e9 outubro de 2018. Vale lembrar que o prazo n\u00e3o pode ser prorrogado novamente e portanto, j\u00e1 encontra-se expirado.<\/p>\n\n\n\n<h3 class=\"wp-block-heading\" id=\"distribuicao\">Distribui\u00e7\u00e3o das vagas<\/h3>\n\n\n\n<p><strong>Analista Judici\u00e1rio<\/strong> <strong>do TRT MA<\/strong><\/p>\n\n\n\n<ul class=\"wp-block-list\">\n<li>01 vaga &#8211; \u00c1rea Judici\u00e1ria <\/li>\n\n\n\n<li>03 vagas &#8211; Oficial de Justi\u00e7a Avaliador Federal <\/li>\n\n\n\n<li>CR &#8211; \u00c1rea Administrativa <\/li>\n\n\n\n<li>CR &#8211; Contabilidade <\/li>\n\n\n\n<li>CR &#8211; Biblioteconomia <\/li>\n\n\n\n<li>CR &#8211; Engenharia <\/li>\n\n\n\n<li>CR &#8211; Estat\u00edstica <\/li>\n\n\n\n<li>CR &#8211; Medicina <\/li>\n\n\n\n<li>CR &#8211; Odontologia <\/li>\n\n\n\n<li>CR &#8211; Tecnologia da Informa\u00e7\u00e3o <\/li>\n<\/ul>\n\n\n\n<p><strong>T\u00e9cnico Judici\u00e1rio<\/strong> <strong>do TRT MA<\/strong><\/p>\n\n\n\n<ul class=\"wp-block-list\">\n<li>17 vagas &#8211; \u00c1rea Administrativa <\/li>\n\n\n\n<li>CR &#8211; Especialidade Enfermagem <\/li>\n\n\n\n<li>CR &#8211; Tecnologia da Informa\u00e7\u00e3o <\/li>\n<\/ul>\n\n\n\n<h3 class=\"wp-block-heading\" id=\"etapas\">Etapas de provas<\/h3>\n\n\n\n<p>O concurso do TRT 16 foi composto por duas etapas, sendo elas uma<strong> Prova Objetiva<\/strong> de conhecimentos gerais e espec\u00edficos e uma <strong>Prova Discursiva<\/strong> (Reda\u00e7\u00e3o). Exclusivamente para o cargo de Engenharia, foi aplicado um<strong> Estudo de Caso <\/strong>no lugar da reda\u00e7\u00e3o.<\/p>\n\n\n\n<ul class=\"wp-block-list\">\n<li><strong>Prova Objetiva<\/strong> (eliminat\u00f3rio e classificat\u00f3rio)<\/li>\n\n\n\n<li><strong>Prova Discursiva<\/strong>, exceto para Engenharia (eliminat\u00f3rio e classificat\u00f3rio) <\/li>\n\n\n\n<li><strong>Estudo de Caso<\/strong>, somente para Engenharia (eliminat\u00f3rio e classificat\u00f3rio) <\/li>\n<\/ul>\n\n\n\n<h3 class=\"wp-block-heading\" id=\"objetiva\">Prova Objetiva<\/h3>\n\n\n\n<p>Os candidatos do concurso TRT MA tiveram <strong>4 horas e 30 minutos <\/strong>para realizar a prova objetiva mais a reda\u00e7\u00e3o ou estudo de caso. Foram no total, 60 quest\u00f5es m\u00faltipla escolha, sendo 30 de conhecimentos gerais e 30 de conhecimentos espec\u00edficos.<\/p>\n\n\n\n<p><strong>Conhecimentos gerais<\/strong><\/p>\n\n\n\n<p>AJAJ e OJAF:<\/p>\n\n\n\n<ul class=\"wp-block-list\">\n<li>Portugu\u00eas <\/li>\n\n\n\n<li>Inform\u00e1tica <\/li>\n\n\n\n<li>No\u00e7\u00f5es de Gest\u00e3o P\u00fablica  <\/li>\n<\/ul>\n\n\n\n<p>AJAA:<\/p>\n\n\n\n<ul class=\"wp-block-list\">\n<li>Portugu\u00eas <\/li>\n\n\n\n<li>Inform\u00e1tica <\/li>\n\n\n\n<li>Matem\u00e1tica e Racioc\u00ednio L\u00f3gico-matem\u00e1tico  <\/li>\n\n\n\n<li>No\u00e7\u00f5es de Gest\u00e3o P\u00fablica<\/li>\n<\/ul>\n\n\n\n<p>Contabilidade; Biblioteconomia, Engenharia, Estat\u00edstica, Medicina, Odontologia, Tecnologia da Informa\u00e7\u00e3o (Analista):<\/p>\n\n\n\n<ul class=\"wp-block-list\">\n<li>Portugu\u00eas <\/li>\n\n\n\n<li>No\u00e7\u00f5es de Direito <\/li>\n\n\n\n<li>Inform\u00e1tica (Exceto para a Especialidade T.I.)<\/li>\n\n\n\n<li>Matem\u00e1tica e Racioc\u00ednio L\u00f3gico-matem\u00e1tico   <\/li>\n\n\n\n<li>No\u00e7\u00f5es de Gest\u00e3o P\u00fablica  <\/li>\n<\/ul>\n\n\n\n<p>T\u00e9cnico Judici\u00e1rio &#8211; todas as \u00e1reas\/especialidades:<\/p>\n\n\n\n<ul class=\"wp-block-list\">\n<li>No\u00e7\u00f5es de Direito <\/li>\n\n\n\n<li>Inform\u00e1tica (Exceto para a Especialidade T.I.)  <\/li>\n\n\n\n<li>Matem\u00e1tica e Racioc\u00ednio L\u00f3gico-matem\u00e1tico<\/li>\n\n\n\n<li>No\u00e7\u00f5es de Gest\u00e3o P\u00fablica   <\/li>\n<\/ul>\n\n\n\n<h3 class=\"wp-block-heading\" id=\"inscritos\">Concorr\u00eancia<\/h3>\n\n\n\n<p>Ao todo, o \u00faltimo edital registrou <strong>31.324 candidatos inscritos<\/strong>, sendo que o cargo com maior procura foi o de T\u00e9cnico Judici\u00e1rio &#8211; \u00c1rea Administrativa, com 18.931 candidaturas.<\/p>\n\n\n\n<p><strong><em>Analista Judici\u00e1rio<\/em><\/strong> <strong><em>do TRT MA<\/em><\/strong><\/p>\n\n\n\n<figure class=\"wp-block-table is-style-stripes\"><table class=\"has-background has-fixed-layout\" style=\"background-color:#e7f5fe\"><tbody><tr><td class=\"has-text-align-center\" data-align=\"center\"><strong>Cargo<\/strong><\/td><td class=\"has-text-align-center\" data-align=\"center\"><strong>Inscri\u00e7\u00f5es<\/strong><\/td><td class=\"has-text-align-center\" data-align=\"center\"><strong>Demanda x vaga<\/strong><\/td><\/tr><tr><td class=\"has-text-align-center\" data-align=\"center\">Judici\u00e1ria<\/td><td class=\"has-text-align-center\" data-align=\"center\">4.112 <\/td><td class=\"has-text-align-center\" data-align=\"center\">4.112  <\/td><\/tr><tr><td class=\"has-text-align-center\" data-align=\"center\">Oficial de Justi\u00e7a Avaliador<\/td><td class=\"has-text-align-center\" data-align=\"center\">2.103 <\/td><td class=\"has-text-align-center\" data-align=\"center\">701<\/td><\/tr><tr><td class=\"has-text-align-center\" data-align=\"center\">Administrativa<\/td><td class=\"has-text-align-center\" data-align=\"center\">3.119 <\/td><td class=\"has-text-align-center\" data-align=\"center\">&#8211;<\/td><\/tr><tr><td class=\"has-text-align-center\" data-align=\"center\">Contabilidade<\/td><td class=\"has-text-align-center\" data-align=\"center\">516 <\/td><td class=\"has-text-align-center\" data-align=\"center\">&#8211;<\/td><\/tr><tr><td class=\"has-text-align-center\" data-align=\"center\">Biblioteconomia<\/td><td class=\"has-text-align-center\" data-align=\"center\">136 <\/td><td class=\"has-text-align-center\" data-align=\"center\">&#8211;<\/td><\/tr><tr><td class=\"has-text-align-center\" data-align=\"center\">Engenharia<\/td><td class=\"has-text-align-center\" data-align=\"center\">206 <\/td><td class=\"has-text-align-center\" data-align=\"center\">&#8211;<\/td><\/tr><tr><td class=\"has-text-align-center\" data-align=\"center\">Estat\u00edstica<\/td><td class=\"has-text-align-center\" data-align=\"center\">25 <\/td><td class=\"has-text-align-center\" data-align=\"center\">&#8211;<\/td><\/tr><tr><td class=\"has-text-align-center\" data-align=\"center\">Medicina<\/td><td class=\"has-text-align-center\" data-align=\"center\">172 <\/td><td class=\"has-text-align-center\" data-align=\"center\">&#8211;<\/td><\/tr><tr><td class=\"has-text-align-center\" data-align=\"center\">Odontologia<\/td><td class=\"has-text-align-center\" data-align=\"center\">338 <\/td><td class=\"has-text-align-center\" data-align=\"center\">&#8211;<\/td><\/tr><tr><td class=\"has-text-align-center\" data-align=\"center\">Tecnologia da Informa\u00e7\u00e3o<\/td><td class=\"has-text-align-center\" data-align=\"center\">466 <\/td><td class=\"has-text-align-center\" data-align=\"center\">&#8211;<\/td><\/tr><\/tbody><\/table><\/figure>\n\n\n\n<p><strong><em>T\u00e9cnico Judici\u00e1rio<\/em><\/strong><em><strong> do TRT MA<\/strong><\/em><\/p>\n\n\n\n<figure class=\"wp-block-table is-style-stripes\"><table class=\"has-background has-fixed-layout\" style=\"background-color:#e7f5fe\"><tbody><tr><td class=\"has-text-align-center\" data-align=\"center\"><strong>Cargo<\/strong> <\/td><td class=\"has-text-align-center\" data-align=\"center\"><strong>Inscri\u00e7\u00f5es<\/strong> <\/td><td class=\"has-text-align-center\" data-align=\"center\"><strong>Demanda x vaga<\/strong><\/td><\/tr><tr><td class=\"has-text-align-center\" data-align=\"center\">Administrativa<\/td><td class=\"has-text-align-center\" data-align=\"center\">18.931 <\/td><td class=\"has-text-align-center\" data-align=\"center\">1.113<\/td><\/tr><tr><td class=\"has-text-align-center\" data-align=\"center\">Enfermagem<\/td><td class=\"has-text-align-center\" data-align=\"center\">738 <\/td><td class=\"has-text-align-center\" data-align=\"center\">&#8211;<\/td><\/tr><tr><td class=\"has-text-align-center\" data-align=\"center\">Tecnologia da Informa\u00e7\u00e3o<\/td><td class=\"has-text-align-center\" data-align=\"center\">462 <\/td><td class=\"has-text-align-center\" data-align=\"center\">&#8211;<\/td><\/tr><\/tbody><\/table><\/figure>\n\n\n\n<h3 class=\"wp-block-heading\" id=\"nomeacoes\">Nomea\u00e7\u00f5es no TRT MA<\/h3>\n\n\n\n<p>Segundo o \u00faltimo levantamento dispon\u00edvel no site do TRT 16, de 09 de outubro de 2018 foram <strong>nomeados 185 candidatos<\/strong>. Vale ressaltar que muitos candidatos perderam o prazo para posse, desistiram da vaga ou foram exonerados. Desse total, 105 efetivamente tomaram posse.<\/p>\n\n\n\n<h2 class=\"wp-block-heading\" id=\"material\">Material de estudos<\/h2>\n\n\n\n<h3 class=\"wp-block-heading\" id=\"vade\">Vade-M\u00e9cum<\/h3>\n\n\n\n<ul class=\"wp-block-list\">\n<li><a href=\"https:\/\/dhg1h5j42swfq.cloudfront.net\/2022\/08\/09144153\/edital-estrategico_trt-ma_tecnico-judiciario-administrativo-1.xlsx\" target=\"_blank\" rel=\"noreferrer noopener nofollow\">T\u00e9cnico Judici\u00e1rio &#8211; \u00c1rea Administrativa<\/a><\/li>\n\n\n\n<li><a href=\"https:\/\/dhg1h5j42swfq.cloudfront.net\/2022\/08\/09143920\/edital-estrategico_trt-ma_tecnico-judiciario-ti-1.xlsx\" target=\"_blank\" rel=\"noreferrer noopener nofollow\">T\u00e9cnico Judici\u00e1rio &#8211; \u00c1rea TI<\/a><\/li>\n\n\n\n<li><a href=\"https:\/\/dhg1h5j42swfq.cloudfront.net\/2022\/08\/09144255\/edital-estrategico_trt-ma_analista-judiciario-area-administrativa-1.xlsx\" target=\"_blank\" rel=\"noreferrer noopener nofollow\">Analista Judici\u00e1rio &#8211; \u00c1rea Administrativa<\/a><\/li>\n\n\n\n<li><a href=\"https:\/\/dhg1h5j42swfq.cloudfront.net\/2022\/08\/09144326\/edital-estrategico_trt-ma_analista-judiciario-oficial-de-justica-avaliador-1.xlsx\" target=\"_blank\" rel=\"noreferrer noopener nofollow\">Analista Judici\u00e1rio &#8211; \u00c1rea Oficial de Justi\u00e7a Avaliador<\/a><\/li>\n\n\n\n<li><a href=\"https:\/\/dhg1h5j42swfq.cloudfront.net\/2022\/08\/09144354\/edital-estrategico_trt-ma_analista-judiciario-area-judiciaria-1.xlsx\" target=\"_blank\" rel=\"noreferrer noopener nofollow\">Analista Judici\u00e1rio &#8211; \u00c1rea Judici\u00e1ria<\/a><\/li>\n<\/ul>\n\n\n\n<hr class=\"wp-block-separator has-alpha-channel-opacity\"\/>\n\n\n\n\n\n<h2 class=\"wp-block-heading has-text-align-center\" id=\"h-quer-saber-tudo-sobre-concursos-previstos-confira-nossos-artigos\">Quer saber tudo sobre concursos previstos?<br \/>Confira  nossos artigos!<\/h2>\n\n\n\n<ul class=\"wp-block-list\">\n<li><a href=\"https:\/\/www.estrategiaconcursos.com.br\/blog\/concursos-abertos\/\" target=\"_blank\" rel=\"noreferrer noopener\">Concursos abertos<\/a><\/li>\n\n\n\n<li><a href=\"https:\/\/www.estrategiaconcursos.com.br\/blog\/concursos-tribunais\/\">Concursos tribunais<\/a><\/li>\n\n\n\n<li><a href=\"https:\/\/www.estrategiaconcursos.com.br\/blog\/concursos-trt\/\">Concursos TRT<\/a><\/li>\n\n\n\n<li><a href=\"https:\/\/www.estrategiaconcursos.com.br\/blog\/concursos-2026\/\">Concursos 2026<\/a><\/li>\n<\/ul>\n\n\n\n<h2 class=\"wp-block-heading has-text-align-center\" id=\"assinatura-e-cursos\"><em>Quer estudar para o concurso TRT MA?<\/em><\/h2>\n\n\n\n<div class=\"container\" id=\"boxes\">\n  <div class=\"row\">\n\n    <div class=\"col-sm\">\n      <div class=\"banner-tribunal\" id=\"box-assinatura\">\n        <h3 class=\"titulo-assinatura\">Cursos TRT MA<\/h3>\n        <p class=\"subtitulo-assinatura\">Conhe\u00e7a os cursos<\/p>\n        <div class=\"box-botao\">\n          <a class=\"btn-assinatura\" target=\"_blank\" href=\"https:\/\/www.estrategiaconcursos.com.br\/cursosPorConcurso\/trt-16-regiao-maranhao-250\/\" role=\"button\" rel=\"noopener noreferrer\">Conhe\u00e7a mais<\/a>\n        <\/div>\n      <\/div>\n      <p class=\"texto-auxiliar\"><\/p>\n    <\/div>\n\n  <\/div>\n<\/div>\n\n\n\n<div class=\"container\" id=\"boxes\">\n  <div class=\"row\">\n\n    <div class=\"col-sm\">\n      <div class=\"estrategia\" id=\"box-assinatura\">\n        <h3 class=\"titulo-assinatura\">Assinatura Concursos<\/h3>\n        <p class=\"subtitulo-assinatura\">Assinatura de 1 ano ou 2 anos<\/p>\n        <div class=\"box-botao\">\n          <a class=\"btn-assinatura\" target=\"_blank\" href=\"https:\/\/www.estrategiaconcursos.com.br\/assinaturas\/\" role=\"button\" rel=\"noopener noreferrer\">ASSINE AGORA<\/a>\n        <\/div>\n      <\/div>\n     \n    <\/div><\/div><\/div>\n\n\n\n<p class=\"has-text-align-center has-white-background-color has-background\" style=\"font-size:clamp(15.197px, 0.95rem + ((1vw - 3.2px) * 0.765), 23px);px\"><\/p>\n\n\n\n<figure class=\"wp-block-image size-large is-resized\"><img loading=\"lazy\" decoding=\"async\" width=\"1024\" height=\"632\" src=\"https:\/\/dhg1h5j42swfq.cloudfront.net\/2021\/08\/03114407\/ficha-tecnica-2-1024x632.png\" alt=\"Ficha t\u00e9cnica concurso TRT MA\" class=\"wp-image-827694\" style=\"width:214px;height:auto\" srcset=\"https:\/\/dhg1h5j42swfq.cloudfront.net\/2021\/08\/03114407\/ficha-tecnica-2-1024x632.png 1024w, https:\/\/dhg1h5j42swfq.cloudfront.net\/2021\/08\/03114407\/ficha-tecnica-2-300x185.png 300w, https:\/\/dhg1h5j42swfq.cloudfront.net\/2021\/08\/03114407\/ficha-tecnica-2-768x474.png 768w, https:\/\/dhg1h5j42swfq.cloudfront.net\/2021\/08\/03114407\/ficha-tecnica-2-1536x948.png 1536w, https:\/\/dhg1h5j42swfq.cloudfront.net\/2021\/08\/03114407\/ficha-tecnica-2-610x377.png 610w, https:\/\/dhg1h5j42swfq.cloudfront.net\/2021\/08\/03114407\/ficha-tecnica-2.png 1571w\" sizes=\"auto, (max-width: 1024px) 100vw, 1024px\" \/><\/figure>\n\n\n\n<h3 class=\"wp-block-heading\" id=\"ficha\">Informa\u00e7\u00f5es do concurso TRT&nbsp;MA<\/h3>\n\n\n\n<p><strong>\u25baData:&nbsp;<\/strong><s>06 de novembro<\/s><br \/><strong>\u25baVagas:&nbsp;<\/strong>07 + CR<br \/><strong>\u25baBanca:&nbsp;<\/strong>FGV<br \/><strong>\u25baEscolaridade:&nbsp;<\/strong>N\u00edvel m\u00e9dio e superior<br \/><strong>\u25baEdital:<\/strong>&nbsp;<a href=\"https:\/\/dhg1h5j42swfq.cloudfront.net\/2022\/08\/08055055\/edital-trt-ma.pdf\" target=\"_blank\" rel=\"noreferrer noopener nofollow\">TRT MA 2022<\/a><\/p>\n","protected":false},"excerpt":{"rendered":"<p>Os servidores do Tribunal Regional do Trabalho do Maranh\u00e3o da 16\u00aa regi\u00e3o&nbsp;(TRT MA) &nbsp;v\u00e3o come\u00e7ar 2026 com uma boa not\u00edcia: reajuste salarial. no dia 22 de dezembro de 2025, o presidente Lula sancionou parcialmente o&nbsp;Projeto de Lei n\u00ba 4.750\/25, referente ao reajuste salarial dos servidores do Judici\u00e1rio federal. As corre\u00e7\u00f5es sucessivas de 8% previstas para [&hellip;]<\/p>\n","protected":false},"author":1,"featured_media":1012417,"comment_status":"open","ping_status":"closed","sticky":false,"template":"","format":"standard","meta":{"post_tipo":"news_page","footnotes":""},"categories":[1984],"tags":[],"tax_estado":[219973],"class_list":["post-389164","post","type-post","status-publish","format-standard","has-post-thumbnail","hentry","category-tribunais","tax_estado-ma"],"acf":[],"yoast_head":"<!-- This site is optimized with the Yoast SEO Premium plugin v27.2 (Yoast SEO v27.2) - https:\/\/yoast.com\/product\/yoast-seo-premium-wordpress\/ -->\n<title>Concurso TRT MA: aumento salarial de 8% em 2026<\/title>\n<meta name=\"description\" content=\"Concurso TRT MA: resultado final divulgado! Foram ofertadas 7 vagas + CR para cargos de n\u00edveis m\u00e9dio e superior.\" \/>\n<meta name=\"robots\" content=\"index, follow, max-snippet:-1, max-image-preview:large, max-video-preview:-1\" \/>\n<link rel=\"canonical\" href=\"https:\/\/www.estrategiaconcursos.com.br\/blog\/concurso-trt-ma\/\" \/>\n<meta property=\"og:locale\" content=\"pt_BR\" \/>\n<meta property=\"og:type\" content=\"article\" \/>\n<meta property=\"og:title\" content=\"Concurso TRT MA: aumento salarial de 8% em 2026\" \/>\n<meta property=\"og:description\" content=\"Concurso TRT MA: resultado final divulgado! Foram ofertadas 7 vagas + CR para cargos de n\u00edveis m\u00e9dio e superior.\" \/>\n<meta property=\"og:url\" content=\"https:\/\/www.estrategiaconcursos.com.br\/blog\/concurso-trt-ma\/\" \/>\n<meta property=\"og:site_name\" content=\"Estrat\u00e9gia Concursos\" \/>\n<meta property=\"article:author\" content=\"https:\/\/www.facebook.com\/EstrategiaConcursos\" \/>\n<meta property=\"article:published_time\" content=\"2025-12-26T14:37:00+00:00\" \/>\n<meta property=\"article:modified_time\" content=\"2026-02-06T17:14:59+00:00\" \/>\n<meta property=\"og:image\" content=\"https:\/\/dhg1h5j42swfq.cloudfront.net\/2022\/04\/20145235\/concurso_trt_ma.jpeg\" \/>\n\t<meta property=\"og:image:width\" content=\"768\" \/>\n\t<meta property=\"og:image:height\" content=\"432\" \/>\n\t<meta property=\"og:image:type\" content=\"image\/jpeg\" \/>\n<meta name=\"author\" content=\"Coordena\u00e7\u00e3o\" \/>\n<meta name=\"twitter:card\" content=\"summary_large_image\" \/>\n<meta name=\"twitter:creator\" content=\"@EstratConcursos\" \/>\n<meta name=\"twitter:site\" content=\"@EstratConcursos\" \/>\n<meta name=\"twitter:label1\" content=\"Escrito por\" \/>\n\t<meta name=\"twitter:data1\" content=\"Coordena\u00e7\u00e3o\" \/>\n\t<meta name=\"twitter:label2\" content=\"Est. tempo de leitura\" \/>\n\t<meta name=\"twitter:data2\" content=\"8 minutos\" \/>\n<script type=\"application\/ld+json\" class=\"yoast-schema-graph\">{\"@context\":\"https:\/\/schema.org\",\"@graph\":[{\"@type\":\"NewsArticle\",\"@id\":\"https:\/\/www.estrategiaconcursos.com.br\/blog\/concurso-trt-ma\/#article\",\"isPartOf\":{\"@id\":\"https:\/\/www.estrategiaconcursos.com.br\/blog\/concurso-trt-ma\/\"},\"author\":{\"name\":\"Coordena\u00e7\u00e3o\",\"@id\":\"https:\/\/www.estrategiaconcursos.com.br\/blog\/#\/schema\/person\/b4a388c97673c5f483d72185668afa1f\"},\"headline\":\"Concurso TRT MA: aumento salarial de 8% em 2026\",\"datePublished\":\"2025-12-26T14:37:00+00:00\",\"dateModified\":\"2026-02-06T17:14:59+00:00\",\"mainEntityOfPage\":{\"@id\":\"https:\/\/www.estrategiaconcursos.com.br\/blog\/concurso-trt-ma\/\"},\"wordCount\":1854,\"commentCount\":0,\"publisher\":{\"@id\":\"https:\/\/www.estrategiaconcursos.com.br\/blog\/#organization\"},\"image\":{\"@id\":\"https:\/\/www.estrategiaconcursos.com.br\/blog\/concurso-trt-ma\/#primaryimage\"},\"thumbnailUrl\":\"https:\/\/dhg1h5j42swfq.cloudfront.net\/2022\/04\/20145235\/concurso_trt_ma.jpeg\",\"articleSection\":[\"Tribunais\"],\"inLanguage\":\"pt-BR\",\"potentialAction\":[{\"@type\":\"CommentAction\",\"name\":\"Comment\",\"target\":[\"https:\/\/www.estrategiaconcursos.com.br\/blog\/concurso-trt-ma\/#respond\"]}],\"copyrightYear\":\"2025\",\"copyrightHolder\":{\"@id\":\"https:\/\/www.estrategiaconcursos.com.br\/blog\/#organization\"}},{\"@type\":\"WebPage\",\"@id\":\"https:\/\/www.estrategiaconcursos.com.br\/blog\/concurso-trt-ma\/\",\"url\":\"https:\/\/www.estrategiaconcursos.com.br\/blog\/concurso-trt-ma\/\",\"name\":\"Concurso TRT MA: aumento salarial de 8% em 2026\",\"isPartOf\":{\"@id\":\"https:\/\/www.estrategiaconcursos.com.br\/blog\/#website\"},\"primaryImageOfPage\":{\"@id\":\"https:\/\/www.estrategiaconcursos.com.br\/blog\/concurso-trt-ma\/#primaryimage\"},\"image\":{\"@id\":\"https:\/\/www.estrategiaconcursos.com.br\/blog\/concurso-trt-ma\/#primaryimage\"},\"thumbnailUrl\":\"https:\/\/dhg1h5j42swfq.cloudfront.net\/2022\/04\/20145235\/concurso_trt_ma.jpeg\",\"datePublished\":\"2025-12-26T14:37:00+00:00\",\"dateModified\":\"2026-02-06T17:14:59+00:00\",\"description\":\"Concurso TRT MA: resultado final divulgado! Foram ofertadas 7 vagas + CR para cargos de n\u00edveis m\u00e9dio e superior.\",\"breadcrumb\":{\"@id\":\"https:\/\/www.estrategiaconcursos.com.br\/blog\/concurso-trt-ma\/#breadcrumb\"},\"inLanguage\":\"pt-BR\",\"potentialAction\":[{\"@type\":\"ReadAction\",\"target\":[\"https:\/\/www.estrategiaconcursos.com.br\/blog\/concurso-trt-ma\/\"]}]},{\"@type\":\"ImageObject\",\"inLanguage\":\"pt-BR\",\"@id\":\"https:\/\/www.estrategiaconcursos.com.br\/blog\/concurso-trt-ma\/#primaryimage\",\"url\":\"https:\/\/dhg1h5j42swfq.cloudfront.net\/2022\/04\/20145235\/concurso_trt_ma.jpeg\",\"contentUrl\":\"https:\/\/dhg1h5j42swfq.cloudfront.net\/2022\/04\/20145235\/concurso_trt_ma.jpeg\",\"width\":768,\"height\":432,\"caption\":\"concurso trt ma\"},{\"@type\":\"BreadcrumbList\",\"@id\":\"https:\/\/www.estrategiaconcursos.com.br\/blog\/concurso-trt-ma\/#breadcrumb\",\"itemListElement\":[{\"@type\":\"ListItem\",\"position\":1,\"name\":\"In\u00edcio\",\"item\":\"https:\/\/www.estrategiaconcursos.com.br\/blog\/\"},{\"@type\":\"ListItem\",\"position\":2,\"name\":\"Concurso TRT MA: aumento salarial de 8% em 2026\"}]},{\"@type\":\"WebSite\",\"@id\":\"https:\/\/www.estrategiaconcursos.com.br\/blog\/#website\",\"url\":\"https:\/\/www.estrategiaconcursos.com.br\/blog\/\",\"name\":\"Estrat\u00e9gia Concursos\",\"description\":\"O blog da Estrat\u00e9gia Concursos traz not\u00edcias sobre concursos e artigos de professores oferecendo cursos para concursos (pdf + videaulas) no site.\",\"publisher\":{\"@id\":\"https:\/\/www.estrategiaconcursos.com.br\/blog\/#organization\"},\"potentialAction\":[{\"@type\":\"SearchAction\",\"target\":{\"@type\":\"EntryPoint\",\"urlTemplate\":\"https:\/\/www.estrategiaconcursos.com.br\/blog\/?s={search_term_string}\"},\"query-input\":{\"@type\":\"PropertyValueSpecification\",\"valueRequired\":true,\"valueName\":\"search_term_string\"}}],\"inLanguage\":\"pt-BR\"},{\"@type\":\"Organization\",\"@id\":\"https:\/\/www.estrategiaconcursos.com.br\/blog\/#organization\",\"name\":\"Estrat\u00e9gia Concursos\",\"url\":\"https:\/\/www.estrategiaconcursos.com.br\/blog\/\",\"logo\":{\"@type\":\"ImageObject\",\"inLanguage\":\"pt-BR\",\"@id\":\"https:\/\/www.estrategiaconcursos.com.br\/blog\/#\/schema\/logo\/image\/\",\"url\":\"https:\/\/dhg1h5j42swfq.cloudfront.net\/2025\/06\/03203428\/logo_concursos-1.jpg\",\"contentUrl\":\"https:\/\/dhg1h5j42swfq.cloudfront.net\/2025\/06\/03203428\/logo_concursos-1.jpg\",\"width\":230,\"height\":60,\"caption\":\"Estrat\u00e9gia Concursos\"},\"image\":{\"@id\":\"https:\/\/www.estrategiaconcursos.com.br\/blog\/#\/schema\/logo\/image\/\"},\"sameAs\":[\"https:\/\/x.com\/EstratConcursos\"]},{\"@type\":\"Person\",\"@id\":\"https:\/\/www.estrategiaconcursos.com.br\/blog\/#\/schema\/person\/b4a388c97673c5f483d72185668afa1f\",\"name\":\"Coordena\u00e7\u00e3o\",\"image\":{\"@type\":\"ImageObject\",\"inLanguage\":\"pt-BR\",\"@id\":\"https:\/\/secure.gravatar.com\/avatar\/b720319e4c9a967eb58678d110f4fe35452fc5d5f97b202bac7b8acceb18c6ad?s=96&d=mm&r=g\",\"url\":\"https:\/\/secure.gravatar.com\/avatar\/b720319e4c9a967eb58678d110f4fe35452fc5d5f97b202bac7b8acceb18c6ad?s=96&d=mm&r=g\",\"contentUrl\":\"https:\/\/secure.gravatar.com\/avatar\/b720319e4c9a967eb58678d110f4fe35452fc5d5f97b202bac7b8acceb18c6ad?s=96&d=mm&r=g\",\"caption\":\"Coordena\u00e7\u00e3o\"},\"sameAs\":[\"https:\/\/www.facebook.com\/EstrategiaConcursos\",\"https:\/\/x.com\/EstratConcursos\"],\"url\":\"https:\/\/www.estrategiaconcursos.com.br\/blog\/author\/estrategia2013\/\"}]}<\/script>\n<!-- \/ Yoast SEO Premium plugin. -->","yoast_head_json":{"title":"Concurso TRT MA: aumento salarial de 8% em 2026","description":"Concurso TRT MA: resultado final divulgado! Foram ofertadas 7 vagas + CR para cargos de n\u00edveis m\u00e9dio e superior.","robots":{"index":"index","follow":"follow","max-snippet":"max-snippet:-1","max-image-preview":"max-image-preview:large","max-video-preview":"max-video-preview:-1"},"canonical":"https:\/\/www.estrategiaconcursos.com.br\/blog\/concurso-trt-ma\/","og_locale":"pt_BR","og_type":"article","og_title":"Concurso TRT MA: aumento salarial de 8% em 2026","og_description":"Concurso TRT MA: resultado final divulgado! Foram ofertadas 7 vagas + CR para cargos de n\u00edveis m\u00e9dio e superior.","og_url":"https:\/\/www.estrategiaconcursos.com.br\/blog\/concurso-trt-ma\/","og_site_name":"Estrat\u00e9gia Concursos","article_author":"https:\/\/www.facebook.com\/EstrategiaConcursos","article_published_time":"2025-12-26T14:37:00+00:00","article_modified_time":"2026-02-06T17:14:59+00:00","og_image":[{"width":768,"height":432,"url":"https:\/\/dhg1h5j42swfq.cloudfront.net\/2022\/04\/20145235\/concurso_trt_ma.jpeg","type":"image\/jpeg"}],"author":"Coordena\u00e7\u00e3o","twitter_card":"summary_large_image","twitter_creator":"@EstratConcursos","twitter_site":"@EstratConcursos","twitter_misc":{"Escrito por":"Coordena\u00e7\u00e3o","Est. tempo de leitura":"8 minutos"},"schema":{"@context":"https:\/\/schema.org","@graph":[{"@type":"NewsArticle","@id":"https:\/\/www.estrategiaconcursos.com.br\/blog\/concurso-trt-ma\/#article","isPartOf":{"@id":"https:\/\/www.estrategiaconcursos.com.br\/blog\/concurso-trt-ma\/"},"author":{"name":"Coordena\u00e7\u00e3o","@id":"https:\/\/www.estrategiaconcursos.com.br\/blog\/#\/schema\/person\/b4a388c97673c5f483d72185668afa1f"},"headline":"Concurso TRT MA: aumento salarial de 8% em 2026","datePublished":"2025-12-26T14:37:00+00:00","dateModified":"2026-02-06T17:14:59+00:00","mainEntityOfPage":{"@id":"https:\/\/www.estrategiaconcursos.com.br\/blog\/concurso-trt-ma\/"},"wordCount":1854,"commentCount":0,"publisher":{"@id":"https:\/\/www.estrategiaconcursos.com.br\/blog\/#organization"},"image":{"@id":"https:\/\/www.estrategiaconcursos.com.br\/blog\/concurso-trt-ma\/#primaryimage"},"thumbnailUrl":"https:\/\/dhg1h5j42swfq.cloudfront.net\/2022\/04\/20145235\/concurso_trt_ma.jpeg","articleSection":["Tribunais"],"inLanguage":"pt-BR","potentialAction":[{"@type":"CommentAction","name":"Comment","target":["https:\/\/www.estrategiaconcursos.com.br\/blog\/concurso-trt-ma\/#respond"]}],"copyrightYear":"2025","copyrightHolder":{"@id":"https:\/\/www.estrategiaconcursos.com.br\/blog\/#organization"}},{"@type":"WebPage","@id":"https:\/\/www.estrategiaconcursos.com.br\/blog\/concurso-trt-ma\/","url":"https:\/\/www.estrategiaconcursos.com.br\/blog\/concurso-trt-ma\/","name":"Concurso TRT MA: aumento salarial de 8% em 2026","isPartOf":{"@id":"https:\/\/www.estrategiaconcursos.com.br\/blog\/#website"},"primaryImageOfPage":{"@id":"https:\/\/www.estrategiaconcursos.com.br\/blog\/concurso-trt-ma\/#primaryimage"},"image":{"@id":"https:\/\/www.estrategiaconcursos.com.br\/blog\/concurso-trt-ma\/#primaryimage"},"thumbnailUrl":"https:\/\/dhg1h5j42swfq.cloudfront.net\/2022\/04\/20145235\/concurso_trt_ma.jpeg","datePublished":"2025-12-26T14:37:00+00:00","dateModified":"2026-02-06T17:14:59+00:00","description":"Concurso TRT MA: resultado final divulgado! Foram ofertadas 7 vagas + CR para cargos de n\u00edveis m\u00e9dio e superior.","breadcrumb":{"@id":"https:\/\/www.estrategiaconcursos.com.br\/blog\/concurso-trt-ma\/#breadcrumb"},"inLanguage":"pt-BR","potentialAction":[{"@type":"ReadAction","target":["https:\/\/www.estrategiaconcursos.com.br\/blog\/concurso-trt-ma\/"]}]},{"@type":"ImageObject","inLanguage":"pt-BR","@id":"https:\/\/www.estrategiaconcursos.com.br\/blog\/concurso-trt-ma\/#primaryimage","url":"https:\/\/dhg1h5j42swfq.cloudfront.net\/2022\/04\/20145235\/concurso_trt_ma.jpeg","contentUrl":"https:\/\/dhg1h5j42swfq.cloudfront.net\/2022\/04\/20145235\/concurso_trt_ma.jpeg","width":768,"height":432,"caption":"concurso trt ma"},{"@type":"BreadcrumbList","@id":"https:\/\/www.estrategiaconcursos.com.br\/blog\/concurso-trt-ma\/#breadcrumb","itemListElement":[{"@type":"ListItem","position":1,"name":"In\u00edcio","item":"https:\/\/www.estrategiaconcursos.com.br\/blog\/"},{"@type":"ListItem","position":2,"name":"Concurso TRT MA: aumento salarial de 8% em 2026"}]},{"@type":"WebSite","@id":"https:\/\/www.estrategiaconcursos.com.br\/blog\/#website","url":"https:\/\/www.estrategiaconcursos.com.br\/blog\/","name":"Estrat\u00e9gia Concursos","description":"O blog da Estrat\u00e9gia Concursos traz not\u00edcias sobre concursos e artigos de professores oferecendo cursos para concursos (pdf + videaulas) no site.","publisher":{"@id":"https:\/\/www.estrategiaconcursos.com.br\/blog\/#organization"},"potentialAction":[{"@type":"SearchAction","target":{"@type":"EntryPoint","urlTemplate":"https:\/\/www.estrategiaconcursos.com.br\/blog\/?s={search_term_string}"},"query-input":{"@type":"PropertyValueSpecification","valueRequired":true,"valueName":"search_term_string"}}],"inLanguage":"pt-BR"},{"@type":"Organization","@id":"https:\/\/www.estrategiaconcursos.com.br\/blog\/#organization","name":"Estrat\u00e9gia Concursos","url":"https:\/\/www.estrategiaconcursos.com.br\/blog\/","logo":{"@type":"ImageObject","inLanguage":"pt-BR","@id":"https:\/\/www.estrategiaconcursos.com.br\/blog\/#\/schema\/logo\/image\/","url":"https:\/\/dhg1h5j42swfq.cloudfront.net\/2025\/06\/03203428\/logo_concursos-1.jpg","contentUrl":"https:\/\/dhg1h5j42swfq.cloudfront.net\/2025\/06\/03203428\/logo_concursos-1.jpg","width":230,"height":60,"caption":"Estrat\u00e9gia Concursos"},"image":{"@id":"https:\/\/www.estrategiaconcursos.com.br\/blog\/#\/schema\/logo\/image\/"},"sameAs":["https:\/\/x.com\/EstratConcursos"]},{"@type":"Person","@id":"https:\/\/www.estrategiaconcursos.com.br\/blog\/#\/schema\/person\/b4a388c97673c5f483d72185668afa1f","name":"Coordena\u00e7\u00e3o","image":{"@type":"ImageObject","inLanguage":"pt-BR","@id":"https:\/\/secure.gravatar.com\/avatar\/b720319e4c9a967eb58678d110f4fe35452fc5d5f97b202bac7b8acceb18c6ad?s=96&d=mm&r=g","url":"https:\/\/secure.gravatar.com\/avatar\/b720319e4c9a967eb58678d110f4fe35452fc5d5f97b202bac7b8acceb18c6ad?s=96&d=mm&r=g","contentUrl":"https:\/\/secure.gravatar.com\/avatar\/b720319e4c9a967eb58678d110f4fe35452fc5d5f97b202bac7b8acceb18c6ad?s=96&d=mm&r=g","caption":"Coordena\u00e7\u00e3o"},"sameAs":["https:\/\/www.facebook.com\/EstrategiaConcursos","https:\/\/x.com\/EstratConcursos"],"url":"https:\/\/www.estrategiaconcursos.com.br\/blog\/author\/estrategia2013\/"}]}},"_links":{"self":[{"href":"https:\/\/www.estrategiaconcursos.com.br\/blog\/wp-json\/wp\/v2\/posts\/389164","targetHints":{"allow":["GET"]}}],"collection":[{"href":"https:\/\/www.estrategiaconcursos.com.br\/blog\/wp-json\/wp\/v2\/posts"}],"about":[{"href":"https:\/\/www.estrategiaconcursos.com.br\/blog\/wp-json\/wp\/v2\/types\/post"}],"author":[{"embeddable":true,"href":"https:\/\/www.estrategiaconcursos.com.br\/blog\/wp-json\/wp\/v2\/users\/1"}],"replies":[{"embeddable":true,"href":"https:\/\/www.estrategiaconcursos.com.br\/blog\/wp-json\/wp\/v2\/comments?post=389164"}],"version-history":[{"count":109,"href":"https:\/\/www.estrategiaconcursos.com.br\/blog\/wp-json\/wp\/v2\/posts\/389164\/revisions"}],"predecessor-version":[{"id":1711789,"href":"https:\/\/www.estrategiaconcursos.com.br\/blog\/wp-json\/wp\/v2\/posts\/389164\/revisions\/1711789"}],"wp:featuredmedia":[{"embeddable":true,"href":"https:\/\/www.estrategiaconcursos.com.br\/blog\/wp-json\/wp\/v2\/media\/1012417"}],"wp:attachment":[{"href":"https:\/\/www.estrategiaconcursos.com.br\/blog\/wp-json\/wp\/v2\/media?parent=389164"}],"wp:term":[{"taxonomy":"category","embeddable":true,"href":"https:\/\/www.estrategiaconcursos.com.br\/blog\/wp-json\/wp\/v2\/categories?post=389164"},{"taxonomy":"post_tag","embeddable":true,"href":"https:\/\/www.estrategiaconcursos.com.br\/blog\/wp-json\/wp\/v2\/tags?post=389164"},{"taxonomy":"tax_estado","embeddable":true,"href":"https:\/\/www.estrategiaconcursos.com.br\/blog\/wp-json\/wp\/v2\/tax_estado?post=389164"}],"curies":[{"name":"wp","href":"https:\/\/api.w.org\/{rel}","templated":true}]}}