{"id":388717,"date":"2019-06-18T12:00:51","date_gmt":"2019-06-18T15:00:51","guid":{"rendered":"https:\/\/www.estrategiaconcursos.com.br\/blog\/?p=388717"},"modified":"2019-06-17T16:53:33","modified_gmt":"2019-06-17T19:53:33","slug":"malcriado-ou-mal-criado","status":"publish","type":"post","link":"https:\/\/www.estrategiaconcursos.com.br\/blog\/malcriado-ou-mal-criado\/","title":{"rendered":"Malcriado ou mal criado?"},"content":{"rendered":"\n<h2 class=\"wp-block-heading\">Malcriado ou mal criado, como se escreve?<\/h2>\n\n\n\n<p>Bom dia, meus amigos! Recebo muitas vezes em meu <a rel=\"noreferrer noopener\" aria-label=\"Instagram  (abre numa nova aba)\" href=\"https:\/\/www.instagram.com\/decioterror\/?hl=pt-br\" target=\"_blank\">Instagram <\/a>perguntas do tipo &#8220;<em>Professor, meu filho \u00e9 <strong>malcriado<\/strong> ou <strong>mal criado<\/strong><\/em>?&#8221;, ou &#8220;<em>Professor, meu primo foi <strong>mal criado<\/strong> pelos meus av\u00f3s ou ele foi <strong>malcriado<\/strong> pelos meus av\u00f3s.<\/em>&#8221; <\/p>\n\n\n\n<p>Pois bem, primeiro eu preciso saber de uma coisa: Voc\u00ea j\u00e1 me segue no <a rel=\"noreferrer noopener\" aria-label=\"instagram (abre numa nova aba)\" href=\"https:\/\/www.instagram.com\/decioterror\/?hl=pt-br\" target=\"_blank\">Instagram<\/a>? N\u00c3\u00c3\u00c3\u00c3OOOO? Ent\u00e3o est\u00e1 esperando o qu\u00ea? Corra e siga o <a rel=\"noreferrer noopener\" aria-label=\"&quot;Malvado Favorito (abre numa nova aba)\" href=\"https:\/\/www.instagram.com\/p\/ByaeP1Kp5ns\/\" target=\"_blank\">&#8220;Malvado Favorito<\/a>&#8221; para ficar por dentro de todas as nossas dicas.<\/p>\n\n\n\n<p>Voltando ao filho mal( )criado, voc\u00ea acha que o certo \u00e9 junto ou separado? <\/p>\n\n\n\n<p>A verdade \u00e9 que ambas as grafias est\u00e3o corretas?. Venha comigo!<\/p>\n\n\n\n<div class=\"wp-block-image\"><figure class=\"aligncenter is-resized\"><img loading=\"lazy\" decoding=\"async\" src=\"https:\/\/dhg1h5j42swfq.cloudfront.net\/2019\/06\/17162317\/malcriado.jpg\" alt=\"\" class=\"wp-image-388771\" width=\"399\" height=\"222\" srcset=\"https:\/\/dhg1h5j42swfq.cloudfront.net\/2019\/06\/17162317\/malcriado.jpg 932w, https:\/\/dhg1h5j42swfq.cloudfront.net\/2019\/06\/17162317\/malcriado.jpg 300w, https:\/\/dhg1h5j42swfq.cloudfront.net\/2019\/06\/17162317\/malcriado.jpg 768w, https:\/\/dhg1h5j42swfq.cloudfront.net\/2019\/06\/17162317\/malcriado.jpg 610w\" sizes=\"auto, (max-width: 399px) 100vw, 399px\" \/><\/figure><\/div>\n\n\n\n<p><em><strong>Malcriado <\/strong><\/em>\u00e9 um adjetivo usado para caracterizar algu\u00e9m sem educa\u00e7\u00e3o, grosseiro ou desrespeitoso.<\/p>\n\n\n\n<p><em>A aluna foi muito <strong>malcriada <\/strong>ao responder a professora.<\/em> ?<\/p>\n\n\n\n<p>J\u00e1 <strong><em>mal <\/em><\/strong><em><strong>criado <\/strong><\/em>\u00e9 uma express\u00e3o constitu\u00edda do adv\u00e9rbio &#8220;mal&#8221; (oposto de bem) e do partic\u00edpio da voz passiva &#8220;criado&#8221;, quando se quer qualificar o tipo de educa\u00e7\u00e3o que foi ou que est\u00e1 sendo dada a algu\u00e9m.<\/p>\n\n\n\n<p><em>O fato de terem sido <strong>mal criados <\/strong>(por algu\u00e9m) explica o comportamento daqueles meninos.<\/em><\/p>\n\n\n\n<p><em>Os meninos foram <strong>mal criados<\/strong> por Tereza, pois eles n\u00e3o pedem a b\u00ean\u00e7\u00e3o quando se aproximam dos av\u00f3s!<\/em><\/p>\n\n\n\n<p>Alguns gram\u00e1ticos conceituados, como Evanildo Bechara (sou muito f\u00e3), citam, ainda, o significado de&nbsp;<em>algo ser mal tratado<\/em>. Vejamos a seguir:<\/p>\n\n\n\n<p><em>\u00c9 um cafezal <strong>mal criado<\/strong><\/em> (poder\u00e1 trocar <em>mal criado<\/em> por <strong><em>mal tratado<\/em><\/strong> e n\u00e3o perder\u00e1 o sentido da frase).<\/p>\n\n\n\n<p>Por\u00e9m, <strong>NUNCA, EM NENHUMA HIP\u00d3TESE<\/strong>, coloque h\u00edfen ok? <strong>Mal-criado n\u00e3o existe na l\u00edngua portuguesa<\/strong> , pois, segundo o atual acordo ortogr\u00e1fico, que entrou em vigor em janeiro de 2009, o h\u00edfen apenas \u00e9 utilizado em palavras compostas com os adv\u00e9rbios <em>bem <\/em>e <em>mal <\/em>quando a segunda palavra come\u00e7a por vogal ou <em>h<\/em>; como, por exemplo, <em><strong>mal-estar<\/strong><\/em> e <em><strong>mal-humorado<\/strong><\/em>.<\/p>\n\n\n\n<p>Agora sim, estamos todos prontos para conversar em fam\u00edlia e falar que <em>o primo <strong>foi <\/strong>mal <\/em><strong><em>criado<\/em><\/strong><em> pelos av\u00f3s<\/em> (locu\u00e7\u00e3o verbal da voz passiva), e que <em>o filho da prima do av\u00f4 da nora do vizinho \u00e9 <strong>malcriado<\/strong><\/em> (adjetivo). ?<\/p>\n\n\n\n<p>Grande abra\u00e7o, pessoal.<\/p>\n\n\n\n<p><strong><a href=\"https:\/\/twitter.com\/profdecioterror\" target=\"_blank\" rel=\"noreferrer noopener\" aria-label=\"D\u00e9cio Terror (abre numa nova aba)\">D\u00e9cio Terror<\/a><\/strong><\/p>\n","protected":false},"excerpt":{"rendered":"<p>Malcriado ou mal criado, como se escreve? Bom dia, meus amigos! Recebo muitas vezes em meu Instagram perguntas do tipo &#8220;Professor, meu filho \u00e9 malcriado ou mal criado?&#8221;, ou &#8220;Professor, meu primo foi mal criado pelos meus av\u00f3s ou ele foi malcriado pelos meus av\u00f3s.&#8221; Pois bem, primeiro eu preciso saber de uma coisa: Voc\u00ea [&hellip;]<\/p>\n","protected":false},"author":214,"featured_media":0,"comment_status":"open","ping_status":"closed","sticky":false,"template":"","format":"standard","meta":{"post_tipo":"article","footnotes":""},"categories":[1],"tags":[],"tax_estado":[],"class_list":["post-388717","post","type-post","status-publish","format-standard","hentry","category-cursos-e-concursos"],"acf":[],"yoast_head":"<!-- This site is optimized with the Yoast SEO Premium plugin v27.2 (Yoast SEO v27.2) - https:\/\/yoast.com\/product\/yoast-seo-premium-wordpress\/ -->\n<title>Malcriado ou mal criado?<\/title>\n<meta name=\"robots\" content=\"index, follow, max-snippet:-1, max-image-preview:large, max-video-preview:-1\" \/>\n<link rel=\"canonical\" href=\"https:\/\/www.estrategiaconcursos.com.br\/blog\/malcriado-ou-mal-criado\/\" \/>\n<meta property=\"og:locale\" content=\"pt_BR\" \/>\n<meta property=\"og:type\" content=\"article\" \/>\n<meta property=\"og:title\" content=\"Malcriado ou mal criado?\" \/>\n<meta property=\"og:description\" content=\"Malcriado ou mal criado, como se escreve? Bom dia, meus amigos! Recebo muitas vezes em meu Instagram perguntas do tipo &#8220;Professor, meu filho \u00e9 malcriado ou mal criado?&#8221;, ou &#8220;Professor, meu primo foi mal criado pelos meus av\u00f3s ou ele foi malcriado pelos meus av\u00f3s.&#8221; Pois bem, primeiro eu preciso saber de uma coisa: Voc\u00ea [&hellip;]\" \/>\n<meta property=\"og:url\" content=\"https:\/\/www.estrategiaconcursos.com.br\/blog\/malcriado-ou-mal-criado\/\" \/>\n<meta property=\"og:site_name\" content=\"Estrat\u00e9gia Concursos\" \/>\n<meta property=\"article:published_time\" content=\"2019-06-18T15:00:51+00:00\" \/>\n<meta property=\"og:image\" content=\"https:\/\/www.estrategiaconcursos.com.br\/blog\/wp-content\/uploads\/2019\/06\/malcriado.jpg\" \/>\n<meta name=\"author\" content=\"D\u00e9cio Terror Filho\" \/>\n<meta name=\"twitter:card\" content=\"summary_large_image\" \/>\n<meta name=\"twitter:creator\" content=\"@EstratConcursos\" \/>\n<meta name=\"twitter:site\" content=\"@EstratConcursos\" \/>\n<meta name=\"twitter:label1\" content=\"Escrito por\" \/>\n\t<meta name=\"twitter:data1\" content=\"D\u00e9cio Terror Filho\" \/>\n\t<meta name=\"twitter:label2\" content=\"Est. tempo de leitura\" \/>\n\t<meta name=\"twitter:data2\" content=\"2 minutos\" \/>\n<script type=\"application\/ld+json\" class=\"yoast-schema-graph\">{\"@context\":\"https:\/\/schema.org\",\"@graph\":[{\"@type\":\"NewsArticle\",\"@id\":\"https:\/\/www.estrategiaconcursos.com.br\/blog\/malcriado-ou-mal-criado\/#article\",\"isPartOf\":{\"@id\":\"https:\/\/www.estrategiaconcursos.com.br\/blog\/malcriado-ou-mal-criado\/\"},\"author\":{\"name\":\"D\u00e9cio Terror Filho\",\"@id\":\"https:\/\/www.estrategiaconcursos.com.br\/blog\/#\/schema\/person\/e8165364027a31208914fc77c3314727\"},\"headline\":\"Malcriado ou mal criado?\",\"datePublished\":\"2019-06-18T15:00:51+00:00\",\"mainEntityOfPage\":{\"@id\":\"https:\/\/www.estrategiaconcursos.com.br\/blog\/malcriado-ou-mal-criado\/\"},\"wordCount\":368,\"commentCount\":0,\"publisher\":{\"@id\":\"https:\/\/www.estrategiaconcursos.com.br\/blog\/#organization\"},\"image\":{\"@id\":\"https:\/\/www.estrategiaconcursos.com.br\/blog\/malcriado-ou-mal-criado\/#primaryimage\"},\"thumbnailUrl\":\"https:\/\/www.estrategiaconcursos.com.br\/blog\/wp-content\/uploads\/2019\/06\/malcriado.jpg\",\"articleSection\":[\"Concursos P\u00fablicos\"],\"inLanguage\":\"pt-BR\",\"potentialAction\":[{\"@type\":\"CommentAction\",\"name\":\"Comment\",\"target\":[\"https:\/\/www.estrategiaconcursos.com.br\/blog\/malcriado-ou-mal-criado\/#respond\"]}],\"copyrightYear\":\"2019\",\"copyrightHolder\":{\"@id\":\"https:\/\/www.estrategiaconcursos.com.br\/blog\/#organization\"}},{\"@type\":\"WebPage\",\"@id\":\"https:\/\/www.estrategiaconcursos.com.br\/blog\/malcriado-ou-mal-criado\/\",\"url\":\"https:\/\/www.estrategiaconcursos.com.br\/blog\/malcriado-ou-mal-criado\/\",\"name\":\"Malcriado ou mal criado?\",\"isPartOf\":{\"@id\":\"https:\/\/www.estrategiaconcursos.com.br\/blog\/#website\"},\"primaryImageOfPage\":{\"@id\":\"https:\/\/www.estrategiaconcursos.com.br\/blog\/malcriado-ou-mal-criado\/#primaryimage\"},\"image\":{\"@id\":\"https:\/\/www.estrategiaconcursos.com.br\/blog\/malcriado-ou-mal-criado\/#primaryimage\"},\"thumbnailUrl\":\"https:\/\/www.estrategiaconcursos.com.br\/blog\/wp-content\/uploads\/2019\/06\/malcriado.jpg\",\"datePublished\":\"2019-06-18T15:00:51+00:00\",\"breadcrumb\":{\"@id\":\"https:\/\/www.estrategiaconcursos.com.br\/blog\/malcriado-ou-mal-criado\/#breadcrumb\"},\"inLanguage\":\"pt-BR\",\"potentialAction\":[{\"@type\":\"ReadAction\",\"target\":[\"https:\/\/www.estrategiaconcursos.com.br\/blog\/malcriado-ou-mal-criado\/\"]}]},{\"@type\":\"ImageObject\",\"inLanguage\":\"pt-BR\",\"@id\":\"https:\/\/www.estrategiaconcursos.com.br\/blog\/malcriado-ou-mal-criado\/#primaryimage\",\"url\":\"https:\/\/dhg1h5j42swfq.cloudfront.net\/2019\/06\/17162317\/malcriado.jpg\",\"contentUrl\":\"https:\/\/dhg1h5j42swfq.cloudfront.net\/2019\/06\/17162317\/malcriado.jpg\",\"width\":932,\"height\":520},{\"@type\":\"BreadcrumbList\",\"@id\":\"https:\/\/www.estrategiaconcursos.com.br\/blog\/malcriado-ou-mal-criado\/#breadcrumb\",\"itemListElement\":[{\"@type\":\"ListItem\",\"position\":1,\"name\":\"In\u00edcio\",\"item\":\"https:\/\/www.estrategiaconcursos.com.br\/blog\/\"},{\"@type\":\"ListItem\",\"position\":2,\"name\":\"Malcriado ou mal criado?\"}]},{\"@type\":\"WebSite\",\"@id\":\"https:\/\/www.estrategiaconcursos.com.br\/blog\/#website\",\"url\":\"https:\/\/www.estrategiaconcursos.com.br\/blog\/\",\"name\":\"Estrat\u00e9gia Concursos\",\"description\":\"O blog da Estrat\u00e9gia Concursos traz not\u00edcias sobre concursos e artigos de professores oferecendo cursos para concursos (pdf + videaulas) no site.\",\"publisher\":{\"@id\":\"https:\/\/www.estrategiaconcursos.com.br\/blog\/#organization\"},\"potentialAction\":[{\"@type\":\"SearchAction\",\"target\":{\"@type\":\"EntryPoint\",\"urlTemplate\":\"https:\/\/www.estrategiaconcursos.com.br\/blog\/?s={search_term_string}\"},\"query-input\":{\"@type\":\"PropertyValueSpecification\",\"valueRequired\":true,\"valueName\":\"search_term_string\"}}],\"inLanguage\":\"pt-BR\"},{\"@type\":\"Organization\",\"@id\":\"https:\/\/www.estrategiaconcursos.com.br\/blog\/#organization\",\"name\":\"Estrat\u00e9gia Concursos\",\"url\":\"https:\/\/www.estrategiaconcursos.com.br\/blog\/\",\"logo\":{\"@type\":\"ImageObject\",\"inLanguage\":\"pt-BR\",\"@id\":\"https:\/\/www.estrategiaconcursos.com.br\/blog\/#\/schema\/logo\/image\/\",\"url\":\"https:\/\/dhg1h5j42swfq.cloudfront.net\/2025\/06\/03203428\/logo_concursos-1.jpg\",\"contentUrl\":\"https:\/\/dhg1h5j42swfq.cloudfront.net\/2025\/06\/03203428\/logo_concursos-1.jpg\",\"width\":230,\"height\":60,\"caption\":\"Estrat\u00e9gia Concursos\"},\"image\":{\"@id\":\"https:\/\/www.estrategiaconcursos.com.br\/blog\/#\/schema\/logo\/image\/\"},\"sameAs\":[\"https:\/\/x.com\/EstratConcursos\"]},{\"@type\":\"Person\",\"@id\":\"https:\/\/www.estrategiaconcursos.com.br\/blog\/#\/schema\/person\/e8165364027a31208914fc77c3314727\",\"name\":\"D\u00e9cio Terror Filho\",\"image\":{\"@type\":\"ImageObject\",\"inLanguage\":\"pt-BR\",\"@id\":\"https:\/\/secure.gravatar.com\/avatar\/a5b78e734de7c6482e965926e78344deb81abbc34282a3c9536cbb1a59728a37?s=96&d=mm&r=g\",\"url\":\"https:\/\/secure.gravatar.com\/avatar\/a5b78e734de7c6482e965926e78344deb81abbc34282a3c9536cbb1a59728a37?s=96&d=mm&r=g\",\"contentUrl\":\"https:\/\/secure.gravatar.com\/avatar\/a5b78e734de7c6482e965926e78344deb81abbc34282a3c9536cbb1a59728a37?s=96&d=mm&r=g\",\"caption\":\"D\u00e9cio Terror Filho\"},\"url\":\"https:\/\/www.estrategiaconcursos.com.br\/blog\/author\/contatoterrorportugues-com-br\/\"}]}<\/script>\n<!-- \/ Yoast SEO Premium plugin. -->","yoast_head_json":{"title":"Malcriado ou mal criado?","robots":{"index":"index","follow":"follow","max-snippet":"max-snippet:-1","max-image-preview":"max-image-preview:large","max-video-preview":"max-video-preview:-1"},"canonical":"https:\/\/www.estrategiaconcursos.com.br\/blog\/malcriado-ou-mal-criado\/","og_locale":"pt_BR","og_type":"article","og_title":"Malcriado ou mal criado?","og_description":"Malcriado ou mal criado, como se escreve? Bom dia, meus amigos! Recebo muitas vezes em meu Instagram perguntas do tipo &#8220;Professor, meu filho \u00e9 malcriado ou mal criado?&#8221;, ou &#8220;Professor, meu primo foi mal criado pelos meus av\u00f3s ou ele foi malcriado pelos meus av\u00f3s.&#8221; Pois bem, primeiro eu preciso saber de uma coisa: Voc\u00ea [&hellip;]","og_url":"https:\/\/www.estrategiaconcursos.com.br\/blog\/malcriado-ou-mal-criado\/","og_site_name":"Estrat\u00e9gia Concursos","article_published_time":"2019-06-18T15:00:51+00:00","og_image":[{"url":"https:\/\/www.estrategiaconcursos.com.br\/blog\/wp-content\/uploads\/2019\/06\/malcriado.jpg","type":"","width":"","height":""}],"author":"D\u00e9cio Terror Filho","twitter_card":"summary_large_image","twitter_creator":"@EstratConcursos","twitter_site":"@EstratConcursos","twitter_misc":{"Escrito por":"D\u00e9cio Terror Filho","Est. tempo de leitura":"2 minutos"},"schema":{"@context":"https:\/\/schema.org","@graph":[{"@type":"NewsArticle","@id":"https:\/\/www.estrategiaconcursos.com.br\/blog\/malcriado-ou-mal-criado\/#article","isPartOf":{"@id":"https:\/\/www.estrategiaconcursos.com.br\/blog\/malcriado-ou-mal-criado\/"},"author":{"name":"D\u00e9cio Terror Filho","@id":"https:\/\/www.estrategiaconcursos.com.br\/blog\/#\/schema\/person\/e8165364027a31208914fc77c3314727"},"headline":"Malcriado ou mal criado?","datePublished":"2019-06-18T15:00:51+00:00","mainEntityOfPage":{"@id":"https:\/\/www.estrategiaconcursos.com.br\/blog\/malcriado-ou-mal-criado\/"},"wordCount":368,"commentCount":0,"publisher":{"@id":"https:\/\/www.estrategiaconcursos.com.br\/blog\/#organization"},"image":{"@id":"https:\/\/www.estrategiaconcursos.com.br\/blog\/malcriado-ou-mal-criado\/#primaryimage"},"thumbnailUrl":"https:\/\/www.estrategiaconcursos.com.br\/blog\/wp-content\/uploads\/2019\/06\/malcriado.jpg","articleSection":["Concursos P\u00fablicos"],"inLanguage":"pt-BR","potentialAction":[{"@type":"CommentAction","name":"Comment","target":["https:\/\/www.estrategiaconcursos.com.br\/blog\/malcriado-ou-mal-criado\/#respond"]}],"copyrightYear":"2019","copyrightHolder":{"@id":"https:\/\/www.estrategiaconcursos.com.br\/blog\/#organization"}},{"@type":"WebPage","@id":"https:\/\/www.estrategiaconcursos.com.br\/blog\/malcriado-ou-mal-criado\/","url":"https:\/\/www.estrategiaconcursos.com.br\/blog\/malcriado-ou-mal-criado\/","name":"Malcriado ou mal criado?","isPartOf":{"@id":"https:\/\/www.estrategiaconcursos.com.br\/blog\/#website"},"primaryImageOfPage":{"@id":"https:\/\/www.estrategiaconcursos.com.br\/blog\/malcriado-ou-mal-criado\/#primaryimage"},"image":{"@id":"https:\/\/www.estrategiaconcursos.com.br\/blog\/malcriado-ou-mal-criado\/#primaryimage"},"thumbnailUrl":"https:\/\/www.estrategiaconcursos.com.br\/blog\/wp-content\/uploads\/2019\/06\/malcriado.jpg","datePublished":"2019-06-18T15:00:51+00:00","breadcrumb":{"@id":"https:\/\/www.estrategiaconcursos.com.br\/blog\/malcriado-ou-mal-criado\/#breadcrumb"},"inLanguage":"pt-BR","potentialAction":[{"@type":"ReadAction","target":["https:\/\/www.estrategiaconcursos.com.br\/blog\/malcriado-ou-mal-criado\/"]}]},{"@type":"ImageObject","inLanguage":"pt-BR","@id":"https:\/\/www.estrategiaconcursos.com.br\/blog\/malcriado-ou-mal-criado\/#primaryimage","url":"https:\/\/dhg1h5j42swfq.cloudfront.net\/2019\/06\/17162317\/malcriado.jpg","contentUrl":"https:\/\/dhg1h5j42swfq.cloudfront.net\/2019\/06\/17162317\/malcriado.jpg","width":932,"height":520},{"@type":"BreadcrumbList","@id":"https:\/\/www.estrategiaconcursos.com.br\/blog\/malcriado-ou-mal-criado\/#breadcrumb","itemListElement":[{"@type":"ListItem","position":1,"name":"In\u00edcio","item":"https:\/\/www.estrategiaconcursos.com.br\/blog\/"},{"@type":"ListItem","position":2,"name":"Malcriado ou mal criado?"}]},{"@type":"WebSite","@id":"https:\/\/www.estrategiaconcursos.com.br\/blog\/#website","url":"https:\/\/www.estrategiaconcursos.com.br\/blog\/","name":"Estrat\u00e9gia Concursos","description":"O blog da Estrat\u00e9gia Concursos traz not\u00edcias sobre concursos e artigos de professores oferecendo cursos para concursos (pdf + videaulas) no site.","publisher":{"@id":"https:\/\/www.estrategiaconcursos.com.br\/blog\/#organization"},"potentialAction":[{"@type":"SearchAction","target":{"@type":"EntryPoint","urlTemplate":"https:\/\/www.estrategiaconcursos.com.br\/blog\/?s={search_term_string}"},"query-input":{"@type":"PropertyValueSpecification","valueRequired":true,"valueName":"search_term_string"}}],"inLanguage":"pt-BR"},{"@type":"Organization","@id":"https:\/\/www.estrategiaconcursos.com.br\/blog\/#organization","name":"Estrat\u00e9gia Concursos","url":"https:\/\/www.estrategiaconcursos.com.br\/blog\/","logo":{"@type":"ImageObject","inLanguage":"pt-BR","@id":"https:\/\/www.estrategiaconcursos.com.br\/blog\/#\/schema\/logo\/image\/","url":"https:\/\/dhg1h5j42swfq.cloudfront.net\/2025\/06\/03203428\/logo_concursos-1.jpg","contentUrl":"https:\/\/dhg1h5j42swfq.cloudfront.net\/2025\/06\/03203428\/logo_concursos-1.jpg","width":230,"height":60,"caption":"Estrat\u00e9gia Concursos"},"image":{"@id":"https:\/\/www.estrategiaconcursos.com.br\/blog\/#\/schema\/logo\/image\/"},"sameAs":["https:\/\/x.com\/EstratConcursos"]},{"@type":"Person","@id":"https:\/\/www.estrategiaconcursos.com.br\/blog\/#\/schema\/person\/e8165364027a31208914fc77c3314727","name":"D\u00e9cio Terror Filho","image":{"@type":"ImageObject","inLanguage":"pt-BR","@id":"https:\/\/secure.gravatar.com\/avatar\/a5b78e734de7c6482e965926e78344deb81abbc34282a3c9536cbb1a59728a37?s=96&d=mm&r=g","url":"https:\/\/secure.gravatar.com\/avatar\/a5b78e734de7c6482e965926e78344deb81abbc34282a3c9536cbb1a59728a37?s=96&d=mm&r=g","contentUrl":"https:\/\/secure.gravatar.com\/avatar\/a5b78e734de7c6482e965926e78344deb81abbc34282a3c9536cbb1a59728a37?s=96&d=mm&r=g","caption":"D\u00e9cio Terror Filho"},"url":"https:\/\/www.estrategiaconcursos.com.br\/blog\/author\/contatoterrorportugues-com-br\/"}]}},"_links":{"self":[{"href":"https:\/\/www.estrategiaconcursos.com.br\/blog\/wp-json\/wp\/v2\/posts\/388717","targetHints":{"allow":["GET"]}}],"collection":[{"href":"https:\/\/www.estrategiaconcursos.com.br\/blog\/wp-json\/wp\/v2\/posts"}],"about":[{"href":"https:\/\/www.estrategiaconcursos.com.br\/blog\/wp-json\/wp\/v2\/types\/post"}],"author":[{"embeddable":true,"href":"https:\/\/www.estrategiaconcursos.com.br\/blog\/wp-json\/wp\/v2\/users\/214"}],"replies":[{"embeddable":true,"href":"https:\/\/www.estrategiaconcursos.com.br\/blog\/wp-json\/wp\/v2\/comments?post=388717"}],"version-history":[{"count":6,"href":"https:\/\/www.estrategiaconcursos.com.br\/blog\/wp-json\/wp\/v2\/posts\/388717\/revisions"}],"predecessor-version":[{"id":388786,"href":"https:\/\/www.estrategiaconcursos.com.br\/blog\/wp-json\/wp\/v2\/posts\/388717\/revisions\/388786"}],"wp:attachment":[{"href":"https:\/\/www.estrategiaconcursos.com.br\/blog\/wp-json\/wp\/v2\/media?parent=388717"}],"wp:term":[{"taxonomy":"category","embeddable":true,"href":"https:\/\/www.estrategiaconcursos.com.br\/blog\/wp-json\/wp\/v2\/categories?post=388717"},{"taxonomy":"post_tag","embeddable":true,"href":"https:\/\/www.estrategiaconcursos.com.br\/blog\/wp-json\/wp\/v2\/tags?post=388717"},{"taxonomy":"tax_estado","embeddable":true,"href":"https:\/\/www.estrategiaconcursos.com.br\/blog\/wp-json\/wp\/v2\/tax_estado?post=388717"}],"curies":[{"name":"wp","href":"https:\/\/api.w.org\/{rel}","templated":true}]}}