{"id":388565,"date":"2019-06-18T08:00:15","date_gmt":"2019-06-18T11:00:15","guid":{"rendered":"https:\/\/www.estrategiaconcursos.com.br\/blog\/?p=388565"},"modified":"2019-06-18T11:23:08","modified_gmt":"2019-06-18T14:23:08","slug":"vade-mecum-delegado-sp","status":"publish","type":"post","link":"https:\/\/www.estrategiaconcursos.com.br\/blog\/vade-mecum-delegado-sp\/","title":{"rendered":"Vade Mecum Delegado SP: baixe gr\u00e1tis a legisla\u00e7\u00e3o prevista para Delegado"},"content":{"rendered":"\n<p>O Governador do Estado de S\u00e3o Paulo, Jo\u00e3o D\u00f3ria, autorizou a Pol\u00edcia Civil do Estado realizar um novo concurso p\u00fablico conforme noticiado recentemente pela equipe de jornalismo do Estrat\u00e9gia Concursos. <\/p>\n\n\n\n<p>Ao todo ser\u00e3o ofertadas <strong><em>250 vagas<\/em><\/strong> para o cargo de <strong><em>Delegado<\/em><\/strong>. Os candidatos interessados no certame, devem ficar atentos pois o cargo exige que os inscritos tenham diploma de bacharel em Direito, expedido por institui\u00e7\u00e3o reconhecida pelo Minist\u00e9rio da Educa\u00e7\u00e3o (MEC).<\/p>\n\n\n\n<p>Al\u00e9m disso, \u00e9 necess\u00e1rio que o candidato comprove o exerc\u00edcio de, pelo menos,&nbsp;<strong>2 anos<\/strong>&nbsp;de atividade <strong>jur\u00eddica<\/strong> ou<strong> policial<\/strong>.<\/p>\n\n\n\n<p><strong>Importante:&nbsp;<\/strong>o edital prev\u00ea que o tempo de atividade jur\u00eddica pode ser completado at\u00e9 a&nbsp;<strong>data da posse<\/strong>. O tempo m\u00ednimo de atividade policial, por outro lado, deve ter sido exercido at\u00e9 a publica\u00e7\u00e3o do edital.<\/p>\n\n\n\n<p>A informa\u00e7\u00e3o trouxe uma grande expectativa para os concurseiros, haja vista que o \u00faltimo concurso Delegado SP ainda est\u00e1 em <strong>andamento<\/strong> e deve perdurar at\u00e9<strong> 31 de julho<\/strong>. Ap\u00f3s o final deste concurso, o \u00f3rg\u00e3o dever\u00e1 anunciar este novo certame. <\/p>\n\n\n\n<p style=\"font-size:22px;text-align:center\" class=\"has-background has-luminous-vivid-amber-background-color\"><strong><em>Mais informa\u00e7\u00f5es: <\/em><\/strong><span style=\"text-decoration: underline;\"><a rel=\"noreferrer noopener\" aria-label=\"Concurso Delegado SP (abre numa nova aba)\" href=\"https:\/\/www.estrategiaconcursos.com.br\/blog\/concurso-delegado-sp\/\" target=\"_blank\"><strong><em>Concurso Delegado SP<\/em><\/strong><\/a><\/span><\/p>\n\n\n\n<p>Pensando no seu sonho de ingressar na carreira Policial, os professores do Estrat\u00e9gia Concursos elaboraram um <strong>material completo<\/strong> e totalmente <strong>gratuito<\/strong> para sua prepara\u00e7\u00e3o. <\/p>\n\n\n\n<p>O <strong><em>Vade Mecum<\/em><\/strong> \u00e9 constitu\u00eddo de  <em>v\u00eddeoaulas, PDF\u2019s, Resumos, Simulados, Maratonas, entre outros exerc\u00edcios<\/em>. Dessa vez, ele \u00e9 focado no concurso <strong><em>Delegado SP<\/em><\/strong>.<\/p>\n\n\n\n<p>O<strong> Vade Mecum Delegado SP<\/strong>, cont\u00e9m todas as <em><strong>leis<\/strong><\/em> previstas que devem ser cobradas na sua prova. Ele \u00e9 um material pr\u00e1tico para consulta que servir\u00e1 para te guiar durante a sua jornada de estudos, tendo a possibilidade de acessar rapidamente e ainda fazer suas marca\u00e7\u00f5es pessoais.<\/p>\n\n\n\n<p>Vale lembrar que o material \u00e9 totalmente&nbsp;<strong><em>gratuito&nbsp;<\/em><\/strong>e voc\u00ea pode fazer o <strong><em>download<\/em><\/strong> aqui mesmo nesta p\u00e1gina.<\/p>\n\n\n\n<p style=\"font-size:17px\"><em>Clique no banner abaixo e baixe gratuitamente o Vade Mecum Delegado SP:<\/em><\/p>\n\n\n\n<p style=\"font-size:25px;text-align:center\"><strong>Vade Mecum<\/strong><\/p>\n\n\n\n<div class=\"wp-block-image\"><figure class=\"aligncenter\"><a href=\"https:\/\/www.estrategiaconcursos.com.br\/gratis\/pc-sp-3\/\" target=\"_blank\" rel=\"noreferrer noopener\"><img loading=\"lazy\" decoding=\"async\" width=\"1280\" height=\"720\" src=\"https:\/\/dhg1h5j42swfq.cloudfront.net\/2019\/06\/17111213\/concurso-delegado-sp.jpg\" alt=\"\" class=\"wp-image-388594\" srcset=\"https:\/\/dhg1h5j42swfq.cloudfront.net\/2019\/06\/17111213\/concurso-delegado-sp.jpg 1280w, https:\/\/dhg1h5j42swfq.cloudfront.net\/2019\/06\/17111213\/concurso-delegado-sp.jpg 300w, https:\/\/dhg1h5j42swfq.cloudfront.net\/2019\/06\/17111213\/concurso-delegado-sp.jpg 768w, https:\/\/dhg1h5j42swfq.cloudfront.net\/2019\/06\/17111213\/concurso-delegado-sp.jpg 1024w, https:\/\/dhg1h5j42swfq.cloudfront.net\/2019\/06\/17111213\/concurso-delegado-sp.jpg 610w\" sizes=\"auto, (max-width: 1280px) 100vw, 1280px\" \/><\/a><\/figure><\/div>\n\n\n\n<p style=\"font-size:19px;text-align:center\"><strong><em>Quer estudar para Concurso Delegado SP?<\/em><\/strong><\/p>\n\n\n\n<p style=\"text-align:center\"><em><strong>Gostou desta oportunidade e deseja come\u00e7ar se preparar agora mesmo? Ent\u00e3o, confira os nossos cursos e comece a estudar para Delegado SP:<\/strong><\/em><\/p>\n\n\n\n<p style=\"font-size:25px;text-align:center\" class=\"has-background has-luminous-vivid-amber-background-color\"><span style=\"text-decoration: underline;\"><a rel=\"noreferrer noopener\" aria-label=\"Curso Delegado SP (abre numa nova aba)\" href=\"https:\/\/www.estrategiaconcursos.com.br\/cursosPorConcurso\/pc-sp-policia-civil-de-sao-paulo-delegado\/\" target=\"_blank\"><strong><em>Curso Delegado SP<\/em><\/strong><\/a><\/span><\/p>\n\n\n\n<p style=\"text-align:center\"><em><strong>Assinatura Anual Ilimitada*<\/strong><\/em><\/p>\n\n\n\n<p style=\"text-align:center\"><em>Prepare-se com o melhor material e com quem mais aprova em Concursos P\u00fablicos em todo o pa\u00eds. Assine agora a nossa Assinatura Anual e tenha acesso ilimitado* a todos os nossos cursos.<\/em><\/p>\n\n\n\n<p style=\"font-size:25px;text-align:center\" class=\"has-background has-light-green-cyan-background-color\"><strong>ASSINE AGORA<\/strong>&nbsp;\u2013&nbsp;<a rel=\"noreferrer noopener\" href=\"https:\/\/www.estrategiaconcursos.com.br\/assinaturas\" target=\"_blank\"><strong>Assinatura Ilimitada<\/strong><\/a><\/p>\n\n\n\n<p><em>Ascom Estrat\u00e9gia<\/em><br \/>ascomestrategia@gmail.com<\/p>\n\n\n\n<p style=\"text-align:center\"><em><strong>Receba not\u00edcias de Concursos no seu WhatsApp e\/ou Telegram!<\/strong><\/em><\/p>\n\n\n\n<p style=\"text-align:center\"><em><strong>Cadastre-se clicando no \u00edcone abaixo<\/strong><\/em><\/p>\n\n\n\n<p style=\"text-align:center\"><a rel=\"noreferrer noopener\" href=\"https:\/\/www.estrategiaconcursos.com.br\/blog\/noticias-de-concursos-whatsapp-estrategia-concursos\/\" target=\"_blank\">Not\u00edcias de concursos no seu WhatsApp e\/ou Telegram<\/a><\/p>\n","protected":false},"excerpt":{"rendered":"<p>O Governador do Estado de S\u00e3o Paulo, Jo\u00e3o D\u00f3ria, autorizou a Pol\u00edcia Civil do Estado realizar um novo concurso p\u00fablico conforme noticiado recentemente pela equipe de jornalismo do Estrat\u00e9gia Concursos. Ao todo ser\u00e3o ofertadas 250 vagas para o cargo de Delegado. Os candidatos interessados no certame, devem ficar atentos pois o cargo exige que os [&hellip;]<\/p>\n","protected":false},"author":552,"featured_media":0,"comment_status":"open","ping_status":"closed","sticky":false,"template":"","format":"standard","meta":{"post_tipo":"article","footnotes":""},"categories":[1],"tags":[],"tax_estado":[],"class_list":["post-388565","post","type-post","status-publish","format-standard","hentry","category-cursos-e-concursos"],"acf":[],"yoast_head":"<!-- This site is optimized with the Yoast SEO Premium plugin v27.2 (Yoast SEO v27.2) - https:\/\/yoast.com\/product\/yoast-seo-premium-wordpress\/ -->\n<title>Vade Mecum Delegado SP: baixe gr\u00e1tis a legisla\u00e7\u00e3o prevista para Delegado<\/title>\n<meta name=\"robots\" content=\"index, follow, max-snippet:-1, max-image-preview:large, max-video-preview:-1\" \/>\n<link rel=\"canonical\" href=\"https:\/\/www.estrategiaconcursos.com.br\/blog\/vade-mecum-delegado-sp\/\" \/>\n<meta property=\"og:locale\" content=\"pt_BR\" \/>\n<meta property=\"og:type\" content=\"article\" \/>\n<meta property=\"og:title\" content=\"Vade Mecum Delegado SP: baixe gr\u00e1tis a legisla\u00e7\u00e3o prevista para Delegado\" \/>\n<meta property=\"og:description\" content=\"O Governador do Estado de S\u00e3o Paulo, Jo\u00e3o D\u00f3ria, autorizou a Pol\u00edcia Civil do Estado realizar um novo concurso p\u00fablico conforme noticiado recentemente pela equipe de jornalismo do Estrat\u00e9gia Concursos. Ao todo ser\u00e3o ofertadas 250 vagas para o cargo de Delegado. Os candidatos interessados no certame, devem ficar atentos pois o cargo exige que os [&hellip;]\" \/>\n<meta property=\"og:url\" content=\"https:\/\/www.estrategiaconcursos.com.br\/blog\/vade-mecum-delegado-sp\/\" \/>\n<meta property=\"og:site_name\" content=\"Estrat\u00e9gia Concursos\" \/>\n<meta property=\"article:published_time\" content=\"2019-06-18T11:00:15+00:00\" \/>\n<meta property=\"article:modified_time\" content=\"2019-06-18T14:23:08+00:00\" \/>\n<meta property=\"og:image\" content=\"https:\/\/www.estrategiaconcursos.com.br\/blog\/wp-content\/uploads\/2019\/06\/concurso-delegado-sp-1024x576.jpg\" \/>\n<meta name=\"author\" content=\"Paulo Bilynskyj\" \/>\n<meta name=\"twitter:card\" content=\"summary_large_image\" \/>\n<meta name=\"twitter:creator\" content=\"@EstratConcursos\" \/>\n<meta name=\"twitter:site\" content=\"@EstratConcursos\" \/>\n<meta name=\"twitter:label1\" content=\"Escrito por\" \/>\n\t<meta name=\"twitter:data1\" content=\"Paulo Bilynskyj\" \/>\n\t<meta name=\"twitter:label2\" content=\"Est. tempo de leitura\" \/>\n\t<meta name=\"twitter:data2\" content=\"2 minutos\" \/>\n<script type=\"application\/ld+json\" class=\"yoast-schema-graph\">{\"@context\":\"https:\/\/schema.org\",\"@graph\":[{\"@type\":\"NewsArticle\",\"@id\":\"https:\/\/www.estrategiaconcursos.com.br\/blog\/vade-mecum-delegado-sp\/#article\",\"isPartOf\":{\"@id\":\"https:\/\/www.estrategiaconcursos.com.br\/blog\/vade-mecum-delegado-sp\/\"},\"author\":{\"name\":\"Paulo Bilynskyj\",\"@id\":\"https:\/\/www.estrategiaconcursos.com.br\/blog\/#\/schema\/person\/a630b15e36f45b4c21fed01219843cb5\"},\"headline\":\"Vade Mecum Delegado SP: baixe gr\u00e1tis a legisla\u00e7\u00e3o prevista para Delegado\",\"datePublished\":\"2019-06-18T11:00:15+00:00\",\"dateModified\":\"2019-06-18T14:23:08+00:00\",\"mainEntityOfPage\":{\"@id\":\"https:\/\/www.estrategiaconcursos.com.br\/blog\/vade-mecum-delegado-sp\/\"},\"wordCount\":448,\"commentCount\":2,\"publisher\":{\"@id\":\"https:\/\/www.estrategiaconcursos.com.br\/blog\/#organization\"},\"image\":{\"@id\":\"https:\/\/www.estrategiaconcursos.com.br\/blog\/vade-mecum-delegado-sp\/#primaryimage\"},\"thumbnailUrl\":\"https:\/\/www.estrategiaconcursos.com.br\/blog\/wp-content\/uploads\/2019\/06\/concurso-delegado-sp-1024x576.jpg\",\"articleSection\":[\"Concursos P\u00fablicos\"],\"inLanguage\":\"pt-BR\",\"potentialAction\":[{\"@type\":\"CommentAction\",\"name\":\"Comment\",\"target\":[\"https:\/\/www.estrategiaconcursos.com.br\/blog\/vade-mecum-delegado-sp\/#respond\"]}],\"copyrightYear\":\"2019\",\"copyrightHolder\":{\"@id\":\"https:\/\/www.estrategiaconcursos.com.br\/blog\/#organization\"}},{\"@type\":\"WebPage\",\"@id\":\"https:\/\/www.estrategiaconcursos.com.br\/blog\/vade-mecum-delegado-sp\/\",\"url\":\"https:\/\/www.estrategiaconcursos.com.br\/blog\/vade-mecum-delegado-sp\/\",\"name\":\"Vade Mecum Delegado SP: baixe gr\u00e1tis a legisla\u00e7\u00e3o prevista para Delegado\",\"isPartOf\":{\"@id\":\"https:\/\/www.estrategiaconcursos.com.br\/blog\/#website\"},\"primaryImageOfPage\":{\"@id\":\"https:\/\/www.estrategiaconcursos.com.br\/blog\/vade-mecum-delegado-sp\/#primaryimage\"},\"image\":{\"@id\":\"https:\/\/www.estrategiaconcursos.com.br\/blog\/vade-mecum-delegado-sp\/#primaryimage\"},\"thumbnailUrl\":\"https:\/\/www.estrategiaconcursos.com.br\/blog\/wp-content\/uploads\/2019\/06\/concurso-delegado-sp-1024x576.jpg\",\"datePublished\":\"2019-06-18T11:00:15+00:00\",\"dateModified\":\"2019-06-18T14:23:08+00:00\",\"breadcrumb\":{\"@id\":\"https:\/\/www.estrategiaconcursos.com.br\/blog\/vade-mecum-delegado-sp\/#breadcrumb\"},\"inLanguage\":\"pt-BR\",\"potentialAction\":[{\"@type\":\"ReadAction\",\"target\":[\"https:\/\/www.estrategiaconcursos.com.br\/blog\/vade-mecum-delegado-sp\/\"]}]},{\"@type\":\"ImageObject\",\"inLanguage\":\"pt-BR\",\"@id\":\"https:\/\/www.estrategiaconcursos.com.br\/blog\/vade-mecum-delegado-sp\/#primaryimage\",\"url\":\"https:\/\/dhg1h5j42swfq.cloudfront.net\/2019\/06\/17111213\/concurso-delegado-sp.jpg\",\"contentUrl\":\"https:\/\/dhg1h5j42swfq.cloudfront.net\/2019\/06\/17111213\/concurso-delegado-sp.jpg\",\"width\":1280,\"height\":720},{\"@type\":\"BreadcrumbList\",\"@id\":\"https:\/\/www.estrategiaconcursos.com.br\/blog\/vade-mecum-delegado-sp\/#breadcrumb\",\"itemListElement\":[{\"@type\":\"ListItem\",\"position\":1,\"name\":\"In\u00edcio\",\"item\":\"https:\/\/www.estrategiaconcursos.com.br\/blog\/\"},{\"@type\":\"ListItem\",\"position\":2,\"name\":\"Vade Mecum Delegado SP: baixe gr\u00e1tis a legisla\u00e7\u00e3o prevista para Delegado\"}]},{\"@type\":\"WebSite\",\"@id\":\"https:\/\/www.estrategiaconcursos.com.br\/blog\/#website\",\"url\":\"https:\/\/www.estrategiaconcursos.com.br\/blog\/\",\"name\":\"Estrat\u00e9gia Concursos\",\"description\":\"O blog da Estrat\u00e9gia Concursos traz not\u00edcias sobre concursos e artigos de professores oferecendo cursos para concursos (pdf + videaulas) no site.\",\"publisher\":{\"@id\":\"https:\/\/www.estrategiaconcursos.com.br\/blog\/#organization\"},\"potentialAction\":[{\"@type\":\"SearchAction\",\"target\":{\"@type\":\"EntryPoint\",\"urlTemplate\":\"https:\/\/www.estrategiaconcursos.com.br\/blog\/?s={search_term_string}\"},\"query-input\":{\"@type\":\"PropertyValueSpecification\",\"valueRequired\":true,\"valueName\":\"search_term_string\"}}],\"inLanguage\":\"pt-BR\"},{\"@type\":\"Organization\",\"@id\":\"https:\/\/www.estrategiaconcursos.com.br\/blog\/#organization\",\"name\":\"Estrat\u00e9gia Concursos\",\"url\":\"https:\/\/www.estrategiaconcursos.com.br\/blog\/\",\"logo\":{\"@type\":\"ImageObject\",\"inLanguage\":\"pt-BR\",\"@id\":\"https:\/\/www.estrategiaconcursos.com.br\/blog\/#\/schema\/logo\/image\/\",\"url\":\"https:\/\/dhg1h5j42swfq.cloudfront.net\/2025\/06\/03203428\/logo_concursos-1.jpg\",\"contentUrl\":\"https:\/\/dhg1h5j42swfq.cloudfront.net\/2025\/06\/03203428\/logo_concursos-1.jpg\",\"width\":230,\"height\":60,\"caption\":\"Estrat\u00e9gia Concursos\"},\"image\":{\"@id\":\"https:\/\/www.estrategiaconcursos.com.br\/blog\/#\/schema\/logo\/image\/\"},\"sameAs\":[\"https:\/\/x.com\/EstratConcursos\"]},{\"@type\":\"Person\",\"@id\":\"https:\/\/www.estrategiaconcursos.com.br\/blog\/#\/schema\/person\/a630b15e36f45b4c21fed01219843cb5\",\"name\":\"Paulo Bilynskyj\",\"image\":{\"@type\":\"ImageObject\",\"inLanguage\":\"pt-BR\",\"@id\":\"https:\/\/secure.gravatar.com\/avatar\/37e21f70c9042e7456beffdc6d31fe051f3f6dcbf252f69343a791b144852057?s=96&d=mm&r=g\",\"url\":\"https:\/\/secure.gravatar.com\/avatar\/37e21f70c9042e7456beffdc6d31fe051f3f6dcbf252f69343a791b144852057?s=96&d=mm&r=g\",\"contentUrl\":\"https:\/\/secure.gravatar.com\/avatar\/37e21f70c9042e7456beffdc6d31fe051f3f6dcbf252f69343a791b144852057?s=96&d=mm&r=g\",\"caption\":\"Paulo Bilynskyj\"},\"url\":\"https:\/\/www.estrategiaconcursos.com.br\/blog\/author\/pbilynskyjgmail-com\/\"}]}<\/script>\n<!-- \/ Yoast SEO Premium plugin. -->","yoast_head_json":{"title":"Vade Mecum Delegado SP: baixe gr\u00e1tis a legisla\u00e7\u00e3o prevista para Delegado","robots":{"index":"index","follow":"follow","max-snippet":"max-snippet:-1","max-image-preview":"max-image-preview:large","max-video-preview":"max-video-preview:-1"},"canonical":"https:\/\/www.estrategiaconcursos.com.br\/blog\/vade-mecum-delegado-sp\/","og_locale":"pt_BR","og_type":"article","og_title":"Vade Mecum Delegado SP: baixe gr\u00e1tis a legisla\u00e7\u00e3o prevista para Delegado","og_description":"O Governador do Estado de S\u00e3o Paulo, Jo\u00e3o D\u00f3ria, autorizou a Pol\u00edcia Civil do Estado realizar um novo concurso p\u00fablico conforme noticiado recentemente pela equipe de jornalismo do Estrat\u00e9gia Concursos. Ao todo ser\u00e3o ofertadas 250 vagas para o cargo de Delegado. Os candidatos interessados no certame, devem ficar atentos pois o cargo exige que os [&hellip;]","og_url":"https:\/\/www.estrategiaconcursos.com.br\/blog\/vade-mecum-delegado-sp\/","og_site_name":"Estrat\u00e9gia Concursos","article_published_time":"2019-06-18T11:00:15+00:00","article_modified_time":"2019-06-18T14:23:08+00:00","og_image":[{"url":"https:\/\/www.estrategiaconcursos.com.br\/blog\/wp-content\/uploads\/2019\/06\/concurso-delegado-sp-1024x576.jpg","type":"","width":"","height":""}],"author":"Paulo Bilynskyj","twitter_card":"summary_large_image","twitter_creator":"@EstratConcursos","twitter_site":"@EstratConcursos","twitter_misc":{"Escrito por":"Paulo Bilynskyj","Est. tempo de leitura":"2 minutos"},"schema":{"@context":"https:\/\/schema.org","@graph":[{"@type":"NewsArticle","@id":"https:\/\/www.estrategiaconcursos.com.br\/blog\/vade-mecum-delegado-sp\/#article","isPartOf":{"@id":"https:\/\/www.estrategiaconcursos.com.br\/blog\/vade-mecum-delegado-sp\/"},"author":{"name":"Paulo Bilynskyj","@id":"https:\/\/www.estrategiaconcursos.com.br\/blog\/#\/schema\/person\/a630b15e36f45b4c21fed01219843cb5"},"headline":"Vade Mecum Delegado SP: baixe gr\u00e1tis a legisla\u00e7\u00e3o prevista para Delegado","datePublished":"2019-06-18T11:00:15+00:00","dateModified":"2019-06-18T14:23:08+00:00","mainEntityOfPage":{"@id":"https:\/\/www.estrategiaconcursos.com.br\/blog\/vade-mecum-delegado-sp\/"},"wordCount":448,"commentCount":2,"publisher":{"@id":"https:\/\/www.estrategiaconcursos.com.br\/blog\/#organization"},"image":{"@id":"https:\/\/www.estrategiaconcursos.com.br\/blog\/vade-mecum-delegado-sp\/#primaryimage"},"thumbnailUrl":"https:\/\/www.estrategiaconcursos.com.br\/blog\/wp-content\/uploads\/2019\/06\/concurso-delegado-sp-1024x576.jpg","articleSection":["Concursos P\u00fablicos"],"inLanguage":"pt-BR","potentialAction":[{"@type":"CommentAction","name":"Comment","target":["https:\/\/www.estrategiaconcursos.com.br\/blog\/vade-mecum-delegado-sp\/#respond"]}],"copyrightYear":"2019","copyrightHolder":{"@id":"https:\/\/www.estrategiaconcursos.com.br\/blog\/#organization"}},{"@type":"WebPage","@id":"https:\/\/www.estrategiaconcursos.com.br\/blog\/vade-mecum-delegado-sp\/","url":"https:\/\/www.estrategiaconcursos.com.br\/blog\/vade-mecum-delegado-sp\/","name":"Vade Mecum Delegado SP: baixe gr\u00e1tis a legisla\u00e7\u00e3o prevista para Delegado","isPartOf":{"@id":"https:\/\/www.estrategiaconcursos.com.br\/blog\/#website"},"primaryImageOfPage":{"@id":"https:\/\/www.estrategiaconcursos.com.br\/blog\/vade-mecum-delegado-sp\/#primaryimage"},"image":{"@id":"https:\/\/www.estrategiaconcursos.com.br\/blog\/vade-mecum-delegado-sp\/#primaryimage"},"thumbnailUrl":"https:\/\/www.estrategiaconcursos.com.br\/blog\/wp-content\/uploads\/2019\/06\/concurso-delegado-sp-1024x576.jpg","datePublished":"2019-06-18T11:00:15+00:00","dateModified":"2019-06-18T14:23:08+00:00","breadcrumb":{"@id":"https:\/\/www.estrategiaconcursos.com.br\/blog\/vade-mecum-delegado-sp\/#breadcrumb"},"inLanguage":"pt-BR","potentialAction":[{"@type":"ReadAction","target":["https:\/\/www.estrategiaconcursos.com.br\/blog\/vade-mecum-delegado-sp\/"]}]},{"@type":"ImageObject","inLanguage":"pt-BR","@id":"https:\/\/www.estrategiaconcursos.com.br\/blog\/vade-mecum-delegado-sp\/#primaryimage","url":"https:\/\/dhg1h5j42swfq.cloudfront.net\/2019\/06\/17111213\/concurso-delegado-sp.jpg","contentUrl":"https:\/\/dhg1h5j42swfq.cloudfront.net\/2019\/06\/17111213\/concurso-delegado-sp.jpg","width":1280,"height":720},{"@type":"BreadcrumbList","@id":"https:\/\/www.estrategiaconcursos.com.br\/blog\/vade-mecum-delegado-sp\/#breadcrumb","itemListElement":[{"@type":"ListItem","position":1,"name":"In\u00edcio","item":"https:\/\/www.estrategiaconcursos.com.br\/blog\/"},{"@type":"ListItem","position":2,"name":"Vade Mecum Delegado SP: baixe gr\u00e1tis a legisla\u00e7\u00e3o prevista para Delegado"}]},{"@type":"WebSite","@id":"https:\/\/www.estrategiaconcursos.com.br\/blog\/#website","url":"https:\/\/www.estrategiaconcursos.com.br\/blog\/","name":"Estrat\u00e9gia Concursos","description":"O blog da Estrat\u00e9gia Concursos traz not\u00edcias sobre concursos e artigos de professores oferecendo cursos para concursos (pdf + videaulas) no site.","publisher":{"@id":"https:\/\/www.estrategiaconcursos.com.br\/blog\/#organization"},"potentialAction":[{"@type":"SearchAction","target":{"@type":"EntryPoint","urlTemplate":"https:\/\/www.estrategiaconcursos.com.br\/blog\/?s={search_term_string}"},"query-input":{"@type":"PropertyValueSpecification","valueRequired":true,"valueName":"search_term_string"}}],"inLanguage":"pt-BR"},{"@type":"Organization","@id":"https:\/\/www.estrategiaconcursos.com.br\/blog\/#organization","name":"Estrat\u00e9gia Concursos","url":"https:\/\/www.estrategiaconcursos.com.br\/blog\/","logo":{"@type":"ImageObject","inLanguage":"pt-BR","@id":"https:\/\/www.estrategiaconcursos.com.br\/blog\/#\/schema\/logo\/image\/","url":"https:\/\/dhg1h5j42swfq.cloudfront.net\/2025\/06\/03203428\/logo_concursos-1.jpg","contentUrl":"https:\/\/dhg1h5j42swfq.cloudfront.net\/2025\/06\/03203428\/logo_concursos-1.jpg","width":230,"height":60,"caption":"Estrat\u00e9gia Concursos"},"image":{"@id":"https:\/\/www.estrategiaconcursos.com.br\/blog\/#\/schema\/logo\/image\/"},"sameAs":["https:\/\/x.com\/EstratConcursos"]},{"@type":"Person","@id":"https:\/\/www.estrategiaconcursos.com.br\/blog\/#\/schema\/person\/a630b15e36f45b4c21fed01219843cb5","name":"Paulo Bilynskyj","image":{"@type":"ImageObject","inLanguage":"pt-BR","@id":"https:\/\/secure.gravatar.com\/avatar\/37e21f70c9042e7456beffdc6d31fe051f3f6dcbf252f69343a791b144852057?s=96&d=mm&r=g","url":"https:\/\/secure.gravatar.com\/avatar\/37e21f70c9042e7456beffdc6d31fe051f3f6dcbf252f69343a791b144852057?s=96&d=mm&r=g","contentUrl":"https:\/\/secure.gravatar.com\/avatar\/37e21f70c9042e7456beffdc6d31fe051f3f6dcbf252f69343a791b144852057?s=96&d=mm&r=g","caption":"Paulo Bilynskyj"},"url":"https:\/\/www.estrategiaconcursos.com.br\/blog\/author\/pbilynskyjgmail-com\/"}]}},"_links":{"self":[{"href":"https:\/\/www.estrategiaconcursos.com.br\/blog\/wp-json\/wp\/v2\/posts\/388565","targetHints":{"allow":["GET"]}}],"collection":[{"href":"https:\/\/www.estrategiaconcursos.com.br\/blog\/wp-json\/wp\/v2\/posts"}],"about":[{"href":"https:\/\/www.estrategiaconcursos.com.br\/blog\/wp-json\/wp\/v2\/types\/post"}],"author":[{"embeddable":true,"href":"https:\/\/www.estrategiaconcursos.com.br\/blog\/wp-json\/wp\/v2\/users\/552"}],"replies":[{"embeddable":true,"href":"https:\/\/www.estrategiaconcursos.com.br\/blog\/wp-json\/wp\/v2\/comments?post=388565"}],"version-history":[{"count":10,"href":"https:\/\/www.estrategiaconcursos.com.br\/blog\/wp-json\/wp\/v2\/posts\/388565\/revisions"}],"predecessor-version":[{"id":389095,"href":"https:\/\/www.estrategiaconcursos.com.br\/blog\/wp-json\/wp\/v2\/posts\/388565\/revisions\/389095"}],"wp:attachment":[{"href":"https:\/\/www.estrategiaconcursos.com.br\/blog\/wp-json\/wp\/v2\/media?parent=388565"}],"wp:term":[{"taxonomy":"category","embeddable":true,"href":"https:\/\/www.estrategiaconcursos.com.br\/blog\/wp-json\/wp\/v2\/categories?post=388565"},{"taxonomy":"post_tag","embeddable":true,"href":"https:\/\/www.estrategiaconcursos.com.br\/blog\/wp-json\/wp\/v2\/tags?post=388565"},{"taxonomy":"tax_estado","embeddable":true,"href":"https:\/\/www.estrategiaconcursos.com.br\/blog\/wp-json\/wp\/v2\/tax_estado?post=388565"}],"curies":[{"name":"wp","href":"https:\/\/api.w.org\/{rel}","templated":true}]}}