{"id":388033,"date":"2019-06-17T20:50:11","date_gmt":"2019-06-17T23:50:11","guid":{"rendered":"https:\/\/www.estrategiaconcursos.com.br\/blog\/?p=388033"},"modified":"2019-06-17T20:57:44","modified_gmt":"2019-06-17T23:57:44","slug":"tema-da-redacao-do-enem-2017","status":"publish","type":"post","link":"https:\/\/www.estrategiaconcursos.com.br\/blog\/tema-da-redacao-do-enem-2017\/","title":{"rendered":"Tema da Reda\u00e7\u00e3o do Enem 2017: A Educa\u00e7\u00e3o dos Surdos no Brasil"},"content":{"rendered":"\n<h2 class=\"wp-block-heading\">Neste artigo, falaremos tudo sobre o tema da reda\u00e7\u00e3o do Enem 2017, referente \u00e0 educa\u00e7\u00e3o dos surdos no Brasil<\/h2>\n\n\n\n<div class=\"wp-block-image\"><figure class=\"alignleft\"><img decoding=\"async\" src=\"https:\/\/dhg1h5j42swfq.cloudfront.net\/2019\/06\/17203444\/educac%CC%A7a%CC%83o-dos-surdos.jpg\" alt=\"Educa\u00e7\u00e3o dos surdos no Brasil - Tema da reda\u00e7\u00e3o do enem 2017\" class=\"wp-image-388894\"\/><figcaption>Educa\u00e7\u00e3o dos surdos no Brasil &#8211; tema da reda\u00e7\u00e3o do Enem 2017<\/figcaption><\/figure><\/div>\n\n\n\n<p>O tema da reda\u00e7\u00e3o do Enem 2017 foi \u201cDesafios para a forma\u00e7\u00e3o educacional de surdos no Brasil\u201d. Neste artigo iremos tecer coment\u00e1rios a respeito do tema e desvendar o caminho que voc\u00ea dever\u00e1 percorrer para elaborar a reda\u00e7\u00e3o perfeita e conquistar a nota m\u00e1xima.<\/p>\n\n\n\n<p>As dificuldades enfrentadas pelas minorias n\u00e3o s\u00e3o novidade no Brasil. Nos \u00faltimos anos temos assistido a uma intensifica\u00e7\u00e3o dos debates em torno das barreiras existentes para as pessoas com defici\u00eancia.&nbsp; Por\u00e9m, especificamente em rela\u00e7\u00e3o aos surdos, ser\u00e1 que voc\u00ea conhece bem o assunto a ponto de gabaritar uma prova que exija esse tipo de conhecimento? <\/p>\n\n\n\n<p>Boa leitura!<\/p>\n\n\n\n<h3 class=\"wp-block-heading\"><strong>Reda\u00e7\u00e3o Pronta <\/strong> &#8211; Tema de Reda\u00e7\u00e3o do Enem 2017<\/h3>\n\n\n\n<p>Os empecilhos vivenciados pela comunidade surda no \u00e2mbito de ensino s\u00e3o velhos conhecidos da sociedade brasileira. Entretanto, os obst\u00e1culos \u00e0 inclus\u00e3o social e educacional desse grupo ainda persistem, por maiores que sejam os avan\u00e7os obtidos, nos \u00faltimos anos, por meio de pol\u00edticas de prote\u00e7\u00e3o a eles destinadas. As escolas especializadas e adaptadas para atender a essas necessidades s\u00e3o raras e a vida escolar muitas vezes se transforma em um verdadeiro sofrimento para os portadores dessa modalidade de defici\u00eancia.&nbsp; <\/p>\n\n\n\n<p>No ano de 2002, a l\u00edngua de sinais foi oficializada como segundo idioma nacional. Apesar das mudan\u00e7as significativas ocorridas na legisla\u00e7\u00e3o desde ent\u00e3o, principalmente no tocante \u00e0 acessibilidade, aos servi\u00e7os de sa\u00fade e \u00e0 inclus\u00e3o social, a educa\u00e7\u00e3o dos surdos foi muito pouco beneficiada. Isso porque o conceito de inclus\u00e3o trata essencialmente da possibilidade de conv\u00edvio num mesmo espa\u00e7o, mas n\u00e3o prev\u00ea o compartilhamento efetivo de uma l\u00edngua ou cultura em comum. <\/p>\n\n\n\n<p>A simples presen\u00e7a\nde surdos e ouvintes no mesmo ambiente n\u00e3o \u00e9 suficiente, por si s\u00f3, para promover\na real integra\u00e7\u00e3o dessa comunidade no meio de ensino. O contraste entre a\nrealidade e o modelo idealizado pelas normas legais se torna ainda mais\npreocupante se considerarmos a evidente falta de estrutura para recepcionar os\nestudantes que apresentam tais limita\u00e7\u00f5es. Isso sem contar o despreparo de\nprofissionais da educa\u00e7\u00e3o e a aus\u00eancia de uma comunica\u00e7\u00e3o eficiente em Libras, inclusive\nentre os alunos. <\/p>\n\n\n\n<p>N\u00e3o por outro\nmotivo, o modelo de classes mistas, por exemplo, tem se mostrado uma iniciativa\nfalha, j\u00e1 que a atua\u00e7\u00e3o do professor como mero int\u00e9rprete n\u00e3o \u00e9 capaz de\noferecer a aten\u00e7\u00e3o que o deficiente auditivo necessita. Como resultado, tem-se\numa forma velada de rejei\u00e7\u00e3o, em que o aluno surdo, longe de sentir-se\nintegrado ao contexto escolar, permanece segregado e impossibilitado de\nestabelecer conex\u00f5es reais com o processo de aprendizado e com os demais\nestudantes, produzindo uma esp\u00e9cie de \u201cinclus\u00e3o excludente\u201d. <\/p>\n\n\n\n<p>Sendo assim, \u00e9 imprescind\u00edvel que seja dada maior \u00eanfase ao acesso \u00e0 educa\u00e7\u00e3o b\u00e1sica verdadeiramente inclusiva. Nesse sentido, o investimento no preparo institucional, com a expans\u00e3o do n\u00famero de escolas bil\u00edngues e a forma\u00e7\u00e3o ampla de docentes int\u00e9rpretes, tamb\u00e9m na rede regular de ensino, favoreceria o desempenho intelectual e social dos deficientes auditivos. Adicionalmente, a introdu\u00e7\u00e3o das Libras como disciplina obrigat\u00f3ria na grade curricular \u00e9 um fator que certamente contribuiria para aumentar o interesse dos estudantes na l\u00edngua de sinais. Essas medidas criariam um ambiente mais inclusivo, com consequente redu\u00e7\u00e3o dos \u00edndices de evas\u00e3o escolar por parte dos deficientes auditivos. <\/p>\n\n\n\n<p><strong>DICAS PARA SE DAR BEM\nNA REDA\u00c7\u00c3O DO ENEM<\/strong><\/p>\n\n\n\n<p>A primeira pergunta\nque o aluno deve fazer antes de come\u00e7ar a escrever \u00e9 a seguinte: \u201cDo que se\ntrata exatamente o tema da reda\u00e7\u00e3o?\u201d. Parece \u00f3bvio, mas se observarmos\natentamente, o pr\u00f3prio t\u00edtulo j\u00e1 entrega diversas pistas sobre a interpreta\u00e7\u00e3o\nque deve ser feita, apesar de muitas vezes passarem despercebidos boa parte\ndesses detalhes no momento de redigir o texto. Tomemos como exemplo a prova em\nan\u00e1lise, aplicada em 2007: <\/p>\n\n\n\n<p>Da frase <strong>\u201cDesafios para a forma\u00e7\u00e3o educacional de\nsurdos no Brasil\u201d<\/strong> podemos extrair algumas conclus\u00f5es:<\/p>\n\n\n\n<ul class=\"wp-block-list\"><li>O que dever abordado, necessariamente, \u00e9 a EDUCA\u00c7\u00c3O, e n\u00e3o qualquer outro aspecto gen\u00e9rico da realidade dos surdos no Brasil.<\/li><li>A ideia \u00e9 refletir sobre uma forma espec\u00edfica de defici\u00eancia, a SURDEZ.<\/li><li>H\u00e1 men\u00e7\u00e3o \u00e0 abrang\u00eancia espacial (NO BRASIL), o que significa que o examinador deseja que se leve em considera\u00e7\u00e3o o contexto nacional.<\/li><li>A palavra DESAFIOS indica a \u00eanfase que deve ser dada n\u00e3o s\u00f3 \u00e0s dificuldades e obst\u00e1culos enfrentados por essas pessoas, mas tamb\u00e9m \u00e0s poss\u00edveis alternativas para a solu\u00e7\u00e3o desses problemas. <\/li><\/ul>\n\n\n\n<p>\u00c9 preciso,\ntamb\u00e9m, ler atentamente os TEXTOS MOTIVADORES, que fornecem subs\u00eddios\npara a fundamenta\u00e7\u00e3o da proposta, enriquecendo o texto com dados adicionais. Analise\npormenorizadamente as informa\u00e7\u00f5es ali contidas, pois isso ir\u00e1 revelar a\ncapacidade de interpreta\u00e7\u00e3o e o poder de s\u00edntese do candidato. <\/p>\n\n\n\n<p>Al\u00e9m disso, as\nreda\u00e7\u00f5es do ENEM possuem a tend\u00eancia \u00e0 abordagem de temas relevantes para a\nsociedade, frequentemente tratando de assuntos relativos \u00e0 INCLUS\u00c3O ou \u00e0s\nPOPULA\u00c7\u00d5ES MARGINALIZADAS no Brasil. <\/p>\n\n\n\n<p>Por \u00faltimo, preste\nbastante aten\u00e7\u00e3o \u00e0 PROPOSTA DE INTERVEN\u00c7\u00c3O, item sempre presente nos\nrequisitos de avalia\u00e7\u00e3o do exame. Este \u00e9 um dos aspectos mais importantes para\na elabora\u00e7\u00e3o da resposta! A proposta de interven\u00e7\u00e3o consistir\u00e1 em sugest\u00f5es\npara corrigir as falhas que voc\u00ea identificou, devendo ser explorada\nprincipalmente na fase de conclus\u00e3o do texto. &nbsp;<\/p>\n\n\n\n<p><strong>A EDUCA\u00c7\u00c3O DOS SURDOS: ENRIQUE\u00c7A SUA ARGUMENTA\u00c7\u00c3O.<\/strong><\/p>\n\n\n\n<div class=\"wp-block-image\"><figure class=\"alignleft\"><img loading=\"lazy\" decoding=\"async\" width=\"3449\" height=\"2285\" src=\"https:\/\/dhg1h5j42swfq.cloudfront.net\/2019\/06\/17204015\/escola-surdos.jpg\" alt=\"Educa\u00e7\u00e3o dos surdos - tema da reda\u00e7\u00e3o do Enem 2017\" class=\"wp-image-388899\" srcset=\"https:\/\/dhg1h5j42swfq.cloudfront.net\/2019\/06\/17204015\/escola-surdos.jpg 3449w, https:\/\/dhg1h5j42swfq.cloudfront.net\/2019\/06\/17204015\/escola-surdos.jpg 300w, https:\/\/dhg1h5j42swfq.cloudfront.net\/2019\/06\/17204015\/escola-surdos.jpg 768w, https:\/\/dhg1h5j42swfq.cloudfront.net\/2019\/06\/17204015\/escola-surdos.jpg 1024w, https:\/\/dhg1h5j42swfq.cloudfront.net\/2019\/06\/17204015\/escola-surdos.jpg 610w\" sizes=\"auto, (max-width: 3449px) 100vw, 3449px\" \/><figcaption>Educa\u00e7\u00e3o dos surdos &#8211; Tema da reda\u00e7\u00e3o do Enem 2017<\/figcaption><\/figure><\/div>\n\n\n\n<p>Veja algumas\nsugest\u00f5es de t\u00f3picos essenciais que voc\u00ea deve estudar, a fim de se preparar\nmelhor para discorrer sobre o assunto:<\/p>\n\n\n\n<p>A tem\u00e1tica da <strong>INCLUS\u00c3O<\/strong> \u00e9 extremamente atual e\nsignificativa, podendo-se destacar a relev\u00e2ncia do papel da sociedade nesse\nprocesso. &nbsp;Como entender os surdos, se a\ncomunica\u00e7\u00e3o com eles \u00e9 extremamente dif\u00edcil e geralmente n\u00e3o h\u00e1 interesse no\naprendizado de Libras?<\/p>\n\n\n\n<p>Uma outra quest\u00e3o\ninteressante a ser examinada \u00e9 a do <strong>bilinguismo,\n<\/strong>uma das principais reivindica\u00e7\u00f5es dos surdos no Brasil<strong>,<\/strong> e sua contribui\u00e7\u00e3o para o acesso ao ensino superior, por exemplo.\nO deficiente auditivo pode aprender o Portugu\u00eas, mas a educa\u00e7\u00e3o em sua l\u00edngua natural,\nsegundo afirmam especialistas, geraria uma expressiva melhora no desempenho\ndesses estudantes. <\/p>\n\n\n\n<p>Esteja sempre atualizado e informado sobre os eventos e not\u00edcias que cercam o tema. A posse do atual Presidente da Rep\u00fablica, Jair Bolsonaro, no in\u00edcio do ano de 2019, contou com o discurso da primeira-dama, <strong>Michelle Bolsonaro<\/strong>, em l\u00edngua de sinais. O assunto ganhou ent\u00e3o uma instant\u00e2nea proje\u00e7\u00e3o, mas n\u00e3o se deve esquecer dos avan\u00e7os, ainda que pequenos, conquistados em anos anteriores. Como exemplo pode-se citar a <strong>Lei n\u00ba 10.436<\/strong>, de 24 de abril de 2002, que reconheceu a L\u00edngua Brasileira de Sinais (LIBRAS) como segundo idioma nacional, e o <strong>Decreto n\u00ba 5626<\/strong>, de 22 de dezembro de 2005, que cuidou de sua regulamenta\u00e7\u00e3o.<\/p>\n\n\n\n<p><strong>PASSO-A-PASSO PARA\nESTRUTURAR SUA REDA\u00c7\u00c3O:<\/strong><\/p>\n\n\n\n<ul class=\"wp-block-list\"><li>Conforme dito anteriormente, preste bastante\naten\u00e7\u00e3o \u00e0 proposta. Antes de come\u00e7ar a redigir, leia com cuidado os textos motivadores\ne o enunciado da quest\u00e3o. Certifique-se de que voc\u00ea entendeu exatamente o que\ndeve ser feito, para n\u00e3o se perder no meio do caminho. Saiba de onde deve\npartir e onde pretende chegar ao concluir sua reda\u00e7\u00e3o.<\/li><li><strong>Antes de iniciar<\/strong>,\ndefina a <strong>PROPOSTA DE INTERVEN\u00c7\u00c3O<\/strong> e\nanote-a no rascunho da folha. Isso o ajudar\u00e1 a n\u00e3o perder o foco da\nargumenta\u00e7\u00e3o e a n\u00e3o cometer a famigerada fuga ao tema. <\/li><li>Acerte no direcionamento do tema. Evite tangenci\u00e1-lo\npor meio de rodeios, repeti\u00e7\u00f5es, cita\u00e7\u00f5es gen\u00e9ricas e evasivas. Isso pode\ncomprometer muito sua nota. Ao iniciar a <strong>INTRODU\u00c7\u00c3O<\/strong>,\nexponha brevemente o contexto e revele seu posicionamento sem, no entanto, perder\nde vista a objetividade.<\/li><li>Durante o <strong>DESENVOLVIMENTO<\/strong>,\nabuse dos dados fornecidos no enunciado e nos textos motivadores, o que n\u00e3o\nsignifica que voc\u00ea dever\u00e1 copi\u00e1-los, simplesmente. Construa o corpo do texto\ncom base na sua vis\u00e3o e interpreta\u00e7\u00e3o precisa do que foi apresentado e, se\nposs\u00edvel, acrescente informa\u00e7\u00f5es de seu conhecimento, de forma balanceada. N\u00e3o tente\nenganar o examinador utilizando dados inexistentes ou fruto da sua\ncriatividade: apenas mencione refer\u00eancias caso julgue pertinente. Para isso,\nleia muito e mantenha-se informado, sempre que poss\u00edvel. <\/li><li><strong>CONCLUA<\/strong>\na reda\u00e7\u00e3o explicitando, em primeiro lugar, o principal problema identificado e\no que deve ser feito para san\u00e1-lo, de forma breve. Em seguida, enumere as <strong>PROPOSTAS DE INTERVEN\u00c7\u00c3O<\/strong> e de que maneira\nelas poder\u00e3o contribuir para amenizar os pontos negativos diagnosticados. <\/li><\/ul>\n\n\n\n<p>Finalmente, para adquirir uma boa pr\u00e1tica de reda\u00e7\u00e3o, \u00e9 preciso condicionamento e dedica\u00e7\u00e3o \u00e0 leitura de jornais, revistas e artigos na internet. Com o tempo, o racioc\u00ednio e a habilidade nesse tipo de exerc\u00edcio v\u00e3o sendo aperfei\u00e7oados e a escrita se torna cada vez mais natural. Fa\u00e7a o maior n\u00famero poss\u00edvel de reda\u00e7\u00f5es e treine separadamente cada parte da estrutura quando sentir dificuldade. Seguindo essas dicas, voc\u00ea ter\u00e1 grandes chances de obter a nota 1000 na reda\u00e7\u00e3o do ENEM.<\/p>\n\n\n\n<p>Espero que voc\u00ea tenha gostado do tema de reda\u00e7\u00e3o Enem 2017! Continue acompanhando o blog, para ler v\u00e1rios outros temas que analisaremos por aqui.<\/p>\n\n\n\n<p>Abra\u00e7os,<\/p>\n\n\n\n<p>Daniel dos Reis (Coordenador do Estrat\u00e9gia Enem)<\/p>\n\n\n\n<p style=\"text-align:center\" class=\"has-medium-font-size\"><em><a href=\"https:\/\/www.estrategiaconcursos.com.br\/blog\/como-estudar-para-o-enem\/\">Como estudar para o ENEM<\/a><\/em><\/p>\n\n\n\n<p style=\"text-align:center\" class=\"has-medium-font-size\"><em><a href=\"https:\/\/www.estrategiaconcursos.com.br\/blog\/redacao-nota-1000\/\">Reda\u00e7\u00e3o Nota 1000<\/a><\/em><\/p>\n\n\n\n<p style=\"text-align:center\" class=\"has-medium-font-size\"><em><a href=\"https:\/\/www.estrategiaconcursos.com.br\/blog\/como-estudar-redacao-para-o-enem\/\">Como estudar Reda\u00e7\u00e3o para o ENEM<\/a><\/em><\/p>\n\n\n\n<p style=\"text-align:center\" class=\"has-medium-font-size\"><a href=\"https:\/\/www.estrategiaconcursos.com.br\/blog\/nota-do-enem-saiba-como-e-calculada-e-melhore-a-sua-pontuacao-na-prova\/\"><em>Como calcular a Nota do ENEM<\/em><\/a><\/p>\n","protected":false},"excerpt":{"rendered":"<p>Neste artigo, falaremos tudo sobre o tema da reda\u00e7\u00e3o do Enem 2017, referente \u00e0 educa\u00e7\u00e3o dos surdos no Brasil O tema da reda\u00e7\u00e3o do Enem 2017 foi \u201cDesafios para a forma\u00e7\u00e3o educacional de surdos no Brasil\u201d. Neste artigo iremos tecer coment\u00e1rios a respeito do tema e desvendar o caminho que voc\u00ea dever\u00e1 percorrer para elaborar [&hellip;]<\/p>\n","protected":false},"author":263,"featured_media":388894,"comment_status":"open","ping_status":"closed","sticky":false,"template":"","format":"standard","meta":{"post_tipo":"article","footnotes":""},"categories":[],"tags":[88262,88261],"tax_estado":[],"class_list":["post-388033","post","type-post","status-publish","format-standard","has-post-thumbnail","hentry","tag-educacao-dos-surdos","tag-tema-da-redacao-do-enem-2017"],"acf":[],"yoast_head":"<!-- This site is optimized with the Yoast SEO Premium plugin v27.2 (Yoast SEO v27.2) - https:\/\/yoast.com\/product\/yoast-seo-premium-wordpress\/ -->\n<title>Tema da Reda\u00e7\u00e3o do Enem 2017: A Educa\u00e7\u00e3o dos Surdos no Brasil<\/title>\n<meta name=\"description\" content=\"Neste artigo, trataremos do tema da reda\u00e7\u00e3o do Enem 2017, apontando tudo aquilo que o candidato precisaria ter abordado para gabaritar! Confira!\" \/>\n<meta name=\"robots\" content=\"index, follow, max-snippet:-1, max-image-preview:large, max-video-preview:-1\" \/>\n<link rel=\"canonical\" href=\"https:\/\/www.estrategiaconcursos.com.br\/blog\/tema-da-redacao-do-enem-2017\/\" \/>\n<meta property=\"og:locale\" content=\"pt_BR\" \/>\n<meta property=\"og:type\" content=\"article\" \/>\n<meta property=\"og:title\" content=\"Tema da Reda\u00e7\u00e3o do Enem 2017: A Educa\u00e7\u00e3o dos Surdos no Brasil\" \/>\n<meta property=\"og:description\" content=\"Neste artigo, trataremos do tema da reda\u00e7\u00e3o do Enem 2017, apontando tudo aquilo que o candidato precisaria ter abordado para gabaritar! Confira!\" \/>\n<meta property=\"og:url\" content=\"https:\/\/www.estrategiaconcursos.com.br\/blog\/tema-da-redacao-do-enem-2017\/\" \/>\n<meta property=\"og:site_name\" content=\"Estrat\u00e9gia Concursos\" \/>\n<meta property=\"article:published_time\" content=\"2019-06-17T23:50:11+00:00\" \/>\n<meta property=\"article:modified_time\" content=\"2019-06-17T23:57:44+00:00\" \/>\n<meta property=\"og:image\" content=\"https:\/\/dhg1h5j42swfq.cloudfront.net\/2019\/06\/17203444\/educac%CC%A7a%CC%83o-dos-surdos-1024x683.jpg\" \/>\n\t<meta property=\"og:image:width\" content=\"1024\" \/>\n\t<meta property=\"og:image:height\" content=\"683\" \/>\n\t<meta property=\"og:image:type\" content=\"image\/jpeg\" \/>\n<meta name=\"author\" content=\"Daniel dos Reis Lopes\" \/>\n<meta name=\"twitter:card\" content=\"summary_large_image\" \/>\n<meta name=\"twitter:creator\" content=\"@EstratConcursos\" \/>\n<meta name=\"twitter:site\" content=\"@EstratConcursos\" \/>\n<meta name=\"twitter:label1\" content=\"Escrito por\" \/>\n\t<meta name=\"twitter:data1\" content=\"Daniel dos Reis Lopes\" \/>\n\t<meta name=\"twitter:label2\" content=\"Est. tempo de leitura\" \/>\n\t<meta name=\"twitter:data2\" content=\"8 minutos\" \/>\n<script type=\"application\/ld+json\" class=\"yoast-schema-graph\">{\"@context\":\"https:\/\/schema.org\",\"@graph\":[{\"@type\":\"NewsArticle\",\"@id\":\"https:\/\/www.estrategiaconcursos.com.br\/blog\/tema-da-redacao-do-enem-2017\/#article\",\"isPartOf\":{\"@id\":\"https:\/\/www.estrategiaconcursos.com.br\/blog\/tema-da-redacao-do-enem-2017\/\"},\"author\":{\"name\":\"Daniel dos Reis Lopes\",\"@id\":\"https:\/\/www.estrategiaconcursos.com.br\/blog\/#\/schema\/person\/86e4af37234d422e94ca7e825b416814\"},\"headline\":\"Tema da Reda\u00e7\u00e3o do Enem 2017: A Educa\u00e7\u00e3o dos Surdos no Brasil\",\"datePublished\":\"2019-06-17T23:50:11+00:00\",\"dateModified\":\"2019-06-17T23:57:44+00:00\",\"mainEntityOfPage\":{\"@id\":\"https:\/\/www.estrategiaconcursos.com.br\/blog\/tema-da-redacao-do-enem-2017\/\"},\"wordCount\":1645,\"commentCount\":1,\"publisher\":{\"@id\":\"https:\/\/www.estrategiaconcursos.com.br\/blog\/#organization\"},\"image\":{\"@id\":\"https:\/\/www.estrategiaconcursos.com.br\/blog\/tema-da-redacao-do-enem-2017\/#primaryimage\"},\"thumbnailUrl\":\"https:\/\/dhg1h5j42swfq.cloudfront.net\/2019\/06\/17203444\/educac%CC%A7a%CC%83o-dos-surdos.jpg\",\"keywords\":[\"educa\u00e7\u00e3o dos surdos\",\"tema da reda\u00e7\u00e3o do enem 2017\"],\"inLanguage\":\"pt-BR\",\"potentialAction\":[{\"@type\":\"CommentAction\",\"name\":\"Comment\",\"target\":[\"https:\/\/www.estrategiaconcursos.com.br\/blog\/tema-da-redacao-do-enem-2017\/#respond\"]}],\"copyrightYear\":\"2019\",\"copyrightHolder\":{\"@id\":\"https:\/\/www.estrategiaconcursos.com.br\/blog\/#organization\"}},{\"@type\":\"WebPage\",\"@id\":\"https:\/\/www.estrategiaconcursos.com.br\/blog\/tema-da-redacao-do-enem-2017\/\",\"url\":\"https:\/\/www.estrategiaconcursos.com.br\/blog\/tema-da-redacao-do-enem-2017\/\",\"name\":\"Tema da Reda\u00e7\u00e3o do Enem 2017: A Educa\u00e7\u00e3o dos Surdos no Brasil\",\"isPartOf\":{\"@id\":\"https:\/\/www.estrategiaconcursos.com.br\/blog\/#website\"},\"primaryImageOfPage\":{\"@id\":\"https:\/\/www.estrategiaconcursos.com.br\/blog\/tema-da-redacao-do-enem-2017\/#primaryimage\"},\"image\":{\"@id\":\"https:\/\/www.estrategiaconcursos.com.br\/blog\/tema-da-redacao-do-enem-2017\/#primaryimage\"},\"thumbnailUrl\":\"https:\/\/dhg1h5j42swfq.cloudfront.net\/2019\/06\/17203444\/educac%CC%A7a%CC%83o-dos-surdos.jpg\",\"datePublished\":\"2019-06-17T23:50:11+00:00\",\"dateModified\":\"2019-06-17T23:57:44+00:00\",\"description\":\"Neste artigo, trataremos do tema da reda\u00e7\u00e3o do Enem 2017, apontando tudo aquilo que o candidato precisaria ter abordado para gabaritar! Confira!\",\"breadcrumb\":{\"@id\":\"https:\/\/www.estrategiaconcursos.com.br\/blog\/tema-da-redacao-do-enem-2017\/#breadcrumb\"},\"inLanguage\":\"pt-BR\",\"potentialAction\":[{\"@type\":\"ReadAction\",\"target\":[\"https:\/\/www.estrategiaconcursos.com.br\/blog\/tema-da-redacao-do-enem-2017\/\"]}]},{\"@type\":\"ImageObject\",\"inLanguage\":\"pt-BR\",\"@id\":\"https:\/\/www.estrategiaconcursos.com.br\/blog\/tema-da-redacao-do-enem-2017\/#primaryimage\",\"url\":\"https:\/\/dhg1h5j42swfq.cloudfront.net\/2019\/06\/17203444\/educac%CC%A7a%CC%83o-dos-surdos.jpg\",\"contentUrl\":\"https:\/\/dhg1h5j42swfq.cloudfront.net\/2019\/06\/17203444\/educac%CC%A7a%CC%83o-dos-surdos.jpg\",\"width\":5760,\"height\":3840},{\"@type\":\"BreadcrumbList\",\"@id\":\"https:\/\/www.estrategiaconcursos.com.br\/blog\/tema-da-redacao-do-enem-2017\/#breadcrumb\",\"itemListElement\":[{\"@type\":\"ListItem\",\"position\":1,\"name\":\"In\u00edcio\",\"item\":\"https:\/\/www.estrategiaconcursos.com.br\/blog\/\"},{\"@type\":\"ListItem\",\"position\":2,\"name\":\"Tema da Reda\u00e7\u00e3o do Enem 2017: A Educa\u00e7\u00e3o dos Surdos no Brasil\"}]},{\"@type\":\"WebSite\",\"@id\":\"https:\/\/www.estrategiaconcursos.com.br\/blog\/#website\",\"url\":\"https:\/\/www.estrategiaconcursos.com.br\/blog\/\",\"name\":\"Estrat\u00e9gia Concursos\",\"description\":\"O blog da Estrat\u00e9gia Concursos traz not\u00edcias sobre concursos e artigos de professores oferecendo cursos para concursos (pdf + videaulas) no site.\",\"publisher\":{\"@id\":\"https:\/\/www.estrategiaconcursos.com.br\/blog\/#organization\"},\"potentialAction\":[{\"@type\":\"SearchAction\",\"target\":{\"@type\":\"EntryPoint\",\"urlTemplate\":\"https:\/\/www.estrategiaconcursos.com.br\/blog\/?s={search_term_string}\"},\"query-input\":{\"@type\":\"PropertyValueSpecification\",\"valueRequired\":true,\"valueName\":\"search_term_string\"}}],\"inLanguage\":\"pt-BR\"},{\"@type\":\"Organization\",\"@id\":\"https:\/\/www.estrategiaconcursos.com.br\/blog\/#organization\",\"name\":\"Estrat\u00e9gia Concursos\",\"url\":\"https:\/\/www.estrategiaconcursos.com.br\/blog\/\",\"logo\":{\"@type\":\"ImageObject\",\"inLanguage\":\"pt-BR\",\"@id\":\"https:\/\/www.estrategiaconcursos.com.br\/blog\/#\/schema\/logo\/image\/\",\"url\":\"https:\/\/dhg1h5j42swfq.cloudfront.net\/2025\/06\/03203428\/logo_concursos-1.jpg\",\"contentUrl\":\"https:\/\/dhg1h5j42swfq.cloudfront.net\/2025\/06\/03203428\/logo_concursos-1.jpg\",\"width\":230,\"height\":60,\"caption\":\"Estrat\u00e9gia Concursos\"},\"image\":{\"@id\":\"https:\/\/www.estrategiaconcursos.com.br\/blog\/#\/schema\/logo\/image\/\"},\"sameAs\":[\"https:\/\/x.com\/EstratConcursos\"]},{\"@type\":\"Person\",\"@id\":\"https:\/\/www.estrategiaconcursos.com.br\/blog\/#\/schema\/person\/86e4af37234d422e94ca7e825b416814\",\"name\":\"Daniel dos Reis Lopes\",\"image\":{\"@type\":\"ImageObject\",\"inLanguage\":\"pt-BR\",\"@id\":\"https:\/\/secure.gravatar.com\/avatar\/ea24ef981da4044d0a66f44402441129fdde22c4c8d87f39a45cae8d4f82075a?s=96&d=mm&r=g\",\"url\":\"https:\/\/secure.gravatar.com\/avatar\/ea24ef981da4044d0a66f44402441129fdde22c4c8d87f39a45cae8d4f82075a?s=96&d=mm&r=g\",\"contentUrl\":\"https:\/\/secure.gravatar.com\/avatar\/ea24ef981da4044d0a66f44402441129fdde22c4c8d87f39a45cae8d4f82075a?s=96&d=mm&r=g\",\"caption\":\"Daniel dos Reis Lopes\"},\"url\":\"https:\/\/www.estrategiaconcursos.com.br\/blog\/author\/d-reislopesgmail-com\/\"}]}<\/script>\n<!-- \/ Yoast SEO Premium plugin. -->","yoast_head_json":{"title":"Tema da Reda\u00e7\u00e3o do Enem 2017: A Educa\u00e7\u00e3o dos Surdos no Brasil","description":"Neste artigo, trataremos do tema da reda\u00e7\u00e3o do Enem 2017, apontando tudo aquilo que o candidato precisaria ter abordado para gabaritar! Confira!","robots":{"index":"index","follow":"follow","max-snippet":"max-snippet:-1","max-image-preview":"max-image-preview:large","max-video-preview":"max-video-preview:-1"},"canonical":"https:\/\/www.estrategiaconcursos.com.br\/blog\/tema-da-redacao-do-enem-2017\/","og_locale":"pt_BR","og_type":"article","og_title":"Tema da Reda\u00e7\u00e3o do Enem 2017: A Educa\u00e7\u00e3o dos Surdos no Brasil","og_description":"Neste artigo, trataremos do tema da reda\u00e7\u00e3o do Enem 2017, apontando tudo aquilo que o candidato precisaria ter abordado para gabaritar! Confira!","og_url":"https:\/\/www.estrategiaconcursos.com.br\/blog\/tema-da-redacao-do-enem-2017\/","og_site_name":"Estrat\u00e9gia Concursos","article_published_time":"2019-06-17T23:50:11+00:00","article_modified_time":"2019-06-17T23:57:44+00:00","og_image":[{"width":1024,"height":683,"url":"https:\/\/dhg1h5j42swfq.cloudfront.net\/2019\/06\/17203444\/educac%CC%A7a%CC%83o-dos-surdos-1024x683.jpg","type":"image\/jpeg"}],"author":"Daniel dos Reis Lopes","twitter_card":"summary_large_image","twitter_creator":"@EstratConcursos","twitter_site":"@EstratConcursos","twitter_misc":{"Escrito por":"Daniel dos Reis Lopes","Est. tempo de leitura":"8 minutos"},"schema":{"@context":"https:\/\/schema.org","@graph":[{"@type":"NewsArticle","@id":"https:\/\/www.estrategiaconcursos.com.br\/blog\/tema-da-redacao-do-enem-2017\/#article","isPartOf":{"@id":"https:\/\/www.estrategiaconcursos.com.br\/blog\/tema-da-redacao-do-enem-2017\/"},"author":{"name":"Daniel dos Reis Lopes","@id":"https:\/\/www.estrategiaconcursos.com.br\/blog\/#\/schema\/person\/86e4af37234d422e94ca7e825b416814"},"headline":"Tema da Reda\u00e7\u00e3o do Enem 2017: A Educa\u00e7\u00e3o dos Surdos no Brasil","datePublished":"2019-06-17T23:50:11+00:00","dateModified":"2019-06-17T23:57:44+00:00","mainEntityOfPage":{"@id":"https:\/\/www.estrategiaconcursos.com.br\/blog\/tema-da-redacao-do-enem-2017\/"},"wordCount":1645,"commentCount":1,"publisher":{"@id":"https:\/\/www.estrategiaconcursos.com.br\/blog\/#organization"},"image":{"@id":"https:\/\/www.estrategiaconcursos.com.br\/blog\/tema-da-redacao-do-enem-2017\/#primaryimage"},"thumbnailUrl":"https:\/\/dhg1h5j42swfq.cloudfront.net\/2019\/06\/17203444\/educac%CC%A7a%CC%83o-dos-surdos.jpg","keywords":["educa\u00e7\u00e3o dos surdos","tema da reda\u00e7\u00e3o do enem 2017"],"inLanguage":"pt-BR","potentialAction":[{"@type":"CommentAction","name":"Comment","target":["https:\/\/www.estrategiaconcursos.com.br\/blog\/tema-da-redacao-do-enem-2017\/#respond"]}],"copyrightYear":"2019","copyrightHolder":{"@id":"https:\/\/www.estrategiaconcursos.com.br\/blog\/#organization"}},{"@type":"WebPage","@id":"https:\/\/www.estrategiaconcursos.com.br\/blog\/tema-da-redacao-do-enem-2017\/","url":"https:\/\/www.estrategiaconcursos.com.br\/blog\/tema-da-redacao-do-enem-2017\/","name":"Tema da Reda\u00e7\u00e3o do Enem 2017: A Educa\u00e7\u00e3o dos Surdos no Brasil","isPartOf":{"@id":"https:\/\/www.estrategiaconcursos.com.br\/blog\/#website"},"primaryImageOfPage":{"@id":"https:\/\/www.estrategiaconcursos.com.br\/blog\/tema-da-redacao-do-enem-2017\/#primaryimage"},"image":{"@id":"https:\/\/www.estrategiaconcursos.com.br\/blog\/tema-da-redacao-do-enem-2017\/#primaryimage"},"thumbnailUrl":"https:\/\/dhg1h5j42swfq.cloudfront.net\/2019\/06\/17203444\/educac%CC%A7a%CC%83o-dos-surdos.jpg","datePublished":"2019-06-17T23:50:11+00:00","dateModified":"2019-06-17T23:57:44+00:00","description":"Neste artigo, trataremos do tema da reda\u00e7\u00e3o do Enem 2017, apontando tudo aquilo que o candidato precisaria ter abordado para gabaritar! Confira!","breadcrumb":{"@id":"https:\/\/www.estrategiaconcursos.com.br\/blog\/tema-da-redacao-do-enem-2017\/#breadcrumb"},"inLanguage":"pt-BR","potentialAction":[{"@type":"ReadAction","target":["https:\/\/www.estrategiaconcursos.com.br\/blog\/tema-da-redacao-do-enem-2017\/"]}]},{"@type":"ImageObject","inLanguage":"pt-BR","@id":"https:\/\/www.estrategiaconcursos.com.br\/blog\/tema-da-redacao-do-enem-2017\/#primaryimage","url":"https:\/\/dhg1h5j42swfq.cloudfront.net\/2019\/06\/17203444\/educac%CC%A7a%CC%83o-dos-surdos.jpg","contentUrl":"https:\/\/dhg1h5j42swfq.cloudfront.net\/2019\/06\/17203444\/educac%CC%A7a%CC%83o-dos-surdos.jpg","width":5760,"height":3840},{"@type":"BreadcrumbList","@id":"https:\/\/www.estrategiaconcursos.com.br\/blog\/tema-da-redacao-do-enem-2017\/#breadcrumb","itemListElement":[{"@type":"ListItem","position":1,"name":"In\u00edcio","item":"https:\/\/www.estrategiaconcursos.com.br\/blog\/"},{"@type":"ListItem","position":2,"name":"Tema da Reda\u00e7\u00e3o do Enem 2017: A Educa\u00e7\u00e3o dos Surdos no Brasil"}]},{"@type":"WebSite","@id":"https:\/\/www.estrategiaconcursos.com.br\/blog\/#website","url":"https:\/\/www.estrategiaconcursos.com.br\/blog\/","name":"Estrat\u00e9gia Concursos","description":"O blog da Estrat\u00e9gia Concursos traz not\u00edcias sobre concursos e artigos de professores oferecendo cursos para concursos (pdf + videaulas) no site.","publisher":{"@id":"https:\/\/www.estrategiaconcursos.com.br\/blog\/#organization"},"potentialAction":[{"@type":"SearchAction","target":{"@type":"EntryPoint","urlTemplate":"https:\/\/www.estrategiaconcursos.com.br\/blog\/?s={search_term_string}"},"query-input":{"@type":"PropertyValueSpecification","valueRequired":true,"valueName":"search_term_string"}}],"inLanguage":"pt-BR"},{"@type":"Organization","@id":"https:\/\/www.estrategiaconcursos.com.br\/blog\/#organization","name":"Estrat\u00e9gia Concursos","url":"https:\/\/www.estrategiaconcursos.com.br\/blog\/","logo":{"@type":"ImageObject","inLanguage":"pt-BR","@id":"https:\/\/www.estrategiaconcursos.com.br\/blog\/#\/schema\/logo\/image\/","url":"https:\/\/dhg1h5j42swfq.cloudfront.net\/2025\/06\/03203428\/logo_concursos-1.jpg","contentUrl":"https:\/\/dhg1h5j42swfq.cloudfront.net\/2025\/06\/03203428\/logo_concursos-1.jpg","width":230,"height":60,"caption":"Estrat\u00e9gia Concursos"},"image":{"@id":"https:\/\/www.estrategiaconcursos.com.br\/blog\/#\/schema\/logo\/image\/"},"sameAs":["https:\/\/x.com\/EstratConcursos"]},{"@type":"Person","@id":"https:\/\/www.estrategiaconcursos.com.br\/blog\/#\/schema\/person\/86e4af37234d422e94ca7e825b416814","name":"Daniel dos Reis Lopes","image":{"@type":"ImageObject","inLanguage":"pt-BR","@id":"https:\/\/secure.gravatar.com\/avatar\/ea24ef981da4044d0a66f44402441129fdde22c4c8d87f39a45cae8d4f82075a?s=96&d=mm&r=g","url":"https:\/\/secure.gravatar.com\/avatar\/ea24ef981da4044d0a66f44402441129fdde22c4c8d87f39a45cae8d4f82075a?s=96&d=mm&r=g","contentUrl":"https:\/\/secure.gravatar.com\/avatar\/ea24ef981da4044d0a66f44402441129fdde22c4c8d87f39a45cae8d4f82075a?s=96&d=mm&r=g","caption":"Daniel dos Reis Lopes"},"url":"https:\/\/www.estrategiaconcursos.com.br\/blog\/author\/d-reislopesgmail-com\/"}]}},"_links":{"self":[{"href":"https:\/\/www.estrategiaconcursos.com.br\/blog\/wp-json\/wp\/v2\/posts\/388033","targetHints":{"allow":["GET"]}}],"collection":[{"href":"https:\/\/www.estrategiaconcursos.com.br\/blog\/wp-json\/wp\/v2\/posts"}],"about":[{"href":"https:\/\/www.estrategiaconcursos.com.br\/blog\/wp-json\/wp\/v2\/types\/post"}],"author":[{"embeddable":true,"href":"https:\/\/www.estrategiaconcursos.com.br\/blog\/wp-json\/wp\/v2\/users\/263"}],"replies":[{"embeddable":true,"href":"https:\/\/www.estrategiaconcursos.com.br\/blog\/wp-json\/wp\/v2\/comments?post=388033"}],"version-history":[{"count":16,"href":"https:\/\/www.estrategiaconcursos.com.br\/blog\/wp-json\/wp\/v2\/posts\/388033\/revisions"}],"predecessor-version":[{"id":388918,"href":"https:\/\/www.estrategiaconcursos.com.br\/blog\/wp-json\/wp\/v2\/posts\/388033\/revisions\/388918"}],"wp:featuredmedia":[{"embeddable":true,"href":"https:\/\/www.estrategiaconcursos.com.br\/blog\/wp-json\/wp\/v2\/media\/388894"}],"wp:attachment":[{"href":"https:\/\/www.estrategiaconcursos.com.br\/blog\/wp-json\/wp\/v2\/media?parent=388033"}],"wp:term":[{"taxonomy":"category","embeddable":true,"href":"https:\/\/www.estrategiaconcursos.com.br\/blog\/wp-json\/wp\/v2\/categories?post=388033"},{"taxonomy":"post_tag","embeddable":true,"href":"https:\/\/www.estrategiaconcursos.com.br\/blog\/wp-json\/wp\/v2\/tags?post=388033"},{"taxonomy":"tax_estado","embeddable":true,"href":"https:\/\/www.estrategiaconcursos.com.br\/blog\/wp-json\/wp\/v2\/tax_estado?post=388033"}],"curies":[{"name":"wp","href":"https:\/\/api.w.org\/{rel}","templated":true}]}}