{"id":387828,"date":"2019-06-17T08:00:56","date_gmt":"2019-06-17T11:00:56","guid":{"rendered":"https:\/\/www.estrategiaconcursos.com.br\/blog\/?p=387828"},"modified":"2023-03-03T13:11:02","modified_gmt":"2023-03-03T16:11:02","slug":"afim-ou-a-fim-de","status":"publish","type":"post","link":"https:\/\/www.estrategiaconcursos.com.br\/blog\/afim-ou-a-fim-de\/","title":{"rendered":"Afim ou a fim de &#8211; qual o emprego correto?"},"content":{"rendered":"\n<p>Muita gente se confunde quanto ao emprego correto. Afinal, <a href=\"https:\/\/youtu.be\/xYPHthxFfek\" target=\"_blank\" rel=\"noreferrer noopener\">a forma correta \u00e9 <strong>afim <\/strong>ou <strong>a fim de<\/strong>?<\/a><\/p>\n\n\n\n<p>E a\u00ed? voc\u00ea j\u00e1 se declarou para algu\u00e9m por escrito? \u2764 Se sim, como voc\u00ea escreveu? <em>Estou <strong>afim de <\/strong>voc\u00ea<\/em> ou <em>Estou <strong>a fim de<\/strong> voc\u00ea<\/em>?<\/p>\n\n\n\n<p>E se voc\u00ea quisesse falar para um amigo que fez de tudo para conquistar uma pessoa, como voc\u00ea escreveria? &#8220;<em>Fiz tudo aquilo <strong>a fim de<\/strong> conquist\u00e1-la<\/em>&#8221; ou &#8220;<em>fiz tudo aquilo <strong>afim de<\/strong> conquist\u00e1-la<\/em>&#8220;?<\/p>\n\n\n\n<p>Ent\u00e3o, fique atento ao nosso artigo de hoje, que iremos esclarecer essas d\u00favidas.<\/p>\n\n\n\n<h2 class=\"wp-block-heading\" id=\"h-afim-ou-a-fim-como-utilizar-cada-um\">Afim ou a fim? Como utilizar cada um<\/h2>\n\n\n\n<figure class=\"wp-block-image aligncenter size-large\"><img loading=\"lazy\" decoding=\"async\" width=\"434\" height=\"132\" src=\"https:\/\/dhg1h5j42swfq.cloudfront.net\/2019\/06\/16151959\/afim-a-fim.png\" alt=\"qual utilizar, afim ou a fim?\" class=\"wp-image-504597\" srcset=\"https:\/\/dhg1h5j42swfq.cloudfront.net\/2019\/06\/16151959\/afim-a-fim.png 434w, https:\/\/dhg1h5j42swfq.cloudfront.net\/2019\/06\/16151959\/afim-a-fim-300x91.png 300w\" sizes=\"auto, (max-width: 434px) 100vw, 434px\" \/><figcaption class=\"wp-element-caption\">Qual devo utilizar, afim ou a fim?<\/figcaption><\/figure>\n\n\n\n<p>Vemos agora como cada um dos dois termos deve ser utilizado.<\/p>\n\n\n\n<h3 class=\"wp-block-heading\" id=\"h-uso-de-afim\">Uso de <em>afim<\/em><\/h3>\n\n\n\n<p><strong><em>Afim<\/em><\/strong><em> <\/em>\u00e9 um adjetivo que significa \u201csemelhan\u00e7a\u201d ou \u201cafinidade\u201d, mas tamb\u00e9m pode ser um substantivo masculino que indica &#8220;pertencer ao mesmo grupo&#8221;. Al\u00e9m disso, poder\u00e1 ser flexionado no plural, de acordo com o contexto:<\/p>\n\n\n\n<p><em>Possuem temperamentos <\/em><strong><em>afins<\/em><\/strong><em>, por isso se relacionam t\u00e3o bem.<\/em><\/p>\n\n\n\n<p><em>Foram convidados para o coquetel, os funcion\u00e1rios do banco e <\/em><strong><em>afins<\/em><\/strong><em>.<\/em><\/p>\n\n\n\n<h3 class=\"wp-block-heading\" id=\"h-uso-de-a-fim-de\">Uso de <em>a fim de<\/em><\/h3>\n\n\n\n<p>J\u00e1 a express\u00e3o<em><strong> a fim de<\/strong><\/em> \u00e9 uma locu\u00e7\u00e3o prepositiva que significa \u201ccom o prop\u00f3sito de\u201d ou \u201ccom a finalidade de\u201d. Numa linguagem informal, esta express\u00e3o ser\u00e1 muito utilizada no sentido de &#8220;querer&#8221;, sendo que em alguns casos pode ser substitu\u00edda pela preposi\u00e7\u00e3o &#8220;para&#8221;:<\/p>\n\n\n\n<p><em>Fez tudo aquilo<\/em><strong><em> a fim de<\/em><\/strong><em> nos convencer de sua inoc\u00eancia.<\/em><\/p>\n\n\n\n<p><em>O aluno estudou muito para o concurso <\/em><strong><em>a fim de<\/em><\/strong><em> ter sua aprova\u00e7\u00e3o.<\/em><\/p>\n\n\n\n<p>Ent\u00e3o, voc\u00ea se declarou corretamente? E voc\u00ea conseguiu contar a seu amigo que conquistou sua amada? ?? Deixe nos coment\u00e1rios a forma correta dessas duas frases e n\u00e3o deixe de acessar nossas redes sociais para ter acesso a mais conte\u00fados.?<\/p>\n\n\n\n<p><a rel=\"noreferrer noopener\" aria-label=\"Instagram  (abre numa nova aba)\" href=\"https:\/\/www.instagram.com\/decioterror\/?hl=pt-br\" target=\"_blank\">Instagram <\/a><\/p>\n\n\n\n<p><a href=\"https:\/\/www.youtube.com\/channel\/UCu5mMewoQZGIjsbgM6UanLg\" target=\"_blank\" rel=\"noreferrer noopener\" aria-label=\"Youtube (abre numa nova aba)\">Youtube<\/a><\/p>\n\n\n\n<p><a href=\"https:\/\/twitter.com\/profdecioterror\" target=\"_blank\" rel=\"noreferrer noopener\" aria-label=\"Twitter (abre numa nova aba)\">Twitter<\/a><\/p>\n\n\n\n<p>At\u00e9 a pr\u00f3xima dica, pessoal!\u270c<\/p>\n\n\n\n<p>Grande abra\u00e7o! <\/p>\n\n\n\n<p>D\u00e9cio Terror<\/p>\n\n\n\n<p class=\"has-text-align-center has-medium-font-size\"><em><strong>Assinatura Anual Ilimitada<\/strong><\/em><\/p>\n\n\n\n<p class=\"has-text-align-center\"><em>Prepare-se com o melhor material e com quem mais aprova em Concursos P\u00fablicos em todo o pa\u00eds. Assine agora a nossa Assinatura Anual e tenha acesso ilimitado* a todos os nossos cursos.<\/em><\/p>\n\n\n\n<p class=\"has-text-align-center has-luminous-vivid-amber-background-color has-background\" style=\"font-size:clamp(14.642px, 0.915rem + ((1vw - 3.2px) * 0.721), 22px);px\"><strong>ASSINE AGORA<\/strong>&nbsp;\u2013&nbsp;<a rel=\"noreferrer noopener\" href=\"https:\/\/www.estrategiaconcursos.com.br\/assinaturas\" target=\"_blank\"><strong>Assinatura Ilimitada<\/strong><\/a><\/p>\n\n\n\n<p class=\"has-text-align-center has-medium-font-size\"><em><strong>Fique por dentro de todos os concursos<\/strong><\/em>:<\/p>\n\n\n\n<p class=\"has-text-align-center has-pale-cyan-blue-background-color has-background\" style=\"font-size:clamp(15.747px, 0.984rem + ((1vw - 3.2px) * 0.809), 24px);px\"><a rel=\"noreferrer noopener\" aria-label=\"Concursos abertos (abre numa nova aba)\" href=\"https:\/\/www.estrategiaconcursos.com.br\/blog\/concursos-abertos\/\" target=\"_blank\"><strong>Concursos abertos<\/strong><\/a><\/p>\n\n\n\n<p class=\"has-text-align-center has-pale-cyan-blue-background-color has-background\" style=\"font-size:clamp(15.197px, 0.95rem + ((1vw - 3.2px) * 0.765), 23px);px\"><a rel=\"noreferrer noopener\" aria-label=\"Concursos 2020 (abre numa nova aba)\" href=\"https:\/\/www.estrategiaconcursos.com.br\/blog\/concursos-2020\/\" target=\"_blank\"><strong>Concursos 2020<\/strong><\/a><\/p>\n","protected":false},"excerpt":{"rendered":"<p>Muita gente se confunde quanto ao emprego correto. Afinal, a forma correta \u00e9 afim ou a fim de? E a\u00ed? voc\u00ea j\u00e1 se declarou para algu\u00e9m por escrito? \u2764 Se sim, como voc\u00ea escreveu? Estou afim de voc\u00ea ou Estou a fim de voc\u00ea? E se voc\u00ea quisesse falar para um amigo que fez de [&hellip;]<\/p>\n","protected":false},"author":214,"featured_media":504597,"comment_status":"open","ping_status":"closed","sticky":false,"template":"","format":"standard","meta":{"post_tipo":"article","footnotes":""},"categories":[1],"tags":[],"tax_estado":[],"class_list":["post-387828","post","type-post","status-publish","format-standard","has-post-thumbnail","hentry","category-cursos-e-concursos"],"acf":[],"yoast_head":"<!-- This site is optimized with the Yoast SEO Premium plugin v27.2 (Yoast SEO v27.2) - https:\/\/yoast.com\/product\/yoast-seo-premium-wordpress\/ -->\n<title>Afim ou a fim de - qual o emprego correto?<\/title>\n<meta name=\"description\" content=\"Muita gente se confunde quanto ao emprego correto. Afinal, a forma correta \u00e9 afim ou a fim de? Aprenda definitivamente como utilizar cada um dos dois.\" \/>\n<meta name=\"robots\" content=\"index, follow, max-snippet:-1, max-image-preview:large, max-video-preview:-1\" \/>\n<link rel=\"canonical\" href=\"https:\/\/www.estrategiaconcursos.com.br\/blog\/afim-ou-a-fim-de\/\" \/>\n<meta property=\"og:locale\" content=\"pt_BR\" \/>\n<meta property=\"og:type\" content=\"article\" \/>\n<meta property=\"og:title\" content=\"Afim ou a fim de - qual o emprego correto?\" \/>\n<meta property=\"og:description\" content=\"Muita gente se confunde quanto ao emprego correto. Afinal, a forma correta \u00e9 afim ou a fim de? Aprenda definitivamente como utilizar cada um dos dois.\" \/>\n<meta property=\"og:url\" content=\"https:\/\/www.estrategiaconcursos.com.br\/blog\/afim-ou-a-fim-de\/\" \/>\n<meta property=\"og:site_name\" content=\"Estrat\u00e9gia Concursos\" \/>\n<meta property=\"article:published_time\" content=\"2019-06-17T11:00:56+00:00\" \/>\n<meta property=\"article:modified_time\" content=\"2023-03-03T16:11:02+00:00\" \/>\n<meta property=\"og:image\" content=\"https:\/\/dhg1h5j42swfq.cloudfront.net\/2019\/06\/16151959\/afim-a-fim.png\" \/>\n\t<meta property=\"og:image:width\" content=\"434\" \/>\n\t<meta property=\"og:image:height\" content=\"132\" \/>\n\t<meta property=\"og:image:type\" content=\"image\/png\" \/>\n<meta name=\"author\" content=\"D\u00e9cio Terror Filho\" \/>\n<meta name=\"twitter:card\" content=\"summary_large_image\" \/>\n<meta name=\"twitter:creator\" content=\"@EstratConcursos\" \/>\n<meta name=\"twitter:site\" content=\"@EstratConcursos\" \/>\n<meta name=\"twitter:label1\" content=\"Escrito por\" \/>\n\t<meta name=\"twitter:data1\" content=\"D\u00e9cio Terror Filho\" \/>\n\t<meta name=\"twitter:label2\" content=\"Est. tempo de leitura\" \/>\n\t<meta name=\"twitter:data2\" content=\"2 minutos\" \/>\n<script type=\"application\/ld+json\" class=\"yoast-schema-graph\">{\"@context\":\"https:\/\/schema.org\",\"@graph\":[{\"@type\":\"NewsArticle\",\"@id\":\"https:\/\/www.estrategiaconcursos.com.br\/blog\/afim-ou-a-fim-de\/#article\",\"isPartOf\":{\"@id\":\"https:\/\/www.estrategiaconcursos.com.br\/blog\/afim-ou-a-fim-de\/\"},\"author\":{\"name\":\"D\u00e9cio Terror Filho\",\"@id\":\"https:\/\/www.estrategiaconcursos.com.br\/blog\/#\/schema\/person\/e8165364027a31208914fc77c3314727\"},\"headline\":\"Afim ou a fim de &#8211; qual o emprego correto?\",\"datePublished\":\"2019-06-17T11:00:56+00:00\",\"dateModified\":\"2023-03-03T16:11:02+00:00\",\"mainEntityOfPage\":{\"@id\":\"https:\/\/www.estrategiaconcursos.com.br\/blog\/afim-ou-a-fim-de\/\"},\"wordCount\":381,\"commentCount\":0,\"publisher\":{\"@id\":\"https:\/\/www.estrategiaconcursos.com.br\/blog\/#organization\"},\"image\":{\"@id\":\"https:\/\/www.estrategiaconcursos.com.br\/blog\/afim-ou-a-fim-de\/#primaryimage\"},\"thumbnailUrl\":\"https:\/\/dhg1h5j42swfq.cloudfront.net\/2019\/06\/16151959\/afim-a-fim.png\",\"articleSection\":[\"Concursos P\u00fablicos\"],\"inLanguage\":\"pt-BR\",\"potentialAction\":[{\"@type\":\"CommentAction\",\"name\":\"Comment\",\"target\":[\"https:\/\/www.estrategiaconcursos.com.br\/blog\/afim-ou-a-fim-de\/#respond\"]}],\"copyrightYear\":\"2019\",\"copyrightHolder\":{\"@id\":\"https:\/\/www.estrategiaconcursos.com.br\/blog\/#organization\"}},{\"@type\":\"WebPage\",\"@id\":\"https:\/\/www.estrategiaconcursos.com.br\/blog\/afim-ou-a-fim-de\/\",\"url\":\"https:\/\/www.estrategiaconcursos.com.br\/blog\/afim-ou-a-fim-de\/\",\"name\":\"Afim ou a fim de - qual o emprego correto?\",\"isPartOf\":{\"@id\":\"https:\/\/www.estrategiaconcursos.com.br\/blog\/#website\"},\"primaryImageOfPage\":{\"@id\":\"https:\/\/www.estrategiaconcursos.com.br\/blog\/afim-ou-a-fim-de\/#primaryimage\"},\"image\":{\"@id\":\"https:\/\/www.estrategiaconcursos.com.br\/blog\/afim-ou-a-fim-de\/#primaryimage\"},\"thumbnailUrl\":\"https:\/\/dhg1h5j42swfq.cloudfront.net\/2019\/06\/16151959\/afim-a-fim.png\",\"datePublished\":\"2019-06-17T11:00:56+00:00\",\"dateModified\":\"2023-03-03T16:11:02+00:00\",\"description\":\"Muita gente se confunde quanto ao emprego correto. Afinal, a forma correta \u00e9 afim ou a fim de? Aprenda definitivamente como utilizar cada um dos dois.\",\"breadcrumb\":{\"@id\":\"https:\/\/www.estrategiaconcursos.com.br\/blog\/afim-ou-a-fim-de\/#breadcrumb\"},\"inLanguage\":\"pt-BR\",\"potentialAction\":[{\"@type\":\"ReadAction\",\"target\":[\"https:\/\/www.estrategiaconcursos.com.br\/blog\/afim-ou-a-fim-de\/\"]}]},{\"@type\":\"ImageObject\",\"inLanguage\":\"pt-BR\",\"@id\":\"https:\/\/www.estrategiaconcursos.com.br\/blog\/afim-ou-a-fim-de\/#primaryimage\",\"url\":\"https:\/\/dhg1h5j42swfq.cloudfront.net\/2019\/06\/16151959\/afim-a-fim.png\",\"contentUrl\":\"https:\/\/dhg1h5j42swfq.cloudfront.net\/2019\/06\/16151959\/afim-a-fim.png\",\"width\":434,\"height\":132,\"caption\":\"afim a fim\"},{\"@type\":\"BreadcrumbList\",\"@id\":\"https:\/\/www.estrategiaconcursos.com.br\/blog\/afim-ou-a-fim-de\/#breadcrumb\",\"itemListElement\":[{\"@type\":\"ListItem\",\"position\":1,\"name\":\"In\u00edcio\",\"item\":\"https:\/\/www.estrategiaconcursos.com.br\/blog\/\"},{\"@type\":\"ListItem\",\"position\":2,\"name\":\"Afim ou a fim de &#8211; qual o emprego correto?\"}]},{\"@type\":\"WebSite\",\"@id\":\"https:\/\/www.estrategiaconcursos.com.br\/blog\/#website\",\"url\":\"https:\/\/www.estrategiaconcursos.com.br\/blog\/\",\"name\":\"Estrat\u00e9gia Concursos\",\"description\":\"O blog da Estrat\u00e9gia Concursos traz not\u00edcias sobre concursos e artigos de professores oferecendo cursos para concursos (pdf + videaulas) no site.\",\"publisher\":{\"@id\":\"https:\/\/www.estrategiaconcursos.com.br\/blog\/#organization\"},\"potentialAction\":[{\"@type\":\"SearchAction\",\"target\":{\"@type\":\"EntryPoint\",\"urlTemplate\":\"https:\/\/www.estrategiaconcursos.com.br\/blog\/?s={search_term_string}\"},\"query-input\":{\"@type\":\"PropertyValueSpecification\",\"valueRequired\":true,\"valueName\":\"search_term_string\"}}],\"inLanguage\":\"pt-BR\"},{\"@type\":\"Organization\",\"@id\":\"https:\/\/www.estrategiaconcursos.com.br\/blog\/#organization\",\"name\":\"Estrat\u00e9gia Concursos\",\"url\":\"https:\/\/www.estrategiaconcursos.com.br\/blog\/\",\"logo\":{\"@type\":\"ImageObject\",\"inLanguage\":\"pt-BR\",\"@id\":\"https:\/\/www.estrategiaconcursos.com.br\/blog\/#\/schema\/logo\/image\/\",\"url\":\"https:\/\/dhg1h5j42swfq.cloudfront.net\/2025\/06\/03203428\/logo_concursos-1.jpg\",\"contentUrl\":\"https:\/\/dhg1h5j42swfq.cloudfront.net\/2025\/06\/03203428\/logo_concursos-1.jpg\",\"width\":230,\"height\":60,\"caption\":\"Estrat\u00e9gia Concursos\"},\"image\":{\"@id\":\"https:\/\/www.estrategiaconcursos.com.br\/blog\/#\/schema\/logo\/image\/\"},\"sameAs\":[\"https:\/\/x.com\/EstratConcursos\"]},{\"@type\":\"Person\",\"@id\":\"https:\/\/www.estrategiaconcursos.com.br\/blog\/#\/schema\/person\/e8165364027a31208914fc77c3314727\",\"name\":\"D\u00e9cio Terror Filho\",\"image\":{\"@type\":\"ImageObject\",\"inLanguage\":\"pt-BR\",\"@id\":\"https:\/\/secure.gravatar.com\/avatar\/a5b78e734de7c6482e965926e78344deb81abbc34282a3c9536cbb1a59728a37?s=96&d=mm&r=g\",\"url\":\"https:\/\/secure.gravatar.com\/avatar\/a5b78e734de7c6482e965926e78344deb81abbc34282a3c9536cbb1a59728a37?s=96&d=mm&r=g\",\"contentUrl\":\"https:\/\/secure.gravatar.com\/avatar\/a5b78e734de7c6482e965926e78344deb81abbc34282a3c9536cbb1a59728a37?s=96&d=mm&r=g\",\"caption\":\"D\u00e9cio Terror Filho\"},\"url\":\"https:\/\/www.estrategiaconcursos.com.br\/blog\/author\/contatoterrorportugues-com-br\/\"}]}<\/script>\n<!-- \/ Yoast SEO Premium plugin. -->","yoast_head_json":{"title":"Afim ou a fim de - qual o emprego correto?","description":"Muita gente se confunde quanto ao emprego correto. Afinal, a forma correta \u00e9 afim ou a fim de? Aprenda definitivamente como utilizar cada um dos dois.","robots":{"index":"index","follow":"follow","max-snippet":"max-snippet:-1","max-image-preview":"max-image-preview:large","max-video-preview":"max-video-preview:-1"},"canonical":"https:\/\/www.estrategiaconcursos.com.br\/blog\/afim-ou-a-fim-de\/","og_locale":"pt_BR","og_type":"article","og_title":"Afim ou a fim de - qual o emprego correto?","og_description":"Muita gente se confunde quanto ao emprego correto. Afinal, a forma correta \u00e9 afim ou a fim de? Aprenda definitivamente como utilizar cada um dos dois.","og_url":"https:\/\/www.estrategiaconcursos.com.br\/blog\/afim-ou-a-fim-de\/","og_site_name":"Estrat\u00e9gia Concursos","article_published_time":"2019-06-17T11:00:56+00:00","article_modified_time":"2023-03-03T16:11:02+00:00","og_image":[{"width":434,"height":132,"url":"https:\/\/dhg1h5j42swfq.cloudfront.net\/2019\/06\/16151959\/afim-a-fim.png","type":"image\/png"}],"author":"D\u00e9cio Terror Filho","twitter_card":"summary_large_image","twitter_creator":"@EstratConcursos","twitter_site":"@EstratConcursos","twitter_misc":{"Escrito por":"D\u00e9cio Terror Filho","Est. tempo de leitura":"2 minutos"},"schema":{"@context":"https:\/\/schema.org","@graph":[{"@type":"NewsArticle","@id":"https:\/\/www.estrategiaconcursos.com.br\/blog\/afim-ou-a-fim-de\/#article","isPartOf":{"@id":"https:\/\/www.estrategiaconcursos.com.br\/blog\/afim-ou-a-fim-de\/"},"author":{"name":"D\u00e9cio Terror Filho","@id":"https:\/\/www.estrategiaconcursos.com.br\/blog\/#\/schema\/person\/e8165364027a31208914fc77c3314727"},"headline":"Afim ou a fim de &#8211; qual o emprego correto?","datePublished":"2019-06-17T11:00:56+00:00","dateModified":"2023-03-03T16:11:02+00:00","mainEntityOfPage":{"@id":"https:\/\/www.estrategiaconcursos.com.br\/blog\/afim-ou-a-fim-de\/"},"wordCount":381,"commentCount":0,"publisher":{"@id":"https:\/\/www.estrategiaconcursos.com.br\/blog\/#organization"},"image":{"@id":"https:\/\/www.estrategiaconcursos.com.br\/blog\/afim-ou-a-fim-de\/#primaryimage"},"thumbnailUrl":"https:\/\/dhg1h5j42swfq.cloudfront.net\/2019\/06\/16151959\/afim-a-fim.png","articleSection":["Concursos P\u00fablicos"],"inLanguage":"pt-BR","potentialAction":[{"@type":"CommentAction","name":"Comment","target":["https:\/\/www.estrategiaconcursos.com.br\/blog\/afim-ou-a-fim-de\/#respond"]}],"copyrightYear":"2019","copyrightHolder":{"@id":"https:\/\/www.estrategiaconcursos.com.br\/blog\/#organization"}},{"@type":"WebPage","@id":"https:\/\/www.estrategiaconcursos.com.br\/blog\/afim-ou-a-fim-de\/","url":"https:\/\/www.estrategiaconcursos.com.br\/blog\/afim-ou-a-fim-de\/","name":"Afim ou a fim de - qual o emprego correto?","isPartOf":{"@id":"https:\/\/www.estrategiaconcursos.com.br\/blog\/#website"},"primaryImageOfPage":{"@id":"https:\/\/www.estrategiaconcursos.com.br\/blog\/afim-ou-a-fim-de\/#primaryimage"},"image":{"@id":"https:\/\/www.estrategiaconcursos.com.br\/blog\/afim-ou-a-fim-de\/#primaryimage"},"thumbnailUrl":"https:\/\/dhg1h5j42swfq.cloudfront.net\/2019\/06\/16151959\/afim-a-fim.png","datePublished":"2019-06-17T11:00:56+00:00","dateModified":"2023-03-03T16:11:02+00:00","description":"Muita gente se confunde quanto ao emprego correto. Afinal, a forma correta \u00e9 afim ou a fim de? Aprenda definitivamente como utilizar cada um dos dois.","breadcrumb":{"@id":"https:\/\/www.estrategiaconcursos.com.br\/blog\/afim-ou-a-fim-de\/#breadcrumb"},"inLanguage":"pt-BR","potentialAction":[{"@type":"ReadAction","target":["https:\/\/www.estrategiaconcursos.com.br\/blog\/afim-ou-a-fim-de\/"]}]},{"@type":"ImageObject","inLanguage":"pt-BR","@id":"https:\/\/www.estrategiaconcursos.com.br\/blog\/afim-ou-a-fim-de\/#primaryimage","url":"https:\/\/dhg1h5j42swfq.cloudfront.net\/2019\/06\/16151959\/afim-a-fim.png","contentUrl":"https:\/\/dhg1h5j42swfq.cloudfront.net\/2019\/06\/16151959\/afim-a-fim.png","width":434,"height":132,"caption":"afim a fim"},{"@type":"BreadcrumbList","@id":"https:\/\/www.estrategiaconcursos.com.br\/blog\/afim-ou-a-fim-de\/#breadcrumb","itemListElement":[{"@type":"ListItem","position":1,"name":"In\u00edcio","item":"https:\/\/www.estrategiaconcursos.com.br\/blog\/"},{"@type":"ListItem","position":2,"name":"Afim ou a fim de &#8211; qual o emprego correto?"}]},{"@type":"WebSite","@id":"https:\/\/www.estrategiaconcursos.com.br\/blog\/#website","url":"https:\/\/www.estrategiaconcursos.com.br\/blog\/","name":"Estrat\u00e9gia Concursos","description":"O blog da Estrat\u00e9gia Concursos traz not\u00edcias sobre concursos e artigos de professores oferecendo cursos para concursos (pdf + videaulas) no site.","publisher":{"@id":"https:\/\/www.estrategiaconcursos.com.br\/blog\/#organization"},"potentialAction":[{"@type":"SearchAction","target":{"@type":"EntryPoint","urlTemplate":"https:\/\/www.estrategiaconcursos.com.br\/blog\/?s={search_term_string}"},"query-input":{"@type":"PropertyValueSpecification","valueRequired":true,"valueName":"search_term_string"}}],"inLanguage":"pt-BR"},{"@type":"Organization","@id":"https:\/\/www.estrategiaconcursos.com.br\/blog\/#organization","name":"Estrat\u00e9gia Concursos","url":"https:\/\/www.estrategiaconcursos.com.br\/blog\/","logo":{"@type":"ImageObject","inLanguage":"pt-BR","@id":"https:\/\/www.estrategiaconcursos.com.br\/blog\/#\/schema\/logo\/image\/","url":"https:\/\/dhg1h5j42swfq.cloudfront.net\/2025\/06\/03203428\/logo_concursos-1.jpg","contentUrl":"https:\/\/dhg1h5j42swfq.cloudfront.net\/2025\/06\/03203428\/logo_concursos-1.jpg","width":230,"height":60,"caption":"Estrat\u00e9gia Concursos"},"image":{"@id":"https:\/\/www.estrategiaconcursos.com.br\/blog\/#\/schema\/logo\/image\/"},"sameAs":["https:\/\/x.com\/EstratConcursos"]},{"@type":"Person","@id":"https:\/\/www.estrategiaconcursos.com.br\/blog\/#\/schema\/person\/e8165364027a31208914fc77c3314727","name":"D\u00e9cio Terror Filho","image":{"@type":"ImageObject","inLanguage":"pt-BR","@id":"https:\/\/secure.gravatar.com\/avatar\/a5b78e734de7c6482e965926e78344deb81abbc34282a3c9536cbb1a59728a37?s=96&d=mm&r=g","url":"https:\/\/secure.gravatar.com\/avatar\/a5b78e734de7c6482e965926e78344deb81abbc34282a3c9536cbb1a59728a37?s=96&d=mm&r=g","contentUrl":"https:\/\/secure.gravatar.com\/avatar\/a5b78e734de7c6482e965926e78344deb81abbc34282a3c9536cbb1a59728a37?s=96&d=mm&r=g","caption":"D\u00e9cio Terror Filho"},"url":"https:\/\/www.estrategiaconcursos.com.br\/blog\/author\/contatoterrorportugues-com-br\/"}]}},"_links":{"self":[{"href":"https:\/\/www.estrategiaconcursos.com.br\/blog\/wp-json\/wp\/v2\/posts\/387828","targetHints":{"allow":["GET"]}}],"collection":[{"href":"https:\/\/www.estrategiaconcursos.com.br\/blog\/wp-json\/wp\/v2\/posts"}],"about":[{"href":"https:\/\/www.estrategiaconcursos.com.br\/blog\/wp-json\/wp\/v2\/types\/post"}],"author":[{"embeddable":true,"href":"https:\/\/www.estrategiaconcursos.com.br\/blog\/wp-json\/wp\/v2\/users\/214"}],"replies":[{"embeddable":true,"href":"https:\/\/www.estrategiaconcursos.com.br\/blog\/wp-json\/wp\/v2\/comments?post=387828"}],"version-history":[{"count":8,"href":"https:\/\/www.estrategiaconcursos.com.br\/blog\/wp-json\/wp\/v2\/posts\/387828\/revisions"}],"predecessor-version":[{"id":1181047,"href":"https:\/\/www.estrategiaconcursos.com.br\/blog\/wp-json\/wp\/v2\/posts\/387828\/revisions\/1181047"}],"wp:featuredmedia":[{"embeddable":true,"href":"https:\/\/www.estrategiaconcursos.com.br\/blog\/wp-json\/wp\/v2\/media\/504597"}],"wp:attachment":[{"href":"https:\/\/www.estrategiaconcursos.com.br\/blog\/wp-json\/wp\/v2\/media?parent=387828"}],"wp:term":[{"taxonomy":"category","embeddable":true,"href":"https:\/\/www.estrategiaconcursos.com.br\/blog\/wp-json\/wp\/v2\/categories?post=387828"},{"taxonomy":"post_tag","embeddable":true,"href":"https:\/\/www.estrategiaconcursos.com.br\/blog\/wp-json\/wp\/v2\/tags?post=387828"},{"taxonomy":"tax_estado","embeddable":true,"href":"https:\/\/www.estrategiaconcursos.com.br\/blog\/wp-json\/wp\/v2\/tax_estado?post=387828"}],"curies":[{"name":"wp","href":"https:\/\/api.w.org\/{rel}","templated":true}]}}